{"id":1787,"date":"2022-07-30T07:00:00","date_gmt":"2022-07-30T07:00:00","guid":{"rendered":"https:\/\/perspetivaatual.pt\/?p=1787"},"modified":"2022-07-26T08:47:34","modified_gmt":"2022-07-26T08:47:34","slug":"fful","status":"publish","type":"post","link":"http:\/\/perspetivaatual.pt\/index.php\/2022\/07\/30\/fful\/","title":{"rendered":"O ensino, a investiga\u00e7\u00e3o e os planos futuros da FFUL"},"content":{"rendered":"\n<p><strong>Com v\u00e1rias novidades na oferta formativa e um grande investimento na atividade de investiga\u00e7\u00e3o e no contributo \u00e0 sociedade, a Diretora da Faculdade de Farm\u00e1cia da Universidade de Lisboa, Beatriz Lima, mostra-se preparada para o pr\u00f3ximo ano letivo.<\/strong><\/p>\n\n\n\n<h2 class=\"has-normal-font-size wp-block-heading\"><strong>Perspetiva Atual: Tal como qualquer vertente da \u00e1rea da sa\u00fade, o meio farmac\u00eautico n\u00e3o para de evoluir e, por esse motivo, as institui\u00e7\u00f5es de ensino da \u00e1rea devem atualizar constantemente a sua oferta formativa e os conte\u00fados lecionados. J\u00e1 pensando no pr\u00f3ximo ano letivo, que cursos v\u00e3o estar inseridos na oferta da FFUL? Alguma novidade?<\/strong><\/h2>\n\n\n\n<p><strong>Beatriz Lima:<\/strong> Est\u00e3o a ser preparados v\u00e1rios cursos de p\u00f3s-gradua\u00e7\u00e3o, de atualiza\u00e7\u00e3o, um novo mestrado de 2\u00ba ciclo e 5 novos cursos de p\u00f3s-gradua\u00e7\u00e3o financiados pelo Programa de Recupera\u00e7\u00e3o e Resili\u00eancia (PRR) .<\/p>\n\n\n\n<p>Na \u00e1rea das an\u00e1lises cl\u00ednicas, liderados pela Professora Leonor Correia em colabora\u00e7\u00e3o com o Col\u00e9gio de an\u00e1lises cl\u00ednicas da Ordem dos Farmac\u00eauticos, v\u00e1rios cursos est\u00e3o a decorrer e continuar\u00e3o em 2023. Para os Farmac\u00eauticos, para al\u00e9m da necess\u00e1ria e permanente atualiza\u00e7\u00e3o profissional, a frequ\u00eancia destes cursos contribui para a manuten\u00e7\u00e3o da sua acredita\u00e7\u00e3o profissional pela Ordem dos Farmac\u00eauticos.<\/p>\n\n\n\n<p>A cosmetologia \u00e9 uma \u00e1rea de interesse farmac\u00eautico, muito ligada \u00e0 tecnologia de prepara\u00e7\u00e3o de produtos, que constitui uma \u00e1rea profissional e investigacional de interesse para profissionais farmac\u00eauticos e estudantes do Mestrado Integrado em Ci\u00eancias Farmac\u00eauticas. Foi recentemente aprovado pela A3Es (Ag\u00eancia de Acredita\u00e7\u00e3o do Ensino Superior) o Mestrado em Cosmetologia Avan\u00e7ada q ir\u00e1 iniciar-se em 2023.<\/p>\n\n\n\n<p>Os Cursos de p\u00f3s-gradua\u00e7\u00e3o concebidos no \u00e2mbito do PRR pretendem para aumentar o n\u00famero de estudantes de p\u00f3s-gradua\u00e7\u00e3o na Universidade de Lisboa e Faculdade de Farm\u00e1cia, vindos da \u00e1rea farmac\u00eautica ou outra, interessados em forma\u00e7\u00f5es multidisciplinares englobando v\u00e1rias Escolas.<\/p>\n\n\n\n<p>Em 2023 ser\u00e3o oferecidos os seguintes cursos para os quais as inscri\u00e7\u00f5es se encontram, abertas: \u201cQuality Living\u201d, Risco Ambiental e Sa\u00fade na Transi\u00e7\u00e3o Ecol\u00f3gica e Digital, Atualiza\u00e7\u00e3o de Professores em \u00c1reas STEAM com Foco na Sa\u00fade e A Era P\u00f3s-Pand\u00e9mica Covid-19 e a Prepara\u00e7\u00e3o para Novas Pandemias. &nbsp;<\/p>\n\n\n\n<p>Na oferta de 2\u00ba ciclo j\u00e1 estabelecida, a <a href=\"https:\/\/www.ff.ulisboa.pt\/\" target=\"_blank\" rel=\"noreferrer noopener\">FFUL<\/a> oferece anualmente cinco cursos de Mestrado a saber: An\u00e1lises Cl\u00ednicas; Ci\u00eancias Biofarmac\u00eauticas; Engenharia Farmac\u00eautica; Qualidade Alimentar e Sa\u00fade; Qu\u00edmica Medicinal e Biofarmac\u00eautica; e Regula\u00e7\u00e3o e Avalia\u00e7\u00e3o do Medicamento e Produtos de Sa\u00fade.<\/p>\n\n\n\n<p>Em cada ano a FFUL acolhe, nestes cursos de Mestrado, cerca de 200 novos alunos, que procuram expandir as suas compet\u00eancias de base e adquirir especializa\u00e7\u00e3o (ou melhorar o conhecimento j\u00e1 existente) em \u00e1reas que s\u00e3o relevantes para o posterior exerc\u00edcio da sua atividade profissional.<\/p>\n\n\n\n<p><strong>PA: Para al\u00e9m do ensino, a atividade da FFUL \u00e9 complementada com a vertente de investiga\u00e7\u00e3o. Como corre a investiga\u00e7\u00e3o na FFUL e de que modo s\u00e3o os estudantes integrados nestes processos? T\u00eam algum projeto em vigor ou recente que possamos destacar?<\/strong><\/p>\n\n\n\n<p><strong>BL:<\/strong> Desde a sua chegada \u00e0 FFUL os estudantes do Mestrado Integrado em Ci\u00eancias Farmac\u00eauticas iniciam o contacto com atividades de investiga\u00e7\u00e3o ligadas \u00e0s disciplinas que v\u00e3o frequentando. Os mais interessados acabam a ligar-se a algum dos seus Professores contribuindo para os projetos de investiga\u00e7\u00e3o em curso no instituto de Investiga\u00e7\u00e3o residente na Faculdade, o iMED.ULisboa (Instituto de Investiga\u00e7\u00e3o do Medicamento), que inclui&nbsp; professores\/investigadores da FFUL e os doutorandos nas diferentes \u00e1reas cient\u00edficas, que est\u00e3o na base do conhecimento de doen\u00e7as v\u00e1rias e do ciclo de vida dos medicamentos e produtos de sa\u00fade, desde a sua conce\u00e7\u00e3o ao desenvolvimento, chegada ao mercado e perman\u00eancia no mesmo. &nbsp;<\/p>\n\n\n\n<p>\u00c1reas como o cancro, a SIDA a Covid-19, doen\u00e7as neurodegenerativas, metab\u00f3licas, infeciosas, infecto-degenerativas, s\u00e3o abordadas nos mais de 25 laborat\u00f3rios que integram o Instituto. Cerca de 100 projetos nacionais e internacionais est\u00e3o em curso, contando com financiamentos pela Funda\u00e7\u00e3o para a Ci\u00eancia e Tecnologia (FCT), IMI (Innovative Medicines Iniciative), Funda\u00e7\u00e3o la Caixa, NATO, entre outros.<\/p>\n\n\n\n<p>De destacar o importante envolvimento, protagonismo e contributo dos investigadores do iMED durante a pandemia por Covid-19, quer atrav\u00e9s de investiga\u00e7\u00e3o ligada \u00e0 resposta imunit\u00e1ria \u00e0s vacinas em diferentes condi\u00e7\u00f5es, \u00e0 procura de alternativas mais eficazes de imuniza\u00e7\u00e3o contra o SARS-COV-2, e, importantemente, nas campanhas de testagem durante o per\u00edodo de maior press\u00e3o.<\/p>\n\n\n\n<figure class=\"wp-block-image size-full\"><img loading=\"lazy\" decoding=\"async\" width=\"844\" height=\"563\" src=\"https:\/\/perspetivaatual.pt\/wp-content\/uploads\/2022\/07\/Fachada-FFUL2.png\" alt=\"\" class=\"wp-image-1791\" srcset=\"http:\/\/perspetivaatual.pt\/wp-content\/uploads\/2022\/07\/Fachada-FFUL2.png 844w, http:\/\/perspetivaatual.pt\/wp-content\/uploads\/2022\/07\/Fachada-FFUL2-300x200.png 300w, http:\/\/perspetivaatual.pt\/wp-content\/uploads\/2022\/07\/Fachada-FFUL2-768x512.png 768w, http:\/\/perspetivaatual.pt\/wp-content\/uploads\/2022\/07\/Fachada-FFUL2-675x450.png 675w, http:\/\/perspetivaatual.pt\/wp-content\/uploads\/2022\/07\/Fachada-FFUL2-600x400.png 600w\" sizes=\"auto, (max-width: 844px) 100vw, 844px\" \/><\/figure>\n\n\n\n<p><strong>PA: No ano passado, quando falou para a Perspetiva Atual, referiu que estava em curso uma amplia\u00e7\u00e3o das instala\u00e7\u00f5es da FFUL que iria permitir uma \u201cexpans\u00e3o das atividades de investiga\u00e7\u00e3o, forma\u00e7\u00e3o p\u00f3s-graduada e presta\u00e7\u00e3o de servi\u00e7os \u00e0 sociedade\u201d. Qual o ponto de situa\u00e7\u00e3o atual desta expans\u00e3o?<\/strong><\/p>\n\n\n\n<p><strong>BL:<\/strong> Infelizmente o novo edif\u00edcio n\u00e3o foi ainda conclu\u00eddo devido a processos administrativos que se encontram em resolu\u00e7\u00e3o.&nbsp; Espero em 2023 ver terminado o edif\u00edcio para que possamos expandir e melhorar as nossas atividades de&nbsp; ensino e ao mesmo tempo amplificar a investiga\u00e7\u00e3o no Centro do Medicamento e Sa\u00fade (CEMS).<\/p>\n\n\n\n<p><strong>PA: Falamos de presta\u00e7\u00e3o de servi\u00e7os \u00e0 sociedade. Qual \u00e9 a liga\u00e7\u00e3o que a FFUL tem com a comunidade?<\/strong><\/p>\n\n\n\n<p><strong>BL:<\/strong> A Faculdade presta apoios de ensino e investiga\u00e7\u00e3o, n\u00e3o s\u00f3 no \u00e2mbito dos cursos que leciona, mas tamb\u00e9m de outras a\u00e7\u00f5es formativas, de intera\u00e7\u00e3o ou mesmo de assist\u00eancia a diferentes grupos da sociedade: doentes, seniores, alunos e professores do ensino secund\u00e1rio. Os professores t\u00eam a possibilidade de serem acolhidos na Faculdade para discutirem aspetos espec\u00edficos do seu interesse. A Faculdade integra a EUPATI-Portugal (Academia Europeia de Doentes), que tem como objetivo formar doentes nos diferentes aspetos do medicamento e investiga\u00e7\u00e3o cl\u00ednica.&nbsp; Docentes da faculdade lecionam cursos dedicados a seniores, em parceria com a Universidade S\u00e9nior, na \u00e1rea do medicamento e da sa\u00fade. Adicionalmente, \u00e9 de destacar a atividade de presta\u00e7\u00e3o de servi\u00e7os de an\u00e1lises cl\u00ednicas especializadas, como o diagn\u00f3stico de erros gen\u00e9ticos do metabolismo, ou diagn\u00f3stico de infe\u00e7\u00f5es microbiol\u00f3gicas ou virais (SIDA, etc.). O contributo especializado para os Tribunais requisitando pareceres cient\u00edficos em processos judiciais, ou as atividades de avalia\u00e7\u00e3o de medicamentos no INFARMED, EMA, entre outros, s\u00e3o tamb\u00e9m de destacar.<\/p>\n\n\n\n<p><strong>PA: A FFUL aposta na coopera\u00e7\u00e3o com v\u00e1rias entidades estrangeiras. Quais s\u00e3o as vantagens para a Faculdade e para a comunidade estudantil que estas colabora\u00e7\u00f5es podem trazer?<\/strong><\/p>\n\n\n\n<p><strong>BL:<\/strong> A colabora\u00e7\u00e3o com entidades estrangeiras permite a expans\u00e3o da ci\u00eancia produzida na FFUL, mas tamb\u00e9m alarga as \u00e1reas em que a Faculdade, atrav\u00e9s de cons\u00f3rcios, conv\u00e9nios, acordos protocolados com Institui\u00e7\u00f5es de Ensino ou Hospitalares ou de Ind\u00fastria, se pode posicionar. Os estudantes ganham a possibilidade de aceder \u00e0s Institui\u00e7\u00f5es parceiras de forma a alargar os seus horizontes e igualmente poderem receber forma\u00e7\u00e3o fora da Faculdade e do Pa\u00eds. \u00c9 comum a ocorr\u00eancia de est\u00e1gios de curta ou longa dura\u00e7\u00e3o dos estudantes da FFUL em outras universidades ou em ag\u00eancias regulamentares do medicamento ou na Ind\u00fastria farmac\u00eautica. A Intera\u00e7\u00e3o dos \u201cstakeholders\u201d com a Academia est\u00e1 em franca expans\u00e3o e a FFUL est\u00e1 claramente envolvida no processo<strong>.<\/strong><\/p>\n\n\n\n<p>Igualmente os docentes beneficiam da internacionaliza\u00e7\u00e3o da FFUL, a qual conta com uma longa hist\u00f3ria de intera\u00e7\u00f5es, algumas das quais convertidas em parcerias duradouras. Em consequ\u00eancia de algumas intera\u00e7\u00f5es, cito os dois Doutoramentos Honoris Causa ocorridos dia 7 de julho deste ano aos Professores Gordon Amidon e Gregory Gregoriadis, ambos ilustres elementos da Comunidade cient\u00edfica americana e europeia, que contribu\u00edram para a forma\u00e7\u00e3o e desenvolvimento na FFUL de \u00e1reas como a farmacocin\u00e9tica e a tecnologia de produ\u00e7\u00e3o de nanopart\u00edculas e formula\u00e7\u00f5es baseadas em lipossomas, mantendo-se a colabora\u00e7\u00e3o estreita aos dias de hoje.<\/p>\n\n\n\n<figure class=\"wp-block-image size-full is-resized\"><img loading=\"lazy\" decoding=\"async\" src=\"https:\/\/perspetivaatual.pt\/wp-content\/uploads\/2022\/07\/Biblioteca-FFUL2.png\" alt=\"\" class=\"wp-image-1792\" width=\"842\" height=\"559\" srcset=\"http:\/\/perspetivaatual.pt\/wp-content\/uploads\/2022\/07\/Biblioteca-FFUL2.png 548w, http:\/\/perspetivaatual.pt\/wp-content\/uploads\/2022\/07\/Biblioteca-FFUL2-300x199.png 300w\" sizes=\"auto, (max-width: 842px) 100vw, 842px\" \/><\/figure>\n\n\n\n<p><strong>PA: Relativamente \u00e0 taxa de empregabilidade dos estudantes que concluem o seu percurso acad\u00e9mico na FFUL podemos dizer que a balan\u00e7a \u00e9 positiva?<\/strong><\/p>\n\n\n\n<p><strong>BL:<\/strong> A taxa de empregabilidade do Mestrado Integrado em Ci\u00eancias farmac\u00eauticas est\u00e1 acima dos 90%, de acordo com o relat\u00f3rio anual da Universidade de Lisboa e dados da DGES, sendo que 89% dos nossos diplomados trabalham na sua \u00e1rea de forma\u00e7\u00e3o, englobando a farm\u00e1cia comunit\u00e1ria, hospitalar, hospitais, ag\u00eancias regulamentares do medicamento ou outras, Ind\u00fastria farmac\u00eautica ou outra, e investiga\u00e7\u00e3o.<\/p>\n\n\n\n<p><strong>PA: Este ano letivo est\u00e1 praticamente encerrado. Acredito que j\u00e1 estejam com o pr\u00f3ximo em mente. Quais s\u00e3o os planos para o ano de 2022\/2023?<\/strong><\/p>\n\n\n\n<p><strong>BL:<\/strong> Al\u00e9m dos novos cursos e projetos de forma\u00e7\u00e3o da FFUL que j\u00e1 referi, em 2022\/2023 a faculdade ir\u00e1 possivelmente continuar a expandir a atividade de investiga\u00e7\u00e3o da FFUL, assim como o seu contributo \u00e0 Sociedade. Um aspeto a salientar \u00e9 a necessidade e import\u00e2ncia de implementar medidas de sustentabilidade, refor\u00e7adas neste ano letivo, procurando a sensibiliza\u00e7\u00e3o de toda a comunidade para as medidas de reconvers\u00e3o de consumos energ\u00e9ticos, h\u00eddricos, etc. Haver\u00e1 uma necess\u00e1ria altera\u00e7\u00e3o do nosso ecossistema tanto a n\u00edvel ambiental como laboral, com a modifica\u00e7\u00e3o de procedimentos que ir\u00e3o impactar tamb\u00e9m na forma de ensinar, aprender e investigar.\u00a0 \u00c9 um esfor\u00e7o que valer\u00e1 a pena para a preserva\u00e7\u00e3o e defesa das gera\u00e7\u00f5es de amanh\u00e3. \u00a0\u00a0<\/p>\n","protected":false},"excerpt":{"rendered":"<p>Com v\u00e1rias novidades na oferta formativa e um grande investimento na atividade de investiga\u00e7\u00e3o e<\/p>\n","protected":false},"author":5,"featured_media":1789,"comment_status":"open","ping_status":"open","sticky":false,"template":"","format":"standard","meta":{"footnotes":""},"categories":[3],"tags":[55,124,123],"class_list":["post-1787","post","type-post","status-publish","format-standard","has-post-thumbnail","hentry","category-educacao","tag-ensino","tag-farmacia","tag-fful"],"yoast_head":"<!-- This site is optimized with the Yoast SEO plugin v24.2 - https:\/\/yoast.com\/wordpress\/plugins\/seo\/ -->\n<title>O ensino, a investiga\u00e7\u00e3o e os planos futuros da FFUL - Perspetiva Atual<\/title>\n<meta name=\"description\" content=\"Com v\u00e1rias novidades na oferta formativa e um grande investimento na atividade de investiga\u00e7\u00e3o e no contributo \u00e0 sociedade, a Diretora...\" \/>\n<meta name=\"robots\" content=\"index, follow, max-snippet:-1, max-image-preview:large, max-video-preview:-1\" \/>\n<link rel=\"canonical\" href=\"http:\/\/perspetivaatual.pt\/index.php\/2022\/07\/30\/fful\/\" \/>\n<meta property=\"og:locale\" content=\"pt_PT\" \/>\n<meta property=\"og:type\" content=\"article\" \/>\n<meta property=\"og:title\" content=\"O ensino, a investiga\u00e7\u00e3o e os planos futuros da FFUL - Perspetiva Atual\" \/>\n<meta property=\"og:description\" content=\"Com v\u00e1rias novidades na oferta formativa e um grande investimento na atividade de investiga\u00e7\u00e3o e no contributo \u00e0 sociedade, a Diretora...\" \/>\n<meta property=\"og:url\" content=\"http:\/\/perspetivaatual.pt\/index.php\/2022\/07\/30\/fful\/\" \/>\n<meta property=\"og:site_name\" content=\"Perspetiva Atual\" \/>\n<meta property=\"article:published_time\" content=\"2022-07-30T07:00:00+00:00\" \/>\n<meta property=\"article:modified_time\" content=\"2022-07-26T08:47:34+00:00\" \/>\n<meta property=\"og:image\" content=\"http:\/\/perspetivaatual.pt\/wp-content\/uploads\/2022\/07\/Beatriz-Lima.png\" \/>\n\t<meta property=\"og:image:width\" content=\"1109\" \/>\n\t<meta property=\"og:image:height\" content=\"802\" \/>\n\t<meta property=\"og:image:type\" content=\"image\/png\" \/>\n<meta name=\"author\" content=\"Jo\u00e3o Malainho Perspetiva Atual\" \/>\n<meta name=\"twitter:card\" content=\"summary_large_image\" \/>\n<meta name=\"twitter:label1\" content=\"Escrito por\" \/>\n\t<meta name=\"twitter:data1\" content=\"\" \/>\n\t<meta name=\"twitter:label2\" content=\"Tempo estimado de leitura\" \/>\n\t<meta name=\"twitter:data2\" content=\"7 minutos\" \/>\n<script type=\"application\/ld+json\" class=\"yoast-schema-graph\">{\"@context\":\"https:\/\/schema.org\",\"@graph\":[{\"@type\":\"Article\",\"@id\":\"http:\/\/perspetivaatual.pt\/index.php\/2022\/07\/30\/fful\/#article\",\"isPartOf\":{\"@id\":\"http:\/\/perspetivaatual.pt\/index.php\/2022\/07\/30\/fful\/\"},\"author\":{\"name\":\"Jo\u00e3o Malainho Perspetiva Atual\",\"@id\":\"https:\/\/perspetivaatual.pt\/#\/schema\/person\/4c9d5a8b179d047c3220dfa32fd6b658\"},\"headline\":\"O ensino, a investiga\u00e7\u00e3o e os planos futuros da FFUL\",\"datePublished\":\"2022-07-30T07:00:00+00:00\",\"dateModified\":\"2022-07-26T08:47:34+00:00\",\"mainEntityOfPage\":{\"@id\":\"http:\/\/perspetivaatual.pt\/index.php\/2022\/07\/30\/fful\/\"},\"wordCount\":1620,\"commentCount\":0,\"publisher\":{\"@id\":\"https:\/\/perspetivaatual.pt\/#organization\"},\"image\":{\"@id\":\"http:\/\/perspetivaatual.pt\/index.php\/2022\/07\/30\/fful\/#primaryimage\"},\"thumbnailUrl\":\"http:\/\/perspetivaatual.pt\/wp-content\/uploads\/2022\/07\/Beatriz-Lima.png\",\"keywords\":[\"ensino\",\"Farm\u00e1cia\",\"FFUL\"],\"articleSection\":[\"Educa\u00e7\u00e3o\"],\"inLanguage\":\"pt-PT\",\"potentialAction\":[{\"@type\":\"CommentAction\",\"name\":\"Comment\",\"target\":[\"http:\/\/perspetivaatual.pt\/index.php\/2022\/07\/30\/fful\/#respond\"]}]},{\"@type\":\"WebPage\",\"@id\":\"http:\/\/perspetivaatual.pt\/index.php\/2022\/07\/30\/fful\/\",\"url\":\"http:\/\/perspetivaatual.pt\/index.php\/2022\/07\/30\/fful\/\",\"name\":\"O ensino, a investiga\u00e7\u00e3o e os planos futuros da FFUL - Perspetiva Atual\",\"isPartOf\":{\"@id\":\"https:\/\/perspetivaatual.pt\/#website\"},\"primaryImageOfPage\":{\"@id\":\"http:\/\/perspetivaatual.pt\/index.php\/2022\/07\/30\/fful\/#primaryimage\"},\"image\":{\"@id\":\"http:\/\/perspetivaatual.pt\/index.php\/2022\/07\/30\/fful\/#primaryimage\"},\"thumbnailUrl\":\"http:\/\/perspetivaatual.pt\/wp-content\/uploads\/2022\/07\/Beatriz-Lima.png\",\"datePublished\":\"2022-07-30T07:00:00+00:00\",\"dateModified\":\"2022-07-26T08:47:34+00:00\",\"description\":\"Com v\u00e1rias novidades na oferta formativa e um grande investimento na atividade de investiga\u00e7\u00e3o e no contributo \u00e0 sociedade, a Diretora...\",\"breadcrumb\":{\"@id\":\"http:\/\/perspetivaatual.pt\/index.php\/2022\/07\/30\/fful\/#breadcrumb\"},\"inLanguage\":\"pt-PT\",\"potentialAction\":[{\"@type\":\"ReadAction\",\"target\":[\"http:\/\/perspetivaatual.pt\/index.php\/2022\/07\/30\/fful\/\"]}]},{\"@type\":\"ImageObject\",\"inLanguage\":\"pt-PT\",\"@id\":\"http:\/\/perspetivaatual.pt\/index.php\/2022\/07\/30\/fful\/#primaryimage\",\"url\":\"http:\/\/perspetivaatual.pt\/wp-content\/uploads\/2022\/07\/Beatriz-Lima.png\",\"contentUrl\":\"http:\/\/perspetivaatual.pt\/wp-content\/uploads\/2022\/07\/Beatriz-Lima.png\",\"width\":1109,\"height\":802,\"caption\":\"Beatriz Lima, Diretora da FFUL\"},{\"@type\":\"BreadcrumbList\",\"@id\":\"http:\/\/perspetivaatual.pt\/index.php\/2022\/07\/30\/fful\/#breadcrumb\",\"itemListElement\":[{\"@type\":\"ListItem\",\"position\":1,\"name\":\"Home\",\"item\":\"https:\/\/perspetivaatual.pt\/\"},{\"@type\":\"ListItem\",\"position\":2,\"name\":\"O ensino, a investiga\u00e7\u00e3o e os planos futuros da FFUL\"}]},{\"@type\":\"WebSite\",\"@id\":\"https:\/\/perspetivaatual.pt\/#website\",\"url\":\"https:\/\/perspetivaatual.pt\/\",\"name\":\"Perspetiva Atual\",\"description\":\"Olhar Portugal, de diferentes formas\",\"publisher\":{\"@id\":\"https:\/\/perspetivaatual.pt\/#organization\"},\"potentialAction\":[{\"@type\":\"SearchAction\",\"target\":{\"@type\":\"EntryPoint\",\"urlTemplate\":\"https:\/\/perspetivaatual.pt\/?s={search_term_string}\"},\"query-input\":{\"@type\":\"PropertyValueSpecification\",\"valueRequired\":true,\"valueName\":\"search_term_string\"}}],\"inLanguage\":\"pt-PT\"},{\"@type\":\"Organization\",\"@id\":\"https:\/\/perspetivaatual.pt\/#organization\",\"name\":\"Perspetiva Atual\",\"url\":\"https:\/\/perspetivaatual.pt\/\",\"logo\":{\"@type\":\"ImageObject\",\"inLanguage\":\"pt-PT\",\"@id\":\"https:\/\/perspetivaatual.pt\/#\/schema\/logo\/image\/\",\"url\":\"http:\/\/perspetivaatual.pt\/wp-content\/uploads\/2020\/08\/cropped-perspetiva_atual-.png\",\"contentUrl\":\"http:\/\/perspetivaatual.pt\/wp-content\/uploads\/2020\/08\/cropped-perspetiva_atual-.png\",\"width\":618,\"height\":202,\"caption\":\"Perspetiva Atual\"},\"image\":{\"@id\":\"https:\/\/perspetivaatual.pt\/#\/schema\/logo\/image\/\"}},{\"@type\":\"Person\",\"@id\":\"https:\/\/perspetivaatual.pt\/#\/schema\/person\/4c9d5a8b179d047c3220dfa32fd6b658\",\"name\":\"Jo\u00e3o Malainho Perspetiva Atual\",\"image\":{\"@type\":\"ImageObject\",\"inLanguage\":\"pt-PT\",\"@id\":\"https:\/\/perspetivaatual.pt\/#\/schema\/person\/image\/\",\"url\":\"https:\/\/secure.gravatar.com\/avatar\/fd918e8a58374b02896337d62716969a?s=96&d=mm&r=g\",\"contentUrl\":\"https:\/\/secure.gravatar.com\/avatar\/fd918e8a58374b02896337d62716969a?s=96&d=mm&r=g\",\"caption\":\"Jo\u00e3o Malainho Perspetiva Atual\"},\"sameAs\":[\"http:\/\/perspetivaatual.pt\"],\"url\":\"http:\/\/perspetivaatual.pt\/index.php\/author\/joaomalainhoii\/\"}]}<\/script>\n<!-- \/ Yoast SEO plugin. -->","yoast_head_json":{"title":"O ensino, a investiga\u00e7\u00e3o e os planos futuros da FFUL - Perspetiva Atual","description":"Com v\u00e1rias novidades na oferta formativa e um grande investimento na atividade de investiga\u00e7\u00e3o e no contributo \u00e0 sociedade, a Diretora...","robots":{"index":"index","follow":"follow","max-snippet":"max-snippet:-1","max-image-preview":"max-image-preview:large","max-video-preview":"max-video-preview:-1"},"canonical":"http:\/\/perspetivaatual.pt\/index.php\/2022\/07\/30\/fful\/","og_locale":"pt_PT","og_type":"article","og_title":"O ensino, a investiga\u00e7\u00e3o e os planos futuros da FFUL - Perspetiva Atual","og_description":"Com v\u00e1rias novidades na oferta formativa e um grande investimento na atividade de investiga\u00e7\u00e3o e no contributo \u00e0 sociedade, a Diretora...","og_url":"http:\/\/perspetivaatual.pt\/index.php\/2022\/07\/30\/fful\/","og_site_name":"Perspetiva Atual","article_published_time":"2022-07-30T07:00:00+00:00","article_modified_time":"2022-07-26T08:47:34+00:00","og_image":[{"width":1109,"height":802,"url":"http:\/\/perspetivaatual.pt\/wp-content\/uploads\/2022\/07\/Beatriz-Lima.png","type":"image\/png"}],"author":"Jo\u00e3o Malainho Perspetiva Atual","twitter_card":"summary_large_image","twitter_misc":{"Escrito por":false,"Tempo estimado de leitura":"7 minutos"},"schema":{"@context":"https:\/\/schema.org","@graph":[{"@type":"Article","@id":"http:\/\/perspetivaatual.pt\/index.php\/2022\/07\/30\/fful\/#article","isPartOf":{"@id":"http:\/\/perspetivaatual.pt\/index.php\/2022\/07\/30\/fful\/"},"author":{"name":"Jo\u00e3o Malainho Perspetiva Atual","@id":"https:\/\/perspetivaatual.pt\/#\/schema\/person\/4c9d5a8b179d047c3220dfa32fd6b658"},"headline":"O ensino, a investiga\u00e7\u00e3o e os planos futuros da FFUL","datePublished":"2022-07-30T07:00:00+00:00","dateModified":"2022-07-26T08:47:34+00:00","mainEntityOfPage":{"@id":"http:\/\/perspetivaatual.pt\/index.php\/2022\/07\/30\/fful\/"},"wordCount":1620,"commentCount":0,"publisher":{"@id":"https:\/\/perspetivaatual.pt\/#organization"},"image":{"@id":"http:\/\/perspetivaatual.pt\/index.php\/2022\/07\/30\/fful\/#primaryimage"},"thumbnailUrl":"http:\/\/perspetivaatual.pt\/wp-content\/uploads\/2022\/07\/Beatriz-Lima.png","keywords":["ensino","Farm\u00e1cia","FFUL"],"articleSection":["Educa\u00e7\u00e3o"],"inLanguage":"pt-PT","potentialAction":[{"@type":"CommentAction","name":"Comment","target":["http:\/\/perspetivaatual.pt\/index.php\/2022\/07\/30\/fful\/#respond"]}]},{"@type":"WebPage","@id":"http:\/\/perspetivaatual.pt\/index.php\/2022\/07\/30\/fful\/","url":"http:\/\/perspetivaatual.pt\/index.php\/2022\/07\/30\/fful\/","name":"O ensino, a investiga\u00e7\u00e3o e os planos futuros da FFUL - Perspetiva Atual","isPartOf":{"@id":"https:\/\/perspetivaatual.pt\/#website"},"primaryImageOfPage":{"@id":"http:\/\/perspetivaatual.pt\/index.php\/2022\/07\/30\/fful\/#primaryimage"},"image":{"@id":"http:\/\/perspetivaatual.pt\/index.php\/2022\/07\/30\/fful\/#primaryimage"},"thumbnailUrl":"http:\/\/perspetivaatual.pt\/wp-content\/uploads\/2022\/07\/Beatriz-Lima.png","datePublished":"2022-07-30T07:00:00+00:00","dateModified":"2022-07-26T08:47:34+00:00","description":"Com v\u00e1rias novidades na oferta formativa e um grande investimento na atividade de investiga\u00e7\u00e3o e no contributo \u00e0 sociedade, a Diretora...","breadcrumb":{"@id":"http:\/\/perspetivaatual.pt\/index.php\/2022\/07\/30\/fful\/#breadcrumb"},"inLanguage":"pt-PT","potentialAction":[{"@type":"ReadAction","target":["http:\/\/perspetivaatual.pt\/index.php\/2022\/07\/30\/fful\/"]}]},{"@type":"ImageObject","inLanguage":"pt-PT","@id":"http:\/\/perspetivaatual.pt\/index.php\/2022\/07\/30\/fful\/#primaryimage","url":"http:\/\/perspetivaatual.pt\/wp-content\/uploads\/2022\/07\/Beatriz-Lima.png","contentUrl":"http:\/\/perspetivaatual.pt\/wp-content\/uploads\/2022\/07\/Beatriz-Lima.png","width":1109,"height":802,"caption":"Beatriz Lima, Diretora da FFUL"},{"@type":"BreadcrumbList","@id":"http:\/\/perspetivaatual.pt\/index.php\/2022\/07\/30\/fful\/#breadcrumb","itemListElement":[{"@type":"ListItem","position":1,"name":"Home","item":"https:\/\/perspetivaatual.pt\/"},{"@type":"ListItem","position":2,"name":"O ensino, a investiga\u00e7\u00e3o e os planos futuros da FFUL"}]},{"@type":"WebSite","@id":"https:\/\/perspetivaatual.pt\/#website","url":"https:\/\/perspetivaatual.pt\/","name":"Perspetiva Atual","description":"Olhar Portugal, de diferentes formas","publisher":{"@id":"https:\/\/perspetivaatual.pt\/#organization"},"potentialAction":[{"@type":"SearchAction","target":{"@type":"EntryPoint","urlTemplate":"https:\/\/perspetivaatual.pt\/?s={search_term_string}"},"query-input":{"@type":"PropertyValueSpecification","valueRequired":true,"valueName":"search_term_string"}}],"inLanguage":"pt-PT"},{"@type":"Organization","@id":"https:\/\/perspetivaatual.pt\/#organization","name":"Perspetiva Atual","url":"https:\/\/perspetivaatual.pt\/","logo":{"@type":"ImageObject","inLanguage":"pt-PT","@id":"https:\/\/perspetivaatual.pt\/#\/schema\/logo\/image\/","url":"http:\/\/perspetivaatual.pt\/wp-content\/uploads\/2020\/08\/cropped-perspetiva_atual-.png","contentUrl":"http:\/\/perspetivaatual.pt\/wp-content\/uploads\/2020\/08\/cropped-perspetiva_atual-.png","width":618,"height":202,"caption":"Perspetiva Atual"},"image":{"@id":"https:\/\/perspetivaatual.pt\/#\/schema\/logo\/image\/"}},{"@type":"Person","@id":"https:\/\/perspetivaatual.pt\/#\/schema\/person\/4c9d5a8b179d047c3220dfa32fd6b658","name":"Jo\u00e3o Malainho Perspetiva Atual","image":{"@type":"ImageObject","inLanguage":"pt-PT","@id":"https:\/\/perspetivaatual.pt\/#\/schema\/person\/image\/","url":"https:\/\/secure.gravatar.com\/avatar\/fd918e8a58374b02896337d62716969a?s=96&d=mm&r=g","contentUrl":"https:\/\/secure.gravatar.com\/avatar\/fd918e8a58374b02896337d62716969a?s=96&d=mm&r=g","caption":"Jo\u00e3o Malainho Perspetiva Atual"},"sameAs":["http:\/\/perspetivaatual.pt"],"url":"http:\/\/perspetivaatual.pt\/index.php\/author\/joaomalainhoii\/"}]}},"featured_image_urls":{"full":["http:\/\/perspetivaatual.pt\/wp-content\/uploads\/2022\/07\/Beatriz-Lima.png",1109,802,false],"thumbnail":["http:\/\/perspetivaatual.pt\/wp-content\/uploads\/2022\/07\/Beatriz-Lima-150x150.png",150,150,true],"medium":["http:\/\/perspetivaatual.pt\/wp-content\/uploads\/2022\/07\/Beatriz-Lima-300x217.png",300,217,true],"medium_large":["http:\/\/perspetivaatual.pt\/wp-content\/uploads\/2022\/07\/Beatriz-Lima-768x555.png",640,463,true],"large":["http:\/\/perspetivaatual.pt\/wp-content\/uploads\/2022\/07\/Beatriz-Lima-1024x741.png",640,463,true],"1536x1536":["http:\/\/perspetivaatual.pt\/wp-content\/uploads\/2022\/07\/Beatriz-Lima.png",1109,802,false],"2048x2048":["http:\/\/perspetivaatual.pt\/wp-content\/uploads\/2022\/07\/Beatriz-Lima.png",1109,802,false],"magazine-7-slider-full":["http:\/\/perspetivaatual.pt\/wp-content\/uploads\/2022\/07\/Beatriz-Lima.png",1109,802,false],"magazine-7-slider-center":["http:\/\/perspetivaatual.pt\/wp-content\/uploads\/2022\/07\/Beatriz-Lima-936x802.png",936,802,true],"magazine-7-featured":["http:\/\/perspetivaatual.pt\/wp-content\/uploads\/2022\/07\/Beatriz-Lima-1024x741.png",1024,741,true],"magazine-7-medium":["http:\/\/perspetivaatual.pt\/wp-content\/uploads\/2022\/07\/Beatriz-Lima-720x380.png",720,380,true],"magazine-7-medium-square":["http:\/\/perspetivaatual.pt\/wp-content\/uploads\/2022\/07\/Beatriz-Lima-675x450.png",675,450,true],"rpwe-thumbnail":["http:\/\/perspetivaatual.pt\/wp-content\/uploads\/2022\/07\/Beatriz-Lima-45x45.png",45,45,true]},"author_info":{"info":[false]},"category_info":"<a href=\"http:\/\/perspetivaatual.pt\/index.php\/category\/educacao\/\" rel=\"category tag\">Educa\u00e7\u00e3o<\/a>","tag_info":"Educa\u00e7\u00e3o","comment_count":"0","_links":{"self":[{"href":"http:\/\/perspetivaatual.pt\/index.php\/wp-json\/wp\/v2\/posts\/1787","targetHints":{"allow":["GET"]}}],"collection":[{"href":"http:\/\/perspetivaatual.pt\/index.php\/wp-json\/wp\/v2\/posts"}],"about":[{"href":"http:\/\/perspetivaatual.pt\/index.php\/wp-json\/wp\/v2\/types\/post"}],"author":[{"embeddable":true,"href":"http:\/\/perspetivaatual.pt\/index.php\/wp-json\/wp\/v2\/users\/5"}],"replies":[{"embeddable":true,"href":"http:\/\/perspetivaatual.pt\/index.php\/wp-json\/wp\/v2\/comments?post=1787"}],"version-history":[{"count":0,"href":"http:\/\/perspetivaatual.pt\/index.php\/wp-json\/wp\/v2\/posts\/1787\/revisions"}],"wp:featuredmedia":[{"embeddable":true,"href":"http:\/\/perspetivaatual.pt\/index.php\/wp-json\/wp\/v2\/media\/1789"}],"wp:attachment":[{"href":"http:\/\/perspetivaatual.pt\/index.php\/wp-json\/wp\/v2\/media?parent=1787"}],"wp:term":[{"taxonomy":"category","embeddable":true,"href":"http:\/\/perspetivaatual.pt\/index.php\/wp-json\/wp\/v2\/categories?post=1787"},{"taxonomy":"post_tag","embeddable":true,"href":"http:\/\/perspetivaatual.pt\/index.php\/wp-json\/wp\/v2\/tags?post=1787"}],"curies":[{"name":"wp","href":"https:\/\/api.w.org\/{rel}","templated":true}]}}