{"id":2062,"date":"2022-11-12T07:00:00","date_gmt":"2022-11-12T07:00:00","guid":{"rendered":"https:\/\/perspetivaatual.pt\/?p=2062"},"modified":"2022-11-14T10:53:50","modified_gmt":"2022-11-14T10:53:50","slug":"o-centro-de-investigacao-em-ciencias-da-saude-da-universidade-da-beira-interior-cics-ubi-em-2022-um-polo-de-investigacao-e-inovacao-de-elevada-qualidade","status":"publish","type":"post","link":"http:\/\/perspetivaatual.pt\/index.php\/2022\/11\/12\/o-centro-de-investigacao-em-ciencias-da-saude-da-universidade-da-beira-interior-cics-ubi-em-2022-um-polo-de-investigacao-e-inovacao-de-elevada-qualidade\/","title":{"rendered":"O Centro de Investiga\u00e7\u00e3o em Ci\u00eancias da Sa\u00fade da Universidade da Beira Interior (CICS-UBI) em 2022: Um Polo de Investiga\u00e7\u00e3o e Inova\u00e7\u00e3o de Elevada Qualidade"},"content":{"rendered":"\n<p><strong>O ano de 2022 foi um ano de grande produtividade no Centro de Investiga\u00e7\u00e3o em Ci\u00eancias da Sa\u00fade da Universidade da Beira Interior (CICS-UBI), com um aumento significativo no n\u00famero de publica\u00e7\u00f5es, de atividades de intera\u00e7\u00e3o com a popula\u00e7\u00e3o das diferentes faixas et\u00e1rias e na forma\u00e7\u00e3o de jovens investigadores que conclu\u00edram com sucesso os 2\u00bas e 3\u00bas ciclos de estudos com os projetos de investiga\u00e7\u00e3o desenvolvidos nos nossos laborat\u00f3rios.<\/strong>&nbsp;<\/p>\n\n\n\n<p>Foi tamb\u00e9m um ano de mudan\u00e7a na organiza\u00e7\u00e3o do centro, com a forma\u00e7\u00e3o de tr\u00eas novos grupos de investiga\u00e7\u00e3o resultantes da consolida\u00e7\u00e3o de linhas de investiga\u00e7\u00e3o j\u00e1 em curso h\u00e1 alguns anos:&nbsp;&nbsp;<\/p>\n\n\n\n<ul class=\"wp-block-list\"><li><strong>Grupo de doen\u00e7as respirat\u00f3rias e al\u00e9rgicas (<em>Respiratory and Allergic Diseases &#8211; RAD<\/em>)<\/strong> &#8211; dedicado ao estudo de doen\u00e7as como a rinite, a asma e a doen\u00e7a pulmonar obstrutiva cr\u00f3nica (DPOC) e com uma forte componente na investiga\u00e7\u00e3o cl\u00ednica e translacional. Este grupo \u00e9 membro de v\u00e1rias redes europeias de investiga\u00e7\u00e3o na \u00e1rea respirat\u00f3ria e alergol\u00f3gica, com projetos financiados, com foco em biomarcadores de subtipos destas doen\u00e7as, em aspectos de literacia em sa\u00fade respirat\u00f3ria, no efeito da degrada\u00e7\u00e3o do ambiente na sa\u00fade respirat\u00f3ria e em novas formas de telemonitoriza\u00e7\u00e3o destas doen\u00e7as, em doentes mais graves. Entre os principais avan\u00e7os neste dom\u00ednios destacamos a colabora\u00e7\u00e3o no desenvolvimento e estudo de utiliza\u00e7\u00e3o de novas aplica\u00e7\u00f5es digitais e sensores (telesa\u00fade m\u00f3vel e digital) que permitem avaliar o grau de controlo de asma e rinite e analisar o potencial de predi\u00e7\u00e3o de agudiza\u00e7\u00f5es de asma e DPOC.&nbsp;&nbsp;<\/li><\/ul>\n\n\n\n<div class=\"wp-block-media-text alignwide is-stacked-on-mobile\" style=\"grid-template-columns:54% auto\"><figure class=\"wp-block-media-text__media\"><img loading=\"lazy\" decoding=\"async\" width=\"864\" height=\"576\" src=\"https:\/\/perspetivaatual.pt\/wp-content\/uploads\/2022\/11\/PL991193.png\" alt=\"\" class=\"wp-image-2064 size-full\" srcset=\"http:\/\/perspetivaatual.pt\/wp-content\/uploads\/2022\/11\/PL991193.png 864w, http:\/\/perspetivaatual.pt\/wp-content\/uploads\/2022\/11\/PL991193-300x200.png 300w, http:\/\/perspetivaatual.pt\/wp-content\/uploads\/2022\/11\/PL991193-768x512.png 768w, http:\/\/perspetivaatual.pt\/wp-content\/uploads\/2022\/11\/PL991193-675x450.png 675w, http:\/\/perspetivaatual.pt\/wp-content\/uploads\/2022\/11\/PL991193-600x400.png 600w\" sizes=\"auto, (max-width: 864px) 100vw, 864px\" \/><\/figure><div class=\"wp-block-media-text__content\">\n<ul class=\"wp-block-list\"><li><strong>Grupo de investiga\u00e7\u00e3o em produtos naturais e investiga\u00e7\u00e3o microbiol\u00f3gica (<em>Natural Products and Microbial Research &#8211; NatProMicro<\/em>)<\/strong> &#8211; focado na valoriza\u00e7\u00e3o cient\u00edfica de recursos end\u00f3genos (como plantas e \u00e1guas termais) enquanto ativos para aplica\u00e7\u00f5es biom\u00e9dicas que respondem a necessidades do mercado alimentar e de produtos farmac\u00eauticos. <\/li><\/ul>\n<\/div><\/div>\n\n\n\n<p><span style=\"font-size: revert; color: initial;\">Esta atividade de investiga\u00e7\u00e3o vai desde a caracteriza\u00e7\u00e3o de extratos de plantas e \u00e1guas termais no que respeita a propriedades f\u00edsico-qu\u00edmicas e estudos laboratoriais de bioatividade (com um foco particular no efeito antimicrobiano, anti-inflamat\u00f3rio, antidiab\u00e9tico, anticancer\u00edgeno), at\u00e9 \u00e0 sua inclus\u00e3o no desenvolvimento de produtos finais como embalagens alimentares (filmes protetores), produtos terap\u00eauticos e cosm\u00e9ticos inovadores. V\u00e1rios projetos t\u00eam sido financiados para apoiar a investiga\u00e7\u00e3o do grupo na valoriza\u00e7\u00e3o de plantas silvestres da regi\u00e3o, da cereja, no estudo de plantas arom\u00e1ticas e medicinais e no desenvolvimento de produtos com \u00e1guas termais.&nbsp;<\/span> <\/p>\n\n\n\n<ul class=\"wp-block-list\" start=\"3\"><li><strong>Grupo de investiga\u00e7\u00e3o em solu\u00e7\u00f5es tecnol\u00f3gicas e terap\u00eauticas (<em>Drug Discovery, Development and Safety \u2013 3DS<\/em>) <\/strong>&#8211; focado em desenvolver melhores tecnologias\/solu\u00e7\u00f5es terap\u00eauticas, com especial \u00eanfase em doentes mais idosos, doen\u00e7as neurol\u00f3gicas, metab\u00f3licas e oncol\u00f3gicas. De facto, os investigadores do 3DS t\u00eam um forte compromisso em inovar, quer com novas subst\u00e2ncias farmac\u00eauticas, novas formula\u00e7\u00f5es e estrat\u00e9gias terap\u00eauticas, novos m\u00e9todos de apoio ao desenvolvimento de medicamentos e monitoriza\u00e7\u00e3o de subst\u00e2ncias qu\u00edmicas, e desenvolvimento de ferramentas e tecnologias que melhorem o uso de medicamentos pela popula\u00e7\u00e3o. Este ano, em colabora\u00e7\u00e3o com outros investigadores do CICS e uma empresa local, o grupo obteve financiamento para um projecto prova-de-conceito que pretende desenvolver um medicamento inovador para minimizar o efeito do AVC no c\u00e9rebro (<em>Segesterone Acetate Intranasal Nanoemulsion<\/em>, financiado por CENTRO-01-0145-FEDER-181231) num total de 101,444.27 \u20ac para o CICS-UBI.&nbsp;<\/li><\/ul>\n\n\n\n<p>Nos restantes grupos do CICS-UBI foram tamb\u00e9m variados os avan\u00e7os conseguidos:&nbsp;<\/p>\n\n\n\n<ul class=\"wp-block-list\" start=\"4\"><li><strong>Grupo de investiga\u00e7\u00e3o em Biof\u00e1rmacos e Biomateriais (<em>Biopharmaceuticals and Biomaterials<\/em> &#8211; BB)<\/strong> &#8211; no \u00faltimo ano desenvolveu investiga\u00e7\u00e3o na \u00e1rea de novos biof\u00e1rmacos baseados em \u00e1cidos nucleicos, biomateriais e aplica\u00e7\u00e3o de nanotecnologia em sistemas de entrega de f\u00e1rmacos e biof\u00e1rmacos com potencial aplica\u00e7\u00e3o na \u00e1rea da sa\u00fade. No ultimo ano o grupo atraiu financiamento competitivo nacional e europeu, nomeadamente o projeto Europeu \u201c<em>Yscript &#8211; Yeast cell factory for mRNA bioproduction<\/em>\u201d que envolve a UBI, atrav\u00e9s do Centro de Investiga\u00e7\u00e3o em Ci\u00eancias da Sa\u00fade, e institui\u00e7\u00f5es de cinco pa\u00edses para desenvolver um novo modelo de produ\u00e7\u00e3o e de aplica\u00e7\u00e3o de mRNAs; protocolos com a ind\u00fastria farmac\u00eautica e biotecnol\u00f3gica Merck KGaA e BIA Separations, dois contratos no Concurso de Est\u00edmulo ao Emprego Cient\u00edfico Individual da FCT (J\u00fanior e Auxiliar), 2 patentes de produ\u00e7\u00e3o de novos biof\u00e1rmacos e suas aplica\u00e7\u00f5es na medicina, 1 patente internacional na \u00e1rea dos biomateriais para regenera\u00e7\u00e3o da pele e 3 investigadores do grupo est\u00e3o pelo segundo ano consecutivo no \u201cWorld&#8217;s TOP 2% Scientist\u201d (DOI: 10.17632\/btchxktzyw.3). O seu lema \u00e9 \u201cGrupo Biof\u00e1rmacos e Biomateriais \u2013 onde as ideias crescem\u201d.<\/li><\/ul>\n\n\n\n<div class=\"wp-block-columns is-layout-flex wp-container-core-columns-is-layout-1 wp-block-columns-is-layout-flex\">\n<div class=\"wp-block-column is-layout-flow wp-block-column-is-layout-flow\">\n<ul class=\"wp-block-list\"><li><strong style=\"font-size: revert; color: initial;\">Grupo de investiga\u00e7\u00e3o em doen\u00e7as neurol\u00f3gicas e neurovasculares (<em>Neurologic and Neurovascular Disorders &#8211; NND<\/em>)<\/strong><span style=\"font-size: revert; color: initial;\"> &#8211; para al\u00e9m dos avan\u00e7os cient\u00edficos que se traduziram em publica\u00e7\u00f5es em prestigiadas revistas internacionais como a Nature Communications (Prof\u00aa Doutora Liliana Bernardino), conseguiu tamb\u00e9m um pr\u00e9mio internacional na \u00e1rea do empreendorismo no valor de 5000\u20ac, atribu\u00eddo pelo munic\u00edpio de Idanha-a-Nova (<\/span><em style=\"font-size: revert; color: initial;\">Building Global Innovators<\/em><span style=\"font-size: revert; color: initial;\">) \u00e0 investigadora do CICS-UBI Doutora Ana Clara Crist\u00f3v\u00e3o. <\/span><\/li><\/ul>\n<\/div>\n\n\n\n<div class=\"wp-block-column is-layout-flow wp-block-column-is-layout-flow\">\n<div class=\"wp-block-image\"><figure class=\"aligncenter size-full\"><img loading=\"lazy\" decoding=\"async\" width=\"864\" height=\"576\" src=\"https:\/\/perspetivaatual.pt\/wp-content\/uploads\/2022\/11\/PL991249.png\" alt=\"\" class=\"wp-image-2067\" srcset=\"http:\/\/perspetivaatual.pt\/wp-content\/uploads\/2022\/11\/PL991249.png 864w, http:\/\/perspetivaatual.pt\/wp-content\/uploads\/2022\/11\/PL991249-300x200.png 300w, http:\/\/perspetivaatual.pt\/wp-content\/uploads\/2022\/11\/PL991249-768x512.png 768w, http:\/\/perspetivaatual.pt\/wp-content\/uploads\/2022\/11\/PL991249-675x450.png 675w, http:\/\/perspetivaatual.pt\/wp-content\/uploads\/2022\/11\/PL991249-600x400.png 600w\" sizes=\"auto, (max-width: 864px) 100vw, 864px\" \/><\/figure><\/div>\n<\/div>\n<\/div>\n\n\n\n<p><span style=\"font-size: revert; color: initial;\">O grupo conseguiu tamb\u00e9m financiamento da Liga Portuguesa contra o Cancro, para o desenvolvimento de uma nova abordagem terap\u00eautica para o glioblastoma, uma forma extremamente agressiva&nbsp; de cancro cerebral, no \u00e2mbito do projeto \u201c<\/span><em style=\"font-size: revert; color: initial;\">Investigation on the role of the glucosensing T1R3 receptor in glioblastoma hallmarks (STARvE<\/em><span style=\"font-size: revert; color: initial;\">)\u201d.&nbsp;<\/span> <\/p>\n\n\n\n<ul class=\"wp-block-list\" start=\"6\"><li><strong>Grupo de investiga\u00e7\u00e3o em Hormonas e Metabolismo (<em>Hormones &amp; Metabolism \u2013 HM<\/em>)<\/strong> &#8211; dedica-se ao estudo dos efeitos de fatores hormonais e metab\u00f3licos na sa\u00fade humana. Integra investigadores com origem multidisciplinar e aborda a investiga\u00e7\u00e3o b\u00e1sica, translacional e cl\u00ednica nesta \u00e1rea da sa\u00fade. A investiga\u00e7\u00e3o desenvolvida inclui o estudo dos mecanismos hormonais e metab\u00f3licos envolvidos em cancros end\u00f3crinos e hormono-dependentes (tumores da pr\u00f3stata, mama, tir\u00f3ide, e hip\u00f3fise), diabetes, infertilidade, e doen\u00e7as cardiovasculares. Este ano, o grupo obteve financiamento para um projeto prova-de-conceito que pretende desenvolver m\u00e9todos bioinform\u00e1ticos para o estudo de formas heredit\u00e1rias de diabetes, financiado por CENTRO-01-0145-FEDER-181249, num total de 145.385,40 euros.&nbsp;<\/li><\/ul>\n","protected":false},"excerpt":{"rendered":"<p>O ano de 2022 foi um ano de grande produtividade no Centro de Investiga\u00e7\u00e3o em<\/p>\n","protected":false},"author":5,"featured_media":2063,"comment_status":"open","ping_status":"open","sticky":false,"template":"","format":"standard","meta":{"footnotes":""},"categories":[11,165],"tags":[177,178,84,130],"class_list":["post-2062","post","type-post","status-publish","format-standard","has-post-thumbnail","hentry","category-destaques","category-investigacao","tag-cics-ubi","tag-ciencias-da-saude","tag-investigacao","tag-ubi"],"yoast_head":"<!-- This site is optimized with the Yoast SEO plugin v24.2 - https:\/\/yoast.com\/wordpress\/plugins\/seo\/ -->\n<title>O Centro de Investiga\u00e7\u00e3o em Ci\u00eancias da Sa\u00fade da Universidade da Beira Interior (CICS-UBI) em 2022: Um Polo de Investiga\u00e7\u00e3o e Inova\u00e7\u00e3o de Elevada Qualidade - Perspetiva Atual<\/title>\n<meta name=\"description\" content=\"O ano de 2022 foi um ano de grande produtividade no Centro de Investiga\u00e7\u00e3o em Ci\u00eancias da Sa\u00fade da Universidade da Beira Interior (CICS-UBI)...\" \/>\n<meta name=\"robots\" content=\"index, follow, max-snippet:-1, max-image-preview:large, max-video-preview:-1\" \/>\n<link rel=\"canonical\" href=\"https:\/\/perspetivaatual.pt\/index.php\/2022\/11\/12\/o-centro-de-investigacao-em-ciencias-da-saude-da-universidade-da-beira-interior-cics-ubi-em-2022-um-polo-de-investigacao-e-inovacao-de-elevada-qualidade\/\" \/>\n<meta property=\"og:locale\" content=\"pt_PT\" \/>\n<meta property=\"og:type\" content=\"article\" \/>\n<meta property=\"og:title\" content=\"O Centro de Investiga\u00e7\u00e3o em Ci\u00eancias da Sa\u00fade da Universidade da Beira Interior (CICS-UBI) em 2022: Um Polo de Investiga\u00e7\u00e3o e Inova\u00e7\u00e3o de Elevada Qualidade - Perspetiva Atual\" \/>\n<meta property=\"og:description\" content=\"O ano de 2022 foi um ano de grande produtividade no Centro de Investiga\u00e7\u00e3o em Ci\u00eancias da Sa\u00fade da Universidade da Beira Interior (CICS-UBI)...\" \/>\n<meta property=\"og:url\" content=\"https:\/\/perspetivaatual.pt\/index.php\/2022\/11\/12\/o-centro-de-investigacao-em-ciencias-da-saude-da-universidade-da-beira-interior-cics-ubi-em-2022-um-polo-de-investigacao-e-inovacao-de-elevada-qualidade\/\" \/>\n<meta property=\"og:site_name\" content=\"Perspetiva Atual\" \/>\n<meta property=\"article:published_time\" content=\"2022-11-12T07:00:00+00:00\" \/>\n<meta property=\"article:modified_time\" content=\"2022-11-14T10:53:50+00:00\" \/>\n<meta property=\"og:image\" content=\"https:\/\/perspetivaatual.pt\/wp-content\/uploads\/2022\/11\/PL991245-scaled.jpeg\" \/>\n\t<meta property=\"og:image:width\" content=\"2560\" \/>\n\t<meta property=\"og:image:height\" content=\"1707\" \/>\n\t<meta property=\"og:image:type\" content=\"image\/jpeg\" \/>\n<meta name=\"author\" content=\"Jo\u00e3o Malainho Perspetiva Atual\" \/>\n<meta name=\"twitter:card\" content=\"summary_large_image\" \/>\n<meta name=\"twitter:label1\" content=\"Escrito por\" \/>\n\t<meta name=\"twitter:data1\" content=\"\" \/>\n\t<meta name=\"twitter:label2\" content=\"Tempo estimado de leitura\" \/>\n\t<meta name=\"twitter:data2\" content=\"5 minutos\" \/>\n<script type=\"application\/ld+json\" class=\"yoast-schema-graph\">{\"@context\":\"https:\/\/schema.org\",\"@graph\":[{\"@type\":\"Article\",\"@id\":\"https:\/\/perspetivaatual.pt\/index.php\/2022\/11\/12\/o-centro-de-investigacao-em-ciencias-da-saude-da-universidade-da-beira-interior-cics-ubi-em-2022-um-polo-de-investigacao-e-inovacao-de-elevada-qualidade\/#article\",\"isPartOf\":{\"@id\":\"https:\/\/perspetivaatual.pt\/index.php\/2022\/11\/12\/o-centro-de-investigacao-em-ciencias-da-saude-da-universidade-da-beira-interior-cics-ubi-em-2022-um-polo-de-investigacao-e-inovacao-de-elevada-qualidade\/\"},\"author\":{\"name\":\"Jo\u00e3o Malainho Perspetiva Atual\",\"@id\":\"https:\/\/perspetivaatual.pt\/#\/schema\/person\/4c9d5a8b179d047c3220dfa32fd6b658\"},\"headline\":\"O Centro de Investiga\u00e7\u00e3o em Ci\u00eancias da Sa\u00fade da Universidade da Beira Interior (CICS-UBI) em 2022: Um Polo de Investiga\u00e7\u00e3o e Inova\u00e7\u00e3o de Elevada Qualidade\",\"datePublished\":\"2022-11-12T07:00:00+00:00\",\"dateModified\":\"2022-11-14T10:53:50+00:00\",\"mainEntityOfPage\":{\"@id\":\"https:\/\/perspetivaatual.pt\/index.php\/2022\/11\/12\/o-centro-de-investigacao-em-ciencias-da-saude-da-universidade-da-beira-interior-cics-ubi-em-2022-um-polo-de-investigacao-e-inovacao-de-elevada-qualidade\/\"},\"wordCount\":1108,\"commentCount\":0,\"publisher\":{\"@id\":\"https:\/\/perspetivaatual.pt\/#organization\"},\"image\":{\"@id\":\"https:\/\/perspetivaatual.pt\/index.php\/2022\/11\/12\/o-centro-de-investigacao-em-ciencias-da-saude-da-universidade-da-beira-interior-cics-ubi-em-2022-um-polo-de-investigacao-e-inovacao-de-elevada-qualidade\/#primaryimage\"},\"thumbnailUrl\":\"http:\/\/perspetivaatual.pt\/wp-content\/uploads\/2022\/11\/PL991245-scaled.jpeg\",\"keywords\":[\"CICS-UBI\",\"Ci\u00eancias da Sa\u00fade\",\"Investiga\u00e7\u00e3o\",\"UBI\"],\"articleSection\":[\"Destaques\",\"Investiga\u00e7\u00e3o\"],\"inLanguage\":\"pt-PT\",\"potentialAction\":[{\"@type\":\"CommentAction\",\"name\":\"Comment\",\"target\":[\"https:\/\/perspetivaatual.pt\/index.php\/2022\/11\/12\/o-centro-de-investigacao-em-ciencias-da-saude-da-universidade-da-beira-interior-cics-ubi-em-2022-um-polo-de-investigacao-e-inovacao-de-elevada-qualidade\/#respond\"]}]},{\"@type\":\"WebPage\",\"@id\":\"https:\/\/perspetivaatual.pt\/index.php\/2022\/11\/12\/o-centro-de-investigacao-em-ciencias-da-saude-da-universidade-da-beira-interior-cics-ubi-em-2022-um-polo-de-investigacao-e-inovacao-de-elevada-qualidade\/\",\"url\":\"https:\/\/perspetivaatual.pt\/index.php\/2022\/11\/12\/o-centro-de-investigacao-em-ciencias-da-saude-da-universidade-da-beira-interior-cics-ubi-em-2022-um-polo-de-investigacao-e-inovacao-de-elevada-qualidade\/\",\"name\":\"O Centro de Investiga\u00e7\u00e3o em Ci\u00eancias da Sa\u00fade da Universidade da Beira Interior (CICS-UBI) em 2022: Um Polo de Investiga\u00e7\u00e3o e Inova\u00e7\u00e3o de Elevada Qualidade - Perspetiva Atual\",\"isPartOf\":{\"@id\":\"https:\/\/perspetivaatual.pt\/#website\"},\"primaryImageOfPage\":{\"@id\":\"https:\/\/perspetivaatual.pt\/index.php\/2022\/11\/12\/o-centro-de-investigacao-em-ciencias-da-saude-da-universidade-da-beira-interior-cics-ubi-em-2022-um-polo-de-investigacao-e-inovacao-de-elevada-qualidade\/#primaryimage\"},\"image\":{\"@id\":\"https:\/\/perspetivaatual.pt\/index.php\/2022\/11\/12\/o-centro-de-investigacao-em-ciencias-da-saude-da-universidade-da-beira-interior-cics-ubi-em-2022-um-polo-de-investigacao-e-inovacao-de-elevada-qualidade\/#primaryimage\"},\"thumbnailUrl\":\"http:\/\/perspetivaatual.pt\/wp-content\/uploads\/2022\/11\/PL991245-scaled.jpeg\",\"datePublished\":\"2022-11-12T07:00:00+00:00\",\"dateModified\":\"2022-11-14T10:53:50+00:00\",\"description\":\"O ano de 2022 foi um ano de grande produtividade no Centro de Investiga\u00e7\u00e3o em Ci\u00eancias da Sa\u00fade da Universidade da Beira Interior (CICS-UBI)...\",\"breadcrumb\":{\"@id\":\"https:\/\/perspetivaatual.pt\/index.php\/2022\/11\/12\/o-centro-de-investigacao-em-ciencias-da-saude-da-universidade-da-beira-interior-cics-ubi-em-2022-um-polo-de-investigacao-e-inovacao-de-elevada-qualidade\/#breadcrumb\"},\"inLanguage\":\"pt-PT\",\"potentialAction\":[{\"@type\":\"ReadAction\",\"target\":[\"https:\/\/perspetivaatual.pt\/index.php\/2022\/11\/12\/o-centro-de-investigacao-em-ciencias-da-saude-da-universidade-da-beira-interior-cics-ubi-em-2022-um-polo-de-investigacao-e-inovacao-de-elevada-qualidade\/\"]}]},{\"@type\":\"ImageObject\",\"inLanguage\":\"pt-PT\",\"@id\":\"https:\/\/perspetivaatual.pt\/index.php\/2022\/11\/12\/o-centro-de-investigacao-em-ciencias-da-saude-da-universidade-da-beira-interior-cics-ubi-em-2022-um-polo-de-investigacao-e-inovacao-de-elevada-qualidade\/#primaryimage\",\"url\":\"http:\/\/perspetivaatual.pt\/wp-content\/uploads\/2022\/11\/PL991245-scaled.jpeg\",\"contentUrl\":\"http:\/\/perspetivaatual.pt\/wp-content\/uploads\/2022\/11\/PL991245-scaled.jpeg\",\"width\":2560,\"height\":1707},{\"@type\":\"BreadcrumbList\",\"@id\":\"https:\/\/perspetivaatual.pt\/index.php\/2022\/11\/12\/o-centro-de-investigacao-em-ciencias-da-saude-da-universidade-da-beira-interior-cics-ubi-em-2022-um-polo-de-investigacao-e-inovacao-de-elevada-qualidade\/#breadcrumb\",\"itemListElement\":[{\"@type\":\"ListItem\",\"position\":1,\"name\":\"Home\",\"item\":\"https:\/\/perspetivaatual.pt\/\"},{\"@type\":\"ListItem\",\"position\":2,\"name\":\"O Centro de Investiga\u00e7\u00e3o em Ci\u00eancias da Sa\u00fade da Universidade da Beira Interior (CICS-UBI) em 2022: Um Polo de Investiga\u00e7\u00e3o e Inova\u00e7\u00e3o de Elevada Qualidade\"}]},{\"@type\":\"WebSite\",\"@id\":\"https:\/\/perspetivaatual.pt\/#website\",\"url\":\"https:\/\/perspetivaatual.pt\/\",\"name\":\"Perspetiva Atual\",\"description\":\"Olhar Portugal, de diferentes formas\",\"publisher\":{\"@id\":\"https:\/\/perspetivaatual.pt\/#organization\"},\"potentialAction\":[{\"@type\":\"SearchAction\",\"target\":{\"@type\":\"EntryPoint\",\"urlTemplate\":\"https:\/\/perspetivaatual.pt\/?s={search_term_string}\"},\"query-input\":{\"@type\":\"PropertyValueSpecification\",\"valueRequired\":true,\"valueName\":\"search_term_string\"}}],\"inLanguage\":\"pt-PT\"},{\"@type\":\"Organization\",\"@id\":\"https:\/\/perspetivaatual.pt\/#organization\",\"name\":\"Perspetiva Atual\",\"url\":\"https:\/\/perspetivaatual.pt\/\",\"logo\":{\"@type\":\"ImageObject\",\"inLanguage\":\"pt-PT\",\"@id\":\"https:\/\/perspetivaatual.pt\/#\/schema\/logo\/image\/\",\"url\":\"http:\/\/perspetivaatual.pt\/wp-content\/uploads\/2020\/08\/cropped-perspetiva_atual-.png\",\"contentUrl\":\"http:\/\/perspetivaatual.pt\/wp-content\/uploads\/2020\/08\/cropped-perspetiva_atual-.png\",\"width\":618,\"height\":202,\"caption\":\"Perspetiva Atual\"},\"image\":{\"@id\":\"https:\/\/perspetivaatual.pt\/#\/schema\/logo\/image\/\"}},{\"@type\":\"Person\",\"@id\":\"https:\/\/perspetivaatual.pt\/#\/schema\/person\/4c9d5a8b179d047c3220dfa32fd6b658\",\"name\":\"Jo\u00e3o Malainho Perspetiva Atual\",\"image\":{\"@type\":\"ImageObject\",\"inLanguage\":\"pt-PT\",\"@id\":\"https:\/\/perspetivaatual.pt\/#\/schema\/person\/image\/\",\"url\":\"https:\/\/secure.gravatar.com\/avatar\/fd918e8a58374b02896337d62716969a?s=96&d=mm&r=g\",\"contentUrl\":\"https:\/\/secure.gravatar.com\/avatar\/fd918e8a58374b02896337d62716969a?s=96&d=mm&r=g\",\"caption\":\"Jo\u00e3o Malainho Perspetiva Atual\"},\"sameAs\":[\"http:\/\/perspetivaatual.pt\"],\"url\":\"http:\/\/perspetivaatual.pt\/index.php\/author\/joaomalainhoii\/\"}]}<\/script>\n<!-- \/ Yoast SEO plugin. -->","yoast_head_json":{"title":"O Centro de Investiga\u00e7\u00e3o em Ci\u00eancias da Sa\u00fade da Universidade da Beira Interior (CICS-UBI) em 2022: Um Polo de Investiga\u00e7\u00e3o e Inova\u00e7\u00e3o de Elevada Qualidade - Perspetiva Atual","description":"O ano de 2022 foi um ano de grande produtividade no Centro de Investiga\u00e7\u00e3o em Ci\u00eancias da Sa\u00fade da Universidade da Beira Interior (CICS-UBI)...","robots":{"index":"index","follow":"follow","max-snippet":"max-snippet:-1","max-image-preview":"max-image-preview:large","max-video-preview":"max-video-preview:-1"},"canonical":"https:\/\/perspetivaatual.pt\/index.php\/2022\/11\/12\/o-centro-de-investigacao-em-ciencias-da-saude-da-universidade-da-beira-interior-cics-ubi-em-2022-um-polo-de-investigacao-e-inovacao-de-elevada-qualidade\/","og_locale":"pt_PT","og_type":"article","og_title":"O Centro de Investiga\u00e7\u00e3o em Ci\u00eancias da Sa\u00fade da Universidade da Beira Interior (CICS-UBI) em 2022: Um Polo de Investiga\u00e7\u00e3o e Inova\u00e7\u00e3o de Elevada Qualidade - Perspetiva Atual","og_description":"O ano de 2022 foi um ano de grande produtividade no Centro de Investiga\u00e7\u00e3o em Ci\u00eancias da Sa\u00fade da Universidade da Beira Interior (CICS-UBI)...","og_url":"https:\/\/perspetivaatual.pt\/index.php\/2022\/11\/12\/o-centro-de-investigacao-em-ciencias-da-saude-da-universidade-da-beira-interior-cics-ubi-em-2022-um-polo-de-investigacao-e-inovacao-de-elevada-qualidade\/","og_site_name":"Perspetiva Atual","article_published_time":"2022-11-12T07:00:00+00:00","article_modified_time":"2022-11-14T10:53:50+00:00","og_image":[{"width":2560,"height":1707,"url":"https:\/\/perspetivaatual.pt\/wp-content\/uploads\/2022\/11\/PL991245-scaled.jpeg","type":"image\/jpeg"}],"author":"Jo\u00e3o Malainho Perspetiva Atual","twitter_card":"summary_large_image","twitter_misc":{"Escrito por":false,"Tempo estimado de leitura":"5 minutos"},"schema":{"@context":"https:\/\/schema.org","@graph":[{"@type":"Article","@id":"https:\/\/perspetivaatual.pt\/index.php\/2022\/11\/12\/o-centro-de-investigacao-em-ciencias-da-saude-da-universidade-da-beira-interior-cics-ubi-em-2022-um-polo-de-investigacao-e-inovacao-de-elevada-qualidade\/#article","isPartOf":{"@id":"https:\/\/perspetivaatual.pt\/index.php\/2022\/11\/12\/o-centro-de-investigacao-em-ciencias-da-saude-da-universidade-da-beira-interior-cics-ubi-em-2022-um-polo-de-investigacao-e-inovacao-de-elevada-qualidade\/"},"author":{"name":"Jo\u00e3o Malainho Perspetiva Atual","@id":"https:\/\/perspetivaatual.pt\/#\/schema\/person\/4c9d5a8b179d047c3220dfa32fd6b658"},"headline":"O Centro de Investiga\u00e7\u00e3o em Ci\u00eancias da Sa\u00fade da Universidade da Beira Interior (CICS-UBI) em 2022: Um Polo de Investiga\u00e7\u00e3o e Inova\u00e7\u00e3o de Elevada Qualidade","datePublished":"2022-11-12T07:00:00+00:00","dateModified":"2022-11-14T10:53:50+00:00","mainEntityOfPage":{"@id":"https:\/\/perspetivaatual.pt\/index.php\/2022\/11\/12\/o-centro-de-investigacao-em-ciencias-da-saude-da-universidade-da-beira-interior-cics-ubi-em-2022-um-polo-de-investigacao-e-inovacao-de-elevada-qualidade\/"},"wordCount":1108,"commentCount":0,"publisher":{"@id":"https:\/\/perspetivaatual.pt\/#organization"},"image":{"@id":"https:\/\/perspetivaatual.pt\/index.php\/2022\/11\/12\/o-centro-de-investigacao-em-ciencias-da-saude-da-universidade-da-beira-interior-cics-ubi-em-2022-um-polo-de-investigacao-e-inovacao-de-elevada-qualidade\/#primaryimage"},"thumbnailUrl":"http:\/\/perspetivaatual.pt\/wp-content\/uploads\/2022\/11\/PL991245-scaled.jpeg","keywords":["CICS-UBI","Ci\u00eancias da Sa\u00fade","Investiga\u00e7\u00e3o","UBI"],"articleSection":["Destaques","Investiga\u00e7\u00e3o"],"inLanguage":"pt-PT","potentialAction":[{"@type":"CommentAction","name":"Comment","target":["https:\/\/perspetivaatual.pt\/index.php\/2022\/11\/12\/o-centro-de-investigacao-em-ciencias-da-saude-da-universidade-da-beira-interior-cics-ubi-em-2022-um-polo-de-investigacao-e-inovacao-de-elevada-qualidade\/#respond"]}]},{"@type":"WebPage","@id":"https:\/\/perspetivaatual.pt\/index.php\/2022\/11\/12\/o-centro-de-investigacao-em-ciencias-da-saude-da-universidade-da-beira-interior-cics-ubi-em-2022-um-polo-de-investigacao-e-inovacao-de-elevada-qualidade\/","url":"https:\/\/perspetivaatual.pt\/index.php\/2022\/11\/12\/o-centro-de-investigacao-em-ciencias-da-saude-da-universidade-da-beira-interior-cics-ubi-em-2022-um-polo-de-investigacao-e-inovacao-de-elevada-qualidade\/","name":"O Centro de Investiga\u00e7\u00e3o em Ci\u00eancias da Sa\u00fade da Universidade da Beira Interior (CICS-UBI) em 2022: Um Polo de Investiga\u00e7\u00e3o e Inova\u00e7\u00e3o de Elevada Qualidade - Perspetiva Atual","isPartOf":{"@id":"https:\/\/perspetivaatual.pt\/#website"},"primaryImageOfPage":{"@id":"https:\/\/perspetivaatual.pt\/index.php\/2022\/11\/12\/o-centro-de-investigacao-em-ciencias-da-saude-da-universidade-da-beira-interior-cics-ubi-em-2022-um-polo-de-investigacao-e-inovacao-de-elevada-qualidade\/#primaryimage"},"image":{"@id":"https:\/\/perspetivaatual.pt\/index.php\/2022\/11\/12\/o-centro-de-investigacao-em-ciencias-da-saude-da-universidade-da-beira-interior-cics-ubi-em-2022-um-polo-de-investigacao-e-inovacao-de-elevada-qualidade\/#primaryimage"},"thumbnailUrl":"http:\/\/perspetivaatual.pt\/wp-content\/uploads\/2022\/11\/PL991245-scaled.jpeg","datePublished":"2022-11-12T07:00:00+00:00","dateModified":"2022-11-14T10:53:50+00:00","description":"O ano de 2022 foi um ano de grande produtividade no Centro de Investiga\u00e7\u00e3o em Ci\u00eancias da Sa\u00fade da Universidade da Beira Interior (CICS-UBI)...","breadcrumb":{"@id":"https:\/\/perspetivaatual.pt\/index.php\/2022\/11\/12\/o-centro-de-investigacao-em-ciencias-da-saude-da-universidade-da-beira-interior-cics-ubi-em-2022-um-polo-de-investigacao-e-inovacao-de-elevada-qualidade\/#breadcrumb"},"inLanguage":"pt-PT","potentialAction":[{"@type":"ReadAction","target":["https:\/\/perspetivaatual.pt\/index.php\/2022\/11\/12\/o-centro-de-investigacao-em-ciencias-da-saude-da-universidade-da-beira-interior-cics-ubi-em-2022-um-polo-de-investigacao-e-inovacao-de-elevada-qualidade\/"]}]},{"@type":"ImageObject","inLanguage":"pt-PT","@id":"https:\/\/perspetivaatual.pt\/index.php\/2022\/11\/12\/o-centro-de-investigacao-em-ciencias-da-saude-da-universidade-da-beira-interior-cics-ubi-em-2022-um-polo-de-investigacao-e-inovacao-de-elevada-qualidade\/#primaryimage","url":"http:\/\/perspetivaatual.pt\/wp-content\/uploads\/2022\/11\/PL991245-scaled.jpeg","contentUrl":"http:\/\/perspetivaatual.pt\/wp-content\/uploads\/2022\/11\/PL991245-scaled.jpeg","width":2560,"height":1707},{"@type":"BreadcrumbList","@id":"https:\/\/perspetivaatual.pt\/index.php\/2022\/11\/12\/o-centro-de-investigacao-em-ciencias-da-saude-da-universidade-da-beira-interior-cics-ubi-em-2022-um-polo-de-investigacao-e-inovacao-de-elevada-qualidade\/#breadcrumb","itemListElement":[{"@type":"ListItem","position":1,"name":"Home","item":"https:\/\/perspetivaatual.pt\/"},{"@type":"ListItem","position":2,"name":"O Centro de Investiga\u00e7\u00e3o em Ci\u00eancias da Sa\u00fade da Universidade da Beira Interior (CICS-UBI) em 2022: Um Polo de Investiga\u00e7\u00e3o e Inova\u00e7\u00e3o de Elevada Qualidade"}]},{"@type":"WebSite","@id":"https:\/\/perspetivaatual.pt\/#website","url":"https:\/\/perspetivaatual.pt\/","name":"Perspetiva Atual","description":"Olhar Portugal, de diferentes formas","publisher":{"@id":"https:\/\/perspetivaatual.pt\/#organization"},"potentialAction":[{"@type":"SearchAction","target":{"@type":"EntryPoint","urlTemplate":"https:\/\/perspetivaatual.pt\/?s={search_term_string}"},"query-input":{"@type":"PropertyValueSpecification","valueRequired":true,"valueName":"search_term_string"}}],"inLanguage":"pt-PT"},{"@type":"Organization","@id":"https:\/\/perspetivaatual.pt\/#organization","name":"Perspetiva Atual","url":"https:\/\/perspetivaatual.pt\/","logo":{"@type":"ImageObject","inLanguage":"pt-PT","@id":"https:\/\/perspetivaatual.pt\/#\/schema\/logo\/image\/","url":"http:\/\/perspetivaatual.pt\/wp-content\/uploads\/2020\/08\/cropped-perspetiva_atual-.png","contentUrl":"http:\/\/perspetivaatual.pt\/wp-content\/uploads\/2020\/08\/cropped-perspetiva_atual-.png","width":618,"height":202,"caption":"Perspetiva Atual"},"image":{"@id":"https:\/\/perspetivaatual.pt\/#\/schema\/logo\/image\/"}},{"@type":"Person","@id":"https:\/\/perspetivaatual.pt\/#\/schema\/person\/4c9d5a8b179d047c3220dfa32fd6b658","name":"Jo\u00e3o Malainho Perspetiva Atual","image":{"@type":"ImageObject","inLanguage":"pt-PT","@id":"https:\/\/perspetivaatual.pt\/#\/schema\/person\/image\/","url":"https:\/\/secure.gravatar.com\/avatar\/fd918e8a58374b02896337d62716969a?s=96&d=mm&r=g","contentUrl":"https:\/\/secure.gravatar.com\/avatar\/fd918e8a58374b02896337d62716969a?s=96&d=mm&r=g","caption":"Jo\u00e3o Malainho Perspetiva Atual"},"sameAs":["http:\/\/perspetivaatual.pt"],"url":"http:\/\/perspetivaatual.pt\/index.php\/author\/joaomalainhoii\/"}]}},"featured_image_urls":{"full":["http:\/\/perspetivaatual.pt\/wp-content\/uploads\/2022\/11\/PL991245-scaled.jpeg",2560,1707,false],"thumbnail":["http:\/\/perspetivaatual.pt\/wp-content\/uploads\/2022\/11\/PL991245-150x150.jpeg",150,150,true],"medium":["http:\/\/perspetivaatual.pt\/wp-content\/uploads\/2022\/11\/PL991245-300x200.jpeg",300,200,true],"medium_large":["http:\/\/perspetivaatual.pt\/wp-content\/uploads\/2022\/11\/PL991245-768x512.jpeg",640,427,true],"large":["http:\/\/perspetivaatual.pt\/wp-content\/uploads\/2022\/11\/PL991245-1024x683.jpeg",640,427,true],"1536x1536":["http:\/\/perspetivaatual.pt\/wp-content\/uploads\/2022\/11\/PL991245-1536x1024.jpeg",1536,1024,true],"2048x2048":["http:\/\/perspetivaatual.pt\/wp-content\/uploads\/2022\/11\/PL991245-2048x1365.jpeg",2048,1365,true],"magazine-7-slider-full":["http:\/\/perspetivaatual.pt\/wp-content\/uploads\/2022\/11\/PL991245-1536x1020.jpeg",1536,1020,true],"magazine-7-slider-center":["http:\/\/perspetivaatual.pt\/wp-content\/uploads\/2022\/11\/PL991245-936x897.jpeg",936,897,true],"magazine-7-featured":["http:\/\/perspetivaatual.pt\/wp-content\/uploads\/2022\/11\/PL991245-1024x683.jpeg",1024,683,true],"magazine-7-medium":["http:\/\/perspetivaatual.pt\/wp-content\/uploads\/2022\/11\/PL991245-720x380.jpeg",720,380,true],"magazine-7-medium-square":["http:\/\/perspetivaatual.pt\/wp-content\/uploads\/2022\/11\/PL991245-675x450.jpeg",675,450,true],"rpwe-thumbnail":["http:\/\/perspetivaatual.pt\/wp-content\/uploads\/2022\/11\/PL991245-45x45.jpeg",45,45,true]},"author_info":{"info":[false]},"category_info":"<a href=\"http:\/\/perspetivaatual.pt\/index.php\/category\/destaques\/\" rel=\"category tag\">Destaques<\/a> <a href=\"http:\/\/perspetivaatual.pt\/index.php\/category\/investigacao\/\" rel=\"category tag\">Investiga\u00e7\u00e3o<\/a>","tag_info":"Investiga\u00e7\u00e3o","comment_count":"0","_links":{"self":[{"href":"http:\/\/perspetivaatual.pt\/index.php\/wp-json\/wp\/v2\/posts\/2062","targetHints":{"allow":["GET"]}}],"collection":[{"href":"http:\/\/perspetivaatual.pt\/index.php\/wp-json\/wp\/v2\/posts"}],"about":[{"href":"http:\/\/perspetivaatual.pt\/index.php\/wp-json\/wp\/v2\/types\/post"}],"author":[{"embeddable":true,"href":"http:\/\/perspetivaatual.pt\/index.php\/wp-json\/wp\/v2\/users\/5"}],"replies":[{"embeddable":true,"href":"http:\/\/perspetivaatual.pt\/index.php\/wp-json\/wp\/v2\/comments?post=2062"}],"version-history":[{"count":0,"href":"http:\/\/perspetivaatual.pt\/index.php\/wp-json\/wp\/v2\/posts\/2062\/revisions"}],"wp:featuredmedia":[{"embeddable":true,"href":"http:\/\/perspetivaatual.pt\/index.php\/wp-json\/wp\/v2\/media\/2063"}],"wp:attachment":[{"href":"http:\/\/perspetivaatual.pt\/index.php\/wp-json\/wp\/v2\/media?parent=2062"}],"wp:term":[{"taxonomy":"category","embeddable":true,"href":"http:\/\/perspetivaatual.pt\/index.php\/wp-json\/wp\/v2\/categories?post=2062"},{"taxonomy":"post_tag","embeddable":true,"href":"http:\/\/perspetivaatual.pt\/index.php\/wp-json\/wp\/v2\/tags?post=2062"}],"curies":[{"name":"wp","href":"https:\/\/api.w.org\/{rel}","templated":true}]}}