{"id":2153,"date":"2022-11-12T07:00:00","date_gmt":"2022-11-12T07:00:00","guid":{"rendered":"https:\/\/perspetivaatual.pt\/?p=2153"},"modified":"2022-11-11T11:37:21","modified_gmt":"2022-11-11T11:37:21","slug":"um-oceano-de-descoberta-e-conhecimento","status":"publish","type":"post","link":"http:\/\/perspetivaatual.pt\/index.php\/2022\/11\/12\/um-oceano-de-descoberta-e-conhecimento\/","title":{"rendered":"Um Oceano de descoberta e conhecimento"},"content":{"rendered":"\n<p><strong>Em 2015, foi criado o Centro de I&amp;D \u2013 OKEANOS, que se constituiu como a entidade interna de acolhimento do grupo de investigadores e t\u00e9cnicos que se dedicavam \u00e0 investiga\u00e7\u00e3o em Ci\u00eancias do Mar no campus da Horta da Universidade dos A\u00e7ores (UAc). Em 2020 e pela primeira vez de forma aut\u00f3noma, o Centro OKEANOS foi acreditado e avaliado como excelente, no \u00e2mbito da avalia\u00e7\u00e3o peri\u00f3dica das Unidades de I&amp;D pela FCT. Mais recentemente, em junho de 2022, com a publica\u00e7\u00e3o dos novos estatutos da Universidade dos A\u00e7ores, o OKEANOS passou a ser considerado uma unidade org\u00e2nica separada, assumindo a designa\u00e7\u00e3o de Instituto de Investiga\u00e7\u00e3o em Ci\u00eancias do Mar \u2013 OKEANOS. Esta \u00e9 uma unidade de investiga\u00e7\u00e3o na \u00e1rea das ci\u00eancias do mar, relativamente ecl\u00e9tica em termos daquilo que s\u00e3o as disciplinas cient\u00edficas a que se<br>dedica, as quais contribuem para tem\u00e1ticas como as altera\u00e7\u00f5es globais, as tecnologias marinhas, a economia azul e governan\u00e7a ou a literacia dos oceanos. Neste artigo, s\u00e3o apresentados alguns exemplos de projetos em curso na institui\u00e7\u00e3o.<\/strong><\/p>\n\n\n\n<p><strong>Projeto PESCAz<\/strong><\/p>\n\n\n\n<p>(ref. MAR01.03.02-FEAMP-0039)<\/p>\n\n\n\n<p>O projeto PESCAz, iniciado em 2019, tem como principal objetivo contribuir para o cumprimento das obriga\u00e7\u00f5es internacionais do Estado, no \u00e2mbito do desenvolvimento sustent\u00e1vel, conserva\u00e7\u00e3o dos recursos biol\u00f3gicos marinhos e gest\u00e3o das pescas na Regi\u00e3o Aut\u00f3noma dos A\u00e7ores. O projeto pretende examinar, em conjunto com outros stakeholders da pesca, se o conhecimento cient\u00edfico existente pode ser mais bem utilizado para reduzir as atuais incertezas das avalia\u00e7\u00f5es de unidades populacionais, realizadas pelo Conselho Internacional de Explora\u00e7\u00e3o do Mar, e avaliar as implica\u00e7\u00f5es para a gest\u00e3o da pesca. A curto prazo, o objetivo \u00e9 identificar os principais recursos pesqueiros monitorizados, o tipo de dados institucionais dispon\u00edveis para cada um desses recursos para a avalia\u00e7\u00e3o, o m\u00e9todo de avalia\u00e7\u00e3o aplicado e o estado atual do conhecimento dos stocks. A longo prazo, o objetivo \u00e9 desenvolver metodologias que aumentem a fiabilidade das avalia\u00e7\u00f5es do estado dos recursos, tendo em conta todo o conhecimento relevante dispon\u00edvel.<\/p>\n\n\n\n<div class=\"wp-block-columns is-layout-flex wp-container-core-columns-is-layout-1 wp-block-columns-is-layout-flex\">\n<div class=\"wp-block-column is-layout-flow wp-block-column-is-layout-flow\">\n<p>A investiga\u00e7\u00e3o desenvolvida j\u00e1 permitiu:<br>\u2022 identificar uma lista de 22 stocks priorit\u00e1rios para monitoriza\u00e7\u00e3o nos A\u00e7ores;<br>\u2022 melhorar o conhecimento e as bases de dados cient\u00edficos existentes para esp\u00e9cies comercialmente importantes;<br>\u2022 publicar artigos cient\u00edficos sobre a avalia\u00e7\u00e3o destes recursos (principalmente recorrendo a m\u00e9todos para dados limitados);<\/p>\n<\/div>\n\n\n\n<div class=\"wp-block-column is-layout-flow wp-block-column-is-layout-flow\">\n<div class=\"wp-block-image is-style-default\"><figure class=\"aligncenter size-full\"><img loading=\"lazy\" decoding=\"async\" width=\"940\" height=\"628\" src=\"https:\/\/perspetivaatual.pt\/wp-content\/uploads\/2022\/11\/IMG_0465.png\" alt=\"\" class=\"wp-image-2154\" srcset=\"http:\/\/perspetivaatual.pt\/wp-content\/uploads\/2022\/11\/IMG_0465.png 940w, http:\/\/perspetivaatual.pt\/wp-content\/uploads\/2022\/11\/IMG_0465-300x200.png 300w, http:\/\/perspetivaatual.pt\/wp-content\/uploads\/2022\/11\/IMG_0465-768x513.png 768w, http:\/\/perspetivaatual.pt\/wp-content\/uploads\/2022\/11\/IMG_0465-675x450.png 675w, http:\/\/perspetivaatual.pt\/wp-content\/uploads\/2022\/11\/IMG_0465-600x401.png 600w\" sizes=\"auto, (max-width: 940px) 100vw, 940px\" \/><\/figure><\/div>\n<\/div>\n<\/div>\n\n\n\n<p><br>\u2022 valorizar a integra\u00e7\u00e3o do conhecimento dos pescadores\/armadores em estudos cient\u00edficos;<br>\u2022 produzir uma s\u00e9rie de v\u00eddeos curtos que comp\u00f5em uma a\u00e7\u00e3o de divulga\u00e7\u00e3o cient\u00edfica, direcionada a pescadores regionais sobre a avalia\u00e7\u00e3o e gest\u00e3o pesqueira;<\/p>\n\n\n\n<p>\u2022 colaborar com stakeholders para promover uma maior inclus\u00e3o da comunidade piscat\u00f3ria nos processos cient\u00edficos.<\/p>\n\n\n\n<p><br>At\u00e9 ao fecho do projeto, em dezembro de 2022, ir\u00e1 ainda decorrer uma reuni\u00e3o com os stakeholders relevantes da pesca, onde todos os resultados do PESCAz ser\u00e3o disseminados e discutidos. Estes resultados poder\u00e3o contribuir para o apoio \u00e0 decis\u00e3o e promo\u00e7\u00e3o de boas pr\u00e1ticas na pesca sustent\u00e1vel dos A\u00e7ores, real\u00e7ando aquilo que \u00e9 urgente estudar dos pontos de vista biol\u00f3gicos, ecol\u00f3gicos e sociais.<\/p>\n\n\n\n<hr class=\"wp-block-separator\"\/>\n\n\n\n<p><strong>Projeto AQUAINVERT<\/strong><br>(INTERREG MAC 2014-2020, 2\/1.1a\/282 AQUAINVERT)<\/p>\n\n\n\n<p>Cofinanciado pelo programa operacional de coopera\u00e7\u00e3o transfronteiri\u00e7o Madeira-A\u00e7ores-Can\u00e1rias (INTERREG \u2013 MAC 2014-2020), o projeto AQUAINVERT assenta na coopera\u00e7\u00e3o e desenvolvimento conjunto de capacidades t\u00e9cnico-cient\u00edficas que promovem a aquicultura sustent\u00e1vel de invertebrados marinhos na Macaron\u00e9sia. O projeto foi iniciado no final de 2019 e, para al\u00e9m do Laborat\u00f3rio Experimental de Aquacultura (AquaLab) do Instituto de Investiga\u00e7\u00e3o em Ci\u00eancias do Mar \u2013 Okeanos, da Universidade dos A\u00e7ores, conta com a participa\u00e7\u00e3o do Centro de Maricultura da Calheta, atrav\u00e9s do Observat\u00f3rio Oce\u00e2nico da Madeira (OOM\/ARDITI) e do Instituto Universit\u00e1rio de Aquacultura e Ecossistemas Marinhos Sustent\u00e1veis (IU-ECOAQUA), da Universidade de Las Palmas de Gran Canaria.\u00a0<\/p>\n\n\n\n<p>De uma forma geral, o projeto resulta das necessidades regionais de criar conhecimento e condi\u00e7\u00f5es para a diversifica\u00e7\u00e3o da produ\u00e7\u00e3o de organismos marinhos, atrav\u00e9s de uma aquicultura sustent\u00e1vel. Da\u00ed que o projeto AQUAINVERT foque a sua aten\u00e7\u00e3o no cultivo de esp\u00e9cies de baixo n\u00edvel tr\u00f3fico invertebrados marinhos e algas \u2013 o que ir\u00e1 permitir uma produ\u00e7\u00e3o de baixo impacto ambiental e de baixa pegada de carbono.\u00a0<\/p>\n\n\n\n<div class=\"wp-block-columns is-layout-flex wp-container-core-columns-is-layout-2 wp-block-columns-is-layout-flex\">\n<div class=\"wp-block-column is-layout-flow wp-block-column-is-layout-flow\" style=\"flex-basis:50%\">\n<p>Os objetivos concretos do projeto s\u00e3o:\u00a0<br>\u2022 a cria\u00e7\u00e3o de uma plataforma de interc\u00e2mbio conjunta para o desenvolvimento de t\u00e9cnicas de aquicultura sustent\u00e1vel em regi\u00f5es ultraperif\u00e9ricas;\u00a0<br>\u2022 fortalecer o conhecimento dos centros de investiga\u00e7\u00e3o sobre t\u00e9cnicas de produ\u00e7\u00e3o de invertebrados de interesse comercial para auxiliar na diversifica\u00e7\u00e3o das atividades do setor;<\/p>\n\n\n\n<p><\/p>\n<\/div>\n\n\n\n<div class=\"wp-block-column is-layout-flow wp-block-column-is-layout-flow\" style=\"flex-basis:50%\">\n<figure class=\"wp-block-image size-full is-style-default\"><img loading=\"lazy\" decoding=\"async\" width=\"927\" height=\"618\" src=\"https:\/\/perspetivaatual.pt\/wp-content\/uploads\/2022\/11\/IMG_0293.png\" alt=\"\" class=\"wp-image-2158\" srcset=\"http:\/\/perspetivaatual.pt\/wp-content\/uploads\/2022\/11\/IMG_0293.png 927w, http:\/\/perspetivaatual.pt\/wp-content\/uploads\/2022\/11\/IMG_0293-300x200.png 300w, http:\/\/perspetivaatual.pt\/wp-content\/uploads\/2022\/11\/IMG_0293-768x512.png 768w, http:\/\/perspetivaatual.pt\/wp-content\/uploads\/2022\/11\/IMG_0293-675x450.png 675w, http:\/\/perspetivaatual.pt\/wp-content\/uploads\/2022\/11\/IMG_0293-600x400.png 600w\" sizes=\"auto, (max-width: 927px) 100vw, 927px\" \/><\/figure>\n<\/div>\n<\/div>\n\n\n\n<p> \u2022 a avalia\u00e7\u00e3o do potencial para o desenvolvimento de t\u00e9cnicas de aquicultura multitr\u00f3fica integrada (IMTA) na Macaron\u00e9sia.  <\/p>\n\n\n\n<p>A investiga\u00e7\u00e3o realizada no AQUALAB tem-se focado quer na adapta\u00e7\u00e3o e aperfei\u00e7oamento das t\u00e9cnicas de cultivo de Haliotis tuberculata, esp\u00e9cie comummente conhecida como lapa burra ou abalone, quer no desenvolvimento de novas t\u00e9cnicas para o cultivo das esp\u00e9cies, localmente muito apreciadas, lapa brava e lapa mansa (Patella aspera e Patella candei). O desenvolvimento das t\u00e9cnicas de produ\u00e7\u00e3o de lapas (Patella sp.) torna-se ainda mais importante se considerarmos que estas esp\u00e9cies, no ambiente natural, est\u00e3o sujeitas a uma elevada press\u00e3o de pesca que, no passado, colocou em risco o seu estado de conserva\u00e7\u00e3o.<\/p>\n\n\n\n<hr class=\"wp-block-separator\"\/>\n\n\n\n<p><strong>Deep Rest &#8211; Conservation &amp; restoration of deep-sea ecosystems in the context of deep-sea mining<\/strong><br>(M2.2\/DEEPREST\/004\/2022)<\/p>\n\n\n\n<div class=\"wp-block-columns is-layout-flex wp-container-core-columns-is-layout-3 wp-block-columns-is-layout-flex\">\n<div class=\"wp-block-column is-layout-flow wp-block-column-is-layout-flow\" style=\"flex-basis:50%\">\n<p>Longe da vista longe do cora\u00e7\u00e3o, o mar profundo \u00e9 o maior bioma do planeta, ocupando 92% dos oceanos e, no entanto, um dos mais desconhecidos e inacess\u00edveis. Engloba v\u00e1rios ecossistemas, desde as fontes hidrotermais, os corais de \u00e1guas frias e as esponjas de vidro at\u00e9 \u00e0s vastas plan\u00edcies abissais. Apesar de ser considerado pristino, j\u00e1 se observam impactos das altera\u00e7\u00f5es clim\u00e1ticas, das pescas e amea\u00e7as de futuras atividades antropog\u00e9nicas, (exemplo: a minera\u00e7\u00e3o do mar profundo), colocando estes ecossistemas em risco. <\/p>\n<\/div>\n\n\n\n<div class=\"wp-block-column is-layout-flow wp-block-column-is-layout-flow\" style=\"flex-basis:50%\">\n<figure class=\"wp-block-image size-large is-resized is-style-default\"><img loading=\"lazy\" decoding=\"async\" src=\"https:\/\/perspetivaatual.pt\/wp-content\/uploads\/2022\/11\/Fonte_hidrotermal-1024x768.jpg\" alt=\"\" class=\"wp-image-2157\" width=\"405\" height=\"304\" srcset=\"http:\/\/perspetivaatual.pt\/wp-content\/uploads\/2022\/11\/Fonte_hidrotermal-1024x768.jpg 1024w, http:\/\/perspetivaatual.pt\/wp-content\/uploads\/2022\/11\/Fonte_hidrotermal-300x225.jpg 300w, http:\/\/perspetivaatual.pt\/wp-content\/uploads\/2022\/11\/Fonte_hidrotermal-768x576.jpg 768w, http:\/\/perspetivaatual.pt\/wp-content\/uploads\/2022\/11\/Fonte_hidrotermal-1536x1152.jpg 1536w, http:\/\/perspetivaatual.pt\/wp-content\/uploads\/2022\/11\/Fonte_hidrotermal-600x450.jpg 600w, http:\/\/perspetivaatual.pt\/wp-content\/uploads\/2022\/11\/Fonte_hidrotermal.jpg 2048w\" sizes=\"auto, (max-width: 405px) 100vw, 405px\" \/><\/figure>\n<\/div>\n<\/div>\n\n\n\n<p>O projeto DEEP REST desenvolver\u00e1 uma nova abordagem para melhorar a capacidade de conserva\u00e7\u00e3o e restauro em dois ecossistemas do mar profundo, amea\u00e7ados pela minera\u00e7\u00e3o: os campos de n\u00f3dulos de mangan\u00eas nas plan\u00edcies abissais e as fontes hidrotermais nas dorsais oce\u00e2nicas. <\/p>\n\n\n\n<p>Tem como principais objetivos:<br>\u2022 investigar e comparar a diferentes escalas a biodiversidade, o funcionamento e a conectividade dos ecossistemas e relacion\u00e1-los com as condi\u00e7\u00f5es ambientais;<br>\u2022 avaliar o potencial de restauro e a resili\u00eancia das comunidades de mar profundo a diferentes graus de perturba\u00e7\u00e3o, bem como identificar indicadores e pontos cr\u00edticos;<br>\u2022 testar a efic\u00e1cia de diferentes a\u00e7\u00f5es de restauro na recupera\u00e7\u00e3o das comunidades;<br>\u2022 proporcionar orienta\u00e7\u00e3o cient\u00edfica n\u00e3o s\u00f3 \u00e0s partes interessadas como tamb\u00e9m aos decisores pol\u00edticos, a fim de assegurar uma melhor gest\u00e3o dos recursos do mar profundo.<\/p>\n\n\n\n<p>A novidade inerente do DEEP REST diz respeito \u00e0 integra\u00e7\u00e3o de dados ambientais e biol\u00f3gicos e \u00e0 compara\u00e7\u00e3o de processos ecol\u00f3gicos entre dois ecossistemas distintos, a fim de identificar as principais caracter\u00edsticas e fun\u00e7\u00f5es que possam vir a afetar a resili\u00eancia das comunidades. Embora geralmente a conserva\u00e7\u00e3o e a recupera\u00e7\u00e3o tenham bastante potencial para mitigar os impactos, \u00e9 essencial investigar se esse m\u00e9todo \u00e9 suficientemente eficaz nestes ecossistemas, em concreto no caso da minera\u00e7\u00e3o.<br>A elabora\u00e7\u00e3o de a\u00e7\u00f5es de restauro adequadas e as estrat\u00e9gias de conserva\u00e7\u00e3o abrangem tamb\u00e9m uma dimens\u00e3o socioecon\u00f3mica. Para al\u00e9m dos recursos minerais, os ecossistemas de mar profundo fornecem uma ampla gama de servi\u00e7os, desde absor\u00e7\u00e3o de CO2 e de calor, reciclagem de nutrientes, entre outros, sendo urgente a implementa\u00e7\u00e3o de uma estrutura de conserva\u00e7\u00e3o antes do in\u00edcio da sua explora\u00e7\u00e3o.<br>Esta investiga\u00e7\u00e3o \u00e9 financiada pelo programa BiodivRestore ERA-Net COFUND atrav\u00e9s do concurso conjunto 2019-2020 Biodiversa &amp; Water JPI, e com o financiamento das ag\u00eancias ANR; FWO; VDI\/VDE-It; EPA; LNV; FCT; FRCT; AEI.<\/p>\n\n\n\n<hr class=\"wp-block-separator\"\/>\n\n\n\n<p><strong>Projeto EcoDivePWN<\/strong><\/p>\n\n\n\n<div class=\"wp-block-columns is-layout-flex wp-container-core-columns-is-layout-4 wp-block-columns-is-layout-flex\">\n<div class=\"wp-block-column is-layout-flow wp-block-column-is-layout-flow\" style=\"flex-basis:50%\">\n<p>Os A\u00e7ores s\u00e3o, simultaneamente, um dos melhores laborat\u00f3rios naturais para o estudo de megafauna oce\u00e2nica e o melhor destino da Europa de ecoturismo marinho dirigido aos gigantes marinhos: tubar\u00f5es, jamantas e cet\u00e1ceos.<br>O projeto EcoDivePWN, do instituto de investiga\u00e7\u00e3o Okeanos-UAc, foi desenhado para preencher lacunas importantes do conhecimento da ecologia de alguns destes grandes migradores oce\u00e2nicos &#8211; tubar\u00f5es e jamantas -, e os impactos de atividades antropog\u00e9nicas num oceano em transforma\u00e7\u00e3o. <\/p>\n\n\n\n<p><\/p>\n<\/div>\n\n\n\n<div class=\"wp-block-column is-layout-flow wp-block-column-is-layout-flow\" style=\"flex-basis:50%\">\n<div class=\"wp-block-image is-style-default\"><figure class=\"aligncenter size-full is-resized\"><img loading=\"lazy\" decoding=\"async\" src=\"https:\/\/perspetivaatual.pt\/wp-content\/uploads\/2022\/11\/jamantas-1.jpg\" alt=\"\" class=\"wp-image-2159\" width=\"401\" height=\"321\" srcset=\"http:\/\/perspetivaatual.pt\/wp-content\/uploads\/2022\/11\/jamantas-1.jpg 625w, http:\/\/perspetivaatual.pt\/wp-content\/uploads\/2022\/11\/jamantas-1-300x240.jpg 300w, http:\/\/perspetivaatual.pt\/wp-content\/uploads\/2022\/11\/jamantas-1-600x481.jpg 600w\" sizes=\"auto, (max-width: 401px) 100vw, 401px\" \/><\/figure><\/div>\n<\/div>\n<\/div>\n\n\n\n<p>Esta informa\u00e7\u00e3o ecol\u00f3gica \u00e9 essencial para apoiar a gest\u00e3o inteligente e o uso sustent\u00e1vel destes recursos que, ao longo da \u00faltima d\u00e9cada, t\u00eam vindo a ganhar cada vez maior relev\u00e2ncia econ\u00f3mica e social, nos A\u00e7ores e no mundo.  <\/p>\n\n\n\n<p>Paralelamente, o projeto desenvolveu tecnologia n\u00e3o invasiva inovadora a n\u00edvel mundial, desenhada especificamente para jamantas e tubar\u00f5es oce\u00e2nicos, em alternativa aos m\u00e9todos cl\u00e1ssicos. At\u00e9 agora, instrumentar estes animais implicava, normalmente, capturar e manipular, com impactos de curto e m\u00e9dio prazo que condicionavam o seu comportamento. <br>Por outro lado, a utiliza\u00e7\u00e3o de m\u00e9todos n\u00e3o invasivos \u00e9 aceite pela ind\u00fastria do ecoturismo, focada num p\u00fablico especializado e exigente, com elevada consci\u00eancia ambiental que valoriza o conhecimento e a sustentabilidade.<br>Atingir estes objetivos foi poss\u00edvel gra\u00e7as \u00e0 parceria com o maior centro de engenharia do pa\u00eds, CEiiA, e outras institui\u00e7\u00f5es privadas e acad\u00e9micas de relevo internacional, com financiamento institucional, p\u00fablico e privado, sobretudo do programa PO A\u00e7ores 2020, BBC e da funda\u00e7\u00e3o proWIN pro nature.<\/p>\n\n\n\n<p><br>Nos \u00faltimos anos, realiz\u00e1mos centenas de miss\u00f5es, com foco nos A\u00e7ores, para marca\u00e7\u00e3o do tubar\u00e3o azul, de jamantas e do tubar\u00e3o-baleia, com resultados in\u00e9ditos que desafiam, em alguns casos, a imagem que t\u00ednhamos destes animais. Ao longo do caminho, e com uma pandemia pelo meio, desenvolvemos colabora\u00e7\u00f5es com outros investigadores que nos levaram a mergulhar entre tubar\u00f5es e jamantas das Gal\u00e1pagos, Filipinas e Havai, j\u00e1 com a pr\u00f3xima miss\u00e3o prevista para o M\u00e9xico.<\/p>\n","protected":false},"excerpt":{"rendered":"<p>Em 2015, foi criado o Centro de I&amp;D \u2013 OKEANOS, que se constituiu como a<\/p>\n","protected":false},"author":5,"featured_media":2164,"comment_status":"open","ping_status":"open","sticky":false,"template":"","format":"standard","meta":{"footnotes":""},"categories":[165],"tags":[190,84,196,195],"class_list":["post-2153","post","type-post","status-publish","format-standard","has-post-thumbnail","hentry","category-investigacao","tag-acores","tag-investigacao","tag-oceanos","tag-okeanos"],"yoast_head":"<!-- This site is optimized with the Yoast SEO plugin v24.2 - https:\/\/yoast.com\/wordpress\/plugins\/seo\/ -->\n<title>Um Oceano de descoberta e conhecimento - Perspetiva Atual<\/title>\n<meta name=\"description\" content=\"Em 2015, foi criado o Centro de I&amp;D \u2013 OKEANOS, que se constituiu como a entidade interna de acolhimento do grupo de investigadores...\" \/>\n<meta name=\"robots\" content=\"index, follow, max-snippet:-1, max-image-preview:large, max-video-preview:-1\" \/>\n<link rel=\"canonical\" href=\"http:\/\/perspetivaatual.pt\/index.php\/2022\/11\/12\/um-oceano-de-descoberta-e-conhecimento\/\" \/>\n<meta property=\"og:locale\" content=\"pt_PT\" \/>\n<meta property=\"og:type\" content=\"article\" \/>\n<meta property=\"og:title\" content=\"Um Oceano de descoberta e conhecimento - Perspetiva Atual\" \/>\n<meta property=\"og:description\" content=\"Em 2015, foi criado o Centro de I&amp;D \u2013 OKEANOS, que se constituiu como a entidade interna de acolhimento do grupo de investigadores...\" \/>\n<meta property=\"og:url\" content=\"http:\/\/perspetivaatual.pt\/index.php\/2022\/11\/12\/um-oceano-de-descoberta-e-conhecimento\/\" \/>\n<meta property=\"og:site_name\" content=\"Perspetiva Atual\" \/>\n<meta property=\"article:published_time\" content=\"2022-11-12T07:00:00+00:00\" \/>\n<meta property=\"article:modified_time\" content=\"2022-11-11T11:37:21+00:00\" \/>\n<meta property=\"og:image\" content=\"http:\/\/perspetivaatual.pt\/wp-content\/uploads\/2022\/11\/Okeanos_cor.png\" \/>\n\t<meta property=\"og:image:width\" content=\"4251\" \/>\n\t<meta property=\"og:image:height\" content=\"2544\" \/>\n\t<meta property=\"og:image:type\" content=\"image\/png\" \/>\n<meta name=\"author\" content=\"Jo\u00e3o Malainho Perspetiva Atual\" \/>\n<meta name=\"twitter:card\" content=\"summary_large_image\" \/>\n<meta name=\"twitter:label1\" content=\"Escrito por\" \/>\n\t<meta name=\"twitter:data1\" content=\"\" \/>\n\t<meta name=\"twitter:label2\" content=\"Tempo estimado de leitura\" \/>\n\t<meta name=\"twitter:data2\" content=\"8 minutos\" \/>\n<script type=\"application\/ld+json\" class=\"yoast-schema-graph\">{\"@context\":\"https:\/\/schema.org\",\"@graph\":[{\"@type\":\"Article\",\"@id\":\"http:\/\/perspetivaatual.pt\/index.php\/2022\/11\/12\/um-oceano-de-descoberta-e-conhecimento\/#article\",\"isPartOf\":{\"@id\":\"http:\/\/perspetivaatual.pt\/index.php\/2022\/11\/12\/um-oceano-de-descoberta-e-conhecimento\/\"},\"author\":{\"name\":\"Jo\u00e3o Malainho Perspetiva Atual\",\"@id\":\"https:\/\/perspetivaatual.pt\/#\/schema\/person\/4c9d5a8b179d047c3220dfa32fd6b658\"},\"headline\":\"Um Oceano de descoberta e conhecimento\",\"datePublished\":\"2022-11-12T07:00:00+00:00\",\"dateModified\":\"2022-11-11T11:37:21+00:00\",\"mainEntityOfPage\":{\"@id\":\"http:\/\/perspetivaatual.pt\/index.php\/2022\/11\/12\/um-oceano-de-descoberta-e-conhecimento\/\"},\"wordCount\":1740,\"commentCount\":0,\"publisher\":{\"@id\":\"https:\/\/perspetivaatual.pt\/#organization\"},\"image\":{\"@id\":\"http:\/\/perspetivaatual.pt\/index.php\/2022\/11\/12\/um-oceano-de-descoberta-e-conhecimento\/#primaryimage\"},\"thumbnailUrl\":\"http:\/\/perspetivaatual.pt\/wp-content\/uploads\/2022\/11\/Okeanos_cor.png\",\"keywords\":[\"A\u00e7ores\",\"Investiga\u00e7\u00e3o\",\"Oceanos\",\"Okeanos\"],\"articleSection\":[\"Investiga\u00e7\u00e3o\"],\"inLanguage\":\"pt-PT\",\"potentialAction\":[{\"@type\":\"CommentAction\",\"name\":\"Comment\",\"target\":[\"http:\/\/perspetivaatual.pt\/index.php\/2022\/11\/12\/um-oceano-de-descoberta-e-conhecimento\/#respond\"]}]},{\"@type\":\"WebPage\",\"@id\":\"http:\/\/perspetivaatual.pt\/index.php\/2022\/11\/12\/um-oceano-de-descoberta-e-conhecimento\/\",\"url\":\"http:\/\/perspetivaatual.pt\/index.php\/2022\/11\/12\/um-oceano-de-descoberta-e-conhecimento\/\",\"name\":\"Um Oceano de descoberta e conhecimento - Perspetiva Atual\",\"isPartOf\":{\"@id\":\"https:\/\/perspetivaatual.pt\/#website\"},\"primaryImageOfPage\":{\"@id\":\"http:\/\/perspetivaatual.pt\/index.php\/2022\/11\/12\/um-oceano-de-descoberta-e-conhecimento\/#primaryimage\"},\"image\":{\"@id\":\"http:\/\/perspetivaatual.pt\/index.php\/2022\/11\/12\/um-oceano-de-descoberta-e-conhecimento\/#primaryimage\"},\"thumbnailUrl\":\"http:\/\/perspetivaatual.pt\/wp-content\/uploads\/2022\/11\/Okeanos_cor.png\",\"datePublished\":\"2022-11-12T07:00:00+00:00\",\"dateModified\":\"2022-11-11T11:37:21+00:00\",\"description\":\"Em 2015, foi criado o Centro de I&D \u2013 OKEANOS, que se constituiu como a entidade interna de acolhimento do grupo de investigadores...\",\"breadcrumb\":{\"@id\":\"http:\/\/perspetivaatual.pt\/index.php\/2022\/11\/12\/um-oceano-de-descoberta-e-conhecimento\/#breadcrumb\"},\"inLanguage\":\"pt-PT\",\"potentialAction\":[{\"@type\":\"ReadAction\",\"target\":[\"http:\/\/perspetivaatual.pt\/index.php\/2022\/11\/12\/um-oceano-de-descoberta-e-conhecimento\/\"]}]},{\"@type\":\"ImageObject\",\"inLanguage\":\"pt-PT\",\"@id\":\"http:\/\/perspetivaatual.pt\/index.php\/2022\/11\/12\/um-oceano-de-descoberta-e-conhecimento\/#primaryimage\",\"url\":\"http:\/\/perspetivaatual.pt\/wp-content\/uploads\/2022\/11\/Okeanos_cor.png\",\"contentUrl\":\"http:\/\/perspetivaatual.pt\/wp-content\/uploads\/2022\/11\/Okeanos_cor.png\",\"width\":4251,\"height\":2544},{\"@type\":\"BreadcrumbList\",\"@id\":\"http:\/\/perspetivaatual.pt\/index.php\/2022\/11\/12\/um-oceano-de-descoberta-e-conhecimento\/#breadcrumb\",\"itemListElement\":[{\"@type\":\"ListItem\",\"position\":1,\"name\":\"Home\",\"item\":\"https:\/\/perspetivaatual.pt\/\"},{\"@type\":\"ListItem\",\"position\":2,\"name\":\"Um Oceano de descoberta e conhecimento\"}]},{\"@type\":\"WebSite\",\"@id\":\"https:\/\/perspetivaatual.pt\/#website\",\"url\":\"https:\/\/perspetivaatual.pt\/\",\"name\":\"Perspetiva Atual\",\"description\":\"Olhar Portugal, de diferentes formas\",\"publisher\":{\"@id\":\"https:\/\/perspetivaatual.pt\/#organization\"},\"potentialAction\":[{\"@type\":\"SearchAction\",\"target\":{\"@type\":\"EntryPoint\",\"urlTemplate\":\"https:\/\/perspetivaatual.pt\/?s={search_term_string}\"},\"query-input\":{\"@type\":\"PropertyValueSpecification\",\"valueRequired\":true,\"valueName\":\"search_term_string\"}}],\"inLanguage\":\"pt-PT\"},{\"@type\":\"Organization\",\"@id\":\"https:\/\/perspetivaatual.pt\/#organization\",\"name\":\"Perspetiva Atual\",\"url\":\"https:\/\/perspetivaatual.pt\/\",\"logo\":{\"@type\":\"ImageObject\",\"inLanguage\":\"pt-PT\",\"@id\":\"https:\/\/perspetivaatual.pt\/#\/schema\/logo\/image\/\",\"url\":\"http:\/\/perspetivaatual.pt\/wp-content\/uploads\/2020\/08\/cropped-perspetiva_atual-.png\",\"contentUrl\":\"http:\/\/perspetivaatual.pt\/wp-content\/uploads\/2020\/08\/cropped-perspetiva_atual-.png\",\"width\":618,\"height\":202,\"caption\":\"Perspetiva Atual\"},\"image\":{\"@id\":\"https:\/\/perspetivaatual.pt\/#\/schema\/logo\/image\/\"}},{\"@type\":\"Person\",\"@id\":\"https:\/\/perspetivaatual.pt\/#\/schema\/person\/4c9d5a8b179d047c3220dfa32fd6b658\",\"name\":\"Jo\u00e3o Malainho Perspetiva Atual\",\"image\":{\"@type\":\"ImageObject\",\"inLanguage\":\"pt-PT\",\"@id\":\"https:\/\/perspetivaatual.pt\/#\/schema\/person\/image\/\",\"url\":\"https:\/\/secure.gravatar.com\/avatar\/fd918e8a58374b02896337d62716969a?s=96&d=mm&r=g\",\"contentUrl\":\"https:\/\/secure.gravatar.com\/avatar\/fd918e8a58374b02896337d62716969a?s=96&d=mm&r=g\",\"caption\":\"Jo\u00e3o Malainho Perspetiva Atual\"},\"sameAs\":[\"http:\/\/perspetivaatual.pt\"],\"url\":\"http:\/\/perspetivaatual.pt\/index.php\/author\/joaomalainhoii\/\"}]}<\/script>\n<!-- \/ Yoast SEO plugin. -->","yoast_head_json":{"title":"Um Oceano de descoberta e conhecimento - Perspetiva Atual","description":"Em 2015, foi criado o Centro de I&D \u2013 OKEANOS, que se constituiu como a entidade interna de acolhimento do grupo de investigadores...","robots":{"index":"index","follow":"follow","max-snippet":"max-snippet:-1","max-image-preview":"max-image-preview:large","max-video-preview":"max-video-preview:-1"},"canonical":"http:\/\/perspetivaatual.pt\/index.php\/2022\/11\/12\/um-oceano-de-descoberta-e-conhecimento\/","og_locale":"pt_PT","og_type":"article","og_title":"Um Oceano de descoberta e conhecimento - Perspetiva Atual","og_description":"Em 2015, foi criado o Centro de I&D \u2013 OKEANOS, que se constituiu como a entidade interna de acolhimento do grupo de investigadores...","og_url":"http:\/\/perspetivaatual.pt\/index.php\/2022\/11\/12\/um-oceano-de-descoberta-e-conhecimento\/","og_site_name":"Perspetiva Atual","article_published_time":"2022-11-12T07:00:00+00:00","article_modified_time":"2022-11-11T11:37:21+00:00","og_image":[{"width":4251,"height":2544,"url":"http:\/\/perspetivaatual.pt\/wp-content\/uploads\/2022\/11\/Okeanos_cor.png","type":"image\/png"}],"author":"Jo\u00e3o Malainho Perspetiva Atual","twitter_card":"summary_large_image","twitter_misc":{"Escrito por":false,"Tempo estimado de leitura":"8 minutos"},"schema":{"@context":"https:\/\/schema.org","@graph":[{"@type":"Article","@id":"http:\/\/perspetivaatual.pt\/index.php\/2022\/11\/12\/um-oceano-de-descoberta-e-conhecimento\/#article","isPartOf":{"@id":"http:\/\/perspetivaatual.pt\/index.php\/2022\/11\/12\/um-oceano-de-descoberta-e-conhecimento\/"},"author":{"name":"Jo\u00e3o Malainho Perspetiva Atual","@id":"https:\/\/perspetivaatual.pt\/#\/schema\/person\/4c9d5a8b179d047c3220dfa32fd6b658"},"headline":"Um Oceano de descoberta e conhecimento","datePublished":"2022-11-12T07:00:00+00:00","dateModified":"2022-11-11T11:37:21+00:00","mainEntityOfPage":{"@id":"http:\/\/perspetivaatual.pt\/index.php\/2022\/11\/12\/um-oceano-de-descoberta-e-conhecimento\/"},"wordCount":1740,"commentCount":0,"publisher":{"@id":"https:\/\/perspetivaatual.pt\/#organization"},"image":{"@id":"http:\/\/perspetivaatual.pt\/index.php\/2022\/11\/12\/um-oceano-de-descoberta-e-conhecimento\/#primaryimage"},"thumbnailUrl":"http:\/\/perspetivaatual.pt\/wp-content\/uploads\/2022\/11\/Okeanos_cor.png","keywords":["A\u00e7ores","Investiga\u00e7\u00e3o","Oceanos","Okeanos"],"articleSection":["Investiga\u00e7\u00e3o"],"inLanguage":"pt-PT","potentialAction":[{"@type":"CommentAction","name":"Comment","target":["http:\/\/perspetivaatual.pt\/index.php\/2022\/11\/12\/um-oceano-de-descoberta-e-conhecimento\/#respond"]}]},{"@type":"WebPage","@id":"http:\/\/perspetivaatual.pt\/index.php\/2022\/11\/12\/um-oceano-de-descoberta-e-conhecimento\/","url":"http:\/\/perspetivaatual.pt\/index.php\/2022\/11\/12\/um-oceano-de-descoberta-e-conhecimento\/","name":"Um Oceano de descoberta e conhecimento - Perspetiva Atual","isPartOf":{"@id":"https:\/\/perspetivaatual.pt\/#website"},"primaryImageOfPage":{"@id":"http:\/\/perspetivaatual.pt\/index.php\/2022\/11\/12\/um-oceano-de-descoberta-e-conhecimento\/#primaryimage"},"image":{"@id":"http:\/\/perspetivaatual.pt\/index.php\/2022\/11\/12\/um-oceano-de-descoberta-e-conhecimento\/#primaryimage"},"thumbnailUrl":"http:\/\/perspetivaatual.pt\/wp-content\/uploads\/2022\/11\/Okeanos_cor.png","datePublished":"2022-11-12T07:00:00+00:00","dateModified":"2022-11-11T11:37:21+00:00","description":"Em 2015, foi criado o Centro de I&D \u2013 OKEANOS, que se constituiu como a entidade interna de acolhimento do grupo de investigadores...","breadcrumb":{"@id":"http:\/\/perspetivaatual.pt\/index.php\/2022\/11\/12\/um-oceano-de-descoberta-e-conhecimento\/#breadcrumb"},"inLanguage":"pt-PT","potentialAction":[{"@type":"ReadAction","target":["http:\/\/perspetivaatual.pt\/index.php\/2022\/11\/12\/um-oceano-de-descoberta-e-conhecimento\/"]}]},{"@type":"ImageObject","inLanguage":"pt-PT","@id":"http:\/\/perspetivaatual.pt\/index.php\/2022\/11\/12\/um-oceano-de-descoberta-e-conhecimento\/#primaryimage","url":"http:\/\/perspetivaatual.pt\/wp-content\/uploads\/2022\/11\/Okeanos_cor.png","contentUrl":"http:\/\/perspetivaatual.pt\/wp-content\/uploads\/2022\/11\/Okeanos_cor.png","width":4251,"height":2544},{"@type":"BreadcrumbList","@id":"http:\/\/perspetivaatual.pt\/index.php\/2022\/11\/12\/um-oceano-de-descoberta-e-conhecimento\/#breadcrumb","itemListElement":[{"@type":"ListItem","position":1,"name":"Home","item":"https:\/\/perspetivaatual.pt\/"},{"@type":"ListItem","position":2,"name":"Um Oceano de descoberta e conhecimento"}]},{"@type":"WebSite","@id":"https:\/\/perspetivaatual.pt\/#website","url":"https:\/\/perspetivaatual.pt\/","name":"Perspetiva Atual","description":"Olhar Portugal, de diferentes formas","publisher":{"@id":"https:\/\/perspetivaatual.pt\/#organization"},"potentialAction":[{"@type":"SearchAction","target":{"@type":"EntryPoint","urlTemplate":"https:\/\/perspetivaatual.pt\/?s={search_term_string}"},"query-input":{"@type":"PropertyValueSpecification","valueRequired":true,"valueName":"search_term_string"}}],"inLanguage":"pt-PT"},{"@type":"Organization","@id":"https:\/\/perspetivaatual.pt\/#organization","name":"Perspetiva Atual","url":"https:\/\/perspetivaatual.pt\/","logo":{"@type":"ImageObject","inLanguage":"pt-PT","@id":"https:\/\/perspetivaatual.pt\/#\/schema\/logo\/image\/","url":"http:\/\/perspetivaatual.pt\/wp-content\/uploads\/2020\/08\/cropped-perspetiva_atual-.png","contentUrl":"http:\/\/perspetivaatual.pt\/wp-content\/uploads\/2020\/08\/cropped-perspetiva_atual-.png","width":618,"height":202,"caption":"Perspetiva Atual"},"image":{"@id":"https:\/\/perspetivaatual.pt\/#\/schema\/logo\/image\/"}},{"@type":"Person","@id":"https:\/\/perspetivaatual.pt\/#\/schema\/person\/4c9d5a8b179d047c3220dfa32fd6b658","name":"Jo\u00e3o Malainho Perspetiva Atual","image":{"@type":"ImageObject","inLanguage":"pt-PT","@id":"https:\/\/perspetivaatual.pt\/#\/schema\/person\/image\/","url":"https:\/\/secure.gravatar.com\/avatar\/fd918e8a58374b02896337d62716969a?s=96&d=mm&r=g","contentUrl":"https:\/\/secure.gravatar.com\/avatar\/fd918e8a58374b02896337d62716969a?s=96&d=mm&r=g","caption":"Jo\u00e3o Malainho Perspetiva Atual"},"sameAs":["http:\/\/perspetivaatual.pt"],"url":"http:\/\/perspetivaatual.pt\/index.php\/author\/joaomalainhoii\/"}]}},"featured_image_urls":{"full":["http:\/\/perspetivaatual.pt\/wp-content\/uploads\/2022\/11\/Okeanos_cor.png",4251,2544,false],"thumbnail":["http:\/\/perspetivaatual.pt\/wp-content\/uploads\/2022\/11\/Okeanos_cor-150x150.png",150,150,true],"medium":["http:\/\/perspetivaatual.pt\/wp-content\/uploads\/2022\/11\/Okeanos_cor-300x180.png",300,180,true],"medium_large":["http:\/\/perspetivaatual.pt\/wp-content\/uploads\/2022\/11\/Okeanos_cor-768x460.png",640,383,true],"large":["http:\/\/perspetivaatual.pt\/wp-content\/uploads\/2022\/11\/Okeanos_cor-1024x613.png",640,383,true],"1536x1536":["http:\/\/perspetivaatual.pt\/wp-content\/uploads\/2022\/11\/Okeanos_cor-1536x919.png",1536,919,true],"2048x2048":["http:\/\/perspetivaatual.pt\/wp-content\/uploads\/2022\/11\/Okeanos_cor-2048x1226.png",2048,1226,true],"magazine-7-slider-full":["http:\/\/perspetivaatual.pt\/wp-content\/uploads\/2022\/11\/Okeanos_cor-1536x1020.png",1536,1020,true],"magazine-7-slider-center":["http:\/\/perspetivaatual.pt\/wp-content\/uploads\/2022\/11\/Okeanos_cor-936x897.png",936,897,true],"magazine-7-featured":["http:\/\/perspetivaatual.pt\/wp-content\/uploads\/2022\/11\/Okeanos_cor-1024x613.png",1024,613,true],"magazine-7-medium":["http:\/\/perspetivaatual.pt\/wp-content\/uploads\/2022\/11\/Okeanos_cor-720x380.png",720,380,true],"magazine-7-medium-square":["http:\/\/perspetivaatual.pt\/wp-content\/uploads\/2022\/11\/Okeanos_cor-675x450.png",675,450,true],"rpwe-thumbnail":["http:\/\/perspetivaatual.pt\/wp-content\/uploads\/2022\/11\/Okeanos_cor-45x45.png",45,45,true]},"author_info":{"info":[false]},"category_info":"<a href=\"http:\/\/perspetivaatual.pt\/index.php\/category\/investigacao\/\" rel=\"category tag\">Investiga\u00e7\u00e3o<\/a>","tag_info":"Investiga\u00e7\u00e3o","comment_count":"0","_links":{"self":[{"href":"http:\/\/perspetivaatual.pt\/index.php\/wp-json\/wp\/v2\/posts\/2153","targetHints":{"allow":["GET"]}}],"collection":[{"href":"http:\/\/perspetivaatual.pt\/index.php\/wp-json\/wp\/v2\/posts"}],"about":[{"href":"http:\/\/perspetivaatual.pt\/index.php\/wp-json\/wp\/v2\/types\/post"}],"author":[{"embeddable":true,"href":"http:\/\/perspetivaatual.pt\/index.php\/wp-json\/wp\/v2\/users\/5"}],"replies":[{"embeddable":true,"href":"http:\/\/perspetivaatual.pt\/index.php\/wp-json\/wp\/v2\/comments?post=2153"}],"version-history":[{"count":0,"href":"http:\/\/perspetivaatual.pt\/index.php\/wp-json\/wp\/v2\/posts\/2153\/revisions"}],"wp:featuredmedia":[{"embeddable":true,"href":"http:\/\/perspetivaatual.pt\/index.php\/wp-json\/wp\/v2\/media\/2164"}],"wp:attachment":[{"href":"http:\/\/perspetivaatual.pt\/index.php\/wp-json\/wp\/v2\/media?parent=2153"}],"wp:term":[{"taxonomy":"category","embeddable":true,"href":"http:\/\/perspetivaatual.pt\/index.php\/wp-json\/wp\/v2\/categories?post=2153"},{"taxonomy":"post_tag","embeddable":true,"href":"http:\/\/perspetivaatual.pt\/index.php\/wp-json\/wp\/v2\/tags?post=2153"}],"curies":[{"name":"wp","href":"https:\/\/api.w.org\/{rel}","templated":true}]}}