{"id":2220,"date":"2022-12-23T07:00:00","date_gmt":"2022-12-23T07:00:00","guid":{"rendered":"https:\/\/perspetivaatual.pt\/?p=2220"},"modified":"2022-12-19T16:47:42","modified_gmt":"2022-12-19T16:47:42","slug":"spaic","status":"publish","type":"post","link":"http:\/\/perspetivaatual.pt\/index.php\/2022\/12\/23\/spaic\/","title":{"rendered":"\u201cEnvolvimento, Conhecimento e Continuidade\u201d: A perspetiva da nova presidente da SPAIC"},"content":{"rendered":"\n<p><strong>Com vontade de \u201crenovar e impor um cunho diferente\u201d, a anterior Vice-Presidente da Sociedade Portuguesa de Alergologia e Imunologia Cl\u00ednica &#8211; SPAIC, Ana Mor\u00eate assumiu, pela primeira vez, neste m\u00eas de dezembro, o cargo de Presidente da Sociedade.<\/strong><\/p>\n\n\n\n<p><strong>Perspetiva Atual: Durante a 43\u00aa Reuni\u00e3o Anual da <a href=\"https:\/\/www.spaic.pt\/\" target=\"_blank\" rel=\"noreferrer noopener\">SPAIC<\/a> &#8211; que decorreu entre os dias 6 e 9 de outubro &#8211; foi eleita Presidente da Sociedade Portuguesa de Alergologia e Imunologia Cl\u00ednica, sendo que anteriormente ocupava o cargo de Vice-Presidente. Que motivo a levou a candidatar-se agora ao lugar de Presidente?<\/strong><\/p>\n\n\n\n<p><strong>Ana Mor\u00eate:<\/strong> Desde 2014 que sou membro da Dire\u00e7\u00e3o da SPAIC, integrando tr\u00eas mandatos consecutivos, um como Secret\u00e1ria Adjunta e dois como Vice-Presidente, o que traduz a minha dedica\u00e7\u00e3o pessoal e profissional \u00e0 Imunoalergologia. A presid\u00eancia surgiu naturalmente, numa perspetiva de envolvimento, conhecimento e continuidade de todas as nossas atividades e tamb\u00e9m numa necessidade de renovar e impor um cunho diferente, sustentado numa nova equipa, sempre baseada na comunica\u00e7\u00e3o ativa com todos os s\u00f3cios.<\/p>\n\n\n\n<p><strong>PA: Ao assumir um cargo mais elevado, \u00e9 natural que o peso da responsabilidade tamb\u00e9m aumente. Apesar do pouco tempo que passou desde a sua elei\u00e7\u00e3o, quais s\u00e3o as principais diferen\u00e7as que j\u00e1 sente entre ser Vice-presidente e Presidente da SPAIC?<\/strong><\/p>\n\n\n\n<p><strong>AM:<\/strong> \u00c0 data de hoje, a SPAIC tem uma s\u00e9rie de projetos e atividades a decorrer, sempre regidos pelos mais elevados padr\u00f5es cient\u00edficos, princ\u00edpios de confian\u00e7a, respeito m\u00fatuo e total transpar\u00eancia entre os membros da Dire\u00e7\u00e3o, em comunica\u00e7\u00e3o direta com os Grupos de Interesse da SPAIC e com os s\u00f3cios. Assim, o peso da responsabilidade, embora grande, \u00e9 sustentado pelas linhas de a\u00e7\u00e3o estrat\u00e9gicas j\u00e1 definidas e nas quais eu j\u00e1 estava totalmente envolvida.<\/p>\n\n\n\n<p><strong>PA: Chegou com vontade de dar continuidade ao caminho da dire\u00e7\u00e3o anterior, da qual tamb\u00e9m fazia parte, ou com um desejo maior de mudan\u00e7a?<\/strong><strong><\/strong><\/p>\n\n\n\n<p><strong>AM:<\/strong> Nos \u00faltimos anos, a nossa Sociedade tem tido uma expans\u00e3o e reconhecimento assinal\u00e1veis e estamos conscientes que a SPAIC tem que continuar a ser um motor de inova\u00e7\u00e3o para a melhoria cont\u00ednua do desenvolvimento cient\u00edfico-profissional dos associados, de acordo com os seus diferentes perfis e considerando as tend\u00eancias atuais. Considero a mudan\u00e7a e a renova\u00e7\u00e3o essenciais para a vitalidade de uma Sociedade m\u00e9dica, adaptando-nos sempre aos constantes desafios da sociedade em geral e da comunidade m\u00e9dica e cient\u00edfica em particular.<\/p>\n\n\n\n<p><strong>PA: Quais s\u00e3o os principais objetivos e planos que gostaria de realizar durante este mandato?<\/strong><strong><\/strong><\/p>\n\n\n\n<p><strong>AM:<\/strong> O nosso principal objetivo \u00e9 a potencia\u00e7\u00e3o do crescimento e notoriedade da SPAIC, fomentando a participa\u00e7\u00e3o de todos os associados, no sentido de aumentar o empoderamento e prest\u00edgio da Sociedade. Que todos os s\u00f3cios, individualmente, se sintam parte integrante da vida da SPAIC e que o seu envolvimento acrescente valor.<\/p>\n\n\n\n<p>Temos tamb\u00e9m como uma das principais linhas de a\u00e7\u00e3o o investimento nas parcerias com sociedades cong\u00e9neres, quer a n\u00edvel nacional quer internacional, fomentando alian\u00e7as estrat\u00e9gicas, investiga\u00e7\u00e3o em rede e organiza\u00e7\u00e3o de reuni\u00f5es conjuntas.<\/p>\n\n\n\n<p>Queremos manter o est\u00edmulo \u00e0 participa\u00e7\u00e3o dos jovens em todas as atividades da SPAIC, fomentando a sua presen\u00e7a dentro da nossa Sociedade e aumentando as oportunidades internacionais. Queremos tamb\u00e9m consolidar o modelo de comunica\u00e7\u00e3o digital e medi\u00e1tico da SPAIC, promovendo a presen\u00e7a nas redes sociais da Sociedade e posicionado a SPAIC como refer\u00eancia em mat\u00e9ria de Alergologia. E entre outros planos, pretendemos continuar a colaborar com as associa\u00e7\u00f5es de doentes com patologia imunoal\u00e9rgica, respondendo \u00e0s necessidades formativas, aumentando a literacia em sa\u00fade e promovendo a\u00e7\u00f5es e reuni\u00f5es conjuntas.<\/p>\n\n\n\n<p><strong>PA: Voltando ao assunto da 43\u00aa Reuni\u00e3o Anual da SPAIC, qual \u00e9 o balan\u00e7o que faz destes quatro dias? <\/strong><strong><\/strong><\/p>\n\n\n\n<p><strong>AM:<\/strong> A 43\u00aa Reuni\u00e3o&nbsp;Anual da&nbsp;SPAIC, com o tema&nbsp;\u201cO doente al\u00e9rgico no centro dos cuidados\u201d, contou com o maior n\u00famero de inscritos de sempre, 501 participantes, integrando o programa 122 palestrantes, sendo 12 destes estrangeiros. O programa cient\u00edfico incluiu quatro cursos tem\u00e1ticos, sete simp\u00f3sios, oito mesas redondas, seis workshops, cinco <em>meet the professor lunch<\/em> e o <em>sunset meeting<\/em>, bem como uma a\u00e7\u00e3o de forma\u00e7\u00e3o dirigida \u00e0s equipas de Sa\u00fade escolar, com o tema \u201cAlergia alimentar e anafilaxia nas escolas\u201d, que contou com a participa\u00e7\u00e3o de enfermeiros provenientes da zona Norte do pa\u00eds. A produ\u00e7\u00e3o cient\u00edfica englobou a apresenta\u00e7\u00e3o dos 89 trabalhos, distribu\u00eddos por nove sess\u00f5es: quatro sess\u00f5es de comunica\u00e7\u00f5es orais, tr\u00eas de p\u00f3steres e dois de casos cl\u00ednicos.&nbsp;<\/p>\n\n\n\n<p>Foram dias de \u00e1rduo trabalho, fortemente participados, suportados num Programa Cient\u00edfico de elevad\u00edssima qualidade, o que denota a vitalidade e qualidade da nossa Sociedade. O balan\u00e7o final \u00e9 positiv\u00edssimo e d\u00e1-nos est\u00edmulo para continuar a fazer mais e melhor.<\/p>\n\n\n\n<p><strong>PA: Tem algum tema ou convidado que gostaria de destacar ou at\u00e9 de repetir num dos pr\u00f3ximos congressos que ir\u00e1 organizar? <\/strong><strong><\/strong><\/p>\n\n\n\n<p><strong>AM:<\/strong> \u00c9 muito dif\u00edcil, para mim, destacar um momento, participante ou tema que se tivesse destacado. O nosso Programa Cient\u00edfico foi elaborado tendo em conta as sugest\u00f5es enviadas pelos Grupos de interesse da SPAIC, o nosso motor na comunica\u00e7\u00e3o com os associados. Esperamos continuar sempre nas nossas reuni\u00f5es a ter o doente al\u00e9rgico no centro dos nossos cuidados e considero tamb\u00e9m que ser\u00e1 importante em reuni\u00f5es futuras destacar a multidisciplinaridade, investindo na parceria com outras especialidades de fronteira, para uma abordagem mais completa do doente al\u00e9rgico.<strong><\/strong><\/p>\n","protected":false},"excerpt":{"rendered":"<p>Com vontade de \u201crenovar e impor um cunho diferente\u201d, a anterior Vice-Presidente da Sociedade Portuguesa<\/p>\n","protected":false},"author":5,"featured_media":2221,"comment_status":"open","ping_status":"open","sticky":false,"template":"","format":"standard","meta":{"footnotes":""},"categories":[4],"tags":[158,202,157],"class_list":["post-2220","post","type-post","status-publish","format-standard","has-post-thumbnail","hentry","category-saude","tag-alergologia","tag-imunologia","tag-spaic"],"yoast_head":"<!-- This site is optimized with the Yoast SEO plugin v24.2 - https:\/\/yoast.com\/wordpress\/plugins\/seo\/ -->\n<title>\u201cEnvolvimento, Conhecimento e Continuidade\u201d: A perspetiva da nova presidente da SPAIC - Perspetiva Atual<\/title>\n<meta name=\"description\" content=\"Ana Mor\u00eate assumiu, pela primeira vez, neste m\u00eas de dezembro, o cargo de Presidente da Sociedade.\" \/>\n<meta name=\"robots\" content=\"index, follow, max-snippet:-1, max-image-preview:large, max-video-preview:-1\" \/>\n<link rel=\"canonical\" href=\"https:\/\/perspetivaatual.pt\/index.php\/2022\/12\/23\/spaic\/\" \/>\n<meta property=\"og:locale\" content=\"pt_PT\" \/>\n<meta property=\"og:type\" content=\"article\" \/>\n<meta property=\"og:title\" content=\"\u201cEnvolvimento, Conhecimento e Continuidade\u201d: A perspetiva da nova presidente da SPAIC - Perspetiva Atual\" \/>\n<meta property=\"og:description\" content=\"Ana Mor\u00eate assumiu, pela primeira vez, neste m\u00eas de dezembro, o cargo de Presidente da Sociedade.\" \/>\n<meta property=\"og:url\" content=\"https:\/\/perspetivaatual.pt\/index.php\/2022\/12\/23\/spaic\/\" \/>\n<meta property=\"og:site_name\" content=\"Perspetiva Atual\" \/>\n<meta property=\"article:published_time\" content=\"2022-12-23T07:00:00+00:00\" \/>\n<meta property=\"article:modified_time\" content=\"2022-12-19T16:47:42+00:00\" \/>\n<meta property=\"og:image\" content=\"https:\/\/perspetivaatual.pt\/wp-content\/uploads\/2022\/12\/Ana-Morete-scaled.jpg\" \/>\n\t<meta property=\"og:image:width\" content=\"2560\" \/>\n\t<meta property=\"og:image:height\" content=\"1440\" \/>\n\t<meta property=\"og:image:type\" content=\"image\/jpeg\" \/>\n<meta name=\"author\" content=\"Jo\u00e3o Malainho Perspetiva Atual\" \/>\n<meta name=\"twitter:card\" content=\"summary_large_image\" \/>\n<meta name=\"twitter:label1\" content=\"Escrito por\" \/>\n\t<meta name=\"twitter:data1\" content=\"\" \/>\n\t<meta name=\"twitter:label2\" content=\"Tempo estimado de leitura\" \/>\n\t<meta name=\"twitter:data2\" content=\"4 minutos\" \/>\n<script type=\"application\/ld+json\" class=\"yoast-schema-graph\">{\"@context\":\"https:\/\/schema.org\",\"@graph\":[{\"@type\":\"Article\",\"@id\":\"https:\/\/perspetivaatual.pt\/index.php\/2022\/12\/23\/spaic\/#article\",\"isPartOf\":{\"@id\":\"https:\/\/perspetivaatual.pt\/index.php\/2022\/12\/23\/spaic\/\"},\"author\":{\"name\":\"Jo\u00e3o Malainho Perspetiva Atual\",\"@id\":\"https:\/\/perspetivaatual.pt\/#\/schema\/person\/4c9d5a8b179d047c3220dfa32fd6b658\"},\"headline\":\"\u201cEnvolvimento, Conhecimento e Continuidade\u201d: A perspetiva da nova presidente da SPAIC\",\"datePublished\":\"2022-12-23T07:00:00+00:00\",\"dateModified\":\"2022-12-19T16:47:42+00:00\",\"mainEntityOfPage\":{\"@id\":\"https:\/\/perspetivaatual.pt\/index.php\/2022\/12\/23\/spaic\/\"},\"wordCount\":962,\"commentCount\":0,\"publisher\":{\"@id\":\"https:\/\/perspetivaatual.pt\/#organization\"},\"image\":{\"@id\":\"https:\/\/perspetivaatual.pt\/index.php\/2022\/12\/23\/spaic\/#primaryimage\"},\"thumbnailUrl\":\"http:\/\/perspetivaatual.pt\/wp-content\/uploads\/2022\/12\/Ana-Morete-scaled.jpg\",\"keywords\":[\"Alergologia\",\"Imunologia\",\"SPAIC\"],\"articleSection\":[\"Sa\u00fade\"],\"inLanguage\":\"pt-PT\",\"potentialAction\":[{\"@type\":\"CommentAction\",\"name\":\"Comment\",\"target\":[\"https:\/\/perspetivaatual.pt\/index.php\/2022\/12\/23\/spaic\/#respond\"]}]},{\"@type\":\"WebPage\",\"@id\":\"https:\/\/perspetivaatual.pt\/index.php\/2022\/12\/23\/spaic\/\",\"url\":\"https:\/\/perspetivaatual.pt\/index.php\/2022\/12\/23\/spaic\/\",\"name\":\"\u201cEnvolvimento, Conhecimento e Continuidade\u201d: A perspetiva da nova presidente da SPAIC - Perspetiva Atual\",\"isPartOf\":{\"@id\":\"https:\/\/perspetivaatual.pt\/#website\"},\"primaryImageOfPage\":{\"@id\":\"https:\/\/perspetivaatual.pt\/index.php\/2022\/12\/23\/spaic\/#primaryimage\"},\"image\":{\"@id\":\"https:\/\/perspetivaatual.pt\/index.php\/2022\/12\/23\/spaic\/#primaryimage\"},\"thumbnailUrl\":\"http:\/\/perspetivaatual.pt\/wp-content\/uploads\/2022\/12\/Ana-Morete-scaled.jpg\",\"datePublished\":\"2022-12-23T07:00:00+00:00\",\"dateModified\":\"2022-12-19T16:47:42+00:00\",\"description\":\"Ana Mor\u00eate assumiu, pela primeira vez, neste m\u00eas de dezembro, o cargo de Presidente da Sociedade.\",\"breadcrumb\":{\"@id\":\"https:\/\/perspetivaatual.pt\/index.php\/2022\/12\/23\/spaic\/#breadcrumb\"},\"inLanguage\":\"pt-PT\",\"potentialAction\":[{\"@type\":\"ReadAction\",\"target\":[\"https:\/\/perspetivaatual.pt\/index.php\/2022\/12\/23\/spaic\/\"]}]},{\"@type\":\"ImageObject\",\"inLanguage\":\"pt-PT\",\"@id\":\"https:\/\/perspetivaatual.pt\/index.php\/2022\/12\/23\/spaic\/#primaryimage\",\"url\":\"http:\/\/perspetivaatual.pt\/wp-content\/uploads\/2022\/12\/Ana-Morete-scaled.jpg\",\"contentUrl\":\"http:\/\/perspetivaatual.pt\/wp-content\/uploads\/2022\/12\/Ana-Morete-scaled.jpg\",\"width\":2560,\"height\":1440,\"caption\":\"Ana Mor\u00eate - Presidente da SPAIC\"},{\"@type\":\"BreadcrumbList\",\"@id\":\"https:\/\/perspetivaatual.pt\/index.php\/2022\/12\/23\/spaic\/#breadcrumb\",\"itemListElement\":[{\"@type\":\"ListItem\",\"position\":1,\"name\":\"Home\",\"item\":\"https:\/\/perspetivaatual.pt\/\"},{\"@type\":\"ListItem\",\"position\":2,\"name\":\"\u201cEnvolvimento, Conhecimento e Continuidade\u201d: A perspetiva da nova presidente da SPAIC\"}]},{\"@type\":\"WebSite\",\"@id\":\"https:\/\/perspetivaatual.pt\/#website\",\"url\":\"https:\/\/perspetivaatual.pt\/\",\"name\":\"Perspetiva Atual\",\"description\":\"Olhar Portugal, de diferentes formas\",\"publisher\":{\"@id\":\"https:\/\/perspetivaatual.pt\/#organization\"},\"potentialAction\":[{\"@type\":\"SearchAction\",\"target\":{\"@type\":\"EntryPoint\",\"urlTemplate\":\"https:\/\/perspetivaatual.pt\/?s={search_term_string}\"},\"query-input\":{\"@type\":\"PropertyValueSpecification\",\"valueRequired\":true,\"valueName\":\"search_term_string\"}}],\"inLanguage\":\"pt-PT\"},{\"@type\":\"Organization\",\"@id\":\"https:\/\/perspetivaatual.pt\/#organization\",\"name\":\"Perspetiva Atual\",\"url\":\"https:\/\/perspetivaatual.pt\/\",\"logo\":{\"@type\":\"ImageObject\",\"inLanguage\":\"pt-PT\",\"@id\":\"https:\/\/perspetivaatual.pt\/#\/schema\/logo\/image\/\",\"url\":\"http:\/\/perspetivaatual.pt\/wp-content\/uploads\/2020\/08\/cropped-perspetiva_atual-.png\",\"contentUrl\":\"http:\/\/perspetivaatual.pt\/wp-content\/uploads\/2020\/08\/cropped-perspetiva_atual-.png\",\"width\":618,\"height\":202,\"caption\":\"Perspetiva Atual\"},\"image\":{\"@id\":\"https:\/\/perspetivaatual.pt\/#\/schema\/logo\/image\/\"}},{\"@type\":\"Person\",\"@id\":\"https:\/\/perspetivaatual.pt\/#\/schema\/person\/4c9d5a8b179d047c3220dfa32fd6b658\",\"name\":\"Jo\u00e3o Malainho Perspetiva Atual\",\"image\":{\"@type\":\"ImageObject\",\"inLanguage\":\"pt-PT\",\"@id\":\"https:\/\/perspetivaatual.pt\/#\/schema\/person\/image\/\",\"url\":\"https:\/\/secure.gravatar.com\/avatar\/fd918e8a58374b02896337d62716969a?s=96&d=mm&r=g\",\"contentUrl\":\"https:\/\/secure.gravatar.com\/avatar\/fd918e8a58374b02896337d62716969a?s=96&d=mm&r=g\",\"caption\":\"Jo\u00e3o Malainho Perspetiva Atual\"},\"sameAs\":[\"http:\/\/perspetivaatual.pt\"],\"url\":\"http:\/\/perspetivaatual.pt\/index.php\/author\/joaomalainhoii\/\"}]}<\/script>\n<!-- \/ Yoast SEO plugin. -->","yoast_head_json":{"title":"\u201cEnvolvimento, Conhecimento e Continuidade\u201d: A perspetiva da nova presidente da SPAIC - Perspetiva Atual","description":"Ana Mor\u00eate assumiu, pela primeira vez, neste m\u00eas de dezembro, o cargo de Presidente da Sociedade.","robots":{"index":"index","follow":"follow","max-snippet":"max-snippet:-1","max-image-preview":"max-image-preview:large","max-video-preview":"max-video-preview:-1"},"canonical":"https:\/\/perspetivaatual.pt\/index.php\/2022\/12\/23\/spaic\/","og_locale":"pt_PT","og_type":"article","og_title":"\u201cEnvolvimento, Conhecimento e Continuidade\u201d: A perspetiva da nova presidente da SPAIC - Perspetiva Atual","og_description":"Ana Mor\u00eate assumiu, pela primeira vez, neste m\u00eas de dezembro, o cargo de Presidente da Sociedade.","og_url":"https:\/\/perspetivaatual.pt\/index.php\/2022\/12\/23\/spaic\/","og_site_name":"Perspetiva Atual","article_published_time":"2022-12-23T07:00:00+00:00","article_modified_time":"2022-12-19T16:47:42+00:00","og_image":[{"width":2560,"height":1440,"url":"https:\/\/perspetivaatual.pt\/wp-content\/uploads\/2022\/12\/Ana-Morete-scaled.jpg","type":"image\/jpeg"}],"author":"Jo\u00e3o Malainho Perspetiva Atual","twitter_card":"summary_large_image","twitter_misc":{"Escrito por":false,"Tempo estimado de leitura":"4 minutos"},"schema":{"@context":"https:\/\/schema.org","@graph":[{"@type":"Article","@id":"https:\/\/perspetivaatual.pt\/index.php\/2022\/12\/23\/spaic\/#article","isPartOf":{"@id":"https:\/\/perspetivaatual.pt\/index.php\/2022\/12\/23\/spaic\/"},"author":{"name":"Jo\u00e3o Malainho Perspetiva Atual","@id":"https:\/\/perspetivaatual.pt\/#\/schema\/person\/4c9d5a8b179d047c3220dfa32fd6b658"},"headline":"\u201cEnvolvimento, Conhecimento e Continuidade\u201d: A perspetiva da nova presidente da SPAIC","datePublished":"2022-12-23T07:00:00+00:00","dateModified":"2022-12-19T16:47:42+00:00","mainEntityOfPage":{"@id":"https:\/\/perspetivaatual.pt\/index.php\/2022\/12\/23\/spaic\/"},"wordCount":962,"commentCount":0,"publisher":{"@id":"https:\/\/perspetivaatual.pt\/#organization"},"image":{"@id":"https:\/\/perspetivaatual.pt\/index.php\/2022\/12\/23\/spaic\/#primaryimage"},"thumbnailUrl":"http:\/\/perspetivaatual.pt\/wp-content\/uploads\/2022\/12\/Ana-Morete-scaled.jpg","keywords":["Alergologia","Imunologia","SPAIC"],"articleSection":["Sa\u00fade"],"inLanguage":"pt-PT","potentialAction":[{"@type":"CommentAction","name":"Comment","target":["https:\/\/perspetivaatual.pt\/index.php\/2022\/12\/23\/spaic\/#respond"]}]},{"@type":"WebPage","@id":"https:\/\/perspetivaatual.pt\/index.php\/2022\/12\/23\/spaic\/","url":"https:\/\/perspetivaatual.pt\/index.php\/2022\/12\/23\/spaic\/","name":"\u201cEnvolvimento, Conhecimento e Continuidade\u201d: A perspetiva da nova presidente da SPAIC - Perspetiva Atual","isPartOf":{"@id":"https:\/\/perspetivaatual.pt\/#website"},"primaryImageOfPage":{"@id":"https:\/\/perspetivaatual.pt\/index.php\/2022\/12\/23\/spaic\/#primaryimage"},"image":{"@id":"https:\/\/perspetivaatual.pt\/index.php\/2022\/12\/23\/spaic\/#primaryimage"},"thumbnailUrl":"http:\/\/perspetivaatual.pt\/wp-content\/uploads\/2022\/12\/Ana-Morete-scaled.jpg","datePublished":"2022-12-23T07:00:00+00:00","dateModified":"2022-12-19T16:47:42+00:00","description":"Ana Mor\u00eate assumiu, pela primeira vez, neste m\u00eas de dezembro, o cargo de Presidente da Sociedade.","breadcrumb":{"@id":"https:\/\/perspetivaatual.pt\/index.php\/2022\/12\/23\/spaic\/#breadcrumb"},"inLanguage":"pt-PT","potentialAction":[{"@type":"ReadAction","target":["https:\/\/perspetivaatual.pt\/index.php\/2022\/12\/23\/spaic\/"]}]},{"@type":"ImageObject","inLanguage":"pt-PT","@id":"https:\/\/perspetivaatual.pt\/index.php\/2022\/12\/23\/spaic\/#primaryimage","url":"http:\/\/perspetivaatual.pt\/wp-content\/uploads\/2022\/12\/Ana-Morete-scaled.jpg","contentUrl":"http:\/\/perspetivaatual.pt\/wp-content\/uploads\/2022\/12\/Ana-Morete-scaled.jpg","width":2560,"height":1440,"caption":"Ana Mor\u00eate - Presidente da SPAIC"},{"@type":"BreadcrumbList","@id":"https:\/\/perspetivaatual.pt\/index.php\/2022\/12\/23\/spaic\/#breadcrumb","itemListElement":[{"@type":"ListItem","position":1,"name":"Home","item":"https:\/\/perspetivaatual.pt\/"},{"@type":"ListItem","position":2,"name":"\u201cEnvolvimento, Conhecimento e Continuidade\u201d: A perspetiva da nova presidente da SPAIC"}]},{"@type":"WebSite","@id":"https:\/\/perspetivaatual.pt\/#website","url":"https:\/\/perspetivaatual.pt\/","name":"Perspetiva Atual","description":"Olhar Portugal, de diferentes formas","publisher":{"@id":"https:\/\/perspetivaatual.pt\/#organization"},"potentialAction":[{"@type":"SearchAction","target":{"@type":"EntryPoint","urlTemplate":"https:\/\/perspetivaatual.pt\/?s={search_term_string}"},"query-input":{"@type":"PropertyValueSpecification","valueRequired":true,"valueName":"search_term_string"}}],"inLanguage":"pt-PT"},{"@type":"Organization","@id":"https:\/\/perspetivaatual.pt\/#organization","name":"Perspetiva Atual","url":"https:\/\/perspetivaatual.pt\/","logo":{"@type":"ImageObject","inLanguage":"pt-PT","@id":"https:\/\/perspetivaatual.pt\/#\/schema\/logo\/image\/","url":"http:\/\/perspetivaatual.pt\/wp-content\/uploads\/2020\/08\/cropped-perspetiva_atual-.png","contentUrl":"http:\/\/perspetivaatual.pt\/wp-content\/uploads\/2020\/08\/cropped-perspetiva_atual-.png","width":618,"height":202,"caption":"Perspetiva Atual"},"image":{"@id":"https:\/\/perspetivaatual.pt\/#\/schema\/logo\/image\/"}},{"@type":"Person","@id":"https:\/\/perspetivaatual.pt\/#\/schema\/person\/4c9d5a8b179d047c3220dfa32fd6b658","name":"Jo\u00e3o Malainho Perspetiva Atual","image":{"@type":"ImageObject","inLanguage":"pt-PT","@id":"https:\/\/perspetivaatual.pt\/#\/schema\/person\/image\/","url":"https:\/\/secure.gravatar.com\/avatar\/fd918e8a58374b02896337d62716969a?s=96&d=mm&r=g","contentUrl":"https:\/\/secure.gravatar.com\/avatar\/fd918e8a58374b02896337d62716969a?s=96&d=mm&r=g","caption":"Jo\u00e3o Malainho Perspetiva Atual"},"sameAs":["http:\/\/perspetivaatual.pt"],"url":"http:\/\/perspetivaatual.pt\/index.php\/author\/joaomalainhoii\/"}]}},"featured_image_urls":{"full":["http:\/\/perspetivaatual.pt\/wp-content\/uploads\/2022\/12\/Ana-Morete-scaled.jpg",2560,1440,false],"thumbnail":["http:\/\/perspetivaatual.pt\/wp-content\/uploads\/2022\/12\/Ana-Morete-150x150.jpg",150,150,true],"medium":["http:\/\/perspetivaatual.pt\/wp-content\/uploads\/2022\/12\/Ana-Morete-300x169.jpg",300,169,true],"medium_large":["http:\/\/perspetivaatual.pt\/wp-content\/uploads\/2022\/12\/Ana-Morete-768x432.jpg",640,360,true],"large":["http:\/\/perspetivaatual.pt\/wp-content\/uploads\/2022\/12\/Ana-Morete-1024x576.jpg",640,360,true],"1536x1536":["http:\/\/perspetivaatual.pt\/wp-content\/uploads\/2022\/12\/Ana-Morete-1536x864.jpg",1536,864,true],"2048x2048":["http:\/\/perspetivaatual.pt\/wp-content\/uploads\/2022\/12\/Ana-Morete-2048x1152.jpg",2048,1152,true],"magazine-7-slider-full":["http:\/\/perspetivaatual.pt\/wp-content\/uploads\/2022\/12\/Ana-Morete-1536x1020.jpg",1536,1020,true],"magazine-7-slider-center":["http:\/\/perspetivaatual.pt\/wp-content\/uploads\/2022\/12\/Ana-Morete-936x897.jpg",936,897,true],"magazine-7-featured":["http:\/\/perspetivaatual.pt\/wp-content\/uploads\/2022\/12\/Ana-Morete-1024x576.jpg",1024,576,true],"magazine-7-medium":["http:\/\/perspetivaatual.pt\/wp-content\/uploads\/2022\/12\/Ana-Morete-720x380.jpg",720,380,true],"magazine-7-medium-square":["http:\/\/perspetivaatual.pt\/wp-content\/uploads\/2022\/12\/Ana-Morete-675x450.jpg",675,450,true],"rpwe-thumbnail":["http:\/\/perspetivaatual.pt\/wp-content\/uploads\/2022\/12\/Ana-Morete-45x45.jpg",45,45,true]},"author_info":{"info":[false]},"category_info":"<a href=\"http:\/\/perspetivaatual.pt\/index.php\/category\/saude\/\" rel=\"category tag\">Sa\u00fade<\/a>","tag_info":"Sa\u00fade","comment_count":"0","_links":{"self":[{"href":"http:\/\/perspetivaatual.pt\/index.php\/wp-json\/wp\/v2\/posts\/2220","targetHints":{"allow":["GET"]}}],"collection":[{"href":"http:\/\/perspetivaatual.pt\/index.php\/wp-json\/wp\/v2\/posts"}],"about":[{"href":"http:\/\/perspetivaatual.pt\/index.php\/wp-json\/wp\/v2\/types\/post"}],"author":[{"embeddable":true,"href":"http:\/\/perspetivaatual.pt\/index.php\/wp-json\/wp\/v2\/users\/5"}],"replies":[{"embeddable":true,"href":"http:\/\/perspetivaatual.pt\/index.php\/wp-json\/wp\/v2\/comments?post=2220"}],"version-history":[{"count":0,"href":"http:\/\/perspetivaatual.pt\/index.php\/wp-json\/wp\/v2\/posts\/2220\/revisions"}],"wp:featuredmedia":[{"embeddable":true,"href":"http:\/\/perspetivaatual.pt\/index.php\/wp-json\/wp\/v2\/media\/2221"}],"wp:attachment":[{"href":"http:\/\/perspetivaatual.pt\/index.php\/wp-json\/wp\/v2\/media?parent=2220"}],"wp:term":[{"taxonomy":"category","embeddable":true,"href":"http:\/\/perspetivaatual.pt\/index.php\/wp-json\/wp\/v2\/categories?post=2220"},{"taxonomy":"post_tag","embeddable":true,"href":"http:\/\/perspetivaatual.pt\/index.php\/wp-json\/wp\/v2\/tags?post=2220"}],"curies":[{"name":"wp","href":"https:\/\/api.w.org\/{rel}","templated":true}]}}