{"id":2456,"date":"2023-02-24T07:00:00","date_gmt":"2023-02-24T07:00:00","guid":{"rendered":"https:\/\/perspetivaatual.pt\/?p=2456"},"modified":"2023-02-20T15:15:34","modified_gmt":"2023-02-20T15:15:34","slug":"o-destaque-nacional-e-internacional-do-i3n-na-investigacao-dos-3-ns-da-nanotecnologia","status":"publish","type":"post","link":"http:\/\/perspetivaatual.pt\/index.php\/2023\/02\/24\/o-destaque-nacional-e-internacional-do-i3n-na-investigacao-dos-3-ns-da-nanotecnologia\/","title":{"rendered":"O destaque nacional e internacional do i3N na investiga\u00e7\u00e3o dos 3 N&#8217;s da nanotecnologia"},"content":{"rendered":"\n<p><strong>Dividido entre Lisboa e Aveiro, o i3N, tal como o nome indica, lidera o caminho da investiga\u00e7\u00e3o dos 3 N\u2019s &#8211; Nanoestruturas, Nanomodela\u00e7\u00e3o e Nanofabrica\u00e7\u00e3o. Rodrigo Martins e Florinda Costa, atuais coordenadores dos dois polos do i3N, sediados na Universidade NOVA de Lisboa e na Universidade de Aveiro, descrevem a evolu\u00e7\u00e3o do Instituto at\u00e9 aos dias de hoje. Alcan\u00e7ando o reconhecimento como um dos principais institutos de investiga\u00e7\u00e3o na \u00e1rea da ci\u00eancia dos materiais e nanotecnologias em Portugal.<\/strong><\/p>\n\n\n\n<p><strong>Perspetiva Atual: O i3N foi constitu\u00eddo atrav\u00e9s de uma parceria entre duas unidades de investiga\u00e7\u00e3o &#8211; o CENIMAT (Centro de Investiga\u00e7\u00e3o de Materiais, acolhido pela Universidade Nova de Lisboa) e o FSCOSD (F\u00edsica de Semicondutores, Optoelectr\u00f3nica e Sistemas Desordenados, acolhido pela Universidade de Aveiro). Como se chegou \u00e0 conclus\u00e3o de que esta parceria seria mais vantajosa e como nasceu oficialmente o i3N?<\/strong><\/p>\n\n\n\n<p><strong>Professora Florinda Costa:<\/strong> O estatuto de Laborat\u00f3rio Associado foi atribu\u00eddo ao i3N em 2006 pelo Ministro da Ci\u00eancia, Tecnologia e Ensino Superior de Portugal, Jos\u00e9 Mariano Gago. A parceria entre os dois polos permitiu reunir investigadores da \u00e1rea da eletr\u00f3nica, micro e nanotecnologias, f\u00edsica, materiais e qu\u00edmica, provenientes das duas Universidades de forma a constituir um instituto multi e interdisciplinar. O i3N alavanca compet\u00eancias nacionais de reputa\u00e7\u00e3o internacional que conduzem investiga\u00e7\u00e3o e forma\u00e7\u00e3o avan\u00e7ada de excel\u00eancia.<\/p>\n\n\n\n<p><strong>PA:<\/strong><strong> Qual \u00e9 a grande finalidade do Instituto e quais s\u00e3o as suas principais \u00e1reas de investiga\u00e7\u00e3o?<\/strong><strong>&nbsp;<\/strong><\/p>\n\n\n\n<p><strong>FC:<\/strong> O i3N \u00e9 um instituto de investiga\u00e7\u00e3o de ponta em Portugal apostado nas \u00e1reas da sustentabilidade e tecnologias verdes cobrindo as vertentes da micro e nanofabrica\u00e7\u00e3o, sistemas de energia limpa e verde, engenharia de nanomateriais e interfaces funcionais e dispositivos e sistemas biom\u00e9dicos. Esta investiga\u00e7\u00e3o beneficia da compet\u00eancia cient\u00edfica dos seus membros em \u00e1reas cr\u00edticas do desenvolvimento, nomeadamente nas tecnologias da informa\u00e7\u00e3o e comunica\u00e7\u00e3o, sa\u00fade, energia e seguran\u00e7a, fortemente apoiadas por peritos na \u00e1rea da modela\u00e7\u00e3o, simula\u00e7\u00e3o, desenho e arquitetura de sistemas \u00e0 micro e nano escala e, em t\u00e9cnicas de caracteriza\u00e7\u00e3o e valida\u00e7\u00e3o de materiais, dispositivos e sistemas.&nbsp;<\/p>\n\n\n\n<p>O objetivo principal do i3N \u00e9 avan\u00e7ar na descoberta, desenvolvimento e inova\u00e7\u00e3o de nanotecnologias aplicadas no fabrico de uma mir\u00edada de dispositivos e sistemas capazes de impulsionar o crescimento econ\u00f3mico sustent\u00e1vel e de promover o bem-estar dos cidad\u00e3os.&nbsp;<\/p>\n\n\n\n<p>O i3N tamb\u00e9m tem como objetivo formar as gera\u00e7\u00f5es futuras (neste momento tem associados 79 alunos de doutoramento) a fim de as preparar para a academia, a ind\u00fastria e promover a cria\u00e7\u00e3o de novas empresas baseadas no conhecimento.&nbsp;<\/p>\n\n\n\n<p><strong>PA: Como descreve a evolu\u00e7\u00e3o do Instituto desde a sua funda\u00e7\u00e3o at\u00e9 aos dias de hoje?<\/strong>&nbsp;<\/p>\n\n\n\n<p><strong>FC:<\/strong> O i3N utiliza indicadores-chave de desempenho para medir o seu progresso, por exemplo, o n\u00famero de artigos cient\u00edficos em revistas de elevado fator de impacto, o equil\u00edbrio entre financiamento nacional e externo, o talento cient\u00edfico dos seus membros, a coes\u00e3o multidisciplinar dentro do instituto e a posi\u00e7\u00e3o do i3N nos rankings nacionais e internacionais na \u00e1rea dos Materiais Funcionais Avan\u00e7ados e Nanotecnologia.&nbsp;&nbsp;<\/p>\n\n\n\n<p>No per\u00edodo de 2007-2022, o i3N teve uma produ\u00e7\u00e3o cient\u00edfica de reconhecimento mundial, traduzida por mais de 3600 publica\u00e7\u00f5es em revistas internacionais com revis\u00e3o por pares, citadas mais de 64 mil vezes, um h-index acumulado de 89 e um elevado n\u00famero de livros e cap\u00edtulos de livros. Das publica\u00e7\u00f5es efetuadas, 62% correspondem a colabora\u00e7\u00f5es internacionais com investigadores de mais de 51 pa\u00edses. \u00c0s publica\u00e7\u00f5es acresce um elevado n\u00famero de patentes internacionais, concedidas e submetidas (mais de 60). O i3N tem tido tamb\u00e9m um acentuado crescimento no financiamento. No \u00faltimo quinqu\u00e9nio, o financiamento devido a projetos aprovados, nacionais e internacionais ascendeu a 76,9 M\u20ac. Neste cap\u00edtulo, de destacar os investigadores que foram contemplados com 11 bolsas ERC, representando mais de 11,55 M\u20ac.&nbsp;&nbsp;<\/p>\n\n\n\n<p><strong>PA: Como \u00e9 que o estudo destas \u00e1reas pode ter impacto no desenvolvimento de um pa\u00eds?<\/strong>&nbsp;<\/p>\n\n\n\n<p><strong>FC:<\/strong> Os novos materiais e novas tecnologias aplicadas ao desenvolvimento de novos sistemas e produtos altamente inovativos s\u00e3o pontos de refer\u00eancia que geram novas oportunidades de neg\u00f3cio e cria\u00e7\u00e3o de emprego altamente qualificado, impulsionando deste modo um crescimento econ\u00f3mico sustentado. A nanotecnologia permite-nos potenciar propriedades dos materiais \u00e0 nanoescala e os dispositivos que nestes se baseiam, tornando-os mais eficientes em termos energ\u00e9ticos e com menor impacto ambiental com novas aplica\u00e7\u00f5es no desenvolvimento sensores avan\u00e7ados, sistemas de capta\u00e7\u00e3o e armazenamento de energia ou superf\u00edcies inteligentes.&nbsp;<\/p>\n\n\n\n<p>No campo da sa\u00fade e da medicina, o i3N tem contribu\u00eddo para o desenvolvimento de novos biomateriais, dispositivos m\u00e9dicos e terapias, bem como para novas estrat\u00e9gias de mitiga\u00e7\u00e3o de epidemias.&nbsp;&nbsp;<\/p>\n\n\n\n<p><strong>PA: Muitos s\u00e3o os projetos do i3N que mereceram aten\u00e7\u00e3o internacional, visto ter sido pioneiro em v\u00e1rios campos, \u201ctendo contribu\u00eddo nestas \u00e1reas para as pol\u00edticas p\u00fablicas nacionais e europeias\u201d. Quais s\u00e3o as \u00e1reas em que o i3N ganhou maior destaque e o que quer isto dizer de contribuir para as pol\u00edticas p\u00fablicas nacionais e europeias?<\/strong>&nbsp;<\/p>\n\n\n\n<p><strong>FC:<\/strong> Ap\u00f3s 17 anos, o i3N alcan\u00e7ou com sucesso uma posi\u00e7\u00e3o de lideran\u00e7a nacional e internacional, onde \u00e9 pioneiro em inovar na \u00e1rea das refinarias solares, energia fotovoltaica, eletr\u00f3nica flex\u00edvel e transparente, eletr\u00f3nica de papel e na \u00e1rea das plataformas sustent\u00e1veis para a bio dete\u00e7\u00e3o. Estas inova\u00e7\u00f5es mereceram o reconhecimento p\u00fablico, nacional e internacional, atrav\u00e9s de v\u00e1rios pr\u00e9mios e distin\u00e7\u00f5es, nomeadamente na \u00e1rea da eletr\u00f3nica sustent\u00e1vel, para al\u00e9m do sil\u00edcio.&nbsp;&nbsp;<\/p>\n\n\n\n<p>Para al\u00e9m disso, s\u00e3o de destacar os contributos dados para as novas pol\u00edticas p\u00fablicas europeias na \u00e1rea da investiga\u00e7\u00e3o sustent\u00e1vel, traduzidas nos contributos dados para o manifesto dos materiais 2030; nas \u00e1reas tem\u00e1ticas inovadoras do conselho de inova\u00e7\u00e3o europeu; e na estrat\u00e9gia de reunir em rede a forma\u00e7\u00e3o avan\u00e7ada que sirva as ideias geradas no \u00e2mbito dos conselhos europeus de investiga\u00e7\u00e3o e inova\u00e7\u00e3o e sua utiliza\u00e7\u00e3o industrial, visando servir os objetivos do Instituto Europeu de Tecnologia (EIT).&nbsp;<\/p>\n\n\n\n<div class=\"wp-block-columns is-layout-flex wp-container-core-columns-is-layout-1 wp-block-columns-is-layout-flex\">\n<div class=\"wp-block-column is-layout-flow wp-block-column-is-layout-flow\">\n<figure class=\"wp-block-image size-full is-style-default\"><img loading=\"lazy\" decoding=\"async\" width=\"660\" height=\"495\" src=\"https:\/\/perspetivaatual.pt\/wp-content\/uploads\/2023\/02\/rbedas.png\" alt=\"\" class=\"wp-image-2457\" srcset=\"http:\/\/perspetivaatual.pt\/wp-content\/uploads\/2023\/02\/rbedas.png 660w, http:\/\/perspetivaatual.pt\/wp-content\/uploads\/2023\/02\/rbedas-300x225.png 300w, http:\/\/perspetivaatual.pt\/wp-content\/uploads\/2023\/02\/rbedas-600x450.png 600w\" sizes=\"auto, (max-width: 660px) 100vw, 660px\" \/><figcaption>Microsc\u00f3pio eletr\u00f3nico de varrimento por transmiss\u00e3o (STEM) instalado no i3N-CENIMAT, com exemplos de nanoestruturas observadas no mesmo (nanoplacas de \u00f3xido de van\u00e1dio e nanoesferas de zirc\u00f3nia).<\/figcaption><\/figure>\n<\/div>\n\n\n\n<div class=\"wp-block-column is-layout-flow wp-block-column-is-layout-flow\">\n<p><strong>PA: A n\u00edvel econ\u00f3mico, como \u00e9 que um centro de investiga\u00e7\u00e3o sobrevive e consegue verbas suficientes para manter uma investiga\u00e7\u00e3o de excel\u00eancia?<\/strong>&nbsp;<\/p>\n\n\n\n<p><strong>FC:<\/strong> A sustentabilidade econ\u00f3mica do i3N apenas tem sido poss\u00edvel com a aproxima\u00e7\u00e3o quer ao tecido empresarial quer \u00e0 sociedade para compreender as suas reais necessidades e claro, com o grande empenho da equipa dos 2 polos para angaria\u00e7\u00e3o de verbas altamente competitivas em \u00e1reas estrat\u00e9gicas relacionadas com os materiais funcionais avan\u00e7ados.&nbsp;&nbsp;<\/p>\n<\/div>\n<\/div>\n\n\n\n<p>Entre 2015 e 2022 o financiamento global captado pelo i3N correspondeu a 76.9 M\u20ac. Destes, 21 % representam financiamento da FCT atrav\u00e9s do Programa Plurianual e Projeto Estrat\u00e9gico, relevante para garantir o funcionamento b\u00e1sico da gest\u00e3o e das atividades de I&amp;D. A restante verba prov\u00e9m de concursos fortemente competitivos, onde se incluem 183 projetos: nacionais da FCT (20 %), financiados pela Comiss\u00e3o Europeia (28 %) e com a ind\u00fastria (31 %).&nbsp;<\/p>\n\n\n\n<p>A excel\u00eancia cient\u00edfica permitiu aos investigadores do i3N serem premiados com 11 bolsas do European Research Council (ERC), representando 11.55 M\u20ac de financiamento.&nbsp;<\/p>\n\n\n\n<p>Al\u00e9m disso, o i3N conta com 23 investigadores doutorados contratados atrav\u00e9s do Concurso Est\u00edmulo ao Emprego Cient\u00edfico (CEEC) da FCT, trazendo alguma estabilidade a m\u00e9dio prazo \u00e0 estrat\u00e9gia de recursos humanos do laborat\u00f3rio.<\/p>\n\n\n\n<p><strong>PA: O i3N \u00e9 reconhecido como um dos principais institutos de investiga\u00e7\u00e3o na \u00e1rea da ci\u00eancia dos materiais e nanotecnologias em Portugal. Que caracter\u00edsticas da equipa e organiza\u00e7\u00e3o do Instituto permitem tal reconhecimento e distin\u00e7\u00e3o?<\/strong>&nbsp;<\/p>\n\n\n\n<p><strong>FC:<\/strong> Em primeiro lugar a organiza\u00e7\u00e3o do i3N em 4 linhas tem\u00e1ticas ligadas a necessidades fulcrais de uma economia e sociedade sustent\u00e1veis: micro e nanofabrica\u00e7\u00e3o sustent\u00e1vel, sistemas de energia verdes, engenharia de nanomateriais e interfaces funcionais, dispositivos e sistemas biom\u00e9dicos. Dentro destas linhas tem\u00e1ticas temos vindo a criar uma equipa altamente qualificada e multidisciplinar, bem como uma rede internacional de excel\u00eancia com a academia e a ind\u00fastria. Tal tem permitido apresentar-nos com ideias inovadoras suportadas por um s\u00f3lido conhecimento cient\u00edfico e tecnol\u00f3gico aos concursos de projetos nacionais e internacionais mais competitivos e prestigiados, como sejam as bolsas ERC. Esse reconhecimento e financiamento vai-nos permitindo modernizar a infraestrutura e gerar novo conhecimento de elevado impacto, trazendo-nos mais notoriedade internacional a n\u00edvel cient\u00edfico bem como a possibilidade de colaborar na defini\u00e7\u00e3o de pol\u00edticas de ci\u00eancia, tecnologia e inova\u00e7\u00e3o.&nbsp;<\/p>\n\n\n\n<pre class=\"wp-block-verse\"><strong>Projetos emblem\u00e1ticos em que a atividade do i3N foi pioneira e fulcral na obten\u00e7\u00e3o de resultados \u201caltamente inovadores\u201d:<\/strong>\n1.\tEMERGE (https:\/\/cordis.europa.eu\/project\/id\/101008701 ) - projeto colaborativo coordenado pelo i3N para a cria\u00e7\u00e3o da primeira infraestrutura Europeia da eletr\u00f3nica flex\u00edvel. \n2.\tSYNERGY (https:\/\/cordis.europa.eu\/project\/id\/952169) - Simbiose para conceitos de capta\u00e7\u00e3o e produ\u00e7\u00e3o de energia para plataformas inteligentes em folhas flex\u00edveis.  \n3.\tDIGISMART (https:\/\/cordis.europa.eu\/project\/id\/787410) - Plataforma multifuncional de materiais digitais para aplica\u00e7\u00f5es integradas inteligentes. \n4.\tBEST (https:\/\/transparencia.gov.pt\/pt\/fundos-europeus\/beneficiarios-projetos\/projeto\/LISBOA-01-0247-FEDER-113469) - desenvolvimento de Biosensores multifuncionais, para integrar na pr\u00e1tica cl\u00ednica de pessoa com diabetes. \n5.\t1D-Neon (https:\/\/cordis.europa.eu\/project\/id\/685758) - projeto colaborativo europeu onde o i3N contribui para a cria\u00e7\u00e3o de uma nova gera\u00e7\u00e3o de t\u00eaxteis inteligentes. \n6.\tINSTABAT (https:\/\/www.instabat.eu\/) - monitoriza\u00e7\u00e3o, em funcionamento de par\u00e2metros-chave de uma c\u00e9lula de bateria de i\u00f5es de l\u00edtio, permitindo melhorar a sua seguran\u00e7a, qualidade, fiabilidade e vida \u00fatil.  \n7.\tONSURF (http:\/\/onsurf.teandm.pt\/) - processos de modifica\u00e7\u00e3o de superf\u00edcie para aplica\u00e7\u00e3o em diversos sectores de atividade, tais como Autom\u00f3vel, Aeron\u00e1utica, Moldes e Ferramentas, Sa\u00fade e Eletr\u00f3nica. Este projeto envolveu 14 empresas Nacionais e 8 entidades n\u00e3o empresariais do SI&amp;I.  \n<\/pre>\n\n\n\n<p><strong>PA: Atualmente, o i3N continua a dividir-se em dois polos \u2013 um na <\/strong><strong>Universidade Nova de Lisboa, coordenado pelo Professor Rodrigo Martins, e outro na Universidade de Aveiro, coordenado pela Professora Florinda Costa. Porqu\u00ea manter o funcionamento dos dois polos?<\/strong>&nbsp;<\/p>\n\n\n\n<p><strong>FC:<\/strong> As complementaridades dos dois polos s\u00e3o evidentes e relevantes para construirmos uma investiga\u00e7\u00e3o que sirva as \u00e1reas de desenvolvimento sustent\u00e1vel, desde as ideias \u00e0s aplica\u00e7\u00f5es, multissectoriais e interdisciplinares, combinando saberes cruzados de diferentes \u00e1reas cient\u00edficas e tecnol\u00f3gicas, que v\u00e3o desde a F\u00edsica aos Materiais como fonte aceleradora e ativadora de uma mir\u00edade de aplica\u00e7\u00f5es.&nbsp;&nbsp;<\/p>\n\n\n\n<p>Estas sinergias promovem a capta\u00e7\u00e3o e gera\u00e7\u00e3o de novos conceitos de que beneficiam os alunos associados aos programas avan\u00e7ados de forma\u00e7\u00e3o, nomeadamente de teses de mestrado e doutoramento. Presentemente temos associados ao i3N 79 alunos de doutoramento e 133 alunos de mestrado.&nbsp;<\/p>\n\n\n\n<p><strong>PA: Relativamente ao futuro, quais s\u00e3o os grandes planos e objetivos do i3N?<\/strong>&nbsp;<\/p>\n\n\n\n<p><strong>FC:<\/strong> Pelo que se exp\u00f4s, pensamos que o futuro que nos espera \u00e9 brilhante, em termos de sabermos criar e gerar conhecimento com impacto societal (conforto e bem-estar dos cidad\u00e3os) e nas transforma\u00e7\u00f5es esperadas, para uma ind\u00fastria sustent\u00e1vel e usando tecnologias de baixo consumo energ\u00e9tico e acess\u00edveis a todos. Porque n\u00e3o temos pressa, n\u00e3o vamos sozinhos, mas porque queremos chegar mais longe, vamos acompanhados! Por isso, o limite da nossa ambi\u00e7\u00e3o, de contribuir para a excel\u00eancia, vai para al\u00e9m do C\u00e9u.\u00a0<\/p>\n\n\n\n<div class=\"wp-block-columns is-layout-flex wp-container-core-columns-is-layout-2 wp-block-columns-is-layout-flex\">\n<div class=\"wp-block-column is-layout-flow wp-block-column-is-layout-flow\">\n<figure class=\"wp-block-image size-full is-style-default\"><img loading=\"lazy\" decoding=\"async\" width=\"129\" height=\"129\" src=\"https:\/\/perspetivaatual.pt\/wp-content\/uploads\/2023\/02\/img14-1.jpg\" alt=\"\" class=\"wp-image-2482\" srcset=\"http:\/\/perspetivaatual.pt\/wp-content\/uploads\/2023\/02\/img14-1.jpg 129w, http:\/\/perspetivaatual.pt\/wp-content\/uploads\/2023\/02\/img14-1-45x45.jpg 45w, http:\/\/perspetivaatual.pt\/wp-content\/uploads\/2023\/02\/img14-1-100x100.jpg 100w\" sizes=\"auto, (max-width: 129px) 100vw, 129px\" \/><\/figure>\n<\/div>\n\n\n\n<div class=\"wp-block-column is-layout-flow wp-block-column-is-layout-flow\">\n<figure class=\"wp-block-image size-full is-style-default\"><img loading=\"lazy\" decoding=\"async\" width=\"158\" height=\"42\" src=\"https:\/\/perspetivaatual.pt\/wp-content\/uploads\/2023\/02\/img10.jpg\" alt=\"\" class=\"wp-image-2483\"\/><\/figure>\n\n\n\n<figure class=\"wp-block-image size-full is-style-default\"><img loading=\"lazy\" decoding=\"async\" width=\"312\" height=\"49\" src=\"https:\/\/perspetivaatual.pt\/wp-content\/uploads\/2023\/02\/img15-1.jpg\" alt=\"\" class=\"wp-image-2485\" srcset=\"http:\/\/perspetivaatual.pt\/wp-content\/uploads\/2023\/02\/img15-1.jpg 312w, http:\/\/perspetivaatual.pt\/wp-content\/uploads\/2023\/02\/img15-1-300x47.jpg 300w\" sizes=\"auto, (max-width: 312px) 100vw, 312px\" \/><\/figure>\n<\/div>\n\n\n\n<div class=\"wp-block-column is-layout-flow wp-block-column-is-layout-flow\">\n<figure class=\"wp-block-image size-full is-style-default\"><img loading=\"lazy\" decoding=\"async\" width=\"149\" height=\"59\" src=\"https:\/\/perspetivaatual.pt\/wp-content\/uploads\/2023\/02\/img12.jpg\" alt=\"\" class=\"wp-image-2484\"\/><\/figure>\n<\/div>\n<\/div>\n","protected":false},"excerpt":{"rendered":"<p>Dividido entre Lisboa e Aveiro, o i3N, tal como o nome indica, lidera o caminho<\/p>\n","protected":false},"author":5,"featured_media":2460,"comment_status":"open","ping_status":"open","sticky":false,"template":"","format":"standard","meta":{"footnotes":""},"categories":[165],"tags":[230,237,84],"class_list":["post-2456","post","type-post","status-publish","format-standard","has-post-thumbnail","hentry","category-investigacao","tag-id","tag-i3n","tag-investigacao"],"yoast_head":"<!-- This site is optimized with the Yoast SEO plugin v24.2 - https:\/\/yoast.com\/wordpress\/plugins\/seo\/ -->\n<title>O destaque nacional e internacional do i3N na investiga\u00e7\u00e3o dos 3 N&#039;s da nanotecnologia - Perspetiva Atual<\/title>\n<meta name=\"description\" content=\"Dividido entre Lisboa e Aveiro, o i3N, tal como o nome indica, lidera o caminho da investiga\u00e7\u00e3o dos 3 N\u2019s - Nanoestruturas, Nanomodela\u00e7\u00e3o e Nanofabrica\u00e7\u00e3o...\" \/>\n<meta name=\"robots\" content=\"index, follow, max-snippet:-1, max-image-preview:large, max-video-preview:-1\" \/>\n<link rel=\"canonical\" href=\"http:\/\/perspetivaatual.pt\/index.php\/2023\/02\/24\/o-destaque-nacional-e-internacional-do-i3n-na-investigacao-dos-3-ns-da-nanotecnologia\/\" \/>\n<meta property=\"og:locale\" content=\"pt_PT\" \/>\n<meta property=\"og:type\" content=\"article\" \/>\n<meta property=\"og:title\" content=\"O destaque nacional e internacional do i3N na investiga\u00e7\u00e3o dos 3 N&#039;s da nanotecnologia - Perspetiva Atual\" \/>\n<meta property=\"og:description\" content=\"Dividido entre Lisboa e Aveiro, o i3N, tal como o nome indica, lidera o caminho da investiga\u00e7\u00e3o dos 3 N\u2019s - Nanoestruturas, Nanomodela\u00e7\u00e3o e Nanofabrica\u00e7\u00e3o...\" \/>\n<meta property=\"og:url\" content=\"http:\/\/perspetivaatual.pt\/index.php\/2023\/02\/24\/o-destaque-nacional-e-internacional-do-i3n-na-investigacao-dos-3-ns-da-nanotecnologia\/\" \/>\n<meta property=\"og:site_name\" content=\"Perspetiva Atual\" \/>\n<meta property=\"article:published_time\" content=\"2023-02-24T07:00:00+00:00\" \/>\n<meta property=\"article:modified_time\" content=\"2023-02-20T15:15:34+00:00\" \/>\n<meta property=\"og:image\" content=\"http:\/\/perspetivaatual.pt\/wp-content\/uploads\/2023\/02\/img73.jpg\" \/>\n\t<meta property=\"og:image:width\" content=\"647\" \/>\n\t<meta property=\"og:image:height\" content=\"326\" \/>\n\t<meta property=\"og:image:type\" content=\"image\/jpeg\" \/>\n<meta name=\"author\" content=\"Jo\u00e3o Malainho Perspetiva Atual\" \/>\n<meta name=\"twitter:card\" content=\"summary_large_image\" \/>\n<meta name=\"twitter:label1\" content=\"Escrito por\" \/>\n\t<meta name=\"twitter:data1\" content=\"\" \/>\n\t<meta name=\"twitter:label2\" content=\"Tempo estimado de leitura\" \/>\n\t<meta name=\"twitter:data2\" content=\"9 minutos\" \/>\n<script type=\"application\/ld+json\" class=\"yoast-schema-graph\">{\"@context\":\"https:\/\/schema.org\",\"@graph\":[{\"@type\":\"Article\",\"@id\":\"http:\/\/perspetivaatual.pt\/index.php\/2023\/02\/24\/o-destaque-nacional-e-internacional-do-i3n-na-investigacao-dos-3-ns-da-nanotecnologia\/#article\",\"isPartOf\":{\"@id\":\"http:\/\/perspetivaatual.pt\/index.php\/2023\/02\/24\/o-destaque-nacional-e-internacional-do-i3n-na-investigacao-dos-3-ns-da-nanotecnologia\/\"},\"author\":{\"name\":\"Jo\u00e3o Malainho Perspetiva Atual\",\"@id\":\"https:\/\/perspetivaatual.pt\/#\/schema\/person\/4c9d5a8b179d047c3220dfa32fd6b658\"},\"headline\":\"O destaque nacional e internacional do i3N na investiga\u00e7\u00e3o dos 3 N&#8217;s da nanotecnologia\",\"datePublished\":\"2023-02-24T07:00:00+00:00\",\"dateModified\":\"2023-02-20T15:15:34+00:00\",\"mainEntityOfPage\":{\"@id\":\"http:\/\/perspetivaatual.pt\/index.php\/2023\/02\/24\/o-destaque-nacional-e-internacional-do-i3n-na-investigacao-dos-3-ns-da-nanotecnologia\/\"},\"wordCount\":1817,\"commentCount\":0,\"publisher\":{\"@id\":\"https:\/\/perspetivaatual.pt\/#organization\"},\"image\":{\"@id\":\"http:\/\/perspetivaatual.pt\/index.php\/2023\/02\/24\/o-destaque-nacional-e-internacional-do-i3n-na-investigacao-dos-3-ns-da-nanotecnologia\/#primaryimage\"},\"thumbnailUrl\":\"http:\/\/perspetivaatual.pt\/wp-content\/uploads\/2023\/02\/img73.jpg\",\"keywords\":[\"I&amp;D\",\"i3N\",\"Investiga\u00e7\u00e3o\"],\"articleSection\":[\"Investiga\u00e7\u00e3o\"],\"inLanguage\":\"pt-PT\",\"potentialAction\":[{\"@type\":\"CommentAction\",\"name\":\"Comment\",\"target\":[\"http:\/\/perspetivaatual.pt\/index.php\/2023\/02\/24\/o-destaque-nacional-e-internacional-do-i3n-na-investigacao-dos-3-ns-da-nanotecnologia\/#respond\"]}]},{\"@type\":\"WebPage\",\"@id\":\"http:\/\/perspetivaatual.pt\/index.php\/2023\/02\/24\/o-destaque-nacional-e-internacional-do-i3n-na-investigacao-dos-3-ns-da-nanotecnologia\/\",\"url\":\"http:\/\/perspetivaatual.pt\/index.php\/2023\/02\/24\/o-destaque-nacional-e-internacional-do-i3n-na-investigacao-dos-3-ns-da-nanotecnologia\/\",\"name\":\"O destaque nacional e internacional do i3N na investiga\u00e7\u00e3o dos 3 N's da nanotecnologia - Perspetiva Atual\",\"isPartOf\":{\"@id\":\"https:\/\/perspetivaatual.pt\/#website\"},\"primaryImageOfPage\":{\"@id\":\"http:\/\/perspetivaatual.pt\/index.php\/2023\/02\/24\/o-destaque-nacional-e-internacional-do-i3n-na-investigacao-dos-3-ns-da-nanotecnologia\/#primaryimage\"},\"image\":{\"@id\":\"http:\/\/perspetivaatual.pt\/index.php\/2023\/02\/24\/o-destaque-nacional-e-internacional-do-i3n-na-investigacao-dos-3-ns-da-nanotecnologia\/#primaryimage\"},\"thumbnailUrl\":\"http:\/\/perspetivaatual.pt\/wp-content\/uploads\/2023\/02\/img73.jpg\",\"datePublished\":\"2023-02-24T07:00:00+00:00\",\"dateModified\":\"2023-02-20T15:15:34+00:00\",\"description\":\"Dividido entre Lisboa e Aveiro, o i3N, tal como o nome indica, lidera o caminho da investiga\u00e7\u00e3o dos 3 N\u2019s - Nanoestruturas, Nanomodela\u00e7\u00e3o e Nanofabrica\u00e7\u00e3o...\",\"breadcrumb\":{\"@id\":\"http:\/\/perspetivaatual.pt\/index.php\/2023\/02\/24\/o-destaque-nacional-e-internacional-do-i3n-na-investigacao-dos-3-ns-da-nanotecnologia\/#breadcrumb\"},\"inLanguage\":\"pt-PT\",\"potentialAction\":[{\"@type\":\"ReadAction\",\"target\":[\"http:\/\/perspetivaatual.pt\/index.php\/2023\/02\/24\/o-destaque-nacional-e-internacional-do-i3n-na-investigacao-dos-3-ns-da-nanotecnologia\/\"]}]},{\"@type\":\"ImageObject\",\"inLanguage\":\"pt-PT\",\"@id\":\"http:\/\/perspetivaatual.pt\/index.php\/2023\/02\/24\/o-destaque-nacional-e-internacional-do-i3n-na-investigacao-dos-3-ns-da-nanotecnologia\/#primaryimage\",\"url\":\"http:\/\/perspetivaatual.pt\/wp-content\/uploads\/2023\/02\/img73.jpg\",\"contentUrl\":\"http:\/\/perspetivaatual.pt\/wp-content\/uploads\/2023\/02\/img73.jpg\",\"width\":647,\"height\":326},{\"@type\":\"BreadcrumbList\",\"@id\":\"http:\/\/perspetivaatual.pt\/index.php\/2023\/02\/24\/o-destaque-nacional-e-internacional-do-i3n-na-investigacao-dos-3-ns-da-nanotecnologia\/#breadcrumb\",\"itemListElement\":[{\"@type\":\"ListItem\",\"position\":1,\"name\":\"Home\",\"item\":\"https:\/\/perspetivaatual.pt\/\"},{\"@type\":\"ListItem\",\"position\":2,\"name\":\"O destaque nacional e internacional do i3N na investiga\u00e7\u00e3o dos 3 N&#8217;s da nanotecnologia\"}]},{\"@type\":\"WebSite\",\"@id\":\"https:\/\/perspetivaatual.pt\/#website\",\"url\":\"https:\/\/perspetivaatual.pt\/\",\"name\":\"Perspetiva Atual\",\"description\":\"Olhar Portugal, de diferentes formas\",\"publisher\":{\"@id\":\"https:\/\/perspetivaatual.pt\/#organization\"},\"potentialAction\":[{\"@type\":\"SearchAction\",\"target\":{\"@type\":\"EntryPoint\",\"urlTemplate\":\"https:\/\/perspetivaatual.pt\/?s={search_term_string}\"},\"query-input\":{\"@type\":\"PropertyValueSpecification\",\"valueRequired\":true,\"valueName\":\"search_term_string\"}}],\"inLanguage\":\"pt-PT\"},{\"@type\":\"Organization\",\"@id\":\"https:\/\/perspetivaatual.pt\/#organization\",\"name\":\"Perspetiva Atual\",\"url\":\"https:\/\/perspetivaatual.pt\/\",\"logo\":{\"@type\":\"ImageObject\",\"inLanguage\":\"pt-PT\",\"@id\":\"https:\/\/perspetivaatual.pt\/#\/schema\/logo\/image\/\",\"url\":\"http:\/\/perspetivaatual.pt\/wp-content\/uploads\/2020\/08\/cropped-perspetiva_atual-.png\",\"contentUrl\":\"http:\/\/perspetivaatual.pt\/wp-content\/uploads\/2020\/08\/cropped-perspetiva_atual-.png\",\"width\":618,\"height\":202,\"caption\":\"Perspetiva Atual\"},\"image\":{\"@id\":\"https:\/\/perspetivaatual.pt\/#\/schema\/logo\/image\/\"}},{\"@type\":\"Person\",\"@id\":\"https:\/\/perspetivaatual.pt\/#\/schema\/person\/4c9d5a8b179d047c3220dfa32fd6b658\",\"name\":\"Jo\u00e3o Malainho Perspetiva Atual\",\"image\":{\"@type\":\"ImageObject\",\"inLanguage\":\"pt-PT\",\"@id\":\"https:\/\/perspetivaatual.pt\/#\/schema\/person\/image\/\",\"url\":\"https:\/\/secure.gravatar.com\/avatar\/fd918e8a58374b02896337d62716969a?s=96&d=mm&r=g\",\"contentUrl\":\"https:\/\/secure.gravatar.com\/avatar\/fd918e8a58374b02896337d62716969a?s=96&d=mm&r=g\",\"caption\":\"Jo\u00e3o Malainho Perspetiva Atual\"},\"sameAs\":[\"http:\/\/perspetivaatual.pt\"],\"url\":\"http:\/\/perspetivaatual.pt\/index.php\/author\/joaomalainhoii\/\"}]}<\/script>\n<!-- \/ Yoast SEO plugin. -->","yoast_head_json":{"title":"O destaque nacional e internacional do i3N na investiga\u00e7\u00e3o dos 3 N's da nanotecnologia - Perspetiva Atual","description":"Dividido entre Lisboa e Aveiro, o i3N, tal como o nome indica, lidera o caminho da investiga\u00e7\u00e3o dos 3 N\u2019s - Nanoestruturas, Nanomodela\u00e7\u00e3o e Nanofabrica\u00e7\u00e3o...","robots":{"index":"index","follow":"follow","max-snippet":"max-snippet:-1","max-image-preview":"max-image-preview:large","max-video-preview":"max-video-preview:-1"},"canonical":"http:\/\/perspetivaatual.pt\/index.php\/2023\/02\/24\/o-destaque-nacional-e-internacional-do-i3n-na-investigacao-dos-3-ns-da-nanotecnologia\/","og_locale":"pt_PT","og_type":"article","og_title":"O destaque nacional e internacional do i3N na investiga\u00e7\u00e3o dos 3 N's da nanotecnologia - Perspetiva Atual","og_description":"Dividido entre Lisboa e Aveiro, o i3N, tal como o nome indica, lidera o caminho da investiga\u00e7\u00e3o dos 3 N\u2019s - Nanoestruturas, Nanomodela\u00e7\u00e3o e Nanofabrica\u00e7\u00e3o...","og_url":"http:\/\/perspetivaatual.pt\/index.php\/2023\/02\/24\/o-destaque-nacional-e-internacional-do-i3n-na-investigacao-dos-3-ns-da-nanotecnologia\/","og_site_name":"Perspetiva Atual","article_published_time":"2023-02-24T07:00:00+00:00","article_modified_time":"2023-02-20T15:15:34+00:00","og_image":[{"width":647,"height":326,"url":"http:\/\/perspetivaatual.pt\/wp-content\/uploads\/2023\/02\/img73.jpg","type":"image\/jpeg"}],"author":"Jo\u00e3o Malainho Perspetiva Atual","twitter_card":"summary_large_image","twitter_misc":{"Escrito por":false,"Tempo estimado de leitura":"9 minutos"},"schema":{"@context":"https:\/\/schema.org","@graph":[{"@type":"Article","@id":"http:\/\/perspetivaatual.pt\/index.php\/2023\/02\/24\/o-destaque-nacional-e-internacional-do-i3n-na-investigacao-dos-3-ns-da-nanotecnologia\/#article","isPartOf":{"@id":"http:\/\/perspetivaatual.pt\/index.php\/2023\/02\/24\/o-destaque-nacional-e-internacional-do-i3n-na-investigacao-dos-3-ns-da-nanotecnologia\/"},"author":{"name":"Jo\u00e3o Malainho Perspetiva Atual","@id":"https:\/\/perspetivaatual.pt\/#\/schema\/person\/4c9d5a8b179d047c3220dfa32fd6b658"},"headline":"O destaque nacional e internacional do i3N na investiga\u00e7\u00e3o dos 3 N&#8217;s da nanotecnologia","datePublished":"2023-02-24T07:00:00+00:00","dateModified":"2023-02-20T15:15:34+00:00","mainEntityOfPage":{"@id":"http:\/\/perspetivaatual.pt\/index.php\/2023\/02\/24\/o-destaque-nacional-e-internacional-do-i3n-na-investigacao-dos-3-ns-da-nanotecnologia\/"},"wordCount":1817,"commentCount":0,"publisher":{"@id":"https:\/\/perspetivaatual.pt\/#organization"},"image":{"@id":"http:\/\/perspetivaatual.pt\/index.php\/2023\/02\/24\/o-destaque-nacional-e-internacional-do-i3n-na-investigacao-dos-3-ns-da-nanotecnologia\/#primaryimage"},"thumbnailUrl":"http:\/\/perspetivaatual.pt\/wp-content\/uploads\/2023\/02\/img73.jpg","keywords":["I&amp;D","i3N","Investiga\u00e7\u00e3o"],"articleSection":["Investiga\u00e7\u00e3o"],"inLanguage":"pt-PT","potentialAction":[{"@type":"CommentAction","name":"Comment","target":["http:\/\/perspetivaatual.pt\/index.php\/2023\/02\/24\/o-destaque-nacional-e-internacional-do-i3n-na-investigacao-dos-3-ns-da-nanotecnologia\/#respond"]}]},{"@type":"WebPage","@id":"http:\/\/perspetivaatual.pt\/index.php\/2023\/02\/24\/o-destaque-nacional-e-internacional-do-i3n-na-investigacao-dos-3-ns-da-nanotecnologia\/","url":"http:\/\/perspetivaatual.pt\/index.php\/2023\/02\/24\/o-destaque-nacional-e-internacional-do-i3n-na-investigacao-dos-3-ns-da-nanotecnologia\/","name":"O destaque nacional e internacional do i3N na investiga\u00e7\u00e3o dos 3 N's da nanotecnologia - Perspetiva Atual","isPartOf":{"@id":"https:\/\/perspetivaatual.pt\/#website"},"primaryImageOfPage":{"@id":"http:\/\/perspetivaatual.pt\/index.php\/2023\/02\/24\/o-destaque-nacional-e-internacional-do-i3n-na-investigacao-dos-3-ns-da-nanotecnologia\/#primaryimage"},"image":{"@id":"http:\/\/perspetivaatual.pt\/index.php\/2023\/02\/24\/o-destaque-nacional-e-internacional-do-i3n-na-investigacao-dos-3-ns-da-nanotecnologia\/#primaryimage"},"thumbnailUrl":"http:\/\/perspetivaatual.pt\/wp-content\/uploads\/2023\/02\/img73.jpg","datePublished":"2023-02-24T07:00:00+00:00","dateModified":"2023-02-20T15:15:34+00:00","description":"Dividido entre Lisboa e Aveiro, o i3N, tal como o nome indica, lidera o caminho da investiga\u00e7\u00e3o dos 3 N\u2019s - Nanoestruturas, Nanomodela\u00e7\u00e3o e Nanofabrica\u00e7\u00e3o...","breadcrumb":{"@id":"http:\/\/perspetivaatual.pt\/index.php\/2023\/02\/24\/o-destaque-nacional-e-internacional-do-i3n-na-investigacao-dos-3-ns-da-nanotecnologia\/#breadcrumb"},"inLanguage":"pt-PT","potentialAction":[{"@type":"ReadAction","target":["http:\/\/perspetivaatual.pt\/index.php\/2023\/02\/24\/o-destaque-nacional-e-internacional-do-i3n-na-investigacao-dos-3-ns-da-nanotecnologia\/"]}]},{"@type":"ImageObject","inLanguage":"pt-PT","@id":"http:\/\/perspetivaatual.pt\/index.php\/2023\/02\/24\/o-destaque-nacional-e-internacional-do-i3n-na-investigacao-dos-3-ns-da-nanotecnologia\/#primaryimage","url":"http:\/\/perspetivaatual.pt\/wp-content\/uploads\/2023\/02\/img73.jpg","contentUrl":"http:\/\/perspetivaatual.pt\/wp-content\/uploads\/2023\/02\/img73.jpg","width":647,"height":326},{"@type":"BreadcrumbList","@id":"http:\/\/perspetivaatual.pt\/index.php\/2023\/02\/24\/o-destaque-nacional-e-internacional-do-i3n-na-investigacao-dos-3-ns-da-nanotecnologia\/#breadcrumb","itemListElement":[{"@type":"ListItem","position":1,"name":"Home","item":"https:\/\/perspetivaatual.pt\/"},{"@type":"ListItem","position":2,"name":"O destaque nacional e internacional do i3N na investiga\u00e7\u00e3o dos 3 N&#8217;s da nanotecnologia"}]},{"@type":"WebSite","@id":"https:\/\/perspetivaatual.pt\/#website","url":"https:\/\/perspetivaatual.pt\/","name":"Perspetiva Atual","description":"Olhar Portugal, de diferentes formas","publisher":{"@id":"https:\/\/perspetivaatual.pt\/#organization"},"potentialAction":[{"@type":"SearchAction","target":{"@type":"EntryPoint","urlTemplate":"https:\/\/perspetivaatual.pt\/?s={search_term_string}"},"query-input":{"@type":"PropertyValueSpecification","valueRequired":true,"valueName":"search_term_string"}}],"inLanguage":"pt-PT"},{"@type":"Organization","@id":"https:\/\/perspetivaatual.pt\/#organization","name":"Perspetiva Atual","url":"https:\/\/perspetivaatual.pt\/","logo":{"@type":"ImageObject","inLanguage":"pt-PT","@id":"https:\/\/perspetivaatual.pt\/#\/schema\/logo\/image\/","url":"http:\/\/perspetivaatual.pt\/wp-content\/uploads\/2020\/08\/cropped-perspetiva_atual-.png","contentUrl":"http:\/\/perspetivaatual.pt\/wp-content\/uploads\/2020\/08\/cropped-perspetiva_atual-.png","width":618,"height":202,"caption":"Perspetiva Atual"},"image":{"@id":"https:\/\/perspetivaatual.pt\/#\/schema\/logo\/image\/"}},{"@type":"Person","@id":"https:\/\/perspetivaatual.pt\/#\/schema\/person\/4c9d5a8b179d047c3220dfa32fd6b658","name":"Jo\u00e3o Malainho Perspetiva Atual","image":{"@type":"ImageObject","inLanguage":"pt-PT","@id":"https:\/\/perspetivaatual.pt\/#\/schema\/person\/image\/","url":"https:\/\/secure.gravatar.com\/avatar\/fd918e8a58374b02896337d62716969a?s=96&d=mm&r=g","contentUrl":"https:\/\/secure.gravatar.com\/avatar\/fd918e8a58374b02896337d62716969a?s=96&d=mm&r=g","caption":"Jo\u00e3o Malainho Perspetiva Atual"},"sameAs":["http:\/\/perspetivaatual.pt"],"url":"http:\/\/perspetivaatual.pt\/index.php\/author\/joaomalainhoii\/"}]}},"featured_image_urls":{"full":["http:\/\/perspetivaatual.pt\/wp-content\/uploads\/2023\/02\/img73.jpg",647,326,false],"thumbnail":["http:\/\/perspetivaatual.pt\/wp-content\/uploads\/2023\/02\/img73-150x150.jpg",150,150,true],"medium":["http:\/\/perspetivaatual.pt\/wp-content\/uploads\/2023\/02\/img73-300x151.jpg",300,151,true],"medium_large":["http:\/\/perspetivaatual.pt\/wp-content\/uploads\/2023\/02\/img73.jpg",640,322,false],"large":["http:\/\/perspetivaatual.pt\/wp-content\/uploads\/2023\/02\/img73.jpg",640,322,false],"1536x1536":["http:\/\/perspetivaatual.pt\/wp-content\/uploads\/2023\/02\/img73.jpg",647,326,false],"2048x2048":["http:\/\/perspetivaatual.pt\/wp-content\/uploads\/2023\/02\/img73.jpg",647,326,false],"magazine-7-slider-full":["http:\/\/perspetivaatual.pt\/wp-content\/uploads\/2023\/02\/img73.jpg",647,326,false],"magazine-7-slider-center":["http:\/\/perspetivaatual.pt\/wp-content\/uploads\/2023\/02\/img73.jpg",647,326,false],"magazine-7-featured":["http:\/\/perspetivaatual.pt\/wp-content\/uploads\/2023\/02\/img73.jpg",647,326,false],"magazine-7-medium":["http:\/\/perspetivaatual.pt\/wp-content\/uploads\/2023\/02\/img73.jpg",647,326,false],"magazine-7-medium-square":["http:\/\/perspetivaatual.pt\/wp-content\/uploads\/2023\/02\/img73.jpg",647,326,false],"rpwe-thumbnail":["http:\/\/perspetivaatual.pt\/wp-content\/uploads\/2023\/02\/img73-45x45.jpg",45,45,true]},"author_info":{"info":[false]},"category_info":"<a href=\"http:\/\/perspetivaatual.pt\/index.php\/category\/investigacao\/\" rel=\"category tag\">Investiga\u00e7\u00e3o<\/a>","tag_info":"Investiga\u00e7\u00e3o","comment_count":"0","_links":{"self":[{"href":"http:\/\/perspetivaatual.pt\/index.php\/wp-json\/wp\/v2\/posts\/2456","targetHints":{"allow":["GET"]}}],"collection":[{"href":"http:\/\/perspetivaatual.pt\/index.php\/wp-json\/wp\/v2\/posts"}],"about":[{"href":"http:\/\/perspetivaatual.pt\/index.php\/wp-json\/wp\/v2\/types\/post"}],"author":[{"embeddable":true,"href":"http:\/\/perspetivaatual.pt\/index.php\/wp-json\/wp\/v2\/users\/5"}],"replies":[{"embeddable":true,"href":"http:\/\/perspetivaatual.pt\/index.php\/wp-json\/wp\/v2\/comments?post=2456"}],"version-history":[{"count":0,"href":"http:\/\/perspetivaatual.pt\/index.php\/wp-json\/wp\/v2\/posts\/2456\/revisions"}],"wp:featuredmedia":[{"embeddable":true,"href":"http:\/\/perspetivaatual.pt\/index.php\/wp-json\/wp\/v2\/media\/2460"}],"wp:attachment":[{"href":"http:\/\/perspetivaatual.pt\/index.php\/wp-json\/wp\/v2\/media?parent=2456"}],"wp:term":[{"taxonomy":"category","embeddable":true,"href":"http:\/\/perspetivaatual.pt\/index.php\/wp-json\/wp\/v2\/categories?post=2456"},{"taxonomy":"post_tag","embeddable":true,"href":"http:\/\/perspetivaatual.pt\/index.php\/wp-json\/wp\/v2\/tags?post=2456"}],"curies":[{"name":"wp","href":"https:\/\/api.w.org\/{rel}","templated":true}]}}