{"id":2547,"date":"2023-02-24T07:00:00","date_gmt":"2023-02-24T07:00:00","guid":{"rendered":"https:\/\/perspetivaatual.pt\/?p=2547"},"modified":"2023-02-20T17:30:43","modified_gmt":"2023-02-20T17:30:43","slug":"turismo-universidade-de-aveiro","status":"publish","type":"post","link":"http:\/\/perspetivaatual.pt\/index.php\/2023\/02\/24\/turismo-universidade-de-aveiro\/","title":{"rendered":"Universidade de Aveiro realiza estudo sobre o mercado de trabalho no setor do Turismo"},"content":{"rendered":"\n<p><strong>O Estudo Sobre o Mercado de Trabalho em Turismo foi realizado pela Universidade de Aveiro para o Turismo de Portugal e para a Secretaria de Estado do Turismo. O trabalho de investiga\u00e7\u00e3o, coordenado por Carlos Costa, Professor Catedr\u00e1tico de Turismo, teve como objetivo analisar, avaliar e prospetivar o mercado de trabalho no setor do turismo, e respetivos subsetores, a 10 anos.<\/strong><\/p>\n\n\n\n<p>A investiga\u00e7\u00e3o envolveu um vasto painel de peritos e investigadores de Portugal e do estrangeiro. A investiga\u00e7\u00e3o compreendeu a realiza\u00e7\u00e3o de 4898 inqu\u00e9ritos aplicados a trabalhadores e estudantes de turismo, bem como 11 entrevistas a l\u00edderes de organiza\u00e7\u00f5es nacionais do turismo, num total de 15 horas de conversa\u00e7\u00e3o. O estudo recorreu, ainda, a um vasto levantamento de informa\u00e7\u00e3o ao n\u00edvel da literatura cient\u00edfica, nas mais importantes bases de dados de informa\u00e7\u00e3o ao n\u00edvel mundial.<\/p>\n\n\n\n<p>Uma das principais conclus\u00f5es do trabalho diz respeito ao n\u00edvel de felicidade e de realiza\u00e7\u00e3o dos trabalhadores desta \u00e1rea: 85% revelam que se sentem felizes a trabalhar no turismo, sendo que esta vari\u00e1vel \u00e9 explicada pelo facto do turismo ser uma profiss\u00e3o que lida com pessoas e culturas, e \u00e9 muito ecl\u00e9tica.<\/p>\n\n\n\n<p>O trabalho concluiu que os trabalhadores e os estudantes da \u00e1rea s\u00e3o fortemente dedicados e entusiastas ao n\u00edvel das fun\u00e7\u00f5es que desempenham. Contudo, h\u00e1 problemas que urge ultrapassar, sendo que um dos mais importantes diz respeito aos n\u00edveis salariais. Demonstra-se que, efetivamente, a maioria dos sal\u00e1rios encontram-se encostados ao sal\u00e1rio m\u00ednimo nacional, embora o sistema de gratifica\u00e7\u00f5es fa\u00e7a com que os trabalhadores, em particular os do <em>front-office<\/em>, possam ver os seus sal\u00e1rios complementados com gratifica\u00e7\u00f5es. A esta situa\u00e7\u00e3o juntam-se outros problemas que decorrem de hor\u00e1rios inflex\u00edveis que fazem com que a profiss\u00e3o dificulte uma vida familiar e emocional equilibrada. O problema da falta de seguran\u00e7a no trabalho \u00e9 ainda apresentado por um em cada tr\u00eas trabalhadores. Quest\u00f5es relativas a desigualdades, em termos de oportunidades, sal\u00e1rio e g\u00e9nero, s\u00e3o ainda apontadas no estudo. Note-se que as futuras gera\u00e7\u00f5es de trabalhadores, corporizadas nos estudantes que se encontram em cursos de turismo, rejeitam veementemente este tipo de formas de desigualdade, nomeadamente em termos salariais e de compatibilidade com a vida pessoal e emocional, o que requer uma atua\u00e7\u00e3o r\u00e1pida e adequada ao n\u00edvel destas quest\u00f5es.<\/p>\n\n\n\n<figure class=\"wp-block-image size-large is-style-default\"><img loading=\"lazy\" decoding=\"async\" width=\"1024\" height=\"582\" src=\"https:\/\/perspetivaatual.pt\/wp-content\/uploads\/2023\/02\/F2-1024x582.jpg\" alt=\"\" class=\"wp-image-2549\" srcset=\"http:\/\/perspetivaatual.pt\/wp-content\/uploads\/2023\/02\/F2-1024x582.jpg 1024w, http:\/\/perspetivaatual.pt\/wp-content\/uploads\/2023\/02\/F2-300x171.jpg 300w, http:\/\/perspetivaatual.pt\/wp-content\/uploads\/2023\/02\/F2-768x437.jpg 768w, http:\/\/perspetivaatual.pt\/wp-content\/uploads\/2023\/02\/F2-1536x874.jpg 1536w, http:\/\/perspetivaatual.pt\/wp-content\/uploads\/2023\/02\/F2-600x341.jpg 600w, http:\/\/perspetivaatual.pt\/wp-content\/uploads\/2023\/02\/F2.jpg 1753w\" sizes=\"auto, (max-width: 1024px) 100vw, 1024px\" \/><\/figure>\n\n\n\n<p>O estudo demonstra que os problemas atuais no mercado de trabalho do turismo n\u00e3o se resolvem meramente dentro do atual paradigma, apontando para a necessidade de se introduzirem novas abordagens no trabalho e no estudo do turismo, que devem incorporar novas cadeias de valor mais associadas aos neg\u00f3cios da gest\u00e3o e de rela\u00e7\u00f5es entre pessoas, de qualidade de vida e da felicidade.<\/p>\n\n\n\n<p>Mais ainda, o trabalho aponta para que o turismo se deva expandir do seu <em>core business<\/em> da hotelaria e da restaura\u00e7\u00e3o para novas cadeias de valor e novas opera\u00e7\u00f5es de log\u00edstica, e que contribua para uma expans\u00e3o para \u00e1reas de menor densidade populacional e econ\u00f3mica e socialmente menos atrativas. Para que tal aconte\u00e7a, ser\u00e1 necess\u00e1rio, de acordo com o trabalho, que as profiss\u00f5es da \u00e1rea do turismo incorporem novas val\u00eancias na gest\u00e3o dos recursos humanos, do empreendedorismo, e das novas tecnologias. Se se evoluir nesta perspetiva, conseguir-se-\u00e3o introduzir novas formas de coes\u00e3o social e territorial atrav\u00e9s do setor do turismo.<\/p>\n\n\n\n<p>Os resultados finais apresentados pelo estudo encontram-se sistematizados em 13 Medidas de Orienta\u00e7\u00e3o Pol\u00edtica: reposicionar o turismo como fen\u00f3meno social e civilizacional; tornar o turismo um instrumento de desenvolvimento e coes\u00e3o dos territ\u00f3rios; posicionar o turismo como impulsionador da sustentabilidade e dos objetivos de desenvolvimento sustent\u00e1vel (ODS); felicidade, seguran\u00e7a e perspetivas de abandono do turismo; imagem do mercado de trabalho; condi\u00e7\u00f5es de acesso \u00e0s profiss\u00f5es; designa\u00e7\u00e3o das profiss\u00f5es; possibilidade de se trabalhar noutras \u00e1reas, tipo de regime de trabalho e emprego por conta pr\u00f3pria ou de outrem; novo paradigma para a forma\u00e7\u00e3o cont\u00ednua; igualdade e necessidades especiais; investir na qualifica\u00e7\u00e3o tecnol\u00f3gica do mercado de trabalho; o papel das associa\u00e7\u00f5es empresariais e dos sindicatos; govern\u00e2ncia: forma\u00e7\u00e3o, investiga\u00e7\u00e3o e autorregula\u00e7\u00e3o.<\/p>\n\n\n\n<p>O trabalho encontra-se dispon\u00edvel no seguinte link: <a href=\"https:\/\/www.turismodeportugal.pt\/SiteCollectionDocuments\/formacao\/relatorio-estudo-mercado-trabalho-tdp-ua-jan-2023.pdf?fbclid=IwAR2e4Yqd6oz0-F4GdEifHt5XopBAkxciYuVvARWIJuwT7sDXRaGsG7Mumo0\">https:\/\/www.turismodeportugal.pt\/SiteCollectionDocuments\/formacao\/relatorio-estudo-mercado-trabalho-tdp-ua-jan-2023.pdf?fbclid=IwAR2e4Yqd6oz0-F4GdEifHt5XopBAkxciYuVvARWIJuwT7sDXRaGsG7Mumo0<\/a><\/p>\n\n\n\n<div class=\"wp-block-columns is-layout-flex wp-container-core-columns-is-layout-1 wp-block-columns-is-layout-flex\">\n<div class=\"wp-block-column is-layout-flow wp-block-column-is-layout-flow\">\n<figure class=\"wp-block-image size-full is-style-default\"><img loading=\"lazy\" decoding=\"async\" width=\"152\" height=\"152\" src=\"https:\/\/perspetivaatual.pt\/wp-content\/uploads\/2023\/02\/image004.png\" alt=\"\" class=\"wp-image-2550\" srcset=\"http:\/\/perspetivaatual.pt\/wp-content\/uploads\/2023\/02\/image004.png 152w, http:\/\/perspetivaatual.pt\/wp-content\/uploads\/2023\/02\/image004-150x150.png 150w, http:\/\/perspetivaatual.pt\/wp-content\/uploads\/2023\/02\/image004-45x45.png 45w, http:\/\/perspetivaatual.pt\/wp-content\/uploads\/2023\/02\/image004-100x100.png 100w\" sizes=\"auto, (max-width: 152px) 100vw, 152px\" \/><\/figure>\n<\/div>\n\n\n\n<div class=\"wp-block-column is-layout-flow wp-block-column-is-layout-flow\">\n<figure class=\"wp-block-image size-full is-style-default\"><img loading=\"lazy\" decoding=\"async\" width=\"218\" height=\"124\" src=\"https:\/\/perspetivaatual.pt\/wp-content\/uploads\/2023\/02\/image006.png\" alt=\"\" class=\"wp-image-2551\"\/><\/figure>\n<\/div>\n\n\n\n<div class=\"wp-block-column is-layout-flow wp-block-column-is-layout-flow\">\n<figure class=\"wp-block-image size-full is-style-default\"><img loading=\"lazy\" decoding=\"async\" width=\"227\" height=\"127\" src=\"https:\/\/perspetivaatual.pt\/wp-content\/uploads\/2023\/02\/image005.png\" alt=\"\" class=\"wp-image-2552\"\/><\/figure>\n<\/div>\n<\/div>\n","protected":false},"excerpt":{"rendered":"<p>O Estudo Sobre o Mercado de Trabalho em Turismo foi realizado pela Universidade de Aveiro<\/p>\n","protected":false},"author":5,"featured_media":2548,"comment_status":"open","ping_status":"open","sticky":false,"template":"","format":"standard","meta":{"footnotes":""},"categories":[165],"tags":[84,255,126,92],"class_list":["post-2547","post","type-post","status-publish","format-standard","has-post-thumbnail","hentry","category-investigacao","tag-investigacao","tag-mercado-de-trabalho","tag-turismo","tag-universidade-de-aveiro"],"yoast_head":"<!-- This site is optimized with the Yoast SEO plugin v24.2 - https:\/\/yoast.com\/wordpress\/plugins\/seo\/ -->\n<title>Universidade de Aveiro realiza estudo sobre o mercado de trabalho no setor do Turismo - Perspetiva Atual<\/title>\n<meta name=\"description\" content=\"O Estudo Sobre o Mercado de Trabalho em Turismo foi realizado pela Universidade de Aveiro para o Turismo de Portugal e para a Secretaria de Estado do Turismo.\" \/>\n<meta name=\"robots\" content=\"index, follow, max-snippet:-1, max-image-preview:large, max-video-preview:-1\" \/>\n<link rel=\"canonical\" href=\"http:\/\/perspetivaatual.pt\/index.php\/2023\/02\/24\/turismo-universidade-de-aveiro\/\" \/>\n<meta property=\"og:locale\" content=\"pt_PT\" \/>\n<meta property=\"og:type\" content=\"article\" \/>\n<meta property=\"og:title\" content=\"Universidade de Aveiro realiza estudo sobre o mercado de trabalho no setor do Turismo - Perspetiva Atual\" \/>\n<meta property=\"og:description\" content=\"O Estudo Sobre o Mercado de Trabalho em Turismo foi realizado pela Universidade de Aveiro para o Turismo de Portugal e para a Secretaria de Estado do Turismo.\" \/>\n<meta property=\"og:url\" content=\"http:\/\/perspetivaatual.pt\/index.php\/2023\/02\/24\/turismo-universidade-de-aveiro\/\" \/>\n<meta property=\"og:site_name\" content=\"Perspetiva Atual\" \/>\n<meta property=\"article:published_time\" content=\"2023-02-24T07:00:00+00:00\" \/>\n<meta property=\"article:modified_time\" content=\"2023-02-20T17:30:43+00:00\" \/>\n<meta property=\"og:image\" content=\"http:\/\/perspetivaatual.pt\/wp-content\/uploads\/2023\/02\/Carlos-Costa-Professor-Catedratico-de-Turismo.jpg\" \/>\n\t<meta property=\"og:image:width\" content=\"800\" \/>\n\t<meta property=\"og:image:height\" content=\"500\" \/>\n\t<meta property=\"og:image:type\" content=\"image\/jpeg\" \/>\n<meta name=\"author\" content=\"Jo\u00e3o Malainho Perspetiva Atual\" \/>\n<meta name=\"twitter:card\" content=\"summary_large_image\" \/>\n<meta name=\"twitter:label1\" content=\"Escrito por\" \/>\n\t<meta name=\"twitter:data1\" content=\"\" \/>\n\t<meta name=\"twitter:label2\" content=\"Tempo estimado de leitura\" \/>\n\t<meta name=\"twitter:data2\" content=\"4 minutos\" \/>\n<script type=\"application\/ld+json\" class=\"yoast-schema-graph\">{\"@context\":\"https:\/\/schema.org\",\"@graph\":[{\"@type\":\"Article\",\"@id\":\"http:\/\/perspetivaatual.pt\/index.php\/2023\/02\/24\/turismo-universidade-de-aveiro\/#article\",\"isPartOf\":{\"@id\":\"http:\/\/perspetivaatual.pt\/index.php\/2023\/02\/24\/turismo-universidade-de-aveiro\/\"},\"author\":{\"name\":\"Jo\u00e3o Malainho Perspetiva Atual\",\"@id\":\"https:\/\/perspetivaatual.pt\/#\/schema\/person\/4c9d5a8b179d047c3220dfa32fd6b658\"},\"headline\":\"Universidade de Aveiro realiza estudo sobre o mercado de trabalho no setor do Turismo\",\"datePublished\":\"2023-02-24T07:00:00+00:00\",\"dateModified\":\"2023-02-20T17:30:43+00:00\",\"mainEntityOfPage\":{\"@id\":\"http:\/\/perspetivaatual.pt\/index.php\/2023\/02\/24\/turismo-universidade-de-aveiro\/\"},\"wordCount\":764,\"commentCount\":0,\"publisher\":{\"@id\":\"https:\/\/perspetivaatual.pt\/#organization\"},\"image\":{\"@id\":\"http:\/\/perspetivaatual.pt\/index.php\/2023\/02\/24\/turismo-universidade-de-aveiro\/#primaryimage\"},\"thumbnailUrl\":\"http:\/\/perspetivaatual.pt\/wp-content\/uploads\/2023\/02\/Carlos-Costa-Professor-Catedratico-de-Turismo.jpg\",\"keywords\":[\"Investiga\u00e7\u00e3o\",\"Mercado de trabalho\",\"Turismo\",\"Universidade de Aveiro\"],\"articleSection\":[\"Investiga\u00e7\u00e3o\"],\"inLanguage\":\"pt-PT\",\"potentialAction\":[{\"@type\":\"CommentAction\",\"name\":\"Comment\",\"target\":[\"http:\/\/perspetivaatual.pt\/index.php\/2023\/02\/24\/turismo-universidade-de-aveiro\/#respond\"]}]},{\"@type\":\"WebPage\",\"@id\":\"http:\/\/perspetivaatual.pt\/index.php\/2023\/02\/24\/turismo-universidade-de-aveiro\/\",\"url\":\"http:\/\/perspetivaatual.pt\/index.php\/2023\/02\/24\/turismo-universidade-de-aveiro\/\",\"name\":\"Universidade de Aveiro realiza estudo sobre o mercado de trabalho no setor do Turismo - Perspetiva Atual\",\"isPartOf\":{\"@id\":\"https:\/\/perspetivaatual.pt\/#website\"},\"primaryImageOfPage\":{\"@id\":\"http:\/\/perspetivaatual.pt\/index.php\/2023\/02\/24\/turismo-universidade-de-aveiro\/#primaryimage\"},\"image\":{\"@id\":\"http:\/\/perspetivaatual.pt\/index.php\/2023\/02\/24\/turismo-universidade-de-aveiro\/#primaryimage\"},\"thumbnailUrl\":\"http:\/\/perspetivaatual.pt\/wp-content\/uploads\/2023\/02\/Carlos-Costa-Professor-Catedratico-de-Turismo.jpg\",\"datePublished\":\"2023-02-24T07:00:00+00:00\",\"dateModified\":\"2023-02-20T17:30:43+00:00\",\"description\":\"O Estudo Sobre o Mercado de Trabalho em Turismo foi realizado pela Universidade de Aveiro para o Turismo de Portugal e para a Secretaria de Estado do Turismo.\",\"breadcrumb\":{\"@id\":\"http:\/\/perspetivaatual.pt\/index.php\/2023\/02\/24\/turismo-universidade-de-aveiro\/#breadcrumb\"},\"inLanguage\":\"pt-PT\",\"potentialAction\":[{\"@type\":\"ReadAction\",\"target\":[\"http:\/\/perspetivaatual.pt\/index.php\/2023\/02\/24\/turismo-universidade-de-aveiro\/\"]}]},{\"@type\":\"ImageObject\",\"inLanguage\":\"pt-PT\",\"@id\":\"http:\/\/perspetivaatual.pt\/index.php\/2023\/02\/24\/turismo-universidade-de-aveiro\/#primaryimage\",\"url\":\"http:\/\/perspetivaatual.pt\/wp-content\/uploads\/2023\/02\/Carlos-Costa-Professor-Catedratico-de-Turismo.jpg\",\"contentUrl\":\"http:\/\/perspetivaatual.pt\/wp-content\/uploads\/2023\/02\/Carlos-Costa-Professor-Catedratico-de-Turismo.jpg\",\"width\":800,\"height\":500,\"caption\":\"Carlos Costa, Professor Catedr\u00e1tico da Universidade de Aveiro\"},{\"@type\":\"BreadcrumbList\",\"@id\":\"http:\/\/perspetivaatual.pt\/index.php\/2023\/02\/24\/turismo-universidade-de-aveiro\/#breadcrumb\",\"itemListElement\":[{\"@type\":\"ListItem\",\"position\":1,\"name\":\"Home\",\"item\":\"https:\/\/perspetivaatual.pt\/\"},{\"@type\":\"ListItem\",\"position\":2,\"name\":\"Universidade de Aveiro realiza estudo sobre o mercado de trabalho no setor do Turismo\"}]},{\"@type\":\"WebSite\",\"@id\":\"https:\/\/perspetivaatual.pt\/#website\",\"url\":\"https:\/\/perspetivaatual.pt\/\",\"name\":\"Perspetiva Atual\",\"description\":\"Olhar Portugal, de diferentes formas\",\"publisher\":{\"@id\":\"https:\/\/perspetivaatual.pt\/#organization\"},\"potentialAction\":[{\"@type\":\"SearchAction\",\"target\":{\"@type\":\"EntryPoint\",\"urlTemplate\":\"https:\/\/perspetivaatual.pt\/?s={search_term_string}\"},\"query-input\":{\"@type\":\"PropertyValueSpecification\",\"valueRequired\":true,\"valueName\":\"search_term_string\"}}],\"inLanguage\":\"pt-PT\"},{\"@type\":\"Organization\",\"@id\":\"https:\/\/perspetivaatual.pt\/#organization\",\"name\":\"Perspetiva Atual\",\"url\":\"https:\/\/perspetivaatual.pt\/\",\"logo\":{\"@type\":\"ImageObject\",\"inLanguage\":\"pt-PT\",\"@id\":\"https:\/\/perspetivaatual.pt\/#\/schema\/logo\/image\/\",\"url\":\"http:\/\/perspetivaatual.pt\/wp-content\/uploads\/2020\/08\/cropped-perspetiva_atual-.png\",\"contentUrl\":\"http:\/\/perspetivaatual.pt\/wp-content\/uploads\/2020\/08\/cropped-perspetiva_atual-.png\",\"width\":618,\"height\":202,\"caption\":\"Perspetiva Atual\"},\"image\":{\"@id\":\"https:\/\/perspetivaatual.pt\/#\/schema\/logo\/image\/\"}},{\"@type\":\"Person\",\"@id\":\"https:\/\/perspetivaatual.pt\/#\/schema\/person\/4c9d5a8b179d047c3220dfa32fd6b658\",\"name\":\"Jo\u00e3o Malainho Perspetiva Atual\",\"image\":{\"@type\":\"ImageObject\",\"inLanguage\":\"pt-PT\",\"@id\":\"https:\/\/perspetivaatual.pt\/#\/schema\/person\/image\/\",\"url\":\"https:\/\/secure.gravatar.com\/avatar\/fd918e8a58374b02896337d62716969a?s=96&d=mm&r=g\",\"contentUrl\":\"https:\/\/secure.gravatar.com\/avatar\/fd918e8a58374b02896337d62716969a?s=96&d=mm&r=g\",\"caption\":\"Jo\u00e3o Malainho Perspetiva Atual\"},\"sameAs\":[\"http:\/\/perspetivaatual.pt\"],\"url\":\"http:\/\/perspetivaatual.pt\/index.php\/author\/joaomalainhoii\/\"}]}<\/script>\n<!-- \/ Yoast SEO plugin. -->","yoast_head_json":{"title":"Universidade de Aveiro realiza estudo sobre o mercado de trabalho no setor do Turismo - Perspetiva Atual","description":"O Estudo Sobre o Mercado de Trabalho em Turismo foi realizado pela Universidade de Aveiro para o Turismo de Portugal e para a Secretaria de Estado do Turismo.","robots":{"index":"index","follow":"follow","max-snippet":"max-snippet:-1","max-image-preview":"max-image-preview:large","max-video-preview":"max-video-preview:-1"},"canonical":"http:\/\/perspetivaatual.pt\/index.php\/2023\/02\/24\/turismo-universidade-de-aveiro\/","og_locale":"pt_PT","og_type":"article","og_title":"Universidade de Aveiro realiza estudo sobre o mercado de trabalho no setor do Turismo - Perspetiva Atual","og_description":"O Estudo Sobre o Mercado de Trabalho em Turismo foi realizado pela Universidade de Aveiro para o Turismo de Portugal e para a Secretaria de Estado do Turismo.","og_url":"http:\/\/perspetivaatual.pt\/index.php\/2023\/02\/24\/turismo-universidade-de-aveiro\/","og_site_name":"Perspetiva Atual","article_published_time":"2023-02-24T07:00:00+00:00","article_modified_time":"2023-02-20T17:30:43+00:00","og_image":[{"width":800,"height":500,"url":"http:\/\/perspetivaatual.pt\/wp-content\/uploads\/2023\/02\/Carlos-Costa-Professor-Catedratico-de-Turismo.jpg","type":"image\/jpeg"}],"author":"Jo\u00e3o Malainho Perspetiva Atual","twitter_card":"summary_large_image","twitter_misc":{"Escrito por":false,"Tempo estimado de leitura":"4 minutos"},"schema":{"@context":"https:\/\/schema.org","@graph":[{"@type":"Article","@id":"http:\/\/perspetivaatual.pt\/index.php\/2023\/02\/24\/turismo-universidade-de-aveiro\/#article","isPartOf":{"@id":"http:\/\/perspetivaatual.pt\/index.php\/2023\/02\/24\/turismo-universidade-de-aveiro\/"},"author":{"name":"Jo\u00e3o Malainho Perspetiva Atual","@id":"https:\/\/perspetivaatual.pt\/#\/schema\/person\/4c9d5a8b179d047c3220dfa32fd6b658"},"headline":"Universidade de Aveiro realiza estudo sobre o mercado de trabalho no setor do Turismo","datePublished":"2023-02-24T07:00:00+00:00","dateModified":"2023-02-20T17:30:43+00:00","mainEntityOfPage":{"@id":"http:\/\/perspetivaatual.pt\/index.php\/2023\/02\/24\/turismo-universidade-de-aveiro\/"},"wordCount":764,"commentCount":0,"publisher":{"@id":"https:\/\/perspetivaatual.pt\/#organization"},"image":{"@id":"http:\/\/perspetivaatual.pt\/index.php\/2023\/02\/24\/turismo-universidade-de-aveiro\/#primaryimage"},"thumbnailUrl":"http:\/\/perspetivaatual.pt\/wp-content\/uploads\/2023\/02\/Carlos-Costa-Professor-Catedratico-de-Turismo.jpg","keywords":["Investiga\u00e7\u00e3o","Mercado de trabalho","Turismo","Universidade de Aveiro"],"articleSection":["Investiga\u00e7\u00e3o"],"inLanguage":"pt-PT","potentialAction":[{"@type":"CommentAction","name":"Comment","target":["http:\/\/perspetivaatual.pt\/index.php\/2023\/02\/24\/turismo-universidade-de-aveiro\/#respond"]}]},{"@type":"WebPage","@id":"http:\/\/perspetivaatual.pt\/index.php\/2023\/02\/24\/turismo-universidade-de-aveiro\/","url":"http:\/\/perspetivaatual.pt\/index.php\/2023\/02\/24\/turismo-universidade-de-aveiro\/","name":"Universidade de Aveiro realiza estudo sobre o mercado de trabalho no setor do Turismo - Perspetiva Atual","isPartOf":{"@id":"https:\/\/perspetivaatual.pt\/#website"},"primaryImageOfPage":{"@id":"http:\/\/perspetivaatual.pt\/index.php\/2023\/02\/24\/turismo-universidade-de-aveiro\/#primaryimage"},"image":{"@id":"http:\/\/perspetivaatual.pt\/index.php\/2023\/02\/24\/turismo-universidade-de-aveiro\/#primaryimage"},"thumbnailUrl":"http:\/\/perspetivaatual.pt\/wp-content\/uploads\/2023\/02\/Carlos-Costa-Professor-Catedratico-de-Turismo.jpg","datePublished":"2023-02-24T07:00:00+00:00","dateModified":"2023-02-20T17:30:43+00:00","description":"O Estudo Sobre o Mercado de Trabalho em Turismo foi realizado pela Universidade de Aveiro para o Turismo de Portugal e para a Secretaria de Estado do Turismo.","breadcrumb":{"@id":"http:\/\/perspetivaatual.pt\/index.php\/2023\/02\/24\/turismo-universidade-de-aveiro\/#breadcrumb"},"inLanguage":"pt-PT","potentialAction":[{"@type":"ReadAction","target":["http:\/\/perspetivaatual.pt\/index.php\/2023\/02\/24\/turismo-universidade-de-aveiro\/"]}]},{"@type":"ImageObject","inLanguage":"pt-PT","@id":"http:\/\/perspetivaatual.pt\/index.php\/2023\/02\/24\/turismo-universidade-de-aveiro\/#primaryimage","url":"http:\/\/perspetivaatual.pt\/wp-content\/uploads\/2023\/02\/Carlos-Costa-Professor-Catedratico-de-Turismo.jpg","contentUrl":"http:\/\/perspetivaatual.pt\/wp-content\/uploads\/2023\/02\/Carlos-Costa-Professor-Catedratico-de-Turismo.jpg","width":800,"height":500,"caption":"Carlos Costa, Professor Catedr\u00e1tico da Universidade de Aveiro"},{"@type":"BreadcrumbList","@id":"http:\/\/perspetivaatual.pt\/index.php\/2023\/02\/24\/turismo-universidade-de-aveiro\/#breadcrumb","itemListElement":[{"@type":"ListItem","position":1,"name":"Home","item":"https:\/\/perspetivaatual.pt\/"},{"@type":"ListItem","position":2,"name":"Universidade de Aveiro realiza estudo sobre o mercado de trabalho no setor do Turismo"}]},{"@type":"WebSite","@id":"https:\/\/perspetivaatual.pt\/#website","url":"https:\/\/perspetivaatual.pt\/","name":"Perspetiva Atual","description":"Olhar Portugal, de diferentes formas","publisher":{"@id":"https:\/\/perspetivaatual.pt\/#organization"},"potentialAction":[{"@type":"SearchAction","target":{"@type":"EntryPoint","urlTemplate":"https:\/\/perspetivaatual.pt\/?s={search_term_string}"},"query-input":{"@type":"PropertyValueSpecification","valueRequired":true,"valueName":"search_term_string"}}],"inLanguage":"pt-PT"},{"@type":"Organization","@id":"https:\/\/perspetivaatual.pt\/#organization","name":"Perspetiva Atual","url":"https:\/\/perspetivaatual.pt\/","logo":{"@type":"ImageObject","inLanguage":"pt-PT","@id":"https:\/\/perspetivaatual.pt\/#\/schema\/logo\/image\/","url":"http:\/\/perspetivaatual.pt\/wp-content\/uploads\/2020\/08\/cropped-perspetiva_atual-.png","contentUrl":"http:\/\/perspetivaatual.pt\/wp-content\/uploads\/2020\/08\/cropped-perspetiva_atual-.png","width":618,"height":202,"caption":"Perspetiva Atual"},"image":{"@id":"https:\/\/perspetivaatual.pt\/#\/schema\/logo\/image\/"}},{"@type":"Person","@id":"https:\/\/perspetivaatual.pt\/#\/schema\/person\/4c9d5a8b179d047c3220dfa32fd6b658","name":"Jo\u00e3o Malainho Perspetiva Atual","image":{"@type":"ImageObject","inLanguage":"pt-PT","@id":"https:\/\/perspetivaatual.pt\/#\/schema\/person\/image\/","url":"https:\/\/secure.gravatar.com\/avatar\/fd918e8a58374b02896337d62716969a?s=96&d=mm&r=g","contentUrl":"https:\/\/secure.gravatar.com\/avatar\/fd918e8a58374b02896337d62716969a?s=96&d=mm&r=g","caption":"Jo\u00e3o Malainho Perspetiva Atual"},"sameAs":["http:\/\/perspetivaatual.pt"],"url":"http:\/\/perspetivaatual.pt\/index.php\/author\/joaomalainhoii\/"}]}},"featured_image_urls":{"full":["http:\/\/perspetivaatual.pt\/wp-content\/uploads\/2023\/02\/Carlos-Costa-Professor-Catedratico-de-Turismo.jpg",800,500,false],"thumbnail":["http:\/\/perspetivaatual.pt\/wp-content\/uploads\/2023\/02\/Carlos-Costa-Professor-Catedratico-de-Turismo-150x150.jpg",150,150,true],"medium":["http:\/\/perspetivaatual.pt\/wp-content\/uploads\/2023\/02\/Carlos-Costa-Professor-Catedratico-de-Turismo-300x188.jpg",300,188,true],"medium_large":["http:\/\/perspetivaatual.pt\/wp-content\/uploads\/2023\/02\/Carlos-Costa-Professor-Catedratico-de-Turismo-768x480.jpg",640,400,true],"large":["http:\/\/perspetivaatual.pt\/wp-content\/uploads\/2023\/02\/Carlos-Costa-Professor-Catedratico-de-Turismo.jpg",640,400,false],"1536x1536":["http:\/\/perspetivaatual.pt\/wp-content\/uploads\/2023\/02\/Carlos-Costa-Professor-Catedratico-de-Turismo.jpg",800,500,false],"2048x2048":["http:\/\/perspetivaatual.pt\/wp-content\/uploads\/2023\/02\/Carlos-Costa-Professor-Catedratico-de-Turismo.jpg",800,500,false],"magazine-7-slider-full":["http:\/\/perspetivaatual.pt\/wp-content\/uploads\/2023\/02\/Carlos-Costa-Professor-Catedratico-de-Turismo.jpg",800,500,false],"magazine-7-slider-center":["http:\/\/perspetivaatual.pt\/wp-content\/uploads\/2023\/02\/Carlos-Costa-Professor-Catedratico-de-Turismo.jpg",800,500,false],"magazine-7-featured":["http:\/\/perspetivaatual.pt\/wp-content\/uploads\/2023\/02\/Carlos-Costa-Professor-Catedratico-de-Turismo.jpg",800,500,false],"magazine-7-medium":["http:\/\/perspetivaatual.pt\/wp-content\/uploads\/2023\/02\/Carlos-Costa-Professor-Catedratico-de-Turismo-720x380.jpg",720,380,true],"magazine-7-medium-square":["http:\/\/perspetivaatual.pt\/wp-content\/uploads\/2023\/02\/Carlos-Costa-Professor-Catedratico-de-Turismo-675x450.jpg",675,450,true],"rpwe-thumbnail":["http:\/\/perspetivaatual.pt\/wp-content\/uploads\/2023\/02\/Carlos-Costa-Professor-Catedratico-de-Turismo-45x45.jpg",45,45,true]},"author_info":{"info":[false]},"category_info":"<a href=\"http:\/\/perspetivaatual.pt\/index.php\/category\/investigacao\/\" rel=\"category tag\">Investiga\u00e7\u00e3o<\/a>","tag_info":"Investiga\u00e7\u00e3o","comment_count":"0","_links":{"self":[{"href":"http:\/\/perspetivaatual.pt\/index.php\/wp-json\/wp\/v2\/posts\/2547","targetHints":{"allow":["GET"]}}],"collection":[{"href":"http:\/\/perspetivaatual.pt\/index.php\/wp-json\/wp\/v2\/posts"}],"about":[{"href":"http:\/\/perspetivaatual.pt\/index.php\/wp-json\/wp\/v2\/types\/post"}],"author":[{"embeddable":true,"href":"http:\/\/perspetivaatual.pt\/index.php\/wp-json\/wp\/v2\/users\/5"}],"replies":[{"embeddable":true,"href":"http:\/\/perspetivaatual.pt\/index.php\/wp-json\/wp\/v2\/comments?post=2547"}],"version-history":[{"count":0,"href":"http:\/\/perspetivaatual.pt\/index.php\/wp-json\/wp\/v2\/posts\/2547\/revisions"}],"wp:featuredmedia":[{"embeddable":true,"href":"http:\/\/perspetivaatual.pt\/index.php\/wp-json\/wp\/v2\/media\/2548"}],"wp:attachment":[{"href":"http:\/\/perspetivaatual.pt\/index.php\/wp-json\/wp\/v2\/media?parent=2547"}],"wp:term":[{"taxonomy":"category","embeddable":true,"href":"http:\/\/perspetivaatual.pt\/index.php\/wp-json\/wp\/v2\/categories?post=2547"},{"taxonomy":"post_tag","embeddable":true,"href":"http:\/\/perspetivaatual.pt\/index.php\/wp-json\/wp\/v2\/tags?post=2547"}],"curies":[{"name":"wp","href":"https:\/\/api.w.org\/{rel}","templated":true}]}}