{"id":3039,"date":"2023-08-03T15:50:52","date_gmt":"2023-08-03T15:50:52","guid":{"rendered":"https:\/\/perspetivaatual.pt\/?p=3039"},"modified":"2023-08-03T15:50:53","modified_gmt":"2023-08-03T15:50:53","slug":"estga-ua-novo-diretor","status":"publish","type":"post","link":"http:\/\/perspetivaatual.pt\/index.php\/2023\/08\/03\/estga-ua-novo-diretor\/","title":{"rendered":"M\u00e1rio Rodrigues assume a dire\u00e7\u00e3o da ESTGA-UA em cerim\u00f3nia oficial"},"content":{"rendered":"\n<p><strong>M\u00e1rio Rodrigues, docente com mais de duas d\u00e9cadas de liga\u00e7\u00e3o \u00e0 Escola Superior de Tecnologia e Gest\u00e3o de \u00c1gueda (ESTGA) da Universidade de Aveiro (UA), foi empossado, no dia 19 de julho, como novo Diretor da institui\u00e7\u00e3o. A cerim\u00f3nia de tomada de posse aconteceu no audit\u00f3rio da ESTGA-UA e contou com a presen\u00e7a do Reitor da UA, Paulo Jorge Ferreira, que oficializou a nomea\u00e7\u00e3o.<\/strong><\/p>\n\n\n\n<p>A transi\u00e7\u00e3o de poder marcou a despedida do antigo Diretor, Marco Costa, e da respetiva Comiss\u00e3o Executiva. A nova Comiss\u00e3o Executiva, liderada por M\u00e1rio Rodrigues, \u00e9 composta por Anabela Sim\u00f5es, que assumir\u00e1 o cargo de Subdiretora e ser\u00e1 respons\u00e1vel pelo Gabinete de Comunica\u00e7\u00e3o e Rela\u00e7\u00f5es P\u00fablicas da Escola; F\u00e1bio Marques, que ficar\u00e1 encarregado da \u00e1rea de coordena\u00e7\u00e3o pedag\u00f3gica; Fernanda Resende, respons\u00e1vel pela \u00e1rea t\u00e9cnico-cient\u00edfica; e S\u00f3nia Estrela, que coordenar\u00e1 as rela\u00e7\u00f5es com a sociedade.<\/p>\n\n\n\n<p>Durante a cerim\u00f3nia de posse, M\u00e1rio Rodrigues apresentou um ambicioso plano de a\u00e7\u00e3o para o pr\u00f3ximo quadri\u00e9nio. Entre as principais prioridades do novo Diretor, destaca-se o refor\u00e7o da coopera\u00e7\u00e3o com empresas parceiras da ESTGA-UA, visando uma aproxima\u00e7\u00e3o cada vez maior \u00e0 realidade empresarial. Al\u00e9m disso, Rodrigues pretende impulsionar a investiga\u00e7\u00e3o e a inova\u00e7\u00e3o com foco no desenvolvimento experimental.<\/p>\n\n\n\n<p>A presen\u00e7a dos parceiros empresariais da ESTGA-UA, bem como de figuras importantes da comunidade local, acrescentou prest\u00edgio \u00e0 cerim\u00f3nia. Jorge Almeida, Presidente da C\u00e2mara Municipal, Nuno Cardoso, Presidente da Junta de Freguesia de \u00c1gueda e Borralha, Nuno Oliveira, representante do N\u00facleo Associativo de Estudantes da ESTGA, e a comunidade acad\u00e9mica da ESTGA-UA estiveram presentes no evento.<\/p>\n\n\n\n<p>M\u00e1rio Rodrigues assume o desafio de liderar a ESTGA-UA com entusiasmo e determina\u00e7\u00e3o, prometendo uma gest\u00e3o orientada para o progresso, alicer\u00e7ada em parcerias s\u00f3lidas com o setor empresarial e focada no est\u00edmulo \u00e0 investiga\u00e7\u00e3o e inova\u00e7\u00e3o. A Universidade de Aveiro e toda a comunidade acad\u00e9mica acompanham de perto os passos desse novo cap\u00edtulo que se inicia na prestigiada institui\u00e7\u00e3o de ensino.<\/p>\n","protected":false},"excerpt":{"rendered":"<p>M\u00e1rio Rodrigues, docente com mais de duas d\u00e9cadas de liga\u00e7\u00e3o \u00e0 Escola Superior de Tecnologia<\/p>\n","protected":false},"author":5,"featured_media":3040,"comment_status":"open","ping_status":"open","sticky":false,"template":"","format":"standard","meta":{"footnotes":""},"categories":[14],"tags":[290,90,365,292,367,368,291,92],"class_list":["post-3039","post","type-post","status-publish","format-standard","has-post-thumbnail","hentry","category-noticias","tag-agueda","tag-aveiro","tag-estga","tag-gestao","tag-mario-rodrigues","tag-novo-diretor","tag-tecnologia","tag-universidade-de-aveiro"],"yoast_head":"<!-- This site is optimized with the Yoast SEO plugin v24.2 - https:\/\/yoast.com\/wordpress\/plugins\/seo\/ -->\n<title>M\u00e1rio Rodrigues assume a dire\u00e7\u00e3o da ESTGA-UA em cerim\u00f3nia oficial - Perspetiva Atual<\/title>\n<meta name=\"description\" content=\"M\u00e1rio Rodrigues \u00e9 o novo diretor da Escola Superior de Tecnologia e Gest\u00e3o de \u00c1gueda (ESTGA) da Universidade de Aveiro (UA).\" \/>\n<meta name=\"robots\" content=\"index, follow, max-snippet:-1, max-image-preview:large, max-video-preview:-1\" \/>\n<link rel=\"canonical\" href=\"https:\/\/perspetivaatual.pt\/index.php\/2023\/08\/03\/estga-ua-novo-diretor\/\" \/>\n<meta property=\"og:locale\" content=\"pt_PT\" \/>\n<meta property=\"og:type\" content=\"article\" \/>\n<meta property=\"og:title\" content=\"M\u00e1rio Rodrigues assume a dire\u00e7\u00e3o da ESTGA-UA em cerim\u00f3nia oficial - Perspetiva Atual\" \/>\n<meta property=\"og:description\" content=\"M\u00e1rio Rodrigues \u00e9 o novo diretor da Escola Superior de Tecnologia e Gest\u00e3o de \u00c1gueda (ESTGA) da Universidade de Aveiro (UA).\" \/>\n<meta property=\"og:url\" content=\"https:\/\/perspetivaatual.pt\/index.php\/2023\/08\/03\/estga-ua-novo-diretor\/\" \/>\n<meta property=\"og:site_name\" content=\"Perspetiva Atual\" \/>\n<meta property=\"article:published_time\" content=\"2023-08-03T15:50:52+00:00\" \/>\n<meta property=\"article:modified_time\" content=\"2023-08-03T15:50:53+00:00\" \/>\n<meta property=\"og:image\" content=\"https:\/\/perspetivaatual.pt\/wp-content\/uploads\/2023\/08\/MGC3-1.jpg\" \/>\n\t<meta property=\"og:image:width\" content=\"1920\" \/>\n\t<meta property=\"og:image:height\" content=\"1088\" \/>\n\t<meta property=\"og:image:type\" content=\"image\/jpeg\" \/>\n<meta name=\"author\" content=\"Jo\u00e3o Malainho Perspetiva Atual\" \/>\n<meta name=\"twitter:card\" content=\"summary_large_image\" \/>\n<meta name=\"twitter:label1\" content=\"Escrito por\" \/>\n\t<meta name=\"twitter:data1\" content=\"\" \/>\n\t<meta name=\"twitter:label2\" content=\"Tempo estimado de leitura\" \/>\n\t<meta name=\"twitter:data2\" content=\"2 minutos\" \/>\n<script type=\"application\/ld+json\" class=\"yoast-schema-graph\">{\"@context\":\"https:\/\/schema.org\",\"@graph\":[{\"@type\":\"Article\",\"@id\":\"https:\/\/perspetivaatual.pt\/index.php\/2023\/08\/03\/estga-ua-novo-diretor\/#article\",\"isPartOf\":{\"@id\":\"https:\/\/perspetivaatual.pt\/index.php\/2023\/08\/03\/estga-ua-novo-diretor\/\"},\"author\":{\"name\":\"Jo\u00e3o Malainho Perspetiva Atual\",\"@id\":\"https:\/\/perspetivaatual.pt\/#\/schema\/person\/4c9d5a8b179d047c3220dfa32fd6b658\"},\"headline\":\"M\u00e1rio Rodrigues assume a dire\u00e7\u00e3o da ESTGA-UA em cerim\u00f3nia oficial\",\"datePublished\":\"2023-08-03T15:50:52+00:00\",\"dateModified\":\"2023-08-03T15:50:53+00:00\",\"mainEntityOfPage\":{\"@id\":\"https:\/\/perspetivaatual.pt\/index.php\/2023\/08\/03\/estga-ua-novo-diretor\/\"},\"wordCount\":374,\"commentCount\":0,\"publisher\":{\"@id\":\"https:\/\/perspetivaatual.pt\/#organization\"},\"image\":{\"@id\":\"https:\/\/perspetivaatual.pt\/index.php\/2023\/08\/03\/estga-ua-novo-diretor\/#primaryimage\"},\"thumbnailUrl\":\"http:\/\/perspetivaatual.pt\/wp-content\/uploads\/2023\/08\/MGC3-1.jpg\",\"keywords\":[\"\u00c1gueda\",\"Aveiro\",\"ESTGA\",\"Gest\u00e3o\",\"M\u00e1rio Rodrigues\",\"Novo Diretor\",\"Tecnologia\",\"Universidade de Aveiro\"],\"articleSection\":[\"Not\u00edcias\"],\"inLanguage\":\"pt-PT\",\"potentialAction\":[{\"@type\":\"CommentAction\",\"name\":\"Comment\",\"target\":[\"https:\/\/perspetivaatual.pt\/index.php\/2023\/08\/03\/estga-ua-novo-diretor\/#respond\"]}]},{\"@type\":\"WebPage\",\"@id\":\"https:\/\/perspetivaatual.pt\/index.php\/2023\/08\/03\/estga-ua-novo-diretor\/\",\"url\":\"https:\/\/perspetivaatual.pt\/index.php\/2023\/08\/03\/estga-ua-novo-diretor\/\",\"name\":\"M\u00e1rio Rodrigues assume a dire\u00e7\u00e3o da ESTGA-UA em cerim\u00f3nia oficial - Perspetiva Atual\",\"isPartOf\":{\"@id\":\"https:\/\/perspetivaatual.pt\/#website\"},\"primaryImageOfPage\":{\"@id\":\"https:\/\/perspetivaatual.pt\/index.php\/2023\/08\/03\/estga-ua-novo-diretor\/#primaryimage\"},\"image\":{\"@id\":\"https:\/\/perspetivaatual.pt\/index.php\/2023\/08\/03\/estga-ua-novo-diretor\/#primaryimage\"},\"thumbnailUrl\":\"http:\/\/perspetivaatual.pt\/wp-content\/uploads\/2023\/08\/MGC3-1.jpg\",\"datePublished\":\"2023-08-03T15:50:52+00:00\",\"dateModified\":\"2023-08-03T15:50:53+00:00\",\"description\":\"M\u00e1rio Rodrigues \u00e9 o novo diretor da Escola Superior de Tecnologia e Gest\u00e3o de \u00c1gueda (ESTGA) da Universidade de Aveiro (UA).\",\"breadcrumb\":{\"@id\":\"https:\/\/perspetivaatual.pt\/index.php\/2023\/08\/03\/estga-ua-novo-diretor\/#breadcrumb\"},\"inLanguage\":\"pt-PT\",\"potentialAction\":[{\"@type\":\"ReadAction\",\"target\":[\"https:\/\/perspetivaatual.pt\/index.php\/2023\/08\/03\/estga-ua-novo-diretor\/\"]}]},{\"@type\":\"ImageObject\",\"inLanguage\":\"pt-PT\",\"@id\":\"https:\/\/perspetivaatual.pt\/index.php\/2023\/08\/03\/estga-ua-novo-diretor\/#primaryimage\",\"url\":\"http:\/\/perspetivaatual.pt\/wp-content\/uploads\/2023\/08\/MGC3-1.jpg\",\"contentUrl\":\"http:\/\/perspetivaatual.pt\/wp-content\/uploads\/2023\/08\/MGC3-1.jpg\",\"width\":1920,\"height\":1088},{\"@type\":\"BreadcrumbList\",\"@id\":\"https:\/\/perspetivaatual.pt\/index.php\/2023\/08\/03\/estga-ua-novo-diretor\/#breadcrumb\",\"itemListElement\":[{\"@type\":\"ListItem\",\"position\":1,\"name\":\"Home\",\"item\":\"https:\/\/perspetivaatual.pt\/\"},{\"@type\":\"ListItem\",\"position\":2,\"name\":\"M\u00e1rio Rodrigues assume a dire\u00e7\u00e3o da ESTGA-UA em cerim\u00f3nia oficial\"}]},{\"@type\":\"WebSite\",\"@id\":\"https:\/\/perspetivaatual.pt\/#website\",\"url\":\"https:\/\/perspetivaatual.pt\/\",\"name\":\"Perspetiva Atual\",\"description\":\"Olhar Portugal, de diferentes formas\",\"publisher\":{\"@id\":\"https:\/\/perspetivaatual.pt\/#organization\"},\"potentialAction\":[{\"@type\":\"SearchAction\",\"target\":{\"@type\":\"EntryPoint\",\"urlTemplate\":\"https:\/\/perspetivaatual.pt\/?s={search_term_string}\"},\"query-input\":{\"@type\":\"PropertyValueSpecification\",\"valueRequired\":true,\"valueName\":\"search_term_string\"}}],\"inLanguage\":\"pt-PT\"},{\"@type\":\"Organization\",\"@id\":\"https:\/\/perspetivaatual.pt\/#organization\",\"name\":\"Perspetiva Atual\",\"url\":\"https:\/\/perspetivaatual.pt\/\",\"logo\":{\"@type\":\"ImageObject\",\"inLanguage\":\"pt-PT\",\"@id\":\"https:\/\/perspetivaatual.pt\/#\/schema\/logo\/image\/\",\"url\":\"http:\/\/perspetivaatual.pt\/wp-content\/uploads\/2020\/08\/cropped-perspetiva_atual-.png\",\"contentUrl\":\"http:\/\/perspetivaatual.pt\/wp-content\/uploads\/2020\/08\/cropped-perspetiva_atual-.png\",\"width\":618,\"height\":202,\"caption\":\"Perspetiva Atual\"},\"image\":{\"@id\":\"https:\/\/perspetivaatual.pt\/#\/schema\/logo\/image\/\"}},{\"@type\":\"Person\",\"@id\":\"https:\/\/perspetivaatual.pt\/#\/schema\/person\/4c9d5a8b179d047c3220dfa32fd6b658\",\"name\":\"Jo\u00e3o Malainho Perspetiva Atual\",\"image\":{\"@type\":\"ImageObject\",\"inLanguage\":\"pt-PT\",\"@id\":\"https:\/\/perspetivaatual.pt\/#\/schema\/person\/image\/\",\"url\":\"https:\/\/secure.gravatar.com\/avatar\/fd918e8a58374b02896337d62716969a?s=96&d=mm&r=g\",\"contentUrl\":\"https:\/\/secure.gravatar.com\/avatar\/fd918e8a58374b02896337d62716969a?s=96&d=mm&r=g\",\"caption\":\"Jo\u00e3o Malainho Perspetiva Atual\"},\"sameAs\":[\"http:\/\/perspetivaatual.pt\"],\"url\":\"http:\/\/perspetivaatual.pt\/index.php\/author\/joaomalainhoii\/\"}]}<\/script>\n<!-- \/ Yoast SEO plugin. -->","yoast_head_json":{"title":"M\u00e1rio Rodrigues assume a dire\u00e7\u00e3o da ESTGA-UA em cerim\u00f3nia oficial - Perspetiva Atual","description":"M\u00e1rio Rodrigues \u00e9 o novo diretor da Escola Superior de Tecnologia e Gest\u00e3o de \u00c1gueda (ESTGA) da Universidade de Aveiro (UA).","robots":{"index":"index","follow":"follow","max-snippet":"max-snippet:-1","max-image-preview":"max-image-preview:large","max-video-preview":"max-video-preview:-1"},"canonical":"https:\/\/perspetivaatual.pt\/index.php\/2023\/08\/03\/estga-ua-novo-diretor\/","og_locale":"pt_PT","og_type":"article","og_title":"M\u00e1rio Rodrigues assume a dire\u00e7\u00e3o da ESTGA-UA em cerim\u00f3nia oficial - Perspetiva Atual","og_description":"M\u00e1rio Rodrigues \u00e9 o novo diretor da Escola Superior de Tecnologia e Gest\u00e3o de \u00c1gueda (ESTGA) da Universidade de Aveiro (UA).","og_url":"https:\/\/perspetivaatual.pt\/index.php\/2023\/08\/03\/estga-ua-novo-diretor\/","og_site_name":"Perspetiva Atual","article_published_time":"2023-08-03T15:50:52+00:00","article_modified_time":"2023-08-03T15:50:53+00:00","og_image":[{"width":1920,"height":1088,"url":"https:\/\/perspetivaatual.pt\/wp-content\/uploads\/2023\/08\/MGC3-1.jpg","type":"image\/jpeg"}],"author":"Jo\u00e3o Malainho Perspetiva Atual","twitter_card":"summary_large_image","twitter_misc":{"Escrito por":false,"Tempo estimado de leitura":"2 minutos"},"schema":{"@context":"https:\/\/schema.org","@graph":[{"@type":"Article","@id":"https:\/\/perspetivaatual.pt\/index.php\/2023\/08\/03\/estga-ua-novo-diretor\/#article","isPartOf":{"@id":"https:\/\/perspetivaatual.pt\/index.php\/2023\/08\/03\/estga-ua-novo-diretor\/"},"author":{"name":"Jo\u00e3o Malainho Perspetiva Atual","@id":"https:\/\/perspetivaatual.pt\/#\/schema\/person\/4c9d5a8b179d047c3220dfa32fd6b658"},"headline":"M\u00e1rio Rodrigues assume a dire\u00e7\u00e3o da ESTGA-UA em cerim\u00f3nia oficial","datePublished":"2023-08-03T15:50:52+00:00","dateModified":"2023-08-03T15:50:53+00:00","mainEntityOfPage":{"@id":"https:\/\/perspetivaatual.pt\/index.php\/2023\/08\/03\/estga-ua-novo-diretor\/"},"wordCount":374,"commentCount":0,"publisher":{"@id":"https:\/\/perspetivaatual.pt\/#organization"},"image":{"@id":"https:\/\/perspetivaatual.pt\/index.php\/2023\/08\/03\/estga-ua-novo-diretor\/#primaryimage"},"thumbnailUrl":"http:\/\/perspetivaatual.pt\/wp-content\/uploads\/2023\/08\/MGC3-1.jpg","keywords":["\u00c1gueda","Aveiro","ESTGA","Gest\u00e3o","M\u00e1rio Rodrigues","Novo Diretor","Tecnologia","Universidade de Aveiro"],"articleSection":["Not\u00edcias"],"inLanguage":"pt-PT","potentialAction":[{"@type":"CommentAction","name":"Comment","target":["https:\/\/perspetivaatual.pt\/index.php\/2023\/08\/03\/estga-ua-novo-diretor\/#respond"]}]},{"@type":"WebPage","@id":"https:\/\/perspetivaatual.pt\/index.php\/2023\/08\/03\/estga-ua-novo-diretor\/","url":"https:\/\/perspetivaatual.pt\/index.php\/2023\/08\/03\/estga-ua-novo-diretor\/","name":"M\u00e1rio Rodrigues assume a dire\u00e7\u00e3o da ESTGA-UA em cerim\u00f3nia oficial - Perspetiva Atual","isPartOf":{"@id":"https:\/\/perspetivaatual.pt\/#website"},"primaryImageOfPage":{"@id":"https:\/\/perspetivaatual.pt\/index.php\/2023\/08\/03\/estga-ua-novo-diretor\/#primaryimage"},"image":{"@id":"https:\/\/perspetivaatual.pt\/index.php\/2023\/08\/03\/estga-ua-novo-diretor\/#primaryimage"},"thumbnailUrl":"http:\/\/perspetivaatual.pt\/wp-content\/uploads\/2023\/08\/MGC3-1.jpg","datePublished":"2023-08-03T15:50:52+00:00","dateModified":"2023-08-03T15:50:53+00:00","description":"M\u00e1rio Rodrigues \u00e9 o novo diretor da Escola Superior de Tecnologia e Gest\u00e3o de \u00c1gueda (ESTGA) da Universidade de Aveiro (UA).","breadcrumb":{"@id":"https:\/\/perspetivaatual.pt\/index.php\/2023\/08\/03\/estga-ua-novo-diretor\/#breadcrumb"},"inLanguage":"pt-PT","potentialAction":[{"@type":"ReadAction","target":["https:\/\/perspetivaatual.pt\/index.php\/2023\/08\/03\/estga-ua-novo-diretor\/"]}]},{"@type":"ImageObject","inLanguage":"pt-PT","@id":"https:\/\/perspetivaatual.pt\/index.php\/2023\/08\/03\/estga-ua-novo-diretor\/#primaryimage","url":"http:\/\/perspetivaatual.pt\/wp-content\/uploads\/2023\/08\/MGC3-1.jpg","contentUrl":"http:\/\/perspetivaatual.pt\/wp-content\/uploads\/2023\/08\/MGC3-1.jpg","width":1920,"height":1088},{"@type":"BreadcrumbList","@id":"https:\/\/perspetivaatual.pt\/index.php\/2023\/08\/03\/estga-ua-novo-diretor\/#breadcrumb","itemListElement":[{"@type":"ListItem","position":1,"name":"Home","item":"https:\/\/perspetivaatual.pt\/"},{"@type":"ListItem","position":2,"name":"M\u00e1rio Rodrigues assume a dire\u00e7\u00e3o da ESTGA-UA em cerim\u00f3nia oficial"}]},{"@type":"WebSite","@id":"https:\/\/perspetivaatual.pt\/#website","url":"https:\/\/perspetivaatual.pt\/","name":"Perspetiva Atual","description":"Olhar Portugal, de diferentes formas","publisher":{"@id":"https:\/\/perspetivaatual.pt\/#organization"},"potentialAction":[{"@type":"SearchAction","target":{"@type":"EntryPoint","urlTemplate":"https:\/\/perspetivaatual.pt\/?s={search_term_string}"},"query-input":{"@type":"PropertyValueSpecification","valueRequired":true,"valueName":"search_term_string"}}],"inLanguage":"pt-PT"},{"@type":"Organization","@id":"https:\/\/perspetivaatual.pt\/#organization","name":"Perspetiva Atual","url":"https:\/\/perspetivaatual.pt\/","logo":{"@type":"ImageObject","inLanguage":"pt-PT","@id":"https:\/\/perspetivaatual.pt\/#\/schema\/logo\/image\/","url":"http:\/\/perspetivaatual.pt\/wp-content\/uploads\/2020\/08\/cropped-perspetiva_atual-.png","contentUrl":"http:\/\/perspetivaatual.pt\/wp-content\/uploads\/2020\/08\/cropped-perspetiva_atual-.png","width":618,"height":202,"caption":"Perspetiva Atual"},"image":{"@id":"https:\/\/perspetivaatual.pt\/#\/schema\/logo\/image\/"}},{"@type":"Person","@id":"https:\/\/perspetivaatual.pt\/#\/schema\/person\/4c9d5a8b179d047c3220dfa32fd6b658","name":"Jo\u00e3o Malainho Perspetiva Atual","image":{"@type":"ImageObject","inLanguage":"pt-PT","@id":"https:\/\/perspetivaatual.pt\/#\/schema\/person\/image\/","url":"https:\/\/secure.gravatar.com\/avatar\/fd918e8a58374b02896337d62716969a?s=96&d=mm&r=g","contentUrl":"https:\/\/secure.gravatar.com\/avatar\/fd918e8a58374b02896337d62716969a?s=96&d=mm&r=g","caption":"Jo\u00e3o Malainho Perspetiva Atual"},"sameAs":["http:\/\/perspetivaatual.pt"],"url":"http:\/\/perspetivaatual.pt\/index.php\/author\/joaomalainhoii\/"}]}},"featured_image_urls":{"full":["http:\/\/perspetivaatual.pt\/wp-content\/uploads\/2023\/08\/MGC3-1.jpg",1920,1088,false],"thumbnail":["http:\/\/perspetivaatual.pt\/wp-content\/uploads\/2023\/08\/MGC3-1-150x150.jpg",150,150,true],"medium":["http:\/\/perspetivaatual.pt\/wp-content\/uploads\/2023\/08\/MGC3-1-300x170.jpg",300,170,true],"medium_large":["http:\/\/perspetivaatual.pt\/wp-content\/uploads\/2023\/08\/MGC3-1-768x435.jpg",640,363,true],"large":["http:\/\/perspetivaatual.pt\/wp-content\/uploads\/2023\/08\/MGC3-1-1024x580.jpg",640,363,true],"1536x1536":["http:\/\/perspetivaatual.pt\/wp-content\/uploads\/2023\/08\/MGC3-1-1536x870.jpg",1536,870,true],"2048x2048":["http:\/\/perspetivaatual.pt\/wp-content\/uploads\/2023\/08\/MGC3-1.jpg",1920,1088,false],"magazine-7-slider-full":["http:\/\/perspetivaatual.pt\/wp-content\/uploads\/2023\/08\/MGC3-1-1536x1020.jpg",1536,1020,true],"magazine-7-slider-center":["http:\/\/perspetivaatual.pt\/wp-content\/uploads\/2023\/08\/MGC3-1-936x897.jpg",936,897,true],"magazine-7-featured":["http:\/\/perspetivaatual.pt\/wp-content\/uploads\/2023\/08\/MGC3-1-1024x580.jpg",1024,580,true],"magazine-7-medium":["http:\/\/perspetivaatual.pt\/wp-content\/uploads\/2023\/08\/MGC3-1-720x380.jpg",720,380,true],"magazine-7-medium-square":["http:\/\/perspetivaatual.pt\/wp-content\/uploads\/2023\/08\/MGC3-1-675x450.jpg",675,450,true],"rpwe-thumbnail":["http:\/\/perspetivaatual.pt\/wp-content\/uploads\/2023\/08\/MGC3-1-45x45.jpg",45,45,true]},"author_info":{"info":[false]},"category_info":"<a href=\"http:\/\/perspetivaatual.pt\/index.php\/category\/noticias\/\" rel=\"category tag\">Not\u00edcias<\/a>","tag_info":"Not\u00edcias","comment_count":"0","_links":{"self":[{"href":"http:\/\/perspetivaatual.pt\/index.php\/wp-json\/wp\/v2\/posts\/3039","targetHints":{"allow":["GET"]}}],"collection":[{"href":"http:\/\/perspetivaatual.pt\/index.php\/wp-json\/wp\/v2\/posts"}],"about":[{"href":"http:\/\/perspetivaatual.pt\/index.php\/wp-json\/wp\/v2\/types\/post"}],"author":[{"embeddable":true,"href":"http:\/\/perspetivaatual.pt\/index.php\/wp-json\/wp\/v2\/users\/5"}],"replies":[{"embeddable":true,"href":"http:\/\/perspetivaatual.pt\/index.php\/wp-json\/wp\/v2\/comments?post=3039"}],"version-history":[{"count":0,"href":"http:\/\/perspetivaatual.pt\/index.php\/wp-json\/wp\/v2\/posts\/3039\/revisions"}],"wp:featuredmedia":[{"embeddable":true,"href":"http:\/\/perspetivaatual.pt\/index.php\/wp-json\/wp\/v2\/media\/3040"}],"wp:attachment":[{"href":"http:\/\/perspetivaatual.pt\/index.php\/wp-json\/wp\/v2\/media?parent=3039"}],"wp:term":[{"taxonomy":"category","embeddable":true,"href":"http:\/\/perspetivaatual.pt\/index.php\/wp-json\/wp\/v2\/categories?post=3039"},{"taxonomy":"post_tag","embeddable":true,"href":"http:\/\/perspetivaatual.pt\/index.php\/wp-json\/wp\/v2\/tags?post=3039"}],"curies":[{"name":"wp","href":"https:\/\/api.w.org\/{rel}","templated":true}]}}