{"id":3163,"date":"2023-10-20T08:00:00","date_gmt":"2023-10-20T08:00:00","guid":{"rendered":"https:\/\/perspetivaatual.pt\/?p=3163"},"modified":"2023-10-19T20:59:50","modified_gmt":"2023-10-19T20:59:50","slug":"a-delegacao-portuguesa-da-apnep-esta-em-destaque-na-felanpe","status":"publish","type":"post","link":"http:\/\/perspetivaatual.pt\/index.php\/2023\/10\/20\/a-delegacao-portuguesa-da-apnep-esta-em-destaque-na-felanpe\/","title":{"rendered":"A delega\u00e7\u00e3o portuguesa da APNEP na FELANPE no Paraguai\u00a0"},"content":{"rendered":"\n<p><strong>No cora\u00e7\u00e3o do Paraguai, a Delega\u00e7\u00e3o Portuguesa da APNEP est\u00e1 em destaque na FELANPE, trazendo consigo uma mensagem de esperan\u00e7a na luta contra a malnutri\u00e7\u00e3o. Profissionais de sa\u00fade de renome re\u00fanem-se para discutir a gest\u00e3o da malnutri\u00e7\u00e3o, compartilhando as suas experi\u00eancias e pensamentos sobre como otimizar os cuidados nutricionais na comunidade.&nbsp;<\/strong>&nbsp;<\/p>\n\n\n\n<div class=\"wp-block-columns is-layout-flex wp-container-core-columns-is-layout-1 wp-block-columns-is-layout-flex\">\n<div class=\"wp-block-column is-layout-flow wp-block-column-is-layout-flow\">\n<figure class=\"wp-block-image size-large is-style-default\"><img loading=\"lazy\" decoding=\"async\" width=\"848\" height=\"1024\" src=\"https:\/\/perspetivaatual.pt\/wp-content\/uploads\/2023\/10\/Anibal-Marinho-1-1-848x1024.jpg\" alt=\"\" class=\"wp-image-3165\" srcset=\"http:\/\/perspetivaatual.pt\/wp-content\/uploads\/2023\/10\/Anibal-Marinho-1-1-848x1024.jpg 848w, http:\/\/perspetivaatual.pt\/wp-content\/uploads\/2023\/10\/Anibal-Marinho-1-1-248x300.jpg 248w, http:\/\/perspetivaatual.pt\/wp-content\/uploads\/2023\/10\/Anibal-Marinho-1-1-768x928.jpg 768w, http:\/\/perspetivaatual.pt\/wp-content\/uploads\/2023\/10\/Anibal-Marinho-1-1-1271x1536.jpg 1271w, http:\/\/perspetivaatual.pt\/wp-content\/uploads\/2023\/10\/Anibal-Marinho-1-1-1024x1237.jpg 1024w, http:\/\/perspetivaatual.pt\/wp-content\/uploads\/2023\/10\/Anibal-Marinho-1-1-600x725.jpg 600w, http:\/\/perspetivaatual.pt\/wp-content\/uploads\/2023\/10\/Anibal-Marinho-1-1.jpg 1437w\" sizes=\"auto, (max-width: 848px) 100vw, 848px\" \/><\/figure>\n\n\n\n<p><strong>An\u00edbal Marinho<\/strong>, <strong>Presidente da Associa\u00e7\u00e3o Portuguesa de Nutri\u00e7\u00e3o Ent\u00e9rica e Parent\u00e9rica<\/strong>&nbsp;<\/p>\n<\/div>\n\n\n\n<div class=\"wp-block-column is-layout-flow wp-block-column-is-layout-flow\">\n<p>A Semana da Sensibiliza\u00e7\u00e3o para a Malnutri\u00e7\u00e3o \u00e9 uma a\u00e7\u00e3o pioneira da campanha ONCA (Optimal Nutritional Care for All) Portugal, promovida pela ENHA (European Nutrition for Health Alliance), com o objetivo comum de sensibilizar os profissionais de sa\u00fade, doentes e cuidadores para a gest\u00e3o da malnutri\u00e7\u00e3o, tanto no contexto hospitalar, como nos cuidados de sa\u00fade prim\u00e1rios e comunidade. Apresenta, ainda, como objetivos secund\u00e1rios, a educa\u00e7\u00e3o para a identifica\u00e7\u00e3o e tratamento atempado da malnutri\u00e7\u00e3o associada \u00e0 doen\u00e7a, a educa\u00e7\u00e3o de doentes\/cuidadores para que possam discutir o seu estado nutricional com o seu profissional de sa\u00fade e o aumento da sensibiliza\u00e7\u00e3o para o papel da nutri\u00e7\u00e3o cl\u00ednica na recupera\u00e7\u00e3o do doente.&nbsp;&nbsp;<\/p>\n<\/div>\n<\/div>\n\n\n\n<p>Em Portugal, esta iniciativa conseguiu introduzir a tem\u00e1tica da malnutri\u00e7\u00e3o na agenda pol\u00edtica e social, tendo obtido o apoio institucional do Minist\u00e9rio da Sa\u00fade e de diversas sociedades m\u00e9dicas e associa\u00e7\u00f5es de doentes.&nbsp;&nbsp;<\/p>\n\n\n\n<p>A 5\u00aa edi\u00e7\u00e3o da Semana da Sensibiliza\u00e7\u00e3o para a Malnutri\u00e7\u00e3o ir\u00e1 decorrer de 6 a 12 de novembro de 2023, com o mote \u201cOtimiza\u00e7\u00e3o dos Cuidados Nutricionais na Comunidade\u201d. No dia 6 de novembro iremos celebrar a Cerim\u00f3nia Solene no Pal\u00e1cio Nacional de Queluz, com o apoio da C\u00e2mara Municipal de Sintra. Na restante semana, iremos dinamizar diversas atividades e a\u00e7\u00f5es, com o apoio da C\u00e2mara Municipal de Gaia e a C\u00e2mara Municipal de Santar\u00e9m.&nbsp;&nbsp;<\/p>\n\n\n\n<p>Na mesma semana, e integradas na nossa iniciativa, iremos comemorar a 2\u00aa edi\u00e7\u00e3o da Semana Europeia (ESPEN Malnutrition Awareness Week), com a ambi\u00e7\u00e3o de alargar esta comemora\u00e7\u00e3o a mais pa\u00edses europeus, assim como o nutritionDay no dia 9 de novembro, uma iniciativa internacional que tem como objetivos aumentar o conhecimento sobre a malnutri\u00e7\u00e3o associada \u00e0 doen\u00e7a e melhorar a qualidade dos cuidados nutricionais nos hospitais, nos cuidados de sa\u00fade prim\u00e1rios e nas resid\u00eancias de idosos.&nbsp;<\/p>\n\n\n\n<div class=\"wp-block-superb-blocks-superb-author-box sptcrb__abouttheauthor__block__wrapper\"><div class=\"sptcrb__abouttheauthor__block__left\"><div class=\"sptcrb__abouttheauthor__block__left__image\" style=\"background-image:url(http:\/\/perspetivaatual.pt\/wp-content\/uploads\/2023\/10\/Dra-Any-Ferreira-conversao-1.png)\"><\/div><div class=\"sptcrb__abouttheauthor__block__left__some__wrapper\"><\/div><\/div><div class=\"sptcrb__abouttheauthor__block__right\"><span>Dra. Ana Mar\u00eda Ferreira Heyn, Presidente da FELANPE <\/span><p>En  esta  semana  de  la  concientizaci\u00f3n  de  la desnutrici\u00f3n  en  Portugal,      la  Federaci\u00f3n Latinoamericana  de  Terapia  Nutricional  y  Nutrici\u00f3n Clinica  y  Metabolismo,  FELANPE  quiere  hacer  un llamado a todas las personas para luchar contra este flagelo en los hospitales. Hist\u00f3ricamente la FELANPE ha  realizado  la  primera  Declaraci\u00f3n  Institucional  e  Internacional sobre el Derecho a la Nutrici\u00f3n en los Hospitales  en  el  a\u00f1o  2008,  en  el  marco  del  XI Congreso FELANPE en la ciudad de Canc\u00fan, M\u00e9xico, con el t\u00edtulo de: \u201cPor el derecho humano de los  enfermos  a  recibir  una  terapia nutricional  oportuna  y  \u00f3ptima  en cualquier lugar donde se encuentren\u201d Once a\u00f1os m\u00e1s tarde, en mayo de 2019 en la ciudad de  Cartagena,  FELANPE  vuelve  a  realizar  la declaraci\u00f3n  internacional  sobre  el derecho  a  la  atenci\u00f3n  nutricional  y  la lucha  contra  la  malnutrici\u00f3n, constituy\u00e9ndose ambos documentos en parte de los antecedentes de la Declaraci\u00f3n de Viena, realizada en  el  marco  del  Congreso  Espen  2022:  \u201cLA  declaraci\u00f3n internacional sobre el derecho humano al cuidado nutricional\u201d. \n\nDe  esta  manera  FELANPE  se  encuentra  muy comprometida con esta lucha.  <\/p><\/div><\/div>\n\n\n\n<div class=\"wp-block-superb-blocks-superb-author-box sptcrb__abouttheauthor__block__wrapper\"><div class=\"sptcrb__abouttheauthor__block__left\"><div class=\"sptcrb__abouttheauthor__block__left__image\" style=\"background-image:url(http:\/\/perspetivaatual.pt\/wp-content\/uploads\/2023\/10\/Joost.jpg)\"><\/div><div class=\"sptcrb__abouttheauthor__block__left__some__wrapper\"><\/div><\/div><div class=\"sptcrb__abouttheauthor__block__right\"><span>Joost Wesseling, Diretor Executivo da ONCA<\/span><p>The Optimal Nutritional Care for All (ONCA) campaign, launched in 2014, aims to improve nutritional care and screening for disease-related malnutrition\/undernutrition across Europe by translating nutrition science into policy and practice. The campaign supports national professional societies, associations, and patient groups in implementing nutritional risk screening and optimal nutritional care in their countries. The European Nutrition for Health Alliance (ENHA) coordinates the initiative through a Steering Committee comprising representatives from the alliance. \n\nIn 2020, the ONCA campaign decided to further develop and coordinate scaling up the concept of Malnutrition Awareness Weeks in Europe and increase the number of Malnutrition Awareness Weeks implemented. This collaborative initiative has fostered a dynamic platform for knowledge sharing among several European countries since its launch in 2020, with 14 ONCA countries engaging in the year 2023. \n\nAlthough each week may vary in timing, objective, scope, and program, they collectively share a common goal &#8211; to drive the implementation of optimal nutritional care while establishing a solid link with the overarching ONCA campaign. This interconnected network of countries enhances their capacity to address malnutrition-related challenges comprehensively, amplifying the impact of their efforts on improving nutritional care across Europe. \n\nThe countries participating in the Malnutrition Awareness Weeks benefit from each other&#8217;s good practices, strategies, plans, materials, and experience exchange on challenges faced, facilitated by the ONCA campaign platform, powered by the European Nutrition for Health Alliance. <\/p><\/div><\/div>\n\n\n\n<div class=\"wp-block-superb-blocks-superb-author-box sptcrb__abouttheauthor__block__wrapper\"><div class=\"sptcrb__abouttheauthor__block__left\"><div class=\"sptcrb__abouttheauthor__block__left__image\" style=\"background-image:url(http:\/\/perspetivaatual.pt\/wp-content\/uploads\/2023\/10\/Catia.jpg)\"><\/div><div class=\"sptcrb__abouttheauthor__block__left__some__wrapper\"><\/div><\/div><div class=\"sptcrb__abouttheauthor__block__right\"><span>C\u00e1tia In\u00e1cio, Nutricionista da Miseric\u00f3rdia de Santar\u00e9m <\/span><p>A Autarquia e a Miseric\u00f3rdia de Santar\u00e9m no \u00e2mbito das suas rela\u00e7\u00f5es protocolares com foco no bem-estar da Comunidade aceitaram o desafio da APNEP, resultante da participa\u00e7\u00e3o desta Entidade nas I Jornadas de Sa\u00fade organizadas pela Institui\u00e7\u00e3o.  \n\nFoi-nos proposto a organiza\u00e7\u00e3o da \u201cSemana 0 da Malnutri\u00e7\u00e3o em Santar\u00e9m\u201d envolvendo o ACES da Lez\u00edria, Hospital Distrital, Escola S. Sa\u00fade de Santar\u00e9m e Resid\u00eancias de Idosos. O trabalho conjunto de todos contribuir\u00e1 para a sensibiliza\u00e7\u00e3o da problem\u00e1tica da Malnutri\u00e7\u00e3o e promo\u00e7\u00e3o da literacia em nutri\u00e7\u00e3o, contribuindo para \u201cOtimiza\u00e7\u00e3o dos Cuidados Nutricionais na Comunidade\u201d, mote da 5\u00aa edi\u00e7\u00e3o da \u201cSemana para a Sensibiliza\u00e7\u00e3o da Malnutri\u00e7\u00e3o\u201d, promovida pela APNEP. \n\nNo dia 7 de novembro iniciamos a mobiliza\u00e7\u00e3o da Comunidade atrav\u00e9s de um evento no Convento de S. Francisco com a participa\u00e7\u00e3o de especialistas nacionais e internacionais, com palestras para profissionais de sa\u00fade, participa\u00e7\u00e3o no NutritionDay, avalia\u00e7\u00e3o do estado nutricional em ERPI\u2019s, e uma Masterclass de Treino Funcional para um Envelhecimento Ativo. Para encerrar a semana a \u201cCaminhada: um passo para o combate da Malnutri\u00e7\u00e3o\u201d. \n\nSantar\u00e9m quer ser uma das promotoras da divulga\u00e7\u00e3o desta problem\u00e1tica na Comunidade, e ser impulsionadora deste movimento noutras cidades, para que a identifica\u00e7\u00e3o, o tratamento e a preven\u00e7\u00e3o da Malnutri\u00e7\u00e3o passe a ser uma realidade constante.  <\/p><\/div><\/div>\n\n\n\n<div class=\"wp-block-superb-blocks-superb-author-box sptcrb__abouttheauthor__block__wrapper\"><div class=\"sptcrb__abouttheauthor__block__left\"><div class=\"sptcrb__abouttheauthor__block__left__image\" style=\"background-image:url(http:\/\/perspetivaatual.pt\/wp-content\/uploads\/2023\/10\/Dario-Silva-e1697733135239.png)\"><\/div><div class=\"sptcrb__abouttheauthor__block__left__some__wrapper\"><\/div><\/div><div class=\"sptcrb__abouttheauthor__block__right\"><span>D\u00e1rio Silva, Vereador da C\u00e2mara Municipal de Vila Nova de Gaia  <\/span><p>A malnutri\u00e7\u00e3o tende a constituir-se como um s\u00e9rio problema de sa\u00fade p\u00fablica, particularmente em faixas et\u00e1rias mais avan\u00e7adas. Existe uma rela\u00e7\u00e3o estreita entre a desnutri\u00e7\u00e3o no idoso e um pior progn\u00f3stico, nomeadamente no que diz respeito ao aumento das infe\u00e7\u00f5es, perda de massa muscular, perda de autonomia, aumento dos per\u00edodos e da dura\u00e7\u00e3o dos internamentos, aumento do tempo de recupera\u00e7\u00e3o em epis\u00f3dios de doen\u00e7a aguda, diminui\u00e7\u00e3o da qualidade de vida e aumento da mortalidade precoce. Apesar de ser uma condi\u00e7\u00e3o de extrema gravidade, a desnutri\u00e7\u00e3o \u00e9 subestimada, justificando-se habitualmente a debilidade, a fragilidade, a morbilidade e a mortalidade (precoce) como processos normais associados ao envelhecimento.  \n\nO alheamento deste fen\u00f3meno traduz-se num aumento de custos relacionados com os tratamentos prestados pelo Servi\u00e7o Nacional de Sa\u00fade, pelas estruturas de apoio municipais, pelas fam\u00edlias e pelas estruturas residenciais para idosos que os acolhem. \n\nNeste sentido, a identifica\u00e7\u00e3o precoce do risco nutricional deve ser inclu\u00edda na defini\u00e7\u00e3o e implementa\u00e7\u00e3o das pol\u00edticas de sa\u00fade municipais, devendo chegar a todas os mun\u00edcipes e, em particular, aos mais idosos. Nesta a\u00e7\u00e3o, \u00e9 fundamental o envolvimento de todos os agentes da comunidade, bem como um efetivo trabalho em rede com os diferentes organismos intramunicipais e intermunicipais. Em Vila Nova de Gaia, esta problem\u00e1tica tem sido considerada h\u00e1 anos, envolvendo um crescente n\u00famero de entidades concelhias e contando com a preciosa colabora\u00e7\u00e3o da APNEP e, em particular, com todo o trabalho desenvolvido pelo Dr. An\u00edbal Marinho. <\/p><\/div><\/div>\n","protected":false},"excerpt":{"rendered":"<p>No cora\u00e7\u00e3o do Paraguai, a Delega\u00e7\u00e3o Portuguesa da APNEP est\u00e1 em destaque na FELANPE, trazendo<\/p>\n","protected":false},"author":5,"featured_media":3171,"comment_status":"open","ping_status":"open","sticky":false,"template":"","format":"standard","meta":{"footnotes":""},"categories":[4],"tags":[141,439,220,140],"class_list":["post-3163","post","type-post","status-publish","format-standard","has-post-thumbnail","hentry","category-saude","tag-apnep","tag-felanpe","tag-malnutricao","tag-nutricao"],"yoast_head":"<!-- This site is optimized with the Yoast SEO plugin v24.2 - https:\/\/yoast.com\/wordpress\/plugins\/seo\/ -->\n<title>A delega\u00e7\u00e3o portuguesa da APNEP na FELANPE no Paraguai\u00a0 - Perspetiva Atual<\/title>\n<meta name=\"description\" content=\"No cora\u00e7\u00e3o do Paraguai, a Delega\u00e7\u00e3o Portuguesa da APNEP est\u00e1 em destaque na FELANPE, trazendo consigo uma mensagem de esperan\u00e7a na luta contra a malnutri\u00e7\u00e3o.\" \/>\n<meta name=\"robots\" content=\"index, follow, max-snippet:-1, max-image-preview:large, max-video-preview:-1\" \/>\n<link rel=\"canonical\" href=\"https:\/\/perspetivaatual.pt\/index.php\/2023\/10\/20\/a-delegacao-portuguesa-da-apnep-esta-em-destaque-na-felanpe\/\" \/>\n<meta property=\"og:locale\" content=\"pt_PT\" \/>\n<meta property=\"og:type\" content=\"article\" \/>\n<meta property=\"og:title\" content=\"A delega\u00e7\u00e3o portuguesa da APNEP na FELANPE no Paraguai\u00a0 - Perspetiva Atual\" \/>\n<meta property=\"og:description\" content=\"No cora\u00e7\u00e3o do Paraguai, a Delega\u00e7\u00e3o Portuguesa da APNEP est\u00e1 em destaque na FELANPE, trazendo consigo uma mensagem de esperan\u00e7a na luta contra a malnutri\u00e7\u00e3o.\" \/>\n<meta property=\"og:url\" content=\"https:\/\/perspetivaatual.pt\/index.php\/2023\/10\/20\/a-delegacao-portuguesa-da-apnep-esta-em-destaque-na-felanpe\/\" \/>\n<meta property=\"og:site_name\" content=\"Perspetiva Atual\" \/>\n<meta property=\"article:published_time\" content=\"2023-10-20T08:00:00+00:00\" \/>\n<meta property=\"article:modified_time\" content=\"2023-10-19T20:59:50+00:00\" \/>\n<meta property=\"og:image\" content=\"https:\/\/perspetivaatual.pt\/wp-content\/uploads\/2023\/10\/PHOTO-2023-10-11-20-44-49.jpg\" \/>\n\t<meta property=\"og:image:width\" content=\"1024\" \/>\n\t<meta property=\"og:image:height\" content=\"456\" \/>\n\t<meta property=\"og:image:type\" content=\"image\/jpeg\" \/>\n<meta name=\"author\" content=\"Jo\u00e3o Malainho Perspetiva Atual\" \/>\n<meta name=\"twitter:card\" content=\"summary_large_image\" \/>\n<meta name=\"twitter:label1\" content=\"Escrito por\" \/>\n\t<meta name=\"twitter:data1\" content=\"\" \/>\n<script type=\"application\/ld+json\" class=\"yoast-schema-graph\">{\"@context\":\"https:\/\/schema.org\",\"@graph\":[{\"@type\":\"Article\",\"@id\":\"https:\/\/perspetivaatual.pt\/index.php\/2023\/10\/20\/a-delegacao-portuguesa-da-apnep-esta-em-destaque-na-felanpe\/#article\",\"isPartOf\":{\"@id\":\"https:\/\/perspetivaatual.pt\/index.php\/2023\/10\/20\/a-delegacao-portuguesa-da-apnep-esta-em-destaque-na-felanpe\/\"},\"author\":{\"name\":\"Jo\u00e3o Malainho Perspetiva Atual\",\"@id\":\"https:\/\/perspetivaatual.pt\/#\/schema\/person\/4c9d5a8b179d047c3220dfa32fd6b658\"},\"headline\":\"A delega\u00e7\u00e3o portuguesa da APNEP na FELANPE no Paraguai\u00a0\",\"datePublished\":\"2023-10-20T08:00:00+00:00\",\"dateModified\":\"2023-10-19T20:59:50+00:00\",\"mainEntityOfPage\":{\"@id\":\"https:\/\/perspetivaatual.pt\/index.php\/2023\/10\/20\/a-delegacao-portuguesa-da-apnep-esta-em-destaque-na-felanpe\/\"},\"wordCount\":1390,\"commentCount\":0,\"publisher\":{\"@id\":\"https:\/\/perspetivaatual.pt\/#organization\"},\"image\":{\"@id\":\"https:\/\/perspetivaatual.pt\/index.php\/2023\/10\/20\/a-delegacao-portuguesa-da-apnep-esta-em-destaque-na-felanpe\/#primaryimage\"},\"thumbnailUrl\":\"http:\/\/perspetivaatual.pt\/wp-content\/uploads\/2023\/10\/PHOTO-2023-10-11-20-44-49.jpg\",\"keywords\":[\"APNEP\",\"FELANPE\",\"Malnutri\u00e7\u00e3o\",\"Nutri\u00e7\u00e3o\"],\"articleSection\":[\"Sa\u00fade\"],\"inLanguage\":\"pt-PT\",\"potentialAction\":[{\"@type\":\"CommentAction\",\"name\":\"Comment\",\"target\":[\"https:\/\/perspetivaatual.pt\/index.php\/2023\/10\/20\/a-delegacao-portuguesa-da-apnep-esta-em-destaque-na-felanpe\/#respond\"]}]},{\"@type\":\"WebPage\",\"@id\":\"https:\/\/perspetivaatual.pt\/index.php\/2023\/10\/20\/a-delegacao-portuguesa-da-apnep-esta-em-destaque-na-felanpe\/\",\"url\":\"https:\/\/perspetivaatual.pt\/index.php\/2023\/10\/20\/a-delegacao-portuguesa-da-apnep-esta-em-destaque-na-felanpe\/\",\"name\":\"A delega\u00e7\u00e3o portuguesa da APNEP na FELANPE no Paraguai\u00a0 - Perspetiva Atual\",\"isPartOf\":{\"@id\":\"https:\/\/perspetivaatual.pt\/#website\"},\"primaryImageOfPage\":{\"@id\":\"https:\/\/perspetivaatual.pt\/index.php\/2023\/10\/20\/a-delegacao-portuguesa-da-apnep-esta-em-destaque-na-felanpe\/#primaryimage\"},\"image\":{\"@id\":\"https:\/\/perspetivaatual.pt\/index.php\/2023\/10\/20\/a-delegacao-portuguesa-da-apnep-esta-em-destaque-na-felanpe\/#primaryimage\"},\"thumbnailUrl\":\"http:\/\/perspetivaatual.pt\/wp-content\/uploads\/2023\/10\/PHOTO-2023-10-11-20-44-49.jpg\",\"datePublished\":\"2023-10-20T08:00:00+00:00\",\"dateModified\":\"2023-10-19T20:59:50+00:00\",\"description\":\"No cora\u00e7\u00e3o do Paraguai, a Delega\u00e7\u00e3o Portuguesa da APNEP est\u00e1 em destaque na FELANPE, trazendo consigo uma mensagem de esperan\u00e7a na luta contra a malnutri\u00e7\u00e3o.\",\"breadcrumb\":{\"@id\":\"https:\/\/perspetivaatual.pt\/index.php\/2023\/10\/20\/a-delegacao-portuguesa-da-apnep-esta-em-destaque-na-felanpe\/#breadcrumb\"},\"inLanguage\":\"pt-PT\",\"potentialAction\":[{\"@type\":\"ReadAction\",\"target\":[\"https:\/\/perspetivaatual.pt\/index.php\/2023\/10\/20\/a-delegacao-portuguesa-da-apnep-esta-em-destaque-na-felanpe\/\"]}]},{\"@type\":\"ImageObject\",\"inLanguage\":\"pt-PT\",\"@id\":\"https:\/\/perspetivaatual.pt\/index.php\/2023\/10\/20\/a-delegacao-portuguesa-da-apnep-esta-em-destaque-na-felanpe\/#primaryimage\",\"url\":\"http:\/\/perspetivaatual.pt\/wp-content\/uploads\/2023\/10\/PHOTO-2023-10-11-20-44-49.jpg\",\"contentUrl\":\"http:\/\/perspetivaatual.pt\/wp-content\/uploads\/2023\/10\/PHOTO-2023-10-11-20-44-49.jpg\",\"width\":1024,\"height\":456},{\"@type\":\"BreadcrumbList\",\"@id\":\"https:\/\/perspetivaatual.pt\/index.php\/2023\/10\/20\/a-delegacao-portuguesa-da-apnep-esta-em-destaque-na-felanpe\/#breadcrumb\",\"itemListElement\":[{\"@type\":\"ListItem\",\"position\":1,\"name\":\"Home\",\"item\":\"https:\/\/perspetivaatual.pt\/\"},{\"@type\":\"ListItem\",\"position\":2,\"name\":\"A delega\u00e7\u00e3o portuguesa da APNEP na FELANPE no Paraguai\u00a0\"}]},{\"@type\":\"WebSite\",\"@id\":\"https:\/\/perspetivaatual.pt\/#website\",\"url\":\"https:\/\/perspetivaatual.pt\/\",\"name\":\"Perspetiva Atual\",\"description\":\"Olhar Portugal, de diferentes formas\",\"publisher\":{\"@id\":\"https:\/\/perspetivaatual.pt\/#organization\"},\"potentialAction\":[{\"@type\":\"SearchAction\",\"target\":{\"@type\":\"EntryPoint\",\"urlTemplate\":\"https:\/\/perspetivaatual.pt\/?s={search_term_string}\"},\"query-input\":{\"@type\":\"PropertyValueSpecification\",\"valueRequired\":true,\"valueName\":\"search_term_string\"}}],\"inLanguage\":\"pt-PT\"},{\"@type\":\"Organization\",\"@id\":\"https:\/\/perspetivaatual.pt\/#organization\",\"name\":\"Perspetiva Atual\",\"url\":\"https:\/\/perspetivaatual.pt\/\",\"logo\":{\"@type\":\"ImageObject\",\"inLanguage\":\"pt-PT\",\"@id\":\"https:\/\/perspetivaatual.pt\/#\/schema\/logo\/image\/\",\"url\":\"http:\/\/perspetivaatual.pt\/wp-content\/uploads\/2020\/08\/cropped-perspetiva_atual-.png\",\"contentUrl\":\"http:\/\/perspetivaatual.pt\/wp-content\/uploads\/2020\/08\/cropped-perspetiva_atual-.png\",\"width\":618,\"height\":202,\"caption\":\"Perspetiva Atual\"},\"image\":{\"@id\":\"https:\/\/perspetivaatual.pt\/#\/schema\/logo\/image\/\"}},{\"@type\":\"Person\",\"@id\":\"https:\/\/perspetivaatual.pt\/#\/schema\/person\/4c9d5a8b179d047c3220dfa32fd6b658\",\"name\":\"Jo\u00e3o Malainho Perspetiva Atual\",\"image\":{\"@type\":\"ImageObject\",\"inLanguage\":\"pt-PT\",\"@id\":\"https:\/\/perspetivaatual.pt\/#\/schema\/person\/image\/\",\"url\":\"https:\/\/secure.gravatar.com\/avatar\/fd918e8a58374b02896337d62716969a?s=96&d=mm&r=g\",\"contentUrl\":\"https:\/\/secure.gravatar.com\/avatar\/fd918e8a58374b02896337d62716969a?s=96&d=mm&r=g\",\"caption\":\"Jo\u00e3o Malainho Perspetiva Atual\"},\"sameAs\":[\"http:\/\/perspetivaatual.pt\"],\"url\":\"http:\/\/perspetivaatual.pt\/index.php\/author\/joaomalainhoii\/\"}]}<\/script>\n<!-- \/ Yoast SEO plugin. -->","yoast_head_json":{"title":"A delega\u00e7\u00e3o portuguesa da APNEP na FELANPE no Paraguai\u00a0 - Perspetiva Atual","description":"No cora\u00e7\u00e3o do Paraguai, a Delega\u00e7\u00e3o Portuguesa da APNEP est\u00e1 em destaque na FELANPE, trazendo consigo uma mensagem de esperan\u00e7a na luta contra a malnutri\u00e7\u00e3o.","robots":{"index":"index","follow":"follow","max-snippet":"max-snippet:-1","max-image-preview":"max-image-preview:large","max-video-preview":"max-video-preview:-1"},"canonical":"https:\/\/perspetivaatual.pt\/index.php\/2023\/10\/20\/a-delegacao-portuguesa-da-apnep-esta-em-destaque-na-felanpe\/","og_locale":"pt_PT","og_type":"article","og_title":"A delega\u00e7\u00e3o portuguesa da APNEP na FELANPE no Paraguai\u00a0 - Perspetiva Atual","og_description":"No cora\u00e7\u00e3o do Paraguai, a Delega\u00e7\u00e3o Portuguesa da APNEP est\u00e1 em destaque na FELANPE, trazendo consigo uma mensagem de esperan\u00e7a na luta contra a malnutri\u00e7\u00e3o.","og_url":"https:\/\/perspetivaatual.pt\/index.php\/2023\/10\/20\/a-delegacao-portuguesa-da-apnep-esta-em-destaque-na-felanpe\/","og_site_name":"Perspetiva Atual","article_published_time":"2023-10-20T08:00:00+00:00","article_modified_time":"2023-10-19T20:59:50+00:00","og_image":[{"width":1024,"height":456,"url":"https:\/\/perspetivaatual.pt\/wp-content\/uploads\/2023\/10\/PHOTO-2023-10-11-20-44-49.jpg","type":"image\/jpeg"}],"author":"Jo\u00e3o Malainho Perspetiva Atual","twitter_card":"summary_large_image","twitter_misc":{"Escrito por":false},"schema":{"@context":"https:\/\/schema.org","@graph":[{"@type":"Article","@id":"https:\/\/perspetivaatual.pt\/index.php\/2023\/10\/20\/a-delegacao-portuguesa-da-apnep-esta-em-destaque-na-felanpe\/#article","isPartOf":{"@id":"https:\/\/perspetivaatual.pt\/index.php\/2023\/10\/20\/a-delegacao-portuguesa-da-apnep-esta-em-destaque-na-felanpe\/"},"author":{"name":"Jo\u00e3o Malainho Perspetiva Atual","@id":"https:\/\/perspetivaatual.pt\/#\/schema\/person\/4c9d5a8b179d047c3220dfa32fd6b658"},"headline":"A delega\u00e7\u00e3o portuguesa da APNEP na FELANPE no Paraguai\u00a0","datePublished":"2023-10-20T08:00:00+00:00","dateModified":"2023-10-19T20:59:50+00:00","mainEntityOfPage":{"@id":"https:\/\/perspetivaatual.pt\/index.php\/2023\/10\/20\/a-delegacao-portuguesa-da-apnep-esta-em-destaque-na-felanpe\/"},"wordCount":1390,"commentCount":0,"publisher":{"@id":"https:\/\/perspetivaatual.pt\/#organization"},"image":{"@id":"https:\/\/perspetivaatual.pt\/index.php\/2023\/10\/20\/a-delegacao-portuguesa-da-apnep-esta-em-destaque-na-felanpe\/#primaryimage"},"thumbnailUrl":"http:\/\/perspetivaatual.pt\/wp-content\/uploads\/2023\/10\/PHOTO-2023-10-11-20-44-49.jpg","keywords":["APNEP","FELANPE","Malnutri\u00e7\u00e3o","Nutri\u00e7\u00e3o"],"articleSection":["Sa\u00fade"],"inLanguage":"pt-PT","potentialAction":[{"@type":"CommentAction","name":"Comment","target":["https:\/\/perspetivaatual.pt\/index.php\/2023\/10\/20\/a-delegacao-portuguesa-da-apnep-esta-em-destaque-na-felanpe\/#respond"]}]},{"@type":"WebPage","@id":"https:\/\/perspetivaatual.pt\/index.php\/2023\/10\/20\/a-delegacao-portuguesa-da-apnep-esta-em-destaque-na-felanpe\/","url":"https:\/\/perspetivaatual.pt\/index.php\/2023\/10\/20\/a-delegacao-portuguesa-da-apnep-esta-em-destaque-na-felanpe\/","name":"A delega\u00e7\u00e3o portuguesa da APNEP na FELANPE no Paraguai\u00a0 - Perspetiva Atual","isPartOf":{"@id":"https:\/\/perspetivaatual.pt\/#website"},"primaryImageOfPage":{"@id":"https:\/\/perspetivaatual.pt\/index.php\/2023\/10\/20\/a-delegacao-portuguesa-da-apnep-esta-em-destaque-na-felanpe\/#primaryimage"},"image":{"@id":"https:\/\/perspetivaatual.pt\/index.php\/2023\/10\/20\/a-delegacao-portuguesa-da-apnep-esta-em-destaque-na-felanpe\/#primaryimage"},"thumbnailUrl":"http:\/\/perspetivaatual.pt\/wp-content\/uploads\/2023\/10\/PHOTO-2023-10-11-20-44-49.jpg","datePublished":"2023-10-20T08:00:00+00:00","dateModified":"2023-10-19T20:59:50+00:00","description":"No cora\u00e7\u00e3o do Paraguai, a Delega\u00e7\u00e3o Portuguesa da APNEP est\u00e1 em destaque na FELANPE, trazendo consigo uma mensagem de esperan\u00e7a na luta contra a malnutri\u00e7\u00e3o.","breadcrumb":{"@id":"https:\/\/perspetivaatual.pt\/index.php\/2023\/10\/20\/a-delegacao-portuguesa-da-apnep-esta-em-destaque-na-felanpe\/#breadcrumb"},"inLanguage":"pt-PT","potentialAction":[{"@type":"ReadAction","target":["https:\/\/perspetivaatual.pt\/index.php\/2023\/10\/20\/a-delegacao-portuguesa-da-apnep-esta-em-destaque-na-felanpe\/"]}]},{"@type":"ImageObject","inLanguage":"pt-PT","@id":"https:\/\/perspetivaatual.pt\/index.php\/2023\/10\/20\/a-delegacao-portuguesa-da-apnep-esta-em-destaque-na-felanpe\/#primaryimage","url":"http:\/\/perspetivaatual.pt\/wp-content\/uploads\/2023\/10\/PHOTO-2023-10-11-20-44-49.jpg","contentUrl":"http:\/\/perspetivaatual.pt\/wp-content\/uploads\/2023\/10\/PHOTO-2023-10-11-20-44-49.jpg","width":1024,"height":456},{"@type":"BreadcrumbList","@id":"https:\/\/perspetivaatual.pt\/index.php\/2023\/10\/20\/a-delegacao-portuguesa-da-apnep-esta-em-destaque-na-felanpe\/#breadcrumb","itemListElement":[{"@type":"ListItem","position":1,"name":"Home","item":"https:\/\/perspetivaatual.pt\/"},{"@type":"ListItem","position":2,"name":"A delega\u00e7\u00e3o portuguesa da APNEP na FELANPE no Paraguai\u00a0"}]},{"@type":"WebSite","@id":"https:\/\/perspetivaatual.pt\/#website","url":"https:\/\/perspetivaatual.pt\/","name":"Perspetiva Atual","description":"Olhar Portugal, de diferentes formas","publisher":{"@id":"https:\/\/perspetivaatual.pt\/#organization"},"potentialAction":[{"@type":"SearchAction","target":{"@type":"EntryPoint","urlTemplate":"https:\/\/perspetivaatual.pt\/?s={search_term_string}"},"query-input":{"@type":"PropertyValueSpecification","valueRequired":true,"valueName":"search_term_string"}}],"inLanguage":"pt-PT"},{"@type":"Organization","@id":"https:\/\/perspetivaatual.pt\/#organization","name":"Perspetiva Atual","url":"https:\/\/perspetivaatual.pt\/","logo":{"@type":"ImageObject","inLanguage":"pt-PT","@id":"https:\/\/perspetivaatual.pt\/#\/schema\/logo\/image\/","url":"http:\/\/perspetivaatual.pt\/wp-content\/uploads\/2020\/08\/cropped-perspetiva_atual-.png","contentUrl":"http:\/\/perspetivaatual.pt\/wp-content\/uploads\/2020\/08\/cropped-perspetiva_atual-.png","width":618,"height":202,"caption":"Perspetiva Atual"},"image":{"@id":"https:\/\/perspetivaatual.pt\/#\/schema\/logo\/image\/"}},{"@type":"Person","@id":"https:\/\/perspetivaatual.pt\/#\/schema\/person\/4c9d5a8b179d047c3220dfa32fd6b658","name":"Jo\u00e3o Malainho Perspetiva Atual","image":{"@type":"ImageObject","inLanguage":"pt-PT","@id":"https:\/\/perspetivaatual.pt\/#\/schema\/person\/image\/","url":"https:\/\/secure.gravatar.com\/avatar\/fd918e8a58374b02896337d62716969a?s=96&d=mm&r=g","contentUrl":"https:\/\/secure.gravatar.com\/avatar\/fd918e8a58374b02896337d62716969a?s=96&d=mm&r=g","caption":"Jo\u00e3o Malainho Perspetiva Atual"},"sameAs":["http:\/\/perspetivaatual.pt"],"url":"http:\/\/perspetivaatual.pt\/index.php\/author\/joaomalainhoii\/"}]}},"featured_image_urls":{"full":["http:\/\/perspetivaatual.pt\/wp-content\/uploads\/2023\/10\/PHOTO-2023-10-11-20-44-49.jpg",1024,456,false],"thumbnail":["http:\/\/perspetivaatual.pt\/wp-content\/uploads\/2023\/10\/PHOTO-2023-10-11-20-44-49-150x150.jpg",150,150,true],"medium":["http:\/\/perspetivaatual.pt\/wp-content\/uploads\/2023\/10\/PHOTO-2023-10-11-20-44-49-300x134.jpg",300,134,true],"medium_large":["http:\/\/perspetivaatual.pt\/wp-content\/uploads\/2023\/10\/PHOTO-2023-10-11-20-44-49-768x342.jpg",640,285,true],"large":["http:\/\/perspetivaatual.pt\/wp-content\/uploads\/2023\/10\/PHOTO-2023-10-11-20-44-49.jpg",640,285,false],"1536x1536":["http:\/\/perspetivaatual.pt\/wp-content\/uploads\/2023\/10\/PHOTO-2023-10-11-20-44-49.jpg",1024,456,false],"2048x2048":["http:\/\/perspetivaatual.pt\/wp-content\/uploads\/2023\/10\/PHOTO-2023-10-11-20-44-49.jpg",1024,456,false],"magazine-7-slider-full":["http:\/\/perspetivaatual.pt\/wp-content\/uploads\/2023\/10\/PHOTO-2023-10-11-20-44-49.jpg",1024,456,false],"magazine-7-slider-center":["http:\/\/perspetivaatual.pt\/wp-content\/uploads\/2023\/10\/PHOTO-2023-10-11-20-44-49-936x456.jpg",936,456,true],"magazine-7-featured":["http:\/\/perspetivaatual.pt\/wp-content\/uploads\/2023\/10\/PHOTO-2023-10-11-20-44-49.jpg",1024,456,false],"magazine-7-medium":["http:\/\/perspetivaatual.pt\/wp-content\/uploads\/2023\/10\/PHOTO-2023-10-11-20-44-49-720x380.jpg",720,380,true],"magazine-7-medium-square":["http:\/\/perspetivaatual.pt\/wp-content\/uploads\/2023\/10\/PHOTO-2023-10-11-20-44-49-675x450.jpg",675,450,true],"rpwe-thumbnail":["http:\/\/perspetivaatual.pt\/wp-content\/uploads\/2023\/10\/PHOTO-2023-10-11-20-44-49-45x45.jpg",45,45,true]},"author_info":{"info":[false]},"category_info":"<a href=\"http:\/\/perspetivaatual.pt\/index.php\/category\/saude\/\" rel=\"category tag\">Sa\u00fade<\/a>","tag_info":"Sa\u00fade","comment_count":"0","_links":{"self":[{"href":"http:\/\/perspetivaatual.pt\/index.php\/wp-json\/wp\/v2\/posts\/3163","targetHints":{"allow":["GET"]}}],"collection":[{"href":"http:\/\/perspetivaatual.pt\/index.php\/wp-json\/wp\/v2\/posts"}],"about":[{"href":"http:\/\/perspetivaatual.pt\/index.php\/wp-json\/wp\/v2\/types\/post"}],"author":[{"embeddable":true,"href":"http:\/\/perspetivaatual.pt\/index.php\/wp-json\/wp\/v2\/users\/5"}],"replies":[{"embeddable":true,"href":"http:\/\/perspetivaatual.pt\/index.php\/wp-json\/wp\/v2\/comments?post=3163"}],"version-history":[{"count":0,"href":"http:\/\/perspetivaatual.pt\/index.php\/wp-json\/wp\/v2\/posts\/3163\/revisions"}],"wp:featuredmedia":[{"embeddable":true,"href":"http:\/\/perspetivaatual.pt\/index.php\/wp-json\/wp\/v2\/media\/3171"}],"wp:attachment":[{"href":"http:\/\/perspetivaatual.pt\/index.php\/wp-json\/wp\/v2\/media?parent=3163"}],"wp:term":[{"taxonomy":"category","embeddable":true,"href":"http:\/\/perspetivaatual.pt\/index.php\/wp-json\/wp\/v2\/categories?post=3163"},{"taxonomy":"post_tag","embeddable":true,"href":"http:\/\/perspetivaatual.pt\/index.php\/wp-json\/wp\/v2\/tags?post=3163"}],"curies":[{"name":"wp","href":"https:\/\/api.w.org\/{rel}","templated":true}]}}