{"id":3192,"date":"2023-10-20T08:14:00","date_gmt":"2023-10-20T08:14:00","guid":{"rendered":"https:\/\/perspetivaatual.pt\/?p=3192"},"modified":"2023-10-19T21:30:17","modified_gmt":"2023-10-19T21:30:17","slug":"sanfil-medicina-70-anos","status":"publish","type":"post","link":"http:\/\/perspetivaatual.pt\/index.php\/2023\/10\/20\/sanfil-medicina-70-anos\/","title":{"rendered":"Sanfil Medicina 70 Anos: A Humaniza\u00e7\u00e3o da sa\u00fade \u201c\u00e9 uma forma natural de ser e de agir\u201d\u00a0"},"content":{"rendered":"\n<p><strong>Com a miss\u00e3o de cuidar do utente, para recuperar e reabilitar, a Sanfil Medicina tem centrado a sua a\u00e7\u00e3o na pessoa, prestando-lhe um apoio integral. V\u00e1rios investimentos t\u00eam sido feitos para esse mesmo fim.<\/strong>&nbsp;<\/p>\n\n\n\n<p>A generalidade das pessoas que procuram ajuda junto das institui\u00e7\u00f5es de sa\u00fade fazem-no em situa\u00e7\u00f5es de car\u00eancia, fragilidade ou d\u00favida. Cabe aos profissionais do setor compreender as suas necessidades, escutar e procurar, no limite da ci\u00eancia e da tecnologia, dar resposta aos seus anseios, orientando-os clinicamente. \u00c9 assim que o Grupo Global Health Company (GHC), do qual a <a href=\"https:\/\/sanfilmedicina.pt\/\" target=\"_blank\" rel=\"noreferrer noopener\">Sanfil Medicina<\/a> faz parte, encara a humaniza\u00e7\u00e3o dos cuidados de sa\u00fade. <\/p>\n\n\n\n<p>\u00abA sa\u00fade \u00e9 uma atividade de pessoas, para pessoas e, com pessoas. Por isso, a humaniza\u00e7\u00e3o da sa\u00fade n\u00e3o \u00e9 uma ideia, ou uma forma moderna de ver o tema, mas a forma natural de ser e de agir. H\u00e1 70 anos que o colocamos em pr\u00e1tica, quer com os nossos profissionais, como com aqueles que colocam a sua sa\u00fade no centro da nossa aten\u00e7\u00e3o\u00bb, afian\u00e7am os seus respons\u00e1veis. Humanizar a sa\u00fade n\u00e3o \u00e9 mais que \u00abrespeitar o paciente e tratar os outros como gostar\u00edamos de ser tratados\u00bb, enaltecem, reconhecendo que na Sanfil Medicina existem de facto \u00abas condi\u00e7\u00f5es para prestar um apoio integral \u00e0 pessoa\u00bb, dispondo, para o efeito, \u00abde uma resposta integrada da sa\u00fade que permite observar o utente em consulta, realizar imediatamente os exames e meios de diagn\u00f3stico que o m\u00e9dico considerar necess\u00e1rios, identificar as car\u00eancias de sa\u00fade e orientar o tratamento, se necess\u00e1rio, com o apoio de v\u00e1rias especialidades cl\u00ednicas e com as v\u00e1rias tecnologias ao dispor da sa\u00fade\u00bb. <\/p>\n\n\n\n<p>Ao utente \u00e9 garantido esse \u00abacompanhamento todos os dias\u00bb nos servi\u00e7os da Sanfil Medicina. \u00abDado o espectro alargado de \u00e1reas da sa\u00fade que abrangemos, podemos n\u00e3o s\u00f3 ver o paciente em todas as dimens\u00f5es da sua realidade, como dar resposta \u00e0s v\u00e1rias necessidades que apresente e relate. A dor, seja ela de que forma for ou se manifestar, n\u00e3o \u00e9 por n\u00f3s tolerada, tal como n\u00e3o tem que ser tolerada pelos nossos utentes. O objetivo \u00e9 sempre cuidar, para recuperar e reabilitar, dando ao utente o conforto que merece\u00bb, esclarecem.\u00a0<\/p>\n\n\n\n<figure class=\"wp-block-gallery has-nested-images columns-default is-cropped wp-block-gallery-1 is-layout-flex wp-block-gallery-is-layout-flex\">\n<figure class=\"wp-block-image size-large is-style-default\"><img loading=\"lazy\" decoding=\"async\" width=\"1024\" height=\"509\" data-id=\"3199\" src=\"https:\/\/perspetivaatual.pt\/wp-content\/uploads\/2023\/10\/Imagem6-1024x509.jpg\" alt=\"\" class=\"wp-image-3199\" srcset=\"http:\/\/perspetivaatual.pt\/wp-content\/uploads\/2023\/10\/Imagem6-1024x509.jpg 1024w, http:\/\/perspetivaatual.pt\/wp-content\/uploads\/2023\/10\/Imagem6-300x149.jpg 300w, http:\/\/perspetivaatual.pt\/wp-content\/uploads\/2023\/10\/Imagem6-768x382.jpg 768w, http:\/\/perspetivaatual.pt\/wp-content\/uploads\/2023\/10\/Imagem6-600x298.jpg 600w, http:\/\/perspetivaatual.pt\/wp-content\/uploads\/2023\/10\/Imagem6.jpg 1166w\" sizes=\"auto, (max-width: 1024px) 100vw, 1024px\" \/><\/figure>\n\n\n\n<figure class=\"wp-block-image size-large is-style-default\"><img loading=\"lazy\" decoding=\"async\" width=\"1024\" height=\"682\" data-id=\"3200\" src=\"https:\/\/perspetivaatual.pt\/wp-content\/uploads\/2023\/10\/0452-Festa-Verao-70-Sanfil-2023-1024x682.jpg\" alt=\"\" class=\"wp-image-3200\" srcset=\"http:\/\/perspetivaatual.pt\/wp-content\/uploads\/2023\/10\/0452-Festa-Verao-70-Sanfil-2023-1024x682.jpg 1024w, http:\/\/perspetivaatual.pt\/wp-content\/uploads\/2023\/10\/0452-Festa-Verao-70-Sanfil-2023-300x200.jpg 300w, http:\/\/perspetivaatual.pt\/wp-content\/uploads\/2023\/10\/0452-Festa-Verao-70-Sanfil-2023-768x512.jpg 768w, http:\/\/perspetivaatual.pt\/wp-content\/uploads\/2023\/10\/0452-Festa-Verao-70-Sanfil-2023-1536x1024.jpg 1536w, http:\/\/perspetivaatual.pt\/wp-content\/uploads\/2023\/10\/0452-Festa-Verao-70-Sanfil-2023-2048x1365.jpg 2048w, http:\/\/perspetivaatual.pt\/wp-content\/uploads\/2023\/10\/0452-Festa-Verao-70-Sanfil-2023-675x450.jpg 675w, http:\/\/perspetivaatual.pt\/wp-content\/uploads\/2023\/10\/0452-Festa-Verao-70-Sanfil-2023-600x400.jpg 600w\" sizes=\"auto, (max-width: 1024px) 100vw, 1024px\" \/><\/figure>\n<\/figure>\n\n\n\n<h2 class=\"wp-block-heading\"><strong>Processos centrados no utente<\/strong>&nbsp;<\/h2>\n\n\n\n<p>No \u00e2mbito da miss\u00e3o assumida pelo Grupo, a Global Health Company, holding que integra, al\u00e9m da Sanfil Medicina, a Nefrovida (Hemodi\u00e1lise) e a Diaton (Radiologia e Medicina Nuclear), tem os seus processos assentes e centrados no utente, mesmo antes do primeiro momento em que este contacta com qualquer uma das unidades. \u00abProcuramos antecipar de que forma podemos responder precocemente e prevenir a doen\u00e7a, como s\u00e3o exemplos a consulta do rim (Nefrovida) e as consultas de acompanhamento na \u00e1rea da Medicina Dent\u00e1ria\u00bb, explicam. <\/p>\n\n\n\n<p>Todo o percurso do utente \u00e9 acompanhado internamente, envolvendo todos os profissionais e meios necess\u00e1rios em torno das suas necessidades, com as unidades de sa\u00fade do Grupo atentas n\u00e3o s\u00f3 \u00e0 causa que originou o contacto inicial, \u00abmas tamb\u00e9m ao conforto emocional, espiritual e mesmo f\u00edsico\/ material de que cada utente carece\u00bb, focando a sua a\u00e7\u00e3o na personaliza\u00e7\u00e3o dos cuidados m\u00e9dicos (e n\u00e3o s\u00f3) que s\u00e3o prestados tendo como fim \u00faltimo contribuir para uma maior qualidade de vida dos utentes. \u00abReduzir ao m\u00e1ximo o desconforto que a simples presen\u00e7a numa unidade de sa\u00fade provoca no ser humano, \u00e9 para n\u00f3s t\u00e3o importante quanto atender \u00e0 necessidade cl\u00ednica\u00bb, afirmam, e para isso \u00e9 colocado \u00e0 disposi\u00e7\u00e3o \u00abum conjunto de servi\u00e7os e de pessoas que v\u00e3o al\u00e9m dos cuidados cl\u00ednicos e dos profissionais de sa\u00fade\u00bb.\u00a0<\/p>\n\n\n\n<h2 class=\"wp-block-heading\"><strong>Investimentos na otimiza\u00e7\u00e3o dos servi\u00e7os<\/strong>&nbsp;<\/h2>\n\n\n\n<p>De forma a tornar a experi\u00eancia dos utentes o mais positiva poss\u00edvel, a Sanfil Medicina &#8211;&nbsp; GHC e as empresas operativas t\u00eam realizado investimentos intensivos na melhoria das instala\u00e7\u00f5es, no sentido da sua amplia\u00e7\u00e3o e otimiza\u00e7\u00e3o da sua funcionalidade sob ponto de vista do circuito dos utentes. Ou seja, todas as \u00e1reas de acolhimento, espera e tratamento localizam-se \u00abde acordo com o percurso do utente\u00bb, com canais de comunica\u00e7\u00f5es e informa\u00e7\u00e3o acess\u00edveis e de simples interpreta\u00e7\u00e3o, com o contacto pessoal privilegiado na rece\u00e7\u00e3o aos utentes. \u00abAs nossas infraestruturas s\u00e3o pensadas e dimensionadas de forma integradora de todos os tipos de utentes.&nbsp;<\/p>\n\n\n\n<p>Procuramos reduzir ao m\u00e1ximo a exist\u00eancia de barreiras arquitet\u00f3nicas e minimizar o impacto das que s\u00e3o imposs\u00edveis de ultrapassar\u00bb, asseveram. \u00c9 com esse prop\u00f3sito que est\u00e3o a ser realizados \u00abfortes investimentos na reestrutura\u00e7\u00e3o das unidades j\u00e1 existentes, como no Hospital S. Francisco, em Leiria, e Avenida Em\u00eddio Navarro, em Coimbra, ou na cria\u00e7\u00e3o de novas unidades, como em Alcoba\u00e7a, em parceria com a Santa Casa da Miseric\u00f3rdia\u00bb.&nbsp;<\/p>\n\n\n\n<p>Al\u00e9m das instala\u00e7\u00f5es, todos os meios de comunica\u00e7\u00e3o disponibilizados, quer nas pr\u00f3prias instala\u00e7\u00f5es das unidades, quer fora, de acessibilidade remota, procuram facilitar simplificar a experi\u00eancia do utente. O novo website, as newsletters, redes sociais, a utiliza\u00e7\u00e3o \u00abdos SMS\u2019s como meio de informa\u00e7\u00e3o direcionado e imediato, a App, entre outros, permitem que o utente e seus familiares encontrem facilmente e de forma intuitiva o que procuram e estejam sempre acompanhados\u00bb, presencialmente e \u00e0 dist\u00e2ncia, pela Sanfil Medicina. <\/p>\n\n\n\n<p>No grupo GHC, a ado\u00e7\u00e3o de novas tecnologias, inova\u00e7\u00e3o e digitaliza\u00e7\u00e3o, em paralelo com o recentrar a presta\u00e7\u00e3o dos servi\u00e7os no utente, s\u00e3o, uma constante na estrat\u00e9gia definida para a \u00e1rea da sa\u00fade e \u00abonde a implementa\u00e7\u00e3o de tecnologias pode ajudar a reduzir o risco cl\u00ednico e a usar melhor os recursos humanos e financeiros\u00bb. <\/p>\n\n\n\n<p>Neste \u00e2mbito, t\u00eam vindo a ser adquiridos novos equipamentos de diagn\u00f3stico, mais evolu\u00eddos tecnologicamente, com grandes investimentos tamb\u00e9m em infraestruturas tecnol\u00f3gicas e em informatiza\u00e7\u00e3o e automa\u00e7\u00e3o de processos para os tornar mais simples e eficientes. \u00abAssim, desde 2020 estamos a implementar solu\u00e7\u00f5es de teleconsulta e acesso mais intuitivo pelos nossos utentes aos nossos servi\u00e7os, bem como aquisi\u00e7\u00e3o de ferramentas que ir\u00e3o possibilitar an\u00e1lise diagn\u00f3stica e a evolu\u00e7\u00e3o entre exames e que no m\u00e9dio prazo os nossos sistemas de informa\u00e7\u00e3o possibilitem o acesso facilitado a todos os dados necess\u00e1rios e dispon\u00edveis para uma tomada de decis\u00e3o cl\u00ednica baseada numa evid\u00eancia do hist\u00f3rico do respetivo doente\u00bb, avan\u00e7am.\u00a0<\/p>\n\n\n\n<h2 class=\"wp-block-heading\"><strong>Sanfil Medicina promove a sa\u00fade mental e f\u00edsica<\/strong>&nbsp;<\/h2>\n\n\n\n<p>Naturalmente ativa nas comunidades onde est\u00e1 inserida, colaborando em iniciativas das autarquias (pelo espectro normalmente alargado que t\u00eam), bem como de outras entidades p\u00fablicas e privadas, na realiza\u00e7\u00e3o de rastreios de v\u00e1ria ordem e aconselhando ajustamentos na alimenta\u00e7\u00e3o e nos estilos de vida, a Sanfil Medicina \u00e9 parceira em diversas atividades de desporto, dinamizando, paralelamente encontros que estimulam h\u00e1bitos de vida saud\u00e1vel\u00bb e workshops de v\u00e1ria ordem, com intera\u00e7\u00e3o entre as pessoas, porque \u00aba sa\u00fade mental tem que ser uma das nossas maiores prioridades, pois n\u00e3o h\u00e1 vida saud\u00e1vel sem, antes de mais, nos sentirmos bem\u00bb.&nbsp;<\/p>\n\n\n\n<hr class=\"wp-block-separator has-alpha-channel-opacity\"\/>\n\n\n\n<h2 class=\"wp-block-heading\"><strong>Festa de Ver\u00e3o da GLOBAL HEALTH COMPANY <\/strong><strong>assinala os 70 anos da SANFIL MEDICINA<\/strong><\/h2>\n\n\n\n<p>Foi no parque tecnol\u00f3gico de Coimbra que ocorreu a Festa de Ver\u00e3o da GLOBAL HEALTH COMPANY, um evento que promoveu o reencontro p\u00f3s-pand\u00e9mico do Grupo, dando a conhecer a sua sede \u00e0s cerca de 700 pessoas reunidas, entre colaboradores das empresas participadas (SANFIL MEDICINA, NEFROVIDA, DIATON e SINESPA\u00c7O) e as respetivas fam\u00edlias, tendo ainda integrado as comemora\u00e7\u00f5es dos 70 anos da SANFIL &#8211; Casa de Sa\u00fade de Santa Filomena, a g\u00e9nese do Grupo.<\/p>\n\n\n\n<figure class=\"wp-block-gallery has-nested-images columns-default is-cropped wp-block-gallery-2 is-layout-flex wp-block-gallery-is-layout-flex\">\n<figure class=\"wp-block-image size-large is-style-default\"><img loading=\"lazy\" decoding=\"async\" width=\"1024\" height=\"683\" data-id=\"3196\" src=\"https:\/\/perspetivaatual.pt\/wp-content\/uploads\/2023\/10\/1213-Festa-Verao-70-Sanfil-2023-1024x683.jpg\" alt=\"\" class=\"wp-image-3196\" srcset=\"http:\/\/perspetivaatual.pt\/wp-content\/uploads\/2023\/10\/1213-Festa-Verao-70-Sanfil-2023-1024x683.jpg 1024w, http:\/\/perspetivaatual.pt\/wp-content\/uploads\/2023\/10\/1213-Festa-Verao-70-Sanfil-2023-300x200.jpg 300w, http:\/\/perspetivaatual.pt\/wp-content\/uploads\/2023\/10\/1213-Festa-Verao-70-Sanfil-2023-768x512.jpg 768w, http:\/\/perspetivaatual.pt\/wp-content\/uploads\/2023\/10\/1213-Festa-Verao-70-Sanfil-2023-1536x1024.jpg 1536w, http:\/\/perspetivaatual.pt\/wp-content\/uploads\/2023\/10\/1213-Festa-Verao-70-Sanfil-2023-2048x1366.jpg 2048w, http:\/\/perspetivaatual.pt\/wp-content\/uploads\/2023\/10\/1213-Festa-Verao-70-Sanfil-2023-675x450.jpg 675w, http:\/\/perspetivaatual.pt\/wp-content\/uploads\/2023\/10\/1213-Festa-Verao-70-Sanfil-2023-600x400.jpg 600w\" sizes=\"auto, (max-width: 1024px) 100vw, 1024px\" \/><\/figure>\n\n\n\n<figure class=\"wp-block-image size-large is-style-default\"><img loading=\"lazy\" decoding=\"async\" width=\"1024\" height=\"682\" data-id=\"3197\" src=\"https:\/\/perspetivaatual.pt\/wp-content\/uploads\/2023\/10\/0921-Festa-Verao-70-Sanfil-2023-1024x682.jpg\" alt=\"\" class=\"wp-image-3197\" srcset=\"http:\/\/perspetivaatual.pt\/wp-content\/uploads\/2023\/10\/0921-Festa-Verao-70-Sanfil-2023-1024x682.jpg 1024w, http:\/\/perspetivaatual.pt\/wp-content\/uploads\/2023\/10\/0921-Festa-Verao-70-Sanfil-2023-300x200.jpg 300w, http:\/\/perspetivaatual.pt\/wp-content\/uploads\/2023\/10\/0921-Festa-Verao-70-Sanfil-2023-768x511.jpg 768w, http:\/\/perspetivaatual.pt\/wp-content\/uploads\/2023\/10\/0921-Festa-Verao-70-Sanfil-2023-1536x1022.jpg 1536w, http:\/\/perspetivaatual.pt\/wp-content\/uploads\/2023\/10\/0921-Festa-Verao-70-Sanfil-2023-2048x1363.jpg 2048w, http:\/\/perspetivaatual.pt\/wp-content\/uploads\/2023\/10\/0921-Festa-Verao-70-Sanfil-2023-675x450.jpg 675w, http:\/\/perspetivaatual.pt\/wp-content\/uploads\/2023\/10\/0921-Festa-Verao-70-Sanfil-2023-600x399.jpg 600w\" sizes=\"auto, (max-width: 1024px) 100vw, 1024px\" \/><\/figure>\n<\/figure>\n\n\n\n<p>Apesar de se tratar de uma festa interna, os l\u00edderes municipais das comunidades onde o Grupo GLOBAL HEALTH COMPANY tem atividade tamb\u00e9m marcaram presen\u00e7a, tendo estado presentes o Presidente da C\u00e2mara Municipal de Coimbra, Dr. Jos\u00e9 Manuel Silva, e o Presidente da C\u00e2mara Municipal de Leiria, Dr. Gon\u00e7alo Lopes. De assinalar tamb\u00e9m a presen\u00e7a do Provedor da Santa Casa da Miseric\u00f3rdia de Leiria, Eng.\u00ba Carlos Po\u00e7o, parceiro destacado do Grupo, que em conjunto com os demais presentes celebraram o momento. Nas suas breves interven\u00e7\u00f5es, reconheceram o papel preponderante da GLOBAL HEALTH COMPANY, n\u00e3o s\u00f3 pela sua hist\u00f3ria, mas sobretudo pelo seu dinamismo e interven\u00e7\u00e3o junto das comunidades, atrav\u00e9s do forte investimento no melhoramento e na inova\u00e7\u00e3o na presta\u00e7\u00e3o de cuidados de sa\u00fade. Na sua interven\u00e7\u00e3o, a Presidente do Conselho de Administra\u00e7\u00e3o da GLOBAL HEALTH COMPANY, Dra. Ana Tereso, destacou o esp\u00edrito de uni\u00e3o e a resili\u00eancia, enquanto caracter\u00edsticas decisivas do Grupo.<\/p>\n\n\n\n<p>O Balan\u00e7o realizado pelos Recursos Humanos do Grupo GLOBAL HEALTH COMPANY aponta a alegria e o esp\u00edrito de uni\u00e3o que se verificou como o que mais h\u00e1 a destacar neste evento &#8211; \u201cEstivemos juntos para festejar aquilo que nos une e para brindar \u00e0 vida e a todos n\u00f3s. Foi muito gratificante ver a alegria e os sorrisos no rosto de todos.\u201d<\/p>\n\n\n\n<h2 class=\"wp-block-heading\"><strong>Estudantina de Coimbra, HMB e Rouxinol Faduncho marcaram presen\u00e7a<\/strong><\/h2>\n\n\n\n<div class=\"wp-block-media-text alignwide is-stacked-on-mobile\"><figure class=\"wp-block-media-text__media\"><img loading=\"lazy\" decoding=\"async\" width=\"1024\" height=\"682\" src=\"https:\/\/perspetivaatual.pt\/wp-content\/uploads\/2023\/10\/1193-Festa-Verao-70-Sanfil-2023-1-1024x682.jpg\" alt=\"\" class=\"wp-image-3198 size-full\" srcset=\"http:\/\/perspetivaatual.pt\/wp-content\/uploads\/2023\/10\/1193-Festa-Verao-70-Sanfil-2023-1-1024x682.jpg 1024w, http:\/\/perspetivaatual.pt\/wp-content\/uploads\/2023\/10\/1193-Festa-Verao-70-Sanfil-2023-1-300x200.jpg 300w, http:\/\/perspetivaatual.pt\/wp-content\/uploads\/2023\/10\/1193-Festa-Verao-70-Sanfil-2023-1-768x511.jpg 768w, http:\/\/perspetivaatual.pt\/wp-content\/uploads\/2023\/10\/1193-Festa-Verao-70-Sanfil-2023-1-1536x1022.jpg 1536w, http:\/\/perspetivaatual.pt\/wp-content\/uploads\/2023\/10\/1193-Festa-Verao-70-Sanfil-2023-1-2048x1363.jpg 2048w, http:\/\/perspetivaatual.pt\/wp-content\/uploads\/2023\/10\/1193-Festa-Verao-70-Sanfil-2023-1-675x450.jpg 675w, http:\/\/perspetivaatual.pt\/wp-content\/uploads\/2023\/10\/1193-Festa-Verao-70-Sanfil-2023-1-600x399.jpg 600w\" sizes=\"auto, (max-width: 1024px) 100vw, 1024px\" \/><\/figure><div class=\"wp-block-media-text__content\">\n<p>A Festa de Ver\u00e3o da GLOBAL HEALTH COMPANY contou com a atua\u00e7\u00e3o da Estudantina de Coimbra, do ator e humorista Marco Hor\u00e1cio e a sua personagem Rouxinol Faduncho, da banda HMB e de um DJ set que deixou toda a gente a dan\u00e7ar. Al\u00e9m disso, tamb\u00e9m a Fily, a mascote da SANFIL MEDICINA, marcou presen\u00e7a fazendo o que melhor sabe fazer: distribuir sorrisos e abra\u00e7os por todas as crian\u00e7as.<\/p>\n<\/div><\/div>\n","protected":false},"excerpt":{"rendered":"<p>Com a miss\u00e3o de cuidar do utente, para recuperar e reabilitar, a Sanfil Medicina tem<\/p>\n","protected":false},"author":5,"featured_media":3193,"comment_status":"open","ping_status":"open","sticky":false,"template":"","format":"standard","meta":{"footnotes":""},"categories":[4],"tags":[446,447,86],"class_list":["post-3192","post","type-post","status-publish","format-standard","has-post-thumbnail","hentry","category-saude","tag-sanfil","tag-sanfil-medicina","tag-saude"],"yoast_head":"<!-- This site is optimized with the Yoast SEO plugin v24.2 - https:\/\/yoast.com\/wordpress\/plugins\/seo\/ -->\n<title>Sanfil Medicina 70 Anos: A Humaniza\u00e7\u00e3o da sa\u00fade \u201c\u00e9 uma forma natural de ser e de agir\u201d\u00a0 - Perspetiva Atual<\/title>\n<meta name=\"description\" content=\"Com a miss\u00e3o de cuidar do utente, para recuperar e reabilitar, a Sanfil Medicina tem centrado a sua a\u00e7\u00e3o na pessoa, prestando-lhe um apoio integral. V\u00e1rios investimentos t\u00eam sido feitos para esse mesmo fim.\" \/>\n<meta name=\"robots\" content=\"index, follow, max-snippet:-1, max-image-preview:large, max-video-preview:-1\" \/>\n<link rel=\"canonical\" href=\"http:\/\/perspetivaatual.pt\/index.php\/2023\/10\/20\/sanfil-medicina-70-anos\/\" \/>\n<meta property=\"og:locale\" content=\"pt_PT\" \/>\n<meta property=\"og:type\" content=\"article\" \/>\n<meta property=\"og:title\" content=\"Sanfil Medicina 70 Anos: A Humaniza\u00e7\u00e3o da sa\u00fade \u201c\u00e9 uma forma natural de ser e de agir\u201d\u00a0 - Perspetiva Atual\" \/>\n<meta property=\"og:description\" content=\"Com a miss\u00e3o de cuidar do utente, para recuperar e reabilitar, a Sanfil Medicina tem centrado a sua a\u00e7\u00e3o na pessoa, prestando-lhe um apoio integral. V\u00e1rios investimentos t\u00eam sido feitos para esse mesmo fim.\" \/>\n<meta property=\"og:url\" content=\"http:\/\/perspetivaatual.pt\/index.php\/2023\/10\/20\/sanfil-medicina-70-anos\/\" \/>\n<meta property=\"og:site_name\" content=\"Perspetiva Atual\" \/>\n<meta property=\"article:published_time\" content=\"2023-10-20T08:14:00+00:00\" \/>\n<meta property=\"article:modified_time\" content=\"2023-10-19T21:30:17+00:00\" \/>\n<meta property=\"og:image\" content=\"http:\/\/perspetivaatual.pt\/wp-content\/uploads\/2023\/10\/0344-Festa-Verao-70-Sanfil-2023.jpg\" \/>\n\t<meta property=\"og:image:width\" content=\"2362\" \/>\n\t<meta property=\"og:image:height\" content=\"1575\" \/>\n\t<meta property=\"og:image:type\" content=\"image\/jpeg\" \/>\n<meta name=\"author\" content=\"Jo\u00e3o Malainho Perspetiva Atual\" \/>\n<meta name=\"twitter:card\" content=\"summary_large_image\" \/>\n<meta name=\"twitter:label1\" content=\"Escrito por\" \/>\n\t<meta name=\"twitter:data1\" content=\"\" \/>\n\t<meta name=\"twitter:label2\" content=\"Tempo estimado de leitura\" \/>\n\t<meta name=\"twitter:data2\" content=\"10 minutos\" \/>\n<script type=\"application\/ld+json\" class=\"yoast-schema-graph\">{\"@context\":\"https:\/\/schema.org\",\"@graph\":[{\"@type\":\"Article\",\"@id\":\"http:\/\/perspetivaatual.pt\/index.php\/2023\/10\/20\/sanfil-medicina-70-anos\/#article\",\"isPartOf\":{\"@id\":\"http:\/\/perspetivaatual.pt\/index.php\/2023\/10\/20\/sanfil-medicina-70-anos\/\"},\"author\":{\"name\":\"Jo\u00e3o Malainho Perspetiva Atual\",\"@id\":\"https:\/\/perspetivaatual.pt\/#\/schema\/person\/4c9d5a8b179d047c3220dfa32fd6b658\"},\"headline\":\"Sanfil Medicina 70 Anos: A Humaniza\u00e7\u00e3o da sa\u00fade \u201c\u00e9 uma forma natural de ser e de agir\u201d\u00a0\",\"datePublished\":\"2023-10-20T08:14:00+00:00\",\"dateModified\":\"2023-10-19T21:30:17+00:00\",\"mainEntityOfPage\":{\"@id\":\"http:\/\/perspetivaatual.pt\/index.php\/2023\/10\/20\/sanfil-medicina-70-anos\/\"},\"wordCount\":1671,\"commentCount\":0,\"publisher\":{\"@id\":\"https:\/\/perspetivaatual.pt\/#organization\"},\"image\":{\"@id\":\"http:\/\/perspetivaatual.pt\/index.php\/2023\/10\/20\/sanfil-medicina-70-anos\/#primaryimage\"},\"thumbnailUrl\":\"http:\/\/perspetivaatual.pt\/wp-content\/uploads\/2023\/10\/0344-Festa-Verao-70-Sanfil-2023.jpg\",\"keywords\":[\"Sanfil\",\"Sanfil Medicina\",\"Sa\u00fade\"],\"articleSection\":[\"Sa\u00fade\"],\"inLanguage\":\"pt-PT\",\"potentialAction\":[{\"@type\":\"CommentAction\",\"name\":\"Comment\",\"target\":[\"http:\/\/perspetivaatual.pt\/index.php\/2023\/10\/20\/sanfil-medicina-70-anos\/#respond\"]}]},{\"@type\":\"WebPage\",\"@id\":\"http:\/\/perspetivaatual.pt\/index.php\/2023\/10\/20\/sanfil-medicina-70-anos\/\",\"url\":\"http:\/\/perspetivaatual.pt\/index.php\/2023\/10\/20\/sanfil-medicina-70-anos\/\",\"name\":\"Sanfil Medicina 70 Anos: A Humaniza\u00e7\u00e3o da sa\u00fade \u201c\u00e9 uma forma natural de ser e de agir\u201d\u00a0 - Perspetiva Atual\",\"isPartOf\":{\"@id\":\"https:\/\/perspetivaatual.pt\/#website\"},\"primaryImageOfPage\":{\"@id\":\"http:\/\/perspetivaatual.pt\/index.php\/2023\/10\/20\/sanfil-medicina-70-anos\/#primaryimage\"},\"image\":{\"@id\":\"http:\/\/perspetivaatual.pt\/index.php\/2023\/10\/20\/sanfil-medicina-70-anos\/#primaryimage\"},\"thumbnailUrl\":\"http:\/\/perspetivaatual.pt\/wp-content\/uploads\/2023\/10\/0344-Festa-Verao-70-Sanfil-2023.jpg\",\"datePublished\":\"2023-10-20T08:14:00+00:00\",\"dateModified\":\"2023-10-19T21:30:17+00:00\",\"description\":\"Com a miss\u00e3o de cuidar do utente, para recuperar e reabilitar, a Sanfil Medicina tem centrado a sua a\u00e7\u00e3o na pessoa, prestando-lhe um apoio integral. V\u00e1rios investimentos t\u00eam sido feitos para esse mesmo fim.\",\"breadcrumb\":{\"@id\":\"http:\/\/perspetivaatual.pt\/index.php\/2023\/10\/20\/sanfil-medicina-70-anos\/#breadcrumb\"},\"inLanguage\":\"pt-PT\",\"potentialAction\":[{\"@type\":\"ReadAction\",\"target\":[\"http:\/\/perspetivaatual.pt\/index.php\/2023\/10\/20\/sanfil-medicina-70-anos\/\"]}]},{\"@type\":\"ImageObject\",\"inLanguage\":\"pt-PT\",\"@id\":\"http:\/\/perspetivaatual.pt\/index.php\/2023\/10\/20\/sanfil-medicina-70-anos\/#primaryimage\",\"url\":\"http:\/\/perspetivaatual.pt\/wp-content\/uploads\/2023\/10\/0344-Festa-Verao-70-Sanfil-2023.jpg\",\"contentUrl\":\"http:\/\/perspetivaatual.pt\/wp-content\/uploads\/2023\/10\/0344-Festa-Verao-70-Sanfil-2023.jpg\",\"width\":2362,\"height\":1575},{\"@type\":\"BreadcrumbList\",\"@id\":\"http:\/\/perspetivaatual.pt\/index.php\/2023\/10\/20\/sanfil-medicina-70-anos\/#breadcrumb\",\"itemListElement\":[{\"@type\":\"ListItem\",\"position\":1,\"name\":\"Home\",\"item\":\"https:\/\/perspetivaatual.pt\/\"},{\"@type\":\"ListItem\",\"position\":2,\"name\":\"Sanfil Medicina 70 Anos: A Humaniza\u00e7\u00e3o da sa\u00fade \u201c\u00e9 uma forma natural de ser e de agir\u201d\u00a0\"}]},{\"@type\":\"WebSite\",\"@id\":\"https:\/\/perspetivaatual.pt\/#website\",\"url\":\"https:\/\/perspetivaatual.pt\/\",\"name\":\"Perspetiva Atual\",\"description\":\"Olhar Portugal, de diferentes formas\",\"publisher\":{\"@id\":\"https:\/\/perspetivaatual.pt\/#organization\"},\"potentialAction\":[{\"@type\":\"SearchAction\",\"target\":{\"@type\":\"EntryPoint\",\"urlTemplate\":\"https:\/\/perspetivaatual.pt\/?s={search_term_string}\"},\"query-input\":{\"@type\":\"PropertyValueSpecification\",\"valueRequired\":true,\"valueName\":\"search_term_string\"}}],\"inLanguage\":\"pt-PT\"},{\"@type\":\"Organization\",\"@id\":\"https:\/\/perspetivaatual.pt\/#organization\",\"name\":\"Perspetiva Atual\",\"url\":\"https:\/\/perspetivaatual.pt\/\",\"logo\":{\"@type\":\"ImageObject\",\"inLanguage\":\"pt-PT\",\"@id\":\"https:\/\/perspetivaatual.pt\/#\/schema\/logo\/image\/\",\"url\":\"http:\/\/perspetivaatual.pt\/wp-content\/uploads\/2020\/08\/cropped-perspetiva_atual-.png\",\"contentUrl\":\"http:\/\/perspetivaatual.pt\/wp-content\/uploads\/2020\/08\/cropped-perspetiva_atual-.png\",\"width\":618,\"height\":202,\"caption\":\"Perspetiva Atual\"},\"image\":{\"@id\":\"https:\/\/perspetivaatual.pt\/#\/schema\/logo\/image\/\"}},{\"@type\":\"Person\",\"@id\":\"https:\/\/perspetivaatual.pt\/#\/schema\/person\/4c9d5a8b179d047c3220dfa32fd6b658\",\"name\":\"Jo\u00e3o Malainho Perspetiva Atual\",\"image\":{\"@type\":\"ImageObject\",\"inLanguage\":\"pt-PT\",\"@id\":\"https:\/\/perspetivaatual.pt\/#\/schema\/person\/image\/\",\"url\":\"https:\/\/secure.gravatar.com\/avatar\/fd918e8a58374b02896337d62716969a?s=96&d=mm&r=g\",\"contentUrl\":\"https:\/\/secure.gravatar.com\/avatar\/fd918e8a58374b02896337d62716969a?s=96&d=mm&r=g\",\"caption\":\"Jo\u00e3o Malainho Perspetiva Atual\"},\"sameAs\":[\"http:\/\/perspetivaatual.pt\"],\"url\":\"http:\/\/perspetivaatual.pt\/index.php\/author\/joaomalainhoii\/\"}]}<\/script>\n<!-- \/ Yoast SEO plugin. -->","yoast_head_json":{"title":"Sanfil Medicina 70 Anos: A Humaniza\u00e7\u00e3o da sa\u00fade \u201c\u00e9 uma forma natural de ser e de agir\u201d\u00a0 - Perspetiva Atual","description":"Com a miss\u00e3o de cuidar do utente, para recuperar e reabilitar, a Sanfil Medicina tem centrado a sua a\u00e7\u00e3o na pessoa, prestando-lhe um apoio integral. V\u00e1rios investimentos t\u00eam sido feitos para esse mesmo fim.","robots":{"index":"index","follow":"follow","max-snippet":"max-snippet:-1","max-image-preview":"max-image-preview:large","max-video-preview":"max-video-preview:-1"},"canonical":"http:\/\/perspetivaatual.pt\/index.php\/2023\/10\/20\/sanfil-medicina-70-anos\/","og_locale":"pt_PT","og_type":"article","og_title":"Sanfil Medicina 70 Anos: A Humaniza\u00e7\u00e3o da sa\u00fade \u201c\u00e9 uma forma natural de ser e de agir\u201d\u00a0 - Perspetiva Atual","og_description":"Com a miss\u00e3o de cuidar do utente, para recuperar e reabilitar, a Sanfil Medicina tem centrado a sua a\u00e7\u00e3o na pessoa, prestando-lhe um apoio integral. V\u00e1rios investimentos t\u00eam sido feitos para esse mesmo fim.","og_url":"http:\/\/perspetivaatual.pt\/index.php\/2023\/10\/20\/sanfil-medicina-70-anos\/","og_site_name":"Perspetiva Atual","article_published_time":"2023-10-20T08:14:00+00:00","article_modified_time":"2023-10-19T21:30:17+00:00","og_image":[{"width":2362,"height":1575,"url":"http:\/\/perspetivaatual.pt\/wp-content\/uploads\/2023\/10\/0344-Festa-Verao-70-Sanfil-2023.jpg","type":"image\/jpeg"}],"author":"Jo\u00e3o Malainho Perspetiva Atual","twitter_card":"summary_large_image","twitter_misc":{"Escrito por":false,"Tempo estimado de leitura":"10 minutos"},"schema":{"@context":"https:\/\/schema.org","@graph":[{"@type":"Article","@id":"http:\/\/perspetivaatual.pt\/index.php\/2023\/10\/20\/sanfil-medicina-70-anos\/#article","isPartOf":{"@id":"http:\/\/perspetivaatual.pt\/index.php\/2023\/10\/20\/sanfil-medicina-70-anos\/"},"author":{"name":"Jo\u00e3o Malainho Perspetiva Atual","@id":"https:\/\/perspetivaatual.pt\/#\/schema\/person\/4c9d5a8b179d047c3220dfa32fd6b658"},"headline":"Sanfil Medicina 70 Anos: A Humaniza\u00e7\u00e3o da sa\u00fade \u201c\u00e9 uma forma natural de ser e de agir\u201d\u00a0","datePublished":"2023-10-20T08:14:00+00:00","dateModified":"2023-10-19T21:30:17+00:00","mainEntityOfPage":{"@id":"http:\/\/perspetivaatual.pt\/index.php\/2023\/10\/20\/sanfil-medicina-70-anos\/"},"wordCount":1671,"commentCount":0,"publisher":{"@id":"https:\/\/perspetivaatual.pt\/#organization"},"image":{"@id":"http:\/\/perspetivaatual.pt\/index.php\/2023\/10\/20\/sanfil-medicina-70-anos\/#primaryimage"},"thumbnailUrl":"http:\/\/perspetivaatual.pt\/wp-content\/uploads\/2023\/10\/0344-Festa-Verao-70-Sanfil-2023.jpg","keywords":["Sanfil","Sanfil Medicina","Sa\u00fade"],"articleSection":["Sa\u00fade"],"inLanguage":"pt-PT","potentialAction":[{"@type":"CommentAction","name":"Comment","target":["http:\/\/perspetivaatual.pt\/index.php\/2023\/10\/20\/sanfil-medicina-70-anos\/#respond"]}]},{"@type":"WebPage","@id":"http:\/\/perspetivaatual.pt\/index.php\/2023\/10\/20\/sanfil-medicina-70-anos\/","url":"http:\/\/perspetivaatual.pt\/index.php\/2023\/10\/20\/sanfil-medicina-70-anos\/","name":"Sanfil Medicina 70 Anos: A Humaniza\u00e7\u00e3o da sa\u00fade \u201c\u00e9 uma forma natural de ser e de agir\u201d\u00a0 - Perspetiva Atual","isPartOf":{"@id":"https:\/\/perspetivaatual.pt\/#website"},"primaryImageOfPage":{"@id":"http:\/\/perspetivaatual.pt\/index.php\/2023\/10\/20\/sanfil-medicina-70-anos\/#primaryimage"},"image":{"@id":"http:\/\/perspetivaatual.pt\/index.php\/2023\/10\/20\/sanfil-medicina-70-anos\/#primaryimage"},"thumbnailUrl":"http:\/\/perspetivaatual.pt\/wp-content\/uploads\/2023\/10\/0344-Festa-Verao-70-Sanfil-2023.jpg","datePublished":"2023-10-20T08:14:00+00:00","dateModified":"2023-10-19T21:30:17+00:00","description":"Com a miss\u00e3o de cuidar do utente, para recuperar e reabilitar, a Sanfil Medicina tem centrado a sua a\u00e7\u00e3o na pessoa, prestando-lhe um apoio integral. V\u00e1rios investimentos t\u00eam sido feitos para esse mesmo fim.","breadcrumb":{"@id":"http:\/\/perspetivaatual.pt\/index.php\/2023\/10\/20\/sanfil-medicina-70-anos\/#breadcrumb"},"inLanguage":"pt-PT","potentialAction":[{"@type":"ReadAction","target":["http:\/\/perspetivaatual.pt\/index.php\/2023\/10\/20\/sanfil-medicina-70-anos\/"]}]},{"@type":"ImageObject","inLanguage":"pt-PT","@id":"http:\/\/perspetivaatual.pt\/index.php\/2023\/10\/20\/sanfil-medicina-70-anos\/#primaryimage","url":"http:\/\/perspetivaatual.pt\/wp-content\/uploads\/2023\/10\/0344-Festa-Verao-70-Sanfil-2023.jpg","contentUrl":"http:\/\/perspetivaatual.pt\/wp-content\/uploads\/2023\/10\/0344-Festa-Verao-70-Sanfil-2023.jpg","width":2362,"height":1575},{"@type":"BreadcrumbList","@id":"http:\/\/perspetivaatual.pt\/index.php\/2023\/10\/20\/sanfil-medicina-70-anos\/#breadcrumb","itemListElement":[{"@type":"ListItem","position":1,"name":"Home","item":"https:\/\/perspetivaatual.pt\/"},{"@type":"ListItem","position":2,"name":"Sanfil Medicina 70 Anos: A Humaniza\u00e7\u00e3o da sa\u00fade \u201c\u00e9 uma forma natural de ser e de agir\u201d\u00a0"}]},{"@type":"WebSite","@id":"https:\/\/perspetivaatual.pt\/#website","url":"https:\/\/perspetivaatual.pt\/","name":"Perspetiva Atual","description":"Olhar Portugal, de diferentes formas","publisher":{"@id":"https:\/\/perspetivaatual.pt\/#organization"},"potentialAction":[{"@type":"SearchAction","target":{"@type":"EntryPoint","urlTemplate":"https:\/\/perspetivaatual.pt\/?s={search_term_string}"},"query-input":{"@type":"PropertyValueSpecification","valueRequired":true,"valueName":"search_term_string"}}],"inLanguage":"pt-PT"},{"@type":"Organization","@id":"https:\/\/perspetivaatual.pt\/#organization","name":"Perspetiva Atual","url":"https:\/\/perspetivaatual.pt\/","logo":{"@type":"ImageObject","inLanguage":"pt-PT","@id":"https:\/\/perspetivaatual.pt\/#\/schema\/logo\/image\/","url":"http:\/\/perspetivaatual.pt\/wp-content\/uploads\/2020\/08\/cropped-perspetiva_atual-.png","contentUrl":"http:\/\/perspetivaatual.pt\/wp-content\/uploads\/2020\/08\/cropped-perspetiva_atual-.png","width":618,"height":202,"caption":"Perspetiva Atual"},"image":{"@id":"https:\/\/perspetivaatual.pt\/#\/schema\/logo\/image\/"}},{"@type":"Person","@id":"https:\/\/perspetivaatual.pt\/#\/schema\/person\/4c9d5a8b179d047c3220dfa32fd6b658","name":"Jo\u00e3o Malainho Perspetiva Atual","image":{"@type":"ImageObject","inLanguage":"pt-PT","@id":"https:\/\/perspetivaatual.pt\/#\/schema\/person\/image\/","url":"https:\/\/secure.gravatar.com\/avatar\/fd918e8a58374b02896337d62716969a?s=96&d=mm&r=g","contentUrl":"https:\/\/secure.gravatar.com\/avatar\/fd918e8a58374b02896337d62716969a?s=96&d=mm&r=g","caption":"Jo\u00e3o Malainho Perspetiva Atual"},"sameAs":["http:\/\/perspetivaatual.pt"],"url":"http:\/\/perspetivaatual.pt\/index.php\/author\/joaomalainhoii\/"}]}},"featured_image_urls":{"full":["http:\/\/perspetivaatual.pt\/wp-content\/uploads\/2023\/10\/0344-Festa-Verao-70-Sanfil-2023.jpg",2362,1575,false],"thumbnail":["http:\/\/perspetivaatual.pt\/wp-content\/uploads\/2023\/10\/0344-Festa-Verao-70-Sanfil-2023-150x150.jpg",150,150,true],"medium":["http:\/\/perspetivaatual.pt\/wp-content\/uploads\/2023\/10\/0344-Festa-Verao-70-Sanfil-2023-300x200.jpg",300,200,true],"medium_large":["http:\/\/perspetivaatual.pt\/wp-content\/uploads\/2023\/10\/0344-Festa-Verao-70-Sanfil-2023-768x512.jpg",640,427,true],"large":["http:\/\/perspetivaatual.pt\/wp-content\/uploads\/2023\/10\/0344-Festa-Verao-70-Sanfil-2023-1024x683.jpg",640,427,true],"1536x1536":["http:\/\/perspetivaatual.pt\/wp-content\/uploads\/2023\/10\/0344-Festa-Verao-70-Sanfil-2023-1536x1024.jpg",1536,1024,true],"2048x2048":["http:\/\/perspetivaatual.pt\/wp-content\/uploads\/2023\/10\/0344-Festa-Verao-70-Sanfil-2023-2048x1366.jpg",2048,1366,true],"magazine-7-slider-full":["http:\/\/perspetivaatual.pt\/wp-content\/uploads\/2023\/10\/0344-Festa-Verao-70-Sanfil-2023-1536x1020.jpg",1536,1020,true],"magazine-7-slider-center":["http:\/\/perspetivaatual.pt\/wp-content\/uploads\/2023\/10\/0344-Festa-Verao-70-Sanfil-2023-936x897.jpg",936,897,true],"magazine-7-featured":["http:\/\/perspetivaatual.pt\/wp-content\/uploads\/2023\/10\/0344-Festa-Verao-70-Sanfil-2023-1024x683.jpg",1024,683,true],"magazine-7-medium":["http:\/\/perspetivaatual.pt\/wp-content\/uploads\/2023\/10\/0344-Festa-Verao-70-Sanfil-2023-720x380.jpg",720,380,true],"magazine-7-medium-square":["http:\/\/perspetivaatual.pt\/wp-content\/uploads\/2023\/10\/0344-Festa-Verao-70-Sanfil-2023-675x450.jpg",675,450,true],"rpwe-thumbnail":["http:\/\/perspetivaatual.pt\/wp-content\/uploads\/2023\/10\/0344-Festa-Verao-70-Sanfil-2023-45x45.jpg",45,45,true]},"author_info":{"info":[false]},"category_info":"<a href=\"http:\/\/perspetivaatual.pt\/index.php\/category\/saude\/\" rel=\"category tag\">Sa\u00fade<\/a>","tag_info":"Sa\u00fade","comment_count":"0","_links":{"self":[{"href":"http:\/\/perspetivaatual.pt\/index.php\/wp-json\/wp\/v2\/posts\/3192","targetHints":{"allow":["GET"]}}],"collection":[{"href":"http:\/\/perspetivaatual.pt\/index.php\/wp-json\/wp\/v2\/posts"}],"about":[{"href":"http:\/\/perspetivaatual.pt\/index.php\/wp-json\/wp\/v2\/types\/post"}],"author":[{"embeddable":true,"href":"http:\/\/perspetivaatual.pt\/index.php\/wp-json\/wp\/v2\/users\/5"}],"replies":[{"embeddable":true,"href":"http:\/\/perspetivaatual.pt\/index.php\/wp-json\/wp\/v2\/comments?post=3192"}],"version-history":[{"count":0,"href":"http:\/\/perspetivaatual.pt\/index.php\/wp-json\/wp\/v2\/posts\/3192\/revisions"}],"wp:featuredmedia":[{"embeddable":true,"href":"http:\/\/perspetivaatual.pt\/index.php\/wp-json\/wp\/v2\/media\/3193"}],"wp:attachment":[{"href":"http:\/\/perspetivaatual.pt\/index.php\/wp-json\/wp\/v2\/media?parent=3192"}],"wp:term":[{"taxonomy":"category","embeddable":true,"href":"http:\/\/perspetivaatual.pt\/index.php\/wp-json\/wp\/v2\/categories?post=3192"},{"taxonomy":"post_tag","embeddable":true,"href":"http:\/\/perspetivaatual.pt\/index.php\/wp-json\/wp\/v2\/tags?post=3192"}],"curies":[{"name":"wp","href":"https:\/\/api.w.org\/{rel}","templated":true}]}}