{"id":3268,"date":"2023-12-22T08:00:00","date_gmt":"2023-12-22T08:00:00","guid":{"rendered":"https:\/\/perspetivaatual.pt\/?p=3268"},"modified":"2023-12-18T16:25:38","modified_gmt":"2023-12-18T16:25:38","slug":"hospital-cruz-vermelha","status":"publish","type":"post","link":"http:\/\/perspetivaatual.pt\/index.php\/2023\/12\/22\/hospital-cruz-vermelha\/","title":{"rendered":"Hospital Cruz Vermelha: Um hospital em transforma\u00e7\u00e3o"},"content":{"rendered":"\n<p><strong>Na pessoa dos diferentes coordenadores das atuais cl\u00ednicas, ficamos a conhecer a din\u00e2mica da atividade, a aposta na tecnologia e a relev\u00e2ncia da multidisciplinariedade que se afirma como a melhor forma de centrar os cuidados no doente. O Dr. Francisco Ferreira da Silva , Diretor Cl\u00ednico do <a href=\"https:\/\/hospitalcruzvermelha.pt\/\" target=\"_blank\" rel=\"noreferrer noopener\">Hospital Cruz Vermelha<\/a>, salienta esta vis\u00e3o de uma transforma\u00e7\u00e3o alicer\u00e7ada em melhores cuidados, proximidade, humaniza\u00e7\u00e3o e personaliza\u00e7\u00e3o, a par da \u00e9tica, transpar\u00eancia e responsabilidade.<\/strong><\/p>\n\n\n\n<div class=\"wp-block-superb-blocks-superb-author-box sptcrb__abouttheauthor__block__wrapper\"><div class=\"sptcrb__abouttheauthor__block__left\"><div class=\"sptcrb__abouttheauthor__block__left__image\" style=\"background-image:url(http:\/\/perspetivaatual.pt\/wp-content\/uploads\/2023\/12\/Francisco.jpg)\"><\/div><div class=\"sptcrb__abouttheauthor__block__left__some__wrapper\"><\/div><\/div><div class=\"sptcrb__abouttheauthor__block__right\"><span>Dr. Francisco Ferreira da Silva, Diretor Cl\u00ednico<\/span><p>Inaugurado em 1968 como Casa de Sa\u00fade onde se ensaiavam j\u00e1 os prim\u00f3rdios da medicina privada em Portugal, passando pela profunda transforma\u00e7\u00e3o a Hospital, chegamos a 2023 com 58 anos de vida e muito dinamismo, afirmando-nos como uma Unidade de Sa\u00fade Privada para a cidade de Lisboa. Um Hospital em transforma\u00e7\u00e3o para oferecer maior conforto, melhor acessibilidade e maior seguran\u00e7a. Conta neste momento com um corpo cl\u00ednico renovado que garante a inova\u00e7\u00e3o e diferencia\u00e7\u00e3o aliado \u00e0 vasta experi\u00eancia de outros tantos profissionais com longo percurso mas, acima de tudo, um esp\u00edrito \u00fanico &#8211; o de sempre &#8211; o da proximidade, humaniza\u00e7\u00e3o e personaliza\u00e7\u00e3o dos cuidados, o da estreita rela\u00e7\u00e3o interpessoal e o da \u00e9tica da transpar\u00eancia e da responsabilidade. A hist\u00f3ria do Hospital Cruz Vermelha continua a escrever-se! Organizado em cl\u00ednicas, o Hospital Cruz Vermelha, procura estimular equipas interdisciplinares que, conciliando diversas \u00e1reas do saber, trabalham todos os dias para garantir os melhores cuidados, promover o desenvolvimento cient\u00edfico atrav\u00e9s da investiga\u00e7\u00e3o e transmitir a experi\u00eancia e saberes acumulados atrav\u00e9s do ensino.<\/p><\/div><\/div>\n\n\n\n<div class=\"wp-block-superb-blocks-superb-author-box sptcrb__abouttheauthor__block__wrapper\"><div class=\"sptcrb__abouttheauthor__block__left\"><div class=\"sptcrb__abouttheauthor__block__left__image\" style=\"background-image:url(http:\/\/perspetivaatual.pt\/wp-content\/uploads\/2023\/12\/3d.jpg)\"><\/div><div class=\"sptcrb__abouttheauthor__block__left__some__wrapper\"><\/div><\/div><div class=\"sptcrb__abouttheauthor__block__right\"><span>Dr. Rui Caria, Dr. Lu\u00eds Baquero e Dr. Jorge Humberto Guardado   Coordena\u00e7\u00e3o da Cl\u00ednica do Cora\u00e7\u00e3o | Heart Center <\/span><p>As doen\u00e7as do aparelho circulat\u00f3rio, comumente designadas por doen\u00e7as cardiovasculares (DCV), por compreenderem doen\u00e7as espec\u00edficas que incidem sobre o cora\u00e7\u00e3o e os vasos sangu\u00edneos, s\u00e3o a primeira causa de morte em Portugal, apesar da redu\u00e7\u00e3o registada nas \u00faltimas duas d\u00e9cadas. Com os avan\u00e7os t\u00e9cnicos e farmacol\u00f3gicos, os tratamentos tornaram-se mais eficazes e as cirurgias mais bem-sucedidas, pelo que a taxa de sobreviv\u00eancia a doen\u00e7as card\u00edacas, outrora fatais, aumentou significativamente. Na Cl\u00ednica do Cora\u00e7\u00e3o | Heart Center do Hospital Cruz Vermelha pode encontrar uma equipa cl\u00ednica de excel\u00eancia pluridisciplinar capaz de o ajudar, de forma personalizada, na promo\u00e7\u00e3o e preven\u00e7\u00e3o cardiovascular, no diagn\u00f3stico precoce da DCV, na estratifica\u00e7\u00e3o individual do risco cardiovascular e, quando necess\u00e1rio, na disposi\u00e7\u00e3o de tratamentos e interven\u00e7\u00f5es minimamente invasivas, com o melhor que a cardiologia de interven\u00e7\u00e3o e a cirurgia card\u00edaca podem alcan\u00e7ar, assegurando os melhores resultados com a melhor seguran\u00e7a, melhor conforto, recupera\u00e7\u00e3o e volta \u00e0 vida ativa.<\/p><\/div><\/div>\n\n\n\n<div class=\"wp-block-superb-blocks-superb-author-box sptcrb__abouttheauthor__block__wrapper\"><div class=\"sptcrb__abouttheauthor__block__left\"><div class=\"sptcrb__abouttheauthor__block__left__image\" style=\"background-image:url(http:\/\/perspetivaatual.pt\/wp-content\/uploads\/2023\/12\/Joao.jpg)\"><\/div><div class=\"sptcrb__abouttheauthor__block__left__some__wrapper\"><\/div><\/div><div class=\"sptcrb__abouttheauthor__block__right\"><span>Dr. Jo\u00e3o Paulo Goucha, Coordenador da Cl\u00ednica de Ortopedia e Traumatologia <\/span><p>A Ortopedia \u00e9 a especialidade cir\u00fargica que trata as doen\u00e7as do aparelho locomotor. A especificidade das zonas anat\u00f3micas, dos grupos et\u00e1rios, das patologias e at\u00e9 das t\u00e9cnicas cir\u00fargicas, fez a Ortopedia atual evoluir e diferenciar-se. Surgiram a Ortopedia Infantil, a Ortopedia Desportiva, a Ortopedia das v\u00e1rias regi\u00f5es anat\u00f3micas (coluna vertebral, ombro, cotovelo, punho e m\u00e3o, anca, joelho, p\u00e9 e tornozelo) e a Traumatologia. Ainda, a Ortopedia dedicada \u00e0 patologia infeciosa e \u00e0 patologia oncol\u00f3gica, a t\u00e9cnicas espec\u00edficas ou \u00e0s novas terapias. No Hospital Cruz Vermelha abarcamos todas estas frentes, com uma equipa de cirurgi\u00f5es altamente especializados. Acompanhando o estado da arte, a n\u00edvel nacional e internacional, procurando solu\u00e7\u00f5es cada vez mais satisfat\u00f3rias, com resultados de excel\u00eancia. Numa Medicina cada vez mais multidisciplinar, no HCV, pela sua dimens\u00e3o de escala humana e pela familiaridade entre profissionais e doentes, praticamos uma Medicina de alta resolu\u00e7\u00e3o. Oferecendo, aos que em n\u00f3s confiam, solu\u00e7\u00f5es diagn\u00f3sticas e terap\u00eauticas r\u00e1pidas e eficazes.<\/p><\/div><\/div>\n\n\n\n<div class=\"wp-block-superb-blocks-superb-author-box sptcrb__abouttheauthor__block__wrapper\"><div class=\"sptcrb__abouttheauthor__block__left\"><div class=\"sptcrb__abouttheauthor__block__left__image\" style=\"background-image:url(http:\/\/perspetivaatual.pt\/wp-content\/uploads\/2023\/12\/Antonio.jpg)\"><\/div><div class=\"sptcrb__abouttheauthor__block__left__some__wrapper\"><\/div><\/div><div class=\"sptcrb__abouttheauthor__block__right\"><span>Dr. Ant\u00f3nio Albuquerque, Coordenador da Cl\u00ednica de Obesidade <\/span><p>A Cl\u00ednica de Obesidade do Hospital Cruz Vermelha \u00e9 uma unidade especializada no tratamento da obesidade, constitu\u00edda por uma equipa multidisciplinar dedicada, composta por v\u00e1rios profissionais nas \u00e1reas da cirurgia, endocrinologia\/medicina interna, psicologia, nutri\u00e7\u00e3o e gastrenterologia. A filosofia de atendimento privilegia a humaniza\u00e7\u00e3o entendendo-se a obesidade como uma doen\u00e7a. Desse modo, encontra-se estabelecido um programa que, antes de ser assistencial, \u00e9 educativo para os doentes em rela\u00e7\u00e3o \u00e0 obesidade e \u00e0s v\u00e1rias possibilidades de tratamento. Na Cl\u00ednica de Obesidade, o doente encontra a melhor resposta, de uma forma integrada, para tratar com sucesso a obesidade, desde o tratamento endosc\u00f3pico at\u00e9 \u00e0 cirurgia bari\u00e1trica minimamente invasiva. A nossa miss\u00e3o \u00e9 tratar a obesidade e as doen\u00e7as associadas, permitindo a melhoria da qualidade de vida e garantir os resultados a longo prazo. A Cl\u00ednica da Obesidade do HCV conta com um Gestor Bari\u00e1trico que faz o acompanhamento do doente de uma forma diferenciada, facilitando o contacto entre a equipa m\u00e9dica multidisciplinar, o doente e os seus familiares. <\/p><\/div><\/div>\n\n\n\n<div class=\"wp-block-superb-blocks-superb-author-box sptcrb__abouttheauthor__block__wrapper\"><div class=\"sptcrb__abouttheauthor__block__left\"><div class=\"sptcrb__abouttheauthor__block__left__image\" style=\"background-image:url(http:\/\/perspetivaatual.pt\/wp-content\/uploads\/2023\/12\/Julio.jpg)\"><\/div><div class=\"sptcrb__abouttheauthor__block__left__some__wrapper\"><\/div><\/div><div class=\"sptcrb__abouttheauthor__block__right\"><span>Dr. J\u00falio Caldeira, Coordenador da Cl\u00ednica de Medicina Dent\u00e1ria e Sa\u00fade Oral <\/span><p>A Cl\u00ednica de Medicina Dent\u00e1ria e Sa\u00fade Oral \u00e9 uma unidade de presta\u00e7\u00e3o de cuidados de sa\u00fade dedicada \u00e0 preven\u00e7\u00e3o, diagn\u00f3stico e tratamento de patologias dent\u00e1rias e estruturas adjacentes. A nossa equipa \u00e9 constitu\u00edda por especialistas com experi\u00eancia e diferencia\u00e7\u00e3o, que usufruem de tecnologia avan\u00e7ada e utilizam t\u00e9cnicas e tratamentos de vanguarda, com o compromisso de conseguir \u00f3timos resultados e de satisfazer os utentes que procuram o HCV. A Medicina Dent\u00e1ria e a Sa\u00fade Oral t\u00eam um impacto significativo na vida moderna, na autoestima e no bem-estar di\u00e1rio. Na linha desse pensamento, temos dispon\u00edveis v\u00e1rios tratamentos nas diferentes \u00e1reas da Medicina Dent\u00e1ria, nomeadamente, a Implantologia, a Ortodontia, a Odontopediatria (tamb\u00e9m com anestesia geral ou seda\u00e7\u00e3o), a Reabilita\u00e7\u00e3o Oral fixa e Remov\u00edvel, a Higiene Oral, a Endodontia e a Dentisteria. O atendimento profissional e personalizado \u00e9 algo que, ao longo dos anos, tem vindo a fidelizar o utente e a conquistar a sua confian\u00e7a. <\/p><\/div><\/div>\n\n\n\n<div class=\"wp-block-superb-blocks-superb-author-box sptcrb__abouttheauthor__block__wrapper\"><div class=\"sptcrb__abouttheauthor__block__left\"><div class=\"sptcrb__abouttheauthor__block__left__image\" style=\"background-image:url(http:\/\/perspetivaatual.pt\/wp-content\/uploads\/2023\/12\/Filipe.jpg)\"><\/div><div class=\"sptcrb__abouttheauthor__block__left__some__wrapper\"><\/div><\/div><div class=\"sptcrb__abouttheauthor__block__right\"><span>Dr. Filipe Braz, Coordenador da Cl\u00ednica de Oftalmologia e Sa\u00fade Visual <\/span><p>Na Cl\u00ednica de Oftalmologia, a primazia est\u00e1 no doente, \u00fanico na sua dimens\u00e3o pessoal, familiar e social. Tratar patologias oftalmol\u00f3gicas apenas faz sentido se tal puder trazer qualidade de vida, presente ou futura, ao doente e \u00e0 sua fam\u00edlia (in\u00fameros estudos apontam para uma franca redu\u00e7\u00e3o nas taxas de depend\u00eancia, quedas e fraturas \u00f3sseas, em pessoas operadas a cataratas). O equipamento dispon\u00edvel para diagn\u00f3stico e tratamento, tanto na consulta como no bloco operat\u00f3rio de ambulat\u00f3rio, \u00e9 state-of-the-art, equiparando- -se aos melhores hospitais europeus ou americanos. Atendendo a que a tecnologia sem pessoas nada significa, a Cl\u00ednica de Oftalmologia tem vindo a renovar o seu corpo cl\u00ednico, cada vez mais diferenciado, em subespecialidades. A nossa miss\u00e3o \u00e9 poder oferecer uma consulta altamente especializada, com todos os exames necess\u00e1rios feitos no pr\u00f3prio dia da consulta, em \u00e1reas como a Retina M\u00e9dica, a Retina Cir\u00fargica, o Estrabismo, o Glaucoma, as Uve\u00edtes e a C\u00f3rnea. Temos a vis\u00e3o de proporcionar um plano de tratamento, cir\u00fargico, com Laser ou medicamentoso, dirigido ao indiv\u00edduo, que seja compat\u00edvel com a sua vida pessoal, familiar e social. <\/p><\/div><\/div>\n\n\n\n<div class=\"wp-block-superb-blocks-superb-author-box sptcrb__abouttheauthor__block__wrapper\"><div class=\"sptcrb__abouttheauthor__block__left\"><div class=\"sptcrb__abouttheauthor__block__left__image\" style=\"background-image:url(http:\/\/perspetivaatual.pt\/wp-content\/uploads\/2023\/12\/Antonio.jpg)\"><\/div><div class=\"sptcrb__abouttheauthor__block__left__some__wrapper\"><\/div><\/div><div class=\"sptcrb__abouttheauthor__block__right\"><span>Dr. Ant\u00f3nio Albuquerque, Coordenador da Cl\u00ednica de Cirurgia Geral <\/span><p>A Cl\u00ednica de Cirurgia Geral do Hospital Cruz Vermelha integra um conjunto de unidades cir\u00fargicas especializadas no tratamento de diversas condi\u00e7\u00f5es cl\u00ednicas do foro da Cirurgia Geral, nomeadamente doen\u00e7as do sistema digestivo, como as que afetam o es\u00f3fago e o est\u00f4mago, nomeadamente a doen\u00e7a do refluxo e a h\u00e9rnia do hiato, as que afetam o c\u00f3lon, o f\u00edgado e o p\u00e2ncreas, para al\u00e9m de doen\u00e7as end\u00f3crinas da tiroide ou suprarrenal, h\u00e9rnias da parede abdominal e v\u00e1rias condi\u00e7\u00f5es proctol\u00f3gicas. A divis\u00e3o em Unidades permite n\u00e3o s\u00f3 que o doente encontre a resposta que melhor se adequa ao seu problema, como garante uma abordagem multidisciplinar, proporcionando uma resposta mais completa e integrada. Na Cl\u00ednica de Cirurgia Geral do Hospital Cruz Vermelha, a equipa cir\u00fargica, composta por cirurgi\u00f5es altamente especializados, realiza as interven\u00e7\u00f5es recorrendo a t\u00e9cnicas minimamente invasivas, como a laparoscopia, permitindo ao doente uma menor agress\u00e3o cir\u00fargica, com diminui\u00e7\u00e3o da dor no p\u00f3s-operat\u00f3rio e dos tempos de internamento bem como uma recupera\u00e7\u00e3o mais r\u00e1pida da condi\u00e7\u00e3o cl\u00ednica que motivou o seu tratamento. <\/p><\/div><\/div>\n\n\n\n<div class=\"wp-block-superb-blocks-superb-author-box sptcrb__abouttheauthor__block__wrapper\"><div class=\"sptcrb__abouttheauthor__block__left\"><div class=\"sptcrb__abouttheauthor__block__left__image\" style=\"background-image:url(http:\/\/perspetivaatual.pt\/wp-content\/uploads\/2023\/12\/Clinica-de-Neurociencias_Antonio-Lains-scaled.jpg)\"><\/div><div class=\"sptcrb__abouttheauthor__block__left__some__wrapper\"><\/div><\/div><div class=\"sptcrb__abouttheauthor__block__right\"><span>Dr. Ant\u00f3nio Vian Lains, Coordenador da Clinica de Neuroci\u00eancias e Sa\u00fade Mental <\/span><p>A Cl\u00ednica de Neuroci\u00eancias e Sa\u00fade Mental traz um novo marco na presta\u00e7\u00e3o de cuidados de sa\u00fade mental. Com uma equipa altamente especializada, composta por psiquiatras, psic\u00f3logos e neuropsic\u00f3logos, estamos dedicados a oferecer um tratamento personalizado e eficaz em \u00e1reas cruciais da sa\u00fade mental, como depress\u00e3o, ansiedade, dist\u00farbios do sono, problemas de concentra\u00e7\u00e3o e dem\u00eancias, entre outros. Adotamos uma abordagem apoiada no \u201cMeasurement-Based Care\u201d, um m\u00e9todo rigoroso que se baseia em protocolos de testes validados que permitem uma avalia\u00e7\u00e3o precisa dos sintomas, ajudando a quantificar e monitorizar os aspetos mais relevantes da sa\u00fade mental dos nossos utentes. Com esta abordagem, os nossos profissionais conseguem realizar diagn\u00f3sticos mais precisos e ajustar tratamentos de forma mais eficaz, garantindo um acompanhamento detalhado do progresso de cada pessoa. Como parte do nosso compromisso com a excel\u00eancia e inova\u00e7\u00e3o em sa\u00fade mental, participamos ativamente em projetos de investiga\u00e7\u00e3o e contribu\u00edmos para a forma\u00e7\u00e3o cont\u00ednua de profissionais de sa\u00fade. Esta Cl\u00ednica representa um novo padr\u00e3o em cuidados de sa\u00fade mental, combinando experi\u00eancia, compaix\u00e3o e inova\u00e7\u00e3o para atender as necessidades da nossa comunidade.<\/p><\/div><\/div>\n\n\n\n<div class=\"wp-block-superb-blocks-superb-author-box sptcrb__abouttheauthor__block__wrapper\"><div class=\"sptcrb__abouttheauthor__block__left\"><div class=\"sptcrb__abouttheauthor__block__left__image\" style=\"background-image:url(http:\/\/perspetivaatual.pt\/wp-content\/uploads\/2023\/12\/Tiago.jpg)\"><\/div><div class=\"sptcrb__abouttheauthor__block__left__some__wrapper\"><\/div><\/div><div class=\"sptcrb__abouttheauthor__block__right\"><span>Prof. Dr. Tiago Rodrigues, Coordenador da Cl\u00ednica de Urologia <\/span><p>A Urologia \u00e9 uma das especialidades mais antigas da medicina e a cria\u00e7\u00e3o desta cl\u00ednica no Hospital Cruz Vermelha surge da ideia, partilhada por todos, de que a base da especialidade \u00e9 a Urologia Geral, onde conseguimos dar resposta a todas as doen\u00e7as. Distingue-nos a ideia de colabora\u00e7\u00e3o e trabalho em equipa que h\u00e1 entre todos. \u00c9 esta forma de entendermos o nosso trabalho e o tratamento dos doentes como um todo, responsabilidade de todos e para o qual todos contribuem. Esta forma pioneira, e \u00fanica, de trabalhar no setor privado revelou-se decisiva para o nosso crescimento. A heterogeneidade de percursos, aliado a interesses diferentes dentro da urologia, mas assente na partilha de valores fundamentais como a solidariedade, a colabora\u00e7\u00e3o e esp\u00edrito de equipa, tem permitido introduzir em Portugal um conjunto diverso de tecnologias para doen\u00e7as que v\u00e3o da pr\u00f3stata \u00e0 lit\u00edase. A import\u00e2ncia e o tempo dedicado \u00e0 forma\u00e7\u00e3o e \u00e0 investiga\u00e7\u00e3o, que acreditamos serem fundamentais para a excel\u00eancia que procuramos, \u00e9 um dos fatores cr\u00edticos de sucesso da Cl\u00ednica de Urologia do HCV. <\/p><\/div><\/div>\n\n\n\n<div class=\"wp-block-superb-blocks-superb-author-box sptcrb__abouttheauthor__block__wrapper\"><div class=\"sptcrb__abouttheauthor__block__left\"><div class=\"sptcrb__abouttheauthor__block__left__image\" style=\"background-image:url(http:\/\/perspetivaatual.pt\/wp-content\/uploads\/2023\/12\/Joana.jpg)\"><\/div><div class=\"sptcrb__abouttheauthor__block__left__some__wrapper\"><\/div><\/div><div class=\"sptcrb__abouttheauthor__block__right\"><span>Dr.\u00aa Joana Costa, Coordenadora da Clinica de Endocrinologia, Diabetes e Nutri\u00e7\u00e3o <\/span><p>A miss\u00e3o da Cl\u00ednica de Endocrinologia, Diabetes e Nutri\u00e7\u00e3o \u00e9 a presta\u00e7\u00e3o de servi\u00e7os de forma multidisciplinar e personalizada, procurando atender \u00e0s necessidades individuais. A equipa \u00e9 constitu\u00edda por um grupo de profissionais vocacionados para as doen\u00e7as end\u00f3crinas que inclui atualmente 7 Endocrinologistas. A Endocrinologia dedica-se ao estudo do sistema End\u00f3crino, um sistema que funciona em rede, constitu\u00eddo por gl\u00e2ndulas que produzem hormonas. S\u00e3o motivos frequente de avalia\u00e7\u00e3o na consulta a Diabetes Mellitus e as doen\u00e7as da Tiroide. A abordagem multidisciplinar da doen\u00e7a e a educa\u00e7\u00e3o terap\u00eautica, atrav\u00e9s de programas estruturados com envolvimento de v\u00e1rios t\u00e9cnicos de sa\u00fade, da pessoa com diabetes e da sua fam\u00edlia s\u00e3o o cerne da presta\u00e7\u00e3o de cuidados destas condi\u00e7\u00f5es. <\/p><\/div><\/div>\n\n\n\n<div class=\"wp-block-superb-blocks-superb-author-box sptcrb__abouttheauthor__block__wrapper\"><div class=\"sptcrb__abouttheauthor__block__left\"><div class=\"sptcrb__abouttheauthor__block__left__image\" style=\"background-image:url(http:\/\/perspetivaatual.pt\/wp-content\/uploads\/2023\/12\/Isabel.jpg)\"><\/div><div class=\"sptcrb__abouttheauthor__block__left__some__wrapper\"><\/div><\/div><div class=\"sptcrb__abouttheauthor__block__right\"><span>Dr.\u00aa Isabel Saraiva de Melo, Coordenadora da Pediatria na Cl\u00ednica da Mulher e da Crian\u00e7a <\/span><p>A Cl\u00ednica integra Ginecologia-Obstetr\u00edcia e Pediatria num espa\u00e7o comum onde as fam\u00edlias s\u00e3o acompanhadas pelos melhores profissionais.  A Ginecologia foca-se na sa\u00fade da mulher da adolesc\u00eancia at\u00e9 \u00e0 menopausa e engloba desde a contrace\u00e7\u00e3o, infe\u00e7\u00f5es sexualmente transmiss\u00edveis, patologia do \u00fatero e ov\u00e1rios, fertilidade e mama em consultas diferenciadas que atuam desde o diagn\u00f3stico at\u00e9 ao tratamento m\u00e9dico e cir\u00fargico, passando por exames complementares como ecografia ginecol\u00f3gica, mamografia ou colposcopia.  A Obstetr\u00edcia cuida de gr\u00e1vidas e pu\u00e9rperas em consultas multidisciplinares, disponibilizando todos os exames de diagn\u00f3stico que se imp\u00f5em numa Obstetr\u00edcia atual: ecografia obst\u00e9trica (incluindo amniocentese), ecocardiograma fetal, CTG e an\u00e1lises laboratoriais.  A Pediatria vai da consulta pr\u00e9-natal aos 17 anos, com consultas de vigil\u00e2ncia, vacinas do plano nacional, e rastreios da vis\u00e3o, audi\u00e7\u00e3o e sa\u00fade oral. Tamb\u00e9m d\u00e1 resposta na doen\u00e7a aguda, num ambiente tranquilo, com exames complementares ao dispor. Existe ainda a consulta multidisciplinar de preven\u00e7\u00e3o da obesidade com Nutricionista e Psic\u00f3loga.  <\/p><\/div><\/div>\n\n\n\n<div class=\"wp-block-superb-blocks-superb-author-box sptcrb__abouttheauthor__block__wrapper\"><div class=\"sptcrb__abouttheauthor__block__left\"><div class=\"sptcrb__abouttheauthor__block__left__image\" style=\"background-image:url(http:\/\/perspetivaatual.pt\/wp-content\/uploads\/2023\/12\/Omar.jpg)\"><\/div><div class=\"sptcrb__abouttheauthor__block__left__some__wrapper\"><\/div><\/div><div class=\"sptcrb__abouttheauthor__block__right\"><span>Dr. Omar Mendes Pereira, Coordenador da Cl\u00ednica de Medicina Preventiva e Promo\u00e7\u00e3o da Sa\u00fade <\/span><p>Na sociedade em que atualmente vivemos, considerando os estilos de vida modernos que acarretam um vasto leque de problemas para a sa\u00fade das pessoas, como \u00e9 exemplo o trabalho excessivo, o sedentarismo, e uma incorreta alimenta\u00e7\u00e3o, que constituem fatores que aceleram o desenvolvimento de doen\u00e7as, pelo que, facilmente antevemos a import\u00e2ncia da Medicina Preventiva. A pr\u00e1tica da Medicina Preventiva permite melhorar as condi\u00e7\u00f5es de sa\u00fade das pessoas, identificar de forma precoce a doen\u00e7a, limitar as consequ\u00eancias de situa\u00e7\u00f5es cl\u00ednicas pr\u00e9-existentes, aumentar a produtividade ou reduzir o absentismo. O Hospital Cruz Vermelha, no que historicamente \u00e9 o seu des\u00edgnio, tamb\u00e9m nesta componente da Medicina \u2013 a preven\u00e7\u00e3o \u2013 disponibiliza uma s\u00e9rie de medidas preventivas e curativas. No \u00e2mbito da Cl\u00ednica de Medicina Preventiva e Promo\u00e7\u00e3o da Sa\u00fade, salienta-se a disponibiliza\u00e7\u00e3o de um conjunto diversificado de \u201cCheck-Up\u201d m\u00e9dico anual e um staff cl\u00ednico pronto a responder a quest\u00f5es decorrentes do normal seguimento de doentes no seu dia a dia. <\/p><\/div><\/div>\n\n\n\n<div class=\"wp-block-superb-blocks-superb-author-box sptcrb__abouttheauthor__block__wrapper\"><div class=\"sptcrb__abouttheauthor__block__left\"><div class=\"sptcrb__abouttheauthor__block__left__image\" style=\"background-image:url(http:\/\/perspetivaatual.pt\/wp-content\/uploads\/2023\/12\/Luciana.jpg)\"><\/div><div class=\"sptcrb__abouttheauthor__block__left__some__wrapper\"><\/div><\/div><div class=\"sptcrb__abouttheauthor__block__right\"><span>Dr.\u00aa Luciana Motta, Coordenadora do Servi\u00e7o de Atendimento Urgente <\/span><p>O Servi\u00e7o de Atendimento Urgente do Hospital Cruz Vermelha desempenha um papel fundamental no funcionamento do hospital, uma vez que garante respostas de atendimento m\u00e9dico a utentes adultos com problemas de sa\u00fade agudos e que necessitam de uma resposta n\u00e3o programada com urg\u00eancia. Os utentes que recorrem a esta unidade do HCV encontram solu\u00e7\u00f5es c\u00e9leres de diagn\u00f3stico, tratamento e encaminhamento adequado \u00e0s suas necessidades. Este servi\u00e7o \u00e9 composto por m\u00e9dicos de Cl\u00ednica Geral e Medicina Interna e enfermeiros, que articulam com o Corpo Cl\u00ednico de outras especialidades. O Servi\u00e7o de Atendimento Urgente funciona todos os dias das 08h00 \u00e0s 22h00, suportado por cuidados m\u00e9dicos multidisciplinares e inovadores. O gabinete de atendimento realiza todos os esfor\u00e7os ao dispor para diminuir os tempos de espera, aumentando a efici\u00eancia, a seguran\u00e7a e, especialmente, a satisfa\u00e7\u00e3o dos utentes que nos procuram em situa\u00e7\u00e3o de urg\u00eancia. O humanismo e a aten\u00e7\u00e3o \u00e0 pessoa num contexto global de personaliza\u00e7\u00e3o dos cuidados, de transpar\u00eancia e de partilha de responsabilidade social s\u00e3o a base dos princ\u00edpios \u00e9ticos que marcam o atendimento urgente ao utente.<\/p><\/div><\/div>\n","protected":false},"excerpt":{"rendered":"<p>Na pessoa dos diferentes coordenadores das atuais cl\u00ednicas, ficamos a conhecer a din\u00e2mica da atividade,<\/p>\n","protected":false},"author":5,"featured_media":3281,"comment_status":"open","ping_status":"open","sticky":false,"template":"","format":"standard","meta":{"footnotes":""},"categories":[4],"tags":[463,462,171,86],"class_list":["post-3268","post","type-post","status-publish","format-standard","has-post-thumbnail","hentry","category-saude","tag-cruz-vermelha","tag-hospital-cruz-vermelha","tag-medicina","tag-saude"],"yoast_head":"<!-- This site is optimized with the Yoast SEO plugin v24.2 - https:\/\/yoast.com\/wordpress\/plugins\/seo\/ -->\n<title>Hospital Cruz Vermelha: Um hospital em transforma\u00e7\u00e3o - Perspetiva Atual<\/title>\n<meta name=\"description\" content=\"Na pessoa dos diferentes coordenadores das atuais cl\u00ednicas, ficamos a conhecer a din\u00e2mica da atividade, a aposta na tecnologia e a relev\u00e2ncia da multidisciplinariedade que se afirma como a melhor forma de centrar os cuidados no doente.\" \/>\n<meta name=\"robots\" content=\"index, follow, max-snippet:-1, max-image-preview:large, max-video-preview:-1\" \/>\n<link rel=\"canonical\" href=\"http:\/\/perspetivaatual.pt\/index.php\/2023\/12\/22\/hospital-cruz-vermelha\/\" \/>\n<meta property=\"og:locale\" content=\"pt_PT\" \/>\n<meta property=\"og:type\" content=\"article\" \/>\n<meta property=\"og:title\" content=\"Hospital Cruz Vermelha: Um hospital em transforma\u00e7\u00e3o - Perspetiva Atual\" \/>\n<meta property=\"og:description\" content=\"Na pessoa dos diferentes coordenadores das atuais cl\u00ednicas, ficamos a conhecer a din\u00e2mica da atividade, a aposta na tecnologia e a relev\u00e2ncia da multidisciplinariedade que se afirma como a melhor forma de centrar os cuidados no doente.\" \/>\n<meta property=\"og:url\" content=\"http:\/\/perspetivaatual.pt\/index.php\/2023\/12\/22\/hospital-cruz-vermelha\/\" \/>\n<meta property=\"og:site_name\" content=\"Perspetiva Atual\" \/>\n<meta property=\"article:published_time\" content=\"2023-12-22T08:00:00+00:00\" \/>\n<meta property=\"article:modified_time\" content=\"2023-12-18T16:25:38+00:00\" \/>\n<meta property=\"og:image\" content=\"http:\/\/perspetivaatual.pt\/wp-content\/uploads\/2023\/12\/Logo-Horizontal.jpg\" \/>\n\t<meta property=\"og:image:width\" content=\"1378\" \/>\n\t<meta property=\"og:image:height\" content=\"497\" \/>\n\t<meta property=\"og:image:type\" content=\"image\/jpeg\" \/>\n<meta name=\"author\" content=\"Jo\u00e3o Malainho Perspetiva Atual\" \/>\n<meta name=\"twitter:card\" content=\"summary_large_image\" \/>\n<meta name=\"twitter:label1\" content=\"Escrito por\" \/>\n\t<meta name=\"twitter:data1\" content=\"\" \/>\n\t<meta name=\"twitter:label2\" content=\"Tempo estimado de leitura\" \/>\n\t<meta name=\"twitter:data2\" content=\"13 minutos\" \/>\n<script type=\"application\/ld+json\" class=\"yoast-schema-graph\">{\"@context\":\"https:\/\/schema.org\",\"@graph\":[{\"@type\":\"Article\",\"@id\":\"http:\/\/perspetivaatual.pt\/index.php\/2023\/12\/22\/hospital-cruz-vermelha\/#article\",\"isPartOf\":{\"@id\":\"http:\/\/perspetivaatual.pt\/index.php\/2023\/12\/22\/hospital-cruz-vermelha\/\"},\"author\":{\"name\":\"Jo\u00e3o Malainho Perspetiva Atual\",\"@id\":\"https:\/\/perspetivaatual.pt\/#\/schema\/person\/4c9d5a8b179d047c3220dfa32fd6b658\"},\"headline\":\"Hospital Cruz Vermelha: Um hospital em transforma\u00e7\u00e3o\",\"datePublished\":\"2023-12-22T08:00:00+00:00\",\"dateModified\":\"2023-12-18T16:25:38+00:00\",\"mainEntityOfPage\":{\"@id\":\"http:\/\/perspetivaatual.pt\/index.php\/2023\/12\/22\/hospital-cruz-vermelha\/\"},\"wordCount\":2652,\"commentCount\":0,\"publisher\":{\"@id\":\"https:\/\/perspetivaatual.pt\/#organization\"},\"image\":{\"@id\":\"http:\/\/perspetivaatual.pt\/index.php\/2023\/12\/22\/hospital-cruz-vermelha\/#primaryimage\"},\"thumbnailUrl\":\"http:\/\/perspetivaatual.pt\/wp-content\/uploads\/2023\/12\/Logo-Horizontal.jpg\",\"keywords\":[\"Cruz Vermelha\",\"Hospital Cruz Vermelha\",\"Medicina\",\"Sa\u00fade\"],\"articleSection\":[\"Sa\u00fade\"],\"inLanguage\":\"pt-PT\",\"potentialAction\":[{\"@type\":\"CommentAction\",\"name\":\"Comment\",\"target\":[\"http:\/\/perspetivaatual.pt\/index.php\/2023\/12\/22\/hospital-cruz-vermelha\/#respond\"]}]},{\"@type\":\"WebPage\",\"@id\":\"http:\/\/perspetivaatual.pt\/index.php\/2023\/12\/22\/hospital-cruz-vermelha\/\",\"url\":\"http:\/\/perspetivaatual.pt\/index.php\/2023\/12\/22\/hospital-cruz-vermelha\/\",\"name\":\"Hospital Cruz Vermelha: Um hospital em transforma\u00e7\u00e3o - Perspetiva Atual\",\"isPartOf\":{\"@id\":\"https:\/\/perspetivaatual.pt\/#website\"},\"primaryImageOfPage\":{\"@id\":\"http:\/\/perspetivaatual.pt\/index.php\/2023\/12\/22\/hospital-cruz-vermelha\/#primaryimage\"},\"image\":{\"@id\":\"http:\/\/perspetivaatual.pt\/index.php\/2023\/12\/22\/hospital-cruz-vermelha\/#primaryimage\"},\"thumbnailUrl\":\"http:\/\/perspetivaatual.pt\/wp-content\/uploads\/2023\/12\/Logo-Horizontal.jpg\",\"datePublished\":\"2023-12-22T08:00:00+00:00\",\"dateModified\":\"2023-12-18T16:25:38+00:00\",\"description\":\"Na pessoa dos diferentes coordenadores das atuais cl\u00ednicas, ficamos a conhecer a din\u00e2mica da atividade, a aposta na tecnologia e a relev\u00e2ncia da multidisciplinariedade que se afirma como a melhor forma de centrar os cuidados no doente.\",\"breadcrumb\":{\"@id\":\"http:\/\/perspetivaatual.pt\/index.php\/2023\/12\/22\/hospital-cruz-vermelha\/#breadcrumb\"},\"inLanguage\":\"pt-PT\",\"potentialAction\":[{\"@type\":\"ReadAction\",\"target\":[\"http:\/\/perspetivaatual.pt\/index.php\/2023\/12\/22\/hospital-cruz-vermelha\/\"]}]},{\"@type\":\"ImageObject\",\"inLanguage\":\"pt-PT\",\"@id\":\"http:\/\/perspetivaatual.pt\/index.php\/2023\/12\/22\/hospital-cruz-vermelha\/#primaryimage\",\"url\":\"http:\/\/perspetivaatual.pt\/wp-content\/uploads\/2023\/12\/Logo-Horizontal.jpg\",\"contentUrl\":\"http:\/\/perspetivaatual.pt\/wp-content\/uploads\/2023\/12\/Logo-Horizontal.jpg\",\"width\":1378,\"height\":497},{\"@type\":\"BreadcrumbList\",\"@id\":\"http:\/\/perspetivaatual.pt\/index.php\/2023\/12\/22\/hospital-cruz-vermelha\/#breadcrumb\",\"itemListElement\":[{\"@type\":\"ListItem\",\"position\":1,\"name\":\"Home\",\"item\":\"https:\/\/perspetivaatual.pt\/\"},{\"@type\":\"ListItem\",\"position\":2,\"name\":\"Hospital Cruz Vermelha: Um hospital em transforma\u00e7\u00e3o\"}]},{\"@type\":\"WebSite\",\"@id\":\"https:\/\/perspetivaatual.pt\/#website\",\"url\":\"https:\/\/perspetivaatual.pt\/\",\"name\":\"Perspetiva Atual\",\"description\":\"Olhar Portugal, de diferentes formas\",\"publisher\":{\"@id\":\"https:\/\/perspetivaatual.pt\/#organization\"},\"potentialAction\":[{\"@type\":\"SearchAction\",\"target\":{\"@type\":\"EntryPoint\",\"urlTemplate\":\"https:\/\/perspetivaatual.pt\/?s={search_term_string}\"},\"query-input\":{\"@type\":\"PropertyValueSpecification\",\"valueRequired\":true,\"valueName\":\"search_term_string\"}}],\"inLanguage\":\"pt-PT\"},{\"@type\":\"Organization\",\"@id\":\"https:\/\/perspetivaatual.pt\/#organization\",\"name\":\"Perspetiva Atual\",\"url\":\"https:\/\/perspetivaatual.pt\/\",\"logo\":{\"@type\":\"ImageObject\",\"inLanguage\":\"pt-PT\",\"@id\":\"https:\/\/perspetivaatual.pt\/#\/schema\/logo\/image\/\",\"url\":\"http:\/\/perspetivaatual.pt\/wp-content\/uploads\/2020\/08\/cropped-perspetiva_atual-.png\",\"contentUrl\":\"http:\/\/perspetivaatual.pt\/wp-content\/uploads\/2020\/08\/cropped-perspetiva_atual-.png\",\"width\":618,\"height\":202,\"caption\":\"Perspetiva Atual\"},\"image\":{\"@id\":\"https:\/\/perspetivaatual.pt\/#\/schema\/logo\/image\/\"}},{\"@type\":\"Person\",\"@id\":\"https:\/\/perspetivaatual.pt\/#\/schema\/person\/4c9d5a8b179d047c3220dfa32fd6b658\",\"name\":\"Jo\u00e3o Malainho Perspetiva Atual\",\"image\":{\"@type\":\"ImageObject\",\"inLanguage\":\"pt-PT\",\"@id\":\"https:\/\/perspetivaatual.pt\/#\/schema\/person\/image\/\",\"url\":\"https:\/\/secure.gravatar.com\/avatar\/fd918e8a58374b02896337d62716969a?s=96&d=mm&r=g\",\"contentUrl\":\"https:\/\/secure.gravatar.com\/avatar\/fd918e8a58374b02896337d62716969a?s=96&d=mm&r=g\",\"caption\":\"Jo\u00e3o Malainho Perspetiva Atual\"},\"sameAs\":[\"http:\/\/perspetivaatual.pt\"],\"url\":\"http:\/\/perspetivaatual.pt\/index.php\/author\/joaomalainhoii\/\"}]}<\/script>\n<!-- \/ Yoast SEO plugin. -->","yoast_head_json":{"title":"Hospital Cruz Vermelha: Um hospital em transforma\u00e7\u00e3o - Perspetiva Atual","description":"Na pessoa dos diferentes coordenadores das atuais cl\u00ednicas, ficamos a conhecer a din\u00e2mica da atividade, a aposta na tecnologia e a relev\u00e2ncia da multidisciplinariedade que se afirma como a melhor forma de centrar os cuidados no doente.","robots":{"index":"index","follow":"follow","max-snippet":"max-snippet:-1","max-image-preview":"max-image-preview:large","max-video-preview":"max-video-preview:-1"},"canonical":"http:\/\/perspetivaatual.pt\/index.php\/2023\/12\/22\/hospital-cruz-vermelha\/","og_locale":"pt_PT","og_type":"article","og_title":"Hospital Cruz Vermelha: Um hospital em transforma\u00e7\u00e3o - Perspetiva Atual","og_description":"Na pessoa dos diferentes coordenadores das atuais cl\u00ednicas, ficamos a conhecer a din\u00e2mica da atividade, a aposta na tecnologia e a relev\u00e2ncia da multidisciplinariedade que se afirma como a melhor forma de centrar os cuidados no doente.","og_url":"http:\/\/perspetivaatual.pt\/index.php\/2023\/12\/22\/hospital-cruz-vermelha\/","og_site_name":"Perspetiva Atual","article_published_time":"2023-12-22T08:00:00+00:00","article_modified_time":"2023-12-18T16:25:38+00:00","og_image":[{"width":1378,"height":497,"url":"http:\/\/perspetivaatual.pt\/wp-content\/uploads\/2023\/12\/Logo-Horizontal.jpg","type":"image\/jpeg"}],"author":"Jo\u00e3o Malainho Perspetiva Atual","twitter_card":"summary_large_image","twitter_misc":{"Escrito por":false,"Tempo estimado de leitura":"13 minutos"},"schema":{"@context":"https:\/\/schema.org","@graph":[{"@type":"Article","@id":"http:\/\/perspetivaatual.pt\/index.php\/2023\/12\/22\/hospital-cruz-vermelha\/#article","isPartOf":{"@id":"http:\/\/perspetivaatual.pt\/index.php\/2023\/12\/22\/hospital-cruz-vermelha\/"},"author":{"name":"Jo\u00e3o Malainho Perspetiva Atual","@id":"https:\/\/perspetivaatual.pt\/#\/schema\/person\/4c9d5a8b179d047c3220dfa32fd6b658"},"headline":"Hospital Cruz Vermelha: Um hospital em transforma\u00e7\u00e3o","datePublished":"2023-12-22T08:00:00+00:00","dateModified":"2023-12-18T16:25:38+00:00","mainEntityOfPage":{"@id":"http:\/\/perspetivaatual.pt\/index.php\/2023\/12\/22\/hospital-cruz-vermelha\/"},"wordCount":2652,"commentCount":0,"publisher":{"@id":"https:\/\/perspetivaatual.pt\/#organization"},"image":{"@id":"http:\/\/perspetivaatual.pt\/index.php\/2023\/12\/22\/hospital-cruz-vermelha\/#primaryimage"},"thumbnailUrl":"http:\/\/perspetivaatual.pt\/wp-content\/uploads\/2023\/12\/Logo-Horizontal.jpg","keywords":["Cruz Vermelha","Hospital Cruz Vermelha","Medicina","Sa\u00fade"],"articleSection":["Sa\u00fade"],"inLanguage":"pt-PT","potentialAction":[{"@type":"CommentAction","name":"Comment","target":["http:\/\/perspetivaatual.pt\/index.php\/2023\/12\/22\/hospital-cruz-vermelha\/#respond"]}]},{"@type":"WebPage","@id":"http:\/\/perspetivaatual.pt\/index.php\/2023\/12\/22\/hospital-cruz-vermelha\/","url":"http:\/\/perspetivaatual.pt\/index.php\/2023\/12\/22\/hospital-cruz-vermelha\/","name":"Hospital Cruz Vermelha: Um hospital em transforma\u00e7\u00e3o - Perspetiva Atual","isPartOf":{"@id":"https:\/\/perspetivaatual.pt\/#website"},"primaryImageOfPage":{"@id":"http:\/\/perspetivaatual.pt\/index.php\/2023\/12\/22\/hospital-cruz-vermelha\/#primaryimage"},"image":{"@id":"http:\/\/perspetivaatual.pt\/index.php\/2023\/12\/22\/hospital-cruz-vermelha\/#primaryimage"},"thumbnailUrl":"http:\/\/perspetivaatual.pt\/wp-content\/uploads\/2023\/12\/Logo-Horizontal.jpg","datePublished":"2023-12-22T08:00:00+00:00","dateModified":"2023-12-18T16:25:38+00:00","description":"Na pessoa dos diferentes coordenadores das atuais cl\u00ednicas, ficamos a conhecer a din\u00e2mica da atividade, a aposta na tecnologia e a relev\u00e2ncia da multidisciplinariedade que se afirma como a melhor forma de centrar os cuidados no doente.","breadcrumb":{"@id":"http:\/\/perspetivaatual.pt\/index.php\/2023\/12\/22\/hospital-cruz-vermelha\/#breadcrumb"},"inLanguage":"pt-PT","potentialAction":[{"@type":"ReadAction","target":["http:\/\/perspetivaatual.pt\/index.php\/2023\/12\/22\/hospital-cruz-vermelha\/"]}]},{"@type":"ImageObject","inLanguage":"pt-PT","@id":"http:\/\/perspetivaatual.pt\/index.php\/2023\/12\/22\/hospital-cruz-vermelha\/#primaryimage","url":"http:\/\/perspetivaatual.pt\/wp-content\/uploads\/2023\/12\/Logo-Horizontal.jpg","contentUrl":"http:\/\/perspetivaatual.pt\/wp-content\/uploads\/2023\/12\/Logo-Horizontal.jpg","width":1378,"height":497},{"@type":"BreadcrumbList","@id":"http:\/\/perspetivaatual.pt\/index.php\/2023\/12\/22\/hospital-cruz-vermelha\/#breadcrumb","itemListElement":[{"@type":"ListItem","position":1,"name":"Home","item":"https:\/\/perspetivaatual.pt\/"},{"@type":"ListItem","position":2,"name":"Hospital Cruz Vermelha: Um hospital em transforma\u00e7\u00e3o"}]},{"@type":"WebSite","@id":"https:\/\/perspetivaatual.pt\/#website","url":"https:\/\/perspetivaatual.pt\/","name":"Perspetiva Atual","description":"Olhar Portugal, de diferentes formas","publisher":{"@id":"https:\/\/perspetivaatual.pt\/#organization"},"potentialAction":[{"@type":"SearchAction","target":{"@type":"EntryPoint","urlTemplate":"https:\/\/perspetivaatual.pt\/?s={search_term_string}"},"query-input":{"@type":"PropertyValueSpecification","valueRequired":true,"valueName":"search_term_string"}}],"inLanguage":"pt-PT"},{"@type":"Organization","@id":"https:\/\/perspetivaatual.pt\/#organization","name":"Perspetiva Atual","url":"https:\/\/perspetivaatual.pt\/","logo":{"@type":"ImageObject","inLanguage":"pt-PT","@id":"https:\/\/perspetivaatual.pt\/#\/schema\/logo\/image\/","url":"http:\/\/perspetivaatual.pt\/wp-content\/uploads\/2020\/08\/cropped-perspetiva_atual-.png","contentUrl":"http:\/\/perspetivaatual.pt\/wp-content\/uploads\/2020\/08\/cropped-perspetiva_atual-.png","width":618,"height":202,"caption":"Perspetiva Atual"},"image":{"@id":"https:\/\/perspetivaatual.pt\/#\/schema\/logo\/image\/"}},{"@type":"Person","@id":"https:\/\/perspetivaatual.pt\/#\/schema\/person\/4c9d5a8b179d047c3220dfa32fd6b658","name":"Jo\u00e3o Malainho Perspetiva Atual","image":{"@type":"ImageObject","inLanguage":"pt-PT","@id":"https:\/\/perspetivaatual.pt\/#\/schema\/person\/image\/","url":"https:\/\/secure.gravatar.com\/avatar\/fd918e8a58374b02896337d62716969a?s=96&d=mm&r=g","contentUrl":"https:\/\/secure.gravatar.com\/avatar\/fd918e8a58374b02896337d62716969a?s=96&d=mm&r=g","caption":"Jo\u00e3o Malainho Perspetiva Atual"},"sameAs":["http:\/\/perspetivaatual.pt"],"url":"http:\/\/perspetivaatual.pt\/index.php\/author\/joaomalainhoii\/"}]}},"featured_image_urls":{"full":["http:\/\/perspetivaatual.pt\/wp-content\/uploads\/2023\/12\/Logo-Horizontal.jpg",1378,497,false],"thumbnail":["http:\/\/perspetivaatual.pt\/wp-content\/uploads\/2023\/12\/Logo-Horizontal-150x150.jpg",150,150,true],"medium":["http:\/\/perspetivaatual.pt\/wp-content\/uploads\/2023\/12\/Logo-Horizontal-300x108.jpg",300,108,true],"medium_large":["http:\/\/perspetivaatual.pt\/wp-content\/uploads\/2023\/12\/Logo-Horizontal-768x277.jpg",640,231,true],"large":["http:\/\/perspetivaatual.pt\/wp-content\/uploads\/2023\/12\/Logo-Horizontal-1024x369.jpg",640,231,true],"1536x1536":["http:\/\/perspetivaatual.pt\/wp-content\/uploads\/2023\/12\/Logo-Horizontal.jpg",1378,497,false],"2048x2048":["http:\/\/perspetivaatual.pt\/wp-content\/uploads\/2023\/12\/Logo-Horizontal.jpg",1378,497,false],"magazine-7-slider-full":["http:\/\/perspetivaatual.pt\/wp-content\/uploads\/2023\/12\/Logo-Horizontal.jpg",1378,497,false],"magazine-7-slider-center":["http:\/\/perspetivaatual.pt\/wp-content\/uploads\/2023\/12\/Logo-Horizontal-936x497.jpg",936,497,true],"magazine-7-featured":["http:\/\/perspetivaatual.pt\/wp-content\/uploads\/2023\/12\/Logo-Horizontal-1024x369.jpg",1024,369,true],"magazine-7-medium":["http:\/\/perspetivaatual.pt\/wp-content\/uploads\/2023\/12\/Logo-Horizontal-720x380.jpg",720,380,true],"magazine-7-medium-square":["http:\/\/perspetivaatual.pt\/wp-content\/uploads\/2023\/12\/Logo-Horizontal-675x450.jpg",675,450,true],"rpwe-thumbnail":["http:\/\/perspetivaatual.pt\/wp-content\/uploads\/2023\/12\/Logo-Horizontal-45x45.jpg",45,45,true]},"author_info":{"info":[false]},"category_info":"<a href=\"http:\/\/perspetivaatual.pt\/index.php\/category\/saude\/\" rel=\"category tag\">Sa\u00fade<\/a>","tag_info":"Sa\u00fade","comment_count":"0","_links":{"self":[{"href":"http:\/\/perspetivaatual.pt\/index.php\/wp-json\/wp\/v2\/posts\/3268","targetHints":{"allow":["GET"]}}],"collection":[{"href":"http:\/\/perspetivaatual.pt\/index.php\/wp-json\/wp\/v2\/posts"}],"about":[{"href":"http:\/\/perspetivaatual.pt\/index.php\/wp-json\/wp\/v2\/types\/post"}],"author":[{"embeddable":true,"href":"http:\/\/perspetivaatual.pt\/index.php\/wp-json\/wp\/v2\/users\/5"}],"replies":[{"embeddable":true,"href":"http:\/\/perspetivaatual.pt\/index.php\/wp-json\/wp\/v2\/comments?post=3268"}],"version-history":[{"count":0,"href":"http:\/\/perspetivaatual.pt\/index.php\/wp-json\/wp\/v2\/posts\/3268\/revisions"}],"wp:featuredmedia":[{"embeddable":true,"href":"http:\/\/perspetivaatual.pt\/index.php\/wp-json\/wp\/v2\/media\/3281"}],"wp:attachment":[{"href":"http:\/\/perspetivaatual.pt\/index.php\/wp-json\/wp\/v2\/media?parent=3268"}],"wp:term":[{"taxonomy":"category","embeddable":true,"href":"http:\/\/perspetivaatual.pt\/index.php\/wp-json\/wp\/v2\/categories?post=3268"},{"taxonomy":"post_tag","embeddable":true,"href":"http:\/\/perspetivaatual.pt\/index.php\/wp-json\/wp\/v2\/tags?post=3268"}],"curies":[{"name":"wp","href":"https:\/\/api.w.org\/{rel}","templated":true}]}}