{"id":3464,"date":"2024-01-10T09:37:21","date_gmt":"2024-01-10T09:37:21","guid":{"rendered":"https:\/\/perspetivaatual.pt\/?p=3464"},"modified":"2024-01-10T09:37:21","modified_gmt":"2024-01-10T09:37:21","slug":"ensino-superior-da-regiao-centro-recebe-dez-milhoes-de-fundos-europeus-para-infraestruturas-e-equipamentos","status":"publish","type":"post","link":"http:\/\/perspetivaatual.pt\/index.php\/2024\/01\/10\/ensino-superior-da-regiao-centro-recebe-dez-milhoes-de-fundos-europeus-para-infraestruturas-e-equipamentos\/","title":{"rendered":"Ensino superior da regi\u00e3o centro recebe dez milh\u00f5es de fundos europeus para infraestruturas e equipamentos"},"content":{"rendered":"\n<p><strong>No \u00e2mbito do Programa Regional do Centro (Centro2030) foi aberto um concurso para serem distribu\u00eddos dez milh\u00f5es de euros de fundos europeus em infraestruturas e equipamentos do ensino superior da regi\u00e3o centro. As universidades e institutos polit\u00e9cnicos poder\u00e3o candidatar-se at\u00e9 dia 30 de abril.<\/strong><\/p>\n\n\n\n<p>Foi hoje, dia 9 de janeiro, anunciado pela Comiss\u00e3o de Coordena\u00e7\u00e3o e Desenvolvimento Regional do Centro (CCDRC) que o Programa Regional do Centro (Centro 2030) abriu concurso para uma verba de dez milh\u00f5es de euros de fundos europeus a serem investidos em infraestruturas e equipamentos do ensino superior da regi\u00e3o Centro. <\/p>\n\n\n\n<p>A CCDRC ressalta que o apoio a estes equipamentos prov\u00e9m da necessidade de alinhar as compet\u00eancias de &#8220;um tecido produtivo em transforma\u00e7\u00e3o em linha&#8221; com &#8220;os dom\u00ednios de especializa\u00e7\u00e3o regionais, nas \u00e1reas das Ci\u00eancias e tecnologias&#8221;, pretendendo tamb\u00e9m aumentar o n\u00famero de alunos, l\u00ea-se na ag\u00eancia Lusa.<\/p>\n\n\n\n<p>O concurso s\u00f3 aceita institui\u00e7\u00f5es de ensino superior que estejam comprometidas com a transi\u00e7\u00e3o digital e clim\u00e1tica. Este estar\u00e1 aberto at\u00e9 ao dia 30 de abril, esperando candidaturas de Universidades e Institutos Polit\u00e9cnicos que integram &#8220;projetos de cria\u00e7\u00e3o, amplia\u00e7\u00e3o ou moderniza\u00e7\u00e3o&#8221; das suas infraestruturas ou equipamentos. <\/p>\n\n\n\n<p>No \u00e2mbito da digitaliza\u00e7\u00e3o, ainda s\u00e3o aceites projetos de refor\u00e7o e atualia\u00e7\u00e3o de instala\u00e7\u00f5es, infraestruturas e equipamentos. Para os cursos de curta dura\u00e7\u00e3o e programas que asseguram qualifica\u00e7\u00f5es exigidas pelo mercado de trabalho, podem ser apresentados projetos de constru\u00e7\u00e3o e qualifica\u00e7\u00e3o de infraestruturas e aquisi\u00e7\u00e3o de equipamentos. <\/p>\n","protected":false},"excerpt":{"rendered":"<p>No \u00e2mbito do Programa Regional do Centro (Centro2030) foi aberto um concurso para serem distribu\u00eddos<\/p>\n","protected":false},"author":5,"featured_media":3465,"comment_status":"open","ping_status":"open","sticky":false,"template":"","format":"standard","meta":{"footnotes":""},"categories":[14],"tags":[485,486,56,309,484],"class_list":["post-3464","post","type-post","status-publish","format-standard","has-post-thumbnail","hentry","category-noticias","tag-ccdrc","tag-centro2030","tag-educacao-2","tag-ensino-superior","tag-regiao-centro"],"yoast_head":"<!-- This site is optimized with the Yoast SEO plugin v24.2 - https:\/\/yoast.com\/wordpress\/plugins\/seo\/ -->\n<title>Ensino superior da regi\u00e3o centro recebe dez milh\u00f5es de fundos europeus para infraestruturas e equipamentos - Perspetiva Atual<\/title>\n<meta name=\"description\" content=\"No \u00e2mbito do Programa Regional do Centro (Centro2030) foi aberto um concurso para serem distribu\u00eddos dez milh\u00f5es de euros de fundos...\" \/>\n<meta name=\"robots\" content=\"index, follow, max-snippet:-1, max-image-preview:large, max-video-preview:-1\" \/>\n<link rel=\"canonical\" href=\"http:\/\/perspetivaatual.pt\/index.php\/2024\/01\/10\/ensino-superior-da-regiao-centro-recebe-dez-milhoes-de-fundos-europeus-para-infraestruturas-e-equipamentos\/\" \/>\n<meta property=\"og:locale\" content=\"pt_PT\" \/>\n<meta property=\"og:type\" content=\"article\" \/>\n<meta property=\"og:title\" content=\"Ensino superior da regi\u00e3o centro recebe dez milh\u00f5es de fundos europeus para infraestruturas e equipamentos - Perspetiva Atual\" \/>\n<meta property=\"og:description\" content=\"No \u00e2mbito do Programa Regional do Centro (Centro2030) foi aberto um concurso para serem distribu\u00eddos dez milh\u00f5es de euros de fundos...\" \/>\n<meta property=\"og:url\" content=\"http:\/\/perspetivaatual.pt\/index.php\/2024\/01\/10\/ensino-superior-da-regiao-centro-recebe-dez-milhoes-de-fundos-europeus-para-infraestruturas-e-equipamentos\/\" \/>\n<meta property=\"og:site_name\" content=\"Perspetiva Atual\" \/>\n<meta property=\"article:published_time\" content=\"2024-01-10T09:37:21+00:00\" \/>\n<meta property=\"og:image\" content=\"http:\/\/perspetivaatual.pt\/wp-content\/uploads\/2024\/01\/UN-Coimbra.jpg\" \/>\n\t<meta property=\"og:image:width\" content=\"1920\" \/>\n\t<meta property=\"og:image:height\" content=\"1080\" \/>\n\t<meta property=\"og:image:type\" content=\"image\/jpeg\" \/>\n<meta name=\"author\" content=\"Jo\u00e3o Malainho Perspetiva Atual\" \/>\n<meta name=\"twitter:card\" content=\"summary_large_image\" \/>\n<meta name=\"twitter:label1\" content=\"Escrito por\" \/>\n\t<meta name=\"twitter:data1\" content=\"\" \/>\n\t<meta name=\"twitter:label2\" content=\"Tempo estimado de leitura\" \/>\n\t<meta name=\"twitter:data2\" content=\"2 minutos\" \/>\n<script type=\"application\/ld+json\" class=\"yoast-schema-graph\">{\"@context\":\"https:\/\/schema.org\",\"@graph\":[{\"@type\":\"Article\",\"@id\":\"http:\/\/perspetivaatual.pt\/index.php\/2024\/01\/10\/ensino-superior-da-regiao-centro-recebe-dez-milhoes-de-fundos-europeus-para-infraestruturas-e-equipamentos\/#article\",\"isPartOf\":{\"@id\":\"http:\/\/perspetivaatual.pt\/index.php\/2024\/01\/10\/ensino-superior-da-regiao-centro-recebe-dez-milhoes-de-fundos-europeus-para-infraestruturas-e-equipamentos\/\"},\"author\":{\"name\":\"Jo\u00e3o Malainho Perspetiva Atual\",\"@id\":\"https:\/\/perspetivaatual.pt\/#\/schema\/person\/4c9d5a8b179d047c3220dfa32fd6b658\"},\"headline\":\"Ensino superior da regi\u00e3o centro recebe dez milh\u00f5es de fundos europeus para infraestruturas e equipamentos\",\"datePublished\":\"2024-01-10T09:37:21+00:00\",\"dateModified\":\"2024-01-10T09:37:21+00:00\",\"mainEntityOfPage\":{\"@id\":\"http:\/\/perspetivaatual.pt\/index.php\/2024\/01\/10\/ensino-superior-da-regiao-centro-recebe-dez-milhoes-de-fundos-europeus-para-infraestruturas-e-equipamentos\/\"},\"wordCount\":284,\"commentCount\":0,\"publisher\":{\"@id\":\"https:\/\/perspetivaatual.pt\/#organization\"},\"image\":{\"@id\":\"http:\/\/perspetivaatual.pt\/index.php\/2024\/01\/10\/ensino-superior-da-regiao-centro-recebe-dez-milhoes-de-fundos-europeus-para-infraestruturas-e-equipamentos\/#primaryimage\"},\"thumbnailUrl\":\"http:\/\/perspetivaatual.pt\/wp-content\/uploads\/2024\/01\/UN-Coimbra.jpg\",\"keywords\":[\"CCDRC\",\"Centro2030\",\"educa\u00e7\u00e3o\",\"Ensino Superior\",\"regi\u00e3o Centro\"],\"articleSection\":[\"Not\u00edcias\"],\"inLanguage\":\"pt-PT\",\"potentialAction\":[{\"@type\":\"CommentAction\",\"name\":\"Comment\",\"target\":[\"http:\/\/perspetivaatual.pt\/index.php\/2024\/01\/10\/ensino-superior-da-regiao-centro-recebe-dez-milhoes-de-fundos-europeus-para-infraestruturas-e-equipamentos\/#respond\"]}]},{\"@type\":\"WebPage\",\"@id\":\"http:\/\/perspetivaatual.pt\/index.php\/2024\/01\/10\/ensino-superior-da-regiao-centro-recebe-dez-milhoes-de-fundos-europeus-para-infraestruturas-e-equipamentos\/\",\"url\":\"http:\/\/perspetivaatual.pt\/index.php\/2024\/01\/10\/ensino-superior-da-regiao-centro-recebe-dez-milhoes-de-fundos-europeus-para-infraestruturas-e-equipamentos\/\",\"name\":\"Ensino superior da regi\u00e3o centro recebe dez milh\u00f5es de fundos europeus para infraestruturas e equipamentos - Perspetiva Atual\",\"isPartOf\":{\"@id\":\"https:\/\/perspetivaatual.pt\/#website\"},\"primaryImageOfPage\":{\"@id\":\"http:\/\/perspetivaatual.pt\/index.php\/2024\/01\/10\/ensino-superior-da-regiao-centro-recebe-dez-milhoes-de-fundos-europeus-para-infraestruturas-e-equipamentos\/#primaryimage\"},\"image\":{\"@id\":\"http:\/\/perspetivaatual.pt\/index.php\/2024\/01\/10\/ensino-superior-da-regiao-centro-recebe-dez-milhoes-de-fundos-europeus-para-infraestruturas-e-equipamentos\/#primaryimage\"},\"thumbnailUrl\":\"http:\/\/perspetivaatual.pt\/wp-content\/uploads\/2024\/01\/UN-Coimbra.jpg\",\"datePublished\":\"2024-01-10T09:37:21+00:00\",\"dateModified\":\"2024-01-10T09:37:21+00:00\",\"description\":\"No \u00e2mbito do Programa Regional do Centro (Centro2030) foi aberto um concurso para serem distribu\u00eddos dez milh\u00f5es de euros de fundos...\",\"breadcrumb\":{\"@id\":\"http:\/\/perspetivaatual.pt\/index.php\/2024\/01\/10\/ensino-superior-da-regiao-centro-recebe-dez-milhoes-de-fundos-europeus-para-infraestruturas-e-equipamentos\/#breadcrumb\"},\"inLanguage\":\"pt-PT\",\"potentialAction\":[{\"@type\":\"ReadAction\",\"target\":[\"http:\/\/perspetivaatual.pt\/index.php\/2024\/01\/10\/ensino-superior-da-regiao-centro-recebe-dez-milhoes-de-fundos-europeus-para-infraestruturas-e-equipamentos\/\"]}]},{\"@type\":\"ImageObject\",\"inLanguage\":\"pt-PT\",\"@id\":\"http:\/\/perspetivaatual.pt\/index.php\/2024\/01\/10\/ensino-superior-da-regiao-centro-recebe-dez-milhoes-de-fundos-europeus-para-infraestruturas-e-equipamentos\/#primaryimage\",\"url\":\"http:\/\/perspetivaatual.pt\/wp-content\/uploads\/2024\/01\/UN-Coimbra.jpg\",\"contentUrl\":\"http:\/\/perspetivaatual.pt\/wp-content\/uploads\/2024\/01\/UN-Coimbra.jpg\",\"width\":1920,\"height\":1080,\"caption\":\"DR\"},{\"@type\":\"BreadcrumbList\",\"@id\":\"http:\/\/perspetivaatual.pt\/index.php\/2024\/01\/10\/ensino-superior-da-regiao-centro-recebe-dez-milhoes-de-fundos-europeus-para-infraestruturas-e-equipamentos\/#breadcrumb\",\"itemListElement\":[{\"@type\":\"ListItem\",\"position\":1,\"name\":\"Home\",\"item\":\"https:\/\/perspetivaatual.pt\/\"},{\"@type\":\"ListItem\",\"position\":2,\"name\":\"Ensino superior da regi\u00e3o centro recebe dez milh\u00f5es de fundos europeus para infraestruturas e equipamentos\"}]},{\"@type\":\"WebSite\",\"@id\":\"https:\/\/perspetivaatual.pt\/#website\",\"url\":\"https:\/\/perspetivaatual.pt\/\",\"name\":\"Perspetiva Atual\",\"description\":\"Olhar Portugal, de diferentes formas\",\"publisher\":{\"@id\":\"https:\/\/perspetivaatual.pt\/#organization\"},\"potentialAction\":[{\"@type\":\"SearchAction\",\"target\":{\"@type\":\"EntryPoint\",\"urlTemplate\":\"https:\/\/perspetivaatual.pt\/?s={search_term_string}\"},\"query-input\":{\"@type\":\"PropertyValueSpecification\",\"valueRequired\":true,\"valueName\":\"search_term_string\"}}],\"inLanguage\":\"pt-PT\"},{\"@type\":\"Organization\",\"@id\":\"https:\/\/perspetivaatual.pt\/#organization\",\"name\":\"Perspetiva Atual\",\"url\":\"https:\/\/perspetivaatual.pt\/\",\"logo\":{\"@type\":\"ImageObject\",\"inLanguage\":\"pt-PT\",\"@id\":\"https:\/\/perspetivaatual.pt\/#\/schema\/logo\/image\/\",\"url\":\"http:\/\/perspetivaatual.pt\/wp-content\/uploads\/2020\/08\/cropped-perspetiva_atual-.png\",\"contentUrl\":\"http:\/\/perspetivaatual.pt\/wp-content\/uploads\/2020\/08\/cropped-perspetiva_atual-.png\",\"width\":618,\"height\":202,\"caption\":\"Perspetiva Atual\"},\"image\":{\"@id\":\"https:\/\/perspetivaatual.pt\/#\/schema\/logo\/image\/\"}},{\"@type\":\"Person\",\"@id\":\"https:\/\/perspetivaatual.pt\/#\/schema\/person\/4c9d5a8b179d047c3220dfa32fd6b658\",\"name\":\"Jo\u00e3o Malainho Perspetiva Atual\",\"image\":{\"@type\":\"ImageObject\",\"inLanguage\":\"pt-PT\",\"@id\":\"https:\/\/perspetivaatual.pt\/#\/schema\/person\/image\/\",\"url\":\"https:\/\/secure.gravatar.com\/avatar\/fd918e8a58374b02896337d62716969a?s=96&d=mm&r=g\",\"contentUrl\":\"https:\/\/secure.gravatar.com\/avatar\/fd918e8a58374b02896337d62716969a?s=96&d=mm&r=g\",\"caption\":\"Jo\u00e3o Malainho Perspetiva Atual\"},\"sameAs\":[\"http:\/\/perspetivaatual.pt\"],\"url\":\"http:\/\/perspetivaatual.pt\/index.php\/author\/joaomalainhoii\/\"}]}<\/script>\n<!-- \/ Yoast SEO plugin. -->","yoast_head_json":{"title":"Ensino superior da regi\u00e3o centro recebe dez milh\u00f5es de fundos europeus para infraestruturas e equipamentos - Perspetiva Atual","description":"No \u00e2mbito do Programa Regional do Centro (Centro2030) foi aberto um concurso para serem distribu\u00eddos dez milh\u00f5es de euros de fundos...","robots":{"index":"index","follow":"follow","max-snippet":"max-snippet:-1","max-image-preview":"max-image-preview:large","max-video-preview":"max-video-preview:-1"},"canonical":"http:\/\/perspetivaatual.pt\/index.php\/2024\/01\/10\/ensino-superior-da-regiao-centro-recebe-dez-milhoes-de-fundos-europeus-para-infraestruturas-e-equipamentos\/","og_locale":"pt_PT","og_type":"article","og_title":"Ensino superior da regi\u00e3o centro recebe dez milh\u00f5es de fundos europeus para infraestruturas e equipamentos - Perspetiva Atual","og_description":"No \u00e2mbito do Programa Regional do Centro (Centro2030) foi aberto um concurso para serem distribu\u00eddos dez milh\u00f5es de euros de fundos...","og_url":"http:\/\/perspetivaatual.pt\/index.php\/2024\/01\/10\/ensino-superior-da-regiao-centro-recebe-dez-milhoes-de-fundos-europeus-para-infraestruturas-e-equipamentos\/","og_site_name":"Perspetiva Atual","article_published_time":"2024-01-10T09:37:21+00:00","og_image":[{"width":1920,"height":1080,"url":"http:\/\/perspetivaatual.pt\/wp-content\/uploads\/2024\/01\/UN-Coimbra.jpg","type":"image\/jpeg"}],"author":"Jo\u00e3o Malainho Perspetiva Atual","twitter_card":"summary_large_image","twitter_misc":{"Escrito por":false,"Tempo estimado de leitura":"2 minutos"},"schema":{"@context":"https:\/\/schema.org","@graph":[{"@type":"Article","@id":"http:\/\/perspetivaatual.pt\/index.php\/2024\/01\/10\/ensino-superior-da-regiao-centro-recebe-dez-milhoes-de-fundos-europeus-para-infraestruturas-e-equipamentos\/#article","isPartOf":{"@id":"http:\/\/perspetivaatual.pt\/index.php\/2024\/01\/10\/ensino-superior-da-regiao-centro-recebe-dez-milhoes-de-fundos-europeus-para-infraestruturas-e-equipamentos\/"},"author":{"name":"Jo\u00e3o Malainho Perspetiva Atual","@id":"https:\/\/perspetivaatual.pt\/#\/schema\/person\/4c9d5a8b179d047c3220dfa32fd6b658"},"headline":"Ensino superior da regi\u00e3o centro recebe dez milh\u00f5es de fundos europeus para infraestruturas e equipamentos","datePublished":"2024-01-10T09:37:21+00:00","dateModified":"2024-01-10T09:37:21+00:00","mainEntityOfPage":{"@id":"http:\/\/perspetivaatual.pt\/index.php\/2024\/01\/10\/ensino-superior-da-regiao-centro-recebe-dez-milhoes-de-fundos-europeus-para-infraestruturas-e-equipamentos\/"},"wordCount":284,"commentCount":0,"publisher":{"@id":"https:\/\/perspetivaatual.pt\/#organization"},"image":{"@id":"http:\/\/perspetivaatual.pt\/index.php\/2024\/01\/10\/ensino-superior-da-regiao-centro-recebe-dez-milhoes-de-fundos-europeus-para-infraestruturas-e-equipamentos\/#primaryimage"},"thumbnailUrl":"http:\/\/perspetivaatual.pt\/wp-content\/uploads\/2024\/01\/UN-Coimbra.jpg","keywords":["CCDRC","Centro2030","educa\u00e7\u00e3o","Ensino Superior","regi\u00e3o Centro"],"articleSection":["Not\u00edcias"],"inLanguage":"pt-PT","potentialAction":[{"@type":"CommentAction","name":"Comment","target":["http:\/\/perspetivaatual.pt\/index.php\/2024\/01\/10\/ensino-superior-da-regiao-centro-recebe-dez-milhoes-de-fundos-europeus-para-infraestruturas-e-equipamentos\/#respond"]}]},{"@type":"WebPage","@id":"http:\/\/perspetivaatual.pt\/index.php\/2024\/01\/10\/ensino-superior-da-regiao-centro-recebe-dez-milhoes-de-fundos-europeus-para-infraestruturas-e-equipamentos\/","url":"http:\/\/perspetivaatual.pt\/index.php\/2024\/01\/10\/ensino-superior-da-regiao-centro-recebe-dez-milhoes-de-fundos-europeus-para-infraestruturas-e-equipamentos\/","name":"Ensino superior da regi\u00e3o centro recebe dez milh\u00f5es de fundos europeus para infraestruturas e equipamentos - Perspetiva Atual","isPartOf":{"@id":"https:\/\/perspetivaatual.pt\/#website"},"primaryImageOfPage":{"@id":"http:\/\/perspetivaatual.pt\/index.php\/2024\/01\/10\/ensino-superior-da-regiao-centro-recebe-dez-milhoes-de-fundos-europeus-para-infraestruturas-e-equipamentos\/#primaryimage"},"image":{"@id":"http:\/\/perspetivaatual.pt\/index.php\/2024\/01\/10\/ensino-superior-da-regiao-centro-recebe-dez-milhoes-de-fundos-europeus-para-infraestruturas-e-equipamentos\/#primaryimage"},"thumbnailUrl":"http:\/\/perspetivaatual.pt\/wp-content\/uploads\/2024\/01\/UN-Coimbra.jpg","datePublished":"2024-01-10T09:37:21+00:00","dateModified":"2024-01-10T09:37:21+00:00","description":"No \u00e2mbito do Programa Regional do Centro (Centro2030) foi aberto um concurso para serem distribu\u00eddos dez milh\u00f5es de euros de fundos...","breadcrumb":{"@id":"http:\/\/perspetivaatual.pt\/index.php\/2024\/01\/10\/ensino-superior-da-regiao-centro-recebe-dez-milhoes-de-fundos-europeus-para-infraestruturas-e-equipamentos\/#breadcrumb"},"inLanguage":"pt-PT","potentialAction":[{"@type":"ReadAction","target":["http:\/\/perspetivaatual.pt\/index.php\/2024\/01\/10\/ensino-superior-da-regiao-centro-recebe-dez-milhoes-de-fundos-europeus-para-infraestruturas-e-equipamentos\/"]}]},{"@type":"ImageObject","inLanguage":"pt-PT","@id":"http:\/\/perspetivaatual.pt\/index.php\/2024\/01\/10\/ensino-superior-da-regiao-centro-recebe-dez-milhoes-de-fundos-europeus-para-infraestruturas-e-equipamentos\/#primaryimage","url":"http:\/\/perspetivaatual.pt\/wp-content\/uploads\/2024\/01\/UN-Coimbra.jpg","contentUrl":"http:\/\/perspetivaatual.pt\/wp-content\/uploads\/2024\/01\/UN-Coimbra.jpg","width":1920,"height":1080,"caption":"DR"},{"@type":"BreadcrumbList","@id":"http:\/\/perspetivaatual.pt\/index.php\/2024\/01\/10\/ensino-superior-da-regiao-centro-recebe-dez-milhoes-de-fundos-europeus-para-infraestruturas-e-equipamentos\/#breadcrumb","itemListElement":[{"@type":"ListItem","position":1,"name":"Home","item":"https:\/\/perspetivaatual.pt\/"},{"@type":"ListItem","position":2,"name":"Ensino superior da regi\u00e3o centro recebe dez milh\u00f5es de fundos europeus para infraestruturas e equipamentos"}]},{"@type":"WebSite","@id":"https:\/\/perspetivaatual.pt\/#website","url":"https:\/\/perspetivaatual.pt\/","name":"Perspetiva Atual","description":"Olhar Portugal, de diferentes formas","publisher":{"@id":"https:\/\/perspetivaatual.pt\/#organization"},"potentialAction":[{"@type":"SearchAction","target":{"@type":"EntryPoint","urlTemplate":"https:\/\/perspetivaatual.pt\/?s={search_term_string}"},"query-input":{"@type":"PropertyValueSpecification","valueRequired":true,"valueName":"search_term_string"}}],"inLanguage":"pt-PT"},{"@type":"Organization","@id":"https:\/\/perspetivaatual.pt\/#organization","name":"Perspetiva Atual","url":"https:\/\/perspetivaatual.pt\/","logo":{"@type":"ImageObject","inLanguage":"pt-PT","@id":"https:\/\/perspetivaatual.pt\/#\/schema\/logo\/image\/","url":"http:\/\/perspetivaatual.pt\/wp-content\/uploads\/2020\/08\/cropped-perspetiva_atual-.png","contentUrl":"http:\/\/perspetivaatual.pt\/wp-content\/uploads\/2020\/08\/cropped-perspetiva_atual-.png","width":618,"height":202,"caption":"Perspetiva Atual"},"image":{"@id":"https:\/\/perspetivaatual.pt\/#\/schema\/logo\/image\/"}},{"@type":"Person","@id":"https:\/\/perspetivaatual.pt\/#\/schema\/person\/4c9d5a8b179d047c3220dfa32fd6b658","name":"Jo\u00e3o Malainho Perspetiva Atual","image":{"@type":"ImageObject","inLanguage":"pt-PT","@id":"https:\/\/perspetivaatual.pt\/#\/schema\/person\/image\/","url":"https:\/\/secure.gravatar.com\/avatar\/fd918e8a58374b02896337d62716969a?s=96&d=mm&r=g","contentUrl":"https:\/\/secure.gravatar.com\/avatar\/fd918e8a58374b02896337d62716969a?s=96&d=mm&r=g","caption":"Jo\u00e3o Malainho Perspetiva Atual"},"sameAs":["http:\/\/perspetivaatual.pt"],"url":"http:\/\/perspetivaatual.pt\/index.php\/author\/joaomalainhoii\/"}]}},"featured_image_urls":{"full":["http:\/\/perspetivaatual.pt\/wp-content\/uploads\/2024\/01\/UN-Coimbra.jpg",1920,1080,false],"thumbnail":["http:\/\/perspetivaatual.pt\/wp-content\/uploads\/2024\/01\/UN-Coimbra-150x150.jpg",150,150,true],"medium":["http:\/\/perspetivaatual.pt\/wp-content\/uploads\/2024\/01\/UN-Coimbra-300x169.jpg",300,169,true],"medium_large":["http:\/\/perspetivaatual.pt\/wp-content\/uploads\/2024\/01\/UN-Coimbra-768x432.jpg",640,360,true],"large":["http:\/\/perspetivaatual.pt\/wp-content\/uploads\/2024\/01\/UN-Coimbra-1024x576.jpg",640,360,true],"1536x1536":["http:\/\/perspetivaatual.pt\/wp-content\/uploads\/2024\/01\/UN-Coimbra-1536x864.jpg",1536,864,true],"2048x2048":["http:\/\/perspetivaatual.pt\/wp-content\/uploads\/2024\/01\/UN-Coimbra.jpg",1920,1080,false],"magazine-7-slider-full":["http:\/\/perspetivaatual.pt\/wp-content\/uploads\/2024\/01\/UN-Coimbra-1536x1020.jpg",1536,1020,true],"magazine-7-slider-center":["http:\/\/perspetivaatual.pt\/wp-content\/uploads\/2024\/01\/UN-Coimbra-936x897.jpg",936,897,true],"magazine-7-featured":["http:\/\/perspetivaatual.pt\/wp-content\/uploads\/2024\/01\/UN-Coimbra-1024x576.jpg",1024,576,true],"magazine-7-medium":["http:\/\/perspetivaatual.pt\/wp-content\/uploads\/2024\/01\/UN-Coimbra-720x380.jpg",720,380,true],"magazine-7-medium-square":["http:\/\/perspetivaatual.pt\/wp-content\/uploads\/2024\/01\/UN-Coimbra-675x450.jpg",675,450,true],"rpwe-thumbnail":["http:\/\/perspetivaatual.pt\/wp-content\/uploads\/2024\/01\/UN-Coimbra-45x45.jpg",45,45,true]},"author_info":{"info":[false]},"category_info":"<a href=\"http:\/\/perspetivaatual.pt\/index.php\/category\/noticias\/\" rel=\"category tag\">Not\u00edcias<\/a>","tag_info":"Not\u00edcias","comment_count":"0","_links":{"self":[{"href":"http:\/\/perspetivaatual.pt\/index.php\/wp-json\/wp\/v2\/posts\/3464","targetHints":{"allow":["GET"]}}],"collection":[{"href":"http:\/\/perspetivaatual.pt\/index.php\/wp-json\/wp\/v2\/posts"}],"about":[{"href":"http:\/\/perspetivaatual.pt\/index.php\/wp-json\/wp\/v2\/types\/post"}],"author":[{"embeddable":true,"href":"http:\/\/perspetivaatual.pt\/index.php\/wp-json\/wp\/v2\/users\/5"}],"replies":[{"embeddable":true,"href":"http:\/\/perspetivaatual.pt\/index.php\/wp-json\/wp\/v2\/comments?post=3464"}],"version-history":[{"count":0,"href":"http:\/\/perspetivaatual.pt\/index.php\/wp-json\/wp\/v2\/posts\/3464\/revisions"}],"wp:featuredmedia":[{"embeddable":true,"href":"http:\/\/perspetivaatual.pt\/index.php\/wp-json\/wp\/v2\/media\/3465"}],"wp:attachment":[{"href":"http:\/\/perspetivaatual.pt\/index.php\/wp-json\/wp\/v2\/media?parent=3464"}],"wp:term":[{"taxonomy":"category","embeddable":true,"href":"http:\/\/perspetivaatual.pt\/index.php\/wp-json\/wp\/v2\/categories?post=3464"},{"taxonomy":"post_tag","embeddable":true,"href":"http:\/\/perspetivaatual.pt\/index.php\/wp-json\/wp\/v2\/tags?post=3464"}],"curies":[{"name":"wp","href":"https:\/\/api.w.org\/{rel}","templated":true}]}}