{"id":3853,"date":"2024-05-30T07:00:00","date_gmt":"2024-05-30T07:00:00","guid":{"rendered":"https:\/\/perspetivaatual.pt\/?p=3853"},"modified":"2024-05-27T13:14:49","modified_gmt":"2024-05-27T13:14:49","slug":"universidade-de-coimbra-coordena-projeto-europeu-no-dominio-do-patrimonio-cultural-colonial","status":"publish","type":"post","link":"http:\/\/perspetivaatual.pt\/index.php\/2024\/05\/30\/universidade-de-coimbra-coordena-projeto-europeu-no-dominio-do-patrimonio-cultural-colonial\/","title":{"rendered":"Universidade de Coimbra coordena projeto europeu no dom\u00ednio do patrim\u00f3nio cultural colonial"},"content":{"rendered":"\n<p><strong>Universidade de Coimbra (UC) liderar\u00e1 nos pr\u00f3ximos tr\u00eas anos o cons\u00f3rcio europeu \u201cCONCILIARE\u201d \u2013 \u201c<em>Confidently changing colonial heritage<\/em>\u201d, financiado com cerca de tr\u00eas milh\u00f5es de euros pela Comiss\u00e3o Europeia no \u00e2mbito de um concurso para projetos cient\u00edficos sobre transforma\u00e7\u00f5es no patrim\u00f3nio cultural.<\/strong><\/p>\n\n\n\n<p>O principal objetivo do CONCILIARE \u00e9 analisar as mudan\u00e7as no patrim\u00f3nio cultural colonial europeu, com especial foco nas repercuss\u00f5es do passado colonial nas sociedades europeias contempor\u00e2neas. Este \u00e9 um tema que tem gerado amplo debate nos \u00faltimos anos, pretendendo-se compreender como cidad\u00e3os europeus de diferentes gera\u00e7\u00f5es, contextos culturais e origens \u00e9tnicas entendem essas mudan\u00e7as e se posicionam face a elas.<\/p>\n\n\n\n<p>Este mapeamento servir\u00e1 como base para criar mecanismos e m\u00e9todos robustos de redu\u00e7\u00e3o de conflito entre grupos a par de um reconhecimento das mudan\u00e7as no patrim\u00f3nio colonial europeu com promo\u00e7\u00e3o de confian\u00e7a neste processo.<\/p>\n\n\n\n<p>CONCILIARE atuar\u00e1 em quatro dom\u00ednios: mudan\u00e7as nos manuais escolares, nos espa\u00e7os p\u00fablicos (nomes de ruas, monumentos), na curadoria de exposi\u00e7\u00f5es de acervo colonial em museus; e em produtos culturais e tradi\u00e7\u00f5es relacionadas com o passado colonial. Em cada dom\u00ednio, ser\u00e3o estudadas as mudan\u00e7as nas representa\u00e7\u00f5es do passado colonial e testados diferentes m\u00e9todos de promo\u00e7\u00e3o de confian\u00e7a nas mudan\u00e7as neste patrim\u00f3nio em diferentes pa\u00edses europeus, assegurando assim uma maior diversidade e potencial de replica\u00e7\u00e3o.<\/p>\n\n\n\n<p>Ancorado na \u00e1rea de Psicologia Social, este projeto inova com uma forte abordagem interdisciplinar de Humanidades e Ci\u00eancias Sociais, o uso de diferentes metodologias, e a inclus\u00e3o de grupos de diferentes origens, gera\u00e7\u00f5es e contextos culturais. <\/p>\n\n\n\n<p>A sua coordena\u00e7\u00e3o est\u00e1 a cargo de Joaquim Pires Valentim, professor da Faculdade de Psicologia e Ci\u00eancias da Educa\u00e7\u00e3o da UC, integrando nove institui\u00e7\u00f5es cient\u00edficas &#8211; Universidade de Coimbra (Portugal), Universidade Livre de Bruxelas (B\u00e9lgica), Universidade de Utrecht (Holanda), Universidade de Roma &#8216;La Sapienza&#8217; (It\u00e1lia), Universidade de Hels\u00ednquia (Finl\u00e2ndia), Instituto de Ci\u00eancias Sociais Ivo Pilar (Cro\u00e1cia), Universidade do Minho e Centro de Estudos Sociais (Portugal) e CegeSoma (B\u00e9lgica) \u2013 e duas n\u00e3o cient\u00edficas \u2013 Afropean project, e ICOM (B\u00e9lgica). A hist\u00f3ria e equipa de CONCILIARE emana em parte da COST Action \u201c<em>Social psychological dynamics of historical representations in the enlarged European Union<\/em>\u201d que decorreu entre 2012 e 2016.<\/p>\n\n\n\n<p>Os estudos e atividades desenvolvidas contar\u00e3o ainda com o apoio de especialistas nas \u00e1reas visadas da Universidade de Kinshasa (Congo), Universidade de Rutgers (EUA), Universidade Cat\u00f3lica de Leuven (B\u00e9lgica), Universidade Aut\u00f3noma de Madrid (Espanha), Universidade de York &amp; Salford (Reino Unido), Universidade de Basel (Su\u00ed\u00e7a), CARMAH (Alemanha) e Associa\u00e7\u00e3o de Museus (Reino Unido).<\/p>\n\n\n\n<p>O cons\u00f3rcio desenvolver\u00e1 v\u00e1rias iniciativas de comunica\u00e7\u00e3o e dissemina\u00e7\u00e3o dos resultados, privilegiando um contacto pr\u00f3ximo e, em alguns casos, cocria\u00e7\u00e3o entre a comunidade acad\u00e9mica, comunidades e autoridades locais, nacionais e europeias, associa\u00e7\u00f5es e organiza\u00e7\u00f5es n\u00e3o governamentais, museus e institui\u00e7\u00f5es educativas.<\/p>\n\n\n\n<p>O foco do CONCILIARE n\u00e3o ser\u00e1 apenas em pa\u00edses europeus com um passado colonial, dado que uma das ideias base que se pretende explorar \u00e9 a intersec\u00e7\u00e3o do passado colonial europeu com representa\u00e7\u00f5es contempor\u00e2neas de identidade europeia.<\/p>\n","protected":false},"excerpt":{"rendered":"<p>Universidade de Coimbra (UC) liderar\u00e1 nos pr\u00f3ximos tr\u00eas anos o cons\u00f3rcio europeu \u201cCONCILIARE\u201d \u2013 \u201cConfidently<\/p>\n","protected":false},"author":5,"featured_media":3854,"comment_status":"open","ping_status":"open","sticky":false,"template":"","format":"standard","meta":{"footnotes":""},"categories":[7,3,165],"tags":[66,554,555,56,55,557,556,61,102],"class_list":["post-3853","post","type-post","status-publish","format-standard","has-post-thumbnail","hentry","category-atualidade","category-educacao","category-investigacao","tag-coimbra","tag-conciliare","tag-confidently-changing-colonial-heritage","tag-educacao-2","tag-ensino","tag-faculdade-de-psicologia-e-ciencias-da-educacao","tag-psicologia-social","tag-universidade","tag-universidade-de-coimbra"],"yoast_head":"<!-- This site is optimized with the Yoast SEO plugin v24.2 - https:\/\/yoast.com\/wordpress\/plugins\/seo\/ -->\n<title>Universidade de Coimbra coordena projeto europeu no dom\u00ednio do patrim\u00f3nio cultural colonial - Perspetiva Atual<\/title>\n<meta name=\"robots\" content=\"index, follow, max-snippet:-1, max-image-preview:large, max-video-preview:-1\" \/>\n<link rel=\"canonical\" href=\"http:\/\/perspetivaatual.pt\/index.php\/2024\/05\/30\/universidade-de-coimbra-coordena-projeto-europeu-no-dominio-do-patrimonio-cultural-colonial\/\" \/>\n<meta property=\"og:locale\" content=\"pt_PT\" \/>\n<meta property=\"og:type\" content=\"article\" \/>\n<meta property=\"og:title\" content=\"Universidade de Coimbra coordena projeto europeu no dom\u00ednio do patrim\u00f3nio cultural colonial - Perspetiva Atual\" \/>\n<meta property=\"og:description\" content=\"Universidade de Coimbra (UC) liderar\u00e1 nos pr\u00f3ximos tr\u00eas anos o cons\u00f3rcio europeu \u201cCONCILIARE\u201d \u2013 \u201cConfidently\" \/>\n<meta property=\"og:url\" content=\"http:\/\/perspetivaatual.pt\/index.php\/2024\/05\/30\/universidade-de-coimbra-coordena-projeto-europeu-no-dominio-do-patrimonio-cultural-colonial\/\" \/>\n<meta property=\"og:site_name\" content=\"Perspetiva Atual\" \/>\n<meta property=\"article:published_time\" content=\"2024-05-30T07:00:00+00:00\" \/>\n<meta property=\"article:modified_time\" content=\"2024-05-27T13:14:49+00:00\" \/>\n<meta property=\"og:image\" content=\"http:\/\/perspetivaatual.pt\/wp-content\/uploads\/2024\/05\/imagem_nota_de_imprensa-1.1200x0-e1716808960297.jpeg\" \/>\n\t<meta property=\"og:image:width\" content=\"1200\" \/>\n\t<meta property=\"og:image:height\" content=\"693\" \/>\n\t<meta property=\"og:image:type\" content=\"image\/jpeg\" \/>\n<meta name=\"author\" content=\"Jo\u00e3o Malainho Perspetiva Atual\" \/>\n<meta name=\"twitter:card\" content=\"summary_large_image\" \/>\n<meta name=\"twitter:label1\" content=\"Escrito por\" \/>\n\t<meta name=\"twitter:data1\" content=\"\" \/>\n\t<meta name=\"twitter:label2\" content=\"Tempo estimado de leitura\" \/>\n\t<meta name=\"twitter:data2\" content=\"3 minutos\" \/>\n<script type=\"application\/ld+json\" class=\"yoast-schema-graph\">{\"@context\":\"https:\/\/schema.org\",\"@graph\":[{\"@type\":\"Article\",\"@id\":\"http:\/\/perspetivaatual.pt\/index.php\/2024\/05\/30\/universidade-de-coimbra-coordena-projeto-europeu-no-dominio-do-patrimonio-cultural-colonial\/#article\",\"isPartOf\":{\"@id\":\"http:\/\/perspetivaatual.pt\/index.php\/2024\/05\/30\/universidade-de-coimbra-coordena-projeto-europeu-no-dominio-do-patrimonio-cultural-colonial\/\"},\"author\":{\"name\":\"Jo\u00e3o Malainho Perspetiva Atual\",\"@id\":\"https:\/\/perspetivaatual.pt\/#\/schema\/person\/4c9d5a8b179d047c3220dfa32fd6b658\"},\"headline\":\"Universidade de Coimbra coordena projeto europeu no dom\u00ednio do patrim\u00f3nio cultural colonial\",\"datePublished\":\"2024-05-30T07:00:00+00:00\",\"dateModified\":\"2024-05-27T13:14:49+00:00\",\"mainEntityOfPage\":{\"@id\":\"http:\/\/perspetivaatual.pt\/index.php\/2024\/05\/30\/universidade-de-coimbra-coordena-projeto-europeu-no-dominio-do-patrimonio-cultural-colonial\/\"},\"wordCount\":569,\"commentCount\":0,\"publisher\":{\"@id\":\"https:\/\/perspetivaatual.pt\/#organization\"},\"image\":{\"@id\":\"http:\/\/perspetivaatual.pt\/index.php\/2024\/05\/30\/universidade-de-coimbra-coordena-projeto-europeu-no-dominio-do-patrimonio-cultural-colonial\/#primaryimage\"},\"thumbnailUrl\":\"http:\/\/perspetivaatual.pt\/wp-content\/uploads\/2024\/05\/imagem_nota_de_imprensa-1.1200x0-e1716808960297.jpeg\",\"keywords\":[\"coimbra\",\"CONCILIARE\",\"Confidently changing colonial heritage\",\"educa\u00e7\u00e3o\",\"ensino\",\"Faculdade de Psicologia e Ci\u00eancias da Educa\u00e7\u00e3o\",\"Psicologia Social\",\"universidade\",\"Universidade de Coimbra\"],\"articleSection\":[\"Atualidade\",\"Educa\u00e7\u00e3o\",\"Investiga\u00e7\u00e3o\"],\"inLanguage\":\"pt-PT\",\"potentialAction\":[{\"@type\":\"CommentAction\",\"name\":\"Comment\",\"target\":[\"http:\/\/perspetivaatual.pt\/index.php\/2024\/05\/30\/universidade-de-coimbra-coordena-projeto-europeu-no-dominio-do-patrimonio-cultural-colonial\/#respond\"]}]},{\"@type\":\"WebPage\",\"@id\":\"http:\/\/perspetivaatual.pt\/index.php\/2024\/05\/30\/universidade-de-coimbra-coordena-projeto-europeu-no-dominio-do-patrimonio-cultural-colonial\/\",\"url\":\"http:\/\/perspetivaatual.pt\/index.php\/2024\/05\/30\/universidade-de-coimbra-coordena-projeto-europeu-no-dominio-do-patrimonio-cultural-colonial\/\",\"name\":\"Universidade de Coimbra coordena projeto europeu no dom\u00ednio do patrim\u00f3nio cultural colonial - Perspetiva Atual\",\"isPartOf\":{\"@id\":\"https:\/\/perspetivaatual.pt\/#website\"},\"primaryImageOfPage\":{\"@id\":\"http:\/\/perspetivaatual.pt\/index.php\/2024\/05\/30\/universidade-de-coimbra-coordena-projeto-europeu-no-dominio-do-patrimonio-cultural-colonial\/#primaryimage\"},\"image\":{\"@id\":\"http:\/\/perspetivaatual.pt\/index.php\/2024\/05\/30\/universidade-de-coimbra-coordena-projeto-europeu-no-dominio-do-patrimonio-cultural-colonial\/#primaryimage\"},\"thumbnailUrl\":\"http:\/\/perspetivaatual.pt\/wp-content\/uploads\/2024\/05\/imagem_nota_de_imprensa-1.1200x0-e1716808960297.jpeg\",\"datePublished\":\"2024-05-30T07:00:00+00:00\",\"dateModified\":\"2024-05-27T13:14:49+00:00\",\"breadcrumb\":{\"@id\":\"http:\/\/perspetivaatual.pt\/index.php\/2024\/05\/30\/universidade-de-coimbra-coordena-projeto-europeu-no-dominio-do-patrimonio-cultural-colonial\/#breadcrumb\"},\"inLanguage\":\"pt-PT\",\"potentialAction\":[{\"@type\":\"ReadAction\",\"target\":[\"http:\/\/perspetivaatual.pt\/index.php\/2024\/05\/30\/universidade-de-coimbra-coordena-projeto-europeu-no-dominio-do-patrimonio-cultural-colonial\/\"]}]},{\"@type\":\"ImageObject\",\"inLanguage\":\"pt-PT\",\"@id\":\"http:\/\/perspetivaatual.pt\/index.php\/2024\/05\/30\/universidade-de-coimbra-coordena-projeto-europeu-no-dominio-do-patrimonio-cultural-colonial\/#primaryimage\",\"url\":\"http:\/\/perspetivaatual.pt\/wp-content\/uploads\/2024\/05\/imagem_nota_de_imprensa-1.1200x0-e1716808960297.jpeg\",\"contentUrl\":\"http:\/\/perspetivaatual.pt\/wp-content\/uploads\/2024\/05\/imagem_nota_de_imprensa-1.1200x0-e1716808960297.jpeg\",\"width\":1200,\"height\":693},{\"@type\":\"BreadcrumbList\",\"@id\":\"http:\/\/perspetivaatual.pt\/index.php\/2024\/05\/30\/universidade-de-coimbra-coordena-projeto-europeu-no-dominio-do-patrimonio-cultural-colonial\/#breadcrumb\",\"itemListElement\":[{\"@type\":\"ListItem\",\"position\":1,\"name\":\"Home\",\"item\":\"https:\/\/perspetivaatual.pt\/\"},{\"@type\":\"ListItem\",\"position\":2,\"name\":\"Universidade de Coimbra coordena projeto europeu no dom\u00ednio do patrim\u00f3nio cultural colonial\"}]},{\"@type\":\"WebSite\",\"@id\":\"https:\/\/perspetivaatual.pt\/#website\",\"url\":\"https:\/\/perspetivaatual.pt\/\",\"name\":\"Perspetiva Atual\",\"description\":\"Olhar Portugal, de diferentes formas\",\"publisher\":{\"@id\":\"https:\/\/perspetivaatual.pt\/#organization\"},\"potentialAction\":[{\"@type\":\"SearchAction\",\"target\":{\"@type\":\"EntryPoint\",\"urlTemplate\":\"https:\/\/perspetivaatual.pt\/?s={search_term_string}\"},\"query-input\":{\"@type\":\"PropertyValueSpecification\",\"valueRequired\":true,\"valueName\":\"search_term_string\"}}],\"inLanguage\":\"pt-PT\"},{\"@type\":\"Organization\",\"@id\":\"https:\/\/perspetivaatual.pt\/#organization\",\"name\":\"Perspetiva Atual\",\"url\":\"https:\/\/perspetivaatual.pt\/\",\"logo\":{\"@type\":\"ImageObject\",\"inLanguage\":\"pt-PT\",\"@id\":\"https:\/\/perspetivaatual.pt\/#\/schema\/logo\/image\/\",\"url\":\"http:\/\/perspetivaatual.pt\/wp-content\/uploads\/2020\/08\/cropped-perspetiva_atual-.png\",\"contentUrl\":\"http:\/\/perspetivaatual.pt\/wp-content\/uploads\/2020\/08\/cropped-perspetiva_atual-.png\",\"width\":618,\"height\":202,\"caption\":\"Perspetiva Atual\"},\"image\":{\"@id\":\"https:\/\/perspetivaatual.pt\/#\/schema\/logo\/image\/\"}},{\"@type\":\"Person\",\"@id\":\"https:\/\/perspetivaatual.pt\/#\/schema\/person\/4c9d5a8b179d047c3220dfa32fd6b658\",\"name\":\"Jo\u00e3o Malainho Perspetiva Atual\",\"image\":{\"@type\":\"ImageObject\",\"inLanguage\":\"pt-PT\",\"@id\":\"https:\/\/perspetivaatual.pt\/#\/schema\/person\/image\/\",\"url\":\"https:\/\/secure.gravatar.com\/avatar\/fd918e8a58374b02896337d62716969a?s=96&d=mm&r=g\",\"contentUrl\":\"https:\/\/secure.gravatar.com\/avatar\/fd918e8a58374b02896337d62716969a?s=96&d=mm&r=g\",\"caption\":\"Jo\u00e3o Malainho Perspetiva Atual\"},\"sameAs\":[\"http:\/\/perspetivaatual.pt\"],\"url\":\"http:\/\/perspetivaatual.pt\/index.php\/author\/joaomalainhoii\/\"}]}<\/script>\n<!-- \/ Yoast SEO plugin. -->","yoast_head_json":{"title":"Universidade de Coimbra coordena projeto europeu no dom\u00ednio do patrim\u00f3nio cultural colonial - Perspetiva Atual","robots":{"index":"index","follow":"follow","max-snippet":"max-snippet:-1","max-image-preview":"max-image-preview:large","max-video-preview":"max-video-preview:-1"},"canonical":"http:\/\/perspetivaatual.pt\/index.php\/2024\/05\/30\/universidade-de-coimbra-coordena-projeto-europeu-no-dominio-do-patrimonio-cultural-colonial\/","og_locale":"pt_PT","og_type":"article","og_title":"Universidade de Coimbra coordena projeto europeu no dom\u00ednio do patrim\u00f3nio cultural colonial - Perspetiva Atual","og_description":"Universidade de Coimbra (UC) liderar\u00e1 nos pr\u00f3ximos tr\u00eas anos o cons\u00f3rcio europeu \u201cCONCILIARE\u201d \u2013 \u201cConfidently","og_url":"http:\/\/perspetivaatual.pt\/index.php\/2024\/05\/30\/universidade-de-coimbra-coordena-projeto-europeu-no-dominio-do-patrimonio-cultural-colonial\/","og_site_name":"Perspetiva Atual","article_published_time":"2024-05-30T07:00:00+00:00","article_modified_time":"2024-05-27T13:14:49+00:00","og_image":[{"width":1200,"height":693,"url":"http:\/\/perspetivaatual.pt\/wp-content\/uploads\/2024\/05\/imagem_nota_de_imprensa-1.1200x0-e1716808960297.jpeg","type":"image\/jpeg"}],"author":"Jo\u00e3o Malainho Perspetiva Atual","twitter_card":"summary_large_image","twitter_misc":{"Escrito por":false,"Tempo estimado de leitura":"3 minutos"},"schema":{"@context":"https:\/\/schema.org","@graph":[{"@type":"Article","@id":"http:\/\/perspetivaatual.pt\/index.php\/2024\/05\/30\/universidade-de-coimbra-coordena-projeto-europeu-no-dominio-do-patrimonio-cultural-colonial\/#article","isPartOf":{"@id":"http:\/\/perspetivaatual.pt\/index.php\/2024\/05\/30\/universidade-de-coimbra-coordena-projeto-europeu-no-dominio-do-patrimonio-cultural-colonial\/"},"author":{"name":"Jo\u00e3o Malainho Perspetiva Atual","@id":"https:\/\/perspetivaatual.pt\/#\/schema\/person\/4c9d5a8b179d047c3220dfa32fd6b658"},"headline":"Universidade de Coimbra coordena projeto europeu no dom\u00ednio do patrim\u00f3nio cultural colonial","datePublished":"2024-05-30T07:00:00+00:00","dateModified":"2024-05-27T13:14:49+00:00","mainEntityOfPage":{"@id":"http:\/\/perspetivaatual.pt\/index.php\/2024\/05\/30\/universidade-de-coimbra-coordena-projeto-europeu-no-dominio-do-patrimonio-cultural-colonial\/"},"wordCount":569,"commentCount":0,"publisher":{"@id":"https:\/\/perspetivaatual.pt\/#organization"},"image":{"@id":"http:\/\/perspetivaatual.pt\/index.php\/2024\/05\/30\/universidade-de-coimbra-coordena-projeto-europeu-no-dominio-do-patrimonio-cultural-colonial\/#primaryimage"},"thumbnailUrl":"http:\/\/perspetivaatual.pt\/wp-content\/uploads\/2024\/05\/imagem_nota_de_imprensa-1.1200x0-e1716808960297.jpeg","keywords":["coimbra","CONCILIARE","Confidently changing colonial heritage","educa\u00e7\u00e3o","ensino","Faculdade de Psicologia e Ci\u00eancias da Educa\u00e7\u00e3o","Psicologia Social","universidade","Universidade de Coimbra"],"articleSection":["Atualidade","Educa\u00e7\u00e3o","Investiga\u00e7\u00e3o"],"inLanguage":"pt-PT","potentialAction":[{"@type":"CommentAction","name":"Comment","target":["http:\/\/perspetivaatual.pt\/index.php\/2024\/05\/30\/universidade-de-coimbra-coordena-projeto-europeu-no-dominio-do-patrimonio-cultural-colonial\/#respond"]}]},{"@type":"WebPage","@id":"http:\/\/perspetivaatual.pt\/index.php\/2024\/05\/30\/universidade-de-coimbra-coordena-projeto-europeu-no-dominio-do-patrimonio-cultural-colonial\/","url":"http:\/\/perspetivaatual.pt\/index.php\/2024\/05\/30\/universidade-de-coimbra-coordena-projeto-europeu-no-dominio-do-patrimonio-cultural-colonial\/","name":"Universidade de Coimbra coordena projeto europeu no dom\u00ednio do patrim\u00f3nio cultural colonial - Perspetiva Atual","isPartOf":{"@id":"https:\/\/perspetivaatual.pt\/#website"},"primaryImageOfPage":{"@id":"http:\/\/perspetivaatual.pt\/index.php\/2024\/05\/30\/universidade-de-coimbra-coordena-projeto-europeu-no-dominio-do-patrimonio-cultural-colonial\/#primaryimage"},"image":{"@id":"http:\/\/perspetivaatual.pt\/index.php\/2024\/05\/30\/universidade-de-coimbra-coordena-projeto-europeu-no-dominio-do-patrimonio-cultural-colonial\/#primaryimage"},"thumbnailUrl":"http:\/\/perspetivaatual.pt\/wp-content\/uploads\/2024\/05\/imagem_nota_de_imprensa-1.1200x0-e1716808960297.jpeg","datePublished":"2024-05-30T07:00:00+00:00","dateModified":"2024-05-27T13:14:49+00:00","breadcrumb":{"@id":"http:\/\/perspetivaatual.pt\/index.php\/2024\/05\/30\/universidade-de-coimbra-coordena-projeto-europeu-no-dominio-do-patrimonio-cultural-colonial\/#breadcrumb"},"inLanguage":"pt-PT","potentialAction":[{"@type":"ReadAction","target":["http:\/\/perspetivaatual.pt\/index.php\/2024\/05\/30\/universidade-de-coimbra-coordena-projeto-europeu-no-dominio-do-patrimonio-cultural-colonial\/"]}]},{"@type":"ImageObject","inLanguage":"pt-PT","@id":"http:\/\/perspetivaatual.pt\/index.php\/2024\/05\/30\/universidade-de-coimbra-coordena-projeto-europeu-no-dominio-do-patrimonio-cultural-colonial\/#primaryimage","url":"http:\/\/perspetivaatual.pt\/wp-content\/uploads\/2024\/05\/imagem_nota_de_imprensa-1.1200x0-e1716808960297.jpeg","contentUrl":"http:\/\/perspetivaatual.pt\/wp-content\/uploads\/2024\/05\/imagem_nota_de_imprensa-1.1200x0-e1716808960297.jpeg","width":1200,"height":693},{"@type":"BreadcrumbList","@id":"http:\/\/perspetivaatual.pt\/index.php\/2024\/05\/30\/universidade-de-coimbra-coordena-projeto-europeu-no-dominio-do-patrimonio-cultural-colonial\/#breadcrumb","itemListElement":[{"@type":"ListItem","position":1,"name":"Home","item":"https:\/\/perspetivaatual.pt\/"},{"@type":"ListItem","position":2,"name":"Universidade de Coimbra coordena projeto europeu no dom\u00ednio do patrim\u00f3nio cultural colonial"}]},{"@type":"WebSite","@id":"https:\/\/perspetivaatual.pt\/#website","url":"https:\/\/perspetivaatual.pt\/","name":"Perspetiva Atual","description":"Olhar Portugal, de diferentes formas","publisher":{"@id":"https:\/\/perspetivaatual.pt\/#organization"},"potentialAction":[{"@type":"SearchAction","target":{"@type":"EntryPoint","urlTemplate":"https:\/\/perspetivaatual.pt\/?s={search_term_string}"},"query-input":{"@type":"PropertyValueSpecification","valueRequired":true,"valueName":"search_term_string"}}],"inLanguage":"pt-PT"},{"@type":"Organization","@id":"https:\/\/perspetivaatual.pt\/#organization","name":"Perspetiva Atual","url":"https:\/\/perspetivaatual.pt\/","logo":{"@type":"ImageObject","inLanguage":"pt-PT","@id":"https:\/\/perspetivaatual.pt\/#\/schema\/logo\/image\/","url":"http:\/\/perspetivaatual.pt\/wp-content\/uploads\/2020\/08\/cropped-perspetiva_atual-.png","contentUrl":"http:\/\/perspetivaatual.pt\/wp-content\/uploads\/2020\/08\/cropped-perspetiva_atual-.png","width":618,"height":202,"caption":"Perspetiva Atual"},"image":{"@id":"https:\/\/perspetivaatual.pt\/#\/schema\/logo\/image\/"}},{"@type":"Person","@id":"https:\/\/perspetivaatual.pt\/#\/schema\/person\/4c9d5a8b179d047c3220dfa32fd6b658","name":"Jo\u00e3o Malainho Perspetiva Atual","image":{"@type":"ImageObject","inLanguage":"pt-PT","@id":"https:\/\/perspetivaatual.pt\/#\/schema\/person\/image\/","url":"https:\/\/secure.gravatar.com\/avatar\/fd918e8a58374b02896337d62716969a?s=96&d=mm&r=g","contentUrl":"https:\/\/secure.gravatar.com\/avatar\/fd918e8a58374b02896337d62716969a?s=96&d=mm&r=g","caption":"Jo\u00e3o Malainho Perspetiva Atual"},"sameAs":["http:\/\/perspetivaatual.pt"],"url":"http:\/\/perspetivaatual.pt\/index.php\/author\/joaomalainhoii\/"}]}},"featured_image_urls":{"full":["http:\/\/perspetivaatual.pt\/wp-content\/uploads\/2024\/05\/imagem_nota_de_imprensa-1.1200x0-e1716808960297.jpeg",1200,693,false],"thumbnail":["http:\/\/perspetivaatual.pt\/wp-content\/uploads\/2024\/05\/imagem_nota_de_imprensa-1.1200x0-e1716808960297-150x150.jpeg",150,150,true],"medium":["http:\/\/perspetivaatual.pt\/wp-content\/uploads\/2024\/05\/imagem_nota_de_imprensa-1.1200x0-e1716808960297-300x173.jpeg",300,173,true],"medium_large":["http:\/\/perspetivaatual.pt\/wp-content\/uploads\/2024\/05\/imagem_nota_de_imprensa-1.1200x0-e1716808960297-768x444.jpeg",640,370,true],"large":["http:\/\/perspetivaatual.pt\/wp-content\/uploads\/2024\/05\/imagem_nota_de_imprensa-1.1200x0-e1716808960297-1024x591.jpeg",640,369,true],"1536x1536":["http:\/\/perspetivaatual.pt\/wp-content\/uploads\/2024\/05\/imagem_nota_de_imprensa-1.1200x0-e1716808960297.jpeg",1200,693,false],"2048x2048":["http:\/\/perspetivaatual.pt\/wp-content\/uploads\/2024\/05\/imagem_nota_de_imprensa-1.1200x0-e1716808960297.jpeg",1200,693,false],"magazine-7-slider-full":["http:\/\/perspetivaatual.pt\/wp-content\/uploads\/2024\/05\/imagem_nota_de_imprensa-1.1200x0-e1716808960297.jpeg",1200,693,false],"magazine-7-slider-center":["http:\/\/perspetivaatual.pt\/wp-content\/uploads\/2024\/05\/imagem_nota_de_imprensa-1.1200x0-e1716808960297-936x693.jpeg",936,693,true],"magazine-7-featured":["http:\/\/perspetivaatual.pt\/wp-content\/uploads\/2024\/05\/imagem_nota_de_imprensa-1.1200x0-e1716808960297-1024x591.jpeg",1024,591,true],"magazine-7-medium":["http:\/\/perspetivaatual.pt\/wp-content\/uploads\/2024\/05\/imagem_nota_de_imprensa-1.1200x0-e1716808960297-720x380.jpeg",720,380,true],"magazine-7-medium-square":["http:\/\/perspetivaatual.pt\/wp-content\/uploads\/2024\/05\/imagem_nota_de_imprensa-1.1200x0-e1716808960297-675x450.jpeg",675,450,true],"rpwe-thumbnail":["http:\/\/perspetivaatual.pt\/wp-content\/uploads\/2024\/05\/imagem_nota_de_imprensa-1.1200x0-e1716808960297-45x45.jpeg",45,45,true]},"author_info":{"info":[false]},"category_info":"<a href=\"http:\/\/perspetivaatual.pt\/index.php\/category\/atualidade\/\" rel=\"category tag\">Atualidade<\/a> <a href=\"http:\/\/perspetivaatual.pt\/index.php\/category\/educacao\/\" rel=\"category tag\">Educa\u00e7\u00e3o<\/a> <a href=\"http:\/\/perspetivaatual.pt\/index.php\/category\/investigacao\/\" rel=\"category tag\">Investiga\u00e7\u00e3o<\/a>","tag_info":"Investiga\u00e7\u00e3o","comment_count":"0","_links":{"self":[{"href":"http:\/\/perspetivaatual.pt\/index.php\/wp-json\/wp\/v2\/posts\/3853","targetHints":{"allow":["GET"]}}],"collection":[{"href":"http:\/\/perspetivaatual.pt\/index.php\/wp-json\/wp\/v2\/posts"}],"about":[{"href":"http:\/\/perspetivaatual.pt\/index.php\/wp-json\/wp\/v2\/types\/post"}],"author":[{"embeddable":true,"href":"http:\/\/perspetivaatual.pt\/index.php\/wp-json\/wp\/v2\/users\/5"}],"replies":[{"embeddable":true,"href":"http:\/\/perspetivaatual.pt\/index.php\/wp-json\/wp\/v2\/comments?post=3853"}],"version-history":[{"count":0,"href":"http:\/\/perspetivaatual.pt\/index.php\/wp-json\/wp\/v2\/posts\/3853\/revisions"}],"wp:featuredmedia":[{"embeddable":true,"href":"http:\/\/perspetivaatual.pt\/index.php\/wp-json\/wp\/v2\/media\/3854"}],"wp:attachment":[{"href":"http:\/\/perspetivaatual.pt\/index.php\/wp-json\/wp\/v2\/media?parent=3853"}],"wp:term":[{"taxonomy":"category","embeddable":true,"href":"http:\/\/perspetivaatual.pt\/index.php\/wp-json\/wp\/v2\/categories?post=3853"},{"taxonomy":"post_tag","embeddable":true,"href":"http:\/\/perspetivaatual.pt\/index.php\/wp-json\/wp\/v2\/tags?post=3853"}],"curies":[{"name":"wp","href":"https:\/\/api.w.org\/{rel}","templated":true}]}}