{"id":3988,"date":"2024-07-19T08:53:07","date_gmt":"2024-07-19T08:53:07","guid":{"rendered":"https:\/\/perspetivaatual.pt\/?p=3988"},"modified":"2024-07-19T08:53:07","modified_gmt":"2024-07-19T08:53:07","slug":"crescimento-inovacao-e-internacionalizacao-santarem-destaca-se","status":"publish","type":"post","link":"http:\/\/perspetivaatual.pt\/index.php\/2024\/07\/19\/crescimento-inovacao-e-internacionalizacao-santarem-destaca-se\/","title":{"rendered":"Crescimento, Inova\u00e7\u00e3o e Internacionaliza\u00e7\u00e3o: Santar\u00e9m destaca-se"},"content":{"rendered":"\n<p><strong>Aquando dos 45 anos de exist\u00eancia do Instituto Polit\u00e9cnico de Santar\u00e9m, o Presidente, Jo\u00e3o Mout\u00e3o, ressalva conquistas e marcos ao longo deste per\u00edodo. Desde a expans\u00e3o da oferta formativa at\u00e9 \u00e0 forte liga\u00e7\u00e3o com a comunidade, a institui\u00e7\u00e3o evidencia-se pelo ensino de excel\u00eancia, a par da investiga\u00e7\u00e3o de alta qualidade e o forte impacto no desenvolvimento socioecon\u00f3mico da regi\u00e3o.<\/strong><\/p>\n\n\n\n<p><\/p>\n\n\n\n<p><strong>Perspetiva Atual: Assinalando os 45 anos do Instituto Polit\u00e9cnico de Santar\u00e9m (IPSantar\u00e9m), quais s\u00e3o as principais conquistas e marcos que a institui\u00e7\u00e3o alcan\u00e7ou ao longo destas d\u00e9cadas?<\/strong><\/p>\n\n\n\n<figure class=\"wp-block-image alignright size-large is-resized\"><img loading=\"lazy\" decoding=\"async\" src=\"https:\/\/perspetivaatual.pt\/wp-content\/uploads\/2024\/07\/Prof.-Joao-Moutao-10_Easy-Resize.com_-768x1024.jpg\" alt=\"\" class=\"wp-image-3989\" width=\"326\" height=\"433\"\/><figcaption class=\"wp-element-caption\">Professor Jo\u00e3o Mout\u00e3o, Presidente do IPSantar\u00e9m<\/figcaption><\/figure>\n\n\n\n<p><strong>Jo\u00e3o Mout\u00e3o:<\/strong> Nestes 45 anos, o IPSantar\u00e9m cresceu e transformou-se, tornando-se um vasto oceano de conhecimento e oportunidades. Pass\u00e1mos de 2 para 5 escolas, de poucos cursos n\u00e3o conferentes de grau para 76 cursos conferentes de grau, e de poucas dezenas de estudantes para mais de 5000, este ano.<\/p>\n\n\n\n<p>O nosso projeto educativo assenta em 3 pilares: foco nos estudantes, ensino aplicado alicer\u00e7ado no conhecimento e inova\u00e7\u00e3o e forte liga\u00e7\u00e3o \u00e0 regi\u00e3o e redes de coopera\u00e7\u00e3o internacional. Temos um impacto transformador, contribuindo para o desenvolvimento econ\u00f3mico e social da regi\u00e3o. Por exemplo, em Rio Maior a nossa escola trouxe rejuvenescimento e dinamismo \u00e0 cidade.<\/p>\n\n\n\n<p>Somos reconhecidos pelo ensino de excel\u00eancia, proximidade aos estudantes e compromisso com o desenvolvimento regional. Mas n\u00e3o nos acomodamos &#8211; continuaremos a expandir a oferta formativa, a apostar na investiga\u00e7\u00e3o e forma\u00e7\u00e3o avan\u00e7ada, e a proporcionar as melhores condi\u00e7\u00f5es aos nossos estudantes e trabalhadores.<\/p>\n\n\n\n<p><\/p>\n\n\n\n<p><\/p>\n\n\n\n<p><strong>PA: Indubitavelmente, o IPSantar\u00e9m desempenha um papel significativo na economia local. Poderia explicar de que forma o Polit\u00e9cnico contribui para o desenvolvimento econ\u00f3mico da regi\u00e3o de Santar\u00e9m, fomentado a cria\u00e7\u00e3o de postos de emprego e prestando apoio \u00e0s empresas locais?<\/strong><\/p>\n\n\n\n<p><strong>JM:<\/strong> O Instituto Polit\u00e9cnico de Santar\u00e9m \u00e9 um pilar fundamental para o desenvolvimento econ\u00f3mico da regi\u00e3o, enquanto verdadeiro catalisador de conhecimento, inova\u00e7\u00e3o e desenvolvimento econ\u00f3mico, social e cultural.<\/p>\n\n\n\n<p>O nosso foco tem sido direcionado para setores estrat\u00e9gicos onde a regi\u00e3o det\u00e9m claras vantagens competitivas. Ao alinharmos a nossa oferta formativa, que inclui cursos nas \u00e1reas da agricultura, sa\u00fade, educa\u00e7\u00e3o, gest\u00e3o e desporto, com as reais necessidades do tecido empresarial, estamos a contribuir de forma decisiva para a cria\u00e7\u00e3o de emprego qualificado e para o refor\u00e7o da competitividade regional.<\/p>\n\n\n\n<p>Al\u00e9m disso, o Polit\u00e9cnico est\u00e1 envolvido em diversos projetos de investiga\u00e7\u00e3o aplicada e transfer\u00eancia de conhecimento, em parceria com empresas locais. Estes projetos demonstram o nosso forte compromisso em colocar o conhecimento gerado no Polit\u00e9cnico, ao servi\u00e7o do desenvolvimento econ\u00f3mico da regi\u00e3o de Santar\u00e9m.<\/p>\n\n\n\n<p><strong>PA: O IPSantar\u00e9m tem vindo a afirmar-se como uma institui\u00e7\u00e3o de refer\u00eancia na investiga\u00e7\u00e3o aplicada. Quais s\u00e3o os principais centros de investiga\u00e7\u00e3o e projetos em curso?<\/strong><\/p>\n\n\n\n<p><strong>JM:<\/strong> O IPSantar\u00e9m tem apostado fortemente na investiga\u00e7\u00e3o aplicada, contribuindo ativamente para a produ\u00e7\u00e3o e difus\u00e3o do conhecimento num quadro de refer\u00eancia regional, nacional e internacional. Atualmente, integramos 6 centros de investiga\u00e7\u00e3o em \u00e1reas estrat\u00e9gicas para o desenvolvimento do territ\u00f3rio:<\/p>\n\n\n\n<ul class=\"wp-block-list\">\n<li>O Centro de Estudos de Recursos Naturais, Ambiente e Sociedade (CERNAS), com um polo na Escola Superior Agr\u00e1ria de Santar\u00e9m, tem desenvolvido investiga\u00e7\u00e3o em dom\u00ednios como a sustentabilidade agr\u00edcola, valoriza\u00e7\u00e3o de produtos end\u00f3genos e gest\u00e3o eficiente da \u00e1gua, em estreita colabora\u00e7\u00e3o com o setor agroindustrial da regi\u00e3o.<\/li>\n\n\n\n<li>O Centro de Investiga\u00e7\u00e3o em Qualidade de Vida (CIEQV) tem promovido projetos inovadores na melhoria da qualidade de vida e bem-estar das popula\u00e7\u00f5es, em parceria com autarquias e institui\u00e7\u00f5es sociais.<\/li>\n\n\n\n<li>O Centro de Investiga\u00e7\u00e3o, Inova\u00e7\u00e3o e Tecnologia do Desporto, Atividade F\u00edsica e Sa\u00fade (SPRINT) e o Centro de Investiga\u00e7\u00e3o em Desporto, Sa\u00fade e Desenvolvimento Humano (CIDESD), ambos na Escola Superior de Desporto de Rio Maior, dedicam-se \u00e0 investiga\u00e7\u00e3o em ci\u00eancias do desporto, com impacto na promo\u00e7\u00e3o da atividade f\u00edsica e estilos de vida saud\u00e1veis na comunidade.<\/li>\n\n\n\n<li>O P\u00f3lo em Literacia Digital e Inclus\u00e3o Social do Centro de Investiga\u00e7\u00e3o em Artes e Comunica\u00e7\u00e3o (CIAC), na Escola Superior de Educa\u00e7\u00e3o de Santar\u00e9m, tem promovido projetos de capacita\u00e7\u00e3o digital de p\u00fablicos vulner\u00e1veis, contribuindo para reduzir a infoexclus\u00e3o no territ\u00f3rio.<\/li>\n\n\n\n<li>A Rede de Investiga\u00e7\u00e3o em Sa\u00fade (RISE-Health), que integra investigadores da Escola Superior de Sa\u00fade de Santar\u00e9m, \u00e9 uma rede colaborativa focada em desafios relevantes para a regi\u00e3o, como o envelhecimento e as doen\u00e7as cr\u00f3nicas.<\/li>\n<\/ul>\n\n\n\n<p>Destaca-se ainda a forte liga\u00e7\u00e3o da nossa investiga\u00e7\u00e3o \u00e0 comunidade, atrav\u00e9s da presta\u00e7\u00e3o de servi\u00e7os especializados e da transfer\u00eancia de conhecimento para o tecido empresarial e social da regi\u00e3o. Queremos continuar a ser um motor de inova\u00e7\u00e3o e desenvolvimento regional atrav\u00e9s da ci\u00eancia aplicada.<\/p>\n\n\n\n<p><strong>PA: De que forma o IPSantar\u00e9m tem adaptado e atualizado a sua vasta e variada oferta formativa para conseguir atender \u00e0s demandas e tend\u00eancias do mercado de trabalho, preparando os estudantes para os desafios atuais?<\/strong><\/p>\n\n\n\n<p><strong>JM:<\/strong> Temos vindo a realizar um trabalho cont\u00ednuo e estrat\u00e9gico de adapta\u00e7\u00e3o e atualiza\u00e7\u00e3o da nossa oferta formativa, com o objetivo claro de responder \u00e0s demandas e tend\u00eancias do mercado de trabalho e preparar os nossos estudantes para os desafios atuais e futuros.<\/p>\n\n\n\n<p>Entre 2023 e 2024, lan\u00e7\u00e1mos dez novos cursos de mestrado, com destaque para \u00e1reas em forte crescimento e procura, como Gest\u00e3o, Enfermagem, Desporto, Inform\u00e1tica, Educa\u00e7\u00e3o e Engenharia Zoot\u00e9cnica. Ao n\u00edvel das licenciaturas, introduzimos igualmente novos cursos, como Biologia e Biotecnologia Alimentar e Gest\u00e3o de Empresas. Esta expans\u00e3o e diversifica\u00e7\u00e3o da oferta formativa demonstra o nosso compromisso em alinhar o ensino com as reais necessidades do tecido empresarial e da sociedade.<\/p>\n\n\n\n<p>Al\u00e9m disso, temos vindo a adaptar os curricula dos nossos cursos \u00e0s novas solicita\u00e7\u00f5es de mercado e \u00e0s necessidades formativas do pa\u00eds. A nossa oferta formativa procura um equil\u00edbrio entre os fundamentos te\u00f3ricos e as respetivas aplica\u00e7\u00f5es pr\u00e1ticas, habilitando os estudantes com um conjunto de val\u00eancias que asseguram a sua contribui\u00e7\u00e3o ativa para a melhoria da competitividade econ\u00f3mica da regi\u00e3o.<\/p>\n\n\n\n<p>Estamos tamb\u00e9m empenhados em abranger novos segmentos de p\u00fablicos, como os Maiores de 23 anos, atrav\u00e9s de condi\u00e7\u00f5es especiais de acesso e do reconhecimento da experi\u00eancia profissional. Apostamos ainda no desenvolvimento de cursos de forma\u00e7\u00e3o p\u00f3s-secund\u00e1ria, como os Cursos T\u00e9cnicos Superiores Profissionais (TeSP), que conferem uma qualifica\u00e7\u00e3o de n\u00edvel 5 e permitem o acesso direto \u00e0s nossas licenciaturas.<\/p>\n\n\n\n<p>Para garantir uma liga\u00e7\u00e3o estreita com o mercado de trabalho, temos vindo a refor\u00e7ar as parcerias com empresas e organiza\u00e7\u00f5es da sociedade civil atrav\u00e9s da nossa Rede Parceiros Corporate. Esta colabora\u00e7\u00e3o permite-nos desenvolver novos conte\u00fados, solu\u00e7\u00f5es inovadoras e uma aprendizagem partilhada entre a sala de aula e os contextos reais de trabalho.<\/p>\n\n\n\n<p><strong>PA: A internacionaliza\u00e7\u00e3o \u00e9, cada vez mais, parte fundamental da pol\u00edtica de muitas institui\u00e7\u00f5es de Ensino Superior. Quais s\u00e3o as principais parcerias que o IPSantar\u00e9m mant\u00e9m e de que forma estas colabora\u00e7\u00f5es beneficiam os estudantes e o corpo docente em termos de mobilidade e interc\u00e2mbio acad\u00e9mico?<\/strong><\/p>\n\n\n\n<p><strong>JM:<\/strong> A recente aprova\u00e7\u00e3o da candidatura para a cria\u00e7\u00e3o da Universidade Europeia ACE2-EU \u2013 Applied, Connected, Entrepreneurial and Engaged European University, liderada pelo IPSantar\u00e9m, \u00e9 um marco hist\u00f3rico que ir\u00e1 transformar profundamente a nossa institui\u00e7\u00e3o e \u00e9 tamb\u00e9m a nossa principal aposta.<\/p>\n\n\n\n<p>Esta Universidade Europeia, que envolve um cons\u00f3rcio de 9 institui\u00e7\u00f5es de ensino superior de 9 pa\u00edses europeus, desde a Alemanha \u00e0 Maced\u00f3nia do Norte, ir\u00e1 permitir a cria\u00e7\u00e3o de programas de estudo conjuntos altamente inovadores e disruptivos, com uma forte componente pr\u00e1tica e orientados para a resolu\u00e7\u00e3o de desafios reais. Estes &#8220;cursos europeus&#8221; representam o movimento mais transformador no ensino superior desde o Processo de Bolonha, pois assentam numa l\u00f3gica de cocria\u00e7\u00e3o entre as universidades parceiras, as empresas e a sociedade civil.<\/p>\n\n\n\n<p>Al\u00e9m disso, a ACE2-EU ir\u00e1 exponenciar enormemente a mobilidade de estudantes, docentes e staff entre as institui\u00e7\u00f5es parceiras, proporcionando experi\u00eancias acad\u00e9micas e culturais verdadeiramente enriquecedoras e preparando os nossos estudantes para serem cidad\u00e3os europeus ativos. A possibilidade de obter um diploma conjunto reconhecido em v\u00e1rios pa\u00edses, ser\u00e1 uma vantagem competitiva \u00fanica para a empregabilidade dos nossos graduados.<\/p>\n\n\n\n<p>No plano da investiga\u00e7\u00e3o, esta Universidade Europeia ir\u00e1 impulsionar o desenvolvimento de projetos colaborativos ambiciosos, juntando equipas multidisciplinares dos v\u00e1rios parceiros para criar novo conhecimento e solu\u00e7\u00f5es inovadoras para os desafios societais. O foco na investiga\u00e7\u00e3o aplicada, na inova\u00e7\u00e3o pedag\u00f3gica e no empreendedorismo far\u00e1 do IPSantar\u00e9m um agente ainda mais relevante na transfer\u00eancia de conhecimento e na dinamiza\u00e7\u00e3o do ecossistema regional de inova\u00e7\u00e3o.<\/p>\n\n\n\n<p>Em suma, a participa\u00e7\u00e3o do IPSantar\u00e9m na cria\u00e7\u00e3o da ACE2-EU representa um salto qualitativo enorme na nossa estrat\u00e9gia de internacionaliza\u00e7\u00e3o. Mais do que uma mera rede de coopera\u00e7\u00e3o, estamos a construir uma verdadeira Universidade Europeia, assente em valores partilhados e numa vis\u00e3o comum para o futuro do ensino superior. Esta iniciativa transformadora ir\u00e1 elevar o IPSantar\u00e9m para um novo patamar de prest\u00edgio, atratividade e relev\u00e2ncia no contexto europeu.<\/p>\n","protected":false},"excerpt":{"rendered":"<p>Aquando dos 45 anos de exist\u00eancia do Instituto Polit\u00e9cnico de Santar\u00e9m, o Presidente, Jo\u00e3o Mout\u00e3o,<\/p>\n","protected":false},"author":5,"featured_media":3995,"comment_status":"open","ping_status":"open","sticky":false,"template":"","format":"standard","meta":{"footnotes":""},"categories":[11,3],"tags":[56,55,309,111,303],"class_list":["post-3988","post","type-post","status-publish","format-standard","has-post-thumbnail","hentry","category-destaques","category-educacao","tag-educacao-2","tag-ensino","tag-ensino-superior","tag-instituto-politecnico-de-santarem","tag-ipsantarem"],"yoast_head":"<!-- This site is optimized with the Yoast SEO plugin v24.2 - https:\/\/yoast.com\/wordpress\/plugins\/seo\/ -->\n<title>Crescimento, Inova\u00e7\u00e3o e Internacionaliza\u00e7\u00e3o: Santar\u00e9m destaca-se - Perspetiva Atual<\/title>\n<meta name=\"robots\" content=\"index, follow, max-snippet:-1, max-image-preview:large, max-video-preview:-1\" \/>\n<link rel=\"canonical\" href=\"http:\/\/perspetivaatual.pt\/index.php\/2024\/07\/19\/crescimento-inovacao-e-internacionalizacao-santarem-destaca-se\/\" \/>\n<meta property=\"og:locale\" content=\"pt_PT\" \/>\n<meta property=\"og:type\" content=\"article\" \/>\n<meta property=\"og:title\" content=\"Crescimento, Inova\u00e7\u00e3o e Internacionaliza\u00e7\u00e3o: Santar\u00e9m destaca-se - Perspetiva Atual\" \/>\n<meta property=\"og:description\" content=\"Aquando dos 45 anos de exist\u00eancia do Instituto Polit\u00e9cnico de Santar\u00e9m, o Presidente, Jo\u00e3o Mout\u00e3o,\" \/>\n<meta property=\"og:url\" content=\"http:\/\/perspetivaatual.pt\/index.php\/2024\/07\/19\/crescimento-inovacao-e-internacionalizacao-santarem-destaca-se\/\" \/>\n<meta property=\"og:site_name\" content=\"Perspetiva Atual\" \/>\n<meta property=\"article:published_time\" content=\"2024-07-19T08:53:07+00:00\" \/>\n<meta property=\"og:image\" content=\"http:\/\/perspetivaatual.pt\/wp-content\/uploads\/2024\/07\/ipsantarem_drone.jpg\" \/>\n\t<meta property=\"og:image:width\" content=\"800\" \/>\n\t<meta property=\"og:image:height\" content=\"462\" \/>\n\t<meta property=\"og:image:type\" content=\"image\/jpeg\" \/>\n<meta name=\"author\" content=\"Jo\u00e3o Malainho Perspetiva Atual\" \/>\n<meta name=\"twitter:card\" content=\"summary_large_image\" \/>\n<meta name=\"twitter:label1\" content=\"Escrito por\" \/>\n\t<meta name=\"twitter:data1\" content=\"\" \/>\n\t<meta name=\"twitter:label2\" content=\"Tempo estimado de leitura\" \/>\n\t<meta name=\"twitter:data2\" content=\"8 minutos\" \/>\n<script type=\"application\/ld+json\" class=\"yoast-schema-graph\">{\"@context\":\"https:\/\/schema.org\",\"@graph\":[{\"@type\":\"Article\",\"@id\":\"http:\/\/perspetivaatual.pt\/index.php\/2024\/07\/19\/crescimento-inovacao-e-internacionalizacao-santarem-destaca-se\/#article\",\"isPartOf\":{\"@id\":\"http:\/\/perspetivaatual.pt\/index.php\/2024\/07\/19\/crescimento-inovacao-e-internacionalizacao-santarem-destaca-se\/\"},\"author\":{\"name\":\"Jo\u00e3o Malainho Perspetiva Atual\",\"@id\":\"https:\/\/perspetivaatual.pt\/#\/schema\/person\/4c9d5a8b179d047c3220dfa32fd6b658\"},\"headline\":\"Crescimento, Inova\u00e7\u00e3o e Internacionaliza\u00e7\u00e3o: Santar\u00e9m destaca-se\",\"datePublished\":\"2024-07-19T08:53:07+00:00\",\"dateModified\":\"2024-07-19T08:53:07+00:00\",\"mainEntityOfPage\":{\"@id\":\"http:\/\/perspetivaatual.pt\/index.php\/2024\/07\/19\/crescimento-inovacao-e-internacionalizacao-santarem-destaca-se\/\"},\"wordCount\":1623,\"commentCount\":0,\"publisher\":{\"@id\":\"https:\/\/perspetivaatual.pt\/#organization\"},\"image\":{\"@id\":\"http:\/\/perspetivaatual.pt\/index.php\/2024\/07\/19\/crescimento-inovacao-e-internacionalizacao-santarem-destaca-se\/#primaryimage\"},\"thumbnailUrl\":\"http:\/\/perspetivaatual.pt\/wp-content\/uploads\/2024\/07\/ipsantarem_drone.jpg\",\"keywords\":[\"educa\u00e7\u00e3o\",\"ensino\",\"Ensino Superior\",\"Instituto Polit\u00e9cnico de Santar\u00e9m\",\"IPSantar\u00e9m\"],\"articleSection\":[\"Destaques\",\"Educa\u00e7\u00e3o\"],\"inLanguage\":\"pt-PT\",\"potentialAction\":[{\"@type\":\"CommentAction\",\"name\":\"Comment\",\"target\":[\"http:\/\/perspetivaatual.pt\/index.php\/2024\/07\/19\/crescimento-inovacao-e-internacionalizacao-santarem-destaca-se\/#respond\"]}]},{\"@type\":\"WebPage\",\"@id\":\"http:\/\/perspetivaatual.pt\/index.php\/2024\/07\/19\/crescimento-inovacao-e-internacionalizacao-santarem-destaca-se\/\",\"url\":\"http:\/\/perspetivaatual.pt\/index.php\/2024\/07\/19\/crescimento-inovacao-e-internacionalizacao-santarem-destaca-se\/\",\"name\":\"Crescimento, Inova\u00e7\u00e3o e Internacionaliza\u00e7\u00e3o: Santar\u00e9m destaca-se - Perspetiva Atual\",\"isPartOf\":{\"@id\":\"https:\/\/perspetivaatual.pt\/#website\"},\"primaryImageOfPage\":{\"@id\":\"http:\/\/perspetivaatual.pt\/index.php\/2024\/07\/19\/crescimento-inovacao-e-internacionalizacao-santarem-destaca-se\/#primaryimage\"},\"image\":{\"@id\":\"http:\/\/perspetivaatual.pt\/index.php\/2024\/07\/19\/crescimento-inovacao-e-internacionalizacao-santarem-destaca-se\/#primaryimage\"},\"thumbnailUrl\":\"http:\/\/perspetivaatual.pt\/wp-content\/uploads\/2024\/07\/ipsantarem_drone.jpg\",\"datePublished\":\"2024-07-19T08:53:07+00:00\",\"dateModified\":\"2024-07-19T08:53:07+00:00\",\"breadcrumb\":{\"@id\":\"http:\/\/perspetivaatual.pt\/index.php\/2024\/07\/19\/crescimento-inovacao-e-internacionalizacao-santarem-destaca-se\/#breadcrumb\"},\"inLanguage\":\"pt-PT\",\"potentialAction\":[{\"@type\":\"ReadAction\",\"target\":[\"http:\/\/perspetivaatual.pt\/index.php\/2024\/07\/19\/crescimento-inovacao-e-internacionalizacao-santarem-destaca-se\/\"]}]},{\"@type\":\"ImageObject\",\"inLanguage\":\"pt-PT\",\"@id\":\"http:\/\/perspetivaatual.pt\/index.php\/2024\/07\/19\/crescimento-inovacao-e-internacionalizacao-santarem-destaca-se\/#primaryimage\",\"url\":\"http:\/\/perspetivaatual.pt\/wp-content\/uploads\/2024\/07\/ipsantarem_drone.jpg\",\"contentUrl\":\"http:\/\/perspetivaatual.pt\/wp-content\/uploads\/2024\/07\/ipsantarem_drone.jpg\",\"width\":800,\"height\":462},{\"@type\":\"BreadcrumbList\",\"@id\":\"http:\/\/perspetivaatual.pt\/index.php\/2024\/07\/19\/crescimento-inovacao-e-internacionalizacao-santarem-destaca-se\/#breadcrumb\",\"itemListElement\":[{\"@type\":\"ListItem\",\"position\":1,\"name\":\"Home\",\"item\":\"https:\/\/perspetivaatual.pt\/\"},{\"@type\":\"ListItem\",\"position\":2,\"name\":\"Crescimento, Inova\u00e7\u00e3o e Internacionaliza\u00e7\u00e3o: Santar\u00e9m destaca-se\"}]},{\"@type\":\"WebSite\",\"@id\":\"https:\/\/perspetivaatual.pt\/#website\",\"url\":\"https:\/\/perspetivaatual.pt\/\",\"name\":\"Perspetiva Atual\",\"description\":\"Olhar Portugal, de diferentes formas\",\"publisher\":{\"@id\":\"https:\/\/perspetivaatual.pt\/#organization\"},\"potentialAction\":[{\"@type\":\"SearchAction\",\"target\":{\"@type\":\"EntryPoint\",\"urlTemplate\":\"https:\/\/perspetivaatual.pt\/?s={search_term_string}\"},\"query-input\":{\"@type\":\"PropertyValueSpecification\",\"valueRequired\":true,\"valueName\":\"search_term_string\"}}],\"inLanguage\":\"pt-PT\"},{\"@type\":\"Organization\",\"@id\":\"https:\/\/perspetivaatual.pt\/#organization\",\"name\":\"Perspetiva Atual\",\"url\":\"https:\/\/perspetivaatual.pt\/\",\"logo\":{\"@type\":\"ImageObject\",\"inLanguage\":\"pt-PT\",\"@id\":\"https:\/\/perspetivaatual.pt\/#\/schema\/logo\/image\/\",\"url\":\"http:\/\/perspetivaatual.pt\/wp-content\/uploads\/2020\/08\/cropped-perspetiva_atual-.png\",\"contentUrl\":\"http:\/\/perspetivaatual.pt\/wp-content\/uploads\/2020\/08\/cropped-perspetiva_atual-.png\",\"width\":618,\"height\":202,\"caption\":\"Perspetiva Atual\"},\"image\":{\"@id\":\"https:\/\/perspetivaatual.pt\/#\/schema\/logo\/image\/\"}},{\"@type\":\"Person\",\"@id\":\"https:\/\/perspetivaatual.pt\/#\/schema\/person\/4c9d5a8b179d047c3220dfa32fd6b658\",\"name\":\"Jo\u00e3o Malainho Perspetiva Atual\",\"image\":{\"@type\":\"ImageObject\",\"inLanguage\":\"pt-PT\",\"@id\":\"https:\/\/perspetivaatual.pt\/#\/schema\/person\/image\/\",\"url\":\"https:\/\/secure.gravatar.com\/avatar\/fd918e8a58374b02896337d62716969a?s=96&d=mm&r=g\",\"contentUrl\":\"https:\/\/secure.gravatar.com\/avatar\/fd918e8a58374b02896337d62716969a?s=96&d=mm&r=g\",\"caption\":\"Jo\u00e3o Malainho Perspetiva Atual\"},\"sameAs\":[\"http:\/\/perspetivaatual.pt\"],\"url\":\"http:\/\/perspetivaatual.pt\/index.php\/author\/joaomalainhoii\/\"}]}<\/script>\n<!-- \/ Yoast SEO plugin. -->","yoast_head_json":{"title":"Crescimento, Inova\u00e7\u00e3o e Internacionaliza\u00e7\u00e3o: Santar\u00e9m destaca-se - Perspetiva Atual","robots":{"index":"index","follow":"follow","max-snippet":"max-snippet:-1","max-image-preview":"max-image-preview:large","max-video-preview":"max-video-preview:-1"},"canonical":"http:\/\/perspetivaatual.pt\/index.php\/2024\/07\/19\/crescimento-inovacao-e-internacionalizacao-santarem-destaca-se\/","og_locale":"pt_PT","og_type":"article","og_title":"Crescimento, Inova\u00e7\u00e3o e Internacionaliza\u00e7\u00e3o: Santar\u00e9m destaca-se - Perspetiva Atual","og_description":"Aquando dos 45 anos de exist\u00eancia do Instituto Polit\u00e9cnico de Santar\u00e9m, o Presidente, Jo\u00e3o Mout\u00e3o,","og_url":"http:\/\/perspetivaatual.pt\/index.php\/2024\/07\/19\/crescimento-inovacao-e-internacionalizacao-santarem-destaca-se\/","og_site_name":"Perspetiva Atual","article_published_time":"2024-07-19T08:53:07+00:00","og_image":[{"width":800,"height":462,"url":"http:\/\/perspetivaatual.pt\/wp-content\/uploads\/2024\/07\/ipsantarem_drone.jpg","type":"image\/jpeg"}],"author":"Jo\u00e3o Malainho Perspetiva Atual","twitter_card":"summary_large_image","twitter_misc":{"Escrito por":false,"Tempo estimado de leitura":"8 minutos"},"schema":{"@context":"https:\/\/schema.org","@graph":[{"@type":"Article","@id":"http:\/\/perspetivaatual.pt\/index.php\/2024\/07\/19\/crescimento-inovacao-e-internacionalizacao-santarem-destaca-se\/#article","isPartOf":{"@id":"http:\/\/perspetivaatual.pt\/index.php\/2024\/07\/19\/crescimento-inovacao-e-internacionalizacao-santarem-destaca-se\/"},"author":{"name":"Jo\u00e3o Malainho Perspetiva Atual","@id":"https:\/\/perspetivaatual.pt\/#\/schema\/person\/4c9d5a8b179d047c3220dfa32fd6b658"},"headline":"Crescimento, Inova\u00e7\u00e3o e Internacionaliza\u00e7\u00e3o: Santar\u00e9m destaca-se","datePublished":"2024-07-19T08:53:07+00:00","dateModified":"2024-07-19T08:53:07+00:00","mainEntityOfPage":{"@id":"http:\/\/perspetivaatual.pt\/index.php\/2024\/07\/19\/crescimento-inovacao-e-internacionalizacao-santarem-destaca-se\/"},"wordCount":1623,"commentCount":0,"publisher":{"@id":"https:\/\/perspetivaatual.pt\/#organization"},"image":{"@id":"http:\/\/perspetivaatual.pt\/index.php\/2024\/07\/19\/crescimento-inovacao-e-internacionalizacao-santarem-destaca-se\/#primaryimage"},"thumbnailUrl":"http:\/\/perspetivaatual.pt\/wp-content\/uploads\/2024\/07\/ipsantarem_drone.jpg","keywords":["educa\u00e7\u00e3o","ensino","Ensino Superior","Instituto Polit\u00e9cnico de Santar\u00e9m","IPSantar\u00e9m"],"articleSection":["Destaques","Educa\u00e7\u00e3o"],"inLanguage":"pt-PT","potentialAction":[{"@type":"CommentAction","name":"Comment","target":["http:\/\/perspetivaatual.pt\/index.php\/2024\/07\/19\/crescimento-inovacao-e-internacionalizacao-santarem-destaca-se\/#respond"]}]},{"@type":"WebPage","@id":"http:\/\/perspetivaatual.pt\/index.php\/2024\/07\/19\/crescimento-inovacao-e-internacionalizacao-santarem-destaca-se\/","url":"http:\/\/perspetivaatual.pt\/index.php\/2024\/07\/19\/crescimento-inovacao-e-internacionalizacao-santarem-destaca-se\/","name":"Crescimento, Inova\u00e7\u00e3o e Internacionaliza\u00e7\u00e3o: Santar\u00e9m destaca-se - Perspetiva Atual","isPartOf":{"@id":"https:\/\/perspetivaatual.pt\/#website"},"primaryImageOfPage":{"@id":"http:\/\/perspetivaatual.pt\/index.php\/2024\/07\/19\/crescimento-inovacao-e-internacionalizacao-santarem-destaca-se\/#primaryimage"},"image":{"@id":"http:\/\/perspetivaatual.pt\/index.php\/2024\/07\/19\/crescimento-inovacao-e-internacionalizacao-santarem-destaca-se\/#primaryimage"},"thumbnailUrl":"http:\/\/perspetivaatual.pt\/wp-content\/uploads\/2024\/07\/ipsantarem_drone.jpg","datePublished":"2024-07-19T08:53:07+00:00","dateModified":"2024-07-19T08:53:07+00:00","breadcrumb":{"@id":"http:\/\/perspetivaatual.pt\/index.php\/2024\/07\/19\/crescimento-inovacao-e-internacionalizacao-santarem-destaca-se\/#breadcrumb"},"inLanguage":"pt-PT","potentialAction":[{"@type":"ReadAction","target":["http:\/\/perspetivaatual.pt\/index.php\/2024\/07\/19\/crescimento-inovacao-e-internacionalizacao-santarem-destaca-se\/"]}]},{"@type":"ImageObject","inLanguage":"pt-PT","@id":"http:\/\/perspetivaatual.pt\/index.php\/2024\/07\/19\/crescimento-inovacao-e-internacionalizacao-santarem-destaca-se\/#primaryimage","url":"http:\/\/perspetivaatual.pt\/wp-content\/uploads\/2024\/07\/ipsantarem_drone.jpg","contentUrl":"http:\/\/perspetivaatual.pt\/wp-content\/uploads\/2024\/07\/ipsantarem_drone.jpg","width":800,"height":462},{"@type":"BreadcrumbList","@id":"http:\/\/perspetivaatual.pt\/index.php\/2024\/07\/19\/crescimento-inovacao-e-internacionalizacao-santarem-destaca-se\/#breadcrumb","itemListElement":[{"@type":"ListItem","position":1,"name":"Home","item":"https:\/\/perspetivaatual.pt\/"},{"@type":"ListItem","position":2,"name":"Crescimento, Inova\u00e7\u00e3o e Internacionaliza\u00e7\u00e3o: Santar\u00e9m destaca-se"}]},{"@type":"WebSite","@id":"https:\/\/perspetivaatual.pt\/#website","url":"https:\/\/perspetivaatual.pt\/","name":"Perspetiva Atual","description":"Olhar Portugal, de diferentes formas","publisher":{"@id":"https:\/\/perspetivaatual.pt\/#organization"},"potentialAction":[{"@type":"SearchAction","target":{"@type":"EntryPoint","urlTemplate":"https:\/\/perspetivaatual.pt\/?s={search_term_string}"},"query-input":{"@type":"PropertyValueSpecification","valueRequired":true,"valueName":"search_term_string"}}],"inLanguage":"pt-PT"},{"@type":"Organization","@id":"https:\/\/perspetivaatual.pt\/#organization","name":"Perspetiva Atual","url":"https:\/\/perspetivaatual.pt\/","logo":{"@type":"ImageObject","inLanguage":"pt-PT","@id":"https:\/\/perspetivaatual.pt\/#\/schema\/logo\/image\/","url":"http:\/\/perspetivaatual.pt\/wp-content\/uploads\/2020\/08\/cropped-perspetiva_atual-.png","contentUrl":"http:\/\/perspetivaatual.pt\/wp-content\/uploads\/2020\/08\/cropped-perspetiva_atual-.png","width":618,"height":202,"caption":"Perspetiva Atual"},"image":{"@id":"https:\/\/perspetivaatual.pt\/#\/schema\/logo\/image\/"}},{"@type":"Person","@id":"https:\/\/perspetivaatual.pt\/#\/schema\/person\/4c9d5a8b179d047c3220dfa32fd6b658","name":"Jo\u00e3o Malainho Perspetiva Atual","image":{"@type":"ImageObject","inLanguage":"pt-PT","@id":"https:\/\/perspetivaatual.pt\/#\/schema\/person\/image\/","url":"https:\/\/secure.gravatar.com\/avatar\/fd918e8a58374b02896337d62716969a?s=96&d=mm&r=g","contentUrl":"https:\/\/secure.gravatar.com\/avatar\/fd918e8a58374b02896337d62716969a?s=96&d=mm&r=g","caption":"Jo\u00e3o Malainho Perspetiva Atual"},"sameAs":["http:\/\/perspetivaatual.pt"],"url":"http:\/\/perspetivaatual.pt\/index.php\/author\/joaomalainhoii\/"}]}},"featured_image_urls":{"full":["http:\/\/perspetivaatual.pt\/wp-content\/uploads\/2024\/07\/ipsantarem_drone.jpg",800,462,false],"thumbnail":["http:\/\/perspetivaatual.pt\/wp-content\/uploads\/2024\/07\/ipsantarem_drone-150x150.jpg",150,150,true],"medium":["http:\/\/perspetivaatual.pt\/wp-content\/uploads\/2024\/07\/ipsantarem_drone-300x173.jpg",300,173,true],"medium_large":["http:\/\/perspetivaatual.pt\/wp-content\/uploads\/2024\/07\/ipsantarem_drone-768x444.jpg",640,370,true],"large":["http:\/\/perspetivaatual.pt\/wp-content\/uploads\/2024\/07\/ipsantarem_drone.jpg",640,370,false],"1536x1536":["http:\/\/perspetivaatual.pt\/wp-content\/uploads\/2024\/07\/ipsantarem_drone.jpg",800,462,false],"2048x2048":["http:\/\/perspetivaatual.pt\/wp-content\/uploads\/2024\/07\/ipsantarem_drone.jpg",800,462,false],"magazine-7-slider-full":["http:\/\/perspetivaatual.pt\/wp-content\/uploads\/2024\/07\/ipsantarem_drone.jpg",800,462,false],"magazine-7-slider-center":["http:\/\/perspetivaatual.pt\/wp-content\/uploads\/2024\/07\/ipsantarem_drone.jpg",800,462,false],"magazine-7-featured":["http:\/\/perspetivaatual.pt\/wp-content\/uploads\/2024\/07\/ipsantarem_drone.jpg",800,462,false],"magazine-7-medium":["http:\/\/perspetivaatual.pt\/wp-content\/uploads\/2024\/07\/ipsantarem_drone-720x380.jpg",720,380,true],"magazine-7-medium-square":["http:\/\/perspetivaatual.pt\/wp-content\/uploads\/2024\/07\/ipsantarem_drone-675x450.jpg",675,450,true],"rpwe-thumbnail":["http:\/\/perspetivaatual.pt\/wp-content\/uploads\/2024\/07\/ipsantarem_drone-45x45.jpg",45,45,true]},"author_info":{"info":[false]},"category_info":"<a href=\"http:\/\/perspetivaatual.pt\/index.php\/category\/destaques\/\" rel=\"category tag\">Destaques<\/a> <a href=\"http:\/\/perspetivaatual.pt\/index.php\/category\/educacao\/\" rel=\"category tag\">Educa\u00e7\u00e3o<\/a>","tag_info":"Educa\u00e7\u00e3o","comment_count":"0","_links":{"self":[{"href":"http:\/\/perspetivaatual.pt\/index.php\/wp-json\/wp\/v2\/posts\/3988","targetHints":{"allow":["GET"]}}],"collection":[{"href":"http:\/\/perspetivaatual.pt\/index.php\/wp-json\/wp\/v2\/posts"}],"about":[{"href":"http:\/\/perspetivaatual.pt\/index.php\/wp-json\/wp\/v2\/types\/post"}],"author":[{"embeddable":true,"href":"http:\/\/perspetivaatual.pt\/index.php\/wp-json\/wp\/v2\/users\/5"}],"replies":[{"embeddable":true,"href":"http:\/\/perspetivaatual.pt\/index.php\/wp-json\/wp\/v2\/comments?post=3988"}],"version-history":[{"count":0,"href":"http:\/\/perspetivaatual.pt\/index.php\/wp-json\/wp\/v2\/posts\/3988\/revisions"}],"wp:featuredmedia":[{"embeddable":true,"href":"http:\/\/perspetivaatual.pt\/index.php\/wp-json\/wp\/v2\/media\/3995"}],"wp:attachment":[{"href":"http:\/\/perspetivaatual.pt\/index.php\/wp-json\/wp\/v2\/media?parent=3988"}],"wp:term":[{"taxonomy":"category","embeddable":true,"href":"http:\/\/perspetivaatual.pt\/index.php\/wp-json\/wp\/v2\/categories?post=3988"},{"taxonomy":"post_tag","embeddable":true,"href":"http:\/\/perspetivaatual.pt\/index.php\/wp-json\/wp\/v2\/tags?post=3988"}],"curies":[{"name":"wp","href":"https:\/\/api.w.org\/{rel}","templated":true}]}}