{"id":4100,"date":"2024-10-25T07:00:00","date_gmt":"2024-10-25T07:00:00","guid":{"rendered":"https:\/\/perspetivaatual.pt\/?p=4100"},"modified":"2024-10-22T11:24:32","modified_gmt":"2024-10-22T11:24:32","slug":"tradicao-aliada-a-inovacao-educacao-integral-e-multiplicidade-pedagogica","status":"publish","type":"post","link":"http:\/\/perspetivaatual.pt\/index.php\/2024\/10\/25\/tradicao-aliada-a-inovacao-educacao-integral-e-multiplicidade-pedagogica\/","title":{"rendered":"Tradi\u00e7\u00e3o aliada \u00e0 Inova\u00e7\u00e3o: Educa\u00e7\u00e3o Integral e Multiplicidade Pedag\u00f3gica"},"content":{"rendered":"\n<p><strong>Com uma oferta formativa que vai desde a Educa\u00e7\u00e3o Pr\u00e9-Escolar at\u00e9 ao Ensino Secund\u00e1rio, o <a href=\"https:\/\/colegiocamoes.com\/\" target=\"_blank\" rel=\"noreferrer noopener\">Col\u00e9gio Cam\u00f5es<\/a>, em Rio Tinto, destaca-se pela multiplicidade pedag\u00f3gica aplicada. A institui\u00e7\u00e3o, parte do Grupo Ribadouro, preza pelo desenvolvimento integral dos alunos, promovendo um ambiente educativo que valoriza tanto o conhecimento te\u00f3rico quanto as rela\u00e7\u00f5es interpessoais.<\/strong><\/p>\n\n\n\n<p>O Col\u00e9gio Cam\u00f5es, atualmente sob a al\u00e7ada do Presidente da Dire\u00e7\u00e3o Pedag\u00f3gica Helder Martins, localiza-se em Rio Tinto, munic\u00edpio de Gondomar, e integra o Ribadouro, um grupo de ensino com mais de 50 anos de tradi\u00e7\u00e3o, do qual tamb\u00e9m fazem parte o Col\u00e9gio Ribadouro, o Col\u00e9gio da Trofa e o Col\u00e9gio do Ave. Este estabelecimento de ensino particular, que funciona em regime de autonomia pedag\u00f3gica, disp\u00f5e de uma oferta formativa que vai desde a Educa\u00e7\u00e3o Pr\u00e9-Escolar at\u00e9 ao Ensino Secund\u00e1rio, passando por todos os ciclos do Ensino B\u00e1sico.<\/p>\n\n\n\n<p>A exig\u00eancia, o rigor e o foco na individualidade de cada aluno sempre foram pilares estruturantes do projeto Ribadouro. Desde que assumiu a dire\u00e7\u00e3o pedag\u00f3gica do Cam\u00f5es, h\u00e1 tr\u00eas anos, Helder Martins tem trabalhado igualmente para \u201cconseguir alterar as organiza\u00e7\u00f5es escolares e as pol\u00edticas educativas numa l\u00f3gica bottom-up, ou seja, da sala de aula para os restantes n\u00edveis\u201d, conta. \u201cPor norma s\u00e3o as pol\u00edticas educativas que determinam aquilo que as escolas fazem e, consequentemente, o que acontece nas salas de aula\u201d, acrescenta.<\/p>\n\n\n\n<figure class=\"wp-block-image aligncenter size-full is-resized\"><img loading=\"lazy\" decoding=\"async\" src=\"https:\/\/perspetivaatual.pt\/wp-content\/uploads\/2024\/10\/IMG_2935.jpg\" alt=\"\" class=\"wp-image-4102\" width=\"660\" height=\"282\" srcset=\"http:\/\/perspetivaatual.pt\/wp-content\/uploads\/2024\/10\/IMG_2935.jpg 961w, http:\/\/perspetivaatual.pt\/wp-content\/uploads\/2024\/10\/IMG_2935-300x128.jpg 300w, http:\/\/perspetivaatual.pt\/wp-content\/uploads\/2024\/10\/IMG_2935-768x328.jpg 768w, http:\/\/perspetivaatual.pt\/wp-content\/uploads\/2024\/10\/IMG_2935-600x257.jpg 600w\" sizes=\"auto, (max-width: 660px) 100vw, 660px\" \/><\/figure>\n\n\n\n<p>Desta forma, procurando ir ao encontro do objeto de estudo do seu Doutoramento em Ci\u00eancias da Educa\u00e7\u00e3o, terminado em 2020, o diretor pedag\u00f3gico tem como objetivo inverter essa ordem, trazendo para a discuss\u00e3o as pr\u00e1ticas e necessidades reais que emergem do quotidiano escolar, para que as pol\u00edticas educativas possam responder de forma mais adequada e eficaz aos desafios enfrentados por docentes e discentes.<\/p>\n\n\n\n<p>Tendo lecionado Biologia e Geologia por mais de uma d\u00e9cada no Col\u00e9gio Ribadouro, Helder Martins conhece, na primeira pessoa, as din\u00e2micas de sala de aula e as car\u00eancias existentes. Com a autonomia que o novo cargo lhe confere, procura, no Col\u00e9gio Cam\u00f5es, \u201cinduzir essas e mais transforma\u00e7\u00f5es com algum conhecimento de base\u201d, confessa. Assim, o projeto educativo, alicer\u00e7ado numa matriz comum \u00e0s escolas do Grupo Ribadouro, pressup\u00f5e o tra\u00e7ar \u201cde caminhos de alguma diferencia\u00e7\u00e3o\u201d, necess\u00e1rios, tendo em conta a heterogeneidade estudantil e diversidade de perfis de cada col\u00e9gio, em que \u201ca pessoa \u00e9 o foco: seja o aluno, o professor, o assistente educativo ou o pai\u201d.<\/p>\n\n\n\n<p><strong>PROJETO EDUCATIVO CAMONIANO<\/strong><\/p>\n\n\n\n<p>\u201cCreio que as escolas t\u00eam de trabalhar numa l\u00f3gica de antecipa\u00e7\u00e3o e n\u00e3o de remedia\u00e7\u00e3o\u201d, explica o diretor pedag\u00f3gico. \u201cN\u00f3s queremos preparar os alunos para a imprevisibilidade, para um futuro que ainda n\u00e3o se conhece bem e, com tantas transforma\u00e7\u00f5es a acontecerem quase ao minuto na sociedade, \u00e9 fulcral que criemos diferentes est\u00edmulos dentro da escola\u201d, acrescenta.<\/p>\n\n\n\n<p>Apesar de os rankings serem uma forma de mostrar, a quem procura o col\u00e9gio, a qualidade do ensino, \u201cn\u00e3o podemos reduzir o trabalho de uma escola particular \u00e0 prepara\u00e7\u00e3o para provas de avalia\u00e7\u00e3o externa\u201d. Com esta preocupa\u00e7\u00e3o em formar cidad\u00e3os que reflitam e tomem decis\u00f5es sustentadas, \u201ch\u00e1 um cultivo da autenticidade, de espontaneidade, da rela\u00e7\u00e3o com o outro, do respeito e, claro, da sabedoria que modela tudo isso, sendo que as escolas n\u00e3o podem perder um dos seus principais pressupostos: munir as pessoas de conhecimento especializado\u201d.<\/p>\n\n\n\n<figure class=\"wp-block-image aligncenter size-full is-resized\"><img loading=\"lazy\" decoding=\"async\" src=\"https:\/\/perspetivaatual.pt\/wp-content\/uploads\/2024\/10\/Logo-Colegio-Camoes.jpg\" alt=\"\" class=\"wp-image-4103\" width=\"489\" height=\"162\"\/><\/figure>\n\n\n\n<p>Inicialmente, \u00e9 essencial ter no local certo as pessoas certas e, por isso, no Cam\u00f5es todas as decis\u00f5es s\u00e3o pensadas. Por exemplo, ao contr\u00e1rio do que acontece na maioria dos estabelecimentos de ensino, os professores n\u00e3o s\u00e3o distribu\u00eddos pelas diferentes turmas de forma aleat\u00f3ria, existe um momento de reflex\u00e3o em que se consideram as compet\u00eancias e os perfis dos docentes para garantir que est\u00e3o alinhados com as necessidades espec\u00edficas de cada turma. \u201cPensemos, um professor de Ci\u00eancias que melhor trabalha com 7.\u00ba ano pode n\u00e3o ser o mesmo professor que funcionar\u00e1 melhor numa turma de 9.\u00ba ano\u201d, explica Helder Martins.<\/p>\n\n\n\n<p>O mesmo se sucede com a escolha dos diretores de turma. \u00c9 necess\u00e1rio selecionar cuidadosamente os professores que assumem esta fun\u00e7\u00e3o, tendo em conta n\u00e3o apenas as suas habilidades de gest\u00e3o e comunica\u00e7\u00e3o, mas tamb\u00e9m a capacidade de estabelecer um v\u00ednculo positivo com os alunos e respetivas fam\u00edlias.<\/p>\n\n\n\n<p>Em contexto de sala de aula, os jovens s\u00e3o preparados para trabalharem em projeto. Neste sentido, para fomentar compet\u00eancias como a capacidade de trabalhar em equipa e a resolu\u00e7\u00e3o de problemas, existe, semanalmente, um espa\u00e7o dedicado a esta vertente pedag\u00f3gica ativa que, posteriormente, \u00e9 complementada com din\u00e2micas de ensino-aprendizagem convencionais e momentos de avalia\u00e7\u00e3o formal.<\/p>\n\n\n\n<blockquote class=\"wp-block-quote is-layout-flow wp-block-quote-is-layout-flow\">\n<p>\u201cA pessoa \u00e9 o foco: seja o aluno, o professor, o assistente educativo ou o pai\u201d<\/p>\n<\/blockquote>\n\n\n\n<p>O Col\u00e9gio Cam\u00f5es apostou fortemente na transi\u00e7\u00e3o digital e, do 3.\u00ba at\u00e9 ao 9.\u00ba ano, em parceria com a Apple Education, substituiu os manuais f\u00edsicos pelos digitais. \u201cNesta altura, \u00e9 preciso saber combinar tradi\u00e7\u00e3o com inova\u00e7\u00e3o, os manuais f\u00edsicos desapareceram, mas os ambientes n\u00e3o s\u00e3o digitais; s\u00e3o h\u00edbridos e adaptados \u00e0s diferentes franjas\u201d, garante o diretor.<\/p>\n\n\n\n<figure class=\"wp-block-image aligncenter size-full is-resized\"><img loading=\"lazy\" decoding=\"async\" src=\"https:\/\/perspetivaatual.pt\/wp-content\/uploads\/2024\/10\/Foto-E3973.jpg\" alt=\"\" class=\"wp-image-4104\" width=\"488\" height=\"651\" srcset=\"http:\/\/perspetivaatual.pt\/wp-content\/uploads\/2024\/10\/Foto-E3973.jpg 756w, http:\/\/perspetivaatual.pt\/wp-content\/uploads\/2024\/10\/Foto-E3973-225x300.jpg 225w, http:\/\/perspetivaatual.pt\/wp-content\/uploads\/2024\/10\/Foto-E3973-600x800.jpg 600w\" sizes=\"auto, (max-width: 488px) 100vw, 488px\" \/><\/figure>\n\n\n\n<p>Ainda que de in\u00edcio tenham existido algumas resist\u00eancias face \u00e0 introdu\u00e7\u00e3o da tecnologia, vale ressaltar que existe um controlo total do professor em rela\u00e7\u00e3o \u00e0quilo que os alunos fazem dentro da sala de aula. \u201cBasta o docente entrar na aplica\u00e7\u00e3o Gest\u00e3o de Sala de Aula e consegue ter acesso completo aos dispositivos de to- dos os alunos, podendo bloquear os ecr\u00e3s no ambiente que pretender \u2013 seja num manual, num site, ou em qual- quer outra aplica\u00e7\u00e3o\u201d. Gra\u00e7as a esta ferramenta, h\u00e1 a possibilidade de potenciar recursos, otimizar o tempo de aula e at\u00e9 os professores conseguem inovar nos seus m\u00e9todos de ensino devido \u00e0 imensid\u00e3o de recursos que t\u00eam dispon\u00edveis \u00e0 mera dist\u00e2ncia de um clique. \u00c9 por meio destas pol\u00edticas educativas vanguardistas que a escola pode procurar preparar os jovens de forma atualizada e adequada para o futuro. \u201cN\u00e3o se trata apenas de usar o digital porque sim, os estudantes t\u00eam de se familiarizar com o uso de tecnologia e educar-se nesse sentido, porque a maioria das profiss\u00f5es vai fazer com que se tornem dependentes dela\u201d, defende.<\/p>\n\n\n\n<p>Al\u00e9m disso, para a dire\u00e7\u00e3o pedag\u00f3gica do Cam\u00f5es, \u00e9 importante formar alunos dotados de esp\u00edrito cr\u00edtico, que consigam transformar a \u201cinforma\u00e7\u00e3o com eles partilhada em conhecimento\u201d. Este processo implica incentivar os estudantes a questionarem, analisarem e interpretarem o conte\u00fado que lhes \u00e9 transmitido, ao inv\u00e9s de simplesmente o aceitarem de forma passiva. Portanto, a educa\u00e7\u00e3o com tecnologia dever\u00e1 ir mais al\u00e9m da memoriza\u00e7\u00e3o dos textos dos manuais.<\/p>\n\n\n\n<figure class=\"wp-block-image aligncenter size-full is-resized\"><img loading=\"lazy\" decoding=\"async\" src=\"https:\/\/perspetivaatual.pt\/wp-content\/uploads\/2024\/10\/Foto-E2816.jpg\" alt=\"\" class=\"wp-image-4105\" width=\"426\" height=\"568\" srcset=\"http:\/\/perspetivaatual.pt\/wp-content\/uploads\/2024\/10\/Foto-E2816.jpg 756w, http:\/\/perspetivaatual.pt\/wp-content\/uploads\/2024\/10\/Foto-E2816-225x300.jpg 225w, http:\/\/perspetivaatual.pt\/wp-content\/uploads\/2024\/10\/Foto-E2816-600x800.jpg 600w\" sizes=\"auto, (max-width: 426px) 100vw, 426px\" \/><\/figure>\n\n\n\n<p>Estas compet\u00eancias-chave \u2013 a inser\u00e7\u00e3o num mundo tecnol\u00f3gico, o esp\u00edrito cr\u00edtico, a capacidade de comunicar e liderar processos \u2013 acabam por ser transversais a todos os n\u00edveis de ensino, criando uma continuidade educativa que prepara os jovens desde cedo. Todavia, nem todos os alunos chegam ao Cam\u00f5es com tr\u00eas anos de idade, havendo um elevado n\u00famero de jovens que apenas ingressam no col\u00e9gio, no 10.\u00ba ano. Nesses casos, \u00e9 vital perceber como trabalhar a diversidade de perfis e diferenci\u00e1-los pedagogicamente para conseguir acrescentar valor.<\/p>\n\n\n\n<p><strong>COMPROMISSO COM A COMUNIDADE EDUCATIVA<\/strong><\/p>\n\n\n\n<p>O Col\u00e9gio Cam\u00f5es, \u00e0 semelhan\u00e7a das restantes escolas do Grupo Ribadouro, encontra-se representado na Dire\u00e7\u00e3o da Associa\u00e7\u00e3o de Estabelecimentos de Ensino Particular e Cooperativo. Esta liga\u00e7\u00e3o permite \u00e0 institui\u00e7\u00e3o \u201cdar passos no desconhecido com alguma seguran\u00e7a\u201d e fornece uma \u201cvis\u00e3o mais abrangente\u201d do panorama do ensino particular em Portugal, indo al\u00e9m dos umbrais das escolas do grupo. Existe igualmente uma colabora\u00e7\u00e3o com a Faculdade de Educa\u00e7\u00e3o e Psicologia da Universidade Cat\u00f3lica do Porto que, at\u00e9 \u00e0 data, se revelou fulcral, uma vez que \u201cv\u00e1rios professores frequentaram p\u00f3s-gradua\u00e7\u00f5es, mestrados e doutoramentos em Ci\u00eancias da Educa\u00e7\u00e3o\u201d, o que permitiu \u201cir instituindo, no col\u00e9gio, a novidade de uma forma estruturada e com equil\u00edbrio no tempo\u201d, explica Helder Martins. Esta \u00e9 uma oportunidade dada a todos os professores, integralmente suportada pelo Grupo Ribadouro, e que faz parte da estrat\u00e9gia de forma\u00e7\u00e3o cont\u00ednua de qualidade do seu corpo docente.<\/p>\n\n\n\n<figure class=\"wp-block-image aligncenter size-full is-resized\"><img loading=\"lazy\" decoding=\"async\" src=\"https:\/\/perspetivaatual.pt\/wp-content\/uploads\/2024\/10\/IMG_2979.jpg\" alt=\"\" class=\"wp-image-4106\" width=\"386\" height=\"515\" srcset=\"http:\/\/perspetivaatual.pt\/wp-content\/uploads\/2024\/10\/IMG_2979.jpg 756w, http:\/\/perspetivaatual.pt\/wp-content\/uploads\/2024\/10\/IMG_2979-225x300.jpg 225w, http:\/\/perspetivaatual.pt\/wp-content\/uploads\/2024\/10\/IMG_2979-600x800.jpg 600w\" sizes=\"auto, (max-width: 386px) 100vw, 386px\" \/><\/figure>\n\n\n\n<p>N\u00e3o obstante, a escola possui uma parceria s\u00f3lida e de v\u00e1rios anos com algumas das Faculdades da Universidade do Porto, sendo que, por exemplo, no ano letivo volvido, os alunos do 9.\u00ba ano tiveram a oportunidade de ir conhecer as instala\u00e7\u00f5es da Faculdade de Medicina, onde participaram em v\u00e1rias atividades. Esta sinergia entre diferentes institui\u00e7\u00f5es \u00e9 altamente ben\u00e9fica, pois amplia os horizontes dos jovens, que t\u00eam a \u201coportunidade de come\u00e7arem a pensar naquilo que v\u00e3o seguir no Ensino Secund\u00e1rio\u201d, com conhecimento substancial.<\/p>\n\n\n\n<p>Tamb\u00e9m na Feira das Ci\u00eancias, evento em que toda a escola dedica uma manh\u00e3 a atividades cient\u00edficas e os alunos atuam como monitores para apresentarem experi\u00eancias aos colegas, existe o envolvimento de institui\u00e7\u00f5es externas, no caso, o Instituto de Ci\u00eancias Bio- m\u00e9dicas Abel Salazar da Universidade do Porto (ICBAS). \u201cOs alunos do ICBAS v\u00eam ao Cam\u00f5es e compartilham os seus projetos e conhecimentos cient\u00edficos com os nossos alunos\u201d, conta.<\/p>\n\n\n\n<p>Apostando fortemente na certifica\u00e7\u00e3o da l\u00edngua estrangeira, neste caso o ingl\u00eas, o Col\u00e9gio Cam\u00f5es assume parceria com a Cambridge Education. At\u00e9 ao 9.\u00ba ano, verifica-se o acr\u00e9scimo da carga curricular da disciplina, enquanto, ap\u00f3s, no Ensino Secund\u00e1rio, este projeto passa para a vertente extracurricular. Este refor\u00e7o do ingl\u00eas \u00e9 vital, n\u00e3o apenas devido \u00e0s crescentes exig\u00eancias do mercado de trabalho, mas porque \u201cultimamente recebemos v\u00e1rios alunos vindos da Noruega, da Irlanda, entre outros\u201d, portanto, \u201co ingl\u00eas \u00e9 uma forma de os alunos comunicarem entre si e tamb\u00e9m de comunicarmos com as pr\u00f3prias fam\u00edlias: uns dominam o portugu\u00eas melhor do que outros e n\u00e3o podemos deixar de cumprir o nosso dever por causa da barreira lingu\u00edstica\u201d, garante o diretor pedag\u00f3gico.<\/p>\n\n\n\n<figure class=\"wp-block-image aligncenter size-full is-resized\"><img loading=\"lazy\" decoding=\"async\" src=\"http:\/\/perspetivaatual.pt\/wp-content\/uploads\/2024\/10\/IMG_7829.jpg\" alt=\"\" class=\"wp-image-4107\" width=\"467\" height=\"623\" srcset=\"http:\/\/perspetivaatual.pt\/wp-content\/uploads\/2024\/10\/IMG_7829.jpg 756w, http:\/\/perspetivaatual.pt\/wp-content\/uploads\/2024\/10\/IMG_7829-225x300.jpg 225w, http:\/\/perspetivaatual.pt\/wp-content\/uploads\/2024\/10\/IMG_7829-600x800.jpg 600w\" sizes=\"auto, (max-width: 467px) 100vw, 467px\" \/><\/figure>\n\n\n\n<p>Existe ainda uma lista consider\u00e1vel de parcerias com escolas do universo art\u00edstico, e at\u00e9 com a Casa da M\u00fasica, que se revelam altamente enriquecedoras para os v\u00e1rios alunos do ensino articulado, a n\u00edvel da m\u00fasica e da dan\u00e7a, que frequentam o col\u00e9gio. Estas colabora\u00e7\u00f5es abrem espa\u00e7o para uma troca enriquecedora de experi\u00eancias e conhecimentos, enquanto potenciam as oportunidades de aprendizagem e o crescimento art\u00edstico dos jovens.<\/p>\n\n\n\n<p>Inclusive, \u00e9 precisamente na Casa da M\u00fasica que, todos os anos, se realiza o Concerto de Natal do Ribadouro. Juntando alunos dos v\u00e1rios col\u00e9gios que integram o grupo escolar, este evento al\u00e9m de ser uma experi\u00eancia musical enriquecedora para todos os que participam e promover o estreitamento de la\u00e7os entre a comunidade educativa, tamb\u00e9m tem uma dimens\u00e3o solid\u00e1ria importante. Parte dos fundos arrecadados com o concerto revertem para associa\u00e7\u00f5es de caridade.<\/p>\n\n\n\n<blockquote class=\"wp-block-quote is-layout-flow wp-block-quote-is-layout-flow\">\n<p>\u201cTrabalhamos para que os alunos sejam conhecedores em diferentes \u00e1reas do saber e, posteriormente, possam tomar decis\u00f5es que se sustentem em conhecimento substancial\u201d<\/p>\n<\/blockquote>\n\n\n\n<p>Ainda, ao longo do ano letivo acontecem as RibaTalks, que s\u00e3o sess\u00f5es dedicadas a apresentar aos alunos personalidades not\u00e1veis, capazes de transmitir ideias inspiradoras. Estes eventos t\u00eam como objetivo despertar nos jovens o desejo de ir al\u00e9m, incentivando-os a confrontarem-se com novas perspetivas e a desenvolver uma vis\u00e3o mais ampla do mundo.<\/p>\n\n\n\n<p>No passado dia 3 de maio, o Col\u00e9gio Cam\u00f5es recebeu o Dr. Lu\u00eds Marques Mendes que, numa conversa de duas horas, humanizou o mundo da pol\u00edtica, perpassando outras esferas da vida profissional e pessoal.<\/p>\n\n\n\n<figure class=\"wp-block-image aligncenter size-large is-resized\"><img loading=\"lazy\" decoding=\"async\" src=\"https:\/\/perspetivaatual.pt\/wp-content\/uploads\/2024\/10\/IMG_5985-768x1024.jpg\" alt=\"\" class=\"wp-image-4110\" width=\"470\" height=\"626\" srcset=\"http:\/\/perspetivaatual.pt\/wp-content\/uploads\/2024\/10\/IMG_5985-768x1024.jpg 768w, http:\/\/perspetivaatual.pt\/wp-content\/uploads\/2024\/10\/IMG_5985-225x300.jpg 225w, http:\/\/perspetivaatual.pt\/wp-content\/uploads\/2024\/10\/IMG_5985-1152x1536.jpg 1152w, http:\/\/perspetivaatual.pt\/wp-content\/uploads\/2024\/10\/IMG_5985-1536x2048.jpg 1536w, http:\/\/perspetivaatual.pt\/wp-content\/uploads\/2024\/10\/IMG_5985-1024x1365.jpg 1024w, http:\/\/perspetivaatual.pt\/wp-content\/uploads\/2024\/10\/IMG_5985-600x800.jpg 600w, http:\/\/perspetivaatual.pt\/wp-content\/uploads\/2024\/10\/IMG_5985-scaled.jpg 1920w\" sizes=\"auto, (max-width: 470px) 100vw, 470px\" \/><\/figure>\n\n\n\n<p><strong>CONFIAN\u00c7A REDOBRADA<\/strong><\/p>\n\n\n\n<p>\u201cEsta \u00e9 uma escola que abre \u00e0s 7:30 e fecha \u00e0s 19:30, e h\u00e1 alunos a entrarem \u00e0s 7:30 e a deixarem o col\u00e9gio \u00e0s 19:30, somos uma escola quase a tempo inteiro\u201d, afirma Helder Martins. Como tal, \u00e9 vital que os pais confiem na institui\u00e7\u00e3o e, nesse sentido, \u201ca dire\u00e7\u00e3o pedag\u00f3gica est\u00e1 sempre dispon\u00edvel para comunicar e estes s\u00e3o considerados em todas as mat\u00e9rias\u201d, sobretudo porque \u201cacreditamos que n\u00e3o seja f\u00e1cil para um pai deixar, por exemplo, um filho de tr\u00eas anos numa escola, ao encargo de adultos, sem antes conhecer toda a estrutura\u201d, acrescenta.<\/p>\n\n\n\n<p>A disponibilidade para ouvir os encarregados de educa\u00e7\u00e3o deve ser permanente e, apesar de ser um trabalho que pode implicar um elevado desgaste f\u00edsico e emocional, \u00e9 fulcral, porque \u201ctem de haver uma rela\u00e7\u00e3o de confian\u00e7a extrema com os pais\u201d. No Cam\u00f5es, tanto os pais como os alunos conhecem os professores e a dire\u00e7\u00e3o, uma vez que s\u00f3 assim \u00e9 poss\u00edvel construir um ambiente educativo, onde todas as partes se sentem atendidas e respeitadas.<\/p>\n\n\n\n<figure class=\"wp-block-image aligncenter size-large is-resized\"><img loading=\"lazy\" decoding=\"async\" src=\"http:\/\/perspetivaatual.pt\/wp-content\/uploads\/2024\/10\/DSC03748-1024x576.jpg\" alt=\"\" class=\"wp-image-4108\" width=\"400\" height=\"711\"\/><\/figure>\n\n\n\n<p>Considerando que esta \u00e9 uma escola onde se verifica alguma heterogeneidade no que respeita ao n\u00edvel socioecon\u00f3mico dos alunos que consigo trabalham, vale destacar que o col\u00e9gio apoia as suas fam\u00edlias, atrav\u00e9s de mecanismos internos que, a juntar aos que adv\u00eam de uma l\u00f3gica governamental, abrem possibilidades \u00e0s fam\u00edlias que queiram apostar na educa\u00e7\u00e3o dos filhos. \u201cAcho mesmo que as escolas do ensino particular se devem inserir nos territ\u00f3rios e procurar evitar viver numa bolha, em que apenas lhes interessam que os alunos que consigo trabalham evoluam. Todas as escolas s\u00e3o compostas por agentes sociais e devem trabalhar em rede, uma escola particular ter\u00e1 sempre muito a aprender com as restantes escolas do meio em que se insere\u201d, confessa o diretor pedag\u00f3gico.<\/p>\n\n\n\n<p>Com esse objetivo de se aproximar do territ\u00f3rio, Helder Martins, este ano, faz parte do Conselho Municipal de Educa\u00e7\u00e3o de Gondomar. \u201cAssumi este papel para perceber o que est\u00e1 a acontecer no territ\u00f3rio e ver de que forma uma escola particular pode auxiliar ou minorar aquilo que s\u00e3o potenciais car\u00eancias\u201d, conta. \u201cSe n\u00e3o intervirmos de forma direta, que seja indireta, pois daqui sair\u00e3o profissionais que podem passar a residir nesta \u00e1rea e, no futuro, contribuir para que muitas das lacunas existentes sejam preenchidas\u201d, remata.<\/p>\n\n\n\n<blockquote class=\"wp-block-quote is-layout-flow wp-block-quote-is-layout-flow\">\n<p>\u201cAcho que \u00e9 essencial uma escola nunca se esquecer da sua tarefa principal: converter informa\u00e7\u00e3o em conhecimento\u201d<\/p>\n<\/blockquote>\n\n\n\n<figure class=\"wp-block-image aligncenter size-large is-resized\"><img loading=\"lazy\" decoding=\"async\" src=\"https:\/\/perspetivaatual.pt\/wp-content\/uploads\/2024\/10\/IMG_7511-1-1024x683.jpg\" alt=\"\" class=\"wp-image-4112\" width=\"643\" height=\"429\" srcset=\"http:\/\/perspetivaatual.pt\/wp-content\/uploads\/2024\/10\/IMG_7511-1-1024x683.jpg 1024w, http:\/\/perspetivaatual.pt\/wp-content\/uploads\/2024\/10\/IMG_7511-1-300x200.jpg 300w, http:\/\/perspetivaatual.pt\/wp-content\/uploads\/2024\/10\/IMG_7511-1-768x512.jpg 768w, http:\/\/perspetivaatual.pt\/wp-content\/uploads\/2024\/10\/IMG_7511-1-675x450.jpg 675w, http:\/\/perspetivaatual.pt\/wp-content\/uploads\/2024\/10\/IMG_7511-1-600x400.jpg 600w, http:\/\/perspetivaatual.pt\/wp-content\/uploads\/2024\/10\/IMG_7511-1.jpg 1066w\" sizes=\"auto, (max-width: 643px) 100vw, 643px\" \/><\/figure>\n\n\n\n<p>Neste contexto, ap\u00f3s uma das melhores \u00e9pocas de pr\u00e9-inscri\u00e7\u00f5es de sempre, no pr\u00f3ximo ano letivo, o Col\u00e9gio Cam\u00f5es ir\u00e1 crescer e acolher\u00e1 mais 50 alunos, divididos pelos diferentes ciclos de ensino. Esta expans\u00e3o, a par do projeto a curto prazo de apresentar Ber\u00e7\u00e1rio e Creche, \u00e9 um marco significativo para a institui\u00e7\u00e3o, que reafirma o seu compromisso com a comunidade educativa, continuando a promover uma educa\u00e7\u00e3o de qualidade e adaptada \u00e0s necessidades de cada aluno, a par de um ambiente escolar inclusivo. No interior do Col\u00e9gio Cam\u00f5es todos aprendem, inclusive a pr\u00f3pria escola.<\/p>\n","protected":false},"excerpt":{"rendered":"<p>Com uma oferta formativa que vai desde a Educa\u00e7\u00e3o Pr\u00e9-Escolar at\u00e9 ao Ensino Secund\u00e1rio, o<\/p>\n","protected":false},"author":8,"featured_media":4101,"comment_status":"open","ping_status":"open","sticky":false,"template":"","format":"standard","meta":{"footnotes":""},"categories":[11,3],"tags":[600,601],"class_list":["post-4100","post","type-post","status-publish","format-standard","has-post-thumbnail","hentry","category-destaques","category-educacao","tag-colegio-camoes","tag-grupo-ribadouro"],"yoast_head":"<!-- This site is optimized with the Yoast SEO plugin v24.2 - https:\/\/yoast.com\/wordpress\/plugins\/seo\/ -->\n<title>Tradi\u00e7\u00e3o aliada \u00e0 Inova\u00e7\u00e3o: Educa\u00e7\u00e3o Integral e Multiplicidade Pedag\u00f3gica - Perspetiva Atual<\/title>\n<meta name=\"description\" content=\"Com uma oferta formativa que vai desde a Educa\u00e7\u00e3o Pr\u00e9-Escolar at\u00e9 ao Ensino Secund\u00e1rio, o Col\u00e9gio Cam\u00f5es, em Rio Tinto, destaca-se pela...\" \/>\n<meta name=\"robots\" content=\"index, follow, max-snippet:-1, max-image-preview:large, max-video-preview:-1\" \/>\n<link rel=\"canonical\" href=\"http:\/\/perspetivaatual.pt\/index.php\/2024\/10\/25\/tradicao-aliada-a-inovacao-educacao-integral-e-multiplicidade-pedagogica\/\" \/>\n<meta property=\"og:locale\" content=\"pt_PT\" \/>\n<meta property=\"og:type\" content=\"article\" \/>\n<meta property=\"og:title\" content=\"Tradi\u00e7\u00e3o aliada \u00e0 Inova\u00e7\u00e3o: Educa\u00e7\u00e3o Integral e Multiplicidade Pedag\u00f3gica - Perspetiva Atual\" \/>\n<meta property=\"og:description\" content=\"Com uma oferta formativa que vai desde a Educa\u00e7\u00e3o Pr\u00e9-Escolar at\u00e9 ao Ensino Secund\u00e1rio, o Col\u00e9gio Cam\u00f5es, em Rio Tinto, destaca-se pela...\" \/>\n<meta property=\"og:url\" content=\"http:\/\/perspetivaatual.pt\/index.php\/2024\/10\/25\/tradicao-aliada-a-inovacao-educacao-integral-e-multiplicidade-pedagogica\/\" \/>\n<meta property=\"og:site_name\" content=\"Perspetiva Atual\" \/>\n<meta property=\"article:published_time\" content=\"2024-10-25T07:00:00+00:00\" \/>\n<meta property=\"article:modified_time\" content=\"2024-10-22T11:24:32+00:00\" \/>\n<meta property=\"og:image\" content=\"http:\/\/perspetivaatual.pt\/wp-content\/uploads\/2024\/10\/DSC03757-scaled.jpg\" \/>\n\t<meta property=\"og:image:width\" content=\"2560\" \/>\n\t<meta property=\"og:image:height\" content=\"1440\" \/>\n\t<meta property=\"og:image:type\" content=\"image\/jpeg\" \/>\n<meta name=\"author\" content=\"Reda\u00e7\u00e3o\" \/>\n<meta name=\"twitter:card\" content=\"summary_large_image\" \/>\n<meta name=\"twitter:label1\" content=\"Escrito por\" \/>\n\t<meta name=\"twitter:data1\" content=\"\" \/>\n\t<meta name=\"twitter:label2\" content=\"Tempo estimado de leitura\" \/>\n\t<meta name=\"twitter:data2\" content=\"15 minutos\" \/>\n<script type=\"application\/ld+json\" class=\"yoast-schema-graph\">{\"@context\":\"https:\/\/schema.org\",\"@graph\":[{\"@type\":\"Article\",\"@id\":\"http:\/\/perspetivaatual.pt\/index.php\/2024\/10\/25\/tradicao-aliada-a-inovacao-educacao-integral-e-multiplicidade-pedagogica\/#article\",\"isPartOf\":{\"@id\":\"http:\/\/perspetivaatual.pt\/index.php\/2024\/10\/25\/tradicao-aliada-a-inovacao-educacao-integral-e-multiplicidade-pedagogica\/\"},\"author\":{\"name\":\"Reda\u00e7\u00e3o\",\"@id\":\"https:\/\/perspetivaatual.pt\/#\/schema\/person\/9b120c74e428965de47d819d311af48c\"},\"headline\":\"Tradi\u00e7\u00e3o aliada \u00e0 Inova\u00e7\u00e3o: Educa\u00e7\u00e3o Integral e Multiplicidade Pedag\u00f3gica\",\"datePublished\":\"2024-10-25T07:00:00+00:00\",\"dateModified\":\"2024-10-22T11:24:32+00:00\",\"mainEntityOfPage\":{\"@id\":\"http:\/\/perspetivaatual.pt\/index.php\/2024\/10\/25\/tradicao-aliada-a-inovacao-educacao-integral-e-multiplicidade-pedagogica\/\"},\"wordCount\":2563,\"commentCount\":0,\"publisher\":{\"@id\":\"https:\/\/perspetivaatual.pt\/#organization\"},\"image\":{\"@id\":\"http:\/\/perspetivaatual.pt\/index.php\/2024\/10\/25\/tradicao-aliada-a-inovacao-educacao-integral-e-multiplicidade-pedagogica\/#primaryimage\"},\"thumbnailUrl\":\"http:\/\/perspetivaatual.pt\/wp-content\/uploads\/2024\/10\/DSC03757-scaled.jpg\",\"keywords\":[\"Col\u00e9gio Cam\u00f5es\",\"Grupo Ribadouro\"],\"articleSection\":[\"Destaques\",\"Educa\u00e7\u00e3o\"],\"inLanguage\":\"pt-PT\",\"potentialAction\":[{\"@type\":\"CommentAction\",\"name\":\"Comment\",\"target\":[\"http:\/\/perspetivaatual.pt\/index.php\/2024\/10\/25\/tradicao-aliada-a-inovacao-educacao-integral-e-multiplicidade-pedagogica\/#respond\"]}]},{\"@type\":\"WebPage\",\"@id\":\"http:\/\/perspetivaatual.pt\/index.php\/2024\/10\/25\/tradicao-aliada-a-inovacao-educacao-integral-e-multiplicidade-pedagogica\/\",\"url\":\"http:\/\/perspetivaatual.pt\/index.php\/2024\/10\/25\/tradicao-aliada-a-inovacao-educacao-integral-e-multiplicidade-pedagogica\/\",\"name\":\"Tradi\u00e7\u00e3o aliada \u00e0 Inova\u00e7\u00e3o: Educa\u00e7\u00e3o Integral e Multiplicidade Pedag\u00f3gica - Perspetiva Atual\",\"isPartOf\":{\"@id\":\"https:\/\/perspetivaatual.pt\/#website\"},\"primaryImageOfPage\":{\"@id\":\"http:\/\/perspetivaatual.pt\/index.php\/2024\/10\/25\/tradicao-aliada-a-inovacao-educacao-integral-e-multiplicidade-pedagogica\/#primaryimage\"},\"image\":{\"@id\":\"http:\/\/perspetivaatual.pt\/index.php\/2024\/10\/25\/tradicao-aliada-a-inovacao-educacao-integral-e-multiplicidade-pedagogica\/#primaryimage\"},\"thumbnailUrl\":\"http:\/\/perspetivaatual.pt\/wp-content\/uploads\/2024\/10\/DSC03757-scaled.jpg\",\"datePublished\":\"2024-10-25T07:00:00+00:00\",\"dateModified\":\"2024-10-22T11:24:32+00:00\",\"description\":\"Com uma oferta formativa que vai desde a Educa\u00e7\u00e3o Pr\u00e9-Escolar at\u00e9 ao Ensino Secund\u00e1rio, o Col\u00e9gio Cam\u00f5es, em Rio Tinto, destaca-se pela...\",\"breadcrumb\":{\"@id\":\"http:\/\/perspetivaatual.pt\/index.php\/2024\/10\/25\/tradicao-aliada-a-inovacao-educacao-integral-e-multiplicidade-pedagogica\/#breadcrumb\"},\"inLanguage\":\"pt-PT\",\"potentialAction\":[{\"@type\":\"ReadAction\",\"target\":[\"http:\/\/perspetivaatual.pt\/index.php\/2024\/10\/25\/tradicao-aliada-a-inovacao-educacao-integral-e-multiplicidade-pedagogica\/\"]}]},{\"@type\":\"ImageObject\",\"inLanguage\":\"pt-PT\",\"@id\":\"http:\/\/perspetivaatual.pt\/index.php\/2024\/10\/25\/tradicao-aliada-a-inovacao-educacao-integral-e-multiplicidade-pedagogica\/#primaryimage\",\"url\":\"http:\/\/perspetivaatual.pt\/wp-content\/uploads\/2024\/10\/DSC03757-scaled.jpg\",\"contentUrl\":\"http:\/\/perspetivaatual.pt\/wp-content\/uploads\/2024\/10\/DSC03757-scaled.jpg\",\"width\":2560,\"height\":1440},{\"@type\":\"BreadcrumbList\",\"@id\":\"http:\/\/perspetivaatual.pt\/index.php\/2024\/10\/25\/tradicao-aliada-a-inovacao-educacao-integral-e-multiplicidade-pedagogica\/#breadcrumb\",\"itemListElement\":[{\"@type\":\"ListItem\",\"position\":1,\"name\":\"Home\",\"item\":\"https:\/\/perspetivaatual.pt\/\"},{\"@type\":\"ListItem\",\"position\":2,\"name\":\"Tradi\u00e7\u00e3o aliada \u00e0 Inova\u00e7\u00e3o: Educa\u00e7\u00e3o Integral e Multiplicidade Pedag\u00f3gica\"}]},{\"@type\":\"WebSite\",\"@id\":\"https:\/\/perspetivaatual.pt\/#website\",\"url\":\"https:\/\/perspetivaatual.pt\/\",\"name\":\"Perspetiva Atual\",\"description\":\"Olhar Portugal, de diferentes formas\",\"publisher\":{\"@id\":\"https:\/\/perspetivaatual.pt\/#organization\"},\"potentialAction\":[{\"@type\":\"SearchAction\",\"target\":{\"@type\":\"EntryPoint\",\"urlTemplate\":\"https:\/\/perspetivaatual.pt\/?s={search_term_string}\"},\"query-input\":{\"@type\":\"PropertyValueSpecification\",\"valueRequired\":true,\"valueName\":\"search_term_string\"}}],\"inLanguage\":\"pt-PT\"},{\"@type\":\"Organization\",\"@id\":\"https:\/\/perspetivaatual.pt\/#organization\",\"name\":\"Perspetiva Atual\",\"url\":\"https:\/\/perspetivaatual.pt\/\",\"logo\":{\"@type\":\"ImageObject\",\"inLanguage\":\"pt-PT\",\"@id\":\"https:\/\/perspetivaatual.pt\/#\/schema\/logo\/image\/\",\"url\":\"http:\/\/perspetivaatual.pt\/wp-content\/uploads\/2020\/08\/cropped-perspetiva_atual-.png\",\"contentUrl\":\"http:\/\/perspetivaatual.pt\/wp-content\/uploads\/2020\/08\/cropped-perspetiva_atual-.png\",\"width\":618,\"height\":202,\"caption\":\"Perspetiva Atual\"},\"image\":{\"@id\":\"https:\/\/perspetivaatual.pt\/#\/schema\/logo\/image\/\"}},{\"@type\":\"Person\",\"@id\":\"https:\/\/perspetivaatual.pt\/#\/schema\/person\/9b120c74e428965de47d819d311af48c\",\"name\":\"Reda\u00e7\u00e3o\",\"image\":{\"@type\":\"ImageObject\",\"inLanguage\":\"pt-PT\",\"@id\":\"https:\/\/perspetivaatual.pt\/#\/schema\/person\/image\/\",\"url\":\"https:\/\/secure.gravatar.com\/avatar\/b4c3ada39ea7cbce3cdf0bfa2f578c7a?s=96&d=mm&r=g\",\"contentUrl\":\"https:\/\/secure.gravatar.com\/avatar\/b4c3ada39ea7cbce3cdf0bfa2f578c7a?s=96&d=mm&r=g\",\"caption\":\"Reda\u00e7\u00e3o\"},\"url\":\"http:\/\/perspetivaatual.pt\/index.php\/author\/redacao\/\"}]}<\/script>\n<!-- \/ Yoast SEO plugin. -->","yoast_head_json":{"title":"Tradi\u00e7\u00e3o aliada \u00e0 Inova\u00e7\u00e3o: Educa\u00e7\u00e3o Integral e Multiplicidade Pedag\u00f3gica - Perspetiva Atual","description":"Com uma oferta formativa que vai desde a Educa\u00e7\u00e3o Pr\u00e9-Escolar at\u00e9 ao Ensino Secund\u00e1rio, o Col\u00e9gio Cam\u00f5es, em Rio Tinto, destaca-se pela...","robots":{"index":"index","follow":"follow","max-snippet":"max-snippet:-1","max-image-preview":"max-image-preview:large","max-video-preview":"max-video-preview:-1"},"canonical":"http:\/\/perspetivaatual.pt\/index.php\/2024\/10\/25\/tradicao-aliada-a-inovacao-educacao-integral-e-multiplicidade-pedagogica\/","og_locale":"pt_PT","og_type":"article","og_title":"Tradi\u00e7\u00e3o aliada \u00e0 Inova\u00e7\u00e3o: Educa\u00e7\u00e3o Integral e Multiplicidade Pedag\u00f3gica - Perspetiva Atual","og_description":"Com uma oferta formativa que vai desde a Educa\u00e7\u00e3o Pr\u00e9-Escolar at\u00e9 ao Ensino Secund\u00e1rio, o Col\u00e9gio Cam\u00f5es, em Rio Tinto, destaca-se pela...","og_url":"http:\/\/perspetivaatual.pt\/index.php\/2024\/10\/25\/tradicao-aliada-a-inovacao-educacao-integral-e-multiplicidade-pedagogica\/","og_site_name":"Perspetiva Atual","article_published_time":"2024-10-25T07:00:00+00:00","article_modified_time":"2024-10-22T11:24:32+00:00","og_image":[{"width":2560,"height":1440,"url":"http:\/\/perspetivaatual.pt\/wp-content\/uploads\/2024\/10\/DSC03757-scaled.jpg","type":"image\/jpeg"}],"author":"Reda\u00e7\u00e3o","twitter_card":"summary_large_image","twitter_misc":{"Escrito por":false,"Tempo estimado de leitura":"15 minutos"},"schema":{"@context":"https:\/\/schema.org","@graph":[{"@type":"Article","@id":"http:\/\/perspetivaatual.pt\/index.php\/2024\/10\/25\/tradicao-aliada-a-inovacao-educacao-integral-e-multiplicidade-pedagogica\/#article","isPartOf":{"@id":"http:\/\/perspetivaatual.pt\/index.php\/2024\/10\/25\/tradicao-aliada-a-inovacao-educacao-integral-e-multiplicidade-pedagogica\/"},"author":{"name":"Reda\u00e7\u00e3o","@id":"https:\/\/perspetivaatual.pt\/#\/schema\/person\/9b120c74e428965de47d819d311af48c"},"headline":"Tradi\u00e7\u00e3o aliada \u00e0 Inova\u00e7\u00e3o: Educa\u00e7\u00e3o Integral e Multiplicidade Pedag\u00f3gica","datePublished":"2024-10-25T07:00:00+00:00","dateModified":"2024-10-22T11:24:32+00:00","mainEntityOfPage":{"@id":"http:\/\/perspetivaatual.pt\/index.php\/2024\/10\/25\/tradicao-aliada-a-inovacao-educacao-integral-e-multiplicidade-pedagogica\/"},"wordCount":2563,"commentCount":0,"publisher":{"@id":"https:\/\/perspetivaatual.pt\/#organization"},"image":{"@id":"http:\/\/perspetivaatual.pt\/index.php\/2024\/10\/25\/tradicao-aliada-a-inovacao-educacao-integral-e-multiplicidade-pedagogica\/#primaryimage"},"thumbnailUrl":"http:\/\/perspetivaatual.pt\/wp-content\/uploads\/2024\/10\/DSC03757-scaled.jpg","keywords":["Col\u00e9gio Cam\u00f5es","Grupo Ribadouro"],"articleSection":["Destaques","Educa\u00e7\u00e3o"],"inLanguage":"pt-PT","potentialAction":[{"@type":"CommentAction","name":"Comment","target":["http:\/\/perspetivaatual.pt\/index.php\/2024\/10\/25\/tradicao-aliada-a-inovacao-educacao-integral-e-multiplicidade-pedagogica\/#respond"]}]},{"@type":"WebPage","@id":"http:\/\/perspetivaatual.pt\/index.php\/2024\/10\/25\/tradicao-aliada-a-inovacao-educacao-integral-e-multiplicidade-pedagogica\/","url":"http:\/\/perspetivaatual.pt\/index.php\/2024\/10\/25\/tradicao-aliada-a-inovacao-educacao-integral-e-multiplicidade-pedagogica\/","name":"Tradi\u00e7\u00e3o aliada \u00e0 Inova\u00e7\u00e3o: Educa\u00e7\u00e3o Integral e Multiplicidade Pedag\u00f3gica - Perspetiva Atual","isPartOf":{"@id":"https:\/\/perspetivaatual.pt\/#website"},"primaryImageOfPage":{"@id":"http:\/\/perspetivaatual.pt\/index.php\/2024\/10\/25\/tradicao-aliada-a-inovacao-educacao-integral-e-multiplicidade-pedagogica\/#primaryimage"},"image":{"@id":"http:\/\/perspetivaatual.pt\/index.php\/2024\/10\/25\/tradicao-aliada-a-inovacao-educacao-integral-e-multiplicidade-pedagogica\/#primaryimage"},"thumbnailUrl":"http:\/\/perspetivaatual.pt\/wp-content\/uploads\/2024\/10\/DSC03757-scaled.jpg","datePublished":"2024-10-25T07:00:00+00:00","dateModified":"2024-10-22T11:24:32+00:00","description":"Com uma oferta formativa que vai desde a Educa\u00e7\u00e3o Pr\u00e9-Escolar at\u00e9 ao Ensino Secund\u00e1rio, o Col\u00e9gio Cam\u00f5es, em Rio Tinto, destaca-se pela...","breadcrumb":{"@id":"http:\/\/perspetivaatual.pt\/index.php\/2024\/10\/25\/tradicao-aliada-a-inovacao-educacao-integral-e-multiplicidade-pedagogica\/#breadcrumb"},"inLanguage":"pt-PT","potentialAction":[{"@type":"ReadAction","target":["http:\/\/perspetivaatual.pt\/index.php\/2024\/10\/25\/tradicao-aliada-a-inovacao-educacao-integral-e-multiplicidade-pedagogica\/"]}]},{"@type":"ImageObject","inLanguage":"pt-PT","@id":"http:\/\/perspetivaatual.pt\/index.php\/2024\/10\/25\/tradicao-aliada-a-inovacao-educacao-integral-e-multiplicidade-pedagogica\/#primaryimage","url":"http:\/\/perspetivaatual.pt\/wp-content\/uploads\/2024\/10\/DSC03757-scaled.jpg","contentUrl":"http:\/\/perspetivaatual.pt\/wp-content\/uploads\/2024\/10\/DSC03757-scaled.jpg","width":2560,"height":1440},{"@type":"BreadcrumbList","@id":"http:\/\/perspetivaatual.pt\/index.php\/2024\/10\/25\/tradicao-aliada-a-inovacao-educacao-integral-e-multiplicidade-pedagogica\/#breadcrumb","itemListElement":[{"@type":"ListItem","position":1,"name":"Home","item":"https:\/\/perspetivaatual.pt\/"},{"@type":"ListItem","position":2,"name":"Tradi\u00e7\u00e3o aliada \u00e0 Inova\u00e7\u00e3o: Educa\u00e7\u00e3o Integral e Multiplicidade Pedag\u00f3gica"}]},{"@type":"WebSite","@id":"https:\/\/perspetivaatual.pt\/#website","url":"https:\/\/perspetivaatual.pt\/","name":"Perspetiva Atual","description":"Olhar Portugal, de diferentes formas","publisher":{"@id":"https:\/\/perspetivaatual.pt\/#organization"},"potentialAction":[{"@type":"SearchAction","target":{"@type":"EntryPoint","urlTemplate":"https:\/\/perspetivaatual.pt\/?s={search_term_string}"},"query-input":{"@type":"PropertyValueSpecification","valueRequired":true,"valueName":"search_term_string"}}],"inLanguage":"pt-PT"},{"@type":"Organization","@id":"https:\/\/perspetivaatual.pt\/#organization","name":"Perspetiva Atual","url":"https:\/\/perspetivaatual.pt\/","logo":{"@type":"ImageObject","inLanguage":"pt-PT","@id":"https:\/\/perspetivaatual.pt\/#\/schema\/logo\/image\/","url":"http:\/\/perspetivaatual.pt\/wp-content\/uploads\/2020\/08\/cropped-perspetiva_atual-.png","contentUrl":"http:\/\/perspetivaatual.pt\/wp-content\/uploads\/2020\/08\/cropped-perspetiva_atual-.png","width":618,"height":202,"caption":"Perspetiva Atual"},"image":{"@id":"https:\/\/perspetivaatual.pt\/#\/schema\/logo\/image\/"}},{"@type":"Person","@id":"https:\/\/perspetivaatual.pt\/#\/schema\/person\/9b120c74e428965de47d819d311af48c","name":"Reda\u00e7\u00e3o","image":{"@type":"ImageObject","inLanguage":"pt-PT","@id":"https:\/\/perspetivaatual.pt\/#\/schema\/person\/image\/","url":"https:\/\/secure.gravatar.com\/avatar\/b4c3ada39ea7cbce3cdf0bfa2f578c7a?s=96&d=mm&r=g","contentUrl":"https:\/\/secure.gravatar.com\/avatar\/b4c3ada39ea7cbce3cdf0bfa2f578c7a?s=96&d=mm&r=g","caption":"Reda\u00e7\u00e3o"},"url":"http:\/\/perspetivaatual.pt\/index.php\/author\/redacao\/"}]}},"featured_image_urls":{"full":["http:\/\/perspetivaatual.pt\/wp-content\/uploads\/2024\/10\/DSC03757-scaled.jpg",2560,1440,false],"thumbnail":["http:\/\/perspetivaatual.pt\/wp-content\/uploads\/2024\/10\/DSC03757-150x150.jpg",150,150,true],"medium":["http:\/\/perspetivaatual.pt\/wp-content\/uploads\/2024\/10\/DSC03757-300x169.jpg",300,169,true],"medium_large":["http:\/\/perspetivaatual.pt\/wp-content\/uploads\/2024\/10\/DSC03757-768x432.jpg",640,360,true],"large":["http:\/\/perspetivaatual.pt\/wp-content\/uploads\/2024\/10\/DSC03757-1024x576.jpg",640,360,true],"1536x1536":["http:\/\/perspetivaatual.pt\/wp-content\/uploads\/2024\/10\/DSC03757-1536x864.jpg",1536,864,true],"2048x2048":["http:\/\/perspetivaatual.pt\/wp-content\/uploads\/2024\/10\/DSC03757-2048x1152.jpg",2048,1152,true],"magazine-7-slider-full":["http:\/\/perspetivaatual.pt\/wp-content\/uploads\/2024\/10\/DSC03757-1536x1020.jpg",1536,1020,true],"magazine-7-slider-center":["http:\/\/perspetivaatual.pt\/wp-content\/uploads\/2024\/10\/DSC03757-936x897.jpg",936,897,true],"magazine-7-featured":["http:\/\/perspetivaatual.pt\/wp-content\/uploads\/2024\/10\/DSC03757-1024x576.jpg",1024,576,true],"magazine-7-medium":["http:\/\/perspetivaatual.pt\/wp-content\/uploads\/2024\/10\/DSC03757-720x380.jpg",720,380,true],"magazine-7-medium-square":["http:\/\/perspetivaatual.pt\/wp-content\/uploads\/2024\/10\/DSC03757-675x450.jpg",675,450,true],"rpwe-thumbnail":["http:\/\/perspetivaatual.pt\/wp-content\/uploads\/2024\/10\/DSC03757-45x45.jpg",45,45,true]},"author_info":{"info":[false]},"category_info":"<a href=\"http:\/\/perspetivaatual.pt\/index.php\/category\/destaques\/\" rel=\"category tag\">Destaques<\/a> <a href=\"http:\/\/perspetivaatual.pt\/index.php\/category\/educacao\/\" rel=\"category tag\">Educa\u00e7\u00e3o<\/a>","tag_info":"Educa\u00e7\u00e3o","comment_count":"0","_links":{"self":[{"href":"http:\/\/perspetivaatual.pt\/index.php\/wp-json\/wp\/v2\/posts\/4100","targetHints":{"allow":["GET"]}}],"collection":[{"href":"http:\/\/perspetivaatual.pt\/index.php\/wp-json\/wp\/v2\/posts"}],"about":[{"href":"http:\/\/perspetivaatual.pt\/index.php\/wp-json\/wp\/v2\/types\/post"}],"author":[{"embeddable":true,"href":"http:\/\/perspetivaatual.pt\/index.php\/wp-json\/wp\/v2\/users\/8"}],"replies":[{"embeddable":true,"href":"http:\/\/perspetivaatual.pt\/index.php\/wp-json\/wp\/v2\/comments?post=4100"}],"version-history":[{"count":0,"href":"http:\/\/perspetivaatual.pt\/index.php\/wp-json\/wp\/v2\/posts\/4100\/revisions"}],"wp:featuredmedia":[{"embeddable":true,"href":"http:\/\/perspetivaatual.pt\/index.php\/wp-json\/wp\/v2\/media\/4101"}],"wp:attachment":[{"href":"http:\/\/perspetivaatual.pt\/index.php\/wp-json\/wp\/v2\/media?parent=4100"}],"wp:term":[{"taxonomy":"category","embeddable":true,"href":"http:\/\/perspetivaatual.pt\/index.php\/wp-json\/wp\/v2\/categories?post=4100"},{"taxonomy":"post_tag","embeddable":true,"href":"http:\/\/perspetivaatual.pt\/index.php\/wp-json\/wp\/v2\/tags?post=4100"}],"curies":[{"name":"wp","href":"https:\/\/api.w.org\/{rel}","templated":true}]}}