{"id":4137,"date":"2024-10-25T07:00:00","date_gmt":"2024-10-25T07:00:00","guid":{"rendered":"https:\/\/perspetivaatual.pt\/?p=4137"},"modified":"2024-10-22T16:32:27","modified_gmt":"2024-10-22T16:32:27","slug":"educacao-irreverente-e-orientada-para-o-futuro","status":"publish","type":"post","link":"http:\/\/perspetivaatual.pt\/index.php\/2024\/10\/25\/educacao-irreverente-e-orientada-para-o-futuro\/","title":{"rendered":"Educa\u00e7\u00e3o Irreverente e Orientada para o Futuro"},"content":{"rendered":"\n<p><strong>Ap\u00f3s quase 20 anos a formar, a <a href=\"https:\/\/www.eitv.pt\/\" target=\"_blank\" rel=\"noreferrer noopener\">Escola Internacional de Torres Vedras<\/a> continua a marcar a diferen\u00e7a no panorama educativo ao aliar \u00e9tica, inova\u00e7\u00e3o e tecnologia a uma forte base de valores. Sob a lideran\u00e7a de Eduardo Castro, a institui\u00e7\u00e3o adapta-se \u00e0s constantes mudan\u00e7as socioculturais e pol\u00edticas, apostando num ensino de qualidade, que prepara os alunos para um futuro global e intercultural, com foco no desenvolvimento integral.<\/strong><\/p>\n\n\n\n<p><strong>Perspetiva Atual: Criada em 2005, a Escola Internacional de Torres Vedras (EITV) est\u00e1 prestes a completar duas d\u00e9cadas. Como tal, que balan\u00e7o faz do trabalho realizado? Quais foram os desafios enfrentados ao longo dos anos e como \u00e9 que a institui\u00e7\u00e3o tem evolu\u00eddo para continuar a cumprir o objetivo de explorar o potencial m\u00e1ximo dos alunos?<\/strong><\/p>\n\n\n\n<p><strong>EITV:<\/strong> Duas d\u00e9cadas ao servi\u00e7o do ensino implicam necessariamente altera\u00e7\u00f5es e adapta\u00e7\u00f5es. Porqu\u00ea? Porque as sociedades est\u00e3o em permanente mudan\u00e7a. O contexto sociocultural de hoje n\u00e3o \u00e9 certamente igual ao in\u00edcio deste mil\u00e9nio. De igual modo, as pol\u00edticas educativas v\u00e3o acompanhando as novas pedagogias e contextos pol\u00edticos. Temos assistido a diversas reformas educacionais que visam adaptar o sistema educativo \u00e0s necessidades da sociedade.<\/p>\n\n\n\n<p>Neste sentido, e em termos pedag\u00f3gicos, temos vindo a introduzir todas as altera\u00e7\u00f5es exigidas pelo Minist\u00e9rio da Educa\u00e7\u00e3o. No \u00e2mbito da nossa autonomia pedag\u00f3gica, sempre atribu\u00edmos um foco especial ao ensino das l\u00ednguas estrangeiras, preparando os alunos para a certifica\u00e7\u00e3o de n\u00edvel de l\u00edngua. Em termos tecnol\u00f3gicos, temos igualmente acompanhado a evolu\u00e7\u00e3o, disponibilizando equipamentos que facilitam e motivam a aprendizagem. Todas as salas de aula t\u00eam quadros interativos com liga\u00e7\u00e3o \u00e0 internet e adquirimos \u00f3culos de realidade virtual e aumentada para que os nossos alunos possam explorar determinadas \u00e1reas do conhecimento e sensa\u00e7\u00f5es diversas. Disponibilizamos duas salas de computadores para a literacia digital, bem como o Laborat\u00f3rio da Era Digital (LED).<\/p>\n\n\n\n<figure class=\"wp-block-image aligncenter size-full is-resized\"><img loading=\"lazy\" decoding=\"async\" src=\"https:\/\/perspetivaatual.pt\/wp-content\/uploads\/2024\/10\/9111ddcf-d6b3-4b56-ae77-9f22fae77758.jpg\" alt=\"\" class=\"wp-image-4139\" width=\"696\" height=\"391\" srcset=\"http:\/\/perspetivaatual.pt\/wp-content\/uploads\/2024\/10\/9111ddcf-d6b3-4b56-ae77-9f22fae77758.jpg 1008w, http:\/\/perspetivaatual.pt\/wp-content\/uploads\/2024\/10\/9111ddcf-d6b3-4b56-ae77-9f22fae77758-300x169.jpg 300w, http:\/\/perspetivaatual.pt\/wp-content\/uploads\/2024\/10\/9111ddcf-d6b3-4b56-ae77-9f22fae77758-768x432.jpg 768w, http:\/\/perspetivaatual.pt\/wp-content\/uploads\/2024\/10\/9111ddcf-d6b3-4b56-ae77-9f22fae77758-600x338.jpg 600w\" sizes=\"auto, (max-width: 696px) 100vw, 696px\" \/><\/figure>\n\n\n\n<p>Relembro o significado da nossa sigla, EITV \u2013 \u00c9tica, Inova\u00e7\u00e3o, Tecnologia e Valores. Estes s\u00e3o e ser\u00e3o os pilares da nossa escola. Independentemente da evolu\u00e7\u00e3o natural da sociedade, temos de nos manter fi\u00e9is ao que nos pode diferenciar dos demais e o que nos mant\u00e9m ligados e focados no caminho que percorremos. Sem \u00e9tica e valores n\u00e3o h\u00e1 cidadania global, n\u00e3o h\u00e1 interculturalidade. Podemos ser muito inovadores e com grande vontade de apostar na evolu\u00e7\u00e3o tecnol\u00f3gica, mas sem os outros pilares, teremos um conjunto de indiv\u00edduos a acotovelarese diariamente, passando por cima uns dos outros e, possivelmente, utilizando a tecnologia para fins menos adequados.<\/p>\n\n\n\n<p>Estamos a formar futuros cidad\u00e3os respons\u00e1veis, dotados de empatia e compet\u00eancias sociais, que t\u00eam dispon\u00edvel um ambiente f\u00edsico que \u00e9 o canteiro onde as sementes podem germinar e os recursos tecnol\u00f3gicos s\u00e3o os fertilizantes que ajudam o crescimento.<\/p>\n\n\n\n<p>O nosso Audit\u00f3rio convida a experimentar as Artes Performativas, as salas de inform\u00e1tica convidam \u00e0 imers\u00e3o tecnol\u00f3gica e ao despertar para uma \u00e1rea mais cient\u00edfica porque permitem o desenvolvimento da literacia digital e a investiga\u00e7\u00e3o, as instala\u00e7\u00f5es desportivas, desde o futebol, ao padel, ao basquete, ou mesmo ao t\u00e9nis de mesa (no interior do edif\u00edcio) levam os alunos a desenvolverem a sua aptid\u00e3o f\u00edsica e a descobrir novos talentos. Claramente, o nosso balan\u00e7o \u00e9 muito positivo.<\/p>\n\n\n\n<figure class=\"wp-block-image aligncenter size-large is-resized\"><img loading=\"lazy\" decoding=\"async\" src=\"https:\/\/perspetivaatual.pt\/wp-content\/uploads\/2024\/10\/WhatsApp-Image-2024-01-26-at-14.11.56-3-768x1024.jpeg\" alt=\"\" class=\"wp-image-4140\" width=\"381\" height=\"508\" srcset=\"http:\/\/perspetivaatual.pt\/wp-content\/uploads\/2024\/10\/WhatsApp-Image-2024-01-26-at-14.11.56-3-768x1024.jpeg 768w, http:\/\/perspetivaatual.pt\/wp-content\/uploads\/2024\/10\/WhatsApp-Image-2024-01-26-at-14.11.56-3-225x300.jpeg 225w, http:\/\/perspetivaatual.pt\/wp-content\/uploads\/2024\/10\/WhatsApp-Image-2024-01-26-at-14.11.56-3-1152x1536.jpeg 1152w, http:\/\/perspetivaatual.pt\/wp-content\/uploads\/2024\/10\/WhatsApp-Image-2024-01-26-at-14.11.56-3-1024x1365.jpeg 1024w, http:\/\/perspetivaatual.pt\/wp-content\/uploads\/2024\/10\/WhatsApp-Image-2024-01-26-at-14.11.56-3-600x800.jpeg 600w, http:\/\/perspetivaatual.pt\/wp-content\/uploads\/2024\/10\/WhatsApp-Image-2024-01-26-at-14.11.56-3.jpeg 1200w\" sizes=\"auto, (max-width: 381px) 100vw, 381px\" \/><\/figure>\n\n\n\n<p>Os verdadeiros desafios prendemse com o contexto pol\u00edtico e a possibilidade que temos de implementar ou n\u00e3o as nossas propostas. No entanto, entendemos que os desafios fazem parte do percurso, d\u00e3o-nos experi\u00eancia e tornam-nos mais fortes, mais capazes e mais proativos.<\/p>\n\n\n\n<p><strong>PA: Neste sentido, a Escola disponibiliza tr\u00eas percursos educativos distintos (curr\u00edculo nacional, curr\u00edculo Cambridge e Dual Diploma com os Estados Unidos da Am\u00e9rica), da creche at\u00e9 ao Ensino Secund\u00e1rio. Quais s\u00e3o as principais diferen\u00e7as entre estes curr\u00edculos?<\/strong><\/p>\n\n\n\n<p><strong>EITV: <\/strong>O curr\u00edculo nacional corresponde aos requisitos das pol\u00edticas educativas assentes nas aprendizagens essenciais e no perfil do aluno \u00e0 sa\u00edda da escolaridade obrigat\u00f3ria, n\u00e3o esquecendo as medidas universais que visam garantir a igualdade de oportunidades e a inclus\u00e3o de todos os alunos. A l\u00edngua de ensino \u00e9 o portugu\u00eas. No entanto, todos os nossos alunos s\u00e3o preparados, atrav\u00e9s do protocolo que temos com a University of Cambridge (Cambridge English Qualifications), para o exame de l\u00edngua inglesa. Proporcionamos ainda aos nossos alunos prepara\u00e7\u00e3o para exames de franc\u00eas (DELF) e de espanhol (DELE).<\/p>\n\n\n\n<p>O Diploma Dual \u00e9 uma oferta complementar, corre em paralelo com o nosso curr\u00edculo nacional, sendo efetuado \u00e0 dist\u00e2ncia e podendo ser iniciado no 8\u00ba ano. Nasce de um protocolo com a Academica, institui\u00e7\u00e3o de ensino internacional na Florida. O ensino \u00e9 ministrado apenas em ingl\u00eas. O curr\u00edculo internacional de Cambridge (ensino ministrado em ingl\u00eas) \u00e9 uma resposta \u00e0 sociedade atual, cada vez mais multicultural e intercultural. Temos protocolos com a University of Cambridge e Pearson.<\/p>\n\n\n\n<figure class=\"wp-block-image aligncenter size-large is-resized\"><img loading=\"lazy\" decoding=\"async\" src=\"https:\/\/perspetivaatual.pt\/wp-content\/uploads\/2024\/10\/m238fj-1024x875.jpg\" alt=\"\" class=\"wp-image-4141\" width=\"424\" height=\"362\" srcset=\"http:\/\/perspetivaatual.pt\/wp-content\/uploads\/2024\/10\/m238fj-1024x875.jpg 1024w, http:\/\/perspetivaatual.pt\/wp-content\/uploads\/2024\/10\/m238fj-300x256.jpg 300w, http:\/\/perspetivaatual.pt\/wp-content\/uploads\/2024\/10\/m238fj-768x657.jpg 768w, http:\/\/perspetivaatual.pt\/wp-content\/uploads\/2024\/10\/m238fj-600x513.jpg 600w, http:\/\/perspetivaatual.pt\/wp-content\/uploads\/2024\/10\/m238fj.jpg 1179w\" sizes=\"auto, (max-width: 424px) 100vw, 424px\" \/><\/figure>\n\n\n\n<p>Nos \u00faltimos anos, o Oeste tem sido procurado por um n\u00famero crescente de fam\u00edlias de diferentes nacionalidades. Para fazer face a essa procura, a EITV lan\u00e7ou o curr\u00edculo internacional de Cambridge cuja principal vantagem \u00e9 o facto de os alunos serem integrados facilmente em qualquer escola internacional, sem a preocupa\u00e7\u00e3o de processos de equival\u00eancia morosos.<\/p>\n\n\n\n<p><strong>PA: Considerando os desafios contempor\u00e2neos, como considera que estas abordagens educativas fomentam o desenvolvimento integral dos alunos, preparando-os adequadamente para um futuro global e promissor?<\/strong><\/p>\n\n\n\n<p><strong>EITV:<\/strong> O futuro dos nossos alunos n\u00e3o pode ser previsto com exatid\u00e3o. Neste sentido, a escola atual tem por obriga\u00e7\u00e3o proporcionar a aprendizagem de soft skills. Um aluno que saiba comunicar, trabalhar em equipa, gerir o seu tempo, adaptar-se e ser emp\u00e1tico, est\u00e1 certamente preparado para ser um cidad\u00e3o global. \u00c9 ainda importante preparamos os jovens para lidarem com as frustra\u00e7\u00f5es, gerirem conflitos e serem l\u00edderes. Queremos jovens que reflitam sobre as suas a\u00e7\u00f5es, desejem inovar e consigam adaptar-se a qualquer contexto de trabalho. Na verdade, estamos a preparar alunos para \u00e1reas profissionais que podem nem existir ainda e para enfrentarem desafios que n\u00e3o s\u00e3o ainda conhecidos<\/p>\n\n\n\n<p>Nas nossas atividades anuais, inclu\u00edmos o Pr\u00e9mio Infante D. Henrique que promove o desenvolvimento pessoal e social dos jovens e certifica compet\u00eancias pessoais com vista ao reconhecimento pelas universidades. Temos ainda outros projetos, como o Parlamento dos Jovens e o projeto Eco-Escolas que desenvolvem outras compet\u00eancias no \u00e2mbito do desenvolvimento global dos alunos.<\/p>\n\n\n\n<figure class=\"wp-block-image aligncenter size-large is-resized\"><img loading=\"lazy\" decoding=\"async\" src=\"https:\/\/perspetivaatual.pt\/wp-content\/uploads\/2024\/10\/IMG_4184-1024x683.jpg\" alt=\"\" class=\"wp-image-4146\" width=\"654\" height=\"436\" srcset=\"http:\/\/perspetivaatual.pt\/wp-content\/uploads\/2024\/10\/IMG_4184-1024x683.jpg 1024w, http:\/\/perspetivaatual.pt\/wp-content\/uploads\/2024\/10\/IMG_4184-300x200.jpg 300w, http:\/\/perspetivaatual.pt\/wp-content\/uploads\/2024\/10\/IMG_4184-768x512.jpg 768w, http:\/\/perspetivaatual.pt\/wp-content\/uploads\/2024\/10\/IMG_4184-675x450.jpg 675w, http:\/\/perspetivaatual.pt\/wp-content\/uploads\/2024\/10\/IMG_4184-600x400.jpg 600w, http:\/\/perspetivaatual.pt\/wp-content\/uploads\/2024\/10\/IMG_4184.jpg 1296w\" sizes=\"auto, (max-width: 654px) 100vw, 654px\" \/><\/figure>\n\n\n\n<p><strong>PA: Al\u00e9m do irreverente projeto educativo, a EITV possui uma variada oferta complementar. De que forma as atividades extracurriculares contribuem para a valoriza\u00e7\u00e3o pedag\u00f3gica da institui\u00e7\u00e3o e estimulam o enriquecimento art\u00edstico e cultural dos jovens?<\/strong><\/p>\n\n\n\n<p><strong>EITV:<\/strong> Queremos que os nossos alunos consigam ir al\u00e9m das exig\u00eancias associadas ao cumprimento de curr\u00edculos. Por isso, na nossa escola, a par de todas as atividades e projetos em que est\u00e3o envolvidos em termos de enriquecimento curricular, beneficiam da exist\u00eancia dos Discovery Clubs, que fomentam o desenvolvimento integral dos alunos. Assim, os nossos jovens podem inscrever-se em Teatro, Dan\u00e7a, Futebol e na Academia de M\u00fasica, que consiste, de forma sucinta, em aulas de instrumento individual, nomeadamente canto, bateria, guitarra e piano. <\/p>\n\n\n\n<p>Deste modo, promovem-se compet\u00eancias sociais e emocionais, tais como a lideran\u00e7a, empatia, autoestima, resili\u00eancia e coopera\u00e7\u00e3o, mas tamb\u00e9m se estimula o pensamento cr\u00edtico, a criatividade e resolu\u00e7\u00e3o de problemas, enriquecendo aquilo que \u00e9 aprendido nas salas de aula. A promo\u00e7\u00e3o da sa\u00fade f\u00edsica e mental, j\u00e1 que acaba por ser uma pausa nas exig\u00eancias escolares do quotidiano, tamb\u00e9m deve ser tida em conta. <\/p>\n\n\n\n<p>Al\u00e9m disso, estas atividades desenvolvem a compet\u00eancia de gest\u00e3o de tempo e aumentam a motiva\u00e7\u00e3o, fortalecendo o v\u00ednculo entre a escola e a comunidade, nomeadamente atrav\u00e9s das apresenta\u00e7\u00f5es de Teatro e Dan\u00e7a e das Audi\u00e7\u00f5es da Academia de M\u00fasica, momentos em que toda a Comunidade Educativa \u00e9 convidada a assistir a um espet\u00e1culo, que torna evidente o trabalho desenvolvido ao longo do ano pelos nossos alunos e professores, e que valoriza, evidentemente, toda a institui\u00e7\u00e3o, que muito se orgulha do trabalho realizado pela sua equipa docente e jovens talentos. \u00c9 de referir que o desenvolvimento de interesses e talentos individuais e o crescimento pessoal e profissional dos nossos alunos acaba por beneficiar ao longo de todo o processo.<\/p>\n\n\n\n<figure class=\"wp-block-image aligncenter size-large is-resized\"><img loading=\"lazy\" decoding=\"async\" src=\"https:\/\/perspetivaatual.pt\/wp-content\/uploads\/2024\/10\/\u00a9aidanklessic_newsplex_eitv-04122-1024x683.jpg\" alt=\"\" class=\"wp-image-4143\" width=\"638\" height=\"425\" srcset=\"http:\/\/perspetivaatual.pt\/wp-content\/uploads\/2024\/10\/\u00a9aidanklessic_newsplex_eitv-04122-1024x683.jpg 1024w, http:\/\/perspetivaatual.pt\/wp-content\/uploads\/2024\/10\/\u00a9aidanklessic_newsplex_eitv-04122-300x200.jpg 300w, http:\/\/perspetivaatual.pt\/wp-content\/uploads\/2024\/10\/\u00a9aidanklessic_newsplex_eitv-04122-768x512.jpg 768w, http:\/\/perspetivaatual.pt\/wp-content\/uploads\/2024\/10\/\u00a9aidanklessic_newsplex_eitv-04122-1536x1020.jpg 1536w, http:\/\/perspetivaatual.pt\/wp-content\/uploads\/2024\/10\/\u00a9aidanklessic_newsplex_eitv-04122-2048x1365.jpg 2048w, http:\/\/perspetivaatual.pt\/wp-content\/uploads\/2024\/10\/\u00a9aidanklessic_newsplex_eitv-04122-675x450.jpg 675w, http:\/\/perspetivaatual.pt\/wp-content\/uploads\/2024\/10\/\u00a9aidanklessic_newsplex_eitv-04122-600x400.jpg 600w\" sizes=\"auto, (max-width: 638px) 100vw, 638px\" \/><\/figure>\n\n\n\n<p><strong>PA: O Campus da Escola alberga infraestruturas modernas e diversificadas. Como \u00e9 que o ambiente f\u00edsico e os recursos tecnol\u00f3gicos dispon\u00edveis t\u00eam potenciado a experi\u00eancia de aprendizagem e incentivado o desenvolvimento extracurricular dos estudantes?<\/strong><\/p>\n\n\n\n<p><strong>EITV:<\/strong> A Escola Internacional de Torres Vedras est\u00e1 implantada num terreno de 45 mil metros quadrados, completamente vedado, e disp\u00f5e 10.500m2 de amplas instala\u00e7\u00f5es. Este ambiente f\u00edsico e todos os recursos tecnol\u00f3gicos de alta qualidade que os nossos alunos e professores t\u00eam \u00e0 sua disposi\u00e7\u00e3o, influenciam tanto o conforto e a motiva\u00e7\u00e3o dos alunos, quanto a qualidade do ensino oferecido, potenciando o rendimento escolar. Primeiramente, em termos de espa\u00e7os, os nossos alunos t\u00eam todas as condi\u00e7\u00f5es que favorecem a concentra\u00e7\u00e3o e o bem-estar, que fomentam o trabalho em equipa e uma aprendizagem ativa, bem como o enriquecimento da experi\u00eancia pr\u00e1tica e a aproxima\u00e7\u00e3o dos alunos a situa\u00e7\u00f5es reais, nomeadamente atrav\u00e9s dos projetos realizados nos laborat\u00f3rios. <\/p>\n\n\n\n<p>Os recursos tecnol\u00f3gicos existentes na nossa escola, como computadores, tablets e os nossos quadros interativos, permitem o acesso r\u00e1pido e eficaz \u00e0 informa\u00e7\u00e3o, ampliando o leque de possibilidades de pesquisa, e promovem uma aprendizagem mais individualizada, sempre que seja necess\u00e1ria, o que assegura tamb\u00e9m a inclus\u00e3o, visto que todos os alunos conseguem aceder ao conte\u00fado, ainda que por diferentes meios. A tecnologia que permite o uso de v\u00eddeos, simula\u00e7\u00f5es, realidade virtual e realidade aumentada, dispon\u00edvel no nosso Laborat\u00f3rio da Era Digital, torna a aprendizagem mais interativa e envolvente. Estas ferramentas atendem a diferentes tipos de aprendizagem, per mitem que os alunos experimentem, criem e inovem, estimulam o pensamento cr\u00edtico e a resolu\u00e7\u00e3o de problemas de forma pr\u00e1tica e colaborativa, para al\u00e9m de aumentarem a motiva\u00e7\u00e3o dos alunos e a sua participa\u00e7\u00e3o ativa na escola. <\/p>\n\n\n\n<figure class=\"wp-block-image aligncenter size-large is-resized\"><img loading=\"lazy\" decoding=\"async\" src=\"https:\/\/perspetivaatual.pt\/wp-content\/uploads\/2024\/10\/WhatsApp-Image-2024-10-11-at-15.52.29-819x1024.jpeg\" alt=\"\" class=\"wp-image-4144\" width=\"366\" height=\"458\" srcset=\"http:\/\/perspetivaatual.pt\/wp-content\/uploads\/2024\/10\/WhatsApp-Image-2024-10-11-at-15.52.29-819x1024.jpeg 819w, http:\/\/perspetivaatual.pt\/wp-content\/uploads\/2024\/10\/WhatsApp-Image-2024-10-11-at-15.52.29-240x300.jpeg 240w, http:\/\/perspetivaatual.pt\/wp-content\/uploads\/2024\/10\/WhatsApp-Image-2024-10-11-at-15.52.29-768x960.jpeg 768w, http:\/\/perspetivaatual.pt\/wp-content\/uploads\/2024\/10\/WhatsApp-Image-2024-10-11-at-15.52.29-600x750.jpeg 600w, http:\/\/perspetivaatual.pt\/wp-content\/uploads\/2024\/10\/WhatsApp-Image-2024-10-11-at-15.52.29.jpeg 960w\" sizes=\"auto, (max-width: 366px) 100vw, 366px\" \/><\/figure>\n\n\n\n<p>Em suma, o ambiente f\u00edsico adequado, os recursos tecnol\u00f3 gicos de alta qualidade, a redu\u00e7\u00e3o de barreiras de acesso ao conhecimento e o est\u00edmulo \u00e0 criatividade e inova\u00e7\u00e3o, aumentam o desempenho acad\u00e9mico dos nossos alunos e estimulam o desenvolvimento de capacidades essenciais para a vida, bem como para o mercado de trabalho, em constante mudan\u00e7a, do s\u00e9culo XXI.<\/p>\n\n\n\n<p><strong>PA: Que iniciativas ou projetos planeiam implementar no futuro?<\/strong><\/p>\n\n\n\n<p><strong>EITV: <\/strong>A EITV sempre se pautou pela adapta\u00e7\u00e3o e inova \u00e7\u00e3o, tanto a n\u00edvel das tecnologias ligadas ao ensino, como pelas diversas ofertas formativas e pelo desenvolvi mento de compet\u00eancias ligadas \u00e0s artes e ao desporto. Assim, acreditamos que, paulatinamente, j\u00e1 estamos a dar resposta a algumas das mudan\u00e7as iminentes no panorama educacional. \u00c9 o caso, por exemplo, do reconhecimento da Intelig\u00eancia Artificial (IA) no ensino, do de senvolvimento socioemocional dos jovens, da educa\u00e7\u00e3o voltada para a sustentabilidade e cidadania global, da presen\u00e7a da realidade aumentada e virtual e do crescimento da educa\u00e7\u00e3o inclusiva. Todas estas \u00e1reas s\u00e3o j\u00e1 preocupa\u00e7\u00f5es da dire\u00e7\u00e3o e das lideran\u00e7as interm\u00e9dias junto dos professores, para que, nos pr\u00f3ximos tempos, se consiga fazer cada vez mais e melhor. <\/p>\n\n\n\n<figure class=\"wp-block-image aligncenter size-large is-resized\"><img loading=\"lazy\" decoding=\"async\" src=\"https:\/\/perspetivaatual.pt\/wp-content\/uploads\/2024\/10\/WhatsApp-Image-2024-10-15-at-16.09.37-1024x768.jpeg\" alt=\"\" class=\"wp-image-4145\" width=\"498\" height=\"374\" srcset=\"http:\/\/perspetivaatual.pt\/wp-content\/uploads\/2024\/10\/WhatsApp-Image-2024-10-15-at-16.09.37-1024x768.jpeg 1024w, http:\/\/perspetivaatual.pt\/wp-content\/uploads\/2024\/10\/WhatsApp-Image-2024-10-15-at-16.09.37-300x225.jpeg 300w, http:\/\/perspetivaatual.pt\/wp-content\/uploads\/2024\/10\/WhatsApp-Image-2024-10-15-at-16.09.37-768x576.jpeg 768w, http:\/\/perspetivaatual.pt\/wp-content\/uploads\/2024\/10\/WhatsApp-Image-2024-10-15-at-16.09.37-1536x1152.jpeg 1536w, http:\/\/perspetivaatual.pt\/wp-content\/uploads\/2024\/10\/WhatsApp-Image-2024-10-15-at-16.09.37-600x450.jpeg 600w, http:\/\/perspetivaatual.pt\/wp-content\/uploads\/2024\/10\/WhatsApp-Image-2024-10-15-at-16.09.37.jpeg 1600w\" sizes=\"auto, (max-width: 498px) 100vw, 498px\" \/><\/figure>\n\n\n\n<p>Gostar\u00edamos de salientar, a t\u00edtulo de exemplo, a sustentabilidade, que faz parte do nosso Projeto Educativo e \u00e9 trabalhado, com base nos 17 objetivos de desenvolvimento sustent\u00e1vel definidos para a Agenda 2030, ao longo dos v\u00e1rios anos de escolaridade. As ferramentas de realidade virtual e aumentada, que, conforme j\u00e1 referido, fazem parte dos recursos que professores e alunos t\u00eam ao seu dispor na escola e, finalmente, a aceita\u00e7\u00e3o de que todos os alunos s\u00e3o diferentes e que, por isso, a educa\u00e7\u00e3o n\u00e3o tem outro caminho a n\u00e3o ser a inclus\u00e3o de todos e de cada um. <\/p>\n\n\n\n<p>Tamb\u00e9m a implementa\u00e7\u00e3o gradual da literacia financeira nas nossas turmas responde aos novos desafios. Educamos para o futuro e, nesse sentido, estamos atentos \u00e0 mudan\u00e7a, que procuramos sempre que se reflita nas nossas pr\u00e1ticas di\u00e1rias na escola.<\/p>\n","protected":false},"excerpt":{"rendered":"<p>Ap\u00f3s quase 20 anos a formar, a Escola Internacional de Torres Vedras continua a marcar<\/p>\n","protected":false},"author":8,"featured_media":4138,"comment_status":"open","ping_status":"open","sticky":false,"template":"","format":"standard","meta":{"footnotes":""},"categories":[3],"tags":[604],"class_list":["post-4137","post","type-post","status-publish","format-standard","has-post-thumbnail","hentry","category-educacao","tag-escola-internacional-de-torres-vedras"],"yoast_head":"<!-- This site is optimized with the Yoast SEO plugin v24.2 - https:\/\/yoast.com\/wordpress\/plugins\/seo\/ -->\n<title>Educa\u00e7\u00e3o Irreverente e Orientada para o Futuro - Perspetiva Atual<\/title>\n<meta name=\"description\" content=\"Ap\u00f3s quase 20 anos a formar, a Escola Internacional de Torres Vedras continua a marcar a diferen\u00e7a no panorama educativo ao aliar \u00e9tica...\" \/>\n<meta name=\"robots\" content=\"index, follow, max-snippet:-1, max-image-preview:large, max-video-preview:-1\" \/>\n<link rel=\"canonical\" href=\"https:\/\/perspetivaatual.pt\/index.php\/2024\/10\/25\/educacao-irreverente-e-orientada-para-o-futuro\/\" \/>\n<meta property=\"og:locale\" content=\"pt_PT\" \/>\n<meta property=\"og:type\" content=\"article\" \/>\n<meta property=\"og:title\" content=\"Educa\u00e7\u00e3o Irreverente e Orientada para o Futuro - Perspetiva Atual\" \/>\n<meta property=\"og:description\" content=\"Ap\u00f3s quase 20 anos a formar, a Escola Internacional de Torres Vedras continua a marcar a diferen\u00e7a no panorama educativo ao aliar \u00e9tica...\" \/>\n<meta property=\"og:url\" content=\"https:\/\/perspetivaatual.pt\/index.php\/2024\/10\/25\/educacao-irreverente-e-orientada-para-o-futuro\/\" \/>\n<meta property=\"og:site_name\" content=\"Perspetiva Atual\" \/>\n<meta property=\"article:published_time\" content=\"2024-10-25T07:00:00+00:00\" \/>\n<meta property=\"article:modified_time\" content=\"2024-10-22T16:32:27+00:00\" \/>\n<meta property=\"og:image\" content=\"https:\/\/perspetivaatual.pt\/wp-content\/uploads\/2024\/10\/20220521_0365-1024x683.jpg\" \/>\n\t<meta property=\"og:image:width\" content=\"1024\" \/>\n\t<meta property=\"og:image:height\" content=\"683\" \/>\n\t<meta property=\"og:image:type\" content=\"image\/jpeg\" \/>\n<meta name=\"author\" content=\"Reda\u00e7\u00e3o\" \/>\n<meta name=\"twitter:card\" content=\"summary_large_image\" \/>\n<meta name=\"twitter:label1\" content=\"Escrito por\" \/>\n\t<meta name=\"twitter:data1\" content=\"\" \/>\n\t<meta name=\"twitter:label2\" content=\"Tempo estimado de leitura\" \/>\n\t<meta name=\"twitter:data2\" content=\"12 minutos\" \/>\n<script type=\"application\/ld+json\" class=\"yoast-schema-graph\">{\"@context\":\"https:\/\/schema.org\",\"@graph\":[{\"@type\":\"Article\",\"@id\":\"https:\/\/perspetivaatual.pt\/index.php\/2024\/10\/25\/educacao-irreverente-e-orientada-para-o-futuro\/#article\",\"isPartOf\":{\"@id\":\"https:\/\/perspetivaatual.pt\/index.php\/2024\/10\/25\/educacao-irreverente-e-orientada-para-o-futuro\/\"},\"author\":{\"name\":\"Reda\u00e7\u00e3o\",\"@id\":\"https:\/\/perspetivaatual.pt\/#\/schema\/person\/9b120c74e428965de47d819d311af48c\"},\"headline\":\"Educa\u00e7\u00e3o Irreverente e Orientada para o Futuro\",\"datePublished\":\"2024-10-25T07:00:00+00:00\",\"dateModified\":\"2024-10-22T16:32:27+00:00\",\"mainEntityOfPage\":{\"@id\":\"https:\/\/perspetivaatual.pt\/index.php\/2024\/10\/25\/educacao-irreverente-e-orientada-para-o-futuro\/\"},\"wordCount\":2115,\"commentCount\":0,\"publisher\":{\"@id\":\"https:\/\/perspetivaatual.pt\/#organization\"},\"image\":{\"@id\":\"https:\/\/perspetivaatual.pt\/index.php\/2024\/10\/25\/educacao-irreverente-e-orientada-para-o-futuro\/#primaryimage\"},\"thumbnailUrl\":\"http:\/\/perspetivaatual.pt\/wp-content\/uploads\/2024\/10\/20220521_0365.jpg\",\"keywords\":[\"Escola Internacional de Torres Vedras\"],\"articleSection\":[\"Educa\u00e7\u00e3o\"],\"inLanguage\":\"pt-PT\",\"potentialAction\":[{\"@type\":\"CommentAction\",\"name\":\"Comment\",\"target\":[\"https:\/\/perspetivaatual.pt\/index.php\/2024\/10\/25\/educacao-irreverente-e-orientada-para-o-futuro\/#respond\"]}]},{\"@type\":\"WebPage\",\"@id\":\"https:\/\/perspetivaatual.pt\/index.php\/2024\/10\/25\/educacao-irreverente-e-orientada-para-o-futuro\/\",\"url\":\"https:\/\/perspetivaatual.pt\/index.php\/2024\/10\/25\/educacao-irreverente-e-orientada-para-o-futuro\/\",\"name\":\"Educa\u00e7\u00e3o Irreverente e Orientada para o Futuro - Perspetiva Atual\",\"isPartOf\":{\"@id\":\"https:\/\/perspetivaatual.pt\/#website\"},\"primaryImageOfPage\":{\"@id\":\"https:\/\/perspetivaatual.pt\/index.php\/2024\/10\/25\/educacao-irreverente-e-orientada-para-o-futuro\/#primaryimage\"},\"image\":{\"@id\":\"https:\/\/perspetivaatual.pt\/index.php\/2024\/10\/25\/educacao-irreverente-e-orientada-para-o-futuro\/#primaryimage\"},\"thumbnailUrl\":\"http:\/\/perspetivaatual.pt\/wp-content\/uploads\/2024\/10\/20220521_0365.jpg\",\"datePublished\":\"2024-10-25T07:00:00+00:00\",\"dateModified\":\"2024-10-22T16:32:27+00:00\",\"description\":\"Ap\u00f3s quase 20 anos a formar, a Escola Internacional de Torres Vedras continua a marcar a diferen\u00e7a no panorama educativo ao aliar \u00e9tica...\",\"breadcrumb\":{\"@id\":\"https:\/\/perspetivaatual.pt\/index.php\/2024\/10\/25\/educacao-irreverente-e-orientada-para-o-futuro\/#breadcrumb\"},\"inLanguage\":\"pt-PT\",\"potentialAction\":[{\"@type\":\"ReadAction\",\"target\":[\"https:\/\/perspetivaatual.pt\/index.php\/2024\/10\/25\/educacao-irreverente-e-orientada-para-o-futuro\/\"]}]},{\"@type\":\"ImageObject\",\"inLanguage\":\"pt-PT\",\"@id\":\"https:\/\/perspetivaatual.pt\/index.php\/2024\/10\/25\/educacao-irreverente-e-orientada-para-o-futuro\/#primaryimage\",\"url\":\"http:\/\/perspetivaatual.pt\/wp-content\/uploads\/2024\/10\/20220521_0365.jpg\",\"contentUrl\":\"http:\/\/perspetivaatual.pt\/wp-content\/uploads\/2024\/10\/20220521_0365.jpg\",\"width\":2048,\"height\":1365},{\"@type\":\"BreadcrumbList\",\"@id\":\"https:\/\/perspetivaatual.pt\/index.php\/2024\/10\/25\/educacao-irreverente-e-orientada-para-o-futuro\/#breadcrumb\",\"itemListElement\":[{\"@type\":\"ListItem\",\"position\":1,\"name\":\"Home\",\"item\":\"https:\/\/perspetivaatual.pt\/\"},{\"@type\":\"ListItem\",\"position\":2,\"name\":\"Educa\u00e7\u00e3o Irreverente e Orientada para o Futuro\"}]},{\"@type\":\"WebSite\",\"@id\":\"https:\/\/perspetivaatual.pt\/#website\",\"url\":\"https:\/\/perspetivaatual.pt\/\",\"name\":\"Perspetiva Atual\",\"description\":\"Olhar Portugal, de diferentes formas\",\"publisher\":{\"@id\":\"https:\/\/perspetivaatual.pt\/#organization\"},\"potentialAction\":[{\"@type\":\"SearchAction\",\"target\":{\"@type\":\"EntryPoint\",\"urlTemplate\":\"https:\/\/perspetivaatual.pt\/?s={search_term_string}\"},\"query-input\":{\"@type\":\"PropertyValueSpecification\",\"valueRequired\":true,\"valueName\":\"search_term_string\"}}],\"inLanguage\":\"pt-PT\"},{\"@type\":\"Organization\",\"@id\":\"https:\/\/perspetivaatual.pt\/#organization\",\"name\":\"Perspetiva Atual\",\"url\":\"https:\/\/perspetivaatual.pt\/\",\"logo\":{\"@type\":\"ImageObject\",\"inLanguage\":\"pt-PT\",\"@id\":\"https:\/\/perspetivaatual.pt\/#\/schema\/logo\/image\/\",\"url\":\"http:\/\/perspetivaatual.pt\/wp-content\/uploads\/2020\/08\/cropped-perspetiva_atual-.png\",\"contentUrl\":\"http:\/\/perspetivaatual.pt\/wp-content\/uploads\/2020\/08\/cropped-perspetiva_atual-.png\",\"width\":618,\"height\":202,\"caption\":\"Perspetiva Atual\"},\"image\":{\"@id\":\"https:\/\/perspetivaatual.pt\/#\/schema\/logo\/image\/\"}},{\"@type\":\"Person\",\"@id\":\"https:\/\/perspetivaatual.pt\/#\/schema\/person\/9b120c74e428965de47d819d311af48c\",\"name\":\"Reda\u00e7\u00e3o\",\"image\":{\"@type\":\"ImageObject\",\"inLanguage\":\"pt-PT\",\"@id\":\"https:\/\/perspetivaatual.pt\/#\/schema\/person\/image\/\",\"url\":\"https:\/\/secure.gravatar.com\/avatar\/b4c3ada39ea7cbce3cdf0bfa2f578c7a?s=96&d=mm&r=g\",\"contentUrl\":\"https:\/\/secure.gravatar.com\/avatar\/b4c3ada39ea7cbce3cdf0bfa2f578c7a?s=96&d=mm&r=g\",\"caption\":\"Reda\u00e7\u00e3o\"},\"url\":\"http:\/\/perspetivaatual.pt\/index.php\/author\/redacao\/\"}]}<\/script>\n<!-- \/ Yoast SEO plugin. -->","yoast_head_json":{"title":"Educa\u00e7\u00e3o Irreverente e Orientada para o Futuro - Perspetiva Atual","description":"Ap\u00f3s quase 20 anos a formar, a Escola Internacional de Torres Vedras continua a marcar a diferen\u00e7a no panorama educativo ao aliar \u00e9tica...","robots":{"index":"index","follow":"follow","max-snippet":"max-snippet:-1","max-image-preview":"max-image-preview:large","max-video-preview":"max-video-preview:-1"},"canonical":"https:\/\/perspetivaatual.pt\/index.php\/2024\/10\/25\/educacao-irreverente-e-orientada-para-o-futuro\/","og_locale":"pt_PT","og_type":"article","og_title":"Educa\u00e7\u00e3o Irreverente e Orientada para o Futuro - Perspetiva Atual","og_description":"Ap\u00f3s quase 20 anos a formar, a Escola Internacional de Torres Vedras continua a marcar a diferen\u00e7a no panorama educativo ao aliar \u00e9tica...","og_url":"https:\/\/perspetivaatual.pt\/index.php\/2024\/10\/25\/educacao-irreverente-e-orientada-para-o-futuro\/","og_site_name":"Perspetiva Atual","article_published_time":"2024-10-25T07:00:00+00:00","article_modified_time":"2024-10-22T16:32:27+00:00","og_image":[{"width":1024,"height":683,"url":"https:\/\/perspetivaatual.pt\/wp-content\/uploads\/2024\/10\/20220521_0365-1024x683.jpg","type":"image\/jpeg"}],"author":"Reda\u00e7\u00e3o","twitter_card":"summary_large_image","twitter_misc":{"Escrito por":false,"Tempo estimado de leitura":"12 minutos"},"schema":{"@context":"https:\/\/schema.org","@graph":[{"@type":"Article","@id":"https:\/\/perspetivaatual.pt\/index.php\/2024\/10\/25\/educacao-irreverente-e-orientada-para-o-futuro\/#article","isPartOf":{"@id":"https:\/\/perspetivaatual.pt\/index.php\/2024\/10\/25\/educacao-irreverente-e-orientada-para-o-futuro\/"},"author":{"name":"Reda\u00e7\u00e3o","@id":"https:\/\/perspetivaatual.pt\/#\/schema\/person\/9b120c74e428965de47d819d311af48c"},"headline":"Educa\u00e7\u00e3o Irreverente e Orientada para o Futuro","datePublished":"2024-10-25T07:00:00+00:00","dateModified":"2024-10-22T16:32:27+00:00","mainEntityOfPage":{"@id":"https:\/\/perspetivaatual.pt\/index.php\/2024\/10\/25\/educacao-irreverente-e-orientada-para-o-futuro\/"},"wordCount":2115,"commentCount":0,"publisher":{"@id":"https:\/\/perspetivaatual.pt\/#organization"},"image":{"@id":"https:\/\/perspetivaatual.pt\/index.php\/2024\/10\/25\/educacao-irreverente-e-orientada-para-o-futuro\/#primaryimage"},"thumbnailUrl":"http:\/\/perspetivaatual.pt\/wp-content\/uploads\/2024\/10\/20220521_0365.jpg","keywords":["Escola Internacional de Torres Vedras"],"articleSection":["Educa\u00e7\u00e3o"],"inLanguage":"pt-PT","potentialAction":[{"@type":"CommentAction","name":"Comment","target":["https:\/\/perspetivaatual.pt\/index.php\/2024\/10\/25\/educacao-irreverente-e-orientada-para-o-futuro\/#respond"]}]},{"@type":"WebPage","@id":"https:\/\/perspetivaatual.pt\/index.php\/2024\/10\/25\/educacao-irreverente-e-orientada-para-o-futuro\/","url":"https:\/\/perspetivaatual.pt\/index.php\/2024\/10\/25\/educacao-irreverente-e-orientada-para-o-futuro\/","name":"Educa\u00e7\u00e3o Irreverente e Orientada para o Futuro - Perspetiva Atual","isPartOf":{"@id":"https:\/\/perspetivaatual.pt\/#website"},"primaryImageOfPage":{"@id":"https:\/\/perspetivaatual.pt\/index.php\/2024\/10\/25\/educacao-irreverente-e-orientada-para-o-futuro\/#primaryimage"},"image":{"@id":"https:\/\/perspetivaatual.pt\/index.php\/2024\/10\/25\/educacao-irreverente-e-orientada-para-o-futuro\/#primaryimage"},"thumbnailUrl":"http:\/\/perspetivaatual.pt\/wp-content\/uploads\/2024\/10\/20220521_0365.jpg","datePublished":"2024-10-25T07:00:00+00:00","dateModified":"2024-10-22T16:32:27+00:00","description":"Ap\u00f3s quase 20 anos a formar, a Escola Internacional de Torres Vedras continua a marcar a diferen\u00e7a no panorama educativo ao aliar \u00e9tica...","breadcrumb":{"@id":"https:\/\/perspetivaatual.pt\/index.php\/2024\/10\/25\/educacao-irreverente-e-orientada-para-o-futuro\/#breadcrumb"},"inLanguage":"pt-PT","potentialAction":[{"@type":"ReadAction","target":["https:\/\/perspetivaatual.pt\/index.php\/2024\/10\/25\/educacao-irreverente-e-orientada-para-o-futuro\/"]}]},{"@type":"ImageObject","inLanguage":"pt-PT","@id":"https:\/\/perspetivaatual.pt\/index.php\/2024\/10\/25\/educacao-irreverente-e-orientada-para-o-futuro\/#primaryimage","url":"http:\/\/perspetivaatual.pt\/wp-content\/uploads\/2024\/10\/20220521_0365.jpg","contentUrl":"http:\/\/perspetivaatual.pt\/wp-content\/uploads\/2024\/10\/20220521_0365.jpg","width":2048,"height":1365},{"@type":"BreadcrumbList","@id":"https:\/\/perspetivaatual.pt\/index.php\/2024\/10\/25\/educacao-irreverente-e-orientada-para-o-futuro\/#breadcrumb","itemListElement":[{"@type":"ListItem","position":1,"name":"Home","item":"https:\/\/perspetivaatual.pt\/"},{"@type":"ListItem","position":2,"name":"Educa\u00e7\u00e3o Irreverente e Orientada para o Futuro"}]},{"@type":"WebSite","@id":"https:\/\/perspetivaatual.pt\/#website","url":"https:\/\/perspetivaatual.pt\/","name":"Perspetiva Atual","description":"Olhar Portugal, de diferentes formas","publisher":{"@id":"https:\/\/perspetivaatual.pt\/#organization"},"potentialAction":[{"@type":"SearchAction","target":{"@type":"EntryPoint","urlTemplate":"https:\/\/perspetivaatual.pt\/?s={search_term_string}"},"query-input":{"@type":"PropertyValueSpecification","valueRequired":true,"valueName":"search_term_string"}}],"inLanguage":"pt-PT"},{"@type":"Organization","@id":"https:\/\/perspetivaatual.pt\/#organization","name":"Perspetiva Atual","url":"https:\/\/perspetivaatual.pt\/","logo":{"@type":"ImageObject","inLanguage":"pt-PT","@id":"https:\/\/perspetivaatual.pt\/#\/schema\/logo\/image\/","url":"http:\/\/perspetivaatual.pt\/wp-content\/uploads\/2020\/08\/cropped-perspetiva_atual-.png","contentUrl":"http:\/\/perspetivaatual.pt\/wp-content\/uploads\/2020\/08\/cropped-perspetiva_atual-.png","width":618,"height":202,"caption":"Perspetiva Atual"},"image":{"@id":"https:\/\/perspetivaatual.pt\/#\/schema\/logo\/image\/"}},{"@type":"Person","@id":"https:\/\/perspetivaatual.pt\/#\/schema\/person\/9b120c74e428965de47d819d311af48c","name":"Reda\u00e7\u00e3o","image":{"@type":"ImageObject","inLanguage":"pt-PT","@id":"https:\/\/perspetivaatual.pt\/#\/schema\/person\/image\/","url":"https:\/\/secure.gravatar.com\/avatar\/b4c3ada39ea7cbce3cdf0bfa2f578c7a?s=96&d=mm&r=g","contentUrl":"https:\/\/secure.gravatar.com\/avatar\/b4c3ada39ea7cbce3cdf0bfa2f578c7a?s=96&d=mm&r=g","caption":"Reda\u00e7\u00e3o"},"url":"http:\/\/perspetivaatual.pt\/index.php\/author\/redacao\/"}]}},"featured_image_urls":{"full":["http:\/\/perspetivaatual.pt\/wp-content\/uploads\/2024\/10\/20220521_0365.jpg",2048,1365,false],"thumbnail":["http:\/\/perspetivaatual.pt\/wp-content\/uploads\/2024\/10\/20220521_0365-150x150.jpg",150,150,true],"medium":["http:\/\/perspetivaatual.pt\/wp-content\/uploads\/2024\/10\/20220521_0365-300x200.jpg",300,200,true],"medium_large":["http:\/\/perspetivaatual.pt\/wp-content\/uploads\/2024\/10\/20220521_0365-768x512.jpg",640,427,true],"large":["http:\/\/perspetivaatual.pt\/wp-content\/uploads\/2024\/10\/20220521_0365-1024x683.jpg",640,427,true],"1536x1536":["http:\/\/perspetivaatual.pt\/wp-content\/uploads\/2024\/10\/20220521_0365-1536x1024.jpg",1536,1024,true],"2048x2048":["http:\/\/perspetivaatual.pt\/wp-content\/uploads\/2024\/10\/20220521_0365.jpg",2048,1365,false],"magazine-7-slider-full":["http:\/\/perspetivaatual.pt\/wp-content\/uploads\/2024\/10\/20220521_0365-1536x1020.jpg",1536,1020,true],"magazine-7-slider-center":["http:\/\/perspetivaatual.pt\/wp-content\/uploads\/2024\/10\/20220521_0365-936x897.jpg",936,897,true],"magazine-7-featured":["http:\/\/perspetivaatual.pt\/wp-content\/uploads\/2024\/10\/20220521_0365-1024x683.jpg",1024,683,true],"magazine-7-medium":["http:\/\/perspetivaatual.pt\/wp-content\/uploads\/2024\/10\/20220521_0365-720x380.jpg",720,380,true],"magazine-7-medium-square":["http:\/\/perspetivaatual.pt\/wp-content\/uploads\/2024\/10\/20220521_0365-675x450.jpg",675,450,true],"rpwe-thumbnail":["http:\/\/perspetivaatual.pt\/wp-content\/uploads\/2024\/10\/20220521_0365-45x45.jpg",45,45,true]},"author_info":{"info":[false]},"category_info":"<a href=\"http:\/\/perspetivaatual.pt\/index.php\/category\/educacao\/\" rel=\"category tag\">Educa\u00e7\u00e3o<\/a>","tag_info":"Educa\u00e7\u00e3o","comment_count":"0","_links":{"self":[{"href":"http:\/\/perspetivaatual.pt\/index.php\/wp-json\/wp\/v2\/posts\/4137","targetHints":{"allow":["GET"]}}],"collection":[{"href":"http:\/\/perspetivaatual.pt\/index.php\/wp-json\/wp\/v2\/posts"}],"about":[{"href":"http:\/\/perspetivaatual.pt\/index.php\/wp-json\/wp\/v2\/types\/post"}],"author":[{"embeddable":true,"href":"http:\/\/perspetivaatual.pt\/index.php\/wp-json\/wp\/v2\/users\/8"}],"replies":[{"embeddable":true,"href":"http:\/\/perspetivaatual.pt\/index.php\/wp-json\/wp\/v2\/comments?post=4137"}],"version-history":[{"count":0,"href":"http:\/\/perspetivaatual.pt\/index.php\/wp-json\/wp\/v2\/posts\/4137\/revisions"}],"wp:featuredmedia":[{"embeddable":true,"href":"http:\/\/perspetivaatual.pt\/index.php\/wp-json\/wp\/v2\/media\/4138"}],"wp:attachment":[{"href":"http:\/\/perspetivaatual.pt\/index.php\/wp-json\/wp\/v2\/media?parent=4137"}],"wp:term":[{"taxonomy":"category","embeddable":true,"href":"http:\/\/perspetivaatual.pt\/index.php\/wp-json\/wp\/v2\/categories?post=4137"},{"taxonomy":"post_tag","embeddable":true,"href":"http:\/\/perspetivaatual.pt\/index.php\/wp-json\/wp\/v2\/tags?post=4137"}],"curies":[{"name":"wp","href":"https:\/\/api.w.org\/{rel}","templated":true}]}}