{"id":4170,"date":"2024-10-25T07:00:00","date_gmt":"2024-10-25T07:00:00","guid":{"rendered":"https:\/\/perspetivaatual.pt\/?p=4170"},"modified":"2024-10-22T16:32:07","modified_gmt":"2024-10-22T16:32:07","slug":"um-colegio-para-todos-onde-impera-a-excelencia-e-a-personalizacao-do-ensino","status":"publish","type":"post","link":"http:\/\/perspetivaatual.pt\/index.php\/2024\/10\/25\/um-colegio-para-todos-onde-impera-a-excelencia-e-a-personalizacao-do-ensino\/","title":{"rendered":"Um Col\u00e9gio para Todos onde impera a Excel\u00eancia e a Personaliza\u00e7\u00e3o do Ensino"},"content":{"rendered":"\n<p><strong>O <a href=\"https:\/\/ined.pt\/colegio-ined-porto\/\" target=\"_blank\" rel=\"noreferrer noopener\">INED<\/a> destaca-se pela sua abordagem educativa singular, que une inova\u00e7\u00e3o pedag\u00f3gica e personaliza\u00e7\u00e3o do ensino, mantendo um forte compromisso com a inclus\u00e3o e a internacionaliza\u00e7\u00e3o. A nova Dire\u00e7\u00e3o Pedag\u00f3gica, composta por Mariana Vilar e Stephanie Peixoto, revisita os valores e pr\u00e1ticas que uniformizam a educa\u00e7\u00e3o, adapta metodologias ao desenvolvimento e ritmo de cada aluno, enfatizando a import\u00e2ncia da colabora\u00e7\u00e3o entre a escola, a fam\u00edlia e a comunidade. Assim, procura-se continuar a formar cidad\u00e3os aptos a enfrentar os desafios globais.<\/strong><\/p>\n\n\n\n<p><strong>Perspetiva Atual: O Col\u00e9gio INED iniciou a sua atividade em 1998. Desde ent\u00e3o, como se tem destacado no panorama educacional nacional? Quais s\u00e3o os valores que distinguem e guiam a pr\u00e1tica pedag\u00f3gica? <\/strong><\/p>\n\n\n\n<p><strong>Dire\u00e7\u00e3o Pedag\u00f3gica: <\/strong>Desde a sua funda\u00e7\u00e3o em 1998, o Col\u00e9gio INED tem-se destacado no sistema educativo com foco na educa\u00e7\u00e3o integral e na inova\u00e7\u00e3o. Destaca-se a miss\u00e3o na inclus\u00e3o, na diversidade cultural e na internacionaliza\u00e7\u00e3o, de forma a preparar os alunos para a constru\u00e7\u00e3o dos seus projetos individuais e sustent\u00e1veis no futuro.<\/p>\n\n\n\n<p><strong>PA: Efetivamente, o projeto educativo do INED, sendo orientado para a qualidade e excel\u00eancia, assume caracter\u00edsticas que o diferenciam dos demais. Quais s\u00e3o os principais fatores que tornam esta pedagogia \u00fanica?<\/strong><\/p>\n\n\n\n<p><strong>DP:<\/strong> A pedagogia do INED baseia-se na individualiza\u00e7\u00e3o do ensino e no uso de tecnologias, promovendo uma aprendizagem diferenciada e inclusiva. Os professores aplicam metodologias adaptadas \u00e0s necessidades de cada aluno, utilizando estrat\u00e9gias como trabalho em grupo, projetos e ensino colaborativo. A avalia\u00e7\u00e3o cont\u00ednua e personalizada complementa este modelo, proporcionando feedback construtivo que fomenta o desenvolvimento acad\u00e9mico e pessoal. Destaca-se tamb\u00e9m a rela\u00e7\u00e3o de proximidade entre alunos e professores, que promove um bom ambiente escolar e \u00e9 na constru\u00e7\u00e3o desta rela\u00e7\u00e3o de confian\u00e7a que as estrat\u00e9gias se v\u00e3o aplicando num processo natural, ao longo do percurso escolar dos alunos.<\/p>\n\n\n\n<figure class=\"wp-block-gallery has-nested-images columns-default is-cropped wp-block-gallery-1 is-layout-flex wp-block-gallery-is-layout-flex\">\n<figure class=\"wp-block-image size-large\"><img loading=\"lazy\" decoding=\"async\" width=\"1008\" height=\"756\" data-id=\"4174\" src=\"https:\/\/perspetivaatual.pt\/wp-content\/uploads\/2024\/10\/IMG_0327.jpg\" alt=\"\" class=\"wp-image-4174\" srcset=\"http:\/\/perspetivaatual.pt\/wp-content\/uploads\/2024\/10\/IMG_0327.jpg 1008w, http:\/\/perspetivaatual.pt\/wp-content\/uploads\/2024\/10\/IMG_0327-300x225.jpg 300w, http:\/\/perspetivaatual.pt\/wp-content\/uploads\/2024\/10\/IMG_0327-768x576.jpg 768w, http:\/\/perspetivaatual.pt\/wp-content\/uploads\/2024\/10\/IMG_0327-600x450.jpg 600w\" sizes=\"auto, (max-width: 1008px) 100vw, 1008px\" \/><\/figure>\n\n\n\n<figure class=\"wp-block-image size-large\"><img loading=\"lazy\" decoding=\"async\" width=\"1024\" height=\"682\" data-id=\"4175\" src=\"https:\/\/perspetivaatual.pt\/wp-content\/uploads\/2024\/10\/IMG_9366-1024x682.jpg\" alt=\"\" class=\"wp-image-4175\" srcset=\"http:\/\/perspetivaatual.pt\/wp-content\/uploads\/2024\/10\/IMG_9366-1024x682.jpg 1024w, http:\/\/perspetivaatual.pt\/wp-content\/uploads\/2024\/10\/IMG_9366-300x200.jpg 300w, http:\/\/perspetivaatual.pt\/wp-content\/uploads\/2024\/10\/IMG_9366-768x512.jpg 768w, http:\/\/perspetivaatual.pt\/wp-content\/uploads\/2024\/10\/IMG_9366-675x450.jpg 675w, http:\/\/perspetivaatual.pt\/wp-content\/uploads\/2024\/10\/IMG_9366-600x400.jpg 600w, http:\/\/perspetivaatual.pt\/wp-content\/uploads\/2024\/10\/IMG_9366.jpg 1115w\" sizes=\"auto, (max-width: 1024px) 100vw, 1024px\" \/><\/figure>\n<\/figure>\n\n\n\n<p><strong>PA: Considerando que a oferta formativa do Col\u00e9gio vai desde o 2.\u00ba ciclo do Ensino B\u00e1sico at\u00e9 ao Ensino Secund\u00e1rio, de que forma \u00e9 que este modelo educativo inovador \u00e9 adaptado aos diferentes ciclos de estudos?<\/strong><\/p>\n\n\n\n<p><strong>DP:<\/strong> O curr\u00edculo do Col\u00e9gio INED \u00e9 estruturado, incluindo forma\u00e7\u00e3o complementar dividida pelos ciclos de ensino, que assegura uma progress\u00e3o gradual do conhecimento e estimula os alunos a desenvolver metodologias de projeto ao longo do percurso escolar, dando resposta \u00e0s premissas do Perfil do Aluno \u00e0 Sa\u00edda da Escolaridade Obrigat\u00f3ria.<\/p>\n\n\n\n<p><strong>PA: Al\u00e9m disso, as fam\u00edlias e a comunidade s\u00e3o tamb\u00e9m pedras basilares deste projeto. Assim, como \u00e9 que o INED promove a sinergia entre a escola, a fam\u00edlia e a comunidade? Como \u00e9 que esta articula\u00e7\u00e3o estreita impacta o desenvolvimento profissional e pessoal dos estudantes?<\/strong><\/p>\n\n\n\n<p><strong>DP: <\/strong>A colabora\u00e7\u00e3o entre a escola, a fam\u00edlia e a comunidade \u00e9 um pilar fundamental do projeto educativo do INED. Atrav\u00e9s de sess\u00f5es, eventos e atividades o col\u00e9gio promove uma articula\u00e7\u00e3o constante que fortalece os la\u00e7os entre todos os intervenientes no processo educativo. Esta sinergia contribui para o desenvolvimento acad\u00e9mico, emocional e social dos alunos, criando um ambiente de apoio e proximidade. As fam\u00edlias s\u00e3o convidadas a participar nos projetos dos seus educandos e aderem muito positivamente, com frequentes contributos que merecem a nossa aten\u00e7\u00e3o e que estreitam a nossa comunica\u00e7\u00e3o.<\/p>\n\n\n\n<figure class=\"wp-block-image aligncenter size-full is-resized\"><img loading=\"lazy\" decoding=\"async\" src=\"https:\/\/perspetivaatual.pt\/wp-content\/uploads\/2024\/10\/NOVO-INED_page-0001.jpg\" alt=\"\" class=\"wp-image-4180\" width=\"551\" height=\"266\" srcset=\"http:\/\/perspetivaatual.pt\/wp-content\/uploads\/2024\/10\/NOVO-INED_page-0001.jpg 645w, http:\/\/perspetivaatual.pt\/wp-content\/uploads\/2024\/10\/NOVO-INED_page-0001-300x145.jpg 300w, http:\/\/perspetivaatual.pt\/wp-content\/uploads\/2024\/10\/NOVO-INED_page-0001-600x289.jpg 600w\" sizes=\"auto, (max-width: 551px) 100vw, 551px\" \/><\/figure>\n\n\n\n<p><strong>PA: Esta pedagogia \u00e9 complementada com o Servi\u00e7o de Psicologia e Orienta\u00e7\u00e3o. Qual \u00e9 a import\u00e2ncia deste acompanhamento em perman\u00eancia?<\/strong><\/p>\n\n\n\n<p><strong>DP:<\/strong> O Servi\u00e7o de Psicologia e Orienta\u00e7\u00e3o (SPO), coordenado pela Dra. Ana Cunha, desempenha um papel crucial na educa\u00e7\u00e3o inclusiva e na constru\u00e7\u00e3o de metodologias adaptadas no INED, oferecendo apoio especializado a alunos e fam\u00edlias. A equipa do servi\u00e7o colabora com os docentes para identificar as necessidades espec\u00edficas dos alunos e elaborar planos de interven\u00e7\u00e3o personalizados, assegurando que todos os alunos recebem o apoio necess\u00e1rio para atingir o seu pleno potencial. Participa em todos os projetos do Col\u00e9gio, dando contributos essenciais e foco ao desenvolvimento hol\u00edstico dos alunos e \u00e0 estimula\u00e7\u00e3o de um ambiente de escola saud\u00e1vel.<\/p>\n\n\n\n<p><strong>PA: N\u00e3o obstante, o INED disp\u00f5e de programas que promovem tanto a mobilidade internacional do corpo docente e discente, como o interc\u00e2mbio de conhecimentos. Tendo em conta o contexto atual, como \u00e9 que estas iniciativas beneficiam os alunos e professores?<\/strong><\/p>\n\n\n\n<p><strong>DP:<\/strong> O INED \u00e9 uma institui\u00e7\u00e3o acreditada e desenvolve a sua estrat\u00e9gia de internacionaliza\u00e7\u00e3o em programas Erasmus+ e eTwinning. Estes projetos permitem que os alunos desenvolvam projetos com alunos de outras escolas europeias e que os professores aprendam metodologias e inovadoras e as possam aplicar no nosso contexto escolar. Estas iniciativas promovem a troca de experi\u00eancias e o desenvolvimento de compet\u00eancias interculturais, de sustentabilidade ambiental, transforma\u00e7\u00e3o digital, empreendedorismo e responsabilidade social. Os projetos internacionais tamb\u00e9m refor\u00e7am as soft skills, como o trabalho em equipa, a resolu\u00e7\u00e3o de problemas e a comunica\u00e7\u00e3o.<\/p>\n\n\n\n<figure class=\"wp-block-gallery has-nested-images columns-default is-cropped wp-block-gallery-2 is-layout-flex wp-block-gallery-is-layout-flex\">\n<figure class=\"wp-block-image size-large\"><img loading=\"lazy\" decoding=\"async\" width=\"1024\" height=\"683\" data-id=\"4181\" src=\"https:\/\/perspetivaatual.pt\/wp-content\/uploads\/2024\/10\/IMG_9514-1024x683.jpg\" alt=\"\" class=\"wp-image-4181\" srcset=\"http:\/\/perspetivaatual.pt\/wp-content\/uploads\/2024\/10\/IMG_9514-1024x683.jpg 1024w, http:\/\/perspetivaatual.pt\/wp-content\/uploads\/2024\/10\/IMG_9514-300x200.jpg 300w, http:\/\/perspetivaatual.pt\/wp-content\/uploads\/2024\/10\/IMG_9514-768x512.jpg 768w, http:\/\/perspetivaatual.pt\/wp-content\/uploads\/2024\/10\/IMG_9514-675x450.jpg 675w, http:\/\/perspetivaatual.pt\/wp-content\/uploads\/2024\/10\/IMG_9514-600x400.jpg 600w, http:\/\/perspetivaatual.pt\/wp-content\/uploads\/2024\/10\/IMG_9514.jpg 1368w\" sizes=\"auto, (max-width: 1024px) 100vw, 1024px\" \/><\/figure>\n\n\n\n<figure class=\"wp-block-image size-large\"><img loading=\"lazy\" decoding=\"async\" width=\"1024\" height=\"683\" data-id=\"4182\" src=\"https:\/\/perspetivaatual.pt\/wp-content\/uploads\/2024\/10\/IMG_9558-1024x683.jpg\" alt=\"\" class=\"wp-image-4182\" srcset=\"http:\/\/perspetivaatual.pt\/wp-content\/uploads\/2024\/10\/IMG_9558-1024x683.jpg 1024w, http:\/\/perspetivaatual.pt\/wp-content\/uploads\/2024\/10\/IMG_9558-300x200.jpg 300w, http:\/\/perspetivaatual.pt\/wp-content\/uploads\/2024\/10\/IMG_9558-768x512.jpg 768w, http:\/\/perspetivaatual.pt\/wp-content\/uploads\/2024\/10\/IMG_9558-675x450.jpg 675w, http:\/\/perspetivaatual.pt\/wp-content\/uploads\/2024\/10\/IMG_9558-600x400.jpg 600w, http:\/\/perspetivaatual.pt\/wp-content\/uploads\/2024\/10\/IMG_9558.jpg 1343w\" sizes=\"auto, (max-width: 1024px) 100vw, 1024px\" \/><\/figure>\n<\/figure>\n\n\n\n<p><strong>PA: A inaugura\u00e7\u00e3o das novas instala\u00e7\u00f5es do Col\u00e9gio, permitir\u00e1 albergar mais dois ciclos de ensino. Al\u00e9m deste projeto, quais s\u00e3o os planos para o futuro? Qual \u00e9 a linha estrat\u00e9gica adotada pela Dire\u00e7\u00e3o?<\/strong><\/p>\n\n\n\n<p><strong>DP: <\/strong>A inaugura\u00e7\u00e3o das novas instala\u00e7\u00f5es marca uma fase de expans\u00e3o, abra\u00e7ando a creche, o pr\u00e9-escolar e o 1.\u00ba Ciclo. Para o futuro, o INED continua focado no desenvolvimento hol\u00edstico, na inova\u00e7\u00e3o pedag\u00f3gica e na personaliza\u00e7\u00e3o do ensino. A aposta na integra\u00e7\u00e3o de tecnologias e na forma\u00e7\u00e3o cont\u00ednua de professores refor\u00e7a o nosso compromisso com o futuro dos nossos alunos e na melhoria cont\u00ednua da oferta educativa. A internacionaliza\u00e7\u00e3o e a inclus\u00e3o mant\u00eam-se como eixos estrat\u00e9gicos fundamentais, visando formar cidad\u00e3os preparados para os desafios do s\u00e9culo XXI.<\/p>\n","protected":false},"excerpt":{"rendered":"<p>O INED destaca-se pela sua abordagem educativa singular, que une inova\u00e7\u00e3o pedag\u00f3gica e personaliza\u00e7\u00e3o do<\/p>\n","protected":false},"author":8,"featured_media":4176,"comment_status":"open","ping_status":"open","sticky":false,"template":"","format":"standard","meta":{"footnotes":""},"categories":[11,3],"tags":[607],"class_list":["post-4170","post","type-post","status-publish","format-standard","has-post-thumbnail","hentry","category-destaques","category-educacao","tag-colegio-ined"],"yoast_head":"<!-- This site is optimized with the Yoast SEO plugin v24.2 - https:\/\/yoast.com\/wordpress\/plugins\/seo\/ -->\n<title>Um Col\u00e9gio para Todos onde impera a Excel\u00eancia e a Personaliza\u00e7\u00e3o do Ensino - Perspetiva Atual<\/title>\n<meta name=\"robots\" content=\"index, follow, max-snippet:-1, max-image-preview:large, max-video-preview:-1\" \/>\n<link rel=\"canonical\" href=\"http:\/\/perspetivaatual.pt\/index.php\/2024\/10\/25\/um-colegio-para-todos-onde-impera-a-excelencia-e-a-personalizacao-do-ensino\/\" \/>\n<meta property=\"og:locale\" content=\"pt_PT\" \/>\n<meta property=\"og:type\" content=\"article\" \/>\n<meta property=\"og:title\" content=\"Um Col\u00e9gio para Todos onde impera a Excel\u00eancia e a Personaliza\u00e7\u00e3o do Ensino - Perspetiva Atual\" \/>\n<meta property=\"og:description\" content=\"O INED destaca-se pela sua abordagem educativa singular, que une inova\u00e7\u00e3o pedag\u00f3gica e personaliza\u00e7\u00e3o do\" \/>\n<meta property=\"og:url\" content=\"http:\/\/perspetivaatual.pt\/index.php\/2024\/10\/25\/um-colegio-para-todos-onde-impera-a-excelencia-e-a-personalizacao-do-ensino\/\" \/>\n<meta property=\"og:site_name\" content=\"Perspetiva Atual\" \/>\n<meta property=\"article:published_time\" content=\"2024-10-25T07:00:00+00:00\" \/>\n<meta property=\"article:modified_time\" content=\"2024-10-22T16:32:07+00:00\" \/>\n<meta property=\"og:image\" content=\"http:\/\/perspetivaatual.pt\/wp-content\/uploads\/2024\/10\/IMG_9377.jpg\" \/>\n\t<meta property=\"og:image:width\" content=\"1368\" \/>\n\t<meta property=\"og:image:height\" content=\"912\" \/>\n\t<meta property=\"og:image:type\" content=\"image\/jpeg\" \/>\n<meta name=\"author\" content=\"Reda\u00e7\u00e3o\" \/>\n<meta name=\"twitter:card\" content=\"summary_large_image\" \/>\n<meta name=\"twitter:label1\" content=\"Escrito por\" \/>\n\t<meta name=\"twitter:data1\" content=\"\" \/>\n\t<meta name=\"twitter:label2\" content=\"Tempo estimado de leitura\" \/>\n\t<meta name=\"twitter:data2\" content=\"6 minutos\" \/>\n<script type=\"application\/ld+json\" class=\"yoast-schema-graph\">{\"@context\":\"https:\/\/schema.org\",\"@graph\":[{\"@type\":\"Article\",\"@id\":\"http:\/\/perspetivaatual.pt\/index.php\/2024\/10\/25\/um-colegio-para-todos-onde-impera-a-excelencia-e-a-personalizacao-do-ensino\/#article\",\"isPartOf\":{\"@id\":\"http:\/\/perspetivaatual.pt\/index.php\/2024\/10\/25\/um-colegio-para-todos-onde-impera-a-excelencia-e-a-personalizacao-do-ensino\/\"},\"author\":{\"name\":\"Reda\u00e7\u00e3o\",\"@id\":\"https:\/\/perspetivaatual.pt\/#\/schema\/person\/9b120c74e428965de47d819d311af48c\"},\"headline\":\"Um Col\u00e9gio para Todos onde impera a Excel\u00eancia e a Personaliza\u00e7\u00e3o do Ensino\",\"datePublished\":\"2024-10-25T07:00:00+00:00\",\"dateModified\":\"2024-10-22T16:32:07+00:00\",\"mainEntityOfPage\":{\"@id\":\"http:\/\/perspetivaatual.pt\/index.php\/2024\/10\/25\/um-colegio-para-todos-onde-impera-a-excelencia-e-a-personalizacao-do-ensino\/\"},\"wordCount\":1010,\"commentCount\":0,\"publisher\":{\"@id\":\"https:\/\/perspetivaatual.pt\/#organization\"},\"image\":{\"@id\":\"http:\/\/perspetivaatual.pt\/index.php\/2024\/10\/25\/um-colegio-para-todos-onde-impera-a-excelencia-e-a-personalizacao-do-ensino\/#primaryimage\"},\"thumbnailUrl\":\"http:\/\/perspetivaatual.pt\/wp-content\/uploads\/2024\/10\/IMG_9377.jpg\",\"keywords\":[\"Col\u00e9gio INED\"],\"articleSection\":[\"Destaques\",\"Educa\u00e7\u00e3o\"],\"inLanguage\":\"pt-PT\",\"potentialAction\":[{\"@type\":\"CommentAction\",\"name\":\"Comment\",\"target\":[\"http:\/\/perspetivaatual.pt\/index.php\/2024\/10\/25\/um-colegio-para-todos-onde-impera-a-excelencia-e-a-personalizacao-do-ensino\/#respond\"]}]},{\"@type\":\"WebPage\",\"@id\":\"http:\/\/perspetivaatual.pt\/index.php\/2024\/10\/25\/um-colegio-para-todos-onde-impera-a-excelencia-e-a-personalizacao-do-ensino\/\",\"url\":\"http:\/\/perspetivaatual.pt\/index.php\/2024\/10\/25\/um-colegio-para-todos-onde-impera-a-excelencia-e-a-personalizacao-do-ensino\/\",\"name\":\"Um Col\u00e9gio para Todos onde impera a Excel\u00eancia e a Personaliza\u00e7\u00e3o do Ensino - Perspetiva Atual\",\"isPartOf\":{\"@id\":\"https:\/\/perspetivaatual.pt\/#website\"},\"primaryImageOfPage\":{\"@id\":\"http:\/\/perspetivaatual.pt\/index.php\/2024\/10\/25\/um-colegio-para-todos-onde-impera-a-excelencia-e-a-personalizacao-do-ensino\/#primaryimage\"},\"image\":{\"@id\":\"http:\/\/perspetivaatual.pt\/index.php\/2024\/10\/25\/um-colegio-para-todos-onde-impera-a-excelencia-e-a-personalizacao-do-ensino\/#primaryimage\"},\"thumbnailUrl\":\"http:\/\/perspetivaatual.pt\/wp-content\/uploads\/2024\/10\/IMG_9377.jpg\",\"datePublished\":\"2024-10-25T07:00:00+00:00\",\"dateModified\":\"2024-10-22T16:32:07+00:00\",\"breadcrumb\":{\"@id\":\"http:\/\/perspetivaatual.pt\/index.php\/2024\/10\/25\/um-colegio-para-todos-onde-impera-a-excelencia-e-a-personalizacao-do-ensino\/#breadcrumb\"},\"inLanguage\":\"pt-PT\",\"potentialAction\":[{\"@type\":\"ReadAction\",\"target\":[\"http:\/\/perspetivaatual.pt\/index.php\/2024\/10\/25\/um-colegio-para-todos-onde-impera-a-excelencia-e-a-personalizacao-do-ensino\/\"]}]},{\"@type\":\"ImageObject\",\"inLanguage\":\"pt-PT\",\"@id\":\"http:\/\/perspetivaatual.pt\/index.php\/2024\/10\/25\/um-colegio-para-todos-onde-impera-a-excelencia-e-a-personalizacao-do-ensino\/#primaryimage\",\"url\":\"http:\/\/perspetivaatual.pt\/wp-content\/uploads\/2024\/10\/IMG_9377.jpg\",\"contentUrl\":\"http:\/\/perspetivaatual.pt\/wp-content\/uploads\/2024\/10\/IMG_9377.jpg\",\"width\":1368,\"height\":912},{\"@type\":\"BreadcrumbList\",\"@id\":\"http:\/\/perspetivaatual.pt\/index.php\/2024\/10\/25\/um-colegio-para-todos-onde-impera-a-excelencia-e-a-personalizacao-do-ensino\/#breadcrumb\",\"itemListElement\":[{\"@type\":\"ListItem\",\"position\":1,\"name\":\"Home\",\"item\":\"https:\/\/perspetivaatual.pt\/\"},{\"@type\":\"ListItem\",\"position\":2,\"name\":\"Um Col\u00e9gio para Todos onde impera a Excel\u00eancia e a Personaliza\u00e7\u00e3o do Ensino\"}]},{\"@type\":\"WebSite\",\"@id\":\"https:\/\/perspetivaatual.pt\/#website\",\"url\":\"https:\/\/perspetivaatual.pt\/\",\"name\":\"Perspetiva Atual\",\"description\":\"Olhar Portugal, de diferentes formas\",\"publisher\":{\"@id\":\"https:\/\/perspetivaatual.pt\/#organization\"},\"potentialAction\":[{\"@type\":\"SearchAction\",\"target\":{\"@type\":\"EntryPoint\",\"urlTemplate\":\"https:\/\/perspetivaatual.pt\/?s={search_term_string}\"},\"query-input\":{\"@type\":\"PropertyValueSpecification\",\"valueRequired\":true,\"valueName\":\"search_term_string\"}}],\"inLanguage\":\"pt-PT\"},{\"@type\":\"Organization\",\"@id\":\"https:\/\/perspetivaatual.pt\/#organization\",\"name\":\"Perspetiva Atual\",\"url\":\"https:\/\/perspetivaatual.pt\/\",\"logo\":{\"@type\":\"ImageObject\",\"inLanguage\":\"pt-PT\",\"@id\":\"https:\/\/perspetivaatual.pt\/#\/schema\/logo\/image\/\",\"url\":\"http:\/\/perspetivaatual.pt\/wp-content\/uploads\/2020\/08\/cropped-perspetiva_atual-.png\",\"contentUrl\":\"http:\/\/perspetivaatual.pt\/wp-content\/uploads\/2020\/08\/cropped-perspetiva_atual-.png\",\"width\":618,\"height\":202,\"caption\":\"Perspetiva Atual\"},\"image\":{\"@id\":\"https:\/\/perspetivaatual.pt\/#\/schema\/logo\/image\/\"}},{\"@type\":\"Person\",\"@id\":\"https:\/\/perspetivaatual.pt\/#\/schema\/person\/9b120c74e428965de47d819d311af48c\",\"name\":\"Reda\u00e7\u00e3o\",\"image\":{\"@type\":\"ImageObject\",\"inLanguage\":\"pt-PT\",\"@id\":\"https:\/\/perspetivaatual.pt\/#\/schema\/person\/image\/\",\"url\":\"https:\/\/secure.gravatar.com\/avatar\/b4c3ada39ea7cbce3cdf0bfa2f578c7a?s=96&d=mm&r=g\",\"contentUrl\":\"https:\/\/secure.gravatar.com\/avatar\/b4c3ada39ea7cbce3cdf0bfa2f578c7a?s=96&d=mm&r=g\",\"caption\":\"Reda\u00e7\u00e3o\"},\"url\":\"http:\/\/perspetivaatual.pt\/index.php\/author\/redacao\/\"}]}<\/script>\n<!-- \/ Yoast SEO plugin. -->","yoast_head_json":{"title":"Um Col\u00e9gio para Todos onde impera a Excel\u00eancia e a Personaliza\u00e7\u00e3o do Ensino - Perspetiva Atual","robots":{"index":"index","follow":"follow","max-snippet":"max-snippet:-1","max-image-preview":"max-image-preview:large","max-video-preview":"max-video-preview:-1"},"canonical":"http:\/\/perspetivaatual.pt\/index.php\/2024\/10\/25\/um-colegio-para-todos-onde-impera-a-excelencia-e-a-personalizacao-do-ensino\/","og_locale":"pt_PT","og_type":"article","og_title":"Um Col\u00e9gio para Todos onde impera a Excel\u00eancia e a Personaliza\u00e7\u00e3o do Ensino - Perspetiva Atual","og_description":"O INED destaca-se pela sua abordagem educativa singular, que une inova\u00e7\u00e3o pedag\u00f3gica e personaliza\u00e7\u00e3o do","og_url":"http:\/\/perspetivaatual.pt\/index.php\/2024\/10\/25\/um-colegio-para-todos-onde-impera-a-excelencia-e-a-personalizacao-do-ensino\/","og_site_name":"Perspetiva Atual","article_published_time":"2024-10-25T07:00:00+00:00","article_modified_time":"2024-10-22T16:32:07+00:00","og_image":[{"width":1368,"height":912,"url":"http:\/\/perspetivaatual.pt\/wp-content\/uploads\/2024\/10\/IMG_9377.jpg","type":"image\/jpeg"}],"author":"Reda\u00e7\u00e3o","twitter_card":"summary_large_image","twitter_misc":{"Escrito por":false,"Tempo estimado de leitura":"6 minutos"},"schema":{"@context":"https:\/\/schema.org","@graph":[{"@type":"Article","@id":"http:\/\/perspetivaatual.pt\/index.php\/2024\/10\/25\/um-colegio-para-todos-onde-impera-a-excelencia-e-a-personalizacao-do-ensino\/#article","isPartOf":{"@id":"http:\/\/perspetivaatual.pt\/index.php\/2024\/10\/25\/um-colegio-para-todos-onde-impera-a-excelencia-e-a-personalizacao-do-ensino\/"},"author":{"name":"Reda\u00e7\u00e3o","@id":"https:\/\/perspetivaatual.pt\/#\/schema\/person\/9b120c74e428965de47d819d311af48c"},"headline":"Um Col\u00e9gio para Todos onde impera a Excel\u00eancia e a Personaliza\u00e7\u00e3o do Ensino","datePublished":"2024-10-25T07:00:00+00:00","dateModified":"2024-10-22T16:32:07+00:00","mainEntityOfPage":{"@id":"http:\/\/perspetivaatual.pt\/index.php\/2024\/10\/25\/um-colegio-para-todos-onde-impera-a-excelencia-e-a-personalizacao-do-ensino\/"},"wordCount":1010,"commentCount":0,"publisher":{"@id":"https:\/\/perspetivaatual.pt\/#organization"},"image":{"@id":"http:\/\/perspetivaatual.pt\/index.php\/2024\/10\/25\/um-colegio-para-todos-onde-impera-a-excelencia-e-a-personalizacao-do-ensino\/#primaryimage"},"thumbnailUrl":"http:\/\/perspetivaatual.pt\/wp-content\/uploads\/2024\/10\/IMG_9377.jpg","keywords":["Col\u00e9gio INED"],"articleSection":["Destaques","Educa\u00e7\u00e3o"],"inLanguage":"pt-PT","potentialAction":[{"@type":"CommentAction","name":"Comment","target":["http:\/\/perspetivaatual.pt\/index.php\/2024\/10\/25\/um-colegio-para-todos-onde-impera-a-excelencia-e-a-personalizacao-do-ensino\/#respond"]}]},{"@type":"WebPage","@id":"http:\/\/perspetivaatual.pt\/index.php\/2024\/10\/25\/um-colegio-para-todos-onde-impera-a-excelencia-e-a-personalizacao-do-ensino\/","url":"http:\/\/perspetivaatual.pt\/index.php\/2024\/10\/25\/um-colegio-para-todos-onde-impera-a-excelencia-e-a-personalizacao-do-ensino\/","name":"Um Col\u00e9gio para Todos onde impera a Excel\u00eancia e a Personaliza\u00e7\u00e3o do Ensino - Perspetiva Atual","isPartOf":{"@id":"https:\/\/perspetivaatual.pt\/#website"},"primaryImageOfPage":{"@id":"http:\/\/perspetivaatual.pt\/index.php\/2024\/10\/25\/um-colegio-para-todos-onde-impera-a-excelencia-e-a-personalizacao-do-ensino\/#primaryimage"},"image":{"@id":"http:\/\/perspetivaatual.pt\/index.php\/2024\/10\/25\/um-colegio-para-todos-onde-impera-a-excelencia-e-a-personalizacao-do-ensino\/#primaryimage"},"thumbnailUrl":"http:\/\/perspetivaatual.pt\/wp-content\/uploads\/2024\/10\/IMG_9377.jpg","datePublished":"2024-10-25T07:00:00+00:00","dateModified":"2024-10-22T16:32:07+00:00","breadcrumb":{"@id":"http:\/\/perspetivaatual.pt\/index.php\/2024\/10\/25\/um-colegio-para-todos-onde-impera-a-excelencia-e-a-personalizacao-do-ensino\/#breadcrumb"},"inLanguage":"pt-PT","potentialAction":[{"@type":"ReadAction","target":["http:\/\/perspetivaatual.pt\/index.php\/2024\/10\/25\/um-colegio-para-todos-onde-impera-a-excelencia-e-a-personalizacao-do-ensino\/"]}]},{"@type":"ImageObject","inLanguage":"pt-PT","@id":"http:\/\/perspetivaatual.pt\/index.php\/2024\/10\/25\/um-colegio-para-todos-onde-impera-a-excelencia-e-a-personalizacao-do-ensino\/#primaryimage","url":"http:\/\/perspetivaatual.pt\/wp-content\/uploads\/2024\/10\/IMG_9377.jpg","contentUrl":"http:\/\/perspetivaatual.pt\/wp-content\/uploads\/2024\/10\/IMG_9377.jpg","width":1368,"height":912},{"@type":"BreadcrumbList","@id":"http:\/\/perspetivaatual.pt\/index.php\/2024\/10\/25\/um-colegio-para-todos-onde-impera-a-excelencia-e-a-personalizacao-do-ensino\/#breadcrumb","itemListElement":[{"@type":"ListItem","position":1,"name":"Home","item":"https:\/\/perspetivaatual.pt\/"},{"@type":"ListItem","position":2,"name":"Um Col\u00e9gio para Todos onde impera a Excel\u00eancia e a Personaliza\u00e7\u00e3o do Ensino"}]},{"@type":"WebSite","@id":"https:\/\/perspetivaatual.pt\/#website","url":"https:\/\/perspetivaatual.pt\/","name":"Perspetiva Atual","description":"Olhar Portugal, de diferentes formas","publisher":{"@id":"https:\/\/perspetivaatual.pt\/#organization"},"potentialAction":[{"@type":"SearchAction","target":{"@type":"EntryPoint","urlTemplate":"https:\/\/perspetivaatual.pt\/?s={search_term_string}"},"query-input":{"@type":"PropertyValueSpecification","valueRequired":true,"valueName":"search_term_string"}}],"inLanguage":"pt-PT"},{"@type":"Organization","@id":"https:\/\/perspetivaatual.pt\/#organization","name":"Perspetiva Atual","url":"https:\/\/perspetivaatual.pt\/","logo":{"@type":"ImageObject","inLanguage":"pt-PT","@id":"https:\/\/perspetivaatual.pt\/#\/schema\/logo\/image\/","url":"http:\/\/perspetivaatual.pt\/wp-content\/uploads\/2020\/08\/cropped-perspetiva_atual-.png","contentUrl":"http:\/\/perspetivaatual.pt\/wp-content\/uploads\/2020\/08\/cropped-perspetiva_atual-.png","width":618,"height":202,"caption":"Perspetiva Atual"},"image":{"@id":"https:\/\/perspetivaatual.pt\/#\/schema\/logo\/image\/"}},{"@type":"Person","@id":"https:\/\/perspetivaatual.pt\/#\/schema\/person\/9b120c74e428965de47d819d311af48c","name":"Reda\u00e7\u00e3o","image":{"@type":"ImageObject","inLanguage":"pt-PT","@id":"https:\/\/perspetivaatual.pt\/#\/schema\/person\/image\/","url":"https:\/\/secure.gravatar.com\/avatar\/b4c3ada39ea7cbce3cdf0bfa2f578c7a?s=96&d=mm&r=g","contentUrl":"https:\/\/secure.gravatar.com\/avatar\/b4c3ada39ea7cbce3cdf0bfa2f578c7a?s=96&d=mm&r=g","caption":"Reda\u00e7\u00e3o"},"url":"http:\/\/perspetivaatual.pt\/index.php\/author\/redacao\/"}]}},"featured_image_urls":{"full":["http:\/\/perspetivaatual.pt\/wp-content\/uploads\/2024\/10\/IMG_9377.jpg",1368,912,false],"thumbnail":["http:\/\/perspetivaatual.pt\/wp-content\/uploads\/2024\/10\/IMG_9377-150x150.jpg",150,150,true],"medium":["http:\/\/perspetivaatual.pt\/wp-content\/uploads\/2024\/10\/IMG_9377-300x200.jpg",300,200,true],"medium_large":["http:\/\/perspetivaatual.pt\/wp-content\/uploads\/2024\/10\/IMG_9377-768x512.jpg",640,427,true],"large":["http:\/\/perspetivaatual.pt\/wp-content\/uploads\/2024\/10\/IMG_9377-1024x683.jpg",640,427,true],"1536x1536":["http:\/\/perspetivaatual.pt\/wp-content\/uploads\/2024\/10\/IMG_9377.jpg",1368,912,false],"2048x2048":["http:\/\/perspetivaatual.pt\/wp-content\/uploads\/2024\/10\/IMG_9377.jpg",1368,912,false],"magazine-7-slider-full":["http:\/\/perspetivaatual.pt\/wp-content\/uploads\/2024\/10\/IMG_9377.jpg",1368,912,false],"magazine-7-slider-center":["http:\/\/perspetivaatual.pt\/wp-content\/uploads\/2024\/10\/IMG_9377-936x897.jpg",936,897,true],"magazine-7-featured":["http:\/\/perspetivaatual.pt\/wp-content\/uploads\/2024\/10\/IMG_9377-1024x683.jpg",1024,683,true],"magazine-7-medium":["http:\/\/perspetivaatual.pt\/wp-content\/uploads\/2024\/10\/IMG_9377-720x380.jpg",720,380,true],"magazine-7-medium-square":["http:\/\/perspetivaatual.pt\/wp-content\/uploads\/2024\/10\/IMG_9377-675x450.jpg",675,450,true],"rpwe-thumbnail":["http:\/\/perspetivaatual.pt\/wp-content\/uploads\/2024\/10\/IMG_9377-45x45.jpg",45,45,true]},"author_info":{"info":[false]},"category_info":"<a href=\"http:\/\/perspetivaatual.pt\/index.php\/category\/destaques\/\" rel=\"category tag\">Destaques<\/a> <a href=\"http:\/\/perspetivaatual.pt\/index.php\/category\/educacao\/\" rel=\"category tag\">Educa\u00e7\u00e3o<\/a>","tag_info":"Educa\u00e7\u00e3o","comment_count":"0","_links":{"self":[{"href":"http:\/\/perspetivaatual.pt\/index.php\/wp-json\/wp\/v2\/posts\/4170","targetHints":{"allow":["GET"]}}],"collection":[{"href":"http:\/\/perspetivaatual.pt\/index.php\/wp-json\/wp\/v2\/posts"}],"about":[{"href":"http:\/\/perspetivaatual.pt\/index.php\/wp-json\/wp\/v2\/types\/post"}],"author":[{"embeddable":true,"href":"http:\/\/perspetivaatual.pt\/index.php\/wp-json\/wp\/v2\/users\/8"}],"replies":[{"embeddable":true,"href":"http:\/\/perspetivaatual.pt\/index.php\/wp-json\/wp\/v2\/comments?post=4170"}],"version-history":[{"count":0,"href":"http:\/\/perspetivaatual.pt\/index.php\/wp-json\/wp\/v2\/posts\/4170\/revisions"}],"wp:featuredmedia":[{"embeddable":true,"href":"http:\/\/perspetivaatual.pt\/index.php\/wp-json\/wp\/v2\/media\/4176"}],"wp:attachment":[{"href":"http:\/\/perspetivaatual.pt\/index.php\/wp-json\/wp\/v2\/media?parent=4170"}],"wp:term":[{"taxonomy":"category","embeddable":true,"href":"http:\/\/perspetivaatual.pt\/index.php\/wp-json\/wp\/v2\/categories?post=4170"},{"taxonomy":"post_tag","embeddable":true,"href":"http:\/\/perspetivaatual.pt\/index.php\/wp-json\/wp\/v2\/tags?post=4170"}],"curies":[{"name":"wp","href":"https:\/\/api.w.org\/{rel}","templated":true}]}}