{"id":4273,"date":"2024-12-27T07:00:00","date_gmt":"2024-12-27T07:00:00","guid":{"rendered":"https:\/\/perspetivaatual.pt\/?p=4273"},"modified":"2024-12-20T17:08:10","modified_gmt":"2024-12-20T17:08:10","slug":"40-anos-de-contribuicao-para-a-qualidade-da-gastrenterologia-em-portugal","status":"publish","type":"post","link":"http:\/\/perspetivaatual.pt\/index.php\/2024\/12\/27\/40-anos-de-contribuicao-para-a-qualidade-da-gastrenterologia-em-portugal\/","title":{"rendered":"40 Anos de contribui\u00e7\u00e3o para a qualidade da Gastrenterologia em Portugal"},"content":{"rendered":"\n<p><strong>Em entrevista exclusiva, a presidente do <\/strong><strong>N\u00facleo de Gastrenterologia dos Hospitais Distritais (NGHD)<\/strong><strong>, Dra. Isabel Medeiros, juntamento com um dos organizadores da XXXIX Reuni\u00e3o Anual, Dr. Ant\u00f3nio Curado e o presidente eleito do pr\u00f3ximo tri\u00e9nio 2025-2027, Dr. Paulo Caldeira, refletem sobre as conquistas e os marcos que consolidaram o N\u00facleo como um pilar fundamental na gastrenterologia em Portugal ao longo destes 40 anos, e projetam ainda quais os planos estrat\u00e9gicos para um futuro. Desde a informatiza\u00e7\u00e3o pioneira de relat\u00f3rios de endoscopia at\u00e9 \u00e0 forma\u00e7\u00e3o cont\u00ednua de profissionais, d\u00e1-nos a conhecer os desafios enfrentados e os ambiciosos projetos que moldam o futuro da especialidade.<\/strong><\/p>\n\n\n\n<p><strong>Perspetiva Atual: O N\u00facleo de Gastrenterologia dos Hospitais Distritais est\u00e1 a celebrar 40 anos de exist\u00eancia. Que balan\u00e7o faz destes anos e quais considera serem os marcos mais importantes da sua hist\u00f3ria?&nbsp;<\/strong><\/p>\n\n\n\n<p><strong>Ant\u00f3nio Curado:<\/strong> O balan\u00e7o \u00e9 francamente positivo porque pode dizer-se que o NGHD cumpriu os seus des\u00edgnios iniciais: desenvolver os Servi\u00e7os de Gastrenterologia dos Hospitais, na altura designados como Distritais; promover a qualidade da Gastrenterologia no todo do territ\u00f3rio nacional e afirmar os Servi\u00e7os dos H. Distritais na comunidade gastrenterol\u00f3gica nacional. O NGHD contribuiu decisivamente para a qualidade da Gastrenterologia nacional.<\/p>\n\n\n\n<p>Os principais marcos foram, entre outros, a informatiza\u00e7\u00e3o dos relat\u00f3rios de endoscopia, na qual o NGHD foi pioneiro, permitindo a cria\u00e7\u00e3o de uma larga base de dados de endoscopia, e a publica\u00e7\u00e3o de livros cient\u00edficos editados e escritos por membros do N\u00facleo, dando azo a um protocolo com as Universidades do Minho e da Beira Interior para a sua distribui\u00e7\u00e3o entre os alunos.<\/p>\n\n\n\n<p><strong>PA: Nos \u00faltimos tr\u00eas anos, sob a lideran\u00e7a da atual Dire\u00e7\u00e3o, que objetivos destacam como alcan\u00e7ados e que impacto tiveram na pr\u00e1tica cl\u00ednica e na forma\u00e7\u00e3o dos profissionais?&nbsp;<\/strong><\/p>\n\n\n\n<p><strong>Isabel Medeiros: <\/strong>Foi mantida com grande sucesso a Reuni\u00e3o Anual, que agrega todos os Hospitais Distritais e seus membros, para actualiza\u00e7\u00e3o de conhecimentos nas \u00e1reas mais relevantes e com os profissionais de topo em cada \u00e1rea. S\u00e3o reuni\u00f5es muito participadas quer pela \u00e1rea medica quer pela enfermagem de gastrenterologia, que mantem um dia para o Curso Anual de Gastrenterologia e Endoscopia Digestiva para Enfermeiros (CAGEDE).<\/p>\n\n\n\n<p>Esta reuni\u00e3o \u00e9 fundamental na forma\u00e7\u00e3o dos futuros especialistas em Gastrenterologia, permitindo a apresenta\u00e7\u00e3o dos seus trabalhos de investiga\u00e7\u00e3o ou casos cl\u00ednicos mais desafiantes, para discuss\u00e3o entre pares.<\/p>\n\n\n\n<p>O NGHD manteve um forte incentivo \u00e0 realiza\u00e7\u00e3o de estudos multic\u00eantricos, permitindo um satisfat\u00f3rio retrato de muitas patologias e procedimentos m\u00e9dicos no nosso territ\u00f3rio.<\/p>\n\n\n\n<p>Efetuamos estudos em parceria com a nossa cong\u00e9nere francesa ANGH, salientando-se a este prop\u00f3sito um estudo sobre a repercuss\u00e3o da pandemia SARS-Cov no diagnostico do cancro colorectal, pelo atraso na realiza\u00e7\u00e3o de exames endosc\u00f3picos ocorrido nesse per\u00edodo.<\/p>\n\n\n\n<p><strong>PA: A XXXIX Reuni\u00e3o Anual, realizada nos dias 29 e 30 de novembro no Centro Cultural e de Congressos das Caldas da Rainha, foi marcada por momentos de grande relev\u00e2ncia. Quais foram os principais destaques deste ano? Pode falar-nos sobre os debates mais marcantes, forma\u00e7\u00f5es e workshops pr\u00e9-Congresso realizados?<\/strong><\/p>\n\n\n\n<p><strong>AC: <\/strong>A Reuni\u00e3o teve por lema os Desafios da Gastrenterologia, pelo que foi poss\u00edvel fazer uma bonita revisita\u00e7\u00e3o do passado e uma perspetiva\u00e7\u00e3o do futuro da Gastrenterologia, fosse na elimina\u00e7\u00e3o da Hepatite C at\u00e9 2030, ou no progn\u00f3stico do cancro digestivo ou nas t\u00e9cnicas endosc\u00f3picas avan\u00e7adas ou no futuro promissor do tratamento da Doen\u00e7a Inflamat\u00f3ria Intestinal.<\/p>\n\n\n\n<p>A preceder a Reuni\u00e3o houve o Curso Anual de Gastrenterologia e Endoscopia Digestiva para Enfermeiros, com elevada participa\u00e7\u00e3o, constituindo mais um fator para a afirma\u00e7\u00e3o da qualidade da Gastrenterologia nacional.<\/p>\n\n\n\n<p>A par disso decorreu uma animada confer\u00eancia, agitando ideias sobre as pr\u00e1ticas correntes nas salas de endoscopia digestiva no que respeita aos res\u00edduos hospitalares, fazendo-nos refletir sobre a Estrat\u00e9gia global na sa\u00fade, altera\u00e7\u00f5es clim\u00e1ticas e green endoscopy.<\/p>\n\n\n\n<figure class=\"wp-block-image aligncenter size-large is-resized\"><img loading=\"lazy\" decoding=\"async\" src=\"https:\/\/perspetivaatual.pt\/wp-content\/uploads\/2024\/12\/1009YMP06556.jpg-1024x623.jpg\" alt=\"\" class=\"wp-image-4277\" width=\"584\" height=\"355\" srcset=\"http:\/\/perspetivaatual.pt\/wp-content\/uploads\/2024\/12\/1009YMP06556.jpg-1024x623.jpg 1024w, http:\/\/perspetivaatual.pt\/wp-content\/uploads\/2024\/12\/1009YMP06556.jpg-300x182.jpg 300w, http:\/\/perspetivaatual.pt\/wp-content\/uploads\/2024\/12\/1009YMP06556.jpg-768x467.jpg 768w, http:\/\/perspetivaatual.pt\/wp-content\/uploads\/2024\/12\/1009YMP06556.jpg-600x365.jpg 600w, http:\/\/perspetivaatual.pt\/wp-content\/uploads\/2024\/12\/1009YMP06556.jpg.jpg 1475w\" sizes=\"auto, (max-width: 584px) 100vw, 584px\" \/><figcaption class=\"wp-element-caption\">Mesa de abertura da XXXIX Reuni\u00e3o Anual do NGHD, com o Sr. Baston\u00e1rio da Ordem dos M\u00e9dicos<\/figcaption><\/figure>\n\n\n\n<p><strong>PA: Relativamente aos convidados deste ano, quais foram os nomes nacionais e internacionais em destaque e o que motivou a escolha destes profissionais para o evento?<\/strong><\/p>\n\n\n\n<p><strong>AC: <\/strong>Todos os ex-presidentes do NGHD foram convidados a participar ativamente na Reuni\u00e3o. Esteve presente o Baston\u00e1rio da Ordem dos M\u00e9dicos na Cerim\u00f3nia de Abertura, Dr. Carlos Cortes, abordando a problem\u00e1tica do exerc\u00edcio da Medicina em Hospitais perif\u00e9ricos. Houve uma Mesa Redonda sobres os Desafios futuros da Forma\u00e7\u00e3o em Gastrenterologia com a presen\u00e7a do Presidente do Col\u00e9gio da Especialidade, Prof. Lu\u00eds Lopes. De destacar tamb\u00e9m a confer\u00eancia do Prof. Jo\u00e3o Queiroz e Melo, precisamente sobre a sustentabilidade ambiental e a endoscopia digestiva. E tivemos o gosto de poder assistir a palestras de convidados estrangeiros (Francisco Martin, da Corunha e Isabelle Rosa-Hezode, de Paris).<\/p>\n\n\n\n<p><strong>PA: A investiga\u00e7\u00e3o desempenha um papel fundamental na \u00e1rea da sa\u00fade e, como tal, gostar\u00edamos de saber qual tem sido o papel do NGHD na forma\u00e7\u00e3o e investiga\u00e7\u00e3o em gastrenterologia nos hospitais distritais e se h\u00e1 algum avan\u00e7o recente que gostariam de destacar?<\/strong><\/p>\n\n\n\n<p><strong>IM: <\/strong>A dire\u00e7\u00e3o cessante deu particular aten\u00e7\u00e3o \u00e0 forma\u00e7\u00e3o m\u00e9dica cont\u00ednua dos seus s\u00f3cios, mantendo o patroc\u00ednio cient\u00edfico e financeiro a uma Bolsa de Investiga\u00e7\u00e3o, que premeia o melhor projeto a concurso<\/p>\n\n\n\n<p>O NGHD foi ao encontro da necessidade de apoio \u00e0 forma\u00e7\u00e3o dos jovens internos da especialidade, criando uma Bolsa de Est\u00e1gio, que os apoia na realiza\u00e7\u00e3o de est\u00e1gios formativos em t\u00e9cnicas endosc\u00f3picas, quer em Portugal quer no estrangeiro<\/p>\n\n\n\n<p>Apostou-se igualmente em cursos de forma\u00e7\u00e3o em \u00e1reas carenciadas, considerados essenciais para a aprendizagem cl\u00ednica e de investiga\u00e7\u00e3o como foi o curso dedicado a T\u00e9cnicas de Pesquisa Bibliogr\u00e1fica, que decorreu pela primeira vez este ano e dedicado aos internos mais novos.<\/p>\n\n\n\n<p>Pretende-se alargar estes cursos a outras \u00e1reas, estando planeadas outras tem\u00e1ticas para cursos futuros como sejam cursos de Escrita de artigos, estat\u00edstica ou de avalia\u00e7\u00e3o econ\u00f3mica \u2013 custo-efectividade &#8211; da introdu\u00e7\u00e3o de novos f\u00e1rmacos.<\/p>\n\n\n\n<p><strong>PA:O NGHD \u00e9 reconhecido pelas suas parcerias estrat\u00e9gicas com outras Institui\u00e7\u00f5es de Sa\u00fade e Sociedades M\u00e9dicas. Como \u00e9 que essas colabora\u00e7\u00f5es t\u00eam impulsionado o desenvolvimento da gastroenterologia em Portugal?<\/strong><\/p>\n\n\n\n<p><strong>IM:<\/strong> O NGHD \u00e9 parceiro das restantes sociedades m\u00e9dicas, particularmente a Sociedade Portuguesa de Gastrenterologia, Sociedade Portuguesa de Endoscopia Digestiva e Associa\u00e7\u00e3o Portuguesa para o Estudo F\u00edgado contribuindo para a divulga\u00e7\u00e3o das melhores praticas. \u00c9 disso exemplo a promo\u00e7\u00e3o e implementa\u00e7\u00e3o de programas de rastreio do cancro colorectal em muitos hospitais, actualmente a segunda causa de morte por cancro em Portugal.<\/p>\n\n\n\n<p>V\u00e1rios hospitais pertencentes ao NGHD d\u00e3o diariamente o seu contributo para o aumento da cobertura geogr\u00e1fica e populacional do rastreio, contribuindo para o diagn\u00f3stico precoce deste tumor.<\/p>\n\n\n\n<p>Outro exemplo relevante desta articula\u00e7\u00e3o prende-se com a implementa\u00e7\u00e3o de medidas de microelimina\u00e7\u00e3o do V\u00edrus da Hepatite C, em alinhamento com o objectivo da OMS de erradicar a Hepatite C em 2030. Enquadram-se neste \u00e2mbito as desloca\u00e7\u00f5es de v\u00e1rios m\u00e9dicos do NGHD aos estabelecimentos prisionais e junto das ETET (Equipas T\u00e9cnicas Especializadas de Tratamento) ou outras organiza\u00e7\u00f5es de \u00e2mbito nacional\/regional.<\/p>\n\n\n\n<p><strong>PA: Quais t\u00eam sido as principais iniciativas no que diz respeito \u00e0 preven\u00e7\u00e3o, diagn\u00f3stico e tratamento das doen\u00e7as gastrointestinais, e de que forma os profissionais especializados t\u00eam desempenhado um papel crucial na implementa\u00e7\u00e3o dessas estrat\u00e9gias?<\/strong><\/p>\n\n\n\n<p><strong>IM: <\/strong>Para al\u00e9m das medidas referentes aos programas de rastreio do cancro colorectal&nbsp; e Hepatite C, dois flagelos em sa\u00fade publica, salienta-se o trabalho realizado em estreita colabora\u00e7\u00e3o com a Medicina Geral e Familiar (MGF) com a divulga\u00e7\u00e3o de orienta\u00e7\u00f5es sobre as patologias mais frequentes, participa\u00e7\u00e3o em reuni\u00f5es de car\u00e1cter regional e discuss\u00e3o estreita com os colegas de MGF, privilegiando um contacto de proximidade , muitas vezes mais eficaz na transmiss\u00e3o de conhecimentos e colabora\u00e7\u00e3o entre colegas.<\/p>\n\n\n\n<figure class=\"wp-block-image aligncenter size-large is-resized\"><img loading=\"lazy\" decoding=\"async\" src=\"https:\/\/perspetivaatual.pt\/wp-content\/uploads\/2024\/12\/1891ZMP08055.jpg-1024x686.jpg\" alt=\"\" class=\"wp-image-4278\" width=\"522\" height=\"348\" srcset=\"http:\/\/perspetivaatual.pt\/wp-content\/uploads\/2024\/12\/1891ZMP08055.jpg-300x201.jpg 300w, http:\/\/perspetivaatual.pt\/wp-content\/uploads\/2024\/12\/1891ZMP08055.jpg-675x450.jpg 675w\" sizes=\"auto, (max-width: 522px) 100vw, 522px\" \/><figcaption class=\"wp-element-caption\">Em primeiro plano, o Presidente eleito do NGHD para o tri\u00e9nio 2025-2027, Dr. Paulo Caldeira<\/figcaption><\/figure>\n\n\n\n<p><strong>PA: Olhando para o futuro, quais s\u00e3o os pr\u00f3ximos desafios e projetos ambiciosos que nos possam revelar, para continuarem a deixar a vossa marca na sa\u00fade em Portugal?<\/strong><\/p>\n\n\n\n<p><strong>Paulo Caldeira: <\/strong>Uma institui\u00e7\u00e3o como o NGHD tem que ter sempre uma perspetiva de futuro, acompanhar a evolu\u00e7\u00e3o cient\u00edfica na sua \u00e1rea e promover a liga\u00e7\u00e3o e partilha de conhecimento entre os seus associados. Como principais projetos a manter, ou a desenvolver de novo, podemos destacar: Manter a aposta na Reuni\u00e3o Anual do NGHD, pois esta continua a ser o ponto alto da atividade da nossa associa\u00e7\u00e3o. Procuraremos expandir a reuni\u00e3o e assegurar sempre a exist\u00eancia de 2 cursos sat\u00e9lites, na sequ\u00eancia do que j\u00e1 ocorreu este ano, nomeadamente o curso de enfermagem (CAGEDE) e um curso tem\u00e1tico dirigido a internos e jovens especialistas.<\/p>\n\n\n\n<blockquote class=\"wp-block-quote is-layout-flow wp-block-quote-is-layout-flow\">\n<p>Uma institui\u00e7\u00e3o como o NGHD tem que ter sempre uma perspetiva de futuro, acompanhar a evolu\u00e7\u00e3o cient\u00edfica na sua \u00e1rea e promover a liga\u00e7\u00e3o e partilha de conhecimento entre os seus associados.<\/p>\n<\/blockquote>\n\n\n\n<p>Procuraremos tamb\u00e9m ampliar a atribui\u00e7\u00e3o de bolsas de investiga\u00e7\u00e3o e forma\u00e7\u00e3o, dirigidas a internos e jovens especialistas. Esta \u00e9, talvez, a forma mais nobre que o NGHD possui de expandir o conhecimento cient\u00edfico, melhorar a pr\u00e1tica cl\u00ednica da gastrenterologia e devolver \u00e0 sua comunidade os fundos que consegue angariar.<\/p>\n\n\n\n<p>Queremos ainda continuar a estimular a produ\u00e7\u00e3o cient\u00edfica do n\u00facleo, seja retomando da realiza\u00e7\u00e3o de estudos cl\u00ednicos multic\u00eantricos, de \u00e2mbito nacional, seja na publica\u00e7\u00e3o de artigos, monografias, ou mesmo livros, com a chancela no NGHD.<\/p>\n\n\n\n<p>Por fim, procuraremos promover, participar ou realizar a\u00e7\u00f5es p\u00fablicas de educa\u00e7\u00e3o para a sa\u00fade, com especial foco na preven\u00e7\u00e3o, rastreio e diagn\u00f3stico precoce das doen\u00e7as do tubo digestivo, f\u00edgado e p\u00e2ncreas. Este tipo de atividade tem estado um pouco arredado das aten\u00e7\u00f5es no NGHD, mas consideramos fundamental aumentar a literacia em sa\u00fade. O N\u00facleo pode aproveitar a sua forte implanta\u00e7\u00e3o em todo o territ\u00f3rio nacional para, em colabora\u00e7\u00e3o com associa\u00e7\u00f5es e institui\u00e7\u00f5es locais, realizar sess\u00f5es de forma\u00e7\u00e3o e informa\u00e7\u00e3o, reprodut\u00edveis em todo o pa\u00eds.<\/p>\n","protected":false},"excerpt":{"rendered":"<p>Em entrevista exclusiva, a presidente do N\u00facleo de Gastrenterologia dos Hospitais Distritais (NGHD), Dra. Isabel<\/p>\n","protected":false},"author":3,"featured_media":4281,"comment_status":"open","ping_status":"open","sticky":false,"template":"","format":"standard","meta":{"footnotes":""},"categories":[4],"tags":[627,624,625,626,86],"class_list":["post-4273","post","type-post","status-publish","format-standard","has-post-thumbnail","hentry","category-saude","tag-especialidade","tag-gastreonterologia","tag-nucleo-de-gastrenterologia","tag-pioneira","tag-saude"],"yoast_head":"<!-- This site is optimized with the Yoast SEO plugin v24.2 - https:\/\/yoast.com\/wordpress\/plugins\/seo\/ -->\n<title>40 Anos de contribui\u00e7\u00e3o para a qualidade da Gastrenterologia em Portugal - Perspetiva Atual<\/title>\n<meta name=\"robots\" content=\"index, follow, max-snippet:-1, max-image-preview:large, max-video-preview:-1\" \/>\n<link rel=\"canonical\" href=\"http:\/\/perspetivaatual.pt\/index.php\/2024\/12\/27\/40-anos-de-contribuicao-para-a-qualidade-da-gastrenterologia-em-portugal\/\" \/>\n<meta property=\"og:locale\" content=\"pt_PT\" \/>\n<meta property=\"og:type\" content=\"article\" \/>\n<meta property=\"og:title\" content=\"40 Anos de contribui\u00e7\u00e3o para a qualidade da Gastrenterologia em Portugal - Perspetiva Atual\" \/>\n<meta property=\"og:description\" content=\"Em entrevista exclusiva, a presidente do N\u00facleo de Gastrenterologia dos Hospitais Distritais (NGHD), Dra. Isabel\" \/>\n<meta property=\"og:url\" content=\"http:\/\/perspetivaatual.pt\/index.php\/2024\/12\/27\/40-anos-de-contribuicao-para-a-qualidade-da-gastrenterologia-em-portugal\/\" \/>\n<meta property=\"og:site_name\" content=\"Perspetiva Atual\" \/>\n<meta property=\"article:published_time\" content=\"2024-12-27T07:00:00+00:00\" \/>\n<meta property=\"article:modified_time\" content=\"2024-12-20T17:08:10+00:00\" \/>\n<meta property=\"og:image\" content=\"http:\/\/perspetivaatual.pt\/wp-content\/uploads\/2024\/12\/destaque-2-scaled.jpg\" \/>\n\t<meta property=\"og:image:width\" content=\"2560\" \/>\n\t<meta property=\"og:image:height\" content=\"1485\" \/>\n\t<meta property=\"og:image:type\" content=\"image\/jpeg\" \/>\n<meta name=\"author\" content=\"Jo\u00e3o Malainho\" \/>\n<meta name=\"twitter:card\" content=\"summary_large_image\" \/>\n<meta name=\"twitter:label1\" content=\"Escrito por\" \/>\n\t<meta name=\"twitter:data1\" content=\"\" \/>\n\t<meta name=\"twitter:label2\" content=\"Tempo estimado de leitura\" \/>\n\t<meta name=\"twitter:data2\" content=\"9 minutos\" \/>\n<script type=\"application\/ld+json\" class=\"yoast-schema-graph\">{\"@context\":\"https:\/\/schema.org\",\"@graph\":[{\"@type\":\"Article\",\"@id\":\"http:\/\/perspetivaatual.pt\/index.php\/2024\/12\/27\/40-anos-de-contribuicao-para-a-qualidade-da-gastrenterologia-em-portugal\/#article\",\"isPartOf\":{\"@id\":\"http:\/\/perspetivaatual.pt\/index.php\/2024\/12\/27\/40-anos-de-contribuicao-para-a-qualidade-da-gastrenterologia-em-portugal\/\"},\"author\":{\"name\":\"Jo\u00e3o Malainho\",\"@id\":\"https:\/\/perspetivaatual.pt\/#\/schema\/person\/47ba141fdeb5b3d323984a84d9b80357\"},\"headline\":\"40 Anos de contribui\u00e7\u00e3o para a qualidade da Gastrenterologia em Portugal\",\"datePublished\":\"2024-12-27T07:00:00+00:00\",\"dateModified\":\"2024-12-20T17:08:10+00:00\",\"mainEntityOfPage\":{\"@id\":\"http:\/\/perspetivaatual.pt\/index.php\/2024\/12\/27\/40-anos-de-contribuicao-para-a-qualidade-da-gastrenterologia-em-portugal\/\"},\"wordCount\":1807,\"commentCount\":0,\"publisher\":{\"@id\":\"https:\/\/perspetivaatual.pt\/#organization\"},\"image\":{\"@id\":\"http:\/\/perspetivaatual.pt\/index.php\/2024\/12\/27\/40-anos-de-contribuicao-para-a-qualidade-da-gastrenterologia-em-portugal\/#primaryimage\"},\"thumbnailUrl\":\"http:\/\/perspetivaatual.pt\/wp-content\/uploads\/2024\/12\/destaque-2-scaled.jpg\",\"keywords\":[\"Especialidade\",\"gastreonterologia\",\"N\u00facleo de Gastrenterologia\",\"pioneira\",\"Sa\u00fade\"],\"articleSection\":[\"Sa\u00fade\"],\"inLanguage\":\"pt-PT\",\"potentialAction\":[{\"@type\":\"CommentAction\",\"name\":\"Comment\",\"target\":[\"http:\/\/perspetivaatual.pt\/index.php\/2024\/12\/27\/40-anos-de-contribuicao-para-a-qualidade-da-gastrenterologia-em-portugal\/#respond\"]}]},{\"@type\":\"WebPage\",\"@id\":\"http:\/\/perspetivaatual.pt\/index.php\/2024\/12\/27\/40-anos-de-contribuicao-para-a-qualidade-da-gastrenterologia-em-portugal\/\",\"url\":\"http:\/\/perspetivaatual.pt\/index.php\/2024\/12\/27\/40-anos-de-contribuicao-para-a-qualidade-da-gastrenterologia-em-portugal\/\",\"name\":\"40 Anos de contribui\u00e7\u00e3o para a qualidade da Gastrenterologia em Portugal - Perspetiva Atual\",\"isPartOf\":{\"@id\":\"https:\/\/perspetivaatual.pt\/#website\"},\"primaryImageOfPage\":{\"@id\":\"http:\/\/perspetivaatual.pt\/index.php\/2024\/12\/27\/40-anos-de-contribuicao-para-a-qualidade-da-gastrenterologia-em-portugal\/#primaryimage\"},\"image\":{\"@id\":\"http:\/\/perspetivaatual.pt\/index.php\/2024\/12\/27\/40-anos-de-contribuicao-para-a-qualidade-da-gastrenterologia-em-portugal\/#primaryimage\"},\"thumbnailUrl\":\"http:\/\/perspetivaatual.pt\/wp-content\/uploads\/2024\/12\/destaque-2-scaled.jpg\",\"datePublished\":\"2024-12-27T07:00:00+00:00\",\"dateModified\":\"2024-12-20T17:08:10+00:00\",\"breadcrumb\":{\"@id\":\"http:\/\/perspetivaatual.pt\/index.php\/2024\/12\/27\/40-anos-de-contribuicao-para-a-qualidade-da-gastrenterologia-em-portugal\/#breadcrumb\"},\"inLanguage\":\"pt-PT\",\"potentialAction\":[{\"@type\":\"ReadAction\",\"target\":[\"http:\/\/perspetivaatual.pt\/index.php\/2024\/12\/27\/40-anos-de-contribuicao-para-a-qualidade-da-gastrenterologia-em-portugal\/\"]}]},{\"@type\":\"ImageObject\",\"inLanguage\":\"pt-PT\",\"@id\":\"http:\/\/perspetivaatual.pt\/index.php\/2024\/12\/27\/40-anos-de-contribuicao-para-a-qualidade-da-gastrenterologia-em-portugal\/#primaryimage\",\"url\":\"http:\/\/perspetivaatual.pt\/wp-content\/uploads\/2024\/12\/destaque-2-scaled.jpg\",\"contentUrl\":\"http:\/\/perspetivaatual.pt\/wp-content\/uploads\/2024\/12\/destaque-2-scaled.jpg\",\"width\":2560,\"height\":1485,\"caption\":\"Comemora\u00e7\u00e3o dos 40 anos do NGHD\"},{\"@type\":\"BreadcrumbList\",\"@id\":\"http:\/\/perspetivaatual.pt\/index.php\/2024\/12\/27\/40-anos-de-contribuicao-para-a-qualidade-da-gastrenterologia-em-portugal\/#breadcrumb\",\"itemListElement\":[{\"@type\":\"ListItem\",\"position\":1,\"name\":\"Home\",\"item\":\"https:\/\/perspetivaatual.pt\/\"},{\"@type\":\"ListItem\",\"position\":2,\"name\":\"40 Anos de contribui\u00e7\u00e3o para a qualidade da Gastrenterologia em Portugal\"}]},{\"@type\":\"WebSite\",\"@id\":\"https:\/\/perspetivaatual.pt\/#website\",\"url\":\"https:\/\/perspetivaatual.pt\/\",\"name\":\"Perspetiva Atual\",\"description\":\"Olhar Portugal, de diferentes formas\",\"publisher\":{\"@id\":\"https:\/\/perspetivaatual.pt\/#organization\"},\"potentialAction\":[{\"@type\":\"SearchAction\",\"target\":{\"@type\":\"EntryPoint\",\"urlTemplate\":\"https:\/\/perspetivaatual.pt\/?s={search_term_string}\"},\"query-input\":{\"@type\":\"PropertyValueSpecification\",\"valueRequired\":true,\"valueName\":\"search_term_string\"}}],\"inLanguage\":\"pt-PT\"},{\"@type\":\"Organization\",\"@id\":\"https:\/\/perspetivaatual.pt\/#organization\",\"name\":\"Perspetiva Atual\",\"url\":\"https:\/\/perspetivaatual.pt\/\",\"logo\":{\"@type\":\"ImageObject\",\"inLanguage\":\"pt-PT\",\"@id\":\"https:\/\/perspetivaatual.pt\/#\/schema\/logo\/image\/\",\"url\":\"http:\/\/perspetivaatual.pt\/wp-content\/uploads\/2020\/08\/cropped-perspetiva_atual-.png\",\"contentUrl\":\"http:\/\/perspetivaatual.pt\/wp-content\/uploads\/2020\/08\/cropped-perspetiva_atual-.png\",\"width\":618,\"height\":202,\"caption\":\"Perspetiva Atual\"},\"image\":{\"@id\":\"https:\/\/perspetivaatual.pt\/#\/schema\/logo\/image\/\"}},{\"@type\":\"Person\",\"@id\":\"https:\/\/perspetivaatual.pt\/#\/schema\/person\/47ba141fdeb5b3d323984a84d9b80357\",\"name\":\"Jo\u00e3o Malainho\",\"image\":{\"@type\":\"ImageObject\",\"inLanguage\":\"pt-PT\",\"@id\":\"https:\/\/perspetivaatual.pt\/#\/schema\/person\/image\/\",\"url\":\"https:\/\/secure.gravatar.com\/avatar\/a3c4255a9b6c6ae9d56001be7c7fe92c?s=96&d=mm&r=g\",\"contentUrl\":\"https:\/\/secure.gravatar.com\/avatar\/a3c4255a9b6c6ae9d56001be7c7fe92c?s=96&d=mm&r=g\",\"caption\":\"Jo\u00e3o Malainho\"},\"url\":\"http:\/\/perspetivaatual.pt\/index.php\/author\/joaomalainho\/\"}]}<\/script>\n<!-- \/ Yoast SEO plugin. -->","yoast_head_json":{"title":"40 Anos de contribui\u00e7\u00e3o para a qualidade da Gastrenterologia em Portugal - Perspetiva Atual","robots":{"index":"index","follow":"follow","max-snippet":"max-snippet:-1","max-image-preview":"max-image-preview:large","max-video-preview":"max-video-preview:-1"},"canonical":"http:\/\/perspetivaatual.pt\/index.php\/2024\/12\/27\/40-anos-de-contribuicao-para-a-qualidade-da-gastrenterologia-em-portugal\/","og_locale":"pt_PT","og_type":"article","og_title":"40 Anos de contribui\u00e7\u00e3o para a qualidade da Gastrenterologia em Portugal - Perspetiva Atual","og_description":"Em entrevista exclusiva, a presidente do N\u00facleo de Gastrenterologia dos Hospitais Distritais (NGHD), Dra. Isabel","og_url":"http:\/\/perspetivaatual.pt\/index.php\/2024\/12\/27\/40-anos-de-contribuicao-para-a-qualidade-da-gastrenterologia-em-portugal\/","og_site_name":"Perspetiva Atual","article_published_time":"2024-12-27T07:00:00+00:00","article_modified_time":"2024-12-20T17:08:10+00:00","og_image":[{"width":2560,"height":1485,"url":"http:\/\/perspetivaatual.pt\/wp-content\/uploads\/2024\/12\/destaque-2-scaled.jpg","type":"image\/jpeg"}],"author":"Jo\u00e3o Malainho","twitter_card":"summary_large_image","twitter_misc":{"Escrito por":false,"Tempo estimado de leitura":"9 minutos"},"schema":{"@context":"https:\/\/schema.org","@graph":[{"@type":"Article","@id":"http:\/\/perspetivaatual.pt\/index.php\/2024\/12\/27\/40-anos-de-contribuicao-para-a-qualidade-da-gastrenterologia-em-portugal\/#article","isPartOf":{"@id":"http:\/\/perspetivaatual.pt\/index.php\/2024\/12\/27\/40-anos-de-contribuicao-para-a-qualidade-da-gastrenterologia-em-portugal\/"},"author":{"name":"Jo\u00e3o Malainho","@id":"https:\/\/perspetivaatual.pt\/#\/schema\/person\/47ba141fdeb5b3d323984a84d9b80357"},"headline":"40 Anos de contribui\u00e7\u00e3o para a qualidade da Gastrenterologia em Portugal","datePublished":"2024-12-27T07:00:00+00:00","dateModified":"2024-12-20T17:08:10+00:00","mainEntityOfPage":{"@id":"http:\/\/perspetivaatual.pt\/index.php\/2024\/12\/27\/40-anos-de-contribuicao-para-a-qualidade-da-gastrenterologia-em-portugal\/"},"wordCount":1807,"commentCount":0,"publisher":{"@id":"https:\/\/perspetivaatual.pt\/#organization"},"image":{"@id":"http:\/\/perspetivaatual.pt\/index.php\/2024\/12\/27\/40-anos-de-contribuicao-para-a-qualidade-da-gastrenterologia-em-portugal\/#primaryimage"},"thumbnailUrl":"http:\/\/perspetivaatual.pt\/wp-content\/uploads\/2024\/12\/destaque-2-scaled.jpg","keywords":["Especialidade","gastreonterologia","N\u00facleo de Gastrenterologia","pioneira","Sa\u00fade"],"articleSection":["Sa\u00fade"],"inLanguage":"pt-PT","potentialAction":[{"@type":"CommentAction","name":"Comment","target":["http:\/\/perspetivaatual.pt\/index.php\/2024\/12\/27\/40-anos-de-contribuicao-para-a-qualidade-da-gastrenterologia-em-portugal\/#respond"]}]},{"@type":"WebPage","@id":"http:\/\/perspetivaatual.pt\/index.php\/2024\/12\/27\/40-anos-de-contribuicao-para-a-qualidade-da-gastrenterologia-em-portugal\/","url":"http:\/\/perspetivaatual.pt\/index.php\/2024\/12\/27\/40-anos-de-contribuicao-para-a-qualidade-da-gastrenterologia-em-portugal\/","name":"40 Anos de contribui\u00e7\u00e3o para a qualidade da Gastrenterologia em Portugal - Perspetiva Atual","isPartOf":{"@id":"https:\/\/perspetivaatual.pt\/#website"},"primaryImageOfPage":{"@id":"http:\/\/perspetivaatual.pt\/index.php\/2024\/12\/27\/40-anos-de-contribuicao-para-a-qualidade-da-gastrenterologia-em-portugal\/#primaryimage"},"image":{"@id":"http:\/\/perspetivaatual.pt\/index.php\/2024\/12\/27\/40-anos-de-contribuicao-para-a-qualidade-da-gastrenterologia-em-portugal\/#primaryimage"},"thumbnailUrl":"http:\/\/perspetivaatual.pt\/wp-content\/uploads\/2024\/12\/destaque-2-scaled.jpg","datePublished":"2024-12-27T07:00:00+00:00","dateModified":"2024-12-20T17:08:10+00:00","breadcrumb":{"@id":"http:\/\/perspetivaatual.pt\/index.php\/2024\/12\/27\/40-anos-de-contribuicao-para-a-qualidade-da-gastrenterologia-em-portugal\/#breadcrumb"},"inLanguage":"pt-PT","potentialAction":[{"@type":"ReadAction","target":["http:\/\/perspetivaatual.pt\/index.php\/2024\/12\/27\/40-anos-de-contribuicao-para-a-qualidade-da-gastrenterologia-em-portugal\/"]}]},{"@type":"ImageObject","inLanguage":"pt-PT","@id":"http:\/\/perspetivaatual.pt\/index.php\/2024\/12\/27\/40-anos-de-contribuicao-para-a-qualidade-da-gastrenterologia-em-portugal\/#primaryimage","url":"http:\/\/perspetivaatual.pt\/wp-content\/uploads\/2024\/12\/destaque-2-scaled.jpg","contentUrl":"http:\/\/perspetivaatual.pt\/wp-content\/uploads\/2024\/12\/destaque-2-scaled.jpg","width":2560,"height":1485,"caption":"Comemora\u00e7\u00e3o dos 40 anos do NGHD"},{"@type":"BreadcrumbList","@id":"http:\/\/perspetivaatual.pt\/index.php\/2024\/12\/27\/40-anos-de-contribuicao-para-a-qualidade-da-gastrenterologia-em-portugal\/#breadcrumb","itemListElement":[{"@type":"ListItem","position":1,"name":"Home","item":"https:\/\/perspetivaatual.pt\/"},{"@type":"ListItem","position":2,"name":"40 Anos de contribui\u00e7\u00e3o para a qualidade da Gastrenterologia em Portugal"}]},{"@type":"WebSite","@id":"https:\/\/perspetivaatual.pt\/#website","url":"https:\/\/perspetivaatual.pt\/","name":"Perspetiva Atual","description":"Olhar Portugal, de diferentes formas","publisher":{"@id":"https:\/\/perspetivaatual.pt\/#organization"},"potentialAction":[{"@type":"SearchAction","target":{"@type":"EntryPoint","urlTemplate":"https:\/\/perspetivaatual.pt\/?s={search_term_string}"},"query-input":{"@type":"PropertyValueSpecification","valueRequired":true,"valueName":"search_term_string"}}],"inLanguage":"pt-PT"},{"@type":"Organization","@id":"https:\/\/perspetivaatual.pt\/#organization","name":"Perspetiva Atual","url":"https:\/\/perspetivaatual.pt\/","logo":{"@type":"ImageObject","inLanguage":"pt-PT","@id":"https:\/\/perspetivaatual.pt\/#\/schema\/logo\/image\/","url":"http:\/\/perspetivaatual.pt\/wp-content\/uploads\/2020\/08\/cropped-perspetiva_atual-.png","contentUrl":"http:\/\/perspetivaatual.pt\/wp-content\/uploads\/2020\/08\/cropped-perspetiva_atual-.png","width":618,"height":202,"caption":"Perspetiva Atual"},"image":{"@id":"https:\/\/perspetivaatual.pt\/#\/schema\/logo\/image\/"}},{"@type":"Person","@id":"https:\/\/perspetivaatual.pt\/#\/schema\/person\/47ba141fdeb5b3d323984a84d9b80357","name":"Jo\u00e3o Malainho","image":{"@type":"ImageObject","inLanguage":"pt-PT","@id":"https:\/\/perspetivaatual.pt\/#\/schema\/person\/image\/","url":"https:\/\/secure.gravatar.com\/avatar\/a3c4255a9b6c6ae9d56001be7c7fe92c?s=96&d=mm&r=g","contentUrl":"https:\/\/secure.gravatar.com\/avatar\/a3c4255a9b6c6ae9d56001be7c7fe92c?s=96&d=mm&r=g","caption":"Jo\u00e3o Malainho"},"url":"http:\/\/perspetivaatual.pt\/index.php\/author\/joaomalainho\/"}]}},"featured_image_urls":{"full":["http:\/\/perspetivaatual.pt\/wp-content\/uploads\/2024\/12\/destaque-2-scaled.jpg",2560,1485,false],"thumbnail":["http:\/\/perspetivaatual.pt\/wp-content\/uploads\/2024\/12\/destaque-2-150x150.jpg",150,150,true],"medium":["http:\/\/perspetivaatual.pt\/wp-content\/uploads\/2024\/12\/destaque-2-300x174.jpg",300,174,true],"medium_large":["http:\/\/perspetivaatual.pt\/wp-content\/uploads\/2024\/12\/destaque-2-768x446.jpg",640,372,true],"large":["http:\/\/perspetivaatual.pt\/wp-content\/uploads\/2024\/12\/destaque-2-1024x594.jpg",640,371,true],"1536x1536":["http:\/\/perspetivaatual.pt\/wp-content\/uploads\/2024\/12\/destaque-2-1536x891.jpg",1536,891,true],"2048x2048":["http:\/\/perspetivaatual.pt\/wp-content\/uploads\/2024\/12\/destaque-2-2048x1188.jpg",2048,1188,true],"magazine-7-slider-full":["http:\/\/perspetivaatual.pt\/wp-content\/uploads\/2024\/12\/destaque-2-1536x1020.jpg",1536,1020,true],"magazine-7-slider-center":["http:\/\/perspetivaatual.pt\/wp-content\/uploads\/2024\/12\/destaque-2-936x897.jpg",936,897,true],"magazine-7-featured":["http:\/\/perspetivaatual.pt\/wp-content\/uploads\/2024\/12\/destaque-2-1024x594.jpg",1024,594,true],"magazine-7-medium":["http:\/\/perspetivaatual.pt\/wp-content\/uploads\/2024\/12\/destaque-2-720x380.jpg",720,380,true],"magazine-7-medium-square":["http:\/\/perspetivaatual.pt\/wp-content\/uploads\/2024\/12\/destaque-2-675x450.jpg",675,450,true],"rpwe-thumbnail":["http:\/\/perspetivaatual.pt\/wp-content\/uploads\/2024\/12\/destaque-2-45x45.jpg",45,45,true]},"author_info":{"info":[false]},"category_info":"<a href=\"http:\/\/perspetivaatual.pt\/index.php\/category\/saude\/\" rel=\"category tag\">Sa\u00fade<\/a>","tag_info":"Sa\u00fade","comment_count":"0","_links":{"self":[{"href":"http:\/\/perspetivaatual.pt\/index.php\/wp-json\/wp\/v2\/posts\/4273","targetHints":{"allow":["GET"]}}],"collection":[{"href":"http:\/\/perspetivaatual.pt\/index.php\/wp-json\/wp\/v2\/posts"}],"about":[{"href":"http:\/\/perspetivaatual.pt\/index.php\/wp-json\/wp\/v2\/types\/post"}],"author":[{"embeddable":true,"href":"http:\/\/perspetivaatual.pt\/index.php\/wp-json\/wp\/v2\/users\/3"}],"replies":[{"embeddable":true,"href":"http:\/\/perspetivaatual.pt\/index.php\/wp-json\/wp\/v2\/comments?post=4273"}],"version-history":[{"count":0,"href":"http:\/\/perspetivaatual.pt\/index.php\/wp-json\/wp\/v2\/posts\/4273\/revisions"}],"wp:featuredmedia":[{"embeddable":true,"href":"http:\/\/perspetivaatual.pt\/index.php\/wp-json\/wp\/v2\/media\/4281"}],"wp:attachment":[{"href":"http:\/\/perspetivaatual.pt\/index.php\/wp-json\/wp\/v2\/media?parent=4273"}],"wp:term":[{"taxonomy":"category","embeddable":true,"href":"http:\/\/perspetivaatual.pt\/index.php\/wp-json\/wp\/v2\/categories?post=4273"},{"taxonomy":"post_tag","embeddable":true,"href":"http:\/\/perspetivaatual.pt\/index.php\/wp-json\/wp\/v2\/tags?post=4273"}],"curies":[{"name":"wp","href":"https:\/\/api.w.org\/{rel}","templated":true}]}}