{"id":4282,"date":"2024-12-27T07:00:00","date_gmt":"2024-12-27T07:00:00","guid":{"rendered":"https:\/\/perspetivaatual.pt\/?p=4282"},"modified":"2024-12-23T15:45:37","modified_gmt":"2024-12-23T15:45:37","slug":"23-anos-de-uma-lideranca-revolucionaria-na-saude-cardiovascular","status":"publish","type":"post","link":"http:\/\/perspetivaatual.pt\/index.php\/2024\/12\/27\/23-anos-de-uma-lideranca-revolucionaria-na-saude-cardiovascular\/","title":{"rendered":"23 anos de uma lideran\u00e7a revolucion\u00e1ria na Sa\u00fade Cardiovascular"},"content":{"rendered":"\n<p><strong>Com 23 anos de hist\u00f3ria, a UCARDIO \u2013 Centro Cl\u00ednico Unidade Cardiovascular, tornou-se uma refer\u00eancia em cuidados cardiovasculares, combinando inova\u00e7\u00e3o tecnol\u00f3gica, excel\u00eancia cl\u00ednica e uma abordagem centrada no paciente. Desde a introdu\u00e7\u00e3o de t\u00e9cnicas pioneiras at\u00e9 \u00e0 aposta na intelig\u00eancia artificial, a cl\u00ednica destaca-se pelo compromisso com a preven\u00e7\u00e3o, diagn\u00f3stico e tratamento integrado de doen\u00e7as de cora\u00e7\u00e3o. Em entrevista, Jorge Guardado, diretor executivo e cl\u00ednico, reflete sobre os principais marcos e os desafios do futuro.<\/strong><\/p>\n\n\n\n<p><strong>Perspetiva Atual: A UCARDIO identifica-se como uma cl\u00ednica que valoriza a \u201cexcel\u00eancia, inova\u00e7\u00e3o e talento na busca dos melhores resultados para a sa\u00fade dos seus pacientes\u201d. De que forma a cl\u00ednica tem contribu\u00eddo para a promo\u00e7\u00e3o da sa\u00fade cardiovascular, e qual considera ser o papel fundamental no cuidado e preven\u00e7\u00e3o das doen\u00e7as de cora\u00e7\u00e3o?<\/strong><\/p>\n\n\n\n<p><strong>Jorge Guardado:<\/strong> \u00c9 uma Cl\u00ednica Cardiovascular Multidisciplinar que presta servi\u00e7os de preven\u00e7\u00e3o, diagn\u00f3stico e tratamento de doen\u00e7as cardiovasculares numa perspetiva hol\u00edstica e de proximidade, centrada no doente, atrav\u00e9s de um cuidado abrangente e integrado.&nbsp; No nosso ADN est\u00e1 um compromisso com a inova\u00e7\u00e3o e melhoria cont\u00ednua dos servi\u00e7os, para oferecer o melhor diagn\u00f3stico e solu\u00e7\u00f5es terap\u00eauticas, farmacol\u00f3gicas ou de interven\u00e7\u00e3o e cirurgia card\u00edaca, permitindo uma estrat\u00e9gia ampla de resposta \u00e0 doen\u00e7a cardiovascular, por um servi\u00e7o de proximidade e integrado, caracterizado pelo diagn\u00f3stico, tratamentos diferenciados e pela elevada especializa\u00e7\u00e3o do seu corpo cl\u00ednico.<\/p>\n\n\n\n<p>Adotamos uma abordagem multidisciplinar, envolvendo uma equipa diversificada e experiente o que nos permite dirigir uma aten\u00e7\u00e3o personalizada para cada paciente para monitorizar condi\u00e7\u00f5es de sa\u00fade, aconselhamento sobre preven\u00e7\u00e3o de doen\u00e7as e promo\u00e7\u00e3o de h\u00e1bitos saud\u00e1veis, bem como a gest\u00e3o da doen\u00e7a cardiovascular.<\/p>\n\n\n\n<p>A UCARDIO demonstra um compromisso com a excel\u00eancia no atendimento cardiovascular, combinando expertise cl\u00ednica, tecnologia avan\u00e7ada e uma abordagem centrada no paciente. A cl\u00ednica n\u00e3o s\u00f3 oferece tratamentos especializados, mas tamb\u00e9m se esfor\u00e7a para melhorar a consciencializa\u00e7\u00e3o e preven\u00e7\u00e3o de doen\u00e7as cardiovasculares na comunidade atrav\u00e9s de iniciativas de rastreio e educa\u00e7\u00e3o, estando presente em m\u00faltiplas atividades da sociedade c\u00edvica da regi\u00e3o.<\/p>\n\n\n\n<figure class=\"wp-block-image aligncenter size-large is-resized\"><img loading=\"lazy\" decoding=\"async\" src=\"https:\/\/perspetivaatual.pt\/wp-content\/uploads\/2024\/12\/IMG_0812_UcardioL-2-1024x807.jpg\" alt=\"\" class=\"wp-image-4313\" width=\"513\" height=\"404\" srcset=\"http:\/\/perspetivaatual.pt\/wp-content\/uploads\/2024\/12\/IMG_0812_UcardioL-2-1024x807.jpg 1024w, http:\/\/perspetivaatual.pt\/wp-content\/uploads\/2024\/12\/IMG_0812_UcardioL-2-300x236.jpg 300w, http:\/\/perspetivaatual.pt\/wp-content\/uploads\/2024\/12\/IMG_0812_UcardioL-2-768x605.jpg 768w, http:\/\/perspetivaatual.pt\/wp-content\/uploads\/2024\/12\/IMG_0812_UcardioL-2-1536x1211.jpg 1536w, http:\/\/perspetivaatual.pt\/wp-content\/uploads\/2024\/12\/IMG_0812_UcardioL-2-2048x1614.jpg 2048w, http:\/\/perspetivaatual.pt\/wp-content\/uploads\/2024\/12\/IMG_0812_UcardioL-2-600x473.jpg 600w\" sizes=\"auto, (max-width: 513px) 100vw, 513px\" \/><\/figure>\n\n\n\n<p><strong>PA: A UCARDIO est\u00e1 a celebrar 23 anos de atividade. Fazendo um balan\u00e7o destes anos, quais considera que foram os principais marcos e conquistas que definem a trajet\u00f3ria da institui\u00e7\u00e3o?<\/strong><\/p>\n\n\n\n<p><strong>JG:<\/strong> A UCARDIO nasceu em 2001, demonstrando mais de duas d\u00e9cadas de servi\u00e7o dedicado \u00e0 sa\u00fade cardiovascular. Estabeleceu-se em Riachos, Torres Novas, posicionando-se como um centro de refer\u00eancia em cardiologia para a regi\u00e3o, evoluindo de um consult\u00f3rio de cardiologia para um centro cl\u00ednico multidisciplinar que abriu portas em mar\u00e7o de 2010, indicando um crescimento significativo em termos de servi\u00e7os e capacidade. Desenvolveu-se como uma Cl\u00ednica Cardiovascular Multidisciplinar, oferecendo servi\u00e7os abrangentes de preven\u00e7\u00e3o, diagn\u00f3stico e tratamento de doen\u00e7as cardiovasculares. Introduziu tecnologias avan\u00e7adas e diagn\u00f3sticos especializados, mostrando um compromisso cont\u00ednuo com a inova\u00e7\u00e3o.<\/p>\n\n\n\n<p>A UCARDIO \u00e9 reconhecida pela sua abordagem de proximidade e servi\u00e7os integrados indicando uma reputa\u00e7\u00e3o s\u00f3lida na comunidade m\u00e9dica e entre os pacientes, tendo desenvolvido uma equipa diversificada e altamente qualificada, permitindo uma abordagem hol\u00edstica \u00e0 sa\u00fade cardiovascular.<\/p>\n\n\n\n<p>Em 2010, fomos o primeiro Centro nacional privado e de ambulat\u00f3rio, a introduzir a Ecocardiografia de Esfor\u00e7o, tornando-se desde logo a \u201cpedra angular\u201d na abordagem ao diagn\u00f3stico e estratifica\u00e7\u00e3o da condi\u00e7\u00e3o anat\u00f3mica e funcional card\u00edaca. Juntamente com o Professor Carlos Cotrim, respons\u00e1vel do nosso laborat\u00f3rio de Ecocardiografia, somos ao momento atual o Centro com maior volume e experi\u00eancia nacional nesta t\u00e9cnica, fisiol\u00f3gica, sem radia\u00e7\u00e3o e que permite em \u201ctempo real\u201d ter uma informa\u00e7\u00e3o objetiva e pr\u00e1tica para na orienta\u00e7\u00e3o e seguimento cl\u00ednico cardiovascular.<\/p>\n\n\n\n<p>Em 2012, a UCARDIO foi uma das primeiras empresas a obter a certifica\u00e7\u00e3o ISO 9001:2008 para Sistemas de Gest\u00e3o de Qualidade, o que garante padr\u00f5es elevados de atendimento e seguran\u00e7a para os pacientes.<\/p>\n\n\n\n<p>Organizamos anualmente, desde 2016, uma Reuni\u00e3o Cl\u00ednica (atualmente na sua 9\u00aa edi\u00e7\u00e3o), demonstrando um compromisso com a educa\u00e7\u00e3o cont\u00ednua e a partilha de conhecimentos na \u00e1rea da sa\u00fade cardiovascular com a comunidade de profissionais de sa\u00fade, atores principais da sa\u00fade e sociedade c\u00edvica da regi\u00e3o.<\/p>\n\n\n\n<p>Desenvolvemos, promovemos e instalamos em 2023, um programa de desfibrilha\u00e7\u00e3o autom\u00e1tica externa. O objetivo \u00e9 aumentar a taxa de sobreviv\u00eancia das v\u00edtimas de paragem cardiorrespirat\u00f3ria para valores que podem chegar at\u00e9 aos 74% em certos casos, demonstrando um compromisso com a resposta r\u00e1pida a emerg\u00eancias card\u00edacas na nossa Unidade e no espa\u00e7o p\u00fablico circundante de Riachos assim como no est\u00e1dio desportivo da localidade onde estamos inseridos.<\/p>\n\n\n\n<p>Tamb\u00e9m em 2023, elevamos o patamar na nossa atividade na Investiga\u00e7\u00e3o e certificamos o nosso Centro de Ensaios Cl\u00ednicos, que est\u00e1 em plena atividade, que traz para junto da nossa popula\u00e7\u00e3o as mais recentes descobertas e tratamentos cardiovasculares, sendo um motor de inova\u00e7\u00e3o e reten\u00e7\u00e3o de talentos.<\/p>\n\n\n\n<p>Estes marcos e conquistas refletem uma trajet\u00f3ria de crescimento, inova\u00e7\u00e3o e compromisso com a excel\u00eancia em cuidados cardiovasculares. A UCARDIO evoluiu de um simples consult\u00f3rio para um centro cl\u00ednico inclusivo, centrado do doente, mantendo um foco constante na qualidade dos servi\u00e7os, na educa\u00e7\u00e3o m\u00e9dica e na sa\u00fade da comunidade.<\/p>\n\n\n\n<figure class=\"wp-block-image aligncenter size-large is-resized\"><img loading=\"lazy\" decoding=\"async\" src=\"https:\/\/perspetivaatual.pt\/wp-content\/uploads\/2024\/12\/IX-Reu-UCARDIO-170-1-1024x574.jpg\" alt=\"\" class=\"wp-image-4316\" width=\"678\" height=\"380\" srcset=\"http:\/\/perspetivaatual.pt\/wp-content\/uploads\/2024\/12\/IX-Reu-UCARDIO-170-1-1024x574.jpg 1024w, http:\/\/perspetivaatual.pt\/wp-content\/uploads\/2024\/12\/IX-Reu-UCARDIO-170-1-300x168.jpg 300w, http:\/\/perspetivaatual.pt\/wp-content\/uploads\/2024\/12\/IX-Reu-UCARDIO-170-1-768x430.jpg 768w, http:\/\/perspetivaatual.pt\/wp-content\/uploads\/2024\/12\/IX-Reu-UCARDIO-170-1-600x336.jpg 600w, http:\/\/perspetivaatual.pt\/wp-content\/uploads\/2024\/12\/IX-Reu-UCARDIO-170-1.jpg 1296w\" sizes=\"auto, (max-width: 678px) 100vw, 678px\" \/><\/figure>\n\n\n\n<p><strong>PA: Sabemos que para al\u00e9m da cardiologia, a cl\u00ednica disp\u00f5e de consultas de diversas especialidades m\u00e9dicas. Quais s\u00e3o as principais especialidades m\u00e9dicas dispon\u00edveis e como \u00e9 que esta diversidade ajuda no tratamento e acompanhamento dos pacientes, especialmente no contexto da sa\u00fade cardiovascular?<\/strong><\/p>\n\n\n\n<p><strong>JG:<\/strong> A UCARDIO oferece uma ampla gama de \u00e1reas m\u00e9dicas, incluindo cardiologia, cardiologia de interven\u00e7\u00e3o, angiologia e cirurgia vascular, cl\u00ednica geral e medicina familiar, endocrinologia, urologia, ginecologia, obstetr\u00edcia, reumatologia, neurologia, pneumologia, psiquiatria, medicina do trabalho e medicina interna. Al\u00e9m disso, h\u00e1 uma rede de bem-estar com nutri\u00e7\u00e3o e psicologia cl\u00ednica. Essa diversidade de especialidades permite uma abordagem multidisciplinar, cuidados integrados e acompanhamento cont\u00ednuo e personalizado, o que \u00e9 crucial para a sa\u00fade cardiovascular, uma vez que a maioria das condi\u00e7\u00f5es m\u00e9dicas s\u00e3o multidisciplinares e interligadas. Tratamentos avan\u00e7ados para problemas cardiovasculares est\u00e3o dispon\u00edveis atrav\u00e9s da Cardiologia de Interven\u00e7\u00e3o que permite o tratamento de doen\u00e7as das art\u00e9rias e v\u00e1lvulas card\u00edacas por meio de procedimentos menos invasivos e mais confort\u00e1veis, atrav\u00e9s de cateterismo card\u00edaco, em compara\u00e7\u00e3o com a cirurgia card\u00edaca tradicional. A abordagem multidisciplinar da UCARDIO em \u201cHeart Team\u201d possibilita uma compreens\u00e3o global do doente, levando a diagn\u00f3sticos mais precisos e planos de tratamento mais eficazes, especialmente no complexo campo da sa\u00fade cardiovascular.<\/p>\n\n\n\n<p><strong>PA: Sempre com os olhos postos no futuro, a aposta em equipamentos de \u00faltima gera\u00e7\u00e3o e tecnologia tem sido um ponto diferencial da UCARDIO. Quais s\u00e3o os avan\u00e7os mais recentes que t\u00eam vindo a ser implementados e de que forma eles beneficiam os pacientes?<\/strong><\/p>\n\n\n\n<p><strong>JG:<\/strong> O investimento consistentemente em inova\u00e7\u00e3o e em equipamentos m\u00e9dicos avan\u00e7ados tem sido uma constante no Grupo UCARDIO. &nbsp;A Tecnologia de vanguarda \u00e9 combinada com um ambiente acolhedor, proporcionando aos pacientes uma experi\u00eancia confort\u00e1vel durante os procedimentos m\u00e9dicos. Com os progressos t\u00e9cnicos e farmacol\u00f3gicos, os tratamentos tornaram-se mais eficazes e as interven\u00e7\u00f5es menos invasivas, beneficiando os doentes de procedimentos mais seguros e com menor tempo de recupera\u00e7\u00e3o. Monitoriza\u00e7\u00e3o mais eficiente de condi\u00e7\u00f5es cr\u00f4nicas e cuidados mais personalizados e integrados s\u00e3o outras vantagens. A \u201ccardiologia de proximidade\u201d associada \u00e0 tecnologia avan\u00e7ada e um corpo cl\u00ednico diferenciado, posiciona a UCARDIO na vanguarda dos cuidados cardiovasculares em Portugal.<\/p>\n\n\n\n<p><strong>PA: O corpo cl\u00ednico da UCARDIO \u00e9 frequentemente destacado pela sua excel\u00eancia, assim como pela vasta rede de parceiros. Que crit\u00e9rios e estrat\u00e9gias s\u00e3o adotadas para atrair e reter profissionais de topo e estas parcerias?<\/strong><\/p>\n\n\n\n<p><strong>JG:<\/strong> A cl\u00ednica destaca-se pela sua excel\u00eancia e rigor, atraindo profissionais de alto calibre que procuram trabalhar em ambientes de excel\u00eancia. A estrat\u00e9gia da empresa centra-se em estabelecer rela\u00e7\u00f5es duradouras, n\u00e3o apenas com clientes, mas tamb\u00e9m com os seus colaboradores, profissionais, fornecedores e parceiros. A UCARDIO mant\u00e9m parcerias com empresas e institui\u00e7\u00f5es reconhecidas, como a Affidea e o Hospital Cruz Vermelha Portuguesa, um est\u00edmulo para profissionais interessados num ambiente com s\u00f3lidas conex\u00f5es no setor da sa\u00fade. A cl\u00ednica investe em projetos de Business Intelligence, demonstrando um compromisso com a mudan\u00e7a, para profissionais de topo que procuram ambientes de trabalho tecnologicamente avan\u00e7ados. Promovemos uma atitude multidisciplinar, colaborando com os diversos profissionais de sa\u00fade, para aqueles que valorizam uma vis\u00e3o hol\u00edstica na presta\u00e7\u00e3o de cuidados de sa\u00fade. A refer\u00eancia a oportunidades de forma\u00e7\u00e3o cont\u00ednua, investiga\u00e7\u00e3o cient\u00edfica e de desenvolvimento profissional, s\u00e3o elementos cruciais para atrair e reter talentos.<\/p>\n\n\n\n<p><strong>PA: No dia 30 de novembro realizou-se a IX Reuni\u00e3o Cl\u00ednica Anual, sob o lema &#8220;Mente Artificial\u201d. O que esteve por detr\u00e1s da escolha deste tema e quais foram os principais objetivos do evento e os temas mais relevantes?<\/strong><\/p>\n\n\n\n<p><strong>JG:<\/strong> A Reuni\u00e3o Cl\u00ednica Anual da UCARDIO \u00e9 considerada um evento regional de destaque na divulga\u00e7\u00e3o da Medicina Cardiovascular, demonstrando sua import\u00e2ncia para a comunidade m\u00e9dica, profissionais de sa\u00fade e sociedade c\u00edvica local, com o patroc\u00ednio cient\u00edfico da Ordem dos M\u00e9dicos e da Sociedade Portuguesa de Cardiologia.<\/p>\n\n\n\n<p>A escolha de \u201cMente Artificial\u201d como lema da edi\u00e7\u00e3o de 2024, reflete a atualidade e a crescente import\u00e2ncia desse t\u00f3pico na medicina, particularmente na \u00e1rea cardiovascular, em consequ\u00eancia da transforma\u00e7\u00e3o digital e da Era da Intelig\u00eancia Artificial na Sa\u00fade. O principal objetivo do evento foi promover um debate sobre temas na interface da Medicina com a Intelig\u00eancia Artificial, partilhando conhecimento e experi\u00eancias neste campo.<\/p>\n\n\n\n<p>O programa foi composto por apresenta\u00e7\u00f5es relacionadas \u00e0 &#8220;Mente Artificial&#8221; no contexto da Sa\u00fade, com pela \u201cpartilha de Saberes e Experi\u00eancias&#8221;.<\/p>\n\n\n\n<figure class=\"wp-block-image aligncenter size-large is-resized\"><img loading=\"lazy\" decoding=\"async\" src=\"http:\/\/perspetivaatual.pt\/wp-content\/uploads\/2024\/12\/IX-Reu-UCARDIO-109-1024x574.jpg\" alt=\"\" class=\"wp-image-4317\" width=\"687\" height=\"385\" srcset=\"http:\/\/perspetivaatual.pt\/wp-content\/uploads\/2024\/12\/IX-Reu-UCARDIO-109-1024x574.jpg 1024w, http:\/\/perspetivaatual.pt\/wp-content\/uploads\/2024\/12\/IX-Reu-UCARDIO-109-300x168.jpg 300w, http:\/\/perspetivaatual.pt\/wp-content\/uploads\/2024\/12\/IX-Reu-UCARDIO-109-768x430.jpg 768w, http:\/\/perspetivaatual.pt\/wp-content\/uploads\/2024\/12\/IX-Reu-UCARDIO-109-600x336.jpg 600w, http:\/\/perspetivaatual.pt\/wp-content\/uploads\/2024\/12\/IX-Reu-UCARDIO-109.jpg 1296w\" sizes=\"auto, (max-width: 687px) 100vw, 687px\" \/><\/figure>\n\n\n\n<p><strong>PA: Relativamente aos convidados deste ano, quais foram os nomes nacionais e internacionais com maior destaque e o que motivou a escolha destes profissionais para o evento?<\/strong><\/p>\n\n\n\n<p><strong>JG:<\/strong> Estiveram connosco, O Professor Carlos Cotrim, O Professor H\u00e9lder Dores, Professor Miguel Nobre Menezes, Dr. Francisco Moscoso Costa, Dr. Bruno Castilho, Dr. Lu\u00eds Baquero, Dr. Casimiro Ramos, Dr. Fernando Freire, Dr. Lu\u00eds Miguel D\u00f3ria, Dr. Rui Caria, Dr. Jo\u00e3o Silva Marques, Dr. Francisco Soares, Dra. Andreia Carreira, Dr. Pedro Sousa, Dr. Francisco Silva, entre muitas outras personalidades. A sua escolha e convite para a comiss\u00e3o cient\u00edfica foi decidida pelas suas \u00e1reas de interesse, experi\u00eancia e reconhecimento do seu trabalho. Ancoraram enriquecimento e protagonismo para esta edi\u00e7\u00e3o da Reuni\u00e3o Anual.<\/p>\n\n\n\n<p><strong>PA: Para finalizar, na vossa perspetiva, como esperam que as tecnologias de Intelig\u00eancia Artificial possam transformar a pr\u00e1tica medica no futuro? E quais s\u00e3o os principais desafios \u00e9ticos ou t\u00e9cnicos que devemos enfrentar para garantir que sejam usadas de forma segura e eficaz?<\/strong><\/p>\n\n\n\n<p><strong>JG:<\/strong> A intelig\u00eancia artificial (IA) est\u00e1 a revolucionar a pr\u00e1tica m\u00e9dica de diversas formas.&nbsp; Pode melhorar os diagn\u00f3sticos ao analisar dados m\u00e9dicos, hist\u00f3ricos e fatores de risco, permitindo uma dete\u00e7\u00e3o mais precoce e precisa das doen\u00e7as. Ajuda a desenvolver planos de tratamento mais personalizados. Automatiza tarefas administrativas, aliviando a carga de trabalho dos profissionais de sa\u00fade, permitindo que eles se concentrem mais no contacto direto e pessoal. Especialmente em \u00e1reas como radiologia e cardiologia, a IA pode aperfei\u00e7oar significativamente a interpreta\u00e7\u00e3o de exames de imagem. &nbsp;A IA pode vir a identificar e analisar \u201cfatores de risco\u201d e prever o desenvolvimento de doen\u00e7as, possibilitando interven\u00e7\u00f5es eficazes antes da doen\u00e7a estar instalada. Al\u00e9m disso, a IA pode melhorar a integra\u00e7\u00e3o e an\u00e1lise de grandes volumes de dados de sa\u00fade, facilitando a pesquisa m\u00e9dica e a tomada de decis\u00f5es cl\u00ednicas. No entanto, existem desafios \u00e9ticos e t\u00e9cnicos a serem enfrentados, como a necessidade de proteger a privacidade e a seguran\u00e7a dos dados dos pacientes contra viola\u00e7\u00f5es cibern\u00e9ticas, bem como determinar a responsabilidade por eventuais erros cometidos pelos sistemas de IA.<\/p>\n\n\n\n<p>Para garantir o uso seguro e eficaz da IA na medicina, ser\u00e1 necess\u00e1ria uma abordagem multidisciplinar, envolvendo profissionais de sa\u00fade, especialistas em \u00e9tica, agentes do desenvolvimento tecnol\u00f3gico, decisores pol\u00edticos e respons\u00e1veis pelo seu enquadramento legal. A educa\u00e7\u00e3o cont\u00ednua dos profissionais de sa\u00fade sobre o uso da IA e a conscientiza\u00e7\u00e3o dos doentes tamb\u00e9m ser\u00e3o cruciais neste cen\u00e1rio.<\/p>\n","protected":false},"excerpt":{"rendered":"<p>Com 23 anos de hist\u00f3ria, a UCARDIO \u2013 Centro Cl\u00ednico Unidade Cardiovascular, tornou-se uma refer\u00eancia<\/p>\n","protected":false},"author":3,"featured_media":4318,"comment_status":"open","ping_status":"open","sticky":false,"template":"","format":"standard","meta":{"footnotes":""},"categories":[4],"tags":[198,628,461,315,629,86],"class_list":["post-4282","post","type-post","status-publish","format-standard","has-post-thumbnail","hentry","category-saude","tag-cardiologia","tag-cardiovascular","tag-diagnostico","tag-inovacao-tecnologica","tag-prevencao","tag-saude"],"yoast_head":"<!-- This site is optimized with the Yoast SEO plugin v24.2 - https:\/\/yoast.com\/wordpress\/plugins\/seo\/ -->\n<title>23 anos de uma lideran\u00e7a revolucion\u00e1ria na Sa\u00fade Cardiovascular - Perspetiva Atual<\/title>\n<meta name=\"robots\" content=\"index, follow, max-snippet:-1, max-image-preview:large, max-video-preview:-1\" \/>\n<link rel=\"canonical\" href=\"https:\/\/perspetivaatual.pt\/index.php\/2024\/12\/27\/23-anos-de-uma-lideranca-revolucionaria-na-saude-cardiovascular\/\" \/>\n<meta property=\"og:locale\" content=\"pt_PT\" \/>\n<meta property=\"og:type\" content=\"article\" \/>\n<meta property=\"og:title\" content=\"23 anos de uma lideran\u00e7a revolucion\u00e1ria na Sa\u00fade Cardiovascular - Perspetiva Atual\" \/>\n<meta property=\"og:description\" content=\"Com 23 anos de hist\u00f3ria, a UCARDIO \u2013 Centro Cl\u00ednico Unidade Cardiovascular, tornou-se uma refer\u00eancia\" \/>\n<meta property=\"og:url\" content=\"https:\/\/perspetivaatual.pt\/index.php\/2024\/12\/27\/23-anos-de-uma-lideranca-revolucionaria-na-saude-cardiovascular\/\" \/>\n<meta property=\"og:site_name\" content=\"Perspetiva Atual\" \/>\n<meta property=\"article:published_time\" content=\"2024-12-27T07:00:00+00:00\" \/>\n<meta property=\"article:modified_time\" content=\"2024-12-23T15:45:37+00:00\" \/>\n<meta property=\"og:image\" content=\"https:\/\/perspetivaatual.pt\/wp-content\/uploads\/2024\/12\/dest-1.jpg\" \/>\n\t<meta property=\"og:image:width\" content=\"1296\" \/>\n\t<meta property=\"og:image:height\" content=\"782\" \/>\n\t<meta property=\"og:image:type\" content=\"image\/jpeg\" \/>\n<meta name=\"author\" content=\"Jo\u00e3o Malainho\" \/>\n<meta name=\"twitter:card\" content=\"summary_large_image\" \/>\n<meta name=\"twitter:label1\" content=\"Escrito por\" \/>\n\t<meta name=\"twitter:data1\" content=\"\" \/>\n\t<meta name=\"twitter:label2\" content=\"Tempo estimado de leitura\" \/>\n\t<meta name=\"twitter:data2\" content=\"12 minutos\" \/>\n<script type=\"application\/ld+json\" class=\"yoast-schema-graph\">{\"@context\":\"https:\/\/schema.org\",\"@graph\":[{\"@type\":\"Article\",\"@id\":\"https:\/\/perspetivaatual.pt\/index.php\/2024\/12\/27\/23-anos-de-uma-lideranca-revolucionaria-na-saude-cardiovascular\/#article\",\"isPartOf\":{\"@id\":\"https:\/\/perspetivaatual.pt\/index.php\/2024\/12\/27\/23-anos-de-uma-lideranca-revolucionaria-na-saude-cardiovascular\/\"},\"author\":{\"name\":\"Jo\u00e3o Malainho\",\"@id\":\"https:\/\/perspetivaatual.pt\/#\/schema\/person\/47ba141fdeb5b3d323984a84d9b80357\"},\"headline\":\"23 anos de uma lideran\u00e7a revolucion\u00e1ria na Sa\u00fade Cardiovascular\",\"datePublished\":\"2024-12-27T07:00:00+00:00\",\"dateModified\":\"2024-12-23T15:45:37+00:00\",\"mainEntityOfPage\":{\"@id\":\"https:\/\/perspetivaatual.pt\/index.php\/2024\/12\/27\/23-anos-de-uma-lideranca-revolucionaria-na-saude-cardiovascular\/\"},\"wordCount\":2213,\"commentCount\":0,\"publisher\":{\"@id\":\"https:\/\/perspetivaatual.pt\/#organization\"},\"image\":{\"@id\":\"https:\/\/perspetivaatual.pt\/index.php\/2024\/12\/27\/23-anos-de-uma-lideranca-revolucionaria-na-saude-cardiovascular\/#primaryimage\"},\"thumbnailUrl\":\"http:\/\/perspetivaatual.pt\/wp-content\/uploads\/2024\/12\/dest-1.jpg\",\"keywords\":[\"Cardiologia\",\"Cardiovascular\",\"Diagn\u00f3stico\",\"Inova\u00e7\u00e3o tecnol\u00f3gica\",\"preven\u00e7\u00e3o\",\"Sa\u00fade\"],\"articleSection\":[\"Sa\u00fade\"],\"inLanguage\":\"pt-PT\",\"potentialAction\":[{\"@type\":\"CommentAction\",\"name\":\"Comment\",\"target\":[\"https:\/\/perspetivaatual.pt\/index.php\/2024\/12\/27\/23-anos-de-uma-lideranca-revolucionaria-na-saude-cardiovascular\/#respond\"]}]},{\"@type\":\"WebPage\",\"@id\":\"https:\/\/perspetivaatual.pt\/index.php\/2024\/12\/27\/23-anos-de-uma-lideranca-revolucionaria-na-saude-cardiovascular\/\",\"url\":\"https:\/\/perspetivaatual.pt\/index.php\/2024\/12\/27\/23-anos-de-uma-lideranca-revolucionaria-na-saude-cardiovascular\/\",\"name\":\"23 anos de uma lideran\u00e7a revolucion\u00e1ria na Sa\u00fade Cardiovascular - Perspetiva Atual\",\"isPartOf\":{\"@id\":\"https:\/\/perspetivaatual.pt\/#website\"},\"primaryImageOfPage\":{\"@id\":\"https:\/\/perspetivaatual.pt\/index.php\/2024\/12\/27\/23-anos-de-uma-lideranca-revolucionaria-na-saude-cardiovascular\/#primaryimage\"},\"image\":{\"@id\":\"https:\/\/perspetivaatual.pt\/index.php\/2024\/12\/27\/23-anos-de-uma-lideranca-revolucionaria-na-saude-cardiovascular\/#primaryimage\"},\"thumbnailUrl\":\"http:\/\/perspetivaatual.pt\/wp-content\/uploads\/2024\/12\/dest-1.jpg\",\"datePublished\":\"2024-12-27T07:00:00+00:00\",\"dateModified\":\"2024-12-23T15:45:37+00:00\",\"breadcrumb\":{\"@id\":\"https:\/\/perspetivaatual.pt\/index.php\/2024\/12\/27\/23-anos-de-uma-lideranca-revolucionaria-na-saude-cardiovascular\/#breadcrumb\"},\"inLanguage\":\"pt-PT\",\"potentialAction\":[{\"@type\":\"ReadAction\",\"target\":[\"https:\/\/perspetivaatual.pt\/index.php\/2024\/12\/27\/23-anos-de-uma-lideranca-revolucionaria-na-saude-cardiovascular\/\"]}]},{\"@type\":\"ImageObject\",\"inLanguage\":\"pt-PT\",\"@id\":\"https:\/\/perspetivaatual.pt\/index.php\/2024\/12\/27\/23-anos-de-uma-lideranca-revolucionaria-na-saude-cardiovascular\/#primaryimage\",\"url\":\"http:\/\/perspetivaatual.pt\/wp-content\/uploads\/2024\/12\/dest-1.jpg\",\"contentUrl\":\"http:\/\/perspetivaatual.pt\/wp-content\/uploads\/2024\/12\/dest-1.jpg\",\"width\":1296,\"height\":782,\"caption\":\"Jorge Guardado, diretor executivo e cl\u00ednico da UCARDIO\"},{\"@type\":\"BreadcrumbList\",\"@id\":\"https:\/\/perspetivaatual.pt\/index.php\/2024\/12\/27\/23-anos-de-uma-lideranca-revolucionaria-na-saude-cardiovascular\/#breadcrumb\",\"itemListElement\":[{\"@type\":\"ListItem\",\"position\":1,\"name\":\"Home\",\"item\":\"https:\/\/perspetivaatual.pt\/\"},{\"@type\":\"ListItem\",\"position\":2,\"name\":\"23 anos de uma lideran\u00e7a revolucion\u00e1ria na Sa\u00fade Cardiovascular\"}]},{\"@type\":\"WebSite\",\"@id\":\"https:\/\/perspetivaatual.pt\/#website\",\"url\":\"https:\/\/perspetivaatual.pt\/\",\"name\":\"Perspetiva Atual\",\"description\":\"Olhar Portugal, de diferentes formas\",\"publisher\":{\"@id\":\"https:\/\/perspetivaatual.pt\/#organization\"},\"potentialAction\":[{\"@type\":\"SearchAction\",\"target\":{\"@type\":\"EntryPoint\",\"urlTemplate\":\"https:\/\/perspetivaatual.pt\/?s={search_term_string}\"},\"query-input\":{\"@type\":\"PropertyValueSpecification\",\"valueRequired\":true,\"valueName\":\"search_term_string\"}}],\"inLanguage\":\"pt-PT\"},{\"@type\":\"Organization\",\"@id\":\"https:\/\/perspetivaatual.pt\/#organization\",\"name\":\"Perspetiva Atual\",\"url\":\"https:\/\/perspetivaatual.pt\/\",\"logo\":{\"@type\":\"ImageObject\",\"inLanguage\":\"pt-PT\",\"@id\":\"https:\/\/perspetivaatual.pt\/#\/schema\/logo\/image\/\",\"url\":\"http:\/\/perspetivaatual.pt\/wp-content\/uploads\/2020\/08\/cropped-perspetiva_atual-.png\",\"contentUrl\":\"http:\/\/perspetivaatual.pt\/wp-content\/uploads\/2020\/08\/cropped-perspetiva_atual-.png\",\"width\":618,\"height\":202,\"caption\":\"Perspetiva Atual\"},\"image\":{\"@id\":\"https:\/\/perspetivaatual.pt\/#\/schema\/logo\/image\/\"}},{\"@type\":\"Person\",\"@id\":\"https:\/\/perspetivaatual.pt\/#\/schema\/person\/47ba141fdeb5b3d323984a84d9b80357\",\"name\":\"Jo\u00e3o Malainho\",\"image\":{\"@type\":\"ImageObject\",\"inLanguage\":\"pt-PT\",\"@id\":\"https:\/\/perspetivaatual.pt\/#\/schema\/person\/image\/\",\"url\":\"https:\/\/secure.gravatar.com\/avatar\/a3c4255a9b6c6ae9d56001be7c7fe92c?s=96&d=mm&r=g\",\"contentUrl\":\"https:\/\/secure.gravatar.com\/avatar\/a3c4255a9b6c6ae9d56001be7c7fe92c?s=96&d=mm&r=g\",\"caption\":\"Jo\u00e3o Malainho\"},\"url\":\"http:\/\/perspetivaatual.pt\/index.php\/author\/joaomalainho\/\"}]}<\/script>\n<!-- \/ Yoast SEO plugin. -->","yoast_head_json":{"title":"23 anos de uma lideran\u00e7a revolucion\u00e1ria na Sa\u00fade Cardiovascular - Perspetiva Atual","robots":{"index":"index","follow":"follow","max-snippet":"max-snippet:-1","max-image-preview":"max-image-preview:large","max-video-preview":"max-video-preview:-1"},"canonical":"https:\/\/perspetivaatual.pt\/index.php\/2024\/12\/27\/23-anos-de-uma-lideranca-revolucionaria-na-saude-cardiovascular\/","og_locale":"pt_PT","og_type":"article","og_title":"23 anos de uma lideran\u00e7a revolucion\u00e1ria na Sa\u00fade Cardiovascular - Perspetiva Atual","og_description":"Com 23 anos de hist\u00f3ria, a UCARDIO \u2013 Centro Cl\u00ednico Unidade Cardiovascular, tornou-se uma refer\u00eancia","og_url":"https:\/\/perspetivaatual.pt\/index.php\/2024\/12\/27\/23-anos-de-uma-lideranca-revolucionaria-na-saude-cardiovascular\/","og_site_name":"Perspetiva Atual","article_published_time":"2024-12-27T07:00:00+00:00","article_modified_time":"2024-12-23T15:45:37+00:00","og_image":[{"width":1296,"height":782,"url":"https:\/\/perspetivaatual.pt\/wp-content\/uploads\/2024\/12\/dest-1.jpg","type":"image\/jpeg"}],"author":"Jo\u00e3o Malainho","twitter_card":"summary_large_image","twitter_misc":{"Escrito por":false,"Tempo estimado de leitura":"12 minutos"},"schema":{"@context":"https:\/\/schema.org","@graph":[{"@type":"Article","@id":"https:\/\/perspetivaatual.pt\/index.php\/2024\/12\/27\/23-anos-de-uma-lideranca-revolucionaria-na-saude-cardiovascular\/#article","isPartOf":{"@id":"https:\/\/perspetivaatual.pt\/index.php\/2024\/12\/27\/23-anos-de-uma-lideranca-revolucionaria-na-saude-cardiovascular\/"},"author":{"name":"Jo\u00e3o Malainho","@id":"https:\/\/perspetivaatual.pt\/#\/schema\/person\/47ba141fdeb5b3d323984a84d9b80357"},"headline":"23 anos de uma lideran\u00e7a revolucion\u00e1ria na Sa\u00fade Cardiovascular","datePublished":"2024-12-27T07:00:00+00:00","dateModified":"2024-12-23T15:45:37+00:00","mainEntityOfPage":{"@id":"https:\/\/perspetivaatual.pt\/index.php\/2024\/12\/27\/23-anos-de-uma-lideranca-revolucionaria-na-saude-cardiovascular\/"},"wordCount":2213,"commentCount":0,"publisher":{"@id":"https:\/\/perspetivaatual.pt\/#organization"},"image":{"@id":"https:\/\/perspetivaatual.pt\/index.php\/2024\/12\/27\/23-anos-de-uma-lideranca-revolucionaria-na-saude-cardiovascular\/#primaryimage"},"thumbnailUrl":"http:\/\/perspetivaatual.pt\/wp-content\/uploads\/2024\/12\/dest-1.jpg","keywords":["Cardiologia","Cardiovascular","Diagn\u00f3stico","Inova\u00e7\u00e3o tecnol\u00f3gica","preven\u00e7\u00e3o","Sa\u00fade"],"articleSection":["Sa\u00fade"],"inLanguage":"pt-PT","potentialAction":[{"@type":"CommentAction","name":"Comment","target":["https:\/\/perspetivaatual.pt\/index.php\/2024\/12\/27\/23-anos-de-uma-lideranca-revolucionaria-na-saude-cardiovascular\/#respond"]}]},{"@type":"WebPage","@id":"https:\/\/perspetivaatual.pt\/index.php\/2024\/12\/27\/23-anos-de-uma-lideranca-revolucionaria-na-saude-cardiovascular\/","url":"https:\/\/perspetivaatual.pt\/index.php\/2024\/12\/27\/23-anos-de-uma-lideranca-revolucionaria-na-saude-cardiovascular\/","name":"23 anos de uma lideran\u00e7a revolucion\u00e1ria na Sa\u00fade Cardiovascular - Perspetiva Atual","isPartOf":{"@id":"https:\/\/perspetivaatual.pt\/#website"},"primaryImageOfPage":{"@id":"https:\/\/perspetivaatual.pt\/index.php\/2024\/12\/27\/23-anos-de-uma-lideranca-revolucionaria-na-saude-cardiovascular\/#primaryimage"},"image":{"@id":"https:\/\/perspetivaatual.pt\/index.php\/2024\/12\/27\/23-anos-de-uma-lideranca-revolucionaria-na-saude-cardiovascular\/#primaryimage"},"thumbnailUrl":"http:\/\/perspetivaatual.pt\/wp-content\/uploads\/2024\/12\/dest-1.jpg","datePublished":"2024-12-27T07:00:00+00:00","dateModified":"2024-12-23T15:45:37+00:00","breadcrumb":{"@id":"https:\/\/perspetivaatual.pt\/index.php\/2024\/12\/27\/23-anos-de-uma-lideranca-revolucionaria-na-saude-cardiovascular\/#breadcrumb"},"inLanguage":"pt-PT","potentialAction":[{"@type":"ReadAction","target":["https:\/\/perspetivaatual.pt\/index.php\/2024\/12\/27\/23-anos-de-uma-lideranca-revolucionaria-na-saude-cardiovascular\/"]}]},{"@type":"ImageObject","inLanguage":"pt-PT","@id":"https:\/\/perspetivaatual.pt\/index.php\/2024\/12\/27\/23-anos-de-uma-lideranca-revolucionaria-na-saude-cardiovascular\/#primaryimage","url":"http:\/\/perspetivaatual.pt\/wp-content\/uploads\/2024\/12\/dest-1.jpg","contentUrl":"http:\/\/perspetivaatual.pt\/wp-content\/uploads\/2024\/12\/dest-1.jpg","width":1296,"height":782,"caption":"Jorge Guardado, diretor executivo e cl\u00ednico da UCARDIO"},{"@type":"BreadcrumbList","@id":"https:\/\/perspetivaatual.pt\/index.php\/2024\/12\/27\/23-anos-de-uma-lideranca-revolucionaria-na-saude-cardiovascular\/#breadcrumb","itemListElement":[{"@type":"ListItem","position":1,"name":"Home","item":"https:\/\/perspetivaatual.pt\/"},{"@type":"ListItem","position":2,"name":"23 anos de uma lideran\u00e7a revolucion\u00e1ria na Sa\u00fade Cardiovascular"}]},{"@type":"WebSite","@id":"https:\/\/perspetivaatual.pt\/#website","url":"https:\/\/perspetivaatual.pt\/","name":"Perspetiva Atual","description":"Olhar Portugal, de diferentes formas","publisher":{"@id":"https:\/\/perspetivaatual.pt\/#organization"},"potentialAction":[{"@type":"SearchAction","target":{"@type":"EntryPoint","urlTemplate":"https:\/\/perspetivaatual.pt\/?s={search_term_string}"},"query-input":{"@type":"PropertyValueSpecification","valueRequired":true,"valueName":"search_term_string"}}],"inLanguage":"pt-PT"},{"@type":"Organization","@id":"https:\/\/perspetivaatual.pt\/#organization","name":"Perspetiva Atual","url":"https:\/\/perspetivaatual.pt\/","logo":{"@type":"ImageObject","inLanguage":"pt-PT","@id":"https:\/\/perspetivaatual.pt\/#\/schema\/logo\/image\/","url":"http:\/\/perspetivaatual.pt\/wp-content\/uploads\/2020\/08\/cropped-perspetiva_atual-.png","contentUrl":"http:\/\/perspetivaatual.pt\/wp-content\/uploads\/2020\/08\/cropped-perspetiva_atual-.png","width":618,"height":202,"caption":"Perspetiva Atual"},"image":{"@id":"https:\/\/perspetivaatual.pt\/#\/schema\/logo\/image\/"}},{"@type":"Person","@id":"https:\/\/perspetivaatual.pt\/#\/schema\/person\/47ba141fdeb5b3d323984a84d9b80357","name":"Jo\u00e3o Malainho","image":{"@type":"ImageObject","inLanguage":"pt-PT","@id":"https:\/\/perspetivaatual.pt\/#\/schema\/person\/image\/","url":"https:\/\/secure.gravatar.com\/avatar\/a3c4255a9b6c6ae9d56001be7c7fe92c?s=96&d=mm&r=g","contentUrl":"https:\/\/secure.gravatar.com\/avatar\/a3c4255a9b6c6ae9d56001be7c7fe92c?s=96&d=mm&r=g","caption":"Jo\u00e3o Malainho"},"url":"http:\/\/perspetivaatual.pt\/index.php\/author\/joaomalainho\/"}]}},"featured_image_urls":{"full":["http:\/\/perspetivaatual.pt\/wp-content\/uploads\/2024\/12\/dest-1.jpg",1296,782,false],"thumbnail":["http:\/\/perspetivaatual.pt\/wp-content\/uploads\/2024\/12\/dest-1-150x150.jpg",150,150,true],"medium":["http:\/\/perspetivaatual.pt\/wp-content\/uploads\/2024\/12\/dest-1-300x181.jpg",300,181,true],"medium_large":["http:\/\/perspetivaatual.pt\/wp-content\/uploads\/2024\/12\/dest-1-768x463.jpg",640,386,true],"large":["http:\/\/perspetivaatual.pt\/wp-content\/uploads\/2024\/12\/dest-1-1024x618.jpg",640,386,true],"1536x1536":["http:\/\/perspetivaatual.pt\/wp-content\/uploads\/2024\/12\/dest-1.jpg",1296,782,false],"2048x2048":["http:\/\/perspetivaatual.pt\/wp-content\/uploads\/2024\/12\/dest-1.jpg",1296,782,false],"magazine-7-slider-full":["http:\/\/perspetivaatual.pt\/wp-content\/uploads\/2024\/12\/dest-1.jpg",1296,782,false],"magazine-7-slider-center":["http:\/\/perspetivaatual.pt\/wp-content\/uploads\/2024\/12\/dest-1-936x782.jpg",936,782,true],"magazine-7-featured":["http:\/\/perspetivaatual.pt\/wp-content\/uploads\/2024\/12\/dest-1-1024x618.jpg",1024,618,true],"magazine-7-medium":["http:\/\/perspetivaatual.pt\/wp-content\/uploads\/2024\/12\/dest-1-720x380.jpg",720,380,true],"magazine-7-medium-square":["http:\/\/perspetivaatual.pt\/wp-content\/uploads\/2024\/12\/dest-1-675x450.jpg",675,450,true],"rpwe-thumbnail":["http:\/\/perspetivaatual.pt\/wp-content\/uploads\/2024\/12\/dest-1-45x45.jpg",45,45,true]},"author_info":{"info":[false]},"category_info":"<a href=\"http:\/\/perspetivaatual.pt\/index.php\/category\/saude\/\" rel=\"category tag\">Sa\u00fade<\/a>","tag_info":"Sa\u00fade","comment_count":"0","_links":{"self":[{"href":"http:\/\/perspetivaatual.pt\/index.php\/wp-json\/wp\/v2\/posts\/4282","targetHints":{"allow":["GET"]}}],"collection":[{"href":"http:\/\/perspetivaatual.pt\/index.php\/wp-json\/wp\/v2\/posts"}],"about":[{"href":"http:\/\/perspetivaatual.pt\/index.php\/wp-json\/wp\/v2\/types\/post"}],"author":[{"embeddable":true,"href":"http:\/\/perspetivaatual.pt\/index.php\/wp-json\/wp\/v2\/users\/3"}],"replies":[{"embeddable":true,"href":"http:\/\/perspetivaatual.pt\/index.php\/wp-json\/wp\/v2\/comments?post=4282"}],"version-history":[{"count":0,"href":"http:\/\/perspetivaatual.pt\/index.php\/wp-json\/wp\/v2\/posts\/4282\/revisions"}],"wp:featuredmedia":[{"embeddable":true,"href":"http:\/\/perspetivaatual.pt\/index.php\/wp-json\/wp\/v2\/media\/4318"}],"wp:attachment":[{"href":"http:\/\/perspetivaatual.pt\/index.php\/wp-json\/wp\/v2\/media?parent=4282"}],"wp:term":[{"taxonomy":"category","embeddable":true,"href":"http:\/\/perspetivaatual.pt\/index.php\/wp-json\/wp\/v2\/categories?post=4282"},{"taxonomy":"post_tag","embeddable":true,"href":"http:\/\/perspetivaatual.pt\/index.php\/wp-json\/wp\/v2\/tags?post=4282"}],"curies":[{"name":"wp","href":"https:\/\/api.w.org\/{rel}","templated":true}]}}