{"id":4533,"date":"2025-04-24T07:00:00","date_gmt":"2025-04-24T07:00:00","guid":{"rendered":"https:\/\/perspetivaatual.pt\/?p=4533"},"modified":"2025-04-17T14:56:49","modified_gmt":"2025-04-17T14:56:49","slug":"isep-lidera-projeto-europeue-hospital4future","status":"publish","type":"post","link":"http:\/\/perspetivaatual.pt\/index.php\/2025\/04\/24\/isep-lidera-projeto-europeue-hospital4future\/","title":{"rendered":"ISEP lidera projeto europeue-Hospital4Future"},"content":{"rendered":"\n<p><strong>O projeto e-Hospital4Future \u2013 Building the future through an innovative and digitally skilled hospital, apoiado pela Uni\u00e3o Europeia no \u00e2mbito do programa EU4Health, \u00e9 liderado pelo ISEP para \u201ccapacitar os profissionais de sa\u00fade com ferramentas essenciais para o seu desenvolvimento, proporcionando conhecimentos aplic\u00e1veis diretamente no local de trabalho, sem qualquer custo associado\u201d. A coordenadora do projeto, Ana Madureira, Professora do Instituto Superior de Engenharia do Porto (ISEP) e investigadora integrada no INESC INOV-Lab, aponta a relev\u00e2ncia desta iniciativa como \u201co desafio da transforma\u00e7\u00e3o digital na \u00e1rea da sa\u00fade\u201d.<\/strong><\/p>\n\n\n\n<p><strong>An\u00e1lise das necessidades e implementa\u00e7\u00e3o tecnol\u00f3gica <\/strong><\/p>\n\n\n\n<p>Numa fase inicial, foi realizada uma an\u00e1lise aprofundada das necessidades de forma\u00e7\u00e3o dos profissionais de sa\u00fade nos pa\u00edses participantes, com especial enfoque nas compet\u00eancias digitais. \u201cForam identificadas lacunas e necessidades emergentes, como a atualiza\u00e7\u00e3o de compet\u00eancias e a adapta\u00e7\u00e3o a modelos de sa\u00fade mais eficazes e centrados no doente. O projeto n\u00e3o se limitou a identificar desafios atuais, mas antecipou tamb\u00e9m exig\u00eancias futuras do setor\u201d, revela Ana Madureira. O e-Hospital4Future encontra-se, neste momento, na fase de implementa\u00e7\u00e3o dos diferentes cursos nas Unidades Locais de Sa\u00fade (ULS), estando previstas a\u00e7\u00f5es de forma\u00e7\u00e3o presenciais e remotas para facilitar a ado\u00e7\u00e3o da plataforma digital de ensino associada ao projeto.<\/p>\n\n\n\n<figure class=\"wp-block-image aligncenter is-resized\"><img loading=\"lazy\" decoding=\"async\" width=\"2560\" height=\"1706\" src=\"http:\/\/perspetivaatual.pt\/wp-content\/uploads\/2025\/04\/IMG_5408-scaled.jpg\" alt=\"\" class=\"wp-image-4538\" style=\"width:591px;height:auto\" srcset=\"http:\/\/perspetivaatual.pt\/wp-content\/uploads\/2025\/04\/IMG_5408-scaled.jpg 2560w, http:\/\/perspetivaatual.pt\/wp-content\/uploads\/2025\/04\/IMG_5408-300x200.jpg 300w, http:\/\/perspetivaatual.pt\/wp-content\/uploads\/2025\/04\/IMG_5408-1024x683.jpg 1024w, http:\/\/perspetivaatual.pt\/wp-content\/uploads\/2025\/04\/IMG_5408-768x512.jpg 768w, http:\/\/perspetivaatual.pt\/wp-content\/uploads\/2025\/04\/IMG_5408-1536x1024.jpg 1536w, http:\/\/perspetivaatual.pt\/wp-content\/uploads\/2025\/04\/IMG_5408-2048x1365.jpg 2048w, http:\/\/perspetivaatual.pt\/wp-content\/uploads\/2025\/04\/IMG_5408-675x450.jpg 675w\" sizes=\"auto, (max-width: 2560px) 100vw, 2560px\" \/><\/figure>\n\n\n\n<p><strong>Resili\u00eancia e transforma\u00e7\u00e3o digital na sa\u00fade <\/strong><\/p>\n\n\n\n<p>A g\u00e9nese do e-Hospital4Future remonta ao per\u00edodo p\u00f3s-pandemia, num contexto em que os sistemas de sa\u00fade dos pa\u00edses parceiros demonstravam uma crescente necessidade de inova\u00e7\u00e3o digital. Entre os desafios identificados estavam a interoperabilidade de dados, a desmaterializa\u00e7\u00e3o de processos, o uso da intelig\u00eancia artificial (IA), a monitoriza\u00e7\u00e3o remota de doentes e a telemedicina. O cons\u00f3rcio do projeto, liderado pelo ISEP (P.PORTO), re\u00fane especialistas de seis pa\u00edses europeus com compet\u00eancias multidisciplinares para desenvolver cursos de forma\u00e7\u00e3o cont\u00ednua, abordando desde conhecimentos t\u00e9cnicos em medicina at\u00e9 compet\u00eancias em resili\u00eancia emocional, lideran\u00e7a, trabalho em equipa e digitaliza\u00e7\u00e3o.<\/p>\n\n\n\n<p><strong>Aprendizagem digital ao servi\u00e7o da sa\u00fade <\/strong><\/p>\n\n\n\n<p>O e-Hospital4Future disponibiliza atualmente 19 cursos\/m\u00f3dulos de forma\u00e7\u00e3o em formato e-learning, desenvolvidos para hospitais e unidades de sa\u00fade. Estes cursos abordam compet\u00eancias: <\/p>\n\n\n\n<p>\u2022 Sociais \u2013 Lideran\u00e7a, gest\u00e3o do stress e trabalho em equipa. <\/p>\n\n\n\n<p>\u2022 Digitais \u2013 Sa\u00fade digital, data-driven healthcare, governance digital e Internet of Medical Things.<\/p>\n\n\n\n<p> \u2022 T\u00e9cnicas \u2013 Uso de intelig\u00eancia artificial e realidade mista em cirurgia, utiliza\u00e7\u00e3o de pacemakers e ECMO, entre outras. Os conte\u00fados do concurso est\u00e3o dispon\u00edveis numa plataforma digital de acesso livre: <a class=\"\" href=\"https:\/\/eh4future.eu\/\">https:\/\/eh4future.eu\/<\/a>.<\/p>\n\n\n\n<figure class=\"wp-block-image aligncenter is-resized\"><img loading=\"lazy\" decoding=\"async\" width=\"2560\" height=\"1706\" src=\"http:\/\/perspetivaatual.pt\/wp-content\/uploads\/2025\/04\/IMG_5342-scaled.jpg\" alt=\"\" class=\"wp-image-4537\" style=\"width:576px;height:auto\" srcset=\"http:\/\/perspetivaatual.pt\/wp-content\/uploads\/2025\/04\/IMG_5342-scaled.jpg 2560w, http:\/\/perspetivaatual.pt\/wp-content\/uploads\/2025\/04\/IMG_5342-300x200.jpg 300w, http:\/\/perspetivaatual.pt\/wp-content\/uploads\/2025\/04\/IMG_5342-1024x683.jpg 1024w, http:\/\/perspetivaatual.pt\/wp-content\/uploads\/2025\/04\/IMG_5342-768x512.jpg 768w, http:\/\/perspetivaatual.pt\/wp-content\/uploads\/2025\/04\/IMG_5342-1536x1024.jpg 1536w, http:\/\/perspetivaatual.pt\/wp-content\/uploads\/2025\/04\/IMG_5342-2048x1365.jpg 2048w, http:\/\/perspetivaatual.pt\/wp-content\/uploads\/2025\/04\/IMG_5342-675x450.jpg 675w\" sizes=\"auto, (max-width: 2560px) 100vw, 2560px\" \/><\/figure>\n\n\n\n<p><strong>Colabora\u00e7\u00e3o internacional para um futuro digital <\/strong><\/p>\n\n\n\n<p>O projeto conta com 10 institui\u00e7\u00f5es de oito pa\u00edses europeus, incluindo universidades, centros tecnol\u00f3gicos, hospitais e institui\u00e7\u00f5es de sa\u00fade p\u00fablica, que trabalham em conjunto para transformar a forma\u00e7\u00e3o digital na \u00e1rea da sa\u00fade. A coordenadora do projeto, Ana Madureira, destaca que esta iniciativa representa \u201cum esfor\u00e7o europeu significativo para criar solu\u00e7\u00f5es de aprendizagem flex\u00edveis e eficazes, respondendo aos desafios di\u00e1rios dos profissionais de sa\u00fade\u201d.<\/p>\n\n\n\n<p><strong>Cons\u00f3rcio do e-Hospital4Future:<\/strong><\/p>\n\n\n\n<div class=\"wp-block-blockspare-blockspare-container alignfull blockspare-70c3c43b-dc25-4\" blockspare-animation=\"\"><style>.blockspare-70c3c43b-dc25-4 > .blockspare-block-container-wrapper{background-color:#f9f9f9;padding-top:20px;padding-right:20px;padding-bottom:20px;padding-left:20px;margin-top:30px;margin-right:0px;margin-bottom:30px;margin-left:0px;border-radius:0}.blockspare-70c3c43b-dc25-4 .blockspare-image-wrap{background-image:none}<\/style><div class=\"blockspare-block-container-wrapper blockspare-hover-item\"><div class=\"blockspare-container-background blockspare-image-wrap has-background-opacity-100 has-background-opacity\"><\/div><div class=\"blockspare-container\"><div class=\"blockspare-inner-blocks blockspare-inner-wrapper-blocks\">\n<div class=\"wp-block-group is-layout-grid wp-container-core-group-is-layout-1 wp-block-group-is-layout-grid\">\n<p>\u2022 Universidades e centros tecnol\u00f3gicos \u2013 ISEP (Coordena\u00e7\u00e3o, Portugal), Universidade Nova de Lisboa (Portugal), Hogeschool PXL (B\u00e9lgica), Fundaci\u00f3 EURECAT (Espanha), Universidade de N\u00e1poles Federico II (It\u00e1lia) e Molde University College (Noruega).<\/p>\n\n\n\n<p class=\"wp-container-content-1\">\u2022 Institui\u00e7\u00e3o de sa\u00fade p\u00fablica \u2013 Institute for Public Health of Federation of Bosnia and Herzegovina.<\/p>\n\n\n\n<p>\u2022 Hospitais \u2013 Centro Hospitalar Universit\u00e1rio de Santo Ant\u00f3nio (Portugal), Paula Stradina Kliniska Universitates Slimnica (Let\u00f3nia) e Vilniaus Universiteto Ligonine Santaros Klinikos (Litu\u00e2nia).<\/p>\n<\/div>\n<\/div><\/div><\/div><\/div>\n\n\n\n<p><\/p>\n","protected":false},"excerpt":{"rendered":"<p>O projeto e-Hospital4Future \u2013 Building the future through an innovative and digitally skilled hospital, apoiado<\/p>\n","protected":false},"author":11,"featured_media":4536,"comment_status":"open","ping_status":"open","sticky":false,"template":"","format":"standard","meta":{"footnotes":""},"categories":[165,4],"tags":[682,683,684,681],"class_list":["post-4533","post","type-post","status-publish","format-standard","has-post-thumbnail","hentry","category-investigacao","category-saude","tag-anamadureira","tag-e-hospital4future","tag-investigacao-3","tag-isep"],"yoast_head":"<!-- This site is optimized with the Yoast SEO plugin v24.2 - https:\/\/yoast.com\/wordpress\/plugins\/seo\/ -->\n<title>ISEP lidera projeto europeue-Hospital4Future - Perspetiva Atual<\/title>\n<meta name=\"description\" content=\"O projeto e-Hospital4Future \u2013 Building the future through an innovative and digitally skilled hospital, apoiado pela Uni\u00e3o Europeia...\" \/>\n<meta name=\"robots\" content=\"index, follow, max-snippet:-1, max-image-preview:large, max-video-preview:-1\" \/>\n<link rel=\"canonical\" href=\"http:\/\/perspetivaatual.pt\/index.php\/2025\/04\/24\/isep-lidera-projeto-europeue-hospital4future\/\" \/>\n<meta property=\"og:locale\" content=\"pt_PT\" \/>\n<meta property=\"og:type\" content=\"article\" \/>\n<meta property=\"og:title\" content=\"ISEP lidera projeto europeue-Hospital4Future - Perspetiva Atual\" \/>\n<meta property=\"og:description\" content=\"O projeto e-Hospital4Future \u2013 Building the future through an innovative and digitally skilled hospital, apoiado pela Uni\u00e3o Europeia...\" \/>\n<meta property=\"og:url\" content=\"http:\/\/perspetivaatual.pt\/index.php\/2025\/04\/24\/isep-lidera-projeto-europeue-hospital4future\/\" \/>\n<meta property=\"og:site_name\" content=\"Perspetiva Atual\" \/>\n<meta property=\"article:published_time\" content=\"2025-04-24T07:00:00+00:00\" \/>\n<meta property=\"article:modified_time\" content=\"2025-04-17T14:56:49+00:00\" \/>\n<meta property=\"og:image\" content=\"http:\/\/perspetivaatual.pt\/wp-content\/uploads\/2025\/04\/IMG_7393-scaled.jpg\" \/>\n\t<meta property=\"og:image:width\" content=\"2560\" \/>\n\t<meta property=\"og:image:height\" content=\"1706\" \/>\n\t<meta property=\"og:image:type\" content=\"image\/jpeg\" \/>\n<meta name=\"author\" content=\"Vitoria Girao\" \/>\n<meta name=\"twitter:card\" content=\"summary_large_image\" \/>\n<meta name=\"twitter:label1\" content=\"Escrito por\" \/>\n\t<meta name=\"twitter:data1\" content=\"\" \/>\n\t<meta name=\"twitter:label2\" content=\"Tempo estimado de leitura\" \/>\n\t<meta name=\"twitter:data2\" content=\"4 minutos\" \/>\n<script type=\"application\/ld+json\" class=\"yoast-schema-graph\">{\"@context\":\"https:\/\/schema.org\",\"@graph\":[{\"@type\":\"Article\",\"@id\":\"http:\/\/perspetivaatual.pt\/index.php\/2025\/04\/24\/isep-lidera-projeto-europeue-hospital4future\/#article\",\"isPartOf\":{\"@id\":\"http:\/\/perspetivaatual.pt\/index.php\/2025\/04\/24\/isep-lidera-projeto-europeue-hospital4future\/\"},\"author\":{\"name\":\"Vitoria Girao\",\"@id\":\"https:\/\/perspetivaatual.pt\/#\/schema\/person\/c90e8e11129f189f1b7588bf2888f8b5\"},\"headline\":\"ISEP lidera projeto europeue-Hospital4Future\",\"datePublished\":\"2025-04-24T07:00:00+00:00\",\"dateModified\":\"2025-04-17T14:56:49+00:00\",\"mainEntityOfPage\":{\"@id\":\"http:\/\/perspetivaatual.pt\/index.php\/2025\/04\/24\/isep-lidera-projeto-europeue-hospital4future\/\"},\"wordCount\":618,\"commentCount\":0,\"publisher\":{\"@id\":\"https:\/\/perspetivaatual.pt\/#organization\"},\"image\":{\"@id\":\"http:\/\/perspetivaatual.pt\/index.php\/2025\/04\/24\/isep-lidera-projeto-europeue-hospital4future\/#primaryimage\"},\"thumbnailUrl\":\"http:\/\/perspetivaatual.pt\/wp-content\/uploads\/2025\/04\/IMG_7393-scaled.jpg\",\"keywords\":[\"#anamadureira\",\"#e-Hospital4Future\",\"#investiga\u00e7\u00e3o\",\"#isep\"],\"articleSection\":[\"Investiga\u00e7\u00e3o\",\"Sa\u00fade\"],\"inLanguage\":\"pt-PT\",\"potentialAction\":[{\"@type\":\"CommentAction\",\"name\":\"Comment\",\"target\":[\"http:\/\/perspetivaatual.pt\/index.php\/2025\/04\/24\/isep-lidera-projeto-europeue-hospital4future\/#respond\"]}]},{\"@type\":\"WebPage\",\"@id\":\"http:\/\/perspetivaatual.pt\/index.php\/2025\/04\/24\/isep-lidera-projeto-europeue-hospital4future\/\",\"url\":\"http:\/\/perspetivaatual.pt\/index.php\/2025\/04\/24\/isep-lidera-projeto-europeue-hospital4future\/\",\"name\":\"ISEP lidera projeto europeue-Hospital4Future - Perspetiva Atual\",\"isPartOf\":{\"@id\":\"https:\/\/perspetivaatual.pt\/#website\"},\"primaryImageOfPage\":{\"@id\":\"http:\/\/perspetivaatual.pt\/index.php\/2025\/04\/24\/isep-lidera-projeto-europeue-hospital4future\/#primaryimage\"},\"image\":{\"@id\":\"http:\/\/perspetivaatual.pt\/index.php\/2025\/04\/24\/isep-lidera-projeto-europeue-hospital4future\/#primaryimage\"},\"thumbnailUrl\":\"http:\/\/perspetivaatual.pt\/wp-content\/uploads\/2025\/04\/IMG_7393-scaled.jpg\",\"datePublished\":\"2025-04-24T07:00:00+00:00\",\"dateModified\":\"2025-04-17T14:56:49+00:00\",\"description\":\"O projeto e-Hospital4Future \u2013 Building the future through an innovative and digitally skilled hospital, apoiado pela Uni\u00e3o Europeia...\",\"breadcrumb\":{\"@id\":\"http:\/\/perspetivaatual.pt\/index.php\/2025\/04\/24\/isep-lidera-projeto-europeue-hospital4future\/#breadcrumb\"},\"inLanguage\":\"pt-PT\",\"potentialAction\":[{\"@type\":\"ReadAction\",\"target\":[\"http:\/\/perspetivaatual.pt\/index.php\/2025\/04\/24\/isep-lidera-projeto-europeue-hospital4future\/\"]}]},{\"@type\":\"ImageObject\",\"inLanguage\":\"pt-PT\",\"@id\":\"http:\/\/perspetivaatual.pt\/index.php\/2025\/04\/24\/isep-lidera-projeto-europeue-hospital4future\/#primaryimage\",\"url\":\"http:\/\/perspetivaatual.pt\/wp-content\/uploads\/2025\/04\/IMG_7393-scaled.jpg\",\"contentUrl\":\"http:\/\/perspetivaatual.pt\/wp-content\/uploads\/2025\/04\/IMG_7393-scaled.jpg\",\"width\":2560,\"height\":1706},{\"@type\":\"BreadcrumbList\",\"@id\":\"http:\/\/perspetivaatual.pt\/index.php\/2025\/04\/24\/isep-lidera-projeto-europeue-hospital4future\/#breadcrumb\",\"itemListElement\":[{\"@type\":\"ListItem\",\"position\":1,\"name\":\"Home\",\"item\":\"https:\/\/perspetivaatual.pt\/\"},{\"@type\":\"ListItem\",\"position\":2,\"name\":\"ISEP lidera projeto europeue-Hospital4Future\"}]},{\"@type\":\"WebSite\",\"@id\":\"https:\/\/perspetivaatual.pt\/#website\",\"url\":\"https:\/\/perspetivaatual.pt\/\",\"name\":\"Perspetiva Atual\",\"description\":\"Olhar Portugal, de diferentes formas\",\"publisher\":{\"@id\":\"https:\/\/perspetivaatual.pt\/#organization\"},\"potentialAction\":[{\"@type\":\"SearchAction\",\"target\":{\"@type\":\"EntryPoint\",\"urlTemplate\":\"https:\/\/perspetivaatual.pt\/?s={search_term_string}\"},\"query-input\":{\"@type\":\"PropertyValueSpecification\",\"valueRequired\":true,\"valueName\":\"search_term_string\"}}],\"inLanguage\":\"pt-PT\"},{\"@type\":\"Organization\",\"@id\":\"https:\/\/perspetivaatual.pt\/#organization\",\"name\":\"Perspetiva Atual\",\"url\":\"https:\/\/perspetivaatual.pt\/\",\"logo\":{\"@type\":\"ImageObject\",\"inLanguage\":\"pt-PT\",\"@id\":\"https:\/\/perspetivaatual.pt\/#\/schema\/logo\/image\/\",\"url\":\"http:\/\/perspetivaatual.pt\/wp-content\/uploads\/2020\/08\/cropped-perspetiva_atual-.png\",\"contentUrl\":\"http:\/\/perspetivaatual.pt\/wp-content\/uploads\/2020\/08\/cropped-perspetiva_atual-.png\",\"width\":618,\"height\":202,\"caption\":\"Perspetiva Atual\"},\"image\":{\"@id\":\"https:\/\/perspetivaatual.pt\/#\/schema\/logo\/image\/\"}},{\"@type\":\"Person\",\"@id\":\"https:\/\/perspetivaatual.pt\/#\/schema\/person\/c90e8e11129f189f1b7588bf2888f8b5\",\"name\":\"Vitoria Girao\",\"image\":{\"@type\":\"ImageObject\",\"inLanguage\":\"pt-PT\",\"@id\":\"https:\/\/perspetivaatual.pt\/#\/schema\/person\/image\/\",\"url\":\"https:\/\/secure.gravatar.com\/avatar\/7a4a232c077ec4326004bec18e9d4616?s=96&d=mm&r=g\",\"contentUrl\":\"https:\/\/secure.gravatar.com\/avatar\/7a4a232c077ec4326004bec18e9d4616?s=96&d=mm&r=g\",\"caption\":\"Vitoria Girao\"},\"url\":\"http:\/\/perspetivaatual.pt\/index.php\/author\/vitoria-girao\/\"}]}<\/script>\n<!-- \/ Yoast SEO plugin. -->","yoast_head_json":{"title":"ISEP lidera projeto europeue-Hospital4Future - Perspetiva Atual","description":"O projeto e-Hospital4Future \u2013 Building the future through an innovative and digitally skilled hospital, apoiado pela Uni\u00e3o Europeia...","robots":{"index":"index","follow":"follow","max-snippet":"max-snippet:-1","max-image-preview":"max-image-preview:large","max-video-preview":"max-video-preview:-1"},"canonical":"http:\/\/perspetivaatual.pt\/index.php\/2025\/04\/24\/isep-lidera-projeto-europeue-hospital4future\/","og_locale":"pt_PT","og_type":"article","og_title":"ISEP lidera projeto europeue-Hospital4Future - Perspetiva Atual","og_description":"O projeto e-Hospital4Future \u2013 Building the future through an innovative and digitally skilled hospital, apoiado pela Uni\u00e3o Europeia...","og_url":"http:\/\/perspetivaatual.pt\/index.php\/2025\/04\/24\/isep-lidera-projeto-europeue-hospital4future\/","og_site_name":"Perspetiva Atual","article_published_time":"2025-04-24T07:00:00+00:00","article_modified_time":"2025-04-17T14:56:49+00:00","og_image":[{"width":2560,"height":1706,"url":"http:\/\/perspetivaatual.pt\/wp-content\/uploads\/2025\/04\/IMG_7393-scaled.jpg","type":"image\/jpeg"}],"author":"Vitoria Girao","twitter_card":"summary_large_image","twitter_misc":{"Escrito por":false,"Tempo estimado de leitura":"4 minutos"},"schema":{"@context":"https:\/\/schema.org","@graph":[{"@type":"Article","@id":"http:\/\/perspetivaatual.pt\/index.php\/2025\/04\/24\/isep-lidera-projeto-europeue-hospital4future\/#article","isPartOf":{"@id":"http:\/\/perspetivaatual.pt\/index.php\/2025\/04\/24\/isep-lidera-projeto-europeue-hospital4future\/"},"author":{"name":"Vitoria Girao","@id":"https:\/\/perspetivaatual.pt\/#\/schema\/person\/c90e8e11129f189f1b7588bf2888f8b5"},"headline":"ISEP lidera projeto europeue-Hospital4Future","datePublished":"2025-04-24T07:00:00+00:00","dateModified":"2025-04-17T14:56:49+00:00","mainEntityOfPage":{"@id":"http:\/\/perspetivaatual.pt\/index.php\/2025\/04\/24\/isep-lidera-projeto-europeue-hospital4future\/"},"wordCount":618,"commentCount":0,"publisher":{"@id":"https:\/\/perspetivaatual.pt\/#organization"},"image":{"@id":"http:\/\/perspetivaatual.pt\/index.php\/2025\/04\/24\/isep-lidera-projeto-europeue-hospital4future\/#primaryimage"},"thumbnailUrl":"http:\/\/perspetivaatual.pt\/wp-content\/uploads\/2025\/04\/IMG_7393-scaled.jpg","keywords":["#anamadureira","#e-Hospital4Future","#investiga\u00e7\u00e3o","#isep"],"articleSection":["Investiga\u00e7\u00e3o","Sa\u00fade"],"inLanguage":"pt-PT","potentialAction":[{"@type":"CommentAction","name":"Comment","target":["http:\/\/perspetivaatual.pt\/index.php\/2025\/04\/24\/isep-lidera-projeto-europeue-hospital4future\/#respond"]}]},{"@type":"WebPage","@id":"http:\/\/perspetivaatual.pt\/index.php\/2025\/04\/24\/isep-lidera-projeto-europeue-hospital4future\/","url":"http:\/\/perspetivaatual.pt\/index.php\/2025\/04\/24\/isep-lidera-projeto-europeue-hospital4future\/","name":"ISEP lidera projeto europeue-Hospital4Future - Perspetiva Atual","isPartOf":{"@id":"https:\/\/perspetivaatual.pt\/#website"},"primaryImageOfPage":{"@id":"http:\/\/perspetivaatual.pt\/index.php\/2025\/04\/24\/isep-lidera-projeto-europeue-hospital4future\/#primaryimage"},"image":{"@id":"http:\/\/perspetivaatual.pt\/index.php\/2025\/04\/24\/isep-lidera-projeto-europeue-hospital4future\/#primaryimage"},"thumbnailUrl":"http:\/\/perspetivaatual.pt\/wp-content\/uploads\/2025\/04\/IMG_7393-scaled.jpg","datePublished":"2025-04-24T07:00:00+00:00","dateModified":"2025-04-17T14:56:49+00:00","description":"O projeto e-Hospital4Future \u2013 Building the future through an innovative and digitally skilled hospital, apoiado pela Uni\u00e3o Europeia...","breadcrumb":{"@id":"http:\/\/perspetivaatual.pt\/index.php\/2025\/04\/24\/isep-lidera-projeto-europeue-hospital4future\/#breadcrumb"},"inLanguage":"pt-PT","potentialAction":[{"@type":"ReadAction","target":["http:\/\/perspetivaatual.pt\/index.php\/2025\/04\/24\/isep-lidera-projeto-europeue-hospital4future\/"]}]},{"@type":"ImageObject","inLanguage":"pt-PT","@id":"http:\/\/perspetivaatual.pt\/index.php\/2025\/04\/24\/isep-lidera-projeto-europeue-hospital4future\/#primaryimage","url":"http:\/\/perspetivaatual.pt\/wp-content\/uploads\/2025\/04\/IMG_7393-scaled.jpg","contentUrl":"http:\/\/perspetivaatual.pt\/wp-content\/uploads\/2025\/04\/IMG_7393-scaled.jpg","width":2560,"height":1706},{"@type":"BreadcrumbList","@id":"http:\/\/perspetivaatual.pt\/index.php\/2025\/04\/24\/isep-lidera-projeto-europeue-hospital4future\/#breadcrumb","itemListElement":[{"@type":"ListItem","position":1,"name":"Home","item":"https:\/\/perspetivaatual.pt\/"},{"@type":"ListItem","position":2,"name":"ISEP lidera projeto europeue-Hospital4Future"}]},{"@type":"WebSite","@id":"https:\/\/perspetivaatual.pt\/#website","url":"https:\/\/perspetivaatual.pt\/","name":"Perspetiva Atual","description":"Olhar Portugal, de diferentes formas","publisher":{"@id":"https:\/\/perspetivaatual.pt\/#organization"},"potentialAction":[{"@type":"SearchAction","target":{"@type":"EntryPoint","urlTemplate":"https:\/\/perspetivaatual.pt\/?s={search_term_string}"},"query-input":{"@type":"PropertyValueSpecification","valueRequired":true,"valueName":"search_term_string"}}],"inLanguage":"pt-PT"},{"@type":"Organization","@id":"https:\/\/perspetivaatual.pt\/#organization","name":"Perspetiva Atual","url":"https:\/\/perspetivaatual.pt\/","logo":{"@type":"ImageObject","inLanguage":"pt-PT","@id":"https:\/\/perspetivaatual.pt\/#\/schema\/logo\/image\/","url":"http:\/\/perspetivaatual.pt\/wp-content\/uploads\/2020\/08\/cropped-perspetiva_atual-.png","contentUrl":"http:\/\/perspetivaatual.pt\/wp-content\/uploads\/2020\/08\/cropped-perspetiva_atual-.png","width":618,"height":202,"caption":"Perspetiva Atual"},"image":{"@id":"https:\/\/perspetivaatual.pt\/#\/schema\/logo\/image\/"}},{"@type":"Person","@id":"https:\/\/perspetivaatual.pt\/#\/schema\/person\/c90e8e11129f189f1b7588bf2888f8b5","name":"Vitoria Girao","image":{"@type":"ImageObject","inLanguage":"pt-PT","@id":"https:\/\/perspetivaatual.pt\/#\/schema\/person\/image\/","url":"https:\/\/secure.gravatar.com\/avatar\/7a4a232c077ec4326004bec18e9d4616?s=96&d=mm&r=g","contentUrl":"https:\/\/secure.gravatar.com\/avatar\/7a4a232c077ec4326004bec18e9d4616?s=96&d=mm&r=g","caption":"Vitoria Girao"},"url":"http:\/\/perspetivaatual.pt\/index.php\/author\/vitoria-girao\/"}]}},"featured_image_urls":{"full":["http:\/\/perspetivaatual.pt\/wp-content\/uploads\/2025\/04\/IMG_7393-scaled.jpg",2560,1706,false],"thumbnail":["http:\/\/perspetivaatual.pt\/wp-content\/uploads\/2025\/04\/IMG_7393-150x150.jpg",150,150,true],"medium":["http:\/\/perspetivaatual.pt\/wp-content\/uploads\/2025\/04\/IMG_7393-300x200.jpg",300,200,true],"medium_large":["http:\/\/perspetivaatual.pt\/wp-content\/uploads\/2025\/04\/IMG_7393-768x512.jpg",640,427,true],"large":["http:\/\/perspetivaatual.pt\/wp-content\/uploads\/2025\/04\/IMG_7393-1024x683.jpg",640,427,true],"1536x1536":["http:\/\/perspetivaatual.pt\/wp-content\/uploads\/2025\/04\/IMG_7393-1536x1024.jpg",1536,1024,true],"2048x2048":["http:\/\/perspetivaatual.pt\/wp-content\/uploads\/2025\/04\/IMG_7393-2048x1365.jpg",2048,1365,true],"magazine-7-slider-full":["http:\/\/perspetivaatual.pt\/wp-content\/uploads\/2025\/04\/IMG_7393-1536x1020.jpg",1536,1020,true],"magazine-7-slider-center":["http:\/\/perspetivaatual.pt\/wp-content\/uploads\/2025\/04\/IMG_7393-936x897.jpg",936,897,true],"magazine-7-featured":["http:\/\/perspetivaatual.pt\/wp-content\/uploads\/2025\/04\/IMG_7393-1024x683.jpg",1024,683,true],"magazine-7-medium":["http:\/\/perspetivaatual.pt\/wp-content\/uploads\/2025\/04\/IMG_7393-720x380.jpg",720,380,true],"magazine-7-medium-square":["http:\/\/perspetivaatual.pt\/wp-content\/uploads\/2025\/04\/IMG_7393-675x450.jpg",675,450,true],"rpwe-thumbnail":["http:\/\/perspetivaatual.pt\/wp-content\/uploads\/2025\/04\/IMG_7393-45x45.jpg",45,45,true]},"author_info":{"info":[false]},"category_info":"<a href=\"http:\/\/perspetivaatual.pt\/index.php\/category\/investigacao\/\" rel=\"category tag\">Investiga\u00e7\u00e3o<\/a> <a href=\"http:\/\/perspetivaatual.pt\/index.php\/category\/saude\/\" rel=\"category tag\">Sa\u00fade<\/a>","tag_info":"Sa\u00fade","comment_count":"0","_links":{"self":[{"href":"http:\/\/perspetivaatual.pt\/index.php\/wp-json\/wp\/v2\/posts\/4533","targetHints":{"allow":["GET"]}}],"collection":[{"href":"http:\/\/perspetivaatual.pt\/index.php\/wp-json\/wp\/v2\/posts"}],"about":[{"href":"http:\/\/perspetivaatual.pt\/index.php\/wp-json\/wp\/v2\/types\/post"}],"author":[{"embeddable":true,"href":"http:\/\/perspetivaatual.pt\/index.php\/wp-json\/wp\/v2\/users\/11"}],"replies":[{"embeddable":true,"href":"http:\/\/perspetivaatual.pt\/index.php\/wp-json\/wp\/v2\/comments?post=4533"}],"version-history":[{"count":0,"href":"http:\/\/perspetivaatual.pt\/index.php\/wp-json\/wp\/v2\/posts\/4533\/revisions"}],"wp:featuredmedia":[{"embeddable":true,"href":"http:\/\/perspetivaatual.pt\/index.php\/wp-json\/wp\/v2\/media\/4536"}],"wp:attachment":[{"href":"http:\/\/perspetivaatual.pt\/index.php\/wp-json\/wp\/v2\/media?parent=4533"}],"wp:term":[{"taxonomy":"category","embeddable":true,"href":"http:\/\/perspetivaatual.pt\/index.php\/wp-json\/wp\/v2\/categories?post=4533"},{"taxonomy":"post_tag","embeddable":true,"href":"http:\/\/perspetivaatual.pt\/index.php\/wp-json\/wp\/v2\/tags?post=4533"}],"curies":[{"name":"wp","href":"https:\/\/api.w.org\/{rel}","templated":true}]}}