{"id":4701,"date":"2025-06-06T07:00:00","date_gmt":"2025-06-06T07:00:00","guid":{"rendered":"https:\/\/perspetivaatual.pt\/?p=4701"},"modified":"2025-06-06T08:47:02","modified_gmt":"2025-06-06T08:47:02","slug":"cineicc-destaca-se-na-neuropsicologia-e-intervencao-cognitivo-comportamental","status":"publish","type":"post","link":"http:\/\/perspetivaatual.pt\/index.php\/2025\/06\/06\/cineicc-destaca-se-na-neuropsicologia-e-intervencao-cognitivo-comportamental\/","title":{"rendered":"CINEICC destaca-se na neuropsicologia e interven\u00e7\u00e3o cognitivo-comportamental"},"content":{"rendered":"\n<p><strong>O CINEICC da Faculdade de Psicologia e de Ci\u00eancias da Educa\u00e7\u00e3o da Universidade de Coimbra, dedicado ao estudo da neuropsicologia e da interven\u00e7\u00e3o cognitivo-comportamental, tem vindo a obter classifica\u00e7\u00f5es de excel\u00eancia atribu\u00eddas pela Funda\u00e7\u00e3o para a Ci\u00eancia e a Tecnologia, desde a sua funda\u00e7\u00e3o, em 2003. Organizado em quatro grupos de investiga\u00e7\u00e3o, a unidade desenvolve investiga\u00e7\u00e3o fundamental e aplicada, nas \u00e1reas da neuroci\u00eancia cognitiva, sa\u00fade mental, avalia\u00e7\u00e3o neuropsicol\u00f3gica e interven\u00e7\u00f5es baseadas em evid\u00eancia.<\/strong><\/p>\n\n\n\n<p>O CINEICC \u2013 Centro de Investiga\u00e7\u00e3o em Neuropsicologia e Interven\u00e7\u00e3o Cognitivo-Comportamental \u00e9 uma Unidade de I&amp;D da Faculdade de Psicologia e de Ci\u00eancias da Educa\u00e7\u00e3o da Universidade de Coimbra (FPCE-UC), fundado em 2003, reconhecido nacional e internacionalmente como um centro de excel\u00eancia na \u00e1rea da Psicologia. O volume da investiga\u00e7\u00e3o na FPCE-UC tem crescido exponencialmente nos \u00faltimos anos, em muito devido ao dinamismo do CINEICC e \u00e0 elevada intensidade laboratorial da investiga\u00e7\u00e3o aqui produzida.<\/p>\n\n\n\n<p>Nos \u00faltimos 3 exerc\u00edcios de avalia\u00e7\u00e3o das Unidades de Investiga\u00e7\u00e3o pela FCT, o CINEICC tem alcan\u00e7ado sempre o patamar de Excelente, classifica\u00e7\u00e3o que tamb\u00e9m recebeu na avalia\u00e7\u00e3o que se est\u00e1 a concluir este ano.<\/p>\n\n\n\n<p>O CINEICC est\u00e1 organizado em 4 grupos de investiga\u00e7\u00e3o que, embora independentes, cooperam entre si sempre que os temas e projetos requerem um esfor\u00e7o colaborativo:<\/p>\n\n\n\n<ol class=\"wp-block-list\">\n<li>Processos e Interven\u00e7\u00f5es Cognitivo-Comportamentais;<\/li>\n\n\n\n<li>Rela\u00e7\u00f5es, Desenvolvimento &amp; Sa\u00fade;<\/li>\n\n\n\n<li>Avalia\u00e7\u00e3o e Interven\u00e7\u00f5es Neuropsicol\u00f3gicas; e<\/li>\n\n\n\n<li>Cogni\u00e7\u00e3o, C\u00e9rebro e Comportamento.<\/li>\n<\/ol>\n\n\n\n<p>Estes grupos cooperam na vis\u00e3o estrat\u00e9gica do CINEICC, promovendo um ambiente de investiga\u00e7\u00e3o colaborativo e projetos conjuntos.<\/p>\n\n\n\n<p>O CINEICC conta atualmente com 211 investigadores: 63 membros integrados e 148 colaboradores (dos quais 76 s\u00e3o estudantes de doutoramento).<\/p>\n\n\n\n<p>Centrando-se na investiga\u00e7\u00e3o fundamental e aplicada, o CINEICC visa contribuir para mudan\u00e7as de paradigma nas ci\u00eancias (neuro)psicol\u00f3gicas. Os seus objetivos incluem a investiga\u00e7\u00e3o de: processos neurais e cognitivos b\u00e1sicos que contribuem para a compreens\u00e3o de como o c\u00e9rebro gera experi\u00eancias mentais; fatores e processos (neuro)psicol\u00f3gicos na sa\u00fade, desenvolvimento e psicopatologia; interven\u00e7\u00f5es (neuro)psicol\u00f3gicas empiricamente validadas para a promo\u00e7\u00e3o da sa\u00fade e bem-estar em ambientes cl\u00ednicos e comunit\u00e1rios, ao longo do ciclo de vida; instrumentos de avalia\u00e7\u00e3o (neuro)psicol\u00f3gica; e transfer\u00eancia de conhecimento para implementa\u00e7\u00e3o de interven\u00e7\u00f5es baseadas em evid\u00eancia em contextos de sa\u00fade, educa\u00e7\u00e3o e noutras \u00e1reas de interven\u00e7\u00e3o psicol\u00f3gica.<\/p>\n\n\n\n<figure class=\"wp-block-image aligncenter is-resized\"><img loading=\"lazy\" decoding=\"async\" width=\"1536\" height=\"2048\" src=\"http:\/\/perspetivaatual.pt\/wp-content\/uploads\/2025\/05\/CINEICC_1.jpg\" alt=\"\" class=\"wp-image-4704\" style=\"width:525px;height:auto\" srcset=\"http:\/\/perspetivaatual.pt\/wp-content\/uploads\/2025\/05\/CINEICC_1.jpg 1536w, http:\/\/perspetivaatual.pt\/wp-content\/uploads\/2025\/05\/CINEICC_1-225x300.jpg 225w, http:\/\/perspetivaatual.pt\/wp-content\/uploads\/2025\/05\/CINEICC_1-768x1024.jpg 768w, http:\/\/perspetivaatual.pt\/wp-content\/uploads\/2025\/05\/CINEICC_1-1152x1536.jpg 1152w, http:\/\/perspetivaatual.pt\/wp-content\/uploads\/2025\/05\/CINEICC_1-1024x1365.jpg 1024w\" sizes=\"auto, (max-width: 1536px) 100vw, 1536px\" \/><\/figure>\n\n\n\n<p>O CINEICC acolhe projetos de grande relevo, que captaram elevados montantes de financiamento competitivo. Por exemplo, a ERC Starting Grant \u201cContentMAP\u201d recorre \u00e0 Neuroci\u00eancia Cognitiva para estudar como diferentes tipos de conhecimento e processos cognitivos s\u00e3o representados no c\u00e9rebro, com o objetivo de entender como o c\u00e9rebro processa as nossas experi\u00eancias mentais. Este continua a ser o primeiro e \u00fanico financiamento deste tipo na \u00e1rea da Psicologia em Portugal.<\/p>\n\n\n\n<p>Outros projetos que t\u00eam merecido reconhecimento por diversos stakeholders resultam de ensaios cl\u00ednicos j\u00e1 realizados, que visam promover a sa\u00fade mental em todas as transi\u00e7\u00f5es do ciclo de vida ou que validaram interven\u00e7\u00f5es para p\u00fablicos particularmente carenciados.<\/p>\n\n\n\n<p>Um desses exemplos \u00e9 o projeto BeaMom, um programa de interven\u00e7\u00e3o psicol\u00f3gica online que visa promover a sua sa\u00fade mental no per\u00edodo p\u00f3s-parto. Numa parceria estrat\u00e9gica entre a Universidade de Coimbra, a Coordena\u00e7\u00e3o Nacional das Pol\u00edticas de Sa\u00fade Mental e a Funda\u00e7\u00e3o Calouste Gulbenkian, este projeto destaca-se pela sua implementa\u00e7\u00e3o e dissemina\u00e7\u00e3o no Servi\u00e7o Nacional de Sa\u00fade.<\/p>\n\n\n\n<p>Noutro exemplo, destaca-se o Psychopathy.comp, um programa inovador, concebido para tratar agressores juvenis em contexto de justi\u00e7a atrav\u00e9s da promo\u00e7\u00e3o de uma mentalidade compassiva ao lidarem com o seu pr\u00f3prio sofrimento e com o sofrimento dos outros. Foi realizado um ensaio cl\u00ednico com jovens agressores detidos, que mereceu o reconhecimento do National Institute of Justice dos EUA, estando em curso um novo estudo de escala nacional na Finl\u00e2ndia, liderado pela Universidade de Hels\u00ednquia.<\/p>\n\n\n\n<p>O CINEICC conta ainda com uma unidade de transfer\u00eancia de conhecimento, a plataforma de servi\u00e7os UpC3 \u2013 Unidade de Psicologia Cl\u00ednica Cognitivo-Comportamental da UC, que oferece \u00e0 comunidade consultas e interven\u00e7\u00f5es psicol\u00f3gicas em diferentes formatos, permitindo disponibilizar tratamentos psicol\u00f3gicos empiricamente validados em projetos de investiga\u00e7\u00e3o do CINEICC.<\/p>\n\n\n\n<p>Salienta-se, por fim, que a din\u00e2mica de investiga\u00e7\u00e3o existente no CINEICC, em que todos colaboram e est\u00e3o dispon\u00edveis para integrar investigadores j\u00fanior em equipas com maior experi\u00eancia e expertise, tem-se tornado um marcador da qualidade do ensino oferecido na FPCE-UC e no despertar do interesse pela investiga\u00e7\u00e3o em diversas \u00e1reas da psicologia por parte dos estudantes desde o 1\u00ba ciclo de estudos.<\/p>\n\n\n\n<figure class=\"wp-block-image aligncenter is-resized\"><img loading=\"lazy\" decoding=\"async\" width=\"2560\" height=\"1654\" src=\"http:\/\/perspetivaatual.pt\/wp-content\/uploads\/2025\/05\/cineicc_mapas-scaled.jpg\" alt=\"\" class=\"wp-image-4705\" style=\"width:702px;height:auto\" srcset=\"http:\/\/perspetivaatual.pt\/wp-content\/uploads\/2025\/05\/cineicc_mapas-scaled.jpg 2560w, http:\/\/perspetivaatual.pt\/wp-content\/uploads\/2025\/05\/cineicc_mapas-300x194.jpg 300w, http:\/\/perspetivaatual.pt\/wp-content\/uploads\/2025\/05\/cineicc_mapas-1024x662.jpg 1024w, http:\/\/perspetivaatual.pt\/wp-content\/uploads\/2025\/05\/cineicc_mapas-768x496.jpg 768w, http:\/\/perspetivaatual.pt\/wp-content\/uploads\/2025\/05\/cineicc_mapas-1536x993.jpg 1536w, http:\/\/perspetivaatual.pt\/wp-content\/uploads\/2025\/05\/cineicc_mapas-2048x1323.jpg 2048w\" sizes=\"auto, (max-width: 2560px) 100vw, 2560px\" \/><\/figure>\n","protected":false},"excerpt":{"rendered":"<p>O CINEICC da Faculdade de Psicologia e de Ci\u00eancias da Educa\u00e7\u00e3o da Universidade de Coimbra,<\/p>\n","protected":false},"author":11,"featured_media":4703,"comment_status":"open","ping_status":"open","sticky":false,"template":"","format":"standard","meta":{"footnotes":""},"categories":[11,3,165],"tags":[766,758],"class_list":["post-4701","post","type-post","status-publish","format-standard","has-post-thumbnail","hentry","category-destaques","category-educacao","category-investigacao","tag-cineicc-centro-de-investigacao-em-neuropsicologia-e-intervencao-cognitivo-comportamental","tag-universidadedecoimbra"],"yoast_head":"<!-- This site is optimized with the Yoast SEO plugin v24.2 - https:\/\/yoast.com\/wordpress\/plugins\/seo\/ -->\n<title>CINEICC destaca-se na neuropsicologia e interven\u00e7\u00e3o cognitivo-comportamental - Perspetiva Atual<\/title>\n<meta name=\"description\" content=\"O CINEICC da Faculdade de Psicologia e de Ci\u00eancias da Educa\u00e7\u00e3o da Universidade de Coimbra, dedicado ao estudo da neuropsicologia e...\" \/>\n<meta name=\"robots\" content=\"index, follow, max-snippet:-1, max-image-preview:large, max-video-preview:-1\" \/>\n<link rel=\"canonical\" href=\"https:\/\/perspetivaatual.pt\/index.php\/2025\/06\/06\/cineicc-destaca-se-na-neuropsicologia-e-intervencao-cognitivo-comportamental\/\" \/>\n<meta property=\"og:locale\" content=\"pt_PT\" \/>\n<meta property=\"og:type\" content=\"article\" \/>\n<meta property=\"og:title\" content=\"CINEICC destaca-se na neuropsicologia e interven\u00e7\u00e3o cognitivo-comportamental - Perspetiva Atual\" \/>\n<meta property=\"og:description\" content=\"O CINEICC da Faculdade de Psicologia e de Ci\u00eancias da Educa\u00e7\u00e3o da Universidade de Coimbra, dedicado ao estudo da neuropsicologia e...\" \/>\n<meta property=\"og:url\" content=\"https:\/\/perspetivaatual.pt\/index.php\/2025\/06\/06\/cineicc-destaca-se-na-neuropsicologia-e-intervencao-cognitivo-comportamental\/\" \/>\n<meta property=\"og:site_name\" content=\"Perspetiva Atual\" \/>\n<meta property=\"article:published_time\" content=\"2025-06-06T07:00:00+00:00\" \/>\n<meta property=\"article:modified_time\" content=\"2025-06-06T08:47:02+00:00\" \/>\n<meta property=\"og:image\" content=\"https:\/\/perspetivaatual.pt\/wp-content\/uploads\/2025\/05\/CINEICC_2.webp\" \/>\n\t<meta property=\"og:image:width\" content=\"1250\" \/>\n\t<meta property=\"og:image:height\" content=\"833\" \/>\n\t<meta property=\"og:image:type\" content=\"image\/webp\" \/>\n<meta name=\"author\" content=\"Vitoria Girao\" \/>\n<meta name=\"twitter:card\" content=\"summary_large_image\" \/>\n<meta name=\"twitter:label1\" content=\"Escrito por\" \/>\n\t<meta name=\"twitter:data1\" content=\"\" \/>\n\t<meta name=\"twitter:label2\" content=\"Tempo estimado de leitura\" \/>\n\t<meta name=\"twitter:data2\" content=\"5 minutos\" \/>\n<script type=\"application\/ld+json\" class=\"yoast-schema-graph\">{\"@context\":\"https:\/\/schema.org\",\"@graph\":[{\"@type\":\"Article\",\"@id\":\"https:\/\/perspetivaatual.pt\/index.php\/2025\/06\/06\/cineicc-destaca-se-na-neuropsicologia-e-intervencao-cognitivo-comportamental\/#article\",\"isPartOf\":{\"@id\":\"https:\/\/perspetivaatual.pt\/index.php\/2025\/06\/06\/cineicc-destaca-se-na-neuropsicologia-e-intervencao-cognitivo-comportamental\/\"},\"author\":{\"name\":\"Vitoria Girao\",\"@id\":\"https:\/\/perspetivaatual.pt\/#\/schema\/person\/c90e8e11129f189f1b7588bf2888f8b5\"},\"headline\":\"CINEICC destaca-se na neuropsicologia e interven\u00e7\u00e3o cognitivo-comportamental\",\"datePublished\":\"2025-06-06T07:00:00+00:00\",\"dateModified\":\"2025-06-06T08:47:02+00:00\",\"mainEntityOfPage\":{\"@id\":\"https:\/\/perspetivaatual.pt\/index.php\/2025\/06\/06\/cineicc-destaca-se-na-neuropsicologia-e-intervencao-cognitivo-comportamental\/\"},\"wordCount\":820,\"commentCount\":0,\"publisher\":{\"@id\":\"https:\/\/perspetivaatual.pt\/#organization\"},\"image\":{\"@id\":\"https:\/\/perspetivaatual.pt\/index.php\/2025\/06\/06\/cineicc-destaca-se-na-neuropsicologia-e-intervencao-cognitivo-comportamental\/#primaryimage\"},\"thumbnailUrl\":\"http:\/\/perspetivaatual.pt\/wp-content\/uploads\/2025\/05\/CINEICC_2.webp\",\"keywords\":[\"#cineicc #Centro de Investiga\u00e7\u00e3o em Neuropsicologia e Interven\u00e7\u00e3o Cognitivo-Comportamental\",\"#universidadedecoimbra\"],\"articleSection\":[\"Destaques\",\"Educa\u00e7\u00e3o\",\"Investiga\u00e7\u00e3o\"],\"inLanguage\":\"pt-PT\",\"potentialAction\":[{\"@type\":\"CommentAction\",\"name\":\"Comment\",\"target\":[\"https:\/\/perspetivaatual.pt\/index.php\/2025\/06\/06\/cineicc-destaca-se-na-neuropsicologia-e-intervencao-cognitivo-comportamental\/#respond\"]}]},{\"@type\":\"WebPage\",\"@id\":\"https:\/\/perspetivaatual.pt\/index.php\/2025\/06\/06\/cineicc-destaca-se-na-neuropsicologia-e-intervencao-cognitivo-comportamental\/\",\"url\":\"https:\/\/perspetivaatual.pt\/index.php\/2025\/06\/06\/cineicc-destaca-se-na-neuropsicologia-e-intervencao-cognitivo-comportamental\/\",\"name\":\"CINEICC destaca-se na neuropsicologia e interven\u00e7\u00e3o cognitivo-comportamental - Perspetiva Atual\",\"isPartOf\":{\"@id\":\"https:\/\/perspetivaatual.pt\/#website\"},\"primaryImageOfPage\":{\"@id\":\"https:\/\/perspetivaatual.pt\/index.php\/2025\/06\/06\/cineicc-destaca-se-na-neuropsicologia-e-intervencao-cognitivo-comportamental\/#primaryimage\"},\"image\":{\"@id\":\"https:\/\/perspetivaatual.pt\/index.php\/2025\/06\/06\/cineicc-destaca-se-na-neuropsicologia-e-intervencao-cognitivo-comportamental\/#primaryimage\"},\"thumbnailUrl\":\"http:\/\/perspetivaatual.pt\/wp-content\/uploads\/2025\/05\/CINEICC_2.webp\",\"datePublished\":\"2025-06-06T07:00:00+00:00\",\"dateModified\":\"2025-06-06T08:47:02+00:00\",\"description\":\"O CINEICC da Faculdade de Psicologia e de Ci\u00eancias da Educa\u00e7\u00e3o da Universidade de Coimbra, dedicado ao estudo da neuropsicologia e...\",\"breadcrumb\":{\"@id\":\"https:\/\/perspetivaatual.pt\/index.php\/2025\/06\/06\/cineicc-destaca-se-na-neuropsicologia-e-intervencao-cognitivo-comportamental\/#breadcrumb\"},\"inLanguage\":\"pt-PT\",\"potentialAction\":[{\"@type\":\"ReadAction\",\"target\":[\"https:\/\/perspetivaatual.pt\/index.php\/2025\/06\/06\/cineicc-destaca-se-na-neuropsicologia-e-intervencao-cognitivo-comportamental\/\"]}]},{\"@type\":\"ImageObject\",\"inLanguage\":\"pt-PT\",\"@id\":\"https:\/\/perspetivaatual.pt\/index.php\/2025\/06\/06\/cineicc-destaca-se-na-neuropsicologia-e-intervencao-cognitivo-comportamental\/#primaryimage\",\"url\":\"http:\/\/perspetivaatual.pt\/wp-content\/uploads\/2025\/05\/CINEICC_2.webp\",\"contentUrl\":\"http:\/\/perspetivaatual.pt\/wp-content\/uploads\/2025\/05\/CINEICC_2.webp\",\"width\":1250,\"height\":833},{\"@type\":\"BreadcrumbList\",\"@id\":\"https:\/\/perspetivaatual.pt\/index.php\/2025\/06\/06\/cineicc-destaca-se-na-neuropsicologia-e-intervencao-cognitivo-comportamental\/#breadcrumb\",\"itemListElement\":[{\"@type\":\"ListItem\",\"position\":1,\"name\":\"Home\",\"item\":\"https:\/\/perspetivaatual.pt\/\"},{\"@type\":\"ListItem\",\"position\":2,\"name\":\"CINEICC destaca-se na neuropsicologia e interven\u00e7\u00e3o cognitivo-comportamental\"}]},{\"@type\":\"WebSite\",\"@id\":\"https:\/\/perspetivaatual.pt\/#website\",\"url\":\"https:\/\/perspetivaatual.pt\/\",\"name\":\"Perspetiva Atual\",\"description\":\"Olhar Portugal, de diferentes formas\",\"publisher\":{\"@id\":\"https:\/\/perspetivaatual.pt\/#organization\"},\"potentialAction\":[{\"@type\":\"SearchAction\",\"target\":{\"@type\":\"EntryPoint\",\"urlTemplate\":\"https:\/\/perspetivaatual.pt\/?s={search_term_string}\"},\"query-input\":{\"@type\":\"PropertyValueSpecification\",\"valueRequired\":true,\"valueName\":\"search_term_string\"}}],\"inLanguage\":\"pt-PT\"},{\"@type\":\"Organization\",\"@id\":\"https:\/\/perspetivaatual.pt\/#organization\",\"name\":\"Perspetiva Atual\",\"url\":\"https:\/\/perspetivaatual.pt\/\",\"logo\":{\"@type\":\"ImageObject\",\"inLanguage\":\"pt-PT\",\"@id\":\"https:\/\/perspetivaatual.pt\/#\/schema\/logo\/image\/\",\"url\":\"http:\/\/perspetivaatual.pt\/wp-content\/uploads\/2020\/08\/cropped-perspetiva_atual-.png\",\"contentUrl\":\"http:\/\/perspetivaatual.pt\/wp-content\/uploads\/2020\/08\/cropped-perspetiva_atual-.png\",\"width\":618,\"height\":202,\"caption\":\"Perspetiva Atual\"},\"image\":{\"@id\":\"https:\/\/perspetivaatual.pt\/#\/schema\/logo\/image\/\"}},{\"@type\":\"Person\",\"@id\":\"https:\/\/perspetivaatual.pt\/#\/schema\/person\/c90e8e11129f189f1b7588bf2888f8b5\",\"name\":\"Vitoria Girao\",\"image\":{\"@type\":\"ImageObject\",\"inLanguage\":\"pt-PT\",\"@id\":\"https:\/\/perspetivaatual.pt\/#\/schema\/person\/image\/\",\"url\":\"https:\/\/secure.gravatar.com\/avatar\/7a4a232c077ec4326004bec18e9d4616?s=96&d=mm&r=g\",\"contentUrl\":\"https:\/\/secure.gravatar.com\/avatar\/7a4a232c077ec4326004bec18e9d4616?s=96&d=mm&r=g\",\"caption\":\"Vitoria Girao\"},\"url\":\"http:\/\/perspetivaatual.pt\/index.php\/author\/vitoria-girao\/\"}]}<\/script>\n<!-- \/ Yoast SEO plugin. -->","yoast_head_json":{"title":"CINEICC destaca-se na neuropsicologia e interven\u00e7\u00e3o cognitivo-comportamental - Perspetiva Atual","description":"O CINEICC da Faculdade de Psicologia e de Ci\u00eancias da Educa\u00e7\u00e3o da Universidade de Coimbra, dedicado ao estudo da neuropsicologia e...","robots":{"index":"index","follow":"follow","max-snippet":"max-snippet:-1","max-image-preview":"max-image-preview:large","max-video-preview":"max-video-preview:-1"},"canonical":"https:\/\/perspetivaatual.pt\/index.php\/2025\/06\/06\/cineicc-destaca-se-na-neuropsicologia-e-intervencao-cognitivo-comportamental\/","og_locale":"pt_PT","og_type":"article","og_title":"CINEICC destaca-se na neuropsicologia e interven\u00e7\u00e3o cognitivo-comportamental - Perspetiva Atual","og_description":"O CINEICC da Faculdade de Psicologia e de Ci\u00eancias da Educa\u00e7\u00e3o da Universidade de Coimbra, dedicado ao estudo da neuropsicologia e...","og_url":"https:\/\/perspetivaatual.pt\/index.php\/2025\/06\/06\/cineicc-destaca-se-na-neuropsicologia-e-intervencao-cognitivo-comportamental\/","og_site_name":"Perspetiva Atual","article_published_time":"2025-06-06T07:00:00+00:00","article_modified_time":"2025-06-06T08:47:02+00:00","og_image":[{"width":1250,"height":833,"url":"https:\/\/perspetivaatual.pt\/wp-content\/uploads\/2025\/05\/CINEICC_2.webp","type":"image\/webp"}],"author":"Vitoria Girao","twitter_card":"summary_large_image","twitter_misc":{"Escrito por":false,"Tempo estimado de leitura":"5 minutos"},"schema":{"@context":"https:\/\/schema.org","@graph":[{"@type":"Article","@id":"https:\/\/perspetivaatual.pt\/index.php\/2025\/06\/06\/cineicc-destaca-se-na-neuropsicologia-e-intervencao-cognitivo-comportamental\/#article","isPartOf":{"@id":"https:\/\/perspetivaatual.pt\/index.php\/2025\/06\/06\/cineicc-destaca-se-na-neuropsicologia-e-intervencao-cognitivo-comportamental\/"},"author":{"name":"Vitoria Girao","@id":"https:\/\/perspetivaatual.pt\/#\/schema\/person\/c90e8e11129f189f1b7588bf2888f8b5"},"headline":"CINEICC destaca-se na neuropsicologia e interven\u00e7\u00e3o cognitivo-comportamental","datePublished":"2025-06-06T07:00:00+00:00","dateModified":"2025-06-06T08:47:02+00:00","mainEntityOfPage":{"@id":"https:\/\/perspetivaatual.pt\/index.php\/2025\/06\/06\/cineicc-destaca-se-na-neuropsicologia-e-intervencao-cognitivo-comportamental\/"},"wordCount":820,"commentCount":0,"publisher":{"@id":"https:\/\/perspetivaatual.pt\/#organization"},"image":{"@id":"https:\/\/perspetivaatual.pt\/index.php\/2025\/06\/06\/cineicc-destaca-se-na-neuropsicologia-e-intervencao-cognitivo-comportamental\/#primaryimage"},"thumbnailUrl":"http:\/\/perspetivaatual.pt\/wp-content\/uploads\/2025\/05\/CINEICC_2.webp","keywords":["#cineicc #Centro de Investiga\u00e7\u00e3o em Neuropsicologia e Interven\u00e7\u00e3o Cognitivo-Comportamental","#universidadedecoimbra"],"articleSection":["Destaques","Educa\u00e7\u00e3o","Investiga\u00e7\u00e3o"],"inLanguage":"pt-PT","potentialAction":[{"@type":"CommentAction","name":"Comment","target":["https:\/\/perspetivaatual.pt\/index.php\/2025\/06\/06\/cineicc-destaca-se-na-neuropsicologia-e-intervencao-cognitivo-comportamental\/#respond"]}]},{"@type":"WebPage","@id":"https:\/\/perspetivaatual.pt\/index.php\/2025\/06\/06\/cineicc-destaca-se-na-neuropsicologia-e-intervencao-cognitivo-comportamental\/","url":"https:\/\/perspetivaatual.pt\/index.php\/2025\/06\/06\/cineicc-destaca-se-na-neuropsicologia-e-intervencao-cognitivo-comportamental\/","name":"CINEICC destaca-se na neuropsicologia e interven\u00e7\u00e3o cognitivo-comportamental - Perspetiva Atual","isPartOf":{"@id":"https:\/\/perspetivaatual.pt\/#website"},"primaryImageOfPage":{"@id":"https:\/\/perspetivaatual.pt\/index.php\/2025\/06\/06\/cineicc-destaca-se-na-neuropsicologia-e-intervencao-cognitivo-comportamental\/#primaryimage"},"image":{"@id":"https:\/\/perspetivaatual.pt\/index.php\/2025\/06\/06\/cineicc-destaca-se-na-neuropsicologia-e-intervencao-cognitivo-comportamental\/#primaryimage"},"thumbnailUrl":"http:\/\/perspetivaatual.pt\/wp-content\/uploads\/2025\/05\/CINEICC_2.webp","datePublished":"2025-06-06T07:00:00+00:00","dateModified":"2025-06-06T08:47:02+00:00","description":"O CINEICC da Faculdade de Psicologia e de Ci\u00eancias da Educa\u00e7\u00e3o da Universidade de Coimbra, dedicado ao estudo da neuropsicologia e...","breadcrumb":{"@id":"https:\/\/perspetivaatual.pt\/index.php\/2025\/06\/06\/cineicc-destaca-se-na-neuropsicologia-e-intervencao-cognitivo-comportamental\/#breadcrumb"},"inLanguage":"pt-PT","potentialAction":[{"@type":"ReadAction","target":["https:\/\/perspetivaatual.pt\/index.php\/2025\/06\/06\/cineicc-destaca-se-na-neuropsicologia-e-intervencao-cognitivo-comportamental\/"]}]},{"@type":"ImageObject","inLanguage":"pt-PT","@id":"https:\/\/perspetivaatual.pt\/index.php\/2025\/06\/06\/cineicc-destaca-se-na-neuropsicologia-e-intervencao-cognitivo-comportamental\/#primaryimage","url":"http:\/\/perspetivaatual.pt\/wp-content\/uploads\/2025\/05\/CINEICC_2.webp","contentUrl":"http:\/\/perspetivaatual.pt\/wp-content\/uploads\/2025\/05\/CINEICC_2.webp","width":1250,"height":833},{"@type":"BreadcrumbList","@id":"https:\/\/perspetivaatual.pt\/index.php\/2025\/06\/06\/cineicc-destaca-se-na-neuropsicologia-e-intervencao-cognitivo-comportamental\/#breadcrumb","itemListElement":[{"@type":"ListItem","position":1,"name":"Home","item":"https:\/\/perspetivaatual.pt\/"},{"@type":"ListItem","position":2,"name":"CINEICC destaca-se na neuropsicologia e interven\u00e7\u00e3o cognitivo-comportamental"}]},{"@type":"WebSite","@id":"https:\/\/perspetivaatual.pt\/#website","url":"https:\/\/perspetivaatual.pt\/","name":"Perspetiva Atual","description":"Olhar Portugal, de diferentes formas","publisher":{"@id":"https:\/\/perspetivaatual.pt\/#organization"},"potentialAction":[{"@type":"SearchAction","target":{"@type":"EntryPoint","urlTemplate":"https:\/\/perspetivaatual.pt\/?s={search_term_string}"},"query-input":{"@type":"PropertyValueSpecification","valueRequired":true,"valueName":"search_term_string"}}],"inLanguage":"pt-PT"},{"@type":"Organization","@id":"https:\/\/perspetivaatual.pt\/#organization","name":"Perspetiva Atual","url":"https:\/\/perspetivaatual.pt\/","logo":{"@type":"ImageObject","inLanguage":"pt-PT","@id":"https:\/\/perspetivaatual.pt\/#\/schema\/logo\/image\/","url":"http:\/\/perspetivaatual.pt\/wp-content\/uploads\/2020\/08\/cropped-perspetiva_atual-.png","contentUrl":"http:\/\/perspetivaatual.pt\/wp-content\/uploads\/2020\/08\/cropped-perspetiva_atual-.png","width":618,"height":202,"caption":"Perspetiva Atual"},"image":{"@id":"https:\/\/perspetivaatual.pt\/#\/schema\/logo\/image\/"}},{"@type":"Person","@id":"https:\/\/perspetivaatual.pt\/#\/schema\/person\/c90e8e11129f189f1b7588bf2888f8b5","name":"Vitoria Girao","image":{"@type":"ImageObject","inLanguage":"pt-PT","@id":"https:\/\/perspetivaatual.pt\/#\/schema\/person\/image\/","url":"https:\/\/secure.gravatar.com\/avatar\/7a4a232c077ec4326004bec18e9d4616?s=96&d=mm&r=g","contentUrl":"https:\/\/secure.gravatar.com\/avatar\/7a4a232c077ec4326004bec18e9d4616?s=96&d=mm&r=g","caption":"Vitoria Girao"},"url":"http:\/\/perspetivaatual.pt\/index.php\/author\/vitoria-girao\/"}]}},"featured_image_urls":{"full":["http:\/\/perspetivaatual.pt\/wp-content\/uploads\/2025\/05\/CINEICC_2.webp",1250,833,false],"thumbnail":["http:\/\/perspetivaatual.pt\/wp-content\/uploads\/2025\/05\/CINEICC_2-150x150.webp",150,150,true],"medium":["http:\/\/perspetivaatual.pt\/wp-content\/uploads\/2025\/05\/CINEICC_2-300x200.webp",300,200,true],"medium_large":["http:\/\/perspetivaatual.pt\/wp-content\/uploads\/2025\/05\/CINEICC_2-768x512.webp",640,427,true],"large":["http:\/\/perspetivaatual.pt\/wp-content\/uploads\/2025\/05\/CINEICC_2-1024x682.webp",640,426,true],"1536x1536":["http:\/\/perspetivaatual.pt\/wp-content\/uploads\/2025\/05\/CINEICC_2.webp",1250,833,false],"2048x2048":["http:\/\/perspetivaatual.pt\/wp-content\/uploads\/2025\/05\/CINEICC_2.webp",1250,833,false],"magazine-7-slider-full":["http:\/\/perspetivaatual.pt\/wp-content\/uploads\/2025\/05\/CINEICC_2.webp",1250,833,false],"magazine-7-slider-center":["http:\/\/perspetivaatual.pt\/wp-content\/uploads\/2025\/05\/CINEICC_2-936x833.webp",936,833,true],"magazine-7-featured":["http:\/\/perspetivaatual.pt\/wp-content\/uploads\/2025\/05\/CINEICC_2-1024x682.webp",1024,682,true],"magazine-7-medium":["http:\/\/perspetivaatual.pt\/wp-content\/uploads\/2025\/05\/CINEICC_2-720x380.webp",720,380,true],"magazine-7-medium-square":["http:\/\/perspetivaatual.pt\/wp-content\/uploads\/2025\/05\/CINEICC_2-675x450.webp",675,450,true],"rpwe-thumbnail":["http:\/\/perspetivaatual.pt\/wp-content\/uploads\/2025\/05\/CINEICC_2-45x45.webp",45,45,true]},"author_info":{"info":[false]},"category_info":"<a href=\"http:\/\/perspetivaatual.pt\/index.php\/category\/destaques\/\" rel=\"category tag\">Destaques<\/a> <a href=\"http:\/\/perspetivaatual.pt\/index.php\/category\/educacao\/\" rel=\"category tag\">Educa\u00e7\u00e3o<\/a> <a href=\"http:\/\/perspetivaatual.pt\/index.php\/category\/investigacao\/\" rel=\"category tag\">Investiga\u00e7\u00e3o<\/a>","tag_info":"Investiga\u00e7\u00e3o","comment_count":"0","_links":{"self":[{"href":"http:\/\/perspetivaatual.pt\/index.php\/wp-json\/wp\/v2\/posts\/4701","targetHints":{"allow":["GET"]}}],"collection":[{"href":"http:\/\/perspetivaatual.pt\/index.php\/wp-json\/wp\/v2\/posts"}],"about":[{"href":"http:\/\/perspetivaatual.pt\/index.php\/wp-json\/wp\/v2\/types\/post"}],"author":[{"embeddable":true,"href":"http:\/\/perspetivaatual.pt\/index.php\/wp-json\/wp\/v2\/users\/11"}],"replies":[{"embeddable":true,"href":"http:\/\/perspetivaatual.pt\/index.php\/wp-json\/wp\/v2\/comments?post=4701"}],"version-history":[{"count":0,"href":"http:\/\/perspetivaatual.pt\/index.php\/wp-json\/wp\/v2\/posts\/4701\/revisions"}],"wp:featuredmedia":[{"embeddable":true,"href":"http:\/\/perspetivaatual.pt\/index.php\/wp-json\/wp\/v2\/media\/4703"}],"wp:attachment":[{"href":"http:\/\/perspetivaatual.pt\/index.php\/wp-json\/wp\/v2\/media?parent=4701"}],"wp:term":[{"taxonomy":"category","embeddable":true,"href":"http:\/\/perspetivaatual.pt\/index.php\/wp-json\/wp\/v2\/categories?post=4701"},{"taxonomy":"post_tag","embeddable":true,"href":"http:\/\/perspetivaatual.pt\/index.php\/wp-json\/wp\/v2\/tags?post=4701"}],"curies":[{"name":"wp","href":"https:\/\/api.w.org\/{rel}","templated":true}]}}