{"id":4714,"date":"2025-06-06T07:00:00","date_gmt":"2025-06-06T07:00:00","guid":{"rendered":"https:\/\/perspetivaatual.pt\/?p=4714"},"modified":"2025-06-06T08:47:32","modified_gmt":"2025-06-06T08:47:32","slug":"deq-avanca-com-novos-projetos-sustentaveis-e-reforca-vinculos-industriais","status":"publish","type":"post","link":"http:\/\/perspetivaatual.pt\/index.php\/2025\/06\/06\/deq-avanca-com-novos-projetos-sustentaveis-e-reforca-vinculos-industriais\/","title":{"rendered":"DEQ avan\u00e7a com novos projetos sustent\u00e1veis e refor\u00e7a v\u00ednculos industriais"},"content":{"rendered":"\n<p><strong>Alinhado com os desafios da transi\u00e7\u00e3o ecol\u00f3gica e digital, o Departamento de Engenharia Qu\u00edmica (DEQ) da Universidade de Coimbra destaca-se pela aposta em \u201csolu\u00e7\u00f5es inovadoras e sustent\u00e1veis\u201d, sendo o desenvolvimento de biofilmes de nanocelulose para a conserva\u00e7\u00e3o de documentos hist\u00f3ricos uma das suas iniciativas mais recentes. Marco Reis, diretor do DEQ, adianta que os pr\u00f3ximos passos passam pelo refor\u00e7o da forma\u00e7\u00e3o avan\u00e7ada, o aprofundamento da investiga\u00e7\u00e3o aplicada e a expans\u00e3o da colabora\u00e7\u00e3o com a ind\u00fastria.<\/strong><\/p>\n\n\n\n<p><strong>Perspetiva Atual: O Departamento de Engenharia Qu\u00edmica (DEQ) da Universidade de Coimbra tem sido respons\u00e1vel por v\u00e1rias inova\u00e7\u00f5es, como \u00e9 o caso do desenvolvimento de biofilmes de nanocelulose para a conserva\u00e7\u00e3o de documentos hist\u00f3ricos. Considera esta investiga\u00e7\u00e3o alinhada com os objetivos do DEQ em criar solu\u00e7\u00f5es eficazes e sustent\u00e1veis? Qual \u00e9 o impacto potencial desta pesquisa na preserva\u00e7\u00e3o do patrim\u00f3nio cultural?<\/strong><\/p>\n\n\n\n<figure class=\"wp-block-image alignright is-resized\"><img loading=\"lazy\" decoding=\"async\" width=\"2560\" height=\"1707\" src=\"http:\/\/perspetivaatual.pt\/wp-content\/uploads\/2025\/05\/MSR2024-scaled.jpg\" alt=\"\" class=\"wp-image-4717\" style=\"width:256px;height:auto\" srcset=\"http:\/\/perspetivaatual.pt\/wp-content\/uploads\/2025\/05\/MSR2024-scaled.jpg 2560w, http:\/\/perspetivaatual.pt\/wp-content\/uploads\/2025\/05\/MSR2024-300x200.jpg 300w, http:\/\/perspetivaatual.pt\/wp-content\/uploads\/2025\/05\/MSR2024-1024x683.jpg 1024w, http:\/\/perspetivaatual.pt\/wp-content\/uploads\/2025\/05\/MSR2024-768x512.jpg 768w, http:\/\/perspetivaatual.pt\/wp-content\/uploads\/2025\/05\/MSR2024-1536x1024.jpg 1536w, http:\/\/perspetivaatual.pt\/wp-content\/uploads\/2025\/05\/MSR2024-2048x1365.jpg 2048w, http:\/\/perspetivaatual.pt\/wp-content\/uploads\/2025\/05\/MSR2024-675x450.jpg 675w\" sizes=\"auto, (max-width: 2560px) 100vw, 2560px\" \/><\/figure>\n\n\n\n<p>Marco Reis: A Engenharia Qu\u00edmica \u00e9, e desde sempre foi, uma disciplina central para o progresso da ind\u00fastria e da sociedade. A maioria dos produtos com que lidamos diariamente e respetivos processos produtivos foram projetados, desenvolvidos ou operados por equipas lideradas por Engenheiros Qu\u00edmicos. O caso que refere reflete muito bem a abrang\u00eancia e diversidade da sua atividade, que se estende \u00e0 conserva\u00e7\u00e3o de documentos hist\u00f3ricos. O desenvolvimento deste tipo de filmes est\u00e1 de facto alinhado com os objetivos e atividade cient\u00edfica promovida no DEQ em criar solu\u00e7\u00f5es inovadoras e sustent\u00e1veis.<\/p>\n\n\n\n<p>Com efeito, as nanoceluloses podem ser obtidas a partir de recursos renov\u00e1veis, como por exemplo a madeira, atrav\u00e9s de processos industriais que conduzem \u00e0 obten\u00e7\u00e3o de pasta celul\u00f3sica, bem como \u00e0 sua funcionaliza\u00e7\u00e3o qu\u00edmica e posterior processamento mec\u00e2nico. No final, estes materiais apresentam um conjunto de propriedades que permite a sua aplica\u00e7\u00e3o na \u00e1rea de conserva\u00e7\u00e3o e restauro de documentos hist\u00f3ricos em papel. Por exemplo, a equipa liderada pelo Doutor Jos\u00e9 Gamelas j\u00e1 provou que os filmes de nanoceluloses t\u00eam propriedades de resist\u00eancia mec\u00e2nica, barreira (ao oxig\u00e9nio e vapor de \u00e1gua) e transpar\u00eancia melhoradas em compara\u00e7\u00e3o com o conhecido \u201cpapel japon\u00eas\u201d, muito usado na conserva\u00e7\u00e3o e restauro de documentos hist\u00f3ricos.<\/p>\n\n\n\n<figure class=\"wp-block-image aligncenter is-resized\"><img loading=\"lazy\" decoding=\"async\" width=\"2560\" height=\"1707\" src=\"http:\/\/perspetivaatual.pt\/wp-content\/uploads\/2025\/05\/MICRO-scaled.jpg\" alt=\"\" class=\"wp-image-4716\" style=\"width:579px;height:auto\" srcset=\"http:\/\/perspetivaatual.pt\/wp-content\/uploads\/2025\/05\/MICRO-scaled.jpg 2560w, http:\/\/perspetivaatual.pt\/wp-content\/uploads\/2025\/05\/MICRO-300x200.jpg 300w, http:\/\/perspetivaatual.pt\/wp-content\/uploads\/2025\/05\/MICRO-1024x683.jpg 1024w, http:\/\/perspetivaatual.pt\/wp-content\/uploads\/2025\/05\/MICRO-768x512.jpg 768w, http:\/\/perspetivaatual.pt\/wp-content\/uploads\/2025\/05\/MICRO-1536x1024.jpg 1536w, http:\/\/perspetivaatual.pt\/wp-content\/uploads\/2025\/05\/MICRO-2048x1365.jpg 2048w, http:\/\/perspetivaatual.pt\/wp-content\/uploads\/2025\/05\/MICRO-675x450.jpg 675w\" sizes=\"auto, (max-width: 2560px) 100vw, 2560px\" \/><\/figure>\n\n\n\n<p>Acreditamos que a m\u00e9dio prazo ser\u00e1 poss\u00edvel introduzir estes materiais no mercado na \u00e1rea da conserva\u00e7\u00e3o e restauro, aproveitando o importante impulso proporcionado por um financiamento europeu de grande dimens\u00e3o que recentemente ganh\u00e1mos, com o projeto intitulado <em>\u201cExploring novel bio-based materials and their applications in conservation and restoration with a new interdisciplinary team\u201d<\/em>, no qual se v\u00e3o explorar todas essas vertentes.<\/p>\n\n\n\n<p><strong>PA: \u00c9 ineg\u00e1vel que, como o pr\u00f3prio nome diz, o lan\u00e7amento do Mestrado em Sustentabilidade e Pl\u00e1sticos pretende sensibilizar os estudantes para quest\u00f5es ambientais e sustent\u00e1veis. Que compet\u00eancias os estudantes v\u00e3o poder desenvolver com este curso de 2.\u00ba Ciclo?<\/strong><\/p>\n\n\n\n<p>MR: \u00c9 uma excelente quest\u00e3o. De facto, vamos lan\u00e7ar no pr\u00f3ximo ano letivo o curso de Mestrado em Pl\u00e1sticos e Sustentabilidade, o qual permitir\u00e1 aos estudantes desenvolver compet\u00eancias cient\u00edficas e tecnol\u00f3gicas fundamentais para enfrentar os desafios ambientais associados ao importante setor dos pl\u00e1sticos. Ao longo do curso, os alunos adquirir\u00e3o conhecimentos em s\u00edntese e caracteriza\u00e7\u00e3o de pol\u00edmeros, processamento e aplica\u00e7\u00e3o, sempre com foco na redu\u00e7\u00e3o da pegada de CO\u2082 dos processos. A forma\u00e7\u00e3o ser\u00e1 ministrada de forma a integrar v\u00e1rios conte\u00fados que capacitam os futuros mestres a conceber produtos e processos inovadores, sustent\u00e1veis e tecnologicamente avan\u00e7ados. Desta forma, os alunos adquirem uma vis\u00e3o cr\u00edtica e pr\u00e1tica sobre o impacto ambiental dos pl\u00e1sticos e como minimiz\u00e1-lo de forma efetiva. Dada a elevada presen\u00e7a dos pl\u00e1sticos no nosso quotidiano, desde embalagens a dispositivos m\u00e9dicos, a procura por profissionais com esta forma\u00e7\u00e3o \u00e9 elevada em diversos setores industriais.<\/p>\n\n\n\n<p><strong>PA: O DEQ coordena cursos de Licenciatura e Mestrado em Engenharia Qu\u00edmica, al\u00e9m de programas focados em Biotecnologia e Sustentabilidade. Considera que estes programas preparam os alunos para enfrentar as exig\u00eancias da ind\u00fastria e da sociedade?<\/strong><\/p>\n\n\n\n<p>MR: \u00c9 esse o nosso foco. Os programas coordenados pelo Departamento de Engenharia Qu\u00edmica da Faculdade de Ci\u00eancias e Tecnologia da Universidade de Coimbra, nomeadamente a Licenciatura em Engenharia Qu\u00edmica (LEQ), e os Mestrados em Engenharia Qu\u00edmica (MEQ), Engenharia Biotecnol\u00f3gica (MEBT), e Pl\u00e1sticos e Sustentabilidade (MPS), est\u00e3o fortemente alinhados com as necessidades e desafios atuais da ind\u00fastria e da sociedade, com uma abordagem estrat\u00e9gica segundo as metas dos Objetivos do Desenvolvimento Sustent\u00e1vel. Os cursos de LEQ e MEQ seguem as recomenda\u00e7\u00f5es da <em>European Federation of Chemical Engineering<\/em>, com um programa que confere uma forma\u00e7\u00e3o t\u00e9cnica s\u00f3lida e multifacetada. Os diplomados adquirem compet\u00eancias que lhes permitem atuar em diversos setores industriais \u2013 como o qu\u00edmico, farmac\u00eautico, alimentar, ambiental e energ\u00e9tico \u2013 com capacidades para gerir, analisar, projetar, simular, controlar e otimizar processos complexos, sempre com foco na economia circular e na prote\u00e7\u00e3o ambiental. Esta forma\u00e7\u00e3o permite aos diplomados enfrentar os desafios de um setor industrial cada vez mais exigente e globalizado. <\/p>\n\n\n\n<p>O MEBT, por sua vez, aposta numa forma\u00e7\u00e3o avan\u00e7ada e especializada nas \u00e1reas da engenharia de bioprocessos e biotecnologia industrial, com enfoque na bioeconomia circular, na produ\u00e7\u00e3o de bioprodutos e no uso de mat\u00e9rias-primas renov\u00e1veis. A liga\u00e7\u00e3o estreita com a ind\u00fastria e a promo\u00e7\u00e3o do bioempreendedorismo refor\u00e7am a capacidade de inser\u00e7\u00e3o profissional em \u00e1reas de elevada inova\u00e7\u00e3o tecnol\u00f3gica, como biof\u00e1rmacos, biomateriais e biossensores. Em conjunto, estes programas garantem uma prepara\u00e7\u00e3o atual, completa e direcionada para enfrentar os grandes desafios tecnol\u00f3gicos, ambientais e sociais do s\u00e9culo XXI, oferecendo uma elevada empregabilidade em setores estrat\u00e9gicos como a ind\u00fastria qu\u00edmica, biotecnol\u00f3gica, ambiental, alimentar, energ\u00e9tica e de materiais avan\u00e7ados.<\/p>\n\n\n\n<figure class=\"wp-block-image aligncenter is-resized\"><img loading=\"lazy\" decoding=\"async\" width=\"2560\" height=\"1707\" src=\"http:\/\/perspetivaatual.pt\/wp-content\/uploads\/2025\/05\/VCR-scaled.jpg\" alt=\"\" class=\"wp-image-4718\" style=\"width:588px;height:auto\" srcset=\"http:\/\/perspetivaatual.pt\/wp-content\/uploads\/2025\/05\/VCR-scaled.jpg 2560w, http:\/\/perspetivaatual.pt\/wp-content\/uploads\/2025\/05\/VCR-300x200.jpg 300w, http:\/\/perspetivaatual.pt\/wp-content\/uploads\/2025\/05\/VCR-1024x683.jpg 1024w, http:\/\/perspetivaatual.pt\/wp-content\/uploads\/2025\/05\/VCR-768x512.jpg 768w, http:\/\/perspetivaatual.pt\/wp-content\/uploads\/2025\/05\/VCR-1536x1024.jpg 1536w, http:\/\/perspetivaatual.pt\/wp-content\/uploads\/2025\/05\/VCR-2048x1365.jpg 2048w, http:\/\/perspetivaatual.pt\/wp-content\/uploads\/2025\/05\/VCR-675x450.jpg 675w\" sizes=\"auto, (max-width: 2560px) 100vw, 2560px\" \/><\/figure>\n\n\n\n<p><strong>PA: Este Departamento tem integrado a moderniza\u00e7\u00e3o e a tecnologia nas suas linhas de investiga\u00e7\u00e3o. Estas \u00e1reas t\u00eam contribu\u00eddo para o avan\u00e7o das solu\u00e7\u00f5es aplicadas aos setores industriais, particularmente nas \u00e1reas da biotecnologia e engenharia de processos?<\/strong><\/p>\n\n\n\n<p>MR: Sim, as \u00e1reas de investiga\u00e7\u00e3o e forma\u00e7\u00e3o promovidas pelo Departamento de Engenharia Qu\u00edmica t\u00eam desempenhado um papel central no avan\u00e7o de solu\u00e7\u00f5es inovadoras e sustent\u00e1veis para diversos setores industriais, com impacto particular nas \u00e1reas da biotecnologia, engenharia de processos, intelig\u00eancia artificial e sustentabilidade dos materiais. A moderniza\u00e7\u00e3o tecnol\u00f3gica est\u00e1 tamb\u00e9m plenamente integrada na abordagem formativa do DEQ, em particular nos programas dos mestrados, os quais aliam compet\u00eancias cient\u00edficas e t\u00e9cnicas \u00e0 capacidade de resposta perante desafios reais e emergentes da ind\u00fastria e sociedade.<\/p>\n\n\n\n<p>O trabalho desenvolvido pelos estudantes e investigadores do DEQ foca-se na cria\u00e7\u00e3o de processos mais eficientes, seguros e ambientalmente respons\u00e1veis, impulsionando o desenvolvimento de produtos de base biol\u00f3gica, a valoriza\u00e7\u00e3o de res\u00edduos, a transi\u00e7\u00e3o para fontes renov\u00e1veis, a redu\u00e7\u00e3o da pegada de carbono e o desenho circular de materiais com menor impacto ambiental. A interdisciplinaridade entre biotecnologia, engenharia de processos e ci\u00eancia dos materiais tem permitido solu\u00e7\u00f5es concretas para setores como o qu\u00edmico, farmac\u00eautico, alimentar, energ\u00e9tico, ambiental e dos pl\u00e1sticos, onde a sustentabilidade \u00e9 cada vez mais uma prioridade estrat\u00e9gica. A aposta em ferramentas como a an\u00e1lise de ciclo de vida, a economia circular, a bioinform\u00e1tica, a simula\u00e7\u00e3o de processos e o desenvolvimento de materiais avan\u00e7ados garante que o conhecimento produzido se traduz em inova\u00e7\u00e3o pr\u00e1tica e aplic\u00e1vel. Assim, consideramos que as linhas de investiga\u00e7\u00e3o e a forma\u00e7\u00e3o promovidas pelo DEQ t\u00eam contribu\u00eddo de forma decisiva para a moderniza\u00e7\u00e3o da ind\u00fastria, atrav\u00e9s da integra\u00e7\u00e3o de solu\u00e7\u00f5es tecnol\u00f3gicas de ponta, com uma vis\u00e3o clara de sustentabilidade, impacto social e cria\u00e7\u00e3o de valor a longo prazo.<\/p>\n\n\n\n<p><strong>PA: A empregabilidade dos novos engenheiros \u00e9 uma prioridade do Departamento. Que iniciativas t\u00eam sido implementadas para garantir que os alunos possuem as capacidades pr\u00e1ticas, al\u00e9m do conhecimento te\u00f3rico, para se integrarem com sucesso no mercado de trabalho, altamente competitivo e em constante evolu\u00e7\u00e3o?<\/strong><\/p>\n\n\n\n<p>MR: Como j\u00e1 foi referido, a Engenharia Qu\u00edmica est\u00e1 em todo o lado, sendo muitas vezes designada como \u201ca Engenharia das Engenharias\u201d, dada a amplitude de \u00e1reas de poss\u00edvel interven\u00e7\u00e3o. \u00c9 uma disciplina com mais de 130 anos e que continua em constante evolu\u00e7\u00e3o para responder aos desafios presentes e futuros. Mas como trazer a pr\u00e1tica de Engenharia Qu\u00edmica para as salas de aula? Fazemo-lo de diversas formas. Por exemplo, em v\u00e1rias disciplinas participam destacados respons\u00e1veis por empresas sobejamente conhecidas (como a The Navigator Company, Amorim Cork, ou a Bondalti) que n\u00e3o s\u00f3 partilham os seus conhecimentos na primeira pessoa, como abrem as portas das suas empresas para visitas, projetos, est\u00e1gios e contactos com outros colaboradores. Como resultado, os estudantes disp\u00f5em de mais oportunidades para adquirir experi\u00eancia e aumentar a sua capacidade de intervir com sucesso no mercado de trabalho, assim que transitem para ele. Estas iniciativas s\u00e3o refor\u00e7adas com outras, de onde destaco o Factory Lab. Trata-se de um projeto com um car\u00e1cter \u00fanico e inovador no panorama portugu\u00eas. Esta iniciativa tem como objetivo formar os futuros l\u00edderes da ind\u00fastria e contribuir para o avan\u00e7o tecnol\u00f3gico e competitividade do setor industrial, atrav\u00e9s da integra\u00e7\u00e3o do ensino da teoria com a pr\u00e1tica e tecnologia de ponta.<\/p>\n\n\n\n<p>Como parte do Factory Lab, est\u00e3o instaladas no DEQ uma Sala de Controlo \u00e0 escala real, que simula de forma fidedigna a opera\u00e7\u00e3o de processos industriais reais e uma Sala de Realidade Virtual onde os processos em funcionamento podem ser \u201cvisitados\u201d. Esta iniciativa \u00e9 \u00fanica em Portugal (na verdade poucas escolas a possuem no mundo) e tipifica, quando associada \u00e0 liga\u00e7\u00e3o do DEQ com a ind\u00fastria, a qualidade de ensino que queremos proporcionar aos nossos alunos e que ficar\u00e3o ligados indelevelmente ao departamento como parte da nossa extensa comunidade de alumni, que muito nos orgulha.<\/p>\n\n\n\n<figure class=\"wp-block-image aligncenter is-resized\"><img loading=\"lazy\" decoding=\"async\" width=\"2560\" height=\"1707\" src=\"http:\/\/perspetivaatual.pt\/wp-content\/uploads\/2025\/05\/Rx3-scaled.jpg\" alt=\"\" class=\"wp-image-4719\" style=\"width:610px;height:auto\" srcset=\"http:\/\/perspetivaatual.pt\/wp-content\/uploads\/2025\/05\/Rx3-scaled.jpg 2560w, http:\/\/perspetivaatual.pt\/wp-content\/uploads\/2025\/05\/Rx3-300x200.jpg 300w, http:\/\/perspetivaatual.pt\/wp-content\/uploads\/2025\/05\/Rx3-1024x683.jpg 1024w, http:\/\/perspetivaatual.pt\/wp-content\/uploads\/2025\/05\/Rx3-768x512.jpg 768w, http:\/\/perspetivaatual.pt\/wp-content\/uploads\/2025\/05\/Rx3-1536x1024.jpg 1536w, http:\/\/perspetivaatual.pt\/wp-content\/uploads\/2025\/05\/Rx3-2048x1365.jpg 2048w, http:\/\/perspetivaatual.pt\/wp-content\/uploads\/2025\/05\/Rx3-675x450.jpg 675w\" sizes=\"auto, (max-width: 2560px) 100vw, 2560px\" \/><\/figure>\n\n\n\n<p><strong>PA: E quanto aos projetos e infraestruturas de investiga\u00e7\u00e3o do DEQ \u2013 acha que eles tamb\u00e9m t\u00eam auxiliado na forma\u00e7\u00e3o dos alunos?<\/strong><\/p>\n\n\n\n<p>MR: Sem d\u00favida. Desde cedo, os alunos que revelem interesse s\u00e3o integrados em equipas de investiga\u00e7\u00e3o em curso e podem desenvolver compet\u00eancias dimensionadas para o seu n\u00edvel de conhecimentos e maturidade cient\u00edfica. Os melhores alunos t\u00eam frequentemente acesso a bolsas que usufruem durante o seu percurso acad\u00e9mico (bolsas para inicia\u00e7\u00e3o \u00e0 investiga\u00e7\u00e3o ou bolsas para licenciados), e que recompensam o seu desempenho e qualidade. A proximidade alunos\/docentes promovida pelo DEQ muito facilita estes encontros, sendo um dos aspetos muito positivos reconhecidos pelos nossos estudantes. O DEQ acolhe o centro de investiga\u00e7\u00e3o, CERES, e os grupos Polysic e Bio-Mark, que oferecem aos alunos oportunidades de investiga\u00e7\u00e3o em \u00e1reas e aplica\u00e7\u00f5es t\u00e3o diversas como: energias renov\u00e1veis, processos sustent\u00e1veis, s\u00edntese e caracteriza\u00e7\u00e3o de pol\u00edmeros, tecnologias ambientais, digitaliza\u00e7\u00e3o e intelig\u00eancia artificial para a ind\u00fastria, biotecnologia, processos e produtos para a ind\u00fastria farmac\u00eautica e cosm\u00e9tica, bio\/nanosensores, entre outras. <\/p>\n\n\n\n<p>Esta investiga\u00e7\u00e3o produz continuamente resultados com aplica\u00e7\u00f5es pr\u00e1ticas muito relevantes, como tecnologias para a produ\u00e7\u00e3o da nova gera\u00e7\u00e3o de vacinas, sistemas de purifica\u00e7\u00e3o de \u00e1gua e de remo\u00e7\u00e3o de micropl\u00e1sticos, novos processos circulares para a ind\u00fastria t\u00eaxtil, desenvolvimento de materiais avan\u00e7ados para aplica\u00e7\u00f5es biom\u00e9dicas e para a ind\u00fastria aeroespacial, algoritmos de intelig\u00eancia artificial e big data para a ind\u00fastria, biossensores para a preven\u00e7\u00e3o e diagn\u00f3stico de doen\u00e7as, entre muitos outros. Algumas das ideias levam mesmo \u00e0 cria\u00e7\u00e3o de spin-offs e start-ups, como s\u00e3o os casos da Adventech, Envitecna, TimeUp, e Ineye Pharma. E os alunos podem fazer parte destes projetos e aprender muito com eles.<\/p>\n\n\n\n<p><strong>PA: O Departamento de Engenharia Qu\u00edmica oferece tamb\u00e9m oportunidades de interc\u00e2mbio e mobilidade internacional. Acredita que essas experi\u00eancias potenciam o desenvolvimento acad\u00e9mico e profissional dos alunos, preparando-os para desafios do futuro? Ou at\u00e9 para a melhoria do cen\u00e1rio da empregabilidade?<\/strong><\/p>\n\n\n\n<p>MR: A experi\u00eancia de interc\u00e2mbio e mobilidade internacional, especialmente no contexto do programa Erasmus+, permite aos nossos alunos conhecerem novas realidades acad\u00e9micas, diferentes metodologias de ensino e culturas. Permite que os alunos saiam da sua zona de conforto, o que contribui para o seu crescimento pessoal e acad\u00e9mico. Os testemunhos dos alunos que participaram em programas de mobilidade em pa\u00edses como a Ch\u00e9quia, Pol\u00f3nia, Reino Unido, \u00c1ustria, It\u00e1lia, Espanha, B\u00e9lgica ou Holanda, s\u00e3o muito positivos. Descrevem a experi\u00eancia como inesquec\u00edvel e aconselham os colegas a que fa\u00e7am o mesmo. No que respeita \u00e0 empregabilidade, estas experi\u00eancias conferem uma vantagem clara: desenvolvem compet\u00eancias transversais como a adaptabilidade, autonomia, resili\u00eancia e capacidade de comunica\u00e7\u00e3o. Para al\u00e9m disso, demonstram coragem em arriscar e partir para realidades desconhecidas, o que \u00e9 um fator distintivo no mercado de trabalho atual.<\/p>\n\n\n\n<figure class=\"wp-block-image aligncenter is-resized\"><img loading=\"lazy\" decoding=\"async\" width=\"2560\" height=\"1707\" src=\"http:\/\/perspetivaatual.pt\/wp-content\/uploads\/2025\/05\/Bio-scaled.jpg\" alt=\"\" class=\"wp-image-4720\" style=\"width:598px;height:auto\" srcset=\"http:\/\/perspetivaatual.pt\/wp-content\/uploads\/2025\/05\/Bio-scaled.jpg 2560w, http:\/\/perspetivaatual.pt\/wp-content\/uploads\/2025\/05\/Bio-300x200.jpg 300w, http:\/\/perspetivaatual.pt\/wp-content\/uploads\/2025\/05\/Bio-1024x683.jpg 1024w, http:\/\/perspetivaatual.pt\/wp-content\/uploads\/2025\/05\/Bio-768x512.jpg 768w, http:\/\/perspetivaatual.pt\/wp-content\/uploads\/2025\/05\/Bio-1536x1024.jpg 1536w, http:\/\/perspetivaatual.pt\/wp-content\/uploads\/2025\/05\/Bio-2048x1365.jpg 2048w, http:\/\/perspetivaatual.pt\/wp-content\/uploads\/2025\/05\/Bio-675x450.jpg 675w\" sizes=\"auto, (max-width: 2560px) 100vw, 2560px\" \/><\/figure>\n\n\n\n<p><strong>PA: Para que possamos compreender melhor os passos seguintes do DEQ, quais s\u00e3o os pr\u00f3ximos objetivos?<\/strong><\/p>\n\n\n\n<p>MR: Os pr\u00f3ximos passos do Departamento de Engenharia Qu\u00edmica passam pelo refor\u00e7o da consolida\u00e7\u00e3o dos seus cursos e programas, tendo como eixo central a forma\u00e7\u00e3o avan\u00e7ada, alinhada com os desafios tecnol\u00f3gicos e as reais necessidades da ind\u00fastria e da sociedade. O DEQ tem vindo a afirmar um perfil distintivo, baseado na melhoria cont\u00ednua da sua oferta formativa, com a reformula\u00e7\u00e3o e atualiza\u00e7\u00e3o sistem\u00e1tica dos seus cursos para garantir a sua relev\u00e2ncia, qualidade e transversalidade. Esta estrat\u00e9gia permite integrar de forma coerente os avan\u00e7os cient\u00edficos e tecnol\u00f3gicos nas \u00e1reas da engenharia de processos qu\u00edmicos, materiais, sustentabilidade, e intelig\u00eancia artificial, bem como uma real transforma\u00e7\u00e3o para uma ind\u00fastria cada vez mais biotecnol\u00f3gica, formando profissionais altamente qualificados, capazes de atuar em ambientes complexos e em constante evolu\u00e7\u00e3o. <\/p>\n\n\n\n<p>Mais do que responder pontualmente a tend\u00eancias, o DEQ antecipa transforma\u00e7\u00f5es estruturais nos setores industriais, desenvolvendo programas formativos que preparam os seus diplomados para liderar a inova\u00e7\u00e3o, com compet\u00eancias t\u00e9cnicas s\u00f3lidas, pensamento cr\u00edtico e capacidade de integra\u00e7\u00e3o multidisciplinar. A cria\u00e7\u00e3o recente de cursos como os Mestrados em Engenharia Biotecnol\u00f3gica e em Pl\u00e1sticos e Sustentabilidade exemplifica esta estrat\u00e9gia, ao abordar um tema crucial com uma abordagem sist\u00e9mica e orientada para solu\u00e7\u00f5es pr\u00e1ticas. Assim, os pr\u00f3ximos objetivos do DEQ passam por refor\u00e7ar esta l\u00f3gica de integra\u00e7\u00e3o, aprofundando a liga\u00e7\u00e3o com a investiga\u00e7\u00e3o aplicada, com os parceiros industriais e com a economia do conhecimento, consolidando-se como um polo de excel\u00eancia na forma\u00e7\u00e3o de engenheiros preparados para os grandes desafios da transi\u00e7\u00e3o tecnol\u00f3gica, digital e ecol\u00f3gica.<\/p>\n","protected":false},"excerpt":{"rendered":"<p>Alinhado com os desafios da transi\u00e7\u00e3o ecol\u00f3gica e digital, o Departamento de Engenharia Qu\u00edmica (DEQ)<\/p>\n","protected":false},"author":11,"featured_media":4715,"comment_status":"open","ping_status":"open","sticky":false,"template":"","format":"standard","meta":{"footnotes":""},"categories":[3,165],"tags":[774,773,775,776,758],"class_list":["post-4714","post","type-post","status-publish","format-standard","has-post-thumbnail","hentry","category-educacao","category-investigacao","tag-departamentoengenhariaquimica","tag-deq-2","tag-marcoreis","tag-novosprojetos","tag-universidadedecoimbra"],"yoast_head":"<!-- This site is optimized with the Yoast SEO plugin v24.2 - https:\/\/yoast.com\/wordpress\/plugins\/seo\/ -->\n<title>DEQ avan\u00e7a com novos projetos sustent\u00e1veis e refor\u00e7a v\u00ednculos industriais - Perspetiva Atual<\/title>\n<meta name=\"description\" content=\"Alinhado com os desafios da transi\u00e7\u00e3o ecol\u00f3gica e digital, o Departamento de Engenharia Qu\u00edmica (DEQ) da Universidade de Coimbra...\" \/>\n<meta name=\"robots\" content=\"index, follow, max-snippet:-1, max-image-preview:large, max-video-preview:-1\" \/>\n<link rel=\"canonical\" href=\"https:\/\/perspetivaatual.pt\/index.php\/2025\/06\/06\/deq-avanca-com-novos-projetos-sustentaveis-e-reforca-vinculos-industriais\/\" \/>\n<meta property=\"og:locale\" content=\"pt_PT\" \/>\n<meta property=\"og:type\" content=\"article\" \/>\n<meta property=\"og:title\" content=\"DEQ avan\u00e7a com novos projetos sustent\u00e1veis e refor\u00e7a v\u00ednculos industriais - Perspetiva Atual\" \/>\n<meta property=\"og:description\" content=\"Alinhado com os desafios da transi\u00e7\u00e3o ecol\u00f3gica e digital, o Departamento de Engenharia Qu\u00edmica (DEQ) da Universidade de Coimbra...\" \/>\n<meta property=\"og:url\" content=\"https:\/\/perspetivaatual.pt\/index.php\/2025\/06\/06\/deq-avanca-com-novos-projetos-sustentaveis-e-reforca-vinculos-industriais\/\" \/>\n<meta property=\"og:site_name\" content=\"Perspetiva Atual\" \/>\n<meta property=\"article:published_time\" content=\"2025-06-06T07:00:00+00:00\" \/>\n<meta property=\"article:modified_time\" content=\"2025-06-06T08:47:32+00:00\" \/>\n<meta property=\"og:image\" content=\"https:\/\/perspetivaatual.pt\/wp-content\/uploads\/2025\/05\/Aula-scaled.jpg\" \/>\n\t<meta property=\"og:image:width\" content=\"2560\" \/>\n\t<meta property=\"og:image:height\" content=\"1707\" \/>\n\t<meta property=\"og:image:type\" content=\"image\/jpeg\" \/>\n<meta name=\"author\" content=\"Vitoria Girao\" \/>\n<meta name=\"twitter:card\" content=\"summary_large_image\" \/>\n<meta name=\"twitter:label1\" content=\"Escrito por\" \/>\n\t<meta name=\"twitter:data1\" content=\"\" \/>\n\t<meta name=\"twitter:label2\" content=\"Tempo estimado de leitura\" \/>\n\t<meta name=\"twitter:data2\" content=\"14 minutos\" \/>\n<script type=\"application\/ld+json\" class=\"yoast-schema-graph\">{\"@context\":\"https:\/\/schema.org\",\"@graph\":[{\"@type\":\"Article\",\"@id\":\"https:\/\/perspetivaatual.pt\/index.php\/2025\/06\/06\/deq-avanca-com-novos-projetos-sustentaveis-e-reforca-vinculos-industriais\/#article\",\"isPartOf\":{\"@id\":\"https:\/\/perspetivaatual.pt\/index.php\/2025\/06\/06\/deq-avanca-com-novos-projetos-sustentaveis-e-reforca-vinculos-industriais\/\"},\"author\":{\"name\":\"Vitoria Girao\",\"@id\":\"https:\/\/perspetivaatual.pt\/#\/schema\/person\/c90e8e11129f189f1b7588bf2888f8b5\"},\"headline\":\"DEQ avan\u00e7a com novos projetos sustent\u00e1veis e refor\u00e7a v\u00ednculos industriais\",\"datePublished\":\"2025-06-06T07:00:00+00:00\",\"dateModified\":\"2025-06-06T08:47:32+00:00\",\"mainEntityOfPage\":{\"@id\":\"https:\/\/perspetivaatual.pt\/index.php\/2025\/06\/06\/deq-avanca-com-novos-projetos-sustentaveis-e-reforca-vinculos-industriais\/\"},\"wordCount\":2575,\"commentCount\":0,\"publisher\":{\"@id\":\"https:\/\/perspetivaatual.pt\/#organization\"},\"image\":{\"@id\":\"https:\/\/perspetivaatual.pt\/index.php\/2025\/06\/06\/deq-avanca-com-novos-projetos-sustentaveis-e-reforca-vinculos-industriais\/#primaryimage\"},\"thumbnailUrl\":\"http:\/\/perspetivaatual.pt\/wp-content\/uploads\/2025\/05\/Aula-scaled.jpg\",\"keywords\":[\"#departamentoengenhariaqu\u00edmica\",\"#deq\",\"#marcoreis\",\"#novosprojetos\",\"#universidadedecoimbra\"],\"articleSection\":[\"Educa\u00e7\u00e3o\",\"Investiga\u00e7\u00e3o\"],\"inLanguage\":\"pt-PT\",\"potentialAction\":[{\"@type\":\"CommentAction\",\"name\":\"Comment\",\"target\":[\"https:\/\/perspetivaatual.pt\/index.php\/2025\/06\/06\/deq-avanca-com-novos-projetos-sustentaveis-e-reforca-vinculos-industriais\/#respond\"]}]},{\"@type\":\"WebPage\",\"@id\":\"https:\/\/perspetivaatual.pt\/index.php\/2025\/06\/06\/deq-avanca-com-novos-projetos-sustentaveis-e-reforca-vinculos-industriais\/\",\"url\":\"https:\/\/perspetivaatual.pt\/index.php\/2025\/06\/06\/deq-avanca-com-novos-projetos-sustentaveis-e-reforca-vinculos-industriais\/\",\"name\":\"DEQ avan\u00e7a com novos projetos sustent\u00e1veis e refor\u00e7a v\u00ednculos industriais - Perspetiva Atual\",\"isPartOf\":{\"@id\":\"https:\/\/perspetivaatual.pt\/#website\"},\"primaryImageOfPage\":{\"@id\":\"https:\/\/perspetivaatual.pt\/index.php\/2025\/06\/06\/deq-avanca-com-novos-projetos-sustentaveis-e-reforca-vinculos-industriais\/#primaryimage\"},\"image\":{\"@id\":\"https:\/\/perspetivaatual.pt\/index.php\/2025\/06\/06\/deq-avanca-com-novos-projetos-sustentaveis-e-reforca-vinculos-industriais\/#primaryimage\"},\"thumbnailUrl\":\"http:\/\/perspetivaatual.pt\/wp-content\/uploads\/2025\/05\/Aula-scaled.jpg\",\"datePublished\":\"2025-06-06T07:00:00+00:00\",\"dateModified\":\"2025-06-06T08:47:32+00:00\",\"description\":\"Alinhado com os desafios da transi\u00e7\u00e3o ecol\u00f3gica e digital, o Departamento de Engenharia Qu\u00edmica (DEQ) da Universidade de Coimbra...\",\"breadcrumb\":{\"@id\":\"https:\/\/perspetivaatual.pt\/index.php\/2025\/06\/06\/deq-avanca-com-novos-projetos-sustentaveis-e-reforca-vinculos-industriais\/#breadcrumb\"},\"inLanguage\":\"pt-PT\",\"potentialAction\":[{\"@type\":\"ReadAction\",\"target\":[\"https:\/\/perspetivaatual.pt\/index.php\/2025\/06\/06\/deq-avanca-com-novos-projetos-sustentaveis-e-reforca-vinculos-industriais\/\"]}]},{\"@type\":\"ImageObject\",\"inLanguage\":\"pt-PT\",\"@id\":\"https:\/\/perspetivaatual.pt\/index.php\/2025\/06\/06\/deq-avanca-com-novos-projetos-sustentaveis-e-reforca-vinculos-industriais\/#primaryimage\",\"url\":\"http:\/\/perspetivaatual.pt\/wp-content\/uploads\/2025\/05\/Aula-scaled.jpg\",\"contentUrl\":\"http:\/\/perspetivaatual.pt\/wp-content\/uploads\/2025\/05\/Aula-scaled.jpg\",\"width\":2560,\"height\":1707},{\"@type\":\"BreadcrumbList\",\"@id\":\"https:\/\/perspetivaatual.pt\/index.php\/2025\/06\/06\/deq-avanca-com-novos-projetos-sustentaveis-e-reforca-vinculos-industriais\/#breadcrumb\",\"itemListElement\":[{\"@type\":\"ListItem\",\"position\":1,\"name\":\"Home\",\"item\":\"https:\/\/perspetivaatual.pt\/\"},{\"@type\":\"ListItem\",\"position\":2,\"name\":\"DEQ avan\u00e7a com novos projetos sustent\u00e1veis e refor\u00e7a v\u00ednculos industriais\"}]},{\"@type\":\"WebSite\",\"@id\":\"https:\/\/perspetivaatual.pt\/#website\",\"url\":\"https:\/\/perspetivaatual.pt\/\",\"name\":\"Perspetiva Atual\",\"description\":\"Olhar Portugal, de diferentes formas\",\"publisher\":{\"@id\":\"https:\/\/perspetivaatual.pt\/#organization\"},\"potentialAction\":[{\"@type\":\"SearchAction\",\"target\":{\"@type\":\"EntryPoint\",\"urlTemplate\":\"https:\/\/perspetivaatual.pt\/?s={search_term_string}\"},\"query-input\":{\"@type\":\"PropertyValueSpecification\",\"valueRequired\":true,\"valueName\":\"search_term_string\"}}],\"inLanguage\":\"pt-PT\"},{\"@type\":\"Organization\",\"@id\":\"https:\/\/perspetivaatual.pt\/#organization\",\"name\":\"Perspetiva Atual\",\"url\":\"https:\/\/perspetivaatual.pt\/\",\"logo\":{\"@type\":\"ImageObject\",\"inLanguage\":\"pt-PT\",\"@id\":\"https:\/\/perspetivaatual.pt\/#\/schema\/logo\/image\/\",\"url\":\"http:\/\/perspetivaatual.pt\/wp-content\/uploads\/2020\/08\/cropped-perspetiva_atual-.png\",\"contentUrl\":\"http:\/\/perspetivaatual.pt\/wp-content\/uploads\/2020\/08\/cropped-perspetiva_atual-.png\",\"width\":618,\"height\":202,\"caption\":\"Perspetiva Atual\"},\"image\":{\"@id\":\"https:\/\/perspetivaatual.pt\/#\/schema\/logo\/image\/\"}},{\"@type\":\"Person\",\"@id\":\"https:\/\/perspetivaatual.pt\/#\/schema\/person\/c90e8e11129f189f1b7588bf2888f8b5\",\"name\":\"Vitoria Girao\",\"image\":{\"@type\":\"ImageObject\",\"inLanguage\":\"pt-PT\",\"@id\":\"https:\/\/perspetivaatual.pt\/#\/schema\/person\/image\/\",\"url\":\"https:\/\/secure.gravatar.com\/avatar\/7a4a232c077ec4326004bec18e9d4616?s=96&d=mm&r=g\",\"contentUrl\":\"https:\/\/secure.gravatar.com\/avatar\/7a4a232c077ec4326004bec18e9d4616?s=96&d=mm&r=g\",\"caption\":\"Vitoria Girao\"},\"url\":\"http:\/\/perspetivaatual.pt\/index.php\/author\/vitoria-girao\/\"}]}<\/script>\n<!-- \/ Yoast SEO plugin. -->","yoast_head_json":{"title":"DEQ avan\u00e7a com novos projetos sustent\u00e1veis e refor\u00e7a v\u00ednculos industriais - Perspetiva Atual","description":"Alinhado com os desafios da transi\u00e7\u00e3o ecol\u00f3gica e digital, o Departamento de Engenharia Qu\u00edmica (DEQ) da Universidade de Coimbra...","robots":{"index":"index","follow":"follow","max-snippet":"max-snippet:-1","max-image-preview":"max-image-preview:large","max-video-preview":"max-video-preview:-1"},"canonical":"https:\/\/perspetivaatual.pt\/index.php\/2025\/06\/06\/deq-avanca-com-novos-projetos-sustentaveis-e-reforca-vinculos-industriais\/","og_locale":"pt_PT","og_type":"article","og_title":"DEQ avan\u00e7a com novos projetos sustent\u00e1veis e refor\u00e7a v\u00ednculos industriais - Perspetiva Atual","og_description":"Alinhado com os desafios da transi\u00e7\u00e3o ecol\u00f3gica e digital, o Departamento de Engenharia Qu\u00edmica (DEQ) da Universidade de Coimbra...","og_url":"https:\/\/perspetivaatual.pt\/index.php\/2025\/06\/06\/deq-avanca-com-novos-projetos-sustentaveis-e-reforca-vinculos-industriais\/","og_site_name":"Perspetiva Atual","article_published_time":"2025-06-06T07:00:00+00:00","article_modified_time":"2025-06-06T08:47:32+00:00","og_image":[{"width":2560,"height":1707,"url":"https:\/\/perspetivaatual.pt\/wp-content\/uploads\/2025\/05\/Aula-scaled.jpg","type":"image\/jpeg"}],"author":"Vitoria Girao","twitter_card":"summary_large_image","twitter_misc":{"Escrito por":false,"Tempo estimado de leitura":"14 minutos"},"schema":{"@context":"https:\/\/schema.org","@graph":[{"@type":"Article","@id":"https:\/\/perspetivaatual.pt\/index.php\/2025\/06\/06\/deq-avanca-com-novos-projetos-sustentaveis-e-reforca-vinculos-industriais\/#article","isPartOf":{"@id":"https:\/\/perspetivaatual.pt\/index.php\/2025\/06\/06\/deq-avanca-com-novos-projetos-sustentaveis-e-reforca-vinculos-industriais\/"},"author":{"name":"Vitoria Girao","@id":"https:\/\/perspetivaatual.pt\/#\/schema\/person\/c90e8e11129f189f1b7588bf2888f8b5"},"headline":"DEQ avan\u00e7a com novos projetos sustent\u00e1veis e refor\u00e7a v\u00ednculos industriais","datePublished":"2025-06-06T07:00:00+00:00","dateModified":"2025-06-06T08:47:32+00:00","mainEntityOfPage":{"@id":"https:\/\/perspetivaatual.pt\/index.php\/2025\/06\/06\/deq-avanca-com-novos-projetos-sustentaveis-e-reforca-vinculos-industriais\/"},"wordCount":2575,"commentCount":0,"publisher":{"@id":"https:\/\/perspetivaatual.pt\/#organization"},"image":{"@id":"https:\/\/perspetivaatual.pt\/index.php\/2025\/06\/06\/deq-avanca-com-novos-projetos-sustentaveis-e-reforca-vinculos-industriais\/#primaryimage"},"thumbnailUrl":"http:\/\/perspetivaatual.pt\/wp-content\/uploads\/2025\/05\/Aula-scaled.jpg","keywords":["#departamentoengenhariaqu\u00edmica","#deq","#marcoreis","#novosprojetos","#universidadedecoimbra"],"articleSection":["Educa\u00e7\u00e3o","Investiga\u00e7\u00e3o"],"inLanguage":"pt-PT","potentialAction":[{"@type":"CommentAction","name":"Comment","target":["https:\/\/perspetivaatual.pt\/index.php\/2025\/06\/06\/deq-avanca-com-novos-projetos-sustentaveis-e-reforca-vinculos-industriais\/#respond"]}]},{"@type":"WebPage","@id":"https:\/\/perspetivaatual.pt\/index.php\/2025\/06\/06\/deq-avanca-com-novos-projetos-sustentaveis-e-reforca-vinculos-industriais\/","url":"https:\/\/perspetivaatual.pt\/index.php\/2025\/06\/06\/deq-avanca-com-novos-projetos-sustentaveis-e-reforca-vinculos-industriais\/","name":"DEQ avan\u00e7a com novos projetos sustent\u00e1veis e refor\u00e7a v\u00ednculos industriais - Perspetiva Atual","isPartOf":{"@id":"https:\/\/perspetivaatual.pt\/#website"},"primaryImageOfPage":{"@id":"https:\/\/perspetivaatual.pt\/index.php\/2025\/06\/06\/deq-avanca-com-novos-projetos-sustentaveis-e-reforca-vinculos-industriais\/#primaryimage"},"image":{"@id":"https:\/\/perspetivaatual.pt\/index.php\/2025\/06\/06\/deq-avanca-com-novos-projetos-sustentaveis-e-reforca-vinculos-industriais\/#primaryimage"},"thumbnailUrl":"http:\/\/perspetivaatual.pt\/wp-content\/uploads\/2025\/05\/Aula-scaled.jpg","datePublished":"2025-06-06T07:00:00+00:00","dateModified":"2025-06-06T08:47:32+00:00","description":"Alinhado com os desafios da transi\u00e7\u00e3o ecol\u00f3gica e digital, o Departamento de Engenharia Qu\u00edmica (DEQ) da Universidade de Coimbra...","breadcrumb":{"@id":"https:\/\/perspetivaatual.pt\/index.php\/2025\/06\/06\/deq-avanca-com-novos-projetos-sustentaveis-e-reforca-vinculos-industriais\/#breadcrumb"},"inLanguage":"pt-PT","potentialAction":[{"@type":"ReadAction","target":["https:\/\/perspetivaatual.pt\/index.php\/2025\/06\/06\/deq-avanca-com-novos-projetos-sustentaveis-e-reforca-vinculos-industriais\/"]}]},{"@type":"ImageObject","inLanguage":"pt-PT","@id":"https:\/\/perspetivaatual.pt\/index.php\/2025\/06\/06\/deq-avanca-com-novos-projetos-sustentaveis-e-reforca-vinculos-industriais\/#primaryimage","url":"http:\/\/perspetivaatual.pt\/wp-content\/uploads\/2025\/05\/Aula-scaled.jpg","contentUrl":"http:\/\/perspetivaatual.pt\/wp-content\/uploads\/2025\/05\/Aula-scaled.jpg","width":2560,"height":1707},{"@type":"BreadcrumbList","@id":"https:\/\/perspetivaatual.pt\/index.php\/2025\/06\/06\/deq-avanca-com-novos-projetos-sustentaveis-e-reforca-vinculos-industriais\/#breadcrumb","itemListElement":[{"@type":"ListItem","position":1,"name":"Home","item":"https:\/\/perspetivaatual.pt\/"},{"@type":"ListItem","position":2,"name":"DEQ avan\u00e7a com novos projetos sustent\u00e1veis e refor\u00e7a v\u00ednculos industriais"}]},{"@type":"WebSite","@id":"https:\/\/perspetivaatual.pt\/#website","url":"https:\/\/perspetivaatual.pt\/","name":"Perspetiva Atual","description":"Olhar Portugal, de diferentes formas","publisher":{"@id":"https:\/\/perspetivaatual.pt\/#organization"},"potentialAction":[{"@type":"SearchAction","target":{"@type":"EntryPoint","urlTemplate":"https:\/\/perspetivaatual.pt\/?s={search_term_string}"},"query-input":{"@type":"PropertyValueSpecification","valueRequired":true,"valueName":"search_term_string"}}],"inLanguage":"pt-PT"},{"@type":"Organization","@id":"https:\/\/perspetivaatual.pt\/#organization","name":"Perspetiva Atual","url":"https:\/\/perspetivaatual.pt\/","logo":{"@type":"ImageObject","inLanguage":"pt-PT","@id":"https:\/\/perspetivaatual.pt\/#\/schema\/logo\/image\/","url":"http:\/\/perspetivaatual.pt\/wp-content\/uploads\/2020\/08\/cropped-perspetiva_atual-.png","contentUrl":"http:\/\/perspetivaatual.pt\/wp-content\/uploads\/2020\/08\/cropped-perspetiva_atual-.png","width":618,"height":202,"caption":"Perspetiva Atual"},"image":{"@id":"https:\/\/perspetivaatual.pt\/#\/schema\/logo\/image\/"}},{"@type":"Person","@id":"https:\/\/perspetivaatual.pt\/#\/schema\/person\/c90e8e11129f189f1b7588bf2888f8b5","name":"Vitoria Girao","image":{"@type":"ImageObject","inLanguage":"pt-PT","@id":"https:\/\/perspetivaatual.pt\/#\/schema\/person\/image\/","url":"https:\/\/secure.gravatar.com\/avatar\/7a4a232c077ec4326004bec18e9d4616?s=96&d=mm&r=g","contentUrl":"https:\/\/secure.gravatar.com\/avatar\/7a4a232c077ec4326004bec18e9d4616?s=96&d=mm&r=g","caption":"Vitoria Girao"},"url":"http:\/\/perspetivaatual.pt\/index.php\/author\/vitoria-girao\/"}]}},"featured_image_urls":{"full":["http:\/\/perspetivaatual.pt\/wp-content\/uploads\/2025\/05\/Aula-scaled.jpg",2560,1707,false],"thumbnail":["http:\/\/perspetivaatual.pt\/wp-content\/uploads\/2025\/05\/Aula-150x150.jpg",150,150,true],"medium":["http:\/\/perspetivaatual.pt\/wp-content\/uploads\/2025\/05\/Aula-300x200.jpg",300,200,true],"medium_large":["http:\/\/perspetivaatual.pt\/wp-content\/uploads\/2025\/05\/Aula-768x512.jpg",640,427,true],"large":["http:\/\/perspetivaatual.pt\/wp-content\/uploads\/2025\/05\/Aula-1024x683.jpg",640,427,true],"1536x1536":["http:\/\/perspetivaatual.pt\/wp-content\/uploads\/2025\/05\/Aula-1536x1024.jpg",1536,1024,true],"2048x2048":["http:\/\/perspetivaatual.pt\/wp-content\/uploads\/2025\/05\/Aula-2048x1365.jpg",2048,1365,true],"magazine-7-slider-full":["http:\/\/perspetivaatual.pt\/wp-content\/uploads\/2025\/05\/Aula-1536x1020.jpg",1536,1020,true],"magazine-7-slider-center":["http:\/\/perspetivaatual.pt\/wp-content\/uploads\/2025\/05\/Aula-936x897.jpg",936,897,true],"magazine-7-featured":["http:\/\/perspetivaatual.pt\/wp-content\/uploads\/2025\/05\/Aula-1024x683.jpg",1024,683,true],"magazine-7-medium":["http:\/\/perspetivaatual.pt\/wp-content\/uploads\/2025\/05\/Aula-720x380.jpg",720,380,true],"magazine-7-medium-square":["http:\/\/perspetivaatual.pt\/wp-content\/uploads\/2025\/05\/Aula-675x450.jpg",675,450,true],"rpwe-thumbnail":["http:\/\/perspetivaatual.pt\/wp-content\/uploads\/2025\/05\/Aula-45x45.jpg",45,45,true]},"author_info":{"info":[false]},"category_info":"<a href=\"http:\/\/perspetivaatual.pt\/index.php\/category\/educacao\/\" rel=\"category tag\">Educa\u00e7\u00e3o<\/a> <a href=\"http:\/\/perspetivaatual.pt\/index.php\/category\/investigacao\/\" rel=\"category tag\">Investiga\u00e7\u00e3o<\/a>","tag_info":"Investiga\u00e7\u00e3o","comment_count":"0","_links":{"self":[{"href":"http:\/\/perspetivaatual.pt\/index.php\/wp-json\/wp\/v2\/posts\/4714","targetHints":{"allow":["GET"]}}],"collection":[{"href":"http:\/\/perspetivaatual.pt\/index.php\/wp-json\/wp\/v2\/posts"}],"about":[{"href":"http:\/\/perspetivaatual.pt\/index.php\/wp-json\/wp\/v2\/types\/post"}],"author":[{"embeddable":true,"href":"http:\/\/perspetivaatual.pt\/index.php\/wp-json\/wp\/v2\/users\/11"}],"replies":[{"embeddable":true,"href":"http:\/\/perspetivaatual.pt\/index.php\/wp-json\/wp\/v2\/comments?post=4714"}],"version-history":[{"count":0,"href":"http:\/\/perspetivaatual.pt\/index.php\/wp-json\/wp\/v2\/posts\/4714\/revisions"}],"wp:featuredmedia":[{"embeddable":true,"href":"http:\/\/perspetivaatual.pt\/index.php\/wp-json\/wp\/v2\/media\/4715"}],"wp:attachment":[{"href":"http:\/\/perspetivaatual.pt\/index.php\/wp-json\/wp\/v2\/media?parent=4714"}],"wp:term":[{"taxonomy":"category","embeddable":true,"href":"http:\/\/perspetivaatual.pt\/index.php\/wp-json\/wp\/v2\/categories?post=4714"},{"taxonomy":"post_tag","embeddable":true,"href":"http:\/\/perspetivaatual.pt\/index.php\/wp-json\/wp\/v2\/tags?post=4714"}],"curies":[{"name":"wp","href":"https:\/\/api.w.org\/{rel}","templated":true}]}}