{"id":4730,"date":"2025-06-06T07:00:00","date_gmt":"2025-06-06T07:00:00","guid":{"rendered":"https:\/\/perspetivaatual.pt\/?p=4730"},"modified":"2025-06-06T08:47:22","modified_gmt":"2025-06-06T08:47:22","slug":"o-primeiro-instituto-no-sul-da-europa-dedicado-ao-estudo-das-bases-moleculares-do-envelhecimento","status":"publish","type":"post","link":"http:\/\/perspetivaatual.pt\/index.php\/2025\/06\/06\/o-primeiro-instituto-no-sul-da-europa-dedicado-ao-estudo-das-bases-moleculares-do-envelhecimento\/","title":{"rendered":"O primeiro Instituto no sul da Europa dedicado ao estudo das bases moleculares do envelhecimento"},"content":{"rendered":"\n<p>Lan\u00e7ado em janeiro de 2020, o MIA-Portugal resulta de um projeto Teaming europeu, cofinanciado pela Comiss\u00e3o Europeia e pela Comiss\u00e3o de Coordena\u00e7\u00e3o e Desenvolvimento Regional do Centro (CCDRC). Est\u00e1 sediado na Universidade de Coimbra e conta com parceiros de excel\u00eancia internacionais, como o Centro M\u00e9dico Universit\u00e1rio de Groningen, a Universidade de Newcastle, e o Instituto Pedro Nunes (Coimbra), como parceiro nacional.<\/p>\n\n\n\n<p>O posicionamento do MIA-Portugal como um centro de refer\u00eancia europeu na investiga\u00e7\u00e3o em envelhecimento assenta em quatro eixos estrat\u00e9gicos \u2014 investimento em talento, parcerias internacionais, liga\u00e7\u00e3o ao tecido produtivo e ao sistema de sa\u00fade, e infraestrutura de excel\u00eancia. Atualmente, o MIA-Portugal \u00e9 composto por mais de 60 investigadores, t\u00e9cnicos especializados e profissionais de gest\u00e3o de ci\u00eancia, esperando-se que cres\u00e7a gradualmente at\u00e9 atingir 300 investigadores e t\u00e9cnicos. O Instituto est\u00e1 provisoriamente instalado no P\u00f3lo I da Universidade de Coimbra. Est\u00e1 previsto que mude para instala\u00e7\u00f5es definitivas, que est\u00e3o a ser constru\u00eddas no P\u00f3lo III da Universidade de Coimbra, em 2026. Esta infraestrutura moderna foi concebida de raiz para apoiar a investiga\u00e7\u00e3o de excel\u00eancia na \u00e1rea do envelhecimento.<\/p>\n\n\n\n<p><strong>A Miss\u00e3o \u2013 Definir o futuro do envelhecimento<\/strong><\/p>\n\n\n\n<p>De acordo com dados da Organiza\u00e7\u00e3o Mundial da Sa\u00fade, a esperan\u00e7a m\u00e9dia de vida global aumentou mais de seis anos entre 2000 e 2019 \u2014 passando de 66,8 anos para 73,1 anos. Em Portugal, a esperan\u00e7a m\u00e9dia de vida \u00e0 nascen\u00e7a \u00e9 atualmente de 78,37 anos para os homens e 83,67 anos para as mulheres. No entanto, a esperan\u00e7a de vida saud\u00e1vel n\u00e3o acompanhou este ritmo de crescimento, registando um aumento de apenas 5,3 anos. Isto significa que estamos a viver mais tempo, mas nem sempre com qualidade de vida, devido ao aumento das doen\u00e7as cr\u00f3nicas associadas \u00e0 idade, como doen\u00e7as cardiovasculares, diabetes e dem\u00eancia.<\/p>\n\n\n\n<p>\u00c9 neste contexto que o MIA-Portugal assume um papel determinante. O Instituto pretende acrescentar mais anos saud\u00e1veis \u00e0 vida humana, n\u00e3o apenas prolongando a longevidade, mas assegurando que esses anos sejam vividos com qualidade. Ao adotar uma abordagem multidisciplinar e apostar no desenvolvimento de metodologias inovadoras para o estudo do envelhecimento, o MIA-Portugal procura responder a uma das quest\u00f5es fundamentais da biologia: <strong>Como \u00e9 que envelhecemos?<\/strong> A resposta permitir\u00e1 compreender a biologia do envelhecimento e das doen\u00e7as associadas, al\u00e9m de desenvolver estrat\u00e9gias para preveni-las, aumentando assim a qualidade de vida da popula\u00e7\u00e3o idosa.<\/p>\n\n\n\n<figure class=\"wp-block-image aligncenter is-resized\"><img loading=\"lazy\" decoding=\"async\" width=\"1204\" height=\"1600\" src=\"http:\/\/perspetivaatual.pt\/wp-content\/uploads\/2025\/05\/Imagem-2.jpg\" alt=\"\" class=\"wp-image-4732\" style=\"width:554px;height:auto\" srcset=\"http:\/\/perspetivaatual.pt\/wp-content\/uploads\/2025\/05\/Imagem-2.jpg 1204w, http:\/\/perspetivaatual.pt\/wp-content\/uploads\/2025\/05\/Imagem-2-226x300.jpg 226w, http:\/\/perspetivaatual.pt\/wp-content\/uploads\/2025\/05\/Imagem-2-771x1024.jpg 771w, http:\/\/perspetivaatual.pt\/wp-content\/uploads\/2025\/05\/Imagem-2-768x1021.jpg 768w, http:\/\/perspetivaatual.pt\/wp-content\/uploads\/2025\/05\/Imagem-2-1156x1536.jpg 1156w, http:\/\/perspetivaatual.pt\/wp-content\/uploads\/2025\/05\/Imagem-2-1024x1361.jpg 1024w\" sizes=\"auto, (max-width: 1204px) 100vw, 1204px\" \/><figcaption class=\"wp-element-caption\">Novo edif\u00edcio do MIA-Portugal no P\u00f3lo III da<br>Universidade de Coimbra<\/figcaption><\/figure>\n\n\n\n<p>O MIA-Portugal recrutou, a n\u00edvel global e com base no m\u00e9rito, nove grupos de investiga\u00e7\u00e3o focados em tr\u00eas grandes \u00e1reas:<\/p>\n\n\n\n<ul class=\"wp-block-list\">\n<li>Regula\u00e7\u00e3o molecular do envelhecimento,<\/li>\n\n\n\n<li>Envelhecimento celular e dos tecidos,<\/li>\n\n\n\n<li>Envelhecimento sist\u00e9mico e do organismo.<\/li>\n<\/ul>\n\n\n\n<p>Destacam-se estudos sobre o envelhecimento do sistema nervoso, o envelhecimento do sistema vascular e o desenvolvimento de terapias celulares direcionadas a doen\u00e7as cr\u00f3nicas.<\/p>\n\n\n\n<p>A equipa cient\u00edfica do MIA-Portugal \u00e9 altamente qualificada, internacional e tem comprovada capacidade para atrair financiamento competitivo. Esta aposta no talento de excel\u00eancia visa garantir uma produ\u00e7\u00e3o cient\u00edfica de alto impacto, contribuindo para o reconhecimento do MIA-Portugal como um dos principais centros europeus na \u00e1rea da biologia do envelhecimento.<\/p>\n\n\n\n<p><strong>As Infraestruturas<\/strong><\/p>\n\n\n\n<p>A infraestrutura f\u00edsica do MIA-Portugal reflete a sua ambi\u00e7\u00e3o de se afirmar como l\u00edder europeu na investiga\u00e7\u00e3o em envelhecimento. O novo edif\u00edcio contar\u00e1 com instala\u00e7\u00f5es e equipamentos laboratoriais de \u00faltima gera\u00e7\u00e3o, que permitir\u00e3o impulsionar significativamente a investiga\u00e7\u00e3o. A entrada em funcionamento est\u00e1 prevista para 2026, com a instala\u00e7\u00e3o da equipa cient\u00edfica do Instituto.<\/p>\n\n\n\n<p>O investimento global conjunto da Comiss\u00e3o Europeia e da CCDRC ultrapassa os 38 milh\u00f5es de euros, com expectativa de crescimento substancial nos pr\u00f3ximos anos.<\/p>\n\n\n\n<p>Com capacidade para acolher 300 investigadores e instalar mais de 10 plataformas tecnol\u00f3gicas inovadoras \u2014 como microscopia avan\u00e7ada, sequencia\u00e7\u00e3o gen\u00f3mica e desenvolvimento de modelos animais \u2014 o edif\u00edcio contar\u00e1 ainda com laborat\u00f3rios de excel\u00eancia acess\u00edveis \u00e0s empresas e \u00e0 comunidade cient\u00edfica em geral. Espera-se que este seja um verdadeiro ponto de refer\u00eancia internacional na investiga\u00e7\u00e3o em envelhecimento.<\/p>\n\n\n\n<figure class=\"wp-block-image aligncenter is-resized\"><img loading=\"lazy\" decoding=\"async\" width=\"2560\" height=\"1600\" src=\"http:\/\/perspetivaatual.pt\/wp-content\/uploads\/2025\/05\/Imagem-4-scaled.jpg\" alt=\"\" class=\"wp-image-4733\" style=\"width:638px;height:auto\" srcset=\"http:\/\/perspetivaatual.pt\/wp-content\/uploads\/2025\/05\/Imagem-4-scaled.jpg 2560w, http:\/\/perspetivaatual.pt\/wp-content\/uploads\/2025\/05\/Imagem-4-300x188.jpg 300w, http:\/\/perspetivaatual.pt\/wp-content\/uploads\/2025\/05\/Imagem-4-1024x640.jpg 1024w, http:\/\/perspetivaatual.pt\/wp-content\/uploads\/2025\/05\/Imagem-4-768x480.jpg 768w, http:\/\/perspetivaatual.pt\/wp-content\/uploads\/2025\/05\/Imagem-4-1536x960.jpg 1536w, http:\/\/perspetivaatual.pt\/wp-content\/uploads\/2025\/05\/Imagem-4-2048x1280.jpg 2048w\" sizes=\"auto, (max-width: 2560px) 100vw, 2560px\" \/><figcaption class=\"wp-element-caption\">Dados sobre o impacto do MIA-Portugal entre 2020 e 2025<\/figcaption><\/figure>\n\n\n\n<p><strong>MIA-Portugal e o ecossistema Nacional e Internacional<\/strong><\/p>\n\n\n\n<p> O MIA-Portugal est\u00e1 inserido no ecossistema de investiga\u00e7\u00e3o biom\u00e9dica da Universidade de Coimbra. A Universidade de Coimbra tem uma tradi\u00e7\u00e3o de vanguarda na investiga\u00e7\u00e3o cient\u00edfica em sa\u00fade, especificamente, na \u00e1rea do envelhecimento. Uma das parcerias nacionais cruciais que o MIA-Portugal mant\u00e9m \u00e9 com o cons\u00f3rcio Ageing@Coimbra, que \u00e9 um facilitador da cria\u00e7\u00e3o de projetos inovadores na \u00e1rea do envelhecimento ativo e saud\u00e1vel, pretendendo igualmente impulsionar a economia e o empreendedorismo jovem no setor dos servi\u00e7os de sa\u00fade. As parcerias internacionais s\u00e3o fundamentais na cria\u00e7\u00e3o de uma rede global de investiga\u00e7\u00e3o sobre o envelhecimento, um dos principais objetivos do MIA-Portugal. A colabora\u00e7\u00e3o estreita com os seus membros fundadores internacionais \u2014 a Faculdade de Medicina e o Instituto de Biologia do Envelhecimento (ERIBA) Universidade de Groningen (Pa\u00edses Baixos) e a Universidade de Newcastle (Reino Unido) \u2014, ambas institui\u00e7\u00f5es com um historial s\u00f3lido na investiga\u00e7\u00e3o na \u00e1rea do envelhecimento, permite ao MIA-Portugal beneficiar da experi\u00eancia de institutos de topo, partilhar boas pr\u00e1ticas e acelerar o seu crescimento cient\u00edfico e institucional. <\/p>\n\n\n\n<p>Como parte da sua estrat\u00e9gia de internacionaliza\u00e7\u00e3o, o MIA-Portugal colabora tamb\u00e9m com a Alliance for Healthy Aging, um cons\u00f3rcio que re\u00fane os principais centros mundiais de investiga\u00e7\u00e3o na \u00e1rea do envelhecimento. O MIA-Portugal \u00e9 altamente colaborativo e aberto ao exterior estando numa fase de estabelecer parcerias com outros institutos internacionais, nomeadamente com institui\u00e7\u00f5es de prest\u00edgio, como a Universidade de Quioto (Jap\u00e3o) e a Universidade Polit\u00e9cnica de Macau (China). Estas colabora\u00e7\u00f5es envolvem o desenvolvimento conjunto de projetos, interc\u00e2mbio de estudantes e partilha de conhecimentos. Outro eixo estrat\u00e9gico fundamental s\u00e3o as parcerias com o setor industrial e com o Sistema Nacional de Sa\u00fade (SNS). Estas colabora\u00e7\u00f5es visam garantir que a investiga\u00e7\u00e3o produzida no MIA-Portugal tem aplica\u00e7\u00e3o direta na sa\u00fade da popula\u00e7\u00e3o, promovendo a transfer\u00eancia de conhecimento, o desenvolvimento de novas terapias e tecnologias, e a cria\u00e7\u00e3o de solu\u00e7\u00f5es sustent\u00e1veis para um envelhecimento saud\u00e1vel. <\/p>\n\n\n\n<figure class=\"wp-block-image aligncenter is-resized\"><img loading=\"lazy\" decoding=\"async\" width=\"1600\" height=\"1204\" src=\"http:\/\/perspetivaatual.pt\/wp-content\/uploads\/2025\/05\/Imagem-3.jpg\" alt=\"\" class=\"wp-image-4734\" style=\"width:604px;height:auto\" srcset=\"http:\/\/perspetivaatual.pt\/wp-content\/uploads\/2025\/05\/Imagem-3.jpg 1600w, http:\/\/perspetivaatual.pt\/wp-content\/uploads\/2025\/05\/Imagem-3-300x226.jpg 300w, http:\/\/perspetivaatual.pt\/wp-content\/uploads\/2025\/05\/Imagem-3-1024x771.jpg 1024w, http:\/\/perspetivaatual.pt\/wp-content\/uploads\/2025\/05\/Imagem-3-768x578.jpg 768w, http:\/\/perspetivaatual.pt\/wp-content\/uploads\/2025\/05\/Imagem-3-1536x1156.jpg 1536w\" sizes=\"auto, (max-width: 1600px) 100vw, 1600px\" \/><figcaption class=\"wp-element-caption\">Novo edif\u00edcio do MIA-Portugal no P\u00f3lo III da Universidade de Coimbra<\/figcaption><\/figure>\n\n\n\n<p><strong>O Impacto <\/strong><\/p>\n\n\n\n<p>Apesar de ser um instituto focado na investiga\u00e7\u00e3o fundamental, o MIA-Portugal aposta em iniciativas de elevado impacto socioecon\u00f3mico. Em particular, a identifica\u00e7\u00e3o de fatores determinantes para o envelhecimento saud\u00e1vel, aliada ao desenvolvimento de novos alvos terap\u00eauticos e testes de diagn\u00f3stico, permitir\u00e1 reduzir de forma expressiva o peso das doen\u00e7as relacionadas com a idade nos sistemas nacionais de sa\u00fade. O MIA-Portugal tem tamb\u00e9m um forte compromisso com a dissemina\u00e7\u00e3o do conhecimento e a forma\u00e7\u00e3o da pr\u00f3xima gera\u00e7\u00e3o de cientistas. Nos \u00faltimos cinco anos, publicou mais de 60 artigos cient\u00edficos em revistas de elevado impacto e organizou semin\u00e1rios e confer\u00eancias que envolveram mais de 1.000 investigadores. <\/p>\n\n\n\n<p>Em paralelo, tem contribu\u00eddo de forma significativa para a forma\u00e7\u00e3o de estudantes do ensino superior, refor\u00e7ando a capacidade cient\u00edfica nacional. Uma das prioridades estrat\u00e9gicas do Instituto \u00e9 a promo\u00e7\u00e3o da cultura cient\u00edfica junto do p\u00fablico. Desde 2020, o MIA-Portugal desenvolveu diversas a\u00e7\u00f5es de comunica\u00e7\u00e3o e sensibiliza\u00e7\u00e3o, que envolveram mais de 10.000 pessoas. Para al\u00e9m disso, destaca-se a divulga\u00e7\u00e3o de boas pr\u00e1ticas associadas ao envelhecimento saud\u00e1vel, em colabora\u00e7\u00e3o com o cons\u00f3rcio Ageing@Coimbra. Estas iniciativas incluem a participa\u00e7\u00e3o no Dia Internacional do Idoso e de palestras na Universidade S\u00e9nior Aposenior, promovidas pelos nossos investigadores. Conjuntamente, estas a\u00e7\u00f5es refor\u00e7am o papel da ci\u00eancia na sociedade e contribuem para aumentar a visibilidade e o impacto do trabalho desenvolvido no Instituto. <\/p>\n\n\n\n<p>O investimento em talento, a cria\u00e7\u00e3o de parcerias internacionais estrat\u00e9gicas, a articula\u00e7\u00e3o com o setor produtivo e o SNS, bem como a aposta em infraestruturas de excel\u00eancia, s\u00e3o elementos fundamentais para concretizar a ambi\u00e7\u00e3o de posicionar o MIA-Portugal entre os cinco principais centros europeus dedicados \u00e0 biologia do envelhecimento. <\/p>\n\n\n\n<p><strong>Contactos <\/strong><\/p>\n\n\n\n<p>Para saber mais sobre o MIA-Portugal, utilize o QR Code e explore as nossas redes sociais ou visite o nosso website em <a>https:\/\/www.uc.pt\/mia\/<\/a> Este projeto recebeu financiamento do programa de investiga\u00e7\u00e3o e inova\u00e7\u00e3o Horizon 2020 da Uni\u00e3o Europeia sob o contrato n\u00ba 857524.<\/p>\n\n\n\n<figure class=\"wp-block-image aligncenter is-resized\"><img loading=\"lazy\" decoding=\"async\" width=\"1000\" height=\"1000\" src=\"http:\/\/perspetivaatual.pt\/wp-content\/uploads\/2025\/05\/Imagem-5.png\" alt=\"\" class=\"wp-image-4735\" style=\"width:162px;height:auto\" srcset=\"http:\/\/perspetivaatual.pt\/wp-content\/uploads\/2025\/05\/Imagem-5.png 1000w, http:\/\/perspetivaatual.pt\/wp-content\/uploads\/2025\/05\/Imagem-5-300x300.png 300w, http:\/\/perspetivaatual.pt\/wp-content\/uploads\/2025\/05\/Imagem-5-150x150.png 150w, http:\/\/perspetivaatual.pt\/wp-content\/uploads\/2025\/05\/Imagem-5-768x768.png 768w, http:\/\/perspetivaatual.pt\/wp-content\/uploads\/2025\/05\/Imagem-5-45x45.png 45w\" sizes=\"auto, (max-width: 1000px) 100vw, 1000px\" \/><\/figure>\n","protected":false},"excerpt":{"rendered":"<p>Lan\u00e7ado em janeiro de 2020, o MIA-Portugal resulta de um projeto Teaming europeu, cofinanciado pela<\/p>\n","protected":false},"author":11,"featured_media":4731,"comment_status":"open","ping_status":"open","sticky":false,"template":"","format":"standard","meta":{"footnotes":""},"categories":[3,165],"tags":[782,758],"class_list":["post-4730","post","type-post","status-publish","format-standard","has-post-thumbnail","hentry","category-educacao","category-investigacao","tag-mia-portugal","tag-universidadedecoimbra"],"yoast_head":"<!-- This site is optimized with the Yoast SEO plugin v24.2 - https:\/\/yoast.com\/wordpress\/plugins\/seo\/ -->\n<title>O primeiro Instituto no sul da Europa dedicado ao estudo das bases moleculares do envelhecimento - Perspetiva Atual<\/title>\n<meta name=\"description\" content=\"Lan\u00e7ado em janeiro de 2020, o MIA-Portugal resulta de um projeto Teaming europeu, cofinanciado pela Comiss\u00e3o Europeia e pela Comiss\u00e3o...\" \/>\n<meta name=\"robots\" content=\"index, follow, max-snippet:-1, max-image-preview:large, max-video-preview:-1\" \/>\n<link rel=\"canonical\" href=\"https:\/\/perspetivaatual.pt\/index.php\/2025\/06\/06\/o-primeiro-instituto-no-sul-da-europa-dedicado-ao-estudo-das-bases-moleculares-do-envelhecimento\/\" \/>\n<meta property=\"og:locale\" content=\"pt_PT\" \/>\n<meta property=\"og:type\" content=\"article\" \/>\n<meta property=\"og:title\" content=\"O primeiro Instituto no sul da Europa dedicado ao estudo das bases moleculares do envelhecimento - Perspetiva Atual\" \/>\n<meta property=\"og:description\" content=\"Lan\u00e7ado em janeiro de 2020, o MIA-Portugal resulta de um projeto Teaming europeu, cofinanciado pela Comiss\u00e3o Europeia e pela Comiss\u00e3o...\" \/>\n<meta property=\"og:url\" content=\"https:\/\/perspetivaatual.pt\/index.php\/2025\/06\/06\/o-primeiro-instituto-no-sul-da-europa-dedicado-ao-estudo-das-bases-moleculares-do-envelhecimento\/\" \/>\n<meta property=\"og:site_name\" content=\"Perspetiva Atual\" \/>\n<meta property=\"article:published_time\" content=\"2025-06-06T07:00:00+00:00\" \/>\n<meta property=\"article:modified_time\" content=\"2025-06-06T08:47:22+00:00\" \/>\n<meta property=\"og:image\" content=\"https:\/\/perspetivaatual.pt\/wp-content\/uploads\/2025\/05\/Imagem-1.jpg\" \/>\n\t<meta property=\"og:image:width\" content=\"1536\" \/>\n\t<meta property=\"og:image:height\" content=\"2040\" \/>\n\t<meta property=\"og:image:type\" content=\"image\/jpeg\" \/>\n<meta name=\"author\" content=\"Vitoria Girao\" \/>\n<meta name=\"twitter:card\" content=\"summary_large_image\" \/>\n<meta name=\"twitter:label1\" content=\"Escrito por\" \/>\n\t<meta name=\"twitter:data1\" content=\"\" \/>\n\t<meta name=\"twitter:label2\" content=\"Tempo estimado de leitura\" \/>\n\t<meta name=\"twitter:data2\" content=\"9 minutos\" \/>\n<script type=\"application\/ld+json\" class=\"yoast-schema-graph\">{\"@context\":\"https:\/\/schema.org\",\"@graph\":[{\"@type\":\"Article\",\"@id\":\"https:\/\/perspetivaatual.pt\/index.php\/2025\/06\/06\/o-primeiro-instituto-no-sul-da-europa-dedicado-ao-estudo-das-bases-moleculares-do-envelhecimento\/#article\",\"isPartOf\":{\"@id\":\"https:\/\/perspetivaatual.pt\/index.php\/2025\/06\/06\/o-primeiro-instituto-no-sul-da-europa-dedicado-ao-estudo-das-bases-moleculares-do-envelhecimento\/\"},\"author\":{\"name\":\"Vitoria Girao\",\"@id\":\"https:\/\/perspetivaatual.pt\/#\/schema\/person\/c90e8e11129f189f1b7588bf2888f8b5\"},\"headline\":\"O primeiro Instituto no sul da Europa dedicado ao estudo das bases moleculares do envelhecimento\",\"datePublished\":\"2025-06-06T07:00:00+00:00\",\"dateModified\":\"2025-06-06T08:47:22+00:00\",\"mainEntityOfPage\":{\"@id\":\"https:\/\/perspetivaatual.pt\/index.php\/2025\/06\/06\/o-primeiro-instituto-no-sul-da-europa-dedicado-ao-estudo-das-bases-moleculares-do-envelhecimento\/\"},\"wordCount\":1446,\"commentCount\":0,\"publisher\":{\"@id\":\"https:\/\/perspetivaatual.pt\/#organization\"},\"image\":{\"@id\":\"https:\/\/perspetivaatual.pt\/index.php\/2025\/06\/06\/o-primeiro-instituto-no-sul-da-europa-dedicado-ao-estudo-das-bases-moleculares-do-envelhecimento\/#primaryimage\"},\"thumbnailUrl\":\"http:\/\/perspetivaatual.pt\/wp-content\/uploads\/2025\/05\/Imagem-1.jpg\",\"keywords\":[\"#MIA-Portugal\",\"#universidadedecoimbra\"],\"articleSection\":[\"Educa\u00e7\u00e3o\",\"Investiga\u00e7\u00e3o\"],\"inLanguage\":\"pt-PT\",\"potentialAction\":[{\"@type\":\"CommentAction\",\"name\":\"Comment\",\"target\":[\"https:\/\/perspetivaatual.pt\/index.php\/2025\/06\/06\/o-primeiro-instituto-no-sul-da-europa-dedicado-ao-estudo-das-bases-moleculares-do-envelhecimento\/#respond\"]}]},{\"@type\":\"WebPage\",\"@id\":\"https:\/\/perspetivaatual.pt\/index.php\/2025\/06\/06\/o-primeiro-instituto-no-sul-da-europa-dedicado-ao-estudo-das-bases-moleculares-do-envelhecimento\/\",\"url\":\"https:\/\/perspetivaatual.pt\/index.php\/2025\/06\/06\/o-primeiro-instituto-no-sul-da-europa-dedicado-ao-estudo-das-bases-moleculares-do-envelhecimento\/\",\"name\":\"O primeiro Instituto no sul da Europa dedicado ao estudo das bases moleculares do envelhecimento - Perspetiva Atual\",\"isPartOf\":{\"@id\":\"https:\/\/perspetivaatual.pt\/#website\"},\"primaryImageOfPage\":{\"@id\":\"https:\/\/perspetivaatual.pt\/index.php\/2025\/06\/06\/o-primeiro-instituto-no-sul-da-europa-dedicado-ao-estudo-das-bases-moleculares-do-envelhecimento\/#primaryimage\"},\"image\":{\"@id\":\"https:\/\/perspetivaatual.pt\/index.php\/2025\/06\/06\/o-primeiro-instituto-no-sul-da-europa-dedicado-ao-estudo-das-bases-moleculares-do-envelhecimento\/#primaryimage\"},\"thumbnailUrl\":\"http:\/\/perspetivaatual.pt\/wp-content\/uploads\/2025\/05\/Imagem-1.jpg\",\"datePublished\":\"2025-06-06T07:00:00+00:00\",\"dateModified\":\"2025-06-06T08:47:22+00:00\",\"description\":\"Lan\u00e7ado em janeiro de 2020, o MIA-Portugal resulta de um projeto Teaming europeu, cofinanciado pela Comiss\u00e3o Europeia e pela Comiss\u00e3o...\",\"breadcrumb\":{\"@id\":\"https:\/\/perspetivaatual.pt\/index.php\/2025\/06\/06\/o-primeiro-instituto-no-sul-da-europa-dedicado-ao-estudo-das-bases-moleculares-do-envelhecimento\/#breadcrumb\"},\"inLanguage\":\"pt-PT\",\"potentialAction\":[{\"@type\":\"ReadAction\",\"target\":[\"https:\/\/perspetivaatual.pt\/index.php\/2025\/06\/06\/o-primeiro-instituto-no-sul-da-europa-dedicado-ao-estudo-das-bases-moleculares-do-envelhecimento\/\"]}]},{\"@type\":\"ImageObject\",\"inLanguage\":\"pt-PT\",\"@id\":\"https:\/\/perspetivaatual.pt\/index.php\/2025\/06\/06\/o-primeiro-instituto-no-sul-da-europa-dedicado-ao-estudo-das-bases-moleculares-do-envelhecimento\/#primaryimage\",\"url\":\"http:\/\/perspetivaatual.pt\/wp-content\/uploads\/2025\/05\/Imagem-1.jpg\",\"contentUrl\":\"http:\/\/perspetivaatual.pt\/wp-content\/uploads\/2025\/05\/Imagem-1.jpg\",\"width\":1536,\"height\":2040},{\"@type\":\"BreadcrumbList\",\"@id\":\"https:\/\/perspetivaatual.pt\/index.php\/2025\/06\/06\/o-primeiro-instituto-no-sul-da-europa-dedicado-ao-estudo-das-bases-moleculares-do-envelhecimento\/#breadcrumb\",\"itemListElement\":[{\"@type\":\"ListItem\",\"position\":1,\"name\":\"Home\",\"item\":\"https:\/\/perspetivaatual.pt\/\"},{\"@type\":\"ListItem\",\"position\":2,\"name\":\"O primeiro Instituto no sul da Europa dedicado ao estudo das bases moleculares do envelhecimento\"}]},{\"@type\":\"WebSite\",\"@id\":\"https:\/\/perspetivaatual.pt\/#website\",\"url\":\"https:\/\/perspetivaatual.pt\/\",\"name\":\"Perspetiva Atual\",\"description\":\"Olhar Portugal, de diferentes formas\",\"publisher\":{\"@id\":\"https:\/\/perspetivaatual.pt\/#organization\"},\"potentialAction\":[{\"@type\":\"SearchAction\",\"target\":{\"@type\":\"EntryPoint\",\"urlTemplate\":\"https:\/\/perspetivaatual.pt\/?s={search_term_string}\"},\"query-input\":{\"@type\":\"PropertyValueSpecification\",\"valueRequired\":true,\"valueName\":\"search_term_string\"}}],\"inLanguage\":\"pt-PT\"},{\"@type\":\"Organization\",\"@id\":\"https:\/\/perspetivaatual.pt\/#organization\",\"name\":\"Perspetiva Atual\",\"url\":\"https:\/\/perspetivaatual.pt\/\",\"logo\":{\"@type\":\"ImageObject\",\"inLanguage\":\"pt-PT\",\"@id\":\"https:\/\/perspetivaatual.pt\/#\/schema\/logo\/image\/\",\"url\":\"http:\/\/perspetivaatual.pt\/wp-content\/uploads\/2020\/08\/cropped-perspetiva_atual-.png\",\"contentUrl\":\"http:\/\/perspetivaatual.pt\/wp-content\/uploads\/2020\/08\/cropped-perspetiva_atual-.png\",\"width\":618,\"height\":202,\"caption\":\"Perspetiva Atual\"},\"image\":{\"@id\":\"https:\/\/perspetivaatual.pt\/#\/schema\/logo\/image\/\"}},{\"@type\":\"Person\",\"@id\":\"https:\/\/perspetivaatual.pt\/#\/schema\/person\/c90e8e11129f189f1b7588bf2888f8b5\",\"name\":\"Vitoria Girao\",\"image\":{\"@type\":\"ImageObject\",\"inLanguage\":\"pt-PT\",\"@id\":\"https:\/\/perspetivaatual.pt\/#\/schema\/person\/image\/\",\"url\":\"https:\/\/secure.gravatar.com\/avatar\/7a4a232c077ec4326004bec18e9d4616?s=96&d=mm&r=g\",\"contentUrl\":\"https:\/\/secure.gravatar.com\/avatar\/7a4a232c077ec4326004bec18e9d4616?s=96&d=mm&r=g\",\"caption\":\"Vitoria Girao\"},\"url\":\"http:\/\/perspetivaatual.pt\/index.php\/author\/vitoria-girao\/\"}]}<\/script>\n<!-- \/ Yoast SEO plugin. -->","yoast_head_json":{"title":"O primeiro Instituto no sul da Europa dedicado ao estudo das bases moleculares do envelhecimento - Perspetiva Atual","description":"Lan\u00e7ado em janeiro de 2020, o MIA-Portugal resulta de um projeto Teaming europeu, cofinanciado pela Comiss\u00e3o Europeia e pela Comiss\u00e3o...","robots":{"index":"index","follow":"follow","max-snippet":"max-snippet:-1","max-image-preview":"max-image-preview:large","max-video-preview":"max-video-preview:-1"},"canonical":"https:\/\/perspetivaatual.pt\/index.php\/2025\/06\/06\/o-primeiro-instituto-no-sul-da-europa-dedicado-ao-estudo-das-bases-moleculares-do-envelhecimento\/","og_locale":"pt_PT","og_type":"article","og_title":"O primeiro Instituto no sul da Europa dedicado ao estudo das bases moleculares do envelhecimento - Perspetiva Atual","og_description":"Lan\u00e7ado em janeiro de 2020, o MIA-Portugal resulta de um projeto Teaming europeu, cofinanciado pela Comiss\u00e3o Europeia e pela Comiss\u00e3o...","og_url":"https:\/\/perspetivaatual.pt\/index.php\/2025\/06\/06\/o-primeiro-instituto-no-sul-da-europa-dedicado-ao-estudo-das-bases-moleculares-do-envelhecimento\/","og_site_name":"Perspetiva Atual","article_published_time":"2025-06-06T07:00:00+00:00","article_modified_time":"2025-06-06T08:47:22+00:00","og_image":[{"width":1536,"height":2040,"url":"https:\/\/perspetivaatual.pt\/wp-content\/uploads\/2025\/05\/Imagem-1.jpg","type":"image\/jpeg"}],"author":"Vitoria Girao","twitter_card":"summary_large_image","twitter_misc":{"Escrito por":false,"Tempo estimado de leitura":"9 minutos"},"schema":{"@context":"https:\/\/schema.org","@graph":[{"@type":"Article","@id":"https:\/\/perspetivaatual.pt\/index.php\/2025\/06\/06\/o-primeiro-instituto-no-sul-da-europa-dedicado-ao-estudo-das-bases-moleculares-do-envelhecimento\/#article","isPartOf":{"@id":"https:\/\/perspetivaatual.pt\/index.php\/2025\/06\/06\/o-primeiro-instituto-no-sul-da-europa-dedicado-ao-estudo-das-bases-moleculares-do-envelhecimento\/"},"author":{"name":"Vitoria Girao","@id":"https:\/\/perspetivaatual.pt\/#\/schema\/person\/c90e8e11129f189f1b7588bf2888f8b5"},"headline":"O primeiro Instituto no sul da Europa dedicado ao estudo das bases moleculares do envelhecimento","datePublished":"2025-06-06T07:00:00+00:00","dateModified":"2025-06-06T08:47:22+00:00","mainEntityOfPage":{"@id":"https:\/\/perspetivaatual.pt\/index.php\/2025\/06\/06\/o-primeiro-instituto-no-sul-da-europa-dedicado-ao-estudo-das-bases-moleculares-do-envelhecimento\/"},"wordCount":1446,"commentCount":0,"publisher":{"@id":"https:\/\/perspetivaatual.pt\/#organization"},"image":{"@id":"https:\/\/perspetivaatual.pt\/index.php\/2025\/06\/06\/o-primeiro-instituto-no-sul-da-europa-dedicado-ao-estudo-das-bases-moleculares-do-envelhecimento\/#primaryimage"},"thumbnailUrl":"http:\/\/perspetivaatual.pt\/wp-content\/uploads\/2025\/05\/Imagem-1.jpg","keywords":["#MIA-Portugal","#universidadedecoimbra"],"articleSection":["Educa\u00e7\u00e3o","Investiga\u00e7\u00e3o"],"inLanguage":"pt-PT","potentialAction":[{"@type":"CommentAction","name":"Comment","target":["https:\/\/perspetivaatual.pt\/index.php\/2025\/06\/06\/o-primeiro-instituto-no-sul-da-europa-dedicado-ao-estudo-das-bases-moleculares-do-envelhecimento\/#respond"]}]},{"@type":"WebPage","@id":"https:\/\/perspetivaatual.pt\/index.php\/2025\/06\/06\/o-primeiro-instituto-no-sul-da-europa-dedicado-ao-estudo-das-bases-moleculares-do-envelhecimento\/","url":"https:\/\/perspetivaatual.pt\/index.php\/2025\/06\/06\/o-primeiro-instituto-no-sul-da-europa-dedicado-ao-estudo-das-bases-moleculares-do-envelhecimento\/","name":"O primeiro Instituto no sul da Europa dedicado ao estudo das bases moleculares do envelhecimento - Perspetiva Atual","isPartOf":{"@id":"https:\/\/perspetivaatual.pt\/#website"},"primaryImageOfPage":{"@id":"https:\/\/perspetivaatual.pt\/index.php\/2025\/06\/06\/o-primeiro-instituto-no-sul-da-europa-dedicado-ao-estudo-das-bases-moleculares-do-envelhecimento\/#primaryimage"},"image":{"@id":"https:\/\/perspetivaatual.pt\/index.php\/2025\/06\/06\/o-primeiro-instituto-no-sul-da-europa-dedicado-ao-estudo-das-bases-moleculares-do-envelhecimento\/#primaryimage"},"thumbnailUrl":"http:\/\/perspetivaatual.pt\/wp-content\/uploads\/2025\/05\/Imagem-1.jpg","datePublished":"2025-06-06T07:00:00+00:00","dateModified":"2025-06-06T08:47:22+00:00","description":"Lan\u00e7ado em janeiro de 2020, o MIA-Portugal resulta de um projeto Teaming europeu, cofinanciado pela Comiss\u00e3o Europeia e pela Comiss\u00e3o...","breadcrumb":{"@id":"https:\/\/perspetivaatual.pt\/index.php\/2025\/06\/06\/o-primeiro-instituto-no-sul-da-europa-dedicado-ao-estudo-das-bases-moleculares-do-envelhecimento\/#breadcrumb"},"inLanguage":"pt-PT","potentialAction":[{"@type":"ReadAction","target":["https:\/\/perspetivaatual.pt\/index.php\/2025\/06\/06\/o-primeiro-instituto-no-sul-da-europa-dedicado-ao-estudo-das-bases-moleculares-do-envelhecimento\/"]}]},{"@type":"ImageObject","inLanguage":"pt-PT","@id":"https:\/\/perspetivaatual.pt\/index.php\/2025\/06\/06\/o-primeiro-instituto-no-sul-da-europa-dedicado-ao-estudo-das-bases-moleculares-do-envelhecimento\/#primaryimage","url":"http:\/\/perspetivaatual.pt\/wp-content\/uploads\/2025\/05\/Imagem-1.jpg","contentUrl":"http:\/\/perspetivaatual.pt\/wp-content\/uploads\/2025\/05\/Imagem-1.jpg","width":1536,"height":2040},{"@type":"BreadcrumbList","@id":"https:\/\/perspetivaatual.pt\/index.php\/2025\/06\/06\/o-primeiro-instituto-no-sul-da-europa-dedicado-ao-estudo-das-bases-moleculares-do-envelhecimento\/#breadcrumb","itemListElement":[{"@type":"ListItem","position":1,"name":"Home","item":"https:\/\/perspetivaatual.pt\/"},{"@type":"ListItem","position":2,"name":"O primeiro Instituto no sul da Europa dedicado ao estudo das bases moleculares do envelhecimento"}]},{"@type":"WebSite","@id":"https:\/\/perspetivaatual.pt\/#website","url":"https:\/\/perspetivaatual.pt\/","name":"Perspetiva Atual","description":"Olhar Portugal, de diferentes formas","publisher":{"@id":"https:\/\/perspetivaatual.pt\/#organization"},"potentialAction":[{"@type":"SearchAction","target":{"@type":"EntryPoint","urlTemplate":"https:\/\/perspetivaatual.pt\/?s={search_term_string}"},"query-input":{"@type":"PropertyValueSpecification","valueRequired":true,"valueName":"search_term_string"}}],"inLanguage":"pt-PT"},{"@type":"Organization","@id":"https:\/\/perspetivaatual.pt\/#organization","name":"Perspetiva Atual","url":"https:\/\/perspetivaatual.pt\/","logo":{"@type":"ImageObject","inLanguage":"pt-PT","@id":"https:\/\/perspetivaatual.pt\/#\/schema\/logo\/image\/","url":"http:\/\/perspetivaatual.pt\/wp-content\/uploads\/2020\/08\/cropped-perspetiva_atual-.png","contentUrl":"http:\/\/perspetivaatual.pt\/wp-content\/uploads\/2020\/08\/cropped-perspetiva_atual-.png","width":618,"height":202,"caption":"Perspetiva Atual"},"image":{"@id":"https:\/\/perspetivaatual.pt\/#\/schema\/logo\/image\/"}},{"@type":"Person","@id":"https:\/\/perspetivaatual.pt\/#\/schema\/person\/c90e8e11129f189f1b7588bf2888f8b5","name":"Vitoria Girao","image":{"@type":"ImageObject","inLanguage":"pt-PT","@id":"https:\/\/perspetivaatual.pt\/#\/schema\/person\/image\/","url":"https:\/\/secure.gravatar.com\/avatar\/7a4a232c077ec4326004bec18e9d4616?s=96&d=mm&r=g","contentUrl":"https:\/\/secure.gravatar.com\/avatar\/7a4a232c077ec4326004bec18e9d4616?s=96&d=mm&r=g","caption":"Vitoria Girao"},"url":"http:\/\/perspetivaatual.pt\/index.php\/author\/vitoria-girao\/"}]}},"featured_image_urls":{"full":["http:\/\/perspetivaatual.pt\/wp-content\/uploads\/2025\/05\/Imagem-1.jpg",1536,2040,false],"thumbnail":["http:\/\/perspetivaatual.pt\/wp-content\/uploads\/2025\/05\/Imagem-1-150x150.jpg",150,150,true],"medium":["http:\/\/perspetivaatual.pt\/wp-content\/uploads\/2025\/05\/Imagem-1-226x300.jpg",226,300,true],"medium_large":["http:\/\/perspetivaatual.pt\/wp-content\/uploads\/2025\/05\/Imagem-1-768x1020.jpg",640,850,true],"large":["http:\/\/perspetivaatual.pt\/wp-content\/uploads\/2025\/05\/Imagem-1-771x1024.jpg",640,850,true],"1536x1536":["http:\/\/perspetivaatual.pt\/wp-content\/uploads\/2025\/05\/Imagem-1-1157x1536.jpg",1157,1536,true],"2048x2048":["http:\/\/perspetivaatual.pt\/wp-content\/uploads\/2025\/05\/Imagem-1.jpg",1536,2040,false],"magazine-7-slider-full":["http:\/\/perspetivaatual.pt\/wp-content\/uploads\/2025\/05\/Imagem-1-1536x1020.jpg",1536,1020,true],"magazine-7-slider-center":["http:\/\/perspetivaatual.pt\/wp-content\/uploads\/2025\/05\/Imagem-1-936x897.jpg",936,897,true],"magazine-7-featured":["http:\/\/perspetivaatual.pt\/wp-content\/uploads\/2025\/05\/Imagem-1-1024x1360.jpg",1024,1360,true],"magazine-7-medium":["http:\/\/perspetivaatual.pt\/wp-content\/uploads\/2025\/05\/Imagem-1-720x380.jpg",720,380,true],"magazine-7-medium-square":["http:\/\/perspetivaatual.pt\/wp-content\/uploads\/2025\/05\/Imagem-1-675x450.jpg",675,450,true],"rpwe-thumbnail":["http:\/\/perspetivaatual.pt\/wp-content\/uploads\/2025\/05\/Imagem-1-45x45.jpg",45,45,true]},"author_info":{"info":[false]},"category_info":"<a href=\"http:\/\/perspetivaatual.pt\/index.php\/category\/educacao\/\" rel=\"category tag\">Educa\u00e7\u00e3o<\/a> <a href=\"http:\/\/perspetivaatual.pt\/index.php\/category\/investigacao\/\" rel=\"category tag\">Investiga\u00e7\u00e3o<\/a>","tag_info":"Investiga\u00e7\u00e3o","comment_count":"0","_links":{"self":[{"href":"http:\/\/perspetivaatual.pt\/index.php\/wp-json\/wp\/v2\/posts\/4730","targetHints":{"allow":["GET"]}}],"collection":[{"href":"http:\/\/perspetivaatual.pt\/index.php\/wp-json\/wp\/v2\/posts"}],"about":[{"href":"http:\/\/perspetivaatual.pt\/index.php\/wp-json\/wp\/v2\/types\/post"}],"author":[{"embeddable":true,"href":"http:\/\/perspetivaatual.pt\/index.php\/wp-json\/wp\/v2\/users\/11"}],"replies":[{"embeddable":true,"href":"http:\/\/perspetivaatual.pt\/index.php\/wp-json\/wp\/v2\/comments?post=4730"}],"version-history":[{"count":0,"href":"http:\/\/perspetivaatual.pt\/index.php\/wp-json\/wp\/v2\/posts\/4730\/revisions"}],"wp:featuredmedia":[{"embeddable":true,"href":"http:\/\/perspetivaatual.pt\/index.php\/wp-json\/wp\/v2\/media\/4731"}],"wp:attachment":[{"href":"http:\/\/perspetivaatual.pt\/index.php\/wp-json\/wp\/v2\/media?parent=4730"}],"wp:term":[{"taxonomy":"category","embeddable":true,"href":"http:\/\/perspetivaatual.pt\/index.php\/wp-json\/wp\/v2\/categories?post=4730"},{"taxonomy":"post_tag","embeddable":true,"href":"http:\/\/perspetivaatual.pt\/index.php\/wp-json\/wp\/v2\/tags?post=4730"}],"curies":[{"name":"wp","href":"https:\/\/api.w.org\/{rel}","templated":true}]}}