{"id":1570,"date":"2022-05-28T07:00:00","date_gmt":"2022-05-28T07:00:00","guid":{"rendered":"https:\/\/perspetivaatual.pt\/?p=1570"},"modified":"2022-05-24T15:29:49","modified_gmt":"2022-05-24T15:29:49","slug":"igot-estudar-a-geografia-e-o-ordenamento-do-territorio-com-um-ensino-e-uma-investigacao-de-excelencia","status":"publish","type":"post","link":"https:\/\/perspetivaatual.pt\/index.php\/2022\/05\/28\/igot-estudar-a-geografia-e-o-ordenamento-do-territorio-com-um-ensino-e-uma-investigacao-de-excelencia\/","title":{"rendered":"IGOT: Estudar a Geografia e o Ordenamento do Territ\u00f3rio com um ensino e uma investiga\u00e7\u00e3o de excel\u00eancia"},"content":{"rendered":"\n<p><strong>Amplamente prestigiado em Portugal e no estrangeiro, o Instituto de Geografia e Ordenamento do Territ\u00f3rio da Universidade de Lisboa (IGOT-ULisboa) desenvolve uma oferta formativa de excel\u00eancia para o desenvolvimento de investiga\u00e7\u00e3o cient\u00edfica e o avan\u00e7o do conhecimento, \u00e0 medida que acentua a sua presen\u00e7a na sociedade.<\/strong>&nbsp;<\/p>\n\n\n\n<p>O <a href=\"http:\/\/www.igot.ulisboa.pt\/\" target=\"_blank\" rel=\"noreferrer noopener\">IGOT<\/a> \u00e9 uma das 18 faculdades da Universidade de Lisboa, estando instalado na Cidade Universit\u00e1ria de Lisboa num edif\u00edcio moderno e funcional, que garante todas as condi\u00e7\u00f5es para o desenvolvimento de ensino e investiga\u00e7\u00e3o de excel\u00eancia. O IGOT \u00e9 a \u00fanica faculdade portuguesa especializada em Geografia e Planeamento do Territ\u00f3rio, estando cotada entre as melhores da Europa e do Mundo na \u00e1rea da Geografia, segundo os rankings mundiais por \u00e1rea de estudo (Shanghai Ranking of World Universities, SCImago Institutions Ranking e QS World University Rankings).&nbsp;<\/p>\n\n\n\n<p>O IGOT tem um corpo docente e de investigadores altamente qualificado, com val\u00eancias cient\u00edficas muito diversas, elevada internacionaliza\u00e7\u00e3o e forte orienta\u00e7\u00e3o para a investiga\u00e7\u00e3o, demonstrando compet\u00eancias para ministrar um ensino ao n\u00edvel dos mais elevados padr\u00f5es internacionais. O Instituto integra o Centro de Estudos Geogr\u00e1ficos, o mais conceituado centro de investiga\u00e7\u00e3o cient\u00edfica da Geografia portuguesa.&nbsp;<\/p>\n\n\n\n<p>No que concerne \u00e0 internacionaliza\u00e7\u00e3o, o IGOT \u00e9 uma escola preocupada, quer em termos de atra\u00e7\u00e3o de alunos de nacionalidade estrangeira, quer em termos de estabelecimento de parcerias internacionais de ensino e investiga\u00e7\u00e3o e de dissemina\u00e7\u00e3o da produ\u00e7\u00e3o cient\u00edfica. \u00c9 de notar, ainda, que o IGOT \u00e9 membro efetivo da Association of European Schools of Planning (AESOP) e da Association\u202ffor\u202fTourism\u202fand Leisure Education and Research (ATLAS)\u202fe surge nos relat\u00f3rios do Minist\u00e9rio da Ci\u00eancia, Tecnologia e Ensino Superior entre as institui\u00e7\u00f5es nacionais cujos cursos de licenciatura apresentam elevadas taxas de empregabilidade.&nbsp;<\/p>\n\n\n\n<p>O Instituto de Geografia e Ordenamento do Territ\u00f3rio rege-se por princ\u00edpios \u00e9ticos e de justi\u00e7a, e considera que a\u202figualdade de g\u00e9nero e de oportunidades\u202fs\u00e3o fulcrais para a constru\u00e7\u00e3o de uma Universidade e de uma Sociedade melhores e mais inclusas, rumo a uma cidadania mais consciente, respons\u00e1vel e participada.&nbsp;<\/p>\n\n\n\n<p><strong>Uma miss\u00e3o, tr\u00eas fun\u00e7\u00f5es<\/strong>&nbsp;<\/p>\n\n\n\n<p>O IGOT tem como miss\u00e3o promover um ensino superior de qualidade, ao n\u00edvel da gradua\u00e7\u00e3o, p\u00f3s-gradua\u00e7\u00e3o e forma\u00e7\u00e3o ao longo da vida, desenvolver atividades de investiga\u00e7\u00e3o, difundir conhecimento e prestar consultoria t\u00e9cnica e cient\u00edfica especializada \u00e0 comunidade, nos dom\u00ednios da geografia, do ordenamento e gest\u00e3o do territ\u00f3rio, das pol\u00edticas de desenvolvimento e da coes\u00e3o territorial, do urbanismo, do ambiente, dos recursos e dos riscos, das din\u00e2micas e da organiza\u00e7\u00e3o s\u00f3cio-espacial.&nbsp;<\/p>\n\n\n\n<p>A miss\u00e3o do IGOT articula, assim, as tr\u00eas fun\u00e7\u00f5es da Universidade: ensino, investiga\u00e7\u00e3o e liga\u00e7\u00e3o \u00e0 sociedade, de modo a estimular a inova\u00e7\u00e3o, difundir conhecimento e contribuir para o desenvolvimento. A articula\u00e7\u00e3o entre ensino e investiga\u00e7\u00e3o permite aos estudantes do Instituto alargar a sua forma\u00e7\u00e3o e adquirir compet\u00eancias numa perspetiva interdisciplinar, um aspeto central e indispens\u00e1vel para garantir o acesso a um vasto leque de profiss\u00f5es, em empresas, na Administra\u00e7\u00e3o P\u00fablica e em ONG.&nbsp;<\/p>\n\n\n\n<p><strong>Compet\u00eancias e dom\u00ednios cient\u00edficos<\/strong>&nbsp;<\/p>\n\n\n\n<p>A Geografia fornece as compet\u00eancias te\u00f3ricas e anal\u00edticas para identificar as mudan\u00e7as nos sistemas ambientais e socioecon\u00f3micos e os seus efeitos espaciais. O planeamento e o ordenamento do territ\u00f3rio traduzem esse entendimento em a\u00e7\u00e3o para garantir a preserva\u00e7\u00e3o do ambiente e a melhoria da qualidade de vida para a popula\u00e7\u00e3o do presente e para as gera\u00e7\u00f5es do futuro.&nbsp;<\/p>\n\n\n\n<p>Da articula\u00e7\u00e3o entre investiga\u00e7\u00e3o, ensino, e necessidades de resposta aos problemas da contemporaneidade, da sociedade ao territ\u00f3rio, resulta o aprofundamento no seio do IGOT de muitas e diversificadas tem\u00e1ticas, que se espelham quer nas ofertas de cursos de licenciatura, mestrado e doutoramento, quer na constitui\u00e7\u00e3o dos grupos de investiga\u00e7\u00e3o.&nbsp;<\/p>\n\n\n\n<figure class=\"wp-block-image size-large\"><img loading=\"lazy\" decoding=\"async\" width=\"1024\" height=\"580\" src=\"https:\/\/perspetivaatual.pt\/wp-content\/uploads\/2022\/05\/DSC04365-4-1024x580.jpg\" alt=\"\" class=\"wp-image-1596\" srcset=\"https:\/\/perspetivaatual.pt\/wp-content\/uploads\/2022\/05\/DSC04365-4-1024x580.jpg 1024w, https:\/\/perspetivaatual.pt\/wp-content\/uploads\/2022\/05\/DSC04365-4-300x170.jpg 300w, https:\/\/perspetivaatual.pt\/wp-content\/uploads\/2022\/05\/DSC04365-4-768x435.jpg 768w, https:\/\/perspetivaatual.pt\/wp-content\/uploads\/2022\/05\/DSC04365-4-1536x869.jpg 1536w, https:\/\/perspetivaatual.pt\/wp-content\/uploads\/2022\/05\/DSC04365-4-2048x1159.jpg 2048w, https:\/\/perspetivaatual.pt\/wp-content\/uploads\/2022\/05\/DSC04365-4-600x340.jpg 600w\" sizes=\"auto, (max-width: 1024px) 100vw, 1024px\" \/><\/figure>\n\n\n\n<p><strong>Equipamentos e infraestruturas<\/strong>&nbsp;<\/p>\n\n\n\n<p>Para al\u00e9m das salas de aula devidamente equipadas e com capacidade e recursos necess\u00e1rios para a leciona\u00e7\u00e3o das disciplinas espec\u00edficas, o IGOT possui, ainda, as seguintes instala\u00e7\u00f5es f\u00edsicas que s\u00e3o utilizadas regularmente pelos seus estudantes: Biblioteca, Mapoteca, Fototeca, salas espec\u00edficas orientadas para o ensino de Sistemas de Informa\u00e7\u00e3o Geogr\u00e1fica, Geomodlab (laborat\u00f3rio vocacionado para dete\u00e7\u00e3o remota e an\u00e1lise e modela\u00e7\u00e3o espacial) e EarthLab (laborat\u00f3rio dedicado \u00e0 monitoriza\u00e7\u00e3o e an\u00e1lise de dados ambientais).&nbsp;<\/p>\n\n\n\n<p>Aos estudantes do IGOT s\u00e3o garantidas as melhores condi\u00e7\u00f5es de acesso \u00e0s tecnologias de informa\u00e7\u00e3o, com algumas salas de aula totalmente equipadas com computadores de uso individual, tendo tamb\u00e9m acesso gratuito a diversos programas de an\u00e1lise e modela\u00e7\u00e3o para uso nos seus computadores pessoais. \u00c9, tamb\u00e9m, permitido o acesso e utiliza\u00e7\u00e3o permanentes do edif\u00edcio a toda a sua comunidade.&nbsp;<\/p>\n\n\n\n<p><strong>Liga\u00e7\u00e3o do IGOT \u00e0 comunidade<\/strong>&nbsp;<\/p>\n\n\n\n<p>O IGOT mant\u00e9m uma forte liga\u00e7\u00e3o \u00e0 Comunidade, quer pelo envolvimento dos seus membros na organiza\u00e7\u00e3o e participa\u00e7\u00e3o em confer\u00eancias e workshops de dissemina\u00e7\u00e3o de conhecimento, bem como junto dos media, quer tamb\u00e9m pela celebra\u00e7\u00e3o de protocolos e contratualiza\u00e7\u00e3o com institui\u00e7\u00f5es do Governo e da administra\u00e7\u00e3o p\u00fablica e privados, tendo em vista a elabora\u00e7\u00e3o de estudos, planos e pareceres de consultorias e presta\u00e7\u00f5es de servi\u00e7os.&nbsp;<\/p>\n\n\n\n<p>Destaque-se, ainda, o projeto \u201cN\u00f3s Propomos! Cidadania e Inova\u00e7\u00e3o na Educa\u00e7\u00e3o Geogr\u00e1fica\u201d, criado pelo IGOT em 2011, tendo em vista sensibilizar os estudantes das escolas do ensino b\u00e1sico e secund\u00e1rio para os problemas locais, corresponsabilizando-os na procura de solu\u00e7\u00f5es em colabora\u00e7\u00e3o com as institui\u00e7\u00f5es locais, no quadro de uma ativa cidadania na sua rela\u00e7\u00e3o com o territ\u00f3rio.&nbsp;&nbsp;<\/p>\n\n\n\n<figure class=\"wp-block-image size-large\"><img loading=\"lazy\" decoding=\"async\" width=\"1024\" height=\"461\" src=\"https:\/\/perspetivaatual.pt\/wp-content\/uploads\/2022\/05\/01_280109035_405219764943728_895462046830021393_n-1-1024x461.jpg\" alt=\"\" class=\"wp-image-1598\" srcset=\"https:\/\/perspetivaatual.pt\/wp-content\/uploads\/2022\/05\/01_280109035_405219764943728_895462046830021393_n-1-1024x461.jpg 1024w, https:\/\/perspetivaatual.pt\/wp-content\/uploads\/2022\/05\/01_280109035_405219764943728_895462046830021393_n-1-300x135.jpg 300w, https:\/\/perspetivaatual.pt\/wp-content\/uploads\/2022\/05\/01_280109035_405219764943728_895462046830021393_n-1-768x346.jpg 768w, https:\/\/perspetivaatual.pt\/wp-content\/uploads\/2022\/05\/01_280109035_405219764943728_895462046830021393_n-1-1536x692.jpg 1536w, https:\/\/perspetivaatual.pt\/wp-content\/uploads\/2022\/05\/01_280109035_405219764943728_895462046830021393_n-1-600x270.jpg 600w, https:\/\/perspetivaatual.pt\/wp-content\/uploads\/2022\/05\/01_280109035_405219764943728_895462046830021393_n-1.jpg 2048w\" sizes=\"auto, (max-width: 1024px) 100vw, 1024px\" \/><\/figure>\n\n\n\n<hr class=\"wp-block-separator\"\/>\n\n\n\n<h2 class=\"wp-block-heading\">Investigar a Geografia e o Ordenamento do Territ\u00f3rio com compet\u00eancia e interdisciplinaridade&nbsp;<\/h2>\n\n\n\n<p><strong>Fundado em 1943 por Orlando Ribeiro, o Centro de Estudos Geogr\u00e1ficos (CEG) \u00e9 uma institui\u00e7\u00e3o integrada no IGOT-ULisboa, que faz parte do laborat\u00f3rio associado Terra. \u00c9 constitu\u00eddo por seis grupos tem\u00e1ticos de investiga\u00e7\u00e3o.<\/strong>&nbsp;<\/p>\n\n\n\n<p>A miss\u00e3o do CEG consiste no desenvolvimento de investiga\u00e7\u00e3o geogr\u00e1fica e na promo\u00e7\u00e3o e divulga\u00e7\u00e3o de conhecimento dos processos de mudan\u00e7a ambiental e socio-espacial, contribuindo para o desenho de pol\u00edticas mais adequadas para o uso sustent\u00e1vel dos recursos ambientais, a inclus\u00e3o e o desenvolvimento social, a coes\u00e3o territorial e o ordenamento do territ\u00f3rio. A atividade cient\u00edfica do CEG desenvolve-se em estreita coopera\u00e7\u00e3o com o ensino da Geografia e Ordenamento do Territ\u00f3rio do IGOT-ULisboa, sendo executada livremente e pautando-se pelos mais elevados princ\u00edpios da \u00e9tica de investiga\u00e7\u00e3o cient\u00edfica.&nbsp;<\/p>\n\n\n\n<p>Em 2021, o CEG integrou o Laborat\u00f3rio Associado TERRA &#8211; Laboratory for Sustainable Land Use and Ecosystem Services \u2013 que re\u00fane 403 investigadores de cinco unidades I&amp;D altamente complementares das Universidades de Lisboa e de Coimbra.&nbsp;<\/p>\n\n\n\n<p>Atualmente, o CEG tem uma equipa de 146 investigadores integrados, 66 dos quais doutorados. Os restantes membros s\u00e3o maioritariamente estudantes de doutoramento de cursos do IGOT-ULisboa. Tratando-se de uma unidade de investiga\u00e7\u00e3o em Geografia, a grande maioria dos investigadores s\u00e3o desta \u00e1rea disciplinar, mas fazem parte do CEG investigadores com forma\u00e7\u00e3o em Engenharia, Geof\u00edsica, Geologia, Biologia, Antropologia, Hist\u00f3ria, Estudos Urbanos e Arquitetura e Urbanismo, contribuindo para um ambiente de investiga\u00e7\u00e3o interdisciplinar. No per\u00edodo 2020-23 a atividade do CEG centra-se em torno de 4 agendas tem\u00e1ticas estrat\u00e9gicas: i) Mudan\u00e7as Ambientais, Recursos e Riscos Naturais; ii) Desafios Urbanos, Mudan\u00e7as Socioecon\u00f3micas e Justi\u00e7a Espacial; iii) Territ\u00f3rios, Governan\u00e7a, Pol\u00edticas e Planeamento; iv) Ambiente, Cultura, Sociedade e Lugar.&nbsp;<\/p>\n\n\n\n<div class=\"wp-block-image\"><figure class=\"aligncenter size-full\"><img loading=\"lazy\" decoding=\"async\" width=\"751\" height=\"499\" src=\"https:\/\/perspetivaatual.pt\/wp-content\/uploads\/2022\/05\/sdvfb.png\" alt=\"\" class=\"wp-image-1599\" srcset=\"https:\/\/perspetivaatual.pt\/wp-content\/uploads\/2022\/05\/sdvfb.png 751w, https:\/\/perspetivaatual.pt\/wp-content\/uploads\/2022\/05\/sdvfb-300x199.png 300w, https:\/\/perspetivaatual.pt\/wp-content\/uploads\/2022\/05\/sdvfb-675x450.png 675w, https:\/\/perspetivaatual.pt\/wp-content\/uploads\/2022\/05\/sdvfb-600x399.png 600w\" sizes=\"auto, (max-width: 751px) 100vw, 751px\" \/><\/figure><\/div>\n\n\n\n<p><strong>Grupos de investiga\u00e7\u00e3o<\/strong>&nbsp;<\/p>\n\n\n\n<p>O CEG organiza-se em seis Grupos de Investiga\u00e7\u00e3o (GI), cuja atividade incide sobre: Sistemas de mudan\u00e7as clim\u00e1ticas e ambientais e ci\u00eancia polar (Zephyrus), Avalia\u00e7\u00e3o e gest\u00e3o de riscos (RISKam), Migra\u00e7\u00e3o, espa\u00e7o e sociedade (MIGRARE), Turismo, cultura e espa\u00e7o (TERRITUR), Modela\u00e7\u00e3o, ordenamento e planeamento territorial (MOPT) e, Din\u00e2micas e pol\u00edticas urbanas e regionais (ZOE). Os GI est\u00e3o envolvidos em projetos de investiga\u00e7\u00e3o nacionais e internacionais, muitos dos quais com fun\u00e7\u00f5es de coordena\u00e7\u00e3o, principalmente com parceiros europeus, brasileiros e de outros pa\u00edses latino-americanos.&nbsp;<\/p>\n\n\n\n<p><strong>O imperativo da internacionaliza\u00e7\u00e3o<\/strong>&nbsp;<\/p>\n\n\n\n<p>A atividade do CEG \u00e9, por natureza, internacional. Desde 2013, a publica\u00e7\u00e3o em revistas indexadas na Web of Science (W0S) e na Scopus aumentou consideravelmente e dirigiu-se principalmente para as revistas com maior fator de impacto (3\/4 dos artigos em revistas Q1 e Q2), nas \u00e1reas cient\u00edficas da Geografia F\u00edsica e Geografia Humana, Ci\u00eancias do Ambiente, Planeamento Urbano e Regional,&nbsp; Modela\u00e7\u00e3o Espacial, Geoci\u00eancias, Demografia e Migra\u00e7\u00f5es e Turismo. A revista Finisterra, editada pelo CEG, passou a integrar o Emerging Source Citation Index da WoS e est\u00e1 indexada na Scopus (Q3). \u00c9 tamb\u00e9m a melhor revista portuguesa de Geografia no Ranking da Rede Ibero-americana de Inova\u00e7\u00e3o e Conhecimento Cient\u00edfico (REDIB)\u201d.&nbsp;<\/p>\n\n\n\n<p>Nos \u00faltimos 5 anos, o CEG participou em 44 projetos de investiga\u00e7\u00e3o, 20 dos quais internacionais (H2020, EEA Grants, ESPON, INTERREG, ESA) e, em v\u00e1rias dezenas de contratos de investiga\u00e7\u00e3o aplicada e presta\u00e7\u00e3o de servi\u00e7os. O CEG participa ativamente em redes cient\u00edficas de alto n\u00edvel na \u00e1rea das migra\u00e7\u00f5es (IMISCOE e METROPOLIS), ci\u00eancia polar (IPA, SCAR Geosciences, IASC e CWG), riscos (CERG, CERU), ordenamento do territ\u00f3rio (RIDOT\u2014 espa\u00e7o ibero-americano) e pol\u00edticas europeias (RSA CP-Net). Sublinhe-se, ainda, o envolvimento direto com a comunidade cient\u00edfica internacional por via da organiza\u00e7\u00e3o regular de grandes eventos cient\u00edficos internacionais e pelo acolhimento de largas dezenas de professores\/investigadores e estudantes de p\u00f3s-gradua\u00e7\u00e3o visitantes.&nbsp;<\/p>\n","protected":false},"excerpt":{"rendered":"<p>Amplamente prestigiado em Portugal e no estrangeiro, o Instituto de Geografia e Ordenamento do Territ\u00f3rio<\/p>\n","protected":false},"author":5,"featured_media":1594,"comment_status":"open","ping_status":"open","sticky":false,"template":"","format":"standard","meta":{"footnotes":""},"categories":[11,3],"tags":[56,55,59,62,60,61],"class_list":["post-1570","post","type-post","status-publish","format-standard","has-post-thumbnail","hentry","category-destaques","category-educacao","tag-educacao-2","tag-ensino","tag-geografia","tag-igot","tag-territorio","tag-universidade"],"yoast_head":"<!-- This site is optimized with the Yoast SEO plugin v24.2 - https:\/\/yoast.com\/wordpress\/plugins\/seo\/ -->\n<title>IGOT: Estudar a Geografia e o Ordenamento do Territ\u00f3rio com um ensino e uma investiga\u00e7\u00e3o de excel\u00eancia - Perspetiva Atual<\/title>\n<meta name=\"description\" content=\"Amplamente prestigiado em Portugal e no estrangeiro, o Instituto de Geografia e Ordenamento do Territ\u00f3rio da Universidade de Lisboa (IGOT)...\" \/>\n<meta name=\"robots\" content=\"index, follow, max-snippet:-1, max-image-preview:large, max-video-preview:-1\" \/>\n<link rel=\"canonical\" href=\"https:\/\/perspetivaatual.pt\/index.php\/2022\/05\/28\/igot-estudar-a-geografia-e-o-ordenamento-do-territorio-com-um-ensino-e-uma-investigacao-de-excelencia\/\" \/>\n<meta property=\"og:locale\" content=\"pt_PT\" \/>\n<meta property=\"og:type\" content=\"article\" \/>\n<meta property=\"og:title\" content=\"IGOT: Estudar a Geografia e o Ordenamento do Territ\u00f3rio com um ensino e uma investiga\u00e7\u00e3o de excel\u00eancia - Perspetiva Atual\" \/>\n<meta property=\"og:description\" content=\"Amplamente prestigiado em Portugal e no estrangeiro, o Instituto de Geografia e Ordenamento do Territ\u00f3rio da Universidade de Lisboa (IGOT)...\" \/>\n<meta property=\"og:url\" content=\"https:\/\/perspetivaatual.pt\/index.php\/2022\/05\/28\/igot-estudar-a-geografia-e-o-ordenamento-do-territorio-com-um-ensino-e-uma-investigacao-de-excelencia\/\" \/>\n<meta property=\"og:site_name\" content=\"Perspetiva Atual\" \/>\n<meta property=\"article:published_time\" content=\"2022-05-28T07:00:00+00:00\" \/>\n<meta property=\"article:modified_time\" content=\"2022-05-24T15:29:49+00:00\" \/>\n<meta property=\"og:image\" content=\"https:\/\/perspetivaatual.pt\/wp-content\/uploads\/2022\/05\/05_igot-scaled.jpg\" \/>\n\t<meta property=\"og:image:width\" content=\"2560\" \/>\n\t<meta property=\"og:image:height\" content=\"1352\" \/>\n\t<meta property=\"og:image:type\" content=\"image\/jpeg\" \/>\n<meta name=\"author\" content=\"Jo\u00e3o Malainho Perspetiva Atual\" \/>\n<meta name=\"twitter:card\" content=\"summary_large_image\" \/>\n<meta name=\"twitter:label1\" content=\"Escrito por\" \/>\n\t<meta name=\"twitter:data1\" content=\"\" \/>\n\t<meta name=\"twitter:label2\" content=\"Tempo estimado de leitura\" \/>\n\t<meta name=\"twitter:data2\" content=\"7 minutos\" \/>\n<script type=\"application\/ld+json\" class=\"yoast-schema-graph\">{\"@context\":\"https:\/\/schema.org\",\"@graph\":[{\"@type\":\"Article\",\"@id\":\"https:\/\/perspetivaatual.pt\/index.php\/2022\/05\/28\/igot-estudar-a-geografia-e-o-ordenamento-do-territorio-com-um-ensino-e-uma-investigacao-de-excelencia\/#article\",\"isPartOf\":{\"@id\":\"https:\/\/perspetivaatual.pt\/index.php\/2022\/05\/28\/igot-estudar-a-geografia-e-o-ordenamento-do-territorio-com-um-ensino-e-uma-investigacao-de-excelencia\/\"},\"author\":{\"name\":\"Jo\u00e3o Malainho Perspetiva Atual\",\"@id\":\"https:\/\/perspetivaatual.pt\/#\/schema\/person\/4c9d5a8b179d047c3220dfa32fd6b658\"},\"headline\":\"IGOT: Estudar a Geografia e o Ordenamento do Territ\u00f3rio com um ensino e uma investiga\u00e7\u00e3o de excel\u00eancia\",\"datePublished\":\"2022-05-28T07:00:00+00:00\",\"dateModified\":\"2022-05-24T15:29:49+00:00\",\"mainEntityOfPage\":{\"@id\":\"https:\/\/perspetivaatual.pt\/index.php\/2022\/05\/28\/igot-estudar-a-geografia-e-o-ordenamento-do-territorio-com-um-ensino-e-uma-investigacao-de-excelencia\/\"},\"wordCount\":1692,\"commentCount\":0,\"publisher\":{\"@id\":\"https:\/\/perspetivaatual.pt\/#organization\"},\"image\":{\"@id\":\"https:\/\/perspetivaatual.pt\/index.php\/2022\/05\/28\/igot-estudar-a-geografia-e-o-ordenamento-do-territorio-com-um-ensino-e-uma-investigacao-de-excelencia\/#primaryimage\"},\"thumbnailUrl\":\"https:\/\/perspetivaatual.pt\/wp-content\/uploads\/2022\/05\/05_igot-scaled.jpg\",\"keywords\":[\"educa\u00e7\u00e3o\",\"ensino\",\"geografia\",\"IGOT\",\"territ\u00f3rio\",\"universidade\"],\"articleSection\":[\"Destaques\",\"Educa\u00e7\u00e3o\"],\"inLanguage\":\"pt-PT\",\"potentialAction\":[{\"@type\":\"CommentAction\",\"name\":\"Comment\",\"target\":[\"https:\/\/perspetivaatual.pt\/index.php\/2022\/05\/28\/igot-estudar-a-geografia-e-o-ordenamento-do-territorio-com-um-ensino-e-uma-investigacao-de-excelencia\/#respond\"]}]},{\"@type\":\"WebPage\",\"@id\":\"https:\/\/perspetivaatual.pt\/index.php\/2022\/05\/28\/igot-estudar-a-geografia-e-o-ordenamento-do-territorio-com-um-ensino-e-uma-investigacao-de-excelencia\/\",\"url\":\"https:\/\/perspetivaatual.pt\/index.php\/2022\/05\/28\/igot-estudar-a-geografia-e-o-ordenamento-do-territorio-com-um-ensino-e-uma-investigacao-de-excelencia\/\",\"name\":\"IGOT: Estudar a Geografia e o Ordenamento do Territ\u00f3rio com um ensino e uma investiga\u00e7\u00e3o de excel\u00eancia - Perspetiva Atual\",\"isPartOf\":{\"@id\":\"https:\/\/perspetivaatual.pt\/#website\"},\"primaryImageOfPage\":{\"@id\":\"https:\/\/perspetivaatual.pt\/index.php\/2022\/05\/28\/igot-estudar-a-geografia-e-o-ordenamento-do-territorio-com-um-ensino-e-uma-investigacao-de-excelencia\/#primaryimage\"},\"image\":{\"@id\":\"https:\/\/perspetivaatual.pt\/index.php\/2022\/05\/28\/igot-estudar-a-geografia-e-o-ordenamento-do-territorio-com-um-ensino-e-uma-investigacao-de-excelencia\/#primaryimage\"},\"thumbnailUrl\":\"https:\/\/perspetivaatual.pt\/wp-content\/uploads\/2022\/05\/05_igot-scaled.jpg\",\"datePublished\":\"2022-05-28T07:00:00+00:00\",\"dateModified\":\"2022-05-24T15:29:49+00:00\",\"description\":\"Amplamente prestigiado em Portugal e no estrangeiro, o Instituto de Geografia e Ordenamento do Territ\u00f3rio da Universidade de Lisboa (IGOT)...\",\"breadcrumb\":{\"@id\":\"https:\/\/perspetivaatual.pt\/index.php\/2022\/05\/28\/igot-estudar-a-geografia-e-o-ordenamento-do-territorio-com-um-ensino-e-uma-investigacao-de-excelencia\/#breadcrumb\"},\"inLanguage\":\"pt-PT\",\"potentialAction\":[{\"@type\":\"ReadAction\",\"target\":[\"https:\/\/perspetivaatual.pt\/index.php\/2022\/05\/28\/igot-estudar-a-geografia-e-o-ordenamento-do-territorio-com-um-ensino-e-uma-investigacao-de-excelencia\/\"]}]},{\"@type\":\"ImageObject\",\"inLanguage\":\"pt-PT\",\"@id\":\"https:\/\/perspetivaatual.pt\/index.php\/2022\/05\/28\/igot-estudar-a-geografia-e-o-ordenamento-do-territorio-com-um-ensino-e-uma-investigacao-de-excelencia\/#primaryimage\",\"url\":\"https:\/\/perspetivaatual.pt\/wp-content\/uploads\/2022\/05\/05_igot-scaled.jpg\",\"contentUrl\":\"https:\/\/perspetivaatual.pt\/wp-content\/uploads\/2022\/05\/05_igot-scaled.jpg\",\"width\":2560,\"height\":1352,\"caption\":\"DCIM100GOPROG0075505.\"},{\"@type\":\"BreadcrumbList\",\"@id\":\"https:\/\/perspetivaatual.pt\/index.php\/2022\/05\/28\/igot-estudar-a-geografia-e-o-ordenamento-do-territorio-com-um-ensino-e-uma-investigacao-de-excelencia\/#breadcrumb\",\"itemListElement\":[{\"@type\":\"ListItem\",\"position\":1,\"name\":\"Home\",\"item\":\"https:\/\/perspetivaatual.pt\/\"},{\"@type\":\"ListItem\",\"position\":2,\"name\":\"IGOT: Estudar a Geografia e o Ordenamento do Territ\u00f3rio com um ensino e uma investiga\u00e7\u00e3o de excel\u00eancia\"}]},{\"@type\":\"WebSite\",\"@id\":\"https:\/\/perspetivaatual.pt\/#website\",\"url\":\"https:\/\/perspetivaatual.pt\/\",\"name\":\"Perspetiva Atual\",\"description\":\"Olhar Portugal, de diferentes formas\",\"publisher\":{\"@id\":\"https:\/\/perspetivaatual.pt\/#organization\"},\"potentialAction\":[{\"@type\":\"SearchAction\",\"target\":{\"@type\":\"EntryPoint\",\"urlTemplate\":\"https:\/\/perspetivaatual.pt\/?s={search_term_string}\"},\"query-input\":{\"@type\":\"PropertyValueSpecification\",\"valueRequired\":true,\"valueName\":\"search_term_string\"}}],\"inLanguage\":\"pt-PT\"},{\"@type\":\"Organization\",\"@id\":\"https:\/\/perspetivaatual.pt\/#organization\",\"name\":\"Perspetiva Atual\",\"url\":\"https:\/\/perspetivaatual.pt\/\",\"logo\":{\"@type\":\"ImageObject\",\"inLanguage\":\"pt-PT\",\"@id\":\"https:\/\/perspetivaatual.pt\/#\/schema\/logo\/image\/\",\"url\":\"https:\/\/perspetivaatual.pt\/wp-content\/uploads\/2020\/08\/cropped-perspetiva_atual-.png\",\"contentUrl\":\"https:\/\/perspetivaatual.pt\/wp-content\/uploads\/2020\/08\/cropped-perspetiva_atual-.png\",\"width\":618,\"height\":202,\"caption\":\"Perspetiva Atual\"},\"image\":{\"@id\":\"https:\/\/perspetivaatual.pt\/#\/schema\/logo\/image\/\"}},{\"@type\":\"Person\",\"@id\":\"https:\/\/perspetivaatual.pt\/#\/schema\/person\/4c9d5a8b179d047c3220dfa32fd6b658\",\"name\":\"Jo\u00e3o Malainho Perspetiva Atual\",\"image\":{\"@type\":\"ImageObject\",\"inLanguage\":\"pt-PT\",\"@id\":\"https:\/\/perspetivaatual.pt\/#\/schema\/person\/image\/\",\"url\":\"https:\/\/secure.gravatar.com\/avatar\/fd918e8a58374b02896337d62716969a?s=96&d=mm&r=g\",\"contentUrl\":\"https:\/\/secure.gravatar.com\/avatar\/fd918e8a58374b02896337d62716969a?s=96&d=mm&r=g\",\"caption\":\"Jo\u00e3o Malainho Perspetiva Atual\"},\"sameAs\":[\"http:\/\/perspetivaatual.pt\"],\"url\":\"https:\/\/perspetivaatual.pt\/index.php\/author\/joaomalainhoii\/\"}]}<\/script>\n<!-- \/ Yoast SEO plugin. -->","yoast_head_json":{"title":"IGOT: Estudar a Geografia e o Ordenamento do Territ\u00f3rio com um ensino e uma investiga\u00e7\u00e3o de excel\u00eancia - Perspetiva Atual","description":"Amplamente prestigiado em Portugal e no estrangeiro, o Instituto de Geografia e Ordenamento do Territ\u00f3rio da Universidade de Lisboa (IGOT)...","robots":{"index":"index","follow":"follow","max-snippet":"max-snippet:-1","max-image-preview":"max-image-preview:large","max-video-preview":"max-video-preview:-1"},"canonical":"https:\/\/perspetivaatual.pt\/index.php\/2022\/05\/28\/igot-estudar-a-geografia-e-o-ordenamento-do-territorio-com-um-ensino-e-uma-investigacao-de-excelencia\/","og_locale":"pt_PT","og_type":"article","og_title":"IGOT: Estudar a Geografia e o Ordenamento do Territ\u00f3rio com um ensino e uma investiga\u00e7\u00e3o de excel\u00eancia - Perspetiva Atual","og_description":"Amplamente prestigiado em Portugal e no estrangeiro, o Instituto de Geografia e Ordenamento do Territ\u00f3rio da Universidade de Lisboa (IGOT)...","og_url":"https:\/\/perspetivaatual.pt\/index.php\/2022\/05\/28\/igot-estudar-a-geografia-e-o-ordenamento-do-territorio-com-um-ensino-e-uma-investigacao-de-excelencia\/","og_site_name":"Perspetiva Atual","article_published_time":"2022-05-28T07:00:00+00:00","article_modified_time":"2022-05-24T15:29:49+00:00","og_image":[{"width":2560,"height":1352,"url":"https:\/\/perspetivaatual.pt\/wp-content\/uploads\/2022\/05\/05_igot-scaled.jpg","type":"image\/jpeg"}],"author":"Jo\u00e3o Malainho Perspetiva Atual","twitter_card":"summary_large_image","twitter_misc":{"Escrito por":false,"Tempo estimado de leitura":"7 minutos"},"schema":{"@context":"https:\/\/schema.org","@graph":[{"@type":"Article","@id":"https:\/\/perspetivaatual.pt\/index.php\/2022\/05\/28\/igot-estudar-a-geografia-e-o-ordenamento-do-territorio-com-um-ensino-e-uma-investigacao-de-excelencia\/#article","isPartOf":{"@id":"https:\/\/perspetivaatual.pt\/index.php\/2022\/05\/28\/igot-estudar-a-geografia-e-o-ordenamento-do-territorio-com-um-ensino-e-uma-investigacao-de-excelencia\/"},"author":{"name":"Jo\u00e3o Malainho Perspetiva Atual","@id":"https:\/\/perspetivaatual.pt\/#\/schema\/person\/4c9d5a8b179d047c3220dfa32fd6b658"},"headline":"IGOT: Estudar a Geografia e o Ordenamento do Territ\u00f3rio com um ensino e uma investiga\u00e7\u00e3o de excel\u00eancia","datePublished":"2022-05-28T07:00:00+00:00","dateModified":"2022-05-24T15:29:49+00:00","mainEntityOfPage":{"@id":"https:\/\/perspetivaatual.pt\/index.php\/2022\/05\/28\/igot-estudar-a-geografia-e-o-ordenamento-do-territorio-com-um-ensino-e-uma-investigacao-de-excelencia\/"},"wordCount":1692,"commentCount":0,"publisher":{"@id":"https:\/\/perspetivaatual.pt\/#organization"},"image":{"@id":"https:\/\/perspetivaatual.pt\/index.php\/2022\/05\/28\/igot-estudar-a-geografia-e-o-ordenamento-do-territorio-com-um-ensino-e-uma-investigacao-de-excelencia\/#primaryimage"},"thumbnailUrl":"https:\/\/perspetivaatual.pt\/wp-content\/uploads\/2022\/05\/05_igot-scaled.jpg","keywords":["educa\u00e7\u00e3o","ensino","geografia","IGOT","territ\u00f3rio","universidade"],"articleSection":["Destaques","Educa\u00e7\u00e3o"],"inLanguage":"pt-PT","potentialAction":[{"@type":"CommentAction","name":"Comment","target":["https:\/\/perspetivaatual.pt\/index.php\/2022\/05\/28\/igot-estudar-a-geografia-e-o-ordenamento-do-territorio-com-um-ensino-e-uma-investigacao-de-excelencia\/#respond"]}]},{"@type":"WebPage","@id":"https:\/\/perspetivaatual.pt\/index.php\/2022\/05\/28\/igot-estudar-a-geografia-e-o-ordenamento-do-territorio-com-um-ensino-e-uma-investigacao-de-excelencia\/","url":"https:\/\/perspetivaatual.pt\/index.php\/2022\/05\/28\/igot-estudar-a-geografia-e-o-ordenamento-do-territorio-com-um-ensino-e-uma-investigacao-de-excelencia\/","name":"IGOT: Estudar a Geografia e o Ordenamento do Territ\u00f3rio com um ensino e uma investiga\u00e7\u00e3o de excel\u00eancia - Perspetiva Atual","isPartOf":{"@id":"https:\/\/perspetivaatual.pt\/#website"},"primaryImageOfPage":{"@id":"https:\/\/perspetivaatual.pt\/index.php\/2022\/05\/28\/igot-estudar-a-geografia-e-o-ordenamento-do-territorio-com-um-ensino-e-uma-investigacao-de-excelencia\/#primaryimage"},"image":{"@id":"https:\/\/perspetivaatual.pt\/index.php\/2022\/05\/28\/igot-estudar-a-geografia-e-o-ordenamento-do-territorio-com-um-ensino-e-uma-investigacao-de-excelencia\/#primaryimage"},"thumbnailUrl":"https:\/\/perspetivaatual.pt\/wp-content\/uploads\/2022\/05\/05_igot-scaled.jpg","datePublished":"2022-05-28T07:00:00+00:00","dateModified":"2022-05-24T15:29:49+00:00","description":"Amplamente prestigiado em Portugal e no estrangeiro, o Instituto de Geografia e Ordenamento do Territ\u00f3rio da Universidade de Lisboa (IGOT)...","breadcrumb":{"@id":"https:\/\/perspetivaatual.pt\/index.php\/2022\/05\/28\/igot-estudar-a-geografia-e-o-ordenamento-do-territorio-com-um-ensino-e-uma-investigacao-de-excelencia\/#breadcrumb"},"inLanguage":"pt-PT","potentialAction":[{"@type":"ReadAction","target":["https:\/\/perspetivaatual.pt\/index.php\/2022\/05\/28\/igot-estudar-a-geografia-e-o-ordenamento-do-territorio-com-um-ensino-e-uma-investigacao-de-excelencia\/"]}]},{"@type":"ImageObject","inLanguage":"pt-PT","@id":"https:\/\/perspetivaatual.pt\/index.php\/2022\/05\/28\/igot-estudar-a-geografia-e-o-ordenamento-do-territorio-com-um-ensino-e-uma-investigacao-de-excelencia\/#primaryimage","url":"https:\/\/perspetivaatual.pt\/wp-content\/uploads\/2022\/05\/05_igot-scaled.jpg","contentUrl":"https:\/\/perspetivaatual.pt\/wp-content\/uploads\/2022\/05\/05_igot-scaled.jpg","width":2560,"height":1352,"caption":"DCIM100GOPROG0075505."},{"@type":"BreadcrumbList","@id":"https:\/\/perspetivaatual.pt\/index.php\/2022\/05\/28\/igot-estudar-a-geografia-e-o-ordenamento-do-territorio-com-um-ensino-e-uma-investigacao-de-excelencia\/#breadcrumb","itemListElement":[{"@type":"ListItem","position":1,"name":"Home","item":"https:\/\/perspetivaatual.pt\/"},{"@type":"ListItem","position":2,"name":"IGOT: Estudar a Geografia e o Ordenamento do Territ\u00f3rio com um ensino e uma investiga\u00e7\u00e3o de excel\u00eancia"}]},{"@type":"WebSite","@id":"https:\/\/perspetivaatual.pt\/#website","url":"https:\/\/perspetivaatual.pt\/","name":"Perspetiva Atual","description":"Olhar Portugal, de diferentes formas","publisher":{"@id":"https:\/\/perspetivaatual.pt\/#organization"},"potentialAction":[{"@type":"SearchAction","target":{"@type":"EntryPoint","urlTemplate":"https:\/\/perspetivaatual.pt\/?s={search_term_string}"},"query-input":{"@type":"PropertyValueSpecification","valueRequired":true,"valueName":"search_term_string"}}],"inLanguage":"pt-PT"},{"@type":"Organization","@id":"https:\/\/perspetivaatual.pt\/#organization","name":"Perspetiva Atual","url":"https:\/\/perspetivaatual.pt\/","logo":{"@type":"ImageObject","inLanguage":"pt-PT","@id":"https:\/\/perspetivaatual.pt\/#\/schema\/logo\/image\/","url":"https:\/\/perspetivaatual.pt\/wp-content\/uploads\/2020\/08\/cropped-perspetiva_atual-.png","contentUrl":"https:\/\/perspetivaatual.pt\/wp-content\/uploads\/2020\/08\/cropped-perspetiva_atual-.png","width":618,"height":202,"caption":"Perspetiva Atual"},"image":{"@id":"https:\/\/perspetivaatual.pt\/#\/schema\/logo\/image\/"}},{"@type":"Person","@id":"https:\/\/perspetivaatual.pt\/#\/schema\/person\/4c9d5a8b179d047c3220dfa32fd6b658","name":"Jo\u00e3o Malainho Perspetiva Atual","image":{"@type":"ImageObject","inLanguage":"pt-PT","@id":"https:\/\/perspetivaatual.pt\/#\/schema\/person\/image\/","url":"https:\/\/secure.gravatar.com\/avatar\/fd918e8a58374b02896337d62716969a?s=96&d=mm&r=g","contentUrl":"https:\/\/secure.gravatar.com\/avatar\/fd918e8a58374b02896337d62716969a?s=96&d=mm&r=g","caption":"Jo\u00e3o Malainho Perspetiva Atual"},"sameAs":["http:\/\/perspetivaatual.pt"],"url":"https:\/\/perspetivaatual.pt\/index.php\/author\/joaomalainhoii\/"}]}},"featured_image_urls":{"full":["https:\/\/perspetivaatual.pt\/wp-content\/uploads\/2022\/05\/05_igot-scaled.jpg",2560,1352,false],"thumbnail":["https:\/\/perspetivaatual.pt\/wp-content\/uploads\/2022\/05\/05_igot-150x150.jpg",150,150,true],"medium":["https:\/\/perspetivaatual.pt\/wp-content\/uploads\/2022\/05\/05_igot-300x158.jpg",300,158,true],"medium_large":["https:\/\/perspetivaatual.pt\/wp-content\/uploads\/2022\/05\/05_igot-768x406.jpg",640,338,true],"large":["https:\/\/perspetivaatual.pt\/wp-content\/uploads\/2022\/05\/05_igot-1024x541.jpg",640,338,true],"1536x1536":["https:\/\/perspetivaatual.pt\/wp-content\/uploads\/2022\/05\/05_igot-1536x811.jpg",1536,811,true],"2048x2048":["https:\/\/perspetivaatual.pt\/wp-content\/uploads\/2022\/05\/05_igot-2048x1081.jpg",2048,1081,true],"magazine-7-slider-full":["https:\/\/perspetivaatual.pt\/wp-content\/uploads\/2022\/05\/05_igot-1536x1020.jpg",1536,1020,true],"magazine-7-slider-center":["https:\/\/perspetivaatual.pt\/wp-content\/uploads\/2022\/05\/05_igot-936x897.jpg",936,897,true],"magazine-7-featured":["https:\/\/perspetivaatual.pt\/wp-content\/uploads\/2022\/05\/05_igot-1024x541.jpg",1024,541,true],"magazine-7-medium":["https:\/\/perspetivaatual.pt\/wp-content\/uploads\/2022\/05\/05_igot-720x380.jpg",720,380,true],"magazine-7-medium-square":["https:\/\/perspetivaatual.pt\/wp-content\/uploads\/2022\/05\/05_igot-675x450.jpg",675,450,true],"rpwe-thumbnail":["https:\/\/perspetivaatual.pt\/wp-content\/uploads\/2022\/05\/05_igot-45x45.jpg",45,45,true]},"author_info":{"info":[false]},"category_info":"<a href=\"https:\/\/perspetivaatual.pt\/index.php\/category\/destaques\/\" rel=\"category tag\">Destaques<\/a> <a href=\"https:\/\/perspetivaatual.pt\/index.php\/category\/educacao\/\" rel=\"category tag\">Educa\u00e7\u00e3o<\/a>","tag_info":"Educa\u00e7\u00e3o","comment_count":"0","_links":{"self":[{"href":"https:\/\/perspetivaatual.pt\/index.php\/wp-json\/wp\/v2\/posts\/1570","targetHints":{"allow":["GET"]}}],"collection":[{"href":"https:\/\/perspetivaatual.pt\/index.php\/wp-json\/wp\/v2\/posts"}],"about":[{"href":"https:\/\/perspetivaatual.pt\/index.php\/wp-json\/wp\/v2\/types\/post"}],"author":[{"embeddable":true,"href":"https:\/\/perspetivaatual.pt\/index.php\/wp-json\/wp\/v2\/users\/5"}],"replies":[{"embeddable":true,"href":"https:\/\/perspetivaatual.pt\/index.php\/wp-json\/wp\/v2\/comments?post=1570"}],"version-history":[{"count":0,"href":"https:\/\/perspetivaatual.pt\/index.php\/wp-json\/wp\/v2\/posts\/1570\/revisions"}],"wp:featuredmedia":[{"embeddable":true,"href":"https:\/\/perspetivaatual.pt\/index.php\/wp-json\/wp\/v2\/media\/1594"}],"wp:attachment":[{"href":"https:\/\/perspetivaatual.pt\/index.php\/wp-json\/wp\/v2\/media?parent=1570"}],"wp:term":[{"taxonomy":"category","embeddable":true,"href":"https:\/\/perspetivaatual.pt\/index.php\/wp-json\/wp\/v2\/categories?post=1570"},{"taxonomy":"post_tag","embeddable":true,"href":"https:\/\/perspetivaatual.pt\/index.php\/wp-json\/wp\/v2\/tags?post=1570"}],"curies":[{"name":"wp","href":"https:\/\/api.w.org\/{rel}","templated":true}]}}