{"id":1583,"date":"2022-05-28T07:00:00","date_gmt":"2022-05-28T07:00:00","guid":{"rendered":"https:\/\/perspetivaatual.pt\/?p=1583"},"modified":"2022-05-24T14:25:03","modified_gmt":"2022-05-24T14:25:03","slug":"aprendizagem-ao-longo-da-vida-e-as-formacoes-de-curta-duracao","status":"publish","type":"post","link":"https:\/\/perspetivaatual.pt\/index.php\/2022\/05\/28\/aprendizagem-ao-longo-da-vida-e-as-formacoes-de-curta-duracao\/","title":{"rendered":"Aprendizagem ao longo da vida e as forma\u00e7\u00f5es de curta dura\u00e7\u00e3o"},"content":{"rendered":"\n<p><strong>As universidades de todo o mundo est\u00e3o num processo de intensa transforma\u00e7\u00e3o, tornando-se cada vez mais digitais. O ensino superior acompanha a par e passo essa tend\u00eancia das sociedades.<\/strong><\/p>\n\n\n\n<p>Os contextos e as condi\u00e7\u00f5es laborais est\u00e3o em r\u00e1pida mudan\u00e7a, tendo alguns estudos indicado que, ao longo de um ano, entre 20% a 70% da popula\u00e7\u00e3o muda de ramo ou mesmo de ocupa\u00e7\u00e3o<a href=\"#_ftn1\">[1]<\/a>.<\/p>\n\n\n\n<p>A <a href=\"https:\/\/portal.uab.pt\/\" target=\"_blank\" rel=\"noreferrer noopener\">Universidade Aberta (UAb<\/a>) foi a primeira universidade portuguesa a afirmar-se como universidade digital com um modelo pedag\u00f3gico virtual desde 2007. Hoje, e depois da crise pand\u00e9mica, continua a revelar-se a \u00fanica universidade portuguesa totalmente preparada para enfrentar os desafios do ensino, da aprendizagem e da avalia\u00e7\u00e3o online.<\/p>\n\n\n\n<p>A miss\u00e3o de formar, capacitar e abrir as portas do conhecimento a popula\u00e7\u00f5es adultas geograficamente dispersas, liberta a UAb dos limites impostos pelo espa\u00e7o e pelo tempo.<\/p>\n\n\n\n<p>&nbsp;A utiliza\u00e7\u00e3o intensiva das tecnologias e redes digitais, particularidades da sua identidade, permitem-lhe estar na vanguarda da transforma\u00e7\u00e3o digital do sistema de ensino superior portugu\u00eas.<\/p>\n\n\n\n<p>Estas suas caracter\u00edsticas permitiram-lhe responder de forma eficaz ao convite para implementar o programa Impulso Adultos, no quadro do Regulamento 2021\/241 e do Plano de Recupera\u00e7\u00e3o e Resili\u00eancia (PRR) de Portugal, na sua componente Qualifica\u00e7\u00f5es e Compet\u00eancias.<\/p>\n\n\n\n<p>Na forma como funciona, a UAb definiu um espa\u00e7o pr\u00f3prio na forma\u00e7\u00e3o \u201cAo Longo da Vida\u201d (ALV) e no desenvolvimento de compet\u00eancias a estudantes n\u00e3o tradicionais no acesso ao ensino superior. Com uma popula\u00e7\u00e3o estudantil cuja m\u00e9dia de idades se situa nos 40 anos e com um plano estrat\u00e9gico para a forma\u00e7\u00e3o ao longo da vida, que vem j\u00e1 de h\u00e1 15 anos, a UAb formou cerca de 40.000 estudantes da chamada popula\u00e7\u00e3o adulta.<\/p>\n\n\n\n<p>\u00c9 neste quadro de mudan\u00e7a nas compet\u00eancias profissionais e necessidade urgente de forma\u00e7\u00e3o, que as Microcredenciais t\u00eam vindo a ser discutidas no espa\u00e7o europeu e referenciadas como uma estrat\u00e9gia para responder \u00e0s necessidades de qualifica\u00e7\u00e3o e requalifica\u00e7\u00e3o profissionais.<\/p>\n\n\n\n<p>O termo Microcredencial foi adotado pela Comiss\u00e3o Europeia para designar a aquisi\u00e7\u00e3o de uma compet\u00eancia adquirida atrav\u00e9s de uma forma\u00e7\u00e3o curta e n\u00e3o conducente a grau. Estas forma\u00e7\u00f5es curtas devem proporcionar sempre ao aluno conhecimentos, aptid\u00f5es ou compet\u00eancias espec\u00edficas que respondam a necessidades sociais, pessoais, culturais ou do mercado de trabalho.&nbsp;<\/p>\n\n\n\n<p>A estrat\u00e9gia europeia de Microcredenciais&nbsp;tem como objetivo reconhecer, num contexto nacional e europeu, as compet\u00eancias adquiridas em contexto de forma\u00e7\u00e3o ao longo da vida.&nbsp; Esta condi\u00e7\u00e3o \u00e9 fundamental para se valorizar a forma\u00e7\u00e3o profissional, em particular no contexto portugu\u00eas onde ainda \u00e9 pouco reconhecida.<\/p>\n\n\n\n<p>No contexto portugu\u00eas, nos objetivos de desenvolvimento sustent\u00e1vel da Agenda 2030 e do PRR \u00e9 referido que: \u201cAs r\u00e1pidas altera\u00e7\u00f5es existentes na nossa sociedade levam \u00e0 necessidade de uma melhor prepara\u00e7\u00e3o profissional face aos desafios cada vez mais emergentes e din\u00e2micos\u201d. A necessidade de se fazer o reskilling e upskilling da popula\u00e7\u00e3o, contribuindo para a diversifica\u00e7\u00e3o das ofertas formativas e estreitando as rela\u00e7\u00f5es com o mercado laboral, que se enquadram neste desafio, foram estrategicamente antecipadas pela UAb.<\/p>\n\n\n\n<p>Foram 4 as \u00e1reas escolhidas pela UAb no Programa Impulso Adultos: Aprendizagem a Dist\u00e2ncia e Digital, Transi\u00e7\u00e3o e Transforma\u00e7\u00e3o Digital, Objetivos de Desenvolvimento Sustent\u00e1vel e L\u00ednguas e Comunica\u00e7\u00e3o. <\/p>\n\n\n\n<p>Nestas \u00e1reas, que se enquadram no programa de ensino no modelo de Microcredenciais, pretende-se refor\u00e7ar a requalifica\u00e7\u00e3o, tanto tecnol\u00f3gica de formadores para Ensino a Dist\u00e2ncia e Digital, como em outras \u00e1reas estrat\u00e9gicas da sociedade que adiante se enumeram.<\/p>\n\n\n\n<p>Para a UAb, a oferta de uma Microcredencial \u00e9 tamb\u00e9m uma oportunidade de desenvolver, em conjunto com empresas, associa\u00e7\u00f5es e\/ou setores, ofertas de forma\u00e7\u00e3o que permitam o upskilling ou reskilling da popula\u00e7\u00e3o adulta, enquadradas ou n\u00e3o no contexto laboral, com ou sem terem previamente frequentado o ensino superior. Podem, por isso, ser oferecidas ao n\u00edvel 6 ou 7 (licenciatura ou mestrado), de acordo com os n\u00edveis de qualifica\u00e7\u00e3o do quadro europeu de qualifica\u00e7\u00f5es.<\/p>\n\n\n\n<figure class=\"wp-block-image\"><img loading=\"lazy\" decoding=\"async\" width=\"1024\" height=\"725\" src=\"https:\/\/perspetivaatual.pt\/wp-content\/uploads\/2022\/05\/UA-1024x725.jpg\" alt=\"\" class=\"wp-image-1592\" srcset=\"https:\/\/perspetivaatual.pt\/wp-content\/uploads\/2022\/05\/UA-1024x725.jpg 1024w, https:\/\/perspetivaatual.pt\/wp-content\/uploads\/2022\/05\/UA-300x212.jpg 300w, https:\/\/perspetivaatual.pt\/wp-content\/uploads\/2022\/05\/UA-768x544.jpg 768w, https:\/\/perspetivaatual.pt\/wp-content\/uploads\/2022\/05\/UA-1536x1087.jpg 1536w, https:\/\/perspetivaatual.pt\/wp-content\/uploads\/2022\/05\/UA-600x425.jpg 600w, https:\/\/perspetivaatual.pt\/wp-content\/uploads\/2022\/05\/UA.jpg 1800w\" sizes=\"auto, (max-width: 1024px) 100vw, 1024px\" \/><\/figure>\n\n\n\n<p><strong>Formar novos p\u00fablicos e fomentar a Aprendizagem ao Longo da Vida<\/strong><\/p>\n\n\n\n<p>A UAb preparar\u00e1 24 Microcredenciais at\u00e9 2025 e uma nova P\u00f3s-Gradua\u00e7\u00e3o em Transi\u00e7\u00e3o Digital e Transforma\u00e7\u00e3o das Organiza\u00e7\u00f5es. &nbsp;A p\u00f3s-gradua\u00e7\u00e3o \u00e9 uma oferta formativa estrat\u00e9gica para quadros superiores de organiza\u00e7\u00f5es (v.g. turismo e hotelaria) e administra\u00e7\u00e3o p\u00fablica. <\/p>\n\n\n\n<p>Desenvolvida em conjunto com a Microsoft, a p\u00f3s-gradua\u00e7\u00e3o usar\u00e1 software produzido pela Microsoft e formadores das duas institui\u00e7\u00f5es. As compet\u00eancias dos alunos ser\u00e3o reconhecidas atrav\u00e9s de Microcredenciais da UAb e de Credenciais da Microsoft Imagine Academy.<\/p>\n\n\n\n<p>No mesmo \u00e2mbito, a UAb est\u00e1 a desenvolver novos conte\u00fados educativos, inovadores, em conjunto com a Porto Editora, com o objetivo de enriquecer os programas formativos da editora e, igualmente, a qualidade dos conte\u00fados oferecidos pela UAb.<\/p>\n\n\n\n<p>Foram ainda criadas parcerias com 4 stakeholders que se constituem como pilares em quatro \u00e1reas distintas: turismo, administra\u00e7\u00e3o local, for\u00e7as de seguran\u00e7a e forma\u00e7\u00e3o profissional com os seguintes objetivos:<\/p>\n\n\n\n<p>\u2022&nbsp;&nbsp;&nbsp;&nbsp;&nbsp;&nbsp;&nbsp;&nbsp; Consultoria t\u00e9cnica (integra\u00e7\u00e3o e parametriza\u00e7\u00e3o, funcionalidades, aplica\u00e7\u00f5es, autentica\u00e7\u00e3o, prote\u00e7\u00e3o de dados, certifica\u00e7\u00e3o e arquitetura, learning analytics);<\/p>\n\n\n\n<p>\u2022&nbsp;&nbsp;&nbsp;&nbsp;&nbsp;&nbsp;&nbsp;&nbsp; Consultoria pedag\u00f3gica (instrucional design, acessibilidade, usabilidade, estrutura de Templates\/temas);<\/p>\n\n\n\n<p>\u2022&nbsp;&nbsp;&nbsp;&nbsp;&nbsp;&nbsp;&nbsp;&nbsp; Consultoria institucional (pol\u00edticas, regulamentos, vis\u00e3o e modelo pedag\u00f3gico);<\/p>\n\n\n\n<p>\u2022&nbsp;&nbsp;&nbsp;&nbsp;&nbsp;&nbsp;&nbsp;&nbsp; Consultoria institucional e organizacional (pol\u00edticas, regulamentos, vis\u00e3o e modelo pedag\u00f3gico, \u00e1reas de suporte);<\/p>\n\n\n\n<p>A cria\u00e7\u00e3o destas Alian\u00e7as permite \u00e0 UAb promover \u201cum plano de especializa\u00e7\u00e3o em compet\u00eancias e metodologias cient\u00edficas e pedag\u00f3gicas e em infraestruturas e sistemas de ensino a dist\u00e2ncia\u201d tal como recomendado no Decreto-Lei n.\u00ba133\/2019.<\/p>\n\n\n\n<p>Por fim, a UAb destaca a parceria com o Laborat\u00f3rio de Educa\u00e7\u00e3o a Dist\u00e2ncia e Elearning (LE@D) e com a European Association for Distance Teaching Universities (EADTU). Aqui procuram-se desenvolver solu\u00e7\u00f5es de avalia\u00e7\u00e3o e acompanhamento no \u00e2mbito do Ensino a Dist\u00e2ncia e Digital, bem como, o desenvolvimento de solu\u00e7\u00f5es tecnol\u00f3gicas de apoio aos alunos no \u00e2mbito da intelig\u00eancia artificial.<\/p>\n\n\n\n<p><strong>A primeira Microcredencial da UAb, financiada pelo PRR j\u00e1 come\u00e7ou<\/strong><\/p>\n\n\n\n<p>A Microcredencial <strong>\u201c<\/strong>Educa\u00e7\u00e3o a Dist\u00e2ncia e Digital\u201d<strong>, <\/strong>com mais de 400 estudantes inscritos e uma dura\u00e7\u00e3o de 104 horas, \u00e9 constitu\u00edda por 3 m\u00f3dulos. O objetivo \u00e9 fomentar o desenvolvimento de compet\u00eancias pedag\u00f3gicas para docentes e formadores de adultos em Educa\u00e7\u00e3o a Dist\u00e2ncia e Digital.<\/p>\n\n\n\n<p>Esta Microcredencial resulta da experi\u00eancia adquirida atrav\u00e9s dos cursos de forma\u00e7\u00e3o de formadores para a doc\u00eancia online, ministrados pela UAb, e dos seus docentes, ao longo da \u00faltima d\u00e9cada.<\/p>\n\n\n\n<p>A UAb responde aos novos desafios das sociedades cada vez mais din\u00e2micas. O ensino online e em rede adquiriu grande visibilidade e relev\u00e2ncia na educa\u00e7\u00e3o de adultos.<\/p>\n\n\n\n<hr class=\"wp-block-separator\"\/>\n\n\n\n<p><a href=\"#_ftnref1\">[1]<\/a> Kato, S., V. Gal\u00e1n-Muros and T. Weko (2020), &#8220;The emergence of alternative credentials&#8221;, OECD Education Working Papers, No. 216, OECD Publishing, Paris, <a href=\"https:\/\/doi.org\/10.1787\/b741f39e-en\">https:\/\/doi.org\/10.1787\/b741f39e-en<\/a><\/p>\n\n\n\n<hr class=\"wp-block-separator\"\/>\n\n\n\n<p><\/p>\n","protected":false},"excerpt":{"rendered":"<p>As universidades de todo o mundo est\u00e3o num processo de intensa transforma\u00e7\u00e3o, tornando-se cada vez<\/p>\n","protected":false},"author":5,"featured_media":1591,"comment_status":"open","ping_status":"open","sticky":false,"template":"","format":"standard","meta":{"footnotes":""},"categories":[11,3],"tags":[63,56,55,64,61],"class_list":["post-1583","post","type-post","status-publish","format-standard","has-post-thumbnail","hentry","category-destaques","category-educacao","tag-curso-online","tag-educacao-2","tag-ensino","tag-ensino-a-distancia","tag-universidade"],"yoast_head":"<!-- This site is optimized with the Yoast SEO plugin v24.2 - https:\/\/yoast.com\/wordpress\/plugins\/seo\/ -->\n<title>Aprendizagem ao longo da vida e as forma\u00e7\u00f5es de curta dura\u00e7\u00e3o - Perspetiva Atual<\/title>\n<meta name=\"description\" content=\"As universidades de todo o mundo est\u00e3o num processo de intensa transforma\u00e7\u00e3o, tornando-se cada vez mais digitais...\" \/>\n<meta name=\"robots\" content=\"index, follow, max-snippet:-1, max-image-preview:large, max-video-preview:-1\" \/>\n<link rel=\"canonical\" href=\"http:\/\/perspetivaatual.pt\/index.php\/2022\/05\/28\/aprendizagem-ao-longo-da-vida-e-as-formacoes-de-curta-duracao\/\" \/>\n<meta property=\"og:locale\" content=\"pt_PT\" \/>\n<meta property=\"og:type\" content=\"article\" \/>\n<meta property=\"og:title\" content=\"Aprendizagem ao longo da vida e as forma\u00e7\u00f5es de curta dura\u00e7\u00e3o - Perspetiva Atual\" \/>\n<meta property=\"og:description\" content=\"As universidades de todo o mundo est\u00e3o num processo de intensa transforma\u00e7\u00e3o, tornando-se cada vez mais digitais...\" \/>\n<meta property=\"og:url\" content=\"http:\/\/perspetivaatual.pt\/index.php\/2022\/05\/28\/aprendizagem-ao-longo-da-vida-e-as-formacoes-de-curta-duracao\/\" \/>\n<meta property=\"og:site_name\" content=\"Perspetiva Atual\" \/>\n<meta property=\"article:published_time\" content=\"2022-05-28T07:00:00+00:00\" \/>\n<meta property=\"article:modified_time\" content=\"2022-05-24T14:25:03+00:00\" \/>\n<meta property=\"og:image\" content=\"http:\/\/perspetivaatual.pt\/wp-content\/uploads\/2022\/05\/capa.jpg\" \/>\n\t<meta property=\"og:image:width\" content=\"1500\" \/>\n\t<meta property=\"og:image:height\" content=\"1122\" \/>\n\t<meta property=\"og:image:type\" content=\"image\/jpeg\" \/>\n<meta name=\"author\" content=\"Jo\u00e3o Malainho Perspetiva Atual\" \/>\n<meta name=\"twitter:card\" content=\"summary_large_image\" \/>\n<meta name=\"twitter:label1\" content=\"Escrito por\" \/>\n\t<meta name=\"twitter:data1\" content=\"\" \/>\n\t<meta name=\"twitter:label2\" content=\"Tempo estimado de leitura\" \/>\n\t<meta name=\"twitter:data2\" content=\"5 minutos\" \/>\n<script type=\"application\/ld+json\" class=\"yoast-schema-graph\">{\"@context\":\"https:\/\/schema.org\",\"@graph\":[{\"@type\":\"Article\",\"@id\":\"http:\/\/perspetivaatual.pt\/index.php\/2022\/05\/28\/aprendizagem-ao-longo-da-vida-e-as-formacoes-de-curta-duracao\/#article\",\"isPartOf\":{\"@id\":\"http:\/\/perspetivaatual.pt\/index.php\/2022\/05\/28\/aprendizagem-ao-longo-da-vida-e-as-formacoes-de-curta-duracao\/\"},\"author\":{\"name\":\"Jo\u00e3o Malainho Perspetiva Atual\",\"@id\":\"https:\/\/perspetivaatual.pt\/#\/schema\/person\/4c9d5a8b179d047c3220dfa32fd6b658\"},\"headline\":\"Aprendizagem ao longo da vida e as forma\u00e7\u00f5es de curta dura\u00e7\u00e3o\",\"datePublished\":\"2022-05-28T07:00:00+00:00\",\"dateModified\":\"2022-05-24T14:25:03+00:00\",\"mainEntityOfPage\":{\"@id\":\"http:\/\/perspetivaatual.pt\/index.php\/2022\/05\/28\/aprendizagem-ao-longo-da-vida-e-as-formacoes-de-curta-duracao\/\"},\"wordCount\":1235,\"commentCount\":0,\"publisher\":{\"@id\":\"https:\/\/perspetivaatual.pt\/#organization\"},\"image\":{\"@id\":\"http:\/\/perspetivaatual.pt\/index.php\/2022\/05\/28\/aprendizagem-ao-longo-da-vida-e-as-formacoes-de-curta-duracao\/#primaryimage\"},\"thumbnailUrl\":\"https:\/\/perspetivaatual.pt\/wp-content\/uploads\/2022\/05\/capa.jpg\",\"keywords\":[\"curso online\",\"educa\u00e7\u00e3o\",\"ensino\",\"ensino \u00e0 dist\u00e2ncia\",\"universidade\"],\"articleSection\":[\"Destaques\",\"Educa\u00e7\u00e3o\"],\"inLanguage\":\"pt-PT\",\"potentialAction\":[{\"@type\":\"CommentAction\",\"name\":\"Comment\",\"target\":[\"http:\/\/perspetivaatual.pt\/index.php\/2022\/05\/28\/aprendizagem-ao-longo-da-vida-e-as-formacoes-de-curta-duracao\/#respond\"]}]},{\"@type\":\"WebPage\",\"@id\":\"http:\/\/perspetivaatual.pt\/index.php\/2022\/05\/28\/aprendizagem-ao-longo-da-vida-e-as-formacoes-de-curta-duracao\/\",\"url\":\"http:\/\/perspetivaatual.pt\/index.php\/2022\/05\/28\/aprendizagem-ao-longo-da-vida-e-as-formacoes-de-curta-duracao\/\",\"name\":\"Aprendizagem ao longo da vida e as forma\u00e7\u00f5es de curta dura\u00e7\u00e3o - Perspetiva Atual\",\"isPartOf\":{\"@id\":\"https:\/\/perspetivaatual.pt\/#website\"},\"primaryImageOfPage\":{\"@id\":\"http:\/\/perspetivaatual.pt\/index.php\/2022\/05\/28\/aprendizagem-ao-longo-da-vida-e-as-formacoes-de-curta-duracao\/#primaryimage\"},\"image\":{\"@id\":\"http:\/\/perspetivaatual.pt\/index.php\/2022\/05\/28\/aprendizagem-ao-longo-da-vida-e-as-formacoes-de-curta-duracao\/#primaryimage\"},\"thumbnailUrl\":\"https:\/\/perspetivaatual.pt\/wp-content\/uploads\/2022\/05\/capa.jpg\",\"datePublished\":\"2022-05-28T07:00:00+00:00\",\"dateModified\":\"2022-05-24T14:25:03+00:00\",\"description\":\"As universidades de todo o mundo est\u00e3o num processo de intensa transforma\u00e7\u00e3o, tornando-se cada vez mais digitais...\",\"breadcrumb\":{\"@id\":\"http:\/\/perspetivaatual.pt\/index.php\/2022\/05\/28\/aprendizagem-ao-longo-da-vida-e-as-formacoes-de-curta-duracao\/#breadcrumb\"},\"inLanguage\":\"pt-PT\",\"potentialAction\":[{\"@type\":\"ReadAction\",\"target\":[\"http:\/\/perspetivaatual.pt\/index.php\/2022\/05\/28\/aprendizagem-ao-longo-da-vida-e-as-formacoes-de-curta-duracao\/\"]}]},{\"@type\":\"ImageObject\",\"inLanguage\":\"pt-PT\",\"@id\":\"http:\/\/perspetivaatual.pt\/index.php\/2022\/05\/28\/aprendizagem-ao-longo-da-vida-e-as-formacoes-de-curta-duracao\/#primaryimage\",\"url\":\"https:\/\/perspetivaatual.pt\/wp-content\/uploads\/2022\/05\/capa.jpg\",\"contentUrl\":\"https:\/\/perspetivaatual.pt\/wp-content\/uploads\/2022\/05\/capa.jpg\",\"width\":1500,\"height\":1122},{\"@type\":\"BreadcrumbList\",\"@id\":\"http:\/\/perspetivaatual.pt\/index.php\/2022\/05\/28\/aprendizagem-ao-longo-da-vida-e-as-formacoes-de-curta-duracao\/#breadcrumb\",\"itemListElement\":[{\"@type\":\"ListItem\",\"position\":1,\"name\":\"Home\",\"item\":\"https:\/\/perspetivaatual.pt\/\"},{\"@type\":\"ListItem\",\"position\":2,\"name\":\"Aprendizagem ao longo da vida e as forma\u00e7\u00f5es de curta dura\u00e7\u00e3o\"}]},{\"@type\":\"WebSite\",\"@id\":\"https:\/\/perspetivaatual.pt\/#website\",\"url\":\"https:\/\/perspetivaatual.pt\/\",\"name\":\"Perspetiva Atual\",\"description\":\"Olhar Portugal, de diferentes formas\",\"publisher\":{\"@id\":\"https:\/\/perspetivaatual.pt\/#organization\"},\"potentialAction\":[{\"@type\":\"SearchAction\",\"target\":{\"@type\":\"EntryPoint\",\"urlTemplate\":\"https:\/\/perspetivaatual.pt\/?s={search_term_string}\"},\"query-input\":{\"@type\":\"PropertyValueSpecification\",\"valueRequired\":true,\"valueName\":\"search_term_string\"}}],\"inLanguage\":\"pt-PT\"},{\"@type\":\"Organization\",\"@id\":\"https:\/\/perspetivaatual.pt\/#organization\",\"name\":\"Perspetiva Atual\",\"url\":\"https:\/\/perspetivaatual.pt\/\",\"logo\":{\"@type\":\"ImageObject\",\"inLanguage\":\"pt-PT\",\"@id\":\"https:\/\/perspetivaatual.pt\/#\/schema\/logo\/image\/\",\"url\":\"https:\/\/perspetivaatual.pt\/wp-content\/uploads\/2020\/08\/cropped-perspetiva_atual-.png\",\"contentUrl\":\"https:\/\/perspetivaatual.pt\/wp-content\/uploads\/2020\/08\/cropped-perspetiva_atual-.png\",\"width\":618,\"height\":202,\"caption\":\"Perspetiva Atual\"},\"image\":{\"@id\":\"https:\/\/perspetivaatual.pt\/#\/schema\/logo\/image\/\"}},{\"@type\":\"Person\",\"@id\":\"https:\/\/perspetivaatual.pt\/#\/schema\/person\/4c9d5a8b179d047c3220dfa32fd6b658\",\"name\":\"Jo\u00e3o Malainho Perspetiva Atual\",\"image\":{\"@type\":\"ImageObject\",\"inLanguage\":\"pt-PT\",\"@id\":\"https:\/\/perspetivaatual.pt\/#\/schema\/person\/image\/\",\"url\":\"https:\/\/secure.gravatar.com\/avatar\/fd918e8a58374b02896337d62716969a?s=96&d=mm&r=g\",\"contentUrl\":\"https:\/\/secure.gravatar.com\/avatar\/fd918e8a58374b02896337d62716969a?s=96&d=mm&r=g\",\"caption\":\"Jo\u00e3o Malainho Perspetiva Atual\"},\"sameAs\":[\"http:\/\/perspetivaatual.pt\"],\"url\":\"https:\/\/perspetivaatual.pt\/index.php\/author\/joaomalainhoii\/\"}]}<\/script>\n<!-- \/ Yoast SEO plugin. -->","yoast_head_json":{"title":"Aprendizagem ao longo da vida e as forma\u00e7\u00f5es de curta dura\u00e7\u00e3o - Perspetiva Atual","description":"As universidades de todo o mundo est\u00e3o num processo de intensa transforma\u00e7\u00e3o, tornando-se cada vez mais digitais...","robots":{"index":"index","follow":"follow","max-snippet":"max-snippet:-1","max-image-preview":"max-image-preview:large","max-video-preview":"max-video-preview:-1"},"canonical":"http:\/\/perspetivaatual.pt\/index.php\/2022\/05\/28\/aprendizagem-ao-longo-da-vida-e-as-formacoes-de-curta-duracao\/","og_locale":"pt_PT","og_type":"article","og_title":"Aprendizagem ao longo da vida e as forma\u00e7\u00f5es de curta dura\u00e7\u00e3o - Perspetiva Atual","og_description":"As universidades de todo o mundo est\u00e3o num processo de intensa transforma\u00e7\u00e3o, tornando-se cada vez mais digitais...","og_url":"http:\/\/perspetivaatual.pt\/index.php\/2022\/05\/28\/aprendizagem-ao-longo-da-vida-e-as-formacoes-de-curta-duracao\/","og_site_name":"Perspetiva Atual","article_published_time":"2022-05-28T07:00:00+00:00","article_modified_time":"2022-05-24T14:25:03+00:00","og_image":[{"width":1500,"height":1122,"url":"http:\/\/perspetivaatual.pt\/wp-content\/uploads\/2022\/05\/capa.jpg","type":"image\/jpeg"}],"author":"Jo\u00e3o Malainho Perspetiva Atual","twitter_card":"summary_large_image","twitter_misc":{"Escrito por":false,"Tempo estimado de leitura":"5 minutos"},"schema":{"@context":"https:\/\/schema.org","@graph":[{"@type":"Article","@id":"http:\/\/perspetivaatual.pt\/index.php\/2022\/05\/28\/aprendizagem-ao-longo-da-vida-e-as-formacoes-de-curta-duracao\/#article","isPartOf":{"@id":"http:\/\/perspetivaatual.pt\/index.php\/2022\/05\/28\/aprendizagem-ao-longo-da-vida-e-as-formacoes-de-curta-duracao\/"},"author":{"name":"Jo\u00e3o Malainho Perspetiva Atual","@id":"https:\/\/perspetivaatual.pt\/#\/schema\/person\/4c9d5a8b179d047c3220dfa32fd6b658"},"headline":"Aprendizagem ao longo da vida e as forma\u00e7\u00f5es de curta dura\u00e7\u00e3o","datePublished":"2022-05-28T07:00:00+00:00","dateModified":"2022-05-24T14:25:03+00:00","mainEntityOfPage":{"@id":"http:\/\/perspetivaatual.pt\/index.php\/2022\/05\/28\/aprendizagem-ao-longo-da-vida-e-as-formacoes-de-curta-duracao\/"},"wordCount":1235,"commentCount":0,"publisher":{"@id":"https:\/\/perspetivaatual.pt\/#organization"},"image":{"@id":"http:\/\/perspetivaatual.pt\/index.php\/2022\/05\/28\/aprendizagem-ao-longo-da-vida-e-as-formacoes-de-curta-duracao\/#primaryimage"},"thumbnailUrl":"https:\/\/perspetivaatual.pt\/wp-content\/uploads\/2022\/05\/capa.jpg","keywords":["curso online","educa\u00e7\u00e3o","ensino","ensino \u00e0 dist\u00e2ncia","universidade"],"articleSection":["Destaques","Educa\u00e7\u00e3o"],"inLanguage":"pt-PT","potentialAction":[{"@type":"CommentAction","name":"Comment","target":["http:\/\/perspetivaatual.pt\/index.php\/2022\/05\/28\/aprendizagem-ao-longo-da-vida-e-as-formacoes-de-curta-duracao\/#respond"]}]},{"@type":"WebPage","@id":"http:\/\/perspetivaatual.pt\/index.php\/2022\/05\/28\/aprendizagem-ao-longo-da-vida-e-as-formacoes-de-curta-duracao\/","url":"http:\/\/perspetivaatual.pt\/index.php\/2022\/05\/28\/aprendizagem-ao-longo-da-vida-e-as-formacoes-de-curta-duracao\/","name":"Aprendizagem ao longo da vida e as forma\u00e7\u00f5es de curta dura\u00e7\u00e3o - Perspetiva Atual","isPartOf":{"@id":"https:\/\/perspetivaatual.pt\/#website"},"primaryImageOfPage":{"@id":"http:\/\/perspetivaatual.pt\/index.php\/2022\/05\/28\/aprendizagem-ao-longo-da-vida-e-as-formacoes-de-curta-duracao\/#primaryimage"},"image":{"@id":"http:\/\/perspetivaatual.pt\/index.php\/2022\/05\/28\/aprendizagem-ao-longo-da-vida-e-as-formacoes-de-curta-duracao\/#primaryimage"},"thumbnailUrl":"https:\/\/perspetivaatual.pt\/wp-content\/uploads\/2022\/05\/capa.jpg","datePublished":"2022-05-28T07:00:00+00:00","dateModified":"2022-05-24T14:25:03+00:00","description":"As universidades de todo o mundo est\u00e3o num processo de intensa transforma\u00e7\u00e3o, tornando-se cada vez mais digitais...","breadcrumb":{"@id":"http:\/\/perspetivaatual.pt\/index.php\/2022\/05\/28\/aprendizagem-ao-longo-da-vida-e-as-formacoes-de-curta-duracao\/#breadcrumb"},"inLanguage":"pt-PT","potentialAction":[{"@type":"ReadAction","target":["http:\/\/perspetivaatual.pt\/index.php\/2022\/05\/28\/aprendizagem-ao-longo-da-vida-e-as-formacoes-de-curta-duracao\/"]}]},{"@type":"ImageObject","inLanguage":"pt-PT","@id":"http:\/\/perspetivaatual.pt\/index.php\/2022\/05\/28\/aprendizagem-ao-longo-da-vida-e-as-formacoes-de-curta-duracao\/#primaryimage","url":"https:\/\/perspetivaatual.pt\/wp-content\/uploads\/2022\/05\/capa.jpg","contentUrl":"https:\/\/perspetivaatual.pt\/wp-content\/uploads\/2022\/05\/capa.jpg","width":1500,"height":1122},{"@type":"BreadcrumbList","@id":"http:\/\/perspetivaatual.pt\/index.php\/2022\/05\/28\/aprendizagem-ao-longo-da-vida-e-as-formacoes-de-curta-duracao\/#breadcrumb","itemListElement":[{"@type":"ListItem","position":1,"name":"Home","item":"https:\/\/perspetivaatual.pt\/"},{"@type":"ListItem","position":2,"name":"Aprendizagem ao longo da vida e as forma\u00e7\u00f5es de curta dura\u00e7\u00e3o"}]},{"@type":"WebSite","@id":"https:\/\/perspetivaatual.pt\/#website","url":"https:\/\/perspetivaatual.pt\/","name":"Perspetiva Atual","description":"Olhar Portugal, de diferentes formas","publisher":{"@id":"https:\/\/perspetivaatual.pt\/#organization"},"potentialAction":[{"@type":"SearchAction","target":{"@type":"EntryPoint","urlTemplate":"https:\/\/perspetivaatual.pt\/?s={search_term_string}"},"query-input":{"@type":"PropertyValueSpecification","valueRequired":true,"valueName":"search_term_string"}}],"inLanguage":"pt-PT"},{"@type":"Organization","@id":"https:\/\/perspetivaatual.pt\/#organization","name":"Perspetiva Atual","url":"https:\/\/perspetivaatual.pt\/","logo":{"@type":"ImageObject","inLanguage":"pt-PT","@id":"https:\/\/perspetivaatual.pt\/#\/schema\/logo\/image\/","url":"https:\/\/perspetivaatual.pt\/wp-content\/uploads\/2020\/08\/cropped-perspetiva_atual-.png","contentUrl":"https:\/\/perspetivaatual.pt\/wp-content\/uploads\/2020\/08\/cropped-perspetiva_atual-.png","width":618,"height":202,"caption":"Perspetiva Atual"},"image":{"@id":"https:\/\/perspetivaatual.pt\/#\/schema\/logo\/image\/"}},{"@type":"Person","@id":"https:\/\/perspetivaatual.pt\/#\/schema\/person\/4c9d5a8b179d047c3220dfa32fd6b658","name":"Jo\u00e3o Malainho Perspetiva Atual","image":{"@type":"ImageObject","inLanguage":"pt-PT","@id":"https:\/\/perspetivaatual.pt\/#\/schema\/person\/image\/","url":"https:\/\/secure.gravatar.com\/avatar\/fd918e8a58374b02896337d62716969a?s=96&d=mm&r=g","contentUrl":"https:\/\/secure.gravatar.com\/avatar\/fd918e8a58374b02896337d62716969a?s=96&d=mm&r=g","caption":"Jo\u00e3o Malainho Perspetiva Atual"},"sameAs":["http:\/\/perspetivaatual.pt"],"url":"https:\/\/perspetivaatual.pt\/index.php\/author\/joaomalainhoii\/"}]}},"featured_image_urls":{"full":["https:\/\/perspetivaatual.pt\/wp-content\/uploads\/2022\/05\/capa.jpg",1500,1122,false],"thumbnail":["https:\/\/perspetivaatual.pt\/wp-content\/uploads\/2022\/05\/capa-150x150.jpg",150,150,true],"medium":["https:\/\/perspetivaatual.pt\/wp-content\/uploads\/2022\/05\/capa-300x224.jpg",300,224,true],"medium_large":["https:\/\/perspetivaatual.pt\/wp-content\/uploads\/2022\/05\/capa-768x574.jpg",640,478,true],"large":["https:\/\/perspetivaatual.pt\/wp-content\/uploads\/2022\/05\/capa-1024x766.jpg",640,479,true],"1536x1536":["https:\/\/perspetivaatual.pt\/wp-content\/uploads\/2022\/05\/capa.jpg",1500,1122,false],"2048x2048":["https:\/\/perspetivaatual.pt\/wp-content\/uploads\/2022\/05\/capa.jpg",1500,1122,false],"magazine-7-slider-full":["https:\/\/perspetivaatual.pt\/wp-content\/uploads\/2022\/05\/capa-1500x1020.jpg",1500,1020,true],"magazine-7-slider-center":["https:\/\/perspetivaatual.pt\/wp-content\/uploads\/2022\/05\/capa-936x897.jpg",936,897,true],"magazine-7-featured":["https:\/\/perspetivaatual.pt\/wp-content\/uploads\/2022\/05\/capa-1024x766.jpg",1024,766,true],"magazine-7-medium":["https:\/\/perspetivaatual.pt\/wp-content\/uploads\/2022\/05\/capa-720x380.jpg",720,380,true],"magazine-7-medium-square":["https:\/\/perspetivaatual.pt\/wp-content\/uploads\/2022\/05\/capa-675x450.jpg",675,450,true],"rpwe-thumbnail":["https:\/\/perspetivaatual.pt\/wp-content\/uploads\/2022\/05\/capa-45x45.jpg",45,45,true]},"author_info":{"info":[false]},"category_info":"<a href=\"https:\/\/perspetivaatual.pt\/index.php\/category\/destaques\/\" rel=\"category tag\">Destaques<\/a> <a href=\"https:\/\/perspetivaatual.pt\/index.php\/category\/educacao\/\" rel=\"category tag\">Educa\u00e7\u00e3o<\/a>","tag_info":"Educa\u00e7\u00e3o","comment_count":"0","_links":{"self":[{"href":"https:\/\/perspetivaatual.pt\/index.php\/wp-json\/wp\/v2\/posts\/1583","targetHints":{"allow":["GET"]}}],"collection":[{"href":"https:\/\/perspetivaatual.pt\/index.php\/wp-json\/wp\/v2\/posts"}],"about":[{"href":"https:\/\/perspetivaatual.pt\/index.php\/wp-json\/wp\/v2\/types\/post"}],"author":[{"embeddable":true,"href":"https:\/\/perspetivaatual.pt\/index.php\/wp-json\/wp\/v2\/users\/5"}],"replies":[{"embeddable":true,"href":"https:\/\/perspetivaatual.pt\/index.php\/wp-json\/wp\/v2\/comments?post=1583"}],"version-history":[{"count":0,"href":"https:\/\/perspetivaatual.pt\/index.php\/wp-json\/wp\/v2\/posts\/1583\/revisions"}],"wp:featuredmedia":[{"embeddable":true,"href":"https:\/\/perspetivaatual.pt\/index.php\/wp-json\/wp\/v2\/media\/1591"}],"wp:attachment":[{"href":"https:\/\/perspetivaatual.pt\/index.php\/wp-json\/wp\/v2\/media?parent=1583"}],"wp:term":[{"taxonomy":"category","embeddable":true,"href":"https:\/\/perspetivaatual.pt\/index.php\/wp-json\/wp\/v2\/categories?post=1583"},{"taxonomy":"post_tag","embeddable":true,"href":"https:\/\/perspetivaatual.pt\/index.php\/wp-json\/wp\/v2\/tags?post=1583"}],"curies":[{"name":"wp","href":"https:\/\/api.w.org\/{rel}","templated":true}]}}