{"id":1587,"date":"2022-05-28T07:00:00","date_gmt":"2022-05-28T07:00:00","guid":{"rendered":"https:\/\/perspetivaatual.pt\/?p=1587"},"modified":"2022-05-30T15:53:57","modified_gmt":"2022-05-30T15:53:57","slug":"os-mestrados-que-dao-continuidade-a-formacao-dos-alunos-da-fduc","status":"publish","type":"post","link":"https:\/\/perspetivaatual.pt\/index.php\/2022\/05\/28\/os-mestrados-que-dao-continuidade-a-formacao-dos-alunos-da-fduc\/","title":{"rendered":"Os mestrados que d\u00e3o continuidade \u00e0 forma\u00e7\u00e3o dos alunos da FDUC"},"content":{"rendered":"\n<p><strong>Ao lado das licenciaturas e doutoramentos, os Mestrados em Direito e em Ci\u00eancias Jur\u00eddico-Forenses da Faculdade de Direito da Universidade de Coimbra est\u00e3o constru\u00eddos para proporcionar aos alunos um conjunto especializado de m\u00e9todos de investiga\u00e7\u00e3o e de pr\u00e1ticas pedag\u00f3gicas relacionadas com o campo do direito.<\/strong><\/p>\n\n\n\n<p>Tal como em rela\u00e7\u00e3o aos demais ciclos de estudos que assegura, a <a href=\"https:\/\/www.uc.pt\/fduc\/\" target=\"_blank\" rel=\"noreferrer noopener\">Faculdade de Direito da Universidade de Coimbra<\/a> pensa, concebe, desenha e constr\u00f3i os seus cursos de Mestrado, assumindo a dupla responsabilidade que lhe adv\u00e9m do compromisso universit\u00e1rio com o saber e dos imperativos democr\u00e1ticos de justi\u00e7a social decorrentes da sua natureza de institui\u00e7\u00e3o p\u00fablica, por um lado, e do modo como os mesmos dialeticamente se manifestam na compreens\u00e3o do sentido normativo e problem\u00e1tico e das fun\u00e7\u00f5es sociais do direito e consequentemente, do seu ensino, investiga\u00e7\u00e3o, cr\u00edtica e pr\u00e1tica, por outro.<\/p>\n\n\n\n<p>Tomando em considera\u00e7\u00e3o a hist\u00f3ria e cultura da Universidade Coimbr\u00e3, e a situa\u00e7\u00e3o desta e da sua Faculdade de Direito no pa\u00eds e no mundo, prop\u00f5e aos alunos, antes do mais, a experi\u00eancia imersiva numa comunidade cosmopolita de estudantes e professores, aconchegada por uma urbe milenar, cuja voca\u00e7\u00e3o estudantil a insere, naturalmente, nas mais importantes redes acad\u00e9micas e c\u00edvicas internacionais (das cidades-ref\u00fagio ao Master Europeu em Direitos Humanos). Aspirando a proporcionar o tempo longo necess\u00e1rio \u00e0 skhol\u00ea fecunda, que interrompe as cadeias e engrenagens sociais, n\u00e3o desatende por isso, as preocupa\u00e7\u00f5es pragm\u00e1ticas com os problemas humanos e o cuidado atento pelas coisas do mundo, do mesmo modo que combina val\u00eancias est\u00e9ticas e funcionais nos nobres espa\u00e7os oferecidos: Gerais, Instituto Jur\u00eddico, Pal\u00e1cio dos Melos, Col\u00e9gio da Trindade, Col\u00e9gio de Jesus, Instituto do Direito, etc.<\/p>\n\n\n\n<p>\u00c0 diversidade do ecossistema formado pelas diferentes Faculdades, fonte de inesgot\u00e1vel inter- e transdisciplinaridade, acrescem, para aprofundamento e desenvolvimentos especializados, o Instituto Jur\u00eddico, enquanto centro de vanguarda na investiga\u00e7\u00e3o, ao longo dos seus variegados desdobramentos em linhas de pesquisa e grupos tem\u00e1ticos, o \u00edmpar acervo bibliotec\u00e1rio da FDUC e as extensas bases de dados digitais que o municiam &#8211; e para cuja consulta prof\u00edcua s\u00e3o assegurados in\u00fameros cursos e a\u00e7\u00f5es de forma\u00e7\u00e3o gratuitas no \u00e2mbito de programas cada vez mais abrangentes de inicia\u00e7\u00e3o e acultura\u00e7\u00e3o ao metaverso jur\u00eddico -, a Escola de Jurisprud\u00eancia e as Associa\u00e7\u00f5es Jur\u00eddicas que orbitam em torno da Faculdade, e por mor das quais se multiplicam os cruzamentos de saberes e compet\u00eancias entre investigadores e profissionais os mais diversos: Centro de Direito da Fam\u00edlia, Centro de Direito Biom\u00e9dico, Associa\u00e7\u00e3o de Estudos Europeus, Centro de Direito do Consumo, Centro de Direito da Comunica\u00e7\u00e3o, Instituto de Direito Penal Econ\u00f3mico e Europeu, Instituto de Direito das Empresas e do Trabalho, Instituto de Direito Banc\u00e1rio, da Bolsa e Seguros, Centro de Estudos de Direito P\u00fablico e Regula\u00e7\u00e3o, Centro de Direitos Humanos, &nbsp;Centro de Estudos Notariais e Registais.<\/p>\n\n\n\n<p>\u00c9, pois, neste quadro envolvente e complexivo que se inscrevem, ao lado das Licenciaturas e do Doutoramento, os Mestrados em Direito e em Ci\u00eancias Jur\u00eddico-Forenses da FDUC.<\/p>\n\n\n\n<p>Assentes numa aprendizagem emuladora com os principais LLM\u2019s e Master Studies de refer\u00eancia, sobretudo no continente Europeu e americano, assim como num acompanhamento permanente dos \u00faltimos desenvolvimentos no plano dos conte\u00fados, dos m\u00e9todos de investiga\u00e7\u00e3o e das pr\u00e1ticas pedag\u00f3gicas no que diz respeito ao direito, ambos conservam o perfil cl\u00e1ssico indispens\u00e1vel \u00e0 estrutura\u00e7\u00e3o do percurso acad\u00e9mico segundo um modelo de troncalidade crucial para a s\u00f3lida prepara\u00e7\u00e3o dos alunos, ao mesmo tempo que respondem iniciativa e dinamismo destes, por um lado, e \u00e0 fragmenta\u00e7\u00e3o objetal da juridicidade segundo um paradigma de constela\u00e7\u00f5es cada vez mais intricado, por outro, mediante um amplo leque de disciplinas tem\u00e1ticas opcionais, mas, n\u00e3o menos, atrav\u00e9s de uma diversifica\u00e7\u00e3o e atualiza\u00e7\u00e3o permanentes dos programas base, e do incentivo, \u00e0 prossecu\u00e7\u00e3o de investiga\u00e7\u00f5es de ponta e de exerc\u00edcios pr\u00e1ticos ao longo de todo o espectro do direito, testemunhados pelo rol de disserta\u00e7\u00f5es, artigos e monografias anualmente publicado.<\/p>\n\n\n\n<p>Sujeito a numerus clausus, o Mestrado em Direito (ou Mestrado Cient\u00edfico) privilegia a investiga\u00e7\u00e3o em \u00e1reas jur\u00eddicas especializadas, o desenvolvimento da capacidade de constru\u00e7\u00e3o te\u00f3rica original, bem como a conce\u00e7\u00e3o de solu\u00e7\u00f5es novas e a interpreta\u00e7\u00e3o de problemas complexos em realidades multidisciplinares, estimulando a prossecu\u00e7\u00e3o de estudos ao n\u00edvel de 3.\u00ba Ciclo. Com a dura\u00e7\u00e3o de 4 semestres, correspondentes a 120 ECTS, compreende um curso de especializa\u00e7\u00e3o, numa de 7 \u00e1reas \u00e0 escolha &#8211; Ci\u00eancias Jur\u00eddico-Civil\u00edsticas <sub>(a)<\/sub>; Ci\u00eancias Jur\u00eddico-Criminais; Ci\u00eancias Jur\u00eddico-Econ\u00f3micas; Ci\u00eancias Jur\u00eddico-Empresariais <sub>(b)<\/sub>; Ci\u00eancias Jur\u00eddico-Filos\u00f3ficas; Ci\u00eancias Jur\u00eddico-Hist\u00f3ricas; Ci\u00eancias Jur\u00eddico-Pol\u00edticas <sub>(c)<\/sub> &#8211; cada uma constitu\u00edda por duas unidades curriculares obrigat\u00f3rias a que devem somar-se, em alternativa, duas unidades curriculares anuais, uma anual e duas semestrais ou quatro semestrais, e no segundo ano, a elabora\u00e7\u00e3o de uma disserta\u00e7\u00e3o.<\/p>\n\n\n\n<p>&nbsp;Atenta a sobredita latitude dos dom\u00ednios cobertos por algumas das \u00e1reas em causa, parte delas compreende men\u00e7\u00f5es especificantes, designadamente em Direito Civil e Direito Processual Civil (a); Direito Empresarial e Direito Laboral (b); e Direito Administrativo; Direito Constitucional; Direito do Ordenamento, do Urbanismo e do Ambiente; Direito Fiscal e Direito Internacional P\u00fablico e Europeu (c).<\/p>\n\n\n\n<p>&nbsp;No elenco de disciplinas optativas encontram-se unidades anuais &#8211; como Direito Penal Internacional e Europeu, Direito da Reabilita\u00e7\u00e3o Urbana, Filosofia dos Direitos Humanos, Direito da Responsabilidade, Cumprimento e n\u00e3o cumprimento das Obriga\u00e7\u00f5es &#8211; e semestrais, de que s\u00e3o exemplo, no primeiro semestre, Direito da Concorr\u00eancia, Direito Processual Civil Internacional, Direitos de Autor, Moeda e Pol\u00edtica Monet\u00e1ria, Prote\u00e7\u00e3o do Consumidor, Direito e Pol\u00edticas de Sa\u00fade, Perspetivas Comparativas sobre Assuntos Atuais de Direito da Fam\u00edlia Internacional e Europeu I, e, no segundo semestre, Cr\u00e9dito e Mercados Financeiros, Direito da Propriedade Industrial, Direito Internacional Privado e Perspetivas Comparativas sobre Assuntos Atuais de Direito da Fam\u00edlia Internacional e Europeu II.<\/p>\n\n\n\n<p>Por seu turno, com uma dura\u00e7\u00e3o de apenas 3 Semestre(s) \u2013 perfazendo, entre um curso anual e uma disserta\u00e7\u00e3o semestral, 90.0 ECTS &#8211; o Mestrado em Ci\u00eancias Jur\u00eddico-Forenses visa proporcionar a todos os graduados em Direito uma especializa\u00e7\u00e3o direcionada quer para o exerc\u00edcio das profiss\u00f5es forenses tradicionais, quer para o desenvolvimento de qualquer atividade profissional na \u00e1rea jur\u00eddica. Para esse efeito, promove sobretudo o aprofundamento dos conhecimentos adquiridos no 1.\u00ba Ciclo, em articula\u00e7\u00e3o com o estudo de temas jur\u00eddicos novos, a fim de consolidar uma forma\u00e7\u00e3o jur\u00eddica segura. O aluno pode assim compor um programa de estudo constitu\u00eddo por duas unidades curriculares semestrais obrigat\u00f3rias e oito unidades curriculares semestrais optativas, quatro pertencentes \u00e0 \u00e1rea cient\u00edfica de Direito e outras 4 \u00e0 \u00e1rea cient\u00edfica Forense, de um rol de mais de 20 disciplinas dispon\u00edveis.<\/p>\n","protected":false},"excerpt":{"rendered":"<p>Ao lado das licenciaturas e doutoramentos, os Mestrados em Direito e em Ci\u00eancias Jur\u00eddico-Forenses da<\/p>\n","protected":false},"author":5,"featured_media":1588,"comment_status":"open","ping_status":"open","sticky":false,"template":"","format":"standard","meta":{"footnotes":""},"categories":[3],"tags":[66,65,56,55,67,61],"class_list":["post-1587","post","type-post","status-publish","format-standard","has-post-thumbnail","hentry","category-educacao","tag-coimbra","tag-direito","tag-educacao-2","tag-ensino","tag-mestrado","tag-universidade"],"yoast_head":"<!-- This site is optimized with the Yoast SEO plugin v24.2 - https:\/\/yoast.com\/wordpress\/plugins\/seo\/ -->\n<title>Os mestrados que d\u00e3o continuidade \u00e0 forma\u00e7\u00e3o dos alunos da FDUC - Perspetiva Atual<\/title>\n<meta name=\"description\" content=\"o lado das licenciaturas e doutoramentos, os Mestrados em Direito e em Ci\u00eancias Jur\u00eddico-Forenses da Faculdade...\" \/>\n<meta name=\"robots\" content=\"index, follow, max-snippet:-1, max-image-preview:large, max-video-preview:-1\" \/>\n<link rel=\"canonical\" href=\"https:\/\/perspetivaatual.pt\/index.php\/2022\/05\/28\/os-mestrados-que-dao-continuidade-a-formacao-dos-alunos-da-fduc\/\" \/>\n<meta property=\"og:locale\" content=\"pt_PT\" \/>\n<meta property=\"og:type\" content=\"article\" \/>\n<meta property=\"og:title\" content=\"Os mestrados que d\u00e3o continuidade \u00e0 forma\u00e7\u00e3o dos alunos da FDUC - Perspetiva Atual\" \/>\n<meta property=\"og:description\" content=\"o lado das licenciaturas e doutoramentos, os Mestrados em Direito e em Ci\u00eancias Jur\u00eddico-Forenses da Faculdade...\" \/>\n<meta property=\"og:url\" content=\"https:\/\/perspetivaatual.pt\/index.php\/2022\/05\/28\/os-mestrados-que-dao-continuidade-a-formacao-dos-alunos-da-fduc\/\" \/>\n<meta property=\"og:site_name\" content=\"Perspetiva Atual\" \/>\n<meta property=\"article:published_time\" content=\"2022-05-28T07:00:00+00:00\" \/>\n<meta property=\"article:modified_time\" content=\"2022-05-30T15:53:57+00:00\" \/>\n<meta property=\"og:image\" content=\"https:\/\/perspetivaatual.pt\/wp-content\/uploads\/2022\/05\/FDUC-e1653400381957.jpg\" \/>\n\t<meta property=\"og:image:width\" content=\"567\" \/>\n\t<meta property=\"og:image:height\" content=\"655\" \/>\n\t<meta property=\"og:image:type\" content=\"image\/jpeg\" \/>\n<meta name=\"author\" content=\"Jo\u00e3o Malainho Perspetiva Atual\" \/>\n<meta name=\"twitter:card\" content=\"summary_large_image\" \/>\n<meta name=\"twitter:label1\" content=\"Escrito por\" \/>\n\t<meta name=\"twitter:data1\" content=\"\" \/>\n\t<meta name=\"twitter:label2\" content=\"Tempo estimado de leitura\" \/>\n\t<meta name=\"twitter:data2\" content=\"5 minutos\" \/>\n<script type=\"application\/ld+json\" class=\"yoast-schema-graph\">{\"@context\":\"https:\/\/schema.org\",\"@graph\":[{\"@type\":\"Article\",\"@id\":\"https:\/\/perspetivaatual.pt\/index.php\/2022\/05\/28\/os-mestrados-que-dao-continuidade-a-formacao-dos-alunos-da-fduc\/#article\",\"isPartOf\":{\"@id\":\"https:\/\/perspetivaatual.pt\/index.php\/2022\/05\/28\/os-mestrados-que-dao-continuidade-a-formacao-dos-alunos-da-fduc\/\"},\"author\":{\"name\":\"Jo\u00e3o Malainho Perspetiva Atual\",\"@id\":\"https:\/\/perspetivaatual.pt\/#\/schema\/person\/4c9d5a8b179d047c3220dfa32fd6b658\"},\"headline\":\"Os mestrados que d\u00e3o continuidade \u00e0 forma\u00e7\u00e3o dos alunos da FDUC\",\"datePublished\":\"2022-05-28T07:00:00+00:00\",\"dateModified\":\"2022-05-30T15:53:57+00:00\",\"mainEntityOfPage\":{\"@id\":\"https:\/\/perspetivaatual.pt\/index.php\/2022\/05\/28\/os-mestrados-que-dao-continuidade-a-formacao-dos-alunos-da-fduc\/\"},\"wordCount\":1214,\"commentCount\":0,\"publisher\":{\"@id\":\"https:\/\/perspetivaatual.pt\/#organization\"},\"image\":{\"@id\":\"https:\/\/perspetivaatual.pt\/index.php\/2022\/05\/28\/os-mestrados-que-dao-continuidade-a-formacao-dos-alunos-da-fduc\/#primaryimage\"},\"thumbnailUrl\":\"https:\/\/perspetivaatual.pt\/wp-content\/uploads\/2022\/05\/FDUC-e1653400381957.jpg\",\"keywords\":[\"coimbra\",\"direito\",\"educa\u00e7\u00e3o\",\"ensino\",\"mestrado\",\"universidade\"],\"articleSection\":[\"Educa\u00e7\u00e3o\"],\"inLanguage\":\"pt-PT\",\"potentialAction\":[{\"@type\":\"CommentAction\",\"name\":\"Comment\",\"target\":[\"https:\/\/perspetivaatual.pt\/index.php\/2022\/05\/28\/os-mestrados-que-dao-continuidade-a-formacao-dos-alunos-da-fduc\/#respond\"]}]},{\"@type\":\"WebPage\",\"@id\":\"https:\/\/perspetivaatual.pt\/index.php\/2022\/05\/28\/os-mestrados-que-dao-continuidade-a-formacao-dos-alunos-da-fduc\/\",\"url\":\"https:\/\/perspetivaatual.pt\/index.php\/2022\/05\/28\/os-mestrados-que-dao-continuidade-a-formacao-dos-alunos-da-fduc\/\",\"name\":\"Os mestrados que d\u00e3o continuidade \u00e0 forma\u00e7\u00e3o dos alunos da FDUC - Perspetiva Atual\",\"isPartOf\":{\"@id\":\"https:\/\/perspetivaatual.pt\/#website\"},\"primaryImageOfPage\":{\"@id\":\"https:\/\/perspetivaatual.pt\/index.php\/2022\/05\/28\/os-mestrados-que-dao-continuidade-a-formacao-dos-alunos-da-fduc\/#primaryimage\"},\"image\":{\"@id\":\"https:\/\/perspetivaatual.pt\/index.php\/2022\/05\/28\/os-mestrados-que-dao-continuidade-a-formacao-dos-alunos-da-fduc\/#primaryimage\"},\"thumbnailUrl\":\"https:\/\/perspetivaatual.pt\/wp-content\/uploads\/2022\/05\/FDUC-e1653400381957.jpg\",\"datePublished\":\"2022-05-28T07:00:00+00:00\",\"dateModified\":\"2022-05-30T15:53:57+00:00\",\"description\":\"o lado das licenciaturas e doutoramentos, os Mestrados em Direito e em Ci\u00eancias Jur\u00eddico-Forenses da Faculdade...\",\"breadcrumb\":{\"@id\":\"https:\/\/perspetivaatual.pt\/index.php\/2022\/05\/28\/os-mestrados-que-dao-continuidade-a-formacao-dos-alunos-da-fduc\/#breadcrumb\"},\"inLanguage\":\"pt-PT\",\"potentialAction\":[{\"@type\":\"ReadAction\",\"target\":[\"https:\/\/perspetivaatual.pt\/index.php\/2022\/05\/28\/os-mestrados-que-dao-continuidade-a-formacao-dos-alunos-da-fduc\/\"]}]},{\"@type\":\"ImageObject\",\"inLanguage\":\"pt-PT\",\"@id\":\"https:\/\/perspetivaatual.pt\/index.php\/2022\/05\/28\/os-mestrados-que-dao-continuidade-a-formacao-dos-alunos-da-fduc\/#primaryimage\",\"url\":\"https:\/\/perspetivaatual.pt\/wp-content\/uploads\/2022\/05\/FDUC-e1653400381957.jpg\",\"contentUrl\":\"https:\/\/perspetivaatual.pt\/wp-content\/uploads\/2022\/05\/FDUC-e1653400381957.jpg\",\"width\":567,\"height\":655,\"caption\":\"Lu\u00eds Meneses do Vale, Coordenador Pedag\u00f3gico do Mestrado em Direito e do Mestrado em Ci\u00eancias Jur\u00eddico-Forenses\"},{\"@type\":\"BreadcrumbList\",\"@id\":\"https:\/\/perspetivaatual.pt\/index.php\/2022\/05\/28\/os-mestrados-que-dao-continuidade-a-formacao-dos-alunos-da-fduc\/#breadcrumb\",\"itemListElement\":[{\"@type\":\"ListItem\",\"position\":1,\"name\":\"Home\",\"item\":\"https:\/\/perspetivaatual.pt\/\"},{\"@type\":\"ListItem\",\"position\":2,\"name\":\"Os mestrados que d\u00e3o continuidade \u00e0 forma\u00e7\u00e3o dos alunos da FDUC\"}]},{\"@type\":\"WebSite\",\"@id\":\"https:\/\/perspetivaatual.pt\/#website\",\"url\":\"https:\/\/perspetivaatual.pt\/\",\"name\":\"Perspetiva Atual\",\"description\":\"Olhar Portugal, de diferentes formas\",\"publisher\":{\"@id\":\"https:\/\/perspetivaatual.pt\/#organization\"},\"potentialAction\":[{\"@type\":\"SearchAction\",\"target\":{\"@type\":\"EntryPoint\",\"urlTemplate\":\"https:\/\/perspetivaatual.pt\/?s={search_term_string}\"},\"query-input\":{\"@type\":\"PropertyValueSpecification\",\"valueRequired\":true,\"valueName\":\"search_term_string\"}}],\"inLanguage\":\"pt-PT\"},{\"@type\":\"Organization\",\"@id\":\"https:\/\/perspetivaatual.pt\/#organization\",\"name\":\"Perspetiva Atual\",\"url\":\"https:\/\/perspetivaatual.pt\/\",\"logo\":{\"@type\":\"ImageObject\",\"inLanguage\":\"pt-PT\",\"@id\":\"https:\/\/perspetivaatual.pt\/#\/schema\/logo\/image\/\",\"url\":\"https:\/\/perspetivaatual.pt\/wp-content\/uploads\/2020\/08\/cropped-perspetiva_atual-.png\",\"contentUrl\":\"https:\/\/perspetivaatual.pt\/wp-content\/uploads\/2020\/08\/cropped-perspetiva_atual-.png\",\"width\":618,\"height\":202,\"caption\":\"Perspetiva Atual\"},\"image\":{\"@id\":\"https:\/\/perspetivaatual.pt\/#\/schema\/logo\/image\/\"}},{\"@type\":\"Person\",\"@id\":\"https:\/\/perspetivaatual.pt\/#\/schema\/person\/4c9d5a8b179d047c3220dfa32fd6b658\",\"name\":\"Jo\u00e3o Malainho Perspetiva Atual\",\"image\":{\"@type\":\"ImageObject\",\"inLanguage\":\"pt-PT\",\"@id\":\"https:\/\/perspetivaatual.pt\/#\/schema\/person\/image\/\",\"url\":\"https:\/\/secure.gravatar.com\/avatar\/fd918e8a58374b02896337d62716969a?s=96&d=mm&r=g\",\"contentUrl\":\"https:\/\/secure.gravatar.com\/avatar\/fd918e8a58374b02896337d62716969a?s=96&d=mm&r=g\",\"caption\":\"Jo\u00e3o Malainho Perspetiva Atual\"},\"sameAs\":[\"http:\/\/perspetivaatual.pt\"],\"url\":\"https:\/\/perspetivaatual.pt\/index.php\/author\/joaomalainhoii\/\"}]}<\/script>\n<!-- \/ Yoast SEO plugin. -->","yoast_head_json":{"title":"Os mestrados que d\u00e3o continuidade \u00e0 forma\u00e7\u00e3o dos alunos da FDUC - Perspetiva Atual","description":"o lado das licenciaturas e doutoramentos, os Mestrados em Direito e em Ci\u00eancias Jur\u00eddico-Forenses da Faculdade...","robots":{"index":"index","follow":"follow","max-snippet":"max-snippet:-1","max-image-preview":"max-image-preview:large","max-video-preview":"max-video-preview:-1"},"canonical":"https:\/\/perspetivaatual.pt\/index.php\/2022\/05\/28\/os-mestrados-que-dao-continuidade-a-formacao-dos-alunos-da-fduc\/","og_locale":"pt_PT","og_type":"article","og_title":"Os mestrados que d\u00e3o continuidade \u00e0 forma\u00e7\u00e3o dos alunos da FDUC - Perspetiva Atual","og_description":"o lado das licenciaturas e doutoramentos, os Mestrados em Direito e em Ci\u00eancias Jur\u00eddico-Forenses da Faculdade...","og_url":"https:\/\/perspetivaatual.pt\/index.php\/2022\/05\/28\/os-mestrados-que-dao-continuidade-a-formacao-dos-alunos-da-fduc\/","og_site_name":"Perspetiva Atual","article_published_time":"2022-05-28T07:00:00+00:00","article_modified_time":"2022-05-30T15:53:57+00:00","og_image":[{"width":567,"height":655,"url":"https:\/\/perspetivaatual.pt\/wp-content\/uploads\/2022\/05\/FDUC-e1653400381957.jpg","type":"image\/jpeg"}],"author":"Jo\u00e3o Malainho Perspetiva Atual","twitter_card":"summary_large_image","twitter_misc":{"Escrito por":false,"Tempo estimado de leitura":"5 minutos"},"schema":{"@context":"https:\/\/schema.org","@graph":[{"@type":"Article","@id":"https:\/\/perspetivaatual.pt\/index.php\/2022\/05\/28\/os-mestrados-que-dao-continuidade-a-formacao-dos-alunos-da-fduc\/#article","isPartOf":{"@id":"https:\/\/perspetivaatual.pt\/index.php\/2022\/05\/28\/os-mestrados-que-dao-continuidade-a-formacao-dos-alunos-da-fduc\/"},"author":{"name":"Jo\u00e3o Malainho Perspetiva Atual","@id":"https:\/\/perspetivaatual.pt\/#\/schema\/person\/4c9d5a8b179d047c3220dfa32fd6b658"},"headline":"Os mestrados que d\u00e3o continuidade \u00e0 forma\u00e7\u00e3o dos alunos da FDUC","datePublished":"2022-05-28T07:00:00+00:00","dateModified":"2022-05-30T15:53:57+00:00","mainEntityOfPage":{"@id":"https:\/\/perspetivaatual.pt\/index.php\/2022\/05\/28\/os-mestrados-que-dao-continuidade-a-formacao-dos-alunos-da-fduc\/"},"wordCount":1214,"commentCount":0,"publisher":{"@id":"https:\/\/perspetivaatual.pt\/#organization"},"image":{"@id":"https:\/\/perspetivaatual.pt\/index.php\/2022\/05\/28\/os-mestrados-que-dao-continuidade-a-formacao-dos-alunos-da-fduc\/#primaryimage"},"thumbnailUrl":"https:\/\/perspetivaatual.pt\/wp-content\/uploads\/2022\/05\/FDUC-e1653400381957.jpg","keywords":["coimbra","direito","educa\u00e7\u00e3o","ensino","mestrado","universidade"],"articleSection":["Educa\u00e7\u00e3o"],"inLanguage":"pt-PT","potentialAction":[{"@type":"CommentAction","name":"Comment","target":["https:\/\/perspetivaatual.pt\/index.php\/2022\/05\/28\/os-mestrados-que-dao-continuidade-a-formacao-dos-alunos-da-fduc\/#respond"]}]},{"@type":"WebPage","@id":"https:\/\/perspetivaatual.pt\/index.php\/2022\/05\/28\/os-mestrados-que-dao-continuidade-a-formacao-dos-alunos-da-fduc\/","url":"https:\/\/perspetivaatual.pt\/index.php\/2022\/05\/28\/os-mestrados-que-dao-continuidade-a-formacao-dos-alunos-da-fduc\/","name":"Os mestrados que d\u00e3o continuidade \u00e0 forma\u00e7\u00e3o dos alunos da FDUC - Perspetiva Atual","isPartOf":{"@id":"https:\/\/perspetivaatual.pt\/#website"},"primaryImageOfPage":{"@id":"https:\/\/perspetivaatual.pt\/index.php\/2022\/05\/28\/os-mestrados-que-dao-continuidade-a-formacao-dos-alunos-da-fduc\/#primaryimage"},"image":{"@id":"https:\/\/perspetivaatual.pt\/index.php\/2022\/05\/28\/os-mestrados-que-dao-continuidade-a-formacao-dos-alunos-da-fduc\/#primaryimage"},"thumbnailUrl":"https:\/\/perspetivaatual.pt\/wp-content\/uploads\/2022\/05\/FDUC-e1653400381957.jpg","datePublished":"2022-05-28T07:00:00+00:00","dateModified":"2022-05-30T15:53:57+00:00","description":"o lado das licenciaturas e doutoramentos, os Mestrados em Direito e em Ci\u00eancias Jur\u00eddico-Forenses da Faculdade...","breadcrumb":{"@id":"https:\/\/perspetivaatual.pt\/index.php\/2022\/05\/28\/os-mestrados-que-dao-continuidade-a-formacao-dos-alunos-da-fduc\/#breadcrumb"},"inLanguage":"pt-PT","potentialAction":[{"@type":"ReadAction","target":["https:\/\/perspetivaatual.pt\/index.php\/2022\/05\/28\/os-mestrados-que-dao-continuidade-a-formacao-dos-alunos-da-fduc\/"]}]},{"@type":"ImageObject","inLanguage":"pt-PT","@id":"https:\/\/perspetivaatual.pt\/index.php\/2022\/05\/28\/os-mestrados-que-dao-continuidade-a-formacao-dos-alunos-da-fduc\/#primaryimage","url":"https:\/\/perspetivaatual.pt\/wp-content\/uploads\/2022\/05\/FDUC-e1653400381957.jpg","contentUrl":"https:\/\/perspetivaatual.pt\/wp-content\/uploads\/2022\/05\/FDUC-e1653400381957.jpg","width":567,"height":655,"caption":"Lu\u00eds Meneses do Vale, Coordenador Pedag\u00f3gico do Mestrado em Direito e do Mestrado em Ci\u00eancias Jur\u00eddico-Forenses"},{"@type":"BreadcrumbList","@id":"https:\/\/perspetivaatual.pt\/index.php\/2022\/05\/28\/os-mestrados-que-dao-continuidade-a-formacao-dos-alunos-da-fduc\/#breadcrumb","itemListElement":[{"@type":"ListItem","position":1,"name":"Home","item":"https:\/\/perspetivaatual.pt\/"},{"@type":"ListItem","position":2,"name":"Os mestrados que d\u00e3o continuidade \u00e0 forma\u00e7\u00e3o dos alunos da FDUC"}]},{"@type":"WebSite","@id":"https:\/\/perspetivaatual.pt\/#website","url":"https:\/\/perspetivaatual.pt\/","name":"Perspetiva Atual","description":"Olhar Portugal, de diferentes formas","publisher":{"@id":"https:\/\/perspetivaatual.pt\/#organization"},"potentialAction":[{"@type":"SearchAction","target":{"@type":"EntryPoint","urlTemplate":"https:\/\/perspetivaatual.pt\/?s={search_term_string}"},"query-input":{"@type":"PropertyValueSpecification","valueRequired":true,"valueName":"search_term_string"}}],"inLanguage":"pt-PT"},{"@type":"Organization","@id":"https:\/\/perspetivaatual.pt\/#organization","name":"Perspetiva Atual","url":"https:\/\/perspetivaatual.pt\/","logo":{"@type":"ImageObject","inLanguage":"pt-PT","@id":"https:\/\/perspetivaatual.pt\/#\/schema\/logo\/image\/","url":"https:\/\/perspetivaatual.pt\/wp-content\/uploads\/2020\/08\/cropped-perspetiva_atual-.png","contentUrl":"https:\/\/perspetivaatual.pt\/wp-content\/uploads\/2020\/08\/cropped-perspetiva_atual-.png","width":618,"height":202,"caption":"Perspetiva Atual"},"image":{"@id":"https:\/\/perspetivaatual.pt\/#\/schema\/logo\/image\/"}},{"@type":"Person","@id":"https:\/\/perspetivaatual.pt\/#\/schema\/person\/4c9d5a8b179d047c3220dfa32fd6b658","name":"Jo\u00e3o Malainho Perspetiva Atual","image":{"@type":"ImageObject","inLanguage":"pt-PT","@id":"https:\/\/perspetivaatual.pt\/#\/schema\/person\/image\/","url":"https:\/\/secure.gravatar.com\/avatar\/fd918e8a58374b02896337d62716969a?s=96&d=mm&r=g","contentUrl":"https:\/\/secure.gravatar.com\/avatar\/fd918e8a58374b02896337d62716969a?s=96&d=mm&r=g","caption":"Jo\u00e3o Malainho Perspetiva Atual"},"sameAs":["http:\/\/perspetivaatual.pt"],"url":"https:\/\/perspetivaatual.pt\/index.php\/author\/joaomalainhoii\/"}]}},"featured_image_urls":{"full":["https:\/\/perspetivaatual.pt\/wp-content\/uploads\/2022\/05\/FDUC-e1653400381957.jpg",567,655,false],"thumbnail":["https:\/\/perspetivaatual.pt\/wp-content\/uploads\/2022\/05\/FDUC-e1653400381957-150x150.jpg",150,150,true],"medium":["https:\/\/perspetivaatual.pt\/wp-content\/uploads\/2022\/05\/FDUC-e1653400381957-260x300.jpg",260,300,true],"medium_large":["https:\/\/perspetivaatual.pt\/wp-content\/uploads\/2022\/05\/FDUC-e1653400381957.jpg",567,655,false],"large":["https:\/\/perspetivaatual.pt\/wp-content\/uploads\/2022\/05\/FDUC-e1653400381957.jpg",567,655,false],"1536x1536":["https:\/\/perspetivaatual.pt\/wp-content\/uploads\/2022\/05\/FDUC-e1653400381957.jpg",567,655,false],"2048x2048":["https:\/\/perspetivaatual.pt\/wp-content\/uploads\/2022\/05\/FDUC-e1653400381957.jpg",567,655,false],"magazine-7-slider-full":["https:\/\/perspetivaatual.pt\/wp-content\/uploads\/2022\/05\/FDUC-e1653400381957.jpg",567,655,false],"magazine-7-slider-center":["https:\/\/perspetivaatual.pt\/wp-content\/uploads\/2022\/05\/FDUC-e1653400381957.jpg",567,655,false],"magazine-7-featured":["https:\/\/perspetivaatual.pt\/wp-content\/uploads\/2022\/05\/FDUC-e1653400381957.jpg",567,655,false],"magazine-7-medium":["https:\/\/perspetivaatual.pt\/wp-content\/uploads\/2022\/05\/FDUC-e1653400381957-567x380.jpg",567,380,true],"magazine-7-medium-square":["https:\/\/perspetivaatual.pt\/wp-content\/uploads\/2022\/05\/FDUC-e1653400381957-567x450.jpg",567,450,true],"rpwe-thumbnail":["https:\/\/perspetivaatual.pt\/wp-content\/uploads\/2022\/05\/FDUC-e1653400381957-45x45.jpg",45,45,true]},"author_info":{"info":[false]},"category_info":"<a href=\"https:\/\/perspetivaatual.pt\/index.php\/category\/educacao\/\" rel=\"category tag\">Educa\u00e7\u00e3o<\/a>","tag_info":"Educa\u00e7\u00e3o","comment_count":"0","_links":{"self":[{"href":"https:\/\/perspetivaatual.pt\/index.php\/wp-json\/wp\/v2\/posts\/1587","targetHints":{"allow":["GET"]}}],"collection":[{"href":"https:\/\/perspetivaatual.pt\/index.php\/wp-json\/wp\/v2\/posts"}],"about":[{"href":"https:\/\/perspetivaatual.pt\/index.php\/wp-json\/wp\/v2\/types\/post"}],"author":[{"embeddable":true,"href":"https:\/\/perspetivaatual.pt\/index.php\/wp-json\/wp\/v2\/users\/5"}],"replies":[{"embeddable":true,"href":"https:\/\/perspetivaatual.pt\/index.php\/wp-json\/wp\/v2\/comments?post=1587"}],"version-history":[{"count":0,"href":"https:\/\/perspetivaatual.pt\/index.php\/wp-json\/wp\/v2\/posts\/1587\/revisions"}],"wp:featuredmedia":[{"embeddable":true,"href":"https:\/\/perspetivaatual.pt\/index.php\/wp-json\/wp\/v2\/media\/1588"}],"wp:attachment":[{"href":"https:\/\/perspetivaatual.pt\/index.php\/wp-json\/wp\/v2\/media?parent=1587"}],"wp:term":[{"taxonomy":"category","embeddable":true,"href":"https:\/\/perspetivaatual.pt\/index.php\/wp-json\/wp\/v2\/categories?post=1587"},{"taxonomy":"post_tag","embeddable":true,"href":"https:\/\/perspetivaatual.pt\/index.php\/wp-json\/wp\/v2\/tags?post=1587"}],"curies":[{"name":"wp","href":"https:\/\/api.w.org\/{rel}","templated":true}]}}