{"id":1601,"date":"2022-05-28T07:00:00","date_gmt":"2022-05-28T07:00:00","guid":{"rendered":"https:\/\/perspetivaatual.pt\/?p=1601"},"modified":"2022-05-24T15:30:24","modified_gmt":"2022-05-24T15:30:24","slug":"sobre-arte-atraves-da-arte-para-a-arte","status":"publish","type":"post","link":"https:\/\/perspetivaatual.pt\/index.php\/2022\/05\/28\/sobre-arte-atraves-da-arte-para-a-arte\/","title":{"rendered":"\u201cSobre arte, atrav\u00e9s da arte, para a arte\u201d"},"content":{"rendered":"\n<p><strong>A liga\u00e7\u00e3o entre teoria e pr\u00e1tica e passado, presente e futuro s\u00e3o os elementos essenciais para garantir um ensino superior art\u00edstico de sucesso. O Presidente da Faculdade de Belas-Artes da Universidade de Lisboa, Fernando Pereira, conta como se faz esta complementaridade do ensino, sem nunca desvalorizar a hist\u00f3ria que acompanha a arte.&nbsp;<\/strong>&nbsp;<\/p>\n\n\n\n<p><strong>Perspetiva Atual: A<a href=\"https:\/\/www.belasartes.ulisboa.pt\/\" target=\"_blank\" rel=\"noreferrer noopener\"> Faculdade de Belas-Artes da Universidade de Lisboa<\/a> \u00e9 a escola superior de ensino art\u00edstico mais antiga de Portugal. No entanto, este n\u00e3o \u00e9 o \u00fanico motivo do sucesso ou da grande procura que a faculdade tem por parte de jovens e adultos, nacionais e internacionais. Quais s\u00e3o as mais-valias desta institui\u00e7\u00e3o?<\/strong>&nbsp;<\/p>\n\n\n\n<p><strong>Fernando Pereira:<\/strong> Claramente, uma estrat\u00e9gia bem delineada e focada nas necessidades dos estudantes, mas sem esquecer as tend\u00eancias atuais e a tradi\u00e7\u00e3o do ensino. Al\u00e9m das sete licenciaturas, oferecemos 14 Mestrados e dois Doutoramentos sediados na FBA, em <em>Belas-Artes<\/em> (com sete especialidades, a saber Arte Multim\u00e9dia, Ci\u00eancias da Arte e do Patrim\u00f3nio, Desenho, Design de Comunica\u00e7\u00e3o e Novos Media, Design de Equipamento, Escultura, Pintura), e em <em>Artes<\/em>, ou seja, <em>Artes Performativas e da Imagem em Movimento<\/em> (APIM) e, em parceria, em <em>Educa\u00e7\u00e3o Art\u00edstica<\/em> e em <em>Sustentabilidade<\/em>. No quadro das p\u00f3s-gradua\u00e7\u00f5es est\u00e3o abertas as inscri\u00e7\u00f5es para 17 novos cursos especializados em diferentes \u00e1reas de ensino art\u00edstico abaixo referidos.&nbsp;<\/p>\n\n\n\n<p>Ademais, privilegiamos a aprendizagem pr\u00e1tica, baseada em laborat\u00f3rios equipados com tecnologia de ponta &#8211; o <em>Project Lab<\/em> e o <em>Heritage<\/em> <em>Lab<\/em> &#8211; e em diferentes unidades de experimenta\u00e7\u00e3o nas \u00e1reas de cer\u00e2mica, <em>design<\/em>, fotografia, gesso, gravura, madeiras, metais, pedra, prototipagem, conserva\u00e7\u00e3o e restauro, integrados nos dois centros de investiga\u00e7\u00e3o, reconhecidos e consolidados, no campo das artes visuais: CIEBA e VICARTE&nbsp;<\/p>\n\n\n\n<p>Complementarmente, a Escola proporciona um ambiente que combina reflex\u00e3o te\u00f3rica e experimenta\u00e7\u00e3o, distinguindo-se pela qualifica\u00e7\u00e3o art\u00edstica e cient\u00edfica do corpo docente e pela aposta em m\u00e9todos de ensino inovadores que conciliam conhecimento te\u00f3rico e compet\u00eancias tecnol\u00f3gicas.&nbsp;&nbsp;<\/p>\n\n\n\n<p><strong>PA: Uma escola de ensino art\u00edstico demarca-se das restantes pela sua forte liga\u00e7\u00e3o entre os dom\u00ednios te\u00f3ricos e a pr\u00e1tica art\u00edstica. \u00c9 imposs\u00edvel ensinar Arte sem fazer arte. Como se faz esta complementaridade do ensino?<\/strong>&nbsp;<\/p>\n\n\n\n<p><strong>FP:<\/strong> A excel\u00eancia das nossas cole\u00e7\u00f5es art\u00edsticas e da produ\u00e7\u00e3o art\u00edstica dos nossos alunos, com constantes pr\u00e9mios alcan\u00e7ados, demonstra, claramente, a associa\u00e7\u00e3o natural entre m\u00e9todos de ensino e o exerc\u00edcio da pr\u00e1tica art\u00edstica na nossa Escola. Por outro lado, a ado\u00e7\u00e3o de modelos pedag\u00f3gicos inovadores e a exist\u00eancia de um corpo docente de reconhecida qualidade s\u00e3o a garantia dessa complementaridade.&nbsp;&nbsp;<\/p>\n\n\n\n<p>Pela sua pr\u00f3pria natureza, a obra de arte \u00e9 intencional, foi antecipadamente imaginada, conceptualizada e depois executada; a cria\u00e7\u00e3o suporta-se na pesquisa, na investiga\u00e7\u00e3o e na experimenta\u00e7\u00e3o. Esta perspetiva hol\u00edstica aproveita a presen\u00e7a das Ci\u00eancias da Arte e do Patrim\u00f3nio no espa\u00e7o de ensino e cria\u00e7\u00e3o das Belas-Artes (integrando as Artes, a Multim\u00e9dia e o Design), num apoio tanto did\u00e1tico como investigativo.&nbsp;<\/p>\n\n\n\n<figure class=\"wp-block-gallery columns-1 is-cropped wp-block-gallery-1 is-layout-flex wp-block-gallery-is-layout-flex\"><ul class=\"blocks-gallery-grid\"><li class=\"blocks-gallery-item\"><figure><img loading=\"lazy\" decoding=\"async\" width=\"1024\" height=\"683\" src=\"https:\/\/perspetivaatual.pt\/wp-content\/uploads\/2022\/05\/IMG_0227sasdf-1024x683.jpg\" alt=\"\" data-id=\"1603\" data-full-url=\"https:\/\/perspetivaatual.pt\/wp-content\/uploads\/2022\/05\/IMG_0227sasdf-scaled.jpg\" data-link=\"https:\/\/perspetivaatual.pt\/?attachment_id=1603\" class=\"wp-image-1603\" srcset=\"https:\/\/perspetivaatual.pt\/wp-content\/uploads\/2022\/05\/IMG_0227sasdf-1024x683.jpg 1024w, https:\/\/perspetivaatual.pt\/wp-content\/uploads\/2022\/05\/IMG_0227sasdf-300x200.jpg 300w, https:\/\/perspetivaatual.pt\/wp-content\/uploads\/2022\/05\/IMG_0227sasdf-768x512.jpg 768w, https:\/\/perspetivaatual.pt\/wp-content\/uploads\/2022\/05\/IMG_0227sasdf-1536x1024.jpg 1536w, https:\/\/perspetivaatual.pt\/wp-content\/uploads\/2022\/05\/IMG_0227sasdf-2048x1365.jpg 2048w, https:\/\/perspetivaatual.pt\/wp-content\/uploads\/2022\/05\/IMG_0227sasdf-675x450.jpg 675w, https:\/\/perspetivaatual.pt\/wp-content\/uploads\/2022\/05\/IMG_0227sasdf-600x400.jpg 600w\" sizes=\"auto, (max-width: 1024px) 100vw, 1024px\" \/><\/figure><\/li><\/ul><\/figure>\n\n\n\n<p><strong>PA: Para al\u00e9m da rela\u00e7\u00e3o entre teoria e pr\u00e1tica, h\u00e1 outra liga\u00e7\u00e3o da qual n\u00e3o se podem desprender: o passado e o presente. A cultura e as artes est\u00e3o em constante evolu\u00e7\u00e3o e a verdade \u00e9 que qualquer institui\u00e7\u00e3o de ensino tem como principal objetivo formar os estudantes para integrarem o mercado de trabalho atual. Como \u00e9 que fazem o acompanhamento dos desenvolvimentos da cultura e dos movimentos art\u00edsticos, sem nunca desvalorizar a hist\u00f3ria da arte?<\/strong>&nbsp;<\/p>\n\n\n\n<p><strong>FP:<\/strong> A FBA assume-se como um produtor e disseminador de discurso cient\u00edfico e criativo nos v\u00e1rios campos das artes visuais, do design e da curadoria da Arte e do Patrim\u00f3nio, contribuindo com pr\u00e1ticas e aquisi\u00e7\u00f5es de conhecimentos \u2018sobre arte\u2019, \u2018atrav\u00e9s da arte\u2019 e \u2018para a arte\u2019. \u2018Sobre arte\u2019 \u00e9 onde podemos encontrar as pesquisas em que se baseiam disciplinas como a Hist\u00f3ria da Arte e do Design, a Filosofia Est\u00e9tica, a Cultura Visual, as Pr\u00e1ticas Curatoriais e a Cr\u00edtica, ou a Teoria da Imagem. Na abordagem \u2018Atrav\u00e9s da Arte\u2019 est\u00e3o as possibilidades de interven\u00e7\u00e3o, de educa\u00e7\u00e3o e ensino, formal ou informal, geral ou vocacional, formando cidad\u00e3os ou, tamb\u00e9m, formando artistas. A forma\u00e7\u00e3o pode ser ainda p\u00f3s-graduada, avan\u00e7ada, e a ela podemos adicionar a cria\u00e7\u00e3o de p\u00fablicos, a educa\u00e7\u00e3o informal e a forma\u00e7\u00e3o do gosto, o museu e a nova museologia, as interven\u00e7\u00f5es, as express\u00f5es colaborativas, e outras ainda. As artes tamb\u00e9m cruzam outros formatos comunicativos, tecnol\u00f3gicos, e industriais, como o Design de Produto, o Design de Comunica\u00e7\u00e3o, de Interfaces, e tamb\u00e9m os novos M\u00e9dia. Na investiga\u00e7\u00e3o \u2018para a arte\u2019 inclui-se a salvaguarda patrimonial (a museologia, curadoria, conserva\u00e7\u00e3o e restauro, os estudos e investiga\u00e7\u00f5es sobre os vest\u00edgios arqueol\u00f3gicos e patrimoniais), assim como a permanente constru\u00e7\u00e3o do futuro patrim\u00f3nio art\u00edstico de Portugal \u2013 atrav\u00e9s da cria\u00e7\u00e3o permanente de novas obras art\u00edsticas e culturais, da sua valoriza\u00e7\u00e3o e dissemina\u00e7\u00e3o.&nbsp;&nbsp;<\/p>\n\n\n\n<p><strong>PA: Em 2021, disse-nos que a FBAUL iria expandir a sua oferta formativa para responder aos desafios do Plano de Recupera\u00e7\u00e3o e Resili\u00eancia (PRR) portugu\u00eas. O PRR \u00e9 um programa de aplica\u00e7\u00e3o nacional, com um per\u00edodo de execu\u00e7\u00e3o at\u00e9 2026, que vai implementar um conjunto de reformas e investimentos destinados a repor o crescimento econ\u00f3mico sustentado, ap\u00f3s a pandemia, refor\u00e7ando o objetivo de converg\u00eancia com a Europa ao longo da pr\u00f3xima d\u00e9cada. Como \u00e9 que aumentar a oferta formativa vai ao encontro dos objetivos deste programa?&nbsp;<\/strong>&nbsp;<\/p>\n\n\n\n<p><strong>FP:<\/strong> O PRR tem tr\u00eas metas fulcrais: o aumento da participa\u00e7\u00e3o dos jovens no ensino superior, a gradua\u00e7\u00e3o da popula\u00e7\u00e3o e o aumento da investiga\u00e7\u00e3o e desenvolvimento em Portugal, refor\u00e7ando a converg\u00eancia com a Europa ao longo da pr\u00f3xima d\u00e9cada atrav\u00e9s dos programas Impulso Jovens STEAM e Impulso Adultos. A nossa oferta formativa, por via dos tr\u00eas ciclos de ensino universit\u00e1rio, das p\u00f3s-gradua\u00e7\u00f5es e da possibilidade de frequ\u00eancia de unidades curriculares isoladas, nas licenciaturas e nos mestrados, juntamente com a ampla participa\u00e7\u00e3o da Escola em redes e projetos de investiga\u00e7\u00e3o internacionais, concorre para a concretiza\u00e7\u00e3o de todas essas metas.&nbsp;<\/p>\n\n\n\n<p><strong>PA: Em que ponto se encontra esta expans\u00e3o?<\/strong>&nbsp;<\/p>\n\n\n\n<p><strong>FP:<\/strong> A FBAUL refor\u00e7a, j\u00e1 no pr\u00f3ximo ano letivo, a ampla e inovadora forma\u00e7\u00e3o especializada destinada n\u00e3o apenas aos alunos da Escola que complementam o 1\u00baCiclo e que optam pela aquisi\u00e7\u00e3o de compet\u00eancias espec\u00edficas antes de seguirem para o 2\u00ba Ciclo, mas tamb\u00e9m para todos aqueles que v\u00eam de outras \u00e1reas disciplinares e que procuram, aqui, uma capacita\u00e7\u00e3o de excel\u00eancia em artes visuais, no design e nos Estudos do Patrim\u00f3nio. Por outro lado, a nossa oferta responde, igualmente, a todos os que j\u00e1 est\u00e3o inseridos no mercado de trabalho e que procuram atualizar-se e adquirir novas compet\u00eancias.&nbsp;<\/p>\n\n\n\n<p><strong>PA: Uma das grandes apostas \u00e9 a abertura de novas p\u00f3s-gradua\u00e7\u00f5es. O que faz com que haja tanta procura de p\u00f3s-gradua\u00e7\u00f5es nestas \u00e1reas? Quais s\u00e3o os novos cursos que v\u00e3o passar a constituir a vossa oferta formativa?<\/strong>&nbsp;<\/p>\n\n\n\n<p><strong>FP:<\/strong> As p\u00f3s-gradua\u00e7\u00f5es da Faculdade de Belas-Artes visam a forma\u00e7\u00e3o continuada, o aprofundamento ou a aquisi\u00e7\u00e3o de t\u00e9cnicas e de conhecimentos em \u00e1reas profissionalizantes muito exigentes em especializa\u00e7\u00e3o. A Escola proporciona uma oferta de novos dom\u00ednios cient\u00edficos e na transmiss\u00e3o de compet\u00eancias pr\u00e1ticas ou tecnol\u00f3gicas em \u00e1reas especializadas e necessitadas de capacita\u00e7\u00f5es t\u00e9cnicas bastante elevadas, designadamente: <em>Art\u2019\u00c1sia: <\/em>an\u00e1lises art\u00edsticas, sociais e cient\u00edficas para trabalhar a \u00c1sia no s\u00e9culo XXI; Arte e Natureza; Artes Sonoras: pr\u00e1ticas e tecnologias de cria\u00e7\u00e3o; Azulejo e Cer\u00e2mica: Produ\u00e7\u00e3o, Hist\u00f3ria, Conflu\u00eancias, Colec\u00e7\u00f5es, Exposi\u00e7\u00f5es e Conserva\u00e7\u00e3o; <a href=\"https:\/\/www.belasartes.ulisboa.pt\/cursos\/pos-graduacoes\/concecao-e-implementacao-de-exposicoes-monograficas-individuais\/\" target=\"_blank\" rel=\"noreferrer noopener\">Concep\u00e7\u00e3o e Implementa\u00e7\u00e3o de Exposi\u00e7\u00f5es Monogr\u00e1ficas Individuais<\/a>; <a href=\"https:\/\/www.belasartes.ulisboa.pt\/cursos\/pos-graduacoes\/design-circular-modos-culturais-sistemicos-e-materiais\/\" target=\"_blank\" rel=\"noreferrer noopener\">Design Circular: Modos culturais, sist\u00e9micos e materiais<\/a>; <a href=\"https:\/\/www.belasartes.ulisboa.pt\/cursos\/pos-graduacoes\/design-de-servicos-para-negocios-sustentaveis\/\" target=\"_blank\" rel=\"noreferrer noopener\">Design de Servi\u00e7os para Neg\u00f3cios Sustent\u00e1veis<\/a>; <a href=\"https:\/\/www.belasartes.ulisboa.pt\/cursos\/pos-graduacoes\/digital-experience-design\/\" target=\"_blank\" rel=\"noreferrer noopener\">Digital Experience Design<\/a>; Discursos da Fotografia Contempor\u00e2nea; <a href=\"https:\/\/www.belasartes.ulisboa.pt\/cursos\/pos-graduacoes\/historia-tecnica-da-arte\/\" target=\"_blank\" rel=\"noreferrer noopener\">Hist\u00f3ria T\u00e9cnica da Arte<\/a>; Ilustra\u00e7\u00e3o e Narrativa Visual; <a href=\"https:\/\/www.belasartes.ulisboa.pt\/cursos\/pos-graduacoes\/introducao-a-conservacao-e-exibicao-de-acervos-fotograficos\/\" target=\"_blank\" rel=\"noreferrer noopener\">Introdu\u00e7\u00e3o \u00e0 conserva\u00e7\u00e3o e exibi\u00e7\u00e3o de acervos fotogr\u00e1ficos<\/a>; <a href=\"https:\/\/www.belasartes.ulisboa.pt\/cursos\/pos-graduacoes\/performanceinstalacao\/\" target=\"_blank\" rel=\"noreferrer noopener\">Performance\/Instala\u00e7\u00e3o<\/a>; <a href=\"https:\/\/www.belasartes.ulisboa.pt\/cursos\/pos-graduacoes\/praticas-artisticas-mediacao-e-criacao-de-comunidade\/\" target=\"_blank\" rel=\"noreferrer noopener\">Pr\u00e1ticas Art\u00edsticas: media\u00e7\u00e3o e cria\u00e7\u00e3o de comunidade<\/a>; <a href=\"https:\/\/www.belasartes.ulisboa.pt\/cursos\/pos-graduacoes\/praticas-de-investigacao-artistica\/\" target=\"_blank\" rel=\"noreferrer noopener\">Pr\u00e1ticas de Investiga\u00e7\u00e3o Art\u00edstica<\/a>; <a href=\"https:\/\/www.belasartes.ulisboa.pt\/cursos\/pos-graduacoes\/reintegracao-cromatica-de-bens-culturais\/\" target=\"_blank\" rel=\"noreferrer noopener\">Reintegra\u00e7\u00e3o crom\u00e1tica de bens culturais<\/a>; <a href=\"https:\/\/www.belasartes.ulisboa.pt\/cursos\/pos-graduacoes\/wayfinding-design-sistemas-de-informacao-orientacao-e-sinalizacao-para-o-espaco-publico\/\" target=\"_blank\" rel=\"noreferrer noopener\">Wayfinding Design: Sistemas de informa\u00e7\u00e3o, orienta\u00e7\u00e3o e sinaliza\u00e7\u00e3o para o espa\u00e7o p\u00fablico<\/a>.&nbsp;<\/p>\n\n\n\n<p><strong>PA: Entre as v\u00e1rias op\u00e7\u00f5es de licenciaturas, mestrados, doutoramentos e p\u00f3s-gradua\u00e7\u00f5es que j\u00e1 t\u00eam em vigor, quais s\u00e3o as que t\u00eam maior procura?<\/strong>&nbsp;<\/p>\n\n\n\n<p><strong>FP:<\/strong> Duas \u00e1reas disputaram, nas duas \u00faltimas d\u00e9cadas, o maior interesse por parte dos candidatos ao Ensino Superior: <em>Design<\/em> de Comunica\u00e7\u00e3o e Arte Multim\u00e9dia. Mais recentemente, Desenho passou a ser o curso com 100% de primeiras op\u00e7\u00f5es desses candidatos. Esses tr\u00eas cursos e, ainda, o de Pintura, t\u00eam m\u00e9dias de acesso superiores a 17. Contudo, na FBAUL a m\u00e9dia de acesso \u00e9 superior a 16 em qualquer uma das outras licenciaturas. Ao n\u00edvel dos Mestrados, os cursos ministrados pelos Departamentos de Design de Comunica\u00e7\u00e3o, de Arte Multim\u00e9dia, de Pintura, de Desenho, de Design de Equipamento, de Ci\u00eancias da Arte e do Patrim\u00f3nio e de Escultura preenchem sempre as suas vagas, na totalidade ou muito pr\u00f3ximo disso, o mesmo acontecendo com os dois Doutoramentos sediados na FBA, Belas Artes e APIM.&nbsp;<\/p>\n\n\n\n<figure class=\"wp-block-gallery columns-2 is-cropped wp-block-gallery-2 is-layout-flex wp-block-gallery-is-layout-flex\"><ul class=\"blocks-gallery-grid\"><li class=\"blocks-gallery-item\"><figure><img loading=\"lazy\" decoding=\"async\" width=\"1024\" height=\"686\" src=\"https:\/\/perspetivaatual.pt\/wp-content\/uploads\/2022\/05\/21-1024x686.jpg\" alt=\"\" data-id=\"1604\" data-full-url=\"https:\/\/perspetivaatual.pt\/wp-content\/uploads\/2022\/05\/21.jpg\" data-link=\"https:\/\/perspetivaatual.pt\/?attachment_id=1604\" class=\"wp-image-1604\" srcset=\"https:\/\/perspetivaatual.pt\/wp-content\/uploads\/2022\/05\/21-1024x686.jpg 1024w, https:\/\/perspetivaatual.pt\/wp-content\/uploads\/2022\/05\/21-300x201.jpg 300w, https:\/\/perspetivaatual.pt\/wp-content\/uploads\/2022\/05\/21-768x514.jpg 768w, https:\/\/perspetivaatual.pt\/wp-content\/uploads\/2022\/05\/21-600x402.jpg 600w, https:\/\/perspetivaatual.pt\/wp-content\/uploads\/2022\/05\/21.jpg 1162w\" sizes=\"auto, (max-width: 1024px) 100vw, 1024px\" \/><\/figure><\/li><li class=\"blocks-gallery-item\"><figure><img loading=\"lazy\" decoding=\"async\" width=\"613\" height=\"410\" src=\"https:\/\/perspetivaatual.pt\/wp-content\/uploads\/2022\/05\/insta_fotofaculdade.jpg\" alt=\"\" data-id=\"1605\" data-full-url=\"https:\/\/perspetivaatual.pt\/wp-content\/uploads\/2022\/05\/insta_fotofaculdade.jpg\" data-link=\"https:\/\/perspetivaatual.pt\/?attachment_id=1605\" class=\"wp-image-1605\" srcset=\"https:\/\/perspetivaatual.pt\/wp-content\/uploads\/2022\/05\/insta_fotofaculdade.jpg 613w, https:\/\/perspetivaatual.pt\/wp-content\/uploads\/2022\/05\/insta_fotofaculdade-300x201.jpg 300w, https:\/\/perspetivaatual.pt\/wp-content\/uploads\/2022\/05\/insta_fotofaculdade-600x401.jpg 600w\" sizes=\"auto, (max-width: 613px) 100vw, 613px\" \/><\/figure><\/li><\/ul><\/figure>\n\n\n\n<p><strong>PA: Disse tamb\u00e9m em 2021 que o objetivo principal \u00e9 obter os fundos necess\u00e1rios para financiar a recupera\u00e7\u00e3o integral dos novos espa\u00e7os que lhe foram atribu\u00eddos com a extin\u00e7\u00e3o do Governo Civil (edif\u00edcio virado para a Rua Capelo, vizinho do Museu do Chiado). Em que ponto de situa\u00e7\u00e3o se encontra esta recupera\u00e7\u00e3o?<\/strong>&nbsp;<\/p>\n\n\n\n<p><strong>FP:<\/strong> Neste momento, encontramo-nos a realizar os \u00faltimos trabalhos de estudo arqueol\u00f3gico e, logo ap\u00f3s a sua conclus\u00e3o, a breve prazo, ser\u00e1 lan\u00e7ado pela Reitoria da Universidade de Lisboa o concurso para a realiza\u00e7\u00e3o dos trabalhos de recupera\u00e7\u00e3o desse edif\u00edcio cont\u00edguo, uma vez que os projetos de execu\u00e7\u00e3o est\u00e3o conclu\u00eddos e entregues e a maior parte das licen\u00e7as necess\u00e1rias j\u00e1 foram concedidas ou s\u00ea-lo-\u00e3o muito em breve.&nbsp;<\/p>\n\n\n\n<p><strong>PA: Como v\u00ea o futuro da Faculdade de Belas-Artes no plano nacional e internacional de forma\u00e7\u00e3o e investiga\u00e7\u00e3o?<\/strong>&nbsp;<\/p>\n\n\n\n<p><strong>FP:<\/strong> A longa tradi\u00e7\u00e3o das Belas-Artes permite-nos tra\u00e7ar um futuro consolidado, de crescimento controlado, integrado e com aprofundamento das suas v\u00e1rias dimens\u00f5es art\u00edsticas e cient\u00edficas e da sua influ\u00eancia \u00e0 escala nacional e internacional.&nbsp;<\/p>\n\n\n\n<p>Em termos nacionais, al\u00e9m de sermos a mais antiga, a maior e a melhor escola de arte de Portugal, somos a \u00fanica Escola que integra todas as \u00e1reas cient\u00edficas e disciplinares mencionadas, possibilitando inovadores cruzamentos e desenvolvimentos inter e transdisciplinares potenciadores da criatividade art\u00edstica e da reflex\u00e3o e aprofundamento cient\u00edfico sobre todos esses dom\u00ednios. Em dois dom\u00ednios art\u00edsticos, Pintura e Escultura, s\u00f3 a FBAUL, em todo o pa\u00eds, oferece Licenciatura, Mestrado e especialidade de Doutoramento. \u00c0 escala internacional, muito poucas escolas t\u00eam o nosso n\u00famero de alunos e disponibilizam a diversificada oferta formativa e cient\u00edfica que nos distingue. Por isso, j\u00e1 fomos convidados por Academias cong\u00e9neres em It\u00e1lia e na Noruega a ajudar essas antigas e prestigiosas escolas a lan\u00e7arem os seus Programas Doutorais.&nbsp;<\/p>\n\n\n\n<p>Form\u00e1mos, igualmente, muitos dos quadros docentes e de investiga\u00e7\u00e3o de outras escolas de arte, no pa\u00eds e fora dele. \u00c9, sobretudo, atrav\u00e9s da inova\u00e7\u00e3o no \u00e2mbito da Arte, do Design, da Educa\u00e7\u00e3o Art\u00edstica e dos Estudos do Patrim\u00f3nio (envolvendo as dimens\u00f5es da Museologia, Curadoria e Conserva\u00e7\u00e3o) que a FBAUL procura dar resposta \u00e0s necessidades que v\u00e3o emergindo na vida cultural e art\u00edstica da sociedade portuguesa, estabelecendo parcerias e protocolos com escolas, funda\u00e7\u00f5es, empresas, autarquias e demais atores de todo o pa\u00eds.&nbsp;<\/p>\n","protected":false},"excerpt":{"rendered":"<p>A liga\u00e7\u00e3o entre teoria e pr\u00e1tica e passado, presente e futuro s\u00e3o os elementos essenciais<\/p>\n","protected":false},"author":5,"featured_media":1602,"comment_status":"open","ping_status":"open","sticky":false,"template":"","format":"standard","meta":{"footnotes":""},"categories":[11,3],"tags":[68,71,55,70,69],"class_list":["post-1601","post","type-post","status-publish","format-standard","has-post-thumbnail","hentry","category-destaques","category-educacao","tag-artes","tag-design","tag-ensino","tag-faculdade","tag-lisboa"],"yoast_head":"<!-- This site is optimized with the Yoast SEO plugin v24.2 - https:\/\/yoast.com\/wordpress\/plugins\/seo\/ -->\n<title>\u201cSobre arte, atrav\u00e9s da arte, para a arte\u201d - Perspetiva Atual<\/title>\n<meta name=\"description\" content=\"A liga\u00e7\u00e3o entre teoria e pr\u00e1tica e passado, presente e futuro s\u00e3o os elementos essenciais para garantir um ensino superior art\u00edstico de...\" \/>\n<meta name=\"robots\" content=\"index, follow, max-snippet:-1, max-image-preview:large, max-video-preview:-1\" \/>\n<link rel=\"canonical\" href=\"http:\/\/perspetivaatual.pt\/index.php\/2022\/05\/28\/sobre-arte-atraves-da-arte-para-a-arte\/\" \/>\n<meta property=\"og:locale\" content=\"pt_PT\" \/>\n<meta property=\"og:type\" content=\"article\" \/>\n<meta property=\"og:title\" content=\"\u201cSobre arte, atrav\u00e9s da arte, para a arte\u201d - Perspetiva Atual\" \/>\n<meta property=\"og:description\" content=\"A liga\u00e7\u00e3o entre teoria e pr\u00e1tica e passado, presente e futuro s\u00e3o os elementos essenciais para garantir um ensino superior art\u00edstico de...\" \/>\n<meta property=\"og:url\" content=\"http:\/\/perspetivaatual.pt\/index.php\/2022\/05\/28\/sobre-arte-atraves-da-arte-para-a-arte\/\" \/>\n<meta property=\"og:site_name\" content=\"Perspetiva Atual\" \/>\n<meta property=\"article:published_time\" content=\"2022-05-28T07:00:00+00:00\" \/>\n<meta property=\"article:modified_time\" content=\"2022-05-24T15:30:24+00:00\" \/>\n<meta property=\"og:image\" content=\"http:\/\/perspetivaatual.pt\/wp-content\/uploads\/2022\/05\/descobreULisboa_3-scaled.jpg\" \/>\n\t<meta property=\"og:image:width\" content=\"2560\" \/>\n\t<meta property=\"og:image:height\" content=\"1709\" \/>\n\t<meta property=\"og:image:type\" content=\"image\/jpeg\" \/>\n<meta name=\"author\" content=\"Jo\u00e3o Malainho Perspetiva Atual\" \/>\n<meta name=\"twitter:card\" content=\"summary_large_image\" \/>\n<meta name=\"twitter:label1\" content=\"Escrito por\" \/>\n\t<meta name=\"twitter:data1\" content=\"\" \/>\n\t<meta name=\"twitter:label2\" content=\"Tempo estimado de leitura\" \/>\n\t<meta name=\"twitter:data2\" content=\"9 minutos\" \/>\n<script type=\"application\/ld+json\" class=\"yoast-schema-graph\">{\"@context\":\"https:\/\/schema.org\",\"@graph\":[{\"@type\":\"Article\",\"@id\":\"http:\/\/perspetivaatual.pt\/index.php\/2022\/05\/28\/sobre-arte-atraves-da-arte-para-a-arte\/#article\",\"isPartOf\":{\"@id\":\"http:\/\/perspetivaatual.pt\/index.php\/2022\/05\/28\/sobre-arte-atraves-da-arte-para-a-arte\/\"},\"author\":{\"name\":\"Jo\u00e3o Malainho Perspetiva Atual\",\"@id\":\"https:\/\/perspetivaatual.pt\/#\/schema\/person\/4c9d5a8b179d047c3220dfa32fd6b658\"},\"headline\":\"\u201cSobre arte, atrav\u00e9s da arte, para a arte\u201d\",\"datePublished\":\"2022-05-28T07:00:00+00:00\",\"dateModified\":\"2022-05-24T15:30:24+00:00\",\"mainEntityOfPage\":{\"@id\":\"http:\/\/perspetivaatual.pt\/index.php\/2022\/05\/28\/sobre-arte-atraves-da-arte-para-a-arte\/\"},\"wordCount\":2119,\"commentCount\":0,\"publisher\":{\"@id\":\"https:\/\/perspetivaatual.pt\/#organization\"},\"image\":{\"@id\":\"http:\/\/perspetivaatual.pt\/index.php\/2022\/05\/28\/sobre-arte-atraves-da-arte-para-a-arte\/#primaryimage\"},\"thumbnailUrl\":\"https:\/\/perspetivaatual.pt\/wp-content\/uploads\/2022\/05\/descobreULisboa_3-scaled.jpg\",\"keywords\":[\"Artes\",\"Design\",\"ensino\",\"Faculdade\",\"Lisboa\"],\"articleSection\":[\"Destaques\",\"Educa\u00e7\u00e3o\"],\"inLanguage\":\"pt-PT\",\"potentialAction\":[{\"@type\":\"CommentAction\",\"name\":\"Comment\",\"target\":[\"http:\/\/perspetivaatual.pt\/index.php\/2022\/05\/28\/sobre-arte-atraves-da-arte-para-a-arte\/#respond\"]}]},{\"@type\":\"WebPage\",\"@id\":\"http:\/\/perspetivaatual.pt\/index.php\/2022\/05\/28\/sobre-arte-atraves-da-arte-para-a-arte\/\",\"url\":\"http:\/\/perspetivaatual.pt\/index.php\/2022\/05\/28\/sobre-arte-atraves-da-arte-para-a-arte\/\",\"name\":\"\u201cSobre arte, atrav\u00e9s da arte, para a arte\u201d - Perspetiva Atual\",\"isPartOf\":{\"@id\":\"https:\/\/perspetivaatual.pt\/#website\"},\"primaryImageOfPage\":{\"@id\":\"http:\/\/perspetivaatual.pt\/index.php\/2022\/05\/28\/sobre-arte-atraves-da-arte-para-a-arte\/#primaryimage\"},\"image\":{\"@id\":\"http:\/\/perspetivaatual.pt\/index.php\/2022\/05\/28\/sobre-arte-atraves-da-arte-para-a-arte\/#primaryimage\"},\"thumbnailUrl\":\"https:\/\/perspetivaatual.pt\/wp-content\/uploads\/2022\/05\/descobreULisboa_3-scaled.jpg\",\"datePublished\":\"2022-05-28T07:00:00+00:00\",\"dateModified\":\"2022-05-24T15:30:24+00:00\",\"description\":\"A liga\u00e7\u00e3o entre teoria e pr\u00e1tica e passado, presente e futuro s\u00e3o os elementos essenciais para garantir um ensino superior art\u00edstico de...\",\"breadcrumb\":{\"@id\":\"http:\/\/perspetivaatual.pt\/index.php\/2022\/05\/28\/sobre-arte-atraves-da-arte-para-a-arte\/#breadcrumb\"},\"inLanguage\":\"pt-PT\",\"potentialAction\":[{\"@type\":\"ReadAction\",\"target\":[\"http:\/\/perspetivaatual.pt\/index.php\/2022\/05\/28\/sobre-arte-atraves-da-arte-para-a-arte\/\"]}]},{\"@type\":\"ImageObject\",\"inLanguage\":\"pt-PT\",\"@id\":\"http:\/\/perspetivaatual.pt\/index.php\/2022\/05\/28\/sobre-arte-atraves-da-arte-para-a-arte\/#primaryimage\",\"url\":\"https:\/\/perspetivaatual.pt\/wp-content\/uploads\/2022\/05\/descobreULisboa_3-scaled.jpg\",\"contentUrl\":\"https:\/\/perspetivaatual.pt\/wp-content\/uploads\/2022\/05\/descobreULisboa_3-scaled.jpg\",\"width\":2560,\"height\":1709},{\"@type\":\"BreadcrumbList\",\"@id\":\"http:\/\/perspetivaatual.pt\/index.php\/2022\/05\/28\/sobre-arte-atraves-da-arte-para-a-arte\/#breadcrumb\",\"itemListElement\":[{\"@type\":\"ListItem\",\"position\":1,\"name\":\"Home\",\"item\":\"https:\/\/perspetivaatual.pt\/\"},{\"@type\":\"ListItem\",\"position\":2,\"name\":\"\u201cSobre arte, atrav\u00e9s da arte, para a arte\u201d\"}]},{\"@type\":\"WebSite\",\"@id\":\"https:\/\/perspetivaatual.pt\/#website\",\"url\":\"https:\/\/perspetivaatual.pt\/\",\"name\":\"Perspetiva Atual\",\"description\":\"Olhar Portugal, de diferentes formas\",\"publisher\":{\"@id\":\"https:\/\/perspetivaatual.pt\/#organization\"},\"potentialAction\":[{\"@type\":\"SearchAction\",\"target\":{\"@type\":\"EntryPoint\",\"urlTemplate\":\"https:\/\/perspetivaatual.pt\/?s={search_term_string}\"},\"query-input\":{\"@type\":\"PropertyValueSpecification\",\"valueRequired\":true,\"valueName\":\"search_term_string\"}}],\"inLanguage\":\"pt-PT\"},{\"@type\":\"Organization\",\"@id\":\"https:\/\/perspetivaatual.pt\/#organization\",\"name\":\"Perspetiva Atual\",\"url\":\"https:\/\/perspetivaatual.pt\/\",\"logo\":{\"@type\":\"ImageObject\",\"inLanguage\":\"pt-PT\",\"@id\":\"https:\/\/perspetivaatual.pt\/#\/schema\/logo\/image\/\",\"url\":\"https:\/\/perspetivaatual.pt\/wp-content\/uploads\/2020\/08\/cropped-perspetiva_atual-.png\",\"contentUrl\":\"https:\/\/perspetivaatual.pt\/wp-content\/uploads\/2020\/08\/cropped-perspetiva_atual-.png\",\"width\":618,\"height\":202,\"caption\":\"Perspetiva Atual\"},\"image\":{\"@id\":\"https:\/\/perspetivaatual.pt\/#\/schema\/logo\/image\/\"}},{\"@type\":\"Person\",\"@id\":\"https:\/\/perspetivaatual.pt\/#\/schema\/person\/4c9d5a8b179d047c3220dfa32fd6b658\",\"name\":\"Jo\u00e3o Malainho Perspetiva Atual\",\"image\":{\"@type\":\"ImageObject\",\"inLanguage\":\"pt-PT\",\"@id\":\"https:\/\/perspetivaatual.pt\/#\/schema\/person\/image\/\",\"url\":\"https:\/\/secure.gravatar.com\/avatar\/fd918e8a58374b02896337d62716969a?s=96&d=mm&r=g\",\"contentUrl\":\"https:\/\/secure.gravatar.com\/avatar\/fd918e8a58374b02896337d62716969a?s=96&d=mm&r=g\",\"caption\":\"Jo\u00e3o Malainho Perspetiva Atual\"},\"sameAs\":[\"http:\/\/perspetivaatual.pt\"],\"url\":\"https:\/\/perspetivaatual.pt\/index.php\/author\/joaomalainhoii\/\"}]}<\/script>\n<!-- \/ Yoast SEO plugin. -->","yoast_head_json":{"title":"\u201cSobre arte, atrav\u00e9s da arte, para a arte\u201d - Perspetiva Atual","description":"A liga\u00e7\u00e3o entre teoria e pr\u00e1tica e passado, presente e futuro s\u00e3o os elementos essenciais para garantir um ensino superior art\u00edstico de...","robots":{"index":"index","follow":"follow","max-snippet":"max-snippet:-1","max-image-preview":"max-image-preview:large","max-video-preview":"max-video-preview:-1"},"canonical":"http:\/\/perspetivaatual.pt\/index.php\/2022\/05\/28\/sobre-arte-atraves-da-arte-para-a-arte\/","og_locale":"pt_PT","og_type":"article","og_title":"\u201cSobre arte, atrav\u00e9s da arte, para a arte\u201d - Perspetiva Atual","og_description":"A liga\u00e7\u00e3o entre teoria e pr\u00e1tica e passado, presente e futuro s\u00e3o os elementos essenciais para garantir um ensino superior art\u00edstico de...","og_url":"http:\/\/perspetivaatual.pt\/index.php\/2022\/05\/28\/sobre-arte-atraves-da-arte-para-a-arte\/","og_site_name":"Perspetiva Atual","article_published_time":"2022-05-28T07:00:00+00:00","article_modified_time":"2022-05-24T15:30:24+00:00","og_image":[{"width":2560,"height":1709,"url":"http:\/\/perspetivaatual.pt\/wp-content\/uploads\/2022\/05\/descobreULisboa_3-scaled.jpg","type":"image\/jpeg"}],"author":"Jo\u00e3o Malainho Perspetiva Atual","twitter_card":"summary_large_image","twitter_misc":{"Escrito por":false,"Tempo estimado de leitura":"9 minutos"},"schema":{"@context":"https:\/\/schema.org","@graph":[{"@type":"Article","@id":"http:\/\/perspetivaatual.pt\/index.php\/2022\/05\/28\/sobre-arte-atraves-da-arte-para-a-arte\/#article","isPartOf":{"@id":"http:\/\/perspetivaatual.pt\/index.php\/2022\/05\/28\/sobre-arte-atraves-da-arte-para-a-arte\/"},"author":{"name":"Jo\u00e3o Malainho Perspetiva Atual","@id":"https:\/\/perspetivaatual.pt\/#\/schema\/person\/4c9d5a8b179d047c3220dfa32fd6b658"},"headline":"\u201cSobre arte, atrav\u00e9s da arte, para a arte\u201d","datePublished":"2022-05-28T07:00:00+00:00","dateModified":"2022-05-24T15:30:24+00:00","mainEntityOfPage":{"@id":"http:\/\/perspetivaatual.pt\/index.php\/2022\/05\/28\/sobre-arte-atraves-da-arte-para-a-arte\/"},"wordCount":2119,"commentCount":0,"publisher":{"@id":"https:\/\/perspetivaatual.pt\/#organization"},"image":{"@id":"http:\/\/perspetivaatual.pt\/index.php\/2022\/05\/28\/sobre-arte-atraves-da-arte-para-a-arte\/#primaryimage"},"thumbnailUrl":"https:\/\/perspetivaatual.pt\/wp-content\/uploads\/2022\/05\/descobreULisboa_3-scaled.jpg","keywords":["Artes","Design","ensino","Faculdade","Lisboa"],"articleSection":["Destaques","Educa\u00e7\u00e3o"],"inLanguage":"pt-PT","potentialAction":[{"@type":"CommentAction","name":"Comment","target":["http:\/\/perspetivaatual.pt\/index.php\/2022\/05\/28\/sobre-arte-atraves-da-arte-para-a-arte\/#respond"]}]},{"@type":"WebPage","@id":"http:\/\/perspetivaatual.pt\/index.php\/2022\/05\/28\/sobre-arte-atraves-da-arte-para-a-arte\/","url":"http:\/\/perspetivaatual.pt\/index.php\/2022\/05\/28\/sobre-arte-atraves-da-arte-para-a-arte\/","name":"\u201cSobre arte, atrav\u00e9s da arte, para a arte\u201d - Perspetiva Atual","isPartOf":{"@id":"https:\/\/perspetivaatual.pt\/#website"},"primaryImageOfPage":{"@id":"http:\/\/perspetivaatual.pt\/index.php\/2022\/05\/28\/sobre-arte-atraves-da-arte-para-a-arte\/#primaryimage"},"image":{"@id":"http:\/\/perspetivaatual.pt\/index.php\/2022\/05\/28\/sobre-arte-atraves-da-arte-para-a-arte\/#primaryimage"},"thumbnailUrl":"https:\/\/perspetivaatual.pt\/wp-content\/uploads\/2022\/05\/descobreULisboa_3-scaled.jpg","datePublished":"2022-05-28T07:00:00+00:00","dateModified":"2022-05-24T15:30:24+00:00","description":"A liga\u00e7\u00e3o entre teoria e pr\u00e1tica e passado, presente e futuro s\u00e3o os elementos essenciais para garantir um ensino superior art\u00edstico de...","breadcrumb":{"@id":"http:\/\/perspetivaatual.pt\/index.php\/2022\/05\/28\/sobre-arte-atraves-da-arte-para-a-arte\/#breadcrumb"},"inLanguage":"pt-PT","potentialAction":[{"@type":"ReadAction","target":["http:\/\/perspetivaatual.pt\/index.php\/2022\/05\/28\/sobre-arte-atraves-da-arte-para-a-arte\/"]}]},{"@type":"ImageObject","inLanguage":"pt-PT","@id":"http:\/\/perspetivaatual.pt\/index.php\/2022\/05\/28\/sobre-arte-atraves-da-arte-para-a-arte\/#primaryimage","url":"https:\/\/perspetivaatual.pt\/wp-content\/uploads\/2022\/05\/descobreULisboa_3-scaled.jpg","contentUrl":"https:\/\/perspetivaatual.pt\/wp-content\/uploads\/2022\/05\/descobreULisboa_3-scaled.jpg","width":2560,"height":1709},{"@type":"BreadcrumbList","@id":"http:\/\/perspetivaatual.pt\/index.php\/2022\/05\/28\/sobre-arte-atraves-da-arte-para-a-arte\/#breadcrumb","itemListElement":[{"@type":"ListItem","position":1,"name":"Home","item":"https:\/\/perspetivaatual.pt\/"},{"@type":"ListItem","position":2,"name":"\u201cSobre arte, atrav\u00e9s da arte, para a arte\u201d"}]},{"@type":"WebSite","@id":"https:\/\/perspetivaatual.pt\/#website","url":"https:\/\/perspetivaatual.pt\/","name":"Perspetiva Atual","description":"Olhar Portugal, de diferentes formas","publisher":{"@id":"https:\/\/perspetivaatual.pt\/#organization"},"potentialAction":[{"@type":"SearchAction","target":{"@type":"EntryPoint","urlTemplate":"https:\/\/perspetivaatual.pt\/?s={search_term_string}"},"query-input":{"@type":"PropertyValueSpecification","valueRequired":true,"valueName":"search_term_string"}}],"inLanguage":"pt-PT"},{"@type":"Organization","@id":"https:\/\/perspetivaatual.pt\/#organization","name":"Perspetiva Atual","url":"https:\/\/perspetivaatual.pt\/","logo":{"@type":"ImageObject","inLanguage":"pt-PT","@id":"https:\/\/perspetivaatual.pt\/#\/schema\/logo\/image\/","url":"https:\/\/perspetivaatual.pt\/wp-content\/uploads\/2020\/08\/cropped-perspetiva_atual-.png","contentUrl":"https:\/\/perspetivaatual.pt\/wp-content\/uploads\/2020\/08\/cropped-perspetiva_atual-.png","width":618,"height":202,"caption":"Perspetiva Atual"},"image":{"@id":"https:\/\/perspetivaatual.pt\/#\/schema\/logo\/image\/"}},{"@type":"Person","@id":"https:\/\/perspetivaatual.pt\/#\/schema\/person\/4c9d5a8b179d047c3220dfa32fd6b658","name":"Jo\u00e3o Malainho Perspetiva Atual","image":{"@type":"ImageObject","inLanguage":"pt-PT","@id":"https:\/\/perspetivaatual.pt\/#\/schema\/person\/image\/","url":"https:\/\/secure.gravatar.com\/avatar\/fd918e8a58374b02896337d62716969a?s=96&d=mm&r=g","contentUrl":"https:\/\/secure.gravatar.com\/avatar\/fd918e8a58374b02896337d62716969a?s=96&d=mm&r=g","caption":"Jo\u00e3o Malainho Perspetiva Atual"},"sameAs":["http:\/\/perspetivaatual.pt"],"url":"https:\/\/perspetivaatual.pt\/index.php\/author\/joaomalainhoii\/"}]}},"featured_image_urls":{"full":["https:\/\/perspetivaatual.pt\/wp-content\/uploads\/2022\/05\/descobreULisboa_3-scaled.jpg",2560,1709,false],"thumbnail":["https:\/\/perspetivaatual.pt\/wp-content\/uploads\/2022\/05\/descobreULisboa_3-150x150.jpg",150,150,true],"medium":["https:\/\/perspetivaatual.pt\/wp-content\/uploads\/2022\/05\/descobreULisboa_3-300x200.jpg",300,200,true],"medium_large":["https:\/\/perspetivaatual.pt\/wp-content\/uploads\/2022\/05\/descobreULisboa_3-768x513.jpg",640,428,true],"large":["https:\/\/perspetivaatual.pt\/wp-content\/uploads\/2022\/05\/descobreULisboa_3-1024x684.jpg",640,428,true],"1536x1536":["https:\/\/perspetivaatual.pt\/wp-content\/uploads\/2022\/05\/descobreULisboa_3-1536x1025.jpg",1536,1025,true],"2048x2048":["https:\/\/perspetivaatual.pt\/wp-content\/uploads\/2022\/05\/descobreULisboa_3-2048x1367.jpg",2048,1367,true],"magazine-7-slider-full":["https:\/\/perspetivaatual.pt\/wp-content\/uploads\/2022\/05\/descobreULisboa_3-1536x1020.jpg",1536,1020,true],"magazine-7-slider-center":["https:\/\/perspetivaatual.pt\/wp-content\/uploads\/2022\/05\/descobreULisboa_3-936x897.jpg",936,897,true],"magazine-7-featured":["https:\/\/perspetivaatual.pt\/wp-content\/uploads\/2022\/05\/descobreULisboa_3-1024x684.jpg",1024,684,true],"magazine-7-medium":["https:\/\/perspetivaatual.pt\/wp-content\/uploads\/2022\/05\/descobreULisboa_3-720x380.jpg",720,380,true],"magazine-7-medium-square":["https:\/\/perspetivaatual.pt\/wp-content\/uploads\/2022\/05\/descobreULisboa_3-675x450.jpg",675,450,true],"rpwe-thumbnail":["https:\/\/perspetivaatual.pt\/wp-content\/uploads\/2022\/05\/descobreULisboa_3-45x45.jpg",45,45,true]},"author_info":{"info":[false]},"category_info":"<a href=\"https:\/\/perspetivaatual.pt\/index.php\/category\/destaques\/\" rel=\"category tag\">Destaques<\/a> <a href=\"https:\/\/perspetivaatual.pt\/index.php\/category\/educacao\/\" rel=\"category tag\">Educa\u00e7\u00e3o<\/a>","tag_info":"Educa\u00e7\u00e3o","comment_count":"0","_links":{"self":[{"href":"https:\/\/perspetivaatual.pt\/index.php\/wp-json\/wp\/v2\/posts\/1601","targetHints":{"allow":["GET"]}}],"collection":[{"href":"https:\/\/perspetivaatual.pt\/index.php\/wp-json\/wp\/v2\/posts"}],"about":[{"href":"https:\/\/perspetivaatual.pt\/index.php\/wp-json\/wp\/v2\/types\/post"}],"author":[{"embeddable":true,"href":"https:\/\/perspetivaatual.pt\/index.php\/wp-json\/wp\/v2\/users\/5"}],"replies":[{"embeddable":true,"href":"https:\/\/perspetivaatual.pt\/index.php\/wp-json\/wp\/v2\/comments?post=1601"}],"version-history":[{"count":0,"href":"https:\/\/perspetivaatual.pt\/index.php\/wp-json\/wp\/v2\/posts\/1601\/revisions"}],"wp:featuredmedia":[{"embeddable":true,"href":"https:\/\/perspetivaatual.pt\/index.php\/wp-json\/wp\/v2\/media\/1602"}],"wp:attachment":[{"href":"https:\/\/perspetivaatual.pt\/index.php\/wp-json\/wp\/v2\/media?parent=1601"}],"wp:term":[{"taxonomy":"category","embeddable":true,"href":"https:\/\/perspetivaatual.pt\/index.php\/wp-json\/wp\/v2\/categories?post=1601"},{"taxonomy":"post_tag","embeddable":true,"href":"https:\/\/perspetivaatual.pt\/index.php\/wp-json\/wp\/v2\/tags?post=1601"}],"curies":[{"name":"wp","href":"https:\/\/api.w.org\/{rel}","templated":true}]}}