{"id":1696,"date":"2022-06-25T07:00:00","date_gmt":"2022-06-25T07:00:00","guid":{"rendered":"https:\/\/perspetivaatual.pt\/?p=1696"},"modified":"2022-06-23T08:09:20","modified_gmt":"2022-06-23T08:09:20","slug":"na-direcao-de-um-ise-mais-forte","status":"publish","type":"post","link":"https:\/\/perspetivaatual.pt\/index.php\/2022\/06\/25\/na-direcao-de-um-ise-mais-forte\/","title":{"rendered":"\u201cNA DIRE\u00c7\u00c3O DE UM ISE MAIS FORTE\u201d"},"content":{"rendered":"\n<p><strong>Com um novo lema, a dire\u00e7\u00e3o liderada pelo Professor Paulo Santos prepara-se para os desafios dos pr\u00f3ximos anos no <a href=\"https:\/\/ise.ualg.pt\/\" target=\"_blank\" rel=\"noreferrer noopener\">Instituto Superior de Engenharia da Universidade do Algarve<\/a>.<\/strong><\/p>\n\n\n\n<p><strong>Perspetiva Atual: No passado dia 11 de maio, o Professor Paulo Santos tomou posse como novo diretor do Instituto Superior de Engenharia da Universidade do Algarve. Quais s\u00e3o os maiores desafios que espera encontrar enquanto diretor do ISE?<\/strong><\/p>\n\n\n\n<p><strong>Paulo Santos:<\/strong> O Instituto Superior de Engenharia (ISE), integrado no subsistema de ensino polit\u00e9cnico da Universidade do Algarve, tem por miss\u00e3o o ensino e a investiga\u00e7\u00e3o da engenharia e tecnologia, nas especialidades de Engenharia Alimentar, Engenharia Civil, Engenharia Eletrot\u00e9cnica e de Computadores e Engenharia Mec\u00e2nica.<\/p>\n\n\n\n<p>Atualmente, um dos maiores desafios \u00e9 a capta\u00e7\u00e3o de jovens para as \u00e1reas da engenharia, na sua qualifica\u00e7\u00e3o e na transfer\u00eancia de conhecimento. Assim, o principal objetivo que se coloca para o pr\u00f3ximo tri\u00e9nio \u00e9 conseguir manter o crescimento do n\u00famero de alunos que se tem verificado nos \u00faltimos 3 anos.<\/p>\n\n\n\n<p>Para isso tem vindo a constituir especial relev\u00e2ncia a valoriza\u00e7\u00e3o dos cursos T\u00e9cnicos Superiores Profissionais (TeSP) como forma\u00e7\u00e3o inicial, das licenciaturas, enquanto forma\u00e7\u00e3o estruturante e graduada de 1\u00ba ciclo e a consolida\u00e7\u00e3o dos cursos de mestrado e de p\u00f3s-gradua\u00e7\u00e3o, enquanto forma\u00e7\u00f5es de elevado n\u00edvel de especializa\u00e7\u00e3o.<\/p>\n\n\n\n<p>O sucesso deste desafio depender\u00e1 da capta\u00e7\u00e3o de novos alunos para os cursos em funcionamento e para os novos que foram recentemente aprovados.<\/p>\n\n\n\n<p><strong>PA: Que linhas orientadoras seguir\u00e1 esta nova dire\u00e7\u00e3o para manter a excel\u00eancia do ensino?<\/strong><\/p>\n\n\n\n<p><strong>PS:<\/strong> O lema desta dire\u00e7\u00e3o \u00e9 \u201cNA DIRE\u00c7\u00c3O DE UM ISE MAIS FORTE\u201d, e tem como principais linhas de a\u00e7\u00e3o:<em> Mais Ensino<\/em>, <em>Mais<\/em> <em>Investiga\u00e7\u00e3o e Extens\u00e3o e Mais Governan\u00e7a<\/em>.<\/p>\n\n\n\n<p>Recentemente foram aprovados dois novos cursos que v\u00eam refor\u00e7ar a oferta formativa do ISE. No pr\u00f3ximo ano letivo ir\u00e3o entrar em funcionamento o TeSP em Prote\u00e7\u00e3o Civil e a Licenciatura em Engenharia de Sistemas e Tecnologias Inform\u00e1ticas. Estas especialidades respondem \u00e0 estrat\u00e9gia Regional de Investiga\u00e7\u00e3o e Inova\u00e7\u00e3o para a Especializa\u00e7\u00e3o Inteligente do Algarve, inserida na Estrat\u00e9gia de Desenvolvimento Regional &#8211; Algarve 2030.<\/p>\n\n\n\n<p>Importa ainda aprofundar medidas que contribuam para a diminui\u00e7\u00e3o das taxas de abandono escolar (que ainda se verifica devido \u00e0 regi\u00e3o do Algarve ter uma oferta de emprego sazonal), promovendo a motiva\u00e7\u00e3o e apoio aos estudantes. Tamb\u00e9m \u00e9 necess\u00e1rio tomar medidas que levem a uma maior qualidade do ensino prestado, nomeadamente, fomentando a atualiza\u00e7\u00e3o cont\u00ednua dos conte\u00fados e materiais de apoio, e estimulando a ado\u00e7\u00e3o de atitudes e estrat\u00e9gias pedag\u00f3gicas valorizadoras do processo ensino-aprendizagem centrado no estudante.<\/p>\n\n\n\n<p>O ISE tem-se destacado na realiza\u00e7\u00e3o de presta\u00e7\u00f5es de servi\u00e7os \u00e0 comunidade, mas tem simultaneamente apresentado um crescente envolvimento dos seus docentes em Centros de Investiga\u00e7\u00e3o, o que tem levado ao aumento de projetos de I&amp;D, alguns com envolvimento de empresas. Mas \u00e9 preciso ainda mais, e ser\u00e1 um desafio a congrega\u00e7\u00e3o desta diversidade como vantagem competitiva, quer na afirma\u00e7\u00e3o do papel da institui\u00e7\u00e3o na comunidade, quer no refor\u00e7o da qualidade do ensino ministrado. Nos \u00faltimos anos tamb\u00e9m tem vindo a ser consolidada a capacidade de organiza\u00e7\u00e3o de eventos cient\u00edficos como atestam o INCREaSE (Congresso Internacional de Engenharia e Sustentabilidade no S\u00e9culo XXI), o CONSOLFOOD (International Conference on Advances in Solar Thermal Food Processing), entre outros, organizados com o envolvimento direto do nosso Instituto.<\/p>\n\n\n\n<p>O est\u00edmulo a um maior envolvimento em projetos de investiga\u00e7\u00e3o e parcerias com empresas, aproveitando a proximidade do UAlg TEC Campus rec\u00e9m-criado, \u00e9 tamb\u00e9m uma linha orientadora desta dire\u00e7\u00e3o.<\/p>\n\n\n\n<p><strong>PA: O ISE j\u00e1 conta com mais de 30 anos de atividade. Quais s\u00e3o os pontos de destaque deste Instituto?<\/strong><\/p>\n\n\n\n<p><strong>PS<\/strong>: O ISE tem quase trinta e quatro anos de exist\u00eancia. Atualmente com cerca de 850 alunos, ao longo dos anos j\u00e1 diplomou mais de 5000 engenheiros nas \u00e1reas principais da Engenharia Alimentar, Civil, Eletrot\u00e9cnica e Mec\u00e2nica. Gra\u00e7as ao rigor, exig\u00eancia e esfor\u00e7o pessoal, os nossos diplomados conquistaram reconhecimento e sucesso junto das organiza\u00e7\u00f5es onde se inserem, quer localmente quer internacionalmente. Muitos dos cursos t\u00eam est\u00e1gio curricular no \u00faltimo semestre, o que constitui um valor acrescentado e contribui para que os nossos cursos tenham uma elevada taxa de empregabilidade.<\/p>\n\n\n\n<p>Verifica-se tamb\u00e9m uma tend\u00eancia para a certifica\u00e7\u00e3o de compet\u00eancias profissionais, em complemento \u00e0 forma\u00e7\u00e3o acad\u00e9mica. As caracter\u00edsticas espec\u00edficas do nosso corpo docente, nomeadamente o saber de natureza profissional, permitem que o ISE possa assumir um papel ativo na transfer\u00eancia de conhecimentos atrav\u00e9s da forma\u00e7\u00e3o certificada. Atualmente, aproveitando o Impulso Adulto do Plano de Recupera\u00e7\u00e3o e Resili\u00eancia, o ISE prop\u00f5e um vasto leque de forma\u00e7\u00f5es ao longo da vida.<\/p>\n\n\n\n<p><strong>PA: Como ainda h\u00e1 pouco referiu, a oferta formativa do ISE tem vindo a crescer ao longo dos anos. Que cursos podem ser encontrados na vossa institui\u00e7\u00e3o?<\/strong><\/p>\n\n\n\n<p><strong>PS<\/strong>: O ISE leciona tr\u00eas n\u00edveis de ensino superior: Cursos T\u00e9cnicos Superiores Profissionais, tamb\u00e9m designados de TeSP; Licenciaturas; Mestrados e algumas p\u00f3s-gradua\u00e7\u00f5es. Est\u00e1 organizado em quatro departamentos: departamento de engenharia alimentar, departamento de engenharia civil, departamento de engenharia eletrot\u00e9cnica e departamento de engenharia mec\u00e2nica, lecionando cursos de acordo com estas 4 grandes \u00e1reas cient\u00edficas. Neste momento oferece os TeSP em Seguran\u00e7a e Higiene Alimentar, Inova\u00e7\u00e3o e Qualidade Alimentar, Constru\u00e7\u00e3o Civil, Desenho e Modela\u00e7\u00e3o Digital, Prote\u00e7\u00e3o Civil (novo), Sistemas e Tecnologias da Informa\u00e7\u00e3o, Tecnologias Inform\u00e1ticas, Tecnologia e Manuten\u00e7\u00e3o Autom\u00f3vel. Licenciaturas em Engenharia Alimentar, Civil, Eletrot\u00e9cnica e de Computadores, Mec\u00e2nica e o novo curso em Engenharia de Sistemas e Tecnologias Inform\u00e1ticas. Quantos aos Mestrados, temos os cursos de continuidade das nossas licenciaturas, Tecnologia de Alimentos, Engenharia Civil, Engenharia Eletrot\u00e9cnica e de Computadores e Engenharia Mec\u00e2nica \u2013 Energia, Climatiza\u00e7\u00e3o e Refrigera\u00e7\u00e3o de Edif\u00edcios. A acrescentar temos mais 3 mestrados transversais como s\u00e3o o Ciclo Urbano da \u00c1gua, Geom\u00e1tica e Seguran\u00e7a e Sa\u00fade no Trabalho.<\/p>\n\n\n\n<p><strong>PA: Al\u00e9m do trabalho interno, o ISE assinou parceria com algumas empresas. Que empresas s\u00e3o estas e qual o prop\u00f3sito destas colabora\u00e7\u00f5es?<\/strong><\/p>\n\n\n\n<p><strong>PS:<\/strong> Temos parcerias com diversas empresas regionais e nacionais, umas atrav\u00e9s de projetos de investiga\u00e7\u00e3o e outras que acolhem os nossos alunos para a realiza\u00e7\u00e3o de est\u00e1gios curriculares. Algumas delas encontram-se no UALG Tec Campus, cuja proximidade tem aumentado o n\u00edvel de parcerias com o ISE. Podemos elencar alguns exemplos nas diversas \u00e1reas de forma\u00e7\u00e3o do ISE, tais como: Altice Labs, Atos, AREAL, Casa Ferreira, Carob World, Cristalpools, Deloitte, EDP, FIAAL, Hubel, Itecons, Itelmatis, JAPBlue Algarve, Medronho Bottle, MSCAR, Phoenix Contact, Rolear, Ventient Energy, VisualForma, entre outras.<\/p>\n\n\n\n<p>A parceria com a Deloitte insere-se no Programa BrightStart, que visa contribuir para a educa\u00e7\u00e3o e forma\u00e7\u00e3o para a empregabilidade dos jovens. &nbsp;Enquadrado numa estrat\u00e9gia de responsabilidade social, este programa, destinado a jovens finalistas do ensino secund\u00e1rio ou profissional, pretende refor\u00e7ar conhecimentos na \u00e1rea da inform\u00e1tica e das compet\u00eancias digitais. Os jovens ingressam no nosso TeSP em Tecnologias Inform\u00e1ticas e ter\u00e3o uma forma\u00e7\u00e3o de 5 anos, com a conclus\u00e3o de uma licenciatura. Os estudos s\u00e3o totalmente financiados pela Deloitte e durante a sua forma\u00e7\u00e3o, os alunos t\u00eam uma intensa componente pr\u00e1tica com uma forte liga\u00e7\u00e3o ao mercado de trabalho, pois parte do seu tempo \u00e9 dedicado a projetos da empresa.<\/p>\n","protected":false},"excerpt":{"rendered":"<p>Com um novo lema, a dire\u00e7\u00e3o liderada pelo Professor Paulo Santos prepara-se para os desafios<\/p>\n","protected":false},"author":5,"featured_media":1697,"comment_status":"open","ping_status":"open","sticky":false,"template":"","format":"standard","meta":{"footnotes":""},"categories":[11,3],"tags":[74,96,97],"class_list":["post-1696","post","type-post","status-publish","format-standard","has-post-thumbnail","hentry","category-destaques","category-educacao","tag-engenharia","tag-ise","tag-universidade-algarve"],"yoast_head":"<!-- This site is optimized with the Yoast SEO plugin v24.2 - https:\/\/yoast.com\/wordpress\/plugins\/seo\/ -->\n<title>\u201cNA DIRE\u00c7\u00c3O DE UM ISE MAIS FORTE\u201d - Perspetiva Atual<\/title>\n<meta name=\"description\" content=\"Com um novo lema, a dire\u00e7\u00e3o liderada pelo Professor Paulo Santos prepara-se para os desafios dos pr\u00f3ximos anos...\" \/>\n<meta name=\"robots\" content=\"index, follow, max-snippet:-1, max-image-preview:large, max-video-preview:-1\" \/>\n<link rel=\"canonical\" href=\"https:\/\/perspetivaatual.pt\/index.php\/2022\/06\/25\/na-direcao-de-um-ise-mais-forte\/\" \/>\n<meta property=\"og:locale\" content=\"pt_PT\" \/>\n<meta property=\"og:type\" content=\"article\" \/>\n<meta property=\"og:title\" content=\"\u201cNA DIRE\u00c7\u00c3O DE UM ISE MAIS FORTE\u201d - Perspetiva Atual\" \/>\n<meta property=\"og:description\" content=\"Com um novo lema, a dire\u00e7\u00e3o liderada pelo Professor Paulo Santos prepara-se para os desafios dos pr\u00f3ximos anos...\" \/>\n<meta property=\"og:url\" content=\"https:\/\/perspetivaatual.pt\/index.php\/2022\/06\/25\/na-direcao-de-um-ise-mais-forte\/\" \/>\n<meta property=\"og:site_name\" content=\"Perspetiva Atual\" \/>\n<meta property=\"article:published_time\" content=\"2022-06-25T07:00:00+00:00\" \/>\n<meta property=\"article:modified_time\" content=\"2022-06-23T08:09:20+00:00\" \/>\n<meta property=\"og:image\" content=\"https:\/\/perspetivaatual.pt\/wp-content\/uploads\/2022\/06\/ISE_6.jpg\" \/>\n\t<meta property=\"og:image:width\" content=\"2449\" \/>\n\t<meta property=\"og:image:height\" content=\"1633\" \/>\n\t<meta property=\"og:image:type\" content=\"image\/jpeg\" \/>\n<meta name=\"author\" content=\"Jo\u00e3o Malainho Perspetiva Atual\" \/>\n<meta name=\"twitter:card\" content=\"summary_large_image\" \/>\n<meta name=\"twitter:label1\" content=\"Escrito por\" \/>\n\t<meta name=\"twitter:data1\" content=\"\" \/>\n\t<meta name=\"twitter:label2\" content=\"Tempo estimado de leitura\" \/>\n\t<meta name=\"twitter:data2\" content=\"6 minutos\" \/>\n<script type=\"application\/ld+json\" class=\"yoast-schema-graph\">{\"@context\":\"https:\/\/schema.org\",\"@graph\":[{\"@type\":\"Article\",\"@id\":\"https:\/\/perspetivaatual.pt\/index.php\/2022\/06\/25\/na-direcao-de-um-ise-mais-forte\/#article\",\"isPartOf\":{\"@id\":\"https:\/\/perspetivaatual.pt\/index.php\/2022\/06\/25\/na-direcao-de-um-ise-mais-forte\/\"},\"author\":{\"name\":\"Jo\u00e3o Malainho Perspetiva Atual\",\"@id\":\"https:\/\/perspetivaatual.pt\/#\/schema\/person\/4c9d5a8b179d047c3220dfa32fd6b658\"},\"headline\":\"\u201cNA DIRE\u00c7\u00c3O DE UM ISE MAIS FORTE\u201d\",\"datePublished\":\"2022-06-25T07:00:00+00:00\",\"dateModified\":\"2022-06-23T08:09:20+00:00\",\"mainEntityOfPage\":{\"@id\":\"https:\/\/perspetivaatual.pt\/index.php\/2022\/06\/25\/na-direcao-de-um-ise-mais-forte\/\"},\"wordCount\":1293,\"commentCount\":0,\"publisher\":{\"@id\":\"https:\/\/perspetivaatual.pt\/#organization\"},\"image\":{\"@id\":\"https:\/\/perspetivaatual.pt\/index.php\/2022\/06\/25\/na-direcao-de-um-ise-mais-forte\/#primaryimage\"},\"thumbnailUrl\":\"https:\/\/perspetivaatual.pt\/wp-content\/uploads\/2022\/06\/ISE_6.jpg\",\"keywords\":[\"Engenharia\",\"ISE\",\"Universidade Algarve\"],\"articleSection\":[\"Destaques\",\"Educa\u00e7\u00e3o\"],\"inLanguage\":\"pt-PT\",\"potentialAction\":[{\"@type\":\"CommentAction\",\"name\":\"Comment\",\"target\":[\"https:\/\/perspetivaatual.pt\/index.php\/2022\/06\/25\/na-direcao-de-um-ise-mais-forte\/#respond\"]}]},{\"@type\":\"WebPage\",\"@id\":\"https:\/\/perspetivaatual.pt\/index.php\/2022\/06\/25\/na-direcao-de-um-ise-mais-forte\/\",\"url\":\"https:\/\/perspetivaatual.pt\/index.php\/2022\/06\/25\/na-direcao-de-um-ise-mais-forte\/\",\"name\":\"\u201cNA DIRE\u00c7\u00c3O DE UM ISE MAIS FORTE\u201d - Perspetiva Atual\",\"isPartOf\":{\"@id\":\"https:\/\/perspetivaatual.pt\/#website\"},\"primaryImageOfPage\":{\"@id\":\"https:\/\/perspetivaatual.pt\/index.php\/2022\/06\/25\/na-direcao-de-um-ise-mais-forte\/#primaryimage\"},\"image\":{\"@id\":\"https:\/\/perspetivaatual.pt\/index.php\/2022\/06\/25\/na-direcao-de-um-ise-mais-forte\/#primaryimage\"},\"thumbnailUrl\":\"https:\/\/perspetivaatual.pt\/wp-content\/uploads\/2022\/06\/ISE_6.jpg\",\"datePublished\":\"2022-06-25T07:00:00+00:00\",\"dateModified\":\"2022-06-23T08:09:20+00:00\",\"description\":\"Com um novo lema, a dire\u00e7\u00e3o liderada pelo Professor Paulo Santos prepara-se para os desafios dos pr\u00f3ximos anos...\",\"breadcrumb\":{\"@id\":\"https:\/\/perspetivaatual.pt\/index.php\/2022\/06\/25\/na-direcao-de-um-ise-mais-forte\/#breadcrumb\"},\"inLanguage\":\"pt-PT\",\"potentialAction\":[{\"@type\":\"ReadAction\",\"target\":[\"https:\/\/perspetivaatual.pt\/index.php\/2022\/06\/25\/na-direcao-de-um-ise-mais-forte\/\"]}]},{\"@type\":\"ImageObject\",\"inLanguage\":\"pt-PT\",\"@id\":\"https:\/\/perspetivaatual.pt\/index.php\/2022\/06\/25\/na-direcao-de-um-ise-mais-forte\/#primaryimage\",\"url\":\"https:\/\/perspetivaatual.pt\/wp-content\/uploads\/2022\/06\/ISE_6.jpg\",\"contentUrl\":\"https:\/\/perspetivaatual.pt\/wp-content\/uploads\/2022\/06\/ISE_6.jpg\",\"width\":2449,\"height\":1633},{\"@type\":\"BreadcrumbList\",\"@id\":\"https:\/\/perspetivaatual.pt\/index.php\/2022\/06\/25\/na-direcao-de-um-ise-mais-forte\/#breadcrumb\",\"itemListElement\":[{\"@type\":\"ListItem\",\"position\":1,\"name\":\"Home\",\"item\":\"https:\/\/perspetivaatual.pt\/\"},{\"@type\":\"ListItem\",\"position\":2,\"name\":\"\u201cNA DIRE\u00c7\u00c3O DE UM ISE MAIS FORTE\u201d\"}]},{\"@type\":\"WebSite\",\"@id\":\"https:\/\/perspetivaatual.pt\/#website\",\"url\":\"https:\/\/perspetivaatual.pt\/\",\"name\":\"Perspetiva Atual\",\"description\":\"Olhar Portugal, de diferentes formas\",\"publisher\":{\"@id\":\"https:\/\/perspetivaatual.pt\/#organization\"},\"potentialAction\":[{\"@type\":\"SearchAction\",\"target\":{\"@type\":\"EntryPoint\",\"urlTemplate\":\"https:\/\/perspetivaatual.pt\/?s={search_term_string}\"},\"query-input\":{\"@type\":\"PropertyValueSpecification\",\"valueRequired\":true,\"valueName\":\"search_term_string\"}}],\"inLanguage\":\"pt-PT\"},{\"@type\":\"Organization\",\"@id\":\"https:\/\/perspetivaatual.pt\/#organization\",\"name\":\"Perspetiva Atual\",\"url\":\"https:\/\/perspetivaatual.pt\/\",\"logo\":{\"@type\":\"ImageObject\",\"inLanguage\":\"pt-PT\",\"@id\":\"https:\/\/perspetivaatual.pt\/#\/schema\/logo\/image\/\",\"url\":\"https:\/\/perspetivaatual.pt\/wp-content\/uploads\/2020\/08\/cropped-perspetiva_atual-.png\",\"contentUrl\":\"https:\/\/perspetivaatual.pt\/wp-content\/uploads\/2020\/08\/cropped-perspetiva_atual-.png\",\"width\":618,\"height\":202,\"caption\":\"Perspetiva Atual\"},\"image\":{\"@id\":\"https:\/\/perspetivaatual.pt\/#\/schema\/logo\/image\/\"}},{\"@type\":\"Person\",\"@id\":\"https:\/\/perspetivaatual.pt\/#\/schema\/person\/4c9d5a8b179d047c3220dfa32fd6b658\",\"name\":\"Jo\u00e3o Malainho Perspetiva Atual\",\"image\":{\"@type\":\"ImageObject\",\"inLanguage\":\"pt-PT\",\"@id\":\"https:\/\/perspetivaatual.pt\/#\/schema\/person\/image\/\",\"url\":\"https:\/\/secure.gravatar.com\/avatar\/fd918e8a58374b02896337d62716969a?s=96&d=mm&r=g\",\"contentUrl\":\"https:\/\/secure.gravatar.com\/avatar\/fd918e8a58374b02896337d62716969a?s=96&d=mm&r=g\",\"caption\":\"Jo\u00e3o Malainho Perspetiva Atual\"},\"sameAs\":[\"http:\/\/perspetivaatual.pt\"],\"url\":\"https:\/\/perspetivaatual.pt\/index.php\/author\/joaomalainhoii\/\"}]}<\/script>\n<!-- \/ Yoast SEO plugin. -->","yoast_head_json":{"title":"\u201cNA DIRE\u00c7\u00c3O DE UM ISE MAIS FORTE\u201d - Perspetiva Atual","description":"Com um novo lema, a dire\u00e7\u00e3o liderada pelo Professor Paulo Santos prepara-se para os desafios dos pr\u00f3ximos anos...","robots":{"index":"index","follow":"follow","max-snippet":"max-snippet:-1","max-image-preview":"max-image-preview:large","max-video-preview":"max-video-preview:-1"},"canonical":"https:\/\/perspetivaatual.pt\/index.php\/2022\/06\/25\/na-direcao-de-um-ise-mais-forte\/","og_locale":"pt_PT","og_type":"article","og_title":"\u201cNA DIRE\u00c7\u00c3O DE UM ISE MAIS FORTE\u201d - Perspetiva Atual","og_description":"Com um novo lema, a dire\u00e7\u00e3o liderada pelo Professor Paulo Santos prepara-se para os desafios dos pr\u00f3ximos anos...","og_url":"https:\/\/perspetivaatual.pt\/index.php\/2022\/06\/25\/na-direcao-de-um-ise-mais-forte\/","og_site_name":"Perspetiva Atual","article_published_time":"2022-06-25T07:00:00+00:00","article_modified_time":"2022-06-23T08:09:20+00:00","og_image":[{"width":2449,"height":1633,"url":"https:\/\/perspetivaatual.pt\/wp-content\/uploads\/2022\/06\/ISE_6.jpg","type":"image\/jpeg"}],"author":"Jo\u00e3o Malainho Perspetiva Atual","twitter_card":"summary_large_image","twitter_misc":{"Escrito por":false,"Tempo estimado de leitura":"6 minutos"},"schema":{"@context":"https:\/\/schema.org","@graph":[{"@type":"Article","@id":"https:\/\/perspetivaatual.pt\/index.php\/2022\/06\/25\/na-direcao-de-um-ise-mais-forte\/#article","isPartOf":{"@id":"https:\/\/perspetivaatual.pt\/index.php\/2022\/06\/25\/na-direcao-de-um-ise-mais-forte\/"},"author":{"name":"Jo\u00e3o Malainho Perspetiva Atual","@id":"https:\/\/perspetivaatual.pt\/#\/schema\/person\/4c9d5a8b179d047c3220dfa32fd6b658"},"headline":"\u201cNA DIRE\u00c7\u00c3O DE UM ISE MAIS FORTE\u201d","datePublished":"2022-06-25T07:00:00+00:00","dateModified":"2022-06-23T08:09:20+00:00","mainEntityOfPage":{"@id":"https:\/\/perspetivaatual.pt\/index.php\/2022\/06\/25\/na-direcao-de-um-ise-mais-forte\/"},"wordCount":1293,"commentCount":0,"publisher":{"@id":"https:\/\/perspetivaatual.pt\/#organization"},"image":{"@id":"https:\/\/perspetivaatual.pt\/index.php\/2022\/06\/25\/na-direcao-de-um-ise-mais-forte\/#primaryimage"},"thumbnailUrl":"https:\/\/perspetivaatual.pt\/wp-content\/uploads\/2022\/06\/ISE_6.jpg","keywords":["Engenharia","ISE","Universidade Algarve"],"articleSection":["Destaques","Educa\u00e7\u00e3o"],"inLanguage":"pt-PT","potentialAction":[{"@type":"CommentAction","name":"Comment","target":["https:\/\/perspetivaatual.pt\/index.php\/2022\/06\/25\/na-direcao-de-um-ise-mais-forte\/#respond"]}]},{"@type":"WebPage","@id":"https:\/\/perspetivaatual.pt\/index.php\/2022\/06\/25\/na-direcao-de-um-ise-mais-forte\/","url":"https:\/\/perspetivaatual.pt\/index.php\/2022\/06\/25\/na-direcao-de-um-ise-mais-forte\/","name":"\u201cNA DIRE\u00c7\u00c3O DE UM ISE MAIS FORTE\u201d - Perspetiva Atual","isPartOf":{"@id":"https:\/\/perspetivaatual.pt\/#website"},"primaryImageOfPage":{"@id":"https:\/\/perspetivaatual.pt\/index.php\/2022\/06\/25\/na-direcao-de-um-ise-mais-forte\/#primaryimage"},"image":{"@id":"https:\/\/perspetivaatual.pt\/index.php\/2022\/06\/25\/na-direcao-de-um-ise-mais-forte\/#primaryimage"},"thumbnailUrl":"https:\/\/perspetivaatual.pt\/wp-content\/uploads\/2022\/06\/ISE_6.jpg","datePublished":"2022-06-25T07:00:00+00:00","dateModified":"2022-06-23T08:09:20+00:00","description":"Com um novo lema, a dire\u00e7\u00e3o liderada pelo Professor Paulo Santos prepara-se para os desafios dos pr\u00f3ximos anos...","breadcrumb":{"@id":"https:\/\/perspetivaatual.pt\/index.php\/2022\/06\/25\/na-direcao-de-um-ise-mais-forte\/#breadcrumb"},"inLanguage":"pt-PT","potentialAction":[{"@type":"ReadAction","target":["https:\/\/perspetivaatual.pt\/index.php\/2022\/06\/25\/na-direcao-de-um-ise-mais-forte\/"]}]},{"@type":"ImageObject","inLanguage":"pt-PT","@id":"https:\/\/perspetivaatual.pt\/index.php\/2022\/06\/25\/na-direcao-de-um-ise-mais-forte\/#primaryimage","url":"https:\/\/perspetivaatual.pt\/wp-content\/uploads\/2022\/06\/ISE_6.jpg","contentUrl":"https:\/\/perspetivaatual.pt\/wp-content\/uploads\/2022\/06\/ISE_6.jpg","width":2449,"height":1633},{"@type":"BreadcrumbList","@id":"https:\/\/perspetivaatual.pt\/index.php\/2022\/06\/25\/na-direcao-de-um-ise-mais-forte\/#breadcrumb","itemListElement":[{"@type":"ListItem","position":1,"name":"Home","item":"https:\/\/perspetivaatual.pt\/"},{"@type":"ListItem","position":2,"name":"\u201cNA DIRE\u00c7\u00c3O DE UM ISE MAIS FORTE\u201d"}]},{"@type":"WebSite","@id":"https:\/\/perspetivaatual.pt\/#website","url":"https:\/\/perspetivaatual.pt\/","name":"Perspetiva Atual","description":"Olhar Portugal, de diferentes formas","publisher":{"@id":"https:\/\/perspetivaatual.pt\/#organization"},"potentialAction":[{"@type":"SearchAction","target":{"@type":"EntryPoint","urlTemplate":"https:\/\/perspetivaatual.pt\/?s={search_term_string}"},"query-input":{"@type":"PropertyValueSpecification","valueRequired":true,"valueName":"search_term_string"}}],"inLanguage":"pt-PT"},{"@type":"Organization","@id":"https:\/\/perspetivaatual.pt\/#organization","name":"Perspetiva Atual","url":"https:\/\/perspetivaatual.pt\/","logo":{"@type":"ImageObject","inLanguage":"pt-PT","@id":"https:\/\/perspetivaatual.pt\/#\/schema\/logo\/image\/","url":"https:\/\/perspetivaatual.pt\/wp-content\/uploads\/2020\/08\/cropped-perspetiva_atual-.png","contentUrl":"https:\/\/perspetivaatual.pt\/wp-content\/uploads\/2020\/08\/cropped-perspetiva_atual-.png","width":618,"height":202,"caption":"Perspetiva Atual"},"image":{"@id":"https:\/\/perspetivaatual.pt\/#\/schema\/logo\/image\/"}},{"@type":"Person","@id":"https:\/\/perspetivaatual.pt\/#\/schema\/person\/4c9d5a8b179d047c3220dfa32fd6b658","name":"Jo\u00e3o Malainho Perspetiva Atual","image":{"@type":"ImageObject","inLanguage":"pt-PT","@id":"https:\/\/perspetivaatual.pt\/#\/schema\/person\/image\/","url":"https:\/\/secure.gravatar.com\/avatar\/fd918e8a58374b02896337d62716969a?s=96&d=mm&r=g","contentUrl":"https:\/\/secure.gravatar.com\/avatar\/fd918e8a58374b02896337d62716969a?s=96&d=mm&r=g","caption":"Jo\u00e3o Malainho Perspetiva Atual"},"sameAs":["http:\/\/perspetivaatual.pt"],"url":"https:\/\/perspetivaatual.pt\/index.php\/author\/joaomalainhoii\/"}]}},"featured_image_urls":{"full":["https:\/\/perspetivaatual.pt\/wp-content\/uploads\/2022\/06\/ISE_6.jpg",2449,1633,false],"thumbnail":["https:\/\/perspetivaatual.pt\/wp-content\/uploads\/2022\/06\/ISE_6-150x150.jpg",150,150,true],"medium":["https:\/\/perspetivaatual.pt\/wp-content\/uploads\/2022\/06\/ISE_6-300x200.jpg",300,200,true],"medium_large":["https:\/\/perspetivaatual.pt\/wp-content\/uploads\/2022\/06\/ISE_6-768x512.jpg",640,427,true],"large":["https:\/\/perspetivaatual.pt\/wp-content\/uploads\/2022\/06\/ISE_6-1024x683.jpg",640,427,true],"1536x1536":["https:\/\/perspetivaatual.pt\/wp-content\/uploads\/2022\/06\/ISE_6-1536x1024.jpg",1536,1024,true],"2048x2048":["https:\/\/perspetivaatual.pt\/wp-content\/uploads\/2022\/06\/ISE_6-2048x1366.jpg",2048,1366,true],"magazine-7-slider-full":["https:\/\/perspetivaatual.pt\/wp-content\/uploads\/2022\/06\/ISE_6-1536x1020.jpg",1536,1020,true],"magazine-7-slider-center":["https:\/\/perspetivaatual.pt\/wp-content\/uploads\/2022\/06\/ISE_6-936x897.jpg",936,897,true],"magazine-7-featured":["https:\/\/perspetivaatual.pt\/wp-content\/uploads\/2022\/06\/ISE_6-1024x683.jpg",1024,683,true],"magazine-7-medium":["https:\/\/perspetivaatual.pt\/wp-content\/uploads\/2022\/06\/ISE_6-720x380.jpg",720,380,true],"magazine-7-medium-square":["https:\/\/perspetivaatual.pt\/wp-content\/uploads\/2022\/06\/ISE_6-675x450.jpg",675,450,true],"rpwe-thumbnail":["https:\/\/perspetivaatual.pt\/wp-content\/uploads\/2022\/06\/ISE_6-45x45.jpg",45,45,true]},"author_info":{"info":[false]},"category_info":"<a href=\"https:\/\/perspetivaatual.pt\/index.php\/category\/destaques\/\" rel=\"category tag\">Destaques<\/a> <a href=\"https:\/\/perspetivaatual.pt\/index.php\/category\/educacao\/\" rel=\"category tag\">Educa\u00e7\u00e3o<\/a>","tag_info":"Educa\u00e7\u00e3o","comment_count":"0","_links":{"self":[{"href":"https:\/\/perspetivaatual.pt\/index.php\/wp-json\/wp\/v2\/posts\/1696","targetHints":{"allow":["GET"]}}],"collection":[{"href":"https:\/\/perspetivaatual.pt\/index.php\/wp-json\/wp\/v2\/posts"}],"about":[{"href":"https:\/\/perspetivaatual.pt\/index.php\/wp-json\/wp\/v2\/types\/post"}],"author":[{"embeddable":true,"href":"https:\/\/perspetivaatual.pt\/index.php\/wp-json\/wp\/v2\/users\/5"}],"replies":[{"embeddable":true,"href":"https:\/\/perspetivaatual.pt\/index.php\/wp-json\/wp\/v2\/comments?post=1696"}],"version-history":[{"count":0,"href":"https:\/\/perspetivaatual.pt\/index.php\/wp-json\/wp\/v2\/posts\/1696\/revisions"}],"wp:featuredmedia":[{"embeddable":true,"href":"https:\/\/perspetivaatual.pt\/index.php\/wp-json\/wp\/v2\/media\/1697"}],"wp:attachment":[{"href":"https:\/\/perspetivaatual.pt\/index.php\/wp-json\/wp\/v2\/media?parent=1696"}],"wp:term":[{"taxonomy":"category","embeddable":true,"href":"https:\/\/perspetivaatual.pt\/index.php\/wp-json\/wp\/v2\/categories?post=1696"},{"taxonomy":"post_tag","embeddable":true,"href":"https:\/\/perspetivaatual.pt\/index.php\/wp-json\/wp\/v2\/tags?post=1696"}],"curies":[{"name":"wp","href":"https:\/\/api.w.org\/{rel}","templated":true}]}}