{"id":1763,"date":"2022-07-30T07:00:00","date_gmt":"2022-07-30T07:00:00","guid":{"rendered":"https:\/\/perspetivaatual.pt\/?p=1763"},"modified":"2022-07-25T16:09:46","modified_gmt":"2022-07-25T16:09:46","slug":"ipsantarem","status":"publish","type":"post","link":"https:\/\/perspetivaatual.pt\/index.php\/2022\/07\/30\/ipsantarem\/","title":{"rendered":"O que leva os estudantes a escolher o IPSantar\u00e9m?"},"content":{"rendered":"\n<p><strong>Com uma estreita liga\u00e7\u00e3o \u00e0 comunidade e ao tecido empresarial regional, o Instituto Polit\u00e9cnico de Santar\u00e9m coloca as suas escolas ao servi\u00e7o da sociedade, adaptando a sua oferta formativa \u00e0s necessidades regionais. As v\u00e1rias Escolas que o constituem oferecem cursos de licenciatura, de mestrado e de p\u00f3s-gradua\u00e7\u00e3o, al\u00e9m de cursos t\u00e9cnicos superiores profissionais. Em conversa com a Perspetiva Atual, o Presidente Jo\u00e3o Mout\u00e3o revela as suas expectativas para o pr\u00f3ximo ano letivo e os motivos que levam os estudantes a escolher e a recomendar o IPSantar\u00e9m.<\/strong><\/p>\n\n\n\n<p><strong>Perspetiva Atual: As candidaturas ao ensino superior come\u00e7aram recentemente. Quais s\u00e3o as expectativas &nbsp;&nbsp;&nbsp;para o ano letivo que est\u00e1 por vir?<\/strong><\/p>\n\n\n\n<p><strong>Presidente Jo\u00e3o Mout\u00e3o:<\/strong> A expectativa \u00e9 muito positiva, tendo em conta que o n\u00famero de candidatos ao <a href=\"https:\/\/www.ipsantarem.pt\/\" target=\"_blank\" rel=\"noreferrer noopener\">Polit\u00e9cnico de Santar\u00e9m<\/a> tem aumentado de forma consistente nos \u00faltimos anos. Tem existido um grande esfor\u00e7o da Institui\u00e7\u00e3o no desenvolvimento de novas ofertas formativas e na forma\u00e7\u00e3o dos professores em novas metodologias de ensino ativas, o que tem produzido excelentes resultados nos inqu\u00e9ritos de satisfa\u00e7\u00e3o dos nossos estudantes, que s\u00e3o a nossa melhor publicidade.<\/p>\n\n\n\n<p><strong>PA: Que fatores diferenciadores podem levar os estudantes a colocarem o IPSantar\u00e9m como primeira escolha?<\/strong><\/p>\n\n\n\n<p><strong>JM:<\/strong> A maioria dos estudantes que procura o Polit\u00e9cnico de Santar\u00e9m f\u00e1-lo porque sabe que pode encontrar nas cidades de Santar\u00e9m e de Rio Maior uma excelente qualidade de vida, com acesso a servi\u00e7os de qualidade, seguran\u00e7a, um custo de vida reduzido, numa regi\u00e3o onde a natureza e a cultura permitem uma experi\u00eancia acad\u00e9mica inesquec\u00edvel. A tudo isto se associa um ensino iminentemente pr\u00e1tico, onde se aprende a fazer fazendo, com acesso a laborat\u00f3rios, equipamentos e instala\u00e7\u00f5es de excel\u00eancia, num contexto de forte inova\u00e7\u00e3o tecnol\u00f3gica e de liga\u00e7\u00e3o ao mundo do trabalho. A possibilidade de ter uma experi\u00eancia internacional \u00e9 tamb\u00e9m um fator decisivo, uma vez que qualquer estudante pode ter acesso a uma bolsa de estudo para realizar um semestre noutra institui\u00e7\u00e3o de ensino superior na Europa, atrav\u00e9s do programa Erasmus+, ou no Brasil e outros pa\u00edses de l\u00edngua portuguesa, atrav\u00e9s do nosso programa Pedro \u00c1lvares Cabral. A uni\u00e3o entre a comunidade acad\u00e9mica \u00e9 muito grande, e a proximidade e a disponibilidade dos docentes e funcion\u00e1rios fazem parte da imagem de marca do Polit\u00e9cnico de Santar\u00e9m, que tem tamb\u00e9m uma forte componente inclusiva. N\u00e3o \u00e9 por isso de surpreender que os nossos antigos alunos estejam entre os que mais recomendam o Polit\u00e9cnico de Santar\u00e9m aos outros potenciais futuros estudantes.<\/p>\n\n\n\n<p><strong>PA: Como ser\u00e1 constitu\u00edda a oferta formativa do ano letivo de 2022\/2023?<\/strong><\/p>\n\n\n\n<p><strong>JM:<\/strong> No ano letivo 2022\/2023 iremos contar com uma oferta formativa de 65 cursos, muito diversificada e focada nas nossas \u00e1reas de especializa\u00e7\u00e3o. Damos destaque \u00e0s novas ofertas formativas deslocalizadas de Cursos T\u00e9cnicos Superiores Profissionais, em cidades a Norte de Lisboa (Amadora, Arruda dos Vinhos, Ericeira, Loures, Sintra, Torres Vedras e Vila Franca de Xira), o que permitir\u00e1 um ensino de proximidade. De destacar, tamb\u00e9m, a nova licenciatura que iremos iniciar este ano em Biologia e Biotecnologia Alimentar, que est\u00e1 associada ao setor agroalimentar da regi\u00e3o de Santar\u00e9m, o qual \u00e9 uma refer\u00eancia a n\u00edvel internacional e que aqui tem condi\u00e7\u00f5es excecionais de desenvolvimento. Por fim, destacar tamb\u00e9m os nossos mestrados que habilitam para a doc\u00eancia, e que ir\u00e3o dar resposta \u00e0 crescente necessidade de forma\u00e7\u00e3o de professores no pa\u00eds.<\/p>\n\n\n\n<p><strong>PA: Na sua vis\u00e3o, o estigma que existia em volta do ensino polit\u00e9cnico est\u00e1 a dissipar-se finalmente?<\/strong><\/p>\n\n\n\n<p><strong>JM:<\/strong> A evolu\u00e7\u00e3o do Ensino Polit\u00e9cnico foi muito grande ao n\u00edvel da capacita\u00e7\u00e3o do seu corpo docente e da sua capacidade cient\u00edfica. As novas gera\u00e7\u00f5es t\u00eam uma forma de pensar diferente e est\u00e3o mais focadas em aprender algo que tenha aplica\u00e7\u00e3o nas suas vidas, o que tem feito com que a procura pelo Ensino Polit\u00e9cnico seja cada vez maior. No Polit\u00e9cnico de Santar\u00e9m os alunos saem diretamente para o mercado de trabalho e a taxa de desemprego nos diplomados \u00e9 quase nula. &nbsp;Isso faz toda a diferen\u00e7a.<\/p>\n\n\n\n<p><strong>PA: Que mensagem quer deixar aos estudantes que est\u00e3o a considerar realizar a sua forma\u00e7\u00e3o no IPSantar\u00e9m?<\/strong><\/p>\n\n\n\n<p><strong>JM:<\/strong> A de que ser\u00e3o muito bem recebidos no Polit\u00e9cnico de Santar\u00e9m. Aqui ter\u00e3o todas a oportunidades para se formarem para a vida e, principalmente, serem muito felizes.<\/p>\n","protected":false},"excerpt":{"rendered":"<p>Com uma estreita liga\u00e7\u00e3o \u00e0 comunidade e ao tecido empresarial regional, o Instituto Polit\u00e9cnico de<\/p>\n","protected":false},"author":5,"featured_media":1764,"comment_status":"open","ping_status":"open","sticky":false,"template":"","format":"standard","meta":{"footnotes":""},"categories":[3],"tags":[56,55,111,84],"class_list":["post-1763","post","type-post","status-publish","format-standard","has-post-thumbnail","hentry","category-educacao","tag-educacao-2","tag-ensino","tag-instituto-politecnico-de-santarem","tag-investigacao"],"yoast_head":"<!-- This site is optimized with the Yoast SEO plugin v24.2 - https:\/\/yoast.com\/wordpress\/plugins\/seo\/ -->\n<title>O que leva os estudantes a escolher o IPSantar\u00e9m? - Perspetiva Atual<\/title>\n<meta name=\"description\" content=\"O Instituto Polit\u00e9cnico de Santar\u00e9m coloca as suas escolas ao servi\u00e7o da sociedade, adaptando a sua oferta formativa \u00e0s necessidades...\" \/>\n<meta name=\"robots\" content=\"index, follow, max-snippet:-1, max-image-preview:large, max-video-preview:-1\" \/>\n<link rel=\"canonical\" href=\"http:\/\/perspetivaatual.pt\/index.php\/2022\/07\/30\/ipsantarem\/\" \/>\n<meta property=\"og:locale\" content=\"pt_PT\" \/>\n<meta property=\"og:type\" content=\"article\" \/>\n<meta property=\"og:title\" content=\"O que leva os estudantes a escolher o IPSantar\u00e9m? - Perspetiva Atual\" \/>\n<meta property=\"og:description\" content=\"O Instituto Polit\u00e9cnico de Santar\u00e9m coloca as suas escolas ao servi\u00e7o da sociedade, adaptando a sua oferta formativa \u00e0s necessidades...\" \/>\n<meta property=\"og:url\" content=\"http:\/\/perspetivaatual.pt\/index.php\/2022\/07\/30\/ipsantarem\/\" \/>\n<meta property=\"og:site_name\" content=\"Perspetiva Atual\" \/>\n<meta property=\"article:published_time\" content=\"2022-07-30T07:00:00+00:00\" \/>\n<meta property=\"article:modified_time\" content=\"2022-07-25T16:09:46+00:00\" \/>\n<meta property=\"og:image\" content=\"http:\/\/perspetivaatual.pt\/wp-content\/uploads\/2022\/07\/Joao_Moutao-2.png\" \/>\n\t<meta property=\"og:image:width\" content=\"778\" \/>\n\t<meta property=\"og:image:height\" content=\"519\" \/>\n\t<meta property=\"og:image:type\" content=\"image\/png\" \/>\n<meta name=\"author\" content=\"Jo\u00e3o Malainho Perspetiva Atual\" \/>\n<meta name=\"twitter:card\" content=\"summary_large_image\" \/>\n<meta name=\"twitter:label1\" content=\"Escrito por\" \/>\n\t<meta name=\"twitter:data1\" content=\"\" \/>\n\t<meta name=\"twitter:label2\" content=\"Tempo estimado de leitura\" \/>\n\t<meta name=\"twitter:data2\" content=\"4 minutos\" \/>\n<script type=\"application\/ld+json\" class=\"yoast-schema-graph\">{\"@context\":\"https:\/\/schema.org\",\"@graph\":[{\"@type\":\"Article\",\"@id\":\"http:\/\/perspetivaatual.pt\/index.php\/2022\/07\/30\/ipsantarem\/#article\",\"isPartOf\":{\"@id\":\"http:\/\/perspetivaatual.pt\/index.php\/2022\/07\/30\/ipsantarem\/\"},\"author\":{\"name\":\"Jo\u00e3o Malainho Perspetiva Atual\",\"@id\":\"https:\/\/perspetivaatual.pt\/#\/schema\/person\/4c9d5a8b179d047c3220dfa32fd6b658\"},\"headline\":\"O que leva os estudantes a escolher o IPSantar\u00e9m?\",\"datePublished\":\"2022-07-30T07:00:00+00:00\",\"dateModified\":\"2022-07-25T16:09:46+00:00\",\"mainEntityOfPage\":{\"@id\":\"http:\/\/perspetivaatual.pt\/index.php\/2022\/07\/30\/ipsantarem\/\"},\"wordCount\":793,\"commentCount\":0,\"publisher\":{\"@id\":\"https:\/\/perspetivaatual.pt\/#organization\"},\"image\":{\"@id\":\"http:\/\/perspetivaatual.pt\/index.php\/2022\/07\/30\/ipsantarem\/#primaryimage\"},\"thumbnailUrl\":\"https:\/\/perspetivaatual.pt\/wp-content\/uploads\/2022\/07\/Joao_Moutao-2.png\",\"keywords\":[\"educa\u00e7\u00e3o\",\"ensino\",\"Instituto Polit\u00e9cnico de Santar\u00e9m\",\"Investiga\u00e7\u00e3o\"],\"articleSection\":[\"Educa\u00e7\u00e3o\"],\"inLanguage\":\"pt-PT\",\"potentialAction\":[{\"@type\":\"CommentAction\",\"name\":\"Comment\",\"target\":[\"http:\/\/perspetivaatual.pt\/index.php\/2022\/07\/30\/ipsantarem\/#respond\"]}]},{\"@type\":\"WebPage\",\"@id\":\"http:\/\/perspetivaatual.pt\/index.php\/2022\/07\/30\/ipsantarem\/\",\"url\":\"http:\/\/perspetivaatual.pt\/index.php\/2022\/07\/30\/ipsantarem\/\",\"name\":\"O que leva os estudantes a escolher o IPSantar\u00e9m? - Perspetiva Atual\",\"isPartOf\":{\"@id\":\"https:\/\/perspetivaatual.pt\/#website\"},\"primaryImageOfPage\":{\"@id\":\"http:\/\/perspetivaatual.pt\/index.php\/2022\/07\/30\/ipsantarem\/#primaryimage\"},\"image\":{\"@id\":\"http:\/\/perspetivaatual.pt\/index.php\/2022\/07\/30\/ipsantarem\/#primaryimage\"},\"thumbnailUrl\":\"https:\/\/perspetivaatual.pt\/wp-content\/uploads\/2022\/07\/Joao_Moutao-2.png\",\"datePublished\":\"2022-07-30T07:00:00+00:00\",\"dateModified\":\"2022-07-25T16:09:46+00:00\",\"description\":\"O Instituto Polit\u00e9cnico de Santar\u00e9m coloca as suas escolas ao servi\u00e7o da sociedade, adaptando a sua oferta formativa \u00e0s necessidades...\",\"breadcrumb\":{\"@id\":\"http:\/\/perspetivaatual.pt\/index.php\/2022\/07\/30\/ipsantarem\/#breadcrumb\"},\"inLanguage\":\"pt-PT\",\"potentialAction\":[{\"@type\":\"ReadAction\",\"target\":[\"http:\/\/perspetivaatual.pt\/index.php\/2022\/07\/30\/ipsantarem\/\"]}]},{\"@type\":\"ImageObject\",\"inLanguage\":\"pt-PT\",\"@id\":\"http:\/\/perspetivaatual.pt\/index.php\/2022\/07\/30\/ipsantarem\/#primaryimage\",\"url\":\"https:\/\/perspetivaatual.pt\/wp-content\/uploads\/2022\/07\/Joao_Moutao-2.png\",\"contentUrl\":\"https:\/\/perspetivaatual.pt\/wp-content\/uploads\/2022\/07\/Joao_Moutao-2.png\",\"width\":778,\"height\":519,\"caption\":\"Jo\u00e3o Mout\u00e3o, Presidente do Polit\u00e9cnico de Santar\u00e9m\"},{\"@type\":\"BreadcrumbList\",\"@id\":\"http:\/\/perspetivaatual.pt\/index.php\/2022\/07\/30\/ipsantarem\/#breadcrumb\",\"itemListElement\":[{\"@type\":\"ListItem\",\"position\":1,\"name\":\"Home\",\"item\":\"https:\/\/perspetivaatual.pt\/\"},{\"@type\":\"ListItem\",\"position\":2,\"name\":\"O que leva os estudantes a escolher o IPSantar\u00e9m?\"}]},{\"@type\":\"WebSite\",\"@id\":\"https:\/\/perspetivaatual.pt\/#website\",\"url\":\"https:\/\/perspetivaatual.pt\/\",\"name\":\"Perspetiva Atual\",\"description\":\"Olhar Portugal, de diferentes formas\",\"publisher\":{\"@id\":\"https:\/\/perspetivaatual.pt\/#organization\"},\"potentialAction\":[{\"@type\":\"SearchAction\",\"target\":{\"@type\":\"EntryPoint\",\"urlTemplate\":\"https:\/\/perspetivaatual.pt\/?s={search_term_string}\"},\"query-input\":{\"@type\":\"PropertyValueSpecification\",\"valueRequired\":true,\"valueName\":\"search_term_string\"}}],\"inLanguage\":\"pt-PT\"},{\"@type\":\"Organization\",\"@id\":\"https:\/\/perspetivaatual.pt\/#organization\",\"name\":\"Perspetiva Atual\",\"url\":\"https:\/\/perspetivaatual.pt\/\",\"logo\":{\"@type\":\"ImageObject\",\"inLanguage\":\"pt-PT\",\"@id\":\"https:\/\/perspetivaatual.pt\/#\/schema\/logo\/image\/\",\"url\":\"https:\/\/perspetivaatual.pt\/wp-content\/uploads\/2020\/08\/cropped-perspetiva_atual-.png\",\"contentUrl\":\"https:\/\/perspetivaatual.pt\/wp-content\/uploads\/2020\/08\/cropped-perspetiva_atual-.png\",\"width\":618,\"height\":202,\"caption\":\"Perspetiva Atual\"},\"image\":{\"@id\":\"https:\/\/perspetivaatual.pt\/#\/schema\/logo\/image\/\"}},{\"@type\":\"Person\",\"@id\":\"https:\/\/perspetivaatual.pt\/#\/schema\/person\/4c9d5a8b179d047c3220dfa32fd6b658\",\"name\":\"Jo\u00e3o Malainho Perspetiva Atual\",\"image\":{\"@type\":\"ImageObject\",\"inLanguage\":\"pt-PT\",\"@id\":\"https:\/\/perspetivaatual.pt\/#\/schema\/person\/image\/\",\"url\":\"https:\/\/secure.gravatar.com\/avatar\/fd918e8a58374b02896337d62716969a?s=96&d=mm&r=g\",\"contentUrl\":\"https:\/\/secure.gravatar.com\/avatar\/fd918e8a58374b02896337d62716969a?s=96&d=mm&r=g\",\"caption\":\"Jo\u00e3o Malainho Perspetiva Atual\"},\"sameAs\":[\"http:\/\/perspetivaatual.pt\"],\"url\":\"https:\/\/perspetivaatual.pt\/index.php\/author\/joaomalainhoii\/\"}]}<\/script>\n<!-- \/ Yoast SEO plugin. -->","yoast_head_json":{"title":"O que leva os estudantes a escolher o IPSantar\u00e9m? - Perspetiva Atual","description":"O Instituto Polit\u00e9cnico de Santar\u00e9m coloca as suas escolas ao servi\u00e7o da sociedade, adaptando a sua oferta formativa \u00e0s necessidades...","robots":{"index":"index","follow":"follow","max-snippet":"max-snippet:-1","max-image-preview":"max-image-preview:large","max-video-preview":"max-video-preview:-1"},"canonical":"http:\/\/perspetivaatual.pt\/index.php\/2022\/07\/30\/ipsantarem\/","og_locale":"pt_PT","og_type":"article","og_title":"O que leva os estudantes a escolher o IPSantar\u00e9m? - Perspetiva Atual","og_description":"O Instituto Polit\u00e9cnico de Santar\u00e9m coloca as suas escolas ao servi\u00e7o da sociedade, adaptando a sua oferta formativa \u00e0s necessidades...","og_url":"http:\/\/perspetivaatual.pt\/index.php\/2022\/07\/30\/ipsantarem\/","og_site_name":"Perspetiva Atual","article_published_time":"2022-07-30T07:00:00+00:00","article_modified_time":"2022-07-25T16:09:46+00:00","og_image":[{"width":778,"height":519,"url":"http:\/\/perspetivaatual.pt\/wp-content\/uploads\/2022\/07\/Joao_Moutao-2.png","type":"image\/png"}],"author":"Jo\u00e3o Malainho Perspetiva Atual","twitter_card":"summary_large_image","twitter_misc":{"Escrito por":false,"Tempo estimado de leitura":"4 minutos"},"schema":{"@context":"https:\/\/schema.org","@graph":[{"@type":"Article","@id":"http:\/\/perspetivaatual.pt\/index.php\/2022\/07\/30\/ipsantarem\/#article","isPartOf":{"@id":"http:\/\/perspetivaatual.pt\/index.php\/2022\/07\/30\/ipsantarem\/"},"author":{"name":"Jo\u00e3o Malainho Perspetiva Atual","@id":"https:\/\/perspetivaatual.pt\/#\/schema\/person\/4c9d5a8b179d047c3220dfa32fd6b658"},"headline":"O que leva os estudantes a escolher o IPSantar\u00e9m?","datePublished":"2022-07-30T07:00:00+00:00","dateModified":"2022-07-25T16:09:46+00:00","mainEntityOfPage":{"@id":"http:\/\/perspetivaatual.pt\/index.php\/2022\/07\/30\/ipsantarem\/"},"wordCount":793,"commentCount":0,"publisher":{"@id":"https:\/\/perspetivaatual.pt\/#organization"},"image":{"@id":"http:\/\/perspetivaatual.pt\/index.php\/2022\/07\/30\/ipsantarem\/#primaryimage"},"thumbnailUrl":"https:\/\/perspetivaatual.pt\/wp-content\/uploads\/2022\/07\/Joao_Moutao-2.png","keywords":["educa\u00e7\u00e3o","ensino","Instituto Polit\u00e9cnico de Santar\u00e9m","Investiga\u00e7\u00e3o"],"articleSection":["Educa\u00e7\u00e3o"],"inLanguage":"pt-PT","potentialAction":[{"@type":"CommentAction","name":"Comment","target":["http:\/\/perspetivaatual.pt\/index.php\/2022\/07\/30\/ipsantarem\/#respond"]}]},{"@type":"WebPage","@id":"http:\/\/perspetivaatual.pt\/index.php\/2022\/07\/30\/ipsantarem\/","url":"http:\/\/perspetivaatual.pt\/index.php\/2022\/07\/30\/ipsantarem\/","name":"O que leva os estudantes a escolher o IPSantar\u00e9m? - Perspetiva Atual","isPartOf":{"@id":"https:\/\/perspetivaatual.pt\/#website"},"primaryImageOfPage":{"@id":"http:\/\/perspetivaatual.pt\/index.php\/2022\/07\/30\/ipsantarem\/#primaryimage"},"image":{"@id":"http:\/\/perspetivaatual.pt\/index.php\/2022\/07\/30\/ipsantarem\/#primaryimage"},"thumbnailUrl":"https:\/\/perspetivaatual.pt\/wp-content\/uploads\/2022\/07\/Joao_Moutao-2.png","datePublished":"2022-07-30T07:00:00+00:00","dateModified":"2022-07-25T16:09:46+00:00","description":"O Instituto Polit\u00e9cnico de Santar\u00e9m coloca as suas escolas ao servi\u00e7o da sociedade, adaptando a sua oferta formativa \u00e0s necessidades...","breadcrumb":{"@id":"http:\/\/perspetivaatual.pt\/index.php\/2022\/07\/30\/ipsantarem\/#breadcrumb"},"inLanguage":"pt-PT","potentialAction":[{"@type":"ReadAction","target":["http:\/\/perspetivaatual.pt\/index.php\/2022\/07\/30\/ipsantarem\/"]}]},{"@type":"ImageObject","inLanguage":"pt-PT","@id":"http:\/\/perspetivaatual.pt\/index.php\/2022\/07\/30\/ipsantarem\/#primaryimage","url":"https:\/\/perspetivaatual.pt\/wp-content\/uploads\/2022\/07\/Joao_Moutao-2.png","contentUrl":"https:\/\/perspetivaatual.pt\/wp-content\/uploads\/2022\/07\/Joao_Moutao-2.png","width":778,"height":519,"caption":"Jo\u00e3o Mout\u00e3o, Presidente do Polit\u00e9cnico de Santar\u00e9m"},{"@type":"BreadcrumbList","@id":"http:\/\/perspetivaatual.pt\/index.php\/2022\/07\/30\/ipsantarem\/#breadcrumb","itemListElement":[{"@type":"ListItem","position":1,"name":"Home","item":"https:\/\/perspetivaatual.pt\/"},{"@type":"ListItem","position":2,"name":"O que leva os estudantes a escolher o IPSantar\u00e9m?"}]},{"@type":"WebSite","@id":"https:\/\/perspetivaatual.pt\/#website","url":"https:\/\/perspetivaatual.pt\/","name":"Perspetiva Atual","description":"Olhar Portugal, de diferentes formas","publisher":{"@id":"https:\/\/perspetivaatual.pt\/#organization"},"potentialAction":[{"@type":"SearchAction","target":{"@type":"EntryPoint","urlTemplate":"https:\/\/perspetivaatual.pt\/?s={search_term_string}"},"query-input":{"@type":"PropertyValueSpecification","valueRequired":true,"valueName":"search_term_string"}}],"inLanguage":"pt-PT"},{"@type":"Organization","@id":"https:\/\/perspetivaatual.pt\/#organization","name":"Perspetiva Atual","url":"https:\/\/perspetivaatual.pt\/","logo":{"@type":"ImageObject","inLanguage":"pt-PT","@id":"https:\/\/perspetivaatual.pt\/#\/schema\/logo\/image\/","url":"https:\/\/perspetivaatual.pt\/wp-content\/uploads\/2020\/08\/cropped-perspetiva_atual-.png","contentUrl":"https:\/\/perspetivaatual.pt\/wp-content\/uploads\/2020\/08\/cropped-perspetiva_atual-.png","width":618,"height":202,"caption":"Perspetiva Atual"},"image":{"@id":"https:\/\/perspetivaatual.pt\/#\/schema\/logo\/image\/"}},{"@type":"Person","@id":"https:\/\/perspetivaatual.pt\/#\/schema\/person\/4c9d5a8b179d047c3220dfa32fd6b658","name":"Jo\u00e3o Malainho Perspetiva Atual","image":{"@type":"ImageObject","inLanguage":"pt-PT","@id":"https:\/\/perspetivaatual.pt\/#\/schema\/person\/image\/","url":"https:\/\/secure.gravatar.com\/avatar\/fd918e8a58374b02896337d62716969a?s=96&d=mm&r=g","contentUrl":"https:\/\/secure.gravatar.com\/avatar\/fd918e8a58374b02896337d62716969a?s=96&d=mm&r=g","caption":"Jo\u00e3o Malainho Perspetiva Atual"},"sameAs":["http:\/\/perspetivaatual.pt"],"url":"https:\/\/perspetivaatual.pt\/index.php\/author\/joaomalainhoii\/"}]}},"featured_image_urls":{"full":["https:\/\/perspetivaatual.pt\/wp-content\/uploads\/2022\/07\/Joao_Moutao-2.png",778,519,false],"thumbnail":["https:\/\/perspetivaatual.pt\/wp-content\/uploads\/2022\/07\/Joao_Moutao-2-150x150.png",150,150,true],"medium":["https:\/\/perspetivaatual.pt\/wp-content\/uploads\/2022\/07\/Joao_Moutao-2-300x200.png",300,200,true],"medium_large":["https:\/\/perspetivaatual.pt\/wp-content\/uploads\/2022\/07\/Joao_Moutao-2-768x512.png",640,427,true],"large":["https:\/\/perspetivaatual.pt\/wp-content\/uploads\/2022\/07\/Joao_Moutao-2.png",640,427,false],"1536x1536":["https:\/\/perspetivaatual.pt\/wp-content\/uploads\/2022\/07\/Joao_Moutao-2.png",778,519,false],"2048x2048":["https:\/\/perspetivaatual.pt\/wp-content\/uploads\/2022\/07\/Joao_Moutao-2.png",778,519,false],"magazine-7-slider-full":["https:\/\/perspetivaatual.pt\/wp-content\/uploads\/2022\/07\/Joao_Moutao-2.png",778,519,false],"magazine-7-slider-center":["https:\/\/perspetivaatual.pt\/wp-content\/uploads\/2022\/07\/Joao_Moutao-2.png",778,519,false],"magazine-7-featured":["https:\/\/perspetivaatual.pt\/wp-content\/uploads\/2022\/07\/Joao_Moutao-2.png",778,519,false],"magazine-7-medium":["https:\/\/perspetivaatual.pt\/wp-content\/uploads\/2022\/07\/Joao_Moutao-2-720x380.png",720,380,true],"magazine-7-medium-square":["https:\/\/perspetivaatual.pt\/wp-content\/uploads\/2022\/07\/Joao_Moutao-2-675x450.png",675,450,true],"rpwe-thumbnail":["https:\/\/perspetivaatual.pt\/wp-content\/uploads\/2022\/07\/Joao_Moutao-2-45x45.png",45,45,true]},"author_info":{"info":[false]},"category_info":"<a href=\"https:\/\/perspetivaatual.pt\/index.php\/category\/educacao\/\" rel=\"category tag\">Educa\u00e7\u00e3o<\/a>","tag_info":"Educa\u00e7\u00e3o","comment_count":"0","_links":{"self":[{"href":"https:\/\/perspetivaatual.pt\/index.php\/wp-json\/wp\/v2\/posts\/1763","targetHints":{"allow":["GET"]}}],"collection":[{"href":"https:\/\/perspetivaatual.pt\/index.php\/wp-json\/wp\/v2\/posts"}],"about":[{"href":"https:\/\/perspetivaatual.pt\/index.php\/wp-json\/wp\/v2\/types\/post"}],"author":[{"embeddable":true,"href":"https:\/\/perspetivaatual.pt\/index.php\/wp-json\/wp\/v2\/users\/5"}],"replies":[{"embeddable":true,"href":"https:\/\/perspetivaatual.pt\/index.php\/wp-json\/wp\/v2\/comments?post=1763"}],"version-history":[{"count":0,"href":"https:\/\/perspetivaatual.pt\/index.php\/wp-json\/wp\/v2\/posts\/1763\/revisions"}],"wp:featuredmedia":[{"embeddable":true,"href":"https:\/\/perspetivaatual.pt\/index.php\/wp-json\/wp\/v2\/media\/1764"}],"wp:attachment":[{"href":"https:\/\/perspetivaatual.pt\/index.php\/wp-json\/wp\/v2\/media?parent=1763"}],"wp:term":[{"taxonomy":"category","embeddable":true,"href":"https:\/\/perspetivaatual.pt\/index.php\/wp-json\/wp\/v2\/categories?post=1763"},{"taxonomy":"post_tag","embeddable":true,"href":"https:\/\/perspetivaatual.pt\/index.php\/wp-json\/wp\/v2\/tags?post=1763"}],"curies":[{"name":"wp","href":"https:\/\/api.w.org\/{rel}","templated":true}]}}