{"id":1809,"date":"2022-07-30T07:00:00","date_gmt":"2022-07-30T07:00:00","guid":{"rendered":"https:\/\/perspetivaatual.pt\/?p=1809"},"modified":"2022-07-27T08:21:31","modified_gmt":"2022-07-27T08:21:31","slug":"dcm","status":"publish","type":"post","link":"https:\/\/perspetivaatual.pt\/index.php\/2022\/07\/30\/dcm\/","title":{"rendered":"Os problemas do mundo real como base do ensino do DCM"},"content":{"rendered":"\n<p><strong>Com o novo ano letivo prestes a come\u00e7ar, a Diretora do Departamento de Ci\u00eancias M\u00e9dicas, Odete da Cruz e Silva, explica o m\u00e9todo de ensino em vigor no DCM e revela as novidades preparadas para 2022\/2023.<\/strong><\/p>\n\n\n\n<h2 class=\"wp-block-heading\">Ensino baseado em problemas<\/h2>\n\n\n\n<p>Criado em 2015, o <a href=\"https:\/\/www.ua.pt\/pt\/dcm\" target=\"_blank\" rel=\"noreferrer noopener\">Departamento de Ci\u00eancias M\u00e9dicas<\/a> nasceu com o intuito de se destacar das demais faculdades com um m\u00e9todo de ensino inovador na altura, e, segundo a Professora Doutora Odete da Cruz e Silva, nada mostra mais a ess\u00eancia do Departamento de Ci\u00eancias M\u00e9dicas do que a sua metodologia de aprendizagem. &nbsp;\u201cTemos o ensino tradicional como o t\u00edpico semin\u00e1rio e as aulas pr\u00e1ticas, mas a componente mais forte no nosso ensino \u00e9 baseada no m\u00e9todo PBL, ou seja, uma aprendizagem baseada em problemas \u201c, explica a Diretora.<\/p>\n\n\n\n<p>Com o intuito de promover o desenvolvimento de habilidades de pensamento cr\u00edtico e de resolu\u00e7\u00e3o de problemas, o PBL usa situa\u00e7\u00f5es complexas do mundo real \u200b\u200bcomo ve\u00edculo para promover a aprendizagem de conceitos e princ\u00edpios. As quest\u00f5es de aprendizagem s\u00e3o elaboradas pelas estudantes.<\/p>\n\n\n\n<p>Estas aulas s\u00e3o realizadas em pequenos grupos de dez alunos e um docente, de modo a que seja mais simples atender \u00e0s necessidades de cada estudante e proporcionar uma maior aten\u00e7\u00e3o a cada aspeto do problema apresentado.<\/p>\n\n\n\n<p>Outras componentes pr\u00e1ticas t\u00eam vindo a ser desenvolvidas pelo Departamento de Ci\u00eancias M\u00e9dicas. Segundo a Diretora, os alunos do segundo ano de mestrado t\u00eam agora a possibilidade de experienciar o que \u00e9 participar num congresso, no Dia do Mestrado, onde os alunos fazem uma apresenta\u00e7\u00e3o dos seus posters finais e partilham os resultados obtidos. No final, o melhor poster \u00e9 reconhecido com um pr\u00e9mio oferecido pelo departamento.<\/p>\n\n\n\n<p>O mesmo come\u00e7ou-se a fazer com os alunos da licenciatura. \u201cNo terceiro ano, os estudantes t\u00eam uma componente mais participativa, no que diz respeito \u00e0 investiga\u00e7\u00e3o, com uma aproxima\u00e7\u00e3o aos laborat\u00f3rios dos investigadores\u201d, partilha Odete da Cruz e Silva. \u201cEsses alunos fazem tamb\u00e9m um trabalho em grupo que se baseia na investiga\u00e7\u00e3o que decorre aqui no departamento e na unidade de investiga\u00e7\u00e3o (iBiMED), apresentam um poster, defendem os seus resultados e aprendem o que \u00e9 fazer ci\u00eancia.\u201c<\/p>\n\n\n\n<blockquote class=\"wp-block-quote is-layout-flow wp-block-quote-is-layout-flow\"><p><strong>\u201cA nossa preocupa\u00e7\u00e3o \u00e9 formar o estudante no contexto do mundo real, de modo que aprenda a lidar com problemas que ir\u00e3o encontrar no dia a dia das suas profiss\u00f5es\u201d<\/strong><\/p><\/blockquote>\n\n\n\n<p class=\"has-medium-font-size\"><strong>Novidades para 2022\/2023<\/strong><\/p>\n\n\n\n<ul class=\"wp-block-list\"><li>Mestrado em Bioinform\u00e1tica Cl\u00ednica, segunda edi\u00e7\u00e3o:<\/li><\/ul>\n\n\n\n<p>Divide-se em dois ramos: Decis\u00e3o Cl\u00ednica e Bioinform\u00e1tica do Genoma.<\/p>\n\n\n\n<p>O primeiro pretende formar profissionais de sa\u00fade preparados para ajudar na tomada de decis\u00e3o do ponto de vista cl\u00ednico, j\u00e1 o ramo de Bioinform\u00e1tica do Genoma tem como objetivo formar mestres com conhecimentos sobre o perfil do paciente do ponto de vista gen\u00e9tico e como isso pode contribuir para o desenvolvimento de patologias espec\u00edficas.<\/p>\n\n\n\n<p>&nbsp;\u201cNesta era de sa\u00fade digital, o Mestrado em Bioinform\u00e1tica Cl\u00ednica pretende formar especialistas com conhecimentos em ci\u00eancia de dados em sa\u00fade, que sejam capazes de usar as v\u00e1rias bases de dados gen\u00f3micas internacionais e integrar informa\u00e7\u00e3o relevante para a sa\u00fade.\u201d<\/p>\n\n\n\n<ul class=\"wp-block-list\"><li>Curso de especializa\u00e7\u00e3o &#8220;Lideran\u00e7a e Gest\u00e3o em Sa\u00fade&#8221;, lan\u00e7ado este ano, no segundo semestre:<\/li><\/ul>\n\n\n\n<p>Curso direcionado aos profissionais de sa\u00fade focado na gest\u00e3o e na implementa\u00e7\u00e3o de metodologias de lideran\u00e7a e motiva\u00e7\u00e3o.<\/p>\n\n\n\n<p>Estes cursos s\u00e3o constru\u00eddos a pensar na cria\u00e7\u00e3o de equipas &#8220;multidisciplinares&#8221;, cada vez mais necess\u00e1rias no mercado de trabalho atual.<\/p>\n\n\n\n<h2 class=\"has-medium-font-size wp-block-heading\">Parcerias e sa\u00eddas profissionais<\/h2>\n\n\n\n<p>Apesar de alguns estudantes terem a oportunidade de trabalhar nas empresas parceiras do Departamento, onde realizam o est\u00e1gio do final do curso, a maioria opta por dar continuidade \u00e0 sua forma\u00e7\u00e3o.&nbsp; \u201cO nosso perfil t\u00edpico de estudante \u00e9 aquele que j\u00e1 sabe o que quer. Grande parte j\u00e1 entra para a licenciatura a pensar que quer seguir investiga\u00e7\u00e3o, por isso muitos dos nossos alunos seguem para mestrado e doutoramento. Alguns, que n\u00e3o pretendem seguir a \u00e1rea de investiga\u00e7\u00e3o, integram num curso de medicina. A oferta de mestrados contribui para definir os percursos profissionais. \u201d, revela a Diretora.<\/p>\n\n\n\n<p>Relativamente \u00e0s parcerias com essas empresas e hospitais, Odete da Cruz e Silva refere que \u201c\u00e9 muito importante ter esta liga\u00e7\u00e3o com hospitais, institutos e cl\u00ednicas que conseguem identificar as lacunas que existem no campo de trabalho. S\u00f3 assim \u00e9 que as institui\u00e7\u00f5es de ensino podem tentar dar resposta \u00e0s quest\u00f5es mais relevantes.\u201d<\/p>\n\n\n\n<h2 class=\"wp-block-heading\">O DCM no panorama nacional<\/h2>\n\n\n\n<p>Tendo uma das licenciaturas mais procuradas dentro da Universidade de Aveiro, o Departamento de Ci\u00eancias M\u00e9dicas mostra o seu prest\u00edgio espelhado nos resultados dos seus alunos. A Universidade de Aveiro atribuiu 310 bolsas de estudo aos melhores caloiros de 2021\/2022, sendo que 45 desses alunos s\u00e3o da Licenciatura em Ci\u00eancias Biom\u00e9dicas, representando cerca de 50% dos matriculados no referido curso.<\/p>\n\n\n\n<p>\u201cO nosso \u00faltimo aluno colocado teve uma m\u00e9dia de 18. Felizmente, n\u00e3o temos dificuldade em captar alunos\u201d, comenta com orgulho.<\/p>\n\n\n\n<p>Para concluir, a Diretora comenta ainda, \u201ctanto a oferta formativa direcionada para o estudante, como os cursos espec\u00edficos dirigidos para os profissionais de sa\u00fade contribuem para o desenvolvimento da regi\u00e3o, tendo impacto n\u00e3o s\u00f3 a n\u00edvel local, mas a n\u00edvel nacional. Isso deixa-nos orgulhosos do trabalho realizado por todos os que constituem o DCM, visto ser um trabalho conjunto que envolve docentes, investigadores, apoio administrativo e estudantes.\u201d<\/p>\n","protected":false},"excerpt":{"rendered":"<p>Com o novo ano letivo prestes a come\u00e7ar, a Diretora do Departamento de Ci\u00eancias M\u00e9dicas,<\/p>\n","protected":false},"author":5,"featured_media":1818,"comment_status":"open","ping_status":"open","sticky":false,"template":"","format":"standard","meta":{"footnotes":""},"categories":[3],"tags":[90,128,55],"class_list":["post-1809","post","type-post","status-publish","format-standard","has-post-thumbnail","hentry","category-educacao","tag-aveiro","tag-ciencias-medicas","tag-ensino"],"yoast_head":"<!-- This site is optimized with the Yoast SEO plugin v24.2 - https:\/\/yoast.com\/wordpress\/plugins\/seo\/ -->\n<title>Os problemas do mundo real como base do ensino do DCM - Perspetiva Atual<\/title>\n<meta name=\"description\" content=\"Com o novo ano letivo prestes a come\u00e7ar, a Diretora do Departamento de Ci\u00eancias M\u00e9dicas, Odete da Cruz e Silva, explica o m\u00e9todo de ensino...\" \/>\n<meta name=\"robots\" content=\"index, follow, max-snippet:-1, max-image-preview:large, max-video-preview:-1\" \/>\n<link rel=\"canonical\" href=\"http:\/\/perspetivaatual.pt\/index.php\/2022\/07\/30\/dcm\/\" \/>\n<meta property=\"og:locale\" content=\"pt_PT\" \/>\n<meta property=\"og:type\" content=\"article\" \/>\n<meta property=\"og:title\" content=\"Os problemas do mundo real como base do ensino do DCM - Perspetiva Atual\" \/>\n<meta property=\"og:description\" content=\"Com o novo ano letivo prestes a come\u00e7ar, a Diretora do Departamento de Ci\u00eancias M\u00e9dicas, Odete da Cruz e Silva, explica o m\u00e9todo de ensino...\" \/>\n<meta property=\"og:url\" content=\"http:\/\/perspetivaatual.pt\/index.php\/2022\/07\/30\/dcm\/\" \/>\n<meta property=\"og:site_name\" content=\"Perspetiva Atual\" \/>\n<meta property=\"article:published_time\" content=\"2022-07-30T07:00:00+00:00\" \/>\n<meta property=\"article:modified_time\" content=\"2022-07-27T08:21:31+00:00\" \/>\n<meta property=\"og:image\" content=\"http:\/\/perspetivaatual.pt\/wp-content\/uploads\/2022\/07\/DCM.png\" \/>\n\t<meta property=\"og:image:width\" content=\"640\" \/>\n\t<meta property=\"og:image:height\" content=\"352\" \/>\n\t<meta property=\"og:image:type\" content=\"image\/png\" \/>\n<meta name=\"author\" content=\"Jo\u00e3o Malainho Perspetiva Atual\" \/>\n<meta name=\"twitter:card\" content=\"summary_large_image\" \/>\n<meta name=\"twitter:label1\" content=\"Escrito por\" \/>\n\t<meta name=\"twitter:data1\" content=\"\" \/>\n\t<meta name=\"twitter:label2\" content=\"Tempo estimado de leitura\" \/>\n\t<meta name=\"twitter:data2\" content=\"4 minutos\" \/>\n<script type=\"application\/ld+json\" class=\"yoast-schema-graph\">{\"@context\":\"https:\/\/schema.org\",\"@graph\":[{\"@type\":\"Article\",\"@id\":\"http:\/\/perspetivaatual.pt\/index.php\/2022\/07\/30\/dcm\/#article\",\"isPartOf\":{\"@id\":\"http:\/\/perspetivaatual.pt\/index.php\/2022\/07\/30\/dcm\/\"},\"author\":{\"name\":\"Jo\u00e3o Malainho Perspetiva Atual\",\"@id\":\"https:\/\/perspetivaatual.pt\/#\/schema\/person\/4c9d5a8b179d047c3220dfa32fd6b658\"},\"headline\":\"Os problemas do mundo real como base do ensino do DCM\",\"datePublished\":\"2022-07-30T07:00:00+00:00\",\"dateModified\":\"2022-07-27T08:21:31+00:00\",\"mainEntityOfPage\":{\"@id\":\"http:\/\/perspetivaatual.pt\/index.php\/2022\/07\/30\/dcm\/\"},\"wordCount\":950,\"commentCount\":0,\"publisher\":{\"@id\":\"https:\/\/perspetivaatual.pt\/#organization\"},\"image\":{\"@id\":\"http:\/\/perspetivaatual.pt\/index.php\/2022\/07\/30\/dcm\/#primaryimage\"},\"thumbnailUrl\":\"https:\/\/perspetivaatual.pt\/wp-content\/uploads\/2022\/07\/DCM.png\",\"keywords\":[\"Aveiro\",\"Ci\u00eancias M\u00e9dicas\",\"ensino\"],\"articleSection\":[\"Educa\u00e7\u00e3o\"],\"inLanguage\":\"pt-PT\",\"potentialAction\":[{\"@type\":\"CommentAction\",\"name\":\"Comment\",\"target\":[\"http:\/\/perspetivaatual.pt\/index.php\/2022\/07\/30\/dcm\/#respond\"]}]},{\"@type\":\"WebPage\",\"@id\":\"http:\/\/perspetivaatual.pt\/index.php\/2022\/07\/30\/dcm\/\",\"url\":\"http:\/\/perspetivaatual.pt\/index.php\/2022\/07\/30\/dcm\/\",\"name\":\"Os problemas do mundo real como base do ensino do DCM - Perspetiva Atual\",\"isPartOf\":{\"@id\":\"https:\/\/perspetivaatual.pt\/#website\"},\"primaryImageOfPage\":{\"@id\":\"http:\/\/perspetivaatual.pt\/index.php\/2022\/07\/30\/dcm\/#primaryimage\"},\"image\":{\"@id\":\"http:\/\/perspetivaatual.pt\/index.php\/2022\/07\/30\/dcm\/#primaryimage\"},\"thumbnailUrl\":\"https:\/\/perspetivaatual.pt\/wp-content\/uploads\/2022\/07\/DCM.png\",\"datePublished\":\"2022-07-30T07:00:00+00:00\",\"dateModified\":\"2022-07-27T08:21:31+00:00\",\"description\":\"Com o novo ano letivo prestes a come\u00e7ar, a Diretora do Departamento de Ci\u00eancias M\u00e9dicas, Odete da Cruz e Silva, explica o m\u00e9todo de ensino...\",\"breadcrumb\":{\"@id\":\"http:\/\/perspetivaatual.pt\/index.php\/2022\/07\/30\/dcm\/#breadcrumb\"},\"inLanguage\":\"pt-PT\",\"potentialAction\":[{\"@type\":\"ReadAction\",\"target\":[\"http:\/\/perspetivaatual.pt\/index.php\/2022\/07\/30\/dcm\/\"]}]},{\"@type\":\"ImageObject\",\"inLanguage\":\"pt-PT\",\"@id\":\"http:\/\/perspetivaatual.pt\/index.php\/2022\/07\/30\/dcm\/#primaryimage\",\"url\":\"https:\/\/perspetivaatual.pt\/wp-content\/uploads\/2022\/07\/DCM.png\",\"contentUrl\":\"https:\/\/perspetivaatual.pt\/wp-content\/uploads\/2022\/07\/DCM.png\",\"width\":640,\"height\":352},{\"@type\":\"BreadcrumbList\",\"@id\":\"http:\/\/perspetivaatual.pt\/index.php\/2022\/07\/30\/dcm\/#breadcrumb\",\"itemListElement\":[{\"@type\":\"ListItem\",\"position\":1,\"name\":\"Home\",\"item\":\"https:\/\/perspetivaatual.pt\/\"},{\"@type\":\"ListItem\",\"position\":2,\"name\":\"Os problemas do mundo real como base do ensino do DCM\"}]},{\"@type\":\"WebSite\",\"@id\":\"https:\/\/perspetivaatual.pt\/#website\",\"url\":\"https:\/\/perspetivaatual.pt\/\",\"name\":\"Perspetiva Atual\",\"description\":\"Olhar Portugal, de diferentes formas\",\"publisher\":{\"@id\":\"https:\/\/perspetivaatual.pt\/#organization\"},\"potentialAction\":[{\"@type\":\"SearchAction\",\"target\":{\"@type\":\"EntryPoint\",\"urlTemplate\":\"https:\/\/perspetivaatual.pt\/?s={search_term_string}\"},\"query-input\":{\"@type\":\"PropertyValueSpecification\",\"valueRequired\":true,\"valueName\":\"search_term_string\"}}],\"inLanguage\":\"pt-PT\"},{\"@type\":\"Organization\",\"@id\":\"https:\/\/perspetivaatual.pt\/#organization\",\"name\":\"Perspetiva Atual\",\"url\":\"https:\/\/perspetivaatual.pt\/\",\"logo\":{\"@type\":\"ImageObject\",\"inLanguage\":\"pt-PT\",\"@id\":\"https:\/\/perspetivaatual.pt\/#\/schema\/logo\/image\/\",\"url\":\"https:\/\/perspetivaatual.pt\/wp-content\/uploads\/2020\/08\/cropped-perspetiva_atual-.png\",\"contentUrl\":\"https:\/\/perspetivaatual.pt\/wp-content\/uploads\/2020\/08\/cropped-perspetiva_atual-.png\",\"width\":618,\"height\":202,\"caption\":\"Perspetiva Atual\"},\"image\":{\"@id\":\"https:\/\/perspetivaatual.pt\/#\/schema\/logo\/image\/\"}},{\"@type\":\"Person\",\"@id\":\"https:\/\/perspetivaatual.pt\/#\/schema\/person\/4c9d5a8b179d047c3220dfa32fd6b658\",\"name\":\"Jo\u00e3o Malainho Perspetiva Atual\",\"image\":{\"@type\":\"ImageObject\",\"inLanguage\":\"pt-PT\",\"@id\":\"https:\/\/perspetivaatual.pt\/#\/schema\/person\/image\/\",\"url\":\"https:\/\/secure.gravatar.com\/avatar\/fd918e8a58374b02896337d62716969a?s=96&d=mm&r=g\",\"contentUrl\":\"https:\/\/secure.gravatar.com\/avatar\/fd918e8a58374b02896337d62716969a?s=96&d=mm&r=g\",\"caption\":\"Jo\u00e3o Malainho Perspetiva Atual\"},\"sameAs\":[\"http:\/\/perspetivaatual.pt\"],\"url\":\"https:\/\/perspetivaatual.pt\/index.php\/author\/joaomalainhoii\/\"}]}<\/script>\n<!-- \/ Yoast SEO plugin. -->","yoast_head_json":{"title":"Os problemas do mundo real como base do ensino do DCM - Perspetiva Atual","description":"Com o novo ano letivo prestes a come\u00e7ar, a Diretora do Departamento de Ci\u00eancias M\u00e9dicas, Odete da Cruz e Silva, explica o m\u00e9todo de ensino...","robots":{"index":"index","follow":"follow","max-snippet":"max-snippet:-1","max-image-preview":"max-image-preview:large","max-video-preview":"max-video-preview:-1"},"canonical":"http:\/\/perspetivaatual.pt\/index.php\/2022\/07\/30\/dcm\/","og_locale":"pt_PT","og_type":"article","og_title":"Os problemas do mundo real como base do ensino do DCM - Perspetiva Atual","og_description":"Com o novo ano letivo prestes a come\u00e7ar, a Diretora do Departamento de Ci\u00eancias M\u00e9dicas, Odete da Cruz e Silva, explica o m\u00e9todo de ensino...","og_url":"http:\/\/perspetivaatual.pt\/index.php\/2022\/07\/30\/dcm\/","og_site_name":"Perspetiva Atual","article_published_time":"2022-07-30T07:00:00+00:00","article_modified_time":"2022-07-27T08:21:31+00:00","og_image":[{"width":640,"height":352,"url":"http:\/\/perspetivaatual.pt\/wp-content\/uploads\/2022\/07\/DCM.png","type":"image\/png"}],"author":"Jo\u00e3o Malainho Perspetiva Atual","twitter_card":"summary_large_image","twitter_misc":{"Escrito por":false,"Tempo estimado de leitura":"4 minutos"},"schema":{"@context":"https:\/\/schema.org","@graph":[{"@type":"Article","@id":"http:\/\/perspetivaatual.pt\/index.php\/2022\/07\/30\/dcm\/#article","isPartOf":{"@id":"http:\/\/perspetivaatual.pt\/index.php\/2022\/07\/30\/dcm\/"},"author":{"name":"Jo\u00e3o Malainho Perspetiva Atual","@id":"https:\/\/perspetivaatual.pt\/#\/schema\/person\/4c9d5a8b179d047c3220dfa32fd6b658"},"headline":"Os problemas do mundo real como base do ensino do DCM","datePublished":"2022-07-30T07:00:00+00:00","dateModified":"2022-07-27T08:21:31+00:00","mainEntityOfPage":{"@id":"http:\/\/perspetivaatual.pt\/index.php\/2022\/07\/30\/dcm\/"},"wordCount":950,"commentCount":0,"publisher":{"@id":"https:\/\/perspetivaatual.pt\/#organization"},"image":{"@id":"http:\/\/perspetivaatual.pt\/index.php\/2022\/07\/30\/dcm\/#primaryimage"},"thumbnailUrl":"https:\/\/perspetivaatual.pt\/wp-content\/uploads\/2022\/07\/DCM.png","keywords":["Aveiro","Ci\u00eancias M\u00e9dicas","ensino"],"articleSection":["Educa\u00e7\u00e3o"],"inLanguage":"pt-PT","potentialAction":[{"@type":"CommentAction","name":"Comment","target":["http:\/\/perspetivaatual.pt\/index.php\/2022\/07\/30\/dcm\/#respond"]}]},{"@type":"WebPage","@id":"http:\/\/perspetivaatual.pt\/index.php\/2022\/07\/30\/dcm\/","url":"http:\/\/perspetivaatual.pt\/index.php\/2022\/07\/30\/dcm\/","name":"Os problemas do mundo real como base do ensino do DCM - Perspetiva Atual","isPartOf":{"@id":"https:\/\/perspetivaatual.pt\/#website"},"primaryImageOfPage":{"@id":"http:\/\/perspetivaatual.pt\/index.php\/2022\/07\/30\/dcm\/#primaryimage"},"image":{"@id":"http:\/\/perspetivaatual.pt\/index.php\/2022\/07\/30\/dcm\/#primaryimage"},"thumbnailUrl":"https:\/\/perspetivaatual.pt\/wp-content\/uploads\/2022\/07\/DCM.png","datePublished":"2022-07-30T07:00:00+00:00","dateModified":"2022-07-27T08:21:31+00:00","description":"Com o novo ano letivo prestes a come\u00e7ar, a Diretora do Departamento de Ci\u00eancias M\u00e9dicas, Odete da Cruz e Silva, explica o m\u00e9todo de ensino...","breadcrumb":{"@id":"http:\/\/perspetivaatual.pt\/index.php\/2022\/07\/30\/dcm\/#breadcrumb"},"inLanguage":"pt-PT","potentialAction":[{"@type":"ReadAction","target":["http:\/\/perspetivaatual.pt\/index.php\/2022\/07\/30\/dcm\/"]}]},{"@type":"ImageObject","inLanguage":"pt-PT","@id":"http:\/\/perspetivaatual.pt\/index.php\/2022\/07\/30\/dcm\/#primaryimage","url":"https:\/\/perspetivaatual.pt\/wp-content\/uploads\/2022\/07\/DCM.png","contentUrl":"https:\/\/perspetivaatual.pt\/wp-content\/uploads\/2022\/07\/DCM.png","width":640,"height":352},{"@type":"BreadcrumbList","@id":"http:\/\/perspetivaatual.pt\/index.php\/2022\/07\/30\/dcm\/#breadcrumb","itemListElement":[{"@type":"ListItem","position":1,"name":"Home","item":"https:\/\/perspetivaatual.pt\/"},{"@type":"ListItem","position":2,"name":"Os problemas do mundo real como base do ensino do DCM"}]},{"@type":"WebSite","@id":"https:\/\/perspetivaatual.pt\/#website","url":"https:\/\/perspetivaatual.pt\/","name":"Perspetiva Atual","description":"Olhar Portugal, de diferentes formas","publisher":{"@id":"https:\/\/perspetivaatual.pt\/#organization"},"potentialAction":[{"@type":"SearchAction","target":{"@type":"EntryPoint","urlTemplate":"https:\/\/perspetivaatual.pt\/?s={search_term_string}"},"query-input":{"@type":"PropertyValueSpecification","valueRequired":true,"valueName":"search_term_string"}}],"inLanguage":"pt-PT"},{"@type":"Organization","@id":"https:\/\/perspetivaatual.pt\/#organization","name":"Perspetiva Atual","url":"https:\/\/perspetivaatual.pt\/","logo":{"@type":"ImageObject","inLanguage":"pt-PT","@id":"https:\/\/perspetivaatual.pt\/#\/schema\/logo\/image\/","url":"https:\/\/perspetivaatual.pt\/wp-content\/uploads\/2020\/08\/cropped-perspetiva_atual-.png","contentUrl":"https:\/\/perspetivaatual.pt\/wp-content\/uploads\/2020\/08\/cropped-perspetiva_atual-.png","width":618,"height":202,"caption":"Perspetiva Atual"},"image":{"@id":"https:\/\/perspetivaatual.pt\/#\/schema\/logo\/image\/"}},{"@type":"Person","@id":"https:\/\/perspetivaatual.pt\/#\/schema\/person\/4c9d5a8b179d047c3220dfa32fd6b658","name":"Jo\u00e3o Malainho Perspetiva Atual","image":{"@type":"ImageObject","inLanguage":"pt-PT","@id":"https:\/\/perspetivaatual.pt\/#\/schema\/person\/image\/","url":"https:\/\/secure.gravatar.com\/avatar\/fd918e8a58374b02896337d62716969a?s=96&d=mm&r=g","contentUrl":"https:\/\/secure.gravatar.com\/avatar\/fd918e8a58374b02896337d62716969a?s=96&d=mm&r=g","caption":"Jo\u00e3o Malainho Perspetiva Atual"},"sameAs":["http:\/\/perspetivaatual.pt"],"url":"https:\/\/perspetivaatual.pt\/index.php\/author\/joaomalainhoii\/"}]}},"featured_image_urls":{"full":["https:\/\/perspetivaatual.pt\/wp-content\/uploads\/2022\/07\/DCM.png",640,352,false],"thumbnail":["https:\/\/perspetivaatual.pt\/wp-content\/uploads\/2022\/07\/DCM-150x150.png",150,150,true],"medium":["https:\/\/perspetivaatual.pt\/wp-content\/uploads\/2022\/07\/DCM-300x165.png",300,165,true],"medium_large":["https:\/\/perspetivaatual.pt\/wp-content\/uploads\/2022\/07\/DCM.png",640,352,false],"large":["https:\/\/perspetivaatual.pt\/wp-content\/uploads\/2022\/07\/DCM.png",640,352,false],"1536x1536":["https:\/\/perspetivaatual.pt\/wp-content\/uploads\/2022\/07\/DCM.png",640,352,false],"2048x2048":["https:\/\/perspetivaatual.pt\/wp-content\/uploads\/2022\/07\/DCM.png",640,352,false],"magazine-7-slider-full":["https:\/\/perspetivaatual.pt\/wp-content\/uploads\/2022\/07\/DCM.png",640,352,false],"magazine-7-slider-center":["https:\/\/perspetivaatual.pt\/wp-content\/uploads\/2022\/07\/DCM.png",640,352,false],"magazine-7-featured":["https:\/\/perspetivaatual.pt\/wp-content\/uploads\/2022\/07\/DCM.png",640,352,false],"magazine-7-medium":["https:\/\/perspetivaatual.pt\/wp-content\/uploads\/2022\/07\/DCM.png",640,352,false],"magazine-7-medium-square":["https:\/\/perspetivaatual.pt\/wp-content\/uploads\/2022\/07\/DCM.png",640,352,false],"rpwe-thumbnail":["https:\/\/perspetivaatual.pt\/wp-content\/uploads\/2022\/07\/DCM-45x45.png",45,45,true]},"author_info":{"info":[false]},"category_info":"<a href=\"https:\/\/perspetivaatual.pt\/index.php\/category\/educacao\/\" rel=\"category tag\">Educa\u00e7\u00e3o<\/a>","tag_info":"Educa\u00e7\u00e3o","comment_count":"0","_links":{"self":[{"href":"https:\/\/perspetivaatual.pt\/index.php\/wp-json\/wp\/v2\/posts\/1809","targetHints":{"allow":["GET"]}}],"collection":[{"href":"https:\/\/perspetivaatual.pt\/index.php\/wp-json\/wp\/v2\/posts"}],"about":[{"href":"https:\/\/perspetivaatual.pt\/index.php\/wp-json\/wp\/v2\/types\/post"}],"author":[{"embeddable":true,"href":"https:\/\/perspetivaatual.pt\/index.php\/wp-json\/wp\/v2\/users\/5"}],"replies":[{"embeddable":true,"href":"https:\/\/perspetivaatual.pt\/index.php\/wp-json\/wp\/v2\/comments?post=1809"}],"version-history":[{"count":0,"href":"https:\/\/perspetivaatual.pt\/index.php\/wp-json\/wp\/v2\/posts\/1809\/revisions"}],"wp:featuredmedia":[{"embeddable":true,"href":"https:\/\/perspetivaatual.pt\/index.php\/wp-json\/wp\/v2\/media\/1818"}],"wp:attachment":[{"href":"https:\/\/perspetivaatual.pt\/index.php\/wp-json\/wp\/v2\/media?parent=1809"}],"wp:term":[{"taxonomy":"category","embeddable":true,"href":"https:\/\/perspetivaatual.pt\/index.php\/wp-json\/wp\/v2\/categories?post=1809"},{"taxonomy":"post_tag","embeddable":true,"href":"https:\/\/perspetivaatual.pt\/index.php\/wp-json\/wp\/v2\/tags?post=1809"}],"curies":[{"name":"wp","href":"https:\/\/api.w.org\/{rel}","templated":true}]}}