{"id":2722,"date":"2023-05-12T07:00:00","date_gmt":"2023-05-12T07:00:00","guid":{"rendered":"https:\/\/perspetivaatual.pt\/?p=2722"},"modified":"2023-05-09T14:07:42","modified_gmt":"2023-05-09T14:07:42","slug":"esesjcluny","status":"publish","type":"post","link":"https:\/\/perspetivaatual.pt\/index.php\/2023\/05\/12\/esesjcluny\/","title":{"rendered":"Escola Superior de Enfermagem de S\u00e3o Jos\u00e9 de Cluny celebra 75 anos de excel\u00eancia no ensino e compromisso social"},"content":{"rendered":"\n<p><strong>A Escola Superior de Enfermagem de S\u00e3o Jos\u00e9 de Cluny (ESESJCluny), da Madeira, completa este ano 75 anos de atividade. Nesta entrevista, a presidente da institui\u00e7\u00e3o, Maria Bettencourt de Jesus, fala sobre a responsabilidade social da escola, o processo de prepara\u00e7\u00e3o para um novo ano letivo e a oferta formativa atual, incluindo algumas novidades.<\/strong><\/p>\n\n\n\n<p><strong>Perspetiva Atual: A Escola Superior de Enfermagem de S\u00e3o Jos\u00e9 de Cluny, situada na Madeira, completa este ano o seu 75.\u00ba anivers\u00e1rio. Qual \u00e9 a responsabilidade da escola perante a sociedade e como essa responsabilidade molda o funcionamento da institui\u00e7\u00e3o?<\/strong><\/p>\n\n\n\n<p><strong>Maria Bettencourt de Jesus:<\/strong> A Cluny assume, com grande \u00eanfase, a sua responsabilidade social, evidenciada num trabalho de coopera\u00e7\u00e3o com Institui\u00e7\u00f5es parceiras da Regi\u00e3o, Nacionais e Internacionais, em a\u00e7\u00f5es de voluntariado, mobilidade e investiga\u00e7\u00e3o. O compromisso cont\u00ednuo com a qualidade e excel\u00eancia do servi\u00e7o que a Escola presta \u00e9 sentido como um dever e uma responsabilidade, onde o principal agente, o estudante, desenvolve as suas compet\u00eancias num ambiente de proximidade e excel\u00eancia, orientado por professores com elevado n\u00edvel de diferencia\u00e7\u00e3o t\u00e9cnico-cient\u00edfica e pedag\u00f3gica.<\/p>\n\n\n\n<p><strong>PA: Estamos a poucos meses do in\u00edcio do processo de candidaturas para o ensino superior, como descreve o processo de prepara\u00e7\u00e3o para um novo ano letivo por parte da comunidade docente e n\u00e3o docente da ESESJCluny?<\/strong><\/p>\n\n\n\n<p><strong>MBJ:<\/strong> O Conselho T\u00e9cnico Cient\u00edfico, em articula\u00e7\u00e3o com os \u00f3rg\u00e3os respons\u00e1veis pelo ensino-aprendizagem, define o n\u00famero de vagas para os concursos especiais e gerais de acesso \u00e0 Cluny. Depois deste calend\u00e1rio definido, trabalhamos a estrat\u00e9gia de divulga\u00e7\u00e3o e apoio \u00e0s candidaturas pelas escolas secund\u00e1rias, meios de comunica\u00e7\u00e3o social (jornais nacionais e regionais, redes socias) e disponibilizamos a informa\u00e7\u00e3o no Gabinete de Acesso ao Ensino Superior.<\/p>\n\n\n\n<p><strong>PA: Como \u00e9 composta a oferta formativa atual da ESESJCluny? Ser\u00e3o lan\u00e7adas novidades para este novo ano?<\/strong><\/p>\n\n\n\n<p><strong>MBJ:<\/strong> Atualmente, a oferta formativa da ESESJCluny \u00e9 constitu\u00edda pela Licenciatura em Enfermagem, pelos Mestrados em Enfermagem de Reabilita\u00e7\u00e3o, Sa\u00fade Infantil e Pedi\u00e1trica, Sa\u00fade Mental e Psiqui\u00e1trica, e M\u00e9dico Cir\u00fargica (\u00e1reas da pessoa em situa\u00e7\u00e3o cr\u00edtica, paliativa e peri-operat\u00f3ria), e pelas P\u00f3s-Gradua\u00e7\u00f5es em Viabilidade Tecidular, Bio\u00e9tica, Emerg\u00eancia, Gest\u00e3o Servi\u00e7os de Sa\u00fade, entre outras. Al\u00e9m desses cursos, contamos ainda com o CTESP em Gerontologia e Cuidados de Longa Dura\u00e7\u00e3o.<\/p>\n\n\n\n<p>A ESESJCluny \u00e9 uma refer\u00eancia no ensino graduado e p\u00f3s-graduado, sendo, at\u00e9 o momento, a \u00fanica IES a disponibilizar mestrados em enfermagem fora de Portugal continental. Considerando as altera\u00e7\u00f5es sociodemogr\u00e1ficas e a evolu\u00e7\u00e3o dos Cuidados de Sa\u00fade Prim\u00e1rios e, no sentido de suprir a necessidade de cuidados especializados, est\u00e1 a trabalhar num novo Mestrado em Enfermagem Comunit\u00e1ria, com dois ramos: na \u00e1rea de enfermagem de sa\u00fade comunit\u00e1ria e sa\u00fade p\u00fablica e na \u00e1rea de enfermagem de sa\u00fade familiar.<\/p>\n\n\n\n<p><strong>PA: Relativamente a programas de interc\u00e2mbio, est\u00e1gio ou investiga\u00e7\u00e3o, o que a ESESJCluny tem para oferecer aos seus estudantes, de forma a enriquecer a sua forma\u00e7\u00e3o?<\/strong><\/p>\n\n\n\n<p><strong>MBJ:<\/strong> Os nossos estudantes t\u00eam acesso \u00e0s mais diferenciadas Unidades de Sa\u00fade do pa\u00eds. O Servi\u00e7o Regional de Sa\u00fade da Madeira \u00e9 o nosso maior parceiro para os est\u00e1gios locais, bem como as casas de Sa\u00fade Mental, o Servi\u00e7o Regional de Prote\u00e7\u00e3o Civil e outras institui\u00e7\u00f5es, dependendo dos projetos em curso. No continente, desde o Porto at\u00e9 Lisboa, s\u00e3o nossos parceiros v\u00e1rias Unidades de Sa\u00fade.<\/p>\n\n\n\n<p>A ESESJCluny promove a articula\u00e7\u00e3o entre o ensino e a investiga\u00e7\u00e3o desde os primeiros anos de curso. Assim, fomenta as condi\u00e7\u00f5es para o desenvolvimento da investiga\u00e7\u00e3o e produ\u00e7\u00e3o cient\u00edfica. Atualmente 4 dos nossos investigadores est\u00e3o integrados em unidades de I&amp;D avaliadas pela FCT, desenvolvendo a sua investiga\u00e7\u00e3o em estreita articula\u00e7\u00e3o com a comunidade e em que participam os estudantes de 1\u00ba e 2\u00ba ciclo. O GIDeC constitui-se como entidade dinamizadora e aglutinadora de toda a investiga\u00e7\u00e3o desenvolvida na nossa institui\u00e7\u00e3o, contribuindo para a constru\u00e7\u00e3o do conhecimento cient\u00edfico em Enfermagem.<\/p>\n\n\n\n<p>No que diz respeito \u00e0 mobilidade, cerca de 25% dos nossos estudantes da licenciatura fazem um programa Erasmus+, com bolsa, em uma das 13 institui\u00e7\u00f5es parceiras sediadas em 7 pa\u00edses, incluindo a possibilidade de estagiar naquele que foi considerado o melhor hospital da europa em 2023, o Karolinska na Su\u00e9cia.<\/p>\n\n\n\n<p><strong>PA: Por vezes, as ilhas s\u00e3o vistas como um \u201cpa\u00eds \u00e0 parte\u201d, devido \u00e0 acessibilidade dificultada e a todas as caracter\u00edsticas que as diferem do continente. No ensino, quais s\u00e3o os grandes obst\u00e1culos e desafios enfrentados, tanto pelas escolas, como pelos alunos?<\/strong><\/p>\n\n\n\n<p><strong>MBJ:<\/strong> Focando-se no estudante, a Cluny procura manter-se na vanguarda da forma\u00e7\u00e3o diferenciada e especializada, com a possibilidade de algumas aulas online, campos de est\u00e1gio variados com vagas para todos os estudantes, a n\u00edvel nacional e internacional, que t\u00eam sido ferramentas vantajosas para colmatar os desafios de estarmos sediados na Ilha da Madeira.<\/p>\n\n\n\n<p><strong>PA: Como mencionado anteriormente, a ESESJCluny est\u00e1 prestes a completar o seu 75.\u00ba anivers\u00e1rio. Como \u00e9 que ap\u00f3s sete d\u00e9cadas ainda h\u00e1 espa\u00e7o para evolu\u00e7\u00e3o e quais s\u00e3o os planos da atual dire\u00e7\u00e3o para o futuro pr\u00f3ximo da escola?<\/strong><\/p>\n\n\n\n<p><strong>MBJ:<\/strong> A Cluny procura fortalecer, cada vez mais, todo o seu potencial atual e antever as novas necessidades em sa\u00fade das popula\u00e7\u00f5es, fazendo uma leitura apurada dos v\u00e1rios indicadores, de modo a corresponder com a disponibiliza\u00e7\u00e3o de novas forma\u00e7\u00f5es. A manuten\u00e7\u00e3o da certifica\u00e7\u00e3o (6 anos pela A3es) do Sistema Interno de Garantia da Qualidade e o refor\u00e7o dos restantes eixos estrat\u00e9gicos, como sejam a investiga\u00e7\u00e3o, a internacionaliza\u00e7\u00e3o, a presta\u00e7\u00e3o de servi\u00e7os \u00e0 comunidade e o crescente investimento na forma\u00e7\u00e3o diferenciada dos seus RH e na moderniza\u00e7\u00e3o das instala\u00e7\u00f5es, onde se salienta a desmaterializa\u00e7\u00e3o dos seus processos, constituem metas a m\u00e9dio e longo prazo.<\/p>\n","protected":false},"excerpt":{"rendered":"<p>A Escola Superior de Enfermagem de S\u00e3o Jos\u00e9 de Cluny (ESESJCluny), da Madeira, completa este<\/p>\n","protected":false},"author":5,"featured_media":2723,"comment_status":"closed","ping_status":"open","sticky":false,"template":"","format":"standard","meta":{"footnotes":""},"categories":[3],"tags":[121,55,281,170],"class_list":["post-2722","post","type-post","status-publish","format-standard","has-post-thumbnail","hentry","category-educacao","tag-enfermagem","tag-ensino","tag-esesjcluny","tag-madeira"],"yoast_head":"<!-- This site is optimized with the Yoast SEO plugin v24.2 - https:\/\/yoast.com\/wordpress\/plugins\/seo\/ -->\n<title>Escola Superior de Enfermagem de S\u00e3o Jos\u00e9 de Cluny celebra 75 anos de excel\u00eancia no ensino e compromisso social - Perspetiva Atual<\/title>\n<meta name=\"description\" content=\"A Escola Superior de Enfermagem de S\u00e3o Jos\u00e9 de Cluny (ESESJCluny), da Madeira, completa este ano 75 anos de atividade.\" \/>\n<meta name=\"robots\" content=\"index, follow, max-snippet:-1, max-image-preview:large, max-video-preview:-1\" \/>\n<link rel=\"canonical\" href=\"http:\/\/perspetivaatual.pt\/index.php\/2023\/05\/12\/esesjcluny\/\" \/>\n<meta property=\"og:locale\" content=\"pt_PT\" \/>\n<meta property=\"og:type\" content=\"article\" \/>\n<meta property=\"og:title\" content=\"Escola Superior de Enfermagem de S\u00e3o Jos\u00e9 de Cluny celebra 75 anos de excel\u00eancia no ensino e compromisso social - Perspetiva Atual\" \/>\n<meta property=\"og:description\" content=\"A Escola Superior de Enfermagem de S\u00e3o Jos\u00e9 de Cluny (ESESJCluny), da Madeira, completa este ano 75 anos de atividade.\" \/>\n<meta property=\"og:url\" content=\"http:\/\/perspetivaatual.pt\/index.php\/2023\/05\/12\/esesjcluny\/\" \/>\n<meta property=\"og:site_name\" content=\"Perspetiva Atual\" \/>\n<meta property=\"article:published_time\" content=\"2023-05-12T07:00:00+00:00\" \/>\n<meta property=\"article:modified_time\" content=\"2023-05-09T14:07:42+00:00\" \/>\n<meta property=\"og:image\" content=\"http:\/\/perspetivaatual.pt\/wp-content\/uploads\/2023\/05\/ClunyExterior-e1683641184242.jpeg\" \/>\n\t<meta property=\"og:image:width\" content=\"1463\" \/>\n\t<meta property=\"og:image:height\" content=\"1076\" \/>\n\t<meta property=\"og:image:type\" content=\"image\/jpeg\" \/>\n<meta name=\"author\" content=\"Jo\u00e3o Malainho Perspetiva Atual\" \/>\n<meta name=\"twitter:card\" content=\"summary_large_image\" \/>\n<meta name=\"twitter:label1\" content=\"Escrito por\" \/>\n\t<meta name=\"twitter:data1\" content=\"\" \/>\n\t<meta name=\"twitter:label2\" content=\"Tempo estimado de leitura\" \/>\n\t<meta name=\"twitter:data2\" content=\"4 minutos\" \/>\n<script type=\"application\/ld+json\" class=\"yoast-schema-graph\">{\"@context\":\"https:\/\/schema.org\",\"@graph\":[{\"@type\":\"Article\",\"@id\":\"http:\/\/perspetivaatual.pt\/index.php\/2023\/05\/12\/esesjcluny\/#article\",\"isPartOf\":{\"@id\":\"http:\/\/perspetivaatual.pt\/index.php\/2023\/05\/12\/esesjcluny\/\"},\"author\":{\"name\":\"Jo\u00e3o Malainho Perspetiva Atual\",\"@id\":\"https:\/\/perspetivaatual.pt\/#\/schema\/person\/4c9d5a8b179d047c3220dfa32fd6b658\"},\"headline\":\"Escola Superior de Enfermagem de S\u00e3o Jos\u00e9 de Cluny celebra 75 anos de excel\u00eancia no ensino e compromisso social\",\"datePublished\":\"2023-05-12T07:00:00+00:00\",\"dateModified\":\"2023-05-09T14:07:42+00:00\",\"mainEntityOfPage\":{\"@id\":\"http:\/\/perspetivaatual.pt\/index.php\/2023\/05\/12\/esesjcluny\/\"},\"wordCount\":1047,\"publisher\":{\"@id\":\"https:\/\/perspetivaatual.pt\/#organization\"},\"image\":{\"@id\":\"http:\/\/perspetivaatual.pt\/index.php\/2023\/05\/12\/esesjcluny\/#primaryimage\"},\"thumbnailUrl\":\"https:\/\/perspetivaatual.pt\/wp-content\/uploads\/2023\/05\/ClunyExterior-e1683641184242.jpeg\",\"keywords\":[\"Enfermagem\",\"ensino\",\"ESESJCluny\",\"Madeira\"],\"articleSection\":[\"Educa\u00e7\u00e3o\"],\"inLanguage\":\"pt-PT\"},{\"@type\":\"WebPage\",\"@id\":\"http:\/\/perspetivaatual.pt\/index.php\/2023\/05\/12\/esesjcluny\/\",\"url\":\"http:\/\/perspetivaatual.pt\/index.php\/2023\/05\/12\/esesjcluny\/\",\"name\":\"Escola Superior de Enfermagem de S\u00e3o Jos\u00e9 de Cluny celebra 75 anos de excel\u00eancia no ensino e compromisso social - Perspetiva Atual\",\"isPartOf\":{\"@id\":\"https:\/\/perspetivaatual.pt\/#website\"},\"primaryImageOfPage\":{\"@id\":\"http:\/\/perspetivaatual.pt\/index.php\/2023\/05\/12\/esesjcluny\/#primaryimage\"},\"image\":{\"@id\":\"http:\/\/perspetivaatual.pt\/index.php\/2023\/05\/12\/esesjcluny\/#primaryimage\"},\"thumbnailUrl\":\"https:\/\/perspetivaatual.pt\/wp-content\/uploads\/2023\/05\/ClunyExterior-e1683641184242.jpeg\",\"datePublished\":\"2023-05-12T07:00:00+00:00\",\"dateModified\":\"2023-05-09T14:07:42+00:00\",\"description\":\"A Escola Superior de Enfermagem de S\u00e3o Jos\u00e9 de Cluny (ESESJCluny), da Madeira, completa este ano 75 anos de atividade.\",\"breadcrumb\":{\"@id\":\"http:\/\/perspetivaatual.pt\/index.php\/2023\/05\/12\/esesjcluny\/#breadcrumb\"},\"inLanguage\":\"pt-PT\",\"potentialAction\":[{\"@type\":\"ReadAction\",\"target\":[\"http:\/\/perspetivaatual.pt\/index.php\/2023\/05\/12\/esesjcluny\/\"]}]},{\"@type\":\"ImageObject\",\"inLanguage\":\"pt-PT\",\"@id\":\"http:\/\/perspetivaatual.pt\/index.php\/2023\/05\/12\/esesjcluny\/#primaryimage\",\"url\":\"https:\/\/perspetivaatual.pt\/wp-content\/uploads\/2023\/05\/ClunyExterior-e1683641184242.jpeg\",\"contentUrl\":\"https:\/\/perspetivaatual.pt\/wp-content\/uploads\/2023\/05\/ClunyExterior-e1683641184242.jpeg\",\"width\":1463,\"height\":1076},{\"@type\":\"BreadcrumbList\",\"@id\":\"http:\/\/perspetivaatual.pt\/index.php\/2023\/05\/12\/esesjcluny\/#breadcrumb\",\"itemListElement\":[{\"@type\":\"ListItem\",\"position\":1,\"name\":\"Home\",\"item\":\"https:\/\/perspetivaatual.pt\/\"},{\"@type\":\"ListItem\",\"position\":2,\"name\":\"Escola Superior de Enfermagem de S\u00e3o Jos\u00e9 de Cluny celebra 75 anos de excel\u00eancia no ensino e compromisso social\"}]},{\"@type\":\"WebSite\",\"@id\":\"https:\/\/perspetivaatual.pt\/#website\",\"url\":\"https:\/\/perspetivaatual.pt\/\",\"name\":\"Perspetiva Atual\",\"description\":\"Olhar Portugal, de diferentes formas\",\"publisher\":{\"@id\":\"https:\/\/perspetivaatual.pt\/#organization\"},\"potentialAction\":[{\"@type\":\"SearchAction\",\"target\":{\"@type\":\"EntryPoint\",\"urlTemplate\":\"https:\/\/perspetivaatual.pt\/?s={search_term_string}\"},\"query-input\":{\"@type\":\"PropertyValueSpecification\",\"valueRequired\":true,\"valueName\":\"search_term_string\"}}],\"inLanguage\":\"pt-PT\"},{\"@type\":\"Organization\",\"@id\":\"https:\/\/perspetivaatual.pt\/#organization\",\"name\":\"Perspetiva Atual\",\"url\":\"https:\/\/perspetivaatual.pt\/\",\"logo\":{\"@type\":\"ImageObject\",\"inLanguage\":\"pt-PT\",\"@id\":\"https:\/\/perspetivaatual.pt\/#\/schema\/logo\/image\/\",\"url\":\"https:\/\/perspetivaatual.pt\/wp-content\/uploads\/2020\/08\/cropped-perspetiva_atual-.png\",\"contentUrl\":\"https:\/\/perspetivaatual.pt\/wp-content\/uploads\/2020\/08\/cropped-perspetiva_atual-.png\",\"width\":618,\"height\":202,\"caption\":\"Perspetiva Atual\"},\"image\":{\"@id\":\"https:\/\/perspetivaatual.pt\/#\/schema\/logo\/image\/\"}},{\"@type\":\"Person\",\"@id\":\"https:\/\/perspetivaatual.pt\/#\/schema\/person\/4c9d5a8b179d047c3220dfa32fd6b658\",\"name\":\"Jo\u00e3o Malainho Perspetiva Atual\",\"image\":{\"@type\":\"ImageObject\",\"inLanguage\":\"pt-PT\",\"@id\":\"https:\/\/perspetivaatual.pt\/#\/schema\/person\/image\/\",\"url\":\"https:\/\/secure.gravatar.com\/avatar\/fd918e8a58374b02896337d62716969a?s=96&d=mm&r=g\",\"contentUrl\":\"https:\/\/secure.gravatar.com\/avatar\/fd918e8a58374b02896337d62716969a?s=96&d=mm&r=g\",\"caption\":\"Jo\u00e3o Malainho Perspetiva Atual\"},\"sameAs\":[\"http:\/\/perspetivaatual.pt\"],\"url\":\"https:\/\/perspetivaatual.pt\/index.php\/author\/joaomalainhoii\/\"}]}<\/script>\n<!-- \/ Yoast SEO plugin. -->","yoast_head_json":{"title":"Escola Superior de Enfermagem de S\u00e3o Jos\u00e9 de Cluny celebra 75 anos de excel\u00eancia no ensino e compromisso social - Perspetiva Atual","description":"A Escola Superior de Enfermagem de S\u00e3o Jos\u00e9 de Cluny (ESESJCluny), da Madeira, completa este ano 75 anos de atividade.","robots":{"index":"index","follow":"follow","max-snippet":"max-snippet:-1","max-image-preview":"max-image-preview:large","max-video-preview":"max-video-preview:-1"},"canonical":"http:\/\/perspetivaatual.pt\/index.php\/2023\/05\/12\/esesjcluny\/","og_locale":"pt_PT","og_type":"article","og_title":"Escola Superior de Enfermagem de S\u00e3o Jos\u00e9 de Cluny celebra 75 anos de excel\u00eancia no ensino e compromisso social - Perspetiva Atual","og_description":"A Escola Superior de Enfermagem de S\u00e3o Jos\u00e9 de Cluny (ESESJCluny), da Madeira, completa este ano 75 anos de atividade.","og_url":"http:\/\/perspetivaatual.pt\/index.php\/2023\/05\/12\/esesjcluny\/","og_site_name":"Perspetiva Atual","article_published_time":"2023-05-12T07:00:00+00:00","article_modified_time":"2023-05-09T14:07:42+00:00","og_image":[{"width":1463,"height":1076,"url":"http:\/\/perspetivaatual.pt\/wp-content\/uploads\/2023\/05\/ClunyExterior-e1683641184242.jpeg","type":"image\/jpeg"}],"author":"Jo\u00e3o Malainho Perspetiva Atual","twitter_card":"summary_large_image","twitter_misc":{"Escrito por":false,"Tempo estimado de leitura":"4 minutos"},"schema":{"@context":"https:\/\/schema.org","@graph":[{"@type":"Article","@id":"http:\/\/perspetivaatual.pt\/index.php\/2023\/05\/12\/esesjcluny\/#article","isPartOf":{"@id":"http:\/\/perspetivaatual.pt\/index.php\/2023\/05\/12\/esesjcluny\/"},"author":{"name":"Jo\u00e3o Malainho Perspetiva Atual","@id":"https:\/\/perspetivaatual.pt\/#\/schema\/person\/4c9d5a8b179d047c3220dfa32fd6b658"},"headline":"Escola Superior de Enfermagem de S\u00e3o Jos\u00e9 de Cluny celebra 75 anos de excel\u00eancia no ensino e compromisso social","datePublished":"2023-05-12T07:00:00+00:00","dateModified":"2023-05-09T14:07:42+00:00","mainEntityOfPage":{"@id":"http:\/\/perspetivaatual.pt\/index.php\/2023\/05\/12\/esesjcluny\/"},"wordCount":1047,"publisher":{"@id":"https:\/\/perspetivaatual.pt\/#organization"},"image":{"@id":"http:\/\/perspetivaatual.pt\/index.php\/2023\/05\/12\/esesjcluny\/#primaryimage"},"thumbnailUrl":"https:\/\/perspetivaatual.pt\/wp-content\/uploads\/2023\/05\/ClunyExterior-e1683641184242.jpeg","keywords":["Enfermagem","ensino","ESESJCluny","Madeira"],"articleSection":["Educa\u00e7\u00e3o"],"inLanguage":"pt-PT"},{"@type":"WebPage","@id":"http:\/\/perspetivaatual.pt\/index.php\/2023\/05\/12\/esesjcluny\/","url":"http:\/\/perspetivaatual.pt\/index.php\/2023\/05\/12\/esesjcluny\/","name":"Escola Superior de Enfermagem de S\u00e3o Jos\u00e9 de Cluny celebra 75 anos de excel\u00eancia no ensino e compromisso social - Perspetiva Atual","isPartOf":{"@id":"https:\/\/perspetivaatual.pt\/#website"},"primaryImageOfPage":{"@id":"http:\/\/perspetivaatual.pt\/index.php\/2023\/05\/12\/esesjcluny\/#primaryimage"},"image":{"@id":"http:\/\/perspetivaatual.pt\/index.php\/2023\/05\/12\/esesjcluny\/#primaryimage"},"thumbnailUrl":"https:\/\/perspetivaatual.pt\/wp-content\/uploads\/2023\/05\/ClunyExterior-e1683641184242.jpeg","datePublished":"2023-05-12T07:00:00+00:00","dateModified":"2023-05-09T14:07:42+00:00","description":"A Escola Superior de Enfermagem de S\u00e3o Jos\u00e9 de Cluny (ESESJCluny), da Madeira, completa este ano 75 anos de atividade.","breadcrumb":{"@id":"http:\/\/perspetivaatual.pt\/index.php\/2023\/05\/12\/esesjcluny\/#breadcrumb"},"inLanguage":"pt-PT","potentialAction":[{"@type":"ReadAction","target":["http:\/\/perspetivaatual.pt\/index.php\/2023\/05\/12\/esesjcluny\/"]}]},{"@type":"ImageObject","inLanguage":"pt-PT","@id":"http:\/\/perspetivaatual.pt\/index.php\/2023\/05\/12\/esesjcluny\/#primaryimage","url":"https:\/\/perspetivaatual.pt\/wp-content\/uploads\/2023\/05\/ClunyExterior-e1683641184242.jpeg","contentUrl":"https:\/\/perspetivaatual.pt\/wp-content\/uploads\/2023\/05\/ClunyExterior-e1683641184242.jpeg","width":1463,"height":1076},{"@type":"BreadcrumbList","@id":"http:\/\/perspetivaatual.pt\/index.php\/2023\/05\/12\/esesjcluny\/#breadcrumb","itemListElement":[{"@type":"ListItem","position":1,"name":"Home","item":"https:\/\/perspetivaatual.pt\/"},{"@type":"ListItem","position":2,"name":"Escola Superior de Enfermagem de S\u00e3o Jos\u00e9 de Cluny celebra 75 anos de excel\u00eancia no ensino e compromisso social"}]},{"@type":"WebSite","@id":"https:\/\/perspetivaatual.pt\/#website","url":"https:\/\/perspetivaatual.pt\/","name":"Perspetiva Atual","description":"Olhar Portugal, de diferentes formas","publisher":{"@id":"https:\/\/perspetivaatual.pt\/#organization"},"potentialAction":[{"@type":"SearchAction","target":{"@type":"EntryPoint","urlTemplate":"https:\/\/perspetivaatual.pt\/?s={search_term_string}"},"query-input":{"@type":"PropertyValueSpecification","valueRequired":true,"valueName":"search_term_string"}}],"inLanguage":"pt-PT"},{"@type":"Organization","@id":"https:\/\/perspetivaatual.pt\/#organization","name":"Perspetiva Atual","url":"https:\/\/perspetivaatual.pt\/","logo":{"@type":"ImageObject","inLanguage":"pt-PT","@id":"https:\/\/perspetivaatual.pt\/#\/schema\/logo\/image\/","url":"https:\/\/perspetivaatual.pt\/wp-content\/uploads\/2020\/08\/cropped-perspetiva_atual-.png","contentUrl":"https:\/\/perspetivaatual.pt\/wp-content\/uploads\/2020\/08\/cropped-perspetiva_atual-.png","width":618,"height":202,"caption":"Perspetiva Atual"},"image":{"@id":"https:\/\/perspetivaatual.pt\/#\/schema\/logo\/image\/"}},{"@type":"Person","@id":"https:\/\/perspetivaatual.pt\/#\/schema\/person\/4c9d5a8b179d047c3220dfa32fd6b658","name":"Jo\u00e3o Malainho Perspetiva Atual","image":{"@type":"ImageObject","inLanguage":"pt-PT","@id":"https:\/\/perspetivaatual.pt\/#\/schema\/person\/image\/","url":"https:\/\/secure.gravatar.com\/avatar\/fd918e8a58374b02896337d62716969a?s=96&d=mm&r=g","contentUrl":"https:\/\/secure.gravatar.com\/avatar\/fd918e8a58374b02896337d62716969a?s=96&d=mm&r=g","caption":"Jo\u00e3o Malainho Perspetiva Atual"},"sameAs":["http:\/\/perspetivaatual.pt"],"url":"https:\/\/perspetivaatual.pt\/index.php\/author\/joaomalainhoii\/"}]}},"featured_image_urls":{"full":["https:\/\/perspetivaatual.pt\/wp-content\/uploads\/2023\/05\/ClunyExterior-e1683641184242.jpeg",1463,1076,false],"thumbnail":["https:\/\/perspetivaatual.pt\/wp-content\/uploads\/2023\/05\/ClunyExterior-e1683641184242-150x150.jpeg",150,150,true],"medium":["https:\/\/perspetivaatual.pt\/wp-content\/uploads\/2023\/05\/ClunyExterior-e1683641184242-300x221.jpeg",300,221,true],"medium_large":["https:\/\/perspetivaatual.pt\/wp-content\/uploads\/2023\/05\/ClunyExterior-e1683641184242-768x565.jpeg",640,471,true],"large":["https:\/\/perspetivaatual.pt\/wp-content\/uploads\/2023\/05\/ClunyExterior-e1683641184242-1024x753.jpeg",640,471,true],"1536x1536":["https:\/\/perspetivaatual.pt\/wp-content\/uploads\/2023\/05\/ClunyExterior-e1683641184242.jpeg",1463,1076,false],"2048x2048":["https:\/\/perspetivaatual.pt\/wp-content\/uploads\/2023\/05\/ClunyExterior-e1683641184242.jpeg",1463,1076,false],"magazine-7-slider-full":["https:\/\/perspetivaatual.pt\/wp-content\/uploads\/2023\/05\/ClunyExterior-e1683641184242-1463x1020.jpeg",1463,1020,true],"magazine-7-slider-center":["https:\/\/perspetivaatual.pt\/wp-content\/uploads\/2023\/05\/ClunyExterior-e1683641184242-936x897.jpeg",936,897,true],"magazine-7-featured":["https:\/\/perspetivaatual.pt\/wp-content\/uploads\/2023\/05\/ClunyExterior-e1683641184242-1024x753.jpeg",1024,753,true],"magazine-7-medium":["https:\/\/perspetivaatual.pt\/wp-content\/uploads\/2023\/05\/ClunyExterior-e1683641184242-720x380.jpeg",720,380,true],"magazine-7-medium-square":["https:\/\/perspetivaatual.pt\/wp-content\/uploads\/2023\/05\/ClunyExterior-e1683641184242-675x450.jpeg",675,450,true],"rpwe-thumbnail":["https:\/\/perspetivaatual.pt\/wp-content\/uploads\/2023\/05\/ClunyExterior-e1683641184242-45x45.jpeg",45,45,true]},"author_info":{"info":[false]},"category_info":"<a href=\"https:\/\/perspetivaatual.pt\/index.php\/category\/educacao\/\" rel=\"category tag\">Educa\u00e7\u00e3o<\/a>","tag_info":"Educa\u00e7\u00e3o","comment_count":"0","_links":{"self":[{"href":"https:\/\/perspetivaatual.pt\/index.php\/wp-json\/wp\/v2\/posts\/2722","targetHints":{"allow":["GET"]}}],"collection":[{"href":"https:\/\/perspetivaatual.pt\/index.php\/wp-json\/wp\/v2\/posts"}],"about":[{"href":"https:\/\/perspetivaatual.pt\/index.php\/wp-json\/wp\/v2\/types\/post"}],"author":[{"embeddable":true,"href":"https:\/\/perspetivaatual.pt\/index.php\/wp-json\/wp\/v2\/users\/5"}],"replies":[{"embeddable":true,"href":"https:\/\/perspetivaatual.pt\/index.php\/wp-json\/wp\/v2\/comments?post=2722"}],"version-history":[{"count":0,"href":"https:\/\/perspetivaatual.pt\/index.php\/wp-json\/wp\/v2\/posts\/2722\/revisions"}],"wp:featuredmedia":[{"embeddable":true,"href":"https:\/\/perspetivaatual.pt\/index.php\/wp-json\/wp\/v2\/media\/2723"}],"wp:attachment":[{"href":"https:\/\/perspetivaatual.pt\/index.php\/wp-json\/wp\/v2\/media?parent=2722"}],"wp:term":[{"taxonomy":"category","embeddable":true,"href":"https:\/\/perspetivaatual.pt\/index.php\/wp-json\/wp\/v2\/categories?post=2722"},{"taxonomy":"post_tag","embeddable":true,"href":"https:\/\/perspetivaatual.pt\/index.php\/wp-json\/wp\/v2\/tags?post=2722"}],"curies":[{"name":"wp","href":"https:\/\/api.w.org\/{rel}","templated":true}]}}