{"id":2845,"date":"2023-07-05T14:19:48","date_gmt":"2023-07-05T14:19:48","guid":{"rendered":"https:\/\/perspetivaatual.pt\/?p=2845"},"modified":"2023-07-17T10:16:08","modified_gmt":"2023-07-17T10:16:08","slug":"universidade-porto-classificacao-qs-world-university","status":"publish","type":"post","link":"https:\/\/perspetivaatual.pt\/index.php\/2023\/07\/05\/universidade-porto-classificacao-qs-world-university\/","title":{"rendered":"Universidade do Porto alcan\u00e7a a sua melhor classifica\u00e7\u00e3o no QS World University Ranking"},"content":{"rendered":"\n<p><strong>A Universidade do Porto conquistou recentemente a melhor classifica\u00e7\u00e3o j\u00e1 obtida por uma institui\u00e7\u00e3o de ensino superior portuguesa no QS World University Ranking (QSWUR), considerado um dos mais respeitados medidores internacionais da qualidade do ensino superior. <\/strong><\/p>\n\n\n\n<p>Com um avan\u00e7o de 21 posi\u00e7\u00f5es em rela\u00e7\u00e3o ao ano anterior, a <a href=\"https:\/\/www.up.pt\/portal\/pt\/\">Universidade do Porto <\/a>agora ocupa a 253\u00aa posi\u00e7\u00e3o mundial, ficando perto do cobi\u00e7ado &#8220;top 250&#8221;.<\/p>\n\n\n\n<p>O <a href=\"https:\/\/www.topuniversities.com\/university-rankings\/world-university-rankings\/2024\" target=\"_blank\" rel=\"noreferrer noopener\">QSWUR 2024<\/a> resulta da avalia\u00e7\u00e3o de desempenho de 2.963 institui\u00e7\u00f5es de ensino superior de 104 pa\u00edses. A avalia\u00e7\u00e3o tem por base nove indicadores. S\u00e3o eles: reputa\u00e7\u00e3o acad\u00e9mica, cita\u00e7\u00f5es por docentes, reputa\u00e7\u00e3o entre empregadores, empregabilidade, propor\u00e7\u00e3o entre corpo docente e estudantes, estudantes internacionais,  docentes internacionais, pesquisa realizada em colabora\u00e7\u00e3o internacional e sustentabilidade.<\/p>\n\n\n\n<p>Ao analisar o desempenho da Universidade do Porto em rela\u00e7\u00e3o aos diferentes par\u00e2metros, o grande destaque vai para a presen\u00e7a no &#8220;top 250&#8221; nos dois indicadores mais relevantes. \u00c9 a 214\u00aa universidade do mundo com a melhor reputa\u00e7\u00e3o acad\u00e9mica e a 219\u00aa com o maior n\u00famero m\u00e9dio de cita\u00e7\u00f5es por docente\/pesquisador.<\/p>\n\n\n\n<p>No entanto, as melhores posi\u00e7\u00f5es da Universidade s\u00e3o registadas nos campos da pesquisa realizada em colabora\u00e7\u00e3o internacional (60\u00aa posi\u00e7\u00e3o globalmente) e <a href=\"https:\/\/perspetivaatual.pt\/index.php\/2023\/07\/04\/universidade-coimbra-lidera-ranking-instituicao-sustentavel-portugal\/\" target=\"_blank\" rel=\"noreferrer noopener\">sustentabilidade <\/a>(167\u00aa). Dois indicadores que foram inclu\u00eddos pela primeira vez na avalia\u00e7\u00e3o da QS.<\/p>\n\n\n\n<h3 class=\"wp-block-heading\"><strong>As posi\u00e7\u00f5es das Universidades Portuguesas no ranking<\/strong><\/h3>\n\n\n\n<p>Em pouco mais de quatro anos, a universidade subiu mais de 100 posi\u00e7\u00f5es na avalia\u00e7\u00e3o anual da QS. Esta foi a primeira vez que figurou entre as melhores 17% das universidades do mundo. Comparada \u00e0s demais institui\u00e7\u00f5es portuguesas classificadas no QSWUR 2024, a U.Porto mant\u00e9m a sua posi\u00e7\u00e3o de lideran\u00e7a. Este ano ultrapassou a Universidade de Lisboa (266\u00aa colocada), com quem chegou a dividir o primeiro lugar na edi\u00e7\u00e3o de 2021 do ranking.<\/p>\n\n\n\n<p>Em seguida, est\u00e3o as universidades de Aveiro (344\u00aa), Coimbra (351\u00aa), Nova de Lisboa (400\u00aa) e Minho (611-620). O ISCTE (751-760) e a Universidade Cat\u00f3lica Portuguesa &#8211; UCP (901-950) tamb\u00e9m surgem na lista.<\/p>\n\n\n\n<p><\/p>\n","protected":false},"excerpt":{"rendered":"<p>A Universidade do Porto conquistou recentemente a melhor classifica\u00e7\u00e3o j\u00e1 obtida por uma institui\u00e7\u00e3o de<\/p>\n","protected":false},"author":5,"featured_media":2846,"comment_status":"closed","ping_status":"open","sticky":false,"template":"","format":"standard","meta":{"footnotes":""},"categories":[14],"tags":[309,312,310,308,311,61,243],"class_list":["post-2845","post","type-post","status-publish","format-standard","has-post-thumbnail","hentry","category-noticias","tag-ensino-superior","tag-lider","tag-qs-world-university-ranking","tag-qs-wur","tag-top-250","tag-universidade","tag-universidade-do-porto"],"yoast_head":"<!-- This site is optimized with the Yoast SEO plugin v24.2 - https:\/\/yoast.com\/wordpress\/plugins\/seo\/ -->\n<title>Universidade do Porto alcan\u00e7a a sua melhor classifica\u00e7\u00e3o no QS World University Ranking - Perspetiva Atual<\/title>\n<meta name=\"description\" content=\"A Universidade do Porto conquistou a melhor classifica\u00e7\u00e3o j\u00e1 obtida por uma institui\u00e7\u00e3o de ensino superior portuguesa no QS World University Ranking.\" \/>\n<meta name=\"robots\" content=\"index, follow, max-snippet:-1, max-image-preview:large, max-video-preview:-1\" \/>\n<link rel=\"canonical\" href=\"https:\/\/perspetivaatual.pt\/index.php\/2023\/07\/05\/universidade-porto-classificacao-qs-world-university\/\" \/>\n<meta property=\"og:locale\" content=\"pt_PT\" \/>\n<meta property=\"og:type\" content=\"article\" \/>\n<meta property=\"og:title\" content=\"Universidade do Porto alcan\u00e7a a sua melhor classifica\u00e7\u00e3o no QS World University Ranking - Perspetiva Atual\" \/>\n<meta property=\"og:description\" content=\"A Universidade do Porto conquistou a melhor classifica\u00e7\u00e3o j\u00e1 obtida por uma institui\u00e7\u00e3o de ensino superior portuguesa no QS World University Ranking.\" \/>\n<meta property=\"og:url\" content=\"https:\/\/perspetivaatual.pt\/index.php\/2023\/07\/05\/universidade-porto-classificacao-qs-world-university\/\" \/>\n<meta property=\"og:site_name\" content=\"Perspetiva Atual\" \/>\n<meta property=\"article:published_time\" content=\"2023-07-05T14:19:48+00:00\" \/>\n<meta property=\"article:modified_time\" content=\"2023-07-17T10:16:08+00:00\" \/>\n<meta property=\"og:image\" content=\"https:\/\/perspetivaatual.pt\/wp-content\/uploads\/2023\/07\/porto-1024x683.png\" \/>\n\t<meta property=\"og:image:width\" content=\"1024\" \/>\n\t<meta property=\"og:image:height\" content=\"683\" \/>\n\t<meta property=\"og:image:type\" content=\"image\/png\" \/>\n<meta name=\"author\" content=\"Jo\u00e3o Malainho Perspetiva Atual\" \/>\n<meta name=\"twitter:card\" content=\"summary_large_image\" \/>\n<meta name=\"twitter:label1\" content=\"Escrito por\" \/>\n\t<meta name=\"twitter:data1\" content=\"\" \/>\n\t<meta name=\"twitter:label2\" content=\"Tempo estimado de leitura\" \/>\n\t<meta name=\"twitter:data2\" content=\"2 minutos\" \/>\n<script type=\"application\/ld+json\" class=\"yoast-schema-graph\">{\"@context\":\"https:\/\/schema.org\",\"@graph\":[{\"@type\":\"Article\",\"@id\":\"https:\/\/perspetivaatual.pt\/index.php\/2023\/07\/05\/universidade-porto-classificacao-qs-world-university\/#article\",\"isPartOf\":{\"@id\":\"https:\/\/perspetivaatual.pt\/index.php\/2023\/07\/05\/universidade-porto-classificacao-qs-world-university\/\"},\"author\":{\"name\":\"Jo\u00e3o Malainho Perspetiva Atual\",\"@id\":\"https:\/\/perspetivaatual.pt\/#\/schema\/person\/4c9d5a8b179d047c3220dfa32fd6b658\"},\"headline\":\"Universidade do Porto alcan\u00e7a a sua melhor classifica\u00e7\u00e3o no QS World University Ranking\",\"datePublished\":\"2023-07-05T14:19:48+00:00\",\"dateModified\":\"2023-07-17T10:16:08+00:00\",\"mainEntityOfPage\":{\"@id\":\"https:\/\/perspetivaatual.pt\/index.php\/2023\/07\/05\/universidade-porto-classificacao-qs-world-university\/\"},\"wordCount\":353,\"publisher\":{\"@id\":\"https:\/\/perspetivaatual.pt\/#organization\"},\"image\":{\"@id\":\"https:\/\/perspetivaatual.pt\/index.php\/2023\/07\/05\/universidade-porto-classificacao-qs-world-university\/#primaryimage\"},\"thumbnailUrl\":\"https:\/\/perspetivaatual.pt\/wp-content\/uploads\/2023\/07\/porto.png\",\"keywords\":[\"Ensino Superior\",\"L\u00edder\",\"QS World University Ranking\",\"QS WUR\",\"Top 250\",\"universidade\",\"Universidade do Porto\"],\"articleSection\":[\"Not\u00edcias\"],\"inLanguage\":\"pt-PT\"},{\"@type\":\"WebPage\",\"@id\":\"https:\/\/perspetivaatual.pt\/index.php\/2023\/07\/05\/universidade-porto-classificacao-qs-world-university\/\",\"url\":\"https:\/\/perspetivaatual.pt\/index.php\/2023\/07\/05\/universidade-porto-classificacao-qs-world-university\/\",\"name\":\"Universidade do Porto alcan\u00e7a a sua melhor classifica\u00e7\u00e3o no QS World University Ranking - Perspetiva Atual\",\"isPartOf\":{\"@id\":\"https:\/\/perspetivaatual.pt\/#website\"},\"primaryImageOfPage\":{\"@id\":\"https:\/\/perspetivaatual.pt\/index.php\/2023\/07\/05\/universidade-porto-classificacao-qs-world-university\/#primaryimage\"},\"image\":{\"@id\":\"https:\/\/perspetivaatual.pt\/index.php\/2023\/07\/05\/universidade-porto-classificacao-qs-world-university\/#primaryimage\"},\"thumbnailUrl\":\"https:\/\/perspetivaatual.pt\/wp-content\/uploads\/2023\/07\/porto.png\",\"datePublished\":\"2023-07-05T14:19:48+00:00\",\"dateModified\":\"2023-07-17T10:16:08+00:00\",\"description\":\"A Universidade do Porto conquistou a melhor classifica\u00e7\u00e3o j\u00e1 obtida por uma institui\u00e7\u00e3o de ensino superior portuguesa no QS World University Ranking.\",\"breadcrumb\":{\"@id\":\"https:\/\/perspetivaatual.pt\/index.php\/2023\/07\/05\/universidade-porto-classificacao-qs-world-university\/#breadcrumb\"},\"inLanguage\":\"pt-PT\",\"potentialAction\":[{\"@type\":\"ReadAction\",\"target\":[\"https:\/\/perspetivaatual.pt\/index.php\/2023\/07\/05\/universidade-porto-classificacao-qs-world-university\/\"]}]},{\"@type\":\"ImageObject\",\"inLanguage\":\"pt-PT\",\"@id\":\"https:\/\/perspetivaatual.pt\/index.php\/2023\/07\/05\/universidade-porto-classificacao-qs-world-university\/#primaryimage\",\"url\":\"https:\/\/perspetivaatual.pt\/wp-content\/uploads\/2023\/07\/porto.png\",\"contentUrl\":\"https:\/\/perspetivaatual.pt\/wp-content\/uploads\/2023\/07\/porto.png\",\"width\":1533,\"height\":1022,\"caption\":\"Imagem de vwalakte no Freepik\"},{\"@type\":\"BreadcrumbList\",\"@id\":\"https:\/\/perspetivaatual.pt\/index.php\/2023\/07\/05\/universidade-porto-classificacao-qs-world-university\/#breadcrumb\",\"itemListElement\":[{\"@type\":\"ListItem\",\"position\":1,\"name\":\"Home\",\"item\":\"https:\/\/perspetivaatual.pt\/\"},{\"@type\":\"ListItem\",\"position\":2,\"name\":\"Universidade do Porto alcan\u00e7a a sua melhor classifica\u00e7\u00e3o no QS World University Ranking\"}]},{\"@type\":\"WebSite\",\"@id\":\"https:\/\/perspetivaatual.pt\/#website\",\"url\":\"https:\/\/perspetivaatual.pt\/\",\"name\":\"Perspetiva Atual\",\"description\":\"Olhar Portugal, de diferentes formas\",\"publisher\":{\"@id\":\"https:\/\/perspetivaatual.pt\/#organization\"},\"potentialAction\":[{\"@type\":\"SearchAction\",\"target\":{\"@type\":\"EntryPoint\",\"urlTemplate\":\"https:\/\/perspetivaatual.pt\/?s={search_term_string}\"},\"query-input\":{\"@type\":\"PropertyValueSpecification\",\"valueRequired\":true,\"valueName\":\"search_term_string\"}}],\"inLanguage\":\"pt-PT\"},{\"@type\":\"Organization\",\"@id\":\"https:\/\/perspetivaatual.pt\/#organization\",\"name\":\"Perspetiva Atual\",\"url\":\"https:\/\/perspetivaatual.pt\/\",\"logo\":{\"@type\":\"ImageObject\",\"inLanguage\":\"pt-PT\",\"@id\":\"https:\/\/perspetivaatual.pt\/#\/schema\/logo\/image\/\",\"url\":\"https:\/\/perspetivaatual.pt\/wp-content\/uploads\/2020\/08\/cropped-perspetiva_atual-.png\",\"contentUrl\":\"https:\/\/perspetivaatual.pt\/wp-content\/uploads\/2020\/08\/cropped-perspetiva_atual-.png\",\"width\":618,\"height\":202,\"caption\":\"Perspetiva Atual\"},\"image\":{\"@id\":\"https:\/\/perspetivaatual.pt\/#\/schema\/logo\/image\/\"}},{\"@type\":\"Person\",\"@id\":\"https:\/\/perspetivaatual.pt\/#\/schema\/person\/4c9d5a8b179d047c3220dfa32fd6b658\",\"name\":\"Jo\u00e3o Malainho Perspetiva Atual\",\"image\":{\"@type\":\"ImageObject\",\"inLanguage\":\"pt-PT\",\"@id\":\"https:\/\/perspetivaatual.pt\/#\/schema\/person\/image\/\",\"url\":\"https:\/\/secure.gravatar.com\/avatar\/fd918e8a58374b02896337d62716969a?s=96&d=mm&r=g\",\"contentUrl\":\"https:\/\/secure.gravatar.com\/avatar\/fd918e8a58374b02896337d62716969a?s=96&d=mm&r=g\",\"caption\":\"Jo\u00e3o Malainho Perspetiva Atual\"},\"sameAs\":[\"http:\/\/perspetivaatual.pt\"],\"url\":\"https:\/\/perspetivaatual.pt\/index.php\/author\/joaomalainhoii\/\"}]}<\/script>\n<!-- \/ Yoast SEO plugin. -->","yoast_head_json":{"title":"Universidade do Porto alcan\u00e7a a sua melhor classifica\u00e7\u00e3o no QS World University Ranking - Perspetiva Atual","description":"A Universidade do Porto conquistou a melhor classifica\u00e7\u00e3o j\u00e1 obtida por uma institui\u00e7\u00e3o de ensino superior portuguesa no QS World University Ranking.","robots":{"index":"index","follow":"follow","max-snippet":"max-snippet:-1","max-image-preview":"max-image-preview:large","max-video-preview":"max-video-preview:-1"},"canonical":"https:\/\/perspetivaatual.pt\/index.php\/2023\/07\/05\/universidade-porto-classificacao-qs-world-university\/","og_locale":"pt_PT","og_type":"article","og_title":"Universidade do Porto alcan\u00e7a a sua melhor classifica\u00e7\u00e3o no QS World University Ranking - Perspetiva Atual","og_description":"A Universidade do Porto conquistou a melhor classifica\u00e7\u00e3o j\u00e1 obtida por uma institui\u00e7\u00e3o de ensino superior portuguesa no QS World University Ranking.","og_url":"https:\/\/perspetivaatual.pt\/index.php\/2023\/07\/05\/universidade-porto-classificacao-qs-world-university\/","og_site_name":"Perspetiva Atual","article_published_time":"2023-07-05T14:19:48+00:00","article_modified_time":"2023-07-17T10:16:08+00:00","og_image":[{"width":1024,"height":683,"url":"https:\/\/perspetivaatual.pt\/wp-content\/uploads\/2023\/07\/porto-1024x683.png","type":"image\/png"}],"author":"Jo\u00e3o Malainho Perspetiva Atual","twitter_card":"summary_large_image","twitter_misc":{"Escrito por":false,"Tempo estimado de leitura":"2 minutos"},"schema":{"@context":"https:\/\/schema.org","@graph":[{"@type":"Article","@id":"https:\/\/perspetivaatual.pt\/index.php\/2023\/07\/05\/universidade-porto-classificacao-qs-world-university\/#article","isPartOf":{"@id":"https:\/\/perspetivaatual.pt\/index.php\/2023\/07\/05\/universidade-porto-classificacao-qs-world-university\/"},"author":{"name":"Jo\u00e3o Malainho Perspetiva Atual","@id":"https:\/\/perspetivaatual.pt\/#\/schema\/person\/4c9d5a8b179d047c3220dfa32fd6b658"},"headline":"Universidade do Porto alcan\u00e7a a sua melhor classifica\u00e7\u00e3o no QS World University Ranking","datePublished":"2023-07-05T14:19:48+00:00","dateModified":"2023-07-17T10:16:08+00:00","mainEntityOfPage":{"@id":"https:\/\/perspetivaatual.pt\/index.php\/2023\/07\/05\/universidade-porto-classificacao-qs-world-university\/"},"wordCount":353,"publisher":{"@id":"https:\/\/perspetivaatual.pt\/#organization"},"image":{"@id":"https:\/\/perspetivaatual.pt\/index.php\/2023\/07\/05\/universidade-porto-classificacao-qs-world-university\/#primaryimage"},"thumbnailUrl":"https:\/\/perspetivaatual.pt\/wp-content\/uploads\/2023\/07\/porto.png","keywords":["Ensino Superior","L\u00edder","QS World University Ranking","QS WUR","Top 250","universidade","Universidade do Porto"],"articleSection":["Not\u00edcias"],"inLanguage":"pt-PT"},{"@type":"WebPage","@id":"https:\/\/perspetivaatual.pt\/index.php\/2023\/07\/05\/universidade-porto-classificacao-qs-world-university\/","url":"https:\/\/perspetivaatual.pt\/index.php\/2023\/07\/05\/universidade-porto-classificacao-qs-world-university\/","name":"Universidade do Porto alcan\u00e7a a sua melhor classifica\u00e7\u00e3o no QS World University Ranking - Perspetiva Atual","isPartOf":{"@id":"https:\/\/perspetivaatual.pt\/#website"},"primaryImageOfPage":{"@id":"https:\/\/perspetivaatual.pt\/index.php\/2023\/07\/05\/universidade-porto-classificacao-qs-world-university\/#primaryimage"},"image":{"@id":"https:\/\/perspetivaatual.pt\/index.php\/2023\/07\/05\/universidade-porto-classificacao-qs-world-university\/#primaryimage"},"thumbnailUrl":"https:\/\/perspetivaatual.pt\/wp-content\/uploads\/2023\/07\/porto.png","datePublished":"2023-07-05T14:19:48+00:00","dateModified":"2023-07-17T10:16:08+00:00","description":"A Universidade do Porto conquistou a melhor classifica\u00e7\u00e3o j\u00e1 obtida por uma institui\u00e7\u00e3o de ensino superior portuguesa no QS World University Ranking.","breadcrumb":{"@id":"https:\/\/perspetivaatual.pt\/index.php\/2023\/07\/05\/universidade-porto-classificacao-qs-world-university\/#breadcrumb"},"inLanguage":"pt-PT","potentialAction":[{"@type":"ReadAction","target":["https:\/\/perspetivaatual.pt\/index.php\/2023\/07\/05\/universidade-porto-classificacao-qs-world-university\/"]}]},{"@type":"ImageObject","inLanguage":"pt-PT","@id":"https:\/\/perspetivaatual.pt\/index.php\/2023\/07\/05\/universidade-porto-classificacao-qs-world-university\/#primaryimage","url":"https:\/\/perspetivaatual.pt\/wp-content\/uploads\/2023\/07\/porto.png","contentUrl":"https:\/\/perspetivaatual.pt\/wp-content\/uploads\/2023\/07\/porto.png","width":1533,"height":1022,"caption":"Imagem de vwalakte no Freepik"},{"@type":"BreadcrumbList","@id":"https:\/\/perspetivaatual.pt\/index.php\/2023\/07\/05\/universidade-porto-classificacao-qs-world-university\/#breadcrumb","itemListElement":[{"@type":"ListItem","position":1,"name":"Home","item":"https:\/\/perspetivaatual.pt\/"},{"@type":"ListItem","position":2,"name":"Universidade do Porto alcan\u00e7a a sua melhor classifica\u00e7\u00e3o no QS World University Ranking"}]},{"@type":"WebSite","@id":"https:\/\/perspetivaatual.pt\/#website","url":"https:\/\/perspetivaatual.pt\/","name":"Perspetiva Atual","description":"Olhar Portugal, de diferentes formas","publisher":{"@id":"https:\/\/perspetivaatual.pt\/#organization"},"potentialAction":[{"@type":"SearchAction","target":{"@type":"EntryPoint","urlTemplate":"https:\/\/perspetivaatual.pt\/?s={search_term_string}"},"query-input":{"@type":"PropertyValueSpecification","valueRequired":true,"valueName":"search_term_string"}}],"inLanguage":"pt-PT"},{"@type":"Organization","@id":"https:\/\/perspetivaatual.pt\/#organization","name":"Perspetiva Atual","url":"https:\/\/perspetivaatual.pt\/","logo":{"@type":"ImageObject","inLanguage":"pt-PT","@id":"https:\/\/perspetivaatual.pt\/#\/schema\/logo\/image\/","url":"https:\/\/perspetivaatual.pt\/wp-content\/uploads\/2020\/08\/cropped-perspetiva_atual-.png","contentUrl":"https:\/\/perspetivaatual.pt\/wp-content\/uploads\/2020\/08\/cropped-perspetiva_atual-.png","width":618,"height":202,"caption":"Perspetiva Atual"},"image":{"@id":"https:\/\/perspetivaatual.pt\/#\/schema\/logo\/image\/"}},{"@type":"Person","@id":"https:\/\/perspetivaatual.pt\/#\/schema\/person\/4c9d5a8b179d047c3220dfa32fd6b658","name":"Jo\u00e3o Malainho Perspetiva Atual","image":{"@type":"ImageObject","inLanguage":"pt-PT","@id":"https:\/\/perspetivaatual.pt\/#\/schema\/person\/image\/","url":"https:\/\/secure.gravatar.com\/avatar\/fd918e8a58374b02896337d62716969a?s=96&d=mm&r=g","contentUrl":"https:\/\/secure.gravatar.com\/avatar\/fd918e8a58374b02896337d62716969a?s=96&d=mm&r=g","caption":"Jo\u00e3o Malainho Perspetiva Atual"},"sameAs":["http:\/\/perspetivaatual.pt"],"url":"https:\/\/perspetivaatual.pt\/index.php\/author\/joaomalainhoii\/"}]}},"featured_image_urls":{"full":["https:\/\/perspetivaatual.pt\/wp-content\/uploads\/2023\/07\/porto.png",1533,1022,false],"thumbnail":["https:\/\/perspetivaatual.pt\/wp-content\/uploads\/2023\/07\/porto-150x150.png",150,150,true],"medium":["https:\/\/perspetivaatual.pt\/wp-content\/uploads\/2023\/07\/porto-300x200.png",300,200,true],"medium_large":["https:\/\/perspetivaatual.pt\/wp-content\/uploads\/2023\/07\/porto-768x512.png",640,427,true],"large":["https:\/\/perspetivaatual.pt\/wp-content\/uploads\/2023\/07\/porto-1024x683.png",640,427,true],"1536x1536":["https:\/\/perspetivaatual.pt\/wp-content\/uploads\/2023\/07\/porto.png",1533,1022,false],"2048x2048":["https:\/\/perspetivaatual.pt\/wp-content\/uploads\/2023\/07\/porto.png",1533,1022,false],"magazine-7-slider-full":["https:\/\/perspetivaatual.pt\/wp-content\/uploads\/2023\/07\/porto-1533x1020.png",1533,1020,true],"magazine-7-slider-center":["https:\/\/perspetivaatual.pt\/wp-content\/uploads\/2023\/07\/porto-936x897.png",936,897,true],"magazine-7-featured":["https:\/\/perspetivaatual.pt\/wp-content\/uploads\/2023\/07\/porto-1024x683.png",1024,683,true],"magazine-7-medium":["https:\/\/perspetivaatual.pt\/wp-content\/uploads\/2023\/07\/porto-720x380.png",720,380,true],"magazine-7-medium-square":["https:\/\/perspetivaatual.pt\/wp-content\/uploads\/2023\/07\/porto-675x450.png",675,450,true],"rpwe-thumbnail":["https:\/\/perspetivaatual.pt\/wp-content\/uploads\/2023\/07\/porto-45x45.png",45,45,true]},"author_info":{"info":[false]},"category_info":"<a href=\"https:\/\/perspetivaatual.pt\/index.php\/category\/noticias\/\" rel=\"category tag\">Not\u00edcias<\/a>","tag_info":"Not\u00edcias","comment_count":"0","_links":{"self":[{"href":"https:\/\/perspetivaatual.pt\/index.php\/wp-json\/wp\/v2\/posts\/2845","targetHints":{"allow":["GET"]}}],"collection":[{"href":"https:\/\/perspetivaatual.pt\/index.php\/wp-json\/wp\/v2\/posts"}],"about":[{"href":"https:\/\/perspetivaatual.pt\/index.php\/wp-json\/wp\/v2\/types\/post"}],"author":[{"embeddable":true,"href":"https:\/\/perspetivaatual.pt\/index.php\/wp-json\/wp\/v2\/users\/5"}],"replies":[{"embeddable":true,"href":"https:\/\/perspetivaatual.pt\/index.php\/wp-json\/wp\/v2\/comments?post=2845"}],"version-history":[{"count":0,"href":"https:\/\/perspetivaatual.pt\/index.php\/wp-json\/wp\/v2\/posts\/2845\/revisions"}],"wp:featuredmedia":[{"embeddable":true,"href":"https:\/\/perspetivaatual.pt\/index.php\/wp-json\/wp\/v2\/media\/2846"}],"wp:attachment":[{"href":"https:\/\/perspetivaatual.pt\/index.php\/wp-json\/wp\/v2\/media?parent=2845"}],"wp:term":[{"taxonomy":"category","embeddable":true,"href":"https:\/\/perspetivaatual.pt\/index.php\/wp-json\/wp\/v2\/categories?post=2845"},{"taxonomy":"post_tag","embeddable":true,"href":"https:\/\/perspetivaatual.pt\/index.php\/wp-json\/wp\/v2\/tags?post=2845"}],"curies":[{"name":"wp","href":"https:\/\/api.w.org\/{rel}","templated":true}]}}