{"id":3054,"date":"2023-08-28T17:10:53","date_gmt":"2023-08-28T17:10:53","guid":{"rendered":"https:\/\/perspetivaatual.pt\/?p=3054"},"modified":"2023-08-28T17:14:45","modified_gmt":"2023-08-28T17:14:45","slug":"50-mil-estudantes-na-primeira-fase-do-concurso","status":"publish","type":"post","link":"https:\/\/perspetivaatual.pt\/index.php\/2023\/08\/28\/50-mil-estudantes-na-primeira-fase-do-concurso\/","title":{"rendered":"Quase 50 mil alunos colocados na primeira fase do Concurso Nacional de Acesso ao Ensino Superior"},"content":{"rendered":"\n<p><strong>Cerca de 50 mil estudantes asseguraram o seu lugar na primeira fase do Concurso Nacional de Acesso ao Ensino Superior (CNAES), revelando um ligeiro decr\u00e9scimo em rela\u00e7\u00e3o ao ano anterior. Essa cifra traduz a conquista de 84% dos candidatos que almejavam uma vaga nas institui\u00e7\u00f5es de ensino superior do pa\u00eds.<\/strong><\/p>\n\n\n\n<p>Segundo dados divulgados pelo Minist\u00e9rio da Ci\u00eancia, Tecnologia e Ensino Superior (MCTES), dos 59.073 alunos que submeteram candidaturas, 49.438 garantiram a sua coloca\u00e7\u00e3o. Este n\u00famero representa uma diminui\u00e7\u00e3o de 0,7% em rela\u00e7\u00e3o \u00e0 mesma fase do processo seletivo no ano passado.<\/p>\n\n\n\n<p>\u00c9 digno de nota que mais de metade dos concorrentes (56%) conseguiram alcan\u00e7ar a sua primeira escolha de curso, enquanto impressionantes 87% conseguiram um lugar numa das tr\u00eas op\u00e7\u00f5es iniciais.<\/p>\n\n\n\n<p>Na avalia\u00e7\u00e3o dos cursos superiores dispon\u00edveis nesta fase, a grande maioria preencheu todas as suas vagas, restando apenas 305 cursos com lugares ainda dispon\u00edveis.<\/p>\n\n\n\n<p>Para a segunda fase do CNAES, que tem in\u00edcio hoje, dia 28 de agosto, est\u00e3o dispon\u00edveis 5.212 vagas. Contudo, esse n\u00famero representa uma redu\u00e7\u00e3o de 1,4% em compara\u00e7\u00e3o ao ano anterior.<\/p>\n\n\n\n<p>Quatro institui\u00e7\u00f5es de ensino superior apresentam, neste momento, um preenchimento total de vagas: as Escolas Superiores de Enfermagem de Lisboa, Porto e Coimbra, juntamente com o ISCTE \u2013 Instituto Universit\u00e1rio de Lisboa.<\/p>\n\n\n\n<p>Destaca-se que alguns institutos polit\u00e9cnicos continuam a ser menos procurados, resultando em mais vagas dispon\u00edveis. O Instituto Polit\u00e9cnico de Bragan\u00e7a lidera esse cen\u00e1rio com 944 lugares, seguido pelos institutos de Viseu (462) e Braga (339 lugares).<\/p>\n\n\n\n<p>As universidades de Lisboa, Porto e Coimbra foram as que mais abriram vagas na primeira fase do CNAES, com 7.424, 4.706 e 3.396 lugares, respetivamente. N\u00e3o surpreendentemente, estas institui\u00e7\u00f5es tamb\u00e9m foram as mais desejadas, com um grande n\u00famero de estudantes a colocarem os seus cursos como primeira op\u00e7\u00e3o: 9.066 candidatos escolheram a Universidade de Lisboa, enquanto 7.576 optaram pela Universidade do Porto.<\/p>\n\n\n\n<p>Os dados divulgados pelo MCTES revelam que, mais uma vez, h\u00e1 cursos para os quais n\u00e3o houve candidaturas. Foram identificados 38 cursos nessa situa\u00e7\u00e3o, a maioria deles em institutos polit\u00e9cnicos e nas \u00e1reas de engenharia.<\/p>\n\n\n\n<p>Em contraste, os cursos de Engenharia Aeroespacial mant\u00eam-se como os mais procurados, apresentando as m\u00e9dias de entrada mais elevadas. Dentro deste grupo de 14 cursos &#8211; onde tamb\u00e9m se inclui Medicina &#8211; apenas os alunos com uma m\u00e9dia superior a 18 valores conseguiram vagas.<\/p>\n\n\n\n<p>Os candidatos que pretendam participar na segunda fase t\u00eam at\u00e9 5 de setembro para submeterem as suas candidaturas. As aproximadamente cinco mil vagas remanescentes da primeira fase tamb\u00e9m est\u00e3o dispon\u00edveis no website da DGES. No dia 4 de setembro, ser\u00e3o anunciadas as vagas que, embora previamente ocupadas, n\u00e3o receberam matr\u00edcula ou inscri\u00e7\u00e3o por parte dos alunos, voltando assim a estar dispon\u00edveis.<\/p>\n","protected":false},"excerpt":{"rendered":"<p>Cerca de 50 mil estudantes asseguraram o seu lugar na primeira fase do Concurso Nacional<\/p>\n","protected":false},"author":5,"featured_media":3055,"comment_status":"open","ping_status":"open","sticky":false,"template":"","format":"standard","meta":{"footnotes":""},"categories":[14],"tags":[351,382,66,350,55,69,381,228,61],"class_list":["post-3054","post","type-post","status-publish","format-standard","has-post-thumbnail","hentry","category-noticias","tag-candidaturas","tag-cnaes","tag-coimbra","tag-dges","tag-ensino","tag-lisboa","tag-mctes","tag-porto","tag-universidade"],"yoast_head":"<!-- This site is optimized with the Yoast SEO plugin v24.2 - https:\/\/yoast.com\/wordpress\/plugins\/seo\/ -->\n<title>Quase 50 mil alunos colocados na primeira fase do Concurso Nacional de Acesso ao Ensino Superior - Perspetiva Atual<\/title>\n<meta name=\"description\" content=\"Cerca de 50 mil estudantes asseguraram o seu lugar na primeira fase do Concurso Nacional de Acesso ao Ensino Superior (CNAES).\" \/>\n<meta name=\"robots\" content=\"index, follow, max-snippet:-1, max-image-preview:large, max-video-preview:-1\" \/>\n<link rel=\"canonical\" href=\"https:\/\/perspetivaatual.pt\/index.php\/2023\/08\/28\/50-mil-estudantes-na-primeira-fase-do-concurso\/\" \/>\n<meta property=\"og:locale\" content=\"pt_PT\" \/>\n<meta property=\"og:type\" content=\"article\" \/>\n<meta property=\"og:title\" content=\"Quase 50 mil alunos colocados na primeira fase do Concurso Nacional de Acesso ao Ensino Superior - Perspetiva Atual\" \/>\n<meta property=\"og:description\" content=\"Cerca de 50 mil estudantes asseguraram o seu lugar na primeira fase do Concurso Nacional de Acesso ao Ensino Superior (CNAES).\" \/>\n<meta property=\"og:url\" content=\"https:\/\/perspetivaatual.pt\/index.php\/2023\/08\/28\/50-mil-estudantes-na-primeira-fase-do-concurso\/\" \/>\n<meta property=\"og:site_name\" content=\"Perspetiva Atual\" \/>\n<meta property=\"article:published_time\" content=\"2023-08-28T17:10:53+00:00\" \/>\n<meta property=\"article:modified_time\" content=\"2023-08-28T17:14:45+00:00\" \/>\n<meta property=\"og:image\" content=\"https:\/\/perspetivaatual.pt\/wp-content\/uploads\/2023\/08\/kenny-eliason-1-aA2Fadydc-unsplash-scaled.jpg\" \/>\n\t<meta property=\"og:image:width\" content=\"2560\" \/>\n\t<meta property=\"og:image:height\" content=\"1707\" \/>\n\t<meta property=\"og:image:type\" content=\"image\/jpeg\" \/>\n<meta name=\"author\" content=\"Jo\u00e3o Malainho Perspetiva Atual\" \/>\n<meta name=\"twitter:card\" content=\"summary_large_image\" \/>\n<meta name=\"twitter:label1\" content=\"Escrito por\" \/>\n\t<meta name=\"twitter:data1\" content=\"\" \/>\n\t<meta name=\"twitter:label2\" content=\"Tempo estimado de leitura\" \/>\n\t<meta name=\"twitter:data2\" content=\"3 minutos\" \/>\n<script type=\"application\/ld+json\" class=\"yoast-schema-graph\">{\"@context\":\"https:\/\/schema.org\",\"@graph\":[{\"@type\":\"Article\",\"@id\":\"https:\/\/perspetivaatual.pt\/index.php\/2023\/08\/28\/50-mil-estudantes-na-primeira-fase-do-concurso\/#article\",\"isPartOf\":{\"@id\":\"https:\/\/perspetivaatual.pt\/index.php\/2023\/08\/28\/50-mil-estudantes-na-primeira-fase-do-concurso\/\"},\"author\":{\"name\":\"Jo\u00e3o Malainho Perspetiva Atual\",\"@id\":\"https:\/\/perspetivaatual.pt\/#\/schema\/person\/4c9d5a8b179d047c3220dfa32fd6b658\"},\"headline\":\"Quase 50 mil alunos colocados na primeira fase do Concurso Nacional de Acesso ao Ensino Superior\",\"datePublished\":\"2023-08-28T17:10:53+00:00\",\"dateModified\":\"2023-08-28T17:14:45+00:00\",\"mainEntityOfPage\":{\"@id\":\"https:\/\/perspetivaatual.pt\/index.php\/2023\/08\/28\/50-mil-estudantes-na-primeira-fase-do-concurso\/\"},\"wordCount\":484,\"commentCount\":0,\"publisher\":{\"@id\":\"https:\/\/perspetivaatual.pt\/#organization\"},\"image\":{\"@id\":\"https:\/\/perspetivaatual.pt\/index.php\/2023\/08\/28\/50-mil-estudantes-na-primeira-fase-do-concurso\/#primaryimage\"},\"thumbnailUrl\":\"https:\/\/perspetivaatual.pt\/wp-content\/uploads\/2023\/08\/kenny-eliason-1-aA2Fadydc-unsplash-scaled.jpg\",\"keywords\":[\"Candidaturas\",\"CNAES\",\"coimbra\",\"DGES\",\"ensino\",\"Lisboa\",\"MCTES\",\"Porto\",\"universidade\"],\"articleSection\":[\"Not\u00edcias\"],\"inLanguage\":\"pt-PT\",\"potentialAction\":[{\"@type\":\"CommentAction\",\"name\":\"Comment\",\"target\":[\"https:\/\/perspetivaatual.pt\/index.php\/2023\/08\/28\/50-mil-estudantes-na-primeira-fase-do-concurso\/#respond\"]}]},{\"@type\":\"WebPage\",\"@id\":\"https:\/\/perspetivaatual.pt\/index.php\/2023\/08\/28\/50-mil-estudantes-na-primeira-fase-do-concurso\/\",\"url\":\"https:\/\/perspetivaatual.pt\/index.php\/2023\/08\/28\/50-mil-estudantes-na-primeira-fase-do-concurso\/\",\"name\":\"Quase 50 mil alunos colocados na primeira fase do Concurso Nacional de Acesso ao Ensino Superior - Perspetiva Atual\",\"isPartOf\":{\"@id\":\"https:\/\/perspetivaatual.pt\/#website\"},\"primaryImageOfPage\":{\"@id\":\"https:\/\/perspetivaatual.pt\/index.php\/2023\/08\/28\/50-mil-estudantes-na-primeira-fase-do-concurso\/#primaryimage\"},\"image\":{\"@id\":\"https:\/\/perspetivaatual.pt\/index.php\/2023\/08\/28\/50-mil-estudantes-na-primeira-fase-do-concurso\/#primaryimage\"},\"thumbnailUrl\":\"https:\/\/perspetivaatual.pt\/wp-content\/uploads\/2023\/08\/kenny-eliason-1-aA2Fadydc-unsplash-scaled.jpg\",\"datePublished\":\"2023-08-28T17:10:53+00:00\",\"dateModified\":\"2023-08-28T17:14:45+00:00\",\"description\":\"Cerca de 50 mil estudantes asseguraram o seu lugar na primeira fase do Concurso Nacional de Acesso ao Ensino Superior (CNAES).\",\"breadcrumb\":{\"@id\":\"https:\/\/perspetivaatual.pt\/index.php\/2023\/08\/28\/50-mil-estudantes-na-primeira-fase-do-concurso\/#breadcrumb\"},\"inLanguage\":\"pt-PT\",\"potentialAction\":[{\"@type\":\"ReadAction\",\"target\":[\"https:\/\/perspetivaatual.pt\/index.php\/2023\/08\/28\/50-mil-estudantes-na-primeira-fase-do-concurso\/\"]}]},{\"@type\":\"ImageObject\",\"inLanguage\":\"pt-PT\",\"@id\":\"https:\/\/perspetivaatual.pt\/index.php\/2023\/08\/28\/50-mil-estudantes-na-primeira-fase-do-concurso\/#primaryimage\",\"url\":\"https:\/\/perspetivaatual.pt\/wp-content\/uploads\/2023\/08\/kenny-eliason-1-aA2Fadydc-unsplash-scaled.jpg\",\"contentUrl\":\"https:\/\/perspetivaatual.pt\/wp-content\/uploads\/2023\/08\/kenny-eliason-1-aA2Fadydc-unsplash-scaled.jpg\",\"width\":2560,\"height\":1707},{\"@type\":\"BreadcrumbList\",\"@id\":\"https:\/\/perspetivaatual.pt\/index.php\/2023\/08\/28\/50-mil-estudantes-na-primeira-fase-do-concurso\/#breadcrumb\",\"itemListElement\":[{\"@type\":\"ListItem\",\"position\":1,\"name\":\"Home\",\"item\":\"https:\/\/perspetivaatual.pt\/\"},{\"@type\":\"ListItem\",\"position\":2,\"name\":\"Quase 50 mil alunos colocados na primeira fase do Concurso Nacional de Acesso ao Ensino Superior\"}]},{\"@type\":\"WebSite\",\"@id\":\"https:\/\/perspetivaatual.pt\/#website\",\"url\":\"https:\/\/perspetivaatual.pt\/\",\"name\":\"Perspetiva Atual\",\"description\":\"Olhar Portugal, de diferentes formas\",\"publisher\":{\"@id\":\"https:\/\/perspetivaatual.pt\/#organization\"},\"potentialAction\":[{\"@type\":\"SearchAction\",\"target\":{\"@type\":\"EntryPoint\",\"urlTemplate\":\"https:\/\/perspetivaatual.pt\/?s={search_term_string}\"},\"query-input\":{\"@type\":\"PropertyValueSpecification\",\"valueRequired\":true,\"valueName\":\"search_term_string\"}}],\"inLanguage\":\"pt-PT\"},{\"@type\":\"Organization\",\"@id\":\"https:\/\/perspetivaatual.pt\/#organization\",\"name\":\"Perspetiva Atual\",\"url\":\"https:\/\/perspetivaatual.pt\/\",\"logo\":{\"@type\":\"ImageObject\",\"inLanguage\":\"pt-PT\",\"@id\":\"https:\/\/perspetivaatual.pt\/#\/schema\/logo\/image\/\",\"url\":\"https:\/\/perspetivaatual.pt\/wp-content\/uploads\/2020\/08\/cropped-perspetiva_atual-.png\",\"contentUrl\":\"https:\/\/perspetivaatual.pt\/wp-content\/uploads\/2020\/08\/cropped-perspetiva_atual-.png\",\"width\":618,\"height\":202,\"caption\":\"Perspetiva Atual\"},\"image\":{\"@id\":\"https:\/\/perspetivaatual.pt\/#\/schema\/logo\/image\/\"}},{\"@type\":\"Person\",\"@id\":\"https:\/\/perspetivaatual.pt\/#\/schema\/person\/4c9d5a8b179d047c3220dfa32fd6b658\",\"name\":\"Jo\u00e3o Malainho Perspetiva Atual\",\"image\":{\"@type\":\"ImageObject\",\"inLanguage\":\"pt-PT\",\"@id\":\"https:\/\/perspetivaatual.pt\/#\/schema\/person\/image\/\",\"url\":\"https:\/\/secure.gravatar.com\/avatar\/fd918e8a58374b02896337d62716969a?s=96&d=mm&r=g\",\"contentUrl\":\"https:\/\/secure.gravatar.com\/avatar\/fd918e8a58374b02896337d62716969a?s=96&d=mm&r=g\",\"caption\":\"Jo\u00e3o Malainho Perspetiva Atual\"},\"sameAs\":[\"http:\/\/perspetivaatual.pt\"],\"url\":\"https:\/\/perspetivaatual.pt\/index.php\/author\/joaomalainhoii\/\"}]}<\/script>\n<!-- \/ Yoast SEO plugin. -->","yoast_head_json":{"title":"Quase 50 mil alunos colocados na primeira fase do Concurso Nacional de Acesso ao Ensino Superior - Perspetiva Atual","description":"Cerca de 50 mil estudantes asseguraram o seu lugar na primeira fase do Concurso Nacional de Acesso ao Ensino Superior (CNAES).","robots":{"index":"index","follow":"follow","max-snippet":"max-snippet:-1","max-image-preview":"max-image-preview:large","max-video-preview":"max-video-preview:-1"},"canonical":"https:\/\/perspetivaatual.pt\/index.php\/2023\/08\/28\/50-mil-estudantes-na-primeira-fase-do-concurso\/","og_locale":"pt_PT","og_type":"article","og_title":"Quase 50 mil alunos colocados na primeira fase do Concurso Nacional de Acesso ao Ensino Superior - Perspetiva Atual","og_description":"Cerca de 50 mil estudantes asseguraram o seu lugar na primeira fase do Concurso Nacional de Acesso ao Ensino Superior (CNAES).","og_url":"https:\/\/perspetivaatual.pt\/index.php\/2023\/08\/28\/50-mil-estudantes-na-primeira-fase-do-concurso\/","og_site_name":"Perspetiva Atual","article_published_time":"2023-08-28T17:10:53+00:00","article_modified_time":"2023-08-28T17:14:45+00:00","og_image":[{"width":2560,"height":1707,"url":"https:\/\/perspetivaatual.pt\/wp-content\/uploads\/2023\/08\/kenny-eliason-1-aA2Fadydc-unsplash-scaled.jpg","type":"image\/jpeg"}],"author":"Jo\u00e3o Malainho Perspetiva Atual","twitter_card":"summary_large_image","twitter_misc":{"Escrito por":false,"Tempo estimado de leitura":"3 minutos"},"schema":{"@context":"https:\/\/schema.org","@graph":[{"@type":"Article","@id":"https:\/\/perspetivaatual.pt\/index.php\/2023\/08\/28\/50-mil-estudantes-na-primeira-fase-do-concurso\/#article","isPartOf":{"@id":"https:\/\/perspetivaatual.pt\/index.php\/2023\/08\/28\/50-mil-estudantes-na-primeira-fase-do-concurso\/"},"author":{"name":"Jo\u00e3o Malainho Perspetiva Atual","@id":"https:\/\/perspetivaatual.pt\/#\/schema\/person\/4c9d5a8b179d047c3220dfa32fd6b658"},"headline":"Quase 50 mil alunos colocados na primeira fase do Concurso Nacional de Acesso ao Ensino Superior","datePublished":"2023-08-28T17:10:53+00:00","dateModified":"2023-08-28T17:14:45+00:00","mainEntityOfPage":{"@id":"https:\/\/perspetivaatual.pt\/index.php\/2023\/08\/28\/50-mil-estudantes-na-primeira-fase-do-concurso\/"},"wordCount":484,"commentCount":0,"publisher":{"@id":"https:\/\/perspetivaatual.pt\/#organization"},"image":{"@id":"https:\/\/perspetivaatual.pt\/index.php\/2023\/08\/28\/50-mil-estudantes-na-primeira-fase-do-concurso\/#primaryimage"},"thumbnailUrl":"https:\/\/perspetivaatual.pt\/wp-content\/uploads\/2023\/08\/kenny-eliason-1-aA2Fadydc-unsplash-scaled.jpg","keywords":["Candidaturas","CNAES","coimbra","DGES","ensino","Lisboa","MCTES","Porto","universidade"],"articleSection":["Not\u00edcias"],"inLanguage":"pt-PT","potentialAction":[{"@type":"CommentAction","name":"Comment","target":["https:\/\/perspetivaatual.pt\/index.php\/2023\/08\/28\/50-mil-estudantes-na-primeira-fase-do-concurso\/#respond"]}]},{"@type":"WebPage","@id":"https:\/\/perspetivaatual.pt\/index.php\/2023\/08\/28\/50-mil-estudantes-na-primeira-fase-do-concurso\/","url":"https:\/\/perspetivaatual.pt\/index.php\/2023\/08\/28\/50-mil-estudantes-na-primeira-fase-do-concurso\/","name":"Quase 50 mil alunos colocados na primeira fase do Concurso Nacional de Acesso ao Ensino Superior - Perspetiva Atual","isPartOf":{"@id":"https:\/\/perspetivaatual.pt\/#website"},"primaryImageOfPage":{"@id":"https:\/\/perspetivaatual.pt\/index.php\/2023\/08\/28\/50-mil-estudantes-na-primeira-fase-do-concurso\/#primaryimage"},"image":{"@id":"https:\/\/perspetivaatual.pt\/index.php\/2023\/08\/28\/50-mil-estudantes-na-primeira-fase-do-concurso\/#primaryimage"},"thumbnailUrl":"https:\/\/perspetivaatual.pt\/wp-content\/uploads\/2023\/08\/kenny-eliason-1-aA2Fadydc-unsplash-scaled.jpg","datePublished":"2023-08-28T17:10:53+00:00","dateModified":"2023-08-28T17:14:45+00:00","description":"Cerca de 50 mil estudantes asseguraram o seu lugar na primeira fase do Concurso Nacional de Acesso ao Ensino Superior (CNAES).","breadcrumb":{"@id":"https:\/\/perspetivaatual.pt\/index.php\/2023\/08\/28\/50-mil-estudantes-na-primeira-fase-do-concurso\/#breadcrumb"},"inLanguage":"pt-PT","potentialAction":[{"@type":"ReadAction","target":["https:\/\/perspetivaatual.pt\/index.php\/2023\/08\/28\/50-mil-estudantes-na-primeira-fase-do-concurso\/"]}]},{"@type":"ImageObject","inLanguage":"pt-PT","@id":"https:\/\/perspetivaatual.pt\/index.php\/2023\/08\/28\/50-mil-estudantes-na-primeira-fase-do-concurso\/#primaryimage","url":"https:\/\/perspetivaatual.pt\/wp-content\/uploads\/2023\/08\/kenny-eliason-1-aA2Fadydc-unsplash-scaled.jpg","contentUrl":"https:\/\/perspetivaatual.pt\/wp-content\/uploads\/2023\/08\/kenny-eliason-1-aA2Fadydc-unsplash-scaled.jpg","width":2560,"height":1707},{"@type":"BreadcrumbList","@id":"https:\/\/perspetivaatual.pt\/index.php\/2023\/08\/28\/50-mil-estudantes-na-primeira-fase-do-concurso\/#breadcrumb","itemListElement":[{"@type":"ListItem","position":1,"name":"Home","item":"https:\/\/perspetivaatual.pt\/"},{"@type":"ListItem","position":2,"name":"Quase 50 mil alunos colocados na primeira fase do Concurso Nacional de Acesso ao Ensino Superior"}]},{"@type":"WebSite","@id":"https:\/\/perspetivaatual.pt\/#website","url":"https:\/\/perspetivaatual.pt\/","name":"Perspetiva Atual","description":"Olhar Portugal, de diferentes formas","publisher":{"@id":"https:\/\/perspetivaatual.pt\/#organization"},"potentialAction":[{"@type":"SearchAction","target":{"@type":"EntryPoint","urlTemplate":"https:\/\/perspetivaatual.pt\/?s={search_term_string}"},"query-input":{"@type":"PropertyValueSpecification","valueRequired":true,"valueName":"search_term_string"}}],"inLanguage":"pt-PT"},{"@type":"Organization","@id":"https:\/\/perspetivaatual.pt\/#organization","name":"Perspetiva Atual","url":"https:\/\/perspetivaatual.pt\/","logo":{"@type":"ImageObject","inLanguage":"pt-PT","@id":"https:\/\/perspetivaatual.pt\/#\/schema\/logo\/image\/","url":"https:\/\/perspetivaatual.pt\/wp-content\/uploads\/2020\/08\/cropped-perspetiva_atual-.png","contentUrl":"https:\/\/perspetivaatual.pt\/wp-content\/uploads\/2020\/08\/cropped-perspetiva_atual-.png","width":618,"height":202,"caption":"Perspetiva Atual"},"image":{"@id":"https:\/\/perspetivaatual.pt\/#\/schema\/logo\/image\/"}},{"@type":"Person","@id":"https:\/\/perspetivaatual.pt\/#\/schema\/person\/4c9d5a8b179d047c3220dfa32fd6b658","name":"Jo\u00e3o Malainho Perspetiva Atual","image":{"@type":"ImageObject","inLanguage":"pt-PT","@id":"https:\/\/perspetivaatual.pt\/#\/schema\/person\/image\/","url":"https:\/\/secure.gravatar.com\/avatar\/fd918e8a58374b02896337d62716969a?s=96&d=mm&r=g","contentUrl":"https:\/\/secure.gravatar.com\/avatar\/fd918e8a58374b02896337d62716969a?s=96&d=mm&r=g","caption":"Jo\u00e3o Malainho Perspetiva Atual"},"sameAs":["http:\/\/perspetivaatual.pt"],"url":"https:\/\/perspetivaatual.pt\/index.php\/author\/joaomalainhoii\/"}]}},"featured_image_urls":{"full":["https:\/\/perspetivaatual.pt\/wp-content\/uploads\/2023\/08\/kenny-eliason-1-aA2Fadydc-unsplash-scaled.jpg",2560,1707,false],"thumbnail":["https:\/\/perspetivaatual.pt\/wp-content\/uploads\/2023\/08\/kenny-eliason-1-aA2Fadydc-unsplash-150x150.jpg",150,150,true],"medium":["https:\/\/perspetivaatual.pt\/wp-content\/uploads\/2023\/08\/kenny-eliason-1-aA2Fadydc-unsplash-300x200.jpg",300,200,true],"medium_large":["https:\/\/perspetivaatual.pt\/wp-content\/uploads\/2023\/08\/kenny-eliason-1-aA2Fadydc-unsplash-768x512.jpg",640,427,true],"large":["https:\/\/perspetivaatual.pt\/wp-content\/uploads\/2023\/08\/kenny-eliason-1-aA2Fadydc-unsplash-1024x683.jpg",640,427,true],"1536x1536":["https:\/\/perspetivaatual.pt\/wp-content\/uploads\/2023\/08\/kenny-eliason-1-aA2Fadydc-unsplash-1536x1024.jpg",1536,1024,true],"2048x2048":["https:\/\/perspetivaatual.pt\/wp-content\/uploads\/2023\/08\/kenny-eliason-1-aA2Fadydc-unsplash-2048x1365.jpg",2048,1365,true],"magazine-7-slider-full":["https:\/\/perspetivaatual.pt\/wp-content\/uploads\/2023\/08\/kenny-eliason-1-aA2Fadydc-unsplash-1536x1020.jpg",1536,1020,true],"magazine-7-slider-center":["https:\/\/perspetivaatual.pt\/wp-content\/uploads\/2023\/08\/kenny-eliason-1-aA2Fadydc-unsplash-936x897.jpg",936,897,true],"magazine-7-featured":["https:\/\/perspetivaatual.pt\/wp-content\/uploads\/2023\/08\/kenny-eliason-1-aA2Fadydc-unsplash-1024x683.jpg",1024,683,true],"magazine-7-medium":["https:\/\/perspetivaatual.pt\/wp-content\/uploads\/2023\/08\/kenny-eliason-1-aA2Fadydc-unsplash-720x380.jpg",720,380,true],"magazine-7-medium-square":["https:\/\/perspetivaatual.pt\/wp-content\/uploads\/2023\/08\/kenny-eliason-1-aA2Fadydc-unsplash-675x450.jpg",675,450,true],"rpwe-thumbnail":["https:\/\/perspetivaatual.pt\/wp-content\/uploads\/2023\/08\/kenny-eliason-1-aA2Fadydc-unsplash-45x45.jpg",45,45,true]},"author_info":{"info":[false]},"category_info":"<a href=\"https:\/\/perspetivaatual.pt\/index.php\/category\/noticias\/\" rel=\"category tag\">Not\u00edcias<\/a>","tag_info":"Not\u00edcias","comment_count":"0","_links":{"self":[{"href":"https:\/\/perspetivaatual.pt\/index.php\/wp-json\/wp\/v2\/posts\/3054","targetHints":{"allow":["GET"]}}],"collection":[{"href":"https:\/\/perspetivaatual.pt\/index.php\/wp-json\/wp\/v2\/posts"}],"about":[{"href":"https:\/\/perspetivaatual.pt\/index.php\/wp-json\/wp\/v2\/types\/post"}],"author":[{"embeddable":true,"href":"https:\/\/perspetivaatual.pt\/index.php\/wp-json\/wp\/v2\/users\/5"}],"replies":[{"embeddable":true,"href":"https:\/\/perspetivaatual.pt\/index.php\/wp-json\/wp\/v2\/comments?post=3054"}],"version-history":[{"count":0,"href":"https:\/\/perspetivaatual.pt\/index.php\/wp-json\/wp\/v2\/posts\/3054\/revisions"}],"wp:featuredmedia":[{"embeddable":true,"href":"https:\/\/perspetivaatual.pt\/index.php\/wp-json\/wp\/v2\/media\/3055"}],"wp:attachment":[{"href":"https:\/\/perspetivaatual.pt\/index.php\/wp-json\/wp\/v2\/media?parent=3054"}],"wp:term":[{"taxonomy":"category","embeddable":true,"href":"https:\/\/perspetivaatual.pt\/index.php\/wp-json\/wp\/v2\/categories?post=3054"},{"taxonomy":"post_tag","embeddable":true,"href":"https:\/\/perspetivaatual.pt\/index.php\/wp-json\/wp\/v2\/tags?post=3054"}],"curies":[{"name":"wp","href":"https:\/\/api.w.org\/{rel}","templated":true}]}}