{"id":3086,"date":"2023-09-21T13:14:18","date_gmt":"2023-09-21T13:14:18","guid":{"rendered":"https:\/\/perspetivaatual.pt\/?p=3086"},"modified":"2023-09-21T13:14:18","modified_gmt":"2023-09-21T13:14:18","slug":"dia-mundial-da-doenca-de-alzheimer","status":"publish","type":"post","link":"https:\/\/perspetivaatual.pt\/index.php\/2023\/09\/21\/dia-mundial-da-doenca-de-alzheimer\/","title":{"rendered":"Campanha &#8220;Imagine ter uma branca e\u2026&#8221; da CBRE Sensibiliza para a Doen\u00e7a de Alzheimer"},"content":{"rendered":"\n<p><strong>No dia 21 de setembro, comemora-se o Dia Mundial da Pessoa com Alzheimer, uma data de extrema import\u00e2ncia que visa sensibilizar a sociedade para esta condi\u00e7\u00e3o que afeta milhares de pessoas em todo o mundo. Neste contexto, a CBRE, uma das maiores empresas de servi\u00e7os e investimentos imobili\u00e1rios a n\u00edvel global, lan\u00e7ou uma campanha de consciencializa\u00e7\u00e3o a n\u00edvel ib\u00e9rico, com especial destaque para Portugal.<\/strong><\/p>\n\n\n\n<p>Esta iniciativa visa n\u00e3o s\u00f3 alertar para os sintomas da Doen\u00e7a de Alzheimer, mas tamb\u00e9m promover a import\u00e2ncia de um diagn\u00f3stico precoce e apresentar as redes de apoio dispon\u00edveis tanto para os pacientes como para os seus cuidadores. A campanha, intitulada &#8220;Imagine ter uma branca e\u2026&#8221;, procura criar uma maior compreens\u00e3o sobre os desafios enfrentados por aqueles que lidam com esta doen\u00e7a debilitante.<\/p>\n\n\n\n<p>Em parceria com a Neuroinova, o Hospital da Trofa e a CBRE, v\u00e1rios centros comerciais em Portugal est\u00e3o a disponibilizar informa\u00e7\u00f5es sobre a Doen\u00e7a de Alzheimer aos visitantes. Al\u00e9m disso, est\u00e3o a oferecer exerc\u00edcios de treino e estimula\u00e7\u00e3o cognitiva, tanto em formato f\u00edsico quanto digital. Uma a\u00e7\u00e3o not\u00e1vel \u00e9 a cria\u00e7\u00e3o de um mural de mem\u00f3rias em branco, onde os visitantes s\u00e3o convidados a deixar mensagens ou notas sobre as recorda\u00e7\u00f5es que desejariam preservar.<\/p>\n\n\n\n<p>O Dia Mundial do Alzheimer ser\u00e1 celebrado ao longo de todo o m\u00eas em dez centros comerciais em Portugal, incluindo o 8.\u00aa Avenida, Alameda Shop&amp;Spot, Alma Shopping, LeiriaShopping, LoureShopping, RioSul Shopping, Torreshopping, Nosso Shopping, Ubbo e Forum Madeira. Estes locais ir\u00e3o promover diversas atividades, incluindo palestras com m\u00e9dicos e especialistas na \u00e1rea, como Jos\u00e9 Carlos Almeida Nunes e o neurologista V\u00edtor Tedim Cruz.<\/p>\n\n\n\n<p>Conforme dados apresentados no comunicado, estima-se que em Portugal cerca de 194 mil pessoas enfrentam desafios di\u00e1rios devido \u00e0 Doen\u00e7a de Alzheimer. Para entre 60% a 80% destes pacientes, o esquecimento \u00e9 o sintoma predominante. <\/p>\n\n\n\n<p><\/p>\n","protected":false},"excerpt":{"rendered":"<p>No dia 21 de setembro, comemora-se o Dia Mundial da Pessoa com Alzheimer, uma data<\/p>\n","protected":false},"author":5,"featured_media":3087,"comment_status":"open","ping_status":"open","sticky":false,"template":"","format":"standard","meta":{"footnotes":""},"categories":[14,4],"tags":[400,402,405,401,404,406,403,313,86],"class_list":["post-3086","post","type-post","status-publish","format-standard","has-post-thumbnail","hentry","category-noticias","category-saude","tag-alzheimer","tag-cbre","tag-demencia","tag-dia-mundial-do-alzheimer","tag-hospital-da-trofa","tag-imagine-ter-uma-branca-e","tag-neuroinova","tag-portugal","tag-saude"],"yoast_head":"<!-- This site is optimized with the Yoast SEO plugin v24.2 - https:\/\/yoast.com\/wordpress\/plugins\/seo\/ -->\n<title>Campanha &quot;Imagine ter uma branca e\u2026&quot; da CBRE Sensibiliza para a Doen\u00e7a de Alzheimer - Perspetiva Atual<\/title>\n<meta name=\"description\" content=\"No dia 21 de setembro, comemora-se o Dia Mundial da Doen\u00e7a de Alzheimer. A CBRE lan\u00e7ou uma campanha de consciencializa\u00e7\u00e3o a n\u00edvel ib\u00e9rico.\" \/>\n<meta name=\"robots\" content=\"index, follow, max-snippet:-1, max-image-preview:large, max-video-preview:-1\" \/>\n<link rel=\"canonical\" href=\"http:\/\/perspetivaatual.pt\/index.php\/2023\/09\/21\/dia-mundial-da-doenca-de-alzheimer\/\" \/>\n<meta property=\"og:locale\" content=\"pt_PT\" \/>\n<meta property=\"og:type\" content=\"article\" \/>\n<meta property=\"og:title\" content=\"Campanha &quot;Imagine ter uma branca e\u2026&quot; da CBRE Sensibiliza para a Doen\u00e7a de Alzheimer - Perspetiva Atual\" \/>\n<meta property=\"og:description\" content=\"No dia 21 de setembro, comemora-se o Dia Mundial da Doen\u00e7a de Alzheimer. A CBRE lan\u00e7ou uma campanha de consciencializa\u00e7\u00e3o a n\u00edvel ib\u00e9rico.\" \/>\n<meta property=\"og:url\" content=\"http:\/\/perspetivaatual.pt\/index.php\/2023\/09\/21\/dia-mundial-da-doenca-de-alzheimer\/\" \/>\n<meta property=\"og:site_name\" content=\"Perspetiva Atual\" \/>\n<meta property=\"article:published_time\" content=\"2023-09-21T13:14:18+00:00\" \/>\n<meta property=\"og:image\" content=\"http:\/\/perspetivaatual.pt\/wp-content\/uploads\/2023\/09\/national-cancer-institute-BxXgTQEw1M4-unsplash-scaled.jpg\" \/>\n\t<meta property=\"og:image:width\" content=\"2560\" \/>\n\t<meta property=\"og:image:height\" content=\"1707\" \/>\n\t<meta property=\"og:image:type\" content=\"image\/jpeg\" \/>\n<meta name=\"author\" content=\"Jo\u00e3o Malainho Perspetiva Atual\" \/>\n<meta name=\"twitter:card\" content=\"summary_large_image\" \/>\n<meta name=\"twitter:label1\" content=\"Escrito por\" \/>\n\t<meta name=\"twitter:data1\" content=\"\" \/>\n\t<meta name=\"twitter:label2\" content=\"Tempo estimado de leitura\" \/>\n\t<meta name=\"twitter:data2\" content=\"2 minutos\" \/>\n<script type=\"application\/ld+json\" class=\"yoast-schema-graph\">{\"@context\":\"https:\/\/schema.org\",\"@graph\":[{\"@type\":\"Article\",\"@id\":\"http:\/\/perspetivaatual.pt\/index.php\/2023\/09\/21\/dia-mundial-da-doenca-de-alzheimer\/#article\",\"isPartOf\":{\"@id\":\"http:\/\/perspetivaatual.pt\/index.php\/2023\/09\/21\/dia-mundial-da-doenca-de-alzheimer\/\"},\"author\":{\"name\":\"Jo\u00e3o Malainho Perspetiva Atual\",\"@id\":\"https:\/\/perspetivaatual.pt\/#\/schema\/person\/4c9d5a8b179d047c3220dfa32fd6b658\"},\"headline\":\"Campanha &#8220;Imagine ter uma branca e\u2026&#8221; da CBRE Sensibiliza para a Doen\u00e7a de Alzheimer\",\"datePublished\":\"2023-09-21T13:14:18+00:00\",\"dateModified\":\"2023-09-21T13:14:18+00:00\",\"mainEntityOfPage\":{\"@id\":\"http:\/\/perspetivaatual.pt\/index.php\/2023\/09\/21\/dia-mundial-da-doenca-de-alzheimer\/\"},\"wordCount\":346,\"commentCount\":0,\"publisher\":{\"@id\":\"https:\/\/perspetivaatual.pt\/#organization\"},\"image\":{\"@id\":\"http:\/\/perspetivaatual.pt\/index.php\/2023\/09\/21\/dia-mundial-da-doenca-de-alzheimer\/#primaryimage\"},\"thumbnailUrl\":\"https:\/\/perspetivaatual.pt\/wp-content\/uploads\/2023\/09\/national-cancer-institute-BxXgTQEw1M4-unsplash-scaled.jpg\",\"keywords\":[\"Alzheimer\",\"CBRE\",\"Demencia\",\"Dia mundial do alzheimer\",\"Hospital da Trofa\",\"Imagine ter uma branca e\u2026\",\"nEUROINOVA\",\"Portugal\",\"Sa\u00fade\"],\"articleSection\":[\"Not\u00edcias\",\"Sa\u00fade\"],\"inLanguage\":\"pt-PT\",\"potentialAction\":[{\"@type\":\"CommentAction\",\"name\":\"Comment\",\"target\":[\"http:\/\/perspetivaatual.pt\/index.php\/2023\/09\/21\/dia-mundial-da-doenca-de-alzheimer\/#respond\"]}]},{\"@type\":\"WebPage\",\"@id\":\"http:\/\/perspetivaatual.pt\/index.php\/2023\/09\/21\/dia-mundial-da-doenca-de-alzheimer\/\",\"url\":\"http:\/\/perspetivaatual.pt\/index.php\/2023\/09\/21\/dia-mundial-da-doenca-de-alzheimer\/\",\"name\":\"Campanha \\\"Imagine ter uma branca e\u2026\\\" da CBRE Sensibiliza para a Doen\u00e7a de Alzheimer - Perspetiva Atual\",\"isPartOf\":{\"@id\":\"https:\/\/perspetivaatual.pt\/#website\"},\"primaryImageOfPage\":{\"@id\":\"http:\/\/perspetivaatual.pt\/index.php\/2023\/09\/21\/dia-mundial-da-doenca-de-alzheimer\/#primaryimage\"},\"image\":{\"@id\":\"http:\/\/perspetivaatual.pt\/index.php\/2023\/09\/21\/dia-mundial-da-doenca-de-alzheimer\/#primaryimage\"},\"thumbnailUrl\":\"https:\/\/perspetivaatual.pt\/wp-content\/uploads\/2023\/09\/national-cancer-institute-BxXgTQEw1M4-unsplash-scaled.jpg\",\"datePublished\":\"2023-09-21T13:14:18+00:00\",\"dateModified\":\"2023-09-21T13:14:18+00:00\",\"description\":\"No dia 21 de setembro, comemora-se o Dia Mundial da Doen\u00e7a de Alzheimer. A CBRE lan\u00e7ou uma campanha de consciencializa\u00e7\u00e3o a n\u00edvel ib\u00e9rico.\",\"breadcrumb\":{\"@id\":\"http:\/\/perspetivaatual.pt\/index.php\/2023\/09\/21\/dia-mundial-da-doenca-de-alzheimer\/#breadcrumb\"},\"inLanguage\":\"pt-PT\",\"potentialAction\":[{\"@type\":\"ReadAction\",\"target\":[\"http:\/\/perspetivaatual.pt\/index.php\/2023\/09\/21\/dia-mundial-da-doenca-de-alzheimer\/\"]}]},{\"@type\":\"ImageObject\",\"inLanguage\":\"pt-PT\",\"@id\":\"http:\/\/perspetivaatual.pt\/index.php\/2023\/09\/21\/dia-mundial-da-doenca-de-alzheimer\/#primaryimage\",\"url\":\"https:\/\/perspetivaatual.pt\/wp-content\/uploads\/2023\/09\/national-cancer-institute-BxXgTQEw1M4-unsplash-scaled.jpg\",\"contentUrl\":\"https:\/\/perspetivaatual.pt\/wp-content\/uploads\/2023\/09\/national-cancer-institute-BxXgTQEw1M4-unsplash-scaled.jpg\",\"width\":2560,\"height\":1707,\"caption\":\"Foto de National Cancer Institute na Unsplash\"},{\"@type\":\"BreadcrumbList\",\"@id\":\"http:\/\/perspetivaatual.pt\/index.php\/2023\/09\/21\/dia-mundial-da-doenca-de-alzheimer\/#breadcrumb\",\"itemListElement\":[{\"@type\":\"ListItem\",\"position\":1,\"name\":\"Home\",\"item\":\"https:\/\/perspetivaatual.pt\/\"},{\"@type\":\"ListItem\",\"position\":2,\"name\":\"Campanha &#8220;Imagine ter uma branca e\u2026&#8221; da CBRE Sensibiliza para a Doen\u00e7a de Alzheimer\"}]},{\"@type\":\"WebSite\",\"@id\":\"https:\/\/perspetivaatual.pt\/#website\",\"url\":\"https:\/\/perspetivaatual.pt\/\",\"name\":\"Perspetiva Atual\",\"description\":\"Olhar Portugal, de diferentes formas\",\"publisher\":{\"@id\":\"https:\/\/perspetivaatual.pt\/#organization\"},\"potentialAction\":[{\"@type\":\"SearchAction\",\"target\":{\"@type\":\"EntryPoint\",\"urlTemplate\":\"https:\/\/perspetivaatual.pt\/?s={search_term_string}\"},\"query-input\":{\"@type\":\"PropertyValueSpecification\",\"valueRequired\":true,\"valueName\":\"search_term_string\"}}],\"inLanguage\":\"pt-PT\"},{\"@type\":\"Organization\",\"@id\":\"https:\/\/perspetivaatual.pt\/#organization\",\"name\":\"Perspetiva Atual\",\"url\":\"https:\/\/perspetivaatual.pt\/\",\"logo\":{\"@type\":\"ImageObject\",\"inLanguage\":\"pt-PT\",\"@id\":\"https:\/\/perspetivaatual.pt\/#\/schema\/logo\/image\/\",\"url\":\"https:\/\/perspetivaatual.pt\/wp-content\/uploads\/2020\/08\/cropped-perspetiva_atual-.png\",\"contentUrl\":\"https:\/\/perspetivaatual.pt\/wp-content\/uploads\/2020\/08\/cropped-perspetiva_atual-.png\",\"width\":618,\"height\":202,\"caption\":\"Perspetiva Atual\"},\"image\":{\"@id\":\"https:\/\/perspetivaatual.pt\/#\/schema\/logo\/image\/\"}},{\"@type\":\"Person\",\"@id\":\"https:\/\/perspetivaatual.pt\/#\/schema\/person\/4c9d5a8b179d047c3220dfa32fd6b658\",\"name\":\"Jo\u00e3o Malainho Perspetiva Atual\",\"image\":{\"@type\":\"ImageObject\",\"inLanguage\":\"pt-PT\",\"@id\":\"https:\/\/perspetivaatual.pt\/#\/schema\/person\/image\/\",\"url\":\"https:\/\/secure.gravatar.com\/avatar\/fd918e8a58374b02896337d62716969a?s=96&d=mm&r=g\",\"contentUrl\":\"https:\/\/secure.gravatar.com\/avatar\/fd918e8a58374b02896337d62716969a?s=96&d=mm&r=g\",\"caption\":\"Jo\u00e3o Malainho Perspetiva Atual\"},\"sameAs\":[\"http:\/\/perspetivaatual.pt\"],\"url\":\"https:\/\/perspetivaatual.pt\/index.php\/author\/joaomalainhoii\/\"}]}<\/script>\n<!-- \/ Yoast SEO plugin. -->","yoast_head_json":{"title":"Campanha \"Imagine ter uma branca e\u2026\" da CBRE Sensibiliza para a Doen\u00e7a de Alzheimer - Perspetiva Atual","description":"No dia 21 de setembro, comemora-se o Dia Mundial da Doen\u00e7a de Alzheimer. A CBRE lan\u00e7ou uma campanha de consciencializa\u00e7\u00e3o a n\u00edvel ib\u00e9rico.","robots":{"index":"index","follow":"follow","max-snippet":"max-snippet:-1","max-image-preview":"max-image-preview:large","max-video-preview":"max-video-preview:-1"},"canonical":"http:\/\/perspetivaatual.pt\/index.php\/2023\/09\/21\/dia-mundial-da-doenca-de-alzheimer\/","og_locale":"pt_PT","og_type":"article","og_title":"Campanha \"Imagine ter uma branca e\u2026\" da CBRE Sensibiliza para a Doen\u00e7a de Alzheimer - Perspetiva Atual","og_description":"No dia 21 de setembro, comemora-se o Dia Mundial da Doen\u00e7a de Alzheimer. A CBRE lan\u00e7ou uma campanha de consciencializa\u00e7\u00e3o a n\u00edvel ib\u00e9rico.","og_url":"http:\/\/perspetivaatual.pt\/index.php\/2023\/09\/21\/dia-mundial-da-doenca-de-alzheimer\/","og_site_name":"Perspetiva Atual","article_published_time":"2023-09-21T13:14:18+00:00","og_image":[{"width":2560,"height":1707,"url":"http:\/\/perspetivaatual.pt\/wp-content\/uploads\/2023\/09\/national-cancer-institute-BxXgTQEw1M4-unsplash-scaled.jpg","type":"image\/jpeg"}],"author":"Jo\u00e3o Malainho Perspetiva Atual","twitter_card":"summary_large_image","twitter_misc":{"Escrito por":false,"Tempo estimado de leitura":"2 minutos"},"schema":{"@context":"https:\/\/schema.org","@graph":[{"@type":"Article","@id":"http:\/\/perspetivaatual.pt\/index.php\/2023\/09\/21\/dia-mundial-da-doenca-de-alzheimer\/#article","isPartOf":{"@id":"http:\/\/perspetivaatual.pt\/index.php\/2023\/09\/21\/dia-mundial-da-doenca-de-alzheimer\/"},"author":{"name":"Jo\u00e3o Malainho Perspetiva Atual","@id":"https:\/\/perspetivaatual.pt\/#\/schema\/person\/4c9d5a8b179d047c3220dfa32fd6b658"},"headline":"Campanha &#8220;Imagine ter uma branca e\u2026&#8221; da CBRE Sensibiliza para a Doen\u00e7a de Alzheimer","datePublished":"2023-09-21T13:14:18+00:00","dateModified":"2023-09-21T13:14:18+00:00","mainEntityOfPage":{"@id":"http:\/\/perspetivaatual.pt\/index.php\/2023\/09\/21\/dia-mundial-da-doenca-de-alzheimer\/"},"wordCount":346,"commentCount":0,"publisher":{"@id":"https:\/\/perspetivaatual.pt\/#organization"},"image":{"@id":"http:\/\/perspetivaatual.pt\/index.php\/2023\/09\/21\/dia-mundial-da-doenca-de-alzheimer\/#primaryimage"},"thumbnailUrl":"https:\/\/perspetivaatual.pt\/wp-content\/uploads\/2023\/09\/national-cancer-institute-BxXgTQEw1M4-unsplash-scaled.jpg","keywords":["Alzheimer","CBRE","Demencia","Dia mundial do alzheimer","Hospital da Trofa","Imagine ter uma branca e\u2026","nEUROINOVA","Portugal","Sa\u00fade"],"articleSection":["Not\u00edcias","Sa\u00fade"],"inLanguage":"pt-PT","potentialAction":[{"@type":"CommentAction","name":"Comment","target":["http:\/\/perspetivaatual.pt\/index.php\/2023\/09\/21\/dia-mundial-da-doenca-de-alzheimer\/#respond"]}]},{"@type":"WebPage","@id":"http:\/\/perspetivaatual.pt\/index.php\/2023\/09\/21\/dia-mundial-da-doenca-de-alzheimer\/","url":"http:\/\/perspetivaatual.pt\/index.php\/2023\/09\/21\/dia-mundial-da-doenca-de-alzheimer\/","name":"Campanha \"Imagine ter uma branca e\u2026\" da CBRE Sensibiliza para a Doen\u00e7a de Alzheimer - Perspetiva Atual","isPartOf":{"@id":"https:\/\/perspetivaatual.pt\/#website"},"primaryImageOfPage":{"@id":"http:\/\/perspetivaatual.pt\/index.php\/2023\/09\/21\/dia-mundial-da-doenca-de-alzheimer\/#primaryimage"},"image":{"@id":"http:\/\/perspetivaatual.pt\/index.php\/2023\/09\/21\/dia-mundial-da-doenca-de-alzheimer\/#primaryimage"},"thumbnailUrl":"https:\/\/perspetivaatual.pt\/wp-content\/uploads\/2023\/09\/national-cancer-institute-BxXgTQEw1M4-unsplash-scaled.jpg","datePublished":"2023-09-21T13:14:18+00:00","dateModified":"2023-09-21T13:14:18+00:00","description":"No dia 21 de setembro, comemora-se o Dia Mundial da Doen\u00e7a de Alzheimer. A CBRE lan\u00e7ou uma campanha de consciencializa\u00e7\u00e3o a n\u00edvel ib\u00e9rico.","breadcrumb":{"@id":"http:\/\/perspetivaatual.pt\/index.php\/2023\/09\/21\/dia-mundial-da-doenca-de-alzheimer\/#breadcrumb"},"inLanguage":"pt-PT","potentialAction":[{"@type":"ReadAction","target":["http:\/\/perspetivaatual.pt\/index.php\/2023\/09\/21\/dia-mundial-da-doenca-de-alzheimer\/"]}]},{"@type":"ImageObject","inLanguage":"pt-PT","@id":"http:\/\/perspetivaatual.pt\/index.php\/2023\/09\/21\/dia-mundial-da-doenca-de-alzheimer\/#primaryimage","url":"https:\/\/perspetivaatual.pt\/wp-content\/uploads\/2023\/09\/national-cancer-institute-BxXgTQEw1M4-unsplash-scaled.jpg","contentUrl":"https:\/\/perspetivaatual.pt\/wp-content\/uploads\/2023\/09\/national-cancer-institute-BxXgTQEw1M4-unsplash-scaled.jpg","width":2560,"height":1707,"caption":"Foto de National Cancer Institute na Unsplash"},{"@type":"BreadcrumbList","@id":"http:\/\/perspetivaatual.pt\/index.php\/2023\/09\/21\/dia-mundial-da-doenca-de-alzheimer\/#breadcrumb","itemListElement":[{"@type":"ListItem","position":1,"name":"Home","item":"https:\/\/perspetivaatual.pt\/"},{"@type":"ListItem","position":2,"name":"Campanha &#8220;Imagine ter uma branca e\u2026&#8221; da CBRE Sensibiliza para a Doen\u00e7a de Alzheimer"}]},{"@type":"WebSite","@id":"https:\/\/perspetivaatual.pt\/#website","url":"https:\/\/perspetivaatual.pt\/","name":"Perspetiva Atual","description":"Olhar Portugal, de diferentes formas","publisher":{"@id":"https:\/\/perspetivaatual.pt\/#organization"},"potentialAction":[{"@type":"SearchAction","target":{"@type":"EntryPoint","urlTemplate":"https:\/\/perspetivaatual.pt\/?s={search_term_string}"},"query-input":{"@type":"PropertyValueSpecification","valueRequired":true,"valueName":"search_term_string"}}],"inLanguage":"pt-PT"},{"@type":"Organization","@id":"https:\/\/perspetivaatual.pt\/#organization","name":"Perspetiva Atual","url":"https:\/\/perspetivaatual.pt\/","logo":{"@type":"ImageObject","inLanguage":"pt-PT","@id":"https:\/\/perspetivaatual.pt\/#\/schema\/logo\/image\/","url":"https:\/\/perspetivaatual.pt\/wp-content\/uploads\/2020\/08\/cropped-perspetiva_atual-.png","contentUrl":"https:\/\/perspetivaatual.pt\/wp-content\/uploads\/2020\/08\/cropped-perspetiva_atual-.png","width":618,"height":202,"caption":"Perspetiva Atual"},"image":{"@id":"https:\/\/perspetivaatual.pt\/#\/schema\/logo\/image\/"}},{"@type":"Person","@id":"https:\/\/perspetivaatual.pt\/#\/schema\/person\/4c9d5a8b179d047c3220dfa32fd6b658","name":"Jo\u00e3o Malainho Perspetiva Atual","image":{"@type":"ImageObject","inLanguage":"pt-PT","@id":"https:\/\/perspetivaatual.pt\/#\/schema\/person\/image\/","url":"https:\/\/secure.gravatar.com\/avatar\/fd918e8a58374b02896337d62716969a?s=96&d=mm&r=g","contentUrl":"https:\/\/secure.gravatar.com\/avatar\/fd918e8a58374b02896337d62716969a?s=96&d=mm&r=g","caption":"Jo\u00e3o Malainho Perspetiva Atual"},"sameAs":["http:\/\/perspetivaatual.pt"],"url":"https:\/\/perspetivaatual.pt\/index.php\/author\/joaomalainhoii\/"}]}},"featured_image_urls":{"full":["https:\/\/perspetivaatual.pt\/wp-content\/uploads\/2023\/09\/national-cancer-institute-BxXgTQEw1M4-unsplash-scaled.jpg",2560,1707,false],"thumbnail":["https:\/\/perspetivaatual.pt\/wp-content\/uploads\/2023\/09\/national-cancer-institute-BxXgTQEw1M4-unsplash-150x150.jpg",150,150,true],"medium":["https:\/\/perspetivaatual.pt\/wp-content\/uploads\/2023\/09\/national-cancer-institute-BxXgTQEw1M4-unsplash-300x200.jpg",300,200,true],"medium_large":["https:\/\/perspetivaatual.pt\/wp-content\/uploads\/2023\/09\/national-cancer-institute-BxXgTQEw1M4-unsplash-768x512.jpg",640,427,true],"large":["https:\/\/perspetivaatual.pt\/wp-content\/uploads\/2023\/09\/national-cancer-institute-BxXgTQEw1M4-unsplash-1024x683.jpg",640,427,true],"1536x1536":["https:\/\/perspetivaatual.pt\/wp-content\/uploads\/2023\/09\/national-cancer-institute-BxXgTQEw1M4-unsplash-1536x1024.jpg",1536,1024,true],"2048x2048":["https:\/\/perspetivaatual.pt\/wp-content\/uploads\/2023\/09\/national-cancer-institute-BxXgTQEw1M4-unsplash-2048x1365.jpg",2048,1365,true],"magazine-7-slider-full":["https:\/\/perspetivaatual.pt\/wp-content\/uploads\/2023\/09\/national-cancer-institute-BxXgTQEw1M4-unsplash-1536x1020.jpg",1536,1020,true],"magazine-7-slider-center":["https:\/\/perspetivaatual.pt\/wp-content\/uploads\/2023\/09\/national-cancer-institute-BxXgTQEw1M4-unsplash-936x897.jpg",936,897,true],"magazine-7-featured":["https:\/\/perspetivaatual.pt\/wp-content\/uploads\/2023\/09\/national-cancer-institute-BxXgTQEw1M4-unsplash-1024x683.jpg",1024,683,true],"magazine-7-medium":["https:\/\/perspetivaatual.pt\/wp-content\/uploads\/2023\/09\/national-cancer-institute-BxXgTQEw1M4-unsplash-720x380.jpg",720,380,true],"magazine-7-medium-square":["https:\/\/perspetivaatual.pt\/wp-content\/uploads\/2023\/09\/national-cancer-institute-BxXgTQEw1M4-unsplash-675x450.jpg",675,450,true],"rpwe-thumbnail":["https:\/\/perspetivaatual.pt\/wp-content\/uploads\/2023\/09\/national-cancer-institute-BxXgTQEw1M4-unsplash-45x45.jpg",45,45,true]},"author_info":{"info":[false]},"category_info":"<a href=\"https:\/\/perspetivaatual.pt\/index.php\/category\/noticias\/\" rel=\"category tag\">Not\u00edcias<\/a> <a href=\"https:\/\/perspetivaatual.pt\/index.php\/category\/saude\/\" rel=\"category tag\">Sa\u00fade<\/a>","tag_info":"Sa\u00fade","comment_count":"0","_links":{"self":[{"href":"https:\/\/perspetivaatual.pt\/index.php\/wp-json\/wp\/v2\/posts\/3086","targetHints":{"allow":["GET"]}}],"collection":[{"href":"https:\/\/perspetivaatual.pt\/index.php\/wp-json\/wp\/v2\/posts"}],"about":[{"href":"https:\/\/perspetivaatual.pt\/index.php\/wp-json\/wp\/v2\/types\/post"}],"author":[{"embeddable":true,"href":"https:\/\/perspetivaatual.pt\/index.php\/wp-json\/wp\/v2\/users\/5"}],"replies":[{"embeddable":true,"href":"https:\/\/perspetivaatual.pt\/index.php\/wp-json\/wp\/v2\/comments?post=3086"}],"version-history":[{"count":0,"href":"https:\/\/perspetivaatual.pt\/index.php\/wp-json\/wp\/v2\/posts\/3086\/revisions"}],"wp:featuredmedia":[{"embeddable":true,"href":"https:\/\/perspetivaatual.pt\/index.php\/wp-json\/wp\/v2\/media\/3087"}],"wp:attachment":[{"href":"https:\/\/perspetivaatual.pt\/index.php\/wp-json\/wp\/v2\/media?parent=3086"}],"wp:term":[{"taxonomy":"category","embeddable":true,"href":"https:\/\/perspetivaatual.pt\/index.php\/wp-json\/wp\/v2\/categories?post=3086"},{"taxonomy":"post_tag","embeddable":true,"href":"https:\/\/perspetivaatual.pt\/index.php\/wp-json\/wp\/v2\/tags?post=3086"}],"curies":[{"name":"wp","href":"https:\/\/api.w.org\/{rel}","templated":true}]}}