{"id":3867,"date":"2024-05-30T19:00:00","date_gmt":"2024-05-30T19:00:00","guid":{"rendered":"https:\/\/perspetivaatual.pt\/?p=3867"},"modified":"2024-05-27T14:48:23","modified_gmt":"2024-05-27T14:48:23","slug":"ciencias-do-desporto-e-educacao-fisica-apostam-na-investigacao","status":"publish","type":"post","link":"https:\/\/perspetivaatual.pt\/index.php\/2024\/05\/30\/ciencias-do-desporto-e-educacao-fisica-apostam-na-investigacao\/","title":{"rendered":"Ci\u00eancias do Desporto e Educa\u00e7\u00e3o F\u00edsica apostam na Investiga\u00e7\u00e3o"},"content":{"rendered":"\n<p><strong>A nova dire\u00e7\u00e3o da Faculdade de Ci\u00eancias do Desporto e Educa\u00e7\u00e3o F\u00edsica da Universidade de Coimbra (FCDEFUC) completou um ano de mandato, assinalando um per\u00edodo de significativos avan\u00e7os. Entre os destaques, Vasco Vaz, diretor da institui\u00e7\u00e3o, ressalva a transforma\u00e7\u00e3o do Centro de Investiga\u00e7\u00e3o, o refor\u00e7o do corpo t\u00e9cnico e docente, a promo\u00e7\u00e3o do empreendedorismo entre os estudantes e a crescente participa\u00e7\u00e3o em projetos de cariz internacional. O compromisso com a excel\u00eancia acad\u00e9mica e cient\u00edfica permanece imut\u00e1vel.<\/strong><\/p>\n\n\n\n<p><strong>Perspetiva Atual (PA): Um ano volvido ap\u00f3s o in\u00edcio de fun\u00e7\u00f5es da nova dire\u00e7\u00e3o, quais s\u00e3o os principais marcos ou mudan\u00e7as que ocorreram na FCDEFUC e que gostariam de destacar?<\/strong><\/p>\n\n\n\n<figure class=\"wp-block-image alignright size-full is-resized\"><img loading=\"lazy\" decoding=\"async\" src=\"https:\/\/perspetivaatual.pt\/wp-content\/uploads\/2024\/05\/Diretor_Vasco-Vaz.png\" alt=\"\" class=\"wp-image-3869\" width=\"191\" height=\"235\" srcset=\"https:\/\/perspetivaatual.pt\/wp-content\/uploads\/2024\/05\/Diretor_Vasco-Vaz.png 535w, https:\/\/perspetivaatual.pt\/wp-content\/uploads\/2024\/05\/Diretor_Vasco-Vaz-244x300.png 244w\" sizes=\"auto, (max-width: 191px) 100vw, 191px\" \/><\/figure>\n\n\n\n<p class=\"has-text-align-left\"><strong>Vasco Vaz (VV): <\/strong>Real\u00e7o um momento marcante para a vida desta faculdade que foi o acordo assinado com a Faculdade de Motricidade Humana da Universidade de Lisboa para a associa\u00e7\u00e3o dos nossos centros de investiga\u00e7\u00e3o, o Centro de Investiga\u00e7\u00e3o em Desporto e Atividade F\u00edsica (CIDAF) e o Centro Interdisciplinar de Performance Humana (CIPER), permitindo a cria\u00e7\u00e3o de um Polo do CIPER na Universidade de Coimbra (UC), que ir\u00e1 substituir o CIDAF a partir de 2025, e uma candidatura conjunta \u00e0 Funda\u00e7\u00e3o para a Ci\u00eancia e a Tecnologia. Foi uma decis\u00e3o dif\u00edcil, que obrigou a uma reflex\u00e3o profunda por parte de toda a Faculdade, nomeadamente do Conselho Cient\u00edfico. Refor\u00e7amos o pessoal t\u00e9cnico em \u00e1reas que estavam deficit\u00e1rias, estimulamos e apoiamos a mobilidade de docentes e n\u00e3o docente, contratamos docentes, potenciamos a produ\u00e7\u00e3o cient\u00edfica com apoio a publica\u00e7\u00e3o e apoiamos todas as iniciativas das v\u00e1rias \u00e1reas cient\u00edficas dos 1.\u00ba, 2.\u00ba e 3.\u00ba ciclos de estudos. N\u00e3o podemos esquecer que temos quase a totalidade dos docentes envolvidos em projetos europeus financiados em parceria com outros centros de investiga\u00e7\u00e3o, assim como com outras cong\u00e9neres internacionais, realizamos v\u00e1rios cursos n\u00e3o conferentes de grau, financiamos a organiza\u00e7\u00e3o de v\u00e1rios eventos internacionais, entre muitas outras a\u00e7\u00f5es que foram realizadas neste ano de mandato.<\/p>\n\n\n\n<p><strong>PA: Numa altura em que cada vez mais se fala de empreendedorismo e da import\u00e2ncia deste esp\u00edrito de iniciativa nos jovens, de que maneira a FCDEFUC incentiva ao esp\u00edrito empreendedor entre os seus alunos e quais s\u00e3o os recursos ou programas dispon\u00edveis para apoiar iniciativas din\u00e2micas dentro da comunidade acad\u00e9mica?<\/strong><\/p>\n\n\n\n<p><strong>VV: <\/strong>Destaco o trabalho conjunto entre a FCDEFUC e o N\u00facleo de Estudantes, que tem permitido a vinda a esta Faculdade de profissionais na \u00e1rea do desporto com forma\u00e7\u00f5es e palestras para fomentar o empreendedorismo e motiva\u00e7\u00e3o dos nossos estudantes. Neste \u00faltimo ano letivo o N\u00facleo de Estudantes desenvolveu, entre outras atividades: A\u00e7\u00e3o de Forma\u00e7\u00e3o de \u201cPadel\u201d e \u201cFitness Summit \u2013 as tr\u00eas dimens\u00f5es de um profissional de fitness de sucesso e o futuro do profissional de fitness entre 2024-2030\u201d. A realiza\u00e7\u00e3o da unidade curricular de Est\u00e1gio, quer na Licenciatura, quer nos mestrados em Treino Desportivo e em Exerc\u00edcio e Sa\u00fade, permite ao estudante um contacto mais pr\u00f3ximo com a pr\u00e1tica real do dia a dia numa institui\u00e7\u00e3o, deixando em aberto oportunidades de neg\u00f3cio a desenvolver no futuro. No passado dia 22 de maio decorreu o Fitness Meeting, onde uma cadeia de gin\u00e1sio deu a conhecer aos estudantes o mundo do Fitness atrav\u00e9s dos seus profissionais, com workshops pr\u00e1ticos e sess\u00f5es de esclarecimentos, promovendo o network na \u00e1rea do Fitness e dando ainda a conhecer oportunidades de emprego. A FCDEFUC tem apostado em promover a realiza\u00e7\u00e3o de cursos de forma\u00e7\u00e3o n\u00e3o conferentes de grau, em \u00e1reas distintas e emergentes no panorama desportivo, destacando: Curso de Promo\u00e7\u00e3o de Estilos de Vida Ativos e Saud\u00e1veis em Territ\u00f3rios de Baixa em parceria com o Munic\u00edpio da Sert\u00e3; Curso de Inicia\u00e7\u00e3o \u00e0 Avalia\u00e7\u00e3o Nutricional; Curso de Introdu\u00e7\u00e3o ao Surfing e Treino e nutri\u00e7\u00e3o para a promo\u00e7\u00e3o da hipertrofia muscular. No sentido de premiar antigos estudante e para promover a \u00e1rea de forma\u00e7\u00e3o acad\u00e9mica de v\u00e1rias figuras do panorama nacional, no \u00e2mbito do 32.\u00ba anivers\u00e1rio da FCDEFUC, no passado dia 19 de fevereiro, a Faculdade homenageou o Professor Carlos Queiroz, antigo selecionador nacional, e V\u00edtor Bruno, treinador-adjunto do FC Porto e antigo estudante da FCDEFUC, com o pr\u00e9mio Carreira.<\/p>\n\n\n\n<figure class=\"wp-block-image aligncenter size-large is-resized\"><img loading=\"lazy\" decoding=\"async\" src=\"http:\/\/perspetivaatual.pt\/wp-content\/uploads\/2024\/05\/auditorio2-e1716816338152-1024x532.jpeg\" alt=\"\" class=\"wp-image-3873\" width=\"685\" height=\"356\" srcset=\"https:\/\/perspetivaatual.pt\/wp-content\/uploads\/2024\/05\/auditorio2-e1716816338152-1024x532.jpeg 1024w, https:\/\/perspetivaatual.pt\/wp-content\/uploads\/2024\/05\/auditorio2-e1716816338152-300x156.jpeg 300w, https:\/\/perspetivaatual.pt\/wp-content\/uploads\/2024\/05\/auditorio2-e1716816338152-768x399.jpeg 768w, https:\/\/perspetivaatual.pt\/wp-content\/uploads\/2024\/05\/auditorio2-e1716816338152-1536x798.jpeg 1536w, https:\/\/perspetivaatual.pt\/wp-content\/uploads\/2024\/05\/auditorio2-e1716816338152-600x312.jpeg 600w, https:\/\/perspetivaatual.pt\/wp-content\/uploads\/2024\/05\/auditorio2-e1716816338152.jpeg 2048w\" sizes=\"auto, (max-width: 685px) 100vw, 685px\" \/><\/figure>\n\n\n\n<p><\/p>\n\n\n\n<p><strong>PA: Pode destacar alguns dos principais projetos de pesquisa em andamento na FCDEFUC e explicar como pretendem contribuir para o avan\u00e7o do conhecimento nas Ci\u00eancias do Desporto e Educa\u00e7\u00e3o F\u00edsica?<\/strong><\/p>\n\n\n\n<p><strong>VV: <\/strong>A participa\u00e7\u00e3o da FCDEFUC em projetos internacionais tem igualmente crescido. \u00c9 o caso do Projeto Europeu OACCUs (Outdoor Against Cancer Connect Us) ou do programa EU4Health, que tem como objetivo promover o bem-estar para sobreviventes de cancro atrav\u00e9s da pr\u00e1tica de exerc\u00edcio f\u00edsico, alimenta\u00e7\u00e3o saud\u00e1vel, bem-estar psicol\u00f3gico e sustentabilidade do planeta. O cons\u00f3rcio integra 14 parceiros oriundos de seis pa\u00edses, sendo os representantes portugueses a Universidade de Coimbra \u2013 FCDEF, a Liga Portuguesa contra o Cancro \u2013 N\u00facleo de Regi\u00e3o Centro e o Centro Hospitalar e Universit\u00e1rio de Coimbra (CHUC) \u2013 Servi\u00e7o de Oncologia Pedi\u00e1trica. Por outro lado, o projeto \u201cPAS GRAS: redu\u00e7\u00e3o de riscos metab\u00f3licos, determinantes ambientais e comportamentais da obesidade em crian\u00e7as, adolescentes e jovens adultos\u201d envolve parceiros de oito pa\u00edses europeus e tem como prop\u00f3sito desenvolver, ao longo de cinco anos, estrat\u00e9gias interdisciplinares de investiga\u00e7\u00e3o e inova\u00e7\u00e3o capazes de mudar o paradigma da preven\u00e7\u00e3o e do tratamento da obesidade, fornecendo solu\u00e7\u00f5es pr\u00e1ticas para uma vida saud\u00e1vel na sociedade contempor\u00e2nea. H\u00e1 ainda o projeto RYHEALTH \u2013 A holistic approach to rocking your health\u201d que, no \u00e2mbito do programa EU4Health, que apoia projetos que respondem a desafios na \u00e1rea da sa\u00fade e junta institui\u00e7\u00f5es de Portugal, Alemanha e Espanha, pretende juntar escolas, fam\u00edlias, crian\u00e7as e jovens na promo\u00e7\u00e3o de estilos de vida saud\u00e1veis desde a inf\u00e2ncia.<\/p>\n\n\n\n<p><strong>PA: Qual \u00e9 a \u00e1rea de especializa\u00e7\u00e3o facultada pela FCDEFUC e de que forma \u00e9 que essa oferta acad\u00e9mica foi pensada e alinhada conforme as demandas do mercado de trabalho atual? Al\u00e9m disso, quais s\u00e3o as sa\u00eddas profissionais?<\/strong><\/p>\n\n\n\n<p><strong>VV: <\/strong>Como unidade de ensino e investiga\u00e7\u00e3o os nossos objetos de estudo e forma\u00e7\u00e3o est\u00e3o centrados no Desporto, Educa\u00e7\u00e3o F\u00edsica e Atividade F\u00edsica, mas n\u00e3o esquecendo outras \u00e1reas emergentes. A Licenciatura em Ci\u00eancias do Desporto proporciona uma s\u00f3lida forma\u00e7\u00e3o acad\u00e9mica, conferindo compet\u00eancias profissionais para o desempenho de atividades ligadas \u00e0s ci\u00eancias do Desporto, que permitem trabalhar em gin\u00e1sios e outras entidades e o T\u00edtulo Profissional de Treinador de Desporto em diversas modalidades desportivas e a habilita\u00e7\u00e3o da leciona\u00e7\u00e3o da Educa\u00e7\u00e3o F\u00edsica no 1.\u00ba Ciclo do Ensino B\u00e1sico, entre outras val\u00eancias profissionais inerentes \u00e0 \u00e1rea de estudo. O Mestrado em Ensino de Educa\u00e7\u00e3o F\u00edsica nos Ensinos B\u00e1sico e Secund\u00e1rio aprofunda os conhecimentos cient\u00edficos na \u00e1rea das ci\u00eancias b\u00e1sicas da educa\u00e7\u00e3o f\u00edsica, com val\u00eancia profissional que habilita para a doc\u00eancia no Ensino B\u00e1sico e Secund\u00e1rio. O Mestrado em Exerc\u00edcio e Sa\u00fade, divide-se em dois ramos de especializa\u00e7\u00e3o: Fisiologia do Exerc\u00edcio e Popula\u00e7\u00f5es Especiais, que tem como objetivo aprofundar o conhecimento nas \u00e1reas da prescri\u00e7\u00e3o do exerc\u00edcio, aptid\u00e3o f\u00edsica, sa\u00fade e bem-estar, proporcionando a aplica\u00e7\u00e3o de conhecimentos em equipas e contextos multidisciplinares de interven\u00e7\u00e3o profissional. O Mestrado em Treino Desportivo est\u00e1 orientado para promover uma s\u00f3lida forma\u00e7\u00e3o cient\u00edfica e pedag\u00f3gica na \u00e1rea espec\u00edfica do Treino Desportivo. Este Mestrado permite o acesso ao reconhecimento de t\u00edtulos avan\u00e7ados de Treinador de Desporto, como os graus II e III. O Doutoramento em Ci\u00eancias do Desporto apresenta uma diversidade de ramos de especializa\u00e7\u00e3o, tais como, Atividade F\u00edsica e Sa\u00fade, Educa\u00e7\u00e3o F\u00edsica, Necessidades Educativas Especiais \u2013 Atividade F\u00edsica Adaptada e Treino Desportivo. Por fim, o P\u00f3s-Doutoramento em Ci\u00eancias do Desporto proporciona uma forma\u00e7\u00e3o avan\u00e7ada especializada.<\/p>\n\n\n\n<p><strong>PA: Apesar de a FCDEFUC ser a mais recente Faculdade da Universidade de Coimbra, estando integrada no estabelecimento de Ensino Superior mais antigo de Portugal, possui uma rede de conceituados parceiros nacionais e internacionais. Qual \u00e9 a import\u00e2ncia destas parcerias para o reconhecimento e consolida\u00e7\u00e3o da Faculdade?<\/strong><\/p>\n\n\n\n<p><strong>VV: <\/strong>A FCDEFUC tem conquistando espa\u00e7o a n\u00edvel nacional, quer externamente junto das escolas de desporto do pa\u00eds, quer internamente, com o reconhecimento da pr\u00f3pria Universidade e do seu Governo, que t\u00eam apostado no Desporto, como de todas as estruturas org\u00e2nicas da UC pelo trabalho em parcerias na \u00e1rea dos projetos de investiga\u00e7\u00e3o. Vale n\u00e3o esquecer igualmente todas as conquistas com protocolos de parceria a n\u00edvel nacional e internacional. Assim sendo, a Faculdade colabora com diversas Federa\u00e7\u00f5es Desportivas e tamb\u00e9m com o Comit\u00e9 Ol\u00edmpico de Portugal, dando apoio em termos da avalia\u00e7\u00e3o e controlo do treino aos atletas das sele\u00e7\u00f5es nacionais de diferentes modalidades e escal\u00f5es e contribuindo para, num trabalho de coopera\u00e7\u00e3o com os treinadores e equipas t\u00e9cnicas, melhorar o desempenho dos atletas Nacionais. Inclusive, estamos a acompanhar a prepara\u00e7\u00e3o ol\u00edmpica de v\u00e1rios atletas que v\u00e3o estar a representar Portugal nos pr\u00f3ximos jogos Ol\u00edmpicos em Paris 2024. O reconhecimento e consolida\u00e7\u00e3o da Faculdade \u00e9 vis\u00edvel, por exemplo, atrav\u00e9s do Ranking de Shangai, onde a FCDEFUC foi a segunda colocada a n\u00edvel nacional na recente publica\u00e7\u00e3o, a 15 de dezembro de 2023, do Ranking de Shangai de Escolas de Ci\u00eancias do Desporto, ocupando um lugar entre a posi\u00e7\u00e3o 101-150.<\/p>\n\n\n\n<p><strong>PA: Tendo em conta que para formar jovens com pensamento global \u00e9 vital instigar ao contacto com o mundo, que medidas a FCDEP tem levado a cabo para promover a internacionaliza\u00e7\u00e3o e mobilidade dos estudantes e pessoal docente?<\/strong><\/p>\n\n\n\n<p><strong>VV: <\/strong>Iniciativas de divulga\u00e7\u00e3o cient\u00edfica que passam pela organiza\u00e7\u00e3o de diferentes eventos cient\u00edficos de dimens\u00e3o nacional e internacional. Nos \u00faltimos anos, a FCDEFUC foi respons\u00e1vel pela organiza\u00e7\u00e3o de: World Conference on Science and Soccer 2022, o congress mundial de Futebol realizou-se pela primeira vez em Portugal, tendo abrangido um vasto leque de tem\u00e1ticas cient\u00edficas subordinadas ao estudo do Futebol); European Congress of Adapted Physical Activity (EUCAPA 2022), um evento cient\u00edfico internacional de refer\u00eancia no \u00e2mbito da atividade f\u00edsica adaptada sob a chancela da European Federation of Adapted Physical Activity (EUFAPA); XIX Congresso de Ci\u00eancias do Desporto e Educa\u00e7\u00e3o F\u00edsica dos Pa\u00edses de L\u00edngua Portuguesa em janeiro de 2023; XIV Meeting Internacional de Treinadores de Futebol em outubro de 2023, um evento, organizado pela Faculdade, que contou com a presen\u00e7a de quase uma centena de participantes, focados em desenvolver compet\u00eancias enquanto treinadores de Futebol; XXIV F\u00f3rum Internacional do Desporto em mar\u00e7o de 2024, com a presen\u00e7a do Professor Carlos Neto, Professor Catedr\u00e1tico Jubilado da Faculdade de Motricidade Humana da Universidade de Lisboa, tendo sido o foco desta confer\u00eancia as crian\u00e7as e o seu desenvolvimento; II Semin\u00e1rio Internacional de Salvamento Aqu\u00e1tico, em abril de 2024, em parceria com o Instituto de Socorros a N\u00e1ufragos; entre outros que poderiam igualmente ser elencados.<\/p>\n\n\n\n<p><strong>PA: A Universidade de Coimbra possui um papel fundamental no desenvolvimento socioecon\u00f3mico da regi\u00e3o, assim, de que forma a FCDEFUC se insere nesse contexto? Como \u00e9 que a Faculdade tem colaborado com institui\u00e7\u00f5es locais ou desenvolvido iniciativas para promover o bem-estar da comunidade e impulsionar o crescimento regional?<\/strong><\/p>\n\n\n\n<p><strong>VV: <\/strong>Parcerias com a C\u00e2mara Municipal de Coimbra e outras Autarquias, Clubes, Desporto Adaptado, Gin\u00e1sios, Federa\u00e7\u00f5es, Associa\u00e7\u00f5es Desportivas, e ainda com entidades ligadas \u00e0 sa\u00fade como o Liga Portuguesa contra o Cancro \u2013 N\u00facleo de Regi\u00e3o Centro e o Centro Hospitalar e Universit\u00e1rio de Coimbra (CHUC) \u2013 Servi\u00e7o de Oncologia Pedi\u00e1trica e, mais recentemente com a Escola Superior de Enfermagem de Coimbra e com o IPO, que tem potenciado junto das comunidades atividades na \u00e1rea do desporto, exerc\u00edcio e sa\u00fade, para promover o bem-estar e sa\u00fade das comunidades locais.<\/p>\n\n\n\n<p><strong>PA: Ainda assim, um ano, certamente, n\u00e3o ter\u00e1 sido tempo suficiente para colocarem em pr\u00e1tica todos os planos idealizados. Dessa forma, qual ser\u00e1 o pr\u00f3ximo passo? Existem \u00e1reas espec\u00edficas de expans\u00e3o ou desenvolvimento que pretendem priorizar?<\/strong><\/p>\n\n\n\n<p><strong>VV: <\/strong>S\u00e3o mandatos curtos, principalmente para a nossa Faculdade que ainda tem poucos anos de exist\u00eancia e est\u00e1 inserida num colosso que \u00e9 a Universidade de Coimbra. Atualmente o core business da Faculdade assenta numa aposta forte na Investiga\u00e7\u00e3o, sendo o objetivo aumentar a produ\u00e7\u00e3o cient\u00edfica da FCDEFUC e aumentar o n\u00famero de projetos internacionais, projetando a imagem da Faculdade e da UC a n\u00edvel nacional e internacional e reconhecendo a import\u00e2ncia do Desporto, Educa\u00e7\u00e3o F\u00edsica e Atividade F\u00edsica no mundo. Ainda temos um longo caminho a percorrer, e este pr\u00f3ximo ano temos de tomar decis\u00f5es, nomeadamente, sobre a reforma pedag\u00f3gica, a possibilidade de aumentar a oferta formativa dos 2.\u00ba e 3.\u00ba ciclos, a cria\u00e7\u00e3o de mestrados em parceria com outras Unidades Org\u00e2nicas da Universidade de Coimbra e o desenvolvimento da oferta ao n\u00edvel de cursos n\u00e3o conferentes de grau em \u00e1reas que est\u00e3o a emergir no universo das ci\u00eancias do desporto.<\/p>\n\n\n\n<figure class=\"wp-block-gallery has-nested-images columns-default is-cropped wp-block-gallery-1 is-layout-flex wp-block-gallery-is-layout-flex\">\n<figure class=\"wp-block-image size-large\"><img loading=\"lazy\" decoding=\"async\" width=\"1024\" height=\"682\" data-id=\"3881\" src=\"https:\/\/perspetivaatual.pt\/wp-content\/uploads\/2024\/05\/IMG_9554_Easy-Resize.com_-1024x682.jpg\" alt=\"\" class=\"wp-image-3881\" srcset=\"https:\/\/perspetivaatual.pt\/wp-content\/uploads\/2024\/05\/IMG_9554_Easy-Resize.com_-1024x682.jpg 1024w, https:\/\/perspetivaatual.pt\/wp-content\/uploads\/2024\/05\/IMG_9554_Easy-Resize.com_-300x200.jpg 300w, https:\/\/perspetivaatual.pt\/wp-content\/uploads\/2024\/05\/IMG_9554_Easy-Resize.com_-768x512.jpg 768w, https:\/\/perspetivaatual.pt\/wp-content\/uploads\/2024\/05\/IMG_9554_Easy-Resize.com_-675x450.jpg 675w, https:\/\/perspetivaatual.pt\/wp-content\/uploads\/2024\/05\/IMG_9554_Easy-Resize.com_-600x400.jpg 600w, https:\/\/perspetivaatual.pt\/wp-content\/uploads\/2024\/05\/IMG_9554_Easy-Resize.com_.jpg 1280w\" sizes=\"auto, (max-width: 1024px) 100vw, 1024px\" \/><\/figure>\n\n\n\n<figure class=\"wp-block-image size-large\"><img loading=\"lazy\" decoding=\"async\" width=\"1024\" height=\"682\" data-id=\"3880\" src=\"https:\/\/perspetivaatual.pt\/wp-content\/uploads\/2024\/05\/IMG_9678_Easy-Resize.com_-1024x682.jpg\" alt=\"\" class=\"wp-image-3880\" srcset=\"https:\/\/perspetivaatual.pt\/wp-content\/uploads\/2024\/05\/IMG_9678_Easy-Resize.com_-1024x682.jpg 1024w, https:\/\/perspetivaatual.pt\/wp-content\/uploads\/2024\/05\/IMG_9678_Easy-Resize.com_-300x200.jpg 300w, https:\/\/perspetivaatual.pt\/wp-content\/uploads\/2024\/05\/IMG_9678_Easy-Resize.com_-768x512.jpg 768w, https:\/\/perspetivaatual.pt\/wp-content\/uploads\/2024\/05\/IMG_9678_Easy-Resize.com_-675x450.jpg 675w, https:\/\/perspetivaatual.pt\/wp-content\/uploads\/2024\/05\/IMG_9678_Easy-Resize.com_-600x400.jpg 600w, https:\/\/perspetivaatual.pt\/wp-content\/uploads\/2024\/05\/IMG_9678_Easy-Resize.com_.jpg 1280w\" sizes=\"auto, (max-width: 1024px) 100vw, 1024px\" \/><\/figure>\n\n\n\n<figure class=\"wp-block-image size-large\"><img loading=\"lazy\" decoding=\"async\" width=\"1024\" height=\"768\" data-id=\"3879\" src=\"https:\/\/perspetivaatual.pt\/wp-content\/uploads\/2024\/05\/Laboratorio-4-1024x768.jpeg\" alt=\"\" class=\"wp-image-3879\" srcset=\"https:\/\/perspetivaatual.pt\/wp-content\/uploads\/2024\/05\/Laboratorio-4-1024x768.jpeg 1024w, https:\/\/perspetivaatual.pt\/wp-content\/uploads\/2024\/05\/Laboratorio-4-300x225.jpeg 300w, https:\/\/perspetivaatual.pt\/wp-content\/uploads\/2024\/05\/Laboratorio-4-768x576.jpeg 768w, https:\/\/perspetivaatual.pt\/wp-content\/uploads\/2024\/05\/Laboratorio-4-1536x1152.jpeg 1536w, https:\/\/perspetivaatual.pt\/wp-content\/uploads\/2024\/05\/Laboratorio-4-600x450.jpeg 600w, https:\/\/perspetivaatual.pt\/wp-content\/uploads\/2024\/05\/Laboratorio-4.jpeg 2048w\" sizes=\"auto, (max-width: 1024px) 100vw, 1024px\" \/><\/figure>\n<\/figure>\n","protected":false},"excerpt":{"rendered":"<p>A nova dire\u00e7\u00e3o da Faculdade de Ci\u00eancias do Desporto e Educa\u00e7\u00e3o F\u00edsica da Universidade de<\/p>\n","protected":false},"author":5,"featured_media":3872,"comment_status":"open","ping_status":"open","sticky":false,"template":"","format":"standard","meta":{"footnotes":""},"categories":[11,3,165],"tags":[66,56,55,560,116,269,61,102],"class_list":["post-3867","post","type-post","status-publish","format-standard","has-post-thumbnail","hentry","category-destaques","category-educacao","category-investigacao","tag-coimbra","tag-educacao-2","tag-ensino","tag-faculdade-de-ciencias-do-desporto-e-educacao-fisica-da-universidade-de-coimbra","tag-fcdef","tag-fcdefuc","tag-universidade","tag-universidade-de-coimbra"],"yoast_head":"<!-- This site is optimized with the Yoast SEO plugin v24.2 - https:\/\/yoast.com\/wordpress\/plugins\/seo\/ -->\n<title>Ci\u00eancias do Desporto e Educa\u00e7\u00e3o F\u00edsica apostam na Investiga\u00e7\u00e3o - Perspetiva Atual<\/title>\n<meta name=\"robots\" content=\"index, follow, max-snippet:-1, max-image-preview:large, max-video-preview:-1\" \/>\n<link rel=\"canonical\" href=\"https:\/\/perspetivaatual.pt\/index.php\/2024\/05\/30\/ciencias-do-desporto-e-educacao-fisica-apostam-na-investigacao\/\" \/>\n<meta property=\"og:locale\" content=\"pt_PT\" \/>\n<meta property=\"og:type\" content=\"article\" \/>\n<meta property=\"og:title\" content=\"Ci\u00eancias do Desporto e Educa\u00e7\u00e3o F\u00edsica apostam na Investiga\u00e7\u00e3o - Perspetiva Atual\" \/>\n<meta property=\"og:description\" content=\"A nova dire\u00e7\u00e3o da Faculdade de Ci\u00eancias do Desporto e Educa\u00e7\u00e3o F\u00edsica da Universidade de\" \/>\n<meta property=\"og:url\" content=\"https:\/\/perspetivaatual.pt\/index.php\/2024\/05\/30\/ciencias-do-desporto-e-educacao-fisica-apostam-na-investigacao\/\" \/>\n<meta property=\"og:site_name\" content=\"Perspetiva Atual\" \/>\n<meta property=\"article:published_time\" content=\"2024-05-30T19:00:00+00:00\" \/>\n<meta property=\"article:modified_time\" content=\"2024-05-27T14:48:23+00:00\" \/>\n<meta property=\"og:image\" content=\"https:\/\/perspetivaatual.pt\/wp-content\/uploads\/2024\/05\/IMG_9563-scaled-e1716816220543.jpg\" \/>\n\t<meta property=\"og:image:width\" content=\"2560\" \/>\n\t<meta property=\"og:image:height\" content=\"1376\" \/>\n\t<meta property=\"og:image:type\" content=\"image\/jpeg\" \/>\n<meta name=\"author\" content=\"Jo\u00e3o Malainho Perspetiva Atual\" \/>\n<meta name=\"twitter:card\" content=\"summary_large_image\" \/>\n<meta name=\"twitter:label1\" content=\"Escrito por\" \/>\n\t<meta name=\"twitter:data1\" content=\"\" \/>\n\t<meta name=\"twitter:label2\" content=\"Tempo estimado de leitura\" \/>\n\t<meta name=\"twitter:data2\" content=\"13 minutos\" \/>\n<script type=\"application\/ld+json\" class=\"yoast-schema-graph\">{\"@context\":\"https:\/\/schema.org\",\"@graph\":[{\"@type\":\"Article\",\"@id\":\"https:\/\/perspetivaatual.pt\/index.php\/2024\/05\/30\/ciencias-do-desporto-e-educacao-fisica-apostam-na-investigacao\/#article\",\"isPartOf\":{\"@id\":\"https:\/\/perspetivaatual.pt\/index.php\/2024\/05\/30\/ciencias-do-desporto-e-educacao-fisica-apostam-na-investigacao\/\"},\"author\":{\"name\":\"Jo\u00e3o Malainho Perspetiva Atual\",\"@id\":\"https:\/\/perspetivaatual.pt\/#\/schema\/person\/4c9d5a8b179d047c3220dfa32fd6b658\"},\"headline\":\"Ci\u00eancias do Desporto e Educa\u00e7\u00e3o F\u00edsica apostam na Investiga\u00e7\u00e3o\",\"datePublished\":\"2024-05-30T19:00:00+00:00\",\"dateModified\":\"2024-05-27T14:48:23+00:00\",\"mainEntityOfPage\":{\"@id\":\"https:\/\/perspetivaatual.pt\/index.php\/2024\/05\/30\/ciencias-do-desporto-e-educacao-fisica-apostam-na-investigacao\/\"},\"wordCount\":2319,\"commentCount\":0,\"publisher\":{\"@id\":\"https:\/\/perspetivaatual.pt\/#organization\"},\"image\":{\"@id\":\"https:\/\/perspetivaatual.pt\/index.php\/2024\/05\/30\/ciencias-do-desporto-e-educacao-fisica-apostam-na-investigacao\/#primaryimage\"},\"thumbnailUrl\":\"https:\/\/perspetivaatual.pt\/wp-content\/uploads\/2024\/05\/IMG_9563-scaled-e1716816220543.jpg\",\"keywords\":[\"coimbra\",\"educa\u00e7\u00e3o\",\"ensino\",\"Faculdade de Ci\u00eancias do Desporto e Educa\u00e7\u00e3o F\u00edsica da Universidade de Coimbra\",\"FCDEF\",\"FCDEFUC\",\"universidade\",\"Universidade de Coimbra\"],\"articleSection\":[\"Destaques\",\"Educa\u00e7\u00e3o\",\"Investiga\u00e7\u00e3o\"],\"inLanguage\":\"pt-PT\",\"potentialAction\":[{\"@type\":\"CommentAction\",\"name\":\"Comment\",\"target\":[\"https:\/\/perspetivaatual.pt\/index.php\/2024\/05\/30\/ciencias-do-desporto-e-educacao-fisica-apostam-na-investigacao\/#respond\"]}]},{\"@type\":\"WebPage\",\"@id\":\"https:\/\/perspetivaatual.pt\/index.php\/2024\/05\/30\/ciencias-do-desporto-e-educacao-fisica-apostam-na-investigacao\/\",\"url\":\"https:\/\/perspetivaatual.pt\/index.php\/2024\/05\/30\/ciencias-do-desporto-e-educacao-fisica-apostam-na-investigacao\/\",\"name\":\"Ci\u00eancias do Desporto e Educa\u00e7\u00e3o F\u00edsica apostam na Investiga\u00e7\u00e3o - Perspetiva Atual\",\"isPartOf\":{\"@id\":\"https:\/\/perspetivaatual.pt\/#website\"},\"primaryImageOfPage\":{\"@id\":\"https:\/\/perspetivaatual.pt\/index.php\/2024\/05\/30\/ciencias-do-desporto-e-educacao-fisica-apostam-na-investigacao\/#primaryimage\"},\"image\":{\"@id\":\"https:\/\/perspetivaatual.pt\/index.php\/2024\/05\/30\/ciencias-do-desporto-e-educacao-fisica-apostam-na-investigacao\/#primaryimage\"},\"thumbnailUrl\":\"https:\/\/perspetivaatual.pt\/wp-content\/uploads\/2024\/05\/IMG_9563-scaled-e1716816220543.jpg\",\"datePublished\":\"2024-05-30T19:00:00+00:00\",\"dateModified\":\"2024-05-27T14:48:23+00:00\",\"breadcrumb\":{\"@id\":\"https:\/\/perspetivaatual.pt\/index.php\/2024\/05\/30\/ciencias-do-desporto-e-educacao-fisica-apostam-na-investigacao\/#breadcrumb\"},\"inLanguage\":\"pt-PT\",\"potentialAction\":[{\"@type\":\"ReadAction\",\"target\":[\"https:\/\/perspetivaatual.pt\/index.php\/2024\/05\/30\/ciencias-do-desporto-e-educacao-fisica-apostam-na-investigacao\/\"]}]},{\"@type\":\"ImageObject\",\"inLanguage\":\"pt-PT\",\"@id\":\"https:\/\/perspetivaatual.pt\/index.php\/2024\/05\/30\/ciencias-do-desporto-e-educacao-fisica-apostam-na-investigacao\/#primaryimage\",\"url\":\"https:\/\/perspetivaatual.pt\/wp-content\/uploads\/2024\/05\/IMG_9563-scaled-e1716816220543.jpg\",\"contentUrl\":\"https:\/\/perspetivaatual.pt\/wp-content\/uploads\/2024\/05\/IMG_9563-scaled-e1716816220543.jpg\",\"width\":2560,\"height\":1376},{\"@type\":\"BreadcrumbList\",\"@id\":\"https:\/\/perspetivaatual.pt\/index.php\/2024\/05\/30\/ciencias-do-desporto-e-educacao-fisica-apostam-na-investigacao\/#breadcrumb\",\"itemListElement\":[{\"@type\":\"ListItem\",\"position\":1,\"name\":\"Home\",\"item\":\"https:\/\/perspetivaatual.pt\/\"},{\"@type\":\"ListItem\",\"position\":2,\"name\":\"Ci\u00eancias do Desporto e Educa\u00e7\u00e3o F\u00edsica apostam na Investiga\u00e7\u00e3o\"}]},{\"@type\":\"WebSite\",\"@id\":\"https:\/\/perspetivaatual.pt\/#website\",\"url\":\"https:\/\/perspetivaatual.pt\/\",\"name\":\"Perspetiva Atual\",\"description\":\"Olhar Portugal, de diferentes formas\",\"publisher\":{\"@id\":\"https:\/\/perspetivaatual.pt\/#organization\"},\"potentialAction\":[{\"@type\":\"SearchAction\",\"target\":{\"@type\":\"EntryPoint\",\"urlTemplate\":\"https:\/\/perspetivaatual.pt\/?s={search_term_string}\"},\"query-input\":{\"@type\":\"PropertyValueSpecification\",\"valueRequired\":true,\"valueName\":\"search_term_string\"}}],\"inLanguage\":\"pt-PT\"},{\"@type\":\"Organization\",\"@id\":\"https:\/\/perspetivaatual.pt\/#organization\",\"name\":\"Perspetiva Atual\",\"url\":\"https:\/\/perspetivaatual.pt\/\",\"logo\":{\"@type\":\"ImageObject\",\"inLanguage\":\"pt-PT\",\"@id\":\"https:\/\/perspetivaatual.pt\/#\/schema\/logo\/image\/\",\"url\":\"https:\/\/perspetivaatual.pt\/wp-content\/uploads\/2020\/08\/cropped-perspetiva_atual-.png\",\"contentUrl\":\"https:\/\/perspetivaatual.pt\/wp-content\/uploads\/2020\/08\/cropped-perspetiva_atual-.png\",\"width\":618,\"height\":202,\"caption\":\"Perspetiva Atual\"},\"image\":{\"@id\":\"https:\/\/perspetivaatual.pt\/#\/schema\/logo\/image\/\"}},{\"@type\":\"Person\",\"@id\":\"https:\/\/perspetivaatual.pt\/#\/schema\/person\/4c9d5a8b179d047c3220dfa32fd6b658\",\"name\":\"Jo\u00e3o Malainho Perspetiva Atual\",\"image\":{\"@type\":\"ImageObject\",\"inLanguage\":\"pt-PT\",\"@id\":\"https:\/\/perspetivaatual.pt\/#\/schema\/person\/image\/\",\"url\":\"https:\/\/secure.gravatar.com\/avatar\/fd918e8a58374b02896337d62716969a?s=96&d=mm&r=g\",\"contentUrl\":\"https:\/\/secure.gravatar.com\/avatar\/fd918e8a58374b02896337d62716969a?s=96&d=mm&r=g\",\"caption\":\"Jo\u00e3o Malainho Perspetiva Atual\"},\"sameAs\":[\"http:\/\/perspetivaatual.pt\"],\"url\":\"https:\/\/perspetivaatual.pt\/index.php\/author\/joaomalainhoii\/\"}]}<\/script>\n<!-- \/ Yoast SEO plugin. -->","yoast_head_json":{"title":"Ci\u00eancias do Desporto e Educa\u00e7\u00e3o F\u00edsica apostam na Investiga\u00e7\u00e3o - Perspetiva Atual","robots":{"index":"index","follow":"follow","max-snippet":"max-snippet:-1","max-image-preview":"max-image-preview:large","max-video-preview":"max-video-preview:-1"},"canonical":"https:\/\/perspetivaatual.pt\/index.php\/2024\/05\/30\/ciencias-do-desporto-e-educacao-fisica-apostam-na-investigacao\/","og_locale":"pt_PT","og_type":"article","og_title":"Ci\u00eancias do Desporto e Educa\u00e7\u00e3o F\u00edsica apostam na Investiga\u00e7\u00e3o - Perspetiva Atual","og_description":"A nova dire\u00e7\u00e3o da Faculdade de Ci\u00eancias do Desporto e Educa\u00e7\u00e3o F\u00edsica da Universidade de","og_url":"https:\/\/perspetivaatual.pt\/index.php\/2024\/05\/30\/ciencias-do-desporto-e-educacao-fisica-apostam-na-investigacao\/","og_site_name":"Perspetiva Atual","article_published_time":"2024-05-30T19:00:00+00:00","article_modified_time":"2024-05-27T14:48:23+00:00","og_image":[{"width":2560,"height":1376,"url":"https:\/\/perspetivaatual.pt\/wp-content\/uploads\/2024\/05\/IMG_9563-scaled-e1716816220543.jpg","type":"image\/jpeg"}],"author":"Jo\u00e3o Malainho Perspetiva Atual","twitter_card":"summary_large_image","twitter_misc":{"Escrito por":false,"Tempo estimado de leitura":"13 minutos"},"schema":{"@context":"https:\/\/schema.org","@graph":[{"@type":"Article","@id":"https:\/\/perspetivaatual.pt\/index.php\/2024\/05\/30\/ciencias-do-desporto-e-educacao-fisica-apostam-na-investigacao\/#article","isPartOf":{"@id":"https:\/\/perspetivaatual.pt\/index.php\/2024\/05\/30\/ciencias-do-desporto-e-educacao-fisica-apostam-na-investigacao\/"},"author":{"name":"Jo\u00e3o Malainho Perspetiva Atual","@id":"https:\/\/perspetivaatual.pt\/#\/schema\/person\/4c9d5a8b179d047c3220dfa32fd6b658"},"headline":"Ci\u00eancias do Desporto e Educa\u00e7\u00e3o F\u00edsica apostam na Investiga\u00e7\u00e3o","datePublished":"2024-05-30T19:00:00+00:00","dateModified":"2024-05-27T14:48:23+00:00","mainEntityOfPage":{"@id":"https:\/\/perspetivaatual.pt\/index.php\/2024\/05\/30\/ciencias-do-desporto-e-educacao-fisica-apostam-na-investigacao\/"},"wordCount":2319,"commentCount":0,"publisher":{"@id":"https:\/\/perspetivaatual.pt\/#organization"},"image":{"@id":"https:\/\/perspetivaatual.pt\/index.php\/2024\/05\/30\/ciencias-do-desporto-e-educacao-fisica-apostam-na-investigacao\/#primaryimage"},"thumbnailUrl":"https:\/\/perspetivaatual.pt\/wp-content\/uploads\/2024\/05\/IMG_9563-scaled-e1716816220543.jpg","keywords":["coimbra","educa\u00e7\u00e3o","ensino","Faculdade de Ci\u00eancias do Desporto e Educa\u00e7\u00e3o F\u00edsica da Universidade de Coimbra","FCDEF","FCDEFUC","universidade","Universidade de Coimbra"],"articleSection":["Destaques","Educa\u00e7\u00e3o","Investiga\u00e7\u00e3o"],"inLanguage":"pt-PT","potentialAction":[{"@type":"CommentAction","name":"Comment","target":["https:\/\/perspetivaatual.pt\/index.php\/2024\/05\/30\/ciencias-do-desporto-e-educacao-fisica-apostam-na-investigacao\/#respond"]}]},{"@type":"WebPage","@id":"https:\/\/perspetivaatual.pt\/index.php\/2024\/05\/30\/ciencias-do-desporto-e-educacao-fisica-apostam-na-investigacao\/","url":"https:\/\/perspetivaatual.pt\/index.php\/2024\/05\/30\/ciencias-do-desporto-e-educacao-fisica-apostam-na-investigacao\/","name":"Ci\u00eancias do Desporto e Educa\u00e7\u00e3o F\u00edsica apostam na Investiga\u00e7\u00e3o - Perspetiva Atual","isPartOf":{"@id":"https:\/\/perspetivaatual.pt\/#website"},"primaryImageOfPage":{"@id":"https:\/\/perspetivaatual.pt\/index.php\/2024\/05\/30\/ciencias-do-desporto-e-educacao-fisica-apostam-na-investigacao\/#primaryimage"},"image":{"@id":"https:\/\/perspetivaatual.pt\/index.php\/2024\/05\/30\/ciencias-do-desporto-e-educacao-fisica-apostam-na-investigacao\/#primaryimage"},"thumbnailUrl":"https:\/\/perspetivaatual.pt\/wp-content\/uploads\/2024\/05\/IMG_9563-scaled-e1716816220543.jpg","datePublished":"2024-05-30T19:00:00+00:00","dateModified":"2024-05-27T14:48:23+00:00","breadcrumb":{"@id":"https:\/\/perspetivaatual.pt\/index.php\/2024\/05\/30\/ciencias-do-desporto-e-educacao-fisica-apostam-na-investigacao\/#breadcrumb"},"inLanguage":"pt-PT","potentialAction":[{"@type":"ReadAction","target":["https:\/\/perspetivaatual.pt\/index.php\/2024\/05\/30\/ciencias-do-desporto-e-educacao-fisica-apostam-na-investigacao\/"]}]},{"@type":"ImageObject","inLanguage":"pt-PT","@id":"https:\/\/perspetivaatual.pt\/index.php\/2024\/05\/30\/ciencias-do-desporto-e-educacao-fisica-apostam-na-investigacao\/#primaryimage","url":"https:\/\/perspetivaatual.pt\/wp-content\/uploads\/2024\/05\/IMG_9563-scaled-e1716816220543.jpg","contentUrl":"https:\/\/perspetivaatual.pt\/wp-content\/uploads\/2024\/05\/IMG_9563-scaled-e1716816220543.jpg","width":2560,"height":1376},{"@type":"BreadcrumbList","@id":"https:\/\/perspetivaatual.pt\/index.php\/2024\/05\/30\/ciencias-do-desporto-e-educacao-fisica-apostam-na-investigacao\/#breadcrumb","itemListElement":[{"@type":"ListItem","position":1,"name":"Home","item":"https:\/\/perspetivaatual.pt\/"},{"@type":"ListItem","position":2,"name":"Ci\u00eancias do Desporto e Educa\u00e7\u00e3o F\u00edsica apostam na Investiga\u00e7\u00e3o"}]},{"@type":"WebSite","@id":"https:\/\/perspetivaatual.pt\/#website","url":"https:\/\/perspetivaatual.pt\/","name":"Perspetiva Atual","description":"Olhar Portugal, de diferentes formas","publisher":{"@id":"https:\/\/perspetivaatual.pt\/#organization"},"potentialAction":[{"@type":"SearchAction","target":{"@type":"EntryPoint","urlTemplate":"https:\/\/perspetivaatual.pt\/?s={search_term_string}"},"query-input":{"@type":"PropertyValueSpecification","valueRequired":true,"valueName":"search_term_string"}}],"inLanguage":"pt-PT"},{"@type":"Organization","@id":"https:\/\/perspetivaatual.pt\/#organization","name":"Perspetiva Atual","url":"https:\/\/perspetivaatual.pt\/","logo":{"@type":"ImageObject","inLanguage":"pt-PT","@id":"https:\/\/perspetivaatual.pt\/#\/schema\/logo\/image\/","url":"https:\/\/perspetivaatual.pt\/wp-content\/uploads\/2020\/08\/cropped-perspetiva_atual-.png","contentUrl":"https:\/\/perspetivaatual.pt\/wp-content\/uploads\/2020\/08\/cropped-perspetiva_atual-.png","width":618,"height":202,"caption":"Perspetiva Atual"},"image":{"@id":"https:\/\/perspetivaatual.pt\/#\/schema\/logo\/image\/"}},{"@type":"Person","@id":"https:\/\/perspetivaatual.pt\/#\/schema\/person\/4c9d5a8b179d047c3220dfa32fd6b658","name":"Jo\u00e3o Malainho Perspetiva Atual","image":{"@type":"ImageObject","inLanguage":"pt-PT","@id":"https:\/\/perspetivaatual.pt\/#\/schema\/person\/image\/","url":"https:\/\/secure.gravatar.com\/avatar\/fd918e8a58374b02896337d62716969a?s=96&d=mm&r=g","contentUrl":"https:\/\/secure.gravatar.com\/avatar\/fd918e8a58374b02896337d62716969a?s=96&d=mm&r=g","caption":"Jo\u00e3o Malainho Perspetiva Atual"},"sameAs":["http:\/\/perspetivaatual.pt"],"url":"https:\/\/perspetivaatual.pt\/index.php\/author\/joaomalainhoii\/"}]}},"featured_image_urls":{"full":["https:\/\/perspetivaatual.pt\/wp-content\/uploads\/2024\/05\/IMG_9563-scaled-e1716816220543.jpg",2560,1376,false],"thumbnail":["https:\/\/perspetivaatual.pt\/wp-content\/uploads\/2024\/05\/IMG_9563-scaled-e1716816220543-150x150.jpg",150,150,true],"medium":["https:\/\/perspetivaatual.pt\/wp-content\/uploads\/2024\/05\/IMG_9563-scaled-e1716816220543-300x161.jpg",300,161,true],"medium_large":["https:\/\/perspetivaatual.pt\/wp-content\/uploads\/2024\/05\/IMG_9563-scaled-e1716816220543-768x413.jpg",640,344,true],"large":["https:\/\/perspetivaatual.pt\/wp-content\/uploads\/2024\/05\/IMG_9563-scaled-e1716816220543-1024x550.jpg",640,344,true],"1536x1536":["https:\/\/perspetivaatual.pt\/wp-content\/uploads\/2024\/05\/IMG_9563-scaled-e1716816220543-1536x826.jpg",1536,826,true],"2048x2048":["https:\/\/perspetivaatual.pt\/wp-content\/uploads\/2024\/05\/IMG_9563-scaled-e1716816220543-2048x1101.jpg",2048,1101,true],"magazine-7-slider-full":["https:\/\/perspetivaatual.pt\/wp-content\/uploads\/2024\/05\/IMG_9563-scaled-e1716816220543-1536x1020.jpg",1536,1020,true],"magazine-7-slider-center":["https:\/\/perspetivaatual.pt\/wp-content\/uploads\/2024\/05\/IMG_9563-scaled-e1716816220543-936x897.jpg",936,897,true],"magazine-7-featured":["https:\/\/perspetivaatual.pt\/wp-content\/uploads\/2024\/05\/IMG_9563-scaled-e1716816220543-1024x550.jpg",1024,550,true],"magazine-7-medium":["https:\/\/perspetivaatual.pt\/wp-content\/uploads\/2024\/05\/IMG_9563-scaled-e1716816220543-720x380.jpg",720,380,true],"magazine-7-medium-square":["https:\/\/perspetivaatual.pt\/wp-content\/uploads\/2024\/05\/IMG_9563-scaled-e1716816220543-675x450.jpg",675,450,true],"rpwe-thumbnail":["https:\/\/perspetivaatual.pt\/wp-content\/uploads\/2024\/05\/IMG_9563-scaled-e1716816220543-45x45.jpg",45,45,true]},"author_info":{"info":[false]},"category_info":"<a href=\"https:\/\/perspetivaatual.pt\/index.php\/category\/destaques\/\" rel=\"category tag\">Destaques<\/a> <a href=\"https:\/\/perspetivaatual.pt\/index.php\/category\/educacao\/\" rel=\"category tag\">Educa\u00e7\u00e3o<\/a> <a href=\"https:\/\/perspetivaatual.pt\/index.php\/category\/investigacao\/\" rel=\"category tag\">Investiga\u00e7\u00e3o<\/a>","tag_info":"Investiga\u00e7\u00e3o","comment_count":"0","_links":{"self":[{"href":"https:\/\/perspetivaatual.pt\/index.php\/wp-json\/wp\/v2\/posts\/3867","targetHints":{"allow":["GET"]}}],"collection":[{"href":"https:\/\/perspetivaatual.pt\/index.php\/wp-json\/wp\/v2\/posts"}],"about":[{"href":"https:\/\/perspetivaatual.pt\/index.php\/wp-json\/wp\/v2\/types\/post"}],"author":[{"embeddable":true,"href":"https:\/\/perspetivaatual.pt\/index.php\/wp-json\/wp\/v2\/users\/5"}],"replies":[{"embeddable":true,"href":"https:\/\/perspetivaatual.pt\/index.php\/wp-json\/wp\/v2\/comments?post=3867"}],"version-history":[{"count":0,"href":"https:\/\/perspetivaatual.pt\/index.php\/wp-json\/wp\/v2\/posts\/3867\/revisions"}],"wp:featuredmedia":[{"embeddable":true,"href":"https:\/\/perspetivaatual.pt\/index.php\/wp-json\/wp\/v2\/media\/3872"}],"wp:attachment":[{"href":"https:\/\/perspetivaatual.pt\/index.php\/wp-json\/wp\/v2\/media?parent=3867"}],"wp:term":[{"taxonomy":"category","embeddable":true,"href":"https:\/\/perspetivaatual.pt\/index.php\/wp-json\/wp\/v2\/categories?post=3867"},{"taxonomy":"post_tag","embeddable":true,"href":"https:\/\/perspetivaatual.pt\/index.php\/wp-json\/wp\/v2\/tags?post=3867"}],"curies":[{"name":"wp","href":"https:\/\/api.w.org\/{rel}","templated":true}]}}