{"id":4443,"date":"2025-02-28T07:00:00","date_gmt":"2025-02-28T07:00:00","guid":{"rendered":"https:\/\/perspetivaatual.pt\/?p=4443"},"modified":"2025-02-26T16:29:48","modified_gmt":"2025-02-26T16:29:48","slug":"o-ensino-ao-servico-da-educacao-5-0","status":"publish","type":"post","link":"https:\/\/perspetivaatual.pt\/index.php\/2025\/02\/28\/o-ensino-ao-servico-da-educacao-5-0\/","title":{"rendered":"O ensino ao servi\u00e7o da Educa\u00e7\u00e3o 5.0"},"content":{"rendered":"\n<figure class=\"wp-block-image aligncenter is-resized\"><img loading=\"lazy\" decoding=\"async\" width=\"2364\" height=\"795\" src=\"http:\/\/perspetivaatual.pt\/wp-content\/uploads\/2025\/02\/logo-colegio-alfacoop-tagline-azul.png\" alt=\"\" class=\"wp-image-4417\" style=\"width:330px;height:auto\" srcset=\"https:\/\/perspetivaatual.pt\/wp-content\/uploads\/2025\/02\/logo-colegio-alfacoop-tagline-azul.png 2364w, https:\/\/perspetivaatual.pt\/wp-content\/uploads\/2025\/02\/logo-colegio-alfacoop-tagline-azul-300x101.png 300w, https:\/\/perspetivaatual.pt\/wp-content\/uploads\/2025\/02\/logo-colegio-alfacoop-tagline-azul-1024x344.png 1024w, https:\/\/perspetivaatual.pt\/wp-content\/uploads\/2025\/02\/logo-colegio-alfacoop-tagline-azul-768x258.png 768w, https:\/\/perspetivaatual.pt\/wp-content\/uploads\/2025\/02\/logo-colegio-alfacoop-tagline-azul-1536x517.png 1536w, https:\/\/perspetivaatual.pt\/wp-content\/uploads\/2025\/02\/logo-colegio-alfacoop-tagline-azul-2048x689.png 2048w\" sizes=\"auto, (max-width: 2364px) 100vw, 2364px\" \/><\/figure>\n\n\n\n<p><strong>O Col\u00e9gio Alfacoop, em Braga, <\/strong><strong>\u00e9<\/strong><strong>&nbsp;pioneiro na implementa\u00e7\u00e3o da Educa\u00e7\u00e3o 5.0<\/strong><strong>,<\/strong><strong>&nbsp;em Portugal, com um projeto inovador que prepara os alunos para os desafios do futuro. A institui\u00e7\u00e3o, que recebe estudantes de 13 concelhos, aposta na integra\u00e7\u00e3o da m\u00fasica e das tecnologias, como o Microsoft 365, no processo de ensino, promovendo o desenvolvimento cognitivo e emocional d<\/strong><strong>os jovens<\/strong><strong>. De acordo com S\u00e9rgio Lino, Presidente do Conselho de Administra\u00e7\u00e3o, os objetivos da escola incluem a promo\u00e7\u00e3o de valores como<\/strong><strong>&nbsp;o<\/strong><strong>&nbsp;altru\u00edsmo, <\/strong><strong>o <\/strong><strong>respeito e <\/strong><strong>o <\/strong><strong>trabalho em equipa<\/strong><strong>. <\/strong><strong>Em entrevista, a dire\u00e7\u00e3o da escola revela as iniciativas em curso, as metas para os pr\u00f3ximos anos e o impacto do projeto.<\/strong><strong><\/strong><\/p>\n\n\n\n<p><strong>Perspetiva Atual: <\/strong><strong>O Col\u00e9gio Alfacoop tem como miss\u00e3o \u00abcontribuir com inova\u00e7\u00e3o na educa\u00e7\u00e3o capaz de formar e preparar cidad\u00e3os mais ativos e emp\u00e1ticos\u00bb. <\/strong><strong>Esta institui\u00e7\u00e3o<\/strong><strong>&nbsp;tem investido em projetos educativos inovadores e modernos. Poderia apresentar-nos alguns dos projetos que est\u00e3o em curso?<\/strong><strong><\/strong><\/p>\n\n\n\n<p>S\u00e9rgio Lino: Assumimos como miss\u00e3o tornar este mundo melhor do que o encontramos com a Educa\u00e7\u00e3o 5.0, um projeto educativo, do qual somos pioneiros em Portugal, que visa preparar cada aluno para os desafios da globaliza\u00e7\u00e3o e, ao mesmo tempo, incentiv\u00e1-lo a ser um cidad\u00e3o ativo, atento e preocupado com o mundo que o rodeia, como referi. A Educa\u00e7\u00e3o 5.0 assenta em valores como o altru\u00edsmo e o respeito, valoriza o desenvolvimento psicoemocional da crian\u00e7a, o trabalho em equipa, engloba a aprendizagem de l\u00ednguas, o racioc\u00ednio, as ci\u00eancias, o desporto, a m\u00fasica e a tecnologia e estimula uma vida saud\u00e1vel. Trabalhamos, diariamente, para que cada crian\u00e7a do Col\u00e9gio Alfacoop atinja os seus objetivos, alcance os seus sonhos, sendo um cidad\u00e3o preparado, bom e empenhado em construir um mundo melhor.<\/p>\n\n\n\n<figure class=\"wp-block-image alignright is-resized\"><img loading=\"lazy\" decoding=\"async\" width=\"1200\" height=\"1600\" src=\"http:\/\/perspetivaatual.pt\/wp-content\/uploads\/2025\/02\/foto-alfacoop.jpg\" alt=\"\" class=\"wp-image-4408\" style=\"width:251px;height:auto\" srcset=\"https:\/\/perspetivaatual.pt\/wp-content\/uploads\/2025\/02\/foto-alfacoop.jpg 1200w, https:\/\/perspetivaatual.pt\/wp-content\/uploads\/2025\/02\/foto-alfacoop-225x300.jpg 225w, https:\/\/perspetivaatual.pt\/wp-content\/uploads\/2025\/02\/foto-alfacoop-768x1024.jpg 768w, https:\/\/perspetivaatual.pt\/wp-content\/uploads\/2025\/02\/foto-alfacoop-1152x1536.jpg 1152w, https:\/\/perspetivaatual.pt\/wp-content\/uploads\/2025\/02\/foto-alfacoop-1024x1365.jpg 1024w\" sizes=\"auto, (max-width: 1200px) 100vw, 1200px\" \/><\/figure>\n\n\n\n<p><strong>PA: <\/strong><strong>Qual \u00e9 o principal foco da Dire\u00e7\u00e3o do Col\u00e9gio Alfacoop para os pr\u00f3ximos anos, considerando os desafios e oportunidades do cen\u00e1rio educacional em constante mudan\u00e7a?<\/strong><strong><\/strong><\/p>\n\n\n\n<p>SL: Estamos&nbsp;sempre&nbsp;focados em inovar na educa\u00e7\u00e3o. O projeto educativo que temos,&nbsp;hoje,&nbsp;s\u00f3 o demonstra, mas nunca estaremos satisfeitos,&nbsp;porque reconhecemos que h\u00e1 sempre espa\u00e7o para sermos melhores. Temos feito um grande investimento em tecnologias educativas e em formar os nossos docentes para os desafios atuais da transforma\u00e7\u00e3o digital e da intelig\u00eancia artificial. Mas nunca&nbsp;podemos esquecer que a base da educa\u00e7\u00e3o s\u00e3o os afetos. Dizemos que esta \u00e9 a fam\u00edlia Col\u00e9gio Alfacoop e sentimos que, de facto, somos uma fam\u00edlia. O nosso foco ser\u00e1 sempre este aliar a inova\u00e7\u00e3o \u00e0&nbsp;educa\u00e7\u00e3o, tendo&nbsp;como miss\u00e3o de deixar o mundo melhor.<\/p>\n\n\n\n<p><strong>PA: <\/strong><strong>Qual \u00e9 o papel da m\u00fasica no Col\u00e9gio? De que modo a vertente art\u00edstica contribui para o desenvolvimento integral dos alunos, no que toca aos aspetos cognitivos e aos que s\u00e3o de cariz emocional?<\/strong><strong><\/strong><\/p>\n\n\n\n<p>SL: Aprender M\u00fasica \u00e9 despertar para a sensibilidade e cultura art\u00edsticas, mas tamb\u00e9m para a curiosidade e para o desenvolvimento de atitudes que promovam a concentra\u00e7\u00e3o, a responsabilidade e o empenho, estimulando a vontade de aprender. Os alunos que pretendam iniciar,&nbsp;ou dar continuidade \u00e0 sua forma\u00e7\u00e3o e cultura musical,&nbsp;podem escolher aprender um instrumento ou experimentar outras modalidades, nomeadamente atrav\u00e9s dos Cursos Livres de M\u00fasica. A nossa Academia de M\u00fasica est\u00e1 aberta a crian\u00e7as,&nbsp;a partir dos tr\u00eas anos e n\u00e3o tem limite de idade de frequ\u00eancia. Qualquer pessoa, interna ou externa ao Col\u00e9gio, pode estudar m\u00fasica.&nbsp;O Col\u00e9gio Alfacoop oferece o Regime Integrado do Curso B\u00e1sico de M\u00fasica do Ensino Art\u00edstico Especializado de M\u00fasica, como op\u00e7\u00e3o a partir do 5\u00ba ano. Ministrado nos principais Conservat\u00f3rios Nacionais de M\u00fasica, o Regime Integrado permite lecionar a componente curricular art\u00edstica e geral no mesmo estabelecimento. Atrav\u00e9s da constru\u00e7\u00e3o de uma estrat\u00e9gia pedag\u00f3gica personalizada, essencial numa educa\u00e7\u00e3o hol\u00edstica.&nbsp;O Ensino Art\u00edstico Especializado de M\u00fasica permite nutrir o talento dos nossos alunos, promovendo compet\u00eancias t\u00e9cnicas, interpretativas, cognitivas e socioemocionais, agregando toda a comunidade educativa em prol do Perfil do Aluno \u00e0 Sa\u00edda da Escolaridade Obrigat\u00f3ria. Est\u00e1 comprovado,&nbsp;cientificamente,&nbsp;que a aprendizagem de um instrumento musical est\u00e1,&nbsp;diretamente,&nbsp;associada ao desenvolvimento cognitivo, emocional e motor, potenciando a autodisciplina, a persist\u00eancia e o trabalho em grupo.<\/p>\n\n\n\n<figure class=\"wp-block-image aligncenter is-resized\"><img loading=\"lazy\" decoding=\"async\" width=\"2560\" height=\"1920\" src=\"http:\/\/perspetivaatual.pt\/wp-content\/uploads\/2025\/02\/c70a9f0df8a6ac22-scaled.jpeg\" alt=\"\" class=\"wp-image-4406\" style=\"width:465px;height:auto\" srcset=\"https:\/\/perspetivaatual.pt\/wp-content\/uploads\/2025\/02\/c70a9f0df8a6ac22-scaled.jpeg 2560w, https:\/\/perspetivaatual.pt\/wp-content\/uploads\/2025\/02\/c70a9f0df8a6ac22-300x225.jpeg 300w, https:\/\/perspetivaatual.pt\/wp-content\/uploads\/2025\/02\/c70a9f0df8a6ac22-1024x768.jpeg 1024w, https:\/\/perspetivaatual.pt\/wp-content\/uploads\/2025\/02\/c70a9f0df8a6ac22-768x576.jpeg 768w, https:\/\/perspetivaatual.pt\/wp-content\/uploads\/2025\/02\/c70a9f0df8a6ac22-1536x1152.jpeg 1536w, https:\/\/perspetivaatual.pt\/wp-content\/uploads\/2025\/02\/c70a9f0df8a6ac22-2048x1536.jpeg 2048w\" sizes=\"auto, (max-width: 2560px) 100vw, 2560px\" \/><\/figure>\n\n\n\n<p><strong>PA: <\/strong><strong>Considerando a crescente import\u00e2ncia da tecnologia na Educa\u00e7\u00e3o, de que forma o Col\u00e9gio Alfacoop integra ferramentas digitais, como o Microsoft 365, na dualidade ensino-aprendizagem? Quais s\u00e3o os resultados observados nos alunos, em rela\u00e7\u00e3o \u00e0 qualidade do ensino e \u00e0 prepara\u00e7\u00e3o para o mundo digital?<\/strong><strong><\/strong><\/p>\n\n\n\n<p>SL: A tecnologia \u00e9 um dos pilares da Educa\u00e7\u00e3o 5.0, mas n\u00e3o existe para substituir os livros, por exemplo. A tecnologia \u00e9 uma ferramenta. Trabalhamos com os nossos alunos para que sejam capazes de aplicar as tecnologias de forma \u00e9tica, cr\u00edtica e criativa, utilizando-as como ferramentas para resolver problemas e criar solu\u00e7\u00f5es inovadoras. Educamos os nossos alunos para desenvolverem compet\u00eancias digitais essenciais, incluindo a literacia para a utiliza\u00e7\u00e3o da intelig\u00eancia artificial, programa\u00e7\u00e3o, rob\u00f3tica e a gest\u00e3o de informa\u00e7\u00e3o.<\/p>\n\n\n\n<p><strong>PA: <\/strong><strong>A Tecnologia, Espa\u00e7o, Pedagogia, Emo\u00e7\u00e3o e Envolvimento s\u00e3o os cinco pilares do projeto educativo \u00abEduca\u00e7\u00e3o 5.0\u00bb. O que esta proposta traz de particular ao ensino e o que acrescenta aos alunos para lidarem com os desafios do s\u00e9culo XXI?<\/strong><strong><\/strong><\/p>\n\n\n\n<figure class=\"wp-block-image aligncenter is-resized\"><img loading=\"lazy\" decoding=\"async\" width=\"2048\" height=\"1365\" src=\"http:\/\/perspetivaatual.pt\/wp-content\/uploads\/2025\/02\/417544293_889013476558831_3178306142024453648_n.jpg\" alt=\"\" class=\"wp-image-4405\" style=\"width:410px;height:auto\" srcset=\"https:\/\/perspetivaatual.pt\/wp-content\/uploads\/2025\/02\/417544293_889013476558831_3178306142024453648_n.jpg 2048w, https:\/\/perspetivaatual.pt\/wp-content\/uploads\/2025\/02\/417544293_889013476558831_3178306142024453648_n-300x200.jpg 300w, https:\/\/perspetivaatual.pt\/wp-content\/uploads\/2025\/02\/417544293_889013476558831_3178306142024453648_n-1024x683.jpg 1024w, https:\/\/perspetivaatual.pt\/wp-content\/uploads\/2025\/02\/417544293_889013476558831_3178306142024453648_n-768x512.jpg 768w, https:\/\/perspetivaatual.pt\/wp-content\/uploads\/2025\/02\/417544293_889013476558831_3178306142024453648_n-1536x1024.jpg 1536w, https:\/\/perspetivaatual.pt\/wp-content\/uploads\/2025\/02\/417544293_889013476558831_3178306142024453648_n-675x450.jpg 675w\" sizes=\"auto, (max-width: 2048px) 100vw, 2048px\" \/><\/figure>\n\n\n\n<p>SL: O aluno do Col\u00e9gio Alfacoop caracteriza-se por um conjunto de valores, compet\u00eancias e ideais que refletem uma forma\u00e7\u00e3o integral e alinhada com as exig\u00eancias do s\u00e9culo XXI, inspirada nos princ\u00edpios do Projeto Educa\u00e7\u00e3o 5.0. Este perfil \u00e9 sustentado pelas dimens\u00f5es da tecnologia, espa\u00e7o, pedagogia, emo\u00e7\u00e3o e envolvimento, promovendo o desenvolvimento de cidad\u00e3os conscientes, participativos e inovadores. A Educa\u00e7\u00e3o 5.0 amplia de forma exponencial as no\u00e7\u00f5es de coopera\u00e7\u00e3o e colabora\u00e7\u00e3o, n\u00e3o s\u00f3 entre os alunos, mas tamb\u00e9m com os professores e restante comunidade de aprendizagem, potenciada pelo digital.&nbsp;O aluno do Col\u00e9gio Alfacoop estar\u00e1 preparado para enfrentar os desafios de uma sociedade global e complexa, conjugando compet\u00eancias acad\u00e9micas, tecnol\u00f3gicas e socioemocionais com valores \u00e9ticos e c\u00edvicos. Como indiv\u00edduo resiliente, criativo e comprometido, \u00e9 capaz de liderar com responsabilidade, contribuir para a constru\u00e7\u00e3o de um mundo mais justo e sustentar uma aprendizagem ao longo da vida.<\/p>\n\n\n\n<p>Num mundo em constante mudan\u00e7a, h\u00e1 compet\u00eancias fundamentais que aqui s\u00e3o trabalhadas como a adaptabilidade, a empatia, a colabora\u00e7\u00e3o, a comunica\u00e7\u00e3o, a criatividade, a intelig\u00eancia emocional, a resili\u00eancia, a persuas\u00e3o, a gest\u00e3o de conflitos e a rela\u00e7\u00e3o interpessoal que tornar\u00e3o os nossos alunos cidad\u00e3os mais capazes de conviver com os desafios dessa muta\u00e7\u00e3o constante.<\/p>\n\n\n\n<blockquote class=\"wp-block-quote is-layout-flow wp-block-quote-is-layout-flow\">\n<p>\u201cTrabalhamos com os nossos alunos para que sejam capazes de aplicar as tecnologias de forma \u00e9tica, cr\u00edtica e criativa, utilizando-as como ferramentas para resolver problemas e criar solu\u00e7\u00f5es inovadoras\u201d.<\/p>\n<\/blockquote>\n\n\n\n<p><strong>PA: <\/strong><strong>Depois do projeto \u00abEduca\u00e7\u00e3o 5.0\u00bb, quais s\u00e3o as metas e expectativas do Col\u00e9gio?<\/strong><strong><\/strong><\/p>\n\n\n\n<figure class=\"wp-block-image alignleft is-resized\"><img loading=\"lazy\" decoding=\"async\" width=\"768\" height=\"1024\" src=\"http:\/\/perspetivaatual.pt\/wp-content\/uploads\/2025\/02\/411470239_849993043794208_6953945499182578332_n.jpg\" alt=\"\" class=\"wp-image-4404\" style=\"width:194px;height:auto\" srcset=\"https:\/\/perspetivaatual.pt\/wp-content\/uploads\/2025\/02\/411470239_849993043794208_6953945499182578332_n.jpg 768w, https:\/\/perspetivaatual.pt\/wp-content\/uploads\/2025\/02\/411470239_849993043794208_6953945499182578332_n-225x300.jpg 225w\" sizes=\"auto, (max-width: 768px) 100vw, 768px\" \/><\/figure>\n\n\n\n<p>SL: Queremos continuar a consolidar este projeto educativo e crescer na oferta. Vamos construir uma piscina e fizemos uma candidatura a um CTE, um Centro Tecnol\u00f3gico Especializado na \u00e1rea do Digital, infraestrutura de grande potencial n\u00e3o s\u00f3 para o Col\u00e9gio, mas tamb\u00e9m para a regi\u00e3o. Outra aposta \u00e9 o envolvimento dos antigos alunos no presente e futuro do Col\u00e9gio. Prova desta aposta \u00e9 a campanha que vamos lan\u00e7ar agora com as irm\u00e3s Machado \u2013 Mariana Machado, atleta ol\u00edmpica, estudante de medicina e antiga aluna do nosso Col\u00e9gio e a sua irm\u00e3 B\u00e1rbara Machado, aluna do Curso Superior de Enfermagem e antiga aluna do nosso Col\u00e9gio. Somos, de facto, uma escolha de fam\u00edlia.<\/p>\n\n\n\n<p><strong>PA: <\/strong><strong>Por fim, enquanto Presidente de um Col\u00e9gio inegavelmente moderno, como avalia o percurso realizado desde que assumiu este cargo?<\/strong><strong><\/strong><\/p>\n\n\n\n<p>SL: Trabalhamos diariamente para alcan\u00e7ar a excel\u00eancia em tudo \u2013 na educa\u00e7\u00e3o, nas infraestruturas, nas rela\u00e7\u00f5es entre pares e com a comunidade, no impacto social e econ\u00f3mico que temos na \u00e1rea em que estamos inseridos. Este \u00e9 um ecossistema que sai dos muros do col\u00e9gio. Temos alunos que&nbsp;chegam, diariamente, de 13 concelhos.&nbsp;Com o t\u00e9rmino dos contratos de associa\u00e7\u00e3o em 2016, a Cooperativa redefiniu objetivos com a vis\u00e3o de inovar na educa\u00e7\u00e3o. Em 2018, criou um Col\u00e9gio privado com novas val\u00eancias, apostando numa oferta educativa do pr\u00e9-escolar ao secund\u00e1rio, com ensino regular e profissional, e ainda a oferta do ensino art\u00edstico da m\u00fasica a partir do 5\u00ba ano. T\u00ednhamos 200 alunos em 2018, hoje temos 1200, creio que este crescimento prova a confian\u00e7a crescente das fam\u00edlias da regi\u00e3o no projeto do Col\u00e9gio e da Cooperativa. O percurso n\u00e3o tem sido f\u00e1cil, mas tem sido muito prazeroso. Estou orgulhoso do que conquist\u00e1mos, mas sobretudo da equipa que lidero e dos alunos que, diariamente, me mostram que estamos no caminho certo.<\/p>\n\n\n\n<blockquote class=\"wp-block-quote is-layout-flow wp-block-quote-is-layout-flow\">\n<p>\u201cNunca estaremos satisfeitos, porque reconhecemos que h\u00e1 sempre espa\u00e7o para sermos melhores\u201d.<\/p>\n<\/blockquote>\n\n\n\n<p><\/p>\n","protected":false},"excerpt":{"rendered":"<p>O Col\u00e9gio Alfacoop, em Braga, \u00e9&nbsp;pioneiro na implementa\u00e7\u00e3o da Educa\u00e7\u00e3o 5.0,&nbsp;em Portugal, com um projeto<\/p>\n","protected":false},"author":11,"featured_media":4419,"comment_status":"open","ping_status":"open","sticky":false,"template":"","format":"standard","meta":{"footnotes":""},"categories":[11,3],"tags":[665,677,663,647,620,291],"class_list":["post-4443","post","type-post","status-publish","format-standard","has-post-thumbnail","hentry","category-destaques","category-educacao","tag-alfacoop","tag-colegio-alfacoop","tag-educacao-5-0","tag-excelencia","tag-inovacao","tag-tecnologia"],"yoast_head":"<!-- This site is optimized with the Yoast SEO plugin v24.2 - https:\/\/yoast.com\/wordpress\/plugins\/seo\/ -->\n<title>O ensino ao servi\u00e7o da Educa\u00e7\u00e3o 5.0 - Perspetiva Atual<\/title>\n<meta name=\"description\" content=\"O Col\u00e9gio Alfacoop, em Braga, \u00e9\u00a0pioneiro na implementa\u00e7\u00e3o da Educa\u00e7\u00e3o 5.0,\u00a0em Portugal, com um projeto inovador que prepara os alunos para...\" \/>\n<meta name=\"robots\" content=\"index, follow, max-snippet:-1, max-image-preview:large, max-video-preview:-1\" \/>\n<link rel=\"canonical\" href=\"https:\/\/perspetivaatual.pt\/index.php\/2025\/02\/28\/o-ensino-ao-servico-da-educacao-5-0\/\" \/>\n<meta property=\"og:locale\" content=\"pt_PT\" \/>\n<meta property=\"og:type\" content=\"article\" \/>\n<meta property=\"og:title\" content=\"O ensino ao servi\u00e7o da Educa\u00e7\u00e3o 5.0 - Perspetiva Atual\" \/>\n<meta property=\"og:description\" content=\"O Col\u00e9gio Alfacoop, em Braga, \u00e9\u00a0pioneiro na implementa\u00e7\u00e3o da Educa\u00e7\u00e3o 5.0,\u00a0em Portugal, com um projeto inovador que prepara os alunos para...\" \/>\n<meta property=\"og:url\" content=\"https:\/\/perspetivaatual.pt\/index.php\/2025\/02\/28\/o-ensino-ao-servico-da-educacao-5-0\/\" \/>\n<meta property=\"og:site_name\" content=\"Perspetiva Atual\" \/>\n<meta property=\"article:published_time\" content=\"2025-02-28T07:00:00+00:00\" \/>\n<meta property=\"article:modified_time\" content=\"2025-02-26T16:29:48+00:00\" \/>\n<meta property=\"og:image\" content=\"https:\/\/perspetivaatual.pt\/wp-content\/uploads\/2025\/02\/Mariana-Machado_atleta-olimpica-e-antiga-aluna-Colegio-Alfacoop_Barbara-Machado_aluna-Ensino-Superior-e-antiga-aluna-Colegio-Alfacoop-scaled.jpg\" \/>\n\t<meta property=\"og:image:width\" content=\"2560\" \/>\n\t<meta property=\"og:image:height\" content=\"1707\" \/>\n\t<meta property=\"og:image:type\" content=\"image\/jpeg\" \/>\n<meta name=\"author\" content=\"Vitoria Girao\" \/>\n<meta name=\"twitter:card\" content=\"summary_large_image\" \/>\n<meta name=\"twitter:label1\" content=\"Escrito por\" \/>\n\t<meta name=\"twitter:data1\" content=\"\" \/>\n\t<meta name=\"twitter:label2\" content=\"Tempo estimado de leitura\" \/>\n\t<meta name=\"twitter:data2\" content=\"9 minutos\" \/>\n<script type=\"application\/ld+json\" class=\"yoast-schema-graph\">{\"@context\":\"https:\/\/schema.org\",\"@graph\":[{\"@type\":\"Article\",\"@id\":\"https:\/\/perspetivaatual.pt\/index.php\/2025\/02\/28\/o-ensino-ao-servico-da-educacao-5-0\/#article\",\"isPartOf\":{\"@id\":\"https:\/\/perspetivaatual.pt\/index.php\/2025\/02\/28\/o-ensino-ao-servico-da-educacao-5-0\/\"},\"author\":{\"name\":\"Vitoria Girao\",\"@id\":\"https:\/\/perspetivaatual.pt\/#\/schema\/person\/c90e8e11129f189f1b7588bf2888f8b5\"},\"headline\":\"O ensino ao servi\u00e7o da Educa\u00e7\u00e3o 5.0\",\"datePublished\":\"2025-02-28T07:00:00+00:00\",\"dateModified\":\"2025-02-26T16:29:48+00:00\",\"mainEntityOfPage\":{\"@id\":\"https:\/\/perspetivaatual.pt\/index.php\/2025\/02\/28\/o-ensino-ao-servico-da-educacao-5-0\/\"},\"wordCount\":1577,\"commentCount\":0,\"publisher\":{\"@id\":\"https:\/\/perspetivaatual.pt\/#organization\"},\"image\":{\"@id\":\"https:\/\/perspetivaatual.pt\/index.php\/2025\/02\/28\/o-ensino-ao-servico-da-educacao-5-0\/#primaryimage\"},\"thumbnailUrl\":\"https:\/\/perspetivaatual.pt\/wp-content\/uploads\/2025\/02\/Mariana-Machado_atleta-olimpica-e-antiga-aluna-Colegio-Alfacoop_Barbara-Machado_aluna-Ensino-Superior-e-antiga-aluna-Colegio-Alfacoop-scaled.jpg\",\"keywords\":[\"alfacoop\",\"Col\u00e9gio Alfacoop\",\"educa\u00e7\u00e3o 5.0\",\"excel\u00eancia\",\"Inova\u00e7\u00e3o\",\"Tecnologia\"],\"articleSection\":[\"Destaques\",\"Educa\u00e7\u00e3o\"],\"inLanguage\":\"pt-PT\",\"potentialAction\":[{\"@type\":\"CommentAction\",\"name\":\"Comment\",\"target\":[\"https:\/\/perspetivaatual.pt\/index.php\/2025\/02\/28\/o-ensino-ao-servico-da-educacao-5-0\/#respond\"]}]},{\"@type\":\"WebPage\",\"@id\":\"https:\/\/perspetivaatual.pt\/index.php\/2025\/02\/28\/o-ensino-ao-servico-da-educacao-5-0\/\",\"url\":\"https:\/\/perspetivaatual.pt\/index.php\/2025\/02\/28\/o-ensino-ao-servico-da-educacao-5-0\/\",\"name\":\"O ensino ao servi\u00e7o da Educa\u00e7\u00e3o 5.0 - Perspetiva Atual\",\"isPartOf\":{\"@id\":\"https:\/\/perspetivaatual.pt\/#website\"},\"primaryImageOfPage\":{\"@id\":\"https:\/\/perspetivaatual.pt\/index.php\/2025\/02\/28\/o-ensino-ao-servico-da-educacao-5-0\/#primaryimage\"},\"image\":{\"@id\":\"https:\/\/perspetivaatual.pt\/index.php\/2025\/02\/28\/o-ensino-ao-servico-da-educacao-5-0\/#primaryimage\"},\"thumbnailUrl\":\"https:\/\/perspetivaatual.pt\/wp-content\/uploads\/2025\/02\/Mariana-Machado_atleta-olimpica-e-antiga-aluna-Colegio-Alfacoop_Barbara-Machado_aluna-Ensino-Superior-e-antiga-aluna-Colegio-Alfacoop-scaled.jpg\",\"datePublished\":\"2025-02-28T07:00:00+00:00\",\"dateModified\":\"2025-02-26T16:29:48+00:00\",\"description\":\"O Col\u00e9gio Alfacoop, em Braga, \u00e9\u00a0pioneiro na implementa\u00e7\u00e3o da Educa\u00e7\u00e3o 5.0,\u00a0em Portugal, com um projeto inovador que prepara os alunos para...\",\"breadcrumb\":{\"@id\":\"https:\/\/perspetivaatual.pt\/index.php\/2025\/02\/28\/o-ensino-ao-servico-da-educacao-5-0\/#breadcrumb\"},\"inLanguage\":\"pt-PT\",\"potentialAction\":[{\"@type\":\"ReadAction\",\"target\":[\"https:\/\/perspetivaatual.pt\/index.php\/2025\/02\/28\/o-ensino-ao-servico-da-educacao-5-0\/\"]}]},{\"@type\":\"ImageObject\",\"inLanguage\":\"pt-PT\",\"@id\":\"https:\/\/perspetivaatual.pt\/index.php\/2025\/02\/28\/o-ensino-ao-servico-da-educacao-5-0\/#primaryimage\",\"url\":\"https:\/\/perspetivaatual.pt\/wp-content\/uploads\/2025\/02\/Mariana-Machado_atleta-olimpica-e-antiga-aluna-Colegio-Alfacoop_Barbara-Machado_aluna-Ensino-Superior-e-antiga-aluna-Colegio-Alfacoop-scaled.jpg\",\"contentUrl\":\"https:\/\/perspetivaatual.pt\/wp-content\/uploads\/2025\/02\/Mariana-Machado_atleta-olimpica-e-antiga-aluna-Colegio-Alfacoop_Barbara-Machado_aluna-Ensino-Superior-e-antiga-aluna-Colegio-Alfacoop-scaled.jpg\",\"width\":2560,\"height\":1707},{\"@type\":\"BreadcrumbList\",\"@id\":\"https:\/\/perspetivaatual.pt\/index.php\/2025\/02\/28\/o-ensino-ao-servico-da-educacao-5-0\/#breadcrumb\",\"itemListElement\":[{\"@type\":\"ListItem\",\"position\":1,\"name\":\"Home\",\"item\":\"https:\/\/perspetivaatual.pt\/\"},{\"@type\":\"ListItem\",\"position\":2,\"name\":\"O ensino ao servi\u00e7o da Educa\u00e7\u00e3o 5.0\"}]},{\"@type\":\"WebSite\",\"@id\":\"https:\/\/perspetivaatual.pt\/#website\",\"url\":\"https:\/\/perspetivaatual.pt\/\",\"name\":\"Perspetiva Atual\",\"description\":\"Olhar Portugal, de diferentes formas\",\"publisher\":{\"@id\":\"https:\/\/perspetivaatual.pt\/#organization\"},\"potentialAction\":[{\"@type\":\"SearchAction\",\"target\":{\"@type\":\"EntryPoint\",\"urlTemplate\":\"https:\/\/perspetivaatual.pt\/?s={search_term_string}\"},\"query-input\":{\"@type\":\"PropertyValueSpecification\",\"valueRequired\":true,\"valueName\":\"search_term_string\"}}],\"inLanguage\":\"pt-PT\"},{\"@type\":\"Organization\",\"@id\":\"https:\/\/perspetivaatual.pt\/#organization\",\"name\":\"Perspetiva Atual\",\"url\":\"https:\/\/perspetivaatual.pt\/\",\"logo\":{\"@type\":\"ImageObject\",\"inLanguage\":\"pt-PT\",\"@id\":\"https:\/\/perspetivaatual.pt\/#\/schema\/logo\/image\/\",\"url\":\"https:\/\/perspetivaatual.pt\/wp-content\/uploads\/2020\/08\/cropped-perspetiva_atual-.png\",\"contentUrl\":\"https:\/\/perspetivaatual.pt\/wp-content\/uploads\/2020\/08\/cropped-perspetiva_atual-.png\",\"width\":618,\"height\":202,\"caption\":\"Perspetiva Atual\"},\"image\":{\"@id\":\"https:\/\/perspetivaatual.pt\/#\/schema\/logo\/image\/\"}},{\"@type\":\"Person\",\"@id\":\"https:\/\/perspetivaatual.pt\/#\/schema\/person\/c90e8e11129f189f1b7588bf2888f8b5\",\"name\":\"Vitoria Girao\",\"image\":{\"@type\":\"ImageObject\",\"inLanguage\":\"pt-PT\",\"@id\":\"https:\/\/perspetivaatual.pt\/#\/schema\/person\/image\/\",\"url\":\"https:\/\/secure.gravatar.com\/avatar\/7a4a232c077ec4326004bec18e9d4616?s=96&d=mm&r=g\",\"contentUrl\":\"https:\/\/secure.gravatar.com\/avatar\/7a4a232c077ec4326004bec18e9d4616?s=96&d=mm&r=g\",\"caption\":\"Vitoria Girao\"},\"url\":\"https:\/\/perspetivaatual.pt\/index.php\/author\/vitoria-girao\/\"}]}<\/script>\n<!-- \/ Yoast SEO plugin. -->","yoast_head_json":{"title":"O ensino ao servi\u00e7o da Educa\u00e7\u00e3o 5.0 - Perspetiva Atual","description":"O Col\u00e9gio Alfacoop, em Braga, \u00e9\u00a0pioneiro na implementa\u00e7\u00e3o da Educa\u00e7\u00e3o 5.0,\u00a0em Portugal, com um projeto inovador que prepara os alunos para...","robots":{"index":"index","follow":"follow","max-snippet":"max-snippet:-1","max-image-preview":"max-image-preview:large","max-video-preview":"max-video-preview:-1"},"canonical":"https:\/\/perspetivaatual.pt\/index.php\/2025\/02\/28\/o-ensino-ao-servico-da-educacao-5-0\/","og_locale":"pt_PT","og_type":"article","og_title":"O ensino ao servi\u00e7o da Educa\u00e7\u00e3o 5.0 - Perspetiva Atual","og_description":"O Col\u00e9gio Alfacoop, em Braga, \u00e9\u00a0pioneiro na implementa\u00e7\u00e3o da Educa\u00e7\u00e3o 5.0,\u00a0em Portugal, com um projeto inovador que prepara os alunos para...","og_url":"https:\/\/perspetivaatual.pt\/index.php\/2025\/02\/28\/o-ensino-ao-servico-da-educacao-5-0\/","og_site_name":"Perspetiva Atual","article_published_time":"2025-02-28T07:00:00+00:00","article_modified_time":"2025-02-26T16:29:48+00:00","og_image":[{"width":2560,"height":1707,"url":"https:\/\/perspetivaatual.pt\/wp-content\/uploads\/2025\/02\/Mariana-Machado_atleta-olimpica-e-antiga-aluna-Colegio-Alfacoop_Barbara-Machado_aluna-Ensino-Superior-e-antiga-aluna-Colegio-Alfacoop-scaled.jpg","type":"image\/jpeg"}],"author":"Vitoria Girao","twitter_card":"summary_large_image","twitter_misc":{"Escrito por":false,"Tempo estimado de leitura":"9 minutos"},"schema":{"@context":"https:\/\/schema.org","@graph":[{"@type":"Article","@id":"https:\/\/perspetivaatual.pt\/index.php\/2025\/02\/28\/o-ensino-ao-servico-da-educacao-5-0\/#article","isPartOf":{"@id":"https:\/\/perspetivaatual.pt\/index.php\/2025\/02\/28\/o-ensino-ao-servico-da-educacao-5-0\/"},"author":{"name":"Vitoria Girao","@id":"https:\/\/perspetivaatual.pt\/#\/schema\/person\/c90e8e11129f189f1b7588bf2888f8b5"},"headline":"O ensino ao servi\u00e7o da Educa\u00e7\u00e3o 5.0","datePublished":"2025-02-28T07:00:00+00:00","dateModified":"2025-02-26T16:29:48+00:00","mainEntityOfPage":{"@id":"https:\/\/perspetivaatual.pt\/index.php\/2025\/02\/28\/o-ensino-ao-servico-da-educacao-5-0\/"},"wordCount":1577,"commentCount":0,"publisher":{"@id":"https:\/\/perspetivaatual.pt\/#organization"},"image":{"@id":"https:\/\/perspetivaatual.pt\/index.php\/2025\/02\/28\/o-ensino-ao-servico-da-educacao-5-0\/#primaryimage"},"thumbnailUrl":"https:\/\/perspetivaatual.pt\/wp-content\/uploads\/2025\/02\/Mariana-Machado_atleta-olimpica-e-antiga-aluna-Colegio-Alfacoop_Barbara-Machado_aluna-Ensino-Superior-e-antiga-aluna-Colegio-Alfacoop-scaled.jpg","keywords":["alfacoop","Col\u00e9gio Alfacoop","educa\u00e7\u00e3o 5.0","excel\u00eancia","Inova\u00e7\u00e3o","Tecnologia"],"articleSection":["Destaques","Educa\u00e7\u00e3o"],"inLanguage":"pt-PT","potentialAction":[{"@type":"CommentAction","name":"Comment","target":["https:\/\/perspetivaatual.pt\/index.php\/2025\/02\/28\/o-ensino-ao-servico-da-educacao-5-0\/#respond"]}]},{"@type":"WebPage","@id":"https:\/\/perspetivaatual.pt\/index.php\/2025\/02\/28\/o-ensino-ao-servico-da-educacao-5-0\/","url":"https:\/\/perspetivaatual.pt\/index.php\/2025\/02\/28\/o-ensino-ao-servico-da-educacao-5-0\/","name":"O ensino ao servi\u00e7o da Educa\u00e7\u00e3o 5.0 - Perspetiva Atual","isPartOf":{"@id":"https:\/\/perspetivaatual.pt\/#website"},"primaryImageOfPage":{"@id":"https:\/\/perspetivaatual.pt\/index.php\/2025\/02\/28\/o-ensino-ao-servico-da-educacao-5-0\/#primaryimage"},"image":{"@id":"https:\/\/perspetivaatual.pt\/index.php\/2025\/02\/28\/o-ensino-ao-servico-da-educacao-5-0\/#primaryimage"},"thumbnailUrl":"https:\/\/perspetivaatual.pt\/wp-content\/uploads\/2025\/02\/Mariana-Machado_atleta-olimpica-e-antiga-aluna-Colegio-Alfacoop_Barbara-Machado_aluna-Ensino-Superior-e-antiga-aluna-Colegio-Alfacoop-scaled.jpg","datePublished":"2025-02-28T07:00:00+00:00","dateModified":"2025-02-26T16:29:48+00:00","description":"O Col\u00e9gio Alfacoop, em Braga, \u00e9\u00a0pioneiro na implementa\u00e7\u00e3o da Educa\u00e7\u00e3o 5.0,\u00a0em Portugal, com um projeto inovador que prepara os alunos para...","breadcrumb":{"@id":"https:\/\/perspetivaatual.pt\/index.php\/2025\/02\/28\/o-ensino-ao-servico-da-educacao-5-0\/#breadcrumb"},"inLanguage":"pt-PT","potentialAction":[{"@type":"ReadAction","target":["https:\/\/perspetivaatual.pt\/index.php\/2025\/02\/28\/o-ensino-ao-servico-da-educacao-5-0\/"]}]},{"@type":"ImageObject","inLanguage":"pt-PT","@id":"https:\/\/perspetivaatual.pt\/index.php\/2025\/02\/28\/o-ensino-ao-servico-da-educacao-5-0\/#primaryimage","url":"https:\/\/perspetivaatual.pt\/wp-content\/uploads\/2025\/02\/Mariana-Machado_atleta-olimpica-e-antiga-aluna-Colegio-Alfacoop_Barbara-Machado_aluna-Ensino-Superior-e-antiga-aluna-Colegio-Alfacoop-scaled.jpg","contentUrl":"https:\/\/perspetivaatual.pt\/wp-content\/uploads\/2025\/02\/Mariana-Machado_atleta-olimpica-e-antiga-aluna-Colegio-Alfacoop_Barbara-Machado_aluna-Ensino-Superior-e-antiga-aluna-Colegio-Alfacoop-scaled.jpg","width":2560,"height":1707},{"@type":"BreadcrumbList","@id":"https:\/\/perspetivaatual.pt\/index.php\/2025\/02\/28\/o-ensino-ao-servico-da-educacao-5-0\/#breadcrumb","itemListElement":[{"@type":"ListItem","position":1,"name":"Home","item":"https:\/\/perspetivaatual.pt\/"},{"@type":"ListItem","position":2,"name":"O ensino ao servi\u00e7o da Educa\u00e7\u00e3o 5.0"}]},{"@type":"WebSite","@id":"https:\/\/perspetivaatual.pt\/#website","url":"https:\/\/perspetivaatual.pt\/","name":"Perspetiva Atual","description":"Olhar Portugal, de diferentes formas","publisher":{"@id":"https:\/\/perspetivaatual.pt\/#organization"},"potentialAction":[{"@type":"SearchAction","target":{"@type":"EntryPoint","urlTemplate":"https:\/\/perspetivaatual.pt\/?s={search_term_string}"},"query-input":{"@type":"PropertyValueSpecification","valueRequired":true,"valueName":"search_term_string"}}],"inLanguage":"pt-PT"},{"@type":"Organization","@id":"https:\/\/perspetivaatual.pt\/#organization","name":"Perspetiva Atual","url":"https:\/\/perspetivaatual.pt\/","logo":{"@type":"ImageObject","inLanguage":"pt-PT","@id":"https:\/\/perspetivaatual.pt\/#\/schema\/logo\/image\/","url":"https:\/\/perspetivaatual.pt\/wp-content\/uploads\/2020\/08\/cropped-perspetiva_atual-.png","contentUrl":"https:\/\/perspetivaatual.pt\/wp-content\/uploads\/2020\/08\/cropped-perspetiva_atual-.png","width":618,"height":202,"caption":"Perspetiva Atual"},"image":{"@id":"https:\/\/perspetivaatual.pt\/#\/schema\/logo\/image\/"}},{"@type":"Person","@id":"https:\/\/perspetivaatual.pt\/#\/schema\/person\/c90e8e11129f189f1b7588bf2888f8b5","name":"Vitoria Girao","image":{"@type":"ImageObject","inLanguage":"pt-PT","@id":"https:\/\/perspetivaatual.pt\/#\/schema\/person\/image\/","url":"https:\/\/secure.gravatar.com\/avatar\/7a4a232c077ec4326004bec18e9d4616?s=96&d=mm&r=g","contentUrl":"https:\/\/secure.gravatar.com\/avatar\/7a4a232c077ec4326004bec18e9d4616?s=96&d=mm&r=g","caption":"Vitoria Girao"},"url":"https:\/\/perspetivaatual.pt\/index.php\/author\/vitoria-girao\/"}]}},"featured_image_urls":{"full":["https:\/\/perspetivaatual.pt\/wp-content\/uploads\/2025\/02\/Mariana-Machado_atleta-olimpica-e-antiga-aluna-Colegio-Alfacoop_Barbara-Machado_aluna-Ensino-Superior-e-antiga-aluna-Colegio-Alfacoop-scaled.jpg",2560,1707,false],"thumbnail":["https:\/\/perspetivaatual.pt\/wp-content\/uploads\/2025\/02\/Mariana-Machado_atleta-olimpica-e-antiga-aluna-Colegio-Alfacoop_Barbara-Machado_aluna-Ensino-Superior-e-antiga-aluna-Colegio-Alfacoop-150x150.jpg",150,150,true],"medium":["https:\/\/perspetivaatual.pt\/wp-content\/uploads\/2025\/02\/Mariana-Machado_atleta-olimpica-e-antiga-aluna-Colegio-Alfacoop_Barbara-Machado_aluna-Ensino-Superior-e-antiga-aluna-Colegio-Alfacoop-300x200.jpg",300,200,true],"medium_large":["https:\/\/perspetivaatual.pt\/wp-content\/uploads\/2025\/02\/Mariana-Machado_atleta-olimpica-e-antiga-aluna-Colegio-Alfacoop_Barbara-Machado_aluna-Ensino-Superior-e-antiga-aluna-Colegio-Alfacoop-768x512.jpg",640,427,true],"large":["https:\/\/perspetivaatual.pt\/wp-content\/uploads\/2025\/02\/Mariana-Machado_atleta-olimpica-e-antiga-aluna-Colegio-Alfacoop_Barbara-Machado_aluna-Ensino-Superior-e-antiga-aluna-Colegio-Alfacoop-1024x683.jpg",640,427,true],"1536x1536":["https:\/\/perspetivaatual.pt\/wp-content\/uploads\/2025\/02\/Mariana-Machado_atleta-olimpica-e-antiga-aluna-Colegio-Alfacoop_Barbara-Machado_aluna-Ensino-Superior-e-antiga-aluna-Colegio-Alfacoop-1536x1024.jpg",1536,1024,true],"2048x2048":["https:\/\/perspetivaatual.pt\/wp-content\/uploads\/2025\/02\/Mariana-Machado_atleta-olimpica-e-antiga-aluna-Colegio-Alfacoop_Barbara-Machado_aluna-Ensino-Superior-e-antiga-aluna-Colegio-Alfacoop-2048x1365.jpg",2048,1365,true],"magazine-7-slider-full":["https:\/\/perspetivaatual.pt\/wp-content\/uploads\/2025\/02\/Mariana-Machado_atleta-olimpica-e-antiga-aluna-Colegio-Alfacoop_Barbara-Machado_aluna-Ensino-Superior-e-antiga-aluna-Colegio-Alfacoop-1536x1020.jpg",1536,1020,true],"magazine-7-slider-center":["https:\/\/perspetivaatual.pt\/wp-content\/uploads\/2025\/02\/Mariana-Machado_atleta-olimpica-e-antiga-aluna-Colegio-Alfacoop_Barbara-Machado_aluna-Ensino-Superior-e-antiga-aluna-Colegio-Alfacoop-936x897.jpg",936,897,true],"magazine-7-featured":["https:\/\/perspetivaatual.pt\/wp-content\/uploads\/2025\/02\/Mariana-Machado_atleta-olimpica-e-antiga-aluna-Colegio-Alfacoop_Barbara-Machado_aluna-Ensino-Superior-e-antiga-aluna-Colegio-Alfacoop-1024x683.jpg",1024,683,true],"magazine-7-medium":["https:\/\/perspetivaatual.pt\/wp-content\/uploads\/2025\/02\/Mariana-Machado_atleta-olimpica-e-antiga-aluna-Colegio-Alfacoop_Barbara-Machado_aluna-Ensino-Superior-e-antiga-aluna-Colegio-Alfacoop-720x380.jpg",720,380,true],"magazine-7-medium-square":["https:\/\/perspetivaatual.pt\/wp-content\/uploads\/2025\/02\/Mariana-Machado_atleta-olimpica-e-antiga-aluna-Colegio-Alfacoop_Barbara-Machado_aluna-Ensino-Superior-e-antiga-aluna-Colegio-Alfacoop-675x450.jpg",675,450,true],"rpwe-thumbnail":["https:\/\/perspetivaatual.pt\/wp-content\/uploads\/2025\/02\/Mariana-Machado_atleta-olimpica-e-antiga-aluna-Colegio-Alfacoop_Barbara-Machado_aluna-Ensino-Superior-e-antiga-aluna-Colegio-Alfacoop-45x45.jpg",45,45,true]},"author_info":{"info":[false]},"category_info":"<a href=\"https:\/\/perspetivaatual.pt\/index.php\/category\/destaques\/\" rel=\"category tag\">Destaques<\/a> <a href=\"https:\/\/perspetivaatual.pt\/index.php\/category\/educacao\/\" rel=\"category tag\">Educa\u00e7\u00e3o<\/a>","tag_info":"Educa\u00e7\u00e3o","comment_count":"0","_links":{"self":[{"href":"https:\/\/perspetivaatual.pt\/index.php\/wp-json\/wp\/v2\/posts\/4443","targetHints":{"allow":["GET"]}}],"collection":[{"href":"https:\/\/perspetivaatual.pt\/index.php\/wp-json\/wp\/v2\/posts"}],"about":[{"href":"https:\/\/perspetivaatual.pt\/index.php\/wp-json\/wp\/v2\/types\/post"}],"author":[{"embeddable":true,"href":"https:\/\/perspetivaatual.pt\/index.php\/wp-json\/wp\/v2\/users\/11"}],"replies":[{"embeddable":true,"href":"https:\/\/perspetivaatual.pt\/index.php\/wp-json\/wp\/v2\/comments?post=4443"}],"version-history":[{"count":0,"href":"https:\/\/perspetivaatual.pt\/index.php\/wp-json\/wp\/v2\/posts\/4443\/revisions"}],"wp:featuredmedia":[{"embeddable":true,"href":"https:\/\/perspetivaatual.pt\/index.php\/wp-json\/wp\/v2\/media\/4419"}],"wp:attachment":[{"href":"https:\/\/perspetivaatual.pt\/index.php\/wp-json\/wp\/v2\/media?parent=4443"}],"wp:term":[{"taxonomy":"category","embeddable":true,"href":"https:\/\/perspetivaatual.pt\/index.php\/wp-json\/wp\/v2\/categories?post=4443"},{"taxonomy":"post_tag","embeddable":true,"href":"https:\/\/perspetivaatual.pt\/index.php\/wp-json\/wp\/v2\/tags?post=4443"}],"curies":[{"name":"wp","href":"https:\/\/api.w.org\/{rel}","templated":true}]}}