{"id":4554,"date":"2025-04-24T07:00:00","date_gmt":"2025-04-24T07:00:00","guid":{"rendered":"https:\/\/perspetivaatual.pt\/?p=4554"},"modified":"2025-04-17T15:23:55","modified_gmt":"2025-04-17T15:23:55","slug":"ordem-dos-enfermeiros-da-seccao-regional-do-sul-reforca-parcerias-e-aponta-falhas-aos-servicos-de-urgencia","status":"publish","type":"post","link":"https:\/\/perspetivaatual.pt\/index.php\/2025\/04\/24\/ordem-dos-enfermeiros-da-seccao-regional-do-sul-reforca-parcerias-e-aponta-falhas-aos-servicos-de-urgencia\/","title":{"rendered":"Ordem dos Enfermeiros da Sec\u00e7\u00e3o Regional do Sul\u00a0refor\u00e7a parcerias e aponta falhas aos servi\u00e7os\u00a0de urg\u00eancia"},"content":{"rendered":"\n<p><strong>A Sec\u00e7\u00e3o Regional do Sul da Ordem dos Enfermeiros tem refor\u00e7ado a<\/strong><strong>s parcerias de proximidade com<\/strong><strong>&nbsp;autarquias<\/strong><strong>&nbsp;para promover a sa\u00fade e valorizar a profiss\u00e3o.<\/strong><strong>&nbsp;Em entrevista, a presidente<\/strong><strong>&nbsp;da Sec\u00e7\u00e3o,<\/strong><strong>&nbsp;Dora Franco<\/strong><strong>,<\/strong><strong>&nbsp;destaca <\/strong><strong>as<\/strong><strong>&nbsp;dificuldades enfrentadas <\/strong><strong>pela<\/strong><strong>&nbsp;ULS da Lez\u00edria e <\/strong><strong>pel<\/strong><strong>o Hospital de Vila Franca de Xira, onde a escassez de profissionais e <\/strong><strong>a sobrecarga<\/strong><strong>&nbsp;dos servi\u00e7os de urg\u00eancia exigem respostas<\/strong><strong>&nbsp;estruturais e cada vez mais<\/strong><strong>&nbsp;<\/strong><strong>imediata<\/strong><strong>s<\/strong><strong>.<\/strong><strong><\/strong><\/p>\n\n\n\n<figure class=\"wp-block-image alignleft is-resized\"><img loading=\"lazy\" decoding=\"async\" width=\"311\" height=\"554\" src=\"http:\/\/perspetivaatual.pt\/wp-content\/uploads\/2025\/04\/Imagem1.png\" alt=\"\" class=\"wp-image-4556\" style=\"width:229px;height:auto\" srcset=\"https:\/\/perspetivaatual.pt\/wp-content\/uploads\/2025\/04\/Imagem1.png 311w, https:\/\/perspetivaatual.pt\/wp-content\/uploads\/2025\/04\/Imagem1-168x300.png 168w\" sizes=\"auto, (max-width: 311px) 100vw, 311px\" \/><\/figure>\n\n\n\n<p><strong>Perspetiva Atual: <\/strong><strong>Quais foram os principais objetivos dos encontros entre a Sec\u00e7\u00e3o Regional do Sul da Ordem dos Enfermeiros e as C\u00e2maras Municipais?<\/strong><\/p>\n\n\n\n<p>Dora Franco: A Sec\u00e7\u00e3o tem vindo a fazer estes contactos de proximidade com o objetivo de estabelecer parcerias estrat\u00e9gicas que promovam a sa\u00fade e valorizem os enfermeiros. Recentemente reunimos com as C\u00e2maras Municipais de Lisboa, de Sintra, de Cascais e de Oeiras. Tivemos a oportunidade de discutir \u00e1reas de colabora\u00e7\u00e3o fundamentais, que incluem a promo\u00e7\u00e3o da literacia em sa\u00fade, forma\u00e7\u00e3o e at\u00e9 solu\u00e7\u00f5es de habita\u00e7\u00e3o acess\u00edvel para enfermeiros. Estes programas de apoio habitacional especial para enfermeiros, j\u00e1 existentes em v\u00e1rios pa\u00edses da Uni\u00e3o Europeia, assumem-se como uma possibilidade muito relevante em termos de pol\u00edticas de recursos humanos, tendo em conta os custos habitacionais elevados.<strong><\/strong><\/p>\n\n\n\n<p><strong>PA: <\/strong><strong>A Ordem tem acompanhado situa\u00e7\u00f5es cr\u00edticas na regi\u00e3o sul, como o caso da ULS da Lez\u00edria. Quais s\u00e3o os principais desafios identificados?<\/strong><strong><\/strong><\/p>\n\n\n\n<p>DF: A situa\u00e7\u00e3o na ULS da Lez\u00edria \u00e9 preocupante, sobretudo no servi\u00e7o de urg\u00eancia, e infelizmente recorrente. O ano passado reunimo-nos com o Conselho de Administra\u00e7\u00e3o e autarcas da Comunidade Intermunicipal da Lez\u00edria do Tejo, na procura de solu\u00e7\u00f5es para um problema estrutural que exige uma interven\u00e7\u00e3o concertada, e cujos maiores prejudicados s\u00e3o os mais vulner\u00e1veis, a maioria idosos.&nbsp;Em mar\u00e7o deste ano, reunimo-nos com membros do Conselho de Administra\u00e7\u00e3o rec\u00e9m-empossado, para discutirmos os v\u00e1rios constrangimentos que afetam a Unidade. Destaco o n\u00famero elevado de utentes&nbsp;\u201cinternados\u201d no servi\u00e7o de urg\u00eancia. Uma situa\u00e7\u00e3o que est\u00e1 longe de ser verificada apenas no inverno ou associada a picos epid\u00e9micos. As condi\u00e7\u00f5es ca\u00f3ticas no servi\u00e7o de urg\u00eancia mant\u00e9m-se e aquilo que deveria ser um desvio, est\u00e1 a transformar-se num padr\u00e3o. Note-se que esta aceita\u00e7\u00e3o tem consequ\u00eancias graves, como s\u00e3o exemplo o aumento das taxas de infe\u00e7\u00e3o, da taxa de mortalidade, e dos erros terap\u00eauticos. Danos graves tamb\u00e9m para os Enfermeiros, que s\u00e3o j\u00e1 considerados um dos grupos profissionais com n\u00edveis mais elevados de burnout.<\/p>\n\n\n\n<p><strong>PA: <\/strong><strong>E no caso do Hospital de Vila Franca de Xira, como avalia a situa\u00e7\u00e3o?<\/strong><\/p>\n\n\n\n<p>DF: A situa\u00e7\u00e3o vivida em Vila Franca de Xira \u00e9 muito grave, sobretudo nos servi\u00e7os de medicina e urg\u00eancia.&nbsp;No servi\u00e7o de urg\u00eancia chegou-se a registar mais de uma centena de doentes \u201cinternados\u201d por falta de camas dispon\u00edveis, e concomitantemente mais duzentos epis\u00f3dios&nbsp;por&nbsp;dia. A equipa de Enfermagem deveria integrar duzentos enfermeiros, mas s\u00e3o apenas quarenta e sete.&nbsp;Perante este cen\u00e1rio, temos vindo a refor\u00e7ar a ado\u00e7\u00e3o de medidas concretas, mais robustas, que salvaguardem os utentes e reduzam a press\u00e3o, uma delas, imediata, \u00e9 a ativa\u00e7\u00e3o e&nbsp;implementa\u00e7\u00e3o efetiva de planos de conting\u00eancia. Depois existem necessariamente medidas a serem tomadas em termos de modelos de organiza\u00e7\u00e3o integrativos que, centrados n\u00e3o na doen\u00e7a, mas na preven\u00e7\u00e3o e promo\u00e7\u00e3o da sa\u00fade, possam permitir uma adequada gest\u00e3o dos processos terap\u00eauticos, e linearidade nos percursos e atendimento.<\/p>\n\n\n\n<p><strong>PA: <\/strong><strong>A forma\u00e7\u00e3o e articula\u00e7\u00e3o com as escolas de enfermagem tamb\u00e9m tem sido uma prioridade?<\/strong><\/p>\n\n\n\n<p>DF: Sem d\u00favida. A articula\u00e7\u00e3o com as escolas de enfermagem \u00e9 essencial para garantir que a forma\u00e7\u00e3o est\u00e1 alinhada com as necessidades do sistema de sa\u00fade. Temos apostado em parcerias educacionais, promovendo a\u00e7\u00f5es de apoio \u00e0s inscri\u00e7\u00f5es, simplificando e acelerando o processo de atribui\u00e7\u00e3o de t\u00edtulos a novos membros e dinamizando sess\u00f5es formativas sobre a deontologia profissional e sobre os des\u00edgnios da Ordem dos Enfermeiros.<\/p>\n\n\n\n<p><strong>PA: <\/strong><strong>Quais s\u00e3o as principais iniciativas da Sec\u00e7\u00e3o para valorizar o trabalho dos enfermeiros na Regi\u00e3o Sul?<\/strong><\/p>\n\n\n\n<p>DF: A Sec\u00e7\u00e3o Regional do Sul tem promovido iniciativas, a v\u00e1rios n\u00edveis de decis\u00e3o, macro e micro, na esfera pol\u00edtica, social, acad\u00e9mica, institucional, mas tamb\u00e9m individual. Destaque para a realiza\u00e7\u00e3o de visitas aos contextos da pr\u00e1tica cl\u00ednica, e para o projeto Enfermagem @Sul, promotores do di\u00e1logo e da proximidade com os colegas nos diferentes contextos. A resposta a pedidos de informa\u00e7\u00e3o e emiss\u00e3o de pareceres, a participa\u00e7\u00e3o em eventos cient\u00edficos e a&nbsp;organiza\u00e7\u00e3o de eventos formativas, t\u00eam sido igualmente fundamentais no desenvolvimento de compet\u00eancias t\u00e9cnicas e cient\u00edficas.&nbsp;Salientamos ainda, a realiza\u00e7\u00e3o da \u201cCerim\u00f3nia de Vincula\u00e7\u00e3o\u201d, que eleva o in\u00edcio da vida profissional e as iniciativas de reconhecimento: \u201cPr\u00e9mio de Investiga\u00e7\u00e3o Mariana Diniz de Sousa\u201d; \u201cOr\u00e7amento Participativo\u201d; \u201cConcurso Fotografia\u201d; \u201cHist\u00f3rias (Pessoas) que inspiram\u201d e \u201cPr\u00e9mios de M\u00e9rito\u201d.<strong><\/strong><\/p>\n\n\n\n<p><strong>PA: <\/strong><strong>Qu<\/strong><strong>e<\/strong><strong>&nbsp;mensagem gostaria de deixar aos enfermeiros e \u00e0 comunidade?<\/strong><\/p>\n\n\n\n<p>DF: Em nome da Sec\u00e7\u00e3o Regional do Sul gostaria de deixar uma palavra de profundo reconhecimento a todos os enfermeiros que, diariamente, d\u00e3o o seu melhor em contextos tantas vezes adversos. Continuamos empenhados em garantir que t\u00eam Voz. \u00c0 comunidade, deixo o apelo do reconhecimento. A Enfermagem \u00e9, enquanto disciplina e profiss\u00e3o, agregadora de valor, garante da sustentabilidade do Sistema de Sa\u00fade, e \u00e9 tamb\u00e9m tantas vezes \u00faltimo reduto de humanitude e dignidade humana, insubstitu\u00edvel.<\/p>\n","protected":false},"excerpt":{"rendered":"<p>A Sec\u00e7\u00e3o Regional do Sul da Ordem dos Enfermeiros tem refor\u00e7ado as parcerias de proximidade<\/p>\n","protected":false},"author":11,"featured_media":4555,"comment_status":"open","ping_status":"open","sticky":false,"template":"","format":"standard","meta":{"footnotes":""},"categories":[4],"tags":[695,696,686,694],"class_list":["post-4554","post","type-post","status-publish","format-standard","has-post-thumbnail","hentry","category-saude","tag-dorafranco","tag-emfermagem","tag-ordemdosenfermeiros","tag-seccaoregionaldosul"],"yoast_head":"<!-- This site is optimized with the Yoast SEO plugin v24.2 - https:\/\/yoast.com\/wordpress\/plugins\/seo\/ -->\n<title>Ordem dos Enfermeiros da Sec\u00e7\u00e3o Regional do Sul\u00a0refor\u00e7a parcerias e aponta falhas aos servi\u00e7os\u00a0de urg\u00eancia - Perspetiva Atual<\/title>\n<meta name=\"description\" content=\"A Sec\u00e7\u00e3o Regional do Sul da Ordem dos Enfermeiros tem refor\u00e7ado as parcerias de proximidade com\u00a0autarquias\u00a0para promover a sa\u00fade...\" \/>\n<meta name=\"robots\" content=\"index, follow, max-snippet:-1, max-image-preview:large, max-video-preview:-1\" \/>\n<link rel=\"canonical\" href=\"https:\/\/perspetivaatual.pt\/index.php\/2025\/04\/24\/ordem-dos-enfermeiros-da-seccao-regional-do-sul-reforca-parcerias-e-aponta-falhas-aos-servicos-de-urgencia\/\" \/>\n<meta property=\"og:locale\" content=\"pt_PT\" \/>\n<meta property=\"og:type\" content=\"article\" \/>\n<meta property=\"og:title\" content=\"Ordem dos Enfermeiros da Sec\u00e7\u00e3o Regional do Sul\u00a0refor\u00e7a parcerias e aponta falhas aos servi\u00e7os\u00a0de urg\u00eancia - Perspetiva Atual\" \/>\n<meta property=\"og:description\" content=\"A Sec\u00e7\u00e3o Regional do Sul da Ordem dos Enfermeiros tem refor\u00e7ado as parcerias de proximidade com\u00a0autarquias\u00a0para promover a sa\u00fade...\" \/>\n<meta property=\"og:url\" content=\"https:\/\/perspetivaatual.pt\/index.php\/2025\/04\/24\/ordem-dos-enfermeiros-da-seccao-regional-do-sul-reforca-parcerias-e-aponta-falhas-aos-servicos-de-urgencia\/\" \/>\n<meta property=\"og:site_name\" content=\"Perspetiva Atual\" \/>\n<meta property=\"article:published_time\" content=\"2025-04-24T07:00:00+00:00\" \/>\n<meta property=\"article:modified_time\" content=\"2025-04-17T15:23:55+00:00\" \/>\n<meta property=\"og:image\" content=\"https:\/\/perspetivaatual.pt\/wp-content\/uploads\/2025\/04\/Imagem2.png\" \/>\n\t<meta property=\"og:image:width\" content=\"976\" \/>\n\t<meta property=\"og:image:height\" content=\"1033\" \/>\n\t<meta property=\"og:image:type\" content=\"image\/png\" \/>\n<meta name=\"author\" content=\"Vitoria Girao\" \/>\n<meta name=\"twitter:card\" content=\"summary_large_image\" \/>\n<meta name=\"twitter:label1\" content=\"Escrito por\" \/>\n\t<meta name=\"twitter:data1\" content=\"\" \/>\n\t<meta name=\"twitter:label2\" content=\"Tempo estimado de leitura\" \/>\n\t<meta name=\"twitter:data2\" content=\"6 minutos\" \/>\n<script type=\"application\/ld+json\" class=\"yoast-schema-graph\">{\"@context\":\"https:\/\/schema.org\",\"@graph\":[{\"@type\":\"Article\",\"@id\":\"https:\/\/perspetivaatual.pt\/index.php\/2025\/04\/24\/ordem-dos-enfermeiros-da-seccao-regional-do-sul-reforca-parcerias-e-aponta-falhas-aos-servicos-de-urgencia\/#article\",\"isPartOf\":{\"@id\":\"https:\/\/perspetivaatual.pt\/index.php\/2025\/04\/24\/ordem-dos-enfermeiros-da-seccao-regional-do-sul-reforca-parcerias-e-aponta-falhas-aos-servicos-de-urgencia\/\"},\"author\":{\"name\":\"Vitoria Girao\",\"@id\":\"https:\/\/perspetivaatual.pt\/#\/schema\/person\/c90e8e11129f189f1b7588bf2888f8b5\"},\"headline\":\"Ordem dos Enfermeiros da Sec\u00e7\u00e3o Regional do Sul\u00a0refor\u00e7a parcerias e aponta falhas aos servi\u00e7os\u00a0de urg\u00eancia\",\"datePublished\":\"2025-04-24T07:00:00+00:00\",\"dateModified\":\"2025-04-17T15:23:55+00:00\",\"mainEntityOfPage\":{\"@id\":\"https:\/\/perspetivaatual.pt\/index.php\/2025\/04\/24\/ordem-dos-enfermeiros-da-seccao-regional-do-sul-reforca-parcerias-e-aponta-falhas-aos-servicos-de-urgencia\/\"},\"wordCount\":1026,\"commentCount\":0,\"publisher\":{\"@id\":\"https:\/\/perspetivaatual.pt\/#organization\"},\"image\":{\"@id\":\"https:\/\/perspetivaatual.pt\/index.php\/2025\/04\/24\/ordem-dos-enfermeiros-da-seccao-regional-do-sul-reforca-parcerias-e-aponta-falhas-aos-servicos-de-urgencia\/#primaryimage\"},\"thumbnailUrl\":\"https:\/\/perspetivaatual.pt\/wp-content\/uploads\/2025\/04\/Imagem2.png\",\"keywords\":[\"#dorafranco\",\"#emfermagem\",\"#ordemdosenfermeiros\",\"#sec\u00e7\u00e3oregionaldosul\"],\"articleSection\":[\"Sa\u00fade\"],\"inLanguage\":\"pt-PT\",\"potentialAction\":[{\"@type\":\"CommentAction\",\"name\":\"Comment\",\"target\":[\"https:\/\/perspetivaatual.pt\/index.php\/2025\/04\/24\/ordem-dos-enfermeiros-da-seccao-regional-do-sul-reforca-parcerias-e-aponta-falhas-aos-servicos-de-urgencia\/#respond\"]}]},{\"@type\":\"WebPage\",\"@id\":\"https:\/\/perspetivaatual.pt\/index.php\/2025\/04\/24\/ordem-dos-enfermeiros-da-seccao-regional-do-sul-reforca-parcerias-e-aponta-falhas-aos-servicos-de-urgencia\/\",\"url\":\"https:\/\/perspetivaatual.pt\/index.php\/2025\/04\/24\/ordem-dos-enfermeiros-da-seccao-regional-do-sul-reforca-parcerias-e-aponta-falhas-aos-servicos-de-urgencia\/\",\"name\":\"Ordem dos Enfermeiros da Sec\u00e7\u00e3o Regional do Sul\u00a0refor\u00e7a parcerias e aponta falhas aos servi\u00e7os\u00a0de urg\u00eancia - Perspetiva Atual\",\"isPartOf\":{\"@id\":\"https:\/\/perspetivaatual.pt\/#website\"},\"primaryImageOfPage\":{\"@id\":\"https:\/\/perspetivaatual.pt\/index.php\/2025\/04\/24\/ordem-dos-enfermeiros-da-seccao-regional-do-sul-reforca-parcerias-e-aponta-falhas-aos-servicos-de-urgencia\/#primaryimage\"},\"image\":{\"@id\":\"https:\/\/perspetivaatual.pt\/index.php\/2025\/04\/24\/ordem-dos-enfermeiros-da-seccao-regional-do-sul-reforca-parcerias-e-aponta-falhas-aos-servicos-de-urgencia\/#primaryimage\"},\"thumbnailUrl\":\"https:\/\/perspetivaatual.pt\/wp-content\/uploads\/2025\/04\/Imagem2.png\",\"datePublished\":\"2025-04-24T07:00:00+00:00\",\"dateModified\":\"2025-04-17T15:23:55+00:00\",\"description\":\"A Sec\u00e7\u00e3o Regional do Sul da Ordem dos Enfermeiros tem refor\u00e7ado as parcerias de proximidade com\u00a0autarquias\u00a0para promover a sa\u00fade...\",\"breadcrumb\":{\"@id\":\"https:\/\/perspetivaatual.pt\/index.php\/2025\/04\/24\/ordem-dos-enfermeiros-da-seccao-regional-do-sul-reforca-parcerias-e-aponta-falhas-aos-servicos-de-urgencia\/#breadcrumb\"},\"inLanguage\":\"pt-PT\",\"potentialAction\":[{\"@type\":\"ReadAction\",\"target\":[\"https:\/\/perspetivaatual.pt\/index.php\/2025\/04\/24\/ordem-dos-enfermeiros-da-seccao-regional-do-sul-reforca-parcerias-e-aponta-falhas-aos-servicos-de-urgencia\/\"]}]},{\"@type\":\"ImageObject\",\"inLanguage\":\"pt-PT\",\"@id\":\"https:\/\/perspetivaatual.pt\/index.php\/2025\/04\/24\/ordem-dos-enfermeiros-da-seccao-regional-do-sul-reforca-parcerias-e-aponta-falhas-aos-servicos-de-urgencia\/#primaryimage\",\"url\":\"https:\/\/perspetivaatual.pt\/wp-content\/uploads\/2025\/04\/Imagem2.png\",\"contentUrl\":\"https:\/\/perspetivaatual.pt\/wp-content\/uploads\/2025\/04\/Imagem2.png\",\"width\":976,\"height\":1033},{\"@type\":\"BreadcrumbList\",\"@id\":\"https:\/\/perspetivaatual.pt\/index.php\/2025\/04\/24\/ordem-dos-enfermeiros-da-seccao-regional-do-sul-reforca-parcerias-e-aponta-falhas-aos-servicos-de-urgencia\/#breadcrumb\",\"itemListElement\":[{\"@type\":\"ListItem\",\"position\":1,\"name\":\"Home\",\"item\":\"https:\/\/perspetivaatual.pt\/\"},{\"@type\":\"ListItem\",\"position\":2,\"name\":\"Ordem dos Enfermeiros da Sec\u00e7\u00e3o Regional do Sul\u00a0refor\u00e7a parcerias e aponta falhas aos servi\u00e7os\u00a0de urg\u00eancia\"}]},{\"@type\":\"WebSite\",\"@id\":\"https:\/\/perspetivaatual.pt\/#website\",\"url\":\"https:\/\/perspetivaatual.pt\/\",\"name\":\"Perspetiva Atual\",\"description\":\"Olhar Portugal, de diferentes formas\",\"publisher\":{\"@id\":\"https:\/\/perspetivaatual.pt\/#organization\"},\"potentialAction\":[{\"@type\":\"SearchAction\",\"target\":{\"@type\":\"EntryPoint\",\"urlTemplate\":\"https:\/\/perspetivaatual.pt\/?s={search_term_string}\"},\"query-input\":{\"@type\":\"PropertyValueSpecification\",\"valueRequired\":true,\"valueName\":\"search_term_string\"}}],\"inLanguage\":\"pt-PT\"},{\"@type\":\"Organization\",\"@id\":\"https:\/\/perspetivaatual.pt\/#organization\",\"name\":\"Perspetiva Atual\",\"url\":\"https:\/\/perspetivaatual.pt\/\",\"logo\":{\"@type\":\"ImageObject\",\"inLanguage\":\"pt-PT\",\"@id\":\"https:\/\/perspetivaatual.pt\/#\/schema\/logo\/image\/\",\"url\":\"https:\/\/perspetivaatual.pt\/wp-content\/uploads\/2020\/08\/cropped-perspetiva_atual-.png\",\"contentUrl\":\"https:\/\/perspetivaatual.pt\/wp-content\/uploads\/2020\/08\/cropped-perspetiva_atual-.png\",\"width\":618,\"height\":202,\"caption\":\"Perspetiva Atual\"},\"image\":{\"@id\":\"https:\/\/perspetivaatual.pt\/#\/schema\/logo\/image\/\"}},{\"@type\":\"Person\",\"@id\":\"https:\/\/perspetivaatual.pt\/#\/schema\/person\/c90e8e11129f189f1b7588bf2888f8b5\",\"name\":\"Vitoria Girao\",\"image\":{\"@type\":\"ImageObject\",\"inLanguage\":\"pt-PT\",\"@id\":\"https:\/\/perspetivaatual.pt\/#\/schema\/person\/image\/\",\"url\":\"https:\/\/secure.gravatar.com\/avatar\/7a4a232c077ec4326004bec18e9d4616?s=96&d=mm&r=g\",\"contentUrl\":\"https:\/\/secure.gravatar.com\/avatar\/7a4a232c077ec4326004bec18e9d4616?s=96&d=mm&r=g\",\"caption\":\"Vitoria Girao\"},\"url\":\"https:\/\/perspetivaatual.pt\/index.php\/author\/vitoria-girao\/\"}]}<\/script>\n<!-- \/ Yoast SEO plugin. -->","yoast_head_json":{"title":"Ordem dos Enfermeiros da Sec\u00e7\u00e3o Regional do Sul\u00a0refor\u00e7a parcerias e aponta falhas aos servi\u00e7os\u00a0de urg\u00eancia - Perspetiva Atual","description":"A Sec\u00e7\u00e3o Regional do Sul da Ordem dos Enfermeiros tem refor\u00e7ado as parcerias de proximidade com\u00a0autarquias\u00a0para promover a sa\u00fade...","robots":{"index":"index","follow":"follow","max-snippet":"max-snippet:-1","max-image-preview":"max-image-preview:large","max-video-preview":"max-video-preview:-1"},"canonical":"https:\/\/perspetivaatual.pt\/index.php\/2025\/04\/24\/ordem-dos-enfermeiros-da-seccao-regional-do-sul-reforca-parcerias-e-aponta-falhas-aos-servicos-de-urgencia\/","og_locale":"pt_PT","og_type":"article","og_title":"Ordem dos Enfermeiros da Sec\u00e7\u00e3o Regional do Sul\u00a0refor\u00e7a parcerias e aponta falhas aos servi\u00e7os\u00a0de urg\u00eancia - Perspetiva Atual","og_description":"A Sec\u00e7\u00e3o Regional do Sul da Ordem dos Enfermeiros tem refor\u00e7ado as parcerias de proximidade com\u00a0autarquias\u00a0para promover a sa\u00fade...","og_url":"https:\/\/perspetivaatual.pt\/index.php\/2025\/04\/24\/ordem-dos-enfermeiros-da-seccao-regional-do-sul-reforca-parcerias-e-aponta-falhas-aos-servicos-de-urgencia\/","og_site_name":"Perspetiva Atual","article_published_time":"2025-04-24T07:00:00+00:00","article_modified_time":"2025-04-17T15:23:55+00:00","og_image":[{"width":976,"height":1033,"url":"https:\/\/perspetivaatual.pt\/wp-content\/uploads\/2025\/04\/Imagem2.png","type":"image\/png"}],"author":"Vitoria Girao","twitter_card":"summary_large_image","twitter_misc":{"Escrito por":false,"Tempo estimado de leitura":"6 minutos"},"schema":{"@context":"https:\/\/schema.org","@graph":[{"@type":"Article","@id":"https:\/\/perspetivaatual.pt\/index.php\/2025\/04\/24\/ordem-dos-enfermeiros-da-seccao-regional-do-sul-reforca-parcerias-e-aponta-falhas-aos-servicos-de-urgencia\/#article","isPartOf":{"@id":"https:\/\/perspetivaatual.pt\/index.php\/2025\/04\/24\/ordem-dos-enfermeiros-da-seccao-regional-do-sul-reforca-parcerias-e-aponta-falhas-aos-servicos-de-urgencia\/"},"author":{"name":"Vitoria Girao","@id":"https:\/\/perspetivaatual.pt\/#\/schema\/person\/c90e8e11129f189f1b7588bf2888f8b5"},"headline":"Ordem dos Enfermeiros da Sec\u00e7\u00e3o Regional do Sul\u00a0refor\u00e7a parcerias e aponta falhas aos servi\u00e7os\u00a0de urg\u00eancia","datePublished":"2025-04-24T07:00:00+00:00","dateModified":"2025-04-17T15:23:55+00:00","mainEntityOfPage":{"@id":"https:\/\/perspetivaatual.pt\/index.php\/2025\/04\/24\/ordem-dos-enfermeiros-da-seccao-regional-do-sul-reforca-parcerias-e-aponta-falhas-aos-servicos-de-urgencia\/"},"wordCount":1026,"commentCount":0,"publisher":{"@id":"https:\/\/perspetivaatual.pt\/#organization"},"image":{"@id":"https:\/\/perspetivaatual.pt\/index.php\/2025\/04\/24\/ordem-dos-enfermeiros-da-seccao-regional-do-sul-reforca-parcerias-e-aponta-falhas-aos-servicos-de-urgencia\/#primaryimage"},"thumbnailUrl":"https:\/\/perspetivaatual.pt\/wp-content\/uploads\/2025\/04\/Imagem2.png","keywords":["#dorafranco","#emfermagem","#ordemdosenfermeiros","#sec\u00e7\u00e3oregionaldosul"],"articleSection":["Sa\u00fade"],"inLanguage":"pt-PT","potentialAction":[{"@type":"CommentAction","name":"Comment","target":["https:\/\/perspetivaatual.pt\/index.php\/2025\/04\/24\/ordem-dos-enfermeiros-da-seccao-regional-do-sul-reforca-parcerias-e-aponta-falhas-aos-servicos-de-urgencia\/#respond"]}]},{"@type":"WebPage","@id":"https:\/\/perspetivaatual.pt\/index.php\/2025\/04\/24\/ordem-dos-enfermeiros-da-seccao-regional-do-sul-reforca-parcerias-e-aponta-falhas-aos-servicos-de-urgencia\/","url":"https:\/\/perspetivaatual.pt\/index.php\/2025\/04\/24\/ordem-dos-enfermeiros-da-seccao-regional-do-sul-reforca-parcerias-e-aponta-falhas-aos-servicos-de-urgencia\/","name":"Ordem dos Enfermeiros da Sec\u00e7\u00e3o Regional do Sul\u00a0refor\u00e7a parcerias e aponta falhas aos servi\u00e7os\u00a0de urg\u00eancia - Perspetiva Atual","isPartOf":{"@id":"https:\/\/perspetivaatual.pt\/#website"},"primaryImageOfPage":{"@id":"https:\/\/perspetivaatual.pt\/index.php\/2025\/04\/24\/ordem-dos-enfermeiros-da-seccao-regional-do-sul-reforca-parcerias-e-aponta-falhas-aos-servicos-de-urgencia\/#primaryimage"},"image":{"@id":"https:\/\/perspetivaatual.pt\/index.php\/2025\/04\/24\/ordem-dos-enfermeiros-da-seccao-regional-do-sul-reforca-parcerias-e-aponta-falhas-aos-servicos-de-urgencia\/#primaryimage"},"thumbnailUrl":"https:\/\/perspetivaatual.pt\/wp-content\/uploads\/2025\/04\/Imagem2.png","datePublished":"2025-04-24T07:00:00+00:00","dateModified":"2025-04-17T15:23:55+00:00","description":"A Sec\u00e7\u00e3o Regional do Sul da Ordem dos Enfermeiros tem refor\u00e7ado as parcerias de proximidade com\u00a0autarquias\u00a0para promover a sa\u00fade...","breadcrumb":{"@id":"https:\/\/perspetivaatual.pt\/index.php\/2025\/04\/24\/ordem-dos-enfermeiros-da-seccao-regional-do-sul-reforca-parcerias-e-aponta-falhas-aos-servicos-de-urgencia\/#breadcrumb"},"inLanguage":"pt-PT","potentialAction":[{"@type":"ReadAction","target":["https:\/\/perspetivaatual.pt\/index.php\/2025\/04\/24\/ordem-dos-enfermeiros-da-seccao-regional-do-sul-reforca-parcerias-e-aponta-falhas-aos-servicos-de-urgencia\/"]}]},{"@type":"ImageObject","inLanguage":"pt-PT","@id":"https:\/\/perspetivaatual.pt\/index.php\/2025\/04\/24\/ordem-dos-enfermeiros-da-seccao-regional-do-sul-reforca-parcerias-e-aponta-falhas-aos-servicos-de-urgencia\/#primaryimage","url":"https:\/\/perspetivaatual.pt\/wp-content\/uploads\/2025\/04\/Imagem2.png","contentUrl":"https:\/\/perspetivaatual.pt\/wp-content\/uploads\/2025\/04\/Imagem2.png","width":976,"height":1033},{"@type":"BreadcrumbList","@id":"https:\/\/perspetivaatual.pt\/index.php\/2025\/04\/24\/ordem-dos-enfermeiros-da-seccao-regional-do-sul-reforca-parcerias-e-aponta-falhas-aos-servicos-de-urgencia\/#breadcrumb","itemListElement":[{"@type":"ListItem","position":1,"name":"Home","item":"https:\/\/perspetivaatual.pt\/"},{"@type":"ListItem","position":2,"name":"Ordem dos Enfermeiros da Sec\u00e7\u00e3o Regional do Sul\u00a0refor\u00e7a parcerias e aponta falhas aos servi\u00e7os\u00a0de urg\u00eancia"}]},{"@type":"WebSite","@id":"https:\/\/perspetivaatual.pt\/#website","url":"https:\/\/perspetivaatual.pt\/","name":"Perspetiva Atual","description":"Olhar Portugal, de diferentes formas","publisher":{"@id":"https:\/\/perspetivaatual.pt\/#organization"},"potentialAction":[{"@type":"SearchAction","target":{"@type":"EntryPoint","urlTemplate":"https:\/\/perspetivaatual.pt\/?s={search_term_string}"},"query-input":{"@type":"PropertyValueSpecification","valueRequired":true,"valueName":"search_term_string"}}],"inLanguage":"pt-PT"},{"@type":"Organization","@id":"https:\/\/perspetivaatual.pt\/#organization","name":"Perspetiva Atual","url":"https:\/\/perspetivaatual.pt\/","logo":{"@type":"ImageObject","inLanguage":"pt-PT","@id":"https:\/\/perspetivaatual.pt\/#\/schema\/logo\/image\/","url":"https:\/\/perspetivaatual.pt\/wp-content\/uploads\/2020\/08\/cropped-perspetiva_atual-.png","contentUrl":"https:\/\/perspetivaatual.pt\/wp-content\/uploads\/2020\/08\/cropped-perspetiva_atual-.png","width":618,"height":202,"caption":"Perspetiva Atual"},"image":{"@id":"https:\/\/perspetivaatual.pt\/#\/schema\/logo\/image\/"}},{"@type":"Person","@id":"https:\/\/perspetivaatual.pt\/#\/schema\/person\/c90e8e11129f189f1b7588bf2888f8b5","name":"Vitoria Girao","image":{"@type":"ImageObject","inLanguage":"pt-PT","@id":"https:\/\/perspetivaatual.pt\/#\/schema\/person\/image\/","url":"https:\/\/secure.gravatar.com\/avatar\/7a4a232c077ec4326004bec18e9d4616?s=96&d=mm&r=g","contentUrl":"https:\/\/secure.gravatar.com\/avatar\/7a4a232c077ec4326004bec18e9d4616?s=96&d=mm&r=g","caption":"Vitoria Girao"},"url":"https:\/\/perspetivaatual.pt\/index.php\/author\/vitoria-girao\/"}]}},"featured_image_urls":{"full":["https:\/\/perspetivaatual.pt\/wp-content\/uploads\/2025\/04\/Imagem2.png",976,1033,false],"thumbnail":["https:\/\/perspetivaatual.pt\/wp-content\/uploads\/2025\/04\/Imagem2-150x150.png",150,150,true],"medium":["https:\/\/perspetivaatual.pt\/wp-content\/uploads\/2025\/04\/Imagem2-283x300.png",283,300,true],"medium_large":["https:\/\/perspetivaatual.pt\/wp-content\/uploads\/2025\/04\/Imagem2-768x813.png",640,678,true],"large":["https:\/\/perspetivaatual.pt\/wp-content\/uploads\/2025\/04\/Imagem2-967x1024.png",640,678,true],"1536x1536":["https:\/\/perspetivaatual.pt\/wp-content\/uploads\/2025\/04\/Imagem2.png",976,1033,false],"2048x2048":["https:\/\/perspetivaatual.pt\/wp-content\/uploads\/2025\/04\/Imagem2.png",976,1033,false],"magazine-7-slider-full":["https:\/\/perspetivaatual.pt\/wp-content\/uploads\/2025\/04\/Imagem2-976x1020.png",976,1020,true],"magazine-7-slider-center":["https:\/\/perspetivaatual.pt\/wp-content\/uploads\/2025\/04\/Imagem2-936x897.png",936,897,true],"magazine-7-featured":["https:\/\/perspetivaatual.pt\/wp-content\/uploads\/2025\/04\/Imagem2.png",976,1033,false],"magazine-7-medium":["https:\/\/perspetivaatual.pt\/wp-content\/uploads\/2025\/04\/Imagem2-720x380.png",720,380,true],"magazine-7-medium-square":["https:\/\/perspetivaatual.pt\/wp-content\/uploads\/2025\/04\/Imagem2-675x450.png",675,450,true],"rpwe-thumbnail":["https:\/\/perspetivaatual.pt\/wp-content\/uploads\/2025\/04\/Imagem2-45x45.png",45,45,true]},"author_info":{"info":[false]},"category_info":"<a href=\"https:\/\/perspetivaatual.pt\/index.php\/category\/saude\/\" rel=\"category tag\">Sa\u00fade<\/a>","tag_info":"Sa\u00fade","comment_count":"0","_links":{"self":[{"href":"https:\/\/perspetivaatual.pt\/index.php\/wp-json\/wp\/v2\/posts\/4554","targetHints":{"allow":["GET"]}}],"collection":[{"href":"https:\/\/perspetivaatual.pt\/index.php\/wp-json\/wp\/v2\/posts"}],"about":[{"href":"https:\/\/perspetivaatual.pt\/index.php\/wp-json\/wp\/v2\/types\/post"}],"author":[{"embeddable":true,"href":"https:\/\/perspetivaatual.pt\/index.php\/wp-json\/wp\/v2\/users\/11"}],"replies":[{"embeddable":true,"href":"https:\/\/perspetivaatual.pt\/index.php\/wp-json\/wp\/v2\/comments?post=4554"}],"version-history":[{"count":0,"href":"https:\/\/perspetivaatual.pt\/index.php\/wp-json\/wp\/v2\/posts\/4554\/revisions"}],"wp:featuredmedia":[{"embeddable":true,"href":"https:\/\/perspetivaatual.pt\/index.php\/wp-json\/wp\/v2\/media\/4555"}],"wp:attachment":[{"href":"https:\/\/perspetivaatual.pt\/index.php\/wp-json\/wp\/v2\/media?parent=4554"}],"wp:term":[{"taxonomy":"category","embeddable":true,"href":"https:\/\/perspetivaatual.pt\/index.php\/wp-json\/wp\/v2\/categories?post=4554"},{"taxonomy":"post_tag","embeddable":true,"href":"https:\/\/perspetivaatual.pt\/index.php\/wp-json\/wp\/v2\/tags?post=4554"}],"curies":[{"name":"wp","href":"https:\/\/api.w.org\/{rel}","templated":true}]}}