{"id":4572,"date":"2025-04-24T07:00:00","date_gmt":"2025-04-24T07:00:00","guid":{"rendered":"https:\/\/perspetivaatual.pt\/?p=4572"},"modified":"2025-04-22T10:14:27","modified_gmt":"2025-04-22T10:14:27","slug":"tiago-botelho-revela-avancos-da-uls-algarve-no-diagnostico-de-doentes-oncologicos","status":"publish","type":"post","link":"https:\/\/perspetivaatual.pt\/index.php\/2025\/04\/24\/tiago-botelho-revela-avancos-da-uls-algarve-no-diagnostico-de-doentes-oncologicos\/","title":{"rendered":"Tiago Botelho revela avan\u00e7os da ULS\u00a0Algarve\u00a0no diagn\u00f3stico de doentes oncol\u00f3gicos"},"content":{"rendered":"\n<p><strong>A Unidade Local de Sa\u00fade <\/strong><strong>(ULS) <\/strong><strong>do Algarv<\/strong><strong>e<\/strong><strong>&nbsp;<\/strong><strong>integra os cuidados de sa\u00fade prim\u00e1rios e hospitalares da regi\u00e3o algarvia<\/strong><strong>.<\/strong><strong>&nbsp;Em entrevista, Tiago Botelho, <\/strong><strong>P<\/strong><strong>residente d<\/strong><strong>o Conselho de Administra\u00e7\u00e3o<\/strong><strong>, <\/strong><strong>confirma<\/strong><strong>&nbsp;que, at\u00e9 2026, a institui\u00e7\u00e3o estar\u00e1 pronta para deixar de encaminhar doentes oncol\u00f3gicos para Sevilha, com a implementa\u00e7\u00e3o do novo equipamento PET-TAC. Na \u00e1rea da sa\u00fade mental infantil, a ULS<\/strong><strong>&nbsp;Algarve<\/strong><strong>&nbsp;<\/strong><strong>disponibiliza <\/strong><strong>o GASMI, <\/strong><strong>o programa que acompanha anualmente<\/strong><strong>&nbsp;<\/strong><strong>cerca de 1500 crian\u00e7as da regi\u00e3o. <\/strong><strong>A institui\u00e7\u00e3o continua a desenvolver<\/strong><strong>&nbsp;a cirurgia rob\u00f3tica e<\/strong><strong>&nbsp;a atividade de investiga\u00e7\u00e3o, em colabora\u00e7\u00e3o com a Universidade do Algarve e o Algarve Biomedical Center Research Institute (ABC-RI)<\/strong><strong>.<\/strong><\/p>\n\n\n\n<p><strong>Perspetiva Atual: <\/strong><strong>O setor da sa\u00fade, em Portugal, amanheceu no dia 1 de Janeiro do ano passado com uma nova organiza\u00e7\u00e3o, destinada a tentar facilitar o acesso e a circula\u00e7\u00e3o de utentes. <\/strong><strong>Acredita que esta mudan\u00e7a pode impactar o atendimento dos utentes no S<\/strong><strong>ervi\u00e7o<\/strong><strong>&nbsp;Nacional de Sa\u00fade?<\/strong><strong><\/strong><\/p>\n\n\n\n<p>Tiago Botelho: O modelo de organiza\u00e7\u00e3o em Unidades Locais de Sa\u00fade tem a virtualidade de integrar numa s\u00f3 entidade os diferentes n\u00edveis de presta\u00e7\u00e3o de cuidados, criando proximidade entre profissionais da medicina familiar e dos cuidados especializados hospitalares. Na nossa vis\u00e3o, o essencial para este modelo funcionar passa por centrar a atua\u00e7\u00e3o no papel dos cuidados de sa\u00fade prim\u00e1rios, seja na sua vertente de interven\u00e7\u00e3o na comunidade, seja no acompanhamento que as equipas assistenciais fazem do cidad\u00e3o ao longo do ciclo de vida. O m\u00e9dico de fam\u00edlia deve poder ter uma vis\u00e3o global do percurso do cidad\u00e3o no sistema e tomar as decis\u00f5es que melhor se adaptam a cada um, articulando a assist\u00eancia que cada um recebe em cada n\u00edvel da presta\u00e7\u00e3o de cuidados. O papel do m\u00e9dico de fam\u00edlia, do enfermeiro de fam\u00edlia e dos profissionais dos Cuidados de Sa\u00fade Prim\u00e1rios (CSP)&nbsp;\u00e9 central.<\/p>\n\n\n\n<p><strong>PA: <\/strong><strong>A Unidade Local de Sa\u00fade (ULS) do Algarve j\u00e1 integra&nbsp;tr\u00eas hospitais p\u00fablicos, Faro, Portim\u00e3o e Lagos.&nbsp;<\/strong><strong>Em termos de resposta assistencial, de que forma \u00e9 assumida a presta\u00e7\u00e3o de cuidados de sa\u00fade diferenciados aos dezasseis concelhos do Algarve, garantindo a seguran\u00e7a de todos aqueles que habitam ou visitam a regi\u00e3o?<\/strong><strong><\/strong><\/p>\n\n\n\n<p>TB: J\u00e1 no nosso mandato, a ULS adotou finalmente o novo sistema de referencia\u00e7\u00e3o de utentes para os hospitais, o RSE-SIGA. Este sistema permite ao m\u00e9dico de fam\u00edlia encaminhar os pedidos de primeira consulta para a rede hospitalar de forma otimizada, ou seja, compete aos m\u00e9dicos dos hospitais fazerem o agendamento das consultas no hospital onde a resposta ao pedido do seu colega seja mais adequada, mais c\u00e9lere e mais pr\u00f3xima, o que veio trazer maior efici\u00eancia na nossa organiza\u00e7\u00e3o.<\/p>\n\n\n\n<p>O Algarve conta tamb\u00e9m com um hospital especializado, o Centro de Medicina F\u00edsica e Reabilita\u00e7\u00e3o do Sul, em S. Br\u00e1s de Alportel e que, al\u00e9m de servir os 16 concelhos da regi\u00e3o, tamb\u00e9m recebe utentes do Alentejo.<\/p>\n\n\n\n<p>Nos munic\u00edpios algarvios&nbsp;temos atendimento local&nbsp;com especialistas em medicina geral e familiar, mas tamb\u00e9m consultas hospitalares de proximidade, como sejam de psiquiatria, oncologia, medicina interna, cirurgia geral, neurocirurgia, pediatria. No m\u00eas de abril, iniciou-se a consulta descentralizada de cardiologia. Esta proximidade ser\u00e1 aprofundada quando em 2026 estiverem conclu\u00eddos dois edif\u00edcios de atividade ambulat\u00f3ria em Tavira e Lagos, da responsabilidade das autarquias locais, que permitir\u00e3o levar mais consultas hospitalares \u00e0 proximidade dos utentes, assim como meios complementares de diagn\u00f3stico de imagem e patologia cl\u00ednica.<\/p>\n\n\n\n<p><strong>PA: <\/strong><strong>O Algarve vai deixar de enviar doentes oncol\u00f3gicos para fora da regi\u00e3o em 2026. A solu\u00e7\u00e3o encontrada pela parceria entre a Unidade Local de Sa\u00fade (ULS)&nbsp;do Algarve, a C\u00e2mara Municipal de Loul\u00e9 e o ABC \u2013 Algarve Biomedical Center vai proporcionar uma resposta completa na \u00e1rea oncol\u00f3gica mais c\u00e9lere e minimizar as desloca\u00e7\u00f5es de ambul\u00e2ncia de doentes com algum grau de debilidade? Poderia explicar no que consiste a PET-TAC?<\/strong><strong><\/strong><\/p>\n\n\n\n<p>TB: A \u00fanica resposta no ciclo de diagn\u00f3stico e tratamento do doente oncol\u00f3gico que n\u00e3o existe no Algarve \u00e9 o chamado PET-TAC, ou seja, a tomografia por emiss\u00e3o de positr\u00f5es. A ULS, em parceria com o Algarve Biomedical Center e a C\u00e2mara Municipal de Loul\u00e9, v\u00e3o responder a esta necessidade de forma c\u00e9lere. Em 2026, deixaremos de ter doentes a deslocarem-se a Sevilha para obter este exame de diagn\u00f3stico.<\/p>\n\n\n\n<p><strong>PA: <\/strong><strong>A concretiza\u00e7\u00e3o deste projeto \u00e9 um incentivo para a constru\u00e7\u00e3o do novo Hospital Central do Algarve, que contempla uma unidade oncol\u00f3gica e um segundo PET-TAC? De que modo a<\/strong><strong>&nbsp;ULS do Algarve planeia integrar essas novas infraestruturas e tecnologias na redu\u00e7\u00e3o das listas de espera para os doentes oncol\u00f3gicos?<\/strong><strong><\/strong><\/p>\n\n\n\n<p>TB: O futuro Hospital Central do Algarve (HCA) tem no seu plano funcional&nbsp;todos os equipamentos e val\u00eancias que a regi\u00e3o justifica na \u00e1rea oncol\u00f3gica, incluindo outros exames de medicina nuclear e tamb\u00e9m equipamentos de radioterapia e, sim, um segundo PET-TAC. O equipamento que teremos em 2026 vai ter um papel importante na investiga\u00e7\u00e3o cient\u00edfica e na forma\u00e7\u00e3o dos futuros m\u00e9dicos da Faculdade de Medicina do Algarve. Quando o HCA abrir portas, a exist\u00eancia de dois equipamentos ser\u00e1 perfeitamente justificada no Algarve, face \u00e0 previs\u00e3o de crescimento da patologia oncol\u00f3gica e teremos o equipamento mais antigo dispon\u00edvel mais tempo para a componente de investiga\u00e7\u00e3o. Estas respostas e um Hospital moderno, polivalente com uma forte resposta oncol\u00f3gica ir\u00e3o permitir trabalhar de forma mais eficiente na resposta c\u00e9lere \u00e0 doen\u00e7a oncol\u00f3gica.<\/p>\n\n\n\n<p><strong>PA: <\/strong><strong>Foi anunciada tamb\u00e9m a cria\u00e7\u00e3o de um Centro de Procria\u00e7\u00e3o Medicamente Assistida no Algarve,&nbsp;com o objetivo de melhorar o acesso a estes tratamentos nesta regi\u00e3o e na periferia. O Algarve deixa, assim, de estar dependente de outros Centros e pode passar a dar resposta efetiva para a popula\u00e7\u00e3o do Sul?<\/strong><strong><\/strong><\/p>\n\n\n\n<p>TB: Sim. Atualmente a resposta a quem procura t\u00e9cnicas avan\u00e7adas de procria\u00e7\u00e3o medicamente assistida no Algarve apenas est\u00e1 dispon\u00edvel no setor privado. No SNS apenas em Lisboa. Decidimos investir na cria\u00e7\u00e3o daquele que pensamos vir a ser o melhor centro de PMA no SNS em Portugal. Criado de raiz para o efeito e para servir todo o Sul de Portugal.<\/p>\n\n\n\n<p><strong>PA: <\/strong><strong>Quais t\u00eam sido as maiores dificuldades, desde que assumiu a Presid\u00eancia do Conselho de Administra\u00e7\u00e3o, <\/strong><strong>a <\/strong><strong>falta de financiamento e de profissionais para <\/strong><strong>assist\u00eancia m\u00e9dica nas v\u00e1rias especialidades?<\/strong><strong><\/strong><\/p>\n\n\n\n<p>TB: A ULS do Algarve tem desafios muito pr\u00f3prios. \u00c9, provavelmente, a mais complexa do pa\u00eds porque est\u00e1 consistentemente nos primeiros lugares nos principais fatores de grandeza (\u00e1rea geogr\u00e1fica, n\u00famero de instala\u00e7\u00f5es, n\u00famero de profissionais, n\u00famero de atos assistenciais, n\u00famero de utentes servidos, camas hospitalares, etc.). Contudo, est\u00e1 claramente subfinanciada, quando comparamos com as demais. Ainda assim, as maiores dificuldades, para al\u00e9m da referida complexidade, passam pela aus\u00eancia de ferramentas de gest\u00e3o que permitam flexibilidade na contrata\u00e7\u00e3o de profissionais de sa\u00fade. Em igualdade de circunst\u00e2ncias, pelas mesmas remunera\u00e7\u00f5es os profissionais optam por outras regi\u00f5es. Estamos a criar respostas, com o apoio de parceiros como as autarquias, para criar um pacote de incentivos extra-sal\u00e1rio que permita atrair os profissionais para o Algarve!<\/p>\n\n\n\n<p><strong>PA: <\/strong><strong>O que falta para estabilizar o setor de sa\u00fade? Que metas a ULS do Algarve quer atingir em 2025?<\/strong><strong><\/strong><\/p>\n\n\n\n<p>TB: O setor precisa de estabilidade na pol\u00edtica de recursos humanos e sabemos que o governo em fun\u00e7\u00f5es tomou decis\u00f5es corajosas nesse sentido, nomeadamente pela normaliza\u00e7\u00e3o do relacionamento com as diversas carreiras, o que tem um custo or\u00e7amental elevado, mas era de todo justificado. A ULS Algarve pretende,&nbsp;em 2025,&nbsp;ter o Bloco Operat\u00f3rio Central do Hospital de Faro totalmente renovado, passando de quatro salas ativas&nbsp;para oito salas. Pretende abrir novas USF do modelo C, atribuindo m\u00e9dico de fam\u00edlia a cerca de vinte e cinco mil cidad\u00e3os, pretende ter mais consultas hospitalares nos centros de sa\u00fade, crescer o n\u00famero de camas de hospitaliza\u00e7\u00e3o domicili\u00e1ria e ser uma regi\u00e3o na linha da frente da atividade cir\u00fargica rob\u00f3tica, onde iremos estar a par do que melhor se faz no mundo.<\/p>\n\n\n\n<p class=\"has-text-align-center\"><strong>Inova\u00e7\u00e3o Cir\u00fargica no Algarve<\/strong><strong><br><\/strong><strong>Cirurgia Rob\u00f3tica chega aos Hospitais de Faro e Portim\u00e3o<\/strong><\/p>\n\n\n\n<figure class=\"wp-block-image alignleft is-resized\"><img loading=\"lazy\" decoding=\"async\" width=\"1707\" height=\"2560\" src=\"http:\/\/perspetivaatual.pt\/wp-content\/uploads\/2025\/04\/Miguel-Cabrita_Coordenador-da-Cirurgia-Robotica-da-ULS-Algarve-scaled.jpg\" alt=\"\" class=\"wp-image-4576\" style=\"width:332px;height:auto\" srcset=\"https:\/\/perspetivaatual.pt\/wp-content\/uploads\/2025\/04\/Miguel-Cabrita_Coordenador-da-Cirurgia-Robotica-da-ULS-Algarve-scaled.jpg 1707w, https:\/\/perspetivaatual.pt\/wp-content\/uploads\/2025\/04\/Miguel-Cabrita_Coordenador-da-Cirurgia-Robotica-da-ULS-Algarve-200x300.jpg 200w, https:\/\/perspetivaatual.pt\/wp-content\/uploads\/2025\/04\/Miguel-Cabrita_Coordenador-da-Cirurgia-Robotica-da-ULS-Algarve-683x1024.jpg 683w, https:\/\/perspetivaatual.pt\/wp-content\/uploads\/2025\/04\/Miguel-Cabrita_Coordenador-da-Cirurgia-Robotica-da-ULS-Algarve-768x1152.jpg 768w, https:\/\/perspetivaatual.pt\/wp-content\/uploads\/2025\/04\/Miguel-Cabrita_Coordenador-da-Cirurgia-Robotica-da-ULS-Algarve-1024x1536.jpg 1024w, https:\/\/perspetivaatual.pt\/wp-content\/uploads\/2025\/04\/Miguel-Cabrita_Coordenador-da-Cirurgia-Robotica-da-ULS-Algarve-1365x2048.jpg 1365w\" sizes=\"auto, (max-width: 1707px) 100vw, 1707px\" \/><figcaption class=\"wp-element-caption\">Miguel Cabrita, Coordenador da Cirurgia Rob\u00f3tica da<br>ULS Algarve<\/figcaption><\/figure>\n\n\n\n<p>A Unidade Local de Sa\u00fade do Algarve (ULS Algarve) deu um passo decisivo rumo \u00e0 inova\u00e7\u00e3o nos cuidados prestados aos doentes atrav\u00e9s da implementa\u00e7\u00e3o da Cirurgia Rob\u00f3tica nos Hospitais de Faro e de Portim\u00e3o. Este avan\u00e7o e investimento em tecnologia de ponta assinala um marco na moderniza\u00e7\u00e3o dos cuidados de sa\u00fade na regi\u00e3o, colocando o Algarve na linha da frente da cirurgia minimamente invasiva em Portugal.<\/p>\n\n\n\n<p>O Hospital de Faro recebeu recentemente o sistema rob\u00f3tico Da Vinci Xi, o mais avan\u00e7ado da plataforma Da Vinci, enquanto o Hospital do Barlavento Algarvio, em Portim\u00e3o, passou a contar com o inovador Hugo\u2122 RAS (Robotic-Assisted Surgery). Dois equipamentos com tecnologia de ponta que permitem aumentar de forma bastante significativa os padr\u00f5es de qualidade dos procedimentos cir\u00fargicos realizados, promovendo maior precis\u00e3o cl\u00ednica nos procedimentos, maior seguran\u00e7a e uma recupera\u00e7\u00e3o mais r\u00e1pida dos doentes intervencionados.<\/p>\n\n\n\n<p>Para Miguel Cabrita, urologista e coordenador da Cirurgia Rob\u00f3tica na ULS Algarve, \u201co investimento nestes dois sistemas cir\u00fargicos rob\u00f3ticos permite \u00e0 institui\u00e7\u00e3o integrar a vanguarda da cirurgia rob\u00f3tica em Portugal, refor\u00e7ando a sua posi\u00e7\u00e3o como centro de refer\u00eancia no sul do Pa\u00eds\u201d.<\/p>\n\n\n\n<p>O processo de implementa\u00e7\u00e3o da Cirurgia Rob\u00f3tica na ULS Algarve integrou-se no Programa de Moderniza\u00e7\u00e3o Tecnol\u00f3gica do SNS e representou um investimento de 4,2 milh\u00f5es de euros, financiado pelo Plano de Recupera\u00e7\u00e3o e Resili\u00eancia (PRR).<\/p>\n\n\n\n<p>Em termos pr\u00e1ticos esta tecnologia oferece maior precis\u00e3o, estabilidade e vis\u00e3o aumentada para o cirurgi\u00e3o, o que permite a realiza\u00e7\u00e3o de procedimentos tecnicamente exigentes com maior seguran\u00e7a. \u201cEntre os exemplos mais relevantes est\u00e1 a disseca\u00e7\u00e3o de tumores localmente avan\u00e7ados&nbsp;e a&nbsp;dissec\u00e7\u00e3o de tumores localmente avan\u00e7ados do reto, em locais anat\u00f3micos de dif\u00edcil acesso, reduzindo o risco de complica\u00e7\u00f5es.&nbsp;Assim, a cirurgia rob\u00f3tica n\u00e3o cria novos tipos de cirurgia, mas&nbsp;alarga de forma significativa o leque de interven\u00e7\u00f5es pass\u00edveis de serem feitas por via minimamente invasiva\u201d, explica Edgar Amorim, cirurgi\u00e3o geral no Hospital do Barlavento Algarvio.<\/p>\n\n\n\n<p>Opini\u00e3o corroborada por Miguel Cabrita que sublinha que a \u201cimplementa\u00e7\u00e3o da cirurgia rob\u00f3tica nos dois hospitais algarvios amplia significativamente as capacidades cir\u00fargicas em v\u00e1rias especialidades, como por exemplo, a Urologia, Cirurgia Geral, Ginecologia, Cirurgia Pedi\u00e1trica, entre outras especialidades\u201d.<\/p>\n\n\n\n<p>Este sistema de cirurgia minimamente invasiva foi desenvolvido com o objetivo de disponibilizar a tecnologia mais avan\u00e7ada aos cirurgi\u00f5es, permitindo tratar patologias complexas com uma precis\u00e3o incompar\u00e1vel, garantindo simultaneamente aos doentes procedimentos menos invasivos e tempos de recupera\u00e7\u00e3o mais r\u00e1pidos. Para al\u00e9m disso, s\u00e3o destacadas como vantagens para doentes o facto de terem incis\u00f5es m\u00ednimas, existir menor necessidade de transfus\u00f5es, o que reduz os riscos associados, e menos dor p\u00f3s-operat\u00f3ria, o que favorece uma recupera\u00e7\u00e3o mais c\u00f3moda e r\u00e1pida, reduzindo assim o per\u00edodo de internamento hospitalar.<\/p>\n\n\n\n<figure class=\"wp-block-image alignright is-resized\"><img loading=\"lazy\" decoding=\"async\" width=\"2366\" height=\"2560\" src=\"http:\/\/perspetivaatual.pt\/wp-content\/uploads\/2025\/04\/Dr_Edgar_Amorim_cirurgiao-geral-do-hospital-de-Portimao-scaled.jpg\" alt=\"\" class=\"wp-image-4575\" style=\"width:354px;height:auto\" srcset=\"https:\/\/perspetivaatual.pt\/wp-content\/uploads\/2025\/04\/Dr_Edgar_Amorim_cirurgiao-geral-do-hospital-de-Portimao-scaled.jpg 2366w, https:\/\/perspetivaatual.pt\/wp-content\/uploads\/2025\/04\/Dr_Edgar_Amorim_cirurgiao-geral-do-hospital-de-Portimao-277x300.jpg 277w, https:\/\/perspetivaatual.pt\/wp-content\/uploads\/2025\/04\/Dr_Edgar_Amorim_cirurgiao-geral-do-hospital-de-Portimao-946x1024.jpg 946w, https:\/\/perspetivaatual.pt\/wp-content\/uploads\/2025\/04\/Dr_Edgar_Amorim_cirurgiao-geral-do-hospital-de-Portimao-768x831.jpg 768w, https:\/\/perspetivaatual.pt\/wp-content\/uploads\/2025\/04\/Dr_Edgar_Amorim_cirurgiao-geral-do-hospital-de-Portimao-1420x1536.jpg 1420w, https:\/\/perspetivaatual.pt\/wp-content\/uploads\/2025\/04\/Dr_Edgar_Amorim_cirurgiao-geral-do-hospital-de-Portimao-1893x2048.jpg 1893w, https:\/\/perspetivaatual.pt\/wp-content\/uploads\/2025\/04\/Dr_Edgar_Amorim_cirurgiao-geral-do-hospital-de-Portimao-1024x1108.jpg 1024w\" sizes=\"auto, (max-width: 2366px) 100vw, 2366px\" \/><figcaption class=\"wp-element-caption\">Edgar Amorim, Cirurgi\u00e3o Geral do Hospital de<br>Portim\u00e3o<\/figcaption><\/figure>\n\n\n\n<p>\u201cAo ser minimamente invasiva, resulta em&nbsp;menor trauma tecidular,&nbsp;o que leva a&nbsp;menos dor p\u00f3s-operat\u00f3ria,&nbsp;redu\u00e7\u00e3o do tempo de internamento&nbsp;e um&nbsp;retorno mais r\u00e1pido \u00e0 vida ativa.&nbsp;A menor agress\u00e3o aos tecidos e a precis\u00e3o cir\u00fargica reduzem tamb\u00e9m o risco de complica\u00e7\u00f5es, como infe\u00e7\u00f5es e hemorragias, promovendo uma recupera\u00e7\u00e3o mais segura e eficiente. Assim, o rob\u00f4 melhora significativamente a experi\u00eancia do doente no p\u00f3s-operat\u00f3rio, com benef\u00edcios cl\u00ednicos e funcionais evidentes\u201d, explica Edgar Amorim.<\/p>\n\n\n\n<p>O programa da cirurgia rob\u00f3tica na institui\u00e7\u00e3o pretende ser inclusivo e abrangente atrav\u00e9s da implementa\u00e7\u00e3o de programas de forma\u00e7\u00e3o para cirurgi\u00f5es, enfermeiros e anestesistas, estabelecimento de protocolos cl\u00ednicos e adapta\u00e7\u00e3o do planeamento cir\u00fargico para maximizar o uso do rob\u00f4 nas v\u00e1rias especialidades.<\/p>\n\n\n\n<p>Com os olhos postos no futuro, Miguel Cabrita considera que esta tecnologia pode ajudar a captar e fixar novos profissionais para a institui\u00e7\u00e3o. \u201cTenho esperan\u00e7a que este compromisso com a excel\u00eancia e a inova\u00e7\u00e3o permita a capta\u00e7\u00e3o e reten\u00e7\u00e3o de cirurgi\u00f5es e outros profissionais de sa\u00fade, colmatando algumas car\u00eancias existentes\u201d.<\/p>\n\n\n\n<p>Em termos da qualidade global dos cuidados de sa\u00fade, a introdu\u00e7\u00e3o da cirurgia rob\u00f3tica impulsiona paralelamente a melhoria organizacional, estimulando a forma\u00e7\u00e3o cont\u00ednua dos seus profissionais e a cultura de excel\u00eancia, uma vez que exige&nbsp;integra\u00e7\u00e3o entre equipas multidisciplinares,&nbsp;o que beneficia tamb\u00e9m outras \u00e1reas cl\u00ednicas, como o diagn\u00f3stico pr\u00e9-operat\u00f3rio e o acompanhamento p\u00f3s-cir\u00fargico.<\/p>\n\n\n\n<p>Otimista sobre o futuro, Edgar Amorim considera que as pr\u00f3ximas etapas incluem a&nbsp;expans\u00e3o para novas especialidades cir\u00fargicas, o refor\u00e7o da&nbsp;forma\u00e7\u00e3o cont\u00ednua&nbsp;e a integra\u00e7\u00e3o com tecnologias emergentes&nbsp;como a realidade aumentada, navega\u00e7\u00e3o cir\u00fargica e algoritmos de apoio \u00e0 decis\u00e3o. \u201cA institui\u00e7\u00e3o prev\u00ea tamb\u00e9m&nbsp;parcerias com \u00e1reas como a imagiologia, anestesiologia e reabilita\u00e7\u00e3o,&nbsp;criando um sistema integrado de cuidados ao doente cir\u00fargico com base em tecnologia de ponta\u201d, isto sem esquecer a colabora\u00e7\u00e3o e as parcerias com outras institui\u00e7\u00f5es de sa\u00fade e sociedades cientificas.<\/p>\n\n\n\n<p class=\"has-text-align-center\"><strong>GASMI: programa pioneiro no apoio \u00e0 sa\u00fade mental infantil no Algarve<\/strong><\/p>\n\n\n\n<figure class=\"wp-block-image aligncenter is-resized\"><img loading=\"lazy\" decoding=\"async\" width=\"2560\" height=\"1109\" src=\"http:\/\/perspetivaatual.pt\/wp-content\/uploads\/2025\/04\/GASMI_cores_com_designacao-scaled.jpeg\" alt=\"\" class=\"wp-image-4577\" style=\"width:648px;height:auto\" srcset=\"https:\/\/perspetivaatual.pt\/wp-content\/uploads\/2025\/04\/GASMI_cores_com_designacao-scaled.jpeg 2560w, https:\/\/perspetivaatual.pt\/wp-content\/uploads\/2025\/04\/GASMI_cores_com_designacao-300x130.jpeg 300w, https:\/\/perspetivaatual.pt\/wp-content\/uploads\/2025\/04\/GASMI_cores_com_designacao-1024x444.jpeg 1024w, https:\/\/perspetivaatual.pt\/wp-content\/uploads\/2025\/04\/GASMI_cores_com_designacao-768x333.jpeg 768w, https:\/\/perspetivaatual.pt\/wp-content\/uploads\/2025\/04\/GASMI_cores_com_designacao-1536x666.jpeg 1536w, https:\/\/perspetivaatual.pt\/wp-content\/uploads\/2025\/04\/GASMI_cores_com_designacao-2048x887.jpeg 2048w\" sizes=\"auto, (max-width: 2560px) 100vw, 2560px\" \/><\/figure>\n\n\n\n<p>Os Cuidados de Sa\u00fade Prim\u00e1rios da Unidade Local de Sa\u00fade do Algarve t\u00eam um programa regional \u00fanico e inovador em Portugal no \u00e2mbito do apoio \u00e0 sa\u00fade mental infantil.<\/p>\n\n\n\n<p>Com 24 anos de experi\u00eancia, o Grupo de Apoio \u00e0 Sa\u00fade Mental Infantil (GASMI) visa a avalia\u00e7\u00e3o e interven\u00e7\u00e3o junto de crian\u00e7as referenciadas entre os 3 e os 12 anos de idade, que apresentem altera\u00e7\u00f5es comportamentais, emocionais ou sociais clinicamente significativas e comprometedoras da sua sa\u00fade mental.<\/p>\n\n\n\n<p>Atualmente, o GASMI conta com cerca de 70 profissionais de sa\u00fade, distribu\u00eddos por 11 equipas multidisciplinares localizadas por todo o territ\u00f3rio algarvio, formadas por profissionais de MGF, Enfermagem, Psicologia, Terapia Ocupacional, Terapia da Fala, Fisioterapia e Servi\u00e7o Social, que acompanham cerca de 1500 crian\u00e7as anualmente na regi\u00e3o do Algarve.<\/p>\n\n\n\n<p>Apesar da interven\u00e7\u00e3o se centrar sempre na crian\u00e7a, esta \u00e9 planeada de forma a dar resposta \u00e0s suas necessidades e especificidades cl\u00ednicas, envolvendo sempre a fam\u00edlia, privilegiando a articula\u00e7\u00e3o com as estruturas da comunidade que interv\u00eam na \u00e1rea da inf\u00e2ncia.<\/p>\n\n\n\n<p>O objetivo central \u00e9 prevenir e tratar perturba\u00e7\u00f5es de sa\u00fade mental infantil, atrav\u00e9s de interven\u00e7\u00f5es preventivas, bem como atividades regulares de promo\u00e7\u00e3o da sa\u00fade mental. A diversidade de estrat\u00e9gias reflete o compromisso do GASMI com uma abordagem abrangente e humanizada, focada no bem-estar das crian\u00e7as desde os primeiros sinais de dificuldade.<\/p>\n\n\n\n<p>A cria\u00e7\u00e3o dos GASMI assenta num protocolo desenvolvido com outras institui\u00e7\u00f5es, nomeadamente com o Hospital D. Estef\u00e2nia, atrav\u00e9s da Cl\u00ednica do Parque, equipa de refer\u00eancia para a interven\u00e7\u00e3o Pedopsiquiatrica para a regi\u00e3o do Algarve. Este protocolo teve como objetivo viabilizar uma resposta organizada no \u00e2mbito da Sa\u00fade Mental Infantil, numa \u00e1rea que se encontrava praticamente a descoberto.<\/p>\n\n\n\n<p>Com este modelo, as fam\u00edlias deixaram de fazer 300 km para ter acesso a uma resposta de especialidade, passando a pedopsiquiatria a estar mais acess\u00edvel, atuando por media\u00e7\u00e3o, entre t\u00e9cnicos que avaliam, articulam e interv\u00eam e um m\u00e9dico de medicina geral e familiar que assume a interven\u00e7\u00e3o cl\u00ednica. Para tal as equipas t\u00eam acesso constante \u00e0 consultadoria especializada, e ainda re\u00fanem bimensalmente com o pedopsiquiatra de refer\u00eancia para discutir situa\u00e7\u00f5es concretas, mantendo desta forma uma articula\u00e7\u00e3o constante entre Cuidados de Sa\u00fade Prim\u00e1rios e Cuidados Hospitalares.<\/p>\n\n\n\n<p>\u00danico a n\u00edvel nacional,&nbsp;o GASMI tem vindo a consolidar-se como uma boa pr\u00e1tica no dom\u00ednio da sa\u00fade mental pedi\u00e1trica em contexto comunit\u00e1rio, refor\u00e7ando a import\u00e2ncia da identifica\u00e7\u00e3o e interven\u00e7\u00e3o precoce e da articula\u00e7\u00e3o entre os diferentes setores que acompanham o desenvolvimento infantil.<\/p>\n\n\n\n<p class=\"has-text-align-center\"><strong>Investiga\u00e7\u00e3o \u201cmade in\u201d Algarve para o Mundo<\/strong><\/p>\n\n\n\n<figure class=\"wp-block-image aligncenter is-resized\"><img loading=\"lazy\" decoding=\"async\" width=\"2560\" height=\"1707\" src=\"http:\/\/perspetivaatual.pt\/wp-content\/uploads\/2025\/04\/Ana-Marreiros_vogal-executiva-da-ULS-Algarve-scaled.jpg\" alt=\"\" class=\"wp-image-4578\" style=\"width:507px;height:auto\" srcset=\"https:\/\/perspetivaatual.pt\/wp-content\/uploads\/2025\/04\/Ana-Marreiros_vogal-executiva-da-ULS-Algarve-scaled.jpg 2560w, https:\/\/perspetivaatual.pt\/wp-content\/uploads\/2025\/04\/Ana-Marreiros_vogal-executiva-da-ULS-Algarve-300x200.jpg 300w, https:\/\/perspetivaatual.pt\/wp-content\/uploads\/2025\/04\/Ana-Marreiros_vogal-executiva-da-ULS-Algarve-1024x683.jpg 1024w, https:\/\/perspetivaatual.pt\/wp-content\/uploads\/2025\/04\/Ana-Marreiros_vogal-executiva-da-ULS-Algarve-768x512.jpg 768w, https:\/\/perspetivaatual.pt\/wp-content\/uploads\/2025\/04\/Ana-Marreiros_vogal-executiva-da-ULS-Algarve-1536x1024.jpg 1536w, https:\/\/perspetivaatual.pt\/wp-content\/uploads\/2025\/04\/Ana-Marreiros_vogal-executiva-da-ULS-Algarve-2048x1365.jpg 2048w, https:\/\/perspetivaatual.pt\/wp-content\/uploads\/2025\/04\/Ana-Marreiros_vogal-executiva-da-ULS-Algarve-675x450.jpg 675w\" sizes=\"auto, (max-width: 2560px) 100vw, 2560px\" \/><figcaption class=\"wp-element-caption\">Ana Marreiros, vogal executiva da ULS Algarve<\/figcaption><\/figure>\n\n\n\n<p>A Unidade Local de Sa\u00fade&nbsp;(ULS) do&nbsp;Algarve tem vindo a apostar cada vez mais na Investiga\u00e7\u00e3o como um eixo estrat\u00e9gico da sua afirma\u00e7\u00e3o e posicionamento institucional. A concretiza\u00e7\u00e3o desse objetivo \u00e9 o resultado de uma estrat\u00e9gica alian\u00e7a com a Universidade do Algarve (UAlg), com quem partilha uma vis\u00e3o comum para o desenvolvimento integrado da Investiga\u00e7\u00e3o Biom\u00e9dica, atrav\u00e9s do cons\u00f3rcio Algarve Biomedical Center, e da Forma\u00e7\u00e3o no setor da Sa\u00fade, gra\u00e7as \u00e0 hist\u00f3rica colabora\u00e7\u00e3o com a Escola Superior de Sa\u00fade e com as diversas Faculdades da academia algarvia.<\/p>\n\n\n\n<p>Na Investiga\u00e7\u00e3o Biom\u00e9dica, a parceria entre a ULS&nbsp;de Algarve&nbsp;e a UAlg \u00e9 formalizada atrav\u00e9s de um cons\u00f3rcio institucional que envolve, de forma articulada, a Faculdade de Ci\u00eancias Biom\u00e9dicas (FCBM) e o Algarve Biomedical Center Research Institute (ABC-RI), uma unidade de investiga\u00e7\u00e3o de refer\u00eancia no sul do pa\u00eds\u201d, afirma Ana Marreiros, vogal do Conselho de Administra\u00e7\u00e3o da ULS&nbsp;de Algarve.<\/p>\n\n\n\n<p>Com uma dire\u00e7\u00e3o cient\u00edfica reestruturada, a ULS&nbsp;de Algarve promove uma cultura de investiga\u00e7\u00e3o transversal a todas as carreiras e n\u00edveis de cuidados, com elevado empenho na dinamiza\u00e7\u00e3o de projetos.<\/p>\n\n\n\n<p>Com a recente organiza\u00e7\u00e3o do SNS em unidades locais de sa\u00fade, os cuidados de sa\u00fade prim\u00e1rios t\u00eam assumido uma import\u00e2ncia crescente na estrat\u00e9gia de investiga\u00e7\u00e3o da ULS&nbsp;de Algarve. \u201cEstamos empenhados em dinamizar e apoiar ativamente projetos nesta \u00e1rea, reconhecendo o seu papel estruturante no sistema de sa\u00fade\u201d, refere Ana Marreiros.<\/p>\n\n\n\n<p>Neste contexto, os alunos dos v\u00e1rios cursos, como \u00e9 o caso da Medicina ou da Enfermagem, entre outros, desenvolvem projetos de investiga\u00e7\u00e3o integrados nas unidades da ULS, sob orienta\u00e7\u00e3o conjunta de docentes e profissionais de sa\u00fade. Os trabalhos, com reconhecida qualidade cient\u00edfica, resultam em artigos pass\u00edveis de publica\u00e7\u00e3o e apresenta\u00e7\u00f5es em eventos cient\u00edficos. \u201cPor exemplo, pela primeira vez, em junho, esses projetos ser\u00e3o apresentados num congresso organizado conjuntamente com a FMCB, a decorrer nos hospitais de Faro e Portim\u00e3o, assinalando uma nova etapa na converg\u00eancia entre a investiga\u00e7\u00e3o e a pr\u00e1tica cl\u00ednica\u201d, acrescenta Ana Marreiros.<\/p>\n\n\n\n<p>Com olhos postos no futuro e pensando na aplica\u00e7\u00e3o do conhecimento aos utentes, a ULS&nbsp;de Algarve&nbsp;colabora com a UAlg no desenvolvimento da Medicina Translacional, uma \u00e1rea que exige resultados de investiga\u00e7\u00e3o cient\u00edfica \u00e1geis para aplica\u00e7\u00e3o cl\u00ednica.<\/p>\n\n\n\n<p>Esta abordagem facilita a transi\u00e7\u00e3o de descobertas laboratoriais para tratamentos concretos, promovendo maior integra\u00e7\u00e3o entre investiga\u00e7\u00e3o biom\u00e9dica e cuidados de sa\u00fade. Al\u00e9m disso, o recente programa doutoral da UAlg, centrado em Investiga\u00e7\u00e3o Cl\u00ednica e Medicina Translacional, e composto maioritariamente por profissionais da ULS, representa um pilar estrat\u00e9gico de promo\u00e7\u00e3o dos seus recursos humanos mais diferenciados e demais dom\u00ednios da presta\u00e7\u00e3o de cuidados.<\/p>\n\n\n\n<p>\u201cEste esfor\u00e7o conjunto entre a ULS&nbsp;de Algarve, a Universidade e o ABC-Ri posiciona a regi\u00e3o como refer\u00eancia nacional na investiga\u00e7\u00e3o em sa\u00fade, concretizando a miss\u00e3o do Centro Acad\u00e9mico Cl\u00ednico Algarve Biomedical Center: articular e potenciar a investiga\u00e7\u00e3o cient\u00edfica em benef\u00edcio direto da pr\u00e1tica cl\u00ednica e da inova\u00e7\u00e3o em sa\u00fade\u201d, conclui.<\/p>\n\n\n\n<p>O ABC-Ri foi criado formalmente em 2020 e integrado como centro de investiga\u00e7\u00e3o da UAlg em 2021. Conta com 36 membros dourados, 14 colaboradores doutorados e 26 estudantes de doutoramento.<\/p>\n\n\n\n<p>A miss\u00e3o do centro \u00e9 estudar mecanismos biom\u00e9dicos fundamentais da sa\u00fade humana e aplicar o conhecimento nas \u00e1reas das doen\u00e7as neurol\u00f3gicas, cancro e envelhecimento, onde a ULS&nbsp;de Algarve \u00e9 a principal entidade para a concretiza\u00e7\u00e3o destes projetos.<\/p>\n\n\n\n<p>Este centro promove a autonomia cient\u00edfica dos investigadores, a interdisciplinaridade e colabora\u00e7\u00f5es internacionais. Desde 2021, foram publicados 104 artigos com afilia\u00e7\u00e3o ABC-Ri, tendo sido financiados cerca de 5,7 milh\u00f5es de euros, 25% de origem internacional. Destacam-se ainda a submiss\u00e3o de tr\u00eas patentes, a cria\u00e7\u00e3o de uma startup e o lan\u00e7amento do ABC CoLAB, que refor\u00e7a a vertente de transla\u00e7\u00e3o cient\u00edfica.<em><\/em><\/p>\n\n\n\n<p><\/p>\n","protected":false},"excerpt":{"rendered":"<p>A Unidade Local de Sa\u00fade (ULS) do Algarve&nbsp;integra os cuidados de sa\u00fade prim\u00e1rios e hospitalares<\/p>\n","protected":false},"author":11,"featured_media":4574,"comment_status":"open","ping_status":"open","sticky":false,"template":"","format":"standard","meta":{"footnotes":""},"categories":[11,4],"tags":[707,706,705],"class_list":["post-4572","post","type-post","status-publish","format-standard","has-post-thumbnail","hentry","category-destaques","category-saude","tag-abc-ri","tag-gasmi","tag-ulsalgarve"],"yoast_head":"<!-- This site is optimized with the Yoast SEO plugin v24.2 - https:\/\/yoast.com\/wordpress\/plugins\/seo\/ -->\n<title>Tiago Botelho revela avan\u00e7os da ULS\u00a0Algarve\u00a0no diagn\u00f3stico de doentes oncol\u00f3gicos - Perspetiva Atual<\/title>\n<meta name=\"description\" content=\"A Unidade Local de Sa\u00fade (ULS) do Algarve\u00a0integra os cuidados de sa\u00fade prim\u00e1rios e hospitalares da regi\u00e3o algarvia...\" \/>\n<meta name=\"robots\" content=\"index, follow, max-snippet:-1, max-image-preview:large, max-video-preview:-1\" \/>\n<link rel=\"canonical\" href=\"https:\/\/perspetivaatual.pt\/index.php\/2025\/04\/24\/tiago-botelho-revela-avancos-da-uls-algarve-no-diagnostico-de-doentes-oncologicos\/\" \/>\n<meta property=\"og:locale\" content=\"pt_PT\" \/>\n<meta property=\"og:type\" content=\"article\" \/>\n<meta property=\"og:title\" content=\"Tiago Botelho revela avan\u00e7os da ULS\u00a0Algarve\u00a0no diagn\u00f3stico de doentes oncol\u00f3gicos - Perspetiva Atual\" \/>\n<meta property=\"og:description\" content=\"A Unidade Local de Sa\u00fade (ULS) do Algarve\u00a0integra os cuidados de sa\u00fade prim\u00e1rios e hospitalares da regi\u00e3o algarvia...\" \/>\n<meta property=\"og:url\" content=\"https:\/\/perspetivaatual.pt\/index.php\/2025\/04\/24\/tiago-botelho-revela-avancos-da-uls-algarve-no-diagnostico-de-doentes-oncologicos\/\" \/>\n<meta property=\"og:site_name\" content=\"Perspetiva Atual\" \/>\n<meta property=\"article:published_time\" content=\"2025-04-24T07:00:00+00:00\" \/>\n<meta property=\"article:modified_time\" content=\"2025-04-22T10:14:27+00:00\" \/>\n<meta property=\"og:image\" content=\"https:\/\/perspetivaatual.pt\/wp-content\/uploads\/2025\/04\/tiago-botelho-LoRes.png\" \/>\n\t<meta property=\"og:image:width\" content=\"410\" \/>\n\t<meta property=\"og:image:height\" content=\"500\" \/>\n\t<meta property=\"og:image:type\" content=\"image\/png\" \/>\n<meta name=\"author\" content=\"Vitoria Girao\" \/>\n<meta name=\"twitter:card\" content=\"summary_large_image\" \/>\n<meta name=\"twitter:label1\" content=\"Escrito por\" \/>\n\t<meta name=\"twitter:data1\" content=\"\" \/>\n\t<meta name=\"twitter:label2\" content=\"Tempo estimado de leitura\" \/>\n\t<meta name=\"twitter:data2\" content=\"19 minutos\" \/>\n<script type=\"application\/ld+json\" class=\"yoast-schema-graph\">{\"@context\":\"https:\/\/schema.org\",\"@graph\":[{\"@type\":\"Article\",\"@id\":\"https:\/\/perspetivaatual.pt\/index.php\/2025\/04\/24\/tiago-botelho-revela-avancos-da-uls-algarve-no-diagnostico-de-doentes-oncologicos\/#article\",\"isPartOf\":{\"@id\":\"https:\/\/perspetivaatual.pt\/index.php\/2025\/04\/24\/tiago-botelho-revela-avancos-da-uls-algarve-no-diagnostico-de-doentes-oncologicos\/\"},\"author\":{\"name\":\"Vitoria Girao\",\"@id\":\"https:\/\/perspetivaatual.pt\/#\/schema\/person\/c90e8e11129f189f1b7588bf2888f8b5\"},\"headline\":\"Tiago Botelho revela avan\u00e7os da ULS\u00a0Algarve\u00a0no diagn\u00f3stico de doentes oncol\u00f3gicos\",\"datePublished\":\"2025-04-24T07:00:00+00:00\",\"dateModified\":\"2025-04-22T10:14:27+00:00\",\"mainEntityOfPage\":{\"@id\":\"https:\/\/perspetivaatual.pt\/index.php\/2025\/04\/24\/tiago-botelho-revela-avancos-da-uls-algarve-no-diagnostico-de-doentes-oncologicos\/\"},\"wordCount\":3591,\"commentCount\":0,\"publisher\":{\"@id\":\"https:\/\/perspetivaatual.pt\/#organization\"},\"image\":{\"@id\":\"https:\/\/perspetivaatual.pt\/index.php\/2025\/04\/24\/tiago-botelho-revela-avancos-da-uls-algarve-no-diagnostico-de-doentes-oncologicos\/#primaryimage\"},\"thumbnailUrl\":\"https:\/\/perspetivaatual.pt\/wp-content\/uploads\/2025\/04\/tiago-botelho-LoRes.png\",\"keywords\":[\"#abc-ri\",\"#gasmi\",\"#ulsalgarve\"],\"articleSection\":[\"Destaques\",\"Sa\u00fade\"],\"inLanguage\":\"pt-PT\",\"potentialAction\":[{\"@type\":\"CommentAction\",\"name\":\"Comment\",\"target\":[\"https:\/\/perspetivaatual.pt\/index.php\/2025\/04\/24\/tiago-botelho-revela-avancos-da-uls-algarve-no-diagnostico-de-doentes-oncologicos\/#respond\"]}]},{\"@type\":\"WebPage\",\"@id\":\"https:\/\/perspetivaatual.pt\/index.php\/2025\/04\/24\/tiago-botelho-revela-avancos-da-uls-algarve-no-diagnostico-de-doentes-oncologicos\/\",\"url\":\"https:\/\/perspetivaatual.pt\/index.php\/2025\/04\/24\/tiago-botelho-revela-avancos-da-uls-algarve-no-diagnostico-de-doentes-oncologicos\/\",\"name\":\"Tiago Botelho revela avan\u00e7os da ULS\u00a0Algarve\u00a0no diagn\u00f3stico de doentes oncol\u00f3gicos - Perspetiva Atual\",\"isPartOf\":{\"@id\":\"https:\/\/perspetivaatual.pt\/#website\"},\"primaryImageOfPage\":{\"@id\":\"https:\/\/perspetivaatual.pt\/index.php\/2025\/04\/24\/tiago-botelho-revela-avancos-da-uls-algarve-no-diagnostico-de-doentes-oncologicos\/#primaryimage\"},\"image\":{\"@id\":\"https:\/\/perspetivaatual.pt\/index.php\/2025\/04\/24\/tiago-botelho-revela-avancos-da-uls-algarve-no-diagnostico-de-doentes-oncologicos\/#primaryimage\"},\"thumbnailUrl\":\"https:\/\/perspetivaatual.pt\/wp-content\/uploads\/2025\/04\/tiago-botelho-LoRes.png\",\"datePublished\":\"2025-04-24T07:00:00+00:00\",\"dateModified\":\"2025-04-22T10:14:27+00:00\",\"description\":\"A Unidade Local de Sa\u00fade (ULS) do Algarve\u00a0integra os cuidados de sa\u00fade prim\u00e1rios e hospitalares da regi\u00e3o algarvia...\",\"breadcrumb\":{\"@id\":\"https:\/\/perspetivaatual.pt\/index.php\/2025\/04\/24\/tiago-botelho-revela-avancos-da-uls-algarve-no-diagnostico-de-doentes-oncologicos\/#breadcrumb\"},\"inLanguage\":\"pt-PT\",\"potentialAction\":[{\"@type\":\"ReadAction\",\"target\":[\"https:\/\/perspetivaatual.pt\/index.php\/2025\/04\/24\/tiago-botelho-revela-avancos-da-uls-algarve-no-diagnostico-de-doentes-oncologicos\/\"]}]},{\"@type\":\"ImageObject\",\"inLanguage\":\"pt-PT\",\"@id\":\"https:\/\/perspetivaatual.pt\/index.php\/2025\/04\/24\/tiago-botelho-revela-avancos-da-uls-algarve-no-diagnostico-de-doentes-oncologicos\/#primaryimage\",\"url\":\"https:\/\/perspetivaatual.pt\/wp-content\/uploads\/2025\/04\/tiago-botelho-LoRes.png\",\"contentUrl\":\"https:\/\/perspetivaatual.pt\/wp-content\/uploads\/2025\/04\/tiago-botelho-LoRes.png\",\"width\":410,\"height\":500},{\"@type\":\"BreadcrumbList\",\"@id\":\"https:\/\/perspetivaatual.pt\/index.php\/2025\/04\/24\/tiago-botelho-revela-avancos-da-uls-algarve-no-diagnostico-de-doentes-oncologicos\/#breadcrumb\",\"itemListElement\":[{\"@type\":\"ListItem\",\"position\":1,\"name\":\"Home\",\"item\":\"https:\/\/perspetivaatual.pt\/\"},{\"@type\":\"ListItem\",\"position\":2,\"name\":\"Tiago Botelho revela avan\u00e7os da ULS\u00a0Algarve\u00a0no diagn\u00f3stico de doentes oncol\u00f3gicos\"}]},{\"@type\":\"WebSite\",\"@id\":\"https:\/\/perspetivaatual.pt\/#website\",\"url\":\"https:\/\/perspetivaatual.pt\/\",\"name\":\"Perspetiva Atual\",\"description\":\"Olhar Portugal, de diferentes formas\",\"publisher\":{\"@id\":\"https:\/\/perspetivaatual.pt\/#organization\"},\"potentialAction\":[{\"@type\":\"SearchAction\",\"target\":{\"@type\":\"EntryPoint\",\"urlTemplate\":\"https:\/\/perspetivaatual.pt\/?s={search_term_string}\"},\"query-input\":{\"@type\":\"PropertyValueSpecification\",\"valueRequired\":true,\"valueName\":\"search_term_string\"}}],\"inLanguage\":\"pt-PT\"},{\"@type\":\"Organization\",\"@id\":\"https:\/\/perspetivaatual.pt\/#organization\",\"name\":\"Perspetiva Atual\",\"url\":\"https:\/\/perspetivaatual.pt\/\",\"logo\":{\"@type\":\"ImageObject\",\"inLanguage\":\"pt-PT\",\"@id\":\"https:\/\/perspetivaatual.pt\/#\/schema\/logo\/image\/\",\"url\":\"https:\/\/perspetivaatual.pt\/wp-content\/uploads\/2020\/08\/cropped-perspetiva_atual-.png\",\"contentUrl\":\"https:\/\/perspetivaatual.pt\/wp-content\/uploads\/2020\/08\/cropped-perspetiva_atual-.png\",\"width\":618,\"height\":202,\"caption\":\"Perspetiva Atual\"},\"image\":{\"@id\":\"https:\/\/perspetivaatual.pt\/#\/schema\/logo\/image\/\"}},{\"@type\":\"Person\",\"@id\":\"https:\/\/perspetivaatual.pt\/#\/schema\/person\/c90e8e11129f189f1b7588bf2888f8b5\",\"name\":\"Vitoria Girao\",\"image\":{\"@type\":\"ImageObject\",\"inLanguage\":\"pt-PT\",\"@id\":\"https:\/\/perspetivaatual.pt\/#\/schema\/person\/image\/\",\"url\":\"https:\/\/secure.gravatar.com\/avatar\/7a4a232c077ec4326004bec18e9d4616?s=96&d=mm&r=g\",\"contentUrl\":\"https:\/\/secure.gravatar.com\/avatar\/7a4a232c077ec4326004bec18e9d4616?s=96&d=mm&r=g\",\"caption\":\"Vitoria Girao\"},\"url\":\"https:\/\/perspetivaatual.pt\/index.php\/author\/vitoria-girao\/\"}]}<\/script>\n<!-- \/ Yoast SEO plugin. -->","yoast_head_json":{"title":"Tiago Botelho revela avan\u00e7os da ULS\u00a0Algarve\u00a0no diagn\u00f3stico de doentes oncol\u00f3gicos - Perspetiva Atual","description":"A Unidade Local de Sa\u00fade (ULS) do Algarve\u00a0integra os cuidados de sa\u00fade prim\u00e1rios e hospitalares da regi\u00e3o algarvia...","robots":{"index":"index","follow":"follow","max-snippet":"max-snippet:-1","max-image-preview":"max-image-preview:large","max-video-preview":"max-video-preview:-1"},"canonical":"https:\/\/perspetivaatual.pt\/index.php\/2025\/04\/24\/tiago-botelho-revela-avancos-da-uls-algarve-no-diagnostico-de-doentes-oncologicos\/","og_locale":"pt_PT","og_type":"article","og_title":"Tiago Botelho revela avan\u00e7os da ULS\u00a0Algarve\u00a0no diagn\u00f3stico de doentes oncol\u00f3gicos - Perspetiva Atual","og_description":"A Unidade Local de Sa\u00fade (ULS) do Algarve\u00a0integra os cuidados de sa\u00fade prim\u00e1rios e hospitalares da regi\u00e3o algarvia...","og_url":"https:\/\/perspetivaatual.pt\/index.php\/2025\/04\/24\/tiago-botelho-revela-avancos-da-uls-algarve-no-diagnostico-de-doentes-oncologicos\/","og_site_name":"Perspetiva Atual","article_published_time":"2025-04-24T07:00:00+00:00","article_modified_time":"2025-04-22T10:14:27+00:00","og_image":[{"width":410,"height":500,"url":"https:\/\/perspetivaatual.pt\/wp-content\/uploads\/2025\/04\/tiago-botelho-LoRes.png","type":"image\/png"}],"author":"Vitoria Girao","twitter_card":"summary_large_image","twitter_misc":{"Escrito por":false,"Tempo estimado de leitura":"19 minutos"},"schema":{"@context":"https:\/\/schema.org","@graph":[{"@type":"Article","@id":"https:\/\/perspetivaatual.pt\/index.php\/2025\/04\/24\/tiago-botelho-revela-avancos-da-uls-algarve-no-diagnostico-de-doentes-oncologicos\/#article","isPartOf":{"@id":"https:\/\/perspetivaatual.pt\/index.php\/2025\/04\/24\/tiago-botelho-revela-avancos-da-uls-algarve-no-diagnostico-de-doentes-oncologicos\/"},"author":{"name":"Vitoria Girao","@id":"https:\/\/perspetivaatual.pt\/#\/schema\/person\/c90e8e11129f189f1b7588bf2888f8b5"},"headline":"Tiago Botelho revela avan\u00e7os da ULS\u00a0Algarve\u00a0no diagn\u00f3stico de doentes oncol\u00f3gicos","datePublished":"2025-04-24T07:00:00+00:00","dateModified":"2025-04-22T10:14:27+00:00","mainEntityOfPage":{"@id":"https:\/\/perspetivaatual.pt\/index.php\/2025\/04\/24\/tiago-botelho-revela-avancos-da-uls-algarve-no-diagnostico-de-doentes-oncologicos\/"},"wordCount":3591,"commentCount":0,"publisher":{"@id":"https:\/\/perspetivaatual.pt\/#organization"},"image":{"@id":"https:\/\/perspetivaatual.pt\/index.php\/2025\/04\/24\/tiago-botelho-revela-avancos-da-uls-algarve-no-diagnostico-de-doentes-oncologicos\/#primaryimage"},"thumbnailUrl":"https:\/\/perspetivaatual.pt\/wp-content\/uploads\/2025\/04\/tiago-botelho-LoRes.png","keywords":["#abc-ri","#gasmi","#ulsalgarve"],"articleSection":["Destaques","Sa\u00fade"],"inLanguage":"pt-PT","potentialAction":[{"@type":"CommentAction","name":"Comment","target":["https:\/\/perspetivaatual.pt\/index.php\/2025\/04\/24\/tiago-botelho-revela-avancos-da-uls-algarve-no-diagnostico-de-doentes-oncologicos\/#respond"]}]},{"@type":"WebPage","@id":"https:\/\/perspetivaatual.pt\/index.php\/2025\/04\/24\/tiago-botelho-revela-avancos-da-uls-algarve-no-diagnostico-de-doentes-oncologicos\/","url":"https:\/\/perspetivaatual.pt\/index.php\/2025\/04\/24\/tiago-botelho-revela-avancos-da-uls-algarve-no-diagnostico-de-doentes-oncologicos\/","name":"Tiago Botelho revela avan\u00e7os da ULS\u00a0Algarve\u00a0no diagn\u00f3stico de doentes oncol\u00f3gicos - Perspetiva Atual","isPartOf":{"@id":"https:\/\/perspetivaatual.pt\/#website"},"primaryImageOfPage":{"@id":"https:\/\/perspetivaatual.pt\/index.php\/2025\/04\/24\/tiago-botelho-revela-avancos-da-uls-algarve-no-diagnostico-de-doentes-oncologicos\/#primaryimage"},"image":{"@id":"https:\/\/perspetivaatual.pt\/index.php\/2025\/04\/24\/tiago-botelho-revela-avancos-da-uls-algarve-no-diagnostico-de-doentes-oncologicos\/#primaryimage"},"thumbnailUrl":"https:\/\/perspetivaatual.pt\/wp-content\/uploads\/2025\/04\/tiago-botelho-LoRes.png","datePublished":"2025-04-24T07:00:00+00:00","dateModified":"2025-04-22T10:14:27+00:00","description":"A Unidade Local de Sa\u00fade (ULS) do Algarve\u00a0integra os cuidados de sa\u00fade prim\u00e1rios e hospitalares da regi\u00e3o algarvia...","breadcrumb":{"@id":"https:\/\/perspetivaatual.pt\/index.php\/2025\/04\/24\/tiago-botelho-revela-avancos-da-uls-algarve-no-diagnostico-de-doentes-oncologicos\/#breadcrumb"},"inLanguage":"pt-PT","potentialAction":[{"@type":"ReadAction","target":["https:\/\/perspetivaatual.pt\/index.php\/2025\/04\/24\/tiago-botelho-revela-avancos-da-uls-algarve-no-diagnostico-de-doentes-oncologicos\/"]}]},{"@type":"ImageObject","inLanguage":"pt-PT","@id":"https:\/\/perspetivaatual.pt\/index.php\/2025\/04\/24\/tiago-botelho-revela-avancos-da-uls-algarve-no-diagnostico-de-doentes-oncologicos\/#primaryimage","url":"https:\/\/perspetivaatual.pt\/wp-content\/uploads\/2025\/04\/tiago-botelho-LoRes.png","contentUrl":"https:\/\/perspetivaatual.pt\/wp-content\/uploads\/2025\/04\/tiago-botelho-LoRes.png","width":410,"height":500},{"@type":"BreadcrumbList","@id":"https:\/\/perspetivaatual.pt\/index.php\/2025\/04\/24\/tiago-botelho-revela-avancos-da-uls-algarve-no-diagnostico-de-doentes-oncologicos\/#breadcrumb","itemListElement":[{"@type":"ListItem","position":1,"name":"Home","item":"https:\/\/perspetivaatual.pt\/"},{"@type":"ListItem","position":2,"name":"Tiago Botelho revela avan\u00e7os da ULS\u00a0Algarve\u00a0no diagn\u00f3stico de doentes oncol\u00f3gicos"}]},{"@type":"WebSite","@id":"https:\/\/perspetivaatual.pt\/#website","url":"https:\/\/perspetivaatual.pt\/","name":"Perspetiva Atual","description":"Olhar Portugal, de diferentes formas","publisher":{"@id":"https:\/\/perspetivaatual.pt\/#organization"},"potentialAction":[{"@type":"SearchAction","target":{"@type":"EntryPoint","urlTemplate":"https:\/\/perspetivaatual.pt\/?s={search_term_string}"},"query-input":{"@type":"PropertyValueSpecification","valueRequired":true,"valueName":"search_term_string"}}],"inLanguage":"pt-PT"},{"@type":"Organization","@id":"https:\/\/perspetivaatual.pt\/#organization","name":"Perspetiva Atual","url":"https:\/\/perspetivaatual.pt\/","logo":{"@type":"ImageObject","inLanguage":"pt-PT","@id":"https:\/\/perspetivaatual.pt\/#\/schema\/logo\/image\/","url":"https:\/\/perspetivaatual.pt\/wp-content\/uploads\/2020\/08\/cropped-perspetiva_atual-.png","contentUrl":"https:\/\/perspetivaatual.pt\/wp-content\/uploads\/2020\/08\/cropped-perspetiva_atual-.png","width":618,"height":202,"caption":"Perspetiva Atual"},"image":{"@id":"https:\/\/perspetivaatual.pt\/#\/schema\/logo\/image\/"}},{"@type":"Person","@id":"https:\/\/perspetivaatual.pt\/#\/schema\/person\/c90e8e11129f189f1b7588bf2888f8b5","name":"Vitoria Girao","image":{"@type":"ImageObject","inLanguage":"pt-PT","@id":"https:\/\/perspetivaatual.pt\/#\/schema\/person\/image\/","url":"https:\/\/secure.gravatar.com\/avatar\/7a4a232c077ec4326004bec18e9d4616?s=96&d=mm&r=g","contentUrl":"https:\/\/secure.gravatar.com\/avatar\/7a4a232c077ec4326004bec18e9d4616?s=96&d=mm&r=g","caption":"Vitoria Girao"},"url":"https:\/\/perspetivaatual.pt\/index.php\/author\/vitoria-girao\/"}]}},"featured_image_urls":{"full":["https:\/\/perspetivaatual.pt\/wp-content\/uploads\/2025\/04\/tiago-botelho-LoRes.png",410,500,false],"thumbnail":["https:\/\/perspetivaatual.pt\/wp-content\/uploads\/2025\/04\/tiago-botelho-LoRes-150x150.png",150,150,true],"medium":["https:\/\/perspetivaatual.pt\/wp-content\/uploads\/2025\/04\/tiago-botelho-LoRes-246x300.png",246,300,true],"medium_large":["https:\/\/perspetivaatual.pt\/wp-content\/uploads\/2025\/04\/tiago-botelho-LoRes.png",410,500,false],"large":["https:\/\/perspetivaatual.pt\/wp-content\/uploads\/2025\/04\/tiago-botelho-LoRes.png",410,500,false],"1536x1536":["https:\/\/perspetivaatual.pt\/wp-content\/uploads\/2025\/04\/tiago-botelho-LoRes.png",410,500,false],"2048x2048":["https:\/\/perspetivaatual.pt\/wp-content\/uploads\/2025\/04\/tiago-botelho-LoRes.png",410,500,false],"magazine-7-slider-full":["https:\/\/perspetivaatual.pt\/wp-content\/uploads\/2025\/04\/tiago-botelho-LoRes.png",410,500,false],"magazine-7-slider-center":["https:\/\/perspetivaatual.pt\/wp-content\/uploads\/2025\/04\/tiago-botelho-LoRes.png",410,500,false],"magazine-7-featured":["https:\/\/perspetivaatual.pt\/wp-content\/uploads\/2025\/04\/tiago-botelho-LoRes.png",410,500,false],"magazine-7-medium":["https:\/\/perspetivaatual.pt\/wp-content\/uploads\/2025\/04\/tiago-botelho-LoRes-410x380.png",410,380,true],"magazine-7-medium-square":["https:\/\/perspetivaatual.pt\/wp-content\/uploads\/2025\/04\/tiago-botelho-LoRes-410x450.png",410,450,true],"rpwe-thumbnail":["https:\/\/perspetivaatual.pt\/wp-content\/uploads\/2025\/04\/tiago-botelho-LoRes-45x45.png",45,45,true]},"author_info":{"info":[false]},"category_info":"<a href=\"https:\/\/perspetivaatual.pt\/index.php\/category\/destaques\/\" rel=\"category tag\">Destaques<\/a> <a href=\"https:\/\/perspetivaatual.pt\/index.php\/category\/saude\/\" rel=\"category tag\">Sa\u00fade<\/a>","tag_info":"Sa\u00fade","comment_count":"0","_links":{"self":[{"href":"https:\/\/perspetivaatual.pt\/index.php\/wp-json\/wp\/v2\/posts\/4572","targetHints":{"allow":["GET"]}}],"collection":[{"href":"https:\/\/perspetivaatual.pt\/index.php\/wp-json\/wp\/v2\/posts"}],"about":[{"href":"https:\/\/perspetivaatual.pt\/index.php\/wp-json\/wp\/v2\/types\/post"}],"author":[{"embeddable":true,"href":"https:\/\/perspetivaatual.pt\/index.php\/wp-json\/wp\/v2\/users\/11"}],"replies":[{"embeddable":true,"href":"https:\/\/perspetivaatual.pt\/index.php\/wp-json\/wp\/v2\/comments?post=4572"}],"version-history":[{"count":0,"href":"https:\/\/perspetivaatual.pt\/index.php\/wp-json\/wp\/v2\/posts\/4572\/revisions"}],"wp:featuredmedia":[{"embeddable":true,"href":"https:\/\/perspetivaatual.pt\/index.php\/wp-json\/wp\/v2\/media\/4574"}],"wp:attachment":[{"href":"https:\/\/perspetivaatual.pt\/index.php\/wp-json\/wp\/v2\/media?parent=4572"}],"wp:term":[{"taxonomy":"category","embeddable":true,"href":"https:\/\/perspetivaatual.pt\/index.php\/wp-json\/wp\/v2\/categories?post=4572"},{"taxonomy":"post_tag","embeddable":true,"href":"https:\/\/perspetivaatual.pt\/index.php\/wp-json\/wp\/v2\/tags?post=4572"}],"curies":[{"name":"wp","href":"https:\/\/api.w.org\/{rel}","templated":true}]}}