{"id":4607,"date":"2025-04-24T07:00:00","date_gmt":"2025-04-24T07:00:00","guid":{"rendered":"https:\/\/perspetivaatual.pt\/?p=4607"},"modified":"2025-04-22T09:04:40","modified_gmt":"2025-04-22T09:04:40","slug":"excelencia-clinica-e-cientifica","status":"publish","type":"post","link":"https:\/\/perspetivaatual.pt\/index.php\/2025\/04\/24\/excelencia-clinica-e-cientifica\/","title":{"rendered":"Excel\u00eancia cl\u00ednica e cient\u00edfica"},"content":{"rendered":"\n<p><strong>O Servi\u00e7o de Cirurgia Pl\u00e1stica e Reconstrutiva celebrou recentemente 40 anos de exist\u00eancia, sendo uma refer\u00eancia nacional ao n\u00edvel da\u00a0atividade assistencial, formativa e cient\u00edfica.\u00a0<\/strong><\/p>\n\n\n\n<p>A otimiza\u00e7\u00e3o de gest\u00e3o&nbsp;Servi\u00e7o de Cirurgia Pl\u00e1stica e Reconstrutiva do Centro Hospitalar Universit\u00e1rio S\u00e3o Jo\u00e3o (CHUSJ) nos \u00faltimos anos&nbsp;permitiu elevada capacidade de resposta, traduzida num crescimento significativo do n\u00famero de consultas e cirurgias, % de cirurgias, consultas dentro dos Tempos m\u00e1ximos de resposta garantidos (TMRG &#8211; acima de 95%), aumento da taxa de ambulatoriza\u00e7\u00e3o e redu\u00e7\u00e3o da mediana de espera para cirurgia, apesar do acr\u00e9scimo massivo de referencia\u00e7\u00e3o interna e externa.&nbsp;No servi\u00e7o de Cirurgia Pl\u00e1stica, Reconstrutiva e Unidade de Queimados (UQ),&nbsp;registou-se o maior n\u00famero de admiss\u00f5es desde a sua forma\u00e7\u00e3o, com diminui\u00e7\u00e3o importante do tempo m\u00e9dio de internamento em ambos os setores.<\/p>\n\n\n\n<p>Com aposta forte na forma\u00e7\u00e3o, foi premiado (comunica\u00e7\u00f5es livres e posters)&nbsp;em tr\u00eas anos consecutivos&nbsp;(2021-2024)&nbsp;em congressos nacionais\/internacionais dentro de cerca de 20 estudos desenvolvidos. Um desses trabalhos foi um estudo pioneiro ao n\u00edvel da engenharia tecidular, que lhe valeram o pr\u00e9mio de melhor comunica\u00e7\u00e3o livre em congresso nacional e subsequente representa\u00e7\u00e3o nacional em congresso europeu. Teve ainda trabalho premiado na \u00e1rea de tratamento de feridas, realizado pela equipa de enfermagem, na Gala dos 25 anos do congresso APT feridas.<\/p>\n\n\n\n<p>Face \u00e0 qualidade formativa, os internos que realizaram exame de final de internato foram pelo&nbsp;4\u00ba ano consecutivo&nbsp;os melhores classificados a n\u00edvel nacional (2021-2024).<\/p>\n\n\n\n<p>O Servi\u00e7o foi ainda escolhido para realiza\u00e7\u00e3o de est\u00e1gios&nbsp;<em>\/ fellowships<\/em>&nbsp;de internos da especialidade internacionais nos \u00faltimos anos.<\/p>\n\n\n\n<p>No \u00e2mbito da forma\u00e7\u00e3o p\u00f3s-graduada, o servi\u00e7o ap\u00f3s organizar o ABC pele &#8211; II Jornadas dos Internos do CHUSJ, organizou o 2\u00ba m\u00f3dulo da forma\u00e7\u00e3o p\u00f3s-graduada em cirurgia mam\u00e1ria (reconstru\u00e7\u00e3o mam\u00e1ria) e Primeira Edi\u00e7\u00e3o do&nbsp;Curso&nbsp;de Inicia\u00e7\u00e3o&nbsp; \u00e0 Reconstru\u00e7\u00e3o 3D da&nbsp;Ar\u00e9ola&nbsp;e Mamilo, preparando-se para organizar um evento internacional em cirurgia reconstrutiva mam\u00e1ria. Ainda dentro desta colabora\u00e7\u00e3o, o servi\u00e7o de CPRE esteve associado \u00e0 organiza\u00e7\u00e3o da primeira mastectomia e reconstru\u00e7\u00e3o mam\u00e1ria&nbsp;bilateral imediata rob\u00f3tica e endosc\u00f3pica (nesta \u00faltima tendo sido j\u00e1 realizados v\u00e1rios procedimentos).<\/p>\n\n\n\n<p>A atividade cient\u00edfica encontra-se tamb\u00e9m plasmada em v\u00e1rias publica\u00e7\u00f5es cient\u00edficas de relevo e fator de impacto indexadas na&nbsp;<em>Pubmed\/ Medline<\/em>,&nbsp;nomeadamente em&nbsp;revistas de elevado fator de impacto, entre muitas outras de relevo da&nbsp;especialidade, resultantes de investiga\u00e7\u00e3o no servi\u00e7o\/FMUP, parcerias com outros institutos da Universidade do Porto (i3s), departamentos da FMUP (Farmacologia e Terap\u00eautica) ou outras universidades (Universidade do Minho- 3Bs).&nbsp;<\/p>\n\n\n\n<p>Atualmente tem v\u00e1rios trabalhos em curso, nomeadamente na \u00e1rea da reconstru\u00e7\u00e3o auricular com <em>bioprint<\/em>&nbsp;3D combinada com reconstru\u00e7\u00e3o aut\u00f3loga, na \u00e1rea da engenharia de tecidos com base no potencial de c\u00e9lulas estaminais do tecido adiposo em conjunto com 3Bs, potencial de criopreserva\u00e7\u00e3o&nbsp;como alternativa \u00e0s c\u00e9lulas&nbsp;do cord\u00e3o umbilical em conjunto com Bebe vida, no desenvolvimento de um&nbsp;<em>infinitebook<\/em>&nbsp;para cirurgia pl\u00e1stica (livro reutiliz\u00e1vel, ecol\u00f3gico, contendo ilustra\u00e7\u00f5es de procedimentos mais frequentemente realizados quer cirurgias est\u00e9ticas quer reconstrutivas- reconstru\u00e7\u00e3o&nbsp;mam\u00e1ria), malforma\u00e7\u00f5es vasculares complexas, reconstru\u00e7\u00e3o maxilar complexa em doentes com hist\u00f3ria de sarcoma e Noma,&nbsp; <em>Reskin &#8211; reuse of an acellular rabbit dermal matrix as a bio-substitute of human skin-<\/em>&nbsp;Vencedor da Bolsa de Investiga\u00e7\u00e3o em Inova\u00e7\u00e3o Tecnol\u00f3gica, Mobilidade e Ind\u00fastria dos Pr\u00e9mios Alfredo da Silva em parceria com a&nbsp;Escola Superior de Biotecnologia da Universidade Cat\u00f3lica Portuguesa do Porto,&nbsp; estudo comparativo de 3 tipos de pensos para \u00e1reas dadoras de enxertos,&nbsp;&nbsp;<em>Benefits of the use of platelet rich plasma\/plasma gel on the treatment of chronic wounds e<\/em>&nbsp;estudo do efeito de fatores psicopatol\u00f3gicos e\/ou biol\u00f3gicos sobre a elegibilidade de doentes candidatos a cirurgia pl\u00e1stica de contorno corporal ap\u00f3s cirurgia metab\u00f3lica (bari\u00e1trica), entre outros nomeadamente estudos de preserva\u00e7\u00e3o da f\u00e1scia de Scarpa na abdominoplastia e sobre acido tranex\u00e2mico em cirurgias de contorno corporal e cirurgia mam\u00e1ria.<\/p>\n\n\n\n<p>A colabora\u00e7\u00e3o de v\u00e1rios grupos profissionais permitiu a introdu\u00e7\u00e3o de 2 novas modalidades terap\u00eauticas para tratamento de feridas no CHUSJ: oxigenoterapia t\u00f3pica e tratamento com plasma rico em plaquetas\/plasma gel que ser\u00e3o mais-valias para os utentes, acelerando a recupera\u00e7\u00e3o\/cicatriza\u00e7\u00e3o de feridas complexas.&nbsp;<\/p>\n\n\n\n<p>No seguimento do refor\u00e7o anual dos recursos humanos, deu in\u00edcio&nbsp;a equipas de SU com 3 elementos e com reorganiza\u00e7\u00e3o efetuada com a especialidade de Cirurgia Maxilofacial por \u00e1reas&nbsp;geogr\u00e1ficas e patologias, ficou respons\u00e1vel pelo trauma da face nas 24h.<\/p>\n\n\n\n<p>O servi\u00e7o conta atualmente com 27 m\u00e9dicos (12 especialistas de cirurgia pl\u00e1stica, 8 internos, 7 intensivistas da Unidade queimados), 55 elementos de enfermagem, 18 assistentes operacionais e 2 assistentes t\u00e9cnicos, perfazendo 105 profissionais.<\/p>\n\n\n\n<p>Iniciou recentemente participa\u00e7\u00e3o em tr\u00eas novas reuni\u00f5es multidisciplinares: reuni\u00e3o de grupo de Plexos Braquiais, patologia p\u00e9lvica complexa e PAI GENTURIS (pessoas com diagn\u00f3stico, suspeita ou em risco de S\u00edndrome Heredit\u00e1ria de Predisposi\u00e7\u00e3o para Cancro). Desta forma, passa a integrar no total 10 reuni\u00f5es de grupo, incluindo al\u00e9m das referidas, a reuni\u00e3o de grupo de oncologia mam\u00e1ria, oncologia cut\u00e2nea, reuni\u00e3o oncol\u00f3gica de cabe\u00e7a e pesco\u00e7o, malforma\u00e7\u00f5es vasculares, hidrosadenites, reconstru\u00e7\u00e3o abdominal complexa e grupo de feridas.<em><\/em><\/p>\n\n\n\n<p>Encetaram-se e refor\u00e7aram-se elos de multidisciplinariedade com outras especialidades (ORL, Estomatologia, Cirurgia Geral, Neurocirurgia, Ortopedia, Cirurgia Tor\u00e1cica, Neurocirurgia, Ginecologia, etc.). O pioneirismo cir\u00fargico e atividade cl\u00ednica de excel\u00eancia foram distinguidas em grandes reportagens televisivas, jornais e revistas, nomeadamente sobre reconstru\u00e7\u00e3o facial e corporal em doentes desfigurados, tratamento de doentes na Unidade de Queimados, assim como relativamente&nbsp;a trabalhos desenvolvidos em articula\u00e7\u00e3o com a FMUP (contorno corporal e tratamento cir\u00fargico da enxaqueca).&nbsp;Realizou um tratamento pioneiro em Portugal para o tratamento do linfedema do membro superior onde foi utilizada uma <em>scaffold<\/em>&nbsp;de Matriz de Colag\u00e9nio reabsorv\u00edvel- fios finos (0.3 a 0.5mm), promovendo a drenagem intersticial e orientando com precis\u00e3o o processo de regenera\u00e7\u00e3o natural do sistema linf\u00e1tico designado por linfangiog\u00eanese direta coaptada aos g\u00e2nglios linf\u00e1ticos supraclaviculares homolaterais.<\/p>\n\n\n\n<p>De acordo com Ricardo Horta, diretor do Servi\u00e7o, \u201co servi\u00e7o de Cirurgia Pl\u00e1stica, Reconstrutiva e Unidade de Queimados \u00e9 atualmente um departamento produtivo e eficiente, com capacidade de resposta em todas as \u00e1reas da especialidade, inovador, pioneiro e com atividade paralela docente e de investiga\u00e7\u00e3o em articula\u00e7\u00e3o com a FMUP, fruto do trabalho de todos os seus profissionais (m\u00e9dicos, enfermeiros, auxiliares e elementos do secretariado), do esfor\u00e7o que t\u00eam feito para afirmar o servi\u00e7o como l\u00edder e farol nacional da especialidade, dignificando a institui\u00e7\u00e3o (CHUSJ)&#8221;.<\/p>\n","protected":false},"excerpt":{"rendered":"<p>O Servi\u00e7o de Cirurgia Pl\u00e1stica e Reconstrutiva celebrou recentemente 40 anos de exist\u00eancia, sendo uma<\/p>\n","protected":false},"author":11,"featured_media":4608,"comment_status":"open","ping_status":"open","sticky":false,"template":"","format":"standard","meta":{"footnotes":""},"categories":[4],"tags":[726,727],"class_list":["post-4607","post","type-post","status-publish","format-standard","has-post-thumbnail","hentry","category-saude","tag-cirurgiaplasticaereconstrutiva","tag-servico-de-cirurgia-plastica-e-reconstrutiva-do-centro-hospitalar-universitario-sao-joao-chusj"],"yoast_head":"<!-- This site is optimized with the Yoast SEO plugin v24.2 - https:\/\/yoast.com\/wordpress\/plugins\/seo\/ -->\n<title>Excel\u00eancia cl\u00ednica e cient\u00edfica - Perspetiva Atual<\/title>\n<meta name=\"description\" content=\"O Servi\u00e7o de Cirurgia Pl\u00e1stica e Reconstrutiva celebrou recentemente 40 anos de exist\u00eancia, sendo uma refer\u00eancia nacional ao n\u00edvel...\" \/>\n<meta name=\"robots\" content=\"index, follow, max-snippet:-1, max-image-preview:large, max-video-preview:-1\" \/>\n<link rel=\"canonical\" href=\"https:\/\/perspetivaatual.pt\/index.php\/2025\/04\/24\/excelencia-clinica-e-cientifica\/\" \/>\n<meta property=\"og:locale\" content=\"pt_PT\" \/>\n<meta property=\"og:type\" content=\"article\" \/>\n<meta property=\"og:title\" content=\"Excel\u00eancia cl\u00ednica e cient\u00edfica - Perspetiva Atual\" \/>\n<meta property=\"og:description\" content=\"O Servi\u00e7o de Cirurgia Pl\u00e1stica e Reconstrutiva celebrou recentemente 40 anos de exist\u00eancia, sendo uma refer\u00eancia nacional ao n\u00edvel...\" \/>\n<meta property=\"og:url\" content=\"https:\/\/perspetivaatual.pt\/index.php\/2025\/04\/24\/excelencia-clinica-e-cientifica\/\" \/>\n<meta property=\"og:site_name\" content=\"Perspetiva Atual\" \/>\n<meta property=\"article:published_time\" content=\"2025-04-24T07:00:00+00:00\" \/>\n<meta property=\"article:modified_time\" content=\"2025-04-22T09:04:40+00:00\" \/>\n<meta property=\"og:image\" content=\"https:\/\/perspetivaatual.pt\/wp-content\/uploads\/2025\/04\/419ac489-8e8b-4891-bd6e-6405ee4bcc7b.jpeg\" \/>\n\t<meta property=\"og:image:width\" content=\"998\" \/>\n\t<meta property=\"og:image:height\" content=\"1299\" \/>\n\t<meta property=\"og:image:type\" content=\"image\/jpeg\" \/>\n<meta name=\"author\" content=\"Vitoria Girao\" \/>\n<meta name=\"twitter:card\" content=\"summary_large_image\" \/>\n<meta name=\"twitter:label1\" content=\"Escrito por\" \/>\n\t<meta name=\"twitter:data1\" content=\"\" \/>\n\t<meta name=\"twitter:label2\" content=\"Tempo estimado de leitura\" \/>\n\t<meta name=\"twitter:data2\" content=\"6 minutos\" \/>\n<script type=\"application\/ld+json\" class=\"yoast-schema-graph\">{\"@context\":\"https:\/\/schema.org\",\"@graph\":[{\"@type\":\"Article\",\"@id\":\"https:\/\/perspetivaatual.pt\/index.php\/2025\/04\/24\/excelencia-clinica-e-cientifica\/#article\",\"isPartOf\":{\"@id\":\"https:\/\/perspetivaatual.pt\/index.php\/2025\/04\/24\/excelencia-clinica-e-cientifica\/\"},\"author\":{\"name\":\"Vitoria Girao\",\"@id\":\"https:\/\/perspetivaatual.pt\/#\/schema\/person\/c90e8e11129f189f1b7588bf2888f8b5\"},\"headline\":\"Excel\u00eancia cl\u00ednica e cient\u00edfica\",\"datePublished\":\"2025-04-24T07:00:00+00:00\",\"dateModified\":\"2025-04-22T09:04:40+00:00\",\"mainEntityOfPage\":{\"@id\":\"https:\/\/perspetivaatual.pt\/index.php\/2025\/04\/24\/excelencia-clinica-e-cientifica\/\"},\"wordCount\":1214,\"commentCount\":0,\"publisher\":{\"@id\":\"https:\/\/perspetivaatual.pt\/#organization\"},\"image\":{\"@id\":\"https:\/\/perspetivaatual.pt\/index.php\/2025\/04\/24\/excelencia-clinica-e-cientifica\/#primaryimage\"},\"thumbnailUrl\":\"https:\/\/perspetivaatual.pt\/wp-content\/uploads\/2025\/04\/419ac489-8e8b-4891-bd6e-6405ee4bcc7b.jpeg\",\"keywords\":[\"#cirurgiapl\u00e1sticaereconstrutiva\",\"#Servi\u00e7o de Cirurgia Pl\u00e1stica e Reconstrutiva do Centro Hospitalar Universit\u00e1rio S\u00e3o Jo\u00e3o (CHUSJ)\"],\"articleSection\":[\"Sa\u00fade\"],\"inLanguage\":\"pt-PT\",\"potentialAction\":[{\"@type\":\"CommentAction\",\"name\":\"Comment\",\"target\":[\"https:\/\/perspetivaatual.pt\/index.php\/2025\/04\/24\/excelencia-clinica-e-cientifica\/#respond\"]}]},{\"@type\":\"WebPage\",\"@id\":\"https:\/\/perspetivaatual.pt\/index.php\/2025\/04\/24\/excelencia-clinica-e-cientifica\/\",\"url\":\"https:\/\/perspetivaatual.pt\/index.php\/2025\/04\/24\/excelencia-clinica-e-cientifica\/\",\"name\":\"Excel\u00eancia cl\u00ednica e cient\u00edfica - Perspetiva Atual\",\"isPartOf\":{\"@id\":\"https:\/\/perspetivaatual.pt\/#website\"},\"primaryImageOfPage\":{\"@id\":\"https:\/\/perspetivaatual.pt\/index.php\/2025\/04\/24\/excelencia-clinica-e-cientifica\/#primaryimage\"},\"image\":{\"@id\":\"https:\/\/perspetivaatual.pt\/index.php\/2025\/04\/24\/excelencia-clinica-e-cientifica\/#primaryimage\"},\"thumbnailUrl\":\"https:\/\/perspetivaatual.pt\/wp-content\/uploads\/2025\/04\/419ac489-8e8b-4891-bd6e-6405ee4bcc7b.jpeg\",\"datePublished\":\"2025-04-24T07:00:00+00:00\",\"dateModified\":\"2025-04-22T09:04:40+00:00\",\"description\":\"O Servi\u00e7o de Cirurgia Pl\u00e1stica e Reconstrutiva celebrou recentemente 40 anos de exist\u00eancia, sendo uma refer\u00eancia nacional ao n\u00edvel...\",\"breadcrumb\":{\"@id\":\"https:\/\/perspetivaatual.pt\/index.php\/2025\/04\/24\/excelencia-clinica-e-cientifica\/#breadcrumb\"},\"inLanguage\":\"pt-PT\",\"potentialAction\":[{\"@type\":\"ReadAction\",\"target\":[\"https:\/\/perspetivaatual.pt\/index.php\/2025\/04\/24\/excelencia-clinica-e-cientifica\/\"]}]},{\"@type\":\"ImageObject\",\"inLanguage\":\"pt-PT\",\"@id\":\"https:\/\/perspetivaatual.pt\/index.php\/2025\/04\/24\/excelencia-clinica-e-cientifica\/#primaryimage\",\"url\":\"https:\/\/perspetivaatual.pt\/wp-content\/uploads\/2025\/04\/419ac489-8e8b-4891-bd6e-6405ee4bcc7b.jpeg\",\"contentUrl\":\"https:\/\/perspetivaatual.pt\/wp-content\/uploads\/2025\/04\/419ac489-8e8b-4891-bd6e-6405ee4bcc7b.jpeg\",\"width\":998,\"height\":1299},{\"@type\":\"BreadcrumbList\",\"@id\":\"https:\/\/perspetivaatual.pt\/index.php\/2025\/04\/24\/excelencia-clinica-e-cientifica\/#breadcrumb\",\"itemListElement\":[{\"@type\":\"ListItem\",\"position\":1,\"name\":\"Home\",\"item\":\"https:\/\/perspetivaatual.pt\/\"},{\"@type\":\"ListItem\",\"position\":2,\"name\":\"Excel\u00eancia cl\u00ednica e cient\u00edfica\"}]},{\"@type\":\"WebSite\",\"@id\":\"https:\/\/perspetivaatual.pt\/#website\",\"url\":\"https:\/\/perspetivaatual.pt\/\",\"name\":\"Perspetiva Atual\",\"description\":\"Olhar Portugal, de diferentes formas\",\"publisher\":{\"@id\":\"https:\/\/perspetivaatual.pt\/#organization\"},\"potentialAction\":[{\"@type\":\"SearchAction\",\"target\":{\"@type\":\"EntryPoint\",\"urlTemplate\":\"https:\/\/perspetivaatual.pt\/?s={search_term_string}\"},\"query-input\":{\"@type\":\"PropertyValueSpecification\",\"valueRequired\":true,\"valueName\":\"search_term_string\"}}],\"inLanguage\":\"pt-PT\"},{\"@type\":\"Organization\",\"@id\":\"https:\/\/perspetivaatual.pt\/#organization\",\"name\":\"Perspetiva Atual\",\"url\":\"https:\/\/perspetivaatual.pt\/\",\"logo\":{\"@type\":\"ImageObject\",\"inLanguage\":\"pt-PT\",\"@id\":\"https:\/\/perspetivaatual.pt\/#\/schema\/logo\/image\/\",\"url\":\"https:\/\/perspetivaatual.pt\/wp-content\/uploads\/2020\/08\/cropped-perspetiva_atual-.png\",\"contentUrl\":\"https:\/\/perspetivaatual.pt\/wp-content\/uploads\/2020\/08\/cropped-perspetiva_atual-.png\",\"width\":618,\"height\":202,\"caption\":\"Perspetiva Atual\"},\"image\":{\"@id\":\"https:\/\/perspetivaatual.pt\/#\/schema\/logo\/image\/\"}},{\"@type\":\"Person\",\"@id\":\"https:\/\/perspetivaatual.pt\/#\/schema\/person\/c90e8e11129f189f1b7588bf2888f8b5\",\"name\":\"Vitoria Girao\",\"image\":{\"@type\":\"ImageObject\",\"inLanguage\":\"pt-PT\",\"@id\":\"https:\/\/perspetivaatual.pt\/#\/schema\/person\/image\/\",\"url\":\"https:\/\/secure.gravatar.com\/avatar\/7a4a232c077ec4326004bec18e9d4616?s=96&d=mm&r=g\",\"contentUrl\":\"https:\/\/secure.gravatar.com\/avatar\/7a4a232c077ec4326004bec18e9d4616?s=96&d=mm&r=g\",\"caption\":\"Vitoria Girao\"},\"url\":\"https:\/\/perspetivaatual.pt\/index.php\/author\/vitoria-girao\/\"}]}<\/script>\n<!-- \/ Yoast SEO plugin. -->","yoast_head_json":{"title":"Excel\u00eancia cl\u00ednica e cient\u00edfica - Perspetiva Atual","description":"O Servi\u00e7o de Cirurgia Pl\u00e1stica e Reconstrutiva celebrou recentemente 40 anos de exist\u00eancia, sendo uma refer\u00eancia nacional ao n\u00edvel...","robots":{"index":"index","follow":"follow","max-snippet":"max-snippet:-1","max-image-preview":"max-image-preview:large","max-video-preview":"max-video-preview:-1"},"canonical":"https:\/\/perspetivaatual.pt\/index.php\/2025\/04\/24\/excelencia-clinica-e-cientifica\/","og_locale":"pt_PT","og_type":"article","og_title":"Excel\u00eancia cl\u00ednica e cient\u00edfica - Perspetiva Atual","og_description":"O Servi\u00e7o de Cirurgia Pl\u00e1stica e Reconstrutiva celebrou recentemente 40 anos de exist\u00eancia, sendo uma refer\u00eancia nacional ao n\u00edvel...","og_url":"https:\/\/perspetivaatual.pt\/index.php\/2025\/04\/24\/excelencia-clinica-e-cientifica\/","og_site_name":"Perspetiva Atual","article_published_time":"2025-04-24T07:00:00+00:00","article_modified_time":"2025-04-22T09:04:40+00:00","og_image":[{"width":998,"height":1299,"url":"https:\/\/perspetivaatual.pt\/wp-content\/uploads\/2025\/04\/419ac489-8e8b-4891-bd6e-6405ee4bcc7b.jpeg","type":"image\/jpeg"}],"author":"Vitoria Girao","twitter_card":"summary_large_image","twitter_misc":{"Escrito por":false,"Tempo estimado de leitura":"6 minutos"},"schema":{"@context":"https:\/\/schema.org","@graph":[{"@type":"Article","@id":"https:\/\/perspetivaatual.pt\/index.php\/2025\/04\/24\/excelencia-clinica-e-cientifica\/#article","isPartOf":{"@id":"https:\/\/perspetivaatual.pt\/index.php\/2025\/04\/24\/excelencia-clinica-e-cientifica\/"},"author":{"name":"Vitoria Girao","@id":"https:\/\/perspetivaatual.pt\/#\/schema\/person\/c90e8e11129f189f1b7588bf2888f8b5"},"headline":"Excel\u00eancia cl\u00ednica e cient\u00edfica","datePublished":"2025-04-24T07:00:00+00:00","dateModified":"2025-04-22T09:04:40+00:00","mainEntityOfPage":{"@id":"https:\/\/perspetivaatual.pt\/index.php\/2025\/04\/24\/excelencia-clinica-e-cientifica\/"},"wordCount":1214,"commentCount":0,"publisher":{"@id":"https:\/\/perspetivaatual.pt\/#organization"},"image":{"@id":"https:\/\/perspetivaatual.pt\/index.php\/2025\/04\/24\/excelencia-clinica-e-cientifica\/#primaryimage"},"thumbnailUrl":"https:\/\/perspetivaatual.pt\/wp-content\/uploads\/2025\/04\/419ac489-8e8b-4891-bd6e-6405ee4bcc7b.jpeg","keywords":["#cirurgiapl\u00e1sticaereconstrutiva","#Servi\u00e7o de Cirurgia Pl\u00e1stica e Reconstrutiva do Centro Hospitalar Universit\u00e1rio S\u00e3o Jo\u00e3o (CHUSJ)"],"articleSection":["Sa\u00fade"],"inLanguage":"pt-PT","potentialAction":[{"@type":"CommentAction","name":"Comment","target":["https:\/\/perspetivaatual.pt\/index.php\/2025\/04\/24\/excelencia-clinica-e-cientifica\/#respond"]}]},{"@type":"WebPage","@id":"https:\/\/perspetivaatual.pt\/index.php\/2025\/04\/24\/excelencia-clinica-e-cientifica\/","url":"https:\/\/perspetivaatual.pt\/index.php\/2025\/04\/24\/excelencia-clinica-e-cientifica\/","name":"Excel\u00eancia cl\u00ednica e cient\u00edfica - Perspetiva Atual","isPartOf":{"@id":"https:\/\/perspetivaatual.pt\/#website"},"primaryImageOfPage":{"@id":"https:\/\/perspetivaatual.pt\/index.php\/2025\/04\/24\/excelencia-clinica-e-cientifica\/#primaryimage"},"image":{"@id":"https:\/\/perspetivaatual.pt\/index.php\/2025\/04\/24\/excelencia-clinica-e-cientifica\/#primaryimage"},"thumbnailUrl":"https:\/\/perspetivaatual.pt\/wp-content\/uploads\/2025\/04\/419ac489-8e8b-4891-bd6e-6405ee4bcc7b.jpeg","datePublished":"2025-04-24T07:00:00+00:00","dateModified":"2025-04-22T09:04:40+00:00","description":"O Servi\u00e7o de Cirurgia Pl\u00e1stica e Reconstrutiva celebrou recentemente 40 anos de exist\u00eancia, sendo uma refer\u00eancia nacional ao n\u00edvel...","breadcrumb":{"@id":"https:\/\/perspetivaatual.pt\/index.php\/2025\/04\/24\/excelencia-clinica-e-cientifica\/#breadcrumb"},"inLanguage":"pt-PT","potentialAction":[{"@type":"ReadAction","target":["https:\/\/perspetivaatual.pt\/index.php\/2025\/04\/24\/excelencia-clinica-e-cientifica\/"]}]},{"@type":"ImageObject","inLanguage":"pt-PT","@id":"https:\/\/perspetivaatual.pt\/index.php\/2025\/04\/24\/excelencia-clinica-e-cientifica\/#primaryimage","url":"https:\/\/perspetivaatual.pt\/wp-content\/uploads\/2025\/04\/419ac489-8e8b-4891-bd6e-6405ee4bcc7b.jpeg","contentUrl":"https:\/\/perspetivaatual.pt\/wp-content\/uploads\/2025\/04\/419ac489-8e8b-4891-bd6e-6405ee4bcc7b.jpeg","width":998,"height":1299},{"@type":"BreadcrumbList","@id":"https:\/\/perspetivaatual.pt\/index.php\/2025\/04\/24\/excelencia-clinica-e-cientifica\/#breadcrumb","itemListElement":[{"@type":"ListItem","position":1,"name":"Home","item":"https:\/\/perspetivaatual.pt\/"},{"@type":"ListItem","position":2,"name":"Excel\u00eancia cl\u00ednica e cient\u00edfica"}]},{"@type":"WebSite","@id":"https:\/\/perspetivaatual.pt\/#website","url":"https:\/\/perspetivaatual.pt\/","name":"Perspetiva Atual","description":"Olhar Portugal, de diferentes formas","publisher":{"@id":"https:\/\/perspetivaatual.pt\/#organization"},"potentialAction":[{"@type":"SearchAction","target":{"@type":"EntryPoint","urlTemplate":"https:\/\/perspetivaatual.pt\/?s={search_term_string}"},"query-input":{"@type":"PropertyValueSpecification","valueRequired":true,"valueName":"search_term_string"}}],"inLanguage":"pt-PT"},{"@type":"Organization","@id":"https:\/\/perspetivaatual.pt\/#organization","name":"Perspetiva Atual","url":"https:\/\/perspetivaatual.pt\/","logo":{"@type":"ImageObject","inLanguage":"pt-PT","@id":"https:\/\/perspetivaatual.pt\/#\/schema\/logo\/image\/","url":"https:\/\/perspetivaatual.pt\/wp-content\/uploads\/2020\/08\/cropped-perspetiva_atual-.png","contentUrl":"https:\/\/perspetivaatual.pt\/wp-content\/uploads\/2020\/08\/cropped-perspetiva_atual-.png","width":618,"height":202,"caption":"Perspetiva Atual"},"image":{"@id":"https:\/\/perspetivaatual.pt\/#\/schema\/logo\/image\/"}},{"@type":"Person","@id":"https:\/\/perspetivaatual.pt\/#\/schema\/person\/c90e8e11129f189f1b7588bf2888f8b5","name":"Vitoria Girao","image":{"@type":"ImageObject","inLanguage":"pt-PT","@id":"https:\/\/perspetivaatual.pt\/#\/schema\/person\/image\/","url":"https:\/\/secure.gravatar.com\/avatar\/7a4a232c077ec4326004bec18e9d4616?s=96&d=mm&r=g","contentUrl":"https:\/\/secure.gravatar.com\/avatar\/7a4a232c077ec4326004bec18e9d4616?s=96&d=mm&r=g","caption":"Vitoria Girao"},"url":"https:\/\/perspetivaatual.pt\/index.php\/author\/vitoria-girao\/"}]}},"featured_image_urls":{"full":["https:\/\/perspetivaatual.pt\/wp-content\/uploads\/2025\/04\/419ac489-8e8b-4891-bd6e-6405ee4bcc7b.jpeg",998,1299,false],"thumbnail":["https:\/\/perspetivaatual.pt\/wp-content\/uploads\/2025\/04\/419ac489-8e8b-4891-bd6e-6405ee4bcc7b-150x150.jpeg",150,150,true],"medium":["https:\/\/perspetivaatual.pt\/wp-content\/uploads\/2025\/04\/419ac489-8e8b-4891-bd6e-6405ee4bcc7b-230x300.jpeg",230,300,true],"medium_large":["https:\/\/perspetivaatual.pt\/wp-content\/uploads\/2025\/04\/419ac489-8e8b-4891-bd6e-6405ee4bcc7b-768x1000.jpeg",640,833,true],"large":["https:\/\/perspetivaatual.pt\/wp-content\/uploads\/2025\/04\/419ac489-8e8b-4891-bd6e-6405ee4bcc7b-787x1024.jpeg",640,833,true],"1536x1536":["https:\/\/perspetivaatual.pt\/wp-content\/uploads\/2025\/04\/419ac489-8e8b-4891-bd6e-6405ee4bcc7b.jpeg",998,1299,false],"2048x2048":["https:\/\/perspetivaatual.pt\/wp-content\/uploads\/2025\/04\/419ac489-8e8b-4891-bd6e-6405ee4bcc7b.jpeg",998,1299,false],"magazine-7-slider-full":["https:\/\/perspetivaatual.pt\/wp-content\/uploads\/2025\/04\/419ac489-8e8b-4891-bd6e-6405ee4bcc7b-998x1020.jpeg",998,1020,true],"magazine-7-slider-center":["https:\/\/perspetivaatual.pt\/wp-content\/uploads\/2025\/04\/419ac489-8e8b-4891-bd6e-6405ee4bcc7b-936x897.jpeg",936,897,true],"magazine-7-featured":["https:\/\/perspetivaatual.pt\/wp-content\/uploads\/2025\/04\/419ac489-8e8b-4891-bd6e-6405ee4bcc7b.jpeg",998,1299,false],"magazine-7-medium":["https:\/\/perspetivaatual.pt\/wp-content\/uploads\/2025\/04\/419ac489-8e8b-4891-bd6e-6405ee4bcc7b-720x380.jpeg",720,380,true],"magazine-7-medium-square":["https:\/\/perspetivaatual.pt\/wp-content\/uploads\/2025\/04\/419ac489-8e8b-4891-bd6e-6405ee4bcc7b-675x450.jpeg",675,450,true],"rpwe-thumbnail":["https:\/\/perspetivaatual.pt\/wp-content\/uploads\/2025\/04\/419ac489-8e8b-4891-bd6e-6405ee4bcc7b-45x45.jpeg",45,45,true]},"author_info":{"info":[false]},"category_info":"<a href=\"https:\/\/perspetivaatual.pt\/index.php\/category\/saude\/\" rel=\"category tag\">Sa\u00fade<\/a>","tag_info":"Sa\u00fade","comment_count":"0","_links":{"self":[{"href":"https:\/\/perspetivaatual.pt\/index.php\/wp-json\/wp\/v2\/posts\/4607","targetHints":{"allow":["GET"]}}],"collection":[{"href":"https:\/\/perspetivaatual.pt\/index.php\/wp-json\/wp\/v2\/posts"}],"about":[{"href":"https:\/\/perspetivaatual.pt\/index.php\/wp-json\/wp\/v2\/types\/post"}],"author":[{"embeddable":true,"href":"https:\/\/perspetivaatual.pt\/index.php\/wp-json\/wp\/v2\/users\/11"}],"replies":[{"embeddable":true,"href":"https:\/\/perspetivaatual.pt\/index.php\/wp-json\/wp\/v2\/comments?post=4607"}],"version-history":[{"count":0,"href":"https:\/\/perspetivaatual.pt\/index.php\/wp-json\/wp\/v2\/posts\/4607\/revisions"}],"wp:featuredmedia":[{"embeddable":true,"href":"https:\/\/perspetivaatual.pt\/index.php\/wp-json\/wp\/v2\/media\/4608"}],"wp:attachment":[{"href":"https:\/\/perspetivaatual.pt\/index.php\/wp-json\/wp\/v2\/media?parent=4607"}],"wp:term":[{"taxonomy":"category","embeddable":true,"href":"https:\/\/perspetivaatual.pt\/index.php\/wp-json\/wp\/v2\/categories?post=4607"},{"taxonomy":"post_tag","embeddable":true,"href":"https:\/\/perspetivaatual.pt\/index.php\/wp-json\/wp\/v2\/tags?post=4607"}],"curies":[{"name":"wp","href":"https:\/\/api.w.org\/{rel}","templated":true}]}}