{"id":4687,"date":"2025-06-06T07:00:00","date_gmt":"2025-06-06T07:00:00","guid":{"rendered":"https:\/\/perspetivaatual.pt\/?p=4687"},"modified":"2025-05-30T08:14:11","modified_gmt":"2025-05-30T08:14:11","slug":"escola-superior-de-enfermagem-da-universidade-de-coimbra-vai-continuar-busca-incessante-pela-excelencia","status":"publish","type":"post","link":"https:\/\/perspetivaatual.pt\/index.php\/2025\/06\/06\/escola-superior-de-enfermagem-da-universidade-de-coimbra-vai-continuar-busca-incessante-pela-excelencia\/","title":{"rendered":"Escola Superior de Enfermagem da Universidade de Coimbra vai continuar \u201cbusca incessante pela excel\u00eancia\u201d"},"content":{"rendered":"\n<p><strong>A partir do pr\u00f3ximo ano letivo, os cursos da Escola Superior de Enfermagem de Coimbra passam a integrar a Universidade de Coimbra. O presidente da ESEnfC, Ant\u00f3nio Fernando Amaral, acredita estar perante \u201cuma nova fase institucional\u201d e prev\u00ea mais oportunidades para os estudantes. A integra\u00e7\u00e3o implica o refor\u00e7o das sinergias interdisciplinares, o fortalecimento da internacionaliza\u00e7\u00e3o e maior acesso a recursos cient\u00edficos e sociais.<\/strong><\/p>\n\n\n\n<p><strong>Perspetiva Atual: No pr\u00f3ximo ano letivo, os cursos da Escola Superior de Enfermagem j\u00e1 far\u00e3o parte da oferta formativa da Universidade de Coimbra, pelo que marca uma nova fase institucional. Que benef\u00edcios prev\u00ea para os estudantes e para a qualidade do ensino com esta integra\u00e7\u00e3o?<\/strong><\/p>\n\n\n\n<p>Ant\u00f3nio Fernando Amaral: A Escola Superior de Enfermagem de Coimbra \u00e9 herdeira de 145 anos de hist\u00f3ria a formar enfermeiros. Reconhecida nacional e internacionalmente pela qualidade da sua oferta formativa, ancorada em investiga\u00e7\u00e3o fundamental e aplicada, na internacionaliza\u00e7\u00e3o e na qualidade do seu corpo docente, t\u00e9cnico e administrativo. Ao longo dos anos, sempre apostou numa filosofia de melhoria cont\u00ednua na busca incessante pela excel\u00eancia. Com a integra\u00e7\u00e3o na Universidade de Coimbra, queremos continuar nessa busca. Vamos continuar a formar os melhores Enfermeiros, mas agora com mais oportunidades. Vamos ser integrados numa Universidade com cr\u00e9ditos firmados, o que permitir\u00e1 aos estudantes um mais amplo acesso a servi\u00e7os na \u00e1rea social, desportiva e cient\u00edfica.<\/p>\n\n\n\n<p>Apesar de a Escola ter, desde h\u00e1 muito, uma Unidade de Investiga\u00e7\u00e3o em Ci\u00eancias da Sa\u00fade: Enfermagem (UICISA: E), avaliada pela Funda\u00e7\u00e3o para a Ci\u00eancia e a Tecnologia (FCT) com \u201cMuito Bom\u201d, a integra\u00e7\u00e3o vai trazer mais oportunidades de acesso a fundos para a investiga\u00e7\u00e3o, mais possibilidade de constituir grupos multidisciplinares, para investigar problemas que t\u00eam solu\u00e7\u00f5es que s\u00f3 a interdisciplinaridade \u00e9 capaz de responder. A entrada da Enfermagem na Universidade permite fechar o leque das profiss\u00f5es de sa\u00fade, que hoje j\u00e1 trabalham juntas, nas institui\u00e7\u00f5es e que passam tamb\u00e9m a estudar juntas, a conhecer melhor o que cada uma oferece de valor para o cuidado e a sa\u00fade das pessoas.<\/p>\n\n\n\n<p>Tenho fundadas esperan\u00e7as de que o ensino na \u00e1rea da sa\u00fade vai melhorar muito em Coimbra pelas sinergias que passam, agora, a ter mais espa\u00e7o para produzir ainda melhores resultados.<\/p>\n\n\n\n<figure class=\"wp-block-image aligncenter is-resized\"><img loading=\"lazy\" decoding=\"async\" width=\"2560\" height=\"1707\" src=\"http:\/\/perspetivaatual.pt\/wp-content\/uploads\/2025\/05\/Laboratorios-4-scaled.jpg\" alt=\"\" class=\"wp-image-4689\" style=\"width:580px;height:auto\" srcset=\"https:\/\/perspetivaatual.pt\/wp-content\/uploads\/2025\/05\/Laboratorios-4-scaled.jpg 2560w, https:\/\/perspetivaatual.pt\/wp-content\/uploads\/2025\/05\/Laboratorios-4-300x200.jpg 300w, https:\/\/perspetivaatual.pt\/wp-content\/uploads\/2025\/05\/Laboratorios-4-1024x683.jpg 1024w, https:\/\/perspetivaatual.pt\/wp-content\/uploads\/2025\/05\/Laboratorios-4-768x512.jpg 768w, https:\/\/perspetivaatual.pt\/wp-content\/uploads\/2025\/05\/Laboratorios-4-1536x1024.jpg 1536w, https:\/\/perspetivaatual.pt\/wp-content\/uploads\/2025\/05\/Laboratorios-4-2048x1366.jpg 2048w, https:\/\/perspetivaatual.pt\/wp-content\/uploads\/2025\/05\/Laboratorios-4-675x450.jpg 675w\" sizes=\"auto, (max-width: 2560px) 100vw, 2560px\" \/><\/figure>\n\n\n\n<p><strong>PA: Com esta mudan\u00e7a, os estudantes v\u00e3o tamb\u00e9m ter acesso \u00e0 abertura de novos mestrados e p\u00f3s-gradua\u00e7\u00f5es?<\/strong><\/p>\n\n\n\n<p>AFA: A Escola tem j\u00e1 uma oferta de mestrados e p\u00f3s-gradua\u00e7\u00f5es muito ampla. Oferecemos 11 cursos de mestrado em \u00e1reas de especializa\u00e7\u00e3o em Enfermagem que v\u00e3o desde a sa\u00fade materna e obst\u00e9trica at\u00e9 ao doente cr\u00edtico, ao doente cr\u00f3nico, com necessidades paliativas, mental, \u00e0 sa\u00fade p\u00fablica, \u00e0 sa\u00fade familiar, ao perioperat\u00f3rio, \u00e0 sa\u00fade infantil e pedi\u00e1trica, \u00e0 Enfermagem de reabilita\u00e7\u00e3o e, ainda, um mestrado acad\u00e9mico em Enfermagem na especialidade de gest\u00e3o de servi\u00e7os de sa\u00fade.<\/p>\n\n\n\n<p>Com a entrada na Universidade, o objetivo n\u00e3o \u00e9 criar cursos, mas aumentar as sinergias com outras faculdades, para interagir nos v\u00e1rios cursos.<\/p>\n\n\n\n<p>A Escola tem, desde h\u00e1 muitos anos, uma p\u00f3s-gradua\u00e7\u00e3o e mestrado conjunto com a Faculdade de Economia da Universidade de Coimbra, na \u00e1rea de gest\u00e3o e economia das organiza\u00e7\u00f5es de sa\u00fade, que queremos manter e at\u00e9 alargar a outros tipos de coopera\u00e7\u00e3o. Para j\u00e1, os cursos que oferecemos tentam responder n\u00e3o apenas \u00e0s necessidades das pessoas, que procuram cuidados de sa\u00fade, mas tamb\u00e9m ao desenvolvimento das institui\u00e7\u00f5es e dos seus profissionais.<\/p>\n\n\n\n<p>Claro que as necessidades em sa\u00fade v\u00e3o evoluir, colocando novos desafios ao setor. O envelhecimento, as altera\u00e7\u00f5es demogr\u00e1ficas, as grandes massas de mobiliza\u00e7\u00e3o de pessoas que fogem das condi\u00e7\u00f5es clim\u00e1ticas extremas, da guerra, com aumento da viol\u00eancia e da vulnerabilidade. Estes desafios ser\u00e3o complexos e exigir\u00e3o respostas complexas, a que s\u00f3 em conjunto e de forma interdisciplinar o sistema de sa\u00fade poder\u00e1 responder. A Escola quer estar na primeira linha na defesa dessas respostas e ativamente participar nelas. Parece claro que a integra\u00e7\u00e3o na Universidade torna mais f\u00e1cil a constru\u00e7\u00e3o desse tipo de respostas, quer pelas sinergias entre os v\u00e1rios conhecimentos disciplinares, em que cada um aumenta o valor da interven\u00e7\u00e3o, quer pela escala que se pode criar na resposta.<\/p>\n\n\n\n<p>Estaremos sempre dispon\u00edveis a inovar, como j\u00e1 fazemos hoje, propondo novas t\u00e9cnicas e tecnologias, novos conhecimentos e, sobretudo, colocando ao servi\u00e7o novas compet\u00eancias para um cuidado mais centrado nos cidad\u00e3os, mais efetivo e um sistema com pol\u00edticas p\u00fablicas que assegurem mais acesso, melhor acesso e melhores resultados obtidos e medidos nas pessoas e na sa\u00fade e geral.<\/p>\n\n\n\n<blockquote class=\"wp-block-quote is-layout-flow wp-block-quote-is-layout-flow\">\n<p>\u201cA Escola Superior de Enfermagem de Coimbra \u00e9 herdeira de 145 anos de hist\u00f3ria a formar enfermeiros. Vamos continuar a formar os melhores Enfermeiros, mas agora com mais oportunidades\u201d<\/p>\n<\/blockquote>\n\n\n\n<p><strong>PA: No final do mandato da Dire\u00e7\u00e3o, torna-se oportuno refletir acerca dos objetivos alcan\u00e7ados at\u00e9 ao momento. Quais foram os principais desafios enfrentados e que metas acredita terem sido atingidas durante este per\u00edodo?<\/strong><\/p>\n\n\n\n<p>AFA: Durante o mandato, que vai terminar antes do tempo por uma boa causa, t\u00ednhamo-nos proposto como prioridade a integra\u00e7\u00e3o na Universidade de Coimbra. Objetivo cumprido com sucesso e que est\u00e1 numa fase de adapta\u00e7\u00e3o dos v\u00e1rios regulamentos, de ado\u00e7\u00e3o de novos procedimentos (os que fizerem sentido) e, sobretudo, de transforma\u00e7\u00e3o.<\/p>\n\n\n\n<p>Outro desafio que tivemos de resolver teve a ver com as progress\u00f5es dos professores. Quando nos prepar\u00e1vamos para apresentar candidatura, demos conta que algo n\u00e3o estava bem no que diz respeito \u00e0s progress\u00f5es indici\u00e1rias dos professores. T\u00ednhamos professores que h\u00e1 mais de 20 anos n\u00e3o progrediam na sua carreira. Na altura, investiguei sobre as raz\u00f5es e, ao contr\u00e1rio do que at\u00e9 aqui tinha sido feito, entendi que era necess\u00e1rio fazer alguma coisa, tendo iniciado imediatamente contactos com a tutela, no sentido da explicita\u00e7\u00e3o do problema e da necessidade de ser realizado um despacho conjunto entre o minist\u00e9rio que tutelava o Ensino Superior e o das Finan\u00e7as, que deveria ser anual, por for\u00e7a do exarado no Estatuto da Carreira do Pessoal Docente do Ensino Superior Polit\u00e9cnico (ECPDESP), mas que desde a sua publica\u00e7\u00e3o nunca tinha sido realizado tal despacho, o que impossibilitava as institui\u00e7\u00f5es de garantir os direitos que cabiam aos docentes. Estiveram mal os v\u00e1rios governos e estiveram mal os \u00f3rg\u00e3os de governo da institui\u00e7\u00e3o. <\/p>\n\n\n\n<figure class=\"wp-block-image aligncenter is-resized\"><img loading=\"lazy\" decoding=\"async\" width=\"2560\" height=\"1706\" src=\"http:\/\/perspetivaatual.pt\/wp-content\/uploads\/2025\/05\/Novos-docentes-ESEnfC-coordenador-UICISAE-scaled.jpg\" alt=\"\" class=\"wp-image-4691\" style=\"width:660px;height:auto\" srcset=\"https:\/\/perspetivaatual.pt\/wp-content\/uploads\/2025\/05\/Novos-docentes-ESEnfC-coordenador-UICISAE-scaled.jpg 2560w, https:\/\/perspetivaatual.pt\/wp-content\/uploads\/2025\/05\/Novos-docentes-ESEnfC-coordenador-UICISAE-300x200.jpg 300w, https:\/\/perspetivaatual.pt\/wp-content\/uploads\/2025\/05\/Novos-docentes-ESEnfC-coordenador-UICISAE-1024x683.jpg 1024w, https:\/\/perspetivaatual.pt\/wp-content\/uploads\/2025\/05\/Novos-docentes-ESEnfC-coordenador-UICISAE-768x512.jpg 768w, https:\/\/perspetivaatual.pt\/wp-content\/uploads\/2025\/05\/Novos-docentes-ESEnfC-coordenador-UICISAE-1536x1024.jpg 1536w, https:\/\/perspetivaatual.pt\/wp-content\/uploads\/2025\/05\/Novos-docentes-ESEnfC-coordenador-UICISAE-2048x1365.jpg 2048w, https:\/\/perspetivaatual.pt\/wp-content\/uploads\/2025\/05\/Novos-docentes-ESEnfC-coordenador-UICISAE-675x450.jpg 675w\" sizes=\"auto, (max-width: 2560px) 100vw, 2560px\" \/><\/figure>\n\n\n\n<p>Por via deste problema, e talvez por ter alertado, os docentes fizeram greve \u00e0s avalia\u00e7\u00f5es, o que para mim se tornou no momento pior que vivi na Escola. Por um lado, entendia que os professores tinham raz\u00e3o, mas, como Presidente, via que isso estava a prejudicar as progress\u00f5es dos estudantes, podendo mesmo prejudicar o fim do curso para muitos. Felizmente, conseguiu-se minimizar os preju\u00edzos e os estudantes puderam terminar o curso no tempo certo. Felizmente, tamb\u00e9m, que o di\u00e1logo com o Senhor Ministro da Educa\u00e7\u00e3o Ci\u00eancia e Inova\u00e7\u00e3o, do governo que resultou das elei\u00e7\u00f5es, Professor Doutor Fernando Alexandre, foi produtivo, mostrando-se o Senhor Ministro muito sens\u00edvel para o problema, e em mar\u00e7o de 2025 foi ent\u00e3o publicado o referido despacho, que permitiu desbloquear as progress\u00f5es e minimizar o preju\u00edzo a que os professores estavam sujeitos.<\/p>\n\n\n\n<p>Outro desafio importante teve a ver com a necessidade de rejuvenescimento do corpo docente. Existiram muitas sa\u00eddas para aposenta\u00e7\u00e3o e, portanto, houve necessidade de novas admiss\u00f5es para suprir essa sangria. Claro que uma renova\u00e7\u00e3o que devia ser progressiva foi uma renova\u00e7\u00e3o massiva com entrada de 27 novos docentes durante o meu mandato. Claro que admitir este n\u00famero de novos professores exige um esfor\u00e7o pela parte de todos os \u00f3rg\u00e3os da escola para a sua integra\u00e7\u00e3o.<\/p>\n\n\n\n<p>Ainda ao n\u00edvel do pessoal docente, encontr\u00e1mos um forte desequil\u00edbrio entre categorias, exigindo a abertura de concursos para lugares de Professor Coordenador, que se manifestou ainda insuficiente dado que a maioria dos professores aposentados, ou que se aposentar\u00e3o ainda este ano, det\u00eam essa categoria. Durante estes 2 anos, a Escola foi submetida a avalia\u00e7\u00e3o institucional, pela A3ES, o que nos ocupou muito do nosso tempo, mas conseguimos uma certifica\u00e7\u00e3o institucional sem reservas por 6 anos, que \u00e9 a melhor que se podia ter.<\/p>\n\n\n\n<p>Ao n\u00edvel da forma\u00e7\u00e3o, tamb\u00e9m conclu\u00edmos o processo de certifica\u00e7\u00e3o de todos os cursos que lecionamos, tendo obtido tamb\u00e9m a certifica\u00e7\u00e3o pelo m\u00e1ximo tempo poss\u00edvel.<\/p>\n\n\n\n<figure class=\"wp-block-image aligncenter is-resized\"><img loading=\"lazy\" decoding=\"async\" width=\"2560\" height=\"1707\" src=\"http:\/\/perspetivaatual.pt\/wp-content\/uploads\/2025\/05\/Centro-Simulacao_-14-02-19-29-scaled.jpg\" alt=\"\" class=\"wp-image-4690\" style=\"width:632px;height:auto\" srcset=\"https:\/\/perspetivaatual.pt\/wp-content\/uploads\/2025\/05\/Centro-Simulacao_-14-02-19-29-scaled.jpg 2560w, https:\/\/perspetivaatual.pt\/wp-content\/uploads\/2025\/05\/Centro-Simulacao_-14-02-19-29-300x200.jpg 300w, https:\/\/perspetivaatual.pt\/wp-content\/uploads\/2025\/05\/Centro-Simulacao_-14-02-19-29-1024x683.jpg 1024w, https:\/\/perspetivaatual.pt\/wp-content\/uploads\/2025\/05\/Centro-Simulacao_-14-02-19-29-768x512.jpg 768w, https:\/\/perspetivaatual.pt\/wp-content\/uploads\/2025\/05\/Centro-Simulacao_-14-02-19-29-1536x1024.jpg 1536w, https:\/\/perspetivaatual.pt\/wp-content\/uploads\/2025\/05\/Centro-Simulacao_-14-02-19-29-2048x1365.jpg 2048w, https:\/\/perspetivaatual.pt\/wp-content\/uploads\/2025\/05\/Centro-Simulacao_-14-02-19-29-675x450.jpg 675w\" sizes=\"auto, (max-width: 2560px) 100vw, 2560px\" \/><\/figure>\n\n\n\n<p>Na investiga\u00e7\u00e3o, a UICISA: E foi submetida a avalia\u00e7\u00e3o pela FCT, tendo obtido uma classifica\u00e7\u00e3o de \u201cMuito Bom\u201d. O PRR tamb\u00e9m nos deu a possibilidade de, durante este mandato, pequeno, terminar as obras de requalifica\u00e7\u00e3o da resid\u00eancia e estar presentes em cons\u00f3rcios como o Living the Future Academy, desenhado para trazer \u00e0 academia novos p\u00fablicos, novas forma\u00e7\u00f5es para j\u00e1 licenciados, etc. Fazemos parte de um centro de excel\u00eancia para a Inova\u00e7\u00e3o Pedag\u00f3gica, estamos no cons\u00f3rcio INOV2CARE, que pretende a moderniza\u00e7\u00e3o da Medicina e das ci\u00eancias afim como a Enfermagem, o que nos permitiu melhorar os nossos centros de simula\u00e7\u00e3o. Estamos no Mais Digital com o objetivo de maior digitaliza\u00e7\u00e3o do processo ensino-aprendizagem, que permitir\u00e1 chegar a novos p\u00fablicos, mais diversificados e mais internacionais. No final de 2024, pass\u00e1mos a pertencer ao INOVC+, que \u00e9 um projeto liderado pela Universidade de Coimbra e gerido pela CCDRC, cujo objetivo principal \u00e9 a liga\u00e7\u00e3o da investiga\u00e7\u00e3o e inova\u00e7\u00e3o ao tecido empresarial e catapultar a transfer\u00eancia de conhecimento e da inova\u00e7\u00e3o produzindo valor.<\/p>\n\n\n\n<p>Foram, portanto, 2 anos muito intensos com muitos desafios, mas em nenhuma circunst\u00e2ncia perdemos o des\u00edgnio de melhorar sempre o nosso ensino de forma a continuar a produzir os \u201cmelhores enfermeiros do mundo\u201d. At\u00e9 ao fim do ano, temos ainda muito a fazer, mas sobretudo queremos garantir que a integra\u00e7\u00e3o na Universidade possa ser um marco no nosso desenvolvimento e no desenvolvimento da Universidade de Coimbra, onde estudantes e profissionais se sintam bem e satisfeitos com a decis\u00e3o que tom\u00e1mos em conjunto.<\/p>\n\n\n\n<p><strong>PA: Certamente, a recente contrata\u00e7\u00e3o de novos professores adjuntos trouxe renova\u00e7\u00e3o ao corpo docente da ESEnfC. De que forma esta renova\u00e7\u00e3o contribui para a inova\u00e7\u00e3o pedag\u00f3gica e para a atualiza\u00e7\u00e3o curricular da institui\u00e7\u00e3o?<\/strong><\/p>\n\n\n\n<p>AFA: A entrada de novos docentes \u00e9 sempre uma preocupa\u00e7\u00e3o. A Escola criou no meu mandato um manual de acolhimento e uma equipa de acolhimento de professores e de outro pessoal t\u00e9cnico. Esta integra\u00e7\u00e3o serve n\u00e3o apenas para dar a conhecer a forma de organiza\u00e7\u00e3o, os cantos da casa, os direitos e deveres, mas tamb\u00e9m a filosofia que est\u00e1 subjacente ao ensino da Enfermagem que advogamos e de que forma os curr\u00edculos dos v\u00e1rios cursos espelham essa filosofia.<\/p>\n\n\n\n<p>Preocupamo-nos, tamb\u00e9m, com a sua forma\u00e7\u00e3o pedag\u00f3gica e temos planeado um conjunto de a\u00e7\u00f5es no \u00e2mbito da forma\u00e7\u00e3o pedag\u00f3gica para o ensino superior, nomeadamente na utiliza\u00e7\u00e3o de meios digitais, na intelig\u00eancia artificial, nos processos de avalia\u00e7\u00e3o, entre outros. Entendemos que a forma\u00e7\u00e3o pedag\u00f3gica \u00e9 essencial para podermos ter um ensino de qualidade. Esperamos muito destes novos professores que entram numa nova profiss\u00e3o, com exig\u00eancias diferentes em que n\u00e3o apenas a atividade letiva \u00e9 importante, mas tamb\u00e9m a investiga\u00e7\u00e3o e a presta\u00e7\u00e3o de servi\u00e7os \u00e0 comunidade como forma de transfer\u00eancia de conhecimento.<\/p>\n\n\n\n<blockquote class=\"wp-block-quote is-layout-flow wp-block-quote-is-layout-flow\">\n<p>\u201cTenho fundadas esperan\u00e7as de que o ensino na \u00e1rea da sa\u00fade vai melhorar muito em Coimbra pelas sinergias que passam, agora, a ter mais espa\u00e7o para produzir ainda melhores resultados\u201d<\/p>\n<\/blockquote>\n\n\n\n<p><strong>PA: A ades\u00e3o \u00e0 Florence Network insere a ESEnfC numa rede europeia dedicada \u00e0 Enfermagem e Obstetr\u00edcia. Esta colabora\u00e7\u00e3o internacional pode potenciar a mobilidade acad\u00e9mica e o interc\u00e2mbio de bons m\u00e9todos entre institui\u00e7\u00f5es?<\/strong><\/p>\n\n\n\n<p>AFA: A ades\u00e3o a esta rede faz parte de uma estrat\u00e9gia de internacionaliza\u00e7\u00e3o que n\u00e3o \u00e9 nova. A Escola pertence e participa de forma ativa num conjunto de redes cient\u00edficas e de universidades de todo o mundo de que a Florence Network \u00e9 apenas mais uma.<\/p>\n\n\n\n<p>Pertencemos \u00e0 Rede Acad\u00e9mica das Ci\u00eancias da Sa\u00fade da Lusofonia, \u00e0 Associa\u00e7\u00e3o das Universidades de L\u00edngua Portuguesa, \u00e0 Associa\u00e7\u00e3o Latino-Americana de Escolas e Faculdades de Enfermagem. Somos Centro Colaborador da Organiza\u00e7\u00e3o Mundial de Sa\u00fade, alojamos um Cap\u00edtulo da Sigma Internacional, entre outras com as quais mantemos parcerias ativas, n\u00e3o apenas para a mobilidade, mas tamb\u00e9m para a investiga\u00e7\u00e3o. No \u00e2mbito do programa Europeu ERASMUS+, possu\u00edmos um leque bastante elevado de acordos com universidades europeias. Este \u00e9 o programa que mais estudantes e professores mobiliza, fazendo com que cerca de 33% dos nossos estudantes fa\u00e7am, durante o seu curso, um per\u00edodo de mobilidade internacional. Tamb\u00e9m recebemos muitos estudantes de universidades parceiras no \u00e2mbito deste programa.<\/p>\n\n\n\n<p>O programa Erasmus+ n\u00e3o tem apenas a mobilidade como foco. A Escola tem, no \u00e2mbito da a\u00e7\u00e3o-chave 2 deste programa, um conjunto de projetos de parcerias estrat\u00e9gicas e de capacity building com pa\u00edses de fora da Europa que t\u00eam potenciado a mobilidade de professores e estudantes (em menor n\u00famero) e a investiga\u00e7\u00e3o sobre aspetos relevantes para a inova\u00e7\u00e3o do ensino superior. Estes programas t\u00eam promovido a troca e o aperfei\u00e7oamento de metodologias de ensino em \u00e1reas relevantes para o ensino da Enfermagem.<\/p>\n\n\n\n<figure class=\"wp-block-image aligncenter is-resized\"><img loading=\"lazy\" decoding=\"async\" width=\"2560\" height=\"1707\" src=\"http:\/\/perspetivaatual.pt\/wp-content\/uploads\/2025\/05\/Residencia-_Copa-2-scaled.jpg\" alt=\"\" class=\"wp-image-4693\" style=\"width:590px;height:auto\" srcset=\"https:\/\/perspetivaatual.pt\/wp-content\/uploads\/2025\/05\/Residencia-_Copa-2-scaled.jpg 2560w, https:\/\/perspetivaatual.pt\/wp-content\/uploads\/2025\/05\/Residencia-_Copa-2-300x200.jpg 300w, https:\/\/perspetivaatual.pt\/wp-content\/uploads\/2025\/05\/Residencia-_Copa-2-1024x683.jpg 1024w, https:\/\/perspetivaatual.pt\/wp-content\/uploads\/2025\/05\/Residencia-_Copa-2-768x512.jpg 768w, https:\/\/perspetivaatual.pt\/wp-content\/uploads\/2025\/05\/Residencia-_Copa-2-1536x1024.jpg 1536w, https:\/\/perspetivaatual.pt\/wp-content\/uploads\/2025\/05\/Residencia-_Copa-2-2048x1366.jpg 2048w, https:\/\/perspetivaatual.pt\/wp-content\/uploads\/2025\/05\/Residencia-_Copa-2-675x450.jpg 675w\" sizes=\"auto, (max-width: 2560px) 100vw, 2560px\" \/><\/figure>\n\n\n\n<p><strong>PA: Com mais de 30% dos estudantes a participarem em programas de mobilidade de Erasmus, a internacionaliza\u00e7\u00e3o \u00e9, cada vez mais, uma realidade da ESEnfC. Que impacto tem esta experi\u00eancia na forma\u00e7\u00e3o dos estudantes e na sua prepara\u00e7\u00e3o para os diferentes contextos dos sistemas de sa\u00fade?<\/strong><\/p>\n\n\n\n<p>AFA: A Enfermagem como disciplina e profiss\u00e3o pretende dar resposta \u00e0s necessidades das pessoas. Necessidades que acontecem ao longo do ciclo vital e que podem estar relacionadas ou n\u00e3o com estados de doen\u00e7a. As vari\u00e1veis que impactam nas necessidades das pessoas t\u00eam v\u00e1rias determinantes, das quais as determinantes sociais e culturais s\u00e3o talvez as mais importantes. Por isso a import\u00e2ncia da mobilidade. Lidar com pessoas diferentes, culturas diferentes, formas de estar e de fazer diferentes, \u00e9 muito relevante para a aprendizagem dos nossos estudantes. Por outro lado, a ideia que temos de forma\u00e7\u00e3o transformadora fica facilitada quando podemos dar o maior n\u00famero de experi\u00eancias aos nossos estudantes. A Escola incentiva, mesmo financeiramente, a essa mobilidade, seja para pa\u00edses europeus, seja para pa\u00edses de fora da Europa, como o Brasil, M\u00e9xico, etc.<\/p>\n\n\n\n<p>Tivemos um projeto \u201cMulticulturalCare\u201d, que foi merecedor de um pr\u00e9mio que tem, exatamente, essa dimens\u00e3o da cultura como vari\u00e1vel para cuidar melhor e de forma mais centrada nas pessoas.<\/p>\n\n\n\n<figure class=\"wp-block-image aligncenter is-resized\"><img loading=\"lazy\" decoding=\"async\" width=\"1920\" height=\"2560\" src=\"http:\/\/perspetivaatual.pt\/wp-content\/uploads\/2025\/05\/Pormenor-ESEnfC-_-Polo-B-scaled.jpg\" alt=\"\" class=\"wp-image-4692\" style=\"width:535px;height:auto\" srcset=\"https:\/\/perspetivaatual.pt\/wp-content\/uploads\/2025\/05\/Pormenor-ESEnfC-_-Polo-B-scaled.jpg 1920w, https:\/\/perspetivaatual.pt\/wp-content\/uploads\/2025\/05\/Pormenor-ESEnfC-_-Polo-B-225x300.jpg 225w, https:\/\/perspetivaatual.pt\/wp-content\/uploads\/2025\/05\/Pormenor-ESEnfC-_-Polo-B-768x1024.jpg 768w, https:\/\/perspetivaatual.pt\/wp-content\/uploads\/2025\/05\/Pormenor-ESEnfC-_-Polo-B-1152x1536.jpg 1152w, https:\/\/perspetivaatual.pt\/wp-content\/uploads\/2025\/05\/Pormenor-ESEnfC-_-Polo-B-1536x2048.jpg 1536w, https:\/\/perspetivaatual.pt\/wp-content\/uploads\/2025\/05\/Pormenor-ESEnfC-_-Polo-B-1024x1365.jpg 1024w\" sizes=\"auto, (max-width: 1920px) 100vw, 1920px\" \/><\/figure>\n\n\n\n<p><strong>Perspetiva Atual: A ESEnfC assinou protocolos de colabora\u00e7\u00e3o com dois institutos polit\u00e9cnicos de Angola. Qual \u00e9 o impacto destas parcerias na forma\u00e7\u00e3o dos estudantes e na promo\u00e7\u00e3o de cuidados de sa\u00fade em contextos internacionais?<\/strong><\/p>\n\n\n\n<p>AFA: A ESEnfC tem, com Angola e com outros pa\u00edses africanos de l\u00edngua portuguesa, protocolos de coopera\u00e7\u00e3o que t\u00eam servido, sobretudo, no \u00e2mbito da nossa responsabilidade social e de internacionaliza\u00e7\u00e3o, \u00e0 melhoria da forma\u00e7\u00e3o nesses pa\u00edses.<\/p>\n\n\n\n<p>Foi assim com Cabo Verde, com cuja Universidade desenh\u00e1mos e implement\u00e1mos um curriculum para a licenciatura em Enfermagem e um curso de complemento de forma\u00e7\u00e3o para j\u00e1 enfermeiros poderem obter o grau de licenciados. Fizemos o mesmo com a Escola Nacional de Sa\u00fade da Guin\u00e9-Bissau, numa parceria com o Instituto Cam\u00f5es. Os projetos com Angola, nomeadamente com o Instituto Superior Polit\u00e9cnico Tundavala, servem o mesmo prop\u00f3sito de ajudar a formar enfermeiros nesses pa\u00edses.<\/p>\n\n\n\n<p><strong>Perspetiva Atual: Por \u00faltimo, o que prev\u00ea ainda ser alcan\u00e7ado em 2025?<\/strong><\/p>\n\n\n\n<p>AFA: Terminar algumas obras de requalifica\u00e7\u00e3o dos espa\u00e7os de forma\u00e7\u00e3o, proporcionar aos novos professores uma forma\u00e7\u00e3o pedag\u00f3gica que os qualifique mais para as tarefas que t\u00eam de desempenhar, seja na componente pedag\u00f3gica, seja na de investiga\u00e7\u00e3o. Claro que o grande desafio se encontra no processo de integra\u00e7\u00e3o na Universidade, que se quer sereno e altamente dignificante.<\/p>\n","protected":false},"excerpt":{"rendered":"<p>A partir do pr\u00f3ximo ano letivo, os cursos da Escola Superior de Enfermagem de Coimbra<\/p>\n","protected":false},"author":11,"featured_media":4688,"comment_status":"open","ping_status":"open","sticky":false,"template":"","format":"standard","meta":{"footnotes":""},"categories":[11,3],"tags":[762,760,759,761,687,757],"class_list":["post-4687","post","type-post","status-publish","format-standard","has-post-thumbnail","hentry","category-destaques","category-educacao","tag-145anosdehistoria","tag-antoniofernandoamaral","tag-buscapelaexcelencia","tag-educacao-3","tag-enfermagem-2","tag-escolasuperiordeenfermagem"],"yoast_head":"<!-- This site is optimized with the Yoast SEO plugin v24.2 - https:\/\/yoast.com\/wordpress\/plugins\/seo\/ -->\n<title>Escola Superior de Enfermagem da Universidade de Coimbra vai continuar \u201cbusca incessante pela excel\u00eancia\u201d - Perspetiva Atual<\/title>\n<meta name=\"description\" content=\"A partir do pr\u00f3ximo ano letivo, os cursos da Escola Superior de Enfermagem de Coimbra passam a integrar a Universidade de Coimbra...\" \/>\n<meta name=\"robots\" content=\"index, follow, max-snippet:-1, max-image-preview:large, max-video-preview:-1\" \/>\n<link rel=\"canonical\" href=\"https:\/\/perspetivaatual.pt\/index.php\/2025\/06\/06\/escola-superior-de-enfermagem-da-universidade-de-coimbra-vai-continuar-busca-incessante-pela-excelencia\/\" \/>\n<meta property=\"og:locale\" content=\"pt_PT\" \/>\n<meta property=\"og:type\" content=\"article\" \/>\n<meta property=\"og:title\" content=\"Escola Superior de Enfermagem da Universidade de Coimbra vai continuar \u201cbusca incessante pela excel\u00eancia\u201d - Perspetiva Atual\" \/>\n<meta property=\"og:description\" content=\"A partir do pr\u00f3ximo ano letivo, os cursos da Escola Superior de Enfermagem de Coimbra passam a integrar a Universidade de Coimbra...\" \/>\n<meta property=\"og:url\" content=\"https:\/\/perspetivaatual.pt\/index.php\/2025\/06\/06\/escola-superior-de-enfermagem-da-universidade-de-coimbra-vai-continuar-busca-incessante-pela-excelencia\/\" \/>\n<meta property=\"og:site_name\" content=\"Perspetiva Atual\" \/>\n<meta property=\"article:published_time\" content=\"2025-06-06T07:00:00+00:00\" \/>\n<meta property=\"article:modified_time\" content=\"2025-05-30T08:14:11+00:00\" \/>\n<meta property=\"og:image\" content=\"https:\/\/perspetivaatual.pt\/wp-content\/uploads\/2025\/05\/Professor-Fernando-Amaral-scaled.jpg\" \/>\n\t<meta property=\"og:image:width\" content=\"2560\" \/>\n\t<meta property=\"og:image:height\" content=\"1707\" \/>\n\t<meta property=\"og:image:type\" content=\"image\/jpeg\" \/>\n<meta name=\"author\" content=\"Vitoria Girao\" \/>\n<meta name=\"twitter:card\" content=\"summary_large_image\" \/>\n<meta name=\"twitter:label1\" content=\"Escrito por\" \/>\n\t<meta name=\"twitter:data1\" content=\"\" \/>\n\t<meta name=\"twitter:label2\" content=\"Tempo estimado de leitura\" \/>\n\t<meta name=\"twitter:data2\" content=\"15 minutos\" \/>\n<script type=\"application\/ld+json\" class=\"yoast-schema-graph\">{\"@context\":\"https:\/\/schema.org\",\"@graph\":[{\"@type\":\"Article\",\"@id\":\"https:\/\/perspetivaatual.pt\/index.php\/2025\/06\/06\/escola-superior-de-enfermagem-da-universidade-de-coimbra-vai-continuar-busca-incessante-pela-excelencia\/#article\",\"isPartOf\":{\"@id\":\"https:\/\/perspetivaatual.pt\/index.php\/2025\/06\/06\/escola-superior-de-enfermagem-da-universidade-de-coimbra-vai-continuar-busca-incessante-pela-excelencia\/\"},\"author\":{\"name\":\"Vitoria Girao\",\"@id\":\"https:\/\/perspetivaatual.pt\/#\/schema\/person\/c90e8e11129f189f1b7588bf2888f8b5\"},\"headline\":\"Escola Superior de Enfermagem da Universidade de Coimbra vai continuar \u201cbusca incessante pela excel\u00eancia\u201d\",\"datePublished\":\"2025-06-06T07:00:00+00:00\",\"dateModified\":\"2025-05-30T08:14:11+00:00\",\"mainEntityOfPage\":{\"@id\":\"https:\/\/perspetivaatual.pt\/index.php\/2025\/06\/06\/escola-superior-de-enfermagem-da-universidade-de-coimbra-vai-continuar-busca-incessante-pela-excelencia\/\"},\"wordCount\":2794,\"commentCount\":0,\"publisher\":{\"@id\":\"https:\/\/perspetivaatual.pt\/#organization\"},\"image\":{\"@id\":\"https:\/\/perspetivaatual.pt\/index.php\/2025\/06\/06\/escola-superior-de-enfermagem-da-universidade-de-coimbra-vai-continuar-busca-incessante-pela-excelencia\/#primaryimage\"},\"thumbnailUrl\":\"https:\/\/perspetivaatual.pt\/wp-content\/uploads\/2025\/05\/Professor-Fernando-Amaral-scaled.jpg\",\"keywords\":[\"#145anosdehist\u00f3ria\",\"#Ant\u00f3nioFernandoAmaral\",\"#buscapelaexcel\u00eancia\",\"#Educa\u00e7\u00e3o\",\"#enfermagem\",\"#escolasuperiordeenfermagem\"],\"articleSection\":[\"Destaques\",\"Educa\u00e7\u00e3o\"],\"inLanguage\":\"pt-PT\",\"potentialAction\":[{\"@type\":\"CommentAction\",\"name\":\"Comment\",\"target\":[\"https:\/\/perspetivaatual.pt\/index.php\/2025\/06\/06\/escola-superior-de-enfermagem-da-universidade-de-coimbra-vai-continuar-busca-incessante-pela-excelencia\/#respond\"]}]},{\"@type\":\"WebPage\",\"@id\":\"https:\/\/perspetivaatual.pt\/index.php\/2025\/06\/06\/escola-superior-de-enfermagem-da-universidade-de-coimbra-vai-continuar-busca-incessante-pela-excelencia\/\",\"url\":\"https:\/\/perspetivaatual.pt\/index.php\/2025\/06\/06\/escola-superior-de-enfermagem-da-universidade-de-coimbra-vai-continuar-busca-incessante-pela-excelencia\/\",\"name\":\"Escola Superior de Enfermagem da Universidade de Coimbra vai continuar \u201cbusca incessante pela excel\u00eancia\u201d - Perspetiva Atual\",\"isPartOf\":{\"@id\":\"https:\/\/perspetivaatual.pt\/#website\"},\"primaryImageOfPage\":{\"@id\":\"https:\/\/perspetivaatual.pt\/index.php\/2025\/06\/06\/escola-superior-de-enfermagem-da-universidade-de-coimbra-vai-continuar-busca-incessante-pela-excelencia\/#primaryimage\"},\"image\":{\"@id\":\"https:\/\/perspetivaatual.pt\/index.php\/2025\/06\/06\/escola-superior-de-enfermagem-da-universidade-de-coimbra-vai-continuar-busca-incessante-pela-excelencia\/#primaryimage\"},\"thumbnailUrl\":\"https:\/\/perspetivaatual.pt\/wp-content\/uploads\/2025\/05\/Professor-Fernando-Amaral-scaled.jpg\",\"datePublished\":\"2025-06-06T07:00:00+00:00\",\"dateModified\":\"2025-05-30T08:14:11+00:00\",\"description\":\"A partir do pr\u00f3ximo ano letivo, os cursos da Escola Superior de Enfermagem de Coimbra passam a integrar a Universidade de Coimbra...\",\"breadcrumb\":{\"@id\":\"https:\/\/perspetivaatual.pt\/index.php\/2025\/06\/06\/escola-superior-de-enfermagem-da-universidade-de-coimbra-vai-continuar-busca-incessante-pela-excelencia\/#breadcrumb\"},\"inLanguage\":\"pt-PT\",\"potentialAction\":[{\"@type\":\"ReadAction\",\"target\":[\"https:\/\/perspetivaatual.pt\/index.php\/2025\/06\/06\/escola-superior-de-enfermagem-da-universidade-de-coimbra-vai-continuar-busca-incessante-pela-excelencia\/\"]}]},{\"@type\":\"ImageObject\",\"inLanguage\":\"pt-PT\",\"@id\":\"https:\/\/perspetivaatual.pt\/index.php\/2025\/06\/06\/escola-superior-de-enfermagem-da-universidade-de-coimbra-vai-continuar-busca-incessante-pela-excelencia\/#primaryimage\",\"url\":\"https:\/\/perspetivaatual.pt\/wp-content\/uploads\/2025\/05\/Professor-Fernando-Amaral-scaled.jpg\",\"contentUrl\":\"https:\/\/perspetivaatual.pt\/wp-content\/uploads\/2025\/05\/Professor-Fernando-Amaral-scaled.jpg\",\"width\":2560,\"height\":1707},{\"@type\":\"BreadcrumbList\",\"@id\":\"https:\/\/perspetivaatual.pt\/index.php\/2025\/06\/06\/escola-superior-de-enfermagem-da-universidade-de-coimbra-vai-continuar-busca-incessante-pela-excelencia\/#breadcrumb\",\"itemListElement\":[{\"@type\":\"ListItem\",\"position\":1,\"name\":\"Home\",\"item\":\"https:\/\/perspetivaatual.pt\/\"},{\"@type\":\"ListItem\",\"position\":2,\"name\":\"Escola Superior de Enfermagem da Universidade de Coimbra vai continuar \u201cbusca incessante pela excel\u00eancia\u201d\"}]},{\"@type\":\"WebSite\",\"@id\":\"https:\/\/perspetivaatual.pt\/#website\",\"url\":\"https:\/\/perspetivaatual.pt\/\",\"name\":\"Perspetiva Atual\",\"description\":\"Olhar Portugal, de diferentes formas\",\"publisher\":{\"@id\":\"https:\/\/perspetivaatual.pt\/#organization\"},\"potentialAction\":[{\"@type\":\"SearchAction\",\"target\":{\"@type\":\"EntryPoint\",\"urlTemplate\":\"https:\/\/perspetivaatual.pt\/?s={search_term_string}\"},\"query-input\":{\"@type\":\"PropertyValueSpecification\",\"valueRequired\":true,\"valueName\":\"search_term_string\"}}],\"inLanguage\":\"pt-PT\"},{\"@type\":\"Organization\",\"@id\":\"https:\/\/perspetivaatual.pt\/#organization\",\"name\":\"Perspetiva Atual\",\"url\":\"https:\/\/perspetivaatual.pt\/\",\"logo\":{\"@type\":\"ImageObject\",\"inLanguage\":\"pt-PT\",\"@id\":\"https:\/\/perspetivaatual.pt\/#\/schema\/logo\/image\/\",\"url\":\"https:\/\/perspetivaatual.pt\/wp-content\/uploads\/2020\/08\/cropped-perspetiva_atual-.png\",\"contentUrl\":\"https:\/\/perspetivaatual.pt\/wp-content\/uploads\/2020\/08\/cropped-perspetiva_atual-.png\",\"width\":618,\"height\":202,\"caption\":\"Perspetiva Atual\"},\"image\":{\"@id\":\"https:\/\/perspetivaatual.pt\/#\/schema\/logo\/image\/\"}},{\"@type\":\"Person\",\"@id\":\"https:\/\/perspetivaatual.pt\/#\/schema\/person\/c90e8e11129f189f1b7588bf2888f8b5\",\"name\":\"Vitoria Girao\",\"image\":{\"@type\":\"ImageObject\",\"inLanguage\":\"pt-PT\",\"@id\":\"https:\/\/perspetivaatual.pt\/#\/schema\/person\/image\/\",\"url\":\"https:\/\/secure.gravatar.com\/avatar\/7a4a232c077ec4326004bec18e9d4616?s=96&d=mm&r=g\",\"contentUrl\":\"https:\/\/secure.gravatar.com\/avatar\/7a4a232c077ec4326004bec18e9d4616?s=96&d=mm&r=g\",\"caption\":\"Vitoria Girao\"},\"url\":\"https:\/\/perspetivaatual.pt\/index.php\/author\/vitoria-girao\/\"}]}<\/script>\n<!-- \/ Yoast SEO plugin. -->","yoast_head_json":{"title":"Escola Superior de Enfermagem da Universidade de Coimbra vai continuar \u201cbusca incessante pela excel\u00eancia\u201d - Perspetiva Atual","description":"A partir do pr\u00f3ximo ano letivo, os cursos da Escola Superior de Enfermagem de Coimbra passam a integrar a Universidade de Coimbra...","robots":{"index":"index","follow":"follow","max-snippet":"max-snippet:-1","max-image-preview":"max-image-preview:large","max-video-preview":"max-video-preview:-1"},"canonical":"https:\/\/perspetivaatual.pt\/index.php\/2025\/06\/06\/escola-superior-de-enfermagem-da-universidade-de-coimbra-vai-continuar-busca-incessante-pela-excelencia\/","og_locale":"pt_PT","og_type":"article","og_title":"Escola Superior de Enfermagem da Universidade de Coimbra vai continuar \u201cbusca incessante pela excel\u00eancia\u201d - Perspetiva Atual","og_description":"A partir do pr\u00f3ximo ano letivo, os cursos da Escola Superior de Enfermagem de Coimbra passam a integrar a Universidade de Coimbra...","og_url":"https:\/\/perspetivaatual.pt\/index.php\/2025\/06\/06\/escola-superior-de-enfermagem-da-universidade-de-coimbra-vai-continuar-busca-incessante-pela-excelencia\/","og_site_name":"Perspetiva Atual","article_published_time":"2025-06-06T07:00:00+00:00","article_modified_time":"2025-05-30T08:14:11+00:00","og_image":[{"width":2560,"height":1707,"url":"https:\/\/perspetivaatual.pt\/wp-content\/uploads\/2025\/05\/Professor-Fernando-Amaral-scaled.jpg","type":"image\/jpeg"}],"author":"Vitoria Girao","twitter_card":"summary_large_image","twitter_misc":{"Escrito por":false,"Tempo estimado de leitura":"15 minutos"},"schema":{"@context":"https:\/\/schema.org","@graph":[{"@type":"Article","@id":"https:\/\/perspetivaatual.pt\/index.php\/2025\/06\/06\/escola-superior-de-enfermagem-da-universidade-de-coimbra-vai-continuar-busca-incessante-pela-excelencia\/#article","isPartOf":{"@id":"https:\/\/perspetivaatual.pt\/index.php\/2025\/06\/06\/escola-superior-de-enfermagem-da-universidade-de-coimbra-vai-continuar-busca-incessante-pela-excelencia\/"},"author":{"name":"Vitoria Girao","@id":"https:\/\/perspetivaatual.pt\/#\/schema\/person\/c90e8e11129f189f1b7588bf2888f8b5"},"headline":"Escola Superior de Enfermagem da Universidade de Coimbra vai continuar \u201cbusca incessante pela excel\u00eancia\u201d","datePublished":"2025-06-06T07:00:00+00:00","dateModified":"2025-05-30T08:14:11+00:00","mainEntityOfPage":{"@id":"https:\/\/perspetivaatual.pt\/index.php\/2025\/06\/06\/escola-superior-de-enfermagem-da-universidade-de-coimbra-vai-continuar-busca-incessante-pela-excelencia\/"},"wordCount":2794,"commentCount":0,"publisher":{"@id":"https:\/\/perspetivaatual.pt\/#organization"},"image":{"@id":"https:\/\/perspetivaatual.pt\/index.php\/2025\/06\/06\/escola-superior-de-enfermagem-da-universidade-de-coimbra-vai-continuar-busca-incessante-pela-excelencia\/#primaryimage"},"thumbnailUrl":"https:\/\/perspetivaatual.pt\/wp-content\/uploads\/2025\/05\/Professor-Fernando-Amaral-scaled.jpg","keywords":["#145anosdehist\u00f3ria","#Ant\u00f3nioFernandoAmaral","#buscapelaexcel\u00eancia","#Educa\u00e7\u00e3o","#enfermagem","#escolasuperiordeenfermagem"],"articleSection":["Destaques","Educa\u00e7\u00e3o"],"inLanguage":"pt-PT","potentialAction":[{"@type":"CommentAction","name":"Comment","target":["https:\/\/perspetivaatual.pt\/index.php\/2025\/06\/06\/escola-superior-de-enfermagem-da-universidade-de-coimbra-vai-continuar-busca-incessante-pela-excelencia\/#respond"]}]},{"@type":"WebPage","@id":"https:\/\/perspetivaatual.pt\/index.php\/2025\/06\/06\/escola-superior-de-enfermagem-da-universidade-de-coimbra-vai-continuar-busca-incessante-pela-excelencia\/","url":"https:\/\/perspetivaatual.pt\/index.php\/2025\/06\/06\/escola-superior-de-enfermagem-da-universidade-de-coimbra-vai-continuar-busca-incessante-pela-excelencia\/","name":"Escola Superior de Enfermagem da Universidade de Coimbra vai continuar \u201cbusca incessante pela excel\u00eancia\u201d - Perspetiva Atual","isPartOf":{"@id":"https:\/\/perspetivaatual.pt\/#website"},"primaryImageOfPage":{"@id":"https:\/\/perspetivaatual.pt\/index.php\/2025\/06\/06\/escola-superior-de-enfermagem-da-universidade-de-coimbra-vai-continuar-busca-incessante-pela-excelencia\/#primaryimage"},"image":{"@id":"https:\/\/perspetivaatual.pt\/index.php\/2025\/06\/06\/escola-superior-de-enfermagem-da-universidade-de-coimbra-vai-continuar-busca-incessante-pela-excelencia\/#primaryimage"},"thumbnailUrl":"https:\/\/perspetivaatual.pt\/wp-content\/uploads\/2025\/05\/Professor-Fernando-Amaral-scaled.jpg","datePublished":"2025-06-06T07:00:00+00:00","dateModified":"2025-05-30T08:14:11+00:00","description":"A partir do pr\u00f3ximo ano letivo, os cursos da Escola Superior de Enfermagem de Coimbra passam a integrar a Universidade de Coimbra...","breadcrumb":{"@id":"https:\/\/perspetivaatual.pt\/index.php\/2025\/06\/06\/escola-superior-de-enfermagem-da-universidade-de-coimbra-vai-continuar-busca-incessante-pela-excelencia\/#breadcrumb"},"inLanguage":"pt-PT","potentialAction":[{"@type":"ReadAction","target":["https:\/\/perspetivaatual.pt\/index.php\/2025\/06\/06\/escola-superior-de-enfermagem-da-universidade-de-coimbra-vai-continuar-busca-incessante-pela-excelencia\/"]}]},{"@type":"ImageObject","inLanguage":"pt-PT","@id":"https:\/\/perspetivaatual.pt\/index.php\/2025\/06\/06\/escola-superior-de-enfermagem-da-universidade-de-coimbra-vai-continuar-busca-incessante-pela-excelencia\/#primaryimage","url":"https:\/\/perspetivaatual.pt\/wp-content\/uploads\/2025\/05\/Professor-Fernando-Amaral-scaled.jpg","contentUrl":"https:\/\/perspetivaatual.pt\/wp-content\/uploads\/2025\/05\/Professor-Fernando-Amaral-scaled.jpg","width":2560,"height":1707},{"@type":"BreadcrumbList","@id":"https:\/\/perspetivaatual.pt\/index.php\/2025\/06\/06\/escola-superior-de-enfermagem-da-universidade-de-coimbra-vai-continuar-busca-incessante-pela-excelencia\/#breadcrumb","itemListElement":[{"@type":"ListItem","position":1,"name":"Home","item":"https:\/\/perspetivaatual.pt\/"},{"@type":"ListItem","position":2,"name":"Escola Superior de Enfermagem da Universidade de Coimbra vai continuar \u201cbusca incessante pela excel\u00eancia\u201d"}]},{"@type":"WebSite","@id":"https:\/\/perspetivaatual.pt\/#website","url":"https:\/\/perspetivaatual.pt\/","name":"Perspetiva Atual","description":"Olhar Portugal, de diferentes formas","publisher":{"@id":"https:\/\/perspetivaatual.pt\/#organization"},"potentialAction":[{"@type":"SearchAction","target":{"@type":"EntryPoint","urlTemplate":"https:\/\/perspetivaatual.pt\/?s={search_term_string}"},"query-input":{"@type":"PropertyValueSpecification","valueRequired":true,"valueName":"search_term_string"}}],"inLanguage":"pt-PT"},{"@type":"Organization","@id":"https:\/\/perspetivaatual.pt\/#organization","name":"Perspetiva Atual","url":"https:\/\/perspetivaatual.pt\/","logo":{"@type":"ImageObject","inLanguage":"pt-PT","@id":"https:\/\/perspetivaatual.pt\/#\/schema\/logo\/image\/","url":"https:\/\/perspetivaatual.pt\/wp-content\/uploads\/2020\/08\/cropped-perspetiva_atual-.png","contentUrl":"https:\/\/perspetivaatual.pt\/wp-content\/uploads\/2020\/08\/cropped-perspetiva_atual-.png","width":618,"height":202,"caption":"Perspetiva Atual"},"image":{"@id":"https:\/\/perspetivaatual.pt\/#\/schema\/logo\/image\/"}},{"@type":"Person","@id":"https:\/\/perspetivaatual.pt\/#\/schema\/person\/c90e8e11129f189f1b7588bf2888f8b5","name":"Vitoria Girao","image":{"@type":"ImageObject","inLanguage":"pt-PT","@id":"https:\/\/perspetivaatual.pt\/#\/schema\/person\/image\/","url":"https:\/\/secure.gravatar.com\/avatar\/7a4a232c077ec4326004bec18e9d4616?s=96&d=mm&r=g","contentUrl":"https:\/\/secure.gravatar.com\/avatar\/7a4a232c077ec4326004bec18e9d4616?s=96&d=mm&r=g","caption":"Vitoria Girao"},"url":"https:\/\/perspetivaatual.pt\/index.php\/author\/vitoria-girao\/"}]}},"featured_image_urls":{"full":["https:\/\/perspetivaatual.pt\/wp-content\/uploads\/2025\/05\/Professor-Fernando-Amaral-scaled.jpg",2560,1707,false],"thumbnail":["https:\/\/perspetivaatual.pt\/wp-content\/uploads\/2025\/05\/Professor-Fernando-Amaral-150x150.jpg",150,150,true],"medium":["https:\/\/perspetivaatual.pt\/wp-content\/uploads\/2025\/05\/Professor-Fernando-Amaral-300x200.jpg",300,200,true],"medium_large":["https:\/\/perspetivaatual.pt\/wp-content\/uploads\/2025\/05\/Professor-Fernando-Amaral-768x512.jpg",640,427,true],"large":["https:\/\/perspetivaatual.pt\/wp-content\/uploads\/2025\/05\/Professor-Fernando-Amaral-1024x683.jpg",640,427,true],"1536x1536":["https:\/\/perspetivaatual.pt\/wp-content\/uploads\/2025\/05\/Professor-Fernando-Amaral-1536x1024.jpg",1536,1024,true],"2048x2048":["https:\/\/perspetivaatual.pt\/wp-content\/uploads\/2025\/05\/Professor-Fernando-Amaral-2048x1365.jpg",2048,1365,true],"magazine-7-slider-full":["https:\/\/perspetivaatual.pt\/wp-content\/uploads\/2025\/05\/Professor-Fernando-Amaral-1536x1020.jpg",1536,1020,true],"magazine-7-slider-center":["https:\/\/perspetivaatual.pt\/wp-content\/uploads\/2025\/05\/Professor-Fernando-Amaral-936x897.jpg",936,897,true],"magazine-7-featured":["https:\/\/perspetivaatual.pt\/wp-content\/uploads\/2025\/05\/Professor-Fernando-Amaral-1024x683.jpg",1024,683,true],"magazine-7-medium":["https:\/\/perspetivaatual.pt\/wp-content\/uploads\/2025\/05\/Professor-Fernando-Amaral-720x380.jpg",720,380,true],"magazine-7-medium-square":["https:\/\/perspetivaatual.pt\/wp-content\/uploads\/2025\/05\/Professor-Fernando-Amaral-675x450.jpg",675,450,true],"rpwe-thumbnail":["https:\/\/perspetivaatual.pt\/wp-content\/uploads\/2025\/05\/Professor-Fernando-Amaral-45x45.jpg",45,45,true]},"author_info":{"info":[false]},"category_info":"<a href=\"https:\/\/perspetivaatual.pt\/index.php\/category\/destaques\/\" rel=\"category tag\">Destaques<\/a> <a href=\"https:\/\/perspetivaatual.pt\/index.php\/category\/educacao\/\" rel=\"category tag\">Educa\u00e7\u00e3o<\/a>","tag_info":"Educa\u00e7\u00e3o","comment_count":"0","_links":{"self":[{"href":"https:\/\/perspetivaatual.pt\/index.php\/wp-json\/wp\/v2\/posts\/4687","targetHints":{"allow":["GET"]}}],"collection":[{"href":"https:\/\/perspetivaatual.pt\/index.php\/wp-json\/wp\/v2\/posts"}],"about":[{"href":"https:\/\/perspetivaatual.pt\/index.php\/wp-json\/wp\/v2\/types\/post"}],"author":[{"embeddable":true,"href":"https:\/\/perspetivaatual.pt\/index.php\/wp-json\/wp\/v2\/users\/11"}],"replies":[{"embeddable":true,"href":"https:\/\/perspetivaatual.pt\/index.php\/wp-json\/wp\/v2\/comments?post=4687"}],"version-history":[{"count":0,"href":"https:\/\/perspetivaatual.pt\/index.php\/wp-json\/wp\/v2\/posts\/4687\/revisions"}],"wp:featuredmedia":[{"embeddable":true,"href":"https:\/\/perspetivaatual.pt\/index.php\/wp-json\/wp\/v2\/media\/4688"}],"wp:attachment":[{"href":"https:\/\/perspetivaatual.pt\/index.php\/wp-json\/wp\/v2\/media?parent=4687"}],"wp:term":[{"taxonomy":"category","embeddable":true,"href":"https:\/\/perspetivaatual.pt\/index.php\/wp-json\/wp\/v2\/categories?post=4687"},{"taxonomy":"post_tag","embeddable":true,"href":"https:\/\/perspetivaatual.pt\/index.php\/wp-json\/wp\/v2\/tags?post=4687"}],"curies":[{"name":"wp","href":"https:\/\/api.w.org\/{rel}","templated":true}]}}