{"id":4858,"date":"2025-07-18T07:00:00","date_gmt":"2025-07-18T07:00:00","guid":{"rendered":"https:\/\/perspetivaatual.pt\/?p=4858"},"modified":"2025-07-14T09:37:01","modified_gmt":"2025-07-14T09:37:01","slug":"edum-renova-oferta-academica-e-prepara-nova-geracao-de-juristas-e-investigadores","status":"publish","type":"post","link":"https:\/\/perspetivaatual.pt\/index.php\/2025\/07\/18\/edum-renova-oferta-academica-e-prepara-nova-geracao-de-juristas-e-investigadores\/","title":{"rendered":"EDUM renova oferta acad\u00e9mica e prepara nova gera\u00e7\u00e3o de juristas e investigadores"},"content":{"rendered":"\n<p><strong>A Escola de Direito da Universidade do Minho avan\u00e7a para o novo ano letivo com novas propostas. Entre as prioridades, a Presidente Cristina Dias destaca o lan\u00e7amento do doutoramento em Ci\u00eancias Criminais, a aposta na internacionaliza\u00e7\u00e3o e a melhoria da articula\u00e7\u00e3o entre o ensino e a investiga\u00e7\u00e3o, coordenada pelo centro de investiga\u00e7\u00e3o JusGov. \u201cQueremos continuar a apostar numa investiga\u00e7\u00e3o de excel\u00eancia, no \u00e2mbito do nosso Centro de Investiga\u00e7\u00e3o, o JusGov, que obteve nesta \u00faltima avalia\u00e7\u00e3o, em 2025, a classifica\u00e7\u00e3o de Excelente\u201d.<\/strong><\/p>\n\n\n\n<p><strong>Perspetiva Atual: Apesar da sua juventude, a Escola de Direito da Universidade do Minho (EDUM) foi a terceira academia p\u00fablica de Direito a nascer em Portugal. Certamente, esse posicionamento hist\u00f3rico tem influenciado a identidade e a miss\u00e3o da Escola ao longo das \u00faltimas tr\u00eas d\u00e9cadas. O que distingue o ensino e a investiga\u00e7\u00e3o da EDUM no atual contexto do sistema jur\u00eddico em Portugal?<\/strong><\/p>\n\n\n\n<figure class=\"wp-block-image aligncenter is-resized\"><img loading=\"lazy\" decoding=\"async\" width=\"1600\" height=\"1060\" src=\"http:\/\/perspetivaatual.pt\/wp-content\/uploads\/2025\/07\/Professora_Cristina_Dias.jpg\" alt=\"\" class=\"wp-image-4860\" style=\"width:619px;height:auto\" srcset=\"https:\/\/perspetivaatual.pt\/wp-content\/uploads\/2025\/07\/Professora_Cristina_Dias.jpg 1600w, https:\/\/perspetivaatual.pt\/wp-content\/uploads\/2025\/07\/Professora_Cristina_Dias-300x199.jpg 300w, https:\/\/perspetivaatual.pt\/wp-content\/uploads\/2025\/07\/Professora_Cristina_Dias-1024x678.jpg 1024w, https:\/\/perspetivaatual.pt\/wp-content\/uploads\/2025\/07\/Professora_Cristina_Dias-768x509.jpg 768w, https:\/\/perspetivaatual.pt\/wp-content\/uploads\/2025\/07\/Professora_Cristina_Dias-1536x1018.jpg 1536w\" sizes=\"auto, (max-width: 1600px) 100vw, 1600px\" \/><figcaption class=\"wp-element-caption\">Cristina Dias, Presidente da Escola de Direito<br>da Universidade do Minho<\/figcaption><\/figure>\n\n\n\n<p><strong>Cristina Dias:<\/strong> \u00c9 ineg\u00e1vel o destaque que a EDUM tem no plano nacional e internacional. Rigor, qualidade e excel\u00eancia marcam a EDUM, bem como o seu profundo humanismo. A nossa oferta formativa atende \u00e0s necessidades sentidas na comunidade jur\u00eddica e procura dar uma resposta especializada aos problemas jur\u00eddicos que se fazem sentir nas mais diversas \u00e1reas. Prova disso \u00e9 a procura regular que os nossos cursos t\u00eam tido ao longo dos v\u00e1rios anos, quer por estudantes nacionais, quer internacionais. Para que assim seja, estamos constantemente atentos ao surgimento de novos desafios, que se traduzem em novas \u00e1reas de especializa\u00e7\u00e3o dos conhecimentos ao n\u00edvel da nossa oferta formativa, conferente de grau e n\u00e3o conferente de grau.<\/p>\n\n\n\n<p>Temos um corpo docente altamente qualificado, que procura permanentemente a sua especializa\u00e7\u00e3o e atualiza\u00e7\u00e3o, consolidando a qualidade do ensino ministrado nos v\u00e1rios ciclos de estudos. Isso traduz-se, por um lado, na qualidade da produ\u00e7\u00e3o cient\u00edfica dos nossos docentes, reconhecida do ponto de vista nacional e internacional, bem como, por outro lado, na aposta em novas pr\u00e1ticas pedag\u00f3gicas, centradas no estudante.<\/p>\n\n\n\n<p>Para quem n\u00e3o pretende uma forma\u00e7\u00e3o graduada e procura, essencialmente, uma atualiza\u00e7\u00e3o de conhecimentos, a EDUM oferece tamb\u00e9m cursos breves, n\u00e3o conferentes de grau, que v\u00eam dar resposta a tais interesses. A prepara\u00e7\u00e3o dos nossos estudantes passa tamb\u00e9m pela aquisi\u00e7\u00e3o de compet\u00eancias transversais, podendo apreend\u00ea-las pela assist\u00eancia aos v\u00e1rios eventos cient\u00edficos realizados na EDUM ao longo de cada ano (aulas abertas, workshops, semin\u00e1rios, etc). De mencionar ainda as v\u00e1rias iniciativas no \u00e2mbito do JusGov \u2013 Centro de Investiga\u00e7\u00e3o em Justi\u00e7a e Governa\u00e7\u00e3o.<\/p>\n\n\n\n<p><strong>PA:<\/strong> <strong>A liga\u00e7\u00e3o entre a EDUM e o setor privado tem sido apontada como uma estrat\u00e9gia essencial para a empregabilidade dos estudantes. Que parcerias t\u00eam sido estabelecidas para garantir essa aproxima\u00e7\u00e3o ao mercado de trabalho?<\/strong><\/p>\n\n\n\n<p><strong>CD:<\/strong> A EDUM articula-se com a sociedade, de onde v\u00eam muitas das quest\u00f5es que motivam a atividade da Escola e do seu Centro de Investiga\u00e7\u00e3o, e para onde devem estar dirigidas as reflex\u00f5es e respostas encontradas. S\u00f3 dessa forma tamb\u00e9m assegura que os seus estudantes possam ter contacto com a realidade e o mercado de trabalho onde se inserir\u00e3o depois de conclu\u00edrem a sua forma\u00e7\u00e3o na Escola de Direito. Para prosseguirmos esses objetivos, estabelecemos parcerias e protocolos com sociedades de advogados, empresas, associa\u00e7\u00f5es e institui\u00e7\u00f5es nacionais e internacionais, organizamos confer\u00eancias e congressos em articula\u00e7\u00e3o com a sociedade civil e participamos em redes internacionais.<\/p>\n\n\n\n<p>Temos, igualmente, vindo a celebrar protocolos de est\u00e1gios extracurriculares ou curriculares para os nossos estudantes junto de v\u00e1rias entidades, bem como a promover a atribui\u00e7\u00e3o de pr\u00e9mios escolares em parceria com as referidas entidades.<\/p>\n\n\n\n<p><strong>PA:<\/strong> <strong>O Centro de Investiga\u00e7\u00e3o em Justi\u00e7a e Governa\u00e7\u00e3o da Escola de Direito da UMinho (JusGov) desenvolve projetos cient\u00edficos que articulam o ensino e a investiga\u00e7\u00e3o jur\u00eddica. Quais s\u00e3o os temas de investiga\u00e7\u00e3o priorit\u00e1rios e de que modo refletem as necessidades da sociedade e as exig\u00eancias do regime jur\u00eddico?<\/strong><\/p>\n\n\n\n<p><strong>CD:<\/strong> A investiga\u00e7\u00e3o desenvolvida no JusGov \u00e9 realizada por sete grupos de investiga\u00e7\u00e3o (CEDU \u2013 Estudos em Direito da Uni\u00e3o Europeia, DH \u2013 Direitos Humanos, E-TEC \u2013 Estado, Empresa e Tecnologia, GLOB \u2013 Globaliza\u00e7\u00e3o, Democracia e Poder, JusLab \u2013 Laborat\u00f3rio de Justi\u00e7a, JusCrim \u2013 Justi\u00e7a Criminal e Criminologia, EI \u2013 Escola de Investigadores \u2013 v. <a>https:\/\/www.jusgov.uminho.pt\/pt-pt\/research\/grupos-de-investigacao\/<\/a>), que integram equipas interdisciplinares, incluindo investigadores de outras \u00e1reas como a criminologia, a sociologia, a antropologia, a psicologia, a economia e a inform\u00e1tica, e contam com colabora\u00e7\u00f5es frequentes em v\u00e1rias linhas disciplinares, como a engenharia de computa\u00e7\u00e3o e as ci\u00eancias da sa\u00fade. Cada grupo tem eixos tem\u00e1ticos de investiga\u00e7\u00e3o priorit\u00e1rios, sem preju\u00edzo da sua interliga\u00e7\u00e3o.<\/p>\n\n\n\n<p>O JusGov desenvolve projetos cient\u00edficos que articulam ensino e investiga\u00e7\u00e3o jur\u00eddica periodicamente, como os que decorrem no \u00e2mbito do Pr\u00e9mio UMinho Inicia\u00e7\u00e3o na Investiga\u00e7\u00e3o Cient\u00edfica, que abarca os estudantes das licenciaturas da EDUM, ou os que s\u00e3o desenvolvidos por estudantes de licenciatura e\/ou mestrado, por vezes com bolsas concedidas para o efeito. Acresce que, com frequ\u00eancia, os estudantes dos tr\u00eas ciclos de estudos integram as equipas de projetos \u2013 alguns com financiamento externo.<\/p>\n\n\n\n<p>Os temas de investiga\u00e7\u00e3o priorit\u00e1rios respeitam sempre aos eixos tem\u00e1ticos de investiga\u00e7\u00e3o dos sete grupos do JusGov \u2013 sendo um deles especialmente desenhado para os jovens investigadores: a EI \u2013, cujo denominador comum se encontra no objetivo de explorar o papel do Direito na resposta aos desafios da atualidade, tal como delineados na Agenda 2030 das Na\u00e7\u00f5es Unidas para o Desenvolvimento Sustent\u00e1vel, centrando-se na promo\u00e7\u00e3o de sociedades pac\u00edficas e inclusivas, na igualdade de g\u00e9nero, no acesso \u00e0 justi\u00e7a para todos e na cria\u00e7\u00e3o de institui\u00e7\u00f5es eficazes e respons\u00e1veis a todos os n\u00edveis.<\/p>\n\n\n\n<p><strong>PA:<\/strong> <strong>A Escola de Direito da Universidade do Minho anunciou a abertura do Doutoramento em Ci\u00eancias Criminais, um curso \u00abinovador que visa desenvolver as capacidades de pesquisa e proporcionar uma s\u00f3lida forma\u00e7\u00e3o avan\u00e7ada nas \u00e1reas de Justi\u00e7a Penal e Criminologia\u00bb. Como se posiciona este doutoramento face a outras ofertas formativas semelhantes a n\u00edvel nacional e internacional?<\/strong><\/p>\n\n\n\n<p><strong>CD:<\/strong> O Doutoramento em Ci\u00eancias Criminais da Escola de Direito da Universidade do Minho \u00e9 \u00fanico no panorama nacional, destacando-se igualmente no dom\u00ednio internacional, por partir de uma vis\u00e3o englobante das Ci\u00eancias Criminais, permitindo depois aos seus estudantes escolher a \u00e1rea de especializa\u00e7\u00e3o que melhor lhes quadre: Justi\u00e7a Penal ou Criminologia. Esta op\u00e7\u00e3o \u00e9 particularmente relevante para quem opte pelo Doutoramento com parte curricular, j\u00e1 que fornece aos alunos uma primeira abordagem conjunta (com unidades curriculares como <em>Comportamentos Aditivos e Crime<\/em>, <em>Desafios da Penologia<\/em> e <em>Modelos de Justi\u00e7a Penal<\/em>), focando depois nas mat\u00e9rias espec\u00edficas da \u00e1rea selecionada.<\/p>\n\n\n\n<p>Este modelo corresponde a uma aposta que a Escola de Direito p\u00f4s em marcha h\u00e1 mais de uma d\u00e9cada, com a cria\u00e7\u00e3o da Licenciatura em Criminologia e Justi\u00e7a Criminal ao lado da cl\u00e1ssica Licenciatura em Direito e, mais tarde, com a cria\u00e7\u00e3o de um Mestrado em Ci\u00eancias Criminais, tamb\u00e9m ele com as \u00e1reas de especializa\u00e7\u00e3o de Justi\u00e7a Penal e Criminologia. Neste momento, fornecemos, portanto, uma oferta formativa completa (1.\u00ba, 2.\u00ba e 3.\u00ba ciclos).<\/p>\n\n\n\n<p><strong>PA:<\/strong> <strong>Com a aproxima\u00e7\u00e3o do t\u00e9rmino do ano letivo, restam-nos questionar os objetivos e projetos delineados para o pr\u00f3ximo ano. Que metas pretende que sejam alcan\u00e7adas ainda em 2025?<\/strong><\/p>\n\n\n\n<p><strong>CD:<\/strong> Neste ano de 2025, os cursos submetidos a acredita\u00e7\u00e3o foram avaliados positivamente (sem condi\u00e7\u00f5es e pelo per\u00edodo m\u00e1ximo de seis anos) pela Ag\u00eancia de Avalia\u00e7\u00e3o e Acredita\u00e7\u00e3o do Ensino Superior (A3ES), o que traduz a qualidade da oferta educativa da EDUM, vis\u00edvel tamb\u00e9m nas elevadas classifica\u00e7\u00f5es de entrada dos nossos estudantes de licenciatura e na grande procura que os nossos cursos de mestrado e doutoramento t\u00eam tido.<\/p>\n\n\n\n<p>A decis\u00e3o confirma a excel\u00eancia cient\u00edfica, pedag\u00f3gica e organizacional da Escola, refor\u00e7ando o seu compromisso com um ensino em Direito e em Criminologia e Justi\u00e7a Criminal de excel\u00eancia, alinhado com as melhores pr\u00e1ticas nacionais e internacionais.<\/p>\n\n\n\n<p>Como referi, a EDUM esteve e est\u00e1 atenta \u00e0s novas necessidades do mundo jur\u00eddico e, por isso, apostou e continuar\u00e1 a apostar na cria\u00e7\u00e3o de cursos breves, n\u00e3o conferentes de grau, presenciais e\/ou a dist\u00e2ncia. Queremos continuar a apostar numa investiga\u00e7\u00e3o de excel\u00eancia, no \u00e2mbito do nosso Centro de Investiga\u00e7\u00e3o, o JusGov, que obteve nesta \u00faltima avalia\u00e7\u00e3o, em 2025, a classifica\u00e7\u00e3o de Excelente.<\/p>\n\n\n\n<p>A consolida\u00e7\u00e3o dos nossos cursos conferentes de grau \u2013 como licenciaturas, mestrados e doutoramentos de excel\u00eancia \u2013 exige um trabalho cont\u00ednuo e exigente, que temos realizado e queremos continuar, especialmente no pr\u00f3ximo ano letivo com o arranque do nosso novo curso de Doutoramento em Ci\u00eancias Criminais.<\/p>\n\n\n\n<p>A aposta na internacionaliza\u00e7\u00e3o exige que possamos dar resposta \u00e0s necessidades dos estudantes internacionais, procurando o seu adequado acolhimento e integra\u00e7\u00e3o na vida acad\u00e9mica, o que temos vindo a trabalhar (a ED e tamb\u00e9m a UM) nos \u00faltimos anos.<\/p>\n\n\n\n<p>H\u00e1 projetos ainda mais ambiciosos para os pr\u00f3ximos anos, alguns em intera\u00e7\u00e3o com outras UOEI da UM, que come\u00e7am agora a ser trabalhados.<\/p>\n\n\n\n<p><\/p>\n","protected":false},"excerpt":{"rendered":"<p>A Escola de Direito da Universidade do Minho avan\u00e7a para o novo ano letivo com<\/p>\n","protected":false},"author":11,"featured_media":4859,"comment_status":"open","ping_status":"open","sticky":false,"template":"","format":"standard","meta":{"footnotes":""},"categories":[3],"tags":[56,262,801],"class_list":["post-4858","post","type-post","status-publish","format-standard","has-post-thumbnail","hentry","category-educacao","tag-educacao-2","tag-edum","tag-escola-de-direito-da-universidade-do-minho"],"yoast_head":"<!-- This site is optimized with the Yoast SEO plugin v24.2 - https:\/\/yoast.com\/wordpress\/plugins\/seo\/ -->\n<title>EDUM renova oferta acad\u00e9mica e prepara nova gera\u00e7\u00e3o de juristas e investigadores - Perspetiva Atual<\/title>\n<meta name=\"description\" content=\"A Escola de Direito da Universidade do Minho avan\u00e7a para o novo ano letivo com novas propostas. Entre as prioridades, a Presidente...\" \/>\n<meta name=\"robots\" content=\"index, follow, max-snippet:-1, max-image-preview:large, max-video-preview:-1\" \/>\n<link rel=\"canonical\" href=\"http:\/\/perspetivaatual.pt\/index.php\/2025\/07\/18\/edum-renova-oferta-academica-e-prepara-nova-geracao-de-juristas-e-investigadores\/\" \/>\n<meta property=\"og:locale\" content=\"pt_PT\" \/>\n<meta property=\"og:type\" content=\"article\" \/>\n<meta property=\"og:title\" content=\"EDUM renova oferta acad\u00e9mica e prepara nova gera\u00e7\u00e3o de juristas e investigadores - Perspetiva Atual\" \/>\n<meta property=\"og:description\" content=\"A Escola de Direito da Universidade do Minho avan\u00e7a para o novo ano letivo com novas propostas. Entre as prioridades, a Presidente...\" \/>\n<meta property=\"og:url\" content=\"http:\/\/perspetivaatual.pt\/index.php\/2025\/07\/18\/edum-renova-oferta-academica-e-prepara-nova-geracao-de-juristas-e-investigadores\/\" \/>\n<meta property=\"og:site_name\" content=\"Perspetiva Atual\" \/>\n<meta property=\"article:published_time\" content=\"2025-07-18T07:00:00+00:00\" \/>\n<meta property=\"article:modified_time\" content=\"2025-07-14T09:37:01+00:00\" \/>\n<meta property=\"og:image\" content=\"http:\/\/perspetivaatual.pt\/wp-content\/uploads\/2025\/07\/Escola-Direito-2-scaled.jpg\" \/>\n\t<meta property=\"og:image:width\" content=\"2560\" \/>\n\t<meta property=\"og:image:height\" content=\"1358\" \/>\n\t<meta property=\"og:image:type\" content=\"image\/jpeg\" \/>\n<meta name=\"author\" content=\"Vitoria Girao\" \/>\n<meta name=\"twitter:card\" content=\"summary_large_image\" \/>\n<meta name=\"twitter:label1\" content=\"Escrito por\" \/>\n\t<meta name=\"twitter:data1\" content=\"\" \/>\n\t<meta name=\"twitter:label2\" content=\"Tempo estimado de leitura\" \/>\n\t<meta name=\"twitter:data2\" content=\"9 minutos\" \/>\n<script type=\"application\/ld+json\" class=\"yoast-schema-graph\">{\"@context\":\"https:\/\/schema.org\",\"@graph\":[{\"@type\":\"Article\",\"@id\":\"http:\/\/perspetivaatual.pt\/index.php\/2025\/07\/18\/edum-renova-oferta-academica-e-prepara-nova-geracao-de-juristas-e-investigadores\/#article\",\"isPartOf\":{\"@id\":\"http:\/\/perspetivaatual.pt\/index.php\/2025\/07\/18\/edum-renova-oferta-academica-e-prepara-nova-geracao-de-juristas-e-investigadores\/\"},\"author\":{\"name\":\"Vitoria Girao\",\"@id\":\"https:\/\/perspetivaatual.pt\/#\/schema\/person\/c90e8e11129f189f1b7588bf2888f8b5\"},\"headline\":\"EDUM renova oferta acad\u00e9mica e prepara nova gera\u00e7\u00e3o de juristas e investigadores\",\"datePublished\":\"2025-07-18T07:00:00+00:00\",\"dateModified\":\"2025-07-14T09:37:01+00:00\",\"mainEntityOfPage\":{\"@id\":\"http:\/\/perspetivaatual.pt\/index.php\/2025\/07\/18\/edum-renova-oferta-academica-e-prepara-nova-geracao-de-juristas-e-investigadores\/\"},\"wordCount\":1631,\"commentCount\":0,\"publisher\":{\"@id\":\"https:\/\/perspetivaatual.pt\/#organization\"},\"image\":{\"@id\":\"http:\/\/perspetivaatual.pt\/index.php\/2025\/07\/18\/edum-renova-oferta-academica-e-prepara-nova-geracao-de-juristas-e-investigadores\/#primaryimage\"},\"thumbnailUrl\":\"https:\/\/perspetivaatual.pt\/wp-content\/uploads\/2025\/07\/Escola-Direito-2-scaled.jpg\",\"keywords\":[\"educa\u00e7\u00e3o\",\"EDUM\",\"Escola de Direito da Universidade do Minho\"],\"articleSection\":[\"Educa\u00e7\u00e3o\"],\"inLanguage\":\"pt-PT\",\"potentialAction\":[{\"@type\":\"CommentAction\",\"name\":\"Comment\",\"target\":[\"http:\/\/perspetivaatual.pt\/index.php\/2025\/07\/18\/edum-renova-oferta-academica-e-prepara-nova-geracao-de-juristas-e-investigadores\/#respond\"]}]},{\"@type\":\"WebPage\",\"@id\":\"http:\/\/perspetivaatual.pt\/index.php\/2025\/07\/18\/edum-renova-oferta-academica-e-prepara-nova-geracao-de-juristas-e-investigadores\/\",\"url\":\"http:\/\/perspetivaatual.pt\/index.php\/2025\/07\/18\/edum-renova-oferta-academica-e-prepara-nova-geracao-de-juristas-e-investigadores\/\",\"name\":\"EDUM renova oferta acad\u00e9mica e prepara nova gera\u00e7\u00e3o de juristas e investigadores - Perspetiva Atual\",\"isPartOf\":{\"@id\":\"https:\/\/perspetivaatual.pt\/#website\"},\"primaryImageOfPage\":{\"@id\":\"http:\/\/perspetivaatual.pt\/index.php\/2025\/07\/18\/edum-renova-oferta-academica-e-prepara-nova-geracao-de-juristas-e-investigadores\/#primaryimage\"},\"image\":{\"@id\":\"http:\/\/perspetivaatual.pt\/index.php\/2025\/07\/18\/edum-renova-oferta-academica-e-prepara-nova-geracao-de-juristas-e-investigadores\/#primaryimage\"},\"thumbnailUrl\":\"https:\/\/perspetivaatual.pt\/wp-content\/uploads\/2025\/07\/Escola-Direito-2-scaled.jpg\",\"datePublished\":\"2025-07-18T07:00:00+00:00\",\"dateModified\":\"2025-07-14T09:37:01+00:00\",\"description\":\"A Escola de Direito da Universidade do Minho avan\u00e7a para o novo ano letivo com novas propostas. Entre as prioridades, a Presidente...\",\"breadcrumb\":{\"@id\":\"http:\/\/perspetivaatual.pt\/index.php\/2025\/07\/18\/edum-renova-oferta-academica-e-prepara-nova-geracao-de-juristas-e-investigadores\/#breadcrumb\"},\"inLanguage\":\"pt-PT\",\"potentialAction\":[{\"@type\":\"ReadAction\",\"target\":[\"http:\/\/perspetivaatual.pt\/index.php\/2025\/07\/18\/edum-renova-oferta-academica-e-prepara-nova-geracao-de-juristas-e-investigadores\/\"]}]},{\"@type\":\"ImageObject\",\"inLanguage\":\"pt-PT\",\"@id\":\"http:\/\/perspetivaatual.pt\/index.php\/2025\/07\/18\/edum-renova-oferta-academica-e-prepara-nova-geracao-de-juristas-e-investigadores\/#primaryimage\",\"url\":\"https:\/\/perspetivaatual.pt\/wp-content\/uploads\/2025\/07\/Escola-Direito-2-scaled.jpg\",\"contentUrl\":\"https:\/\/perspetivaatual.pt\/wp-content\/uploads\/2025\/07\/Escola-Direito-2-scaled.jpg\",\"width\":2560,\"height\":1358},{\"@type\":\"BreadcrumbList\",\"@id\":\"http:\/\/perspetivaatual.pt\/index.php\/2025\/07\/18\/edum-renova-oferta-academica-e-prepara-nova-geracao-de-juristas-e-investigadores\/#breadcrumb\",\"itemListElement\":[{\"@type\":\"ListItem\",\"position\":1,\"name\":\"Home\",\"item\":\"https:\/\/perspetivaatual.pt\/\"},{\"@type\":\"ListItem\",\"position\":2,\"name\":\"EDUM renova oferta acad\u00e9mica e prepara nova gera\u00e7\u00e3o de juristas e investigadores\"}]},{\"@type\":\"WebSite\",\"@id\":\"https:\/\/perspetivaatual.pt\/#website\",\"url\":\"https:\/\/perspetivaatual.pt\/\",\"name\":\"Perspetiva Atual\",\"description\":\"Olhar Portugal, de diferentes formas\",\"publisher\":{\"@id\":\"https:\/\/perspetivaatual.pt\/#organization\"},\"potentialAction\":[{\"@type\":\"SearchAction\",\"target\":{\"@type\":\"EntryPoint\",\"urlTemplate\":\"https:\/\/perspetivaatual.pt\/?s={search_term_string}\"},\"query-input\":{\"@type\":\"PropertyValueSpecification\",\"valueRequired\":true,\"valueName\":\"search_term_string\"}}],\"inLanguage\":\"pt-PT\"},{\"@type\":\"Organization\",\"@id\":\"https:\/\/perspetivaatual.pt\/#organization\",\"name\":\"Perspetiva Atual\",\"url\":\"https:\/\/perspetivaatual.pt\/\",\"logo\":{\"@type\":\"ImageObject\",\"inLanguage\":\"pt-PT\",\"@id\":\"https:\/\/perspetivaatual.pt\/#\/schema\/logo\/image\/\",\"url\":\"https:\/\/perspetivaatual.pt\/wp-content\/uploads\/2020\/08\/cropped-perspetiva_atual-.png\",\"contentUrl\":\"https:\/\/perspetivaatual.pt\/wp-content\/uploads\/2020\/08\/cropped-perspetiva_atual-.png\",\"width\":618,\"height\":202,\"caption\":\"Perspetiva Atual\"},\"image\":{\"@id\":\"https:\/\/perspetivaatual.pt\/#\/schema\/logo\/image\/\"}},{\"@type\":\"Person\",\"@id\":\"https:\/\/perspetivaatual.pt\/#\/schema\/person\/c90e8e11129f189f1b7588bf2888f8b5\",\"name\":\"Vitoria Girao\",\"image\":{\"@type\":\"ImageObject\",\"inLanguage\":\"pt-PT\",\"@id\":\"https:\/\/perspetivaatual.pt\/#\/schema\/person\/image\/\",\"url\":\"https:\/\/secure.gravatar.com\/avatar\/7a4a232c077ec4326004bec18e9d4616?s=96&d=mm&r=g\",\"contentUrl\":\"https:\/\/secure.gravatar.com\/avatar\/7a4a232c077ec4326004bec18e9d4616?s=96&d=mm&r=g\",\"caption\":\"Vitoria Girao\"},\"url\":\"https:\/\/perspetivaatual.pt\/index.php\/author\/vitoria-girao\/\"}]}<\/script>\n<!-- \/ Yoast SEO plugin. -->","yoast_head_json":{"title":"EDUM renova oferta acad\u00e9mica e prepara nova gera\u00e7\u00e3o de juristas e investigadores - Perspetiva Atual","description":"A Escola de Direito da Universidade do Minho avan\u00e7a para o novo ano letivo com novas propostas. Entre as prioridades, a Presidente...","robots":{"index":"index","follow":"follow","max-snippet":"max-snippet:-1","max-image-preview":"max-image-preview:large","max-video-preview":"max-video-preview:-1"},"canonical":"http:\/\/perspetivaatual.pt\/index.php\/2025\/07\/18\/edum-renova-oferta-academica-e-prepara-nova-geracao-de-juristas-e-investigadores\/","og_locale":"pt_PT","og_type":"article","og_title":"EDUM renova oferta acad\u00e9mica e prepara nova gera\u00e7\u00e3o de juristas e investigadores - Perspetiva Atual","og_description":"A Escola de Direito da Universidade do Minho avan\u00e7a para o novo ano letivo com novas propostas. Entre as prioridades, a Presidente...","og_url":"http:\/\/perspetivaatual.pt\/index.php\/2025\/07\/18\/edum-renova-oferta-academica-e-prepara-nova-geracao-de-juristas-e-investigadores\/","og_site_name":"Perspetiva Atual","article_published_time":"2025-07-18T07:00:00+00:00","article_modified_time":"2025-07-14T09:37:01+00:00","og_image":[{"width":2560,"height":1358,"url":"http:\/\/perspetivaatual.pt\/wp-content\/uploads\/2025\/07\/Escola-Direito-2-scaled.jpg","type":"image\/jpeg"}],"author":"Vitoria Girao","twitter_card":"summary_large_image","twitter_misc":{"Escrito por":false,"Tempo estimado de leitura":"9 minutos"},"schema":{"@context":"https:\/\/schema.org","@graph":[{"@type":"Article","@id":"http:\/\/perspetivaatual.pt\/index.php\/2025\/07\/18\/edum-renova-oferta-academica-e-prepara-nova-geracao-de-juristas-e-investigadores\/#article","isPartOf":{"@id":"http:\/\/perspetivaatual.pt\/index.php\/2025\/07\/18\/edum-renova-oferta-academica-e-prepara-nova-geracao-de-juristas-e-investigadores\/"},"author":{"name":"Vitoria Girao","@id":"https:\/\/perspetivaatual.pt\/#\/schema\/person\/c90e8e11129f189f1b7588bf2888f8b5"},"headline":"EDUM renova oferta acad\u00e9mica e prepara nova gera\u00e7\u00e3o de juristas e investigadores","datePublished":"2025-07-18T07:00:00+00:00","dateModified":"2025-07-14T09:37:01+00:00","mainEntityOfPage":{"@id":"http:\/\/perspetivaatual.pt\/index.php\/2025\/07\/18\/edum-renova-oferta-academica-e-prepara-nova-geracao-de-juristas-e-investigadores\/"},"wordCount":1631,"commentCount":0,"publisher":{"@id":"https:\/\/perspetivaatual.pt\/#organization"},"image":{"@id":"http:\/\/perspetivaatual.pt\/index.php\/2025\/07\/18\/edum-renova-oferta-academica-e-prepara-nova-geracao-de-juristas-e-investigadores\/#primaryimage"},"thumbnailUrl":"https:\/\/perspetivaatual.pt\/wp-content\/uploads\/2025\/07\/Escola-Direito-2-scaled.jpg","keywords":["educa\u00e7\u00e3o","EDUM","Escola de Direito da Universidade do Minho"],"articleSection":["Educa\u00e7\u00e3o"],"inLanguage":"pt-PT","potentialAction":[{"@type":"CommentAction","name":"Comment","target":["http:\/\/perspetivaatual.pt\/index.php\/2025\/07\/18\/edum-renova-oferta-academica-e-prepara-nova-geracao-de-juristas-e-investigadores\/#respond"]}]},{"@type":"WebPage","@id":"http:\/\/perspetivaatual.pt\/index.php\/2025\/07\/18\/edum-renova-oferta-academica-e-prepara-nova-geracao-de-juristas-e-investigadores\/","url":"http:\/\/perspetivaatual.pt\/index.php\/2025\/07\/18\/edum-renova-oferta-academica-e-prepara-nova-geracao-de-juristas-e-investigadores\/","name":"EDUM renova oferta acad\u00e9mica e prepara nova gera\u00e7\u00e3o de juristas e investigadores - Perspetiva Atual","isPartOf":{"@id":"https:\/\/perspetivaatual.pt\/#website"},"primaryImageOfPage":{"@id":"http:\/\/perspetivaatual.pt\/index.php\/2025\/07\/18\/edum-renova-oferta-academica-e-prepara-nova-geracao-de-juristas-e-investigadores\/#primaryimage"},"image":{"@id":"http:\/\/perspetivaatual.pt\/index.php\/2025\/07\/18\/edum-renova-oferta-academica-e-prepara-nova-geracao-de-juristas-e-investigadores\/#primaryimage"},"thumbnailUrl":"https:\/\/perspetivaatual.pt\/wp-content\/uploads\/2025\/07\/Escola-Direito-2-scaled.jpg","datePublished":"2025-07-18T07:00:00+00:00","dateModified":"2025-07-14T09:37:01+00:00","description":"A Escola de Direito da Universidade do Minho avan\u00e7a para o novo ano letivo com novas propostas. Entre as prioridades, a Presidente...","breadcrumb":{"@id":"http:\/\/perspetivaatual.pt\/index.php\/2025\/07\/18\/edum-renova-oferta-academica-e-prepara-nova-geracao-de-juristas-e-investigadores\/#breadcrumb"},"inLanguage":"pt-PT","potentialAction":[{"@type":"ReadAction","target":["http:\/\/perspetivaatual.pt\/index.php\/2025\/07\/18\/edum-renova-oferta-academica-e-prepara-nova-geracao-de-juristas-e-investigadores\/"]}]},{"@type":"ImageObject","inLanguage":"pt-PT","@id":"http:\/\/perspetivaatual.pt\/index.php\/2025\/07\/18\/edum-renova-oferta-academica-e-prepara-nova-geracao-de-juristas-e-investigadores\/#primaryimage","url":"https:\/\/perspetivaatual.pt\/wp-content\/uploads\/2025\/07\/Escola-Direito-2-scaled.jpg","contentUrl":"https:\/\/perspetivaatual.pt\/wp-content\/uploads\/2025\/07\/Escola-Direito-2-scaled.jpg","width":2560,"height":1358},{"@type":"BreadcrumbList","@id":"http:\/\/perspetivaatual.pt\/index.php\/2025\/07\/18\/edum-renova-oferta-academica-e-prepara-nova-geracao-de-juristas-e-investigadores\/#breadcrumb","itemListElement":[{"@type":"ListItem","position":1,"name":"Home","item":"https:\/\/perspetivaatual.pt\/"},{"@type":"ListItem","position":2,"name":"EDUM renova oferta acad\u00e9mica e prepara nova gera\u00e7\u00e3o de juristas e investigadores"}]},{"@type":"WebSite","@id":"https:\/\/perspetivaatual.pt\/#website","url":"https:\/\/perspetivaatual.pt\/","name":"Perspetiva Atual","description":"Olhar Portugal, de diferentes formas","publisher":{"@id":"https:\/\/perspetivaatual.pt\/#organization"},"potentialAction":[{"@type":"SearchAction","target":{"@type":"EntryPoint","urlTemplate":"https:\/\/perspetivaatual.pt\/?s={search_term_string}"},"query-input":{"@type":"PropertyValueSpecification","valueRequired":true,"valueName":"search_term_string"}}],"inLanguage":"pt-PT"},{"@type":"Organization","@id":"https:\/\/perspetivaatual.pt\/#organization","name":"Perspetiva Atual","url":"https:\/\/perspetivaatual.pt\/","logo":{"@type":"ImageObject","inLanguage":"pt-PT","@id":"https:\/\/perspetivaatual.pt\/#\/schema\/logo\/image\/","url":"https:\/\/perspetivaatual.pt\/wp-content\/uploads\/2020\/08\/cropped-perspetiva_atual-.png","contentUrl":"https:\/\/perspetivaatual.pt\/wp-content\/uploads\/2020\/08\/cropped-perspetiva_atual-.png","width":618,"height":202,"caption":"Perspetiva Atual"},"image":{"@id":"https:\/\/perspetivaatual.pt\/#\/schema\/logo\/image\/"}},{"@type":"Person","@id":"https:\/\/perspetivaatual.pt\/#\/schema\/person\/c90e8e11129f189f1b7588bf2888f8b5","name":"Vitoria Girao","image":{"@type":"ImageObject","inLanguage":"pt-PT","@id":"https:\/\/perspetivaatual.pt\/#\/schema\/person\/image\/","url":"https:\/\/secure.gravatar.com\/avatar\/7a4a232c077ec4326004bec18e9d4616?s=96&d=mm&r=g","contentUrl":"https:\/\/secure.gravatar.com\/avatar\/7a4a232c077ec4326004bec18e9d4616?s=96&d=mm&r=g","caption":"Vitoria Girao"},"url":"https:\/\/perspetivaatual.pt\/index.php\/author\/vitoria-girao\/"}]}},"featured_image_urls":{"full":["https:\/\/perspetivaatual.pt\/wp-content\/uploads\/2025\/07\/Escola-Direito-2-scaled.jpg",2560,1358,false],"thumbnail":["https:\/\/perspetivaatual.pt\/wp-content\/uploads\/2025\/07\/Escola-Direito-2-150x150.jpg",150,150,true],"medium":["https:\/\/perspetivaatual.pt\/wp-content\/uploads\/2025\/07\/Escola-Direito-2-300x159.jpg",300,159,true],"medium_large":["https:\/\/perspetivaatual.pt\/wp-content\/uploads\/2025\/07\/Escola-Direito-2-768x407.jpg",640,339,true],"large":["https:\/\/perspetivaatual.pt\/wp-content\/uploads\/2025\/07\/Escola-Direito-2-1024x543.jpg",640,339,true],"1536x1536":["https:\/\/perspetivaatual.pt\/wp-content\/uploads\/2025\/07\/Escola-Direito-2-1536x815.jpg",1536,815,true],"2048x2048":["https:\/\/perspetivaatual.pt\/wp-content\/uploads\/2025\/07\/Escola-Direito-2-2048x1086.jpg",2048,1086,true],"magazine-7-slider-full":["https:\/\/perspetivaatual.pt\/wp-content\/uploads\/2025\/07\/Escola-Direito-2-1536x1020.jpg",1536,1020,true],"magazine-7-slider-center":["https:\/\/perspetivaatual.pt\/wp-content\/uploads\/2025\/07\/Escola-Direito-2-936x897.jpg",936,897,true],"magazine-7-featured":["https:\/\/perspetivaatual.pt\/wp-content\/uploads\/2025\/07\/Escola-Direito-2-1024x543.jpg",1024,543,true],"magazine-7-medium":["https:\/\/perspetivaatual.pt\/wp-content\/uploads\/2025\/07\/Escola-Direito-2-720x380.jpg",720,380,true],"magazine-7-medium-square":["https:\/\/perspetivaatual.pt\/wp-content\/uploads\/2025\/07\/Escola-Direito-2-675x450.jpg",675,450,true],"rpwe-thumbnail":["https:\/\/perspetivaatual.pt\/wp-content\/uploads\/2025\/07\/Escola-Direito-2-45x45.jpg",45,45,true]},"author_info":{"info":[false]},"category_info":"<a href=\"https:\/\/perspetivaatual.pt\/index.php\/category\/educacao\/\" rel=\"category tag\">Educa\u00e7\u00e3o<\/a>","tag_info":"Educa\u00e7\u00e3o","comment_count":"0","_links":{"self":[{"href":"https:\/\/perspetivaatual.pt\/index.php\/wp-json\/wp\/v2\/posts\/4858","targetHints":{"allow":["GET"]}}],"collection":[{"href":"https:\/\/perspetivaatual.pt\/index.php\/wp-json\/wp\/v2\/posts"}],"about":[{"href":"https:\/\/perspetivaatual.pt\/index.php\/wp-json\/wp\/v2\/types\/post"}],"author":[{"embeddable":true,"href":"https:\/\/perspetivaatual.pt\/index.php\/wp-json\/wp\/v2\/users\/11"}],"replies":[{"embeddable":true,"href":"https:\/\/perspetivaatual.pt\/index.php\/wp-json\/wp\/v2\/comments?post=4858"}],"version-history":[{"count":0,"href":"https:\/\/perspetivaatual.pt\/index.php\/wp-json\/wp\/v2\/posts\/4858\/revisions"}],"wp:featuredmedia":[{"embeddable":true,"href":"https:\/\/perspetivaatual.pt\/index.php\/wp-json\/wp\/v2\/media\/4859"}],"wp:attachment":[{"href":"https:\/\/perspetivaatual.pt\/index.php\/wp-json\/wp\/v2\/media?parent=4858"}],"wp:term":[{"taxonomy":"category","embeddable":true,"href":"https:\/\/perspetivaatual.pt\/index.php\/wp-json\/wp\/v2\/categories?post=4858"},{"taxonomy":"post_tag","embeddable":true,"href":"https:\/\/perspetivaatual.pt\/index.php\/wp-json\/wp\/v2\/tags?post=4858"}],"curies":[{"name":"wp","href":"https:\/\/api.w.org\/{rel}","templated":true}]}}