{"id":4862,"date":"2025-07-18T07:00:00","date_gmt":"2025-07-18T07:00:00","guid":{"rendered":"https:\/\/perspetivaatual.pt\/?p=4862"},"modified":"2025-07-18T08:07:04","modified_gmt":"2025-07-18T08:07:04","slug":"fmdup-um-espaco-de-ciencia-pratica-e-cidadania","status":"publish","type":"post","link":"https:\/\/perspetivaatual.pt\/index.php\/2025\/07\/18\/fmdup-um-espaco-de-ciencia-pratica-e-cidadania\/","title":{"rendered":"FMDUP: Um espa\u00e7o de ci\u00eancia, pr\u00e1tica e cidadania"},"content":{"rendered":"\n<p><strong>Na Faculdade de Medicina Dent\u00e1ria da Universidade do Porto, formar m\u00e9dicos dentistas \u00e9 abra\u00e7ar uma miss\u00e3o que combina ensino, investiga\u00e7\u00e3o e compromisso. De acordo com o Diretor Paulo Ribeiro de Melo, a FMDUP promove uma cultura de \u201csa\u00fade oral sustent\u00e1vel\u201d, acess\u00edvel e pr\u00f3xima de todos. Para cumprir esse prop\u00f3sito, cada estudante encontra um espa\u00e7o \u00fanico para crescer, onde pode desenvolver compet\u00eancias na Cl\u00ednica Dent\u00e1ria Universit\u00e1ria da Faculdade, participar em a\u00e7\u00f5es de preven\u00e7\u00e3o e envolver-se em projetos comunit\u00e1rios com autarquias e unidades de sa\u00fade.<\/strong><\/p>\n\n\n\n<p><strong>Perspetiva Atual:<\/strong> <strong>Reconhecida pela qualidade do ensino e investiga\u00e7\u00e3o em sa\u00fade oral, a FMDUP tem na liga\u00e7\u00e3o \u00e0 comunidade um dos seus principais fatores de diferencia\u00e7\u00e3o. Quais s\u00e3o os tra\u00e7os distintivos desta Faculdade? De que forma a sa\u00fade oral \u00e9 levada a toda a comunidade?<\/strong><\/p>\n\n\n\n<p><strong>Paulo Ribeiro de Melo:<\/strong> A Faculdade de Medicina Dent\u00e1ria da Universidade do Porto (FMDUP) destaca-se pela sua miss\u00e3o tripartida: ensino, investiga\u00e7\u00e3o e compromisso com a comunidade. Um dos tra\u00e7os distintivos mais fortes da institui\u00e7\u00e3o \u00e9 precisamente a liga\u00e7\u00e3o que mant\u00e9m com a sociedade, promovendo uma cultura de sa\u00fade oral sustent\u00e1vel, baseada na preven\u00e7\u00e3o e na proximidade com a comunidade.<\/p>\n\n\n\n<figure class=\"wp-block-image aligncenter is-resized\"><img loading=\"lazy\" decoding=\"async\" width=\"1600\" height=\"1200\" src=\"http:\/\/perspetivaatual.pt\/wp-content\/uploads\/2025\/07\/IMG-20250709-WA0005.jpg\" alt=\"\" class=\"wp-image-4864\" style=\"width:635px;height:auto\" srcset=\"https:\/\/perspetivaatual.pt\/wp-content\/uploads\/2025\/07\/IMG-20250709-WA0005.jpg 1600w, https:\/\/perspetivaatual.pt\/wp-content\/uploads\/2025\/07\/IMG-20250709-WA0005-300x225.jpg 300w, https:\/\/perspetivaatual.pt\/wp-content\/uploads\/2025\/07\/IMG-20250709-WA0005-1024x768.jpg 1024w, https:\/\/perspetivaatual.pt\/wp-content\/uploads\/2025\/07\/IMG-20250709-WA0005-768x576.jpg 768w, https:\/\/perspetivaatual.pt\/wp-content\/uploads\/2025\/07\/IMG-20250709-WA0005-1536x1152.jpg 1536w\" sizes=\"auto, (max-width: 1600px) 100vw, 1600px\" \/><figcaption class=\"wp-element-caption\">Conselho Executivo da FMDUP<\/figcaption><\/figure>\n\n\n\n<p>A FMDUP tem desempenhado um papel na promo\u00e7\u00e3o da sa\u00fade oral junto da Comunidade assumindo uma responsabilidade social clara e tentando contribuir de forma significativa para a melhoria da sa\u00fade p\u00fablica oral. Este compromisso com a comunidade concretiza-se na sua Cl\u00ednica Dent\u00e1ria Universit\u00e1ria, que garante cuidados de sa\u00fade oral de qualidade e acess\u00edveis \u00e0 popula\u00e7\u00e3o, num modelo que alia a forma\u00e7\u00e3o pr\u00e1tica dos estudantes \u00e0 presta\u00e7\u00e3o de servi\u00e7o \u00e0 comunidade. Paralelamente, desenvolve campanhas regulares de educa\u00e7\u00e3o e preven\u00e7\u00e3o em sa\u00fade oral, que incluem palestras em escolas, a\u00e7\u00f5es de sensibiliza\u00e7\u00e3o em institui\u00e7\u00f5es sociais, rastreios gratuitos em diferentes contextos e projetos de literacia em sa\u00fade. Ao integrar os seus estudantes nestas atividades, desde as fases iniciais da forma\u00e7\u00e3o, a FMDUP contribui para a forma\u00e7\u00e3o de profissionais tecnicamente competentes e conscientes do seu papel social, forma cidad\u00e3os comprometidos com uma sociedade mais saud\u00e1vel e inclusiva, onde a sa\u00fade oral \u00e9 reconhecida como um direito fundamental para todos.<\/p>\n\n\n\n<p>A FMDUP desenvolve ainda projetos de extens\u00e3o comunit\u00e1ria em parceria com autarquias, unidades de sa\u00fade e institui\u00e7\u00f5es de apoio social, levando a promo\u00e7\u00e3o da sa\u00fade oral a v\u00e1rias franjas da popula\u00e7\u00e3o como as crian\u00e7as, idosos e popula\u00e7\u00f5es que se encontram em situa\u00e7\u00f5es vulner\u00e1veis.<\/p>\n\n\n\n<p><strong>PA:<\/strong> <strong>Desde 1989, a FMDUP tem vindo a alargar a sua oferta formativa, contando atualmente com um elevado n\u00famero de estudantes internacionais. Que medidas est\u00e3o em vigor para incentivar a participa\u00e7\u00e3o de estudantes estrangeiros e a internacionaliza\u00e7\u00e3o dos ciclos de estudo?<\/strong><\/p>\n\n\n\n<p><strong>PRM:<\/strong> A FMDUP tem vindo a afirmar-se como uma institui\u00e7\u00e3o de ensino superior de refer\u00eancia internacional, valorizando a diversidade como elemento central do seu ambiente acad\u00e9mico, posicionando a FMDUP como uma institui\u00e7\u00e3o global, alinhada com os princ\u00edpios de coopera\u00e7\u00e3o cient\u00edfica e acad\u00e9mica internacional. O n\u00famero de estudantes internacionais tem aumentado de forma sustentada, refletindo o crescente prest\u00edgio da institui\u00e7\u00e3o al\u00e9m-fronteiras. A maioria destes estudantes \u00e9 oriunda de pa\u00edses lus\u00f3fonos ou com afinidades lingu\u00edsticas.<\/p>\n\n\n\n<p>Para promover a internacionaliza\u00e7\u00e3o e acolher estudantes de outras origens, a FMDUP tem apostado em v\u00e1rias medidas estrat\u00e9gicas, como a cria\u00e7\u00e3o de cursos de especializa\u00e7\u00e3o (p\u00f3s-gradua\u00e7\u00f5es) lecionados integralmente em ingl\u00eas; a introdu\u00e7\u00e3o progressiva de unidades curriculares em ingl\u00eas noutros ciclos de estudo; a participa\u00e7\u00e3o ativa em programas europeus e internacionais de mobilidade acad\u00e9mica; e o estabelecimento de parcerias com universidades e centros de investiga\u00e7\u00e3o de refer\u00eancia mundial. De referir tamb\u00e9m a nossa Summer School, em que recebemos muitas mais candidaturas do que as vagas que podemos disponibilizar, destinada a estudantes de Medicina Dent\u00e1ria estrangeiros. \u00c9 um programa de tr\u00eas semanas que decorre em julho, totalmente lecionado em ingl\u00eas.<\/p>\n\n\n\n<p><strong>PA:<\/strong> <strong>Instalada desde 1997 no P\u00f3lo II da Universidade do Porto, a FMDUP acompanha as transforma\u00e7\u00f5es tecnol\u00f3gicas no setor da sa\u00fade, tendo desenvolvido recentemente uma iniciativa dedicada \u00e0 intelig\u00eancia artificial na educa\u00e7\u00e3o e na pr\u00e1tica cl\u00ednica. As atuais infraestruturas desta institui\u00e7\u00e3o, incluindo os recursos tecnol\u00f3gicos e o uso da intelig\u00eancia artificial, contribuem para a qualidade do ensino e da investiga\u00e7\u00e3o?<\/strong><\/p>\n\n\n\n<p><strong>PRM:<\/strong> As infraestruturas da FMDUP, associadas a um investimento cont\u00ednuo em equipamento tecnol\u00f3gico de \u00faltima gera\u00e7\u00e3o, t\u00eam contribu\u00eddo de forma decisiva para a qualidade do ensino e da investiga\u00e7\u00e3o. A incorpora\u00e7\u00e3o de solu\u00e7\u00f5es digitais e de intelig\u00eancia artificial (IA) tem permitido modernizar pr\u00e1ticas pedag\u00f3gicas e cl\u00ednicas, tornando-as mais interativas, personalizadas e alinhadas com as exig\u00eancias do setor da sa\u00fade. Este progresso tem sido refor\u00e7ado por uma forte colabora\u00e7\u00e3o com diversas unidades org\u00e2nicas da Universidade do Porto, bem como com institui\u00e7\u00f5es cong\u00e9neres nacionais e internacionais e unidades de I&amp;D.<\/p>\n\n\n\n<p>Desta rede de parcerias e da constante adapta\u00e7\u00e3o \u00e0s transforma\u00e7\u00f5es tecnol\u00f3gicas resultou a cria\u00e7\u00e3o de uma nova unidade curricular no Mestrado Integrado em Medicina Dent\u00e1ria (MIMD), centrada no desenvolvimento de compet\u00eancias em IA e tecnologias digitais, capacitando os futuros m\u00e9dicos dentistas para interpretar dados, planear tratamentos com base em algoritmos de suporte \u00e0 decis\u00e3o e integrar ferramentas digitais no contexto cl\u00ednico, sempre com base em princ\u00edpios \u00e9ticos e no respeito pelos direitos dos pacientes.<\/p>\n\n\n\n<p>Al\u00e9m da valoriza\u00e7\u00e3o das compet\u00eancias tecnol\u00f3gicas, a FMDUP refor\u00e7a o desenvolvimento do pensamento cr\u00edtico e do racioc\u00ednio cl\u00ednico, promovendo uma abordagem equilibrada entre tecnologia e humanismo na pr\u00e1tica da medicina dent\u00e1ria.<\/p>\n\n\n\n<p><strong>PA:<\/strong> <strong>Com as candidaturas abertas para o Doutoramento em Medicina Dent\u00e1ria, \u00e9 importante compreender os principais focos da investiga\u00e7\u00e3o na institui\u00e7\u00e3o. Quais s\u00e3o as suas \u00e1reas de investiga\u00e7\u00e3o priorit\u00e1rias?<\/strong><\/p>\n\n\n\n<p><strong>PRM:<\/strong> O Doutoramento em Medicina Dent\u00e1ria da FMDUP tem-se afirmado como um programa altamente procurado e reconhecido, resultando na forma\u00e7\u00e3o de investigadores de excel\u00eancia que se destacam no meio acad\u00e9mico, cl\u00ednico e cient\u00edfico. A atividade de investiga\u00e7\u00e3o da FMDUP \u00e9 ampla e multidisciplinar, destacando-se \u00e1reas como a regenera\u00e7\u00e3o \u00f3ssea, atrav\u00e9s do laborat\u00f3rio Bone Lab, com foco em biomateriais e t\u00e9cnicas avan\u00e7adas de reconstru\u00e7\u00e3o; a reabilita\u00e7\u00e3o oral e pr\u00f3tese dent\u00e1ria, com investiga\u00e7\u00e3o sobre materiais inovadores e abordagens reabilitadoras integradas; a microbiologia oral, centrada no microbioma e nos agentes patog\u00e9nicos associados \u00e0 c\u00e1rie dent\u00e1ria e outras doen\u00e7as orais; a medicina dent\u00e1ria conservadora, com projetos em adesivos dent\u00e1rios, cariologia e materiais endod\u00f4nticos; a periodontologia e cirurgia oral, com foco na implantologia; a sa\u00fade p\u00fablica oral, com estudos epidemiol\u00f3gicos, projetos de interven\u00e7\u00e3o comunit\u00e1ria e pol\u00edticas de promo\u00e7\u00e3o da sa\u00fade oral; e a antropologia forense, uma \u00e1rea emergente que tem vindo a captar o interesse de docentes-investigadores da institui\u00e7\u00e3o.<\/p>\n\n\n\n<p>A investiga\u00e7\u00e3o \u00e9 realizada em estreita colabora\u00e7\u00e3o com outras universidades, parceiros do setor empresarial e unidades de investiga\u00e7\u00e3o e desenvolvimento de excel\u00eancia. V\u00e1rios projetos de investiga\u00e7\u00e3o t\u00eam sido financiados por entidades nacionais e internacionais, refor\u00e7ando o impacto e a visibilidade cient\u00edfica da institui\u00e7\u00e3o.<\/p>\n\n\n\n<figure class=\"wp-block-image aligncenter is-resized\"><img loading=\"lazy\" decoding=\"async\" width=\"2560\" height=\"1703\" src=\"http:\/\/perspetivaatual.pt\/wp-content\/uploads\/2025\/07\/3-scaled.jpg\" alt=\"\" class=\"wp-image-4865\" style=\"width:670px;height:auto\" srcset=\"https:\/\/perspetivaatual.pt\/wp-content\/uploads\/2025\/07\/3-scaled.jpg 2560w, https:\/\/perspetivaatual.pt\/wp-content\/uploads\/2025\/07\/3-300x200.jpg 300w, https:\/\/perspetivaatual.pt\/wp-content\/uploads\/2025\/07\/3-1024x681.jpg 1024w, https:\/\/perspetivaatual.pt\/wp-content\/uploads\/2025\/07\/3-768x511.jpg 768w, https:\/\/perspetivaatual.pt\/wp-content\/uploads\/2025\/07\/3-1536x1022.jpg 1536w, https:\/\/perspetivaatual.pt\/wp-content\/uploads\/2025\/07\/3-2048x1363.jpg 2048w, https:\/\/perspetivaatual.pt\/wp-content\/uploads\/2025\/07\/3-675x450.jpg 675w\" sizes=\"auto, (max-width: 2560px) 100vw, 2560px\" \/><\/figure>\n\n\n\n<p><strong>PA:<\/strong> <strong>Por outro lado, al\u00e9m dos programas de doutoramento, esta institui\u00e7\u00e3o promove cursos de especializa\u00e7\u00e3o ao longo da vida. Que iniciativas est\u00e3o dispon\u00edveis para quem procura saber mais acerca de sa\u00fade oral?<\/strong><\/p>\n\n\n\n<p><strong>PRM:<\/strong> A FMDUP continua a ser uma institui\u00e7\u00e3o de refer\u00eancia nacional na forma\u00e7\u00e3o em Medicina Dent\u00e1ria, com influ\u00eancia e reconhecimento crescentes a n\u00edvel nacional e internacional, capaz de proporcionar aos seus formandos uma experi\u00eancia educativa transversal potenciadora das suas capacidades, mas alinhada com as necessidades profissionais. Apostamos numa forma\u00e7\u00e3o ao longo da vida, oferecendo programas de especializa\u00e7\u00e3o e atualiza\u00e7\u00e3o cient\u00edfica em \u00e1reas-chave da medicina dent\u00e1ria, concebidos para profissionais em diferentes fases da sua carreira.<\/p>\n\n\n\n<p>A oferta inclui cursos de curta, m\u00e9dia e longa dura\u00e7\u00e3o. Estes cursos abrangem \u00e1reas como implantologia, endodontia, reabilita\u00e7\u00e3o oral, ortodontia, est\u00e9tica dent\u00e1ria, entre outras. As forma\u00e7\u00f5es s\u00e3o orientadas para o desenvolvimento de compet\u00eancias interdisciplinares ou de qualidades pessoais e interpessoais, com trabalho em equipa, adapta\u00e7\u00e3o a novos contextos e de \u00e9tica pessoal e profissional, tendo em vista a forma\u00e7\u00e3o integral e o refor\u00e7o da empregabilidade futura dos formandos.<\/p>\n\n\n\n<p><strong>PA:<\/strong> <strong>A FMDUP possui uma Cl\u00ednica Dent\u00e1ria pr\u00f3pria, onde os alunos t\u00eam a oportunidade de aplicar os conhecimentos te\u00f3ricos e desenvolver as suas compet\u00eancias pr\u00e1ticas num est\u00e1gio, no \u00faltimo ano do curso. Que impacto tem esta oportunidade no futuro dos estudantes?<\/strong><\/p>\n\n\n\n<p><strong>PRM:<\/strong> A pr\u00e1tica cl\u00ednica desenvolvida na Cl\u00ednica Pedag\u00f3gica da FMDUP \u00e9 uma componente central e diferenciadora da forma\u00e7\u00e3o oferecida pela institui\u00e7\u00e3o.<\/p>\n\n\n\n<p>O Curso de MD da FMDUP tem um grande componente de pr\u00e1tica cl\u00ednica em pacientes com in\u00edcio no 3\u00ba ano do curso e, no 5\u00ba ano, o componente cl\u00ednico ocupa praticamente toda a carga letiva. Isso permite que os estudantes possam desenvolver componentes cl\u00ednicas nas diferentes \u00e1reas de Medicina Dent\u00e1ria, com graus de dificuldade crescentes ao longo da sua forma\u00e7\u00e3o.<\/p>\n\n\n\n<p>Esta metodologia permite preparar os estudantes, atrav\u00e9s da realiza\u00e7\u00e3o de elevado n\u00famero de atos cl\u00ednicos realizados, para o que ser\u00e1 a sua pr\u00e1tica cl\u00ednica di\u00e1ria j\u00e1 como M\u00e9dicos Dentistas. Adicionalmente, os Cursos de Ver\u00e3o, realizados no final do 4.\u00ba e do 5.\u00ba ano, funcionam como programas intensivos de consolida\u00e7\u00e3o de compet\u00eancias, promovendo a autonomia t\u00e9cnica e o racioc\u00ednio cl\u00ednico. Por esse motivo, a cl\u00ednica de Ver\u00e3o representa mais uma oportunidade dos estudantes refor\u00e7arem a sua autonomia, o que ser\u00e1, indubitavelmente um fator diferenciador dos estudantes da FMDUP.<\/p>\n\n\n\n<p>Ao terminarem o curso, os estudantes da FMDUP encontram-se em condi\u00e7\u00f5es particularmente favor\u00e1veis para integrar o mercado de trabalho, destacando-se pela sua forma\u00e7\u00e3o t\u00e9cnico-cient\u00edfica, capacidade de adapta\u00e7\u00e3o e \u00e9tica profissional.<\/p>\n","protected":false},"excerpt":{"rendered":"<p>Na Faculdade de Medicina Dent\u00e1ria da Universidade do Porto, formar m\u00e9dicos dentistas \u00e9 abra\u00e7ar uma<\/p>\n","protected":false},"author":11,"featured_media":4863,"comment_status":"open","ping_status":"open","sticky":false,"template":"","format":"standard","meta":{"footnotes":""},"categories":[3],"tags":[56,803,802],"class_list":["post-4862","post","type-post","status-publish","format-standard","has-post-thumbnail","hentry","category-educacao","tag-educacao-2","tag-faculdade-de-medicina-dentaria-da-universidade-do-porto","tag-fmdup"],"yoast_head":"<!-- This site is optimized with the Yoast SEO plugin v24.2 - https:\/\/yoast.com\/wordpress\/plugins\/seo\/ -->\n<title>FMDUP: Um espa\u00e7o de ci\u00eancia, pr\u00e1tica e cidadania - Perspetiva Atual<\/title>\n<meta name=\"description\" content=\"Na Faculdade de Medicina Dent\u00e1ria da Universidade do Porto, formar m\u00e9dicos dentistas \u00e9 abra\u00e7ar uma miss\u00e3o que combina ensino, investiga\u00e7\u00e3o...\" \/>\n<meta name=\"robots\" content=\"index, follow, max-snippet:-1, max-image-preview:large, max-video-preview:-1\" \/>\n<link rel=\"canonical\" href=\"https:\/\/perspetivaatual.pt\/index.php\/2025\/07\/18\/fmdup-um-espaco-de-ciencia-pratica-e-cidadania\/\" \/>\n<meta property=\"og:locale\" content=\"pt_PT\" \/>\n<meta property=\"og:type\" content=\"article\" \/>\n<meta property=\"og:title\" content=\"FMDUP: Um espa\u00e7o de ci\u00eancia, pr\u00e1tica e cidadania - Perspetiva Atual\" \/>\n<meta property=\"og:description\" content=\"Na Faculdade de Medicina Dent\u00e1ria da Universidade do Porto, formar m\u00e9dicos dentistas \u00e9 abra\u00e7ar uma miss\u00e3o que combina ensino, investiga\u00e7\u00e3o...\" \/>\n<meta property=\"og:url\" content=\"https:\/\/perspetivaatual.pt\/index.php\/2025\/07\/18\/fmdup-um-espaco-de-ciencia-pratica-e-cidadania\/\" \/>\n<meta property=\"og:site_name\" content=\"Perspetiva Atual\" \/>\n<meta property=\"article:published_time\" content=\"2025-07-18T07:00:00+00:00\" \/>\n<meta property=\"article:modified_time\" content=\"2025-07-18T08:07:04+00:00\" \/>\n<meta property=\"og:image\" content=\"https:\/\/perspetivaatual.pt\/wp-content\/uploads\/2025\/07\/5-scaled.jpg\" \/>\n\t<meta property=\"og:image:width\" content=\"2560\" \/>\n\t<meta property=\"og:image:height\" content=\"1703\" \/>\n\t<meta property=\"og:image:type\" content=\"image\/jpeg\" \/>\n<meta name=\"author\" content=\"Vitoria Girao\" \/>\n<meta name=\"twitter:card\" content=\"summary_large_image\" \/>\n<meta name=\"twitter:label1\" content=\"Escrito por\" \/>\n\t<meta name=\"twitter:data1\" content=\"\" \/>\n\t<meta name=\"twitter:label2\" content=\"Tempo estimado de leitura\" \/>\n\t<meta name=\"twitter:data2\" content=\"9 minutos\" \/>\n<script type=\"application\/ld+json\" class=\"yoast-schema-graph\">{\"@context\":\"https:\/\/schema.org\",\"@graph\":[{\"@type\":\"Article\",\"@id\":\"https:\/\/perspetivaatual.pt\/index.php\/2025\/07\/18\/fmdup-um-espaco-de-ciencia-pratica-e-cidadania\/#article\",\"isPartOf\":{\"@id\":\"https:\/\/perspetivaatual.pt\/index.php\/2025\/07\/18\/fmdup-um-espaco-de-ciencia-pratica-e-cidadania\/\"},\"author\":{\"name\":\"Vitoria Girao\",\"@id\":\"https:\/\/perspetivaatual.pt\/#\/schema\/person\/c90e8e11129f189f1b7588bf2888f8b5\"},\"headline\":\"FMDUP: Um espa\u00e7o de ci\u00eancia, pr\u00e1tica e cidadania\",\"datePublished\":\"2025-07-18T07:00:00+00:00\",\"dateModified\":\"2025-07-18T08:07:04+00:00\",\"mainEntityOfPage\":{\"@id\":\"https:\/\/perspetivaatual.pt\/index.php\/2025\/07\/18\/fmdup-um-espaco-de-ciencia-pratica-e-cidadania\/\"},\"wordCount\":1776,\"commentCount\":0,\"publisher\":{\"@id\":\"https:\/\/perspetivaatual.pt\/#organization\"},\"image\":{\"@id\":\"https:\/\/perspetivaatual.pt\/index.php\/2025\/07\/18\/fmdup-um-espaco-de-ciencia-pratica-e-cidadania\/#primaryimage\"},\"thumbnailUrl\":\"https:\/\/perspetivaatual.pt\/wp-content\/uploads\/2025\/07\/5-scaled.jpg\",\"keywords\":[\"educa\u00e7\u00e3o\",\"Faculdade de Medicina Dent\u00e1ria da Universidade do Porto\",\"fmdup\"],\"articleSection\":[\"Educa\u00e7\u00e3o\"],\"inLanguage\":\"pt-PT\",\"potentialAction\":[{\"@type\":\"CommentAction\",\"name\":\"Comment\",\"target\":[\"https:\/\/perspetivaatual.pt\/index.php\/2025\/07\/18\/fmdup-um-espaco-de-ciencia-pratica-e-cidadania\/#respond\"]}]},{\"@type\":\"WebPage\",\"@id\":\"https:\/\/perspetivaatual.pt\/index.php\/2025\/07\/18\/fmdup-um-espaco-de-ciencia-pratica-e-cidadania\/\",\"url\":\"https:\/\/perspetivaatual.pt\/index.php\/2025\/07\/18\/fmdup-um-espaco-de-ciencia-pratica-e-cidadania\/\",\"name\":\"FMDUP: Um espa\u00e7o de ci\u00eancia, pr\u00e1tica e cidadania - Perspetiva Atual\",\"isPartOf\":{\"@id\":\"https:\/\/perspetivaatual.pt\/#website\"},\"primaryImageOfPage\":{\"@id\":\"https:\/\/perspetivaatual.pt\/index.php\/2025\/07\/18\/fmdup-um-espaco-de-ciencia-pratica-e-cidadania\/#primaryimage\"},\"image\":{\"@id\":\"https:\/\/perspetivaatual.pt\/index.php\/2025\/07\/18\/fmdup-um-espaco-de-ciencia-pratica-e-cidadania\/#primaryimage\"},\"thumbnailUrl\":\"https:\/\/perspetivaatual.pt\/wp-content\/uploads\/2025\/07\/5-scaled.jpg\",\"datePublished\":\"2025-07-18T07:00:00+00:00\",\"dateModified\":\"2025-07-18T08:07:04+00:00\",\"description\":\"Na Faculdade de Medicina Dent\u00e1ria da Universidade do Porto, formar m\u00e9dicos dentistas \u00e9 abra\u00e7ar uma miss\u00e3o que combina ensino, investiga\u00e7\u00e3o...\",\"breadcrumb\":{\"@id\":\"https:\/\/perspetivaatual.pt\/index.php\/2025\/07\/18\/fmdup-um-espaco-de-ciencia-pratica-e-cidadania\/#breadcrumb\"},\"inLanguage\":\"pt-PT\",\"potentialAction\":[{\"@type\":\"ReadAction\",\"target\":[\"https:\/\/perspetivaatual.pt\/index.php\/2025\/07\/18\/fmdup-um-espaco-de-ciencia-pratica-e-cidadania\/\"]}]},{\"@type\":\"ImageObject\",\"inLanguage\":\"pt-PT\",\"@id\":\"https:\/\/perspetivaatual.pt\/index.php\/2025\/07\/18\/fmdup-um-espaco-de-ciencia-pratica-e-cidadania\/#primaryimage\",\"url\":\"https:\/\/perspetivaatual.pt\/wp-content\/uploads\/2025\/07\/5-scaled.jpg\",\"contentUrl\":\"https:\/\/perspetivaatual.pt\/wp-content\/uploads\/2025\/07\/5-scaled.jpg\",\"width\":2560,\"height\":1703},{\"@type\":\"BreadcrumbList\",\"@id\":\"https:\/\/perspetivaatual.pt\/index.php\/2025\/07\/18\/fmdup-um-espaco-de-ciencia-pratica-e-cidadania\/#breadcrumb\",\"itemListElement\":[{\"@type\":\"ListItem\",\"position\":1,\"name\":\"Home\",\"item\":\"https:\/\/perspetivaatual.pt\/\"},{\"@type\":\"ListItem\",\"position\":2,\"name\":\"FMDUP: Um espa\u00e7o de ci\u00eancia, pr\u00e1tica e cidadania\"}]},{\"@type\":\"WebSite\",\"@id\":\"https:\/\/perspetivaatual.pt\/#website\",\"url\":\"https:\/\/perspetivaatual.pt\/\",\"name\":\"Perspetiva Atual\",\"description\":\"Olhar Portugal, de diferentes formas\",\"publisher\":{\"@id\":\"https:\/\/perspetivaatual.pt\/#organization\"},\"potentialAction\":[{\"@type\":\"SearchAction\",\"target\":{\"@type\":\"EntryPoint\",\"urlTemplate\":\"https:\/\/perspetivaatual.pt\/?s={search_term_string}\"},\"query-input\":{\"@type\":\"PropertyValueSpecification\",\"valueRequired\":true,\"valueName\":\"search_term_string\"}}],\"inLanguage\":\"pt-PT\"},{\"@type\":\"Organization\",\"@id\":\"https:\/\/perspetivaatual.pt\/#organization\",\"name\":\"Perspetiva Atual\",\"url\":\"https:\/\/perspetivaatual.pt\/\",\"logo\":{\"@type\":\"ImageObject\",\"inLanguage\":\"pt-PT\",\"@id\":\"https:\/\/perspetivaatual.pt\/#\/schema\/logo\/image\/\",\"url\":\"https:\/\/perspetivaatual.pt\/wp-content\/uploads\/2020\/08\/cropped-perspetiva_atual-.png\",\"contentUrl\":\"https:\/\/perspetivaatual.pt\/wp-content\/uploads\/2020\/08\/cropped-perspetiva_atual-.png\",\"width\":618,\"height\":202,\"caption\":\"Perspetiva Atual\"},\"image\":{\"@id\":\"https:\/\/perspetivaatual.pt\/#\/schema\/logo\/image\/\"}},{\"@type\":\"Person\",\"@id\":\"https:\/\/perspetivaatual.pt\/#\/schema\/person\/c90e8e11129f189f1b7588bf2888f8b5\",\"name\":\"Vitoria Girao\",\"image\":{\"@type\":\"ImageObject\",\"inLanguage\":\"pt-PT\",\"@id\":\"https:\/\/perspetivaatual.pt\/#\/schema\/person\/image\/\",\"url\":\"https:\/\/secure.gravatar.com\/avatar\/7a4a232c077ec4326004bec18e9d4616?s=96&d=mm&r=g\",\"contentUrl\":\"https:\/\/secure.gravatar.com\/avatar\/7a4a232c077ec4326004bec18e9d4616?s=96&d=mm&r=g\",\"caption\":\"Vitoria Girao\"},\"url\":\"https:\/\/perspetivaatual.pt\/index.php\/author\/vitoria-girao\/\"}]}<\/script>\n<!-- \/ Yoast SEO plugin. -->","yoast_head_json":{"title":"FMDUP: Um espa\u00e7o de ci\u00eancia, pr\u00e1tica e cidadania - Perspetiva Atual","description":"Na Faculdade de Medicina Dent\u00e1ria da Universidade do Porto, formar m\u00e9dicos dentistas \u00e9 abra\u00e7ar uma miss\u00e3o que combina ensino, investiga\u00e7\u00e3o...","robots":{"index":"index","follow":"follow","max-snippet":"max-snippet:-1","max-image-preview":"max-image-preview:large","max-video-preview":"max-video-preview:-1"},"canonical":"https:\/\/perspetivaatual.pt\/index.php\/2025\/07\/18\/fmdup-um-espaco-de-ciencia-pratica-e-cidadania\/","og_locale":"pt_PT","og_type":"article","og_title":"FMDUP: Um espa\u00e7o de ci\u00eancia, pr\u00e1tica e cidadania - Perspetiva Atual","og_description":"Na Faculdade de Medicina Dent\u00e1ria da Universidade do Porto, formar m\u00e9dicos dentistas \u00e9 abra\u00e7ar uma miss\u00e3o que combina ensino, investiga\u00e7\u00e3o...","og_url":"https:\/\/perspetivaatual.pt\/index.php\/2025\/07\/18\/fmdup-um-espaco-de-ciencia-pratica-e-cidadania\/","og_site_name":"Perspetiva Atual","article_published_time":"2025-07-18T07:00:00+00:00","article_modified_time":"2025-07-18T08:07:04+00:00","og_image":[{"width":2560,"height":1703,"url":"https:\/\/perspetivaatual.pt\/wp-content\/uploads\/2025\/07\/5-scaled.jpg","type":"image\/jpeg"}],"author":"Vitoria Girao","twitter_card":"summary_large_image","twitter_misc":{"Escrito por":false,"Tempo estimado de leitura":"9 minutos"},"schema":{"@context":"https:\/\/schema.org","@graph":[{"@type":"Article","@id":"https:\/\/perspetivaatual.pt\/index.php\/2025\/07\/18\/fmdup-um-espaco-de-ciencia-pratica-e-cidadania\/#article","isPartOf":{"@id":"https:\/\/perspetivaatual.pt\/index.php\/2025\/07\/18\/fmdup-um-espaco-de-ciencia-pratica-e-cidadania\/"},"author":{"name":"Vitoria Girao","@id":"https:\/\/perspetivaatual.pt\/#\/schema\/person\/c90e8e11129f189f1b7588bf2888f8b5"},"headline":"FMDUP: Um espa\u00e7o de ci\u00eancia, pr\u00e1tica e cidadania","datePublished":"2025-07-18T07:00:00+00:00","dateModified":"2025-07-18T08:07:04+00:00","mainEntityOfPage":{"@id":"https:\/\/perspetivaatual.pt\/index.php\/2025\/07\/18\/fmdup-um-espaco-de-ciencia-pratica-e-cidadania\/"},"wordCount":1776,"commentCount":0,"publisher":{"@id":"https:\/\/perspetivaatual.pt\/#organization"},"image":{"@id":"https:\/\/perspetivaatual.pt\/index.php\/2025\/07\/18\/fmdup-um-espaco-de-ciencia-pratica-e-cidadania\/#primaryimage"},"thumbnailUrl":"https:\/\/perspetivaatual.pt\/wp-content\/uploads\/2025\/07\/5-scaled.jpg","keywords":["educa\u00e7\u00e3o","Faculdade de Medicina Dent\u00e1ria da Universidade do Porto","fmdup"],"articleSection":["Educa\u00e7\u00e3o"],"inLanguage":"pt-PT","potentialAction":[{"@type":"CommentAction","name":"Comment","target":["https:\/\/perspetivaatual.pt\/index.php\/2025\/07\/18\/fmdup-um-espaco-de-ciencia-pratica-e-cidadania\/#respond"]}]},{"@type":"WebPage","@id":"https:\/\/perspetivaatual.pt\/index.php\/2025\/07\/18\/fmdup-um-espaco-de-ciencia-pratica-e-cidadania\/","url":"https:\/\/perspetivaatual.pt\/index.php\/2025\/07\/18\/fmdup-um-espaco-de-ciencia-pratica-e-cidadania\/","name":"FMDUP: Um espa\u00e7o de ci\u00eancia, pr\u00e1tica e cidadania - Perspetiva Atual","isPartOf":{"@id":"https:\/\/perspetivaatual.pt\/#website"},"primaryImageOfPage":{"@id":"https:\/\/perspetivaatual.pt\/index.php\/2025\/07\/18\/fmdup-um-espaco-de-ciencia-pratica-e-cidadania\/#primaryimage"},"image":{"@id":"https:\/\/perspetivaatual.pt\/index.php\/2025\/07\/18\/fmdup-um-espaco-de-ciencia-pratica-e-cidadania\/#primaryimage"},"thumbnailUrl":"https:\/\/perspetivaatual.pt\/wp-content\/uploads\/2025\/07\/5-scaled.jpg","datePublished":"2025-07-18T07:00:00+00:00","dateModified":"2025-07-18T08:07:04+00:00","description":"Na Faculdade de Medicina Dent\u00e1ria da Universidade do Porto, formar m\u00e9dicos dentistas \u00e9 abra\u00e7ar uma miss\u00e3o que combina ensino, investiga\u00e7\u00e3o...","breadcrumb":{"@id":"https:\/\/perspetivaatual.pt\/index.php\/2025\/07\/18\/fmdup-um-espaco-de-ciencia-pratica-e-cidadania\/#breadcrumb"},"inLanguage":"pt-PT","potentialAction":[{"@type":"ReadAction","target":["https:\/\/perspetivaatual.pt\/index.php\/2025\/07\/18\/fmdup-um-espaco-de-ciencia-pratica-e-cidadania\/"]}]},{"@type":"ImageObject","inLanguage":"pt-PT","@id":"https:\/\/perspetivaatual.pt\/index.php\/2025\/07\/18\/fmdup-um-espaco-de-ciencia-pratica-e-cidadania\/#primaryimage","url":"https:\/\/perspetivaatual.pt\/wp-content\/uploads\/2025\/07\/5-scaled.jpg","contentUrl":"https:\/\/perspetivaatual.pt\/wp-content\/uploads\/2025\/07\/5-scaled.jpg","width":2560,"height":1703},{"@type":"BreadcrumbList","@id":"https:\/\/perspetivaatual.pt\/index.php\/2025\/07\/18\/fmdup-um-espaco-de-ciencia-pratica-e-cidadania\/#breadcrumb","itemListElement":[{"@type":"ListItem","position":1,"name":"Home","item":"https:\/\/perspetivaatual.pt\/"},{"@type":"ListItem","position":2,"name":"FMDUP: Um espa\u00e7o de ci\u00eancia, pr\u00e1tica e cidadania"}]},{"@type":"WebSite","@id":"https:\/\/perspetivaatual.pt\/#website","url":"https:\/\/perspetivaatual.pt\/","name":"Perspetiva Atual","description":"Olhar Portugal, de diferentes formas","publisher":{"@id":"https:\/\/perspetivaatual.pt\/#organization"},"potentialAction":[{"@type":"SearchAction","target":{"@type":"EntryPoint","urlTemplate":"https:\/\/perspetivaatual.pt\/?s={search_term_string}"},"query-input":{"@type":"PropertyValueSpecification","valueRequired":true,"valueName":"search_term_string"}}],"inLanguage":"pt-PT"},{"@type":"Organization","@id":"https:\/\/perspetivaatual.pt\/#organization","name":"Perspetiva Atual","url":"https:\/\/perspetivaatual.pt\/","logo":{"@type":"ImageObject","inLanguage":"pt-PT","@id":"https:\/\/perspetivaatual.pt\/#\/schema\/logo\/image\/","url":"https:\/\/perspetivaatual.pt\/wp-content\/uploads\/2020\/08\/cropped-perspetiva_atual-.png","contentUrl":"https:\/\/perspetivaatual.pt\/wp-content\/uploads\/2020\/08\/cropped-perspetiva_atual-.png","width":618,"height":202,"caption":"Perspetiva Atual"},"image":{"@id":"https:\/\/perspetivaatual.pt\/#\/schema\/logo\/image\/"}},{"@type":"Person","@id":"https:\/\/perspetivaatual.pt\/#\/schema\/person\/c90e8e11129f189f1b7588bf2888f8b5","name":"Vitoria Girao","image":{"@type":"ImageObject","inLanguage":"pt-PT","@id":"https:\/\/perspetivaatual.pt\/#\/schema\/person\/image\/","url":"https:\/\/secure.gravatar.com\/avatar\/7a4a232c077ec4326004bec18e9d4616?s=96&d=mm&r=g","contentUrl":"https:\/\/secure.gravatar.com\/avatar\/7a4a232c077ec4326004bec18e9d4616?s=96&d=mm&r=g","caption":"Vitoria Girao"},"url":"https:\/\/perspetivaatual.pt\/index.php\/author\/vitoria-girao\/"}]}},"featured_image_urls":{"full":["https:\/\/perspetivaatual.pt\/wp-content\/uploads\/2025\/07\/5-scaled.jpg",2560,1703,false],"thumbnail":["https:\/\/perspetivaatual.pt\/wp-content\/uploads\/2025\/07\/5-150x150.jpg",150,150,true],"medium":["https:\/\/perspetivaatual.pt\/wp-content\/uploads\/2025\/07\/5-300x200.jpg",300,200,true],"medium_large":["https:\/\/perspetivaatual.pt\/wp-content\/uploads\/2025\/07\/5-768x511.jpg",640,426,true],"large":["https:\/\/perspetivaatual.pt\/wp-content\/uploads\/2025\/07\/5-1024x681.jpg",640,426,true],"1536x1536":["https:\/\/perspetivaatual.pt\/wp-content\/uploads\/2025\/07\/5-1536x1022.jpg",1536,1022,true],"2048x2048":["https:\/\/perspetivaatual.pt\/wp-content\/uploads\/2025\/07\/5-2048x1363.jpg",2048,1363,true],"magazine-7-slider-full":["https:\/\/perspetivaatual.pt\/wp-content\/uploads\/2025\/07\/5-1536x1020.jpg",1536,1020,true],"magazine-7-slider-center":["https:\/\/perspetivaatual.pt\/wp-content\/uploads\/2025\/07\/5-936x897.jpg",936,897,true],"magazine-7-featured":["https:\/\/perspetivaatual.pt\/wp-content\/uploads\/2025\/07\/5-1024x681.jpg",1024,681,true],"magazine-7-medium":["https:\/\/perspetivaatual.pt\/wp-content\/uploads\/2025\/07\/5-720x380.jpg",720,380,true],"magazine-7-medium-square":["https:\/\/perspetivaatual.pt\/wp-content\/uploads\/2025\/07\/5-675x450.jpg",675,450,true],"rpwe-thumbnail":["https:\/\/perspetivaatual.pt\/wp-content\/uploads\/2025\/07\/5-45x45.jpg",45,45,true]},"author_info":{"info":[false]},"category_info":"<a href=\"https:\/\/perspetivaatual.pt\/index.php\/category\/educacao\/\" rel=\"category tag\">Educa\u00e7\u00e3o<\/a>","tag_info":"Educa\u00e7\u00e3o","comment_count":"0","_links":{"self":[{"href":"https:\/\/perspetivaatual.pt\/index.php\/wp-json\/wp\/v2\/posts\/4862","targetHints":{"allow":["GET"]}}],"collection":[{"href":"https:\/\/perspetivaatual.pt\/index.php\/wp-json\/wp\/v2\/posts"}],"about":[{"href":"https:\/\/perspetivaatual.pt\/index.php\/wp-json\/wp\/v2\/types\/post"}],"author":[{"embeddable":true,"href":"https:\/\/perspetivaatual.pt\/index.php\/wp-json\/wp\/v2\/users\/11"}],"replies":[{"embeddable":true,"href":"https:\/\/perspetivaatual.pt\/index.php\/wp-json\/wp\/v2\/comments?post=4862"}],"version-history":[{"count":0,"href":"https:\/\/perspetivaatual.pt\/index.php\/wp-json\/wp\/v2\/posts\/4862\/revisions"}],"wp:featuredmedia":[{"embeddable":true,"href":"https:\/\/perspetivaatual.pt\/index.php\/wp-json\/wp\/v2\/media\/4863"}],"wp:attachment":[{"href":"https:\/\/perspetivaatual.pt\/index.php\/wp-json\/wp\/v2\/media?parent=4862"}],"wp:term":[{"taxonomy":"category","embeddable":true,"href":"https:\/\/perspetivaatual.pt\/index.php\/wp-json\/wp\/v2\/categories?post=4862"},{"taxonomy":"post_tag","embeddable":true,"href":"https:\/\/perspetivaatual.pt\/index.php\/wp-json\/wp\/v2\/tags?post=4862"}],"curies":[{"name":"wp","href":"https:\/\/api.w.org\/{rel}","templated":true}]}}