{"id":4875,"date":"2025-07-18T07:00:00","date_gmt":"2025-07-18T07:00:00","guid":{"rendered":"https:\/\/perspetivaatual.pt\/?p=4875"},"modified":"2025-07-14T10:03:48","modified_gmt":"2025-07-14T10:03:48","slug":"departamento-de-fisica-da-ua-traca-metas-de-atratividade-inovacao-e-impacto-social","status":"publish","type":"post","link":"https:\/\/perspetivaatual.pt\/index.php\/2025\/07\/18\/departamento-de-fisica-da-ua-traca-metas-de-atratividade-inovacao-e-impacto-social\/","title":{"rendered":"Departamento de F\u00edsica da UA tra\u00e7a metas de atratividade, inova\u00e7\u00e3o e impacto social"},"content":{"rendered":"\n<p><strong>O Departamento de F\u00edsica da Universidade de Aveiro (DFis\/UA), criado em 1976, lan\u00e7ou recentemente o Mestrado em Engenharia de Dispositivos Semicondutores e inaugurou o BIOMEDIC Lab. Em entrevista, o Diretor do Departamento, Jo\u00e3o Miguel Dias, destaca que estas iniciativas refor\u00e7am a internacionaliza\u00e7\u00e3o e aproximam a forma\u00e7\u00e3o do DFis das necessidades concretas da ci\u00eancia e do tecido empresarial. Para o novo ciclo, est\u00e3o previstos tr\u00eas objetivos: aumentar a atratividade, promover a inova\u00e7\u00e3o e potenciar o impacto social e econ\u00f3mico.<\/strong><\/p>\n\n\n\n<p><strong>Perspetiva Atual:<\/strong> <strong>Criado em 1976, o Departamento de F\u00edsica (DFis) da Universidade de Aveiro assegura que aposta na qualidade do ensino e na proximidade com a comunidade. De que forma esta liga\u00e7\u00e3o beneficia os estudantes, o setor cient\u00edfico e, consequentemente, a sociedade?<\/strong><\/p>\n\n\n\n<p><strong>Jo\u00e3o Miguel Dias:<\/strong> A liga\u00e7\u00e3o pr\u00f3xima \u00e0 comunidade \u00e9 uma das marcas identit\u00e1rias do DFis, e reflete-se numa forma\u00e7\u00e3o mais s\u00f3lida, relevante e humana. Ela materializa-se em m\u00faltiplas dimens\u00f5es: desde atividades de divulga\u00e7\u00e3o cient\u00edfica em escolas e centros de ci\u00eancia, \u00e0 forma\u00e7\u00e3o cont\u00ednua de professores e adultos, at\u00e9 \u00e0 participa\u00e7\u00e3o ativa em projetos com impacto social e ambiental. Para os estudantes, esta rela\u00e7\u00e3o traduz-se em experi\u00eancias concretas de cidadania cient\u00edfica, aprendizagem aplicada e oportunidades de intera\u00e7\u00e3o com o p\u00fablico e o tecido produtivo, pelo que beneficiam de uma aprendizagem ancorada em problemas reais, aproximando a teoria da pr\u00e1tica e desenvolvendo compet\u00eancias valorizadas no mercado de trabalho. Para o setor cient\u00edfico, promove-se uma ci\u00eancia mais acess\u00edvel e relevante; e, para a sociedade, esta proximidade resulta em solu\u00e7\u00f5es inovadoras e maior literacia cient\u00edfica. Esta proximidade refor\u00e7a tamb\u00e9m o papel da Universidade como motor de desenvolvimento regional e nacional, promovendo uma cultura cient\u00edfica mais participativa e informada.<\/p>\n\n\n\n<figure class=\"wp-block-image aligncenter is-resized\"><img loading=\"lazy\" decoding=\"async\" width=\"2560\" height=\"1707\" src=\"http:\/\/perspetivaatual.pt\/wp-content\/uploads\/2025\/07\/Figura-1-scaled.jpg\" alt=\"\" class=\"wp-image-4877\" style=\"width:605px;height:auto\" srcset=\"https:\/\/perspetivaatual.pt\/wp-content\/uploads\/2025\/07\/Figura-1-scaled.jpg 2560w, https:\/\/perspetivaatual.pt\/wp-content\/uploads\/2025\/07\/Figura-1-300x200.jpg 300w, https:\/\/perspetivaatual.pt\/wp-content\/uploads\/2025\/07\/Figura-1-1024x683.jpg 1024w, https:\/\/perspetivaatual.pt\/wp-content\/uploads\/2025\/07\/Figura-1-768x512.jpg 768w, https:\/\/perspetivaatual.pt\/wp-content\/uploads\/2025\/07\/Figura-1-1536x1024.jpg 1536w, https:\/\/perspetivaatual.pt\/wp-content\/uploads\/2025\/07\/Figura-1-2048x1366.jpg 2048w, https:\/\/perspetivaatual.pt\/wp-content\/uploads\/2025\/07\/Figura-1-675x450.jpg 675w\" sizes=\"auto, (max-width: 2560px) 100vw, 2560px\" \/><figcaption class=\"wp-element-caption\">Jo\u00e3o Miguel Dias, Diretor do Departamento de F\u00edsica<br>da Universidade de Aveiro<\/figcaption><\/figure>\n\n\n\n<p><strong>PA: A oferta formativa do DFis abrange tr\u00eas ciclos de ensino e inclui programas interdisciplinares. Que oportunidades os estudantes podem encontrar neste Departamento?<\/strong><\/p>\n\n\n\n<p><strong>JMD:<\/strong> Os estudantes do DFis encontram uma forma\u00e7\u00e3o de excel\u00eancia, com uma forte componente pr\u00e1tica traduzida no acesso a laborat\u00f3rios bem equipados e uma elevada proximidade a uma cultura de investiga\u00e7\u00e3o desde o in\u00edcio das suas gradua\u00e7\u00f5es, beneficiando desta forma de uma forma\u00e7\u00e3o s\u00f3lida, com um forte componente experimental e interdisciplinar. Existe ainda a possibilidade de mobilidade internacional, est\u00e1gios em empresas e participa\u00e7\u00e3o ativa em projetos cient\u00edficos, criando oportunidades em \u00e1reas emergentes, promovendo a empregabilidade em setores estrat\u00e9gicos nacionais.<\/p>\n\n\n\n<p><strong>PA:<\/strong> <strong>Jo\u00e3o Miguel Dias \u00e9 diretor do DFis h\u00e1 v\u00e1rios anos, tendo assumido recentemente um novo mandato, com novos planos para o departamento. Quais s\u00e3o os objetivos priorit\u00e1rios para este novo ciclo? O que j\u00e1 foi conseguido desde o in\u00edcio do mandato?<\/strong><\/p>\n\n\n\n<p><strong>JMD:<\/strong> Os objetivos centrais deste novo ciclo assentam em tr\u00eas pilares: atratividade (trazer mais e melhores estudantes), inova\u00e7\u00e3o (apostar em novas \u00e1reas estrat\u00e9gicas e programas formativos) e impacto (refor\u00e7ar a liga\u00e7\u00e3o \u00e0 sociedade e \u00e0 economia). J\u00e1 conseguimos refor\u00e7ar a internacionaliza\u00e7\u00e3o com novas parcerias, aumentar o n\u00famero de publica\u00e7\u00f5es cient\u00edficas de alto impacto e lan\u00e7ar propostas de novos cursos &#8211; como o Mestrado em Engenharia de Dispositivos Semicondutores. Est\u00e3o em curso iniciativas para proporcionar aos nossos estudantes as melhores condi\u00e7\u00f5es de aprendizagem, tendo sido inaugurado recentemente o BIOMEDIC Lab, um novo laborat\u00f3rio de experimenta\u00e7\u00e3o e criatividade dedicado ao ensino e \u00e0 pr\u00e1tica inovadora da Engenharia Biom\u00e9dica, patrocinado pela Sword Health, empresa l\u00edder em terapias digitais na \u00e1rea da sa\u00fade. Este laborat\u00f3rio constitui uma plataforma transversal aos tr\u00eas ciclos de forma\u00e7\u00e3o em Engenharia Biom\u00e9dica, promovendo uma liga\u00e7\u00e3o din\u00e2mica entre ensino, investiga\u00e7\u00e3o e aplica\u00e7\u00e3o tecnol\u00f3gica.<\/p>\n\n\n\n<p><strong>PA: Tamb\u00e9m no final do ano passado, o DFis apresentou, no seu 48.\u00ba anivers\u00e1rio, uma proposta para um novo Mestrado em Engenharia de Dispositivos Semicondutores, alinhado com a vis\u00e3o da Uni\u00e3o Europeia. Qual \u00e9 o contributo deste novo mestrado para a inser\u00e7\u00e3o dos estudantes no mercado europeu?<\/strong><\/p>\n\n\n\n<p><strong>JMD:<\/strong> Este mestrado multidisciplinar tem um programa curricular similar ao de cursos de refer\u00eancia no espa\u00e7o europeu e visa formar graduados com experi\u00eancia adaptada aos novos desenvolvimentos tecnol\u00f3gicos, aplicando conhecimentos s\u00f3lidos em f\u00edsica dos semicondutores, microeletr\u00f3nica\/eletr\u00f3nica e sistemas, numa \u00e1rea estrat\u00e9gica para o crescimento econ\u00f3mico e soberania nacional. Os semicondutores s\u00e3o imprescind\u00edveis em setores cruciais que impulsionam a economia, tais como o autom\u00f3vel, aeron\u00e1utica, sa\u00fade, energia, comunica\u00e7\u00f5es, eletr\u00f3nica e automa\u00e7\u00e3o, fot\u00f3nica, optoelectr\u00f3nica, defesa, computa\u00e7\u00e3o, instrumenta\u00e7\u00e3o, seguran\u00e7a, agricultura, t\u00eaxteis e bens de consumo. S\u00e3o os materiais semicondutores que est\u00e3o na base da produ\u00e7\u00e3o de diversos componentes eletr\u00f3nicos e circuitos integrados que s\u00e3o imprescind\u00edveis para a produ\u00e7\u00e3o de chips, respons\u00e1veis, por exemplo, pelo armazenamento e processamento da informa\u00e7\u00e3o. Atrav\u00e9s deste mestrado o estudante obt\u00e9m compet\u00eancias altamente procuradas pela ind\u00fastria europeia, abrindo portas para carreiras tecnol\u00f3gicas de elevado valor acrescentado.<\/p>\n\n\n\n<p><strong>PA:<\/strong> <strong>Por \u00faltimo, alguns estudantes do DFis t\u00eam as propinas do primeiro ano patrocinadas por empresas, como reconhecimento do seu m\u00e9rito. O que representa este apoio para os estudantes? O que \u00e9 que transmite \u00e0 sociedade acerca do valor da forma\u00e7\u00e3o neste Departamento?<\/strong><\/p>\n\n\n\n<p><strong>JMD:<\/strong> Este apoio representa um sinal claro de que a sociedade reconhece e valoriza o talento, sendo um reconhecimento do m\u00e9rito dos nossos estudantes e da confian\u00e7a das empresas na forma\u00e7\u00e3o que o DFis proporciona. Para os estudantes, \u00e9 uma motiva\u00e7\u00e3o adicional, mas tamb\u00e9m um al\u00edvio financeiro significativo. Para as empresas, \u00e9 uma forma de atrair futuros profissionais altamente qualificados e de se envolverem ativamente na forma\u00e7\u00e3o de recursos humanos de excel\u00eancia. E para a sociedade transmite uma mensagem clara: a forma\u00e7\u00e3o em F\u00edsica, com qualidade, rigor e inova\u00e7\u00e3o, \u00e9 valorizada e procurada, mostrando que investir em ci\u00eancia, em educa\u00e7\u00e3o e em jovens talentos \u00e9 investir no futuro. Em suma, o DFis \u00e9 um espa\u00e7o onde este investimento se traduz em inova\u00e7\u00e3o e progresso, fazendo justi\u00e7a ao nosso lema: Aqui sonhamos, criamos e partilhamos conhecimento!<\/p>\n","protected":false},"excerpt":{"rendered":"<p>O Departamento de F\u00edsica da Universidade de Aveiro (DFis\/UA), criado em 1976, lan\u00e7ou recentemente o<\/p>\n","protected":false},"author":11,"featured_media":4876,"comment_status":"open","ping_status":"open","sticky":false,"template":"","format":"standard","meta":{"footnotes":""},"categories":[3],"tags":[806,593,56],"class_list":["post-4875","post","type-post","status-publish","format-standard","has-post-thumbnail","hentry","category-educacao","tag-departamento-de-fisica-da-universidade-de-aveiro-dfis-ua","tag-dfis","tag-educacao-2"],"yoast_head":"<!-- This site is optimized with the Yoast SEO plugin v24.2 - https:\/\/yoast.com\/wordpress\/plugins\/seo\/ -->\n<title>Departamento de F\u00edsica da UA tra\u00e7a metas de atratividade, inova\u00e7\u00e3o e impacto social - Perspetiva Atual<\/title>\n<meta name=\"description\" content=\"O Departamento de F\u00edsica da Universidade de Aveiro (DFis\/UA), criado em 1976, lan\u00e7ou recentemente o Mestrado em Engenharia de Dispositivos...\" \/>\n<meta name=\"robots\" content=\"index, follow, max-snippet:-1, max-image-preview:large, max-video-preview:-1\" \/>\n<link rel=\"canonical\" href=\"https:\/\/perspetivaatual.pt\/index.php\/2025\/07\/18\/departamento-de-fisica-da-ua-traca-metas-de-atratividade-inovacao-e-impacto-social\/\" \/>\n<meta property=\"og:locale\" content=\"pt_PT\" \/>\n<meta property=\"og:type\" content=\"article\" \/>\n<meta property=\"og:title\" content=\"Departamento de F\u00edsica da UA tra\u00e7a metas de atratividade, inova\u00e7\u00e3o e impacto social - Perspetiva Atual\" \/>\n<meta property=\"og:description\" content=\"O Departamento de F\u00edsica da Universidade de Aveiro (DFis\/UA), criado em 1976, lan\u00e7ou recentemente o Mestrado em Engenharia de Dispositivos...\" \/>\n<meta property=\"og:url\" content=\"https:\/\/perspetivaatual.pt\/index.php\/2025\/07\/18\/departamento-de-fisica-da-ua-traca-metas-de-atratividade-inovacao-e-impacto-social\/\" \/>\n<meta property=\"og:site_name\" content=\"Perspetiva Atual\" \/>\n<meta property=\"article:published_time\" content=\"2025-07-18T07:00:00+00:00\" \/>\n<meta property=\"article:modified_time\" content=\"2025-07-14T10:03:48+00:00\" \/>\n<meta property=\"og:image\" content=\"https:\/\/perspetivaatual.pt\/wp-content\/uploads\/2025\/07\/Figura-2-scaled.jpg\" \/>\n\t<meta property=\"og:image:width\" content=\"2560\" \/>\n\t<meta property=\"og:image:height\" content=\"1707\" \/>\n\t<meta property=\"og:image:type\" content=\"image\/jpeg\" \/>\n<meta name=\"author\" content=\"Vitoria Girao\" \/>\n<meta name=\"twitter:card\" content=\"summary_large_image\" \/>\n<meta name=\"twitter:label1\" content=\"Escrito por\" \/>\n\t<meta name=\"twitter:data1\" content=\"\" \/>\n\t<meta name=\"twitter:label2\" content=\"Tempo estimado de leitura\" \/>\n\t<meta name=\"twitter:data2\" content=\"6 minutos\" \/>\n<script type=\"application\/ld+json\" class=\"yoast-schema-graph\">{\"@context\":\"https:\/\/schema.org\",\"@graph\":[{\"@type\":\"Article\",\"@id\":\"https:\/\/perspetivaatual.pt\/index.php\/2025\/07\/18\/departamento-de-fisica-da-ua-traca-metas-de-atratividade-inovacao-e-impacto-social\/#article\",\"isPartOf\":{\"@id\":\"https:\/\/perspetivaatual.pt\/index.php\/2025\/07\/18\/departamento-de-fisica-da-ua-traca-metas-de-atratividade-inovacao-e-impacto-social\/\"},\"author\":{\"name\":\"Vitoria Girao\",\"@id\":\"https:\/\/perspetivaatual.pt\/#\/schema\/person\/c90e8e11129f189f1b7588bf2888f8b5\"},\"headline\":\"Departamento de F\u00edsica da UA tra\u00e7a metas de atratividade, inova\u00e7\u00e3o e impacto social\",\"datePublished\":\"2025-07-18T07:00:00+00:00\",\"dateModified\":\"2025-07-14T10:03:48+00:00\",\"mainEntityOfPage\":{\"@id\":\"https:\/\/perspetivaatual.pt\/index.php\/2025\/07\/18\/departamento-de-fisica-da-ua-traca-metas-de-atratividade-inovacao-e-impacto-social\/\"},\"wordCount\":1087,\"commentCount\":0,\"publisher\":{\"@id\":\"https:\/\/perspetivaatual.pt\/#organization\"},\"image\":{\"@id\":\"https:\/\/perspetivaatual.pt\/index.php\/2025\/07\/18\/departamento-de-fisica-da-ua-traca-metas-de-atratividade-inovacao-e-impacto-social\/#primaryimage\"},\"thumbnailUrl\":\"https:\/\/perspetivaatual.pt\/wp-content\/uploads\/2025\/07\/Figura-2-scaled.jpg\",\"keywords\":[\"Departamento de F\u00edsica da Universidade de Aveiro (DFis\/UA)\",\"DFis\",\"educa\u00e7\u00e3o\"],\"articleSection\":[\"Educa\u00e7\u00e3o\"],\"inLanguage\":\"pt-PT\",\"potentialAction\":[{\"@type\":\"CommentAction\",\"name\":\"Comment\",\"target\":[\"https:\/\/perspetivaatual.pt\/index.php\/2025\/07\/18\/departamento-de-fisica-da-ua-traca-metas-de-atratividade-inovacao-e-impacto-social\/#respond\"]}]},{\"@type\":\"WebPage\",\"@id\":\"https:\/\/perspetivaatual.pt\/index.php\/2025\/07\/18\/departamento-de-fisica-da-ua-traca-metas-de-atratividade-inovacao-e-impacto-social\/\",\"url\":\"https:\/\/perspetivaatual.pt\/index.php\/2025\/07\/18\/departamento-de-fisica-da-ua-traca-metas-de-atratividade-inovacao-e-impacto-social\/\",\"name\":\"Departamento de F\u00edsica da UA tra\u00e7a metas de atratividade, inova\u00e7\u00e3o e impacto social - Perspetiva Atual\",\"isPartOf\":{\"@id\":\"https:\/\/perspetivaatual.pt\/#website\"},\"primaryImageOfPage\":{\"@id\":\"https:\/\/perspetivaatual.pt\/index.php\/2025\/07\/18\/departamento-de-fisica-da-ua-traca-metas-de-atratividade-inovacao-e-impacto-social\/#primaryimage\"},\"image\":{\"@id\":\"https:\/\/perspetivaatual.pt\/index.php\/2025\/07\/18\/departamento-de-fisica-da-ua-traca-metas-de-atratividade-inovacao-e-impacto-social\/#primaryimage\"},\"thumbnailUrl\":\"https:\/\/perspetivaatual.pt\/wp-content\/uploads\/2025\/07\/Figura-2-scaled.jpg\",\"datePublished\":\"2025-07-18T07:00:00+00:00\",\"dateModified\":\"2025-07-14T10:03:48+00:00\",\"description\":\"O Departamento de F\u00edsica da Universidade de Aveiro (DFis\/UA), criado em 1976, lan\u00e7ou recentemente o Mestrado em Engenharia de Dispositivos...\",\"breadcrumb\":{\"@id\":\"https:\/\/perspetivaatual.pt\/index.php\/2025\/07\/18\/departamento-de-fisica-da-ua-traca-metas-de-atratividade-inovacao-e-impacto-social\/#breadcrumb\"},\"inLanguage\":\"pt-PT\",\"potentialAction\":[{\"@type\":\"ReadAction\",\"target\":[\"https:\/\/perspetivaatual.pt\/index.php\/2025\/07\/18\/departamento-de-fisica-da-ua-traca-metas-de-atratividade-inovacao-e-impacto-social\/\"]}]},{\"@type\":\"ImageObject\",\"inLanguage\":\"pt-PT\",\"@id\":\"https:\/\/perspetivaatual.pt\/index.php\/2025\/07\/18\/departamento-de-fisica-da-ua-traca-metas-de-atratividade-inovacao-e-impacto-social\/#primaryimage\",\"url\":\"https:\/\/perspetivaatual.pt\/wp-content\/uploads\/2025\/07\/Figura-2-scaled.jpg\",\"contentUrl\":\"https:\/\/perspetivaatual.pt\/wp-content\/uploads\/2025\/07\/Figura-2-scaled.jpg\",\"width\":2560,\"height\":1707},{\"@type\":\"BreadcrumbList\",\"@id\":\"https:\/\/perspetivaatual.pt\/index.php\/2025\/07\/18\/departamento-de-fisica-da-ua-traca-metas-de-atratividade-inovacao-e-impacto-social\/#breadcrumb\",\"itemListElement\":[{\"@type\":\"ListItem\",\"position\":1,\"name\":\"Home\",\"item\":\"https:\/\/perspetivaatual.pt\/\"},{\"@type\":\"ListItem\",\"position\":2,\"name\":\"Departamento de F\u00edsica da UA tra\u00e7a metas de atratividade, inova\u00e7\u00e3o e impacto social\"}]},{\"@type\":\"WebSite\",\"@id\":\"https:\/\/perspetivaatual.pt\/#website\",\"url\":\"https:\/\/perspetivaatual.pt\/\",\"name\":\"Perspetiva Atual\",\"description\":\"Olhar Portugal, de diferentes formas\",\"publisher\":{\"@id\":\"https:\/\/perspetivaatual.pt\/#organization\"},\"potentialAction\":[{\"@type\":\"SearchAction\",\"target\":{\"@type\":\"EntryPoint\",\"urlTemplate\":\"https:\/\/perspetivaatual.pt\/?s={search_term_string}\"},\"query-input\":{\"@type\":\"PropertyValueSpecification\",\"valueRequired\":true,\"valueName\":\"search_term_string\"}}],\"inLanguage\":\"pt-PT\"},{\"@type\":\"Organization\",\"@id\":\"https:\/\/perspetivaatual.pt\/#organization\",\"name\":\"Perspetiva Atual\",\"url\":\"https:\/\/perspetivaatual.pt\/\",\"logo\":{\"@type\":\"ImageObject\",\"inLanguage\":\"pt-PT\",\"@id\":\"https:\/\/perspetivaatual.pt\/#\/schema\/logo\/image\/\",\"url\":\"https:\/\/perspetivaatual.pt\/wp-content\/uploads\/2020\/08\/cropped-perspetiva_atual-.png\",\"contentUrl\":\"https:\/\/perspetivaatual.pt\/wp-content\/uploads\/2020\/08\/cropped-perspetiva_atual-.png\",\"width\":618,\"height\":202,\"caption\":\"Perspetiva Atual\"},\"image\":{\"@id\":\"https:\/\/perspetivaatual.pt\/#\/schema\/logo\/image\/\"}},{\"@type\":\"Person\",\"@id\":\"https:\/\/perspetivaatual.pt\/#\/schema\/person\/c90e8e11129f189f1b7588bf2888f8b5\",\"name\":\"Vitoria Girao\",\"image\":{\"@type\":\"ImageObject\",\"inLanguage\":\"pt-PT\",\"@id\":\"https:\/\/perspetivaatual.pt\/#\/schema\/person\/image\/\",\"url\":\"https:\/\/secure.gravatar.com\/avatar\/7a4a232c077ec4326004bec18e9d4616?s=96&d=mm&r=g\",\"contentUrl\":\"https:\/\/secure.gravatar.com\/avatar\/7a4a232c077ec4326004bec18e9d4616?s=96&d=mm&r=g\",\"caption\":\"Vitoria Girao\"},\"url\":\"https:\/\/perspetivaatual.pt\/index.php\/author\/vitoria-girao\/\"}]}<\/script>\n<!-- \/ Yoast SEO plugin. -->","yoast_head_json":{"title":"Departamento de F\u00edsica da UA tra\u00e7a metas de atratividade, inova\u00e7\u00e3o e impacto social - Perspetiva Atual","description":"O Departamento de F\u00edsica da Universidade de Aveiro (DFis\/UA), criado em 1976, lan\u00e7ou recentemente o Mestrado em Engenharia de Dispositivos...","robots":{"index":"index","follow":"follow","max-snippet":"max-snippet:-1","max-image-preview":"max-image-preview:large","max-video-preview":"max-video-preview:-1"},"canonical":"https:\/\/perspetivaatual.pt\/index.php\/2025\/07\/18\/departamento-de-fisica-da-ua-traca-metas-de-atratividade-inovacao-e-impacto-social\/","og_locale":"pt_PT","og_type":"article","og_title":"Departamento de F\u00edsica da UA tra\u00e7a metas de atratividade, inova\u00e7\u00e3o e impacto social - Perspetiva Atual","og_description":"O Departamento de F\u00edsica da Universidade de Aveiro (DFis\/UA), criado em 1976, lan\u00e7ou recentemente o Mestrado em Engenharia de Dispositivos...","og_url":"https:\/\/perspetivaatual.pt\/index.php\/2025\/07\/18\/departamento-de-fisica-da-ua-traca-metas-de-atratividade-inovacao-e-impacto-social\/","og_site_name":"Perspetiva Atual","article_published_time":"2025-07-18T07:00:00+00:00","article_modified_time":"2025-07-14T10:03:48+00:00","og_image":[{"width":2560,"height":1707,"url":"https:\/\/perspetivaatual.pt\/wp-content\/uploads\/2025\/07\/Figura-2-scaled.jpg","type":"image\/jpeg"}],"author":"Vitoria Girao","twitter_card":"summary_large_image","twitter_misc":{"Escrito por":false,"Tempo estimado de leitura":"6 minutos"},"schema":{"@context":"https:\/\/schema.org","@graph":[{"@type":"Article","@id":"https:\/\/perspetivaatual.pt\/index.php\/2025\/07\/18\/departamento-de-fisica-da-ua-traca-metas-de-atratividade-inovacao-e-impacto-social\/#article","isPartOf":{"@id":"https:\/\/perspetivaatual.pt\/index.php\/2025\/07\/18\/departamento-de-fisica-da-ua-traca-metas-de-atratividade-inovacao-e-impacto-social\/"},"author":{"name":"Vitoria Girao","@id":"https:\/\/perspetivaatual.pt\/#\/schema\/person\/c90e8e11129f189f1b7588bf2888f8b5"},"headline":"Departamento de F\u00edsica da UA tra\u00e7a metas de atratividade, inova\u00e7\u00e3o e impacto social","datePublished":"2025-07-18T07:00:00+00:00","dateModified":"2025-07-14T10:03:48+00:00","mainEntityOfPage":{"@id":"https:\/\/perspetivaatual.pt\/index.php\/2025\/07\/18\/departamento-de-fisica-da-ua-traca-metas-de-atratividade-inovacao-e-impacto-social\/"},"wordCount":1087,"commentCount":0,"publisher":{"@id":"https:\/\/perspetivaatual.pt\/#organization"},"image":{"@id":"https:\/\/perspetivaatual.pt\/index.php\/2025\/07\/18\/departamento-de-fisica-da-ua-traca-metas-de-atratividade-inovacao-e-impacto-social\/#primaryimage"},"thumbnailUrl":"https:\/\/perspetivaatual.pt\/wp-content\/uploads\/2025\/07\/Figura-2-scaled.jpg","keywords":["Departamento de F\u00edsica da Universidade de Aveiro (DFis\/UA)","DFis","educa\u00e7\u00e3o"],"articleSection":["Educa\u00e7\u00e3o"],"inLanguage":"pt-PT","potentialAction":[{"@type":"CommentAction","name":"Comment","target":["https:\/\/perspetivaatual.pt\/index.php\/2025\/07\/18\/departamento-de-fisica-da-ua-traca-metas-de-atratividade-inovacao-e-impacto-social\/#respond"]}]},{"@type":"WebPage","@id":"https:\/\/perspetivaatual.pt\/index.php\/2025\/07\/18\/departamento-de-fisica-da-ua-traca-metas-de-atratividade-inovacao-e-impacto-social\/","url":"https:\/\/perspetivaatual.pt\/index.php\/2025\/07\/18\/departamento-de-fisica-da-ua-traca-metas-de-atratividade-inovacao-e-impacto-social\/","name":"Departamento de F\u00edsica da UA tra\u00e7a metas de atratividade, inova\u00e7\u00e3o e impacto social - Perspetiva Atual","isPartOf":{"@id":"https:\/\/perspetivaatual.pt\/#website"},"primaryImageOfPage":{"@id":"https:\/\/perspetivaatual.pt\/index.php\/2025\/07\/18\/departamento-de-fisica-da-ua-traca-metas-de-atratividade-inovacao-e-impacto-social\/#primaryimage"},"image":{"@id":"https:\/\/perspetivaatual.pt\/index.php\/2025\/07\/18\/departamento-de-fisica-da-ua-traca-metas-de-atratividade-inovacao-e-impacto-social\/#primaryimage"},"thumbnailUrl":"https:\/\/perspetivaatual.pt\/wp-content\/uploads\/2025\/07\/Figura-2-scaled.jpg","datePublished":"2025-07-18T07:00:00+00:00","dateModified":"2025-07-14T10:03:48+00:00","description":"O Departamento de F\u00edsica da Universidade de Aveiro (DFis\/UA), criado em 1976, lan\u00e7ou recentemente o Mestrado em Engenharia de Dispositivos...","breadcrumb":{"@id":"https:\/\/perspetivaatual.pt\/index.php\/2025\/07\/18\/departamento-de-fisica-da-ua-traca-metas-de-atratividade-inovacao-e-impacto-social\/#breadcrumb"},"inLanguage":"pt-PT","potentialAction":[{"@type":"ReadAction","target":["https:\/\/perspetivaatual.pt\/index.php\/2025\/07\/18\/departamento-de-fisica-da-ua-traca-metas-de-atratividade-inovacao-e-impacto-social\/"]}]},{"@type":"ImageObject","inLanguage":"pt-PT","@id":"https:\/\/perspetivaatual.pt\/index.php\/2025\/07\/18\/departamento-de-fisica-da-ua-traca-metas-de-atratividade-inovacao-e-impacto-social\/#primaryimage","url":"https:\/\/perspetivaatual.pt\/wp-content\/uploads\/2025\/07\/Figura-2-scaled.jpg","contentUrl":"https:\/\/perspetivaatual.pt\/wp-content\/uploads\/2025\/07\/Figura-2-scaled.jpg","width":2560,"height":1707},{"@type":"BreadcrumbList","@id":"https:\/\/perspetivaatual.pt\/index.php\/2025\/07\/18\/departamento-de-fisica-da-ua-traca-metas-de-atratividade-inovacao-e-impacto-social\/#breadcrumb","itemListElement":[{"@type":"ListItem","position":1,"name":"Home","item":"https:\/\/perspetivaatual.pt\/"},{"@type":"ListItem","position":2,"name":"Departamento de F\u00edsica da UA tra\u00e7a metas de atratividade, inova\u00e7\u00e3o e impacto social"}]},{"@type":"WebSite","@id":"https:\/\/perspetivaatual.pt\/#website","url":"https:\/\/perspetivaatual.pt\/","name":"Perspetiva Atual","description":"Olhar Portugal, de diferentes formas","publisher":{"@id":"https:\/\/perspetivaatual.pt\/#organization"},"potentialAction":[{"@type":"SearchAction","target":{"@type":"EntryPoint","urlTemplate":"https:\/\/perspetivaatual.pt\/?s={search_term_string}"},"query-input":{"@type":"PropertyValueSpecification","valueRequired":true,"valueName":"search_term_string"}}],"inLanguage":"pt-PT"},{"@type":"Organization","@id":"https:\/\/perspetivaatual.pt\/#organization","name":"Perspetiva Atual","url":"https:\/\/perspetivaatual.pt\/","logo":{"@type":"ImageObject","inLanguage":"pt-PT","@id":"https:\/\/perspetivaatual.pt\/#\/schema\/logo\/image\/","url":"https:\/\/perspetivaatual.pt\/wp-content\/uploads\/2020\/08\/cropped-perspetiva_atual-.png","contentUrl":"https:\/\/perspetivaatual.pt\/wp-content\/uploads\/2020\/08\/cropped-perspetiva_atual-.png","width":618,"height":202,"caption":"Perspetiva Atual"},"image":{"@id":"https:\/\/perspetivaatual.pt\/#\/schema\/logo\/image\/"}},{"@type":"Person","@id":"https:\/\/perspetivaatual.pt\/#\/schema\/person\/c90e8e11129f189f1b7588bf2888f8b5","name":"Vitoria Girao","image":{"@type":"ImageObject","inLanguage":"pt-PT","@id":"https:\/\/perspetivaatual.pt\/#\/schema\/person\/image\/","url":"https:\/\/secure.gravatar.com\/avatar\/7a4a232c077ec4326004bec18e9d4616?s=96&d=mm&r=g","contentUrl":"https:\/\/secure.gravatar.com\/avatar\/7a4a232c077ec4326004bec18e9d4616?s=96&d=mm&r=g","caption":"Vitoria Girao"},"url":"https:\/\/perspetivaatual.pt\/index.php\/author\/vitoria-girao\/"}]}},"featured_image_urls":{"full":["https:\/\/perspetivaatual.pt\/wp-content\/uploads\/2025\/07\/Figura-2-scaled.jpg",2560,1707,false],"thumbnail":["https:\/\/perspetivaatual.pt\/wp-content\/uploads\/2025\/07\/Figura-2-150x150.jpg",150,150,true],"medium":["https:\/\/perspetivaatual.pt\/wp-content\/uploads\/2025\/07\/Figura-2-300x200.jpg",300,200,true],"medium_large":["https:\/\/perspetivaatual.pt\/wp-content\/uploads\/2025\/07\/Figura-2-768x512.jpg",640,427,true],"large":["https:\/\/perspetivaatual.pt\/wp-content\/uploads\/2025\/07\/Figura-2-1024x683.jpg",640,427,true],"1536x1536":["https:\/\/perspetivaatual.pt\/wp-content\/uploads\/2025\/07\/Figura-2-1536x1024.jpg",1536,1024,true],"2048x2048":["https:\/\/perspetivaatual.pt\/wp-content\/uploads\/2025\/07\/Figura-2-2048x1366.jpg",2048,1366,true],"magazine-7-slider-full":["https:\/\/perspetivaatual.pt\/wp-content\/uploads\/2025\/07\/Figura-2-1536x1020.jpg",1536,1020,true],"magazine-7-slider-center":["https:\/\/perspetivaatual.pt\/wp-content\/uploads\/2025\/07\/Figura-2-936x897.jpg",936,897,true],"magazine-7-featured":["https:\/\/perspetivaatual.pt\/wp-content\/uploads\/2025\/07\/Figura-2-1024x683.jpg",1024,683,true],"magazine-7-medium":["https:\/\/perspetivaatual.pt\/wp-content\/uploads\/2025\/07\/Figura-2-720x380.jpg",720,380,true],"magazine-7-medium-square":["https:\/\/perspetivaatual.pt\/wp-content\/uploads\/2025\/07\/Figura-2-675x450.jpg",675,450,true],"rpwe-thumbnail":["https:\/\/perspetivaatual.pt\/wp-content\/uploads\/2025\/07\/Figura-2-45x45.jpg",45,45,true]},"author_info":{"info":[false]},"category_info":"<a href=\"https:\/\/perspetivaatual.pt\/index.php\/category\/educacao\/\" rel=\"category tag\">Educa\u00e7\u00e3o<\/a>","tag_info":"Educa\u00e7\u00e3o","comment_count":"0","_links":{"self":[{"href":"https:\/\/perspetivaatual.pt\/index.php\/wp-json\/wp\/v2\/posts\/4875","targetHints":{"allow":["GET"]}}],"collection":[{"href":"https:\/\/perspetivaatual.pt\/index.php\/wp-json\/wp\/v2\/posts"}],"about":[{"href":"https:\/\/perspetivaatual.pt\/index.php\/wp-json\/wp\/v2\/types\/post"}],"author":[{"embeddable":true,"href":"https:\/\/perspetivaatual.pt\/index.php\/wp-json\/wp\/v2\/users\/11"}],"replies":[{"embeddable":true,"href":"https:\/\/perspetivaatual.pt\/index.php\/wp-json\/wp\/v2\/comments?post=4875"}],"version-history":[{"count":0,"href":"https:\/\/perspetivaatual.pt\/index.php\/wp-json\/wp\/v2\/posts\/4875\/revisions"}],"wp:featuredmedia":[{"embeddable":true,"href":"https:\/\/perspetivaatual.pt\/index.php\/wp-json\/wp\/v2\/media\/4876"}],"wp:attachment":[{"href":"https:\/\/perspetivaatual.pt\/index.php\/wp-json\/wp\/v2\/media?parent=4875"}],"wp:term":[{"taxonomy":"category","embeddable":true,"href":"https:\/\/perspetivaatual.pt\/index.php\/wp-json\/wp\/v2\/categories?post=4875"},{"taxonomy":"post_tag","embeddable":true,"href":"https:\/\/perspetivaatual.pt\/index.php\/wp-json\/wp\/v2\/tags?post=4875"}],"curies":[{"name":"wp","href":"https:\/\/api.w.org\/{rel}","templated":true}]}}