{"id":4908,"date":"2025-10-17T07:00:00","date_gmt":"2025-10-17T07:00:00","guid":{"rendered":"https:\/\/perspetivaatual.pt\/?p=4908"},"modified":"2025-10-17T08:35:52","modified_gmt":"2025-10-17T08:35:52","slug":"investigacao-com-impacto-o-papel-do-ici-na-afirmacao-cientifica-da-ubi","status":"publish","type":"post","link":"https:\/\/perspetivaatual.pt\/index.php\/2025\/10\/17\/investigacao-com-impacto-o-papel-do-ici-na-afirmacao-cientifica-da-ubi\/","title":{"rendered":"Investiga\u00e7\u00e3o com impacto: o papel do ICI na afirma\u00e7\u00e3o cient\u00edfica da UBI"},"content":{"rendered":"\n<p><strong>Com mais de 50 anos de aposta no ensino superior, a Universidade da Beira Interior (UBI), localizada na Covilh\u00e3, tem vindo a consolidar o seu prest\u00edgio nacional e internacional, confirmado pela presen\u00e7a em rankings globais. Foi considerada a melhor universidade portuguesa com menos de 50 anos no <em>Young University Rankings 2024<\/em> (THE) e, em 2025, alcan\u00e7ou um marco hist\u00f3rico ao integrar o prestigiado <em>Ranking de Xangai<\/em>, figurando entre as 1000 melhores institui\u00e7\u00f5es do mundo e entre as sete universidades portuguesas inclu\u00eddas nesta avalia\u00e7\u00e3o. <\/strong><\/p>\n\n\n\n<p><strong>Neste contexto de afirma\u00e7\u00e3o cient\u00edfica e internacionaliza\u00e7\u00e3o, a <em>Perspetiva Atual<\/em> conversou com C\u00e2ndida Tomaz, Presidente do Instituto Coordenador da Investiga\u00e7\u00e3o (<a href=\"https:\/\/www.ubi.pt\/entidade\/ici\">ICI<\/a>), para conhecer a miss\u00e3o deste instituto, o seu contributo para o fortalecimento da investiga\u00e7\u00e3o na UBI e as perspetivas de futuro num novo ciclo de desenvolvimento cient\u00edfico.<\/strong><\/p>\n\n\n\n<p><strong>Perspetiva Atual \u2013 Qual \u00e9 a miss\u00e3o do ICI na UBI?<\/strong><\/p>\n\n\n\n<p><strong>C\u00e2ndida Tomaz <\/strong> \u2013 O ICI tem como miss\u00e3o promover a investiga\u00e7\u00e3o na UBI, estimulando a colabora\u00e7\u00e3o entre diferentes \u00e1reas do conhecimento e a cria\u00e7\u00e3o de equipas multidisciplinares, refor\u00e7ando a produtividade cient\u00edfica e a gest\u00e3o eficiente dos recursos. Articula ensino e investiga\u00e7\u00e3o, apoia a estrat\u00e9gia institucional e promove o debate e a divulga\u00e7\u00e3o da ci\u00eancia, em alinhamento com o Plano Estrat\u00e9gico UBI 2030 e o programa reitoral 2025-2029. O ICI garante a coer\u00eancia entre as linhas de investiga\u00e7\u00e3o e as \u00e1reas priorit\u00e1rias da UBI, alinhadas com os Objetivos de Desenvolvimento Sustent\u00e1vel (ODS) da ONU, as Miss\u00f5es do Horizonte Europa e a valoriza\u00e7\u00e3o do Interior. Sob a tutela da Vice-Reitoria para a Investiga\u00e7\u00e3o, Inova\u00e7\u00e3o e Desenvolvimento, que coordena igualmente o Gabinete de Apoio \u00e0 Investiga\u00e7\u00e3o e Inova\u00e7\u00e3o, o ICI contribui para assegurar a articula\u00e7\u00e3o estrat\u00e9gica institucional e a qualidade da investiga\u00e7\u00e3o produzida.<\/p>\n\n\n\n<p><strong>PA \u2013 Quais s\u00e3o as unidades de I&amp;D que integram o ICI e qual o seu papel no desenvolvimento cient\u00edfico da UBI?<\/strong><\/p>\n\n\n\n<p><strong>CT<\/strong> \u2013 O ICI integra 19 unidades de I&amp;D lideradas ou com participa\u00e7\u00e3o da UBI, 15 das quais classificadas como Muito Bom ou Excelente pela Funda\u00e7\u00e3o para a Ci\u00eancia e a Tecnologia (FCT). Estas unidades abrangem \u00e1reas que v\u00e3o das Ci\u00eancias da Sa\u00fade e Engenharias \u00e0s Ci\u00eancias Sociais, Humanas e Artes, assegurando uma produ\u00e7\u00e3o cient\u00edfica s\u00f3lida e amplamente reconhecida. O seu contributo reflete-se na presen\u00e7a da UBI em rankings internacionais de prest\u00edgio, como o <em>World\u2019s Top 2% Scientists\u2019 List<\/em>, e na participa\u00e7\u00e3o em programas como o <em>Horizonte Europa<\/em> e o <em>Portugal 2030<\/em>, refor\u00e7ando a sua proje\u00e7\u00e3o cient\u00edfica nacional e internacional.<\/p>\n\n\n\n<p><strong>PA \u2013 De que forma o ICI contribui para o desenvolvimento da sociedade e do tecido empresarial atrav\u00e9s da investiga\u00e7\u00e3o cient\u00edfica?<\/strong><\/p>\n\n\n\n<p><strong>CT<\/strong> \u2013 O ICI, atrav\u00e9s da sua a\u00e7\u00e3o, estimula a liga\u00e7\u00e3o entre a ci\u00eancia e o tecido econ\u00f3mico, incentivando a transfer\u00eancia de conhecimento e tecnologia. Fomenta a inova\u00e7\u00e3o cient\u00edfica e social em colabora\u00e7\u00e3o com empresas, autarquias e redes internacionais. Contribui assim para a afirma\u00e7\u00e3o da UBI como um motor de inova\u00e7\u00e3o e desenvolvimento, contribuindo para a valoriza\u00e7\u00e3o da Beira Interior e para a proje\u00e7\u00e3o de Portugal no espa\u00e7o cient\u00edfico europeu. O ICI desempenha ainda um papel essencial na divulga\u00e7\u00e3o da ci\u00eancia e na sua aproxima\u00e7\u00e3o \u00e0 sociedade, promovendo iniciativas como a <em>Noite Europeia dos Investigadores<\/em> e a <em>Semana da Ci\u00eancia e da Tecnologia<\/em>.<\/p>\n\n\n\n<p><strong>PA \u2013 De que forma os estudantes participam nos projetos de investiga\u00e7\u00e3o da UBI e que oportunidades existem para apoiar o seu desenvolvimento cient\u00edfico?<\/strong><\/p>\n\n\n\n<p><strong>CT<\/strong> \u2013 Os estudantes s\u00e3o parte ativa da atividade cient\u00edfica da UBI, participando em projetos de investiga\u00e7\u00e3o, est\u00e1gios e teses de mestrado e doutoramento. A integra\u00e7\u00e3o em projetos e em parcerias permite-lhes desenvolver compet\u00eancias avan\u00e7adas e contribuir para a qualidade e diversidade da investiga\u00e7\u00e3o. A UBI e, nomeadamente, a Vice-Reitoria para a Investiga\u00e7\u00e3o e o ICI, t\u00eam investido em mecanismos de apoio aos estudantes e jovens investigadores, como, por exemplo, o Programa de Incentivo UBI\/CGD a Jovens Investigadores, o Pr\u00e9mio Jovem Investigador UBI-CGD e as Bolsas de Apoio a Doutoramento UBI-CGD, que reconhecem e valorizam o trabalho cient\u00edfico realizado ou a desenvolver futuramente.<\/p>\n\n\n\n<p><strong>PA \u2013 Estando a tr\u00eas meses do fim do ano, quais s\u00e3o as perspetivas at\u00e9 2026?<\/strong><\/p>\n\n\n\n<p><strong>CT <\/strong>\u2013 At\u00e9 2026, o ICI pretende consolidar a internacionaliza\u00e7\u00e3o da investiga\u00e7\u00e3o da UBI, refor\u00e7ar a sua participa\u00e7\u00e3o em redes estrat\u00e9gicas como a <em>UNITA \u2013 Universitas Montium<\/em>, da qual a UBI \u00e9 membro fundador, e aumentar o n\u00famero de projetos em \u00e1reas priorit\u00e1rias da Agenda 2030 da ONU, como a sa\u00fade, a sustentabilidade e a digitaliza\u00e7\u00e3o. O objetivo \u00e9 posicionar a UBI como institui\u00e7\u00e3o de refer\u00eancia na ci\u00eancia e inova\u00e7\u00e3o a n\u00edvel nacional e internacional, com forte impacto regional. As Unidades de I&amp;D do ICI desenvolvem projetos de elevado impacto cient\u00edfico, social e tecnol\u00f3gico em \u00e1reas estrat\u00e9gicas como sa\u00fade, engenharia, ci\u00eancias sociais e artes, gerando conhecimento de excel\u00eancia e solu\u00e7\u00f5es inovadoras para desafios reais, refor\u00e7ando a liga\u00e7\u00e3o da UBI ao territ\u00f3rio e ao panorama cient\u00edfico internacional.<\/p>\n\n\n\n<blockquote class=\"wp-block-quote is-layout-flow wp-block-quote-is-layout-flow\">\n<p>\u201cO ICI garante a coer\u00eancia entre as linhas de investiga\u00e7\u00e3o e as \u00e1reas priorit\u00e1rias da UBI, alinhadas com os Objetivos de Desenvolvimento Sustent\u00e1vel da ONU e as Miss\u00f5es do Horizonte Europa\u201d<\/p>\n<\/blockquote>\n\n\n\n<h2 class=\"wp-block-heading has-text-align-center\">GeoBioTec@UBI<\/h2>\n\n\n\n<figure class=\"wp-block-image aligncenter size-full is-resized\"><img loading=\"lazy\" decoding=\"async\" width=\"407\" height=\"305\" src=\"https:\/\/perspetivaatual.pt\/wp-content\/uploads\/2025\/10\/image-2.png\" alt=\"\" class=\"wp-image-4912\" style=\"width:326px;height:auto\" srcset=\"https:\/\/perspetivaatual.pt\/wp-content\/uploads\/2025\/10\/image-2.png 407w, https:\/\/perspetivaatual.pt\/wp-content\/uploads\/2025\/10\/image-2-300x225.png 300w\" sizes=\"auto, (max-width: 407px) 100vw, 407px\" \/><figcaption class=\"wp-element-caption\">Investigadores do GeoBioTec@UBI e coordenador Ant\u00f3nio Albuquerque<\/figcaption><\/figure>\n\n\n\n<p>A unidade de investiga\u00e7\u00e3o <strong>Geobioci\u00eancias, Geoengenharia e Geotecnologias (GeoBioTec)<\/strong> foi criada em 2007, resultando da fus\u00e3o de seis grupos e unidades de investiga\u00e7\u00e3o de tr\u00eas universidades portuguesas: Universidade de Aveiro, Universidade da Beira Interior (UBI) e Universidade Nova de Lisboa.<\/p>\n\n\n\n<p>Atualmente, a investiga\u00e7\u00e3o desenvolvida na GeoBioTec@UBI est\u00e1 orientada para a sustentabilidade de cidades, comunidades e territ\u00f3rios, organizada em tr\u00eas linhas principais: Georrecursos, Geotecnia e Geomateriais; Gest\u00e3o Integrada da \u00c1gua; e Planeamento e Gest\u00e3o de Territ\u00f3rios.<\/p>\n\n\n\n<p>As suas atividades incluem estudos inovadores sobre a estabilidade de obras geot\u00e9cnicas, comportamento de solos refor\u00e7ados com geossint\u00e9ticos ou res\u00edduos, valoriza\u00e7\u00e3o de res\u00edduos na produ\u00e7\u00e3o de geomateriais, explora\u00e7\u00e3o de energia geot\u00e9rmica de baixa entalpia, prospe\u00e7\u00e3o de recursos h\u00eddricos termais, aplica\u00e7\u00e3o de solu\u00e7\u00f5es baseadas na natureza para a gest\u00e3o e reutiliza\u00e7\u00e3o da \u00e1gua, bem como a gest\u00e3o sustent\u00e1vel do patrim\u00f3nio, pavimentos, mobilidade e transportes.<\/p>\n\n\n\n<p>Os projetos de investiga\u00e7\u00e3o da GeoBioTec@UBI s\u00e3o financiados pelos programas Promove-LaCaixa, FCT, PRIMA-HORIZON2020, Portugal2020, UNITA e INTERREG.<\/p>\n\n\n\n<p>A unidade viu recentemente aprovado um novo doutoramento internacional em Sustentabilidade Ambiental e Resili\u00eancia de Cidades e Territ\u00f3rios, cuja primeira edi\u00e7\u00e3o teve in\u00edcio em setembro de 2025. Este ciclo de estudos representa uma extens\u00e3o natural da experi\u00eancia cient\u00edfica da unidade, formando investigadores capazes de conceber estrat\u00e9gias sustent\u00e1veis, avaliar riscos ambientais, promover a circularidade e digitaliza\u00e7\u00e3o dos servi\u00e7os urbanos e adaptar cidades e territ\u00f3rios \u00e0s mudan\u00e7as clim\u00e1ticas.<\/p>\n\n\n\n<p>Este programa inovador centra-se na sustentabilidade ambiental de servi\u00e7os urbanos e na prote\u00e7\u00e3o dos recursos naturais em contextos urbanos, periurbanos e rurais. Com uma abordagem interdisciplinar e internacional, integra \u00e1reas como engenharia, inform\u00e1tica, ci\u00eancias da terra, ambiente, arquitetura e urbanismo, refor\u00e7ando o papel da UBI e do GeoBioTec como polos de excel\u00eancia e atra\u00e7\u00e3o de jovens investigadores internacionais dedicados \u00e0 constru\u00e7\u00e3o de territ\u00f3rios mais sustent\u00e1veis e resilientes.<\/p>\n\n\n\n<figure class=\"wp-block-image aligncenter size-full is-resized\"><img loading=\"lazy\" decoding=\"async\" width=\"443\" height=\"271\" src=\"https:\/\/perspetivaatual.pt\/wp-content\/uploads\/2025\/10\/image-69.png\" alt=\"\" class=\"wp-image-5106\" style=\"width:178px;height:auto\" srcset=\"https:\/\/perspetivaatual.pt\/wp-content\/uploads\/2025\/10\/image-69.png 443w, https:\/\/perspetivaatual.pt\/wp-content\/uploads\/2025\/10\/image-69-300x184.png 300w\" sizes=\"auto, (max-width: 443px) 100vw, 443px\" \/><\/figure>\n\n\n\n<h2 class=\"wp-block-heading has-text-align-center\">CISE<\/h2>\n\n\n\n<figure class=\"wp-block-image aligncenter size-full is-resized\"><img loading=\"lazy\" decoding=\"async\" width=\"690\" height=\"388\" src=\"https:\/\/perspetivaatual.pt\/wp-content\/uploads\/2025\/10\/image-1.png\" alt=\"\" class=\"wp-image-4911\" style=\"width:428px;height:auto\" srcset=\"https:\/\/perspetivaatual.pt\/wp-content\/uploads\/2025\/10\/image-1.png 690w, https:\/\/perspetivaatual.pt\/wp-content\/uploads\/2025\/10\/image-1-300x169.png 300w\" sizes=\"auto, (max-width: 690px) 100vw, 690px\" \/><figcaption class=\"wp-element-caption\">Equipa do projeto SmartEcoLighting, liderado por Ant\u00f3nio Marques Cardoso<\/figcaption><\/figure>\n\n\n\n<p>O <strong>CISE \u2013 Centro de Investiga\u00e7\u00e3o em Sistemas Electromecatr\u00f3nicos<\/strong> est\u00e1 a desenvolver um projeto nacional intitulado SmartEcoLighting \u2013 Promo\u00e7\u00e3o da prote\u00e7\u00e3o e preserva\u00e7\u00e3o da biodiversidade reduzindo a polui\u00e7\u00e3o luminosa, que visa encontrar solu\u00e7\u00f5es para reduzir a polui\u00e7\u00e3o luminosa na regi\u00e3o da Serra da Estrela. Este projeto \u00e9 liderado pelo CISE, em parceria com a Associa\u00e7\u00e3o Geopark Estrela e o Munic\u00edpio da Guarda.<\/p>\n\n\n\n<p>Atrav\u00e9s de dados recolhidos a partir de observa\u00e7\u00f5es de sat\u00e9lite, constata-se que existem focos de polui\u00e7\u00e3o luminosa muito relevantes na regi\u00e3o da Serra da Estrela e na sua envolvente. Tal forma de polui\u00e7\u00e3o contribui para a degrada\u00e7\u00e3o da biodiversidade desta regi\u00e3o, bem como para impactos negativos em atividades econ\u00f3micas de relevo ao n\u00edvel regional, como o astroturismo ou a agricultura.<\/p>\n\n\n\n<p>Para dar resposta \u00e0 problem\u00e1tica da polui\u00e7\u00e3o luminosa, o projeto SmartEcoLighting visa desenvolver um sistema inteligente de ilumina\u00e7\u00e3o p\u00fablica, com funcionalidades compat\u00edveis com a limita\u00e7\u00e3o da polui\u00e7\u00e3o luminosa, para a preserva\u00e7\u00e3o da natureza e da biodiversidade em \u00e1reas naturais integradas no Geopark Estrela. Prev\u00ea-se a implementa\u00e7\u00e3o de dois demonstradores: um em meio urbano e outro em contexto rural (natureza), que permitir\u00e3o validar um modelo inovador e sustent\u00e1vel de tecnologias de ilumina\u00e7\u00e3o p\u00fablica, que poder\u00e1 ser adotado por munic\u00edpios, entidades p\u00fablicas, organiza\u00e7\u00f5es sem fins lucrativos e empresas do setor.<\/p>\n\n\n\n<p>O projeto SmartEcoLighting \u00e9 apoiado pelo Programa Promove da Funda\u00e7\u00e3o <em>\u201cla Caixa\u201d<\/em>, em colabora\u00e7\u00e3o com o BPI e com a Funda\u00e7\u00e3o para a Ci\u00eancia e a Tecnologia.<\/p>\n\n\n\n<blockquote class=\"wp-block-quote is-layout-flow wp-block-quote-is-layout-flow\">\n<p>\u201cPara dar resposta \u00e0 problem\u00e1tica da polui\u00e7\u00e3o luminosa, o projeto SmartEcoLighting visa desenvolver<br>um sistema inteligente de ilumina\u00e7\u00e3o p\u00fablica, com funcionalidades compat\u00edveis com a limita\u00e7\u00e3o da<br>polui\u00e7\u00e3o luminosa, para a preserva\u00e7\u00e3o da natureza e da biodiversidade em \u00e1reas naturais integradas no Geopark Estrela\u201d<\/p>\n<\/blockquote>\n\n\n\n<figure class=\"wp-block-image aligncenter size-full is-resized\"><img loading=\"lazy\" decoding=\"async\" width=\"502\" height=\"178\" src=\"https:\/\/perspetivaatual.pt\/wp-content\/uploads\/2025\/10\/image-70.png\" alt=\"\" class=\"wp-image-5107\" style=\"width:183px;height:auto\" srcset=\"https:\/\/perspetivaatual.pt\/wp-content\/uploads\/2025\/10\/image-70.png 502w, https:\/\/perspetivaatual.pt\/wp-content\/uploads\/2025\/10\/image-70-300x106.png 300w\" sizes=\"auto, (max-width: 502px) 100vw, 502px\" \/><\/figure>\n\n\n\n<h2 class=\"wp-block-heading has-text-align-center\">CIDESD<\/h2>\n\n\n\n<figure class=\"wp-block-image alignright is-resized\"><img loading=\"lazy\" decoding=\"async\" width=\"800\" height=\"440\" src=\"http:\/\/perspetivaatual.pt\/wp-content\/uploads\/2025\/10\/mario_marques.jpg\" alt=\"\" class=\"wp-image-4913\" style=\"width:222px;height:auto\" srcset=\"https:\/\/perspetivaatual.pt\/wp-content\/uploads\/2025\/10\/mario_marques.jpg 800w, https:\/\/perspetivaatual.pt\/wp-content\/uploads\/2025\/10\/mario_marques-300x165.jpg 300w, https:\/\/perspetivaatual.pt\/wp-content\/uploads\/2025\/10\/mario_marques-768x422.jpg 768w\" sizes=\"auto, (max-width: 800px) 100vw, 800px\" \/><figcaption class=\"wp-element-caption\">M\u00e1rio Marques- Investigador Principal dos projetos TrackFrailty e Exercise4Brain<\/figcaption><\/figure>\n\n\n\n<p>O <strong>Departamento de Ci\u00eancias do Desporto (DCD)<\/strong> da Universidade da Beira Interior (UBI) lidera dois projetos cient\u00edficos que visam combater a fragilidade f\u00edsica (TrackFrailty) e o comprometimento cognitivo (Exercise4Brain). Os projetos de \u00e2mbito europeu est\u00e3o integrados na Unidade de Investiga\u00e7\u00e3o \u201cCentro de Investiga\u00e7\u00e3o em Desporto, Sa\u00fade e Desenvolvimento Humano\u201d (CIDESD).<\/p>\n\n\n\n<p>O TrackFrailty, financiado pela Funda\u00e7\u00e3o <em>\u201cla Caixa\u201d<\/em>, \u00e9 liderado por M\u00e1rio Marques e conta com a colabora\u00e7\u00e3o de investigadores da UBI (Henrique Neiva, Daniel Marinho, Diogo Marques, Dulce Esteves, Nuno Fonseca, Assun\u00e7\u00e3o Vaz Patto, Ana Torres, Carla Fonseca e Jorge Costa) e da Universidade P\u00fablica de Navarra (Mikel Izquierdo). Os objetivos s\u00e3o quantificar a preval\u00eancia de fragilidade em indiv\u00edduos residentes em Estruturas Residenciais para Idosos (ERPI) e analisar os efeitos cr\u00f3nicos do treino de for\u00e7a com diferentes volumes na revers\u00e3o da fragilidade. Ao fornecer recursos para avaliar e tratar a fragilidade, este projeto promover\u00e1 a inclus\u00e3o social num setor priorit\u00e1rio.<\/p>\n\n\n\n<p>Na sequ\u00eancia do TrackFrailty e sob a mesma lideran\u00e7a, o projeto Exercise4Brain, financiado pela FCT, integra avalia\u00e7\u00f5es da fun\u00e7\u00e3o cognitiva e estrutura cerebral, com o objetivo de compreender como diferentes configura\u00e7\u00f5es de volume de treino de for\u00e7a afetam a sa\u00fade cognitiva de indiv\u00edduos com comprometimento cognitivo. Considerando que a deteriora\u00e7\u00e3o progressiva da fun\u00e7\u00e3o cognitiva est\u00e1 entre as maiores causas de depend\u00eancia em todo o mundo, \u00e9 fundamental implementar estrat\u00e9gias eficientes para mitigar essa deteriora\u00e7\u00e3o e preservar a autonomia dos indiv\u00edduos.<\/p>\n\n\n\n<p>Para os investigadores do DCD-UBI, o financiamento destes projetos \u00e9 o \u201creconhecimento do trabalho que tem vindo a ser desenvolvido nos \u00faltimos vinte anos e representa um incentivo para continuar a desenvolver projetos de investiga\u00e7\u00e3o aplicada com proje\u00e7\u00e3o relevante no panorama internacional\u201d.<\/p>\n\n\n\n<figure class=\"wp-block-image aligncenter size-full is-resized\"><img loading=\"lazy\" decoding=\"async\" width=\"344\" height=\"99\" src=\"https:\/\/perspetivaatual.pt\/wp-content\/uploads\/2025\/10\/image-71.png\" alt=\"\" class=\"wp-image-5108\" style=\"width:182px;height:auto\" srcset=\"https:\/\/perspetivaatual.pt\/wp-content\/uploads\/2025\/10\/image-71.png 344w, https:\/\/perspetivaatual.pt\/wp-content\/uploads\/2025\/10\/image-71-300x86.png 300w\" sizes=\"auto, (max-width: 344px) 100vw, 344px\" \/><\/figure>\n\n\n\n<h2 class=\"wp-block-heading has-text-align-center\">C-MAST<\/h2>\n\n\n\n<figure class=\"wp-block-image alignright size-full is-resized\"><img loading=\"lazy\" decoding=\"async\" width=\"180\" height=\"170\" src=\"https:\/\/perspetivaatual.pt\/wp-content\/uploads\/2025\/10\/image-4.png\" alt=\"\" class=\"wp-image-4915\" style=\"width:129px;height:auto\"\/><figcaption class=\"wp-element-caption\">Pedro Dinis Gaspar, investigador principal<br>do projeto ROBOTA-SUDOE na UBI<\/figcaption><\/figure>\n\n\n\n<p>A <strong>UID C-MAST<\/strong>, Centro de Ci\u00eancias e Tecnologias Mec\u00e2nicas e Aeroespaciais (<a href=\"http:\/\/www.cmast.ubi.pt\">www.cmast.ubi.pt<\/a>), desenvolve investiga\u00e7\u00e3o nas \u00e1reas de Materiais e Estruturas, Energia e Fluidos e Produ\u00e7\u00e3o Industrial. Criada em 1994, a C-MAST tornou-se uma refer\u00eancia nacional e internacional em \u00e1reas de interface ci\u00eancia-tecnologia, atrav\u00e9s de uma abordagem multidisciplinar que abrange a Engenharia Mec\u00e2nica, as Ci\u00eancias Aeron\u00e1uticas e Aeroespaciais e a Engenharia de Gest\u00e3o Industrial. Um exemplo disso \u00e9 o projeto ROBOTA-SUDOE: Rob\u00f3tica, Automa\u00e7\u00e3o e Digitaliza\u00e7\u00e3o como Motores de Competitividade e Crescimento das PME.<\/p>\n\n\n\n<p>\u00c9 um projeto europeu financiado pelo programa Interreg Sudoe (2021\u20132027), que re\u00fane um cons\u00f3rcio com parceiros do ensino superior, empresas e clusters de Portugal (UBI, CENTIMFE: coordenador, Cerfund\u00e3o), Espanha (Universidade de Santiago de Compostela, Juema e AIJU) e Fran\u00e7a (Clermont Auvergne INP, CIMES Auvergne-Rh\u00f4ne-Alpes). O projeto foca-se na moderniza\u00e7\u00e3o tecnol\u00f3gica de setores tradicionais, como o agroalimentar e o dos pl\u00e1sticos, privilegiando regi\u00f5es menos desenvolvidas.<\/p>\n\n\n\n<p>O objetivo consiste em impulsionar o crescimento e a competitividade das PME por via da rob\u00f3tica colaborativa, promovendo redes de interc\u00e2mbio entre centros de I&amp;D, empresas e institui\u00e7\u00f5es p\u00fablicas. Assim, \u00e9 estimulada a transfer\u00eancia de conhecimento e a cria\u00e7\u00e3o de solu\u00e7\u00f5es inovadoras de manipula\u00e7\u00e3o robotizada com intelig\u00eancia artificial, aplic\u00e1veis em atividades como corte de carne, embalamento de frutas e montagem de brinquedos, para al\u00e9m da cria\u00e7\u00e3o de tr\u00eas \u201cliving labs\u201d para demonstra\u00e7\u00e3o de tecnologias replic\u00e1veis.<\/p>\n\n\n\n<p>Os resultados incluem redes colaborativas transnacionais, prot\u00f3tipos validados em ambientes reais, sistemas de vis\u00e3o computacional e garras auto-sensorizadas (patente submetida). A divulga\u00e7\u00e3o abrange comunica\u00e7\u00f5es em congressos internacionais (IEEE ICARSC 2025, ETFA 2025, ICINCO 2025), publica\u00e7\u00f5es em jornais internacionais, demonstra\u00e7\u00f5es (S4I, Madrid; FIRA, Toulouse), workshops e divulga\u00e7\u00e3o medi\u00e1tica.<\/p>\n\n\n\n<p>O projeto refor\u00e7a a rela\u00e7\u00e3o entre investiga\u00e7\u00e3o e ind\u00fastria, adaptando as solu\u00e7\u00f5es desenvolvidas a m\u00faltiplos setores, contribuindo para a atratividade das zonas rurais, o emprego qualificado e promovendo o equil\u00edbrio regional e o impacto societal.<\/p>\n\n\n\n<figure class=\"wp-block-image aligncenter size-full is-resized\"><img loading=\"lazy\" decoding=\"async\" width=\"390\" height=\"94\" src=\"https:\/\/perspetivaatual.pt\/wp-content\/uploads\/2025\/10\/image-72.png\" alt=\"\" class=\"wp-image-5109\" style=\"width:212px;height:auto\" srcset=\"https:\/\/perspetivaatual.pt\/wp-content\/uploads\/2025\/10\/image-72.png 390w, https:\/\/perspetivaatual.pt\/wp-content\/uploads\/2025\/10\/image-72-300x72.png 300w\" sizes=\"auto, (max-width: 390px) 100vw, 390px\" \/><\/figure>\n\n\n\n<h2 class=\"wp-block-heading has-text-align-center\">NECE<br>Med-Tech Health Enterpreneurship na UBI<\/h2>\n\n\n\n<figure class=\"wp-block-image aligncenter size-full is-resized\"><img loading=\"lazy\" decoding=\"async\" width=\"708\" height=\"390\" src=\"https:\/\/perspetivaatual.pt\/wp-content\/uploads\/2025\/10\/image-5.png\" alt=\"\" class=\"wp-image-4916\" style=\"width:319px;height:auto\" srcset=\"https:\/\/perspetivaatual.pt\/wp-content\/uploads\/2025\/10\/image-5.png 708w, https:\/\/perspetivaatual.pt\/wp-content\/uploads\/2025\/10\/image-5-300x165.png 300w\" sizes=\"auto, (max-width: 708px) 100vw, 708px\" \/><figcaption class=\"wp-element-caption\">Equipa do projeto Health2Innovation liderada por<br>Arminda do Pa\u00e7o (UBI)<\/figcaption><\/figure>\n\n\n\n<p>O <strong>NECE-UBI<\/strong> (Research Centre for Business Sciences) tem vindo a afirmar-se como uma refer\u00eancia nacional e internacional na investiga\u00e7\u00e3o em empreendedorismo. Esta excel\u00eancia estende-se ao ensino, com a introdu\u00e7\u00e3o de disciplinas focadas na promo\u00e7\u00e3o de compet\u00eancias empreendedoras em v\u00e1rios ciclos de estudo, incluindo \u00e1reas STEM. Este percurso torna natural o envolvimento do centro em projetos europeus de grande dimens\u00e3o, focados na promo\u00e7\u00e3o do empreendedorismo em m\u00faltiplas \u00e1reas do conhecimento, como \u00e9 o caso da sa\u00fade.<\/p>\n\n\n\n<p>Um exemplo \u00e9 o Health2Innovation (<a>https:\/\/www.health2innovation.eu\/<\/a>), projeto europeu de cerca de 1,5 milh\u00f5es de euros liderado pela Universidade da Beira Interior (UBI). A iniciativa re\u00fane 14 entidades de 12 pa\u00edses, numa rede diversificada de especialistas. Este projeto tem como miss\u00e3o inspirar, orientar, formar e capacitar estudantes e rec\u00e9m-graduados em Ci\u00eancias Biom\u00e9dicas, Medicina, Gest\u00e3o, Engenharias, Tecnologias da Informa\u00e7\u00e3o e Comunica\u00e7\u00e3o (TIC) e \u00e1reas afins, refor\u00e7ando compet\u00eancias digitais, verdes, empreendedoras e interdisciplinares. O foco est\u00e1 em dom\u00ednios estrat\u00e9gicos como sa\u00fade digital, literacia de dados, intelig\u00eancia artificial, ciberseguran\u00e7a, biotecnologia e economia circular.<\/p>\n\n\n\n<p>Entre as a\u00e7\u00f5es previstas, destaca-se o desenvolvimento de uma plataforma de e-learning, que incluir\u00e1 um curso avan\u00e7ado certificado e acreditado, bem como a cria\u00e7\u00e3o de um hub de aprendizagem digital e de uma aplica\u00e7\u00e3o m\u00f3vel. O projeto contempla ainda um Bootcamp de Inova\u00e7\u00e3o em Sa\u00fade em L\u00fcnd, com o apoio da SmiLe Incubator, e um programa de aprendizagem (Apprenticeship) em Lille, em colabora\u00e7\u00e3o com a Eurosant\u00e9.<\/p>\n\n\n\n<p>Mais do que formar profissionais, o Health2Innovation pretende impactar positivamente o setor da sa\u00fade europeu e contribuir para moldar o futuro dos cuidados de sa\u00fade, prevendo inclusive o desenvolvimento de orienta\u00e7\u00f5es para pol\u00edticas p\u00fablicas sobre clusters inovadores da sa\u00fade.<\/p>\n\n\n\n<figure class=\"wp-block-image aligncenter size-full is-resized\"><img loading=\"lazy\" decoding=\"async\" width=\"312\" height=\"88\" src=\"https:\/\/perspetivaatual.pt\/wp-content\/uploads\/2025\/10\/image-73.png\" alt=\"\" class=\"wp-image-5110\" style=\"width:127px;height:auto\" srcset=\"https:\/\/perspetivaatual.pt\/wp-content\/uploads\/2025\/10\/image-73.png 312w, https:\/\/perspetivaatual.pt\/wp-content\/uploads\/2025\/10\/image-73-300x85.png 300w\" sizes=\"auto, (max-width: 312px) 100vw, 312px\" \/><\/figure>\n\n\n\n<h2 class=\"wp-block-heading has-text-align-center\">CMA-UBI<\/h2>\n\n\n\n<figure class=\"wp-block-image aligncenter size-full is-resized\"><img loading=\"lazy\" decoding=\"async\" width=\"347\" height=\"124\" src=\"https:\/\/perspetivaatual.pt\/wp-content\/uploads\/2025\/10\/image-12.png\" alt=\"\" class=\"wp-image-4927\" style=\"width:110px;height:auto\" srcset=\"https:\/\/perspetivaatual.pt\/wp-content\/uploads\/2025\/10\/image-12.png 347w, https:\/\/perspetivaatual.pt\/wp-content\/uploads\/2025\/10\/image-12-300x107.png 300w\" sizes=\"auto, (max-width: 347px) 100vw, 347px\" \/><\/figure>\n\n\n\n<figure class=\"wp-block-image alignright is-resized\"><img loading=\"lazy\" decoding=\"async\" width=\"182\" height=\"182\" src=\"http:\/\/perspetivaatual.pt\/wp-content\/uploads\/2025\/10\/paulo-moniz.jpg\" alt=\"\" class=\"wp-image-4921\" style=\"width:140px;height:auto\" srcset=\"https:\/\/perspetivaatual.pt\/wp-content\/uploads\/2025\/10\/paulo-moniz.jpg 182w, https:\/\/perspetivaatual.pt\/wp-content\/uploads\/2025\/10\/paulo-moniz-150x150.jpg 150w, https:\/\/perspetivaatual.pt\/wp-content\/uploads\/2025\/10\/paulo-moniz-45x45.jpg 45w\" sizes=\"auto, (max-width: 182px) 100vw, 182px\" \/><figcaption class=\"wp-element-caption\">Paulo Moniz, Coordenador do CMA<\/figcaption><\/figure>\n\n\n\n<p>O <strong>Centro de Matem\u00e1tica e Aplica\u00e7\u00f5es da Universidade da Beira Interior (CMA-UBI)<\/strong> \u00e9 uma unidade de investiga\u00e7\u00e3o dedicada \u00e0 excel\u00eancia cient\u00edfica, internacionaliza\u00e7\u00e3o e multidisciplinaridade, com forte aposta na forma\u00e7\u00e3o avan\u00e7ada e na divulga\u00e7\u00e3o p\u00fablica da ci\u00eancia.<\/p>\n\n\n\n<p>Os seus objetivos estrat\u00e9gicos centram-se na investiga\u00e7\u00e3o fundamental e aplicada em Matem\u00e1tica e F\u00edsica Te\u00f3rica, abrangendo \u00e1reas como Sistemas Din\u00e2micos, \u00c1lgebra e Geometria, Gravita\u00e7\u00e3o e Cosmologia, Probabilidade e Estat\u00edstica, e An\u00e1lise Num\u00e9rica e Equa\u00e7\u00f5es Diferenciais.<\/p>\n\n\n\n<p>O CMA-UBI conta com o apoio de um Conselho Consultivo Internacional, composto por especialistas de refer\u00eancia nas \u00e1reas representativas do seu trabalho cient\u00edfico, refor\u00e7ando o seu compromisso com a qualidade e o impacto global da investiga\u00e7\u00e3o desenvolvida. O centro promove regularmente semin\u00e1rios cient\u00edficos, com participa\u00e7\u00e3o de investigadores nacionais e estrangeiros, e organiza cursos e confer\u00eancias internacionais que consolidam a liga\u00e7\u00e3o entre a UBI e a comunidade cient\u00edfica internacional.<\/p>\n\n\n\n<p>No dom\u00ednio da forma\u00e7\u00e3o avan\u00e7ada, o CMA-UBI apoia dois programas de doutoramento da UBI \u2014 Matem\u00e1tica e Aplica\u00e7\u00f5es e F\u00edsica \u2014 contribuindo para a prepara\u00e7\u00e3o de novas gera\u00e7\u00f5es de investigadores.<\/p>\n\n\n\n<p>Embora o n\u00facleo central da sua investiga\u00e7\u00e3o seja de natureza fundamental, v\u00e1rios membros do <strong>CMA-UBI<\/strong>, especialmente na \u00e1rea da Estat\u00edstica, desenvolvem colabora\u00e7\u00f5es interdisciplinares com outras unidades de investiga\u00e7\u00e3o, nomeadamente nas Ci\u00eancias da Sa\u00fade, evidenciando o potencial da matem\u00e1tica como linguagem transversal \u00e0 inova\u00e7\u00e3o cient\u00edfica e tecnol\u00f3gica.<\/p>\n\n\n\n<h2 class=\"wp-block-heading has-text-align-center\"><strong>RISE-Health, UBI<\/strong><\/h2>\n\n\n\n<figure class=\"wp-block-image aligncenter size-full is-resized\"><img loading=\"lazy\" decoding=\"async\" width=\"291\" height=\"105\" src=\"https:\/\/perspetivaatual.pt\/wp-content\/uploads\/2025\/10\/image-13.png\" alt=\"\" class=\"wp-image-4928\" style=\"width:170px;height:auto\"\/><\/figure>\n\n\n\n<figure class=\"wp-block-image aligncenter is-resized\"><img loading=\"lazy\" decoding=\"async\" width=\"1440\" height=\"1920\" src=\"http:\/\/perspetivaatual.pt\/wp-content\/uploads\/2025\/10\/Rise_Health-Foto.jpg\" alt=\"\" class=\"wp-image-4918\" style=\"width:237px;height:auto\" srcset=\"https:\/\/perspetivaatual.pt\/wp-content\/uploads\/2025\/10\/Rise_Health-Foto.jpg 1440w, https:\/\/perspetivaatual.pt\/wp-content\/uploads\/2025\/10\/Rise_Health-Foto-225x300.jpg 225w, https:\/\/perspetivaatual.pt\/wp-content\/uploads\/2025\/10\/Rise_Health-Foto-768x1024.jpg 768w, https:\/\/perspetivaatual.pt\/wp-content\/uploads\/2025\/10\/Rise_Health-Foto-1152x1536.jpg 1152w, https:\/\/perspetivaatual.pt\/wp-content\/uploads\/2025\/10\/Rise_Health-Foto-1024x1365.jpg 1024w\" sizes=\"auto, (max-width: 1440px) 100vw, 1440px\" \/><figcaption class=\"wp-element-caption\">As investigadoras \u00c2ngela Sousa, Cec\u00edlia Santos (Coordenadora do Rise Health UBI), Fani Sousa, Carla Cruz e S\u00edlvia Socorro (Vice-Reitora para a Investiga\u00e7\u00e3o, Inova\u00e7\u00e3o e Desenvolvimento)<\/figcaption><\/figure>\n\n\n\n<p>O <strong>RISE-Health UBI<\/strong> integra o <strong>RISE-Health \u2013 Health Research and Innovation<\/strong>, resultante da fus\u00e3o do CICS-UBI, CINTESIS, UNIC e MedIN-UP (U. Porto). Classificado com \u201cMuito Bom\u201d, \u00e9 hoje a maior UID nacional, reunindo mais de 1.300 investigadores e promovendo investiga\u00e7\u00e3o em sa\u00fade desde a mol\u00e9cula at\u00e9 \u00e0 comunidade, refor\u00e7ando a liga\u00e7\u00e3o ci\u00eancia\u2013academia e cl\u00ednica\u2013inova\u00e7\u00e3o biom\u00e9dica. Na UBI, a investiga\u00e7\u00e3o articula ci\u00eancia fundamental e inova\u00e7\u00e3o tecnol\u00f3gica com impacto cl\u00ednico, estruturando-se em \u00e1reas tem\u00e1ticas com projetos nacionais e internacionais, spin-offs e redes colaborativas.<\/p>\n\n\n\n<p>Em Doen\u00e7as Neurol\u00f3gicas, destacam-se projetos que prolongam linhas j\u00e1 patenteadas para a Doen\u00e7a de Parkinson: SlowPD (Ana Clara Cristov\u00e3o, 249.958 \u20ac), que desenvolve um f\u00e1rmaco para travar a progress\u00e3o da doen\u00e7a, e SYNERGIZE-PD (Liliana Bernardino, 249.912 \u20ac), dedicado \u00e0 identifica\u00e7\u00e3o de biomarcadores e terapias baseadas em microRNAs em colabora\u00e7\u00e3o com parceiros europeus. No mesmo dom\u00ednio, o projeto RESCUE (Gra\u00e7a Baltazar, 233.280 \u20ac) explora terapias para reparar les\u00f5es cerebrais isqu\u00e9micas em rec\u00e9m-nascidos e adultos.<\/p>\n\n\n\n<p>Na \u00e1rea das Infe\u00e7\u00f5es, Microbioma e Sa\u00fade da Mulher, o projeto MyCoV (Joana Rolo, 49.132 \u20ac) constitui um estudo pioneiro sobre leveduras emergentes na infe\u00e7\u00e3o vulvovaginal, visando tamb\u00e9m o desenvolvimento de um gel terap\u00eautico inovador.<\/p>\n\n\n\n<p>Em Biotecnologia e Inova\u00e7\u00e3o Farmac\u00eautica, o projeto M3D.printer (\u00c2ngela Sousa, 176.970 \u20ac da UBI; total 1,59 M\u20ac) aposta na impress\u00e3o 3D de medicamentos personalizados para popula\u00e7\u00f5es pedi\u00e1tricas e geri\u00e1tricas. J\u00e1 o projeto STAR Innovation (Adriana Santos, 212.499 \u20ac) desenvolve uma formula\u00e7\u00e3o oral de mol\u00e9culas neuroprotetoras, com patente licenciada nos EUA.<\/p>\n\n\n\n<p>Na \u00e1rea de Biotecnologia Avan\u00e7ada e Terapias de RNA, encerrou recentemente o projeto europeu Yscript (2022\u20132025), financiado num total de 3,4 M\u20ac e liderado na UBI por Fani Sousa (200.826 \u20ac), que explorou o potencial das leveduras como f\u00e1bricas biol\u00f3gicas de mRNA. O projeto miRCapt (UBI\u2013FEUP), tamb\u00e9m liderado pela investigadora (209.854 \u20ac), recorre a nanotubos de carbono para administrar pre-miRNAs em terapias para o cancro do pulm\u00e3o. Nesta \u00e1rea, o projeto HOPE (Carla Cruz, 211.874 \u20ac) valida um gene como alvo terap\u00eautico no cancro do pulm\u00e3o, propondo uma nova terapia baseada em conjugados de \u00e1cidos nucleicos.<\/p>\n\n\n\n<p>Na interface entre ambiente e sa\u00fade, o projeto AquaClean (Carla Cruz, 149.781 \u20ac; Funda\u00e7\u00e3o \u201cla Caixa\u201d) monitoriza disruptores end\u00f3crinos em \u00e1guas superficiais da regi\u00e3o NUTS III, desenvolvendo tecnologias de mitiga\u00e7\u00e3o em colabora\u00e7\u00e3o com APA, ADC e ICOVI.<\/p>\n\n\n\n<p>Com este portef\u00f3lio, o RISE-Health UBI afirma-se como centro de excel\u00eancia cient\u00edfica e motor de inova\u00e7\u00e3o, produzindo avan\u00e7os disruptivos com impacto direto na sa\u00fade e na sociedade.<\/p>\n\n\n\n<figure class=\"wp-block-image aligncenter size-full is-resized\"><img loading=\"lazy\" decoding=\"async\" width=\"357\" height=\"555\" src=\"https:\/\/perspetivaatual.pt\/wp-content\/uploads\/2025\/10\/image-74.png\" alt=\"\" class=\"wp-image-5111\" style=\"width:121px;height:auto\" srcset=\"https:\/\/perspetivaatual.pt\/wp-content\/uploads\/2025\/10\/image-74.png 357w, https:\/\/perspetivaatual.pt\/wp-content\/uploads\/2025\/10\/image-74-193x300.png 193w\" sizes=\"auto, (max-width: 357px) 100vw, 357px\" \/><\/figure>\n\n\n\n<h2 class=\"wp-block-heading has-text-align-center\">Fiber Materials and Environmental Technologies<br>FibEnTech-UBI<\/h2>\n\n\n\n<figure class=\"wp-block-image alignright size-full is-resized\"><img loading=\"lazy\" decoding=\"async\" width=\"254\" height=\"227\" src=\"https:\/\/perspetivaatual.pt\/wp-content\/uploads\/2025\/10\/image-7.png\" alt=\"\" class=\"wp-image-4919\" style=\"width:138px;height:auto\"\/><figcaption class=\"wp-element-caption\">Paulo Fiadeiro, Coordenador da FibEnTech-UBI<\/figcaption><\/figure>\n\n\n\n<p>A unidade Fiber Materials and Environmental Technologies (FibEnTech-UBI) da Universidade da Beira Interior (UBI) \u00e9 uma unidade de investiga\u00e7\u00e3o \u00fanica que junta as val\u00eancias de investiga\u00e7\u00e3o fundamental e aplicada para o desenvolvimento de atividades com diversos prop\u00f3sitos em v\u00e1rios setores da economia.<\/p>\n\n\n\n<p>A FibEnTech-UBI tem suporte financeiro atrav\u00e9s da Funda\u00e7\u00e3o para a Ci\u00eancia e a Tecnologia (FCT) e atrav\u00e9s de projetos de II&amp;D em forte colabora\u00e7\u00e3o com o tecido empresarial (celulose e papel, t\u00eaxtil, tecnologias ambientais).<\/p>\n\n\n\n<p>Atenta aos desenvolvimentos tecnol\u00f3gicos na produ\u00e7\u00e3o sustent\u00e1vel, (re)aproveitamento de recursos e cria\u00e7\u00e3o de novos produtos de valor acrescentado, a FibEnTech-UBI alinha-se com as Agendas Mobilizadoras para o \u201cDesenvolvimento sustent\u00e1vel e a inova\u00e7\u00e3o empresarial\u201d e participa em cons\u00f3rcios no Programa de Recupera\u00e7\u00e3o e Resili\u00eancia (PRR), destacando-se o projeto \u201cFrom Fossil to Forest\u201d (FF2F), intitulado <em>\u201cSustainable packaging and products to replace fossil plastic\u201d<\/em>, com cons\u00f3rcio liderado pela empresa Navigator Paper Set\u00fabal S.A. e 27 entidades nacionais dos sistemas empresarial e cient\u00edfico.<\/p>\n\n\n\n<p>A FibEnTech-UBI tem um grupo de trabalho, transversalmente envolvido em todas as Work Packages deste projeto, dedicando-se aos estudos de Reciclabilidade, Biodegradabilidade, Compostabilidade e Sustentabilidade, com valoriza\u00e7\u00e3o dos novos produtos e processos, assim como na utiliza\u00e7\u00e3o de t\u00e9cnicas \u00f3ticas espec\u00edficas para estudar o envelhecimento acelerado com radia\u00e7\u00e3o ultravioleta, imagiologia multi\/hiperespectral, e para analisar e caracterizar o estado de superf\u00edcie e a intera\u00e7\u00e3o de l\u00edquidos com pap\u00e9is castanhos, pap\u00e9is com maior resist\u00eancia mec\u00e2nica, pap\u00e9is com propriedades barreira, biocomp\u00f3sitos, celulose moldada para embalagem r\u00edgida e pastas de alto rendimento.<\/p>\n\n\n\n<p>O financiamento deste projeto foi alocado \u00e0 realiza\u00e7\u00e3o de obras de adapta\u00e7\u00e3o no Centro de Investiga\u00e7\u00e3o em Ci\u00eancia e Tecnologia do Papel, \u00e0 aquisi\u00e7\u00e3o de equipamentos espec\u00edficos e \u00e0 contrata\u00e7\u00e3o de recursos humanos dedicados \u00e0 investiga\u00e7\u00e3o, ficando criadas as condi\u00e7\u00f5es para que, no futuro, a FibEnTech-UBI possa continuar a desenvolver trabalhos de II&amp;D nas \u00e1reas descritas.<\/p>\n\n\n\n<blockquote class=\"wp-block-quote is-layout-flow wp-block-quote-is-layout-flow\">\n<p>\u201cA FibEnTech-UBI tem um grupo de trabalho, transversalmente envolvido em todas as \u2018Work Packages\u2019 deste projeto, dedicando-se aos estudos de Reciclabilidade, Biodegradabilidade, Compostabilidade e Sustentabilidade, com valoriza\u00e7\u00e3o dos novos Produtos e Processos, assim como na utiliza\u00e7\u00e3o de t\u00e9cnicas \u00f3ticas espec\u00edficas para estudar o envelhecimento acelerado com radia\u00e7\u00e3o ultravioleta e imagiologia multi\/hiperespectral\u201d<\/p>\n<\/blockquote>\n\n\n\n<figure class=\"wp-block-image aligncenter size-full is-resized\"><img loading=\"lazy\" decoding=\"async\" width=\"358\" height=\"240\" src=\"https:\/\/perspetivaatual.pt\/wp-content\/uploads\/2025\/10\/image-75.png\" alt=\"\" class=\"wp-image-5112\" style=\"width:147px;height:auto\" srcset=\"https:\/\/perspetivaatual.pt\/wp-content\/uploads\/2025\/10\/image-75.png 358w, https:\/\/perspetivaatual.pt\/wp-content\/uploads\/2025\/10\/image-75-300x201.png 300w\" sizes=\"auto, (max-width: 358px) 100vw, 358px\" \/><\/figure>\n\n\n\n<h2 class=\"wp-block-heading has-text-align-center\">CIAUD-UBI<\/h2>\n\n\n\n<figure class=\"wp-block-image alignright is-resized\"><img loading=\"lazy\" decoding=\"async\" width=\"638\" height=\"414\" src=\"http:\/\/perspetivaatual.pt\/wp-content\/uploads\/2025\/10\/230628_LM-Nuno-Martins-1-638x414-1.jpg\" alt=\"\" class=\"wp-image-4922\" style=\"width:189px;height:auto\" srcset=\"https:\/\/perspetivaatual.pt\/wp-content\/uploads\/2025\/10\/230628_LM-Nuno-Martins-1-638x414-1.jpg 638w, https:\/\/perspetivaatual.pt\/wp-content\/uploads\/2025\/10\/230628_LM-Nuno-Martins-1-638x414-1-300x195.jpg 300w\" sizes=\"auto, (max-width: 638px) 100vw, 638px\" \/><figcaption class=\"wp-element-caption\">Afonso Nuno Martins (UBI)<\/figcaption><\/figure>\n\n\n\n<p>O <strong>Centro de Investiga\u00e7\u00e3o em Arquitectura, Urbanismo e Design da UBI (CIAUD-UBI)<\/strong> \u00e9 uma unidade de investiga\u00e7\u00e3o em Arquitetura e Urbanismo sediada na UBI e associada ao CIAUD da Faculdade de Arquitetura da Universidade de Lisboa. Tem como miss\u00e3o promover a investiga\u00e7\u00e3o cient\u00edfica, a inova\u00e7\u00e3o e a transfer\u00eancia de conhecimento, articulando investiga\u00e7\u00e3o, ensino e pr\u00e1tica em estreita liga\u00e7\u00e3o com os ciclos de Mestrado Integrado e Doutoramento em Arquitetura da UBI. A investiga\u00e7\u00e3o desenvolvida distingue-se pela abordagem interdisciplinar e transdisciplinar, promovendo solu\u00e7\u00f5es sustent\u00e1veis e inclusivas que integram artes, ci\u00eancias e tecnologias.<\/p>\n\n\n\n<p>Entre os projetos em curso, destaca-se \u201cSlum Upgrading and Incremental Housing in Practice \u2013 Learning from Le Corbusier, \u00c1lvaro Siza, towards an architecture and urbanism for climate change in Lisbon and Chandigarh\u2019s urban margins\u201d, coordenado por Afonso Nuno Martins (UBI), com Miguel S. Fernandes (UBI), Pedro Almeida e Ana Rita Ochoa (FAUL). O projeto, de natureza transdisciplinar, centra-se nas pr\u00e1ticas de Arquitetura e Urbanismo Humanit\u00e1rio (HAUD) e Habita\u00e7\u00e3o Incremental (HI), e foca-se em \u00e1reas mal infraestruturadas nas periferias de grandes cidades, particularmente afetadas pelas altera\u00e7\u00f5es clim\u00e1ticas (AC) e pela pandemia de Covid-19.<\/p>\n\n\n\n<p>O projeto examina a HAUD como uma recria\u00e7\u00e3o da arquitetura e do urbanismo convencionais, e a HI como resposta \u00e0s necessidades habitacionais de fam\u00edlias de baixos rendimentos. Assente em investiga\u00e7\u00e3o e trabalho de campo pr\u00e9vios, utiliza ferramentas digitais para apoiar propostas de HI e requalifica\u00e7\u00e3o de assentamentos, envolvendo institui\u00e7\u00f5es acad\u00e9micas, ONG e parceiros locais em Portugal, \u00cdndia e Chile.<\/p>\n\n\n\n<p>Os resultados incluem publica\u00e7\u00f5es, a\u00e7\u00f5es de divulga\u00e7\u00e3o, iniciativas formativas e uma base de dados colaborativa online, promovendo a partilha de conhecimento e contribuindo para pol\u00edticas de arquitetura, urbanismo, habita\u00e7\u00e3o e adapta\u00e7\u00e3o \u00e0s altera\u00e7\u00f5es clim\u00e1ticas.<\/p>\n\n\n\n<p>Project acronym: UrbClimaAdapt_old&amp;new lessons<\/p>\n\n\n\n<figure class=\"wp-block-image aligncenter size-full is-resized\"><img loading=\"lazy\" decoding=\"async\" width=\"361\" height=\"239\" src=\"https:\/\/perspetivaatual.pt\/wp-content\/uploads\/2025\/10\/image-76.png\" alt=\"\" class=\"wp-image-5113\" style=\"width:154px;height:auto\" srcset=\"https:\/\/perspetivaatual.pt\/wp-content\/uploads\/2025\/10\/image-76.png 361w, https:\/\/perspetivaatual.pt\/wp-content\/uploads\/2025\/10\/image-76-300x199.png 300w\" sizes=\"auto, (max-width: 361px) 100vw, 361px\" \/><\/figure>\n\n\n\n<figure class=\"wp-block-image aligncenter is-resized\"><img loading=\"lazy\" decoding=\"async\" width=\"2199\" height=\"697\" src=\"http:\/\/perspetivaatual.pt\/wp-content\/uploads\/2025\/10\/image-2-1.png\" alt=\"\" class=\"wp-image-4936\" style=\"width:168px;height:auto\" srcset=\"https:\/\/perspetivaatual.pt\/wp-content\/uploads\/2025\/10\/image-2-1.png 2199w, https:\/\/perspetivaatual.pt\/wp-content\/uploads\/2025\/10\/image-2-1-300x95.png 300w, https:\/\/perspetivaatual.pt\/wp-content\/uploads\/2025\/10\/image-2-1-1024x325.png 1024w, https:\/\/perspetivaatual.pt\/wp-content\/uploads\/2025\/10\/image-2-1-768x243.png 768w, https:\/\/perspetivaatual.pt\/wp-content\/uploads\/2025\/10\/image-2-1-1536x487.png 1536w, https:\/\/perspetivaatual.pt\/wp-content\/uploads\/2025\/10\/image-2-1-2048x649.png 2048w\" sizes=\"auto, (max-width: 2199px) 100vw, 2199px\" \/><\/figure>\n\n\n\n<figure class=\"wp-block-image aligncenter size-full is-resized\"><img loading=\"lazy\" decoding=\"async\" width=\"144\" height=\"148\" src=\"https:\/\/perspetivaatual.pt\/wp-content\/uploads\/2025\/10\/image-17.png\" alt=\"\" class=\"wp-image-4932\" style=\"width:102px;height:auto\" srcset=\"https:\/\/perspetivaatual.pt\/wp-content\/uploads\/2025\/10\/image-17.png 144w, https:\/\/perspetivaatual.pt\/wp-content\/uploads\/2025\/10\/image-17-45x45.png 45w\" sizes=\"auto, (max-width: 144px) 100vw, 144px\" \/><\/figure>\n\n\n\n<p><\/p>\n","protected":false},"excerpt":{"rendered":"<p>Com mais de 50 anos de aposta no ensino superior, a Universidade da Beira Interior<\/p>\n","protected":false},"author":11,"featured_media":4909,"comment_status":"open","ping_status":"open","sticky":false,"template":"","format":"standard","meta":{"footnotes":""},"categories":[11,165],"tags":[808,472],"class_list":["post-4908","post","type-post","status-publish","format-standard","has-post-thumbnail","hentry","category-destaques","category-investigacao","tag-ici","tag-universidade-da-beira-interior"],"yoast_head":"<!-- This site is optimized with the Yoast SEO plugin v24.2 - https:\/\/yoast.com\/wordpress\/plugins\/seo\/ -->\n<title>Investiga\u00e7\u00e3o com impacto: o papel do ICI na afirma\u00e7\u00e3o cient\u00edfica da UBI - Perspetiva Atual<\/title>\n<meta name=\"description\" content=\"Com mais de 50 anos de aposta no ensino superior, a Universidade da Beira Interior (UBI), localizada na Covilh\u00e3, tem vindo a consolidar o...\" \/>\n<meta name=\"robots\" content=\"index, follow, max-snippet:-1, max-image-preview:large, max-video-preview:-1\" \/>\n<link rel=\"canonical\" href=\"http:\/\/perspetivaatual.pt\/index.php\/2025\/10\/17\/investigacao-com-impacto-o-papel-do-ici-na-afirmacao-cientifica-da-ubi\/\" \/>\n<meta property=\"og:locale\" content=\"pt_PT\" \/>\n<meta property=\"og:type\" content=\"article\" \/>\n<meta property=\"og:title\" content=\"Investiga\u00e7\u00e3o com impacto: o papel do ICI na afirma\u00e7\u00e3o cient\u00edfica da UBI - Perspetiva Atual\" \/>\n<meta property=\"og:description\" content=\"Com mais de 50 anos de aposta no ensino superior, a Universidade da Beira Interior (UBI), localizada na Covilh\u00e3, tem vindo a consolidar o...\" \/>\n<meta property=\"og:url\" content=\"http:\/\/perspetivaatual.pt\/index.php\/2025\/10\/17\/investigacao-com-impacto-o-papel-do-ici-na-afirmacao-cientifica-da-ubi\/\" \/>\n<meta property=\"og:site_name\" content=\"Perspetiva Atual\" \/>\n<meta property=\"article:published_time\" content=\"2025-10-17T07:00:00+00:00\" \/>\n<meta property=\"article:modified_time\" content=\"2025-10-17T08:35:52+00:00\" \/>\n<meta property=\"og:image\" content=\"http:\/\/perspetivaatual.pt\/wp-content\/uploads\/2025\/10\/Candida-Tomaz.jpg\" \/>\n\t<meta property=\"og:image:width\" content=\"1200\" \/>\n\t<meta property=\"og:image:height\" content=\"1600\" \/>\n\t<meta property=\"og:image:type\" content=\"image\/jpeg\" \/>\n<meta name=\"author\" content=\"Vitoria Girao\" \/>\n<meta name=\"twitter:card\" content=\"summary_large_image\" \/>\n<meta name=\"twitter:label1\" content=\"Escrito por\" \/>\n\t<meta name=\"twitter:data1\" content=\"\" \/>\n\t<meta name=\"twitter:label2\" content=\"Tempo estimado de leitura\" \/>\n\t<meta name=\"twitter:data2\" content=\"24 minutos\" \/>\n<script type=\"application\/ld+json\" class=\"yoast-schema-graph\">{\"@context\":\"https:\/\/schema.org\",\"@graph\":[{\"@type\":\"Article\",\"@id\":\"http:\/\/perspetivaatual.pt\/index.php\/2025\/10\/17\/investigacao-com-impacto-o-papel-do-ici-na-afirmacao-cientifica-da-ubi\/#article\",\"isPartOf\":{\"@id\":\"http:\/\/perspetivaatual.pt\/index.php\/2025\/10\/17\/investigacao-com-impacto-o-papel-do-ici-na-afirmacao-cientifica-da-ubi\/\"},\"author\":{\"name\":\"Vitoria Girao\",\"@id\":\"https:\/\/perspetivaatual.pt\/#\/schema\/person\/c90e8e11129f189f1b7588bf2888f8b5\"},\"headline\":\"Investiga\u00e7\u00e3o com impacto: o papel do ICI na afirma\u00e7\u00e3o cient\u00edfica da UBI\",\"datePublished\":\"2025-10-17T07:00:00+00:00\",\"dateModified\":\"2025-10-17T08:35:52+00:00\",\"mainEntityOfPage\":{\"@id\":\"http:\/\/perspetivaatual.pt\/index.php\/2025\/10\/17\/investigacao-com-impacto-o-papel-do-ici-na-afirmacao-cientifica-da-ubi\/\"},\"wordCount\":4119,\"commentCount\":0,\"publisher\":{\"@id\":\"https:\/\/perspetivaatual.pt\/#organization\"},\"image\":{\"@id\":\"http:\/\/perspetivaatual.pt\/index.php\/2025\/10\/17\/investigacao-com-impacto-o-papel-do-ici-na-afirmacao-cientifica-da-ubi\/#primaryimage\"},\"thumbnailUrl\":\"https:\/\/perspetivaatual.pt\/wp-content\/uploads\/2025\/10\/Candida-Tomaz.jpg\",\"keywords\":[\"ICI\",\"Universidade da Beira Interior\"],\"articleSection\":[\"Destaques\",\"Investiga\u00e7\u00e3o\"],\"inLanguage\":\"pt-PT\",\"potentialAction\":[{\"@type\":\"CommentAction\",\"name\":\"Comment\",\"target\":[\"http:\/\/perspetivaatual.pt\/index.php\/2025\/10\/17\/investigacao-com-impacto-o-papel-do-ici-na-afirmacao-cientifica-da-ubi\/#respond\"]}]},{\"@type\":\"WebPage\",\"@id\":\"http:\/\/perspetivaatual.pt\/index.php\/2025\/10\/17\/investigacao-com-impacto-o-papel-do-ici-na-afirmacao-cientifica-da-ubi\/\",\"url\":\"http:\/\/perspetivaatual.pt\/index.php\/2025\/10\/17\/investigacao-com-impacto-o-papel-do-ici-na-afirmacao-cientifica-da-ubi\/\",\"name\":\"Investiga\u00e7\u00e3o com impacto: o papel do ICI na afirma\u00e7\u00e3o cient\u00edfica da UBI - Perspetiva Atual\",\"isPartOf\":{\"@id\":\"https:\/\/perspetivaatual.pt\/#website\"},\"primaryImageOfPage\":{\"@id\":\"http:\/\/perspetivaatual.pt\/index.php\/2025\/10\/17\/investigacao-com-impacto-o-papel-do-ici-na-afirmacao-cientifica-da-ubi\/#primaryimage\"},\"image\":{\"@id\":\"http:\/\/perspetivaatual.pt\/index.php\/2025\/10\/17\/investigacao-com-impacto-o-papel-do-ici-na-afirmacao-cientifica-da-ubi\/#primaryimage\"},\"thumbnailUrl\":\"https:\/\/perspetivaatual.pt\/wp-content\/uploads\/2025\/10\/Candida-Tomaz.jpg\",\"datePublished\":\"2025-10-17T07:00:00+00:00\",\"dateModified\":\"2025-10-17T08:35:52+00:00\",\"description\":\"Com mais de 50 anos de aposta no ensino superior, a Universidade da Beira Interior (UBI), localizada na Covilh\u00e3, tem vindo a consolidar o...\",\"breadcrumb\":{\"@id\":\"http:\/\/perspetivaatual.pt\/index.php\/2025\/10\/17\/investigacao-com-impacto-o-papel-do-ici-na-afirmacao-cientifica-da-ubi\/#breadcrumb\"},\"inLanguage\":\"pt-PT\",\"potentialAction\":[{\"@type\":\"ReadAction\",\"target\":[\"http:\/\/perspetivaatual.pt\/index.php\/2025\/10\/17\/investigacao-com-impacto-o-papel-do-ici-na-afirmacao-cientifica-da-ubi\/\"]}]},{\"@type\":\"ImageObject\",\"inLanguage\":\"pt-PT\",\"@id\":\"http:\/\/perspetivaatual.pt\/index.php\/2025\/10\/17\/investigacao-com-impacto-o-papel-do-ici-na-afirmacao-cientifica-da-ubi\/#primaryimage\",\"url\":\"https:\/\/perspetivaatual.pt\/wp-content\/uploads\/2025\/10\/Candida-Tomaz.jpg\",\"contentUrl\":\"https:\/\/perspetivaatual.pt\/wp-content\/uploads\/2025\/10\/Candida-Tomaz.jpg\",\"width\":1200,\"height\":1600},{\"@type\":\"BreadcrumbList\",\"@id\":\"http:\/\/perspetivaatual.pt\/index.php\/2025\/10\/17\/investigacao-com-impacto-o-papel-do-ici-na-afirmacao-cientifica-da-ubi\/#breadcrumb\",\"itemListElement\":[{\"@type\":\"ListItem\",\"position\":1,\"name\":\"Home\",\"item\":\"https:\/\/perspetivaatual.pt\/\"},{\"@type\":\"ListItem\",\"position\":2,\"name\":\"Investiga\u00e7\u00e3o com impacto: o papel do ICI na afirma\u00e7\u00e3o cient\u00edfica da UBI\"}]},{\"@type\":\"WebSite\",\"@id\":\"https:\/\/perspetivaatual.pt\/#website\",\"url\":\"https:\/\/perspetivaatual.pt\/\",\"name\":\"Perspetiva Atual\",\"description\":\"Olhar Portugal, de diferentes formas\",\"publisher\":{\"@id\":\"https:\/\/perspetivaatual.pt\/#organization\"},\"potentialAction\":[{\"@type\":\"SearchAction\",\"target\":{\"@type\":\"EntryPoint\",\"urlTemplate\":\"https:\/\/perspetivaatual.pt\/?s={search_term_string}\"},\"query-input\":{\"@type\":\"PropertyValueSpecification\",\"valueRequired\":true,\"valueName\":\"search_term_string\"}}],\"inLanguage\":\"pt-PT\"},{\"@type\":\"Organization\",\"@id\":\"https:\/\/perspetivaatual.pt\/#organization\",\"name\":\"Perspetiva Atual\",\"url\":\"https:\/\/perspetivaatual.pt\/\",\"logo\":{\"@type\":\"ImageObject\",\"inLanguage\":\"pt-PT\",\"@id\":\"https:\/\/perspetivaatual.pt\/#\/schema\/logo\/image\/\",\"url\":\"https:\/\/perspetivaatual.pt\/wp-content\/uploads\/2020\/08\/cropped-perspetiva_atual-.png\",\"contentUrl\":\"https:\/\/perspetivaatual.pt\/wp-content\/uploads\/2020\/08\/cropped-perspetiva_atual-.png\",\"width\":618,\"height\":202,\"caption\":\"Perspetiva Atual\"},\"image\":{\"@id\":\"https:\/\/perspetivaatual.pt\/#\/schema\/logo\/image\/\"}},{\"@type\":\"Person\",\"@id\":\"https:\/\/perspetivaatual.pt\/#\/schema\/person\/c90e8e11129f189f1b7588bf2888f8b5\",\"name\":\"Vitoria Girao\",\"image\":{\"@type\":\"ImageObject\",\"inLanguage\":\"pt-PT\",\"@id\":\"https:\/\/perspetivaatual.pt\/#\/schema\/person\/image\/\",\"url\":\"https:\/\/secure.gravatar.com\/avatar\/7a4a232c077ec4326004bec18e9d4616?s=96&d=mm&r=g\",\"contentUrl\":\"https:\/\/secure.gravatar.com\/avatar\/7a4a232c077ec4326004bec18e9d4616?s=96&d=mm&r=g\",\"caption\":\"Vitoria Girao\"},\"url\":\"https:\/\/perspetivaatual.pt\/index.php\/author\/vitoria-girao\/\"}]}<\/script>\n<!-- \/ Yoast SEO plugin. -->","yoast_head_json":{"title":"Investiga\u00e7\u00e3o com impacto: o papel do ICI na afirma\u00e7\u00e3o cient\u00edfica da UBI - Perspetiva Atual","description":"Com mais de 50 anos de aposta no ensino superior, a Universidade da Beira Interior (UBI), localizada na Covilh\u00e3, tem vindo a consolidar o...","robots":{"index":"index","follow":"follow","max-snippet":"max-snippet:-1","max-image-preview":"max-image-preview:large","max-video-preview":"max-video-preview:-1"},"canonical":"http:\/\/perspetivaatual.pt\/index.php\/2025\/10\/17\/investigacao-com-impacto-o-papel-do-ici-na-afirmacao-cientifica-da-ubi\/","og_locale":"pt_PT","og_type":"article","og_title":"Investiga\u00e7\u00e3o com impacto: o papel do ICI na afirma\u00e7\u00e3o cient\u00edfica da UBI - Perspetiva Atual","og_description":"Com mais de 50 anos de aposta no ensino superior, a Universidade da Beira Interior (UBI), localizada na Covilh\u00e3, tem vindo a consolidar o...","og_url":"http:\/\/perspetivaatual.pt\/index.php\/2025\/10\/17\/investigacao-com-impacto-o-papel-do-ici-na-afirmacao-cientifica-da-ubi\/","og_site_name":"Perspetiva Atual","article_published_time":"2025-10-17T07:00:00+00:00","article_modified_time":"2025-10-17T08:35:52+00:00","og_image":[{"width":1200,"height":1600,"url":"http:\/\/perspetivaatual.pt\/wp-content\/uploads\/2025\/10\/Candida-Tomaz.jpg","type":"image\/jpeg"}],"author":"Vitoria Girao","twitter_card":"summary_large_image","twitter_misc":{"Escrito por":false,"Tempo estimado de leitura":"24 minutos"},"schema":{"@context":"https:\/\/schema.org","@graph":[{"@type":"Article","@id":"http:\/\/perspetivaatual.pt\/index.php\/2025\/10\/17\/investigacao-com-impacto-o-papel-do-ici-na-afirmacao-cientifica-da-ubi\/#article","isPartOf":{"@id":"http:\/\/perspetivaatual.pt\/index.php\/2025\/10\/17\/investigacao-com-impacto-o-papel-do-ici-na-afirmacao-cientifica-da-ubi\/"},"author":{"name":"Vitoria Girao","@id":"https:\/\/perspetivaatual.pt\/#\/schema\/person\/c90e8e11129f189f1b7588bf2888f8b5"},"headline":"Investiga\u00e7\u00e3o com impacto: o papel do ICI na afirma\u00e7\u00e3o cient\u00edfica da UBI","datePublished":"2025-10-17T07:00:00+00:00","dateModified":"2025-10-17T08:35:52+00:00","mainEntityOfPage":{"@id":"http:\/\/perspetivaatual.pt\/index.php\/2025\/10\/17\/investigacao-com-impacto-o-papel-do-ici-na-afirmacao-cientifica-da-ubi\/"},"wordCount":4119,"commentCount":0,"publisher":{"@id":"https:\/\/perspetivaatual.pt\/#organization"},"image":{"@id":"http:\/\/perspetivaatual.pt\/index.php\/2025\/10\/17\/investigacao-com-impacto-o-papel-do-ici-na-afirmacao-cientifica-da-ubi\/#primaryimage"},"thumbnailUrl":"https:\/\/perspetivaatual.pt\/wp-content\/uploads\/2025\/10\/Candida-Tomaz.jpg","keywords":["ICI","Universidade da Beira Interior"],"articleSection":["Destaques","Investiga\u00e7\u00e3o"],"inLanguage":"pt-PT","potentialAction":[{"@type":"CommentAction","name":"Comment","target":["http:\/\/perspetivaatual.pt\/index.php\/2025\/10\/17\/investigacao-com-impacto-o-papel-do-ici-na-afirmacao-cientifica-da-ubi\/#respond"]}]},{"@type":"WebPage","@id":"http:\/\/perspetivaatual.pt\/index.php\/2025\/10\/17\/investigacao-com-impacto-o-papel-do-ici-na-afirmacao-cientifica-da-ubi\/","url":"http:\/\/perspetivaatual.pt\/index.php\/2025\/10\/17\/investigacao-com-impacto-o-papel-do-ici-na-afirmacao-cientifica-da-ubi\/","name":"Investiga\u00e7\u00e3o com impacto: o papel do ICI na afirma\u00e7\u00e3o cient\u00edfica da UBI - Perspetiva Atual","isPartOf":{"@id":"https:\/\/perspetivaatual.pt\/#website"},"primaryImageOfPage":{"@id":"http:\/\/perspetivaatual.pt\/index.php\/2025\/10\/17\/investigacao-com-impacto-o-papel-do-ici-na-afirmacao-cientifica-da-ubi\/#primaryimage"},"image":{"@id":"http:\/\/perspetivaatual.pt\/index.php\/2025\/10\/17\/investigacao-com-impacto-o-papel-do-ici-na-afirmacao-cientifica-da-ubi\/#primaryimage"},"thumbnailUrl":"https:\/\/perspetivaatual.pt\/wp-content\/uploads\/2025\/10\/Candida-Tomaz.jpg","datePublished":"2025-10-17T07:00:00+00:00","dateModified":"2025-10-17T08:35:52+00:00","description":"Com mais de 50 anos de aposta no ensino superior, a Universidade da Beira Interior (UBI), localizada na Covilh\u00e3, tem vindo a consolidar o...","breadcrumb":{"@id":"http:\/\/perspetivaatual.pt\/index.php\/2025\/10\/17\/investigacao-com-impacto-o-papel-do-ici-na-afirmacao-cientifica-da-ubi\/#breadcrumb"},"inLanguage":"pt-PT","potentialAction":[{"@type":"ReadAction","target":["http:\/\/perspetivaatual.pt\/index.php\/2025\/10\/17\/investigacao-com-impacto-o-papel-do-ici-na-afirmacao-cientifica-da-ubi\/"]}]},{"@type":"ImageObject","inLanguage":"pt-PT","@id":"http:\/\/perspetivaatual.pt\/index.php\/2025\/10\/17\/investigacao-com-impacto-o-papel-do-ici-na-afirmacao-cientifica-da-ubi\/#primaryimage","url":"https:\/\/perspetivaatual.pt\/wp-content\/uploads\/2025\/10\/Candida-Tomaz.jpg","contentUrl":"https:\/\/perspetivaatual.pt\/wp-content\/uploads\/2025\/10\/Candida-Tomaz.jpg","width":1200,"height":1600},{"@type":"BreadcrumbList","@id":"http:\/\/perspetivaatual.pt\/index.php\/2025\/10\/17\/investigacao-com-impacto-o-papel-do-ici-na-afirmacao-cientifica-da-ubi\/#breadcrumb","itemListElement":[{"@type":"ListItem","position":1,"name":"Home","item":"https:\/\/perspetivaatual.pt\/"},{"@type":"ListItem","position":2,"name":"Investiga\u00e7\u00e3o com impacto: o papel do ICI na afirma\u00e7\u00e3o cient\u00edfica da UBI"}]},{"@type":"WebSite","@id":"https:\/\/perspetivaatual.pt\/#website","url":"https:\/\/perspetivaatual.pt\/","name":"Perspetiva Atual","description":"Olhar Portugal, de diferentes formas","publisher":{"@id":"https:\/\/perspetivaatual.pt\/#organization"},"potentialAction":[{"@type":"SearchAction","target":{"@type":"EntryPoint","urlTemplate":"https:\/\/perspetivaatual.pt\/?s={search_term_string}"},"query-input":{"@type":"PropertyValueSpecification","valueRequired":true,"valueName":"search_term_string"}}],"inLanguage":"pt-PT"},{"@type":"Organization","@id":"https:\/\/perspetivaatual.pt\/#organization","name":"Perspetiva Atual","url":"https:\/\/perspetivaatual.pt\/","logo":{"@type":"ImageObject","inLanguage":"pt-PT","@id":"https:\/\/perspetivaatual.pt\/#\/schema\/logo\/image\/","url":"https:\/\/perspetivaatual.pt\/wp-content\/uploads\/2020\/08\/cropped-perspetiva_atual-.png","contentUrl":"https:\/\/perspetivaatual.pt\/wp-content\/uploads\/2020\/08\/cropped-perspetiva_atual-.png","width":618,"height":202,"caption":"Perspetiva Atual"},"image":{"@id":"https:\/\/perspetivaatual.pt\/#\/schema\/logo\/image\/"}},{"@type":"Person","@id":"https:\/\/perspetivaatual.pt\/#\/schema\/person\/c90e8e11129f189f1b7588bf2888f8b5","name":"Vitoria Girao","image":{"@type":"ImageObject","inLanguage":"pt-PT","@id":"https:\/\/perspetivaatual.pt\/#\/schema\/person\/image\/","url":"https:\/\/secure.gravatar.com\/avatar\/7a4a232c077ec4326004bec18e9d4616?s=96&d=mm&r=g","contentUrl":"https:\/\/secure.gravatar.com\/avatar\/7a4a232c077ec4326004bec18e9d4616?s=96&d=mm&r=g","caption":"Vitoria Girao"},"url":"https:\/\/perspetivaatual.pt\/index.php\/author\/vitoria-girao\/"}]}},"featured_image_urls":{"full":["https:\/\/perspetivaatual.pt\/wp-content\/uploads\/2025\/10\/Candida-Tomaz.jpg",1200,1600,false],"thumbnail":["https:\/\/perspetivaatual.pt\/wp-content\/uploads\/2025\/10\/Candida-Tomaz-150x150.jpg",150,150,true],"medium":["https:\/\/perspetivaatual.pt\/wp-content\/uploads\/2025\/10\/Candida-Tomaz-225x300.jpg",225,300,true],"medium_large":["https:\/\/perspetivaatual.pt\/wp-content\/uploads\/2025\/10\/Candida-Tomaz-768x1024.jpg",640,853,true],"large":["https:\/\/perspetivaatual.pt\/wp-content\/uploads\/2025\/10\/Candida-Tomaz-768x1024.jpg",640,853,true],"1536x1536":["https:\/\/perspetivaatual.pt\/wp-content\/uploads\/2025\/10\/Candida-Tomaz-1152x1536.jpg",1152,1536,true],"2048x2048":["https:\/\/perspetivaatual.pt\/wp-content\/uploads\/2025\/10\/Candida-Tomaz.jpg",1200,1600,false],"magazine-7-slider-full":["https:\/\/perspetivaatual.pt\/wp-content\/uploads\/2025\/10\/Candida-Tomaz-1200x1020.jpg",1200,1020,true],"magazine-7-slider-center":["https:\/\/perspetivaatual.pt\/wp-content\/uploads\/2025\/10\/Candida-Tomaz-936x897.jpg",936,897,true],"magazine-7-featured":["https:\/\/perspetivaatual.pt\/wp-content\/uploads\/2025\/10\/Candida-Tomaz-1024x1365.jpg",1024,1365,true],"magazine-7-medium":["https:\/\/perspetivaatual.pt\/wp-content\/uploads\/2025\/10\/Candida-Tomaz-720x380.jpg",720,380,true],"magazine-7-medium-square":["https:\/\/perspetivaatual.pt\/wp-content\/uploads\/2025\/10\/Candida-Tomaz-675x450.jpg",675,450,true],"rpwe-thumbnail":["https:\/\/perspetivaatual.pt\/wp-content\/uploads\/2025\/10\/Candida-Tomaz-45x45.jpg",45,45,true]},"author_info":{"info":[false]},"category_info":"<a href=\"https:\/\/perspetivaatual.pt\/index.php\/category\/destaques\/\" rel=\"category tag\">Destaques<\/a> <a href=\"https:\/\/perspetivaatual.pt\/index.php\/category\/investigacao\/\" rel=\"category tag\">Investiga\u00e7\u00e3o<\/a>","tag_info":"Investiga\u00e7\u00e3o","comment_count":"0","_links":{"self":[{"href":"https:\/\/perspetivaatual.pt\/index.php\/wp-json\/wp\/v2\/posts\/4908","targetHints":{"allow":["GET"]}}],"collection":[{"href":"https:\/\/perspetivaatual.pt\/index.php\/wp-json\/wp\/v2\/posts"}],"about":[{"href":"https:\/\/perspetivaatual.pt\/index.php\/wp-json\/wp\/v2\/types\/post"}],"author":[{"embeddable":true,"href":"https:\/\/perspetivaatual.pt\/index.php\/wp-json\/wp\/v2\/users\/11"}],"replies":[{"embeddable":true,"href":"https:\/\/perspetivaatual.pt\/index.php\/wp-json\/wp\/v2\/comments?post=4908"}],"version-history":[{"count":0,"href":"https:\/\/perspetivaatual.pt\/index.php\/wp-json\/wp\/v2\/posts\/4908\/revisions"}],"wp:featuredmedia":[{"embeddable":true,"href":"https:\/\/perspetivaatual.pt\/index.php\/wp-json\/wp\/v2\/media\/4909"}],"wp:attachment":[{"href":"https:\/\/perspetivaatual.pt\/index.php\/wp-json\/wp\/v2\/media?parent=4908"}],"wp:term":[{"taxonomy":"category","embeddable":true,"href":"https:\/\/perspetivaatual.pt\/index.php\/wp-json\/wp\/v2\/categories?post=4908"},{"taxonomy":"post_tag","embeddable":true,"href":"https:\/\/perspetivaatual.pt\/index.php\/wp-json\/wp\/v2\/tags?post=4908"}],"curies":[{"name":"wp","href":"https:\/\/api.w.org\/{rel}","templated":true}]}}