{"id":4972,"date":"2025-10-17T07:00:00","date_gmt":"2025-10-17T07:00:00","guid":{"rendered":"https:\/\/perspetivaatual.pt\/?p=4972"},"modified":"2025-10-13T13:20:37","modified_gmt":"2025-10-13T13:20:37","slug":"a-criatividade-como-elemento-central-das-nanociencias","status":"publish","type":"post","link":"https:\/\/perspetivaatual.pt\/index.php\/2025\/10\/17\/a-criatividade-como-elemento-central-das-nanociencias\/","title":{"rendered":"A criatividade como elemento central das Nanoci\u00eancias"},"content":{"rendered":"\n<p><strong>No <a href=\"https:\/\/www.i3n.org\/\">i3N<\/a>, a criatividade \u00e9 mais do que uma virtude: \u00e9 o segredo que tem guiado, h\u00e1 19 anos, a investiga\u00e7\u00e3o em Nanoestruturas, Nanomodela\u00e7\u00e3o e Nanofabrica\u00e7\u00e3o. Desde a sua cria\u00e7\u00e3o em 2006, fruto da parceria entre CENIMAT e FSCOSD, o Instituto publicou mais de 16.000 artigos cient\u00edficos, registou 58 patentes, desenvolveu 45 prot\u00f3tipos e conquistou 12 bolsas do European Research Council (ERC), resultados que, aos olhos de Rodrigo Martins, Diretor do i3N, \u201crefletem a capacidade do i3N de servir e inovar\u201d.<\/strong><\/p>\n\n\n\n<p><strong>Perspetiva Atual: Desde a sua cria\u00e7\u00e3o, em 2006, o Instituto de Nanoestruturas, Nanomodela\u00e7\u00e3o e Nanofabrica\u00e7\u00e3o (i3N) tem desenvolvido investiga\u00e7\u00e3o nas \u00e1reas da nanotecnologia, nanoci\u00eancias e dos materiais avan\u00e7ados. Ap\u00f3s 19 anos de atividade, que balan\u00e7o faz desse trajeto? <\/strong><\/p>\n\n\n\n<p><strong>Rodrigo Martins:<\/strong> Desde sua cria\u00e7\u00e3o em 2006, resultado da parceria entre duas institui\u00e7\u00f5es de refer\u00eancia em ci\u00eancia fundamental e aplicada \u2014 o CENIMAT (Universidade NOVA de Lisboa) e o FSCOSD (Universidade de Aveiro) \u2014 o i3N consolidou-se e expandiu-se como uma refer\u00eancia nacional e internacional em materiais funcionais avan\u00e7ados, com aplica\u00e7\u00f5es em sa\u00fade, energia, mobilidade, eletr\u00f3nica e constru\u00e7\u00f5es inteligentes, considerados pilares essenciais para a prosperidade global, europeia e nacional. Toda a atividade de I&amp;D do i3N foca-se na sustentabilidade, tanto nas tecnologias quanto nos produtos, apoiada em modelos f\u00edsicos que orientam a produ\u00e7\u00e3o e aplica\u00e7\u00e3o de ideias inovadoras em nanotecnologia, nanoci\u00eancias e materiais avan\u00e7ados. Os 19 anos de trajet\u00f3ria refletem a capacidade do i3N de servir e inovar, onde a criatividade \u00e9 o elemento central. <\/p>\n\n\n\n<p>Esse posicionamento de lideran\u00e7a traduz-se em resultados concretos e impactantes: entre 2018 e 2024, o i3N publicou mais de 16.000 artigos cient\u00edficos, dos quais 42 s\u00e3o altamente citados, evidenciando reconhecimento internacional. Nesse per\u00edodo, foram registadas patentes, refor\u00e7ando nosso compromisso com inova\u00e7\u00e3o e transfer\u00eancia tecnol\u00f3gica. O instituto atraiu mais de \u20ac61 milh\u00f5es em financiamento, liderou ou participou em mais de 102 projetos e desenvolveu 45 prot\u00f3tipos e demonstradores, muitos com aplica\u00e7\u00e3o direta em setores estrat\u00e9gicos como eletr\u00f3nica, sa\u00fade e energia. Outro destaque \u00e9 que o i3N conquistou 12 bolsas do European Research Council (ERC), reconhecimento que posiciona o instituto entre os melhores centros de investiga\u00e7\u00e3o europeus. Esses n\u00fameros refletem a maturidade cient\u00edfica do i3N e sua capacidade de contribuir para pol\u00edticas p\u00fablicas, inova\u00e7\u00e3o industrial e forma\u00e7\u00e3o avan\u00e7ada. Produzimos conhecimento que se traduz em projetos de grande impacto, impulsionando a ind\u00fastria do futuro. <\/p>\n\n\n\n<figure class=\"wp-block-image aligncenter is-resized\"><img loading=\"lazy\" decoding=\"async\" width=\"1988\" height=\"2250\" src=\"http:\/\/perspetivaatual.pt\/wp-content\/uploads\/2025\/10\/PA2-1.jpg\" alt=\"\" class=\"wp-image-4974\" style=\"width:429px;height:auto\" srcset=\"https:\/\/perspetivaatual.pt\/wp-content\/uploads\/2025\/10\/PA2-1.jpg 1988w, https:\/\/perspetivaatual.pt\/wp-content\/uploads\/2025\/10\/PA2-1-265x300.jpg 265w, https:\/\/perspetivaatual.pt\/wp-content\/uploads\/2025\/10\/PA2-1-905x1024.jpg 905w, https:\/\/perspetivaatual.pt\/wp-content\/uploads\/2025\/10\/PA2-1-768x869.jpg 768w, https:\/\/perspetivaatual.pt\/wp-content\/uploads\/2025\/10\/PA2-1-1357x1536.jpg 1357w, https:\/\/perspetivaatual.pt\/wp-content\/uploads\/2025\/10\/PA2-1-1810x2048.jpg 1810w, https:\/\/perspetivaatual.pt\/wp-content\/uploads\/2025\/10\/PA2-1-1024x1159.jpg 1024w\" sizes=\"auto, (max-width: 1988px) 100vw, 1988px\" \/><\/figure>\n\n\n\n<p><strong>PA: A Investiga\u00e7\u00e3o do i3N est\u00e1 estruturada em quatro \u00e1reas tem\u00e1ticas. Em que consistem e como funcionam na pr\u00e1tica?<\/strong><\/p>\n\n\n\n<p><strong>RM:<\/strong> A investiga\u00e7\u00e3o do i3N organiza-se em quatro \u00e1reas tem\u00e1ticas, distribu\u00eddas por seis grupos de investiga\u00e7\u00e3o, com o objetivo de promover ci\u00eancia e inova\u00e7\u00e3o de alta qualidade em Micro\/Nanomateriais Funcionais Avan\u00e7ados e Micro\/Nanotecnologias, apoiadas por modela\u00e7\u00e3o computacional. Essas a\u00e7\u00f5es visam fins socioecon\u00f3micos, promovendo conceitos inovadores e incentivando o pensamento estrat\u00e9gico para desenvolver produtos ecologicamente sustent\u00e1veis. <\/p>\n\n\n\n<p>Na pr\u00e1tica, o i3N promove a aplica\u00e7\u00e3o dos resultados de R&amp;D+I em: \u2022 start-ups e na ind\u00fastria, al\u00e9m de proporcionar acesso \u00e0s suas instala\u00e7\u00f5es \u00e0 comunidade t\u00e9cnico-cient\u00edfica externa; \u2022 promo\u00e7\u00e3o da excel\u00eancia acad\u00e9mica, fomentando um ambiente de trabalho em equipa, baseado na paix\u00e3o, talento e compet\u00eancias dos membros; \u2022 aumento da consci\u00eancia p\u00fablica, do envolvimento e da compreens\u00e3o da ci\u00eancia e tecnologia \u00e0 escala nano, promovendo a literacia cient\u00edfica, abrindo o i3N \u00e0 sociedade e apoiando a forma\u00e7\u00e3o avan\u00e7ada em \u00e1reas como Engenharia de Micro e Nanotecnologias, Engenharia de Materiais, F\u00edsica Aplicada, Biomateriais e Nanoci\u00eancias. <\/p>\n\n\n\n<p><strong>PA: A colabora\u00e7\u00e3o entre diferentes \u00e1reas do saber \u00e9 um dos grandes objetivos do i3N. Considera que a forte coes\u00e3o multidisciplinar, dentro das infraestruturas, levou a descobertas que n\u00e3o seriam poss\u00edveis num contexto mais tradicional e isolado?<\/strong><\/p>\n\n\n\n<p><strong>RM:<\/strong> A multi e a interdisciplinaridade s\u00e3o os pilares centrais do i3N, onde se exploram a converg\u00eancia de \u00e1reas como f\u00edsica, eletr\u00f3nica, qu\u00edmica, biologia e medicina, aplicadas ao fabrico e uso de materiais avan\u00e7ados, sem os quais n\u00e3o h\u00e1 progresso nem prosperidade. Essa abordagem colaborativa levou a avan\u00e7os disruptivos em materiais multifuncionais, processos de fabrico ecol\u00f3gicos e na integra\u00e7\u00e3o de simula\u00e7\u00e3o computacional no design de novos dispositivos. Destacamos que somos pioneiros em \u00e1reas como eletr\u00f3nica transparente e papel eletr\u00f3nico, tecnologias emergentes sustent\u00e1veis. Servimos a sociedade em dois vetores essenciais: investigar e formar, nas fronteiras do conhecimento, e aplicar e desenvolver inova\u00e7\u00e3o que favore\u00e7a a escalabilidade e a aplica\u00e7\u00e3o industrial. A experi\u00eancia do i3N mostra que a soma das compet\u00eancias \u00e9 muito superior ao valor de cada \u00e1rea individualmente. <\/p>\n\n\n\n<p><strong>PA: Manter-se na vanguarda da investiga\u00e7\u00e3o e liderar com inova\u00e7\u00e3o exige n\u00e3o s\u00f3 excel\u00eancia cient\u00edfica e adapta\u00e7\u00e3o cont\u00ednua, mas tamb\u00e9m a forma\u00e7\u00e3o de novas gera\u00e7\u00f5es capazes de acompanhar esse avan\u00e7o. Como s\u00e3o preparados os estudantes para o mercado de trabalho? E que desafios t\u00eam persistido, ao longo das duas d\u00e9cadas de investiga\u00e7\u00e3o?<\/strong><\/p>\n\n\n\n<p><strong>RM:<\/strong> A Europa enfrenta um d\u00e9fice significativo de especialistas em manufatura avan\u00e7ada, engenharia de processos e compet\u00eancias digitais, \u00e1reas onde os materiais avan\u00e7ados s\u00e3o essenciais. O i3N considera a forma\u00e7\u00e3o uma parte fundamental de sua miss\u00e3o, destacando-se especialmente em:<\/p>\n\n\n\n<p>Materiais Funcionais Avan\u00e7ados: desenvolvidos com pegada ambiental reduzida e alinhados com princ\u00edpios de reciclagem, sustentabilidade e economia circular. <\/p>\n\n\n\n<p>\u2022 Materiais Verdes: ambientalmente sustent\u00e1veis ao longo de todo o ciclo de vida, contribuindo para os Objetivos de Desenvolvimento Sustent\u00e1vel da ONU. <\/p>\n\n\n\n<p>\u2022 Materiais Simples e Seguros: abundantes, sustent\u00e1veis e que apoiam a economia circular. Nesse contexto, buscamos fortalecer colabora\u00e7\u00f5es transfronteiri\u00e7as. <\/p>\n\n\n\n<p>De acordo com essa vis\u00e3o e miss\u00e3o, no i3N, mestrandos, doutorandos e p\u00f3s-doutorandos participam de projetos de ponta, com acesso a infraestruturas, na vanguarda mundial. Previligiamos tanto a ci\u00eancia na fronteira do conhecimento quanto sua aplica\u00e7\u00e3o tecnol\u00f3gica, preparando jovens para carreiras acad\u00e9micas e industriais, que Portugal e a Europa tanto precisam. Para isso, o i3N oferece programas de mobilidade, parcerias internacionais e uma cultura de excel\u00eancia, garantindo que os nossos formandos competem, ao mais alto n\u00edvel. <\/p>\n\n\n\n<figure class=\"wp-block-image aligncenter is-resized\"><img loading=\"lazy\" decoding=\"async\" width=\"1105\" height=\"1144\" src=\"http:\/\/perspetivaatual.pt\/wp-content\/uploads\/2025\/10\/PA4.jpg\" alt=\"\" class=\"wp-image-4975\" style=\"width:475px;height:auto\" srcset=\"https:\/\/perspetivaatual.pt\/wp-content\/uploads\/2025\/10\/PA4.jpg 1105w, https:\/\/perspetivaatual.pt\/wp-content\/uploads\/2025\/10\/PA4-290x300.jpg 290w, https:\/\/perspetivaatual.pt\/wp-content\/uploads\/2025\/10\/PA4-989x1024.jpg 989w, https:\/\/perspetivaatual.pt\/wp-content\/uploads\/2025\/10\/PA4-768x795.jpg 768w, https:\/\/perspetivaatual.pt\/wp-content\/uploads\/2025\/10\/PA4-1024x1060.jpg 1024w\" sizes=\"auto, (max-width: 1105px) 100vw, 1105px\" \/><\/figure>\n\n\n\n<p><strong>PA: A sustentabilidade do instituto passa pela otimiza\u00e7\u00e3o das colabora\u00e7\u00f5es e pelo planeamento antecipado de projetos de mobilidade e networking, a n\u00edvel nacional e internacional. Como \u00e9 que descreve a atual rela\u00e7\u00e3o do i3N com outros centros de investiga\u00e7\u00e3o ou entidades internacionais? Existe algum projeto em curso que gostaria de destacar?<\/strong><\/p>\n\n\n\n<p><strong>RM:<\/strong> A colabora\u00e7\u00e3o do i3N com redes de investiga\u00e7\u00e3o e entidades internacionais tem sido estrat\u00e9gica e de grande impacto. Destacam-se parcerias como o projeto EMERGE \u2014 Infraestrutura de Investiga\u00e7\u00e3o em Eletr\u00f3nica Impressa Emergente \u2014 uma iniciativa inovadora que visa criar uma plataforma multidisciplinar para desenvolver, testar e aplicar tecnologias de eletr\u00f3nica impressa, em sistemas\/produtos flex\u00edveis e de baixo custo, fomentando um ecossistema de inova\u00e7\u00e3o sustent\u00e1vel e competitivo, usando novos semicondutores emergentes. Outro exemplo \u00e9 o cons\u00f3rcio do projeto INFRACHIP \u2014 infraestrutura de Investiga\u00e7\u00e3o Europeia em Chips de Semicondutores \u2014 uma iniciativa estrat\u00e9gica para refor\u00e7ar a competitividade europeia, acelerando a inova\u00e7\u00e3o no setor de semicondutores, essencial para ind\u00fastrias como eletr\u00f3nica, telecomunica\u00e7\u00f5es, autom\u00f3vel, aeroespacial, sa\u00fade e energias renov\u00e1veis, impulsionando o crescimento sustent\u00e1vel e gerando empregos qualificados na Europa. Destaco tamb\u00e9m a parceria NANOMAT, que, envolvendo a academia, munic\u00edpios, ind\u00fastrias, PME e institutos de investiga\u00e7\u00e3o, promove a colabora\u00e7\u00e3o para impulsionar a criatividade, transfer\u00eancia de conhecimento e aplica\u00e7\u00e3o de materiais em diversos setores industriais e tecnol\u00f3gicos.<\/p>\n\n\n\n<p>O i3N participa ainda do projeto POEMS, consolidando uma plataforma nacional relevante no setor de semicondutores. Dentro dessa estrat\u00e9gia, trabalhamos para ampliar os nossos servi\u00e7os, apoiando empresas e a academia. Todas essas colabora\u00e7\u00f5es refor\u00e7am o papel do instituto como elo entre ci\u00eancia e ind\u00fastria, demonstrando lideran\u00e7a nacional e internacional. <\/p>\n\n\n\n<p><strong>PA: De que forma o i3N promove o avan\u00e7o da nanotecnologia e dos materiais avan\u00e7ados em Portugal, contribuindo tamb\u00e9m para o aumento das oportunidades de emprego? <\/strong><\/p>\n\n\n\n<p><strong>RM:<\/strong> O i3N \u00e9 muito mais do que um centro de ci\u00eancia: \u00e9 um motor de desenvolvimento econ\u00f3mico, impulsionado pela criatividade e inova\u00e7\u00e3o que promove. A sua atividade apoia start-ups e ind\u00fastrias de vanguarda, criando prot\u00f3tipos para PME e transferindo tecnologia para setores estrat\u00e9gicos como semicondutores, sa\u00fade, eletr\u00f3nica e energia. Sem materiais funcionais e a digitaliza\u00e7\u00e3o, n\u00e3o haver\u00e1 prosperidade, nem conforto e bem-estar. Estamos na linha da frente na cria\u00e7\u00e3o dessas solu\u00e7\u00f5es. Estas atividades contribuem diretamente para a cria\u00e7\u00e3o de empregos altamente qualificados e fortalecem a competitividade de Portugal, especialmente num contexto de transi\u00e7\u00e3o digital e ecol\u00f3gica. <\/p>\n\n\n\n<figure class=\"wp-block-image aligncenter is-resized\"><img loading=\"lazy\" decoding=\"async\" width=\"424\" height=\"771\" src=\"http:\/\/perspetivaatual.pt\/wp-content\/uploads\/2025\/10\/PA3.png\" alt=\"\" class=\"wp-image-4976\" style=\"width:260px;height:auto\" srcset=\"https:\/\/perspetivaatual.pt\/wp-content\/uploads\/2025\/10\/PA3.png 424w, https:\/\/perspetivaatual.pt\/wp-content\/uploads\/2025\/10\/PA3-165x300.png 165w\" sizes=\"auto, (max-width: 424px) 100vw, 424px\" \/><\/figure>\n\n\n\n<p><strong>PA: \u00c0 medida que o i3N cresce em tamanho e alcance, tamb\u00e9m aumenta a aten\u00e7\u00e3o dada ao seu trabalho. Acredita que, nos \u00faltimos anos, o papel destes investigadores tem vindo a ser mais valorizado?<\/strong> <\/p>\n\n\n\n<p>RM: Nos \u00faltimos anos, a sociedade portuguesa, assim como a europeia, passou a valorizar de forma mais significativa o papel da ci\u00eancia. O i3N beneficiou deste movimento, conquistando maior visibilidade e reconhecimento p\u00fablico, o que se reflete na atra\u00e7\u00e3o de jovens talentosos e na confian\u00e7a que entidades financiadoras t\u00eam depositado em n\u00f3s. Comprometemo-nos a n\u00e3o defraudar essas expectativas! Mantemos o compromisso de consolidar a perce\u00e7\u00e3o de que ci\u00eancia e inova\u00e7\u00e3o s\u00e3o essenciais para prosperidade, ind\u00fastria forte e sociedade baseada em conhecimento, criatividade e evolu\u00e7\u00e3o tecnol\u00f3gica. <\/p>\n\n\n\n<p><strong>PA: Quase no fim de 2025, que objetivos foram alcan\u00e7ados e que projetos de investiga\u00e7\u00e3o j\u00e1 foram delineados para o pr\u00f3ximo ano? <\/strong><\/p>\n\n\n\n<p><strong>RM:<\/strong> Em 2025, o i3N consolidou a sua lideran\u00e7a em materiais avan\u00e7ados e eletr\u00f3nica sustent\u00e1vel, alargou colabora\u00e7\u00f5es internacionais e adquiriu equipamentos de ponta \u00fanicos em Portugal. Para 2026, os planos incluem expandir o legado do projeto EMERGE, refor\u00e7ar a nossa participa\u00e7\u00e3o no INFRACHIP, lan\u00e7ar novas iniciativas de transfer\u00eancia tecnol\u00f3gica e incuba\u00e7\u00e3o de start-ups, investir na divulga\u00e7\u00e3o cient\u00edfica e promover forma\u00e7\u00e3o avan\u00e7ada em micro e nanotecnologias, materiais avan\u00e7ados para energia, eletr\u00f3nica, aeroespacial, agroindustrial e sa\u00fade. <\/p>\n\n\n\n<p><strong>PA: Como antev\u00ea o futuro da Nanotecnologia em Portugal?<\/strong> <\/p>\n\n\n\n<p><strong>RM: <\/strong>O futuro da nanotecnologia em Portugal ser\u00e1 definido por uma forte integra\u00e7\u00e3o entre ci\u00eancia, ind\u00fastria e sociedade, promovendo um ecossistema inovador e colaborativo. O i3N continuar\u00e1 a desempenhar um papel fundamental, n\u00e3o apenas na produ\u00e7\u00e3o de conhecimento cient\u00edfico de ponta, mas tamb\u00e9m na sua transforma\u00e7\u00e3o em solu\u00e7\u00f5es pr\u00e1ticas que beneficiem a sociedade e impulsionem o desenvolvimento econ\u00f3mico. Somos um motor potente na transi\u00e7\u00e3o energ\u00e9tica, na promo\u00e7\u00e3o de mobilidade sustent\u00e1vel e na afirma\u00e7\u00e3o da soberania europeia no setor dos semicondutores e das tecnologias emergentes. <\/p>\n\n\n\n<p>A realidade mostra que \u00e9 imperativo fazer mais com menos materiais. Ou seja, \u00e9 necess\u00e1rio transformar, em escala nanom\u00e9trica, o que atualmente constru\u00edmos em microescala. As nanotecnologias s\u00e3o a chave para criar solu\u00e7\u00f5es inovadoras, sustent\u00e1veis e eficientes, respondendo aos desafios de recursos minerais limitados, por um futuro mais consciente e resiliente. Com essa vis\u00e3o, o i3N destaca Portugal no mapa mundial da nanotecnologia, contribuindo para que seja reconhecido internacionalmente como refer\u00eancia em inova\u00e7\u00e3o tecnol\u00f3gica e sustentabilidade. Isto \u00e9, consolidar a nanotecnologia como uma alavanca essencial para o crescimento econ\u00f3mico, o progresso social e a capacidade de Portugal enfrentar com confian\u00e7a os desafios do futuro. <\/p>\n\n\n\n<p class=\"has-text-align-center\"><em>Este trabalho \u00e9 financiado por fundos nacionais atrav\u00e9s da FCT &#8211; Funda\u00e7\u00e3o para a Ci\u00eancia e a Tecnologia, I.P., no \u00e2mbito do projeto UID\/50025 e Laborat\u00f3rio Associado I3N &#8211; LA\/P\/0037\/2020<\/em><\/p>\n\n\n\n<figure class=\"wp-block-image\"><img loading=\"lazy\" decoding=\"async\" width=\"10161\" height=\"543\" src=\"http:\/\/perspetivaatual.pt\/wp-content\/uploads\/2025\/10\/PerspetivaAtual.png\" alt=\"\" class=\"wp-image-4977\" srcset=\"https:\/\/perspetivaatual.pt\/wp-content\/uploads\/2025\/10\/PerspetivaAtual.png 10161w, https:\/\/perspetivaatual.pt\/wp-content\/uploads\/2025\/10\/PerspetivaAtual-300x16.png 300w, https:\/\/perspetivaatual.pt\/wp-content\/uploads\/2025\/10\/PerspetivaAtual-1024x55.png 1024w, https:\/\/perspetivaatual.pt\/wp-content\/uploads\/2025\/10\/PerspetivaAtual-768x41.png 768w, https:\/\/perspetivaatual.pt\/wp-content\/uploads\/2025\/10\/PerspetivaAtual-1536x82.png 1536w, https:\/\/perspetivaatual.pt\/wp-content\/uploads\/2025\/10\/PerspetivaAtual-2048x109.png 2048w\" sizes=\"auto, (max-width: 10161px) 100vw, 10161px\" \/><\/figure>\n\n\n\n<figure class=\"wp-block-image aligncenter is-resized\"><img loading=\"lazy\" decoding=\"async\" width=\"313\" height=\"313\" src=\"http:\/\/perspetivaatual.pt\/wp-content\/uploads\/2025\/10\/PerspetivaAtual2.png\" alt=\"\" class=\"wp-image-4978\" style=\"width:160px;height:auto\" srcset=\"https:\/\/perspetivaatual.pt\/wp-content\/uploads\/2025\/10\/PerspetivaAtual2.png 313w, https:\/\/perspetivaatual.pt\/wp-content\/uploads\/2025\/10\/PerspetivaAtual2-300x300.png 300w, https:\/\/perspetivaatual.pt\/wp-content\/uploads\/2025\/10\/PerspetivaAtual2-150x150.png 150w, https:\/\/perspetivaatual.pt\/wp-content\/uploads\/2025\/10\/PerspetivaAtual2-45x45.png 45w\" sizes=\"auto, (max-width: 313px) 100vw, 313px\" \/><\/figure>\n","protected":false},"excerpt":{"rendered":"<p>No i3N, a criatividade \u00e9 mais do que uma virtude: \u00e9 o segredo que tem<\/p>\n","protected":false},"author":11,"featured_media":4973,"comment_status":"open","ping_status":"open","sticky":false,"template":"","format":"standard","meta":{"footnotes":""},"categories":[11,165],"tags":[237,84,817,818],"class_list":["post-4972","post","type-post","status-publish","format-standard","has-post-thumbnail","hentry","category-destaques","category-investigacao","tag-i3n","tag-investigacao","tag-nanoestruturas","tag-nanomodelacao-e-nanofabricacao"],"yoast_head":"<!-- This site is optimized with the Yoast SEO plugin v24.2 - https:\/\/yoast.com\/wordpress\/plugins\/seo\/ -->\n<title>A criatividade como elemento central das Nanoci\u00eancias - Perspetiva Atual<\/title>\n<meta name=\"description\" content=\"No i3N, a criatividade \u00e9 mais do que uma virtude: \u00e9 o segredo que tem guiado, h\u00e1 19 anos, a investiga\u00e7\u00e3o em Nanoestruturas, Nanomodela\u00e7\u00e3o...\" \/>\n<meta name=\"robots\" content=\"index, follow, max-snippet:-1, max-image-preview:large, max-video-preview:-1\" \/>\n<link rel=\"canonical\" href=\"https:\/\/perspetivaatual.pt\/index.php\/2025\/10\/17\/a-criatividade-como-elemento-central-das-nanociencias\/\" \/>\n<meta property=\"og:locale\" content=\"pt_PT\" \/>\n<meta property=\"og:type\" content=\"article\" \/>\n<meta property=\"og:title\" content=\"A criatividade como elemento central das Nanoci\u00eancias - Perspetiva Atual\" \/>\n<meta property=\"og:description\" content=\"No i3N, a criatividade \u00e9 mais do que uma virtude: \u00e9 o segredo que tem guiado, h\u00e1 19 anos, a investiga\u00e7\u00e3o em Nanoestruturas, Nanomodela\u00e7\u00e3o...\" \/>\n<meta property=\"og:url\" content=\"https:\/\/perspetivaatual.pt\/index.php\/2025\/10\/17\/a-criatividade-como-elemento-central-das-nanociencias\/\" \/>\n<meta property=\"og:site_name\" content=\"Perspetiva Atual\" \/>\n<meta property=\"article:published_time\" content=\"2025-10-17T07:00:00+00:00\" \/>\n<meta property=\"article:modified_time\" content=\"2025-10-13T13:20:37+00:00\" \/>\n<meta property=\"og:image\" content=\"https:\/\/perspetivaatual.pt\/wp-content\/uploads\/2025\/10\/PA2.jpg\" \/>\n\t<meta property=\"og:image:width\" content=\"1988\" \/>\n\t<meta property=\"og:image:height\" content=\"2250\" \/>\n\t<meta property=\"og:image:type\" content=\"image\/jpeg\" \/>\n<meta name=\"author\" content=\"Vitoria Girao\" \/>\n<meta name=\"twitter:card\" content=\"summary_large_image\" \/>\n<meta name=\"twitter:label1\" content=\"Escrito por\" \/>\n\t<meta name=\"twitter:data1\" content=\"\" \/>\n\t<meta name=\"twitter:label2\" content=\"Tempo estimado de leitura\" \/>\n\t<meta name=\"twitter:data2\" content=\"11 minutos\" \/>\n<script type=\"application\/ld+json\" class=\"yoast-schema-graph\">{\"@context\":\"https:\/\/schema.org\",\"@graph\":[{\"@type\":\"Article\",\"@id\":\"https:\/\/perspetivaatual.pt\/index.php\/2025\/10\/17\/a-criatividade-como-elemento-central-das-nanociencias\/#article\",\"isPartOf\":{\"@id\":\"https:\/\/perspetivaatual.pt\/index.php\/2025\/10\/17\/a-criatividade-como-elemento-central-das-nanociencias\/\"},\"author\":{\"name\":\"Vitoria Girao\",\"@id\":\"https:\/\/perspetivaatual.pt\/#\/schema\/person\/c90e8e11129f189f1b7588bf2888f8b5\"},\"headline\":\"A criatividade como elemento central das Nanoci\u00eancias\",\"datePublished\":\"2025-10-17T07:00:00+00:00\",\"dateModified\":\"2025-10-13T13:20:37+00:00\",\"mainEntityOfPage\":{\"@id\":\"https:\/\/perspetivaatual.pt\/index.php\/2025\/10\/17\/a-criatividade-como-elemento-central-das-nanociencias\/\"},\"wordCount\":2049,\"commentCount\":0,\"publisher\":{\"@id\":\"https:\/\/perspetivaatual.pt\/#organization\"},\"image\":{\"@id\":\"https:\/\/perspetivaatual.pt\/index.php\/2025\/10\/17\/a-criatividade-como-elemento-central-das-nanociencias\/#primaryimage\"},\"thumbnailUrl\":\"https:\/\/perspetivaatual.pt\/wp-content\/uploads\/2025\/10\/PA2.jpg\",\"keywords\":[\"i3N\",\"Investiga\u00e7\u00e3o\",\"Nanoestruturas\",\"Nanomodela\u00e7\u00e3o e Nanofabrica\u00e7\u00e3o\"],\"articleSection\":[\"Destaques\",\"Investiga\u00e7\u00e3o\"],\"inLanguage\":\"pt-PT\",\"potentialAction\":[{\"@type\":\"CommentAction\",\"name\":\"Comment\",\"target\":[\"https:\/\/perspetivaatual.pt\/index.php\/2025\/10\/17\/a-criatividade-como-elemento-central-das-nanociencias\/#respond\"]}]},{\"@type\":\"WebPage\",\"@id\":\"https:\/\/perspetivaatual.pt\/index.php\/2025\/10\/17\/a-criatividade-como-elemento-central-das-nanociencias\/\",\"url\":\"https:\/\/perspetivaatual.pt\/index.php\/2025\/10\/17\/a-criatividade-como-elemento-central-das-nanociencias\/\",\"name\":\"A criatividade como elemento central das Nanoci\u00eancias - Perspetiva Atual\",\"isPartOf\":{\"@id\":\"https:\/\/perspetivaatual.pt\/#website\"},\"primaryImageOfPage\":{\"@id\":\"https:\/\/perspetivaatual.pt\/index.php\/2025\/10\/17\/a-criatividade-como-elemento-central-das-nanociencias\/#primaryimage\"},\"image\":{\"@id\":\"https:\/\/perspetivaatual.pt\/index.php\/2025\/10\/17\/a-criatividade-como-elemento-central-das-nanociencias\/#primaryimage\"},\"thumbnailUrl\":\"https:\/\/perspetivaatual.pt\/wp-content\/uploads\/2025\/10\/PA2.jpg\",\"datePublished\":\"2025-10-17T07:00:00+00:00\",\"dateModified\":\"2025-10-13T13:20:37+00:00\",\"description\":\"No i3N, a criatividade \u00e9 mais do que uma virtude: \u00e9 o segredo que tem guiado, h\u00e1 19 anos, a investiga\u00e7\u00e3o em Nanoestruturas, Nanomodela\u00e7\u00e3o...\",\"breadcrumb\":{\"@id\":\"https:\/\/perspetivaatual.pt\/index.php\/2025\/10\/17\/a-criatividade-como-elemento-central-das-nanociencias\/#breadcrumb\"},\"inLanguage\":\"pt-PT\",\"potentialAction\":[{\"@type\":\"ReadAction\",\"target\":[\"https:\/\/perspetivaatual.pt\/index.php\/2025\/10\/17\/a-criatividade-como-elemento-central-das-nanociencias\/\"]}]},{\"@type\":\"ImageObject\",\"inLanguage\":\"pt-PT\",\"@id\":\"https:\/\/perspetivaatual.pt\/index.php\/2025\/10\/17\/a-criatividade-como-elemento-central-das-nanociencias\/#primaryimage\",\"url\":\"https:\/\/perspetivaatual.pt\/wp-content\/uploads\/2025\/10\/PA2.jpg\",\"contentUrl\":\"https:\/\/perspetivaatual.pt\/wp-content\/uploads\/2025\/10\/PA2.jpg\",\"width\":1988,\"height\":2250},{\"@type\":\"BreadcrumbList\",\"@id\":\"https:\/\/perspetivaatual.pt\/index.php\/2025\/10\/17\/a-criatividade-como-elemento-central-das-nanociencias\/#breadcrumb\",\"itemListElement\":[{\"@type\":\"ListItem\",\"position\":1,\"name\":\"Home\",\"item\":\"https:\/\/perspetivaatual.pt\/\"},{\"@type\":\"ListItem\",\"position\":2,\"name\":\"A criatividade como elemento central das Nanoci\u00eancias\"}]},{\"@type\":\"WebSite\",\"@id\":\"https:\/\/perspetivaatual.pt\/#website\",\"url\":\"https:\/\/perspetivaatual.pt\/\",\"name\":\"Perspetiva Atual\",\"description\":\"Olhar Portugal, de diferentes formas\",\"publisher\":{\"@id\":\"https:\/\/perspetivaatual.pt\/#organization\"},\"potentialAction\":[{\"@type\":\"SearchAction\",\"target\":{\"@type\":\"EntryPoint\",\"urlTemplate\":\"https:\/\/perspetivaatual.pt\/?s={search_term_string}\"},\"query-input\":{\"@type\":\"PropertyValueSpecification\",\"valueRequired\":true,\"valueName\":\"search_term_string\"}}],\"inLanguage\":\"pt-PT\"},{\"@type\":\"Organization\",\"@id\":\"https:\/\/perspetivaatual.pt\/#organization\",\"name\":\"Perspetiva Atual\",\"url\":\"https:\/\/perspetivaatual.pt\/\",\"logo\":{\"@type\":\"ImageObject\",\"inLanguage\":\"pt-PT\",\"@id\":\"https:\/\/perspetivaatual.pt\/#\/schema\/logo\/image\/\",\"url\":\"https:\/\/perspetivaatual.pt\/wp-content\/uploads\/2020\/08\/cropped-perspetiva_atual-.png\",\"contentUrl\":\"https:\/\/perspetivaatual.pt\/wp-content\/uploads\/2020\/08\/cropped-perspetiva_atual-.png\",\"width\":618,\"height\":202,\"caption\":\"Perspetiva Atual\"},\"image\":{\"@id\":\"https:\/\/perspetivaatual.pt\/#\/schema\/logo\/image\/\"}},{\"@type\":\"Person\",\"@id\":\"https:\/\/perspetivaatual.pt\/#\/schema\/person\/c90e8e11129f189f1b7588bf2888f8b5\",\"name\":\"Vitoria Girao\",\"image\":{\"@type\":\"ImageObject\",\"inLanguage\":\"pt-PT\",\"@id\":\"https:\/\/perspetivaatual.pt\/#\/schema\/person\/image\/\",\"url\":\"https:\/\/secure.gravatar.com\/avatar\/7a4a232c077ec4326004bec18e9d4616?s=96&d=mm&r=g\",\"contentUrl\":\"https:\/\/secure.gravatar.com\/avatar\/7a4a232c077ec4326004bec18e9d4616?s=96&d=mm&r=g\",\"caption\":\"Vitoria Girao\"},\"url\":\"https:\/\/perspetivaatual.pt\/index.php\/author\/vitoria-girao\/\"}]}<\/script>\n<!-- \/ Yoast SEO plugin. -->","yoast_head_json":{"title":"A criatividade como elemento central das Nanoci\u00eancias - Perspetiva Atual","description":"No i3N, a criatividade \u00e9 mais do que uma virtude: \u00e9 o segredo que tem guiado, h\u00e1 19 anos, a investiga\u00e7\u00e3o em Nanoestruturas, Nanomodela\u00e7\u00e3o...","robots":{"index":"index","follow":"follow","max-snippet":"max-snippet:-1","max-image-preview":"max-image-preview:large","max-video-preview":"max-video-preview:-1"},"canonical":"https:\/\/perspetivaatual.pt\/index.php\/2025\/10\/17\/a-criatividade-como-elemento-central-das-nanociencias\/","og_locale":"pt_PT","og_type":"article","og_title":"A criatividade como elemento central das Nanoci\u00eancias - Perspetiva Atual","og_description":"No i3N, a criatividade \u00e9 mais do que uma virtude: \u00e9 o segredo que tem guiado, h\u00e1 19 anos, a investiga\u00e7\u00e3o em Nanoestruturas, Nanomodela\u00e7\u00e3o...","og_url":"https:\/\/perspetivaatual.pt\/index.php\/2025\/10\/17\/a-criatividade-como-elemento-central-das-nanociencias\/","og_site_name":"Perspetiva Atual","article_published_time":"2025-10-17T07:00:00+00:00","article_modified_time":"2025-10-13T13:20:37+00:00","og_image":[{"width":1988,"height":2250,"url":"https:\/\/perspetivaatual.pt\/wp-content\/uploads\/2025\/10\/PA2.jpg","type":"image\/jpeg"}],"author":"Vitoria Girao","twitter_card":"summary_large_image","twitter_misc":{"Escrito por":false,"Tempo estimado de leitura":"11 minutos"},"schema":{"@context":"https:\/\/schema.org","@graph":[{"@type":"Article","@id":"https:\/\/perspetivaatual.pt\/index.php\/2025\/10\/17\/a-criatividade-como-elemento-central-das-nanociencias\/#article","isPartOf":{"@id":"https:\/\/perspetivaatual.pt\/index.php\/2025\/10\/17\/a-criatividade-como-elemento-central-das-nanociencias\/"},"author":{"name":"Vitoria Girao","@id":"https:\/\/perspetivaatual.pt\/#\/schema\/person\/c90e8e11129f189f1b7588bf2888f8b5"},"headline":"A criatividade como elemento central das Nanoci\u00eancias","datePublished":"2025-10-17T07:00:00+00:00","dateModified":"2025-10-13T13:20:37+00:00","mainEntityOfPage":{"@id":"https:\/\/perspetivaatual.pt\/index.php\/2025\/10\/17\/a-criatividade-como-elemento-central-das-nanociencias\/"},"wordCount":2049,"commentCount":0,"publisher":{"@id":"https:\/\/perspetivaatual.pt\/#organization"},"image":{"@id":"https:\/\/perspetivaatual.pt\/index.php\/2025\/10\/17\/a-criatividade-como-elemento-central-das-nanociencias\/#primaryimage"},"thumbnailUrl":"https:\/\/perspetivaatual.pt\/wp-content\/uploads\/2025\/10\/PA2.jpg","keywords":["i3N","Investiga\u00e7\u00e3o","Nanoestruturas","Nanomodela\u00e7\u00e3o e Nanofabrica\u00e7\u00e3o"],"articleSection":["Destaques","Investiga\u00e7\u00e3o"],"inLanguage":"pt-PT","potentialAction":[{"@type":"CommentAction","name":"Comment","target":["https:\/\/perspetivaatual.pt\/index.php\/2025\/10\/17\/a-criatividade-como-elemento-central-das-nanociencias\/#respond"]}]},{"@type":"WebPage","@id":"https:\/\/perspetivaatual.pt\/index.php\/2025\/10\/17\/a-criatividade-como-elemento-central-das-nanociencias\/","url":"https:\/\/perspetivaatual.pt\/index.php\/2025\/10\/17\/a-criatividade-como-elemento-central-das-nanociencias\/","name":"A criatividade como elemento central das Nanoci\u00eancias - Perspetiva Atual","isPartOf":{"@id":"https:\/\/perspetivaatual.pt\/#website"},"primaryImageOfPage":{"@id":"https:\/\/perspetivaatual.pt\/index.php\/2025\/10\/17\/a-criatividade-como-elemento-central-das-nanociencias\/#primaryimage"},"image":{"@id":"https:\/\/perspetivaatual.pt\/index.php\/2025\/10\/17\/a-criatividade-como-elemento-central-das-nanociencias\/#primaryimage"},"thumbnailUrl":"https:\/\/perspetivaatual.pt\/wp-content\/uploads\/2025\/10\/PA2.jpg","datePublished":"2025-10-17T07:00:00+00:00","dateModified":"2025-10-13T13:20:37+00:00","description":"No i3N, a criatividade \u00e9 mais do que uma virtude: \u00e9 o segredo que tem guiado, h\u00e1 19 anos, a investiga\u00e7\u00e3o em Nanoestruturas, Nanomodela\u00e7\u00e3o...","breadcrumb":{"@id":"https:\/\/perspetivaatual.pt\/index.php\/2025\/10\/17\/a-criatividade-como-elemento-central-das-nanociencias\/#breadcrumb"},"inLanguage":"pt-PT","potentialAction":[{"@type":"ReadAction","target":["https:\/\/perspetivaatual.pt\/index.php\/2025\/10\/17\/a-criatividade-como-elemento-central-das-nanociencias\/"]}]},{"@type":"ImageObject","inLanguage":"pt-PT","@id":"https:\/\/perspetivaatual.pt\/index.php\/2025\/10\/17\/a-criatividade-como-elemento-central-das-nanociencias\/#primaryimage","url":"https:\/\/perspetivaatual.pt\/wp-content\/uploads\/2025\/10\/PA2.jpg","contentUrl":"https:\/\/perspetivaatual.pt\/wp-content\/uploads\/2025\/10\/PA2.jpg","width":1988,"height":2250},{"@type":"BreadcrumbList","@id":"https:\/\/perspetivaatual.pt\/index.php\/2025\/10\/17\/a-criatividade-como-elemento-central-das-nanociencias\/#breadcrumb","itemListElement":[{"@type":"ListItem","position":1,"name":"Home","item":"https:\/\/perspetivaatual.pt\/"},{"@type":"ListItem","position":2,"name":"A criatividade como elemento central das Nanoci\u00eancias"}]},{"@type":"WebSite","@id":"https:\/\/perspetivaatual.pt\/#website","url":"https:\/\/perspetivaatual.pt\/","name":"Perspetiva Atual","description":"Olhar Portugal, de diferentes formas","publisher":{"@id":"https:\/\/perspetivaatual.pt\/#organization"},"potentialAction":[{"@type":"SearchAction","target":{"@type":"EntryPoint","urlTemplate":"https:\/\/perspetivaatual.pt\/?s={search_term_string}"},"query-input":{"@type":"PropertyValueSpecification","valueRequired":true,"valueName":"search_term_string"}}],"inLanguage":"pt-PT"},{"@type":"Organization","@id":"https:\/\/perspetivaatual.pt\/#organization","name":"Perspetiva Atual","url":"https:\/\/perspetivaatual.pt\/","logo":{"@type":"ImageObject","inLanguage":"pt-PT","@id":"https:\/\/perspetivaatual.pt\/#\/schema\/logo\/image\/","url":"https:\/\/perspetivaatual.pt\/wp-content\/uploads\/2020\/08\/cropped-perspetiva_atual-.png","contentUrl":"https:\/\/perspetivaatual.pt\/wp-content\/uploads\/2020\/08\/cropped-perspetiva_atual-.png","width":618,"height":202,"caption":"Perspetiva Atual"},"image":{"@id":"https:\/\/perspetivaatual.pt\/#\/schema\/logo\/image\/"}},{"@type":"Person","@id":"https:\/\/perspetivaatual.pt\/#\/schema\/person\/c90e8e11129f189f1b7588bf2888f8b5","name":"Vitoria Girao","image":{"@type":"ImageObject","inLanguage":"pt-PT","@id":"https:\/\/perspetivaatual.pt\/#\/schema\/person\/image\/","url":"https:\/\/secure.gravatar.com\/avatar\/7a4a232c077ec4326004bec18e9d4616?s=96&d=mm&r=g","contentUrl":"https:\/\/secure.gravatar.com\/avatar\/7a4a232c077ec4326004bec18e9d4616?s=96&d=mm&r=g","caption":"Vitoria Girao"},"url":"https:\/\/perspetivaatual.pt\/index.php\/author\/vitoria-girao\/"}]}},"featured_image_urls":{"full":["https:\/\/perspetivaatual.pt\/wp-content\/uploads\/2025\/10\/PA2.jpg",1988,2250,false],"thumbnail":["https:\/\/perspetivaatual.pt\/wp-content\/uploads\/2025\/10\/PA2-150x150.jpg",150,150,true],"medium":["https:\/\/perspetivaatual.pt\/wp-content\/uploads\/2025\/10\/PA2-265x300.jpg",265,300,true],"medium_large":["https:\/\/perspetivaatual.pt\/wp-content\/uploads\/2025\/10\/PA2-768x869.jpg",640,724,true],"large":["https:\/\/perspetivaatual.pt\/wp-content\/uploads\/2025\/10\/PA2-905x1024.jpg",640,724,true],"1536x1536":["https:\/\/perspetivaatual.pt\/wp-content\/uploads\/2025\/10\/PA2-1357x1536.jpg",1357,1536,true],"2048x2048":["https:\/\/perspetivaatual.pt\/wp-content\/uploads\/2025\/10\/PA2-1810x2048.jpg",1810,2048,true],"magazine-7-slider-full":["https:\/\/perspetivaatual.pt\/wp-content\/uploads\/2025\/10\/PA2-1536x1020.jpg",1536,1020,true],"magazine-7-slider-center":["https:\/\/perspetivaatual.pt\/wp-content\/uploads\/2025\/10\/PA2-936x897.jpg",936,897,true],"magazine-7-featured":["https:\/\/perspetivaatual.pt\/wp-content\/uploads\/2025\/10\/PA2-1024x1159.jpg",1024,1159,true],"magazine-7-medium":["https:\/\/perspetivaatual.pt\/wp-content\/uploads\/2025\/10\/PA2-720x380.jpg",720,380,true],"magazine-7-medium-square":["https:\/\/perspetivaatual.pt\/wp-content\/uploads\/2025\/10\/PA2-675x450.jpg",675,450,true],"rpwe-thumbnail":["https:\/\/perspetivaatual.pt\/wp-content\/uploads\/2025\/10\/PA2-45x45.jpg",45,45,true]},"author_info":{"info":[false]},"category_info":"<a href=\"https:\/\/perspetivaatual.pt\/index.php\/category\/destaques\/\" rel=\"category tag\">Destaques<\/a> <a href=\"https:\/\/perspetivaatual.pt\/index.php\/category\/investigacao\/\" rel=\"category tag\">Investiga\u00e7\u00e3o<\/a>","tag_info":"Investiga\u00e7\u00e3o","comment_count":"0","_links":{"self":[{"href":"https:\/\/perspetivaatual.pt\/index.php\/wp-json\/wp\/v2\/posts\/4972","targetHints":{"allow":["GET"]}}],"collection":[{"href":"https:\/\/perspetivaatual.pt\/index.php\/wp-json\/wp\/v2\/posts"}],"about":[{"href":"https:\/\/perspetivaatual.pt\/index.php\/wp-json\/wp\/v2\/types\/post"}],"author":[{"embeddable":true,"href":"https:\/\/perspetivaatual.pt\/index.php\/wp-json\/wp\/v2\/users\/11"}],"replies":[{"embeddable":true,"href":"https:\/\/perspetivaatual.pt\/index.php\/wp-json\/wp\/v2\/comments?post=4972"}],"version-history":[{"count":0,"href":"https:\/\/perspetivaatual.pt\/index.php\/wp-json\/wp\/v2\/posts\/4972\/revisions"}],"wp:featuredmedia":[{"embeddable":true,"href":"https:\/\/perspetivaatual.pt\/index.php\/wp-json\/wp\/v2\/media\/4973"}],"wp:attachment":[{"href":"https:\/\/perspetivaatual.pt\/index.php\/wp-json\/wp\/v2\/media?parent=4972"}],"wp:term":[{"taxonomy":"category","embeddable":true,"href":"https:\/\/perspetivaatual.pt\/index.php\/wp-json\/wp\/v2\/categories?post=4972"},{"taxonomy":"post_tag","embeddable":true,"href":"https:\/\/perspetivaatual.pt\/index.php\/wp-json\/wp\/v2\/tags?post=4972"}],"curies":[{"name":"wp","href":"https:\/\/api.w.org\/{rel}","templated":true}]}}