{"id":4980,"date":"2025-10-17T07:00:00","date_gmt":"2025-10-17T07:00:00","guid":{"rendered":"https:\/\/perspetivaatual.pt\/?p=4980"},"modified":"2025-10-13T13:37:57","modified_gmt":"2025-10-13T13:37:57","slug":"a-ciencia-e-a-transferencia-de-tecnologia-ao-servico-do-futuro-da-sensorizacao-computacao-e-das-comunicacoes","status":"publish","type":"post","link":"https:\/\/perspetivaatual.pt\/index.php\/2025\/10\/17\/a-ciencia-e-a-transferencia-de-tecnologia-ao-servico-do-futuro-da-sensorizacao-computacao-e-das-comunicacoes\/","title":{"rendered":"A Ci\u00eancia e a transfer\u00eancia de tecnologia ao servi\u00e7o do futuro da sensoriza\u00e7\u00e3o, computa\u00e7\u00e3o e das comunica\u00e7\u00f5es"},"content":{"rendered":"\n<p><strong>Com polos em Aveiro, Coimbra e Lisboa e quase mil investigadores, o Instituto de Telecomunica\u00e7\u00f5es (<a href=\"https:\/\/www.it.pt\/\">IT<\/a>) garante \u201ccondi\u00e7\u00f5es \u00fanicas\u201d para a continuidade de carreiras cient\u00edficas e para o futuro da investiga\u00e7\u00e3o nas \u00e1reas da Futura Gera\u00e7\u00e3o das Comunica\u00e7\u00f5es M\u00f3veis (6G), da Intelig\u00eancia Artificial (IA) e da Comunica\u00e7\u00e3o e Computa\u00e7\u00e3o Qu\u00e2nticas. Segundo Jos\u00e9 Carlos Pedro, Presidente do IT, o Instituto \u201cexpandiu-se tanto na diversidade de componentes da sua miss\u00e3o, como em novas \u00e1reas cient\u00edficas, e em diferentes polos e delega\u00e7\u00f5es no pa\u00eds\u201d. O IT mant\u00e9m vagas continuamente abertas para a integra\u00e7\u00e3o de novos investigadores.<\/strong><\/p>\n\n\n\n<p><strong>Perspetiva Atual &#8211; O Instituto de Telecomunica\u00e7\u00f5es (IT) conta com tr\u00eas d\u00e9cadas de exist\u00eancia e \u00e9 resultado de uma colabora\u00e7\u00e3o entre nove institui\u00e7\u00f5es acad\u00e9micas. Que marcos considera terem sido determinantes para o posicionamento do IT como uma refer\u00eancia no panorama cient\u00edfico nacional e internacional?<\/strong><\/p>\n\n\n\n<p><strong>Jos\u00e9 Carlos Pedro:<\/strong> O Instituto de Telecomunica\u00e7\u00f5es (IT) nasceu em 1992, com a miss\u00e3o de impulsionar a investiga\u00e7\u00e3o em telecomunica\u00e7\u00f5es em Portugal. Ao longo de mais de tr\u00eas d\u00e9cadas, essa miss\u00e3o expandiu-se, tanto em novas \u00e1reas cient\u00edficas como em diferentes polos e delega\u00e7\u00f5es no pa\u00eds. Hoje, o IT \u00e9 reconhecido como um centro de investiga\u00e7\u00e3o de refer\u00eancia em Tecnologias da Informa\u00e7\u00e3o e da Comunica\u00e7\u00e3o (TIC), com significativo impacto na sociedade e na economia.<\/p>\n\n\n\n<p>O Instituto \u00e9 parceiro de v\u00e1rias institui\u00e7\u00f5es de ensino superior, entre as quais o Instituto Superior T\u00e9cnico, a Universidade de Aveiro, a Universidade de Coimbra, a Universidade do Porto, a Universidade da Beira Interior, o Polit\u00e9cnico de Leiria e a Faculdade de Ci\u00eancias e Tecnologia da Universidade Nova de Lisboa, al\u00e9m de dois associados empresariais. Este modelo colaborativo tem permitido alcan\u00e7ar resultados not\u00e1veis, apoiados por uma comunidade diversa de cerca de 980 membros, que inclui investigadores, doutorandos, mestrandos e bolseiros.<br>Ao proporcionar o acesso a laborat\u00f3rios avan\u00e7ados e recursos essenciais, o IT garante condi\u00e7\u00f5es \u00fanicas para a continuidade de carreiras cient\u00edficas e para o desenvolvimento de investiga\u00e7\u00e3o de elevado n\u00edvel no pa\u00eds, participando inclusivamente em estudos que contribuem para a produ\u00e7\u00e3o de pol\u00edticas p\u00fablicas no sector.<br>O IT \u00e9 reconhecido como Laborat\u00f3rio Associado desde 2001, como Centro de Tecnologia e Inova\u00e7\u00e3o (CTI) desde 2018, tendo sido distinguido pela Funda\u00e7\u00e3o para a Ci\u00eancia e a Tecnologia (FCT) como Unidade de Investiga\u00e7\u00e3o e Desenvolvimento (I&amp;D) de excel\u00eancia.<\/p>\n\n\n\n<figure class=\"wp-block-image aligncenter is-resized\"><img loading=\"lazy\" decoding=\"async\" width=\"2879\" height=\"1619\" src=\"http:\/\/perspetivaatual.pt\/wp-content\/uploads\/2025\/10\/foto-4.png\" alt=\"\" class=\"wp-image-4984\" style=\"width:668px;height:auto\" srcset=\"https:\/\/perspetivaatual.pt\/wp-content\/uploads\/2025\/10\/foto-4.png 2879w, https:\/\/perspetivaatual.pt\/wp-content\/uploads\/2025\/10\/foto-4-300x169.png 300w, https:\/\/perspetivaatual.pt\/wp-content\/uploads\/2025\/10\/foto-4-1024x576.png 1024w, https:\/\/perspetivaatual.pt\/wp-content\/uploads\/2025\/10\/foto-4-768x432.png 768w, https:\/\/perspetivaatual.pt\/wp-content\/uploads\/2025\/10\/foto-4-1536x864.png 1536w, https:\/\/perspetivaatual.pt\/wp-content\/uploads\/2025\/10\/foto-4-2048x1152.png 2048w\" sizes=\"auto, (max-width: 2879px) 100vw, 2879px\" \/><figcaption class=\"wp-element-caption\">\u00a9Instituto de Telecomunica\u00e7\u00f5es<\/figcaption><\/figure>\n\n\n\n<p><strong>PA: Anualmente, o IT participa em mais de 170 projetos, dos quais cerca de 30 a 40 possuem financiamento europeu. Poderia destacar alguns projetos em curso?<\/strong><\/p>\n\n\n\n<p><strong>JCP:<\/strong> O IT apresenta uma relevante atividade cient\u00edfica, acolhendo projetos de investiga\u00e7\u00e3o que s\u00e3o, em simult\u00e2neo, conquistas pessoais dos investigadores que os lideram. Para responder a esta din\u00e2mica, o IT mant\u00e9m em perman\u00eancia vagas abertas para contrata\u00e7\u00e3o de novos investigadores.<br>S\u00f3 nos \u00faltimos quatro anos, o Instituto integrou 469 projetos, financiados por entidades nacionais e internacionais proeminentes. Entre os nossos financiadores contam-se o Plano de Recupera\u00e7\u00e3o e Resili\u00eancia (Next Generation EU), a Ag\u00eancia Nacional de Inova\u00e7\u00e3o (ANI), o COMPETE2030-FEDER, a Huawei Technologies, a European Space Agency (ESA), a Funda\u00e7\u00e3o para a Ci\u00eancia e a Tecnologia (FCT), a Comiss\u00e3o Europeia, com destaque especial para as prestigiadas bolsas do European Research Council (ERC). At\u00e9 \u00e0 data, o IT j\u00e1 acolheu tr\u00eas destas bolsas, duas de inicia\u00e7\u00e3o e uma de consolida\u00e7\u00e3o, um sinal claro do m\u00e9rito dos seus investigadores e da qualidade do ambiente cient\u00edfico que o Instituto proporciona.<\/p>\n\n\n\n<p>Os projetos em curso abrangem \u00e1reas diversas de grande impacto. Entre eles est\u00e3o o PTQCI, que integra a estrat\u00e9gia nacional para a implementa\u00e7\u00e3o de infraestruturas de comunica\u00e7\u00f5es qu\u00e2nticas seguras, desenvolvido em parceria com o Minist\u00e9rio da Defesa e com a ind\u00fastria de Espanha, It\u00e1lia e \u00c1ustria. Na \u00e1rea da intelig\u00eancia artificial e ci\u00eancia da informa\u00e7\u00e3o distingue-se o DECOLLAGE, que procura desenvolver modelos de linguagem mais inteligentes. Na \u00e1rea de criptografia e informa\u00e7\u00e3o qu\u00e2ntica, deve mencionar-se o projeto LESYNCH que visa desenvolver novas t\u00e9cnicas para estudar canais de comunica\u00e7\u00e3o com perda de sincroniza\u00e7\u00e3o, como pode ser o caso de alguns d\u00edgitos poderem ser eliminados na mensagem final, dificultando a sua compara\u00e7\u00e3o com a mensagem inicial.<\/p>\n\n\n\n<figure class=\"wp-block-image aligncenter is-resized\"><img loading=\"lazy\" decoding=\"async\" width=\"2048\" height=\"1536\" src=\"http:\/\/perspetivaatual.pt\/wp-content\/uploads\/2025\/10\/foto-2.png\" alt=\"\" class=\"wp-image-4982\" style=\"width:678px;height:auto\" srcset=\"https:\/\/perspetivaatual.pt\/wp-content\/uploads\/2025\/10\/foto-2.png 2048w, https:\/\/perspetivaatual.pt\/wp-content\/uploads\/2025\/10\/foto-2-300x225.png 300w, https:\/\/perspetivaatual.pt\/wp-content\/uploads\/2025\/10\/foto-2-1024x768.png 1024w, https:\/\/perspetivaatual.pt\/wp-content\/uploads\/2025\/10\/foto-2-768x576.png 768w, https:\/\/perspetivaatual.pt\/wp-content\/uploads\/2025\/10\/foto-2-1536x1152.png 1536w\" sizes=\"auto, (max-width: 2048px) 100vw, 2048px\" \/><figcaption class=\"wp-element-caption\">\u00a9Instituto de Telecomunica\u00e7\u00f5es<\/figcaption><\/figure>\n\n\n\n<p><strong>PA: O IT possui redes de colabora\u00e7\u00e3o que abrangem parcerias estrat\u00e9gicas com empresas como a Altice Labs e a Nokia. Como se estrutura e gere o trabalho numa organiza\u00e7\u00e3o de t\u00e3o ampla dimens\u00e3o e diversidade?<\/strong><\/p>\n\n\n\n<p><strong>JCP:<\/strong> Ao contr\u00e1rio de muitas outras unidades de investiga\u00e7\u00e3o cient\u00edfica que se integram nas institui\u00e7\u00f5es acad\u00e9micas a que pertencem, o IT constitui-se como uma institui\u00e7\u00e3o privada sem fins lucrativos, ou seja, uma entidade com estatuto jur\u00eddico totalmente independente. Tal condi\u00e7\u00e3o confere-lhe uma autonomia de gest\u00e3o e financeira significativamente maior, mas tamb\u00e9m exige um corpo pr\u00f3prio de servi\u00e7os administrativos de apoio, como as divis\u00f5es de recursos humanos, de gest\u00e3o financeira, de gest\u00e3o de projetos e de gest\u00e3o de infraestruturas, entre outras compet\u00eancias essenciais ao desenvolvimento da sua atividade.<\/p>\n\n\n\n<p>Com o objetivo de alcan\u00e7ar um equil\u00edbrio adequado entre a liberdade de investiga\u00e7\u00e3o e a coes\u00e3o institucional, o IT, embora tenha como \u00f3rg\u00e3o m\u00e1ximo de gest\u00e3o uma Dire\u00e7\u00e3o, delega responsabilidades de gest\u00e3o \u00e0s Comiss\u00f5es de Gest\u00e3o dos seus tr\u00eas polos (Aveiro, Coimbra e Lisboa), uma din\u00e2mica que se tornou imprescind\u00edvel a uma maior efic\u00e1cia e efici\u00eancia na gest\u00e3o de uma estrutura multipolar, como \u00e9 o caso do IT.<\/p>\n\n\n\n<p>Este estatuto jur\u00eddico de institui\u00e7\u00e3o privada sem fins lucrativos, cujo custo inerente \u00e9 a necessidade de um suporte administrativo mais robusto, traduz-se, contudo, num benef\u00edcio significativo: a flexibilidade na gest\u00e3o, frequentemente limitada pela rigidez de uma administra\u00e7\u00e3o p\u00fablica pesada e lenta, que, aliada \u00e0 liga\u00e7\u00e3o do IT \u00e0 ind\u00fastria e ao setor privado, refor\u00e7a a sua vantagem competitiva.<\/p>\n\n\n\n<figure class=\"wp-block-image aligncenter is-resized\"><img loading=\"lazy\" decoding=\"async\" width=\"2560\" height=\"1442\" src=\"http:\/\/perspetivaatual.pt\/wp-content\/uploads\/2025\/10\/foto-3-scaled.jpg\" alt=\"\" class=\"wp-image-4983\" style=\"width:644px;height:auto\" srcset=\"https:\/\/perspetivaatual.pt\/wp-content\/uploads\/2025\/10\/foto-3-scaled.jpg 2560w, https:\/\/perspetivaatual.pt\/wp-content\/uploads\/2025\/10\/foto-3-300x169.jpg 300w, https:\/\/perspetivaatual.pt\/wp-content\/uploads\/2025\/10\/foto-3-1024x577.jpg 1024w, https:\/\/perspetivaatual.pt\/wp-content\/uploads\/2025\/10\/foto-3-768x433.jpg 768w, https:\/\/perspetivaatual.pt\/wp-content\/uploads\/2025\/10\/foto-3-1536x865.jpg 1536w, https:\/\/perspetivaatual.pt\/wp-content\/uploads\/2025\/10\/foto-3-2048x1154.jpg 2048w\" sizes=\"auto, (max-width: 2560px) 100vw, 2560px\" \/><figcaption class=\"wp-element-caption\">\u00a9Instituto de Telecomunica\u00e7\u00f5es<\/figcaption><\/figure>\n\n\n\n<p><strong>PA: Considerando a associa\u00e7\u00e3o do Instituto a v\u00e1rias universidades, qual \u00e9 o papel que os estudantes desempenham no \u00e2mbito da investiga\u00e7\u00e3o?<\/strong><\/p>\n\n\n\n<p><strong>JCP:<\/strong> No IT, estudantes de mestrado e doutoramento encontram um ambiente singular para desenvolver as suas teses, integrados em projetos cient\u00edficos de ponta. Acompanhados por investigadores de refer\u00eancia e professores universit\u00e1rios, em estreita articula\u00e7\u00e3o com as institui\u00e7\u00f5es de ensino superior, os alunos t\u00eam a oportunidade de explorar plenamente o seu potencial acad\u00e9mico e cient\u00edfico.<\/p>\n\n\n\n<p>Deste encontro entre talento jovem e experi\u00eancia consolidada t\u00eam surgido v\u00e1rias spin-offs, que transformam a investiga\u00e7\u00e3o cient\u00edfica em inova\u00e7\u00e3o, e, consequentemente, em valor econ\u00f3mico.<br>Para muitos destes estudantes, o percurso culmina numa entrada quase imediata no mercado de trabalho, reflexo direto da qualidade da forma\u00e7\u00e3o e da s\u00f3lida liga\u00e7\u00e3o entre o IT, a academia, a sociedade e a ind\u00fastria.<\/p>\n","protected":false},"excerpt":{"rendered":"<p>Com polos em Aveiro, Coimbra e Lisboa e quase mil investigadores, o Instituto de Telecomunica\u00e7\u00f5es<\/p>\n","protected":false},"author":11,"featured_media":4981,"comment_status":"open","ping_status":"open","sticky":false,"template":"","format":"standard","meta":{"footnotes":""},"categories":[165],"tags":[819,822,821,820,517,516],"class_list":["post-4980","post","type-post","status-publish","format-standard","has-post-thumbnail","hentry","category-investigacao","tag-6g","tag-computacao-quanticas","tag-comunicacao","tag-ia","tag-instituto-de-telecomunicacoes","tag-it"],"yoast_head":"<!-- This site is optimized with the Yoast SEO plugin v24.2 - https:\/\/yoast.com\/wordpress\/plugins\/seo\/ -->\n<title>A Ci\u00eancia e a transfer\u00eancia de tecnologia ao servi\u00e7o do futuro da sensoriza\u00e7\u00e3o, computa\u00e7\u00e3o e das comunica\u00e7\u00f5es - Perspetiva Atual<\/title>\n<meta name=\"description\" content=\"Com polos em Aveiro, Coimbra e Lisboa e quase mil investigadores, o Instituto de Telecomunica\u00e7\u00f5es (IT) garante \u201ccondi\u00e7\u00f5es \u00fanicas\u201d para...\" \/>\n<meta name=\"robots\" content=\"index, follow, max-snippet:-1, max-image-preview:large, max-video-preview:-1\" \/>\n<link rel=\"canonical\" href=\"https:\/\/perspetivaatual.pt\/index.php\/2025\/10\/17\/a-ciencia-e-a-transferencia-de-tecnologia-ao-servico-do-futuro-da-sensorizacao-computacao-e-das-comunicacoes\/\" \/>\n<meta property=\"og:locale\" content=\"pt_PT\" \/>\n<meta property=\"og:type\" content=\"article\" \/>\n<meta property=\"og:title\" content=\"A Ci\u00eancia e a transfer\u00eancia de tecnologia ao servi\u00e7o do futuro da sensoriza\u00e7\u00e3o, computa\u00e7\u00e3o e das comunica\u00e7\u00f5es - Perspetiva Atual\" \/>\n<meta property=\"og:description\" content=\"Com polos em Aveiro, Coimbra e Lisboa e quase mil investigadores, o Instituto de Telecomunica\u00e7\u00f5es (IT) garante \u201ccondi\u00e7\u00f5es \u00fanicas\u201d para...\" \/>\n<meta property=\"og:url\" content=\"https:\/\/perspetivaatual.pt\/index.php\/2025\/10\/17\/a-ciencia-e-a-transferencia-de-tecnologia-ao-servico-do-futuro-da-sensorizacao-computacao-e-das-comunicacoes\/\" \/>\n<meta property=\"og:site_name\" content=\"Perspetiva Atual\" \/>\n<meta property=\"article:published_time\" content=\"2025-10-17T07:00:00+00:00\" \/>\n<meta property=\"article:modified_time\" content=\"2025-10-13T13:37:57+00:00\" \/>\n<meta property=\"og:image\" content=\"https:\/\/perspetivaatual.pt\/wp-content\/uploads\/2025\/10\/foto-1-1024x576.png\" \/>\n\t<meta property=\"og:image:width\" content=\"1024\" \/>\n\t<meta property=\"og:image:height\" content=\"576\" \/>\n\t<meta property=\"og:image:type\" content=\"image\/png\" \/>\n<meta name=\"author\" content=\"Vitoria Girao\" \/>\n<meta name=\"twitter:card\" content=\"summary_large_image\" \/>\n<meta name=\"twitter:label1\" content=\"Escrito por\" \/>\n\t<meta name=\"twitter:data1\" content=\"\" \/>\n\t<meta name=\"twitter:label2\" content=\"Tempo estimado de leitura\" \/>\n\t<meta name=\"twitter:data2\" content=\"7 minutos\" \/>\n<script type=\"application\/ld+json\" class=\"yoast-schema-graph\">{\"@context\":\"https:\/\/schema.org\",\"@graph\":[{\"@type\":\"Article\",\"@id\":\"https:\/\/perspetivaatual.pt\/index.php\/2025\/10\/17\/a-ciencia-e-a-transferencia-de-tecnologia-ao-servico-do-futuro-da-sensorizacao-computacao-e-das-comunicacoes\/#article\",\"isPartOf\":{\"@id\":\"https:\/\/perspetivaatual.pt\/index.php\/2025\/10\/17\/a-ciencia-e-a-transferencia-de-tecnologia-ao-servico-do-futuro-da-sensorizacao-computacao-e-das-comunicacoes\/\"},\"author\":{\"name\":\"Vitoria Girao\",\"@id\":\"https:\/\/perspetivaatual.pt\/#\/schema\/person\/c90e8e11129f189f1b7588bf2888f8b5\"},\"headline\":\"A Ci\u00eancia e a transfer\u00eancia de tecnologia ao servi\u00e7o do futuro da sensoriza\u00e7\u00e3o, computa\u00e7\u00e3o e das comunica\u00e7\u00f5es\",\"datePublished\":\"2025-10-17T07:00:00+00:00\",\"dateModified\":\"2025-10-13T13:37:57+00:00\",\"mainEntityOfPage\":{\"@id\":\"https:\/\/perspetivaatual.pt\/index.php\/2025\/10\/17\/a-ciencia-e-a-transferencia-de-tecnologia-ao-servico-do-futuro-da-sensorizacao-computacao-e-das-comunicacoes\/\"},\"wordCount\":1235,\"commentCount\":0,\"publisher\":{\"@id\":\"https:\/\/perspetivaatual.pt\/#organization\"},\"image\":{\"@id\":\"https:\/\/perspetivaatual.pt\/index.php\/2025\/10\/17\/a-ciencia-e-a-transferencia-de-tecnologia-ao-servico-do-futuro-da-sensorizacao-computacao-e-das-comunicacoes\/#primaryimage\"},\"thumbnailUrl\":\"https:\/\/perspetivaatual.pt\/wp-content\/uploads\/2025\/10\/foto-1.png\",\"keywords\":[\"6g\",\"Computa\u00e7\u00e3o Qu\u00e2nticas\",\"Comunica\u00e7\u00e3o\",\"IA\",\"Instituto de Telecomunica\u00e7\u00f5es\",\"IT\"],\"articleSection\":[\"Investiga\u00e7\u00e3o\"],\"inLanguage\":\"pt-PT\",\"potentialAction\":[{\"@type\":\"CommentAction\",\"name\":\"Comment\",\"target\":[\"https:\/\/perspetivaatual.pt\/index.php\/2025\/10\/17\/a-ciencia-e-a-transferencia-de-tecnologia-ao-servico-do-futuro-da-sensorizacao-computacao-e-das-comunicacoes\/#respond\"]}]},{\"@type\":\"WebPage\",\"@id\":\"https:\/\/perspetivaatual.pt\/index.php\/2025\/10\/17\/a-ciencia-e-a-transferencia-de-tecnologia-ao-servico-do-futuro-da-sensorizacao-computacao-e-das-comunicacoes\/\",\"url\":\"https:\/\/perspetivaatual.pt\/index.php\/2025\/10\/17\/a-ciencia-e-a-transferencia-de-tecnologia-ao-servico-do-futuro-da-sensorizacao-computacao-e-das-comunicacoes\/\",\"name\":\"A Ci\u00eancia e a transfer\u00eancia de tecnologia ao servi\u00e7o do futuro da sensoriza\u00e7\u00e3o, computa\u00e7\u00e3o e das comunica\u00e7\u00f5es - Perspetiva Atual\",\"isPartOf\":{\"@id\":\"https:\/\/perspetivaatual.pt\/#website\"},\"primaryImageOfPage\":{\"@id\":\"https:\/\/perspetivaatual.pt\/index.php\/2025\/10\/17\/a-ciencia-e-a-transferencia-de-tecnologia-ao-servico-do-futuro-da-sensorizacao-computacao-e-das-comunicacoes\/#primaryimage\"},\"image\":{\"@id\":\"https:\/\/perspetivaatual.pt\/index.php\/2025\/10\/17\/a-ciencia-e-a-transferencia-de-tecnologia-ao-servico-do-futuro-da-sensorizacao-computacao-e-das-comunicacoes\/#primaryimage\"},\"thumbnailUrl\":\"https:\/\/perspetivaatual.pt\/wp-content\/uploads\/2025\/10\/foto-1.png\",\"datePublished\":\"2025-10-17T07:00:00+00:00\",\"dateModified\":\"2025-10-13T13:37:57+00:00\",\"description\":\"Com polos em Aveiro, Coimbra e Lisboa e quase mil investigadores, o Instituto de Telecomunica\u00e7\u00f5es (IT) garante \u201ccondi\u00e7\u00f5es \u00fanicas\u201d para...\",\"breadcrumb\":{\"@id\":\"https:\/\/perspetivaatual.pt\/index.php\/2025\/10\/17\/a-ciencia-e-a-transferencia-de-tecnologia-ao-servico-do-futuro-da-sensorizacao-computacao-e-das-comunicacoes\/#breadcrumb\"},\"inLanguage\":\"pt-PT\",\"potentialAction\":[{\"@type\":\"ReadAction\",\"target\":[\"https:\/\/perspetivaatual.pt\/index.php\/2025\/10\/17\/a-ciencia-e-a-transferencia-de-tecnologia-ao-servico-do-futuro-da-sensorizacao-computacao-e-das-comunicacoes\/\"]}]},{\"@type\":\"ImageObject\",\"inLanguage\":\"pt-PT\",\"@id\":\"https:\/\/perspetivaatual.pt\/index.php\/2025\/10\/17\/a-ciencia-e-a-transferencia-de-tecnologia-ao-servico-do-futuro-da-sensorizacao-computacao-e-das-comunicacoes\/#primaryimage\",\"url\":\"https:\/\/perspetivaatual.pt\/wp-content\/uploads\/2025\/10\/foto-1.png\",\"contentUrl\":\"https:\/\/perspetivaatual.pt\/wp-content\/uploads\/2025\/10\/foto-1.png\",\"width\":2048,\"height\":1151},{\"@type\":\"BreadcrumbList\",\"@id\":\"https:\/\/perspetivaatual.pt\/index.php\/2025\/10\/17\/a-ciencia-e-a-transferencia-de-tecnologia-ao-servico-do-futuro-da-sensorizacao-computacao-e-das-comunicacoes\/#breadcrumb\",\"itemListElement\":[{\"@type\":\"ListItem\",\"position\":1,\"name\":\"Home\",\"item\":\"https:\/\/perspetivaatual.pt\/\"},{\"@type\":\"ListItem\",\"position\":2,\"name\":\"A Ci\u00eancia e a transfer\u00eancia de tecnologia ao servi\u00e7o do futuro da sensoriza\u00e7\u00e3o, computa\u00e7\u00e3o e das comunica\u00e7\u00f5es\"}]},{\"@type\":\"WebSite\",\"@id\":\"https:\/\/perspetivaatual.pt\/#website\",\"url\":\"https:\/\/perspetivaatual.pt\/\",\"name\":\"Perspetiva Atual\",\"description\":\"Olhar Portugal, de diferentes formas\",\"publisher\":{\"@id\":\"https:\/\/perspetivaatual.pt\/#organization\"},\"potentialAction\":[{\"@type\":\"SearchAction\",\"target\":{\"@type\":\"EntryPoint\",\"urlTemplate\":\"https:\/\/perspetivaatual.pt\/?s={search_term_string}\"},\"query-input\":{\"@type\":\"PropertyValueSpecification\",\"valueRequired\":true,\"valueName\":\"search_term_string\"}}],\"inLanguage\":\"pt-PT\"},{\"@type\":\"Organization\",\"@id\":\"https:\/\/perspetivaatual.pt\/#organization\",\"name\":\"Perspetiva Atual\",\"url\":\"https:\/\/perspetivaatual.pt\/\",\"logo\":{\"@type\":\"ImageObject\",\"inLanguage\":\"pt-PT\",\"@id\":\"https:\/\/perspetivaatual.pt\/#\/schema\/logo\/image\/\",\"url\":\"https:\/\/perspetivaatual.pt\/wp-content\/uploads\/2020\/08\/cropped-perspetiva_atual-.png\",\"contentUrl\":\"https:\/\/perspetivaatual.pt\/wp-content\/uploads\/2020\/08\/cropped-perspetiva_atual-.png\",\"width\":618,\"height\":202,\"caption\":\"Perspetiva Atual\"},\"image\":{\"@id\":\"https:\/\/perspetivaatual.pt\/#\/schema\/logo\/image\/\"}},{\"@type\":\"Person\",\"@id\":\"https:\/\/perspetivaatual.pt\/#\/schema\/person\/c90e8e11129f189f1b7588bf2888f8b5\",\"name\":\"Vitoria Girao\",\"image\":{\"@type\":\"ImageObject\",\"inLanguage\":\"pt-PT\",\"@id\":\"https:\/\/perspetivaatual.pt\/#\/schema\/person\/image\/\",\"url\":\"https:\/\/secure.gravatar.com\/avatar\/7a4a232c077ec4326004bec18e9d4616?s=96&d=mm&r=g\",\"contentUrl\":\"https:\/\/secure.gravatar.com\/avatar\/7a4a232c077ec4326004bec18e9d4616?s=96&d=mm&r=g\",\"caption\":\"Vitoria Girao\"},\"url\":\"https:\/\/perspetivaatual.pt\/index.php\/author\/vitoria-girao\/\"}]}<\/script>\n<!-- \/ Yoast SEO plugin. -->","yoast_head_json":{"title":"A Ci\u00eancia e a transfer\u00eancia de tecnologia ao servi\u00e7o do futuro da sensoriza\u00e7\u00e3o, computa\u00e7\u00e3o e das comunica\u00e7\u00f5es - Perspetiva Atual","description":"Com polos em Aveiro, Coimbra e Lisboa e quase mil investigadores, o Instituto de Telecomunica\u00e7\u00f5es (IT) garante \u201ccondi\u00e7\u00f5es \u00fanicas\u201d para...","robots":{"index":"index","follow":"follow","max-snippet":"max-snippet:-1","max-image-preview":"max-image-preview:large","max-video-preview":"max-video-preview:-1"},"canonical":"https:\/\/perspetivaatual.pt\/index.php\/2025\/10\/17\/a-ciencia-e-a-transferencia-de-tecnologia-ao-servico-do-futuro-da-sensorizacao-computacao-e-das-comunicacoes\/","og_locale":"pt_PT","og_type":"article","og_title":"A Ci\u00eancia e a transfer\u00eancia de tecnologia ao servi\u00e7o do futuro da sensoriza\u00e7\u00e3o, computa\u00e7\u00e3o e das comunica\u00e7\u00f5es - Perspetiva Atual","og_description":"Com polos em Aveiro, Coimbra e Lisboa e quase mil investigadores, o Instituto de Telecomunica\u00e7\u00f5es (IT) garante \u201ccondi\u00e7\u00f5es \u00fanicas\u201d para...","og_url":"https:\/\/perspetivaatual.pt\/index.php\/2025\/10\/17\/a-ciencia-e-a-transferencia-de-tecnologia-ao-servico-do-futuro-da-sensorizacao-computacao-e-das-comunicacoes\/","og_site_name":"Perspetiva Atual","article_published_time":"2025-10-17T07:00:00+00:00","article_modified_time":"2025-10-13T13:37:57+00:00","og_image":[{"width":1024,"height":576,"url":"https:\/\/perspetivaatual.pt\/wp-content\/uploads\/2025\/10\/foto-1-1024x576.png","type":"image\/png"}],"author":"Vitoria Girao","twitter_card":"summary_large_image","twitter_misc":{"Escrito por":false,"Tempo estimado de leitura":"7 minutos"},"schema":{"@context":"https:\/\/schema.org","@graph":[{"@type":"Article","@id":"https:\/\/perspetivaatual.pt\/index.php\/2025\/10\/17\/a-ciencia-e-a-transferencia-de-tecnologia-ao-servico-do-futuro-da-sensorizacao-computacao-e-das-comunicacoes\/#article","isPartOf":{"@id":"https:\/\/perspetivaatual.pt\/index.php\/2025\/10\/17\/a-ciencia-e-a-transferencia-de-tecnologia-ao-servico-do-futuro-da-sensorizacao-computacao-e-das-comunicacoes\/"},"author":{"name":"Vitoria Girao","@id":"https:\/\/perspetivaatual.pt\/#\/schema\/person\/c90e8e11129f189f1b7588bf2888f8b5"},"headline":"A Ci\u00eancia e a transfer\u00eancia de tecnologia ao servi\u00e7o do futuro da sensoriza\u00e7\u00e3o, computa\u00e7\u00e3o e das comunica\u00e7\u00f5es","datePublished":"2025-10-17T07:00:00+00:00","dateModified":"2025-10-13T13:37:57+00:00","mainEntityOfPage":{"@id":"https:\/\/perspetivaatual.pt\/index.php\/2025\/10\/17\/a-ciencia-e-a-transferencia-de-tecnologia-ao-servico-do-futuro-da-sensorizacao-computacao-e-das-comunicacoes\/"},"wordCount":1235,"commentCount":0,"publisher":{"@id":"https:\/\/perspetivaatual.pt\/#organization"},"image":{"@id":"https:\/\/perspetivaatual.pt\/index.php\/2025\/10\/17\/a-ciencia-e-a-transferencia-de-tecnologia-ao-servico-do-futuro-da-sensorizacao-computacao-e-das-comunicacoes\/#primaryimage"},"thumbnailUrl":"https:\/\/perspetivaatual.pt\/wp-content\/uploads\/2025\/10\/foto-1.png","keywords":["6g","Computa\u00e7\u00e3o Qu\u00e2nticas","Comunica\u00e7\u00e3o","IA","Instituto de Telecomunica\u00e7\u00f5es","IT"],"articleSection":["Investiga\u00e7\u00e3o"],"inLanguage":"pt-PT","potentialAction":[{"@type":"CommentAction","name":"Comment","target":["https:\/\/perspetivaatual.pt\/index.php\/2025\/10\/17\/a-ciencia-e-a-transferencia-de-tecnologia-ao-servico-do-futuro-da-sensorizacao-computacao-e-das-comunicacoes\/#respond"]}]},{"@type":"WebPage","@id":"https:\/\/perspetivaatual.pt\/index.php\/2025\/10\/17\/a-ciencia-e-a-transferencia-de-tecnologia-ao-servico-do-futuro-da-sensorizacao-computacao-e-das-comunicacoes\/","url":"https:\/\/perspetivaatual.pt\/index.php\/2025\/10\/17\/a-ciencia-e-a-transferencia-de-tecnologia-ao-servico-do-futuro-da-sensorizacao-computacao-e-das-comunicacoes\/","name":"A Ci\u00eancia e a transfer\u00eancia de tecnologia ao servi\u00e7o do futuro da sensoriza\u00e7\u00e3o, computa\u00e7\u00e3o e das comunica\u00e7\u00f5es - Perspetiva Atual","isPartOf":{"@id":"https:\/\/perspetivaatual.pt\/#website"},"primaryImageOfPage":{"@id":"https:\/\/perspetivaatual.pt\/index.php\/2025\/10\/17\/a-ciencia-e-a-transferencia-de-tecnologia-ao-servico-do-futuro-da-sensorizacao-computacao-e-das-comunicacoes\/#primaryimage"},"image":{"@id":"https:\/\/perspetivaatual.pt\/index.php\/2025\/10\/17\/a-ciencia-e-a-transferencia-de-tecnologia-ao-servico-do-futuro-da-sensorizacao-computacao-e-das-comunicacoes\/#primaryimage"},"thumbnailUrl":"https:\/\/perspetivaatual.pt\/wp-content\/uploads\/2025\/10\/foto-1.png","datePublished":"2025-10-17T07:00:00+00:00","dateModified":"2025-10-13T13:37:57+00:00","description":"Com polos em Aveiro, Coimbra e Lisboa e quase mil investigadores, o Instituto de Telecomunica\u00e7\u00f5es (IT) garante \u201ccondi\u00e7\u00f5es \u00fanicas\u201d para...","breadcrumb":{"@id":"https:\/\/perspetivaatual.pt\/index.php\/2025\/10\/17\/a-ciencia-e-a-transferencia-de-tecnologia-ao-servico-do-futuro-da-sensorizacao-computacao-e-das-comunicacoes\/#breadcrumb"},"inLanguage":"pt-PT","potentialAction":[{"@type":"ReadAction","target":["https:\/\/perspetivaatual.pt\/index.php\/2025\/10\/17\/a-ciencia-e-a-transferencia-de-tecnologia-ao-servico-do-futuro-da-sensorizacao-computacao-e-das-comunicacoes\/"]}]},{"@type":"ImageObject","inLanguage":"pt-PT","@id":"https:\/\/perspetivaatual.pt\/index.php\/2025\/10\/17\/a-ciencia-e-a-transferencia-de-tecnologia-ao-servico-do-futuro-da-sensorizacao-computacao-e-das-comunicacoes\/#primaryimage","url":"https:\/\/perspetivaatual.pt\/wp-content\/uploads\/2025\/10\/foto-1.png","contentUrl":"https:\/\/perspetivaatual.pt\/wp-content\/uploads\/2025\/10\/foto-1.png","width":2048,"height":1151},{"@type":"BreadcrumbList","@id":"https:\/\/perspetivaatual.pt\/index.php\/2025\/10\/17\/a-ciencia-e-a-transferencia-de-tecnologia-ao-servico-do-futuro-da-sensorizacao-computacao-e-das-comunicacoes\/#breadcrumb","itemListElement":[{"@type":"ListItem","position":1,"name":"Home","item":"https:\/\/perspetivaatual.pt\/"},{"@type":"ListItem","position":2,"name":"A Ci\u00eancia e a transfer\u00eancia de tecnologia ao servi\u00e7o do futuro da sensoriza\u00e7\u00e3o, computa\u00e7\u00e3o e das comunica\u00e7\u00f5es"}]},{"@type":"WebSite","@id":"https:\/\/perspetivaatual.pt\/#website","url":"https:\/\/perspetivaatual.pt\/","name":"Perspetiva Atual","description":"Olhar Portugal, de diferentes formas","publisher":{"@id":"https:\/\/perspetivaatual.pt\/#organization"},"potentialAction":[{"@type":"SearchAction","target":{"@type":"EntryPoint","urlTemplate":"https:\/\/perspetivaatual.pt\/?s={search_term_string}"},"query-input":{"@type":"PropertyValueSpecification","valueRequired":true,"valueName":"search_term_string"}}],"inLanguage":"pt-PT"},{"@type":"Organization","@id":"https:\/\/perspetivaatual.pt\/#organization","name":"Perspetiva Atual","url":"https:\/\/perspetivaatual.pt\/","logo":{"@type":"ImageObject","inLanguage":"pt-PT","@id":"https:\/\/perspetivaatual.pt\/#\/schema\/logo\/image\/","url":"https:\/\/perspetivaatual.pt\/wp-content\/uploads\/2020\/08\/cropped-perspetiva_atual-.png","contentUrl":"https:\/\/perspetivaatual.pt\/wp-content\/uploads\/2020\/08\/cropped-perspetiva_atual-.png","width":618,"height":202,"caption":"Perspetiva Atual"},"image":{"@id":"https:\/\/perspetivaatual.pt\/#\/schema\/logo\/image\/"}},{"@type":"Person","@id":"https:\/\/perspetivaatual.pt\/#\/schema\/person\/c90e8e11129f189f1b7588bf2888f8b5","name":"Vitoria Girao","image":{"@type":"ImageObject","inLanguage":"pt-PT","@id":"https:\/\/perspetivaatual.pt\/#\/schema\/person\/image\/","url":"https:\/\/secure.gravatar.com\/avatar\/7a4a232c077ec4326004bec18e9d4616?s=96&d=mm&r=g","contentUrl":"https:\/\/secure.gravatar.com\/avatar\/7a4a232c077ec4326004bec18e9d4616?s=96&d=mm&r=g","caption":"Vitoria Girao"},"url":"https:\/\/perspetivaatual.pt\/index.php\/author\/vitoria-girao\/"}]}},"featured_image_urls":{"full":["https:\/\/perspetivaatual.pt\/wp-content\/uploads\/2025\/10\/foto-1.png",2048,1151,false],"thumbnail":["https:\/\/perspetivaatual.pt\/wp-content\/uploads\/2025\/10\/foto-1-150x150.png",150,150,true],"medium":["https:\/\/perspetivaatual.pt\/wp-content\/uploads\/2025\/10\/foto-1-300x169.png",300,169,true],"medium_large":["https:\/\/perspetivaatual.pt\/wp-content\/uploads\/2025\/10\/foto-1-768x432.png",640,360,true],"large":["https:\/\/perspetivaatual.pt\/wp-content\/uploads\/2025\/10\/foto-1-1024x576.png",640,360,true],"1536x1536":["https:\/\/perspetivaatual.pt\/wp-content\/uploads\/2025\/10\/foto-1-1536x863.png",1536,863,true],"2048x2048":["https:\/\/perspetivaatual.pt\/wp-content\/uploads\/2025\/10\/foto-1.png",2048,1151,false],"magazine-7-slider-full":["https:\/\/perspetivaatual.pt\/wp-content\/uploads\/2025\/10\/foto-1-1536x1020.png",1536,1020,true],"magazine-7-slider-center":["https:\/\/perspetivaatual.pt\/wp-content\/uploads\/2025\/10\/foto-1-936x897.png",936,897,true],"magazine-7-featured":["https:\/\/perspetivaatual.pt\/wp-content\/uploads\/2025\/10\/foto-1-1024x576.png",1024,576,true],"magazine-7-medium":["https:\/\/perspetivaatual.pt\/wp-content\/uploads\/2025\/10\/foto-1-720x380.png",720,380,true],"magazine-7-medium-square":["https:\/\/perspetivaatual.pt\/wp-content\/uploads\/2025\/10\/foto-1-675x450.png",675,450,true],"rpwe-thumbnail":["https:\/\/perspetivaatual.pt\/wp-content\/uploads\/2025\/10\/foto-1-45x45.png",45,45,true]},"author_info":{"info":[false]},"category_info":"<a href=\"https:\/\/perspetivaatual.pt\/index.php\/category\/investigacao\/\" rel=\"category tag\">Investiga\u00e7\u00e3o<\/a>","tag_info":"Investiga\u00e7\u00e3o","comment_count":"0","_links":{"self":[{"href":"https:\/\/perspetivaatual.pt\/index.php\/wp-json\/wp\/v2\/posts\/4980","targetHints":{"allow":["GET"]}}],"collection":[{"href":"https:\/\/perspetivaatual.pt\/index.php\/wp-json\/wp\/v2\/posts"}],"about":[{"href":"https:\/\/perspetivaatual.pt\/index.php\/wp-json\/wp\/v2\/types\/post"}],"author":[{"embeddable":true,"href":"https:\/\/perspetivaatual.pt\/index.php\/wp-json\/wp\/v2\/users\/11"}],"replies":[{"embeddable":true,"href":"https:\/\/perspetivaatual.pt\/index.php\/wp-json\/wp\/v2\/comments?post=4980"}],"version-history":[{"count":0,"href":"https:\/\/perspetivaatual.pt\/index.php\/wp-json\/wp\/v2\/posts\/4980\/revisions"}],"wp:featuredmedia":[{"embeddable":true,"href":"https:\/\/perspetivaatual.pt\/index.php\/wp-json\/wp\/v2\/media\/4981"}],"wp:attachment":[{"href":"https:\/\/perspetivaatual.pt\/index.php\/wp-json\/wp\/v2\/media?parent=4980"}],"wp:term":[{"taxonomy":"category","embeddable":true,"href":"https:\/\/perspetivaatual.pt\/index.php\/wp-json\/wp\/v2\/categories?post=4980"},{"taxonomy":"post_tag","embeddable":true,"href":"https:\/\/perspetivaatual.pt\/index.php\/wp-json\/wp\/v2\/tags?post=4980"}],"curies":[{"name":"wp","href":"https:\/\/api.w.org\/{rel}","templated":true}]}}