{"id":4991,"date":"2025-10-17T07:00:00","date_gmt":"2025-10-17T07:00:00","guid":{"rendered":"https:\/\/perspetivaatual.pt\/?p=4991"},"modified":"2025-10-13T14:36:53","modified_gmt":"2025-10-13T14:36:53","slug":"a-unica-ciencia-capaz-de-quantificar-a-incerteza-de-forma-rigorosa","status":"publish","type":"post","link":"https:\/\/perspetivaatual.pt\/index.php\/2025\/10\/17\/a-unica-ciencia-capaz-de-quantificar-a-incerteza-de-forma-rigorosa\/","title":{"rendered":"A \u00fanica ci\u00eancia capaz de quantificar a incerteza de forma rigorosa"},"content":{"rendered":"\n<p><strong>Meio s\u00e9culo depois da sua cria\u00e7\u00e3o, o <a href=\"https:\/\/ceaul.org\/\">CEAUL <\/a>\u00e9 um Centro que quantifica a incerteza e \u201cimpulsiona a descoberta\u201d em Probabilidade e Estat\u00edstica. A sua multidisciplinaridade estende-se \u00e0s \u00e1reas da sa\u00fade, ambiente e finan\u00e7as, com destaque para o CINDERELLA, \u201cum projeto que est\u00e1 a revolucionar o tratamento do cancro da mama ao integrar intelig\u00eancia artificial na previs\u00e3o personalizada dos resultados est\u00e9ticos da cirurgia\u201d. Em conversa com a sua Coordenadora, Mar\u00edlia Antunes, foram conhecidos os principais objetivos de investiga\u00e7\u00e3o: a internacionaliza\u00e7\u00e3o, o impacto social e a integra\u00e7\u00e3o de novas tecnologias.<\/strong><\/p>\n\n\n\n<p><strong>Perspetiva Atual: O Centro de Estat\u00edstica e Aplica\u00e7\u00f5es da Universidade de Lisboa (CEAUL) celebra este ano o seu 50\u00ba anivers\u00e1rio, meio s\u00e9culo desde a sua funda\u00e7\u00e3o pelo Prof. J. Tiago de Oliveira, considerado o ber\u00e7o da investiga\u00e7\u00e3o em Probabilidade e Estat\u00edstica em Portugal. Quais s\u00e3o os principais marcos e conquistas desta unidade de investiga\u00e7\u00e3o ao longo destes 50 anos?<\/strong><\/p>\n\n\n\n<p><strong>Mar\u00edlia Antunes: <\/strong>O Centro de Estat\u00edstica e Aplica\u00e7\u00f5es da Universidade de Lisboa (CEAUL) foi reconhecido como \u201co ber\u00e7o da investiga\u00e7\u00e3o em Probabilidade e Estat\u00edstica em Portugal\u201d. Para perceber o m\u00e9rito deste reconhecimento \u00e9 importante fazer uma suave digress\u00e3o sobre alguns dos marcos hist\u00f3ricos que levaram \u00e0 sua cria\u00e7\u00e3o gra\u00e7as \u00e0 vis\u00e3o, dinamismo e vontade f\u00e9rrea do seu criador, Professor Jos\u00e9 Tiago de Oliveira, e tamb\u00e9m ao seu posterior desenvolvimento, desde os meados do s\u00e9culo XX at\u00e9 aos primeiros anos do s\u00e9culo XXI. <\/p>\n\n\n\n<p>O ensino e investiga\u00e7\u00e3o em Probabilidade e Estat\u00edstica em Portugal era ainda bastante incipiente na primeira metade do s\u00e9culo passado. Talvez o grande salto tenha sido dado quando, na d\u00e9cada de 60, Tiago de Oliveira prop\u00f4s ao Conselho Escolar da Faculdade de Ci\u00eancias da Universidade de Lisboa (FCUL) a cria\u00e7\u00e3o de uma licenciatura em Matem\u00e1tica com duas op\u00e7\u00f5es a partir do 3\u00ba ano: uma em Matem\u00e1tica Pura e outra em Matem\u00e1tica Aplicada. Na licenciatura em Matem\u00e1tica Aplicada introduziu disciplinas de Probabilidade, Processos Estoc\u00e1sticos, Estat\u00edstica Matem\u00e1tica, Teoria da Informa\u00e7\u00e3o, Investiga\u00e7\u00e3o Operacional, Programa\u00e7\u00e3o Matem\u00e1tica, Computa\u00e7\u00e3o, entre outras. V\u00e1rios desses primeiros licenciados, particularmente antes de 1974, ingressaram na carreira acad\u00e9mica na FCUL. Entretanto, Tiago de Oliveira tinha criado tamb\u00e9m, na d\u00e9cada de 60, um Centro de Matem\u00e1ticas Aplicadas, onde acolheu de imediato estes novos licenciados, incentivando a investiga\u00e7\u00e3o em Estat\u00edstica e Investiga\u00e7\u00e3o Operacional e impulsionando a Estat\u00edstica como Ci\u00eancia aut\u00f3noma da Matem\u00e1tica. <\/p>\n\n\n\n<figure class=\"wp-block-image\"><img loading=\"lazy\" decoding=\"async\" width=\"2560\" height=\"1706\" src=\"http:\/\/perspetivaatual.pt\/wp-content\/uploads\/2025\/10\/DSC05278-scaled.jpg\" alt=\"\" class=\"wp-image-4996\" srcset=\"https:\/\/perspetivaatual.pt\/wp-content\/uploads\/2025\/10\/DSC05278-scaled.jpg 2560w, https:\/\/perspetivaatual.pt\/wp-content\/uploads\/2025\/10\/DSC05278-300x200.jpg 300w, https:\/\/perspetivaatual.pt\/wp-content\/uploads\/2025\/10\/DSC05278-1024x683.jpg 1024w, https:\/\/perspetivaatual.pt\/wp-content\/uploads\/2025\/10\/DSC05278-768x512.jpg 768w, https:\/\/perspetivaatual.pt\/wp-content\/uploads\/2025\/10\/DSC05278-1536x1024.jpg 1536w, https:\/\/perspetivaatual.pt\/wp-content\/uploads\/2025\/10\/DSC05278-2048x1365.jpg 2048w, https:\/\/perspetivaatual.pt\/wp-content\/uploads\/2025\/10\/DSC05278-675x450.jpg 675w\" sizes=\"auto, (max-width: 2560px) 100vw, 2560px\" \/><\/figure>\n\n\n\n<p>Estavam, deste modo, criadas as condi\u00e7\u00f5es para a forma\u00e7\u00e3o de um centro dedicado exclusivamente \u00e0 investiga\u00e7\u00e3o nessas \u00e1reas, o que aconteceu precisamente em 1975. Gra\u00e7as \u00e0 abertura surgida no in\u00edcio da d\u00e9cada de 70 para o financiamento de estudos avan\u00e7ados fora de Portugal, um grupo desses investigadores saiu do Pa\u00eds para fazer o doutoramento, tendo come\u00e7ado a regressar a partir de 1977.<\/p>\n\n\n\n<p> O CEAUL passou a congregar docentes doutorados n\u00e3o s\u00f3 da FCUL, como tamb\u00e9m de outras institui\u00e7\u00f5es, tornando-se um marco \u00fanico no Pa\u00eds. Nas d\u00e9cadas de 80 e 90 do s\u00e9culo passado e na primeira d\u00e9cada do s\u00e9culo XXI, foram muitos os docentes de universidades e institutos polit\u00e9cnicos de todo o Pa\u00eds que rumaram ao CEAUL para serem orientados por membros doutorados do CEAUL, refletindo assim o reconhecimento a n\u00edvel nacional como um expoente da investiga\u00e7\u00e3o em Probabilidade e Estat\u00edstica. Muitos dos doutorados nestas \u00e1reas s\u00e3o (ou foram) elementos deste Centro ou foram orientados por elementos que a ele pertencem, passando eles, ao longo destas d\u00e9cadas, a orientar os seus pr\u00f3prios alunos, contribuindo deste modo para o crescimento da investiga\u00e7\u00e3o estat\u00edstica em Portugal. <\/p>\n\n\n\n<p>Ao longo dos anos, o CEAUL tem organizado diversos workshops, confer\u00eancias e cursos avan\u00e7ados em Estat\u00edstica. Destacam-se dois congressos internacionais como marcos do reconhecimento do centro: em 1983, o \u201cNato Advanced Study on Statistical Extremes and Applications\u201d, no Vimeiro, marco inicial da s\u00e9rie de confer\u00eancias \u201cExtreme Value Theory and Applications (EVA)\u201d; e em 1992, a confer\u00eancia \u201cStatistics in Public Resources and Utilities and Care for the Environment (SPRUCE)\u201d, que deu origem a outras confer\u00eancias, publica\u00e7\u00f5es e a um \u201cTrust Fund\u201d, destacando a relev\u00e2ncia da Estat\u00edstica em estudos ambientais. Estes encontros refletem os dois principais grupos de investiga\u00e7\u00e3o do CEAUL nas primeiras d\u00e9cadas: Teoria dos Valores Extremos e Estat\u00edstica Espacial e Ambiental. A estas \u00e1reas juntaram-se a Estat\u00edstica Bayesiana e a Bioestat\u00edstica, outras \u00e1reas de afirma\u00e7\u00e3o no CEAUL.<\/p>\n\n\n\n<blockquote class=\"wp-block-quote is-layout-flow wp-block-quote-is-layout-flow\">\n<p>\u201cA Estat\u00edstica distingue-se das restantes ci\u00eancias pelo facto de ser a \u00fanica capaz de quantificar a incerteza de forma rigorosa. Essa caracter\u00edstica confere-lhe um papel absolutamente central nas sociedades modernas, onde quase todas as decis\u00f5es relevantes envolvem graus de risco e cen\u00e1rios imprevis\u00edveis\u201d<\/p>\n<\/blockquote>\n\n\n\n<p><strong>PA: A Estat\u00edstica \u00e9 a ci\u00eancia que permite quantificar a incerteza de forma rigorosa, sendo esta capacidade o que a torna verdadeiramente \u00fanica. Acredita que a Estat\u00edstica influencia decis\u00f5es em diferentes \u00e1reas da sociedade e da vida?<\/strong><\/p>\n\n\n\n<p><strong>MA:<\/strong> A Estat\u00edstica distingue-se das restantes ci\u00eancias pelo facto de ser a \u00fanica capaz de quantificar a incerteza de forma rigorosa. Essa caracter\u00edstica confere-lhe um papel absolutamente central nas sociedades modernas, onde quase todas as decis\u00f5es relevantes envolvem graus de risco e cen\u00e1rios imprevis\u00edveis. Do diagn\u00f3stico m\u00e9dico ao planeamento urbano, da monitoriza\u00e7\u00e3o ambiental \u00e0 avalia\u00e7\u00e3o de pol\u00edticas p\u00fablicas, a Estat\u00edstica oferece a linguagem necess\u00e1ria para transformar dados dispersos em conhecimento \u00fatil e fi\u00e1vel. \u00c9 esta capacidade de avaliar probabilidade, prever comportamentos e medir riscos que a torna indispens\u00e1vel \u2014 n\u00e3o apenas como disciplina acad\u00e9mica, mas como ferramenta transversal que influencia escolhas individuais, decis\u00f5es estrat\u00e9gicas e pol\u00edticas de largo alcance.<\/p>\n\n\n\n<p><strong>PA: Originalmente, o CEAUL albergava outras \u00e1reas como a Ci\u00eancia da Computa\u00e7\u00e3o e a Investiga\u00e7\u00e3o Operacional, que depois se tornaram unidades independentes devido ao seu crescimento. Que desafios e oportunidades surgiram com a autonomia dessas \u00e1reas?<\/strong><\/p>\n\n\n\n<p><strong>MA:<\/strong> Desde a sua cria\u00e7\u00e3o, o CEAUL concentrou-se inicialmente em Estat\u00edstica, Ci\u00eancia da Computa\u00e7\u00e3o e Investiga\u00e7\u00e3o Operacional. A autonomiza\u00e7\u00e3o destas \u00e1reas permitiu ao CEAUL focar-se na Estat\u00edstica, consolidando-se como centro de excel\u00eancia, mantendo, contudo, colabora\u00e7\u00f5es interdisciplinares com os novos centros. Esta evolu\u00e7\u00e3o reflete bem a din\u00e2mica do conhecimento: as \u00e1reas crescem, ganham autonomia e, mesmo separadas, continuam a dialogar.<\/p>\n\n\n\n<p><strong>PA: As atividades do CEAUL t\u00eam car\u00e1ter interdisciplinar, aplicando a Estat\u00edstica em diversas \u00e1reas cient\u00edficas e sociais. Em que momentos a coopera\u00e7\u00e3o entre diferentes \u00e1reas do saber se mostrou crucial para a obten\u00e7\u00e3o de resultados?<\/strong><\/p>\n\n\n\n<p><strong>MA:<\/strong> A interdisciplinaridade \u00e9 central no CEAUL, potenciando o impacto da Estat\u00edstica em \u00e1reas como sa\u00fade, ambiente e finan\u00e7as. A colabora\u00e7\u00e3o com outras disciplinas permite desenvolver modelos e solu\u00e7\u00f5es robustas, demonstrando que a ci\u00eancia avan\u00e7a quando diferentes \u00e1reas partilham uma linguagem comum baseada em dados.<\/p>\n\n\n\n<p><strong>PA:<\/strong> <strong>O CEAUL tem procurado refor\u00e7ar a sua presen\u00e7a no cen\u00e1rio internacional atrav\u00e9s de colabora\u00e7\u00f5es e protocolos de investiga\u00e7\u00e3o. Qual \u00e9 a import\u00e2ncia destes protocolos e que estrat\u00e9gias est\u00e3o previstas para expandir estas parcerias?<\/strong><\/p>\n\n\n\n<p><strong>MA:<\/strong> A internacionaliza\u00e7\u00e3o \u00e9 prioridade para o CEAUL, permitindo partilhar metodologias, aceder a grandes bases de dados e integrar redes de excel\u00eancia. Estas parcerias aumentam a visibilidade do centro, potenciam a forma\u00e7\u00e3o de jovens investigadores e garantem que os projetos do CEAUL respondem a desafios globais. Internacionaliza\u00e7\u00e3o \u00e9 a forma de garantir que o CEAUL permanece na linha da frente da investiga\u00e7\u00e3o em Estat\u00edstica.<\/p>\n\n\n\n<p><strong>PA: Atualmente, o CEAUL desenvolve projetos como o AIdentifyAGE, ativo desde mar\u00e7o de 2025, sendo que o Cinderella Project \u00e9 tamb\u00e9m um projeto recente. Quais s\u00e3o os principais objetivos definidos no in\u00edcio destes projetos e que resultados se esperavam alcan\u00e7ar?<\/strong><\/p>\n\n\n\n<p><strong>MA:<\/strong> O AIdentifyAGE, financiado pela FCT\/PRR, desenvolve intelig\u00eancia artificial para estimar a idade dent\u00e1ria em contextos forenses, cl\u00ednicos e legais. O projeto responde a um desafio cr\u00edtico na migra\u00e7\u00e3o e asilo: garantir avalia\u00e7\u00f5es fi\u00e1veis e \u00e9ticas que protejam os direitos de menores. Com grandes bases de dados de imagens dent\u00e1rias e modelos robustos, cria ferramentas inovadoras, abertas e transparentes. Mais do que tecnologia, refor\u00e7a a justi\u00e7a, os direitos humanos e a confian\u00e7a na Odontologia Forense. Somos parceiros no Projeto CINDERELLA, uma iniciativa da Funda\u00e7\u00e3o Champalimaud, que est\u00e1 a revolucionar o tratamento do cancro da mama ao integrar intelig\u00eancia artificial (IA) na previs\u00e3o personalizada dos resultados est\u00e9ticos da cirurgia. Acredito que o Cinderella ser\u00e1 um marco no apoio \u00e0 tomada de decis\u00e3o no tratamento do cancro da mama. O cancro da mama \u00e9 o mais frequente nas mulheres em todo o mundo. <\/p>\n\n\n\n<figure class=\"wp-block-image aligncenter is-resized\"><img loading=\"lazy\" decoding=\"async\" width=\"1920\" height=\"2560\" src=\"http:\/\/perspetivaatual.pt\/wp-content\/uploads\/2025\/10\/IMG_6044-scaled.jpg\" alt=\"\" class=\"wp-image-4997\" style=\"width:486px;height:auto\" srcset=\"https:\/\/perspetivaatual.pt\/wp-content\/uploads\/2025\/10\/IMG_6044-scaled.jpg 1920w, https:\/\/perspetivaatual.pt\/wp-content\/uploads\/2025\/10\/IMG_6044-225x300.jpg 225w, https:\/\/perspetivaatual.pt\/wp-content\/uploads\/2025\/10\/IMG_6044-768x1024.jpg 768w, https:\/\/perspetivaatual.pt\/wp-content\/uploads\/2025\/10\/IMG_6044-1152x1536.jpg 1152w, https:\/\/perspetivaatual.pt\/wp-content\/uploads\/2025\/10\/IMG_6044-1536x2048.jpg 1536w, https:\/\/perspetivaatual.pt\/wp-content\/uploads\/2025\/10\/IMG_6044-1024x1365.jpg 1024w\" sizes=\"auto, (max-width: 1920px) 100vw, 1920px\" \/><\/figure>\n\n\n\n<p>todos os anos surgem cerca de 2,3 milh\u00f5es de novos casos, e a maioria das doentes \u00e9 submetida a cirurgia e, muitas vezes, tamb\u00e9m a radioterapia (tratamentos loco-regionais). Estes tratamentos salvam vidas, mas deixam marcas. O resultado est\u00e9tico pode variar muito de mulher para mulher e nem sempre corresponde \u00e0s expectativas criadas, afetando a sua autoestima e qualidade de vida. O Projeto CINDERELLA (<a href=\"https:\/\/cinderellaproject.eu\/\">https:\/\/cinderellaproject.eu\/<\/a>), financiado pela Uni\u00e3o Europeia (Programa Horizonte Europa, GA 101057389), nasce como uma resposta inovadora a um dos maiores desafios no tratamento do cancro da mama: antecipar e compreender os resultados est\u00e9ticos ap\u00f3s a cirurgia e\/ou radioterapia. Coordenado pela Funda\u00e7\u00e3o Champalimaud, em Portugal, conta com mais dois parceiros nacionais, o CEAUL e o INESC TEC, e sete institui\u00e7\u00f5es internacionais na Alemanha, It\u00e1lia, Pol\u00f3nia e Israel.<\/p>\n\n\n\n<p>O objetivo do projeto \u00e9 simples, mas transformador: ajudar as mulheres a compreender, de forma realista, como poder\u00e3o ficar as suas mamas ap\u00f3s a cirurgia e a radioterapia, antes mesmo de as realizarem. Atrav\u00e9s da aplica\u00e7\u00e3o CINDERELLA desenvolvida pela CANKADO, e recorrendo ao sistema de intelig\u00eancia artificial BreLO-AI, a doente pode visualizar imagens de resultados est\u00e9ticos alcan\u00e7ados por mulheres com caracter\u00edsticas semelhantes que realizaram as mesmas cirurgias que lhe s\u00e3o propostas. Assim, torna-se mais f\u00e1cil comparar diferentes t\u00e9cnicas cir\u00fargicas e discutir com o m\u00e9dico de forma mais clara qual a op\u00e7\u00e3o que melhor responde \u00e0s suas necessidades e expetativas. Para garantir fotografias rigorosas e de alta qualidade, \u00e9 utilizado o Photorobot PINK, desenvolvido especificamente para o projeto com tecnologia Canon. <\/p>\n\n\n\n<figure class=\"wp-block-image aligncenter is-resized\"><img loading=\"lazy\" decoding=\"async\" width=\"2301\" height=\"2560\" src=\"http:\/\/perspetivaatual.pt\/wp-content\/uploads\/2025\/10\/IMG_6513_-scaled.jpg\" alt=\"\" class=\"wp-image-4998\" style=\"width:467px;height:auto\" srcset=\"https:\/\/perspetivaatual.pt\/wp-content\/uploads\/2025\/10\/IMG_6513_-scaled.jpg 2301w, https:\/\/perspetivaatual.pt\/wp-content\/uploads\/2025\/10\/IMG_6513_-270x300.jpg 270w, https:\/\/perspetivaatual.pt\/wp-content\/uploads\/2025\/10\/IMG_6513_-920x1024.jpg 920w, https:\/\/perspetivaatual.pt\/wp-content\/uploads\/2025\/10\/IMG_6513_-768x855.jpg 768w, https:\/\/perspetivaatual.pt\/wp-content\/uploads\/2025\/10\/IMG_6513_-1380x1536.jpg 1380w, https:\/\/perspetivaatual.pt\/wp-content\/uploads\/2025\/10\/IMG_6513_-1840x2048.jpg 1840w, https:\/\/perspetivaatual.pt\/wp-content\/uploads\/2025\/10\/IMG_6513_-1024x1139.jpg 1024w\" sizes=\"auto, (max-width: 2301px) 100vw, 2301px\" \/><\/figure>\n\n\n\n<p>A doente posiciona-se diante de um fundo iluminado e s\u00e3o automaticamente capturadas as imagens necess\u00e1rias nos \u00e2ngulos corretos. O CINDERELLA n\u00e3o \u00e9 apenas uma ferramenta digital, \u00e9 uma forma de envolver a mulher no processo de decis\u00e3o sobre o seu tratamento. A aplica\u00e7\u00e3o permite-lhe visualizar diferentes cen\u00e1rios cir\u00fargicos e compreender melhor o impacto de cada op\u00e7\u00e3o, al\u00e9m de disponibilizar informa\u00e7\u00e3o clara e acess\u00edvel, em v\u00e1rias l\u00ednguas e n\u00edveis de detalhe, sobre os benef\u00edcios, riscos e poss\u00edveis complica\u00e7\u00f5es. As doentes que participam no ensaio cl\u00ednico associado ao projeto partilham tamb\u00e9m a sua experi\u00eancia, contribuindo para a melhoria cont\u00ednua da aplica\u00e7\u00e3o. O Projeto CINDERELLA \u00e9 pioneiro na forma de documentar e prever os resultados est\u00e9ticos da cirurgia da mama, integrando inova\u00e7\u00e3o tecnol\u00f3gica com a humaniza\u00e7\u00e3o dos cuidados de sa\u00fade. Ao dar \u00e0s mulheres uma vis\u00e3o mais clara do futuro, ajuda a reduzir ansiedades, a criar expectativas realistas e, acima de tudo, a dar-lhes poder numa fase delicada das suas vidas.<\/p>\n\n\n\n<blockquote class=\"wp-block-quote is-layout-flow wp-block-quote-is-layout-flow\">\n<p>\u201cO CEAUL, ao celebrar 50 anos, reafirma-se como um centro com hist\u00f3ria e futuro, focado em consolidar a sua refer\u00eancia em Estat\u00edstica em Portugal e aumentar o impacto internacional\u201d<\/p>\n<\/blockquote>\n\n\n\n<p><strong>PA: Desde a \u00faltima entrevista concedida \u00e0 Perspetiva Atual, em fevereiro de 2023, certamente ocorreram algumas mudan\u00e7as. Quais foram as principais altera\u00e7\u00f5es na linha estrat\u00e9gica da Dire\u00e7\u00e3o?<\/strong><\/p>\n\n\n\n<p><strong>MA:<\/strong> O CEAUL tem refor\u00e7ado tr\u00eas eixos estrat\u00e9gicos: internacionaliza\u00e7\u00e3o, impacto social da investiga\u00e7\u00e3o e integra\u00e7\u00e3o de novas tecnologias na an\u00e1lise de dados. O centro participa em redes internacionais, torna a investiga\u00e7\u00e3o mais relevante para a sociedade e aposta em intelig\u00eancia artificial e ci\u00eancia de dados, evoluindo de forma a manter a excel\u00eancia acad\u00e9mica e responder aos desafios contempor\u00e2neos.<\/p>\n\n\n\n<p><strong>PA: Se a Estat\u00edstica nos ensina a lidar com o que n\u00e3o sabemos, como \u00e9 que essa mesma ci\u00eancia consegue inovar e explorar caminhos ainda desconhecidos?<\/strong><\/p>\n\n\n\n<p><strong>MA:<\/strong> A Estat\u00edstica combina rigor e explora\u00e7\u00e3o: quantifica a incerteza e, ao mesmo tempo, impulsiona a descoberta, identificando padr\u00f5es, criando modelos e propondo novas metodologias. Em \u00e1reas como gen\u00e9tica, intelig\u00eancia artificial e climatologia, por exemplo, permite formular hip\u00f3teses, explorar regularidades inesperadas e abrir novos caminhos de investiga\u00e7\u00e3o, funcionando como um mapa din\u00e2mico do conhecimento.<\/p>\n\n\n\n<figure class=\"wp-block-image aligncenter is-resized\"><img loading=\"lazy\" decoding=\"async\" width=\"450\" height=\"338\" src=\"http:\/\/perspetivaatual.pt\/wp-content\/uploads\/2025\/10\/Foto_Coord_ViceCoord_e_alunos.jpg\" alt=\"\" class=\"wp-image-4995\" style=\"width:479px;height:auto\" srcset=\"https:\/\/perspetivaatual.pt\/wp-content\/uploads\/2025\/10\/Foto_Coord_ViceCoord_e_alunos.jpg 450w, https:\/\/perspetivaatual.pt\/wp-content\/uploads\/2025\/10\/Foto_Coord_ViceCoord_e_alunos-300x225.jpg 300w\" sizes=\"auto, (max-width: 450px) 100vw, 450px\" \/><\/figure>\n\n\n\n<p><strong>PA: Que conselho daria a estudantes e jovens investigadores que queiram saber mais sobre este Centro e n\u00e3o saibam que oportunidades podem encontrar?<\/strong><\/p>\n\n\n\n<p><strong>MA: <\/strong>O CEAUL oferece a estudantes e jovens investigadores uma porta de entrada privilegiada na Estat\u00edstica aplicada, combinando teoria e pr\u00e1tica. Atrav\u00e9s de est\u00e1gios, programas como o S\u00ea Investigador, bolsas de doutoramento e cons\u00f3rcios internacionais, \u00e9 poss\u00edvel aprender com investigadores experientes, explorar diversas \u00e1reas e crescer academicamente num ambiente colaborativo. A mensagem essencial: aproximem-se, participem e usem a curiosidade para transformar interesse em impacto real.<\/p>\n\n\n\n<p><strong>PA: \u00c0 medida que celebra meio s\u00e9culo de exist\u00eancia, o CEAUL olha tamb\u00e9m para o futuro e para o seu papel no avan\u00e7o da Estat\u00edstica. Quais s\u00e3o os principais objetivos do Centro para os pr\u00f3ximos anos?<\/strong><\/p>\n\n\n\n<p><strong>MA: <\/strong>O CEAUL, ao celebrar 50 anos, reafirma-se como um centro com hist\u00f3ria e futuro, focado em consolidar a sua refer\u00eancia em Estat\u00edstica em Portugal e aumentar o impacto internacional. Apostando em metodologias de fronteira e na interdisciplinaridade, visa aplicar a Estat\u00edstica a problemas concretos da sociedade. A forma\u00e7\u00e3o de novas gera\u00e7\u00f5es e a internacionaliza\u00e7\u00e3o permanecem prioridades, com o objetivo de demonstrar que a Estat\u00edstica \u00e9 essencial para compreender o mundo e tomar decis\u00f5es informadas.<\/p>\n\n\n\n<p class=\"has-text-align-center\"><em>O projeto Cinderella \u00e9 financiado pelo Programa Horizonte Europa, GA 101057389<\/em><\/p>\n\n\n\n<figure class=\"wp-block-image aligncenter is-resized\"><img loading=\"lazy\" decoding=\"async\" width=\"7016\" height=\"1418\" src=\"http:\/\/perspetivaatual.pt\/wp-content\/uploads\/2025\/10\/AF_LOGOTIPO_CINDERELLA_V01-01.png\" alt=\"\" class=\"wp-image-4999\" style=\"width:225px;height:auto\" srcset=\"https:\/\/perspetivaatual.pt\/wp-content\/uploads\/2025\/10\/AF_LOGOTIPO_CINDERELLA_V01-01.png 7016w, https:\/\/perspetivaatual.pt\/wp-content\/uploads\/2025\/10\/AF_LOGOTIPO_CINDERELLA_V01-01-300x61.png 300w, https:\/\/perspetivaatual.pt\/wp-content\/uploads\/2025\/10\/AF_LOGOTIPO_CINDERELLA_V01-01-1024x207.png 1024w, https:\/\/perspetivaatual.pt\/wp-content\/uploads\/2025\/10\/AF_LOGOTIPO_CINDERELLA_V01-01-768x155.png 768w, https:\/\/perspetivaatual.pt\/wp-content\/uploads\/2025\/10\/AF_LOGOTIPO_CINDERELLA_V01-01-1536x310.png 1536w, https:\/\/perspetivaatual.pt\/wp-content\/uploads\/2025\/10\/AF_LOGOTIPO_CINDERELLA_V01-01-2048x414.png 2048w\" sizes=\"auto, (max-width: 7016px) 100vw, 7016px\" \/><\/figure>\n\n\n\n<figure class=\"wp-block-image aligncenter size-large is-resized\"><img loading=\"lazy\" decoding=\"async\" width=\"1024\" height=\"215\" src=\"https:\/\/perspetivaatual.pt\/wp-content\/uploads\/2025\/10\/image-26-1024x215.png\" alt=\"\" class=\"wp-image-4993\" style=\"width:298px;height:auto\" srcset=\"https:\/\/perspetivaatual.pt\/wp-content\/uploads\/2025\/10\/image-26-1024x215.png 1024w, https:\/\/perspetivaatual.pt\/wp-content\/uploads\/2025\/10\/image-26-300x63.png 300w, https:\/\/perspetivaatual.pt\/wp-content\/uploads\/2025\/10\/image-26-768x161.png 768w, https:\/\/perspetivaatual.pt\/wp-content\/uploads\/2025\/10\/image-26.png 1100w\" sizes=\"auto, (max-width: 1024px) 100vw, 1024px\" \/><\/figure>\n\n\n\n<figure class=\"wp-block-image aligncenter size-full is-resized\"><img loading=\"lazy\" decoding=\"async\" width=\"316\" height=\"91\" src=\"https:\/\/perspetivaatual.pt\/wp-content\/uploads\/2025\/10\/image-27.png\" alt=\"\" class=\"wp-image-4994\" style=\"width:193px;height:auto\" srcset=\"https:\/\/perspetivaatual.pt\/wp-content\/uploads\/2025\/10\/image-27.png 316w, https:\/\/perspetivaatual.pt\/wp-content\/uploads\/2025\/10\/image-27-300x86.png 300w\" sizes=\"auto, (max-width: 316px) 100vw, 316px\" \/><\/figure>\n\n\n\n<p class=\"has-text-align-center\"><em>UID\/00006\/2023<\/em><\/p>\n\n\n\n<p><\/p>\n","protected":false},"excerpt":{"rendered":"<p>Meio s\u00e9culo depois da sua cria\u00e7\u00e3o, o CEAUL \u00e9 um Centro que quantifica a incerteza<\/p>\n","protected":false},"author":11,"featured_media":4992,"comment_status":"open","ping_status":"open","sticky":false,"template":"","format":"standard","meta":{"footnotes":""},"categories":[11,165],"tags":[637,233,828,826,827],"class_list":["post-4991","post","type-post","status-publish","format-standard","has-post-thumbnail","hentry","category-destaques","category-investigacao","tag-cancro-da-mama","tag-ceaul","tag-centro-de-estatistica-e-aplicacoes-da-universidade-de-lisboa","tag-cinderella","tag-probabilidade-e-estatistica"],"yoast_head":"<!-- This site is optimized with the Yoast SEO plugin v24.2 - https:\/\/yoast.com\/wordpress\/plugins\/seo\/ -->\n<title>A \u00fanica ci\u00eancia capaz de quantificar a incerteza de forma rigorosa - Perspetiva Atual<\/title>\n<meta name=\"description\" content=\"Meio s\u00e9culo depois da sua cria\u00e7\u00e3o, o CEAUL \u00e9 um Centro que quantifica a incerteza e \u201cimpulsiona a descoberta\u201d em Probabilidade e...\" \/>\n<meta name=\"robots\" content=\"index, follow, max-snippet:-1, max-image-preview:large, max-video-preview:-1\" \/>\n<link rel=\"canonical\" href=\"http:\/\/perspetivaatual.pt\/index.php\/2025\/10\/17\/a-unica-ciencia-capaz-de-quantificar-a-incerteza-de-forma-rigorosa\/\" \/>\n<meta property=\"og:locale\" content=\"pt_PT\" \/>\n<meta property=\"og:type\" content=\"article\" \/>\n<meta property=\"og:title\" content=\"A \u00fanica ci\u00eancia capaz de quantificar a incerteza de forma rigorosa - Perspetiva Atual\" \/>\n<meta property=\"og:description\" content=\"Meio s\u00e9culo depois da sua cria\u00e7\u00e3o, o CEAUL \u00e9 um Centro que quantifica a incerteza e \u201cimpulsiona a descoberta\u201d em Probabilidade e...\" \/>\n<meta property=\"og:url\" content=\"http:\/\/perspetivaatual.pt\/index.php\/2025\/10\/17\/a-unica-ciencia-capaz-de-quantificar-a-incerteza-de-forma-rigorosa\/\" \/>\n<meta property=\"og:site_name\" content=\"Perspetiva Atual\" \/>\n<meta property=\"article:published_time\" content=\"2025-10-17T07:00:00+00:00\" \/>\n<meta property=\"article:modified_time\" content=\"2025-10-13T14:36:53+00:00\" \/>\n<meta property=\"og:image\" content=\"http:\/\/perspetivaatual.pt\/wp-content\/uploads\/2025\/10\/CEAUL50-scaled.jpg\" \/>\n\t<meta property=\"og:image:width\" content=\"1722\" \/>\n\t<meta property=\"og:image:height\" content=\"2560\" \/>\n\t<meta property=\"og:image:type\" content=\"image\/jpeg\" \/>\n<meta name=\"author\" content=\"Vitoria Girao\" \/>\n<meta name=\"twitter:card\" content=\"summary_large_image\" \/>\n<meta name=\"twitter:label1\" content=\"Escrito por\" \/>\n\t<meta name=\"twitter:data1\" content=\"\" \/>\n\t<meta name=\"twitter:label2\" content=\"Tempo estimado de leitura\" \/>\n\t<meta name=\"twitter:data2\" content=\"14 minutos\" \/>\n<script type=\"application\/ld+json\" class=\"yoast-schema-graph\">{\"@context\":\"https:\/\/schema.org\",\"@graph\":[{\"@type\":\"Article\",\"@id\":\"http:\/\/perspetivaatual.pt\/index.php\/2025\/10\/17\/a-unica-ciencia-capaz-de-quantificar-a-incerteza-de-forma-rigorosa\/#article\",\"isPartOf\":{\"@id\":\"http:\/\/perspetivaatual.pt\/index.php\/2025\/10\/17\/a-unica-ciencia-capaz-de-quantificar-a-incerteza-de-forma-rigorosa\/\"},\"author\":{\"name\":\"Vitoria Girao\",\"@id\":\"https:\/\/perspetivaatual.pt\/#\/schema\/person\/c90e8e11129f189f1b7588bf2888f8b5\"},\"headline\":\"A \u00fanica ci\u00eancia capaz de quantificar a incerteza de forma rigorosa\",\"datePublished\":\"2025-10-17T07:00:00+00:00\",\"dateModified\":\"2025-10-13T14:36:53+00:00\",\"mainEntityOfPage\":{\"@id\":\"http:\/\/perspetivaatual.pt\/index.php\/2025\/10\/17\/a-unica-ciencia-capaz-de-quantificar-a-incerteza-de-forma-rigorosa\/\"},\"wordCount\":2424,\"commentCount\":0,\"publisher\":{\"@id\":\"https:\/\/perspetivaatual.pt\/#organization\"},\"image\":{\"@id\":\"http:\/\/perspetivaatual.pt\/index.php\/2025\/10\/17\/a-unica-ciencia-capaz-de-quantificar-a-incerteza-de-forma-rigorosa\/#primaryimage\"},\"thumbnailUrl\":\"https:\/\/perspetivaatual.pt\/wp-content\/uploads\/2025\/10\/CEAUL50-scaled.jpg\",\"keywords\":[\"cancro da mama\",\"CEAUL\",\"Centro de Estat\u00edstica e Aplica\u00e7\u00f5es da Universidade de Lisboa\",\"CINDERELLA\",\"Probabilidade e Estat\u00edstica\"],\"articleSection\":[\"Destaques\",\"Investiga\u00e7\u00e3o\"],\"inLanguage\":\"pt-PT\",\"potentialAction\":[{\"@type\":\"CommentAction\",\"name\":\"Comment\",\"target\":[\"http:\/\/perspetivaatual.pt\/index.php\/2025\/10\/17\/a-unica-ciencia-capaz-de-quantificar-a-incerteza-de-forma-rigorosa\/#respond\"]}]},{\"@type\":\"WebPage\",\"@id\":\"http:\/\/perspetivaatual.pt\/index.php\/2025\/10\/17\/a-unica-ciencia-capaz-de-quantificar-a-incerteza-de-forma-rigorosa\/\",\"url\":\"http:\/\/perspetivaatual.pt\/index.php\/2025\/10\/17\/a-unica-ciencia-capaz-de-quantificar-a-incerteza-de-forma-rigorosa\/\",\"name\":\"A \u00fanica ci\u00eancia capaz de quantificar a incerteza de forma rigorosa - Perspetiva Atual\",\"isPartOf\":{\"@id\":\"https:\/\/perspetivaatual.pt\/#website\"},\"primaryImageOfPage\":{\"@id\":\"http:\/\/perspetivaatual.pt\/index.php\/2025\/10\/17\/a-unica-ciencia-capaz-de-quantificar-a-incerteza-de-forma-rigorosa\/#primaryimage\"},\"image\":{\"@id\":\"http:\/\/perspetivaatual.pt\/index.php\/2025\/10\/17\/a-unica-ciencia-capaz-de-quantificar-a-incerteza-de-forma-rigorosa\/#primaryimage\"},\"thumbnailUrl\":\"https:\/\/perspetivaatual.pt\/wp-content\/uploads\/2025\/10\/CEAUL50-scaled.jpg\",\"datePublished\":\"2025-10-17T07:00:00+00:00\",\"dateModified\":\"2025-10-13T14:36:53+00:00\",\"description\":\"Meio s\u00e9culo depois da sua cria\u00e7\u00e3o, o CEAUL \u00e9 um Centro que quantifica a incerteza e \u201cimpulsiona a descoberta\u201d em Probabilidade e...\",\"breadcrumb\":{\"@id\":\"http:\/\/perspetivaatual.pt\/index.php\/2025\/10\/17\/a-unica-ciencia-capaz-de-quantificar-a-incerteza-de-forma-rigorosa\/#breadcrumb\"},\"inLanguage\":\"pt-PT\",\"potentialAction\":[{\"@type\":\"ReadAction\",\"target\":[\"http:\/\/perspetivaatual.pt\/index.php\/2025\/10\/17\/a-unica-ciencia-capaz-de-quantificar-a-incerteza-de-forma-rigorosa\/\"]}]},{\"@type\":\"ImageObject\",\"inLanguage\":\"pt-PT\",\"@id\":\"http:\/\/perspetivaatual.pt\/index.php\/2025\/10\/17\/a-unica-ciencia-capaz-de-quantificar-a-incerteza-de-forma-rigorosa\/#primaryimage\",\"url\":\"https:\/\/perspetivaatual.pt\/wp-content\/uploads\/2025\/10\/CEAUL50-scaled.jpg\",\"contentUrl\":\"https:\/\/perspetivaatual.pt\/wp-content\/uploads\/2025\/10\/CEAUL50-scaled.jpg\",\"width\":1722,\"height\":2560},{\"@type\":\"BreadcrumbList\",\"@id\":\"http:\/\/perspetivaatual.pt\/index.php\/2025\/10\/17\/a-unica-ciencia-capaz-de-quantificar-a-incerteza-de-forma-rigorosa\/#breadcrumb\",\"itemListElement\":[{\"@type\":\"ListItem\",\"position\":1,\"name\":\"Home\",\"item\":\"https:\/\/perspetivaatual.pt\/\"},{\"@type\":\"ListItem\",\"position\":2,\"name\":\"A \u00fanica ci\u00eancia capaz de quantificar a incerteza de forma rigorosa\"}]},{\"@type\":\"WebSite\",\"@id\":\"https:\/\/perspetivaatual.pt\/#website\",\"url\":\"https:\/\/perspetivaatual.pt\/\",\"name\":\"Perspetiva Atual\",\"description\":\"Olhar Portugal, de diferentes formas\",\"publisher\":{\"@id\":\"https:\/\/perspetivaatual.pt\/#organization\"},\"potentialAction\":[{\"@type\":\"SearchAction\",\"target\":{\"@type\":\"EntryPoint\",\"urlTemplate\":\"https:\/\/perspetivaatual.pt\/?s={search_term_string}\"},\"query-input\":{\"@type\":\"PropertyValueSpecification\",\"valueRequired\":true,\"valueName\":\"search_term_string\"}}],\"inLanguage\":\"pt-PT\"},{\"@type\":\"Organization\",\"@id\":\"https:\/\/perspetivaatual.pt\/#organization\",\"name\":\"Perspetiva Atual\",\"url\":\"https:\/\/perspetivaatual.pt\/\",\"logo\":{\"@type\":\"ImageObject\",\"inLanguage\":\"pt-PT\",\"@id\":\"https:\/\/perspetivaatual.pt\/#\/schema\/logo\/image\/\",\"url\":\"https:\/\/perspetivaatual.pt\/wp-content\/uploads\/2020\/08\/cropped-perspetiva_atual-.png\",\"contentUrl\":\"https:\/\/perspetivaatual.pt\/wp-content\/uploads\/2020\/08\/cropped-perspetiva_atual-.png\",\"width\":618,\"height\":202,\"caption\":\"Perspetiva Atual\"},\"image\":{\"@id\":\"https:\/\/perspetivaatual.pt\/#\/schema\/logo\/image\/\"}},{\"@type\":\"Person\",\"@id\":\"https:\/\/perspetivaatual.pt\/#\/schema\/person\/c90e8e11129f189f1b7588bf2888f8b5\",\"name\":\"Vitoria Girao\",\"image\":{\"@type\":\"ImageObject\",\"inLanguage\":\"pt-PT\",\"@id\":\"https:\/\/perspetivaatual.pt\/#\/schema\/person\/image\/\",\"url\":\"https:\/\/secure.gravatar.com\/avatar\/7a4a232c077ec4326004bec18e9d4616?s=96&d=mm&r=g\",\"contentUrl\":\"https:\/\/secure.gravatar.com\/avatar\/7a4a232c077ec4326004bec18e9d4616?s=96&d=mm&r=g\",\"caption\":\"Vitoria Girao\"},\"url\":\"https:\/\/perspetivaatual.pt\/index.php\/author\/vitoria-girao\/\"}]}<\/script>\n<!-- \/ Yoast SEO plugin. -->","yoast_head_json":{"title":"A \u00fanica ci\u00eancia capaz de quantificar a incerteza de forma rigorosa - Perspetiva Atual","description":"Meio s\u00e9culo depois da sua cria\u00e7\u00e3o, o CEAUL \u00e9 um Centro que quantifica a incerteza e \u201cimpulsiona a descoberta\u201d em Probabilidade e...","robots":{"index":"index","follow":"follow","max-snippet":"max-snippet:-1","max-image-preview":"max-image-preview:large","max-video-preview":"max-video-preview:-1"},"canonical":"http:\/\/perspetivaatual.pt\/index.php\/2025\/10\/17\/a-unica-ciencia-capaz-de-quantificar-a-incerteza-de-forma-rigorosa\/","og_locale":"pt_PT","og_type":"article","og_title":"A \u00fanica ci\u00eancia capaz de quantificar a incerteza de forma rigorosa - Perspetiva Atual","og_description":"Meio s\u00e9culo depois da sua cria\u00e7\u00e3o, o CEAUL \u00e9 um Centro que quantifica a incerteza e \u201cimpulsiona a descoberta\u201d em Probabilidade e...","og_url":"http:\/\/perspetivaatual.pt\/index.php\/2025\/10\/17\/a-unica-ciencia-capaz-de-quantificar-a-incerteza-de-forma-rigorosa\/","og_site_name":"Perspetiva Atual","article_published_time":"2025-10-17T07:00:00+00:00","article_modified_time":"2025-10-13T14:36:53+00:00","og_image":[{"width":1722,"height":2560,"url":"http:\/\/perspetivaatual.pt\/wp-content\/uploads\/2025\/10\/CEAUL50-scaled.jpg","type":"image\/jpeg"}],"author":"Vitoria Girao","twitter_card":"summary_large_image","twitter_misc":{"Escrito por":false,"Tempo estimado de leitura":"14 minutos"},"schema":{"@context":"https:\/\/schema.org","@graph":[{"@type":"Article","@id":"http:\/\/perspetivaatual.pt\/index.php\/2025\/10\/17\/a-unica-ciencia-capaz-de-quantificar-a-incerteza-de-forma-rigorosa\/#article","isPartOf":{"@id":"http:\/\/perspetivaatual.pt\/index.php\/2025\/10\/17\/a-unica-ciencia-capaz-de-quantificar-a-incerteza-de-forma-rigorosa\/"},"author":{"name":"Vitoria Girao","@id":"https:\/\/perspetivaatual.pt\/#\/schema\/person\/c90e8e11129f189f1b7588bf2888f8b5"},"headline":"A \u00fanica ci\u00eancia capaz de quantificar a incerteza de forma rigorosa","datePublished":"2025-10-17T07:00:00+00:00","dateModified":"2025-10-13T14:36:53+00:00","mainEntityOfPage":{"@id":"http:\/\/perspetivaatual.pt\/index.php\/2025\/10\/17\/a-unica-ciencia-capaz-de-quantificar-a-incerteza-de-forma-rigorosa\/"},"wordCount":2424,"commentCount":0,"publisher":{"@id":"https:\/\/perspetivaatual.pt\/#organization"},"image":{"@id":"http:\/\/perspetivaatual.pt\/index.php\/2025\/10\/17\/a-unica-ciencia-capaz-de-quantificar-a-incerteza-de-forma-rigorosa\/#primaryimage"},"thumbnailUrl":"https:\/\/perspetivaatual.pt\/wp-content\/uploads\/2025\/10\/CEAUL50-scaled.jpg","keywords":["cancro da mama","CEAUL","Centro de Estat\u00edstica e Aplica\u00e7\u00f5es da Universidade de Lisboa","CINDERELLA","Probabilidade e Estat\u00edstica"],"articleSection":["Destaques","Investiga\u00e7\u00e3o"],"inLanguage":"pt-PT","potentialAction":[{"@type":"CommentAction","name":"Comment","target":["http:\/\/perspetivaatual.pt\/index.php\/2025\/10\/17\/a-unica-ciencia-capaz-de-quantificar-a-incerteza-de-forma-rigorosa\/#respond"]}]},{"@type":"WebPage","@id":"http:\/\/perspetivaatual.pt\/index.php\/2025\/10\/17\/a-unica-ciencia-capaz-de-quantificar-a-incerteza-de-forma-rigorosa\/","url":"http:\/\/perspetivaatual.pt\/index.php\/2025\/10\/17\/a-unica-ciencia-capaz-de-quantificar-a-incerteza-de-forma-rigorosa\/","name":"A \u00fanica ci\u00eancia capaz de quantificar a incerteza de forma rigorosa - Perspetiva Atual","isPartOf":{"@id":"https:\/\/perspetivaatual.pt\/#website"},"primaryImageOfPage":{"@id":"http:\/\/perspetivaatual.pt\/index.php\/2025\/10\/17\/a-unica-ciencia-capaz-de-quantificar-a-incerteza-de-forma-rigorosa\/#primaryimage"},"image":{"@id":"http:\/\/perspetivaatual.pt\/index.php\/2025\/10\/17\/a-unica-ciencia-capaz-de-quantificar-a-incerteza-de-forma-rigorosa\/#primaryimage"},"thumbnailUrl":"https:\/\/perspetivaatual.pt\/wp-content\/uploads\/2025\/10\/CEAUL50-scaled.jpg","datePublished":"2025-10-17T07:00:00+00:00","dateModified":"2025-10-13T14:36:53+00:00","description":"Meio s\u00e9culo depois da sua cria\u00e7\u00e3o, o CEAUL \u00e9 um Centro que quantifica a incerteza e \u201cimpulsiona a descoberta\u201d em Probabilidade e...","breadcrumb":{"@id":"http:\/\/perspetivaatual.pt\/index.php\/2025\/10\/17\/a-unica-ciencia-capaz-de-quantificar-a-incerteza-de-forma-rigorosa\/#breadcrumb"},"inLanguage":"pt-PT","potentialAction":[{"@type":"ReadAction","target":["http:\/\/perspetivaatual.pt\/index.php\/2025\/10\/17\/a-unica-ciencia-capaz-de-quantificar-a-incerteza-de-forma-rigorosa\/"]}]},{"@type":"ImageObject","inLanguage":"pt-PT","@id":"http:\/\/perspetivaatual.pt\/index.php\/2025\/10\/17\/a-unica-ciencia-capaz-de-quantificar-a-incerteza-de-forma-rigorosa\/#primaryimage","url":"https:\/\/perspetivaatual.pt\/wp-content\/uploads\/2025\/10\/CEAUL50-scaled.jpg","contentUrl":"https:\/\/perspetivaatual.pt\/wp-content\/uploads\/2025\/10\/CEAUL50-scaled.jpg","width":1722,"height":2560},{"@type":"BreadcrumbList","@id":"http:\/\/perspetivaatual.pt\/index.php\/2025\/10\/17\/a-unica-ciencia-capaz-de-quantificar-a-incerteza-de-forma-rigorosa\/#breadcrumb","itemListElement":[{"@type":"ListItem","position":1,"name":"Home","item":"https:\/\/perspetivaatual.pt\/"},{"@type":"ListItem","position":2,"name":"A \u00fanica ci\u00eancia capaz de quantificar a incerteza de forma rigorosa"}]},{"@type":"WebSite","@id":"https:\/\/perspetivaatual.pt\/#website","url":"https:\/\/perspetivaatual.pt\/","name":"Perspetiva Atual","description":"Olhar Portugal, de diferentes formas","publisher":{"@id":"https:\/\/perspetivaatual.pt\/#organization"},"potentialAction":[{"@type":"SearchAction","target":{"@type":"EntryPoint","urlTemplate":"https:\/\/perspetivaatual.pt\/?s={search_term_string}"},"query-input":{"@type":"PropertyValueSpecification","valueRequired":true,"valueName":"search_term_string"}}],"inLanguage":"pt-PT"},{"@type":"Organization","@id":"https:\/\/perspetivaatual.pt\/#organization","name":"Perspetiva Atual","url":"https:\/\/perspetivaatual.pt\/","logo":{"@type":"ImageObject","inLanguage":"pt-PT","@id":"https:\/\/perspetivaatual.pt\/#\/schema\/logo\/image\/","url":"https:\/\/perspetivaatual.pt\/wp-content\/uploads\/2020\/08\/cropped-perspetiva_atual-.png","contentUrl":"https:\/\/perspetivaatual.pt\/wp-content\/uploads\/2020\/08\/cropped-perspetiva_atual-.png","width":618,"height":202,"caption":"Perspetiva Atual"},"image":{"@id":"https:\/\/perspetivaatual.pt\/#\/schema\/logo\/image\/"}},{"@type":"Person","@id":"https:\/\/perspetivaatual.pt\/#\/schema\/person\/c90e8e11129f189f1b7588bf2888f8b5","name":"Vitoria Girao","image":{"@type":"ImageObject","inLanguage":"pt-PT","@id":"https:\/\/perspetivaatual.pt\/#\/schema\/person\/image\/","url":"https:\/\/secure.gravatar.com\/avatar\/7a4a232c077ec4326004bec18e9d4616?s=96&d=mm&r=g","contentUrl":"https:\/\/secure.gravatar.com\/avatar\/7a4a232c077ec4326004bec18e9d4616?s=96&d=mm&r=g","caption":"Vitoria Girao"},"url":"https:\/\/perspetivaatual.pt\/index.php\/author\/vitoria-girao\/"}]}},"featured_image_urls":{"full":["https:\/\/perspetivaatual.pt\/wp-content\/uploads\/2025\/10\/CEAUL50-scaled.jpg",1722,2560,false],"thumbnail":["https:\/\/perspetivaatual.pt\/wp-content\/uploads\/2025\/10\/CEAUL50-150x150.jpg",150,150,true],"medium":["https:\/\/perspetivaatual.pt\/wp-content\/uploads\/2025\/10\/CEAUL50-202x300.jpg",202,300,true],"medium_large":["https:\/\/perspetivaatual.pt\/wp-content\/uploads\/2025\/10\/CEAUL50-768x1142.jpg",640,952,true],"large":["https:\/\/perspetivaatual.pt\/wp-content\/uploads\/2025\/10\/CEAUL50-689x1024.jpg",640,951,true],"1536x1536":["https:\/\/perspetivaatual.pt\/wp-content\/uploads\/2025\/10\/CEAUL50-1033x1536.jpg",1033,1536,true],"2048x2048":["https:\/\/perspetivaatual.pt\/wp-content\/uploads\/2025\/10\/CEAUL50-1377x2048.jpg",1377,2048,true],"magazine-7-slider-full":["https:\/\/perspetivaatual.pt\/wp-content\/uploads\/2025\/10\/CEAUL50-1536x1020.jpg",1536,1020,true],"magazine-7-slider-center":["https:\/\/perspetivaatual.pt\/wp-content\/uploads\/2025\/10\/CEAUL50-936x897.jpg",936,897,true],"magazine-7-featured":["https:\/\/perspetivaatual.pt\/wp-content\/uploads\/2025\/10\/CEAUL50-1024x1523.jpg",1024,1523,true],"magazine-7-medium":["https:\/\/perspetivaatual.pt\/wp-content\/uploads\/2025\/10\/CEAUL50-720x380.jpg",720,380,true],"magazine-7-medium-square":["https:\/\/perspetivaatual.pt\/wp-content\/uploads\/2025\/10\/CEAUL50-675x450.jpg",675,450,true],"rpwe-thumbnail":["https:\/\/perspetivaatual.pt\/wp-content\/uploads\/2025\/10\/CEAUL50-45x45.jpg",45,45,true]},"author_info":{"info":[false]},"category_info":"<a href=\"https:\/\/perspetivaatual.pt\/index.php\/category\/destaques\/\" rel=\"category tag\">Destaques<\/a> <a href=\"https:\/\/perspetivaatual.pt\/index.php\/category\/investigacao\/\" rel=\"category tag\">Investiga\u00e7\u00e3o<\/a>","tag_info":"Investiga\u00e7\u00e3o","comment_count":"0","_links":{"self":[{"href":"https:\/\/perspetivaatual.pt\/index.php\/wp-json\/wp\/v2\/posts\/4991","targetHints":{"allow":["GET"]}}],"collection":[{"href":"https:\/\/perspetivaatual.pt\/index.php\/wp-json\/wp\/v2\/posts"}],"about":[{"href":"https:\/\/perspetivaatual.pt\/index.php\/wp-json\/wp\/v2\/types\/post"}],"author":[{"embeddable":true,"href":"https:\/\/perspetivaatual.pt\/index.php\/wp-json\/wp\/v2\/users\/11"}],"replies":[{"embeddable":true,"href":"https:\/\/perspetivaatual.pt\/index.php\/wp-json\/wp\/v2\/comments?post=4991"}],"version-history":[{"count":0,"href":"https:\/\/perspetivaatual.pt\/index.php\/wp-json\/wp\/v2\/posts\/4991\/revisions"}],"wp:featuredmedia":[{"embeddable":true,"href":"https:\/\/perspetivaatual.pt\/index.php\/wp-json\/wp\/v2\/media\/4992"}],"wp:attachment":[{"href":"https:\/\/perspetivaatual.pt\/index.php\/wp-json\/wp\/v2\/media?parent=4991"}],"wp:term":[{"taxonomy":"category","embeddable":true,"href":"https:\/\/perspetivaatual.pt\/index.php\/wp-json\/wp\/v2\/categories?post=4991"},{"taxonomy":"post_tag","embeddable":true,"href":"https:\/\/perspetivaatual.pt\/index.php\/wp-json\/wp\/v2\/tags?post=4991"}],"curies":[{"name":"wp","href":"https:\/\/api.w.org\/{rel}","templated":true}]}}