{"id":5018,"date":"2025-10-17T07:00:00","date_gmt":"2025-10-17T07:00:00","guid":{"rendered":"https:\/\/perspetivaatual.pt\/?p=5018"},"modified":"2025-10-13T15:35:07","modified_gmt":"2025-10-13T15:35:07","slug":"greenuporto-na-vanguarda-da-aposta-na-capacitacao-do-setor-agroalimentar","status":"publish","type":"post","link":"https:\/\/perspetivaatual.pt\/index.php\/2025\/10\/17\/greenuporto-na-vanguarda-da-aposta-na-capacitacao-do-setor-agroalimentar\/","title":{"rendered":"GreenUPorto: Na vanguarda da aposta na capacita\u00e7\u00e3o do setor Agroalimentar"},"content":{"rendered":"\n<p><strong>Na sua miss\u00e3o de contribuir para o desenvolvimento cient\u00edfico e tecnol\u00f3gico e para a transfer\u00eancia de conhecimento no setor agroalimentar e ambiental, o <a href=\"https:\/\/www.fc.up.pt\/GreenUPorto\/pt\/\">GreenUPorto<\/a> &#8211; Centro de Investiga\u00e7\u00e3o em Produ\u00e7\u00e3o Agroalimentar Sustent\u00e1vel e o Laborat\u00f3rio Associado Inov4Agro, que o centro integra, t\u00eam encetado uma intensa atividade na capacita\u00e7\u00e3o dirigida a v\u00e1rios dos intervenientes do setor, com vista a um futuro cada vez mais especializado na \u00e1rea.<\/strong><\/p>\n\n\n\n<h2 class=\"wp-block-heading has-text-align-left\">Capacitar para um setor Agroalimentar mais Informado e Sustent\u00e1vel<\/h2>\n\n\n\n<p>Integrado na Faculdade de Ci\u00eancias da Universidade do Porto, o GreenUPorto tem como parte da sua miss\u00e3o, enquanto Unidade de Investiga\u00e7\u00e3o e Desenvolvimento, e como Laborat\u00f3rio Associado, a promo\u00e7\u00e3o da especializa\u00e7\u00e3o inteligente e da sustentabilidade nos setores agron\u00f3mico, alimentar e ambiental.<\/p>\n\n\n\n<p>\u00c9, em particular, no setor da horticultura que o GreenUPorto procura capacitar as novas e atuais gera\u00e7\u00f5es de profissionais, disponibilizando-lhes as melhores ferramentas e know-how. Este objetivo \u00e9 concretizado atrav\u00e9s da integra\u00e7\u00e3o e transfer\u00eancia de resultados de investiga\u00e7\u00e3o de elevado n\u00edvel, bem como do papel ativo que desempenha na forma\u00e7\u00e3o p\u00f3s-graduada.<\/p>\n\n\n\n<p>Tais objetivos revestem-se de particular import\u00e2ncia no contexto dos desafios globais que os setores agron\u00f3mico e alimentar enfrentam atualmente, como a fixa\u00e7\u00e3o de massa cr\u00edtica jovem no pa\u00eds ou a necessidade de mais forma\u00e7\u00e3o e do rejuvenescimento dos profissionais do setor agroalimentar, e o aumento da atratividade do setor face a compet\u00eancias e \u00e1reas profissionais emergentes.<\/p>\n\n\n\n<p>Desde a sua g\u00e9nese, o GreenUPorto\/Inov4Agro compreendeu a import\u00e2ncia do di\u00e1logo com a sociedade, por forma a estabelecer pontes entre a nossa investiga\u00e7\u00e3o e a a\u00e7\u00e3o no terreno. Para o efeito, temos dinamizado diversas a\u00e7\u00f5es de forma\u00e7\u00e3o dirigidas a v\u00e1rios atores do setor, quer integradas em projetos de investiga\u00e7\u00e3o em curso, quer a\u00e7\u00f5es espec\u00edficas de workshops e cursos de forma\u00e7\u00e3o cont\u00ednua com vista ao \u2018reskilling\u2019 e \u2018upskilling\u2019.<\/p>\n\n\n\n<figure class=\"wp-block-image aligncenter is-resized\"><img loading=\"lazy\" decoding=\"async\" width=\"2560\" height=\"1183\" src=\"http:\/\/perspetivaatual.pt\/wp-content\/uploads\/2025\/10\/Foto-04-1-scaled.jpeg\" alt=\"\" class=\"wp-image-5020\" style=\"width:670px;height:auto\" srcset=\"https:\/\/perspetivaatual.pt\/wp-content\/uploads\/2025\/10\/Foto-04-1-scaled.jpeg 2560w, https:\/\/perspetivaatual.pt\/wp-content\/uploads\/2025\/10\/Foto-04-1-300x139.jpeg 300w, https:\/\/perspetivaatual.pt\/wp-content\/uploads\/2025\/10\/Foto-04-1-1024x473.jpeg 1024w, https:\/\/perspetivaatual.pt\/wp-content\/uploads\/2025\/10\/Foto-04-1-768x355.jpeg 768w, https:\/\/perspetivaatual.pt\/wp-content\/uploads\/2025\/10\/Foto-04-1-1536x710.jpeg 1536w, https:\/\/perspetivaatual.pt\/wp-content\/uploads\/2025\/10\/Foto-04-1-2048x946.jpeg 2048w\" sizes=\"auto, (max-width: 2560px) 100vw, 2560px\" \/><figcaption class=\"wp-element-caption\">Trabalho de grupo para sele\u00e7\u00e3o de locais experimentais, no \u00e2mbito do projeto LivingSoiLL<\/figcaption><\/figure>\n\n\n\n<h2 class=\"wp-block-heading has-text-align-left\">Unindo esfor\u00e7os nos planos regional, nacional, e al\u00e9m-fronteiras, em prol da prote\u00e7\u00e3o do Solo<\/h2>\n\n\n\n<p>A problem\u00e1tica da degrada\u00e7\u00e3o do solo, em muito ligada \u00e0 intensifica\u00e7\u00e3o da agricultura, \u00e9 uma quest\u00e3o europeia muito relevante e atual, tornando imperativo testar e implementar novos paradigmas de gest\u00e3o do solo, focados na sua monitoriza\u00e7\u00e3o, restauro e prote\u00e7\u00e3o, e na uni\u00e3o de esfor\u00e7os de v\u00e1rios atores: agricultores, cientistas, empresas, pol\u00edticos e cidad\u00e3os. N\u00e3o ficando indiferentes a estas problem\u00e1ticas, desde 2024 que, no \u00e2mbito da nossa linha de investiga\u00e7\u00e3o \u201cQualidade Ambiental e Avalia\u00e7\u00e3o de Risco\u201d, integramos o projeto internacional LivingSoiLL: Healthy Soil to Permanent Crops Living Labs (<a href=\"https:\/\/livingsoill.eu\/\">https:\/\/livingsoill.eu\/<\/a>), aprovado pela Miss\u00e3o Solo do Horizonte Europa.<\/p>\n\n\n\n<p>Com esta miss\u00e3o, a Uni\u00e3o Europeia visa criar, nas suas zonas rurais e urbanas, uma rede de 100 Living Labs (Laborat\u00f3rios Vivos, LL) &#8211; ecossistemas de investiga\u00e7\u00e3o e inova\u00e7\u00e3o centrados no utilizador, de base local e transdisciplinares, que envolvem m\u00faltiplos parceiros (gestores de terras, cientistas, cidad\u00e3os, empresas, autoridades locais) para, em conjunto, conceber, testar, monitorizar e avaliar solu\u00e7\u00f5es em contexto real para melhorar a sa\u00fade do solo.<\/p>\n\n\n\n<p>No \u00e2mbito do LivingSoiLL, o GreenUPorto e parceiros pretendem promover a participa\u00e7\u00e3o ativa de mais de 2000 atores locais no combate \u00e0 degrada\u00e7\u00e3o dos solos, atrav\u00e9s da cocria\u00e7\u00e3o e codesenvolvimento de solu\u00e7\u00f5es para as culturas permanentes mais relevantes da Europa, como a vinha, o olival, a ma\u00e7\u00e3, a castanha e a avel\u00e3 \u2013 culturas de grande valor econ\u00f3mico, social e cultural, e atualmente amea\u00e7adas pelas altera\u00e7\u00f5es clim\u00e1ticas.<br>A aposta na capacita\u00e7\u00e3o para pr\u00e1ticas sustent\u00e1veis de gest\u00e3o do solo e no refor\u00e7o da literacia do solo \u00e9 uma componente muito relevante do projeto, a par da testagem e co-cria\u00e7\u00e3o de solu\u00e7\u00f5es inovadoras e ajustadas localmente.<\/p>\n\n\n\n<p>Na nossa aposta pela capacita\u00e7\u00e3o de profissionais no setor no dom\u00ednio da prote\u00e7\u00e3o dos solos, temos desenvolvido cursos como \u201dCapacita\u00e7\u00e3o para uma Gest\u00e3o Sustent\u00e1vel do Solo\u201d (<a>https:\/\/edc.fc.up.pt\/fc\/capacitacao&#8211;para-uma-gestao-sustentavel-do-solo\/<\/a>) (2023 e 2024), e \u201cAn\u00e1lises de Solo: An\u00e1lise Comparativa de M\u00e9todos e Interpreta\u00e7\u00e3o de Boletins\u201d (<a>https:\/\/edc.fc.up.pt\/fc\/analises-de-solo-analise-comparativa-de-metodos-e-interpretacao-de-boletins\/<\/a>) (2025). Este \u00faltimo, em colabora\u00e7\u00e3o com um laborat\u00f3rio de an\u00e1lise de solos, que procurou familiarizar os formandos com m\u00e9todos anal\u00edticos dos par\u00e2metros t\u00edpicos em an\u00e1lises de rotina, efetuadas por iniciativa pr\u00f3pria ou imposi\u00e7\u00e3o legal. <\/p>\n\n\n\n<p>A interpreta\u00e7\u00e3o de resultados para melhor compreenderem e discutirem de forma cr\u00edtica recomenda\u00e7\u00f5es de fertiliza\u00e7\u00e3o e os m\u00e9todos de amostragem e de recolha de amostras mais adequados \u00e0 dimens\u00e3o das suas propriedades, a import\u00e2ncia da padroniza\u00e7\u00e3o dos m\u00e9todos anal\u00edticos, e o conhecimento cient\u00edfico que justifica a interpreta\u00e7\u00e3o de cada indicador f\u00edsico, qu\u00edmico e biol\u00f3gico de sa\u00fade do solo foram alguns dos temas abordados. Por forma a se evidenciarem problemas reais, identificados por produtores, os cursos beneficiaram ainda de parcerias estrat\u00e9gicas com empresas do sector, que auxiliaram na prepara\u00e7\u00e3o dos programas. <\/p>\n\n\n\n<p>Contando j\u00e1 com 3 edi\u00e7\u00f5es, estes cursos atingiram sempre o limite m\u00e1ximo de participantes. Novas edi\u00e7\u00f5es est\u00e3o previstas para breve. Na perspetiva de forma\u00e7\u00e3o, o GreenUPorto tamb\u00e9m colabora na P\u00f3s-Gradua\u00e7\u00e3o em Sistemas Alimentares Sustent\u00e1veis (<a>https:\/\/portal.uab.pt\/alv\/cursos_alv\/pos&#8211;graduacao-em-sistemas-alimentares-sustentaveis\/<\/a>), oferecida em regime de e-learning pela Universidade Aberta, universidade p\u00fablica de ensino a dist\u00e2ncia, que apresenta elevada proje\u00e7\u00e3o junto dos pa\u00edses da CPLP (Comunidade dos Pa\u00edses de L\u00edngua Portuguesa).<\/p>\n\n\n\n<figure class=\"wp-block-image aligncenter is-resized\"><img loading=\"lazy\" decoding=\"async\" width=\"2560\" height=\"1221\" src=\"http:\/\/perspetivaatual.pt\/wp-content\/uploads\/2025\/10\/Foto-5-SenseVirtual.jpg\" alt=\"\" class=\"wp-image-5021\" style=\"width:707px;height:auto\" srcset=\"https:\/\/perspetivaatual.pt\/wp-content\/uploads\/2025\/10\/Foto-5-SenseVirtual.jpg 2560w, https:\/\/perspetivaatual.pt\/wp-content\/uploads\/2025\/10\/Foto-5-SenseVirtual-300x143.jpg 300w, https:\/\/perspetivaatual.pt\/wp-content\/uploads\/2025\/10\/Foto-5-SenseVirtual-1024x488.jpg 1024w, https:\/\/perspetivaatual.pt\/wp-content\/uploads\/2025\/10\/Foto-5-SenseVirtual-768x366.jpg 768w, https:\/\/perspetivaatual.pt\/wp-content\/uploads\/2025\/10\/Foto-5-SenseVirtual-1536x733.jpg 1536w, https:\/\/perspetivaatual.pt\/wp-content\/uploads\/2025\/10\/Foto-5-SenseVirtual-2048x977.jpg 2048w\" sizes=\"auto, (max-width: 2560px) 100vw, 2560px\" \/><figcaption class=\"wp-element-caption\">Utiliza\u00e7\u00e3o do sistema avan\u00e7ado de Realidade Virtual (SenseVirtual)<\/figcaption><\/figure>\n\n\n\n<h2 class=\"wp-block-heading\">Capacitar para uma \u201cAgricultura do Futuro\u201d<\/h2>\n\n\n\n<p>Outro exemplo da nossa aposta na capacita\u00e7\u00e3o de profissionais \u00e9 demonstrado pela nossa participa\u00e7\u00e3o no projeto AgriFood4Future (ERASMUS+) (<a>https:\/\/agrifood4future.com\/<\/a>), cujo objetivo passa pelo desenvolvimento de programas de forma\u00e7\u00e3o profissional e educacional para a \u201cagricultura do futuro\u201d, que atendam \u00e0s necessidades dos v\u00e1rios intervenientes do setor da Agroprodu\u00e7\u00e3o.<\/p>\n\n\n\n<p>Juntando os esfor\u00e7os de 23 organiza\u00e7\u00f5es europeias e clusters dos setores da agroprodu\u00e7\u00e3o e digital, o projeto pretende contribuir para a transforma\u00e7\u00e3o do setor agroalimentar rumo \u00e0 digitaliza\u00e7\u00e3o, \u00e0 descarboniza\u00e7\u00e3o e \u00e0 sustentabilidade, apoiando a implementa\u00e7\u00e3o em larga escala de pr\u00e1ticas agr\u00edcolas novas e emergentes (como a agricultura climaticamente inteligente, a agricultura de precis\u00e3o e as pr\u00e1ticas regenerativas e org\u00e2nicas), e fornecendo compet\u00eancias t\u00e9cnicas e interpessoais necess\u00e1rias a jovens e trabalhadores do setor agroalimentar, sensibilizando e cultivando uma mentalidade empreendedora para a \u201cagricultura do futuro\u201d.<\/p>\n\n\n\n<p>Neste projeto, a equipa do GreenUPorto est\u00e1 a trabalhar na constitui\u00e7\u00e3o de um Center of Vocational Excellence (COVE) nacional, juntamente com v\u00e1rios parceiros relevantes do setor, como o Laborat\u00f3rio Colaborativo Food4Sustainability, ISQ (Centro de Interface e Tecnologia), e BGI (Building Global Innovators), com vista ao levantamento das necessidades de forma\u00e7\u00e3o e planeamento de conte\u00fados educativos.<\/p>\n\n\n\n<p>Adicionalmente, o GreenUPorto aposta tamb\u00e9m fortemente em workshops, a\u00e7\u00f5es mais curtas no tempo, tipicamente gratuitas e abertas \u00e0 comunidade, em t\u00f3picos espec\u00edficos. \u00c9 o caso do recente Workshop \u201cTecnologias de Vanguarda para Promo\u00e7\u00e3o da Resili\u00eancia das Culturas\u201d. Promovido pela Alltech Crop Science e GreenUPorto, o evento reuniu acad\u00e9micos, t\u00e9cnicos e profissionais do setor agr\u00edcola para debater solu\u00e7\u00f5es tecnol\u00f3gicas e sustent\u00e1veis que respondam aos desafios crescentes da agricultura moderna. Com temas diversificados, como aplica\u00e7\u00e3o de bioestimulantes, uso de fitohormonas na prote\u00e7\u00e3o das culturas, radia\u00e7\u00e3o UV para controlo de doen\u00e7as f\u00fangicas e o papel da agricultura de precis\u00e3o na gest\u00e3o agr\u00edcola eficiente, tratou-se de um exemplo das nossas iniciativas de aproxima\u00e7\u00e3o \u00e0 sociedade realizadas no \u00e2mbito dos nossos projetos de I&amp;D \u2013 neste caso, no \u00e2mbito do projeto \u201cBotrytis-XTalk\u201d (Funda\u00e7\u00e3o para a Ci\u00eancia e a Tecnologia).<\/p>\n\n\n\n<p>Este projeto visa refor\u00e7ar a liga\u00e7\u00e3o entre ci\u00eancia, inova\u00e7\u00e3o e pr\u00e1tica agr\u00edcola, a par de compreender os mecanismos inerentes \u00e0 podrid\u00e3o cinzenta e contribuir para o desenvolvimento de alternativas sustent\u00e1veis aos fungicidas qu\u00edmicos de s\u00edntese para o seu controlo.<\/p>\n\n\n\n<p>Outras tem\u00e1ticas est\u00e3o previstas, nomeadamente no campo da avalia\u00e7\u00e3o de risco de produtos fitofarmac\u00eauticos, tema que tanto preocupa os produtores, muitas vezes pressionados com a necessidade de limitar a utiliza\u00e7\u00e3o destes compostos. Ainda na vertente da prote\u00e7\u00e3o das culturas, est\u00e1 em marcha o nosso projeto BFree (PRR-IFAP), que tem \u00e0 data 10 ensaios a decorrer por todo o pa\u00eds, em organiza\u00e7\u00f5es de produtores e produtores, nas culturas de tomate, pepino e pequenos frutos (morango, framboesa, mirtilo e amora). <\/p>\n\n\n\n<p>De cariz bastante aplicado, visa explorar o papel de formula\u00e7\u00f5es de microrganismos ben\u00e9ficos como potenciais Agentes de Biocontrolo (ABCs). O seu objetivo principal \u00e9 reduzir a aplica\u00e7\u00e3o de pesticidas sint\u00e9ticos para o controlo de doen\u00e7as f\u00fangicas em hort\u00edcolas, contando com v\u00e1rios parceiros nacionais (para al\u00e9m de produtores, tamb\u00e9m a empresa de biotecnologia Proenol, e os parceiros Centro Operativo e Tecnol\u00f3gico Hortofrut\u00edcola Nacional (COTHN), Associa\u00e7\u00e3o Nacional das Organiza\u00e7\u00f5es de Produtores de Frutas e Hort\u00edcolas (FNOP) e o Instituto Nacional de Investiga\u00e7\u00e3o Agr\u00e1ria e Veterin\u00e1ria (INIAV)). <\/p>\n\n\n\n<p>No \u00e2mbito deste projeto, foram organizadas v\u00e1rias sess\u00f5es de demonstra\u00e7\u00e3o e workshops para capacitar os produtores e t\u00e9cnicos nestes temas. Destacam-se ainda outras iniciativas como o workshop Soil Health Solutions and Monitoring: the Bio(technological) Contributions, ou ainda cursos em tem\u00e1ticas espec\u00edficas como \u201dAn\u00e1lise Bibliom\u00e9trica com Recurso ao Biblioshiny e R\u201d ou \u201cIntrodu\u00e7\u00e3o ao R e An\u00e1lise de Metabarcoding\u201d, particularmente dedicados a capacitar os jovens investigadores, nomeadamente estudantes de mestrado e doutoramento, para o uso de ferramentas que lhes permitam analisar grandes volumes de dados e, assim, tirarem conclus\u00f5es cient\u00edficas mais robustas, que possam ser transferidas com confian\u00e7a para o setor.<\/p>\n\n\n\n<figure class=\"wp-block-image aligncenter is-resized\"><img loading=\"lazy\" decoding=\"async\" width=\"1920\" height=\"2560\" src=\"http:\/\/perspetivaatual.pt\/wp-content\/uploads\/2025\/10\/Foto-3-1-scaled.jpeg\" alt=\"\" class=\"wp-image-5022\" style=\"width:433px;height:auto\" srcset=\"https:\/\/perspetivaatual.pt\/wp-content\/uploads\/2025\/10\/Foto-3-1-scaled.jpeg 1920w, https:\/\/perspetivaatual.pt\/wp-content\/uploads\/2025\/10\/Foto-3-1-225x300.jpeg 225w, https:\/\/perspetivaatual.pt\/wp-content\/uploads\/2025\/10\/Foto-3-1-768x1024.jpeg 768w, https:\/\/perspetivaatual.pt\/wp-content\/uploads\/2025\/10\/Foto-3-1-1152x1536.jpeg 1152w, https:\/\/perspetivaatual.pt\/wp-content\/uploads\/2025\/10\/Foto-3-1-1536x2048.jpeg 1536w, https:\/\/perspetivaatual.pt\/wp-content\/uploads\/2025\/10\/Foto-3-1-1024x1365.jpeg 1024w\" sizes=\"auto, (max-width: 1920px) 100vw, 1920px\" \/><figcaption class=\"wp-element-caption\">Sess\u00e3o de demonstra\u00e7\u00e3o para capacitar produtores<br>e t\u00e9cnicos no \u00e2mbito do projeto BFree (GreenUPorto)<\/figcaption><\/figure>\n\n\n\n<h2 class=\"wp-block-heading\">Para al\u00e9m da aposta na capacita\u00e7\u00e3o: uma cont\u00ednua atividade em projetos de I&amp;D de \u00e2mbito nacional e internacional<\/h2>\n\n\n\n<p>No intuito de contribuir de forma positiva e eficaz na transi\u00e7\u00e3o para uma agricultura mais sustent\u00e1vel, a par do \u00eanfase dado \u00e0 capacita\u00e7\u00e3o do setor Agroalimentar, outra nossa grande aposta passa pela integra\u00e7\u00e3o e lideran\u00e7a da equipa GreenUPorto em cons\u00f3rcios de numerosos projetos de I&amp;D nacionais, europeus ou internacionais.<br>A par de uma extensa lista de projetos de I&amp;D conclu\u00eddos com sucesso, o GreenUPorto tem vindo, continuamente, a ter financiamento atribu\u00eddo a novos projetos de investiga\u00e7\u00e3o, focados em responder aos desafios emergentes do setor. Com in\u00edcio para breve, o projeto AgroCIRN: Agroecossistemas Circulares: Uma Nova Abordagem para a Sa\u00fade do Solo no Contexto da Regi\u00e3o Norte (CCDR-N), procura dar continuidade a uma tem\u00e1tica que temos considerado de elevada import\u00e2ncia: a reutiliza\u00e7\u00e3o de forma segura de substratos de culturas sem solo ap\u00f3s a sua utiliza\u00e7\u00e3o em ciclos de produ\u00e7\u00e3o. Este projeto focar\u00e1 em alternativas que v\u00e3o desde a incorpora\u00e7\u00e3o segura de carbono org\u00e2nico no solo at\u00e9 \u00e0 sua reciclagem na produ\u00e7\u00e3o de novos substratos, sendo que ambas ser\u00e3o testadas no seu decorrer, com um grande enfoque na forma\u00e7\u00e3o e contrata\u00e7\u00e3o de jovens investigadores.<\/p>\n\n\n\n<p>Na linha \u201cBiologia das Plantas, Produ\u00e7\u00e3o e P\u00f3s-colheita\u201d, conta-se o projeto MicroHealthChest (COMPETE2030&#8211;FEDER-02304200), desenvolvido em co-promo\u00e7\u00e3o com a Deifil, e com o objetivo de desenvolver formula\u00e7\u00f5es microbianas com efeito bioestimulante para melhoramento da fitossanidade e resili\u00eancia clim\u00e1tica do castanheiro. A valida\u00e7\u00e3o em condi\u00e7\u00f5es reais de campo, aliada \u00e0 lideran\u00e7a industrial, garante uma transfer\u00eancia eficaz de conhecimento para o setor agroalimentar.<\/p>\n\n\n\n<p>Ainda no dom\u00ednio dos bioestimulantes, o projeto endoLEGUME (Funda\u00e7\u00e3o \u201cla Caixa\u201d\/BPI &amp; FCT), com coordena\u00e7\u00e3o GreenUPorto, iniciar\u00e1 em 2026, visando desenvolver bioinoculantes capazes de aumentar a toler\u00e2ncia de diferentes variedades nacionais de gr\u00e3o-de-bico \u00e0 escassez h\u00eddrica, valorizando a biodiversidade existente desta cultura com elevado potencial biol\u00f3gico e comercial. J\u00e1 o projeto epiAGRO_2.0 (FCT) foca-se na caracteriza\u00e7\u00e3o de efeitos transgeracionais da exposi\u00e7\u00e3o de culturas a glifosato, pretendendo aprimorar a an\u00e1lise de risco ambiental em agroecossistemas ao incorporar modula\u00e7\u00f5es epigen\u00e9ticas na mesma. <\/p>\n\n\n\n<p>Tamb\u00e9m a participa\u00e7\u00e3o na A\u00e7\u00e3o COST PrimSeedPower (CA24156), com arranque no final de 2025, permitir\u00e1 ao GreenUPorto integrar redes internacionais dedicadas ao avan\u00e7o das tecnologias de seed priming, fortalecendo as liga\u00e7\u00f5es com stakeholders europeus e promovendo a aplica\u00e7\u00e3o pr\u00e1tica e a dissemina\u00e7\u00e3o dos resultados cient\u00edficos alcan\u00e7ados. Na linha tem\u00e1tica \u201cValoriza\u00e7\u00e3o, Consumo e Nutri\u00e7\u00e3o Humana\u201d, mais focada no consumidor, elemento \u00faltimo da cadeia agroalimentar, destaca-se a procura de novas metodologias para sua avalia\u00e7\u00e3o, com o desenvolvimento do novo sistema de Realidade Virtual de elevada defini\u00e7\u00e3o: SenseVirtual &#8211; desenvolvido em parceria com a empresa Sense Test, no \u00e2mbito da Agenda Mobilizadora VIIAFOOD (02-C05-i01.01-2022.PC644929456-00000040). <\/p>\n\n\n\n<p>Este sistema, recentemente submetido a registo de patente, permite avaliar o impacto do contexto na avalia\u00e7\u00e3o dos produtos alimentares, permitindo uma elaborada fus\u00e3o do participante e do alimento em prova com o ambiente virtual envolvente. Procurando a valoriza\u00e7\u00e3o dos recursos, o projeto OLIVE4CEREAL (Funda\u00e7\u00e3o La Caixa\/BPI &amp; FCT) aposta na valoriza\u00e7\u00e3o de subprodutos da ind\u00fastria ole\u00edcola para criar uma nova classe de bioestimulantes, em colabora\u00e7\u00e3o com empresas do setor. <\/p>\n\n\n\n<p>Na mesma linha, o projeto INTECH+ &#8211; Inova\u00e7\u00f5es tecnol\u00f3gicas integradas para a valoriza\u00e7\u00e3o do fracionamento de Tenebrio molitor (COMPETE2030-FEDER-01475700) ser\u00e1 liderado pela SFP (Sustainable Food Products, Lda), empresa pioneira em Portugal na comercializa\u00e7\u00e3o de alimentos com incorpora\u00e7\u00e3o de insetos comest\u00edveis, contando com a nossa participa\u00e7\u00e3o\/FCUP, a empresa TecmaFoods, FFUP e UCP. Quanto \u00e0 capacita\u00e7\u00e3o de profissionais, no dom\u00ednio da inova\u00e7\u00e3o alimentar, s\u00e3o exemplo os cursos \u201cInsetos na Alimenta\u00e7\u00e3o Humana: da Produ\u00e7\u00e3o ao Prato\u201d (<a>https:\/\/edc.fc.up.pt\/fc\/insetos-na-alimentacao-humana-da-producao-ao-prato\/<\/a>), com primeira edi\u00e7\u00e3o no 1\u00ba semestre de 2025, em parceria com empresas parceiras do projeto Intech+ e com a Arc\u00e1dia Internacional, e o curso \u201cPerce\u00e7\u00e3o do consumidor: avan\u00e7os nas metodologias de avalia\u00e7\u00e3o\u201d (<a>https:\/\/edc.fc.up.pt\/fc\/percecao-do-consumidor-avancos-nas-metodologias-de-avaliacao\/<\/a>), a iniciar em novembro de 2025. <\/p>\n\n\n\n<p>Destaca-se ainda a participa\u00e7\u00e3o do GreenUPorto no curso internacional Blended Intensive Programme FOOD INNOVATION AND THE CONSUMER (Erasmus+), em abril de 2025, desenvolvido em parceria com FCUP, Universitat Polit\u00e8cnica de Val\u00e8ncia, National and Kapodistrian University of Athens, e Universidade Aberta, o qual contou com a participa\u00e7\u00e3o de estudantes de 7 pa\u00edses que, em regime de b-learning, adquiriram compet\u00eancias ao n\u00edvel da inova\u00e7\u00e3o alimentar centrada no consumidor. Procurando alargar as suas rela\u00e7\u00f5es com outras Institui\u00e7\u00f5es Internacionais, o GreenUPorto foi convidado a participar no evento Talent Exchange Featured Session organizado pela South China University of Technology, no \u00e2mbito das celebra\u00e7\u00f5es do \u201c50.\u00ba anivers\u00e1rio das rela\u00e7\u00f5es diplom\u00e1ticas entre a China e a Uni\u00e3o Europeia\u201d, em maio passado, Cant\u00e3o, China. <\/p>\n\n\n\n<figure class=\"wp-block-image aligncenter is-resized\"><img loading=\"lazy\" decoding=\"async\" width=\"2560\" height=\"1913\" src=\"http:\/\/perspetivaatual.pt\/wp-content\/uploads\/2025\/10\/Foto6_Visita-a-SFP_Corial-_Curso-Insetos-scaled.jpg\" alt=\"\" class=\"wp-image-5023\" style=\"width:578px;height:auto\" srcset=\"https:\/\/perspetivaatual.pt\/wp-content\/uploads\/2025\/10\/Foto6_Visita-a-SFP_Corial-_Curso-Insetos-scaled.jpg 2560w, https:\/\/perspetivaatual.pt\/wp-content\/uploads\/2025\/10\/Foto6_Visita-a-SFP_Corial-_Curso-Insetos-300x224.jpg 300w, https:\/\/perspetivaatual.pt\/wp-content\/uploads\/2025\/10\/Foto6_Visita-a-SFP_Corial-_Curso-Insetos-1024x765.jpg 1024w, https:\/\/perspetivaatual.pt\/wp-content\/uploads\/2025\/10\/Foto6_Visita-a-SFP_Corial-_Curso-Insetos-768x574.jpg 768w, https:\/\/perspetivaatual.pt\/wp-content\/uploads\/2025\/10\/Foto6_Visita-a-SFP_Corial-_Curso-Insetos-1536x1148.jpg 1536w, https:\/\/perspetivaatual.pt\/wp-content\/uploads\/2025\/10\/Foto6_Visita-a-SFP_Corial-_Curso-Insetos-2048x1530.jpg 2048w\" sizes=\"auto, (max-width: 2560px) 100vw, 2560px\" \/><figcaption class=\"wp-element-caption\">Visita t\u00e9cnica \u00e0 f\u00e1brica SFP\/Corial (curso Insetos na<br>Alimenta\u00e7\u00e3o Humana)<\/figcaption><\/figure>\n\n\n\n<p>Uma vis\u00e3o de futuro para o setor Agroalimentar e Ambiental cimentada num percurso marcado pela Excel\u00eancia, agora renovada. Recentemente, no \u00e2mbito do \u00faltimo processo de avalia\u00e7\u00e3o nas Unidades de Investiga\u00e7\u00e3o nacionais, levado a cabo pela Funda\u00e7\u00e3o para a Ci\u00eancia e a Tecnologia (FCT), o GreenUPorto &#8211; Centro de Investiga\u00e7\u00e3o em Produ\u00e7\u00e3o Agroalimentar Sustent\u00e1vel &#8211; viu renovado o seu estatuto de excel\u00eancia, que tem vindo a manter desde a sua funda\u00e7\u00e3o, em 2020. <\/p>\n\n\n\n<p>Com o cimentar deste estatuto, o GreenUPorto v\u00ea refor\u00e7ada e renovada a confian\u00e7a em alcan\u00e7ar a sua miss\u00e3o, e \u00e9 em particular atrav\u00e9s da continuidade da nossa aposta na capacita\u00e7\u00e3o e forma\u00e7\u00e3o de profissionais e no refor\u00e7o das nossas colabora\u00e7\u00f5es, a par da cont\u00ednua e prof\u00edcua atividade em I&amp;D e capta\u00e7\u00e3o de projetos de investiga\u00e7\u00e3o, que estamos confiantes de que continuaremos a deixar a nossa marca de excel\u00eancia no setor agroalimentar. \u00c9 tamb\u00e9m crucial para o GreenUPorto continuar a manter portas abertas, e fazer chegar as nossas quest\u00f5es e resultados de investiga\u00e7\u00e3o \u00e0 comunidade, com vista ao envolvimento de todos na promo\u00e7\u00e3o da sustentabilidade no setor agroalimentar. <\/p>\n\n\n\n<p>Tamb\u00e9m destacar a import\u00e2ncia de continuarmos a nossa colabora\u00e7\u00e3o com o CITAB &#8211; Centro de Investiga\u00e7\u00e3o e Tecnologias Agroambientais e Biol\u00f3gicas (UTAD), atrav\u00e9s da implementa\u00e7\u00e3o da miss\u00e3o do Laborat\u00f3rio Associado Inov4Agro \u2013 Instituto de Inova\u00e7\u00e3o, Capacita\u00e7\u00e3o e Sustentabilidade da Produ\u00e7\u00e3o Agroalimentar (<a href=\"https:\/\/Inov4Agro.pt\">https:\/\/Inov4Agro.pt<\/a>). Fundado em 2021, pelo GreenUPorto e CITAB, assenta no objetivo comum de assumir um papel interventivo na regi\u00e3o Norte, suavizando desigualdades regionais entre o litoral e os territ\u00f3rios de baixa densidade do interior, e potencializando a nossa miss\u00e3o de estabelecer uma forte intera\u00e7\u00e3o com stakeholders e autoridades p\u00fablicas regionais, nacionais e europeias. <\/p>\n\n\n\n<p>Saiba mais sobre o GreenUPorto seguindo-nos nas redes sociais (LinkedIn: <a href=\"https:\/\/www.linkedin.com\/company\/green-uporto\/\">https:\/\/www.linkedin.com\/company\/green-uporto\/<\/a>, Instagram: <a href=\"https:\/\/www.instagram.com\/green_uporto\/\">https:\/\/www.instagram.com\/green_uporto\/<\/a>, e atrav\u00e9s do nosso website: <a href=\"https:\/\/www.fc.up.pt\/GreenUPorto\/pt\/\">https:\/\/www.fc.up.pt\/GreenUPorto\/pt\/<\/a>), onde poder\u00e1 ficar a par dos nossos projetos e iniciativas ou eventos em curso, ficando desde j\u00e1 o nosso convite, a stakeholders e p\u00fablico geral, para se envolverem e tomarem parte ativa nos mesmos.<\/p>\n\n\n\n<figure class=\"wp-block-image aligncenter size-full is-resized\"><img loading=\"lazy\" decoding=\"async\" width=\"225\" height=\"225\" src=\"https:\/\/perspetivaatual.pt\/wp-content\/uploads\/2025\/10\/image-30.png\" alt=\"\" class=\"wp-image-5025\" style=\"width:149px;height:auto\" srcset=\"https:\/\/perspetivaatual.pt\/wp-content\/uploads\/2025\/10\/image-30.png 225w, https:\/\/perspetivaatual.pt\/wp-content\/uploads\/2025\/10\/image-30-150x150.png 150w, https:\/\/perspetivaatual.pt\/wp-content\/uploads\/2025\/10\/image-30-45x45.png 45w\" sizes=\"auto, (max-width: 225px) 100vw, 225px\" \/><\/figure>\n\n\n\n<figure class=\"wp-block-image aligncenter size-full is-resized\"><img loading=\"lazy\" decoding=\"async\" width=\"581\" height=\"187\" src=\"https:\/\/perspetivaatual.pt\/wp-content\/uploads\/2025\/10\/image-31.png\" alt=\"\" class=\"wp-image-5031\" style=\"width:294px;height:auto\" srcset=\"https:\/\/perspetivaatual.pt\/wp-content\/uploads\/2025\/10\/image-31.png 581w, https:\/\/perspetivaatual.pt\/wp-content\/uploads\/2025\/10\/image-31-300x97.png 300w\" sizes=\"auto, (max-width: 581px) 100vw, 581px\" \/><\/figure>\n\n\n\n<p class=\"has-text-align-center\"><em>O GreenUPorto \u00e9 financiado por fundos nacionais pela FCT (Funda\u00e7\u00e3o para a Ci\u00eancia e a Tecnologia) atrav\u00e9s do Projeto Estrat\u00e9gico com refer\u00eancia UID\/05748\/2025<\/em><\/p>\n\n\n\n<p><\/p>\n","protected":false},"excerpt":{"rendered":"<p>Na sua miss\u00e3o de contribuir para o desenvolvimento cient\u00edfico e tecnol\u00f3gico e para a transfer\u00eancia<\/p>\n","protected":false},"author":11,"featured_media":5019,"comment_status":"open","ping_status":"open","sticky":false,"template":"","format":"standard","meta":{"footnotes":""},"categories":[11,165],"tags":[833,245,832,831],"class_list":["post-5018","post","type-post","status-publish","format-standard","has-post-thumbnail","hentry","category-destaques","category-investigacao","tag-faculdade-de-ciencias-da-universidade-do-porto","tag-greenuporto","tag-inov4agro","tag-setor-agroalimentar-e-ambiental"],"yoast_head":"<!-- This site is optimized with the Yoast SEO plugin v24.2 - https:\/\/yoast.com\/wordpress\/plugins\/seo\/ -->\n<title>GreenUPorto: Na vanguarda da aposta na capacita\u00e7\u00e3o do setor Agroalimentar - Perspetiva Atual<\/title>\n<meta name=\"description\" content=\"Na sua miss\u00e3o de contribuir para o desenvolvimento cient\u00edfico e tecnol\u00f3gico e para a transfer\u00eancia de conhecimento no setor agroalimentar...\" \/>\n<meta name=\"robots\" content=\"index, follow, max-snippet:-1, max-image-preview:large, max-video-preview:-1\" \/>\n<link rel=\"canonical\" href=\"http:\/\/perspetivaatual.pt\/index.php\/2025\/10\/17\/greenuporto-na-vanguarda-da-aposta-na-capacitacao-do-setor-agroalimentar\/\" \/>\n<meta property=\"og:locale\" content=\"pt_PT\" \/>\n<meta property=\"og:type\" content=\"article\" \/>\n<meta property=\"og:title\" content=\"GreenUPorto: Na vanguarda da aposta na capacita\u00e7\u00e3o do setor Agroalimentar - Perspetiva Atual\" \/>\n<meta property=\"og:description\" content=\"Na sua miss\u00e3o de contribuir para o desenvolvimento cient\u00edfico e tecnol\u00f3gico e para a transfer\u00eancia de conhecimento no setor agroalimentar...\" \/>\n<meta property=\"og:url\" content=\"http:\/\/perspetivaatual.pt\/index.php\/2025\/10\/17\/greenuporto-na-vanguarda-da-aposta-na-capacitacao-do-setor-agroalimentar\/\" \/>\n<meta property=\"og:site_name\" content=\"Perspetiva Atual\" \/>\n<meta property=\"article:published_time\" content=\"2025-10-17T07:00:00+00:00\" \/>\n<meta property=\"article:modified_time\" content=\"2025-10-13T15:35:07+00:00\" \/>\n<meta property=\"og:image\" content=\"http:\/\/perspetivaatual.pt\/wp-content\/uploads\/2025\/10\/Foto-2-Imagem-WhatsApp-2024-05-17-\u537b-14.00.09_3c6ba341-1.jpg\" \/>\n\t<meta property=\"og:image:width\" content=\"1500\" \/>\n\t<meta property=\"og:image:height\" content=\"2000\" \/>\n\t<meta property=\"og:image:type\" content=\"image\/jpeg\" \/>\n<meta name=\"author\" content=\"Vitoria Girao\" \/>\n<meta name=\"twitter:card\" content=\"summary_large_image\" \/>\n<meta name=\"twitter:label1\" content=\"Escrito por\" \/>\n\t<meta name=\"twitter:data1\" content=\"\" \/>\n\t<meta name=\"twitter:label2\" content=\"Tempo estimado de leitura\" \/>\n\t<meta name=\"twitter:data2\" content=\"16 minutos\" \/>\n<script type=\"application\/ld+json\" class=\"yoast-schema-graph\">{\"@context\":\"https:\/\/schema.org\",\"@graph\":[{\"@type\":\"Article\",\"@id\":\"http:\/\/perspetivaatual.pt\/index.php\/2025\/10\/17\/greenuporto-na-vanguarda-da-aposta-na-capacitacao-do-setor-agroalimentar\/#article\",\"isPartOf\":{\"@id\":\"http:\/\/perspetivaatual.pt\/index.php\/2025\/10\/17\/greenuporto-na-vanguarda-da-aposta-na-capacitacao-do-setor-agroalimentar\/\"},\"author\":{\"name\":\"Vitoria Girao\",\"@id\":\"https:\/\/perspetivaatual.pt\/#\/schema\/person\/c90e8e11129f189f1b7588bf2888f8b5\"},\"headline\":\"GreenUPorto: Na vanguarda da aposta na capacita\u00e7\u00e3o do setor Agroalimentar\",\"datePublished\":\"2025-10-17T07:00:00+00:00\",\"dateModified\":\"2025-10-13T15:35:07+00:00\",\"mainEntityOfPage\":{\"@id\":\"http:\/\/perspetivaatual.pt\/index.php\/2025\/10\/17\/greenuporto-na-vanguarda-da-aposta-na-capacitacao-do-setor-agroalimentar\/\"},\"wordCount\":3016,\"commentCount\":0,\"publisher\":{\"@id\":\"https:\/\/perspetivaatual.pt\/#organization\"},\"image\":{\"@id\":\"http:\/\/perspetivaatual.pt\/index.php\/2025\/10\/17\/greenuporto-na-vanguarda-da-aposta-na-capacitacao-do-setor-agroalimentar\/#primaryimage\"},\"thumbnailUrl\":\"https:\/\/perspetivaatual.pt\/wp-content\/uploads\/2025\/10\/Foto-2-Imagem-WhatsApp-2024-05-17-\u537b-14.00.09_3c6ba341-1.jpg\",\"keywords\":[\"faculdade de ci\u00eancias da universidade do porto\",\"GreenUPorto\",\"inov4agro\",\"setor agroalimentar e ambiental\"],\"articleSection\":[\"Destaques\",\"Investiga\u00e7\u00e3o\"],\"inLanguage\":\"pt-PT\",\"potentialAction\":[{\"@type\":\"CommentAction\",\"name\":\"Comment\",\"target\":[\"http:\/\/perspetivaatual.pt\/index.php\/2025\/10\/17\/greenuporto-na-vanguarda-da-aposta-na-capacitacao-do-setor-agroalimentar\/#respond\"]}]},{\"@type\":\"WebPage\",\"@id\":\"http:\/\/perspetivaatual.pt\/index.php\/2025\/10\/17\/greenuporto-na-vanguarda-da-aposta-na-capacitacao-do-setor-agroalimentar\/\",\"url\":\"http:\/\/perspetivaatual.pt\/index.php\/2025\/10\/17\/greenuporto-na-vanguarda-da-aposta-na-capacitacao-do-setor-agroalimentar\/\",\"name\":\"GreenUPorto: Na vanguarda da aposta na capacita\u00e7\u00e3o do setor Agroalimentar - Perspetiva Atual\",\"isPartOf\":{\"@id\":\"https:\/\/perspetivaatual.pt\/#website\"},\"primaryImageOfPage\":{\"@id\":\"http:\/\/perspetivaatual.pt\/index.php\/2025\/10\/17\/greenuporto-na-vanguarda-da-aposta-na-capacitacao-do-setor-agroalimentar\/#primaryimage\"},\"image\":{\"@id\":\"http:\/\/perspetivaatual.pt\/index.php\/2025\/10\/17\/greenuporto-na-vanguarda-da-aposta-na-capacitacao-do-setor-agroalimentar\/#primaryimage\"},\"thumbnailUrl\":\"https:\/\/perspetivaatual.pt\/wp-content\/uploads\/2025\/10\/Foto-2-Imagem-WhatsApp-2024-05-17-\u537b-14.00.09_3c6ba341-1.jpg\",\"datePublished\":\"2025-10-17T07:00:00+00:00\",\"dateModified\":\"2025-10-13T15:35:07+00:00\",\"description\":\"Na sua miss\u00e3o de contribuir para o desenvolvimento cient\u00edfico e tecnol\u00f3gico e para a transfer\u00eancia de conhecimento no setor agroalimentar...\",\"breadcrumb\":{\"@id\":\"http:\/\/perspetivaatual.pt\/index.php\/2025\/10\/17\/greenuporto-na-vanguarda-da-aposta-na-capacitacao-do-setor-agroalimentar\/#breadcrumb\"},\"inLanguage\":\"pt-PT\",\"potentialAction\":[{\"@type\":\"ReadAction\",\"target\":[\"http:\/\/perspetivaatual.pt\/index.php\/2025\/10\/17\/greenuporto-na-vanguarda-da-aposta-na-capacitacao-do-setor-agroalimentar\/\"]}]},{\"@type\":\"ImageObject\",\"inLanguage\":\"pt-PT\",\"@id\":\"http:\/\/perspetivaatual.pt\/index.php\/2025\/10\/17\/greenuporto-na-vanguarda-da-aposta-na-capacitacao-do-setor-agroalimentar\/#primaryimage\",\"url\":\"https:\/\/perspetivaatual.pt\/wp-content\/uploads\/2025\/10\/Foto-2-Imagem-WhatsApp-2024-05-17-\u537b-14.00.09_3c6ba341-1.jpg\",\"contentUrl\":\"https:\/\/perspetivaatual.pt\/wp-content\/uploads\/2025\/10\/Foto-2-Imagem-WhatsApp-2024-05-17-\u537b-14.00.09_3c6ba341-1.jpg\",\"width\":1500,\"height\":2000},{\"@type\":\"BreadcrumbList\",\"@id\":\"http:\/\/perspetivaatual.pt\/index.php\/2025\/10\/17\/greenuporto-na-vanguarda-da-aposta-na-capacitacao-do-setor-agroalimentar\/#breadcrumb\",\"itemListElement\":[{\"@type\":\"ListItem\",\"position\":1,\"name\":\"Home\",\"item\":\"https:\/\/perspetivaatual.pt\/\"},{\"@type\":\"ListItem\",\"position\":2,\"name\":\"GreenUPorto: Na vanguarda da aposta na capacita\u00e7\u00e3o do setor Agroalimentar\"}]},{\"@type\":\"WebSite\",\"@id\":\"https:\/\/perspetivaatual.pt\/#website\",\"url\":\"https:\/\/perspetivaatual.pt\/\",\"name\":\"Perspetiva Atual\",\"description\":\"Olhar Portugal, de diferentes formas\",\"publisher\":{\"@id\":\"https:\/\/perspetivaatual.pt\/#organization\"},\"potentialAction\":[{\"@type\":\"SearchAction\",\"target\":{\"@type\":\"EntryPoint\",\"urlTemplate\":\"https:\/\/perspetivaatual.pt\/?s={search_term_string}\"},\"query-input\":{\"@type\":\"PropertyValueSpecification\",\"valueRequired\":true,\"valueName\":\"search_term_string\"}}],\"inLanguage\":\"pt-PT\"},{\"@type\":\"Organization\",\"@id\":\"https:\/\/perspetivaatual.pt\/#organization\",\"name\":\"Perspetiva Atual\",\"url\":\"https:\/\/perspetivaatual.pt\/\",\"logo\":{\"@type\":\"ImageObject\",\"inLanguage\":\"pt-PT\",\"@id\":\"https:\/\/perspetivaatual.pt\/#\/schema\/logo\/image\/\",\"url\":\"https:\/\/perspetivaatual.pt\/wp-content\/uploads\/2020\/08\/cropped-perspetiva_atual-.png\",\"contentUrl\":\"https:\/\/perspetivaatual.pt\/wp-content\/uploads\/2020\/08\/cropped-perspetiva_atual-.png\",\"width\":618,\"height\":202,\"caption\":\"Perspetiva Atual\"},\"image\":{\"@id\":\"https:\/\/perspetivaatual.pt\/#\/schema\/logo\/image\/\"}},{\"@type\":\"Person\",\"@id\":\"https:\/\/perspetivaatual.pt\/#\/schema\/person\/c90e8e11129f189f1b7588bf2888f8b5\",\"name\":\"Vitoria Girao\",\"image\":{\"@type\":\"ImageObject\",\"inLanguage\":\"pt-PT\",\"@id\":\"https:\/\/perspetivaatual.pt\/#\/schema\/person\/image\/\",\"url\":\"https:\/\/secure.gravatar.com\/avatar\/7a4a232c077ec4326004bec18e9d4616?s=96&d=mm&r=g\",\"contentUrl\":\"https:\/\/secure.gravatar.com\/avatar\/7a4a232c077ec4326004bec18e9d4616?s=96&d=mm&r=g\",\"caption\":\"Vitoria Girao\"},\"url\":\"https:\/\/perspetivaatual.pt\/index.php\/author\/vitoria-girao\/\"}]}<\/script>\n<!-- \/ Yoast SEO plugin. -->","yoast_head_json":{"title":"GreenUPorto: Na vanguarda da aposta na capacita\u00e7\u00e3o do setor Agroalimentar - Perspetiva Atual","description":"Na sua miss\u00e3o de contribuir para o desenvolvimento cient\u00edfico e tecnol\u00f3gico e para a transfer\u00eancia de conhecimento no setor agroalimentar...","robots":{"index":"index","follow":"follow","max-snippet":"max-snippet:-1","max-image-preview":"max-image-preview:large","max-video-preview":"max-video-preview:-1"},"canonical":"http:\/\/perspetivaatual.pt\/index.php\/2025\/10\/17\/greenuporto-na-vanguarda-da-aposta-na-capacitacao-do-setor-agroalimentar\/","og_locale":"pt_PT","og_type":"article","og_title":"GreenUPorto: Na vanguarda da aposta na capacita\u00e7\u00e3o do setor Agroalimentar - Perspetiva Atual","og_description":"Na sua miss\u00e3o de contribuir para o desenvolvimento cient\u00edfico e tecnol\u00f3gico e para a transfer\u00eancia de conhecimento no setor agroalimentar...","og_url":"http:\/\/perspetivaatual.pt\/index.php\/2025\/10\/17\/greenuporto-na-vanguarda-da-aposta-na-capacitacao-do-setor-agroalimentar\/","og_site_name":"Perspetiva Atual","article_published_time":"2025-10-17T07:00:00+00:00","article_modified_time":"2025-10-13T15:35:07+00:00","og_image":[{"width":1500,"height":2000,"url":"http:\/\/perspetivaatual.pt\/wp-content\/uploads\/2025\/10\/Foto-2-Imagem-WhatsApp-2024-05-17-\u537b-14.00.09_3c6ba341-1.jpg","type":"image\/jpeg"}],"author":"Vitoria Girao","twitter_card":"summary_large_image","twitter_misc":{"Escrito por":false,"Tempo estimado de leitura":"16 minutos"},"schema":{"@context":"https:\/\/schema.org","@graph":[{"@type":"Article","@id":"http:\/\/perspetivaatual.pt\/index.php\/2025\/10\/17\/greenuporto-na-vanguarda-da-aposta-na-capacitacao-do-setor-agroalimentar\/#article","isPartOf":{"@id":"http:\/\/perspetivaatual.pt\/index.php\/2025\/10\/17\/greenuporto-na-vanguarda-da-aposta-na-capacitacao-do-setor-agroalimentar\/"},"author":{"name":"Vitoria Girao","@id":"https:\/\/perspetivaatual.pt\/#\/schema\/person\/c90e8e11129f189f1b7588bf2888f8b5"},"headline":"GreenUPorto: Na vanguarda da aposta na capacita\u00e7\u00e3o do setor Agroalimentar","datePublished":"2025-10-17T07:00:00+00:00","dateModified":"2025-10-13T15:35:07+00:00","mainEntityOfPage":{"@id":"http:\/\/perspetivaatual.pt\/index.php\/2025\/10\/17\/greenuporto-na-vanguarda-da-aposta-na-capacitacao-do-setor-agroalimentar\/"},"wordCount":3016,"commentCount":0,"publisher":{"@id":"https:\/\/perspetivaatual.pt\/#organization"},"image":{"@id":"http:\/\/perspetivaatual.pt\/index.php\/2025\/10\/17\/greenuporto-na-vanguarda-da-aposta-na-capacitacao-do-setor-agroalimentar\/#primaryimage"},"thumbnailUrl":"https:\/\/perspetivaatual.pt\/wp-content\/uploads\/2025\/10\/Foto-2-Imagem-WhatsApp-2024-05-17-\u537b-14.00.09_3c6ba341-1.jpg","keywords":["faculdade de ci\u00eancias da universidade do porto","GreenUPorto","inov4agro","setor agroalimentar e ambiental"],"articleSection":["Destaques","Investiga\u00e7\u00e3o"],"inLanguage":"pt-PT","potentialAction":[{"@type":"CommentAction","name":"Comment","target":["http:\/\/perspetivaatual.pt\/index.php\/2025\/10\/17\/greenuporto-na-vanguarda-da-aposta-na-capacitacao-do-setor-agroalimentar\/#respond"]}]},{"@type":"WebPage","@id":"http:\/\/perspetivaatual.pt\/index.php\/2025\/10\/17\/greenuporto-na-vanguarda-da-aposta-na-capacitacao-do-setor-agroalimentar\/","url":"http:\/\/perspetivaatual.pt\/index.php\/2025\/10\/17\/greenuporto-na-vanguarda-da-aposta-na-capacitacao-do-setor-agroalimentar\/","name":"GreenUPorto: Na vanguarda da aposta na capacita\u00e7\u00e3o do setor Agroalimentar - Perspetiva Atual","isPartOf":{"@id":"https:\/\/perspetivaatual.pt\/#website"},"primaryImageOfPage":{"@id":"http:\/\/perspetivaatual.pt\/index.php\/2025\/10\/17\/greenuporto-na-vanguarda-da-aposta-na-capacitacao-do-setor-agroalimentar\/#primaryimage"},"image":{"@id":"http:\/\/perspetivaatual.pt\/index.php\/2025\/10\/17\/greenuporto-na-vanguarda-da-aposta-na-capacitacao-do-setor-agroalimentar\/#primaryimage"},"thumbnailUrl":"https:\/\/perspetivaatual.pt\/wp-content\/uploads\/2025\/10\/Foto-2-Imagem-WhatsApp-2024-05-17-\u537b-14.00.09_3c6ba341-1.jpg","datePublished":"2025-10-17T07:00:00+00:00","dateModified":"2025-10-13T15:35:07+00:00","description":"Na sua miss\u00e3o de contribuir para o desenvolvimento cient\u00edfico e tecnol\u00f3gico e para a transfer\u00eancia de conhecimento no setor agroalimentar...","breadcrumb":{"@id":"http:\/\/perspetivaatual.pt\/index.php\/2025\/10\/17\/greenuporto-na-vanguarda-da-aposta-na-capacitacao-do-setor-agroalimentar\/#breadcrumb"},"inLanguage":"pt-PT","potentialAction":[{"@type":"ReadAction","target":["http:\/\/perspetivaatual.pt\/index.php\/2025\/10\/17\/greenuporto-na-vanguarda-da-aposta-na-capacitacao-do-setor-agroalimentar\/"]}]},{"@type":"ImageObject","inLanguage":"pt-PT","@id":"http:\/\/perspetivaatual.pt\/index.php\/2025\/10\/17\/greenuporto-na-vanguarda-da-aposta-na-capacitacao-do-setor-agroalimentar\/#primaryimage","url":"https:\/\/perspetivaatual.pt\/wp-content\/uploads\/2025\/10\/Foto-2-Imagem-WhatsApp-2024-05-17-\u537b-14.00.09_3c6ba341-1.jpg","contentUrl":"https:\/\/perspetivaatual.pt\/wp-content\/uploads\/2025\/10\/Foto-2-Imagem-WhatsApp-2024-05-17-\u537b-14.00.09_3c6ba341-1.jpg","width":1500,"height":2000},{"@type":"BreadcrumbList","@id":"http:\/\/perspetivaatual.pt\/index.php\/2025\/10\/17\/greenuporto-na-vanguarda-da-aposta-na-capacitacao-do-setor-agroalimentar\/#breadcrumb","itemListElement":[{"@type":"ListItem","position":1,"name":"Home","item":"https:\/\/perspetivaatual.pt\/"},{"@type":"ListItem","position":2,"name":"GreenUPorto: Na vanguarda da aposta na capacita\u00e7\u00e3o do setor Agroalimentar"}]},{"@type":"WebSite","@id":"https:\/\/perspetivaatual.pt\/#website","url":"https:\/\/perspetivaatual.pt\/","name":"Perspetiva Atual","description":"Olhar Portugal, de diferentes formas","publisher":{"@id":"https:\/\/perspetivaatual.pt\/#organization"},"potentialAction":[{"@type":"SearchAction","target":{"@type":"EntryPoint","urlTemplate":"https:\/\/perspetivaatual.pt\/?s={search_term_string}"},"query-input":{"@type":"PropertyValueSpecification","valueRequired":true,"valueName":"search_term_string"}}],"inLanguage":"pt-PT"},{"@type":"Organization","@id":"https:\/\/perspetivaatual.pt\/#organization","name":"Perspetiva Atual","url":"https:\/\/perspetivaatual.pt\/","logo":{"@type":"ImageObject","inLanguage":"pt-PT","@id":"https:\/\/perspetivaatual.pt\/#\/schema\/logo\/image\/","url":"https:\/\/perspetivaatual.pt\/wp-content\/uploads\/2020\/08\/cropped-perspetiva_atual-.png","contentUrl":"https:\/\/perspetivaatual.pt\/wp-content\/uploads\/2020\/08\/cropped-perspetiva_atual-.png","width":618,"height":202,"caption":"Perspetiva Atual"},"image":{"@id":"https:\/\/perspetivaatual.pt\/#\/schema\/logo\/image\/"}},{"@type":"Person","@id":"https:\/\/perspetivaatual.pt\/#\/schema\/person\/c90e8e11129f189f1b7588bf2888f8b5","name":"Vitoria Girao","image":{"@type":"ImageObject","inLanguage":"pt-PT","@id":"https:\/\/perspetivaatual.pt\/#\/schema\/person\/image\/","url":"https:\/\/secure.gravatar.com\/avatar\/7a4a232c077ec4326004bec18e9d4616?s=96&d=mm&r=g","contentUrl":"https:\/\/secure.gravatar.com\/avatar\/7a4a232c077ec4326004bec18e9d4616?s=96&d=mm&r=g","caption":"Vitoria Girao"},"url":"https:\/\/perspetivaatual.pt\/index.php\/author\/vitoria-girao\/"}]}},"featured_image_urls":{"full":["https:\/\/perspetivaatual.pt\/wp-content\/uploads\/2025\/10\/Foto-2-Imagem-WhatsApp-2024-05-17-\u537b-14.00.09_3c6ba341-1.jpg",1500,2000,false],"thumbnail":["https:\/\/perspetivaatual.pt\/wp-content\/uploads\/2025\/10\/Foto-2-Imagem-WhatsApp-2024-05-17-\u537b-14.00.09_3c6ba341-1-150x150.jpg",150,150,true],"medium":["https:\/\/perspetivaatual.pt\/wp-content\/uploads\/2025\/10\/Foto-2-Imagem-WhatsApp-2024-05-17-\u537b-14.00.09_3c6ba341-1-225x300.jpg",225,300,true],"medium_large":["https:\/\/perspetivaatual.pt\/wp-content\/uploads\/2025\/10\/Foto-2-Imagem-WhatsApp-2024-05-17-\u537b-14.00.09_3c6ba341-1-768x1024.jpg",640,853,true],"large":["https:\/\/perspetivaatual.pt\/wp-content\/uploads\/2025\/10\/Foto-2-Imagem-WhatsApp-2024-05-17-\u537b-14.00.09_3c6ba341-1-768x1024.jpg",640,853,true],"1536x1536":["https:\/\/perspetivaatual.pt\/wp-content\/uploads\/2025\/10\/Foto-2-Imagem-WhatsApp-2024-05-17-\u537b-14.00.09_3c6ba341-1-1152x1536.jpg",1152,1536,true],"2048x2048":["https:\/\/perspetivaatual.pt\/wp-content\/uploads\/2025\/10\/Foto-2-Imagem-WhatsApp-2024-05-17-\u537b-14.00.09_3c6ba341-1.jpg",1500,2000,false],"magazine-7-slider-full":["https:\/\/perspetivaatual.pt\/wp-content\/uploads\/2025\/10\/Foto-2-Imagem-WhatsApp-2024-05-17-\u537b-14.00.09_3c6ba341-1-1500x1020.jpg",1500,1020,true],"magazine-7-slider-center":["https:\/\/perspetivaatual.pt\/wp-content\/uploads\/2025\/10\/Foto-2-Imagem-WhatsApp-2024-05-17-\u537b-14.00.09_3c6ba341-1-936x897.jpg",936,897,true],"magazine-7-featured":["https:\/\/perspetivaatual.pt\/wp-content\/uploads\/2025\/10\/Foto-2-Imagem-WhatsApp-2024-05-17-\u537b-14.00.09_3c6ba341-1-1024x1365.jpg",1024,1365,true],"magazine-7-medium":["https:\/\/perspetivaatual.pt\/wp-content\/uploads\/2025\/10\/Foto-2-Imagem-WhatsApp-2024-05-17-\u537b-14.00.09_3c6ba341-1-720x380.jpg",720,380,true],"magazine-7-medium-square":["https:\/\/perspetivaatual.pt\/wp-content\/uploads\/2025\/10\/Foto-2-Imagem-WhatsApp-2024-05-17-\u537b-14.00.09_3c6ba341-1-675x450.jpg",675,450,true],"rpwe-thumbnail":["https:\/\/perspetivaatual.pt\/wp-content\/uploads\/2025\/10\/Foto-2-Imagem-WhatsApp-2024-05-17-\u537b-14.00.09_3c6ba341-1-45x45.jpg",45,45,true]},"author_info":{"info":[false]},"category_info":"<a href=\"https:\/\/perspetivaatual.pt\/index.php\/category\/destaques\/\" rel=\"category tag\">Destaques<\/a> <a href=\"https:\/\/perspetivaatual.pt\/index.php\/category\/investigacao\/\" rel=\"category tag\">Investiga\u00e7\u00e3o<\/a>","tag_info":"Investiga\u00e7\u00e3o","comment_count":"0","_links":{"self":[{"href":"https:\/\/perspetivaatual.pt\/index.php\/wp-json\/wp\/v2\/posts\/5018","targetHints":{"allow":["GET"]}}],"collection":[{"href":"https:\/\/perspetivaatual.pt\/index.php\/wp-json\/wp\/v2\/posts"}],"about":[{"href":"https:\/\/perspetivaatual.pt\/index.php\/wp-json\/wp\/v2\/types\/post"}],"author":[{"embeddable":true,"href":"https:\/\/perspetivaatual.pt\/index.php\/wp-json\/wp\/v2\/users\/11"}],"replies":[{"embeddable":true,"href":"https:\/\/perspetivaatual.pt\/index.php\/wp-json\/wp\/v2\/comments?post=5018"}],"version-history":[{"count":0,"href":"https:\/\/perspetivaatual.pt\/index.php\/wp-json\/wp\/v2\/posts\/5018\/revisions"}],"wp:featuredmedia":[{"embeddable":true,"href":"https:\/\/perspetivaatual.pt\/index.php\/wp-json\/wp\/v2\/media\/5019"}],"wp:attachment":[{"href":"https:\/\/perspetivaatual.pt\/index.php\/wp-json\/wp\/v2\/media?parent=5018"}],"wp:term":[{"taxonomy":"category","embeddable":true,"href":"https:\/\/perspetivaatual.pt\/index.php\/wp-json\/wp\/v2\/categories?post=5018"},{"taxonomy":"post_tag","embeddable":true,"href":"https:\/\/perspetivaatual.pt\/index.php\/wp-json\/wp\/v2\/tags?post=5018"}],"curies":[{"name":"wp","href":"https:\/\/api.w.org\/{rel}","templated":true}]}}